{"id":21655,"date":"2016-08-22T08:00:57","date_gmt":"2016-08-22T11:00:57","guid":{"rendered":"http:\/\/rioonwatch.org.br\/?p=21655"},"modified":"2025-11-03T09:50:36","modified_gmt":"2025-11-03T12:50:36","slug":"horto-historia-com-raiz","status":"publish","type":"post","link":"https:\/\/rioonwatch.org.br\/?p=21655","title":{"rendered":"Horto: Hist\u00f3ria que Tem Raiz"},"content":{"rendered":"<p style=\"text-align: right;\"><em><strong><a href=\"http:\/\/bit.ly\/29bDIsr\" target=\"_blank\" rel=\"noopener\">Click Here for English<img decoding=\"async\" width=\"20\" height=\"20\" class=\"alignright wp-image-15790\" src=\"http:\/\/rioonwatch.org.br\/wp-content\/uploads\/2012\/08\/EN-standard-e1439583104716.jpg\" alt=\"\" \/><\/a><\/strong><\/em><\/p>\n<p>Localizada \u00e0 sombra do Cristo Redentor, a comunidade do <a href=\"http:\/\/bit.ly\/11b2TzL\" target=\"_blank\" rel=\"noopener\">Horto<\/a>, na <a href=\"http:\/\/bit.ly\/1mNsDyk\" target=\"_blank\" rel=\"noopener\">Zona Sul<\/a> do Rio foi fundada por trabalhadores do Jardim Bot\u00e2nico&#8211;estabelecido em 1808&#8211;que receberam permiss\u00e3o para se assentarem no terreno adjacente ao parque com suas fam\u00edlias.<\/p>\n<p>No entanto, a hist\u00f3ria da comunidade n\u00e3o se inicia a\u00ed. As primeiras pessoas a viverem permanentemente na \u00e1rea eram escravos ind\u00edgenas do s\u00e9culo 16, que foram usados como m\u00e3o de obra nas planta\u00e7\u00f5es vizinhas. Infelizmente, historiadores ainda n\u00e3o t\u00eam informa\u00e7\u00f5es se a terra foi colonizada por \u00edndios brasileiros antes mesmo do per\u00edodo colonial.<\/p>\n<p>Emerson de Sousa, coordenador do <a href=\"http:\/\/bit.ly\/1Vpv7n2\" target=\"_blank\" rel=\"noopener\">Museu do Horto<\/a>, mostra aos visitantes a constru\u00e7\u00e3o sobrevivente mais antiga no Horto, constru\u00edda por escravos ind\u00edgenas. As estimativas sugerem que a edifica\u00e7\u00e3o \u00e9 datada da primeira <a href=\"http:\/\/bit.ly\/1TXK9xy\" target=\"_blank\" rel=\"noopener\">planta\u00e7\u00e3o de cana-de-a\u00e7\u00facar<\/a>\u00a0na \u00e1rea, cujo plantio se deu em 1575.<\/p>\n<p><a href=\"http:\/\/rioonwatch.org.br\/wp-content\/uploads\/2016\/08\/IMG_3917.jpg\"><img fetchpriority=\"high\" decoding=\"async\" class=\"aligncenter wp-image-21662 size-content\" title=\"A constru\u00e7\u00e3o mais antiga do Horto\" src=\"http:\/\/rioonwatch.org.br\/wp-content\/uploads\/2016\/08\/IMG_3917-620x264.jpg\" alt=\"IMG_3917\" width=\"620\" height=\"264\" srcset=\"https:\/\/rioonwatch.org.br\/wp-content\/uploads\/2016\/08\/IMG_3917-620x264.jpg 620w, https:\/\/rioonwatch.org.br\/wp-content\/uploads\/2016\/08\/IMG_3917-940x400.jpg 940w\" sizes=\"(max-width: 620px) 100vw, 620px\" \/><\/a><\/p>\n<p>Emerson tamb\u00e9m chama a aten\u00e7\u00e3o dos\u00a0 visitantes para um livro de grande import\u00e2ncia para a comunidade, publicado em 2005 e intitulado <em>Cacos de Mem\u00f3ria &#8211; experi\u00eancias e desejos na (re)constru\u00e7\u00e3o do lugar: o Horto Florestal no Rio de Janeiro.<\/em><\/p>\n<p>Em 2001, como parte de um projeto colaborativo chamado <a href=\"http:\/\/bit.ly\/217uHku\" target=\"_blank\" rel=\"noopener\"><i><span style=\"font-weight: 400;\">Nossa Hist\u00f3ria<\/span><\/i><\/a>, em conjunto com a ONG Ler e Agir, moradores do Horto deram in\u00edcio ao\u00a0 processo de revitaliza\u00e7\u00e3o do papel hist\u00f3rico da comunidade para os dias de hoje. Aulas de hist\u00f3ria oral foram ministradas para os jovens na comunidade, e de posse desse conhecimento, eles entrevistaram alguns membros mais antigos da comunidade, em um esfor\u00e7o para a reconstru\u00e7\u00e3o do conhecimento e para dar visibilidade \u00e0 cultura local.<\/p>\n<p>O projeto resultou em um <a href=\"http:\/\/bit.ly\/1UzRYXB\" target=\"_blank\" rel=\"noopener\">document\u00e1rio<\/a> e o livro<em> Cacos de Mem\u00f3ria,<\/em> que cont\u00e9m depoimentos e mem\u00f3rias de\u00a030 entre os moradores mais antigos do Horto. Abaixo, uma amostra das cita\u00e7\u00f5es do livro, demonstram a vivacidade do conhecimento hist\u00f3rico, tanto recente quanto antigo, entre os moradores mais velhos e os jovens que os entrevistaram.<\/p>\n<p><a href=\"http:\/\/rioonwatch.org.br\/wp-content\/uploads\/2016\/08\/fotos-moradores-004.jpg\"><img decoding=\"async\" class=\"aligncenter wp-image-21663 size-content\" title=\"Documentos provam a hist\u00f3ria da comunidade. Imagem: Museu do Horto\" src=\"http:\/\/rioonwatch.org.br\/wp-content\/uploads\/2016\/08\/fotos-moradores-004-620x264.jpg\" alt=\"fotos-moradores-004\" width=\"620\" height=\"264\" \/><\/a><\/p>\n<p>Cita\u00e7\u00f5es do livro demonstram que as origens dos escravos no bairro visivelmente ainda influenciam a vida di\u00e1ria.<\/p>\n<blockquote><p><span style=\"font-weight: 400;\">\u201cIsso aqui [Morro das Margaridas] antigamente era tipo uma senzala. A casa aqui se chamava senzala, que \u00e9 aquela casa alta ali onde eu morei. Aqui era uma casa s\u00f3 dividida. Os funcion\u00e1rios precisaram morar mais perto do trabalho a\u00ed dividiram a casa para quatro, cinco fam\u00edlias de funcion\u00e1rios.<\/span><i>&#8221;\u00a0<\/i><span style=\"font-weight: 400;\">&#8211;\u00a0Sr. Paulo Antunes da Fonseca, 60 anos.<\/span><\/p><\/blockquote>\n<blockquote><p><span style=\"font-weight: 400;\">\u201cAqui em casa sempre fomos tratados a base de ervas. Qualquer problema no f\u00edgado ou na barriga, mam\u00e3e sempre sabia uma ervinha para usar, e isso foi passando, passado para mim. Quando estou com algum problema no f\u00edgado n\u00e3o pense que vou tomar medicamentos alop\u00e1ticos. Eu vou tomar boldo. Tem muita gente que me procura, a\u00ed eu receito. Pego cana do brejo, quebra-pedra, eles tomam o ch\u00e1 e ficam bons. Tem tudo aqui, muitas das que a gente usa, foram trazidas pelos <a href=\"http:\/\/glo.bo\/1acKVUO\" target=\"_blank\" rel=\"noopener\">escravos da \u00c1frica<\/a>. Eles trouxeram sementes da \u00c1frica e foram espalhando por aqui. Tem muitas plantas que s\u00e3o de origem africana.<\/span>&#8221;\u00a0<span style=\"font-weight: 400;\">&#8211; Sr. Ismael Rego de Carvalho, 66 anos.<\/span><\/p><\/blockquote>\n<p><a href=\"http:\/\/rioonwatch.org.br\/wp-content\/uploads\/2016\/08\/IMG_3897.jpg\"><img loading=\"lazy\" decoding=\"async\" class=\"aligncenter wp-image-21665 size-content\" title=\"&quot;Respeite o Meio Ambiente, Voc\u00ea Faz Parte Dele&quot;. Placa no Horto\" src=\"http:\/\/rioonwatch.org.br\/wp-content\/uploads\/2016\/08\/IMG_3897-620x264.jpg\" alt=\"IMG_3897\" width=\"620\" height=\"264\" srcset=\"https:\/\/rioonwatch.org.br\/wp-content\/uploads\/2016\/08\/IMG_3897-620x264.jpg 620w, https:\/\/rioonwatch.org.br\/wp-content\/uploads\/2016\/08\/IMG_3897-940x400.jpg 940w\" sizes=\"(max-width: 620px) 100vw, 620px\" \/><\/a><\/p>\n<p>Ap\u00f3s o curto per\u00edodo de planta\u00e7\u00e3o de cana-de-a\u00e7\u00facar, a terra foi ocupada por uma f\u00e1brica de p\u00f3lvora antes do Jardim Bot\u00e2nico dar permiss\u00e3o aos seus trabalhadores para constru\u00edrem suas casas, na \u00e1rea que hoje \u00e9 a comunidade do Horto, para que eles e suas fam\u00edlias pudessem viver mais perto de seu local de trabalho.<\/p>\n<blockquote><p>\u201cO processo de ocupa\u00e7\u00e3o, aqui no Horto, foi do pr\u00f3prio diretor do Jardim Bot\u00e2nico que botou o pessoal pra morar aqui. Aqui s\u00f3 morava funcion\u00e1rio, s\u00f3 funcion\u00e1rio. Houve uma tempestade que derrubou os eucaliptos que existiam no Caxinguel\u00ea. Ent\u00e3o, foi onde os pr\u00f3prios funcion\u00e1rios tiraram aquela madeira toda. O diretor mandou levar as toras para o Jardim Bot\u00e2nico e deu madeira pra todo mundo fazer suas casas. [&#8230;] E foi onde o pr\u00f3prio diretor deu moradia. Ningu\u00e9m invadiu aqui.&#8221;\u00a0<span style=\"font-weight: 400;\">&#8211;\u00a0Sra. Elza Maria de Souza, 73 anos<\/span><\/p><\/blockquote>\n<p><a href=\"http:\/\/rioonwatch.org.br\/wp-content\/uploads\/2016\/08\/IMG_3936.jpg\"><img loading=\"lazy\" decoding=\"async\" class=\"aligncenter wp-image-21666 size-content\" title=\"&quot;A m\u00eddia Insiste em Cham\u00e1-los de Invasores!&quot; Faixa de protesto no port\u00e3o da comunidade do Horto\" src=\"http:\/\/rioonwatch.org.br\/wp-content\/uploads\/2016\/08\/IMG_3936-620x264.jpg\" alt=\"IMG_3936\" width=\"620\" height=\"264\" srcset=\"https:\/\/rioonwatch.org.br\/wp-content\/uploads\/2016\/08\/IMG_3936-620x264.jpg 620w, https:\/\/rioonwatch.org.br\/wp-content\/uploads\/2016\/08\/IMG_3936-940x400.jpg 940w\" sizes=\"(max-width: 620px) 100vw, 620px\" \/><\/a><\/p>\n<p>A comunidade do Horto tamb\u00e9m tem fortes ra\u00edzes musicais, e muitos moradores se lembram da tradi\u00e7\u00e3o do\u00a0<a href=\"http:\/\/bit.ly\/1vkJH32\" target=\"_blank\" rel=\"noopener\">samba tocado por membros da comunidade<\/a>, especialmente em blocos de carnaval.<\/p>\n<blockquote><p>\u201cAqui, no carnaval t\u00ednhamos blocos rivais, onde as pessoas do Horto n\u00e3o entravam no Balan\u00e7a e vice versa, por causa do bloco. Era muito rivalidade, uma coisa igual a Vasco e Flamengo. Mas n\u00e3o havia briga, havia discuss\u00e3o por causa do samba, se um estava mais bonito que outro. Sempre tivemos esse conv\u00edvio gostoso de samba com as pessoas. As pessoas levavam muito a s\u00e9rio essa coisa de carnaval.\u201d\u00a0<span style=\"font-weight: 400;\">&#8211;\u00a0Sr. Bernardo Marcello de Sousa, 82 anos<\/span><\/p><\/blockquote>\n<p>Infelizmente, como muitas favelas no Rio, o Horto tem enfrentado amea\u00e7as de remo\u00e7\u00e3o <a href=\"http:\/\/bit.ly\/12lVeS2\" target=\"_blank\" rel=\"noopener\">ao longo dos anos<\/a>. Um morador se lembra do Sr. Luighi Schicarino (Lili), a primeira pessoa na comunidade a combater a amea\u00e7a de remo\u00e7\u00e3o, quando a constru\u00e7\u00e3o de um condom\u00ednio estava planejada para a \u00e1rea na d\u00e9cada de 1960.<\/p>\n<blockquote><p>\u201cSe n\u00e3o fosse o Lili n\u00e3o estava ningu\u00e9m morando aqui. Lili foi o que tomou a frente, impedindo que isso aqui fosse derrubado. Eu n\u00e3o sei como ele conseguia impedir essas coisas. Nunca participei de nada. Eu sei que ele ajudava. Havia gente que n\u00e3o pagava imposto, e ele pagava para o pessoal.\u201d\u00a0<span style=\"line-height: 1.5;\">&#8211;\u00a0Sra. Ruth Batista de Almeida, 76 anos<\/span><\/p><\/blockquote>\n<p><a href=\"http:\/\/rioonwatch.org.br\/wp-content\/uploads\/2016\/08\/image-8.jpeg\"><img loading=\"lazy\" decoding=\"async\" class=\"aligncenter wp-image-21667 size-content\" title=\"Entrada do jardim Bot\u00e2nico\" src=\"http:\/\/rioonwatch.org.br\/wp-content\/uploads\/2016\/08\/image-8-620x264.jpeg\" alt=\"image-8\" width=\"620\" height=\"264\" \/><\/a><\/p>\n<p>A atual <a href=\"http:\/\/bit.ly\/1TKfCB9\" target=\"_blank\" rel=\"noopener\">Associa\u00e7\u00e3o de Moradores do Horto<\/a>, fundada em 1982, continua com a luta de resist\u00eancia da comunidade contra \u00e0 remo\u00e7\u00e3o.<\/p>\n<blockquote><p><span style=\"font-weight: 400;\">\u201c<\/span>O que marca a gente agora, \u00e9 essa loucura. Eles ficam querendo colocar as pessoas na rua. Ficam fazendo esta safadeza, dizendo que somos posseiros. Gente que mora aqui h\u00e1 quase 100 anos. Isso \u00e9 que prejudica. Ah, voc\u00ea fica preocupada! Acho uma injusti\u00e7a social muito grande tirar as pessoas que est\u00e3o no seu lugar, no seu habitat e jogar pra qualquer canto. \u00c9 horr\u00edvel isso!\u201d\u00a0<span style=\"font-weight: 400;\">&#8211;\u00a0Sra. Cec\u00edlia da Rocha, 70 anos de idade<\/span><\/p><\/blockquote>\n<p>O <a href=\"http:\/\/bit.ly\/16nL7Yz\" target=\"_blank\" rel=\"noopener\">Museu do Horto<\/a> recolheu documentos hist\u00f3ricos para construir evid\u00eancias de que moradores da comunidade t\u00eam o direito de viver em suas casas, um direito que eles mant\u00eam desde 1800.<\/p>\n<p>Apesar disso, o futuro da comunidade permanece incerto. Em mar\u00e7o deste ano, a ministra do Meio Ambiente, Izabella Teixeira, juntamente com o Presidente do Jardim Bot\u00e2nico, <a href=\"http:\/\/bit.ly\/1TkpqW4\" target=\"_blank\" rel=\"noopener\">anunciaram a remo\u00e7\u00e3o<\/a> de 130 fam\u00edlias do Horto, supostamente\u00a0para expandir a \u00e1rea do Instituto de Pesquisas Jardim Bot\u00e2nico. Mais recentemente, na semana passada, o Tribunal de Contas da Uni\u00e3o (TCU) <a href=\"http:\/\/bit.ly\/2bAaCSA\" target=\"_blank\" rel=\"noopener\">deu 90 dias para que o Jardim Bot\u00e2nico removesse a comunidade<\/a>.<\/p>\n<p>No entanto, a comunidade est\u00e1 determinada a <a href=\"http:\/\/bit.ly\/1TkpqW4\" target=\"_blank\" rel=\"noopener\">lutar contra a remo\u00e7\u00e3o<\/a>, como tem feito desde os anos 1960.<\/p>\n<p><a href=\"http:\/\/rioonwatch.org.br\/wp-content\/uploads\/2016\/08\/IMG_3844-620x264.jpg\"><img loading=\"lazy\" decoding=\"async\" class=\"aligncenter size-full wp-image-21668\" src=\"http:\/\/rioonwatch.org.br\/wp-content\/uploads\/2016\/08\/IMG_3844-620x264.jpg\" alt=\"IMG_3844-620x264\" width=\"620\" height=\"264\" \/><\/a><\/p>\n<p>O slogan &#8220;Horto: Hist\u00f3ria que tem raiz&#8221; foi bastante vis\u00edvel em um dos <a href=\"http:\/\/bit.ly\/1W4iPzp\" target=\"_blank\" rel=\"noopener\">protestos recentes<\/a> da comunidade. A comunidade continua empenhada em celebrar sua hist\u00f3ria \u00fanica e utilizar este forte sentimento de heran\u00e7a e direitos hist\u00f3ricos como uma ferramenta na luta contra a remo\u00e7\u00e3o.<\/p>\n<!-- AddThis Advanced Settings generic via filter on the_content --><!-- AddThis Share Buttons generic via filter on the_content -->","protected":false},"excerpt":{"rendered":"<div class=\"mh-excerpt\"><p>Click Here for English Localizada \u00e0 sombra do Cristo Redentor, a comunidade do Horto, na Zona Sul do Rio foi fundada por trabalhadores do Jardim Bot\u00e2nico&#8211;estabelecido em 1808&#8211;que receberam permiss\u00e3o para se assentarem no terreno <a class=\"mh-excerpt-more\" href=\"https:\/\/rioonwatch.org.br\/?p=21655\" title=\"Horto: Hist\u00f3ria que Tem Raiz\">[&#8230;]<\/a><!-- AddThis Advanced Settings generic via filter on get_the_excerpt --><!-- AddThis Share Buttons generic via filter on get_the_excerpt --><\/p>\n<\/div>","protected":false},"author":129,"featured_media":21661,"comment_status":"closed","ping_status":"closed","sticky":false,"template":"","format":"standard","meta":{"_acf_changed":false,"_monsterinsights_skip_tracking":false,"_monsterinsights_sitenote_active":false,"_monsterinsights_sitenote_note":"","_monsterinsights_sitenote_category":0,"footnotes":""},"categories":[1614,1621,1615,346,1626,1616,1612],"tags":[655,214,81,421,514,128,733,734,469,1304,1111,1191,358,763,14,432,650,1308,375],"writer":[1798],"translator":[1922],"source":[],"ilustrador":[],"fotografo":[],"class_list":{"0":"post-21655","1":"post","2":"type-post","3":"status-publish","4":"format-standard","5":"has-post-thumbnail","7":"category-olhonasremocoes","8":"category-destaque","9":"category-cultura-da-favela","10":"category-denuncias","11":"category-por-observadores-internacionais","12":"category-qualidades-da-favela","13":"category-sociedade-civil","14":"tag-associacao-de-moradores","15":"tag-carnaval","16":"tag-cultura","17":"tag-cultura-da-favela","18":"tag-escravidao","19":"tag-historia","20":"tag-horto","21":"tag-jardim-botanico","22":"tag-memoria","23":"tag-organizacao-criativa","24":"tag-museu","25":"tag-museu-do-horto","26":"tag-organizacao-comunitaria","27":"tag-protesto","28":"tag-remocao","29":"tag-resistencia","30":"tag-samba","31":"tag-taticas-de-organizacao","32":"tag-terceira-idade","33":"writer-rhona-mackay","34":"translator-andrea-goodall"},"acf":[],"yoast_head":"<!-- This site is optimized with the Yoast SEO plugin v25.6 - https:\/\/yoast.com\/wordpress\/plugins\/seo\/ -->\n<title>Horto: Hist\u00f3ria que Tem Raiz - RioOnWatch<\/title>\n<meta name=\"robots\" content=\"index, follow, max-snippet:-1, max-image-preview:large, max-video-preview:-1\" \/>\n<link rel=\"canonical\" href=\"https:\/\/rioonwatch.org.br\/?p=21655\" \/>\n<meta property=\"og:locale\" content=\"pt_BR\" \/>\n<meta property=\"og:type\" content=\"article\" \/>\n<meta property=\"og:title\" content=\"Horto: Hist\u00f3ria que Tem Raiz - RioOnWatch\" \/>\n<meta property=\"og:description\" content=\"Click Here for English Localizada \u00e0 sombra do Cristo Redentor, a comunidade do Horto, na Zona Sul do Rio foi fundada por trabalhadores do Jardim Bot\u00e2nico&#8211;estabelecido em 1808&#8211;que receberam permiss\u00e3o para se assentarem no terreno [...]\" \/>\n<meta property=\"og:url\" content=\"https:\/\/rioonwatch.org.br\/?p=21655\" \/>\n<meta property=\"og:site_name\" content=\"RioOnWatch\" \/>\n<meta property=\"article:published_time\" content=\"2016-08-22T11:00:57+00:00\" \/>\n<meta property=\"article:modified_time\" content=\"2025-11-03T12:50:36+00:00\" \/>\n<meta property=\"og:image\" content=\"https:\/\/rioonwatch.org.br\/wp-content\/uploads\/2016\/08\/IMG_3808-scaled.jpg\" \/>\n\t<meta property=\"og:image:width\" content=\"2560\" \/>\n\t<meta property=\"og:image:height\" content=\"1920\" \/>\n\t<meta property=\"og:image:type\" content=\"image\/jpeg\" \/>\n<meta name=\"author\" content=\"Admin\" \/>\n<meta name=\"twitter:card\" content=\"summary_large_image\" \/>\n<meta name=\"twitter:label1\" content=\"Escrito por\" \/>\n\t<meta name=\"twitter:data1\" content=\"Admin\" \/>\n\t<meta name=\"twitter:label2\" content=\"Est. tempo de leitura\" \/>\n\t<meta name=\"twitter:data2\" content=\"6 minutos\" \/>\n<script type=\"application\/ld+json\" class=\"yoast-schema-graph\">{\"@context\":\"https:\/\/schema.org\",\"@graph\":[{\"@type\":\"Article\",\"@id\":\"https:\/\/rioonwatch.org.br\/?p=21655#article\",\"isPartOf\":{\"@id\":\"https:\/\/rioonwatch.org.br\/?p=21655\"},\"author\":{\"name\":\"Admin\",\"@id\":\"https:\/\/rioonwatch.org.br\/#\/schema\/person\/11d64c290506f9df50c71b850c473f68\"},\"headline\":\"Horto: Hist\u00f3ria que Tem Raiz\",\"datePublished\":\"2016-08-22T11:00:57+00:00\",\"dateModified\":\"2025-11-03T12:50:36+00:00\",\"mainEntityOfPage\":{\"@id\":\"https:\/\/rioonwatch.org.br\/?p=21655\"},\"wordCount\":1203,\"publisher\":{\"@id\":\"https:\/\/rioonwatch.org.br\/#organization\"},\"image\":{\"@id\":\"https:\/\/rioonwatch.org.br\/?p=21655#primaryimage\"},\"thumbnailUrl\":\"https:\/\/rioonwatch.org.br\/wp-content\/uploads\/2016\/08\/IMG_3808-scaled.jpg\",\"keywords\":[\"Associa\u00e7\u00e3o de Moradores\",\"carnaval\",\"cultura\",\"cultura da favela\",\"escravid\u00e3o\",\"hist\u00f3ria\",\"Horto\",\"Jardim Bot\u00e2nico\",\"Mem\u00f3rias Faveladas\",\"mobiliza\u00e7\u00e3o criativa\",\"museu\",\"Museu do Horto\",\"organiza\u00e7\u00e3o comunit\u00e1ria\",\"protesto\",\"Remo\u00e7\u00e3o\",\"resist\u00eancia\",\"samba\",\"t\u00e1ticas de organiza\u00e7\u00e3o\",\"terceira idade\"],\"articleSection\":[\"#OlhoNasRemo\u00e7\u00f5es\",\"*Destaque\",\"Cultura da Favela\",\"Den\u00fancias\",\"Escrito por Aliados\",\"Qualidades da Favela\",\"Sociedade Civil\"],\"inLanguage\":\"pt-BR\"},{\"@type\":\"WebPage\",\"@id\":\"https:\/\/rioonwatch.org.br\/?p=21655\",\"url\":\"https:\/\/rioonwatch.org.br\/?p=21655\",\"name\":\"Horto: Hist\u00f3ria que Tem Raiz - RioOnWatch\",\"isPartOf\":{\"@id\":\"https:\/\/rioonwatch.org.br\/#website\"},\"primaryImageOfPage\":{\"@id\":\"https:\/\/rioonwatch.org.br\/?p=21655#primaryimage\"},\"image\":{\"@id\":\"https:\/\/rioonwatch.org.br\/?p=21655#primaryimage\"},\"thumbnailUrl\":\"https:\/\/rioonwatch.org.br\/wp-content\/uploads\/2016\/08\/IMG_3808-scaled.jpg\",\"datePublished\":\"2016-08-22T11:00:57+00:00\",\"dateModified\":\"2025-11-03T12:50:36+00:00\",\"breadcrumb\":{\"@id\":\"https:\/\/rioonwatch.org.br\/?p=21655#breadcrumb\"},\"inLanguage\":\"pt-BR\",\"potentialAction\":[{\"@type\":\"ReadAction\",\"target\":[\"https:\/\/rioonwatch.org.br\/?p=21655\"]}]},{\"@type\":\"ImageObject\",\"inLanguage\":\"pt-BR\",\"@id\":\"https:\/\/rioonwatch.org.br\/?p=21655#primaryimage\",\"url\":\"https:\/\/rioonwatch.org.br\/wp-content\/uploads\/2016\/08\/IMG_3808-scaled.jpg\",\"contentUrl\":\"https:\/\/rioonwatch.org.br\/wp-content\/uploads\/2016\/08\/IMG_3808-scaled.jpg\",\"width\":2560,\"height\":1920},{\"@type\":\"BreadcrumbList\",\"@id\":\"https:\/\/rioonwatch.org.br\/?p=21655#breadcrumb\",\"itemListElement\":[{\"@type\":\"ListItem\",\"position\":1,\"name\":\"In\u00edcio\",\"item\":\"https:\/\/rioonwatch.org.br\/\"},{\"@type\":\"ListItem\",\"position\":2,\"name\":\"Horto: Hist\u00f3ria que Tem Raiz\"}]},{\"@type\":\"WebSite\",\"@id\":\"https:\/\/rioonwatch.org.br\/#website\",\"url\":\"https:\/\/rioonwatch.org.br\/\",\"name\":\"RioOnWatch\",\"description\":\"relatos das favelas cariocas\",\"publisher\":{\"@id\":\"https:\/\/rioonwatch.org.br\/#organization\"},\"potentialAction\":[{\"@type\":\"SearchAction\",\"target\":{\"@type\":\"EntryPoint\",\"urlTemplate\":\"https:\/\/rioonwatch.org.br\/?s={search_term_string}\"},\"query-input\":{\"@type\":\"PropertyValueSpecification\",\"valueRequired\":true,\"valueName\":\"search_term_string\"}}],\"inLanguage\":\"pt-BR\"},{\"@type\":\"Organization\",\"@id\":\"https:\/\/rioonwatch.org.br\/#organization\",\"name\":\"RioOnWatch\",\"url\":\"https:\/\/rioonwatch.org.br\/\",\"logo\":{\"@type\":\"ImageObject\",\"inLanguage\":\"pt-BR\",\"@id\":\"https:\/\/rioonwatch.org.br\/#\/schema\/logo\/image\/\",\"url\":\"https:\/\/rioonwatch.org.br\/wp-content\/uploads\/2021\/06\/RioOnWatchcabecalhoPT11anos-2.png\",\"contentUrl\":\"https:\/\/rioonwatch.org.br\/wp-content\/uploads\/2021\/06\/RioOnWatchcabecalhoPT11anos-2.png\",\"width\":779,\"height\":277,\"caption\":\"RioOnWatch\"},\"image\":{\"@id\":\"https:\/\/rioonwatch.org.br\/#\/schema\/logo\/image\/\"}},{\"@type\":\"Person\",\"@id\":\"https:\/\/rioonwatch.org.br\/#\/schema\/person\/11d64c290506f9df50c71b850c473f68\",\"name\":\"Admin\",\"image\":{\"@type\":\"ImageObject\",\"inLanguage\":\"pt-BR\",\"@id\":\"https:\/\/rioonwatch.org.br\/#\/schema\/person\/image\/\",\"url\":\"https:\/\/secure.gravatar.com\/avatar\/56211ac74568383903349a1485e3c325?s=96&d=blank&r=g\",\"contentUrl\":\"https:\/\/secure.gravatar.com\/avatar\/56211ac74568383903349a1485e3c325?s=96&d=blank&r=g\",\"caption\":\"Admin\"},\"url\":\"https:\/\/rioonwatch.org.br\/?author=129\"}]}<\/script>\n<!-- \/ Yoast SEO plugin. -->","yoast_head_json":{"title":"Horto: Hist\u00f3ria que Tem Raiz - RioOnWatch","robots":{"index":"index","follow":"follow","max-snippet":"max-snippet:-1","max-image-preview":"max-image-preview:large","max-video-preview":"max-video-preview:-1"},"canonical":"https:\/\/rioonwatch.org.br\/?p=21655","og_locale":"pt_BR","og_type":"article","og_title":"Horto: Hist\u00f3ria que Tem Raiz - RioOnWatch","og_description":"Click Here for English Localizada \u00e0 sombra do Cristo Redentor, a comunidade do Horto, na Zona Sul do Rio foi fundada por trabalhadores do Jardim Bot\u00e2nico&#8211;estabelecido em 1808&#8211;que receberam permiss\u00e3o para se assentarem no terreno [...]","og_url":"https:\/\/rioonwatch.org.br\/?p=21655","og_site_name":"RioOnWatch","article_published_time":"2016-08-22T11:00:57+00:00","article_modified_time":"2025-11-03T12:50:36+00:00","og_image":[{"width":2560,"height":1920,"url":"https:\/\/rioonwatch.org.br\/wp-content\/uploads\/2016\/08\/IMG_3808-scaled.jpg","type":"image\/jpeg"}],"author":"Admin","twitter_card":"summary_large_image","twitter_misc":{"Escrito por":"Admin","Est. tempo de leitura":"6 minutos"},"schema":{"@context":"https:\/\/schema.org","@graph":[{"@type":"Article","@id":"https:\/\/rioonwatch.org.br\/?p=21655#article","isPartOf":{"@id":"https:\/\/rioonwatch.org.br\/?p=21655"},"author":{"name":"Admin","@id":"https:\/\/rioonwatch.org.br\/#\/schema\/person\/11d64c290506f9df50c71b850c473f68"},"headline":"Horto: Hist\u00f3ria que Tem Raiz","datePublished":"2016-08-22T11:00:57+00:00","dateModified":"2025-11-03T12:50:36+00:00","mainEntityOfPage":{"@id":"https:\/\/rioonwatch.org.br\/?p=21655"},"wordCount":1203,"publisher":{"@id":"https:\/\/rioonwatch.org.br\/#organization"},"image":{"@id":"https:\/\/rioonwatch.org.br\/?p=21655#primaryimage"},"thumbnailUrl":"https:\/\/rioonwatch.org.br\/wp-content\/uploads\/2016\/08\/IMG_3808-scaled.jpg","keywords":["Associa\u00e7\u00e3o de Moradores","carnaval","cultura","cultura da favela","escravid\u00e3o","hist\u00f3ria","Horto","Jardim Bot\u00e2nico","Mem\u00f3rias Faveladas","mobiliza\u00e7\u00e3o criativa","museu","Museu do Horto","organiza\u00e7\u00e3o comunit\u00e1ria","protesto","Remo\u00e7\u00e3o","resist\u00eancia","samba","t\u00e1ticas de organiza\u00e7\u00e3o","terceira idade"],"articleSection":["#OlhoNasRemo\u00e7\u00f5es","*Destaque","Cultura da Favela","Den\u00fancias","Escrito por Aliados","Qualidades da Favela","Sociedade Civil"],"inLanguage":"pt-BR"},{"@type":"WebPage","@id":"https:\/\/rioonwatch.org.br\/?p=21655","url":"https:\/\/rioonwatch.org.br\/?p=21655","name":"Horto: Hist\u00f3ria que Tem Raiz - RioOnWatch","isPartOf":{"@id":"https:\/\/rioonwatch.org.br\/#website"},"primaryImageOfPage":{"@id":"https:\/\/rioonwatch.org.br\/?p=21655#primaryimage"},"image":{"@id":"https:\/\/rioonwatch.org.br\/?p=21655#primaryimage"},"thumbnailUrl":"https:\/\/rioonwatch.org.br\/wp-content\/uploads\/2016\/08\/IMG_3808-scaled.jpg","datePublished":"2016-08-22T11:00:57+00:00","dateModified":"2025-11-03T12:50:36+00:00","breadcrumb":{"@id":"https:\/\/rioonwatch.org.br\/?p=21655#breadcrumb"},"inLanguage":"pt-BR","potentialAction":[{"@type":"ReadAction","target":["https:\/\/rioonwatch.org.br\/?p=21655"]}]},{"@type":"ImageObject","inLanguage":"pt-BR","@id":"https:\/\/rioonwatch.org.br\/?p=21655#primaryimage","url":"https:\/\/rioonwatch.org.br\/wp-content\/uploads\/2016\/08\/IMG_3808-scaled.jpg","contentUrl":"https:\/\/rioonwatch.org.br\/wp-content\/uploads\/2016\/08\/IMG_3808-scaled.jpg","width":2560,"height":1920},{"@type":"BreadcrumbList","@id":"https:\/\/rioonwatch.org.br\/?p=21655#breadcrumb","itemListElement":[{"@type":"ListItem","position":1,"name":"In\u00edcio","item":"https:\/\/rioonwatch.org.br\/"},{"@type":"ListItem","position":2,"name":"Horto: Hist\u00f3ria que Tem Raiz"}]},{"@type":"WebSite","@id":"https:\/\/rioonwatch.org.br\/#website","url":"https:\/\/rioonwatch.org.br\/","name":"RioOnWatch","description":"relatos das favelas cariocas","publisher":{"@id":"https:\/\/rioonwatch.org.br\/#organization"},"potentialAction":[{"@type":"SearchAction","target":{"@type":"EntryPoint","urlTemplate":"https:\/\/rioonwatch.org.br\/?s={search_term_string}"},"query-input":{"@type":"PropertyValueSpecification","valueRequired":true,"valueName":"search_term_string"}}],"inLanguage":"pt-BR"},{"@type":"Organization","@id":"https:\/\/rioonwatch.org.br\/#organization","name":"RioOnWatch","url":"https:\/\/rioonwatch.org.br\/","logo":{"@type":"ImageObject","inLanguage":"pt-BR","@id":"https:\/\/rioonwatch.org.br\/#\/schema\/logo\/image\/","url":"https:\/\/rioonwatch.org.br\/wp-content\/uploads\/2021\/06\/RioOnWatchcabecalhoPT11anos-2.png","contentUrl":"https:\/\/rioonwatch.org.br\/wp-content\/uploads\/2021\/06\/RioOnWatchcabecalhoPT11anos-2.png","width":779,"height":277,"caption":"RioOnWatch"},"image":{"@id":"https:\/\/rioonwatch.org.br\/#\/schema\/logo\/image\/"}},{"@type":"Person","@id":"https:\/\/rioonwatch.org.br\/#\/schema\/person\/11d64c290506f9df50c71b850c473f68","name":"Admin","image":{"@type":"ImageObject","inLanguage":"pt-BR","@id":"https:\/\/rioonwatch.org.br\/#\/schema\/person\/image\/","url":"https:\/\/secure.gravatar.com\/avatar\/56211ac74568383903349a1485e3c325?s=96&d=blank&r=g","contentUrl":"https:\/\/secure.gravatar.com\/avatar\/56211ac74568383903349a1485e3c325?s=96&d=blank&r=g","caption":"Admin"},"url":"https:\/\/rioonwatch.org.br\/?author=129"}]}},"_links":{"self":[{"href":"https:\/\/rioonwatch.org.br\/index.php?rest_route=\/wp\/v2\/posts\/21655"}],"collection":[{"href":"https:\/\/rioonwatch.org.br\/index.php?rest_route=\/wp\/v2\/posts"}],"about":[{"href":"https:\/\/rioonwatch.org.br\/index.php?rest_route=\/wp\/v2\/types\/post"}],"author":[{"embeddable":true,"href":"https:\/\/rioonwatch.org.br\/index.php?rest_route=\/wp\/v2\/users\/129"}],"replies":[{"embeddable":true,"href":"https:\/\/rioonwatch.org.br\/index.php?rest_route=%2Fwp%2Fv2%2Fcomments&post=21655"}],"version-history":[{"count":18,"href":"https:\/\/rioonwatch.org.br\/index.php?rest_route=\/wp\/v2\/posts\/21655\/revisions"}],"predecessor-version":[{"id":79931,"href":"https:\/\/rioonwatch.org.br\/index.php?rest_route=\/wp\/v2\/posts\/21655\/revisions\/79931"}],"wp:featuredmedia":[{"embeddable":true,"href":"https:\/\/rioonwatch.org.br\/index.php?rest_route=\/wp\/v2\/media\/21661"}],"wp:attachment":[{"href":"https:\/\/rioonwatch.org.br\/index.php?rest_route=%2Fwp%2Fv2%2Fmedia&parent=21655"}],"wp:term":[{"taxonomy":"category","embeddable":true,"href":"https:\/\/rioonwatch.org.br\/index.php?rest_route=%2Fwp%2Fv2%2Fcategories&post=21655"},{"taxonomy":"post_tag","embeddable":true,"href":"https:\/\/rioonwatch.org.br\/index.php?rest_route=%2Fwp%2Fv2%2Ftags&post=21655"},{"taxonomy":"writer","embeddable":true,"href":"https:\/\/rioonwatch.org.br\/index.php?rest_route=%2Fwp%2Fv2%2Fwriter&post=21655"},{"taxonomy":"translator","embeddable":true,"href":"https:\/\/rioonwatch.org.br\/index.php?rest_route=%2Fwp%2Fv2%2Ftranslator&post=21655"},{"taxonomy":"source","embeddable":true,"href":"https:\/\/rioonwatch.org.br\/index.php?rest_route=%2Fwp%2Fv2%2Fsource&post=21655"},{"taxonomy":"ilustrador","embeddable":true,"href":"https:\/\/rioonwatch.org.br\/index.php?rest_route=%2Fwp%2Fv2%2Filustrador&post=21655"},{"taxonomy":"fotografo","embeddable":true,"href":"https:\/\/rioonwatch.org.br\/index.php?rest_route=%2Fwp%2Fv2%2Ffotografo&post=21655"}],"curies":[{"name":"wp","href":"https:\/\/api.w.org\/{rel}","templated":true}]}}