{"id":21674,"date":"2016-08-18T10:16:44","date_gmt":"2016-08-18T13:16:44","guid":{"rendered":"http:\/\/rioonwatch.org.br\/?p=21674"},"modified":"2024-06-20T16:26:18","modified_gmt":"2024-06-20T19:26:18","slug":"horto-recebe-notificacao-de-despejo-de-90-dias-justo-quando-grupos-de-defesa-a-moradia-esperavam-paz-apos-as-olimpiadas","status":"publish","type":"post","link":"https:\/\/rioonwatch.org.br\/?p=21674","title":{"rendered":"Horto Recebe Notifica\u00e7\u00e3o de Despejo de 90 Dias, Mantendo Rio Em Ritmo de Remo\u00e7\u00e3o"},"content":{"rendered":"<p style=\"text-align: right;\"><em><strong><a href=\"http:\/\/bit.ly\/2aYAtqt\" target=\"_blank\" rel=\"noopener\">Click Here for English<img decoding=\"async\" width=\"20\" height=\"20\" class=\"alignright wp-image-15790\" src=\"http:\/\/rioonwatch.org.br\/wp-content\/uploads\/2012\/08\/EN-standard-e1439583104716.jpg\" alt=\"\" \/><\/a><\/strong><\/em><\/p>\n<p>Os grupos de defesa do direito \u00e0 moradia esperavam que o in\u00edcio das <a href=\"http:\/\/bit.ly\/PkLXlQ\" target=\"_blank\" rel=\"noopener\">Olimp\u00edadas<\/a> colocaria um ponto final ao <a href=\"http:\/\/bit.ly\/1brTfez\" target=\"_blank\" rel=\"noopener\">doloroso<\/a> e <a href=\"http:\/\/bit.ly\/1Knx3UB\" target=\"_blank\" rel=\"noopener\">fora do comum<\/a> per\u00edodo de remo\u00e7\u00f5es que o Rio tem vivenciado desde que a cidade foi eleita para sediar os Jogos, em outubro de 2009.<\/p>\n<p>Ainda assim, o Tribunal de Contas da Uni\u00e3o\u00a0anunciou na quarta-feira, 10 de agosto, que o Jardim Bot\u00e2nico do Rio ter\u00e1 <a href=\"http:\/\/glo.bo\/2bC3nwG\" target=\"_blank\" rel=\"noopener\">90 dias<\/a> para remover a comunidade do <a href=\"http:\/\/bit.ly\/11b2TzL\" target=\"_blank\" rel=\"noopener\">Horto<\/a>, na Zona Sul do Rio, dando um golpe nos <a href=\"http:\/\/bit.ly\/12lVeS2\" target=\"_blank\" rel=\"noopener\">esfor\u00e7os de longo prazo<\/a> que asseguravam a perman\u00eancia da comunidade. O Tribunal de Contas da Uni\u00e3o (TCU) determinou o per\u00edodo indo contra o parecer dos especialistas, que recomendam um m\u00ednimo de 180 dias para completar o processo. Desde a semana passada o Jardim Bot\u00e2nico n\u00e3o havia prometido nenhuma indeniza\u00e7\u00e3o aos moradores que perder\u00e3o suas casas, apesar das obje\u00e7\u00f5es do Ministro Bruno Dantas, que defendeu que as <a href=\"http:\/\/bit.ly\/X51Qvb\" target=\"_blank\" rel=\"noopener\">remo\u00e7\u00f5es<\/a> n\u00e3o deveriam acontecer antes que fosse fechado um acordo de compensa\u00e7\u00e3o.<\/p>\n<p>Horto, uma comunidade formada por 621 fam\u00edlias, foi fundada h\u00e1 200 anos, quando o Rei Jo\u00e3o VI convidou trabalhadores que constru\u00edram o Jardim Bot\u00e2nico a morarem na propriedade vizinha. Gera\u00e7\u00f5es de empregados do Jardim Bot\u00e2nico t\u00eam vivido no Horto, e muitos deles receberam a moradia em vez do pagamento por seu trabalho. A comunidade enfrentou <a href=\"http:\/\/bit.ly\/12lVeS2\" target=\"_blank\" rel=\"noopener\">diversas tentativas de remo\u00e7\u00e3<\/a>o por parte da comiss\u00e3o dirigente do Jardim Bot\u00e2nico, com amea\u00e7as de remo\u00e7\u00e3o que datam desde os anos 60.<\/p>\n<p>O an\u00fancio da semana passada veio depois de um longo per\u00edodo de incerteza ap\u00f3s a <a href=\"http:\/\/bit.ly\/230MkT1\" target=\"_blank\" rel=\"noopener\">suspens\u00e3o da Presidente Dilma Rousseff<\/a>. Mais de 200 fam\u00edlias entraram com processos contra o Jardim Bot\u00e2nico, um parque nacional, por emitirem notifica\u00e7\u00f5es de despejo no <a href=\"http:\/\/bit.ly\/1TkpqW4\" target=\"_blank\" rel=\"noopener\">in\u00edcio deste ano<\/a>. Uma <a href=\"http:\/\/bit.ly\/1W4iPzp\" target=\"_blank\" rel=\"noopener\">s\u00e9rie de manifesta\u00e7\u00f5es<\/a> em mar\u00e7o levou centenas de moradores e apoiadores da causa a protestar contra a remo\u00e7\u00e3o de v\u00e1rios moradores idosos, o que foi finalmente postergado. O caso est\u00e1 em lit\u00edgio em Bras\u00edlia por meses, mas foi adiado por conta do tumulto pol\u00edtico no governo federal. Os moradores consideravam o governo da Presidente Rousseff como sendo sua melhor chance de resist\u00eancia, j\u00e1 que o governo apoiou os esfor\u00e7os da comunidade.<\/p>\n<p>Ap\u00f3s a posse do presidente interino Temer, o presidente da Associa\u00e7\u00e3o de Moradores e Amigos do Horto (AMAHOR), Emerson de Souza, informou que os moradores t\u00eam tido dificuldade em contatar representantes do governo Temer em rela\u00e7\u00e3o a sua causa. Representantes do Jardim Bot\u00e2nico recusam-se a se comunicar diretamente com os moradores, optando por entregar notifica\u00e7\u00f5es de despejo e atualiza\u00e7\u00f5es atrav\u00e9s de tropas de choque armadas.<\/p>\n<p>Ao mesmo tempo que o Jardim Bot\u00e2nico alega precisar do terreno para <a href=\"http:\/\/bit.ly\/12lVeS2\" target=\"_blank\" rel=\"noopener\">expandir seu instituto de pesquisa<\/a>, os moradores afirmam que est\u00e3o sendo expulsos devido \u00e0 <a href=\"http:\/\/bit.ly\/11tBtBo\" target=\"_blank\" rel=\"noopener\">especula\u00e7\u00e3o imobili\u00e1ria<\/a>. A comunidade est\u00e1 confinada no ascendente Bairro do Jardim Bot\u00e2nico, um bairro elegante salpicado com condom\u00ednios fechados e bistr\u00f4s caros, al\u00e9m da sede da gigante Rede Globo. Os moradores t\u00eam frequentemente criticado a <a href=\"http:\/\/bit.ly\/1VtRpVb\" target=\"_blank\" rel=\"noopener\">Globo<\/a> por seu\u00a0interesse especial na remo\u00e7\u00e3o da comunidade. A Globo informou que a propriedade em que est\u00e1 o Horto est\u00e1 avaliada em <a href=\"http:\/\/glo.bo\/1rXle3W\" target=\"_blank\" rel=\"noopener\">R$10,6 bilh\u00f5es<\/a> e recentemente caracterizou a comunidade em uma manchete como uma \u201cocupa\u00e7\u00e3o irregular\u201d. Alguns executivos da Globo, incluindo o vice presidente do Grupo Globo Jos\u00e9 Roberto Marinho, fazem parte da Associa\u00e7\u00e3o dos Amigos do Jardim Bot\u00e2nico.<\/p>\n<p>Os moradores, entretanto, t\u00eam documenta\u00e7\u00e3o mais do que suficiente par negar\u00a0a narrativa de \u201cinvas\u00e3o\u201d e enfatizam sua forte conex\u00e3o hist\u00f3rica com o terreno. Neuza Carcerere, 65, nasceu e cresceu no Horto e explica: \u201cPara mim, o valor deste terreno n\u00e3o \u00e9 monet\u00e1rio. O valor deste terreno para as pessoas aqui \u00e9 a hist\u00f3ria e a comunidade\u201d. O pai de Neuza trabalhava no Jardim Bot\u00e2nico e recebeu permiss\u00e3o para construir seu lar no Horto como forma de pagamento por seu trabalho.<\/p>\n<p><a href=\"http:\/\/rioonwatch.org.br\/wp-content\/uploads\/2016\/08\/DSC_0032.jpg\"><img fetchpriority=\"high\" decoding=\"async\" class=\"aligncenter wp-image-21679 size-content\" title=\"Neuza Carcerere, 65 anos, nasceu e foi criado no Horto. Seu pai trabalhou para o Jardim Bot\u00e2nico e foi dada a ele a permiss\u00e3o para construir sua casa no Horto como forma de pagamento por seu trabalho.\" src=\"http:\/\/rioonwatch.org.br\/wp-content\/uploads\/2016\/08\/DSC_0032-620x264.jpg\" alt=\"DSC_0032\" width=\"620\" height=\"264\" srcset=\"https:\/\/rioonwatch.org.br\/wp-content\/uploads\/2016\/08\/DSC_0032-620x264.jpg 620w, https:\/\/rioonwatch.org.br\/wp-content\/uploads\/2016\/08\/DSC_0032-940x400.jpg 940w\" sizes=\"(max-width: 620px) 100vw, 620px\" \/><\/a><\/p>\n<p>De acordo com Emilia de Souza, ex-presidente da AMAHOR, a luta contra a remo\u00e7\u00e3o do Horto come\u00e7ou ap\u00f3s a instala\u00e7\u00e3o dos escrit\u00f3rios da Globo no bairro. \u201cEles despertaram o interesse do mercado imobili\u00e1rio e transformaram o bairro em uma \u00e1rea de alto valor, e depois disso chamaram os moradores de longa data de invasores\u201d, ela explica. Apontando para as mans\u00f5es constru\u00eddas na encosta nas proximidades, Emilia de Souza comentou que aquelas casas burlaram as r\u00edgidas normas de zoneamento do <a href=\"http:\/\/bit.ly\/1CGbQBS\" target=\"_blank\" rel=\"noopener\">Parque Nacional da Tijuca<\/a> e nunca foram descritas pela Globo como \u201cilegais\u201d ou \u201cinvas\u00f5es\u201d. \u201cEssas leis s\u00f3 se aplicam \u00e0 classe trabalhadora\u201d, ela diz.<\/p>\n<p>Os moradores argumentam que entregar a notifica\u00e7\u00e3o de despejo durante as <a href=\"http:\/\/bit.ly\/PkLXlQ\" target=\"_blank\" rel=\"noopener\">Olimp\u00edadas<\/a> foi uma tentativa de evitar a cobertura da m\u00eddia. Na <a href=\"http:\/\/bit.ly\/2b1gh3d\" target=\"_blank\" rel=\"noopener\">declara\u00e7\u00e3o divulgada na internet<\/a>, a AMAHOR escreveu: \u201cN\u00e3o somos contra as Olimp\u00edadas, muito pelo contr\u00e1rio, somos contra o desmonte dos direitos constitucionais da classe trabalhadora: que corre a largos passos no Congresso Nacional. Enquanto o povo est\u00e1 focado nas disputas pelas medalhas o governo dilacera com nossos direitos fundamentais\u201d.<\/p>\n<!-- AddThis Advanced Settings generic via filter on the_content --><!-- AddThis Share Buttons generic via filter on the_content -->","protected":false},"excerpt":{"rendered":"<div class=\"mh-excerpt\"><p>Click Here for English Os grupos de defesa do direito \u00e0 moradia esperavam que o in\u00edcio das Olimp\u00edadas colocaria um ponto final ao doloroso e fora do comum per\u00edodo de remo\u00e7\u00f5es que o Rio tem <a class=\"mh-excerpt-more\" href=\"https:\/\/rioonwatch.org.br\/?p=21674\" title=\"Horto Recebe Notifica\u00e7\u00e3o de Despejo de 90 Dias, Mantendo Rio Em Ritmo de Remo\u00e7\u00e3o\">[&#8230;]<\/a><!-- AddThis Advanced Settings generic via filter on get_the_excerpt --><!-- AddThis Share Buttons generic via filter on get_the_excerpt --><\/p>\n<\/div>","protected":false},"author":129,"featured_media":21676,"comment_status":"closed","ping_status":"closed","sticky":false,"template":"","format":"standard","meta":{"_acf_changed":false,"_monsterinsights_skip_tracking":false,"_monsterinsights_sitenote_active":false,"_monsterinsights_sitenote_note":"","_monsterinsights_sitenote_category":0,"footnotes":""},"categories":[1617,1614,1635,1621,346,1626],"tags":[424,88,396,732,1162,733,1251,734,1240,1037,78,763,14,432,383],"writer":[1744],"translator":[1943],"source":[],"ilustrador":[],"fotografo":[],"class_list":{"0":"post-21674","1":"post","2":"type-post","3":"status-publish","4":"format-standard","5":"has-post-thumbnail","7":"category-olhonagentrificacao","8":"category-olhonasremocoes","9":"category-1635","10":"category-destaque","11":"category-denuncias","12":"category-por-observadores-internacionais","13":"tag-direito-a-moradia","14":"tag-direitos-humanos","15":"tag-especulacao-imobiliaria","16":"tag-globo","17":"tag-governo-federal","18":"tag-horto","19":"tag-indenizacao","20":"tag-jardim-botanico","21":"tag-megaeventos","22":"tag-moradia","23":"tag-olimpiadas","24":"tag-protesto","25":"tag-remocao","26":"tag-resistencia","27":"tag-zona-sul","28":"writer-meg-healy","29":"translator-fernanda-lima"},"acf":[],"yoast_head":"<!-- This site is optimized with the Yoast SEO plugin v25.6 - https:\/\/yoast.com\/wordpress\/plugins\/seo\/ -->\n<title>Horto Recebe Notifica\u00e7\u00e3o de Despejo de 90 Dias, Mantendo Rio Em Ritmo de Remo\u00e7\u00e3o - RioOnWatch<\/title>\n<meta name=\"robots\" content=\"index, follow, max-snippet:-1, max-image-preview:large, max-video-preview:-1\" \/>\n<link rel=\"canonical\" href=\"https:\/\/rioonwatch.org.br\/?p=21674\" \/>\n<meta property=\"og:locale\" content=\"pt_BR\" \/>\n<meta property=\"og:type\" content=\"article\" \/>\n<meta property=\"og:title\" content=\"Horto Recebe Notifica\u00e7\u00e3o de Despejo de 90 Dias, Mantendo Rio Em Ritmo de Remo\u00e7\u00e3o - RioOnWatch\" \/>\n<meta property=\"og:description\" content=\"Click Here for English Os grupos de defesa do direito \u00e0 moradia esperavam que o in\u00edcio das Olimp\u00edadas colocaria um ponto final ao doloroso e fora do comum per\u00edodo de remo\u00e7\u00f5es que o Rio tem [...]\" \/>\n<meta property=\"og:url\" content=\"https:\/\/rioonwatch.org.br\/?p=21674\" \/>\n<meta property=\"og:site_name\" content=\"RioOnWatch\" \/>\n<meta property=\"article:published_time\" content=\"2016-08-18T13:16:44+00:00\" \/>\n<meta property=\"article:modified_time\" content=\"2024-06-20T19:26:18+00:00\" \/>\n<meta property=\"og:image\" content=\"https:\/\/rioonwatch.org.br\/wp-content\/uploads\/2016\/08\/horto_emerson-scaled.jpg\" \/>\n\t<meta property=\"og:image:width\" content=\"2560\" \/>\n\t<meta property=\"og:image:height\" content=\"1702\" \/>\n\t<meta property=\"og:image:type\" content=\"image\/jpeg\" \/>\n<meta name=\"author\" content=\"Admin\" \/>\n<meta name=\"twitter:card\" content=\"summary_large_image\" \/>\n<meta name=\"twitter:label1\" content=\"Escrito por\" \/>\n\t<meta name=\"twitter:data1\" content=\"Admin\" \/>\n\t<meta name=\"twitter:label2\" content=\"Est. tempo de leitura\" \/>\n\t<meta name=\"twitter:data2\" content=\"4 minutos\" \/>\n<script type=\"application\/ld+json\" class=\"yoast-schema-graph\">{\"@context\":\"https:\/\/schema.org\",\"@graph\":[{\"@type\":\"Article\",\"@id\":\"https:\/\/rioonwatch.org.br\/?p=21674#article\",\"isPartOf\":{\"@id\":\"https:\/\/rioonwatch.org.br\/?p=21674\"},\"author\":{\"name\":\"Admin\",\"@id\":\"https:\/\/rioonwatch.org.br\/#\/schema\/person\/11d64c290506f9df50c71b850c473f68\"},\"headline\":\"Horto Recebe Notifica\u00e7\u00e3o de Despejo de 90 Dias, Mantendo Rio Em Ritmo de Remo\u00e7\u00e3o\",\"datePublished\":\"2016-08-18T13:16:44+00:00\",\"dateModified\":\"2024-06-20T19:26:18+00:00\",\"mainEntityOfPage\":{\"@id\":\"https:\/\/rioonwatch.org.br\/?p=21674\"},\"wordCount\":898,\"publisher\":{\"@id\":\"https:\/\/rioonwatch.org.br\/#organization\"},\"image\":{\"@id\":\"https:\/\/rioonwatch.org.br\/?p=21674#primaryimage\"},\"thumbnailUrl\":\"https:\/\/rioonwatch.org.br\/wp-content\/uploads\/2016\/08\/horto_emerson-scaled.jpg\",\"keywords\":[\"Direito \u00e0 Moradia\",\"Direitos Humanos\",\"especula\u00e7\u00e3o imobili\u00e1ria\",\"Globo\",\"Governo Federal\",\"Horto\",\"indeniza\u00e7\u00e3o\",\"Jardim Bot\u00e2nico\",\"Megaeventos\",\"moradia\",\"Olimp\u00edadas\",\"protesto\",\"Remo\u00e7\u00e3o\",\"resist\u00eancia\",\"Zona Sul\"],\"articleSection\":[\"#OlhoNaGentrifica\u00e7\u00e3o\",\"#OlhoNasRemo\u00e7\u00f5es\",\"#Rio2016\",\"*Destaque\",\"Den\u00fancias\",\"Escrito por Aliados\"],\"inLanguage\":\"pt-BR\"},{\"@type\":\"WebPage\",\"@id\":\"https:\/\/rioonwatch.org.br\/?p=21674\",\"url\":\"https:\/\/rioonwatch.org.br\/?p=21674\",\"name\":\"Horto Recebe Notifica\u00e7\u00e3o de Despejo de 90 Dias, Mantendo Rio Em Ritmo de Remo\u00e7\u00e3o - RioOnWatch\",\"isPartOf\":{\"@id\":\"https:\/\/rioonwatch.org.br\/#website\"},\"primaryImageOfPage\":{\"@id\":\"https:\/\/rioonwatch.org.br\/?p=21674#primaryimage\"},\"image\":{\"@id\":\"https:\/\/rioonwatch.org.br\/?p=21674#primaryimage\"},\"thumbnailUrl\":\"https:\/\/rioonwatch.org.br\/wp-content\/uploads\/2016\/08\/horto_emerson-scaled.jpg\",\"datePublished\":\"2016-08-18T13:16:44+00:00\",\"dateModified\":\"2024-06-20T19:26:18+00:00\",\"breadcrumb\":{\"@id\":\"https:\/\/rioonwatch.org.br\/?p=21674#breadcrumb\"},\"inLanguage\":\"pt-BR\",\"potentialAction\":[{\"@type\":\"ReadAction\",\"target\":[\"https:\/\/rioonwatch.org.br\/?p=21674\"]}]},{\"@type\":\"ImageObject\",\"inLanguage\":\"pt-BR\",\"@id\":\"https:\/\/rioonwatch.org.br\/?p=21674#primaryimage\",\"url\":\"https:\/\/rioonwatch.org.br\/wp-content\/uploads\/2016\/08\/horto_emerson-scaled.jpg\",\"contentUrl\":\"https:\/\/rioonwatch.org.br\/wp-content\/uploads\/2016\/08\/horto_emerson-scaled.jpg\",\"width\":2560,\"height\":1702},{\"@type\":\"BreadcrumbList\",\"@id\":\"https:\/\/rioonwatch.org.br\/?p=21674#breadcrumb\",\"itemListElement\":[{\"@type\":\"ListItem\",\"position\":1,\"name\":\"In\u00edcio\",\"item\":\"https:\/\/rioonwatch.org.br\/\"},{\"@type\":\"ListItem\",\"position\":2,\"name\":\"Horto Recebe Notifica\u00e7\u00e3o de Despejo de 90 Dias, Mantendo Rio Em Ritmo de Remo\u00e7\u00e3o\"}]},{\"@type\":\"WebSite\",\"@id\":\"https:\/\/rioonwatch.org.br\/#website\",\"url\":\"https:\/\/rioonwatch.org.br\/\",\"name\":\"RioOnWatch\",\"description\":\"relatos das favelas cariocas\",\"publisher\":{\"@id\":\"https:\/\/rioonwatch.org.br\/#organization\"},\"potentialAction\":[{\"@type\":\"SearchAction\",\"target\":{\"@type\":\"EntryPoint\",\"urlTemplate\":\"https:\/\/rioonwatch.org.br\/?s={search_term_string}\"},\"query-input\":{\"@type\":\"PropertyValueSpecification\",\"valueRequired\":true,\"valueName\":\"search_term_string\"}}],\"inLanguage\":\"pt-BR\"},{\"@type\":\"Organization\",\"@id\":\"https:\/\/rioonwatch.org.br\/#organization\",\"name\":\"RioOnWatch\",\"url\":\"https:\/\/rioonwatch.org.br\/\",\"logo\":{\"@type\":\"ImageObject\",\"inLanguage\":\"pt-BR\",\"@id\":\"https:\/\/rioonwatch.org.br\/#\/schema\/logo\/image\/\",\"url\":\"https:\/\/rioonwatch.org.br\/wp-content\/uploads\/2021\/06\/RioOnWatchcabecalhoPT11anos-2.png\",\"contentUrl\":\"https:\/\/rioonwatch.org.br\/wp-content\/uploads\/2021\/06\/RioOnWatchcabecalhoPT11anos-2.png\",\"width\":779,\"height\":277,\"caption\":\"RioOnWatch\"},\"image\":{\"@id\":\"https:\/\/rioonwatch.org.br\/#\/schema\/logo\/image\/\"}},{\"@type\":\"Person\",\"@id\":\"https:\/\/rioonwatch.org.br\/#\/schema\/person\/11d64c290506f9df50c71b850c473f68\",\"name\":\"Admin\",\"image\":{\"@type\":\"ImageObject\",\"inLanguage\":\"pt-BR\",\"@id\":\"https:\/\/rioonwatch.org.br\/#\/schema\/person\/image\/\",\"url\":\"https:\/\/secure.gravatar.com\/avatar\/56211ac74568383903349a1485e3c325?s=96&d=blank&r=g\",\"contentUrl\":\"https:\/\/secure.gravatar.com\/avatar\/56211ac74568383903349a1485e3c325?s=96&d=blank&r=g\",\"caption\":\"Admin\"},\"url\":\"https:\/\/rioonwatch.org.br\/?author=129\"}]}<\/script>\n<!-- \/ Yoast SEO plugin. -->","yoast_head_json":{"title":"Horto Recebe Notifica\u00e7\u00e3o de Despejo de 90 Dias, Mantendo Rio Em Ritmo de Remo\u00e7\u00e3o - RioOnWatch","robots":{"index":"index","follow":"follow","max-snippet":"max-snippet:-1","max-image-preview":"max-image-preview:large","max-video-preview":"max-video-preview:-1"},"canonical":"https:\/\/rioonwatch.org.br\/?p=21674","og_locale":"pt_BR","og_type":"article","og_title":"Horto Recebe Notifica\u00e7\u00e3o de Despejo de 90 Dias, Mantendo Rio Em Ritmo de Remo\u00e7\u00e3o - RioOnWatch","og_description":"Click Here for English Os grupos de defesa do direito \u00e0 moradia esperavam que o in\u00edcio das Olimp\u00edadas colocaria um ponto final ao doloroso e fora do comum per\u00edodo de remo\u00e7\u00f5es que o Rio tem [...]","og_url":"https:\/\/rioonwatch.org.br\/?p=21674","og_site_name":"RioOnWatch","article_published_time":"2016-08-18T13:16:44+00:00","article_modified_time":"2024-06-20T19:26:18+00:00","og_image":[{"width":2560,"height":1702,"url":"https:\/\/rioonwatch.org.br\/wp-content\/uploads\/2016\/08\/horto_emerson-scaled.jpg","type":"image\/jpeg"}],"author":"Admin","twitter_card":"summary_large_image","twitter_misc":{"Escrito por":"Admin","Est. tempo de leitura":"4 minutos"},"schema":{"@context":"https:\/\/schema.org","@graph":[{"@type":"Article","@id":"https:\/\/rioonwatch.org.br\/?p=21674#article","isPartOf":{"@id":"https:\/\/rioonwatch.org.br\/?p=21674"},"author":{"name":"Admin","@id":"https:\/\/rioonwatch.org.br\/#\/schema\/person\/11d64c290506f9df50c71b850c473f68"},"headline":"Horto Recebe Notifica\u00e7\u00e3o de Despejo de 90 Dias, Mantendo Rio Em Ritmo de Remo\u00e7\u00e3o","datePublished":"2016-08-18T13:16:44+00:00","dateModified":"2024-06-20T19:26:18+00:00","mainEntityOfPage":{"@id":"https:\/\/rioonwatch.org.br\/?p=21674"},"wordCount":898,"publisher":{"@id":"https:\/\/rioonwatch.org.br\/#organization"},"image":{"@id":"https:\/\/rioonwatch.org.br\/?p=21674#primaryimage"},"thumbnailUrl":"https:\/\/rioonwatch.org.br\/wp-content\/uploads\/2016\/08\/horto_emerson-scaled.jpg","keywords":["Direito \u00e0 Moradia","Direitos Humanos","especula\u00e7\u00e3o imobili\u00e1ria","Globo","Governo Federal","Horto","indeniza\u00e7\u00e3o","Jardim Bot\u00e2nico","Megaeventos","moradia","Olimp\u00edadas","protesto","Remo\u00e7\u00e3o","resist\u00eancia","Zona Sul"],"articleSection":["#OlhoNaGentrifica\u00e7\u00e3o","#OlhoNasRemo\u00e7\u00f5es","#Rio2016","*Destaque","Den\u00fancias","Escrito por Aliados"],"inLanguage":"pt-BR"},{"@type":"WebPage","@id":"https:\/\/rioonwatch.org.br\/?p=21674","url":"https:\/\/rioonwatch.org.br\/?p=21674","name":"Horto Recebe Notifica\u00e7\u00e3o de Despejo de 90 Dias, Mantendo Rio Em Ritmo de Remo\u00e7\u00e3o - RioOnWatch","isPartOf":{"@id":"https:\/\/rioonwatch.org.br\/#website"},"primaryImageOfPage":{"@id":"https:\/\/rioonwatch.org.br\/?p=21674#primaryimage"},"image":{"@id":"https:\/\/rioonwatch.org.br\/?p=21674#primaryimage"},"thumbnailUrl":"https:\/\/rioonwatch.org.br\/wp-content\/uploads\/2016\/08\/horto_emerson-scaled.jpg","datePublished":"2016-08-18T13:16:44+00:00","dateModified":"2024-06-20T19:26:18+00:00","breadcrumb":{"@id":"https:\/\/rioonwatch.org.br\/?p=21674#breadcrumb"},"inLanguage":"pt-BR","potentialAction":[{"@type":"ReadAction","target":["https:\/\/rioonwatch.org.br\/?p=21674"]}]},{"@type":"ImageObject","inLanguage":"pt-BR","@id":"https:\/\/rioonwatch.org.br\/?p=21674#primaryimage","url":"https:\/\/rioonwatch.org.br\/wp-content\/uploads\/2016\/08\/horto_emerson-scaled.jpg","contentUrl":"https:\/\/rioonwatch.org.br\/wp-content\/uploads\/2016\/08\/horto_emerson-scaled.jpg","width":2560,"height":1702},{"@type":"BreadcrumbList","@id":"https:\/\/rioonwatch.org.br\/?p=21674#breadcrumb","itemListElement":[{"@type":"ListItem","position":1,"name":"In\u00edcio","item":"https:\/\/rioonwatch.org.br\/"},{"@type":"ListItem","position":2,"name":"Horto Recebe Notifica\u00e7\u00e3o de Despejo de 90 Dias, Mantendo Rio Em Ritmo de Remo\u00e7\u00e3o"}]},{"@type":"WebSite","@id":"https:\/\/rioonwatch.org.br\/#website","url":"https:\/\/rioonwatch.org.br\/","name":"RioOnWatch","description":"relatos das favelas cariocas","publisher":{"@id":"https:\/\/rioonwatch.org.br\/#organization"},"potentialAction":[{"@type":"SearchAction","target":{"@type":"EntryPoint","urlTemplate":"https:\/\/rioonwatch.org.br\/?s={search_term_string}"},"query-input":{"@type":"PropertyValueSpecification","valueRequired":true,"valueName":"search_term_string"}}],"inLanguage":"pt-BR"},{"@type":"Organization","@id":"https:\/\/rioonwatch.org.br\/#organization","name":"RioOnWatch","url":"https:\/\/rioonwatch.org.br\/","logo":{"@type":"ImageObject","inLanguage":"pt-BR","@id":"https:\/\/rioonwatch.org.br\/#\/schema\/logo\/image\/","url":"https:\/\/rioonwatch.org.br\/wp-content\/uploads\/2021\/06\/RioOnWatchcabecalhoPT11anos-2.png","contentUrl":"https:\/\/rioonwatch.org.br\/wp-content\/uploads\/2021\/06\/RioOnWatchcabecalhoPT11anos-2.png","width":779,"height":277,"caption":"RioOnWatch"},"image":{"@id":"https:\/\/rioonwatch.org.br\/#\/schema\/logo\/image\/"}},{"@type":"Person","@id":"https:\/\/rioonwatch.org.br\/#\/schema\/person\/11d64c290506f9df50c71b850c473f68","name":"Admin","image":{"@type":"ImageObject","inLanguage":"pt-BR","@id":"https:\/\/rioonwatch.org.br\/#\/schema\/person\/image\/","url":"https:\/\/secure.gravatar.com\/avatar\/56211ac74568383903349a1485e3c325?s=96&d=blank&r=g","contentUrl":"https:\/\/secure.gravatar.com\/avatar\/56211ac74568383903349a1485e3c325?s=96&d=blank&r=g","caption":"Admin"},"url":"https:\/\/rioonwatch.org.br\/?author=129"}]}},"_links":{"self":[{"href":"https:\/\/rioonwatch.org.br\/index.php?rest_route=\/wp\/v2\/posts\/21674"}],"collection":[{"href":"https:\/\/rioonwatch.org.br\/index.php?rest_route=\/wp\/v2\/posts"}],"about":[{"href":"https:\/\/rioonwatch.org.br\/index.php?rest_route=\/wp\/v2\/types\/post"}],"author":[{"embeddable":true,"href":"https:\/\/rioonwatch.org.br\/index.php?rest_route=\/wp\/v2\/users\/129"}],"replies":[{"embeddable":true,"href":"https:\/\/rioonwatch.org.br\/index.php?rest_route=%2Fwp%2Fv2%2Fcomments&post=21674"}],"version-history":[{"count":11,"href":"https:\/\/rioonwatch.org.br\/index.php?rest_route=\/wp\/v2\/posts\/21674\/revisions"}],"predecessor-version":[{"id":74346,"href":"https:\/\/rioonwatch.org.br\/index.php?rest_route=\/wp\/v2\/posts\/21674\/revisions\/74346"}],"wp:featuredmedia":[{"embeddable":true,"href":"https:\/\/rioonwatch.org.br\/index.php?rest_route=\/wp\/v2\/media\/21676"}],"wp:attachment":[{"href":"https:\/\/rioonwatch.org.br\/index.php?rest_route=%2Fwp%2Fv2%2Fmedia&parent=21674"}],"wp:term":[{"taxonomy":"category","embeddable":true,"href":"https:\/\/rioonwatch.org.br\/index.php?rest_route=%2Fwp%2Fv2%2Fcategories&post=21674"},{"taxonomy":"post_tag","embeddable":true,"href":"https:\/\/rioonwatch.org.br\/index.php?rest_route=%2Fwp%2Fv2%2Ftags&post=21674"},{"taxonomy":"writer","embeddable":true,"href":"https:\/\/rioonwatch.org.br\/index.php?rest_route=%2Fwp%2Fv2%2Fwriter&post=21674"},{"taxonomy":"translator","embeddable":true,"href":"https:\/\/rioonwatch.org.br\/index.php?rest_route=%2Fwp%2Fv2%2Ftranslator&post=21674"},{"taxonomy":"source","embeddable":true,"href":"https:\/\/rioonwatch.org.br\/index.php?rest_route=%2Fwp%2Fv2%2Fsource&post=21674"},{"taxonomy":"ilustrador","embeddable":true,"href":"https:\/\/rioonwatch.org.br\/index.php?rest_route=%2Fwp%2Fv2%2Filustrador&post=21674"},{"taxonomy":"fotografo","embeddable":true,"href":"https:\/\/rioonwatch.org.br\/index.php?rest_route=%2Fwp%2Fv2%2Ffotografo&post=21674"}],"curies":[{"name":"wp","href":"https:\/\/api.w.org\/{rel}","templated":true}]}}