{"id":21770,"date":"2016-08-21T12:09:58","date_gmt":"2016-08-21T15:09:58","guid":{"rendered":"http:\/\/rioonwatch.org.br\/?p=21770"},"modified":"2024-06-20T16:26:16","modified_gmt":"2024-06-20T19:26:16","slug":"atletas-olimpicos-do-rio-apresentaram-o-potencial-esportivo-das-favelas","status":"publish","type":"post","link":"https:\/\/rioonwatch.org.br\/?p=21770","title":{"rendered":"Atletas Ol\u00edmpicos do Rio Apresentaram o Potencial Esportivo das Favelas"},"content":{"rendered":"<p style=\"text-align: right;\"><em><strong><a href=\"http:\/\/bit.ly\/2bEzRSK\" target=\"_blank\" rel=\"noopener\">Click Here for English<img decoding=\"async\" width=\"20\" height=\"20\" class=\"alignright wp-image-15790\" src=\"http:\/\/rioonwatch.org.br\/wp-content\/uploads\/2012\/08\/EN-standard-e1439583104716.jpg\" alt=\"\" \/><\/a><\/strong><\/em><\/p>\n<p><span style=\"font-weight: 400;\">Quando <a href=\"http:\/\/bit.ly\/2aWV1us\" target=\"_blank\" rel=\"noopener\">Rafaela Silva<\/a> jogou suas m\u00e3os para o ar para comemorar sua vit\u00f3ria <a href=\"http:\/\/bit.ly\/PkLXlQ\" target=\"_blank\" rel=\"noopener\">Ol\u00edmpica<\/a> na disputa da medalha de ouro feminina do jud\u00f4, moradores, atletas e t\u00e9cnicos pelas favelas do Rio vibraram\u00a0com ela. <\/span><\/p>\n<p><span style=\"font-weight: 400;\"><a href=\"http:\/\/bit.ly\/2bqZ7Nv\" target=\"_blank\" rel=\"noopener\">Muito j\u00e1 foi escrito<\/a> sobre a Rafaela de 24 anos e o que sua vit\u00f3ria representa para o Brasil, para a cidade do Rio e para as <a href=\"http:\/\/bbc.in\/2bKKfLV\" target=\"_blank\" rel=\"noopener\">atletas mulheres em todo o pa\u00eds<\/a>. Sua conquista de alto n\u00edvel <a href=\"http:\/\/glo.bo\/2bcdLaD\" target=\"_blank\" rel=\"noopener\">abriu um di\u00e1logo<\/a> sobre como a identidade da Rafaela&#8211;mulher negra nascida e criada na <a href=\"http:\/\/bit.ly\/10BzE4e\" target=\"_blank\" rel=\"noopener\">Cidade de Deus<\/a>&#8211;desafia as <a href=\"http:\/\/bit.ly\/SiCiQh\" target=\"_blank\" rel=\"noopener\">hist\u00f3ricas estruturas de poder do Brasil<\/a>, com especial importante devido aos <a href=\"http:\/\/bit.ly\/2br0n37\" target=\"_blank\" rel=\"noopener\">ataques racistas direcionados \u00e0 ela<\/a> em suas redes sociais depois dela ter sido desclassificada dos Jogos de Londres 2012. A decis\u00e3o de Rafaela de <a href=\"http:\/\/bit.ly\/2bCCHaw\" target=\"_blank\" rel=\"noopener\">divulgar publicamente seu relacionamento com sua namorada<\/a> poucos dias ap\u00f3s sua vit\u00f3ria adicionou um outro n\u00edvel de pol\u00edtica de identidade ao que <a href=\"http:\/\/bit.ly\/2bTwvQf\" target=\"_blank\" rel=\"noopener\">j\u00e1 era uma conquista significativa<\/a>,\u00a0ao elevar o perfil dos grupos sub-representados e marginalizados no Brasil. <\/span><\/p>\n<p><span style=\"font-weight: 400;\">Mas, embora Rafaela tenha recebido a maior aten\u00e7\u00e3o da m\u00eddia, ela n\u00e3o era a \u00fanica atleta das favelas do Rio competindo nessas Olimp\u00edadas. O time da cidade incluiu um n\u00famero de atletas de uma ampla variedade de esportes que moraram e treinaram nas favelas. <\/span><\/p>\n<p><span style=\"font-weight: 400;\">Os Jogos Ol\u00edmpicos e os <a href=\"http:\/\/bit.ly\/1uZ9w6o\" target=\"_blank\" rel=\"noopener\">megaeventos<\/a> anteriores tiveram efeitos catastr\u00f3ficos para muitos moradores de favelas, tais como\u00a0<a href=\"http:\/\/bit.ly\/X51Qvb\" target=\"_blank\" rel=\"noopener\">remo\u00e7\u00f5es<\/a>, <a href=\"http:\/\/bit.ly\/2bwfDgw\" target=\"_blank\" rel=\"noopener\">redu\u00e7\u00e3o do acesso ao transporte<\/a> e <a href=\"http:\/\/bit.ly\/1i0t9Hc\" target=\"_blank\" rel=\"noopener\">viol\u00eancia policial letal<\/a>. Ainda assim, a oportunidade de representar suas comunidades para uma audi\u00eancia nacional e para milh\u00f5es de espectadores em todo o mundo, forneceu a chance dos atletas do Rio mostrarem outro <a href=\"http:\/\/bit.ly\/2bG2Fv6\" target=\"_blank\" rel=\"noopener\">exemplo de valor positivo<\/a> vindo das favelas e de seus moradores.<\/span><\/p>\n<h3><strong>Patrick Borges e Michel Louren\u00e7o \u2013 Boxe <\/strong><\/h3>\n<p><span style=\"font-weight: 400;\">Patrick e Michel cresceram no <a href=\"http:\/\/bit.ly\/XuDNKV\" target=\"_blank\" rel=\"noopener\">Vidigal<\/a> na <a href=\"http:\/\/bit.ly\/1mNsDyk\" target=\"_blank\" rel=\"noopener\">Zona Sul<\/a>, onde eles come\u00e7aram a treinar na academia de boxe de sua comunidade <a href=\"http:\/\/bit.ly\/1J5wY92\">Instituto Todos na Luta<\/a>&#8211;Michel aos 10 anos de idade e Patrick aos 13. O treinador deles, fundador do <a href=\"http:\/\/bit.ly\/2bcqwli\" target=\"_blank\" rel=\"noopener\">Todos na Luta<\/a>, Raff Giglio, descreve os dois jovens atletas como um exemplo positivo para a juventude de sua comunidade. <\/span><\/p>\n<p><span style=\"font-weight: 400;\">\u201cEu vi tantos <a href=\"http:\/\/bit.ly\/2brHqjd\" target=\"_blank\" rel=\"noopener\">coment\u00e1rios no Facebook<\/a> nos \u00faltimos dias, todos dizendo \u2018voc\u00ea \u00e9 o orgulho da comunidade\u2019\u201d, ele disse, sorrindo. \u201cTodos aqui dizem: &#8216;Eles s\u00e3o motivo de orgulho para nossa comunidade. Eles s\u00e3o um exemplo de que \u00e9 poss\u00edvel'&#8221;.<\/span><\/p>\n<p><iframe style=\"border: none; overflow: hidden;\" src=\"https:\/\/www.facebook.com\/plugins\/post.php?href=https%3A%2F%2Fwww.facebook.com%2Ftodosnaluta%2Fphotos%2Fa.407408142605696.106321.314704885209356%2F1261934817153020%2F%3Ftype%3D3&amp;width=500\" width=\"620\" height=\"338\" frameborder=\"0\" scrolling=\"no\"><\/iframe><\/p>\n<p><span style=\"font-weight: 400;\">Raff, 51 anos, ex-pugilista, come\u00e7ou a treinar crian\u00e7as e jovens no Vidigal em 1993, quando ele levou sua academia de boxe para dentro do morro e ofereceu aulas adicionais de boxe, gratuitamente, para jovens da comunidade que n\u00e3o tinham condi\u00e7\u00f5es de pagar pela instru\u00e7\u00e3o. Embora Todos na Luta s\u00f3 tenha sido formalmente registrada como uma ONG h\u00e1 seis anos, Raff e outros instrutores v\u00eam oferecendo esse treinamento por mais de duas d\u00e9cadas. <\/span><\/p>\n<p><span style=\"font-weight: 400;\">O principal objetivo da organiza\u00e7\u00e3o, Raff diz, \u00e9 incentivar o desenvolvimento positivo dos jovens. Habilidades para a vida v\u00eam primeiro e as habilidades atl\u00e9ticas em segundo. <\/span><\/p>\n<p><span style=\"font-weight: 400;\">\u201cEu acho que desenvolver bons seres humanos \u00e9 ainda mais importante que ser um medalhista de ouro&#8221;, ele diz. \u201cIsso \u00e9 muito importante. E se algu\u00e9m tamb\u00e9m tem talento, ent\u00e3o ele pode se tornar um atleta [profissional]&#8221;.<\/span><\/p>\n<p><a href=\"http:\/\/rioonwatch.org.br\/wp-content\/uploads\/2016\/08\/IMG_3422-e1471642288223.jpg\"><img fetchpriority=\"high\" decoding=\"async\" class=\"aligncenter wp-image-21778 size-content\" title=\"Raff Giglio supervisiona um treino no seu gin\u00e1sio.\" src=\"http:\/\/rioonwatch.org.br\/wp-content\/uploads\/2016\/08\/IMG_3422-e1471642288223-620x264.jpg\" alt=\"IMG_3422-e1471642288223\" width=\"620\" height=\"264\" srcset=\"https:\/\/rioonwatch.org.br\/wp-content\/uploads\/2016\/08\/IMG_3422-e1471642288223-620x264.jpg 620w, https:\/\/rioonwatch.org.br\/wp-content\/uploads\/2016\/08\/IMG_3422-e1471642288223-940x400.jpg 940w\" sizes=\"(max-width: 620px) 100vw, 620px\" \/><\/a><\/p>\n<p><span style=\"font-weight: 400;\">Quando ele e outros treinadores encontram talentos promissores, como Patrick e Michel, eles os introduzem em um programa especial de treinamento para prepar\u00e1-los para competi\u00e7\u00f5es no mais alto n\u00edvel nacional e internacional. <\/span><\/p>\n<p><span style=\"font-weight: 400;\">Quando eram adolescentes, Patrick e Michel assistiram o sucesso de Esquiva Falc\u00e3o, um boxeador peso m\u00e9dio do Estado do Esp\u00edrito Santo que treinou no Todos na Luta de 2007 a 2008, antes de se juntar \u00e0 sele\u00e7\u00e3o brasileira. Em 2012, Esquiva conquistou a medalha de prata nas Olimp\u00edadas de Londres, inspirando seus jovens amigos a mirar o p\u00f3dio dos vencedores em sua cidade natal. <\/span><\/p>\n<p><span style=\"font-weight: 400;\">Nas Olimp\u00edadas de 2016, Michel, agora com 25 anos, alcan\u00e7ou as quartas de final de seu peso&#8211;apenas a um passo de, ao menos, uma medalha de bronze&#8211;antes de ser eliminado pelo vencedor da medalha de ouro, Julio C\u00e9sar La Cruz de Cuba. Patrick, 23 anos, que ocupou o oitavo lugar do ranking mundial de sua categoria, perdeu sua primeira luta para o colombiano Yuberjen Mart\u00ednez, que depois ganhou a medalha de prata. <\/span><\/p>\n<p><a href=\"http:\/\/rioonwatch.org.br\/wp-content\/uploads\/2016\/08\/patrick-michel.jpg\"><img decoding=\"async\" class=\"aligncenter wp-image-21780 size-medium\" title=\"Patrick e Michel treinando juntos. Foto via p\u00e1gina do Facebook de Patrick Louren\u00e7o\" src=\"http:\/\/rioonwatch.org.br\/wp-content\/uploads\/2016\/08\/patrick-michel-620x388.jpg\" alt=\"patrick-michel\" width=\"620\" height=\"388\" srcset=\"https:\/\/rioonwatch.org.br\/wp-content\/uploads\/2016\/08\/patrick-michel-620x388.jpg 620w, https:\/\/rioonwatch.org.br\/wp-content\/uploads\/2016\/08\/patrick-michel-422x264.jpg 422w, https:\/\/rioonwatch.org.br\/wp-content\/uploads\/2016\/08\/patrick-michel.jpg 720w\" sizes=\"(max-width: 620px) 100vw, 620px\" \/><\/a><\/p>\n<p><span style=\"font-weight: 400;\">Ainda assim, Raff diz, embora nenhum dos dois tenha ganho uma medalha ol\u00edmpica, seus feitos s\u00e3o dignos de muita celebra\u00e7\u00e3o. <\/span><\/p>\n<p><span style=\"font-weight: 400;\">\u201cEu me sinto compensado, eu me sinto gratificado\u201d, ele diz. \u201cMe senti gratificado quando vi nossos atletas&#8211;que chegaram aqui como crian\u00e7as e hoje s\u00e3o homens e atletas ol\u00edmpicos&#8211;participando das Olimp\u00edadas. Independentemente das medalhas, s\u00f3 o fato de estarem aqui, como atletas alcan\u00e7ando esse n\u00edvel, para mim j\u00e1 \u00e9 recompensa suficiente&#8221;.<\/span><\/p>\n<p><span style=\"font-weight: 400;\">Durante as lutas Ol\u00edmpicas deles, Raff diz, toda a comunidade deu uma festa e se reuniu para assisti-los lutando. Ambos os pugilistas agora moram em S\u00e3o Paulo, onde treinam com a sele\u00e7\u00e3o brasileira, mas eles voltam com freq\u00fc\u00eancia ao Vidigal para visitar a fam\u00edlia, os amigos e sua antiga academia. <\/span><\/p>\n<p><span style=\"font-weight: 400;\">\u201cEles t\u00eam seus lares e as suas fam\u00edlias aqui\u201d diz Raff. \u201cQuando eles t\u00eam o final de semana livre, ou f\u00e9rias, eles v\u00eam ao Vidigal e ficam aqui, eles v\u00eam treinar na academia. A casa deles \u00e9 o Vidigal. Eles moram em S\u00e3o Paulo porque \u00e9 o lugar de trabalho deles, \u00e9 onde fica o escrit\u00f3rio deles. Os lares deles s\u00e3o aqui&#8221;.<\/span><\/p>\n<p><span style=\"font-weight: 400;\">De acordo com Raff, os atletas j\u00e1 est\u00e3o come\u00e7ando a se preparar para as Olimp\u00edadas de 2020 em T\u00f3kio. Dessa vez, ele espera que ambos tragam medalhas para o Vidigal.<\/span><\/p>\n<p><a href=\"http:\/\/rioonwatch.org.br\/wp-content\/uploads\/2016\/08\/IMG_3372-e1471642273450.jpg\"><img loading=\"lazy\" decoding=\"async\" class=\"aligncenter wp-image-21782 size-content\" title=\"A parede ao lado do ringue de boxe no Todos na Luta\" src=\"http:\/\/rioonwatch.org.br\/wp-content\/uploads\/2016\/08\/IMG_3372-e1471642273450-620x264.jpg\" alt=\"IMG_3372-e1471642273450\" width=\"620\" height=\"264\" srcset=\"https:\/\/rioonwatch.org.br\/wp-content\/uploads\/2016\/08\/IMG_3372-e1471642273450-620x264.jpg 620w, https:\/\/rioonwatch.org.br\/wp-content\/uploads\/2016\/08\/IMG_3372-e1471642273450-940x400.jpg 940w\" sizes=\"(max-width: 620px) 100vw, 620px\" \/><\/a><\/p>\n<h3><strong>Ygor Coelho e Lohaynny Vicente \u2013 Badminton <\/strong><\/h3>\n<p><span style=\"font-weight: 400;\">O pai de Ygor Coelho de Oliveira, Sebasti\u00e3o Oliveira, fundou a <a href=\"http:\/\/bit.ly\/2aEsLAw\" target=\"_blank\" rel=\"noopener\">Associa\u00e7\u00e3o Miratus de Badminton<\/a> na favela da Chacrinha, localizada em <a href=\"http:\/\/bit.ly\/1HgPTzq\" target=\"_blank\" rel=\"noopener\">Jacarepagu\u00e1<\/a>, na <a href=\"http:\/\/bit.ly\/11tBmFR\" target=\"_blank\" rel=\"noopener\">Zona Oeste<\/a> do Rio, em 1998. Miratus recebeu muita aten\u00e7\u00e3o de alguns ve\u00edculos de comunica\u00e7\u00e3o durante essa temporada das Olimp\u00edadas, incluindo a <em>CNN<\/em> e o <em><a href=\"http:\/\/nyti.ms\/2b3yspW\" target=\"_blank\" rel=\"noopener\">The New York Times<\/a> <\/em>e\u00a0como uma das cinco organiza\u00e7\u00f5es com um longa-metragem no <a href=\"http:\/\/bit.ly\/2b5Vcn0\" target=\"_blank\" rel=\"noopener\">Festival Reimagine Rio<\/a>. Sebasti\u00e3o instrui 200 jogadores de 4 a 20 anos atrav\u00e9s de um regime de treinamento inovador que combina o badminton com o samba&#8211;adicionando um toque \u00fanico carioca \u00e0 pratica tradicional de pular corda. De acordo com Sebasti\u00e3o, as crian\u00e7as achavam chato pular corda, mas o samba conseguiu prender a aten\u00e7\u00e3o de mais de 3000 estudantes ao longo dos 18 anos de exist\u00eancia da escola, e a t\u00e9cnica j\u00e1 produziu dois atletas Ol\u00edmpicos. <\/span><\/p>\n<p><a href=\"http:\/\/rioonwatch.org.br\/wp-content\/uploads\/2016\/08\/1385727_368399686625642_510219592_n.jpg\"><img loading=\"lazy\" decoding=\"async\" class=\"aligncenter wp-image-21783 size-medium\" title=\"Ygor Coelho com algumas das suas medalhas. Foto via p\u00e1gina do Facebook da Associa\u00e7\u00e3o Miratus\" src=\"http:\/\/rioonwatch.org.br\/wp-content\/uploads\/2016\/08\/1385727_368399686625642_510219592_n-620x349.jpg\" alt=\"1385727_368399686625642_510219592_n\" width=\"620\" height=\"349\" srcset=\"https:\/\/rioonwatch.org.br\/wp-content\/uploads\/2016\/08\/1385727_368399686625642_510219592_n-620x349.jpg 620w, https:\/\/rioonwatch.org.br\/wp-content\/uploads\/2016\/08\/1385727_368399686625642_510219592_n-469x264.jpg 469w, https:\/\/rioonwatch.org.br\/wp-content\/uploads\/2016\/08\/1385727_368399686625642_510219592_n-580x326.jpg 580w, https:\/\/rioonwatch.org.br\/wp-content\/uploads\/2016\/08\/1385727_368399686625642_510219592_n-174x98.jpg 174w, https:\/\/rioonwatch.org.br\/wp-content\/uploads\/2016\/08\/1385727_368399686625642_510219592_n.jpg 640w\" sizes=\"(max-width: 620px) 100vw, 620px\" \/><\/a><\/p>\n<p><span style=\"font-weight: 400;\">Ygor de 19 anos foi o <a href=\"http:\/\/bit.ly\/2brlUsK\" target=\"_blank\" rel=\"noopener\">primeiro homem a representar o Brasil<\/a> no badminton individual nas Olimp\u00edadas. Ele j\u00e1 \u00e9 seis vezes campe\u00e3o masculino individual em Jogos Pan-americanos Junior e venceu o campeonato Pan-americano de dupla mista quatro vezes jogando com sua colega Ol\u00edmpica, Lohaynny Vicente de 20 anos. <\/span><\/p>\n<p><span style=\"font-weight: 400;\">Lohaynny, a jogadora de badminton brasileira no topo do ranking, \u00e9 tamb\u00e9m aluna da Miratus. Ela ganhou prata e bronze nos Jogos Pan Americanos de 2015&#8211;a prata veio jogando com sua irm\u00e3 mais velha, Luana, que tem sido seu par nas duplas desde que as duas come\u00e7aram a treinar na Miratus. As irm\u00e3s Vicente entraram para a escola quando elas se <a href=\"http:\/\/glo.bo\/2b5i1q6\" target=\"_blank\" rel=\"noopener\">mudaram para a Chacrinha<\/a>, em 2002, deixando o <a href=\"http:\/\/bit.ly\/1X9tkmF\" target=\"_blank\" rel=\"noopener\">Complexo do Chapad\u00e3o<\/a> na <a href=\"http:\/\/bit.ly\/WximDf\" target=\"_blank\" rel=\"noopener\">Zona Norte<\/a> ap\u00f3s a morte de seu pai, que estava envolvido com o <a href=\"http:\/\/bit.ly\/NRIxaP\" target=\"_blank\" rel=\"noopener\">tr\u00e1fico de drogas<\/a>. <\/span><\/p>\n<p><a href=\"http:\/\/rioonwatch.org.br\/wp-content\/uploads\/2016\/08\/Lohaynny-Vicente.jpg\"><img loading=\"lazy\" decoding=\"async\" class=\"aligncenter wp-image-21784 size-medium\" title=\"Lohaynny Vicente competindo na Rio 2016.\" src=\"http:\/\/rioonwatch.org.br\/wp-content\/uploads\/2016\/08\/Lohaynny-Vicente-620x461.jpg\" alt=\"Lohaynny-Vicente\" width=\"620\" height=\"461\" srcset=\"https:\/\/rioonwatch.org.br\/wp-content\/uploads\/2016\/08\/Lohaynny-Vicente-620x461.jpg 620w, https:\/\/rioonwatch.org.br\/wp-content\/uploads\/2016\/08\/Lohaynny-Vicente-355x264.jpg 355w, https:\/\/rioonwatch.org.br\/wp-content\/uploads\/2016\/08\/Lohaynny-Vicente-768x571.jpg 768w, https:\/\/rioonwatch.org.br\/wp-content\/uploads\/2016\/08\/Lohaynny-Vicente-70x53.jpg 70w, https:\/\/rioonwatch.org.br\/wp-content\/uploads\/2016\/08\/Lohaynny-Vicente.jpg 1000w\" sizes=\"(max-width: 620px) 100vw, 620px\" \/><\/a><\/p>\n<p><span style=\"font-weight: 400;\">Apesar de nenhum dos alunos da Miratus terem levado para casa uma medalha nas Olimp\u00edadas do Rio, eles apreciaram o apoio ensurdecedor de seus f\u00e3s na cidade. No \u00faltimo Jogo Ol\u00edmpico de Ygor, no qual ele perdeu para o 14\u00ba do ranking, o alem\u00e3o Marc Zwiebler, a multid\u00e3o de p\u00e9 o aplaudiu e entoou seu nome por v\u00e1rios minutos ap\u00f3s o jogo ter terminado. <\/span><\/p>\n<p><span style=\"font-weight: 400;\">Lohaynny foi eliminada nas primeiras rodadas da competi\u00e7\u00e3o, mas disse que ela estava orgulhosa de ser a primeira mulher brasileira a representar seu pa\u00eds no badminton nas Olimp\u00edadas, e espera inspirar outras crian\u00e7as das favelas a acreditar em seus sonhos de atleta. <\/span><\/p>\n<p><span style=\"font-weight: 400;\">\u201c\u00c9\u00a0bom que vejam que, independentemente da classe social, as pessoas podem chegar onde quiserem&#8221;, ela disse \u00e0 <em>Globo<\/em> em uma\u00a0<a href=\"http:\/\/glo.bo\/2bqOrj2\" target=\"_blank\" rel=\"noopener\">entrevista<\/a> ap\u00f3s o jogo. <\/span><\/p>\n<p><span style=\"font-weight: 400;\">Miratus&#8211;juntamente aos seus alunos famosos&#8211;\u00e9 representado em <em>N\u00e3o Deixe a Peteca Cair<\/em>, um dos cinco document\u00e1rios que estrearam recentemente na <a href=\"http:\/\/bit.ly\/2b5Vcn0\" target=\"_blank\" rel=\"noopener\">Reimagine Rio<\/a>. <\/span><\/p>\n<p><iframe src=\"https:\/\/www.youtube.com\/embed\/rs-Mny1TUcY\" width=\"620\" height=\"349\" frameborder=\"0\" allowfullscreen=\"allowfullscreen\"><\/iframe><strong><br \/>\n<\/strong><\/p>\n<h3><strong>Giovanna Pedroso \u2013 Saltos Ornamentais <\/strong><\/h3>\n<p><span style=\"font-weight: 400;\">Uma das atletas locais menos conhecidas dos Jogos do Rio, Giovanna Pedroso de 17 anos, cresceu na favela da <a href=\"http:\/\/bit.ly\/1fBSPqB\" target=\"_blank\" rel=\"noopener\">Ch\u00e1cara do C\u00e9u<\/a> na Zona Sul. Giovanna come\u00e7ou a treinar gin\u00e1stica quando ela tinha quatro anos, mas\u00a0<a href=\"http:\/\/bbc.in\/2bjkC3L\" target=\"_blank\" rel=\"noopener\">trocou para os saltos ornamentais<\/a> quando tinha 10 depois de participar do projeto \u201c<a href=\"http:\/\/bit.ly\/2bmQUKd\" target=\"_blank\" rel=\"noopener\">Saltando para o Futuro<\/a>\u201d, um programa patrocinado pelo Minist\u00e9rio do Esporte e pela Confedera\u00e7\u00e3o Brasileira de Desportos Aqu\u00e1ticos, que oferece aos estudantes de escolas p\u00fablicas a oportunidade de praticar os Saltos Ornamentais. <\/span><\/p>\n<p><span style=\"font-weight: 400;\">Nos anos seguintes, Giovanna avan\u00e7ou para representar o Brasil no cen\u00e1rio mundial, vencendo a primeira medalha de prata da hist\u00f3ria do pa\u00eds no salto sincronizado na plataforma de 10 metros nos Jogos Pan Americanos de Toronto no ano passado. Ela e sua companheira de equipe, Ingrid de Oliveira, terminaram em oitavo na competi\u00e7\u00e3o da plataforma de 10 metros no Rio e decidiram n\u00e3o competir mais juntas ap\u00f3s um desentendimento pessoal, mas provavelmente haver\u00e1 outras oportunidades para que ela continue saltando pelo Brasil no futuro. <\/span><\/p>\n<p><iframe src=\"https:\/\/www.youtube.com\/embed\/6wxnGQUYEVI\" width=\"620\" height=\"349\" frameborder=\"0\" allowfullscreen=\"allowfullscreen\"><\/iframe><\/p>\n<!-- AddThis Advanced Settings generic via filter on the_content --><!-- AddThis Share Buttons generic via filter on the_content -->","protected":false},"excerpt":{"rendered":"<div class=\"mh-excerpt\"><p>Click Here for English Quando Rafaela Silva jogou suas m\u00e3os para o ar para comemorar sua vit\u00f3ria Ol\u00edmpica na disputa da medalha de ouro feminina do jud\u00f4, moradores, atletas e t\u00e9cnicos pelas favelas do Rio <a class=\"mh-excerpt-more\" href=\"https:\/\/rioonwatch.org.br\/?p=21770\" title=\"Atletas Ol\u00edmpicos do Rio Apresentaram o Potencial Esportivo das Favelas\">[&#8230;]<\/a><!-- AddThis Advanced Settings generic via filter on get_the_excerpt --><!-- AddThis Share Buttons generic via filter on get_the_excerpt --><\/p>\n<\/div>","protected":false},"author":129,"featured_media":21772,"comment_status":"closed","ping_status":"closed","sticky":false,"template":"","format":"standard","meta":{"_acf_changed":false,"_monsterinsights_skip_tracking":false,"_monsterinsights_sitenote_active":false,"_monsterinsights_sitenote_note":"","_monsterinsights_sitenote_category":0,"footnotes":""},"categories":[1635,1621,1626,1616],"tags":[1066,1800,554,421,292,447,1240,78,758,354,218,184,383],"writer":[1892],"translator":[1862],"source":[],"ilustrador":[],"fotografo":[],"class_list":{"0":"post-21770","1":"post","2":"type-post","3":"status-publish","4":"format-standard","5":"has-post-thumbnail","7":"category-1635","8":"category-destaque","9":"category-por-observadores-internacionais","10":"category-qualidades-da-favela","11":"tag-chacara-do-ceu","12":"tag-chapadao","13":"tag-cidade-de-deus","14":"tag-cultura-da-favela","15":"tag-esporte","16":"tag-jacarepagua","17":"tag-megaeventos","18":"tag-olimpiadas","19":"tag-orgulho-comunitario","20":"tag-vidigal","21":"tag-zona-norte","22":"tag-zona-oeste","23":"tag-zona-sul","24":"writer-natalie-southwick","25":"translator-caroline-quintanilha"},"acf":[],"yoast_head":"<!-- This site is optimized with the Yoast SEO plugin v25.6 - https:\/\/yoast.com\/wordpress\/plugins\/seo\/ -->\n<title>Atletas Ol\u00edmpicos do Rio Apresentaram o Potencial Esportivo das Favelas - RioOnWatch<\/title>\n<meta name=\"robots\" content=\"index, follow, max-snippet:-1, max-image-preview:large, max-video-preview:-1\" \/>\n<link rel=\"canonical\" href=\"https:\/\/rioonwatch.org.br\/?p=21770\" \/>\n<meta property=\"og:locale\" content=\"pt_BR\" \/>\n<meta property=\"og:type\" content=\"article\" \/>\n<meta property=\"og:title\" content=\"Atletas Ol\u00edmpicos do Rio Apresentaram o Potencial Esportivo das Favelas - RioOnWatch\" \/>\n<meta property=\"og:description\" content=\"Click Here for English Quando Rafaela Silva jogou suas m\u00e3os para o ar para comemorar sua vit\u00f3ria Ol\u00edmpica na disputa da medalha de ouro feminina do jud\u00f4, moradores, atletas e t\u00e9cnicos pelas favelas do Rio [...]\" \/>\n<meta property=\"og:url\" content=\"https:\/\/rioonwatch.org.br\/?p=21770\" \/>\n<meta property=\"og:site_name\" content=\"RioOnWatch\" \/>\n<meta property=\"article:published_time\" content=\"2016-08-21T15:09:58+00:00\" \/>\n<meta property=\"article:modified_time\" content=\"2024-06-20T19:26:16+00:00\" \/>\n<meta property=\"og:image\" content=\"https:\/\/rioonwatch.org.br\/wp-content\/uploads\/2016\/08\/13422331_10153801201103074_281406157446812637_o-e1471643295944.jpg\" \/>\n\t<meta property=\"og:image:width\" content=\"1000\" \/>\n\t<meta property=\"og:image:height\" content=\"620\" \/>\n\t<meta property=\"og:image:type\" content=\"image\/jpeg\" \/>\n<meta name=\"author\" content=\"Admin\" \/>\n<meta name=\"twitter:card\" content=\"summary_large_image\" \/>\n<meta name=\"twitter:label1\" content=\"Escrito por\" \/>\n\t<meta name=\"twitter:data1\" content=\"Admin\" \/>\n\t<meta name=\"twitter:label2\" content=\"Est. tempo de leitura\" \/>\n\t<meta name=\"twitter:data2\" content=\"8 minutos\" \/>\n<script type=\"application\/ld+json\" class=\"yoast-schema-graph\">{\"@context\":\"https:\/\/schema.org\",\"@graph\":[{\"@type\":\"Article\",\"@id\":\"https:\/\/rioonwatch.org.br\/?p=21770#article\",\"isPartOf\":{\"@id\":\"https:\/\/rioonwatch.org.br\/?p=21770\"},\"author\":{\"name\":\"Admin\",\"@id\":\"https:\/\/rioonwatch.org.br\/#\/schema\/person\/11d64c290506f9df50c71b850c473f68\"},\"headline\":\"Atletas Ol\u00edmpicos do Rio Apresentaram o Potencial Esportivo das Favelas\",\"datePublished\":\"2016-08-21T15:09:58+00:00\",\"dateModified\":\"2024-06-20T19:26:16+00:00\",\"mainEntityOfPage\":{\"@id\":\"https:\/\/rioonwatch.org.br\/?p=21770\"},\"wordCount\":1607,\"publisher\":{\"@id\":\"https:\/\/rioonwatch.org.br\/#organization\"},\"image\":{\"@id\":\"https:\/\/rioonwatch.org.br\/?p=21770#primaryimage\"},\"thumbnailUrl\":\"https:\/\/rioonwatch.org.br\/wp-content\/uploads\/2016\/08\/13422331_10153801201103074_281406157446812637_o-e1471643295944.jpg\",\"keywords\":[\"Ch\u00e1cara do C\u00e9u\",\"Chapad\u00e3o\",\"Cidade de Deus\",\"cultura da favela\",\"esporte\",\"Jacarepagu\u00e1\",\"Megaeventos\",\"Olimp\u00edadas\",\"orgulho comunit\u00e1rio\",\"Vidigal\",\"Zona Norte\",\"Zona Oeste\",\"Zona Sul\"],\"articleSection\":[\"#Rio2016\",\"*Destaque\",\"Escrito por Aliados\",\"Qualidades da Favela\"],\"inLanguage\":\"pt-BR\"},{\"@type\":\"WebPage\",\"@id\":\"https:\/\/rioonwatch.org.br\/?p=21770\",\"url\":\"https:\/\/rioonwatch.org.br\/?p=21770\",\"name\":\"Atletas Ol\u00edmpicos do Rio Apresentaram o Potencial Esportivo das Favelas - RioOnWatch\",\"isPartOf\":{\"@id\":\"https:\/\/rioonwatch.org.br\/#website\"},\"primaryImageOfPage\":{\"@id\":\"https:\/\/rioonwatch.org.br\/?p=21770#primaryimage\"},\"image\":{\"@id\":\"https:\/\/rioonwatch.org.br\/?p=21770#primaryimage\"},\"thumbnailUrl\":\"https:\/\/rioonwatch.org.br\/wp-content\/uploads\/2016\/08\/13422331_10153801201103074_281406157446812637_o-e1471643295944.jpg\",\"datePublished\":\"2016-08-21T15:09:58+00:00\",\"dateModified\":\"2024-06-20T19:26:16+00:00\",\"breadcrumb\":{\"@id\":\"https:\/\/rioonwatch.org.br\/?p=21770#breadcrumb\"},\"inLanguage\":\"pt-BR\",\"potentialAction\":[{\"@type\":\"ReadAction\",\"target\":[\"https:\/\/rioonwatch.org.br\/?p=21770\"]}]},{\"@type\":\"ImageObject\",\"inLanguage\":\"pt-BR\",\"@id\":\"https:\/\/rioonwatch.org.br\/?p=21770#primaryimage\",\"url\":\"https:\/\/rioonwatch.org.br\/wp-content\/uploads\/2016\/08\/13422331_10153801201103074_281406157446812637_o-e1471643295944.jpg\",\"contentUrl\":\"https:\/\/rioonwatch.org.br\/wp-content\/uploads\/2016\/08\/13422331_10153801201103074_281406157446812637_o-e1471643295944.jpg\",\"width\":1000,\"height\":620},{\"@type\":\"BreadcrumbList\",\"@id\":\"https:\/\/rioonwatch.org.br\/?p=21770#breadcrumb\",\"itemListElement\":[{\"@type\":\"ListItem\",\"position\":1,\"name\":\"In\u00edcio\",\"item\":\"https:\/\/rioonwatch.org.br\/\"},{\"@type\":\"ListItem\",\"position\":2,\"name\":\"Atletas Ol\u00edmpicos do Rio Apresentaram o Potencial Esportivo das Favelas\"}]},{\"@type\":\"WebSite\",\"@id\":\"https:\/\/rioonwatch.org.br\/#website\",\"url\":\"https:\/\/rioonwatch.org.br\/\",\"name\":\"RioOnWatch\",\"description\":\"relatos das favelas cariocas\",\"publisher\":{\"@id\":\"https:\/\/rioonwatch.org.br\/#organization\"},\"potentialAction\":[{\"@type\":\"SearchAction\",\"target\":{\"@type\":\"EntryPoint\",\"urlTemplate\":\"https:\/\/rioonwatch.org.br\/?s={search_term_string}\"},\"query-input\":{\"@type\":\"PropertyValueSpecification\",\"valueRequired\":true,\"valueName\":\"search_term_string\"}}],\"inLanguage\":\"pt-BR\"},{\"@type\":\"Organization\",\"@id\":\"https:\/\/rioonwatch.org.br\/#organization\",\"name\":\"RioOnWatch\",\"url\":\"https:\/\/rioonwatch.org.br\/\",\"logo\":{\"@type\":\"ImageObject\",\"inLanguage\":\"pt-BR\",\"@id\":\"https:\/\/rioonwatch.org.br\/#\/schema\/logo\/image\/\",\"url\":\"https:\/\/rioonwatch.org.br\/wp-content\/uploads\/2021\/06\/RioOnWatchcabecalhoPT11anos-2.png\",\"contentUrl\":\"https:\/\/rioonwatch.org.br\/wp-content\/uploads\/2021\/06\/RioOnWatchcabecalhoPT11anos-2.png\",\"width\":779,\"height\":277,\"caption\":\"RioOnWatch\"},\"image\":{\"@id\":\"https:\/\/rioonwatch.org.br\/#\/schema\/logo\/image\/\"}},{\"@type\":\"Person\",\"@id\":\"https:\/\/rioonwatch.org.br\/#\/schema\/person\/11d64c290506f9df50c71b850c473f68\",\"name\":\"Admin\",\"image\":{\"@type\":\"ImageObject\",\"inLanguage\":\"pt-BR\",\"@id\":\"https:\/\/rioonwatch.org.br\/#\/schema\/person\/image\/\",\"url\":\"https:\/\/secure.gravatar.com\/avatar\/56211ac74568383903349a1485e3c325?s=96&d=blank&r=g\",\"contentUrl\":\"https:\/\/secure.gravatar.com\/avatar\/56211ac74568383903349a1485e3c325?s=96&d=blank&r=g\",\"caption\":\"Admin\"},\"url\":\"https:\/\/rioonwatch.org.br\/?author=129\"}]}<\/script>\n<!-- \/ Yoast SEO plugin. -->","yoast_head_json":{"title":"Atletas Ol\u00edmpicos do Rio Apresentaram o Potencial Esportivo das Favelas - RioOnWatch","robots":{"index":"index","follow":"follow","max-snippet":"max-snippet:-1","max-image-preview":"max-image-preview:large","max-video-preview":"max-video-preview:-1"},"canonical":"https:\/\/rioonwatch.org.br\/?p=21770","og_locale":"pt_BR","og_type":"article","og_title":"Atletas Ol\u00edmpicos do Rio Apresentaram o Potencial Esportivo das Favelas - RioOnWatch","og_description":"Click Here for English Quando Rafaela Silva jogou suas m\u00e3os para o ar para comemorar sua vit\u00f3ria Ol\u00edmpica na disputa da medalha de ouro feminina do jud\u00f4, moradores, atletas e t\u00e9cnicos pelas favelas do Rio [...]","og_url":"https:\/\/rioonwatch.org.br\/?p=21770","og_site_name":"RioOnWatch","article_published_time":"2016-08-21T15:09:58+00:00","article_modified_time":"2024-06-20T19:26:16+00:00","og_image":[{"width":1000,"height":620,"url":"https:\/\/rioonwatch.org.br\/wp-content\/uploads\/2016\/08\/13422331_10153801201103074_281406157446812637_o-e1471643295944.jpg","type":"image\/jpeg"}],"author":"Admin","twitter_card":"summary_large_image","twitter_misc":{"Escrito por":"Admin","Est. tempo de leitura":"8 minutos"},"schema":{"@context":"https:\/\/schema.org","@graph":[{"@type":"Article","@id":"https:\/\/rioonwatch.org.br\/?p=21770#article","isPartOf":{"@id":"https:\/\/rioonwatch.org.br\/?p=21770"},"author":{"name":"Admin","@id":"https:\/\/rioonwatch.org.br\/#\/schema\/person\/11d64c290506f9df50c71b850c473f68"},"headline":"Atletas Ol\u00edmpicos do Rio Apresentaram o Potencial Esportivo das Favelas","datePublished":"2016-08-21T15:09:58+00:00","dateModified":"2024-06-20T19:26:16+00:00","mainEntityOfPage":{"@id":"https:\/\/rioonwatch.org.br\/?p=21770"},"wordCount":1607,"publisher":{"@id":"https:\/\/rioonwatch.org.br\/#organization"},"image":{"@id":"https:\/\/rioonwatch.org.br\/?p=21770#primaryimage"},"thumbnailUrl":"https:\/\/rioonwatch.org.br\/wp-content\/uploads\/2016\/08\/13422331_10153801201103074_281406157446812637_o-e1471643295944.jpg","keywords":["Ch\u00e1cara do C\u00e9u","Chapad\u00e3o","Cidade de Deus","cultura da favela","esporte","Jacarepagu\u00e1","Megaeventos","Olimp\u00edadas","orgulho comunit\u00e1rio","Vidigal","Zona Norte","Zona Oeste","Zona Sul"],"articleSection":["#Rio2016","*Destaque","Escrito por Aliados","Qualidades da Favela"],"inLanguage":"pt-BR"},{"@type":"WebPage","@id":"https:\/\/rioonwatch.org.br\/?p=21770","url":"https:\/\/rioonwatch.org.br\/?p=21770","name":"Atletas Ol\u00edmpicos do Rio Apresentaram o Potencial Esportivo das Favelas - RioOnWatch","isPartOf":{"@id":"https:\/\/rioonwatch.org.br\/#website"},"primaryImageOfPage":{"@id":"https:\/\/rioonwatch.org.br\/?p=21770#primaryimage"},"image":{"@id":"https:\/\/rioonwatch.org.br\/?p=21770#primaryimage"},"thumbnailUrl":"https:\/\/rioonwatch.org.br\/wp-content\/uploads\/2016\/08\/13422331_10153801201103074_281406157446812637_o-e1471643295944.jpg","datePublished":"2016-08-21T15:09:58+00:00","dateModified":"2024-06-20T19:26:16+00:00","breadcrumb":{"@id":"https:\/\/rioonwatch.org.br\/?p=21770#breadcrumb"},"inLanguage":"pt-BR","potentialAction":[{"@type":"ReadAction","target":["https:\/\/rioonwatch.org.br\/?p=21770"]}]},{"@type":"ImageObject","inLanguage":"pt-BR","@id":"https:\/\/rioonwatch.org.br\/?p=21770#primaryimage","url":"https:\/\/rioonwatch.org.br\/wp-content\/uploads\/2016\/08\/13422331_10153801201103074_281406157446812637_o-e1471643295944.jpg","contentUrl":"https:\/\/rioonwatch.org.br\/wp-content\/uploads\/2016\/08\/13422331_10153801201103074_281406157446812637_o-e1471643295944.jpg","width":1000,"height":620},{"@type":"BreadcrumbList","@id":"https:\/\/rioonwatch.org.br\/?p=21770#breadcrumb","itemListElement":[{"@type":"ListItem","position":1,"name":"In\u00edcio","item":"https:\/\/rioonwatch.org.br\/"},{"@type":"ListItem","position":2,"name":"Atletas Ol\u00edmpicos do Rio Apresentaram o Potencial Esportivo das Favelas"}]},{"@type":"WebSite","@id":"https:\/\/rioonwatch.org.br\/#website","url":"https:\/\/rioonwatch.org.br\/","name":"RioOnWatch","description":"relatos das favelas cariocas","publisher":{"@id":"https:\/\/rioonwatch.org.br\/#organization"},"potentialAction":[{"@type":"SearchAction","target":{"@type":"EntryPoint","urlTemplate":"https:\/\/rioonwatch.org.br\/?s={search_term_string}"},"query-input":{"@type":"PropertyValueSpecification","valueRequired":true,"valueName":"search_term_string"}}],"inLanguage":"pt-BR"},{"@type":"Organization","@id":"https:\/\/rioonwatch.org.br\/#organization","name":"RioOnWatch","url":"https:\/\/rioonwatch.org.br\/","logo":{"@type":"ImageObject","inLanguage":"pt-BR","@id":"https:\/\/rioonwatch.org.br\/#\/schema\/logo\/image\/","url":"https:\/\/rioonwatch.org.br\/wp-content\/uploads\/2021\/06\/RioOnWatchcabecalhoPT11anos-2.png","contentUrl":"https:\/\/rioonwatch.org.br\/wp-content\/uploads\/2021\/06\/RioOnWatchcabecalhoPT11anos-2.png","width":779,"height":277,"caption":"RioOnWatch"},"image":{"@id":"https:\/\/rioonwatch.org.br\/#\/schema\/logo\/image\/"}},{"@type":"Person","@id":"https:\/\/rioonwatch.org.br\/#\/schema\/person\/11d64c290506f9df50c71b850c473f68","name":"Admin","image":{"@type":"ImageObject","inLanguage":"pt-BR","@id":"https:\/\/rioonwatch.org.br\/#\/schema\/person\/image\/","url":"https:\/\/secure.gravatar.com\/avatar\/56211ac74568383903349a1485e3c325?s=96&d=blank&r=g","contentUrl":"https:\/\/secure.gravatar.com\/avatar\/56211ac74568383903349a1485e3c325?s=96&d=blank&r=g","caption":"Admin"},"url":"https:\/\/rioonwatch.org.br\/?author=129"}]}},"_links":{"self":[{"href":"https:\/\/rioonwatch.org.br\/index.php?rest_route=\/wp\/v2\/posts\/21770"}],"collection":[{"href":"https:\/\/rioonwatch.org.br\/index.php?rest_route=\/wp\/v2\/posts"}],"about":[{"href":"https:\/\/rioonwatch.org.br\/index.php?rest_route=\/wp\/v2\/types\/post"}],"author":[{"embeddable":true,"href":"https:\/\/rioonwatch.org.br\/index.php?rest_route=\/wp\/v2\/users\/129"}],"replies":[{"embeddable":true,"href":"https:\/\/rioonwatch.org.br\/index.php?rest_route=%2Fwp%2Fv2%2Fcomments&post=21770"}],"version-history":[{"count":12,"href":"https:\/\/rioonwatch.org.br\/index.php?rest_route=\/wp\/v2\/posts\/21770\/revisions"}],"predecessor-version":[{"id":74187,"href":"https:\/\/rioonwatch.org.br\/index.php?rest_route=\/wp\/v2\/posts\/21770\/revisions\/74187"}],"wp:featuredmedia":[{"embeddable":true,"href":"https:\/\/rioonwatch.org.br\/index.php?rest_route=\/wp\/v2\/media\/21772"}],"wp:attachment":[{"href":"https:\/\/rioonwatch.org.br\/index.php?rest_route=%2Fwp%2Fv2%2Fmedia&parent=21770"}],"wp:term":[{"taxonomy":"category","embeddable":true,"href":"https:\/\/rioonwatch.org.br\/index.php?rest_route=%2Fwp%2Fv2%2Fcategories&post=21770"},{"taxonomy":"post_tag","embeddable":true,"href":"https:\/\/rioonwatch.org.br\/index.php?rest_route=%2Fwp%2Fv2%2Ftags&post=21770"},{"taxonomy":"writer","embeddable":true,"href":"https:\/\/rioonwatch.org.br\/index.php?rest_route=%2Fwp%2Fv2%2Fwriter&post=21770"},{"taxonomy":"translator","embeddable":true,"href":"https:\/\/rioonwatch.org.br\/index.php?rest_route=%2Fwp%2Fv2%2Ftranslator&post=21770"},{"taxonomy":"source","embeddable":true,"href":"https:\/\/rioonwatch.org.br\/index.php?rest_route=%2Fwp%2Fv2%2Fsource&post=21770"},{"taxonomy":"ilustrador","embeddable":true,"href":"https:\/\/rioonwatch.org.br\/index.php?rest_route=%2Fwp%2Fv2%2Filustrador&post=21770"},{"taxonomy":"fotografo","embeddable":true,"href":"https:\/\/rioonwatch.org.br\/index.php?rest_route=%2Fwp%2Fv2%2Ffotografo&post=21770"}],"curies":[{"name":"wp","href":"https:\/\/api.w.org\/{rel}","templated":true}]}}