{"id":21817,"date":"2016-08-20T09:16:20","date_gmt":"2016-08-20T12:16:20","guid":{"rendered":"http:\/\/rioonwatch.org.br\/?p=21817"},"modified":"2024-06-20T16:26:17","modified_gmt":"2024-06-20T19:26:17","slug":"vila-autodromo-ocupa-o-parque-olimpico-com-celebracao-e-protesto","status":"publish","type":"post","link":"https:\/\/rioonwatch.org.br\/?p=21817","title":{"rendered":"Vila Aut\u00f3dromo &#8216;Ocupa&#8217; o Parque Ol\u00edmpico com Celebra\u00e7\u00e3o e Protesto"},"content":{"rendered":"<p style=\"text-align: right;\"><em><strong><a href=\"http:\/\/bit.ly\/2b3hfib\" target=\"_blank\" rel=\"noopener\">Click Here for English<img decoding=\"async\" width=\"20\" height=\"20\" class=\"alignright wp-image-15790\" src=\"http:\/\/rioonwatch.org.br\/wp-content\/uploads\/2012\/08\/EN-standard-e1439583104716.jpg\" alt=\"\" \/><\/a><\/strong><\/em><\/p>\n<p>No dia 13 de agosto, a <a href=\"http:\/\/bit.ly\/Nfddvg\" target=\"_blank\" rel=\"noopener\">Vila Aut\u00f3dromo<\/a>\u00a0sediou o evento <a href=\"http:\/\/bit.ly\/2bmS8ou\">Vila Aut\u00f3dromo Ocupa Olimp\u00edada<\/a>, para a &#8220;reafirma\u00e7\u00e3o de seu territ\u00f3rio, de sua exist\u00eancia, de sua resist\u00eancia e re-exist\u00eancia&#8221;. Mais de 100 moradores e apoiadores se reuniram para compartilhar informa\u00e7\u00f5es e desfrutar de uma celebra\u00e7\u00e3o \u00e0 solidariedade e \u00e0\u00a0<a href=\"http:\/\/bit.ly\/1piRAgk\" target=\"_blank\" rel=\"noopener\">resist\u00eancia<\/a>, que come\u00e7ou a tarde e se estendeu pela noite.<\/p>\n<p style=\"text-align: justify; line-height: 16.8pt; background: white; vertical-align: baseline;\"><span style=\"color: black;\">O evento foi uma express\u00e3o da duradoura hist\u00f3ria e luta enfrentadas pela comunidade nos anos que antecederam os Jogos de 2016.\u00a0A comunidade escreveu na p\u00e1gina do evento no Facebook:<\/span><\/p>\n<blockquote><p>&#8220;Os <a class=\"_58cn\" href=\"https:\/\/www.facebook.com\/hashtag\/jogosdaexclus%C3%A3o\" data-ft=\"{&quot;tn&quot;:&quot;*N&quot;,&quot;type&quot;:104}\">#JogosDaExclus\u00e3o<\/a> chegaram e a &#8220;festa Ol\u00edmpica&#8221; est\u00e1 por todos os nossos lados &#8211; mas n\u00f3s n\u00e3o fomos convidados!<\/p>\n<p>Pagamos pelos Jogos Ol\u00edmpicos com a <a href=\"http:\/\/bit.ly\/1MjkbPG\" target=\"_blank\" rel=\"noopener\">remo\u00e7\u00e3o violenta<\/a> de grande parte dos moradores de nossa comunidade, durante anos fomos submetidos a todo tipo de <a href=\"http:\/\/bit.ly\/13e0FNm\" target=\"_blank\" rel=\"noopener\">press\u00e3o<\/a> e <a href=\"http:\/\/bit.ly\/2bL4q9b\" target=\"_blank\" rel=\"noopener\">amea\u00e7as<\/a> por parte da prefeitura, que tentou de todas as formas acabar com a Vila Aut\u00f3dromo.<\/p>\n<p>Resistimos. E somos n\u00f3s quem vamos contar essa hist\u00f3ria.&#8221;<\/p><\/blockquote>\n<p><a href=\"http:\/\/rioonwatch.org.br\/wp-content\/uploads\/2016\/08\/Ocupa-Olimpiadas.jpg\"><img fetchpriority=\"high\" decoding=\"async\" class=\"aligncenter wp-image-21821 size-medium\" title=\"Manifestantes se preparam para a mobiliza\u00e7\u00e3o\" src=\"http:\/\/rioonwatch.org.br\/wp-content\/uploads\/2016\/08\/Ocupa-Olimpiadas-620x413.jpg\" alt=\"Ocupa-Olimpiadas\" width=\"620\" height=\"413\" srcset=\"https:\/\/rioonwatch.org.br\/wp-content\/uploads\/2016\/08\/Ocupa-Olimpiadas-620x413.jpg 620w, https:\/\/rioonwatch.org.br\/wp-content\/uploads\/2016\/08\/Ocupa-Olimpiadas-396x264.jpg 396w, https:\/\/rioonwatch.org.br\/wp-content\/uploads\/2016\/08\/Ocupa-Olimpiadas-768x512.jpg 768w, https:\/\/rioonwatch.org.br\/wp-content\/uploads\/2016\/08\/Ocupa-Olimpiadas-1024x683.jpg 1024w, https:\/\/rioonwatch.org.br\/wp-content\/uploads\/2016\/08\/Ocupa-Olimpiadas.jpg 1990w\" sizes=\"(max-width: 620px) 100vw, 620px\" \/><\/a><\/p>\n<p>Localizada a apenas cinco minutos a p\u00e9 do Parque Ol\u00edmpico na <a href=\"http:\/\/bit.ly\/19BBUhf\" target=\"_blank\" rel=\"noopener\">Barra da Tijuca<\/a>, na <a href=\"http:\/\/bit.ly\/11tBmFR\" target=\"_blank\" rel=\"noopener\">Zona Oeste<\/a> do Rio, a comunidade ofereceu uma alternativa \u00e0s lustrosas exibi\u00e7\u00f5es dos\u00a0<a href=\"http:\/\/bit.ly\/PkLXlQ\" target=\"_blank\" rel=\"noopener\">Jogos Ol\u00edmpicos Rio 2016<\/a>. A mostra das instala\u00e7\u00f5es do <a href=\"http:\/\/bit.ly\/261kUDv\" target=\"_blank\" rel=\"noopener\">Museu das Remo\u00e7\u00f5es<\/a>\u00a0esteve em destaque apresentando representa\u00e7\u00f5es projetadas pela comunidade das <a href=\"http:\/\/bit.ly\/X51Qvb\" target=\"_blank\" rel=\"noopener\">remo\u00e7\u00f5es<\/a>\u00a0que reduziram a comunidade de quase 700 fam\u00edlias para\u00a0<a href=\"http:\/\/bit.ly\/2aWmvRL\" target=\"_blank\" rel=\"noopener\">apenas 20<\/a>.<\/p>\n<p style=\"text-align: justify; line-height: 16.8pt; background: white; vertical-align: baseline;\"><span style=\"color: black;\">Moradores tamb\u00e9m estavam nas ruas, oferecendo seus relatos sobre como as Olimp\u00edadas afetaram suas vidas, e sobre como eles planejam seguir adiante, agora que finalmente se mudaram para suas moradias constru\u00eddas pela prefeitura no local. A pol\u00edcia e as autoridades das Olimp\u00edadas se fizeram notar, dirigindo esporadicamente pela comunidade e tamb\u00e9m requerendo que os presentes removessem decora\u00e7\u00f5es do evento nas ruas para que eles pudessem passar. Apesar disso, contudo, o evento manteve uma atmosfera positiva, acrescido de comida rec\u00e9m preparada, bebida e m\u00fasica.<\/span><\/p>\n<p style=\"text-align: justify; line-height: 16.8pt; background: white; vertical-align: baseline;\"><span style=\"color: black;\">Mais tarde, \u00e0 noite, enquanto os integrantes das performances se preparavam para atuarem no evento, parte do grupo foi ao Parque Ol\u00edmpico para um ato de resist\u00eancia e para promover a conscientiza\u00e7\u00e3o. Duas jovens garotas andavam com pernas-de-pau acima da multid\u00e3o, carregando uma faixa que dizia &#8220;Mem\u00f3ria n\u00e3o se remove&#8221;, chamando a aten\u00e7\u00e3o entusiasmada de v\u00e1rios espectadores Ol\u00edmpicos que deixavam o local.<\/span><\/p>\n<p><a href=\"http:\/\/rioonwatch.org.br\/wp-content\/uploads\/2016\/08\/Memory-you-cant-remove.jpg\"><img decoding=\"async\" class=\"aligncenter wp-image-21823 size-medium\" title=\"&quot;Mem\u00f3ria N\u00e3o se Remove&quot;\" src=\"http:\/\/rioonwatch.org.br\/wp-content\/uploads\/2016\/08\/Memory-you-cant-remove-620x413.jpg\" alt=\"Memory-you-cant-remove\" width=\"620\" height=\"413\" srcset=\"https:\/\/rioonwatch.org.br\/wp-content\/uploads\/2016\/08\/Memory-you-cant-remove-620x413.jpg 620w, https:\/\/rioonwatch.org.br\/wp-content\/uploads\/2016\/08\/Memory-you-cant-remove-396x264.jpg 396w, https:\/\/rioonwatch.org.br\/wp-content\/uploads\/2016\/08\/Memory-you-cant-remove-768x512.jpg 768w, https:\/\/rioonwatch.org.br\/wp-content\/uploads\/2016\/08\/Memory-you-cant-remove-1024x683.jpg 1024w, https:\/\/rioonwatch.org.br\/wp-content\/uploads\/2016\/08\/Memory-you-cant-remove.jpg 1990w\" sizes=\"(max-width: 620px) 100vw, 620px\" \/><\/a><\/p>\n<p>Outros manifestantes abriram faixas contra as Olimp\u00edadas e os impactos\u00a0do megaevento. Uma faixa dizia\u00a0&#8220;Terrorista \u00e9 o Estado&#8221;. Os manifestantes argumentaram que a frase n\u00e3o se referia apenas \u00e0s quest\u00f5es end\u00eamicas da\u00a0<a href=\"http:\/\/bit.ly\/1i0t9Hc\" target=\"_blank\" rel=\"noopener\">viol\u00eancia policial<\/a> e intimida\u00e7\u00e3o, mas tamb\u00e9m sobre o\u00a0<a href=\"http:\/\/bit.ly\/1K8LVUg\" target=\"_blank\" rel=\"noopener\">fracasso do estado em oferecer servi\u00e7os p\u00fablicos<\/a>. Um manifestante disse: &#8220;O pr\u00f3prio estado causa o terror <a href=\"http:\/\/bit.ly\/29T9kjb\" target=\"_blank\" rel=\"noopener\">quando n\u00e3o fornece<\/a> sa\u00fade, educa\u00e7\u00e3o, saneamento b\u00e1sico. Essas Olimp\u00edadas s\u00e3o uma Olim-piada&#8221;.<\/p>\n<figure id=\"attachment_21825\" aria-describedby=\"caption-attachment-21825\" style=\"width: 620px\" class=\"wp-caption aligncenter\"><a href=\"http:\/\/rioonwatch.org.br\/wp-content\/uploads\/2016\/08\/13921157_370104079779840_1630206229867223284_n.jpg\"><img loading=\"lazy\" decoding=\"async\" class=\"wp-image-21825 size-content\" title=\"&quot;Terrorista \u00c9 o Estado&quot;. Foto da p\u00e1gina no Facebook do Os Jogos de Exclus\u00e3o\" src=\"http:\/\/rioonwatch.org.br\/wp-content\/uploads\/2016\/08\/13921157_370104079779840_1630206229867223284_n-620x264.jpg\" alt=\"13921157_370104079779840_1630206229867223284_n\" width=\"620\" height=\"264\" srcset=\"https:\/\/rioonwatch.org.br\/wp-content\/uploads\/2016\/08\/13921157_370104079779840_1630206229867223284_n-620x264.jpg 620w, https:\/\/rioonwatch.org.br\/wp-content\/uploads\/2016\/08\/13921157_370104079779840_1630206229867223284_n-940x400.jpg 940w\" sizes=\"(max-width: 620px) 100vw, 620px\" \/><\/a><figcaption id=\"caption-attachment-21825\" class=\"wp-caption-text\">&#8220;Terrorista \u00e9 o Estado.&#8221; Foto da p\u00e1gina no Facebook do Os Jogos de Exclus\u00e3o<\/figcaption><\/figure>\n<p>Os manifestantes conseguiram seguir adiante sem a interfer\u00eancia policial, repetindo frases e distribuindo panfletos informacionais aos que passavam, a medida em que os eventos Ol\u00edmpicos terminavam e os espectadores come\u00e7avam a sair. Alguns dos que passavam por perto tamb\u00e9m ofereciam apoio, gritando a exclama\u00e7\u00e3o, agora comum, contra o presidente interino, &#8220;Fora Temer!&#8221; Depois de cerca de uma hora de protesto, os manifestantes retornaram \u00e0 Vila Aut\u00f3dromo.<\/p>\n<!-- AddThis Advanced Settings generic via filter on the_content --><!-- AddThis Share Buttons generic via filter on the_content -->","protected":false},"excerpt":{"rendered":"<div class=\"mh-excerpt\"><p>Click Here for English No dia 13 de agosto, a Vila Aut\u00f3dromo\u00a0sediou o evento Vila Aut\u00f3dromo Ocupa Olimp\u00edada, para a &#8220;reafirma\u00e7\u00e3o de seu territ\u00f3rio, de sua exist\u00eancia, de sua resist\u00eancia e re-exist\u00eancia&#8221;. Mais de 100 <a class=\"mh-excerpt-more\" href=\"https:\/\/rioonwatch.org.br\/?p=21817\" title=\"Vila Aut\u00f3dromo &#8216;Ocupa&#8217; o Parque Ol\u00edmpico com Celebra\u00e7\u00e3o e Protesto\">[&#8230;]<\/a><!-- AddThis Advanced Settings generic via filter on get_the_excerpt --><!-- AddThis Share Buttons generic via filter on get_the_excerpt --><\/p>\n<\/div>","protected":false},"author":129,"featured_media":21819,"comment_status":"closed","ping_status":"closed","sticky":false,"template":"","format":"standard","meta":{"_acf_changed":false,"_monsterinsights_skip_tracking":false,"_monsterinsights_sitenote_active":false,"_monsterinsights_sitenote_note":"","_monsterinsights_sitenote_category":0,"footnotes":""},"categories":[1635,1627,1626],"tags":[274,128,1240,78,304,763,14,432,55,184],"writer":[1928],"translator":[1895],"source":[],"ilustrador":[],"fotografo":[],"class_list":{"0":"post-21817","1":"post","2":"type-post","3":"status-publish","4":"format-standard","5":"has-post-thumbnail","7":"category-1635","8":"category-relato-de-evento","9":"category-por-observadores-internacionais","10":"tag-barra-da-tijuca","11":"tag-historia","12":"tag-megaeventos","13":"tag-olimpiadas","14":"tag-participacao","15":"tag-protesto","16":"tag-remocao","17":"tag-resistencia","18":"tag-vila-autodromo","19":"tag-zona-oeste","20":"writer-alex-besser","21":"translator-francine-oliveira"},"acf":[],"yoast_head":"<!-- This site is optimized with the Yoast SEO plugin v25.6 - https:\/\/yoast.com\/wordpress\/plugins\/seo\/ -->\n<title>Vila Aut\u00f3dromo &#039;Ocupa&#039; o Parque Ol\u00edmpico com Celebra\u00e7\u00e3o e Protesto - RioOnWatch<\/title>\n<meta name=\"robots\" content=\"index, follow, max-snippet:-1, max-image-preview:large, max-video-preview:-1\" \/>\n<link rel=\"canonical\" href=\"https:\/\/rioonwatch.org.br\/?p=21817\" \/>\n<meta property=\"og:locale\" content=\"pt_BR\" \/>\n<meta property=\"og:type\" content=\"article\" \/>\n<meta property=\"og:title\" content=\"Vila Aut\u00f3dromo &#039;Ocupa&#039; o Parque Ol\u00edmpico com Celebra\u00e7\u00e3o e Protesto - RioOnWatch\" \/>\n<meta property=\"og:description\" content=\"Click Here for English No dia 13 de agosto, a Vila Aut\u00f3dromo\u00a0sediou o evento Vila Aut\u00f3dromo Ocupa Olimp\u00edada, para a &#8220;reafirma\u00e7\u00e3o de seu territ\u00f3rio, de sua exist\u00eancia, de sua resist\u00eancia e re-exist\u00eancia&#8221;. Mais de 100 [...]\" \/>\n<meta property=\"og:url\" content=\"https:\/\/rioonwatch.org.br\/?p=21817\" \/>\n<meta property=\"og:site_name\" content=\"RioOnWatch\" \/>\n<meta property=\"article:published_time\" content=\"2016-08-20T12:16:20+00:00\" \/>\n<meta property=\"article:modified_time\" content=\"2024-06-20T19:26:17+00:00\" \/>\n<meta property=\"og:image\" content=\"https:\/\/rioonwatch.org.br\/wp-content\/uploads\/2016\/08\/Protest-Banners.jpg\" \/>\n\t<meta property=\"og:image:width\" content=\"1900\" \/>\n\t<meta property=\"og:image:height\" content=\"1266\" \/>\n\t<meta property=\"og:image:type\" content=\"image\/jpeg\" \/>\n<meta name=\"author\" content=\"Admin\" \/>\n<meta name=\"twitter:card\" content=\"summary_large_image\" \/>\n<meta name=\"twitter:label1\" content=\"Escrito por\" \/>\n\t<meta name=\"twitter:data1\" content=\"Admin\" \/>\n\t<meta name=\"twitter:label2\" content=\"Est. tempo de leitura\" \/>\n\t<meta name=\"twitter:data2\" content=\"3 minutos\" \/>\n<script type=\"application\/ld+json\" class=\"yoast-schema-graph\">{\"@context\":\"https:\/\/schema.org\",\"@graph\":[{\"@type\":\"Article\",\"@id\":\"https:\/\/rioonwatch.org.br\/?p=21817#article\",\"isPartOf\":{\"@id\":\"https:\/\/rioonwatch.org.br\/?p=21817\"},\"author\":{\"name\":\"Admin\",\"@id\":\"https:\/\/rioonwatch.org.br\/#\/schema\/person\/11d64c290506f9df50c71b850c473f68\"},\"headline\":\"Vila Aut\u00f3dromo &#8216;Ocupa&#8217; o Parque Ol\u00edmpico com Celebra\u00e7\u00e3o e Protesto\",\"datePublished\":\"2016-08-20T12:16:20+00:00\",\"dateModified\":\"2024-06-20T19:26:17+00:00\",\"mainEntityOfPage\":{\"@id\":\"https:\/\/rioonwatch.org.br\/?p=21817\"},\"wordCount\":602,\"publisher\":{\"@id\":\"https:\/\/rioonwatch.org.br\/#organization\"},\"image\":{\"@id\":\"https:\/\/rioonwatch.org.br\/?p=21817#primaryimage\"},\"thumbnailUrl\":\"https:\/\/rioonwatch.org.br\/wp-content\/uploads\/2016\/08\/Protest-Banners.jpg\",\"keywords\":[\"Barra da Tijuca\",\"hist\u00f3ria\",\"Megaeventos\",\"Olimp\u00edadas\",\"participa\u00e7\u00e3o\",\"protesto\",\"Remo\u00e7\u00e3o\",\"resist\u00eancia\",\"Vila Aut\u00f3dromo\",\"Zona Oeste\"],\"articleSection\":[\"#Rio2016\",\"Cobertura de Eventos\",\"Escrito por Aliados\"],\"inLanguage\":\"pt-BR\"},{\"@type\":\"WebPage\",\"@id\":\"https:\/\/rioonwatch.org.br\/?p=21817\",\"url\":\"https:\/\/rioonwatch.org.br\/?p=21817\",\"name\":\"Vila Aut\u00f3dromo 'Ocupa' o Parque Ol\u00edmpico com Celebra\u00e7\u00e3o e Protesto - RioOnWatch\",\"isPartOf\":{\"@id\":\"https:\/\/rioonwatch.org.br\/#website\"},\"primaryImageOfPage\":{\"@id\":\"https:\/\/rioonwatch.org.br\/?p=21817#primaryimage\"},\"image\":{\"@id\":\"https:\/\/rioonwatch.org.br\/?p=21817#primaryimage\"},\"thumbnailUrl\":\"https:\/\/rioonwatch.org.br\/wp-content\/uploads\/2016\/08\/Protest-Banners.jpg\",\"datePublished\":\"2016-08-20T12:16:20+00:00\",\"dateModified\":\"2024-06-20T19:26:17+00:00\",\"breadcrumb\":{\"@id\":\"https:\/\/rioonwatch.org.br\/?p=21817#breadcrumb\"},\"inLanguage\":\"pt-BR\",\"potentialAction\":[{\"@type\":\"ReadAction\",\"target\":[\"https:\/\/rioonwatch.org.br\/?p=21817\"]}]},{\"@type\":\"ImageObject\",\"inLanguage\":\"pt-BR\",\"@id\":\"https:\/\/rioonwatch.org.br\/?p=21817#primaryimage\",\"url\":\"https:\/\/rioonwatch.org.br\/wp-content\/uploads\/2016\/08\/Protest-Banners.jpg\",\"contentUrl\":\"https:\/\/rioonwatch.org.br\/wp-content\/uploads\/2016\/08\/Protest-Banners.jpg\",\"width\":1900,\"height\":1266},{\"@type\":\"BreadcrumbList\",\"@id\":\"https:\/\/rioonwatch.org.br\/?p=21817#breadcrumb\",\"itemListElement\":[{\"@type\":\"ListItem\",\"position\":1,\"name\":\"In\u00edcio\",\"item\":\"https:\/\/rioonwatch.org.br\/\"},{\"@type\":\"ListItem\",\"position\":2,\"name\":\"Vila Aut\u00f3dromo &#8216;Ocupa&#8217; o Parque Ol\u00edmpico com Celebra\u00e7\u00e3o e Protesto\"}]},{\"@type\":\"WebSite\",\"@id\":\"https:\/\/rioonwatch.org.br\/#website\",\"url\":\"https:\/\/rioonwatch.org.br\/\",\"name\":\"RioOnWatch\",\"description\":\"relatos das favelas cariocas\",\"publisher\":{\"@id\":\"https:\/\/rioonwatch.org.br\/#organization\"},\"potentialAction\":[{\"@type\":\"SearchAction\",\"target\":{\"@type\":\"EntryPoint\",\"urlTemplate\":\"https:\/\/rioonwatch.org.br\/?s={search_term_string}\"},\"query-input\":{\"@type\":\"PropertyValueSpecification\",\"valueRequired\":true,\"valueName\":\"search_term_string\"}}],\"inLanguage\":\"pt-BR\"},{\"@type\":\"Organization\",\"@id\":\"https:\/\/rioonwatch.org.br\/#organization\",\"name\":\"RioOnWatch\",\"url\":\"https:\/\/rioonwatch.org.br\/\",\"logo\":{\"@type\":\"ImageObject\",\"inLanguage\":\"pt-BR\",\"@id\":\"https:\/\/rioonwatch.org.br\/#\/schema\/logo\/image\/\",\"url\":\"https:\/\/rioonwatch.org.br\/wp-content\/uploads\/2021\/06\/RioOnWatchcabecalhoPT11anos-2.png\",\"contentUrl\":\"https:\/\/rioonwatch.org.br\/wp-content\/uploads\/2021\/06\/RioOnWatchcabecalhoPT11anos-2.png\",\"width\":779,\"height\":277,\"caption\":\"RioOnWatch\"},\"image\":{\"@id\":\"https:\/\/rioonwatch.org.br\/#\/schema\/logo\/image\/\"}},{\"@type\":\"Person\",\"@id\":\"https:\/\/rioonwatch.org.br\/#\/schema\/person\/11d64c290506f9df50c71b850c473f68\",\"name\":\"Admin\",\"image\":{\"@type\":\"ImageObject\",\"inLanguage\":\"pt-BR\",\"@id\":\"https:\/\/rioonwatch.org.br\/#\/schema\/person\/image\/\",\"url\":\"https:\/\/secure.gravatar.com\/avatar\/56211ac74568383903349a1485e3c325?s=96&d=blank&r=g\",\"contentUrl\":\"https:\/\/secure.gravatar.com\/avatar\/56211ac74568383903349a1485e3c325?s=96&d=blank&r=g\",\"caption\":\"Admin\"},\"url\":\"https:\/\/rioonwatch.org.br\/?author=129\"}]}<\/script>\n<!-- \/ Yoast SEO plugin. -->","yoast_head_json":{"title":"Vila Aut\u00f3dromo 'Ocupa' o Parque Ol\u00edmpico com Celebra\u00e7\u00e3o e Protesto - RioOnWatch","robots":{"index":"index","follow":"follow","max-snippet":"max-snippet:-1","max-image-preview":"max-image-preview:large","max-video-preview":"max-video-preview:-1"},"canonical":"https:\/\/rioonwatch.org.br\/?p=21817","og_locale":"pt_BR","og_type":"article","og_title":"Vila Aut\u00f3dromo 'Ocupa' o Parque Ol\u00edmpico com Celebra\u00e7\u00e3o e Protesto - RioOnWatch","og_description":"Click Here for English No dia 13 de agosto, a Vila Aut\u00f3dromo\u00a0sediou o evento Vila Aut\u00f3dromo Ocupa Olimp\u00edada, para a &#8220;reafirma\u00e7\u00e3o de seu territ\u00f3rio, de sua exist\u00eancia, de sua resist\u00eancia e re-exist\u00eancia&#8221;. Mais de 100 [...]","og_url":"https:\/\/rioonwatch.org.br\/?p=21817","og_site_name":"RioOnWatch","article_published_time":"2016-08-20T12:16:20+00:00","article_modified_time":"2024-06-20T19:26:17+00:00","og_image":[{"width":1900,"height":1266,"url":"https:\/\/rioonwatch.org.br\/wp-content\/uploads\/2016\/08\/Protest-Banners.jpg","type":"image\/jpeg"}],"author":"Admin","twitter_card":"summary_large_image","twitter_misc":{"Escrito por":"Admin","Est. tempo de leitura":"3 minutos"},"schema":{"@context":"https:\/\/schema.org","@graph":[{"@type":"Article","@id":"https:\/\/rioonwatch.org.br\/?p=21817#article","isPartOf":{"@id":"https:\/\/rioonwatch.org.br\/?p=21817"},"author":{"name":"Admin","@id":"https:\/\/rioonwatch.org.br\/#\/schema\/person\/11d64c290506f9df50c71b850c473f68"},"headline":"Vila Aut\u00f3dromo &#8216;Ocupa&#8217; o Parque Ol\u00edmpico com Celebra\u00e7\u00e3o e Protesto","datePublished":"2016-08-20T12:16:20+00:00","dateModified":"2024-06-20T19:26:17+00:00","mainEntityOfPage":{"@id":"https:\/\/rioonwatch.org.br\/?p=21817"},"wordCount":602,"publisher":{"@id":"https:\/\/rioonwatch.org.br\/#organization"},"image":{"@id":"https:\/\/rioonwatch.org.br\/?p=21817#primaryimage"},"thumbnailUrl":"https:\/\/rioonwatch.org.br\/wp-content\/uploads\/2016\/08\/Protest-Banners.jpg","keywords":["Barra da Tijuca","hist\u00f3ria","Megaeventos","Olimp\u00edadas","participa\u00e7\u00e3o","protesto","Remo\u00e7\u00e3o","resist\u00eancia","Vila Aut\u00f3dromo","Zona Oeste"],"articleSection":["#Rio2016","Cobertura de Eventos","Escrito por Aliados"],"inLanguage":"pt-BR"},{"@type":"WebPage","@id":"https:\/\/rioonwatch.org.br\/?p=21817","url":"https:\/\/rioonwatch.org.br\/?p=21817","name":"Vila Aut\u00f3dromo 'Ocupa' o Parque Ol\u00edmpico com Celebra\u00e7\u00e3o e Protesto - RioOnWatch","isPartOf":{"@id":"https:\/\/rioonwatch.org.br\/#website"},"primaryImageOfPage":{"@id":"https:\/\/rioonwatch.org.br\/?p=21817#primaryimage"},"image":{"@id":"https:\/\/rioonwatch.org.br\/?p=21817#primaryimage"},"thumbnailUrl":"https:\/\/rioonwatch.org.br\/wp-content\/uploads\/2016\/08\/Protest-Banners.jpg","datePublished":"2016-08-20T12:16:20+00:00","dateModified":"2024-06-20T19:26:17+00:00","breadcrumb":{"@id":"https:\/\/rioonwatch.org.br\/?p=21817#breadcrumb"},"inLanguage":"pt-BR","potentialAction":[{"@type":"ReadAction","target":["https:\/\/rioonwatch.org.br\/?p=21817"]}]},{"@type":"ImageObject","inLanguage":"pt-BR","@id":"https:\/\/rioonwatch.org.br\/?p=21817#primaryimage","url":"https:\/\/rioonwatch.org.br\/wp-content\/uploads\/2016\/08\/Protest-Banners.jpg","contentUrl":"https:\/\/rioonwatch.org.br\/wp-content\/uploads\/2016\/08\/Protest-Banners.jpg","width":1900,"height":1266},{"@type":"BreadcrumbList","@id":"https:\/\/rioonwatch.org.br\/?p=21817#breadcrumb","itemListElement":[{"@type":"ListItem","position":1,"name":"In\u00edcio","item":"https:\/\/rioonwatch.org.br\/"},{"@type":"ListItem","position":2,"name":"Vila Aut\u00f3dromo &#8216;Ocupa&#8217; o Parque Ol\u00edmpico com Celebra\u00e7\u00e3o e Protesto"}]},{"@type":"WebSite","@id":"https:\/\/rioonwatch.org.br\/#website","url":"https:\/\/rioonwatch.org.br\/","name":"RioOnWatch","description":"relatos das favelas cariocas","publisher":{"@id":"https:\/\/rioonwatch.org.br\/#organization"},"potentialAction":[{"@type":"SearchAction","target":{"@type":"EntryPoint","urlTemplate":"https:\/\/rioonwatch.org.br\/?s={search_term_string}"},"query-input":{"@type":"PropertyValueSpecification","valueRequired":true,"valueName":"search_term_string"}}],"inLanguage":"pt-BR"},{"@type":"Organization","@id":"https:\/\/rioonwatch.org.br\/#organization","name":"RioOnWatch","url":"https:\/\/rioonwatch.org.br\/","logo":{"@type":"ImageObject","inLanguage":"pt-BR","@id":"https:\/\/rioonwatch.org.br\/#\/schema\/logo\/image\/","url":"https:\/\/rioonwatch.org.br\/wp-content\/uploads\/2021\/06\/RioOnWatchcabecalhoPT11anos-2.png","contentUrl":"https:\/\/rioonwatch.org.br\/wp-content\/uploads\/2021\/06\/RioOnWatchcabecalhoPT11anos-2.png","width":779,"height":277,"caption":"RioOnWatch"},"image":{"@id":"https:\/\/rioonwatch.org.br\/#\/schema\/logo\/image\/"}},{"@type":"Person","@id":"https:\/\/rioonwatch.org.br\/#\/schema\/person\/11d64c290506f9df50c71b850c473f68","name":"Admin","image":{"@type":"ImageObject","inLanguage":"pt-BR","@id":"https:\/\/rioonwatch.org.br\/#\/schema\/person\/image\/","url":"https:\/\/secure.gravatar.com\/avatar\/56211ac74568383903349a1485e3c325?s=96&d=blank&r=g","contentUrl":"https:\/\/secure.gravatar.com\/avatar\/56211ac74568383903349a1485e3c325?s=96&d=blank&r=g","caption":"Admin"},"url":"https:\/\/rioonwatch.org.br\/?author=129"}]}},"_links":{"self":[{"href":"https:\/\/rioonwatch.org.br\/index.php?rest_route=\/wp\/v2\/posts\/21817"}],"collection":[{"href":"https:\/\/rioonwatch.org.br\/index.php?rest_route=\/wp\/v2\/posts"}],"about":[{"href":"https:\/\/rioonwatch.org.br\/index.php?rest_route=\/wp\/v2\/types\/post"}],"author":[{"embeddable":true,"href":"https:\/\/rioonwatch.org.br\/index.php?rest_route=\/wp\/v2\/users\/129"}],"replies":[{"embeddable":true,"href":"https:\/\/rioonwatch.org.br\/index.php?rest_route=%2Fwp%2Fv2%2Fcomments&post=21817"}],"version-history":[{"count":10,"href":"https:\/\/rioonwatch.org.br\/index.php?rest_route=\/wp\/v2\/posts\/21817\/revisions"}],"predecessor-version":[{"id":74188,"href":"https:\/\/rioonwatch.org.br\/index.php?rest_route=\/wp\/v2\/posts\/21817\/revisions\/74188"}],"wp:featuredmedia":[{"embeddable":true,"href":"https:\/\/rioonwatch.org.br\/index.php?rest_route=\/wp\/v2\/media\/21819"}],"wp:attachment":[{"href":"https:\/\/rioonwatch.org.br\/index.php?rest_route=%2Fwp%2Fv2%2Fmedia&parent=21817"}],"wp:term":[{"taxonomy":"category","embeddable":true,"href":"https:\/\/rioonwatch.org.br\/index.php?rest_route=%2Fwp%2Fv2%2Fcategories&post=21817"},{"taxonomy":"post_tag","embeddable":true,"href":"https:\/\/rioonwatch.org.br\/index.php?rest_route=%2Fwp%2Fv2%2Ftags&post=21817"},{"taxonomy":"writer","embeddable":true,"href":"https:\/\/rioonwatch.org.br\/index.php?rest_route=%2Fwp%2Fv2%2Fwriter&post=21817"},{"taxonomy":"translator","embeddable":true,"href":"https:\/\/rioonwatch.org.br\/index.php?rest_route=%2Fwp%2Fv2%2Ftranslator&post=21817"},{"taxonomy":"source","embeddable":true,"href":"https:\/\/rioonwatch.org.br\/index.php?rest_route=%2Fwp%2Fv2%2Fsource&post=21817"},{"taxonomy":"ilustrador","embeddable":true,"href":"https:\/\/rioonwatch.org.br\/index.php?rest_route=%2Fwp%2Fv2%2Filustrador&post=21817"},{"taxonomy":"fotografo","embeddable":true,"href":"https:\/\/rioonwatch.org.br\/index.php?rest_route=%2Fwp%2Fv2%2Ffotografo&post=21817"}],"curies":[{"name":"wp","href":"https:\/\/api.w.org\/{rel}","templated":true}]}}