{"id":21843,"date":"2016-08-26T08:00:20","date_gmt":"2016-08-26T11:00:20","guid":{"rendered":"http:\/\/rioonwatch.org.br\/?p=21843"},"modified":"2024-06-20T16:26:15","modified_gmt":"2024-06-20T19:26:15","slug":"as-melhores-e-as-piores-reportagens-olimpicas-sobre-favelas-do-rio","status":"publish","type":"post","link":"https:\/\/rioonwatch.org.br\/?p=21843","title":{"rendered":"As Melhores e Piores Reportagens Internacionais Sobre as Favelas Durante as Olimp\u00edadas"},"content":{"rendered":"<p style=\"text-align: right;\"><em><strong><a href=\"http:\/\/bit.ly\/2bFI7Ex\" target=\"_blank\" rel=\"noopener\">Click Here for English<img decoding=\"async\" width=\"20\" height=\"20\" class=\"alignright wp-image-15790\" src=\"http:\/\/rioonwatch.org.br\/wp-content\/uploads\/2012\/08\/EN-standard-e1439583104716.jpg\" alt=\"\" \/><\/a><\/strong><\/em><\/p>\n<p><i>Esta \u00e9 a contribui\u00e7\u00e3o\u00a0mais recente da nossa s\u00e9rie de mat\u00e9rias analisando\u00a0as\u00a0<a href=\"http:\/\/bit.ly\/22UReDO\" target=\"_blank\" rel=\"noopener\">Melhores e Piores Reportagens Internacionais sobre Favelas do Rio<\/a>, que faz\u00a0<em>parte do atual debate do RioOnWatch sobre a\u00a0<a href=\"http:\/\/bit.ly\/1ZVXkRS\" target=\"_blank\" rel=\"noopener\">narrativa<\/a> e os\u00a0<a href=\"http:\/\/bit.ly\/1OKE065\" target=\"_blank\" rel=\"noopener\">retratos midi\u00e1ticos<\/a> acerca das favelas cariocas<\/em>.<\/i><\/p>\n<p><span style=\"font-weight: 400;\">A m\u00eddia internacional tem estado ativa\u00a0nas suas avalia\u00e7\u00f5es dos\u00a0<\/span><a href=\"http:\/\/bit.ly\/PkLXlQ\" target=\"_blank\" rel=\"noopener\"><span style=\"font-weight: 400;\">Jogos Ol\u00edmpicos<\/span><\/a><span style=\"font-weight: 400;\">, mas como \u00e9 que a pr\u00f3pria <\/span><a href=\"http:\/\/bit.ly\/2b3KK4M\"><span style=\"font-weight: 400;\">m\u00eddia se saiu<\/span><\/a><span style=\"font-weight: 400;\">\u00a0nas suas reportagens sobre a cidade do Rio e suas favelas? <\/span><\/p>\n<p><span style=\"font-weight: 400;\"><a href=\"http:\/\/bit.ly\/2brHHyf\" target=\"_blank\" rel=\"noopener\">As palavras &#8220;slum&#8221; e &#8220;shantytown&#8221;<\/a> infelizmente estiveram de volta com toda a for\u00e7a durante os Jogos, devido a jornalistas &#8216;ca\u00eddos de p\u00e1ra-quedas&#8217;&#8211;menos familiarizados com o Rio&#8211;que se esfor\u00e7aram para explicar as favelas para a audi\u00eancia estrangeira. Um grande n\u00famero de mat\u00e9rias cobriram atletas visitando favelas. Por\u00e9m, enquanto atletas Ol\u00edmpicos como o astro do basquete, Carmelo Anthony, tinham apenas coisas positivas para falar sobre sua experi\u00eancia, no\u00a0caso dele no\u00a0<\/span><a href=\"http:\/\/bit.ly\/YZD9al\" target=\"_blank\" rel=\"noopener\"><span style=\"font-weight: 400;\">Santa Marta<\/span><\/a><span style=\"font-weight: 400;\">, os jornalistas que reportaram a visita dele, com frequ\u00eancia, completavam suas reflex\u00f5es\u00a0<\/span><a href=\"http:\/\/nydn.us\/2aZ0K2o\"><span style=\"font-weight: 400;\">com pressupostos estigmatizantes<\/span><\/a><span style=\"font-weight: 400;\">.<\/span><\/p>\n<p><span style=\"font-weight: 400;\">Ainda assim, n\u00f3s vimos mais m\u00eddias do que nunca se esfor\u00e7ando para desmascarar, explicitamente, a estereotipiza\u00e7\u00e3o\u00a0da favela, incluindo programas de alta visibilidade como da <\/span><a href=\"http:\/\/on.today.com\/2bd9ZQR\"><span style=\"font-weight: 400;\">NBC<\/span><span style=\"font-weight: 400;\">,\u00a0<\/span><i><span style=\"font-weight: 400;\">The Today Show<\/span><\/i><\/a><span style=\"font-weight: 400;\">. Ainda outros, experientes correspondentes do Rio e outros rep\u00f3rteres perspicazes, se recusaram a ser totalmente levados pela euforia Ol\u00edmpica, mantendo em evid\u00eancia as quest\u00f5es cr\u00edticas enfrentadas pelas favelas, dando destaque as qualidades dessas comunidades ao lado de seus desafios. Aqui est\u00e1 nossa vis\u00e3o sobre as melhores e as piores reportagens sobre favelas nas Olimp\u00edadas.<\/span><\/p>\n<h3>As Piores<\/h3>\n<p><span style=\"font-weight: 400;\">A reportagem com o mais atordoante e descuidado erro factual, que assistimos, foi veiculada em <strong>um<\/strong><\/span><b>\u00a0<\/b><a href=\"http:\/\/usat.ly\/2ai8SLq\"><b><i>v\u00eddeo<\/i><\/b><b>\u00a0<\/b><b><i>do USA Today<\/i><\/b><\/a><span style=\"font-weight: 400;\">\u00a0que afirmou que 40% dos moradores das favelas no Rio usam crack. A alega\u00e7\u00e3o parece ter sido informada por um pastor de uma igreja que trabalha com usu\u00e1rios de crack, e que pode ser ouvido, durante a reportagem, dizendo este dado estat\u00edstico em portugu\u00eas, mas o narrador da reportagem apresentou o dado em ingl\u00eas como um fato ao inv\u00e9s de uma cita\u00e7\u00e3o. Essa \u00e9 uma afirma\u00e7\u00e3o absurda, uma vez que nem mesmo o n\u00famero de usu\u00e1rios regulares de crack <\/span><a href=\"http:\/\/bit.ly\/2by89Ld\"><span style=\"font-weight: 400;\">em todas as capitais brasileiras<\/span><\/a><span style=\"font-weight: 400;\"> chega ao n\u00famero equivalente a 40% dos moradores de favelas no Rio, e o uso de crack n\u00e3o \u00e9 limitado a \u00e1reas de baixa renda.\u00a0O exagero grosseiro do <\/span><i><span style=\"font-weight: 400;\">USA Today<\/span><\/i><span style=\"font-weight: 400;\"> \u00e9 uma deturpa\u00e7\u00e3o fundamentalmente improdutiva das favelas e o artigo como um todo nada contribui para desestigmatizar o v\u00edcio.<\/span><\/p>\n<p><a href=\"http:\/\/rioonwatch.org.br\/wp-content\/uploads\/2016\/08\/Screen-Shot-2016-08-23-at-11.37.25.png\"><img fetchpriority=\"high\" decoding=\"async\" class=\"aligncenter wp-image-21857 size-medium\" title=\"USA Today relatou que 40% dos moradores da favela usam crack.\" src=\"http:\/\/rioonwatch.org.br\/wp-content\/uploads\/2016\/08\/Screen-Shot-2016-08-23-at-11.37.25-620x331.png\" alt=\"Screen-Shot-2016-08-23-at-11.37.25\" width=\"620\" height=\"331\" srcset=\"https:\/\/rioonwatch.org.br\/wp-content\/uploads\/2016\/08\/Screen-Shot-2016-08-23-at-11.37.25-620x331.png 620w, https:\/\/rioonwatch.org.br\/wp-content\/uploads\/2016\/08\/Screen-Shot-2016-08-23-at-11.37.25-494x264.png 494w, https:\/\/rioonwatch.org.br\/wp-content\/uploads\/2016\/08\/Screen-Shot-2016-08-23-at-11.37.25-768x411.png 768w, https:\/\/rioonwatch.org.br\/wp-content\/uploads\/2016\/08\/Screen-Shot-2016-08-23-at-11.37.25-1024x547.png 1024w, https:\/\/rioonwatch.org.br\/wp-content\/uploads\/2016\/08\/Screen-Shot-2016-08-23-at-11.37.25.png 1255w\" sizes=\"(max-width: 620px) 100vw, 620px\" \/><\/a><\/p>\n<p><b>Uma\u00a0<\/b><a href=\"http:\/\/bit.ly\/2byp9S4\"><b>mat\u00e9ria no<\/b><b>\u00a0<\/b><b><i>Sporting News<\/i><\/b><\/a><span style=\"font-weight: 400;\">\u00a0sugere que \u00e9 v\u00e1lido &#8220;entrar em p\u00e2nico&#8221; devido \u00e0s amea\u00e7as \u00e0 seguran\u00e7a no Rio, &#8220;porque as vizinhan\u00e7as agrad\u00e1veis est\u00e3o sempre abra\u00e7adas pela pobreza viciosa que define as favelas das cidade&#8211;<em>slums<\/em>, essencialmente&#8221;. N\u00e3o est\u00e1 claro o que concedeu a esse autor a autoridade para proferir o que define as favelas, especialmente porque n\u00e3o parece que ele sequer\u00a0visitou uma favela ou falou com um de seus moradores na prepara\u00e7\u00e3o da\u00a0mat\u00e9ria. Al\u00e9m do mais, contrastar favelas com &#8220;vizinhan\u00e7as agrad\u00e1veis&#8221; sugere um elitismo que est\u00e1 cego para a <\/span><a href=\"http:\/\/bit.ly\/1a1M6kK\" target=\"_blank\" rel=\"noopener\"><span style=\"font-weight: 400;\">cultura<\/span><\/a><span style=\"font-weight: 400;\">, a inova\u00e7\u00e3o e o esp\u00edrito comunit\u00e1rio que tamb\u00e9m podem &#8220;definir&#8221; as favelas. O autor descreve a &#8220;viol\u00eancia que transborda das favelas&#8221; sem nenhum aceno para a viol\u00eancia sist\u00eamica do pa\u00eds que tem transbordado desde a era pr\u00e9-colonial at\u00e9 o Rio moderno que continuamente\u00a0<\/span><a href=\"http:\/\/bit.ly\/1mZ17i5\" target=\"_blank\" rel=\"noopener\"><span style=\"font-weight: 400;\">marginaliza moradores pobres e negros da favela<\/span><\/a><span style=\"font-weight: 400;\">. A falta de contexto n\u00e3o surpreende, dado que a principal fonte para a mat\u00e9ria foi um &#8220;especialista em seguran\u00e7a&#8221; que passou &#8220;duas semanas&#8221; no Rio antes das Olimp\u00edadas.<\/span><\/p>\n<p><b>Uma\u00a0<\/b><a href=\"http:\/\/apne.ws\/2afvKyw\"><b>curta<\/b><b>\u00a0mat\u00e9ria da<\/b><b>\u00a0<\/b><b><i>AP<\/i><\/b><\/a><span style=\"font-weight: 400;\">\u00a0que acompanha uma s\u00e9rie de fotos, sugere que a pobreza, as drogas e a viol\u00eancia &#8220;dominam a vida&#8221; nas favelas do Rio, descritas como &#8220;sombrios <em>slums<\/em>&#8221; e &#8220;<em>shantytowns<\/em>&#8220;. Embora o fracasso da <\/span><a href=\"http:\/\/bit.ly\/R5ueio\" target=\"_blank\" rel=\"noopener\"><span style=\"font-weight: 400;\">pol\u00edtica de pacifica\u00e7\u00e3o do estado<\/span><\/a><span style=\"font-weight: 400;\">\u00a0seja importante de se destacar, essa mat\u00e9ria deixa os leitores com a impress\u00e3o de que h\u00e1 muito pouco nas favelas al\u00e9m de conflitos com traficantes de drogas, e esconde o fato de que menos de 1% dos moradores das favelas est\u00e3o envolvidos com o tr\u00e1fico. Legendas nas imagens identificam onde cada foto foi tirada, mas o artigo em si diz que &#8220;cenas macabras de morte e impunidade acontecem diariamente nas centenas de <em>shantytowns<\/em>\u00a0do Rio&#8221;, como se todas as favelas viviam\u00a0os mesmos n\u00edveis de viol\u00eancia e da mesma forma. Na realidade, <\/span><a href=\"http:\/\/glo.bo\/2bmNeaq\"><span style=\"font-weight: 400;\">a maioria das favelas<\/span><\/a><span style=\"font-weight: 400;\">\u00a0n\u00e3o tem presen\u00e7a\u00a0do tr\u00e1fico, enquanto algumas outras t\u00eam presen\u00e7a do tr\u00e1fico, mas poucos conflitos.<\/span><\/p>\n<p><a href=\"http:\/\/rioonwatch.org.br\/wp-content\/uploads\/2016\/08\/22jul2016-1469205838654_956x500.jpg\"><img decoding=\"async\" class=\"aligncenter wp-image-21858 size-medium\" title=\"Mat\u00e9ria da AP perpetua a vis\u00e3o estigmatizante de que a vida nas favelas \u00e9 completamente dominado pelo tr\u00e1fico de drogas. Foto por AP \/ Felipe Dana\" src=\"http:\/\/rioonwatch.org.br\/wp-content\/uploads\/2016\/08\/22jul2016-1469205838654_956x500-620x324.jpg\" alt=\"22jul2016-1469205838654_956x500\" width=\"620\" height=\"324\" srcset=\"https:\/\/rioonwatch.org.br\/wp-content\/uploads\/2016\/08\/22jul2016-1469205838654_956x500-620x324.jpg 620w, https:\/\/rioonwatch.org.br\/wp-content\/uploads\/2016\/08\/22jul2016-1469205838654_956x500-505x264.jpg 505w, https:\/\/rioonwatch.org.br\/wp-content\/uploads\/2016\/08\/22jul2016-1469205838654_956x500-768x402.jpg 768w, https:\/\/rioonwatch.org.br\/wp-content\/uploads\/2016\/08\/22jul2016-1469205838654_956x500.jpg 956w\" sizes=\"(max-width: 620px) 100vw, 620px\" \/><\/a><\/p>\n<p><span style=\"font-weight: 400;\">Em uma manchete duplamente impactante, <\/span><strong>uma mat\u00e9ria\u00a0no <\/strong><a href=\"http:\/\/bit.ly\/2baWnEu\"><b><i>Christian Today<\/i><\/b><b>\u00a0<\/b><\/a><span style=\"font-weight: 400;\">chama as favelas de &#8220;<em>slums<\/em> infestadas de crime&#8221; e &#8220;centros de bruxaria&#8221;. Chamar de bruxaria \u00e9 um \u00f3bvio ataque ao <\/span><span style=\"font-weight: 400;\"><a href=\"http:\/\/bit.ly\/1O3659r\" target=\"_blank\" rel=\"noopener\">Candombl\u00e9<\/a>&#8212;<\/span><span style=\"font-weight: 400;\">tradicional religi\u00e3o afro-brasileira que tem enfrentado enorme preconceito no Brasil h\u00e1 s\u00e9culos. A descri\u00e7\u00e3o feita na mat\u00e9ria da\u00a0<a href=\"http:\/\/bit.ly\/2bhSVoi\">amig\u00e1vel a visit\u00e1vel<\/a>\u00a0favela Santa Marta,\u00a0<\/span><span style=\"font-weight: 400;\">como a &#8220;parte mais violenta da cidade&#8221; onde &#8220;a maioria&#8230; dos maridos est\u00e3o nas pris\u00f5es&#8221; \u00e9 t\u00e3o imprecisa quanto rotular o Rio de Janeiro a &#8220;capital brasileira&#8221; na mat\u00e9ria. A ruidosa criminaliza\u00e7\u00e3o dos moradores da comunidade \u00e9 exatamente o tipo de <\/span><a href=\"http:\/\/bit.ly\/2aSU5sp\" target=\"_blank\" rel=\"noopener\">reportagem que serve para justificar pol\u00edticas violentas do estado<\/a><span style=\"font-weight: 400;\">\u00a0contra favelas.<\/span><\/p>\n<p><span style=\"font-weight: 400;\">Com dez dias de jogos,\u00a0<\/span>o <strong>ex-correspondente do Brasil Roger Cohen\u00a0<\/strong><a href=\"http:\/\/nyti.ms\/2bri836\"><b>escreveu no<\/b><b>\u00a0<\/b><b><i>The New York Times<\/i><\/b><\/a><span style=\"font-weight: 400;\">\u00a0que ele estava &#8220;cansado, muito cansado, de ler reportagens negativas sobre esses Jogos&#8211;sobre o rancor nas favelas, a viol\u00eancia que continua&#8230; o abismo que separa ricos e pobres&#8221;<\/span>,\u00a0<span style=\"font-weight: 400;\">e assim por diante. Roger Cohen n\u00e3o se d\u00e1 conta que os moradores de favelas, tamb\u00e9m, est\u00e3o &#8220;cansados, muito cansados&#8221; da viol\u00eancia? Ele prioriza seu pr\u00f3prio desejo privilegiado de <\/span><a href=\"http:\/\/bit.ly\/2bbnLC9\"><span style=\"font-weight: 400;\">desfrutar de edificantes hist\u00f3rias de esportes<\/span><\/a><span style=\"font-weight: 400;\">, impass\u00edvel diante da inc\u00f4moda desigualdade social e passando por cima da necessidade urgente por parte dos moradores do Rio de chamar aten\u00e7\u00e3o da m\u00eddia internacional para suas lutas de longo prazo. Pedir por um apag\u00e3o das hist\u00f3rias negativas \u00e9 descartar as experi\u00eancias sofridas de milh\u00f5es de pessoas com os impactos desses Jogos. Escrever inequivocamente e sem evid\u00eancias, como <a href=\"http:\/\/bit.ly\/2bOWPGS\" target=\"_blank\" rel=\"noopener\">Cohen faz<\/a>, que &#8220;estes Jogos Ol\u00edmpicos s\u00e3o bons para o Brasil e para a humanidade&#8221; \u00e9 abandonar a nuance jornal\u00edstica inteiramente.<\/span><\/p>\n<h3>As Melhores<\/h3>\n<p><b>A mat\u00e9ria de Matt Sandy, &#8220;<strong><a href=\"http:\/\/bit.ly\/2at7Hfd\" target=\"_blank\" rel=\"noopener\">O Esquecido Legado da Escravid\u00e3o no Rio de Janeiro Obscurece as Olimp\u00edadas<\/a>&#8220;<\/strong><\/b>\u00a0<b>para a <strong><em>TIME<\/em> magazine<\/strong><\/b><b>\u00a0<\/b><span style=\"font-weight: 400;\">\u00e9 uma investiga\u00e7\u00e3o vital sobre a hist\u00f3ria da <\/span><a href=\"http:\/\/bit.ly\/1Hg4Zj3\" target=\"_blank\" rel=\"noopener\"><span style=\"font-weight: 400;\">escravid\u00e3o<\/span><\/a><span style=\"font-weight: 400;\">\u00a0no Rio no \u00e2mbito do\u00a0<\/span><span style=\"font-weight: 400;\"><a href=\"http:\/\/bit.ly\/UR7rn7\" target=\"_blank\" rel=\"noopener\">desenvolvimento do porto Ol\u00edmpico<\/a>\u00a0<\/span><span style=\"font-weight: 400;\">no lugar exato onde <\/span><a href=\"http:\/\/bit.ly\/1S9AAtc\" target=\"_blank\" rel=\"noopener\"><span style=\"font-weight: 400;\">dois milh\u00f5es<\/span><\/a><span style=\"font-weight: 400;\">\u00a0de africanos escravizados chegaram, e as rela\u00e7\u00f5es problem\u00e1ticas do Brasil em rela\u00e7\u00e3o \u00e0\u00a0<\/span><a href=\"http:\/\/bit.ly\/1uqz3CW\" target=\"_blank\" rel=\"noopener\"><span style=\"font-weight: 400;\">ra\u00e7a<\/span><\/a><span style=\"font-weight: 400;\">\u00a0e \u00e0 m\u00e3o-de-obra que permanecem at\u00e9 hoje. Cuidadosamente pesquisado e baseado em entrevistas com uma gama de especialistas e moradores locais, o artigo traz um olhar essencial para as formas como a hist\u00f3ria de escravid\u00e3o do Rio \u00e9 lembrada, esquecida e impacta a cidade hoje.\u00a0<\/span><span style=\"font-weight: 400;\">A cobertura<\/span><span style=\"font-weight: 400;\"> do <\/span><a href=\"http:\/\/bloom.bg\/2bmeDef\"><i><span style=\"font-weight: 400;\">Bloomberg<\/span><\/i><\/a><span style=\"font-weight: 400;\"> da intensa presen\u00e7a corporativa no Porto revitalizado em contraste \u00e0 &#8220;marginalizada&#8221; hist\u00f3ria escrava oferece mais uma excelente an\u00e1lise sobre esse t\u00f3pico.<\/span><\/p>\n<p><b>A soberba v\u00eddeo-reportagem de Johnny Harris, &#8220;<strong><a href=\"http:\/\/bit.ly\/2at7Hfd\" target=\"_blank\" rel=\"noopener\">Por dentro das favelas do Rio, os bairros negligenciados da cidade<\/a><\/strong><\/b><b>\u00a0para a <\/b><b><i>Vox<\/i><\/b><span style=\"font-weight: 400;\">\u00a0\u00e9 um olhar que explicitamente\u00a0<\/span><span style=\"font-weight: 400;\"><a href=\"http:\/\/bit.ly\/2bPdAC4\" target=\"_blank\" rel=\"noopener\">d\u00e1 um golpe nos estigmas<\/a>\u00a0que as\u00a0<\/span><span style=\"font-weight: 400;\">favelas da cidade enfrentam. Com um \u00e2mbito ambicioso, visualmente cativante e magistralmente produzido, o v\u00eddeo \u00e9 uma viagem din\u00e2mica e de ritmo acelerado atrav\u00e9s das favelas pela cidade, cobrindo a <\/span><a href=\"http:\/\/bit.ly\/1PXkANu\" target=\"_blank\" rel=\"noopener\"><span style=\"font-weight: 400;\">hist\u00f3ria<\/span><\/a><span style=\"font-weight: 400;\">, a\u00a0<\/span><a href=\"http:\/\/bit.ly\/1uRzOcM\" target=\"_blank\" rel=\"noopener\"><span style=\"font-weight: 400;\">defini\u00e7\u00e3o<\/span><\/a><span style=\"font-weight: 400;\">, as\u00a0<\/span><a href=\"http:\/\/bit.ly\/2bG2Fv6\" target=\"_blank\" rel=\"noopener\"><span style=\"font-weight: 400;\">qualidades<\/span><\/a><span style=\"font-weight: 400;\">\u00a0e mais contundentemente, a criatividade das favelas do Rio. Johnny Harris n\u00e3o encobre os problemas das gangues de drogas e da\u00a0<\/span><a href=\"http:\/\/bit.ly\/1i0t9Hc\" target=\"_blank\" rel=\"noopener\"><span style=\"font-weight: 400;\">viol\u00eancia policial<\/span><\/a><span style=\"font-weight: 400;\">, mas faz uma observa\u00e7\u00e3o matizada e persuasiva sobre o fato desses serem os enfoques menos interessantes atrav\u00e9s dos quais se pode ver e compreender essas comunidades vibrantes.<\/span><\/p>\n<p><iframe src=\"https:\/\/www.youtube.com\/embed\/c3BRTlHFpBU\" width=\"620\" height=\"349\" frameborder=\"0\" allowfullscreen=\"allowfullscreen\"><\/iframe><\/p>\n<p><b>A reportagem de Simon Romero para o\u00a0<\/b><b><i>New York Times, <\/i>&#8220;<strong><a href=\"http:\/\/nyti.ms\/2b6qGvQ\" target=\"_blank\" rel=\"noopener\">Para\u00a0Al\u00e9m do Fulgor Ol\u00edmpico, uma Cruel Guerra \u00e0s Drogas se Intensifica no Rio<\/a><\/strong>&#8220;,<\/b><span style=\"font-weight: 400;\">\u00a0exp\u00f5e a chocante realidade de viol\u00eancia enfrentada pelos moradores do\u00a0<\/span><a href=\"http:\/\/bit.ly\/U0MiGm\" target=\"_blank\" rel=\"noopener\"><span style=\"font-weight: 400;\">Complexo do Alem\u00e3o<\/span><\/a><span style=\"font-weight: 400;\">, <\/span><span style=\"font-weight: 400;\">na\u00a0<\/span><a href=\"http:\/\/bit.ly\/WximDf\" target=\"_blank\" rel=\"noopener\"><span style=\"font-weight: 400;\">Zona Norte<\/span><\/a><span style=\"font-weight: 400;\">,<\/span><span style=\"font-weight: 400;\">\u00a0durante os Jogos Ol\u00edmpicos. Opera\u00e7\u00f5es policiais e tiroteios se intensificaram nas \u00faltimas semanas, por\u00e9m a m\u00eddia focou nos Jogos e nas opera\u00e7\u00f5es de seguran\u00e7a para tornar a cidade segura para visitantes. O relato de Simon Romero destaca a crise da seguran\u00e7a no Alem\u00e3o com o foco crucial na experi\u00eancia de moradores vivendo em meio \u00e0 viol\u00eancia.\u00a0<\/span><a href=\"http:\/\/n.pr\/2bAcayU\"><span style=\"font-weight: 400;\">Lulu Garcia-Navarro<\/span><\/a><span style=\"font-weight: 400;\">, da <\/span><i><span style=\"font-weight: 400;\">NPR<\/span><\/i><span style=\"font-weight: 400;\">, e <\/span><a href=\"http:\/\/bit.ly\/2bAlfDL\"><span style=\"font-weight: 400;\">Jonathan Watts<\/span><\/a><span style=\"font-weight: 400;\">, do <\/span><i><span style=\"font-weight: 400;\">The Guardian<\/span><\/i><span style=\"font-weight: 400;\"> merecem cr\u00e9dito semelhante por colocar em primeiro plano as perspectivas dos moradores sobre a viol\u00eancia corrente.<\/span><\/p>\n<p><a href=\"http:\/\/rioonwatch.org.br\/wp-content\/uploads\/2016\/08\/12brazil2-master675.jpg\"><img loading=\"lazy\" decoding=\"async\" class=\"aligncenter wp-image-21859 size-content\" title=\"Moradores do Alem\u00e3o entrevistados pelo New York Times. Foto por Lalo de Almeida\" src=\"http:\/\/rioonwatch.org.br\/wp-content\/uploads\/2016\/08\/12brazil2-master675-620x264.jpg\" alt=\"12brazil2-master675\" width=\"620\" height=\"264\" \/><\/a><\/p>\n<p><b>A reportagem de Olga Khazan, &#8220;<strong><a href=\"http:\/\/theatln.tc\/2aMFrDi\" target=\"_blank\" rel=\"noopener\">Uma Solu\u00e7\u00e3o Barata e F\u00e1cil para Consertar\u00a0o Problema do Esgoto do Rio<\/a><\/strong><\/b><b>&#8221; <\/b><b>para <\/b><b><i>The Atlantic<\/i><\/b><span style=\"font-weight: 400;\">\u00a0d\u00e1 visibilidade importante aos end\u00eamicos problemas de\u00a0<\/span><span style=\"font-weight: 400;\">saneamento<\/span><span style=\"font-weight: 400;\">\u00a0do Rio e \u00e0 solu\u00e7\u00e3o em pequena escala com o uso de\u00a0<\/span><a href=\"http:\/\/bit.ly\/2bPSTVX\" target=\"_blank\" rel=\"noopener\"><span style=\"font-weight: 400;\">biodigestores<\/span><\/a><span style=\"font-weight: 400;\">\u00a0que poderiam resolver o problema. Focando no estudo de caso da comunidade\u00a0<\/span><a href=\"http:\/\/bit.ly\/1qm7REb\" target=\"_blank\" rel=\"noopener\"><span style=\"font-weight: 400;\">Vale Encantado<\/span><\/a><span style=\"font-weight: 400;\">\u00a0na <\/span><a href=\"http:\/\/bit.ly\/1CGbQBS\" target=\"_blank\" rel=\"noopener\"><span style=\"font-weight: 400;\">Floresta da Tijuca<\/span><\/a><span style=\"font-weight: 400;\">, onde um biossistema de tratamento de esgoto\u00a0foi\u00a0<\/span><a href=\"http:\/\/bit.ly\/1Hawg6U\" target=\"_blank\" rel=\"noopener\"><span style=\"font-weight: 400;\">instalado com sucesso<\/span><\/a><span style=\"font-weight: 400;\">, Olga Khazan explica a tecnologia de biodigest\u00e3o, seus benef\u00edcios e dificuldades, e oferece um contexto essencial para os desafios sistem\u00e1ticos que poderiam impedir uma ampla implementa\u00e7\u00e3o da solu\u00e7\u00e3o.<\/span><\/p>\n<p><b>A extensa mat\u00e9ria de David Biller e Michael Smith, &#8220;<strong><a href=\"http:\/\/bloom.bg\/2aAxalp\" target=\"_blank\" rel=\"noopener\">O Rio Prometeu Limpar a Ba\u00eda da Guanabara Antes das Olimp\u00edadas<\/a>&#8220;<\/strong><\/b>\u00a0<b>no\u00a0<\/b><b><i>Bloomberg<\/i><\/b><span style=\"font-weight: 400;\">\u00a0\u00e9 uma incr\u00edvel reportagem investigativa que conta a hist\u00f3ria de Priscila de Goes Pereira, uma administradora dedicada do org\u00e3o respons\u00e1vel pela limpeza da\u00a0<\/span><a href=\"http:\/\/bit.ly\/1i8xoT1\" target=\"_blank\" rel=\"noopener\"><span style=\"font-weight: 400;\">Ba\u00eda de Guanabara<\/span><\/a><span style=\"font-weight: 400;\">\u00a0que foi assassinada em 2015. Atrav\u00e9s da hist\u00f3ria tr\u00e1gica de Priscila de Goes Pereira, contada atrav\u00e9s de extensas entrevistas com seus amigos, fam\u00edlia e colegas de trabalho, o artigo elucida o escandaloso fracasso do Rio em limpar a Ba\u00eda de Guanabara, apesar de ter recebido milh\u00f5es do Banco de Desenvolvimento Inter-Americano.<\/span><\/p>\n<p><a href=\"http:\/\/rioonwatch.org.br\/wp-content\/uploads\/2016\/08\/Cuadros-BrazilsOlympicsMeetItsFavelas-1200x819-1470682702.jpg\"><img loading=\"lazy\" decoding=\"async\" class=\"aligncenter wp-image-21860 size-medium\" title=\"Favela representada na cerim\u00f4nia de abertura das Olimp\u00edadas. Foto por Ian Walton \/ Getty Images\" src=\"http:\/\/rioonwatch.org.br\/wp-content\/uploads\/2016\/08\/Cuadros-BrazilsOlympicsMeetItsFavelas-1200x819-1470682702-620x423.jpg\" alt=\"Cuadros-BrazilsOlympicsMeetItsFavelas-1200x819-1470682702\" width=\"620\" height=\"423\" srcset=\"https:\/\/rioonwatch.org.br\/wp-content\/uploads\/2016\/08\/Cuadros-BrazilsOlympicsMeetItsFavelas-1200x819-1470682702-620x423.jpg 620w, https:\/\/rioonwatch.org.br\/wp-content\/uploads\/2016\/08\/Cuadros-BrazilsOlympicsMeetItsFavelas-1200x819-1470682702-387x264.jpg 387w, https:\/\/rioonwatch.org.br\/wp-content\/uploads\/2016\/08\/Cuadros-BrazilsOlympicsMeetItsFavelas-1200x819-1470682702-768x524.jpg 768w, https:\/\/rioonwatch.org.br\/wp-content\/uploads\/2016\/08\/Cuadros-BrazilsOlympicsMeetItsFavelas-1200x819-1470682702-1024x699.jpg 1024w, https:\/\/rioonwatch.org.br\/wp-content\/uploads\/2016\/08\/Cuadros-BrazilsOlympicsMeetItsFavelas-1200x819-1470682702.jpg 1200w\" sizes=\"(max-width: 620px) 100vw, 620px\" \/><\/a><\/p>\n<p><b>O artigo de Alex Cuadro, &#8220;<strong><a href=\"http:\/\/bit.ly\/2avLaiL\" target=\"_blank\" rel=\"noopener\">As Olimp\u00edadas do Brasil Encontram suas Favelas<\/a><\/strong><\/b><b>&#8221; <\/b><b>para\u00a0<\/b><b><i>The New Yorker<\/i><\/b><span style=\"font-weight: 400;\">\u00a0explora a tens\u00e3o inerente entre a representa\u00e7\u00e3o comemorativa das favelas na\u00a0<\/span><a href=\"http:\/\/bit.ly\/2aVDTVE\" target=\"_blank\" rel=\"noopener\"><span style=\"font-weight: 400;\">cerim\u00f4nia de abertura das Olimp\u00edadas<\/span><\/a><span style=\"font-weight: 400;\">\u00a0e o tratamento do governo destinado as favelas durante a prepara\u00e7\u00e3o para os Jogos. Sem perder de vista o fracasso do programa das\u00a0<\/span><a href=\"http:\/\/bit.ly\/R5ueio\" target=\"_blank\" rel=\"noopener\"><span style=\"font-weight: 400;\">UPPs<\/span><\/a><span style=\"font-weight: 400;\">\u00a0e a pol\u00edtica de\u00a0<\/span><a href=\"http:\/\/bit.ly\/X51Qvb\" target=\"_blank\" rel=\"noopener\"><span style=\"font-weight: 400;\">remo\u00e7\u00f5es<\/span><\/a><span style=\"font-weight: 400;\">\u00a0da prefeitura, Alex Cuadros apresenta hist\u00f3rias de moradores que destacam as contradi\u00e7\u00f5es em apresentar a\u00a0<\/span><a href=\"http:\/\/bit.ly\/1a1M6kK\" target=\"_blank\" rel=\"noopener\"><span style=\"font-weight: 400;\">cultura da favela<\/span><\/a><span style=\"font-weight: 400;\">\u00a0no espet\u00e1culo de abertura dos Jogos, enquanto se negligencia e destr\u00f3i as comunidades que deram origem a essas formas de arte.<\/span><\/p>\n<p><span style=\"font-weight: 400;\">Outras mat\u00e9rias altamente recomend\u00e1veis desse per\u00edodo de Olimp\u00edadas inclui a\u00a0<\/span><a href=\"http:\/\/itsh.bo\/2bKZjak\"><span style=\"font-weight: 400;\">avalia\u00e7\u00e3o<\/span><\/a><span style=\"font-weight: 400;\">,\u00a0por parte do <\/span><i><span style=\"font-weight: 400;\">Real Sports with Bryant Gumbel<\/span><\/i><span style=\"font-weight: 400;\">, da <\/span><i><span style=\"font-weight: 400;\">HBO<\/span><\/i><span style=\"font-weight: 400;\">, do rastro de destrui\u00e7\u00e3o deixado de cidade em cidade pelo Comit\u00ea Ol\u00edmpico Internacional (COI), o <\/span><a href=\"http:\/\/bit.ly\/2bru5pp\"><span style=\"font-weight: 400;\">relato<\/span><\/a><span style=\"font-weight: 400;\"> de Jonathan Watts sobre as p\u00e9ssimas condi\u00e7\u00f5es de trabalho e pagamentos de faxineiros na Vila dos Atletas e a <\/span><a href=\"http:\/\/bit.ly\/2bONVMv\"><span style=\"font-weight: 400;\">forte cr\u00edtica<\/span><\/a><span style=\"font-weight: 400;\"> das Olimp\u00edadas feita por Aaron Gordon.<\/span><\/p>\n<!-- AddThis Advanced Settings generic via filter on the_content --><!-- AddThis Share Buttons generic via filter on the_content -->","protected":false},"excerpt":{"rendered":"<div class=\"mh-excerpt\"><p>Click Here for English Esta \u00e9 a contribui\u00e7\u00e3o\u00a0mais recente da nossa s\u00e9rie de mat\u00e9rias analisando\u00a0as\u00a0Melhores e Piores Reportagens Internacionais sobre Favelas do Rio, que faz\u00a0parte do atual debate do RioOnWatch sobre a\u00a0narrativa e os\u00a0retratos midi\u00e1ticos <a class=\"mh-excerpt-more\" href=\"https:\/\/rioonwatch.org.br\/?p=21843\" title=\"As Melhores e Piores Reportagens Internacionais Sobre as Favelas Durante as Olimp\u00edadas\">[&#8230;]<\/a><!-- AddThis Advanced Settings generic via filter on get_the_excerpt --><!-- AddThis Share Buttons generic via filter on get_the_excerpt --><\/p>\n<\/div>","protected":false},"author":129,"featured_media":21856,"comment_status":"closed","ping_status":"closed","sticky":false,"template":"","format":"standard","meta":{"_acf_changed":false,"_monsterinsights_skip_tracking":false,"_monsterinsights_sitenote_active":false,"_monsterinsights_sitenote_note":"","_monsterinsights_sitenote_category":0,"footnotes":""},"categories":[1635,1621,1631],"tags":[386,1676,804,821,217,1239,421,514,1167,128,1166,1240,1760,78,126,494,14,1759,562,92,820,30],"writer":[777],"translator":[1895],"source":[],"ilustrador":[],"fotografo":[],"class_list":{"0":"post-21843","1":"post","2":"type-post","3":"status-publish","4":"format-standard","5":"has-post-thumbnail","7":"category-1635","8":"category-destaque","9":"category-entendendo-o-rio","10":"tag-estigma","11":"tag-analise-cobertura-de-favelas","12":"tag-baia-da-guanabara","13":"tag-biodigestor","14":"tag-complexo-do-alemao","15":"tag-criminalizacao-da-pobreza","16":"tag-cultura-da-favela","17":"tag-escravidao","18":"tag-grande-midia","19":"tag-historia","20":"tag-jornalismo","21":"tag-megaeventos","22":"tag-narrativa-midiatica","23":"tag-olimpiadas","24":"tag-preconceito","25":"tag-regiao-do-porto","26":"tag-remocao","27":"tag-serie-melhores-e-piores-reportagens","28":"tag-trafico-de-drogas","29":"tag-upp","30":"tag-vale-encantado","31":"tag-violencia","32":"writer-rioonwatch","33":"translator-francine-oliveira"},"acf":[],"yoast_head":"<!-- This site is optimized with the Yoast SEO plugin v25.6 - https:\/\/yoast.com\/wordpress\/plugins\/seo\/ -->\n<title>As Melhores e Piores Reportagens Internacionais Sobre as Favelas Durante as Olimp\u00edadas - RioOnWatch<\/title>\n<meta name=\"robots\" content=\"index, follow, max-snippet:-1, max-image-preview:large, max-video-preview:-1\" \/>\n<link rel=\"canonical\" href=\"https:\/\/rioonwatch.org.br\/?p=21843\" \/>\n<meta property=\"og:locale\" content=\"pt_BR\" \/>\n<meta property=\"og:type\" content=\"article\" \/>\n<meta property=\"og:title\" content=\"As Melhores e Piores Reportagens Internacionais Sobre as Favelas Durante as Olimp\u00edadas - RioOnWatch\" \/>\n<meta property=\"og:description\" content=\"Click Here for English Esta \u00e9 a contribui\u00e7\u00e3o\u00a0mais recente da nossa s\u00e9rie de mat\u00e9rias analisando\u00a0as\u00a0Melhores e Piores Reportagens Internacionais sobre Favelas do Rio, que faz\u00a0parte do atual debate do RioOnWatch sobre a\u00a0narrativa e os\u00a0retratos midi\u00e1ticos [...]\" \/>\n<meta property=\"og:url\" content=\"https:\/\/rioonwatch.org.br\/?p=21843\" \/>\n<meta property=\"og:site_name\" content=\"RioOnWatch\" \/>\n<meta property=\"article:published_time\" content=\"2016-08-26T11:00:20+00:00\" \/>\n<meta property=\"article:modified_time\" content=\"2024-06-20T19:26:15+00:00\" \/>\n<meta property=\"og:image\" content=\"https:\/\/rioonwatch.org.br\/wp-content\/uploads\/2016\/08\/FF_Abertura-Jogos-Olimpicos-Rio-2016-estadio-Maracana-Rio-de-Janeiro_02505082016-scaled.jpg\" \/>\n\t<meta property=\"og:image:width\" content=\"2560\" \/>\n\t<meta property=\"og:image:height\" content=\"1707\" \/>\n\t<meta property=\"og:image:type\" content=\"image\/jpeg\" \/>\n<meta name=\"author\" content=\"Admin\" \/>\n<meta name=\"twitter:card\" content=\"summary_large_image\" \/>\n<meta name=\"twitter:label1\" content=\"Escrito por\" \/>\n\t<meta name=\"twitter:data1\" content=\"Admin\" \/>\n\t<meta name=\"twitter:label2\" content=\"Est. tempo de leitura\" \/>\n\t<meta name=\"twitter:data2\" content=\"10 minutos\" \/>\n<script type=\"application\/ld+json\" class=\"yoast-schema-graph\">{\"@context\":\"https:\/\/schema.org\",\"@graph\":[{\"@type\":\"Article\",\"@id\":\"https:\/\/rioonwatch.org.br\/?p=21843#article\",\"isPartOf\":{\"@id\":\"https:\/\/rioonwatch.org.br\/?p=21843\"},\"author\":{\"name\":\"Admin\",\"@id\":\"https:\/\/rioonwatch.org.br\/#\/schema\/person\/11d64c290506f9df50c71b850c473f68\"},\"headline\":\"As Melhores e Piores Reportagens Internacionais Sobre as Favelas Durante as Olimp\u00edadas\",\"datePublished\":\"2016-08-26T11:00:20+00:00\",\"dateModified\":\"2024-06-20T19:26:15+00:00\",\"mainEntityOfPage\":{\"@id\":\"https:\/\/rioonwatch.org.br\/?p=21843\"},\"wordCount\":1930,\"publisher\":{\"@id\":\"https:\/\/rioonwatch.org.br\/#organization\"},\"image\":{\"@id\":\"https:\/\/rioonwatch.org.br\/?p=21843#primaryimage\"},\"thumbnailUrl\":\"https:\/\/rioonwatch.org.br\/wp-content\/uploads\/2016\/08\/FF_Abertura-Jogos-Olimpicos-Rio-2016-estadio-Maracana-Rio-de-Janeiro_02505082016-scaled.jpg\",\"keywords\":[\"#StopFavelaStigma\",\"an\u00e1lise cobertura de favelas\",\"Ba\u00eda da Guanabara\",\"biodigestor\",\"Complexo do Alem\u00e3o\",\"criminaliza\u00e7\u00e3o da pobreza\",\"cultura da favela\",\"escravid\u00e3o\",\"grande m\u00eddia\",\"hist\u00f3ria\",\"jornalismo\",\"Megaeventos\",\"narrativa midi\u00e1tica\",\"Olimp\u00edadas\",\"preconceito\",\"Regi\u00e3o do Porto\",\"Remo\u00e7\u00e3o\",\"S\u00e9rie: Melhores e Piores Reportagens\",\"tr\u00e1fico de drogas\",\"UPP\",\"Vale Encantado\",\"viol\u00eancia\"],\"articleSection\":[\"#Rio2016\",\"*Destaque\",\"Entendendo o Rio\"],\"inLanguage\":\"pt-BR\"},{\"@type\":\"WebPage\",\"@id\":\"https:\/\/rioonwatch.org.br\/?p=21843\",\"url\":\"https:\/\/rioonwatch.org.br\/?p=21843\",\"name\":\"As Melhores e Piores Reportagens Internacionais Sobre as Favelas Durante as Olimp\u00edadas - RioOnWatch\",\"isPartOf\":{\"@id\":\"https:\/\/rioonwatch.org.br\/#website\"},\"primaryImageOfPage\":{\"@id\":\"https:\/\/rioonwatch.org.br\/?p=21843#primaryimage\"},\"image\":{\"@id\":\"https:\/\/rioonwatch.org.br\/?p=21843#primaryimage\"},\"thumbnailUrl\":\"https:\/\/rioonwatch.org.br\/wp-content\/uploads\/2016\/08\/FF_Abertura-Jogos-Olimpicos-Rio-2016-estadio-Maracana-Rio-de-Janeiro_02505082016-scaled.jpg\",\"datePublished\":\"2016-08-26T11:00:20+00:00\",\"dateModified\":\"2024-06-20T19:26:15+00:00\",\"breadcrumb\":{\"@id\":\"https:\/\/rioonwatch.org.br\/?p=21843#breadcrumb\"},\"inLanguage\":\"pt-BR\",\"potentialAction\":[{\"@type\":\"ReadAction\",\"target\":[\"https:\/\/rioonwatch.org.br\/?p=21843\"]}]},{\"@type\":\"ImageObject\",\"inLanguage\":\"pt-BR\",\"@id\":\"https:\/\/rioonwatch.org.br\/?p=21843#primaryimage\",\"url\":\"https:\/\/rioonwatch.org.br\/wp-content\/uploads\/2016\/08\/FF_Abertura-Jogos-Olimpicos-Rio-2016-estadio-Maracana-Rio-de-Janeiro_02505082016-scaled.jpg\",\"contentUrl\":\"https:\/\/rioonwatch.org.br\/wp-content\/uploads\/2016\/08\/FF_Abertura-Jogos-Olimpicos-Rio-2016-estadio-Maracana-Rio-de-Janeiro_02505082016-scaled.jpg\",\"width\":2560,\"height\":1707},{\"@type\":\"BreadcrumbList\",\"@id\":\"https:\/\/rioonwatch.org.br\/?p=21843#breadcrumb\",\"itemListElement\":[{\"@type\":\"ListItem\",\"position\":1,\"name\":\"In\u00edcio\",\"item\":\"https:\/\/rioonwatch.org.br\/\"},{\"@type\":\"ListItem\",\"position\":2,\"name\":\"As Melhores e Piores Reportagens Internacionais Sobre as Favelas Durante as Olimp\u00edadas\"}]},{\"@type\":\"WebSite\",\"@id\":\"https:\/\/rioonwatch.org.br\/#website\",\"url\":\"https:\/\/rioonwatch.org.br\/\",\"name\":\"RioOnWatch\",\"description\":\"relatos das favelas cariocas\",\"publisher\":{\"@id\":\"https:\/\/rioonwatch.org.br\/#organization\"},\"potentialAction\":[{\"@type\":\"SearchAction\",\"target\":{\"@type\":\"EntryPoint\",\"urlTemplate\":\"https:\/\/rioonwatch.org.br\/?s={search_term_string}\"},\"query-input\":{\"@type\":\"PropertyValueSpecification\",\"valueRequired\":true,\"valueName\":\"search_term_string\"}}],\"inLanguage\":\"pt-BR\"},{\"@type\":\"Organization\",\"@id\":\"https:\/\/rioonwatch.org.br\/#organization\",\"name\":\"RioOnWatch\",\"url\":\"https:\/\/rioonwatch.org.br\/\",\"logo\":{\"@type\":\"ImageObject\",\"inLanguage\":\"pt-BR\",\"@id\":\"https:\/\/rioonwatch.org.br\/#\/schema\/logo\/image\/\",\"url\":\"https:\/\/rioonwatch.org.br\/wp-content\/uploads\/2021\/06\/RioOnWatchcabecalhoPT11anos-2.png\",\"contentUrl\":\"https:\/\/rioonwatch.org.br\/wp-content\/uploads\/2021\/06\/RioOnWatchcabecalhoPT11anos-2.png\",\"width\":779,\"height\":277,\"caption\":\"RioOnWatch\"},\"image\":{\"@id\":\"https:\/\/rioonwatch.org.br\/#\/schema\/logo\/image\/\"}},{\"@type\":\"Person\",\"@id\":\"https:\/\/rioonwatch.org.br\/#\/schema\/person\/11d64c290506f9df50c71b850c473f68\",\"name\":\"Admin\",\"image\":{\"@type\":\"ImageObject\",\"inLanguage\":\"pt-BR\",\"@id\":\"https:\/\/rioonwatch.org.br\/#\/schema\/person\/image\/\",\"url\":\"https:\/\/secure.gravatar.com\/avatar\/56211ac74568383903349a1485e3c325?s=96&d=blank&r=g\",\"contentUrl\":\"https:\/\/secure.gravatar.com\/avatar\/56211ac74568383903349a1485e3c325?s=96&d=blank&r=g\",\"caption\":\"Admin\"},\"url\":\"https:\/\/rioonwatch.org.br\/?author=129\"}]}<\/script>\n<!-- \/ Yoast SEO plugin. -->","yoast_head_json":{"title":"As Melhores e Piores Reportagens Internacionais Sobre as Favelas Durante as Olimp\u00edadas - RioOnWatch","robots":{"index":"index","follow":"follow","max-snippet":"max-snippet:-1","max-image-preview":"max-image-preview:large","max-video-preview":"max-video-preview:-1"},"canonical":"https:\/\/rioonwatch.org.br\/?p=21843","og_locale":"pt_BR","og_type":"article","og_title":"As Melhores e Piores Reportagens Internacionais Sobre as Favelas Durante as Olimp\u00edadas - RioOnWatch","og_description":"Click Here for English Esta \u00e9 a contribui\u00e7\u00e3o\u00a0mais recente da nossa s\u00e9rie de mat\u00e9rias analisando\u00a0as\u00a0Melhores e Piores Reportagens Internacionais sobre Favelas do Rio, que faz\u00a0parte do atual debate do RioOnWatch sobre a\u00a0narrativa e os\u00a0retratos midi\u00e1ticos [...]","og_url":"https:\/\/rioonwatch.org.br\/?p=21843","og_site_name":"RioOnWatch","article_published_time":"2016-08-26T11:00:20+00:00","article_modified_time":"2024-06-20T19:26:15+00:00","og_image":[{"width":2560,"height":1707,"url":"https:\/\/rioonwatch.org.br\/wp-content\/uploads\/2016\/08\/FF_Abertura-Jogos-Olimpicos-Rio-2016-estadio-Maracana-Rio-de-Janeiro_02505082016-scaled.jpg","type":"image\/jpeg"}],"author":"Admin","twitter_card":"summary_large_image","twitter_misc":{"Escrito por":"Admin","Est. tempo de leitura":"10 minutos"},"schema":{"@context":"https:\/\/schema.org","@graph":[{"@type":"Article","@id":"https:\/\/rioonwatch.org.br\/?p=21843#article","isPartOf":{"@id":"https:\/\/rioonwatch.org.br\/?p=21843"},"author":{"name":"Admin","@id":"https:\/\/rioonwatch.org.br\/#\/schema\/person\/11d64c290506f9df50c71b850c473f68"},"headline":"As Melhores e Piores Reportagens Internacionais Sobre as Favelas Durante as Olimp\u00edadas","datePublished":"2016-08-26T11:00:20+00:00","dateModified":"2024-06-20T19:26:15+00:00","mainEntityOfPage":{"@id":"https:\/\/rioonwatch.org.br\/?p=21843"},"wordCount":1930,"publisher":{"@id":"https:\/\/rioonwatch.org.br\/#organization"},"image":{"@id":"https:\/\/rioonwatch.org.br\/?p=21843#primaryimage"},"thumbnailUrl":"https:\/\/rioonwatch.org.br\/wp-content\/uploads\/2016\/08\/FF_Abertura-Jogos-Olimpicos-Rio-2016-estadio-Maracana-Rio-de-Janeiro_02505082016-scaled.jpg","keywords":["#StopFavelaStigma","an\u00e1lise cobertura de favelas","Ba\u00eda da Guanabara","biodigestor","Complexo do Alem\u00e3o","criminaliza\u00e7\u00e3o da pobreza","cultura da favela","escravid\u00e3o","grande m\u00eddia","hist\u00f3ria","jornalismo","Megaeventos","narrativa midi\u00e1tica","Olimp\u00edadas","preconceito","Regi\u00e3o do Porto","Remo\u00e7\u00e3o","S\u00e9rie: Melhores e Piores Reportagens","tr\u00e1fico de drogas","UPP","Vale Encantado","viol\u00eancia"],"articleSection":["#Rio2016","*Destaque","Entendendo o Rio"],"inLanguage":"pt-BR"},{"@type":"WebPage","@id":"https:\/\/rioonwatch.org.br\/?p=21843","url":"https:\/\/rioonwatch.org.br\/?p=21843","name":"As Melhores e Piores Reportagens Internacionais Sobre as Favelas Durante as Olimp\u00edadas - RioOnWatch","isPartOf":{"@id":"https:\/\/rioonwatch.org.br\/#website"},"primaryImageOfPage":{"@id":"https:\/\/rioonwatch.org.br\/?p=21843#primaryimage"},"image":{"@id":"https:\/\/rioonwatch.org.br\/?p=21843#primaryimage"},"thumbnailUrl":"https:\/\/rioonwatch.org.br\/wp-content\/uploads\/2016\/08\/FF_Abertura-Jogos-Olimpicos-Rio-2016-estadio-Maracana-Rio-de-Janeiro_02505082016-scaled.jpg","datePublished":"2016-08-26T11:00:20+00:00","dateModified":"2024-06-20T19:26:15+00:00","breadcrumb":{"@id":"https:\/\/rioonwatch.org.br\/?p=21843#breadcrumb"},"inLanguage":"pt-BR","potentialAction":[{"@type":"ReadAction","target":["https:\/\/rioonwatch.org.br\/?p=21843"]}]},{"@type":"ImageObject","inLanguage":"pt-BR","@id":"https:\/\/rioonwatch.org.br\/?p=21843#primaryimage","url":"https:\/\/rioonwatch.org.br\/wp-content\/uploads\/2016\/08\/FF_Abertura-Jogos-Olimpicos-Rio-2016-estadio-Maracana-Rio-de-Janeiro_02505082016-scaled.jpg","contentUrl":"https:\/\/rioonwatch.org.br\/wp-content\/uploads\/2016\/08\/FF_Abertura-Jogos-Olimpicos-Rio-2016-estadio-Maracana-Rio-de-Janeiro_02505082016-scaled.jpg","width":2560,"height":1707},{"@type":"BreadcrumbList","@id":"https:\/\/rioonwatch.org.br\/?p=21843#breadcrumb","itemListElement":[{"@type":"ListItem","position":1,"name":"In\u00edcio","item":"https:\/\/rioonwatch.org.br\/"},{"@type":"ListItem","position":2,"name":"As Melhores e Piores Reportagens Internacionais Sobre as Favelas Durante as Olimp\u00edadas"}]},{"@type":"WebSite","@id":"https:\/\/rioonwatch.org.br\/#website","url":"https:\/\/rioonwatch.org.br\/","name":"RioOnWatch","description":"relatos das favelas cariocas","publisher":{"@id":"https:\/\/rioonwatch.org.br\/#organization"},"potentialAction":[{"@type":"SearchAction","target":{"@type":"EntryPoint","urlTemplate":"https:\/\/rioonwatch.org.br\/?s={search_term_string}"},"query-input":{"@type":"PropertyValueSpecification","valueRequired":true,"valueName":"search_term_string"}}],"inLanguage":"pt-BR"},{"@type":"Organization","@id":"https:\/\/rioonwatch.org.br\/#organization","name":"RioOnWatch","url":"https:\/\/rioonwatch.org.br\/","logo":{"@type":"ImageObject","inLanguage":"pt-BR","@id":"https:\/\/rioonwatch.org.br\/#\/schema\/logo\/image\/","url":"https:\/\/rioonwatch.org.br\/wp-content\/uploads\/2021\/06\/RioOnWatchcabecalhoPT11anos-2.png","contentUrl":"https:\/\/rioonwatch.org.br\/wp-content\/uploads\/2021\/06\/RioOnWatchcabecalhoPT11anos-2.png","width":779,"height":277,"caption":"RioOnWatch"},"image":{"@id":"https:\/\/rioonwatch.org.br\/#\/schema\/logo\/image\/"}},{"@type":"Person","@id":"https:\/\/rioonwatch.org.br\/#\/schema\/person\/11d64c290506f9df50c71b850c473f68","name":"Admin","image":{"@type":"ImageObject","inLanguage":"pt-BR","@id":"https:\/\/rioonwatch.org.br\/#\/schema\/person\/image\/","url":"https:\/\/secure.gravatar.com\/avatar\/56211ac74568383903349a1485e3c325?s=96&d=blank&r=g","contentUrl":"https:\/\/secure.gravatar.com\/avatar\/56211ac74568383903349a1485e3c325?s=96&d=blank&r=g","caption":"Admin"},"url":"https:\/\/rioonwatch.org.br\/?author=129"}]}},"_links":{"self":[{"href":"https:\/\/rioonwatch.org.br\/index.php?rest_route=\/wp\/v2\/posts\/21843"}],"collection":[{"href":"https:\/\/rioonwatch.org.br\/index.php?rest_route=\/wp\/v2\/posts"}],"about":[{"href":"https:\/\/rioonwatch.org.br\/index.php?rest_route=\/wp\/v2\/types\/post"}],"author":[{"embeddable":true,"href":"https:\/\/rioonwatch.org.br\/index.php?rest_route=\/wp\/v2\/users\/129"}],"replies":[{"embeddable":true,"href":"https:\/\/rioonwatch.org.br\/index.php?rest_route=%2Fwp%2Fv2%2Fcomments&post=21843"}],"version-history":[{"count":26,"href":"https:\/\/rioonwatch.org.br\/index.php?rest_route=\/wp\/v2\/posts\/21843\/revisions"}],"predecessor-version":[{"id":74151,"href":"https:\/\/rioonwatch.org.br\/index.php?rest_route=\/wp\/v2\/posts\/21843\/revisions\/74151"}],"wp:featuredmedia":[{"embeddable":true,"href":"https:\/\/rioonwatch.org.br\/index.php?rest_route=\/wp\/v2\/media\/21856"}],"wp:attachment":[{"href":"https:\/\/rioonwatch.org.br\/index.php?rest_route=%2Fwp%2Fv2%2Fmedia&parent=21843"}],"wp:term":[{"taxonomy":"category","embeddable":true,"href":"https:\/\/rioonwatch.org.br\/index.php?rest_route=%2Fwp%2Fv2%2Fcategories&post=21843"},{"taxonomy":"post_tag","embeddable":true,"href":"https:\/\/rioonwatch.org.br\/index.php?rest_route=%2Fwp%2Fv2%2Ftags&post=21843"},{"taxonomy":"writer","embeddable":true,"href":"https:\/\/rioonwatch.org.br\/index.php?rest_route=%2Fwp%2Fv2%2Fwriter&post=21843"},{"taxonomy":"translator","embeddable":true,"href":"https:\/\/rioonwatch.org.br\/index.php?rest_route=%2Fwp%2Fv2%2Ftranslator&post=21843"},{"taxonomy":"source","embeddable":true,"href":"https:\/\/rioonwatch.org.br\/index.php?rest_route=%2Fwp%2Fv2%2Fsource&post=21843"},{"taxonomy":"ilustrador","embeddable":true,"href":"https:\/\/rioonwatch.org.br\/index.php?rest_route=%2Fwp%2Fv2%2Filustrador&post=21843"},{"taxonomy":"fotografo","embeddable":true,"href":"https:\/\/rioonwatch.org.br\/index.php?rest_route=%2Fwp%2Fv2%2Ffotografo&post=21843"}],"curies":[{"name":"wp","href":"https:\/\/api.w.org\/{rel}","templated":true}]}}