{"id":21874,"date":"2016-08-26T10:25:57","date_gmt":"2016-08-26T13:25:57","guid":{"rendered":"http:\/\/rioonwatch.org.br\/?p=21874"},"modified":"2024-06-20T16:25:47","modified_gmt":"2024-06-20T19:25:47","slug":"durante-celebracao-pela-medalha-de-ouro-ativistas-protestam-contra-violencia-policial-e-expressam-fomedeviver","status":"publish","type":"post","link":"https:\/\/rioonwatch.org.br\/?p=21874","title":{"rendered":"Durante Celebra\u00e7\u00e3o pela Medalha de Ouro, Ativistas Lan\u00e7am Campanha #FomeDeViver"},"content":{"rendered":"<p style=\"text-align: right;\"><em><strong><a href=\"http:\/\/bit.ly\/2be0yfD\" target=\"_blank\" rel=\"noopener\">Click Here for English<img decoding=\"async\" width=\"20\" height=\"20\" class=\"alignright wp-image-15790\" src=\"http:\/\/rioonwatch.org.br\/wp-content\/uploads\/2012\/08\/EN-standard-e1439583104716.jpg\" alt=\"\" \/><\/a><\/strong><\/em><\/p>\n<p><span style=\"font-weight: 400;\">Pouco depois das 20h do \u00faltimo s\u00e1bado, 20 de agosto, enquanto milhares de f\u00e3s reunidos no Boulevard Ol\u00edmpico, na <\/span><a href=\"http:\/\/bit.ly\/1cVBDvL\" target=\"_blank\" rel=\"noopener\"><span style=\"font-weight: 400;\">Regi\u00e3o do Porto<\/span><\/a><span style=\"font-weight: 400;\"> do Rio, come\u00e7avam a celebrar a vit\u00f3ria pela medalha de ouro no futebol, um grupo de cerca de duas d\u00fazias de ativistas promoveram uma campanha em protesto \u00e0\u00a0<\/span><span style=\"font-weight: 400;\"><a href=\"http:\/\/bit.ly\/1i0t9Hc\" target=\"_blank\" rel=\"noopener\">viol\u00eancia policial <\/a>contra<\/span><span style=\"font-weight: 400;\">\u00a0moradores de favelas durante as <\/span><a href=\"http:\/\/bit.ly\/PkLXlQ\" target=\"_blank\" rel=\"noopener\"><span style=\"font-weight: 400;\">Olimp\u00edadas<\/span><\/a><span style=\"font-weight: 400;\">.<\/span><\/p>\n<p><span style=\"font-weight: 400;\">O grupo multi-geracional, composto por ativistas de toda a cidade, subiu na base de uma das colunas da Pra\u00e7a Mau\u00e1 e desenrolou uma grande faixa laranja reluzente em que se lia &#8220;Com quantos corpos negros e favelados se faz uma Olimp\u00edada?&#8221; Os organizadores se revezaram discursando em um megafone para explicar o prop\u00f3sito da a\u00e7\u00e3o e chamar a aten\u00e7\u00e3o para a viol\u00eancia que afeta suas comunidades.<\/span><\/p>\n<p>&#8220;Este \u00e9 um ato simb\u00f3lico em resposta \u00e0 repress\u00e3o da popula\u00e7\u00e3o durante as Olimp\u00edadas&#8221;, disse um dos ativistas, um jovem de 24 anos da favela de\u00a0<a href=\"http:\/\/bit.ly\/13ZsHgY\" target=\"_blank\" rel=\"noopener\">Acari<\/a>, na<a href=\"http:\/\/bit.ly\/WximDf\" target=\"_blank\" rel=\"noopener\"> Zona Norte<\/a>, que pediu para permanecer an\u00f4nimo. &#8220;A ideia n\u00e3o \u00e9 responder \u00e0 viol\u00eancia com mais viol\u00eancia. N\u00f3s esperamos que mais pessoas se juntem a n\u00f3s e se mobilizem.&#8221;<\/p>\n<p><span style=\"font-weight: 400;\">Os ativistas permaneceram na base da coluna por cerca de dez minutos, tempo suficiente para pessoas que passavam perto deles tirarem fotos e gravarem v\u00eddeos, e para a faixa aparecer ao fundo da transmiss\u00e3o de TV exibida no tel\u00e3o da pra\u00e7a.<\/span><\/p>\n<p><a href=\"http:\/\/rioonwatch.org.br\/wp-content\/uploads\/2016\/08\/IMG_3780-e1471881645241.jpg\"><img fetchpriority=\"high\" decoding=\"async\" class=\"aligncenter wp-image-21882 size-content\" title=\"A multid\u00e3o no Boulevard Ol\u00edmpico\" src=\"http:\/\/rioonwatch.org.br\/wp-content\/uploads\/2016\/08\/IMG_3780-e1471881645241-620x264.jpg\" alt=\"IMG_3780-e1471881645241\" width=\"620\" height=\"264\" srcset=\"https:\/\/rioonwatch.org.br\/wp-content\/uploads\/2016\/08\/IMG_3780-e1471881645241-620x264.jpg 620w, https:\/\/rioonwatch.org.br\/wp-content\/uploads\/2016\/08\/IMG_3780-e1471881645241-940x400.jpg 940w\" sizes=\"(max-width: 620px) 100vw, 620px\" \/><\/a><\/p>\n<p style=\"line-height: 16.8pt; vertical-align: baseline; text-align: left; background: white;\"><span style=\"color: black;\">Os organizadores planejaram estrategicamente a a\u00e7\u00e3o para coincidir com o fim do jogo, quando a a\u00e7\u00e3o teria o m\u00e1ximo de impacto e visibilidade, estando de frente a milhares de pessoas reunidas no Boulevard. Enquanto os minutos finais do jogo entre Alemanha e Brasil corriam, eles conseguiram passar pela multid\u00e3o que se acotovelava e ent\u00e3o permaneceram ao redor da coluna por aproximadamente 40 minutos a mais, conforme a partida ia para a prorroga\u00e7\u00e3o e depois para os p\u00eanaltis.<\/span><\/p>\n<p>&#8220;N\u00f3s\u00a0estamos aqui neste momento porque \u00e9 tempo de Jogos Ol\u00edmpicos, e o Boulevard Ol\u00edmpico tem a maior concentra\u00e7\u00e3o de pessoas&#8221;, disse um participante de 27 anos da Vila Isabel, que se descreveu como um apoiador da campanha. &#8220;O espa\u00e7o tamb\u00e9m \u00e9 significativo, \u00e9 um espa\u00e7o simb\u00f3lico pelos <a href=\"http:\/\/bit.ly\/UR7rn7\" target=\"_blank\" rel=\"noopener\">projetos e as obras<\/a>\u00a0realizadas aqui, e tamb\u00e9m pelas <a href=\"http:\/\/bit.ly\/X51Qvb\" target=\"_blank\" rel=\"noopener\">remo\u00e7\u00f5es<\/a> na Zona Portu\u00e1ria&#8221;.<\/p>\n<p style=\"line-height: 16.8pt; vertical-align: baseline; text-align: left; background: white;\"><span style=\"color: black;\">A multid\u00e3o ao redor da faixa parecia, em sua maioria, demonstrar apoio, pois interrompiam as comemora\u00e7\u00f5es e os abra\u00e7os para dar espa\u00e7o para a faixa, tirar fotos e gravar v\u00eddeos. Enquanto um pequeno grupo de homens gritava em desacordo com os manifestantes, outros aplaudiam a a\u00e7\u00e3o.<\/span><\/p>\n<p>O ato coincidiu com um\u00a0<a href=\"http:\/\/bit.ly\/2by8v4q\">protesto similar<\/a>\u00a0no<a href=\"http:\/\/bit.ly\/1nid1lU\" target=\"_blank\" rel=\"noopener\"> est\u00e1dio do Maracan\u00e3<\/a>, onde estava acontecendo a disputa pela medalha de ouro. No est\u00e1dio, Carlos da Silva Souza, pai de um dos quinze jovens <a href=\"http:\/\/bit.ly\/1XHEDyr\" target=\"_blank\" rel=\"noopener\">assassinados pela pol\u00edcia<\/a>\u00a0em<a href=\"http:\/\/bit.ly\/1m8dV2m\" target=\"_blank\" rel=\"noopener\">\u00a0Costa Barros<\/a>\u00a0em novembro de 2015, exibiu uma faixa mostrando os rostos dos cinco rapazes, em que se lia: &#8220;Rio, h\u00e1 450 anos campe\u00e3o ol\u00edmpico de assassinatos da juventude pobre negra&#8221;.<\/p>\n<p><a href=\"http:\/\/rioonwatch.org.br\/wp-content\/uploads\/2016\/08\/14068035_1128681263858587_251792810816098708_n.jpg\"><img decoding=\"async\" class=\"aligncenter wp-image-21883 size-content\" title=\"Protesto no est\u00e1dio Maracan\u00e3. Foto da p\u00e1gina do Facebook do Comit\u00ea Popular Rio Copa e Olimp\u00edadas\" src=\"http:\/\/rioonwatch.org.br\/wp-content\/uploads\/2016\/08\/14068035_1128681263858587_251792810816098708_n-620x264.jpg\" alt=\"14068035_1128681263858587_251792810816098708_n\" width=\"620\" height=\"264\" srcset=\"https:\/\/rioonwatch.org.br\/wp-content\/uploads\/2016\/08\/14068035_1128681263858587_251792810816098708_n-620x264.jpg 620w, https:\/\/rioonwatch.org.br\/wp-content\/uploads\/2016\/08\/14068035_1128681263858587_251792810816098708_n-940x400.jpg 940w\" sizes=\"(max-width: 620px) 100vw, 620px\" \/><\/a><\/p>\n<p>Antes da a\u00e7\u00e3o na Pra\u00e7a Mau\u00e1, alguns participantes estavam apreensivos com uma potencial resposta da pol\u00edcia.<\/p>\n<p>&#8220;\u00c9 proibido manifesta\u00e7\u00f5es dentro dos eventos e dos espa\u00e7os Ol\u00edmpicos&#8221;, disse o ativista de Acari. &#8220;N\u00f3s estamos\u00a0quebrando essa regra, ent\u00e3o espero que seja tranquilo. N\u00e3o quero confrontos com ningu\u00e9m&#8221;.<\/p>\n<p style=\"text-align: justify; line-height: 16.8pt; background: white; vertical-align: baseline;\"><span style=\"color: black;\">Um grupo de cerca de 16 agentes monitoraram os ativistas conforme eles se reuniam e planejavam a a\u00e7\u00e3o, mas n\u00e3o havia pol\u00edcia por perto quando o protesto ocorreu.<\/span><\/p>\n<p>A a\u00e7\u00e3o marcou o ponta p\u00e9 inicial de uma\u00a0<a href=\"http:\/\/bit.ly\/2bEaUGj\" target=\"_blank\" rel=\"noopener\">nova campanha por ativistas da favela<\/a>, organizada sob o slogan #FomeDeViver. Na semana do evento, os organizadores postaram um v\u00eddeo no Facebook em protesto \u00e0 viol\u00eancia policial em curso contra moradores de favelas. O v\u00eddeo explica porque eles tinham &#8220;fome de viver&#8221; e encoraja apoiadores a criar e a compartilhar seus pr\u00f3prios v\u00eddeos.<\/p>\n<p><iframe src=\"https:\/\/www.youtube.com\/embed\/QSP9UR_MwRo\" width=\"620\" height=\"349\" frameborder=\"0\" allowfullscreen=\"allowfullscreen\"><\/iframe><\/p>\n<p>A campanha #FomeDeViver foi difundida e apoiada pelo\u00a0<a href=\"http:\/\/bit.ly\/2ba2RpI\">Mutir\u00e3o Rio2016<\/a>, um coletivo de m\u00eddia independente latino-americano voltado para reportar e trazer maior visibilidade ao impacto social das Olimp\u00edadas do Rio.<\/p>\n<p>Ativistas da a\u00e7\u00e3o de 20 de agosto declararam que eles estavam participando como cidad\u00e3os individuais ou representantes de suas comunidades, e n\u00e3o\u00a0em nome de organiza\u00e7\u00f5es da sociedade civil, das quais alguns s\u00e3o afiliados. O evento recebeu apoio nas m\u00eddias sociais por parte de diversas organiza\u00e7\u00f5es, incluindo o\u00a0<a href=\"http:\/\/bit.ly\/2bBKqrV\" target=\"_blank\" rel=\"noopener\">F\u00f3rum Social de Manguinhos<\/a>\u00a0e o\u00a0<a href=\"http:\/\/bit.ly\/1pK8M6N\" target=\"_blank\" rel=\"noopener\">F\u00f3rum de Juventudes do Rio de Janeiro<\/a>.<\/p>\n<p style=\"text-align: left;\">Na p\u00e1gina do evento <a href=\"http:\/\/bit.ly\/2bccq6c\">no Facebook<\/a>, os organizadores determinaram tr\u00eas objetivos principais para a campanha: o fim imediato das opera\u00e7\u00f5es policiais nas favelas, a interrup\u00e7\u00e3o do uso de ve\u00edculos blindados e helic\u00f3pteros, e a repara\u00e7\u00e3o dos danos causados pela pol\u00edcia.<\/p>\n<p>A postagem chama aten\u00e7\u00e3o especificamente para a\u00a0<a href=\"http:\/\/bit.ly\/29S7d38\" target=\"_blank\" rel=\"noopener\">escalada da viol\u00eancia policial<\/a>\u00a0nas favelas de Acari,\u00a0<a href=\"http:\/\/bit.ly\/ZKW86Q\" target=\"_blank\" rel=\"noopener\">Borel<\/a>,\u00a0<a href=\"http:\/\/bit.ly\/12onlyE\" target=\"_blank\" rel=\"noopener\">Cantagalo<\/a>,\u00a0<a href=\"http:\/\/bit.ly\/U0MiGm\" target=\"_blank\" rel=\"noopener\">Complexo do Alem\u00e3o<\/a>,\u00a0<a href=\"http:\/\/bit.ly\/10BvARw\" target=\"_blank\" rel=\"noopener\">Complexo da Mar\u00e9<\/a>,\u00a0<a href=\"http:\/\/bit.ly\/10BzE4e\" target=\"_blank\" rel=\"noopener\">Cidade de Deus<\/a>,\u00a0<a href=\"http:\/\/bit.ly\/ZC9b6z\" target=\"_blank\" rel=\"noopener\">Manguinhos<\/a>\u00a0e Serrinha. Moradores e organiza\u00e7\u00f5es de\u00a0<a href=\"http:\/\/bit.ly\/1jEgxaJ\" target=\"_blank\" rel=\"noopener\">m\u00eddia comunit\u00e1rias<\/a>\u00a0documentaram numerosas opera\u00e7\u00f5es policiais durante as duas semanas das Olimp\u00edadas, com relatos de tiroteios emergindo quase diariamente de algumas comunidades.<\/p>\n<p><a href=\"http:\/\/rioonwatch.org.br\/wp-content\/uploads\/2016\/08\/14067680_681797145292239_3121823954375730573_n.jpg\"><img loading=\"lazy\" decoding=\"async\" class=\"aligncenter wp-image-21884 size-medium\" title=\"&quot;Acabaram o ouro, a prata e o Bronze, mas o chumbo continua!&quot;. Cartoon por Carlos Latuff\" src=\"http:\/\/rioonwatch.org.br\/wp-content\/uploads\/2016\/08\/14067680_681797145292239_3121823954375730573_n-620x457.jpg\" alt=\"14067680_681797145292239_3121823954375730573_n\" width=\"620\" height=\"457\" srcset=\"https:\/\/rioonwatch.org.br\/wp-content\/uploads\/2016\/08\/14067680_681797145292239_3121823954375730573_n-620x457.jpg 620w, https:\/\/rioonwatch.org.br\/wp-content\/uploads\/2016\/08\/14067680_681797145292239_3121823954375730573_n-358x264.jpg 358w, https:\/\/rioonwatch.org.br\/wp-content\/uploads\/2016\/08\/14067680_681797145292239_3121823954375730573_n-768x566.jpg 768w, https:\/\/rioonwatch.org.br\/wp-content\/uploads\/2016\/08\/14067680_681797145292239_3121823954375730573_n-70x53.jpg 70w, https:\/\/rioonwatch.org.br\/wp-content\/uploads\/2016\/08\/14067680_681797145292239_3121823954375730573_n.jpg 960w\" sizes=\"(max-width: 620px) 100vw, 620px\" \/><\/a>&#8220;N\u00f3s queremos que as pessoas saibam o que est\u00e1 acontecendo dentro das favelas durante os Jogos Ol\u00edmpicos&#8221;, disse o ativista de Acari. &#8220;Normalmente tem mais calma durante os <a href=\"http:\/\/bit.ly\/1uZ9w6o\" target=\"_blank\" rel=\"noopener\">megaeventos<\/a>, mas tem muita viol\u00eancia em favelas espec\u00edficas durante os Jogos.&#8221;<\/p>\n<p>&#8220;Os megaeventos\u00a0<a href=\"http:\/\/bit.ly\/2aB5cIX\" target=\"_blank\" rel=\"noopener\">n\u00e3o s\u00e3o para o povo<\/a>&#8220;, acrescentou um participante de Vila Isabel. &#8220;A ideia \u00e9 dar voz \u00e0s pessoas que est\u00e3o sofrendo. #FomeDeViver levanta essa quest\u00e3o, de que pessoas est\u00e3o morrendo.&#8221;<\/p>\n<p style=\"line-height: 16.8pt; vertical-align: baseline; text-align: left; background: white;\"><span style=\"color: black;\">Depois que a a\u00e7\u00e3o foi conclu\u00edda, os ativistas se reuniram ao lado da multid\u00e3o que dan\u00e7ava para debater sobre o ato. Antes de se dispersarem, os organizadores prometeram que mais a\u00e7\u00f5es aconteceriam no futuro pr\u00f3ximo.<\/span><\/p>\n<!-- AddThis Advanced Settings generic via filter on the_content --><!-- AddThis Share Buttons generic via filter on the_content -->","protected":false},"excerpt":{"rendered":"<div class=\"mh-excerpt\"><p>Click Here for English Pouco depois das 20h do \u00faltimo s\u00e1bado, 20 de agosto, enquanto milhares de f\u00e3s reunidos no Boulevard Ol\u00edmpico, na Regi\u00e3o do Porto do Rio, come\u00e7avam a celebrar a vit\u00f3ria pela medalha <a class=\"mh-excerpt-more\" href=\"https:\/\/rioonwatch.org.br\/?p=21874\" title=\"Durante Celebra\u00e7\u00e3o pela Medalha de Ouro, Ativistas Lan\u00e7am Campanha #FomeDeViver\">[&#8230;]<\/a><!-- AddThis Advanced Settings generic via filter on get_the_excerpt --><!-- AddThis Share Buttons generic via filter on get_the_excerpt --><\/p>\n<\/div>","protected":false},"author":129,"featured_media":21881,"comment_status":"closed","ping_status":"closed","sticky":false,"template":"","format":"standard","meta":{"_acf_changed":false,"_monsterinsights_skip_tracking":false,"_monsterinsights_sitenote_active":false,"_monsterinsights_sitenote_note":"","_monsterinsights_sitenote_category":0,"footnotes":""},"categories":[1635,1627,1626,1620,1612,342],"tags":[592,704,229,554,332,217,662,802,636,1240,379,1151,78,31,774,1748,763,494,92,30,920,52],"writer":[1892],"translator":[1895],"source":[],"ilustrador":[],"fotografo":[],"class_list":{"0":"post-21874","1":"post","2":"type-post","3":"status-publish","4":"format-standard","5":"has-post-thumbnail","7":"category-1635","8":"category-relato-de-evento","9":"category-por-observadores-internacionais","10":"category-olhonaupp","11":"category-sociedade-civil","12":"category-solucoes","13":"tag-acari","14":"tag-borel","15":"tag-cantagalo","16":"tag-cidade-de-deus","17":"tag-complexo-da-mare","18":"tag-complexo-do-alemao","19":"tag-forum-de-juventude-do-rio-de-janeiro","20":"tag-forum-de-manguinhos","21":"tag-manguinhos","22":"tag-megaeventos","23":"tag-midia-social","24":"tag-organizacao","25":"tag-olimpiadas","26":"tag-policia","27":"tag-policia-militar","28":"tag-praca-maua","29":"tag-protesto","30":"tag-regiao-do-porto","31":"tag-upp","32":"tag-violencia","33":"tag-violencia-de-estado","34":"tag-violencia-policial","35":"writer-natalie-southwick","36":"translator-francine-oliveira"},"acf":[],"yoast_head":"<!-- This site is optimized with the Yoast SEO plugin v25.6 - https:\/\/yoast.com\/wordpress\/plugins\/seo\/ -->\n<title>Durante Celebra\u00e7\u00e3o pela Medalha de Ouro, Ativistas Lan\u00e7am Campanha #FomeDeViver - RioOnWatch<\/title>\n<meta name=\"robots\" content=\"index, follow, max-snippet:-1, max-image-preview:large, max-video-preview:-1\" \/>\n<link rel=\"canonical\" href=\"https:\/\/rioonwatch.org.br\/?p=21874\" \/>\n<meta property=\"og:locale\" content=\"pt_BR\" \/>\n<meta property=\"og:type\" content=\"article\" \/>\n<meta property=\"og:title\" content=\"Durante Celebra\u00e7\u00e3o pela Medalha de Ouro, Ativistas Lan\u00e7am Campanha #FomeDeViver - RioOnWatch\" \/>\n<meta property=\"og:description\" content=\"Click Here for English Pouco depois das 20h do \u00faltimo s\u00e1bado, 20 de agosto, enquanto milhares de f\u00e3s reunidos no Boulevard Ol\u00edmpico, na Regi\u00e3o do Porto do Rio, come\u00e7avam a celebrar a vit\u00f3ria pela medalha [...]\" \/>\n<meta property=\"og:url\" content=\"https:\/\/rioonwatch.org.br\/?p=21874\" \/>\n<meta property=\"og:site_name\" content=\"RioOnWatch\" \/>\n<meta property=\"article:published_time\" content=\"2016-08-26T13:25:57+00:00\" \/>\n<meta property=\"article:modified_time\" content=\"2024-06-20T19:25:47+00:00\" \/>\n<meta property=\"og:image\" content=\"https:\/\/rioonwatch.org.br\/wp-content\/uploads\/2016\/08\/IMG_3893-e1471881620868.jpg\" \/>\n\t<meta property=\"og:image:width\" content=\"1000\" \/>\n\t<meta property=\"og:image:height\" content=\"643\" \/>\n\t<meta property=\"og:image:type\" content=\"image\/jpeg\" \/>\n<meta name=\"author\" content=\"Admin\" \/>\n<meta name=\"twitter:card\" content=\"summary_large_image\" \/>\n<meta name=\"twitter:label1\" content=\"Escrito por\" \/>\n\t<meta name=\"twitter:data1\" content=\"Admin\" \/>\n\t<meta name=\"twitter:label2\" content=\"Est. tempo de leitura\" \/>\n\t<meta name=\"twitter:data2\" content=\"5 minutos\" \/>\n<script type=\"application\/ld+json\" class=\"yoast-schema-graph\">{\"@context\":\"https:\/\/schema.org\",\"@graph\":[{\"@type\":\"Article\",\"@id\":\"https:\/\/rioonwatch.org.br\/?p=21874#article\",\"isPartOf\":{\"@id\":\"https:\/\/rioonwatch.org.br\/?p=21874\"},\"author\":{\"name\":\"Admin\",\"@id\":\"https:\/\/rioonwatch.org.br\/#\/schema\/person\/11d64c290506f9df50c71b850c473f68\"},\"headline\":\"Durante Celebra\u00e7\u00e3o pela Medalha de Ouro, Ativistas Lan\u00e7am Campanha #FomeDeViver\",\"datePublished\":\"2016-08-26T13:25:57+00:00\",\"dateModified\":\"2024-06-20T19:25:47+00:00\",\"mainEntityOfPage\":{\"@id\":\"https:\/\/rioonwatch.org.br\/?p=21874\"},\"wordCount\":1019,\"publisher\":{\"@id\":\"https:\/\/rioonwatch.org.br\/#organization\"},\"image\":{\"@id\":\"https:\/\/rioonwatch.org.br\/?p=21874#primaryimage\"},\"thumbnailUrl\":\"https:\/\/rioonwatch.org.br\/wp-content\/uploads\/2016\/08\/IMG_3893-e1471881620868.jpg\",\"keywords\":[\"Acari\",\"Borel\",\"Cantagalo\",\"Cidade de Deus\",\"Complexo da Mar\u00e9\",\"Complexo do Alem\u00e3o\",\"Forum de Juventudes do Rio de Janeiro\",\"F\u00f3rum de Manguinhos\",\"Manguinhos\",\"Megaeventos\",\"m\u00eddia social\",\"mobiliza\u00e7\u00e3o\",\"Olimp\u00edadas\",\"pol\u00edcia\",\"Pol\u00edcia Militar\",\"Pra\u00e7a Mau\u00e1\",\"protesto\",\"Regi\u00e3o do Porto\",\"UPP\",\"viol\u00eancia\",\"viol\u00eancia de Estado\",\"viol\u00eancia policial\"],\"articleSection\":[\"#Rio2016\",\"Cobertura de Eventos\",\"Escrito por Aliados\",\"Seguran\u00e7a P\u00fablica\",\"Sociedade Civil\",\"Solu\u00e7\u00f5es\"],\"inLanguage\":\"pt-BR\"},{\"@type\":\"WebPage\",\"@id\":\"https:\/\/rioonwatch.org.br\/?p=21874\",\"url\":\"https:\/\/rioonwatch.org.br\/?p=21874\",\"name\":\"Durante Celebra\u00e7\u00e3o pela Medalha de Ouro, Ativistas Lan\u00e7am Campanha #FomeDeViver - RioOnWatch\",\"isPartOf\":{\"@id\":\"https:\/\/rioonwatch.org.br\/#website\"},\"primaryImageOfPage\":{\"@id\":\"https:\/\/rioonwatch.org.br\/?p=21874#primaryimage\"},\"image\":{\"@id\":\"https:\/\/rioonwatch.org.br\/?p=21874#primaryimage\"},\"thumbnailUrl\":\"https:\/\/rioonwatch.org.br\/wp-content\/uploads\/2016\/08\/IMG_3893-e1471881620868.jpg\",\"datePublished\":\"2016-08-26T13:25:57+00:00\",\"dateModified\":\"2024-06-20T19:25:47+00:00\",\"breadcrumb\":{\"@id\":\"https:\/\/rioonwatch.org.br\/?p=21874#breadcrumb\"},\"inLanguage\":\"pt-BR\",\"potentialAction\":[{\"@type\":\"ReadAction\",\"target\":[\"https:\/\/rioonwatch.org.br\/?p=21874\"]}]},{\"@type\":\"ImageObject\",\"inLanguage\":\"pt-BR\",\"@id\":\"https:\/\/rioonwatch.org.br\/?p=21874#primaryimage\",\"url\":\"https:\/\/rioonwatch.org.br\/wp-content\/uploads\/2016\/08\/IMG_3893-e1471881620868.jpg\",\"contentUrl\":\"https:\/\/rioonwatch.org.br\/wp-content\/uploads\/2016\/08\/IMG_3893-e1471881620868.jpg\",\"width\":1000,\"height\":643},{\"@type\":\"BreadcrumbList\",\"@id\":\"https:\/\/rioonwatch.org.br\/?p=21874#breadcrumb\",\"itemListElement\":[{\"@type\":\"ListItem\",\"position\":1,\"name\":\"In\u00edcio\",\"item\":\"https:\/\/rioonwatch.org.br\/\"},{\"@type\":\"ListItem\",\"position\":2,\"name\":\"Durante Celebra\u00e7\u00e3o pela Medalha de Ouro, Ativistas Lan\u00e7am Campanha #FomeDeViver\"}]},{\"@type\":\"WebSite\",\"@id\":\"https:\/\/rioonwatch.org.br\/#website\",\"url\":\"https:\/\/rioonwatch.org.br\/\",\"name\":\"RioOnWatch\",\"description\":\"relatos das favelas cariocas\",\"publisher\":{\"@id\":\"https:\/\/rioonwatch.org.br\/#organization\"},\"potentialAction\":[{\"@type\":\"SearchAction\",\"target\":{\"@type\":\"EntryPoint\",\"urlTemplate\":\"https:\/\/rioonwatch.org.br\/?s={search_term_string}\"},\"query-input\":{\"@type\":\"PropertyValueSpecification\",\"valueRequired\":true,\"valueName\":\"search_term_string\"}}],\"inLanguage\":\"pt-BR\"},{\"@type\":\"Organization\",\"@id\":\"https:\/\/rioonwatch.org.br\/#organization\",\"name\":\"RioOnWatch\",\"url\":\"https:\/\/rioonwatch.org.br\/\",\"logo\":{\"@type\":\"ImageObject\",\"inLanguage\":\"pt-BR\",\"@id\":\"https:\/\/rioonwatch.org.br\/#\/schema\/logo\/image\/\",\"url\":\"https:\/\/rioonwatch.org.br\/wp-content\/uploads\/2021\/06\/RioOnWatchcabecalhoPT11anos-2.png\",\"contentUrl\":\"https:\/\/rioonwatch.org.br\/wp-content\/uploads\/2021\/06\/RioOnWatchcabecalhoPT11anos-2.png\",\"width\":779,\"height\":277,\"caption\":\"RioOnWatch\"},\"image\":{\"@id\":\"https:\/\/rioonwatch.org.br\/#\/schema\/logo\/image\/\"}},{\"@type\":\"Person\",\"@id\":\"https:\/\/rioonwatch.org.br\/#\/schema\/person\/11d64c290506f9df50c71b850c473f68\",\"name\":\"Admin\",\"image\":{\"@type\":\"ImageObject\",\"inLanguage\":\"pt-BR\",\"@id\":\"https:\/\/rioonwatch.org.br\/#\/schema\/person\/image\/\",\"url\":\"https:\/\/secure.gravatar.com\/avatar\/56211ac74568383903349a1485e3c325?s=96&d=blank&r=g\",\"contentUrl\":\"https:\/\/secure.gravatar.com\/avatar\/56211ac74568383903349a1485e3c325?s=96&d=blank&r=g\",\"caption\":\"Admin\"},\"url\":\"https:\/\/rioonwatch.org.br\/?author=129\"}]}<\/script>\n<!-- \/ Yoast SEO plugin. -->","yoast_head_json":{"title":"Durante Celebra\u00e7\u00e3o pela Medalha de Ouro, Ativistas Lan\u00e7am Campanha #FomeDeViver - RioOnWatch","robots":{"index":"index","follow":"follow","max-snippet":"max-snippet:-1","max-image-preview":"max-image-preview:large","max-video-preview":"max-video-preview:-1"},"canonical":"https:\/\/rioonwatch.org.br\/?p=21874","og_locale":"pt_BR","og_type":"article","og_title":"Durante Celebra\u00e7\u00e3o pela Medalha de Ouro, Ativistas Lan\u00e7am Campanha #FomeDeViver - RioOnWatch","og_description":"Click Here for English Pouco depois das 20h do \u00faltimo s\u00e1bado, 20 de agosto, enquanto milhares de f\u00e3s reunidos no Boulevard Ol\u00edmpico, na Regi\u00e3o do Porto do Rio, come\u00e7avam a celebrar a vit\u00f3ria pela medalha [...]","og_url":"https:\/\/rioonwatch.org.br\/?p=21874","og_site_name":"RioOnWatch","article_published_time":"2016-08-26T13:25:57+00:00","article_modified_time":"2024-06-20T19:25:47+00:00","og_image":[{"width":1000,"height":643,"url":"https:\/\/rioonwatch.org.br\/wp-content\/uploads\/2016\/08\/IMG_3893-e1471881620868.jpg","type":"image\/jpeg"}],"author":"Admin","twitter_card":"summary_large_image","twitter_misc":{"Escrito por":"Admin","Est. tempo de leitura":"5 minutos"},"schema":{"@context":"https:\/\/schema.org","@graph":[{"@type":"Article","@id":"https:\/\/rioonwatch.org.br\/?p=21874#article","isPartOf":{"@id":"https:\/\/rioonwatch.org.br\/?p=21874"},"author":{"name":"Admin","@id":"https:\/\/rioonwatch.org.br\/#\/schema\/person\/11d64c290506f9df50c71b850c473f68"},"headline":"Durante Celebra\u00e7\u00e3o pela Medalha de Ouro, Ativistas Lan\u00e7am Campanha #FomeDeViver","datePublished":"2016-08-26T13:25:57+00:00","dateModified":"2024-06-20T19:25:47+00:00","mainEntityOfPage":{"@id":"https:\/\/rioonwatch.org.br\/?p=21874"},"wordCount":1019,"publisher":{"@id":"https:\/\/rioonwatch.org.br\/#organization"},"image":{"@id":"https:\/\/rioonwatch.org.br\/?p=21874#primaryimage"},"thumbnailUrl":"https:\/\/rioonwatch.org.br\/wp-content\/uploads\/2016\/08\/IMG_3893-e1471881620868.jpg","keywords":["Acari","Borel","Cantagalo","Cidade de Deus","Complexo da Mar\u00e9","Complexo do Alem\u00e3o","Forum de Juventudes do Rio de Janeiro","F\u00f3rum de Manguinhos","Manguinhos","Megaeventos","m\u00eddia social","mobiliza\u00e7\u00e3o","Olimp\u00edadas","pol\u00edcia","Pol\u00edcia Militar","Pra\u00e7a Mau\u00e1","protesto","Regi\u00e3o do Porto","UPP","viol\u00eancia","viol\u00eancia de Estado","viol\u00eancia policial"],"articleSection":["#Rio2016","Cobertura de Eventos","Escrito por Aliados","Seguran\u00e7a P\u00fablica","Sociedade Civil","Solu\u00e7\u00f5es"],"inLanguage":"pt-BR"},{"@type":"WebPage","@id":"https:\/\/rioonwatch.org.br\/?p=21874","url":"https:\/\/rioonwatch.org.br\/?p=21874","name":"Durante Celebra\u00e7\u00e3o pela Medalha de Ouro, Ativistas Lan\u00e7am Campanha #FomeDeViver - RioOnWatch","isPartOf":{"@id":"https:\/\/rioonwatch.org.br\/#website"},"primaryImageOfPage":{"@id":"https:\/\/rioonwatch.org.br\/?p=21874#primaryimage"},"image":{"@id":"https:\/\/rioonwatch.org.br\/?p=21874#primaryimage"},"thumbnailUrl":"https:\/\/rioonwatch.org.br\/wp-content\/uploads\/2016\/08\/IMG_3893-e1471881620868.jpg","datePublished":"2016-08-26T13:25:57+00:00","dateModified":"2024-06-20T19:25:47+00:00","breadcrumb":{"@id":"https:\/\/rioonwatch.org.br\/?p=21874#breadcrumb"},"inLanguage":"pt-BR","potentialAction":[{"@type":"ReadAction","target":["https:\/\/rioonwatch.org.br\/?p=21874"]}]},{"@type":"ImageObject","inLanguage":"pt-BR","@id":"https:\/\/rioonwatch.org.br\/?p=21874#primaryimage","url":"https:\/\/rioonwatch.org.br\/wp-content\/uploads\/2016\/08\/IMG_3893-e1471881620868.jpg","contentUrl":"https:\/\/rioonwatch.org.br\/wp-content\/uploads\/2016\/08\/IMG_3893-e1471881620868.jpg","width":1000,"height":643},{"@type":"BreadcrumbList","@id":"https:\/\/rioonwatch.org.br\/?p=21874#breadcrumb","itemListElement":[{"@type":"ListItem","position":1,"name":"In\u00edcio","item":"https:\/\/rioonwatch.org.br\/"},{"@type":"ListItem","position":2,"name":"Durante Celebra\u00e7\u00e3o pela Medalha de Ouro, Ativistas Lan\u00e7am Campanha #FomeDeViver"}]},{"@type":"WebSite","@id":"https:\/\/rioonwatch.org.br\/#website","url":"https:\/\/rioonwatch.org.br\/","name":"RioOnWatch","description":"relatos das favelas cariocas","publisher":{"@id":"https:\/\/rioonwatch.org.br\/#organization"},"potentialAction":[{"@type":"SearchAction","target":{"@type":"EntryPoint","urlTemplate":"https:\/\/rioonwatch.org.br\/?s={search_term_string}"},"query-input":{"@type":"PropertyValueSpecification","valueRequired":true,"valueName":"search_term_string"}}],"inLanguage":"pt-BR"},{"@type":"Organization","@id":"https:\/\/rioonwatch.org.br\/#organization","name":"RioOnWatch","url":"https:\/\/rioonwatch.org.br\/","logo":{"@type":"ImageObject","inLanguage":"pt-BR","@id":"https:\/\/rioonwatch.org.br\/#\/schema\/logo\/image\/","url":"https:\/\/rioonwatch.org.br\/wp-content\/uploads\/2021\/06\/RioOnWatchcabecalhoPT11anos-2.png","contentUrl":"https:\/\/rioonwatch.org.br\/wp-content\/uploads\/2021\/06\/RioOnWatchcabecalhoPT11anos-2.png","width":779,"height":277,"caption":"RioOnWatch"},"image":{"@id":"https:\/\/rioonwatch.org.br\/#\/schema\/logo\/image\/"}},{"@type":"Person","@id":"https:\/\/rioonwatch.org.br\/#\/schema\/person\/11d64c290506f9df50c71b850c473f68","name":"Admin","image":{"@type":"ImageObject","inLanguage":"pt-BR","@id":"https:\/\/rioonwatch.org.br\/#\/schema\/person\/image\/","url":"https:\/\/secure.gravatar.com\/avatar\/56211ac74568383903349a1485e3c325?s=96&d=blank&r=g","contentUrl":"https:\/\/secure.gravatar.com\/avatar\/56211ac74568383903349a1485e3c325?s=96&d=blank&r=g","caption":"Admin"},"url":"https:\/\/rioonwatch.org.br\/?author=129"}]}},"_links":{"self":[{"href":"https:\/\/rioonwatch.org.br\/index.php?rest_route=\/wp\/v2\/posts\/21874"}],"collection":[{"href":"https:\/\/rioonwatch.org.br\/index.php?rest_route=\/wp\/v2\/posts"}],"about":[{"href":"https:\/\/rioonwatch.org.br\/index.php?rest_route=\/wp\/v2\/types\/post"}],"author":[{"embeddable":true,"href":"https:\/\/rioonwatch.org.br\/index.php?rest_route=\/wp\/v2\/users\/129"}],"replies":[{"embeddable":true,"href":"https:\/\/rioonwatch.org.br\/index.php?rest_route=%2Fwp%2Fv2%2Fcomments&post=21874"}],"version-history":[{"count":13,"href":"https:\/\/rioonwatch.org.br\/index.php?rest_route=\/wp\/v2\/posts\/21874\/revisions"}],"predecessor-version":[{"id":74185,"href":"https:\/\/rioonwatch.org.br\/index.php?rest_route=\/wp\/v2\/posts\/21874\/revisions\/74185"}],"wp:featuredmedia":[{"embeddable":true,"href":"https:\/\/rioonwatch.org.br\/index.php?rest_route=\/wp\/v2\/media\/21881"}],"wp:attachment":[{"href":"https:\/\/rioonwatch.org.br\/index.php?rest_route=%2Fwp%2Fv2%2Fmedia&parent=21874"}],"wp:term":[{"taxonomy":"category","embeddable":true,"href":"https:\/\/rioonwatch.org.br\/index.php?rest_route=%2Fwp%2Fv2%2Fcategories&post=21874"},{"taxonomy":"post_tag","embeddable":true,"href":"https:\/\/rioonwatch.org.br\/index.php?rest_route=%2Fwp%2Fv2%2Ftags&post=21874"},{"taxonomy":"writer","embeddable":true,"href":"https:\/\/rioonwatch.org.br\/index.php?rest_route=%2Fwp%2Fv2%2Fwriter&post=21874"},{"taxonomy":"translator","embeddable":true,"href":"https:\/\/rioonwatch.org.br\/index.php?rest_route=%2Fwp%2Fv2%2Ftranslator&post=21874"},{"taxonomy":"source","embeddable":true,"href":"https:\/\/rioonwatch.org.br\/index.php?rest_route=%2Fwp%2Fv2%2Fsource&post=21874"},{"taxonomy":"ilustrador","embeddable":true,"href":"https:\/\/rioonwatch.org.br\/index.php?rest_route=%2Fwp%2Fv2%2Filustrador&post=21874"},{"taxonomy":"fotografo","embeddable":true,"href":"https:\/\/rioonwatch.org.br\/index.php?rest_route=%2Fwp%2Fv2%2Ffotografo&post=21874"}],"curies":[{"name":"wp","href":"https:\/\/api.w.org\/{rel}","templated":true}]}}