{"id":21898,"date":"2016-08-28T09:56:19","date_gmt":"2016-08-28T12:56:19","guid":{"rendered":"http:\/\/rioonwatch.org.br\/?p=21898"},"modified":"2024-06-20T16:25:46","modified_gmt":"2024-06-20T19:25:46","slug":"medalhista-de-ouro-rafaela-silva-recebe-boas-vindas-ao-retornar-para-a-cidade-de-deus-slideshow","status":"publish","type":"post","link":"https:\/\/rioonwatch.org.br\/?p=21898","title":{"rendered":"Rafaela Silva Recebe Boas-vindas ao Retornar para a Cidade de Deus [SLIDESHOW]"},"content":{"rendered":"<p style=\"text-align: right;\"><em><strong><a href=\"http:\/\/bit.ly\/2c04CEV\" target=\"_blank\" rel=\"noopener\">Click Here for English<img decoding=\"async\" width=\"20\" height=\"20\" class=\"alignright wp-image-15790\" src=\"http:\/\/rioonwatch.org.br\/wp-content\/uploads\/2012\/08\/EN-standard-e1439583104716.jpg\" alt=\"\" \/><\/a><\/strong><\/em><\/p>\n<p><span style=\"font-weight: 400;\">No dia 22 de agosto, Rafaela Silva, de 24 anos, voltou para casa na <a href=\"http:\/\/glo.bo\/2bcdLaD\" target=\"_blank\" rel=\"noopener\">Cidade de Deus<\/a> com a primeira medalha de ouro do Brasil nos <a href=\"http:\/\/bit.ly\/PkLXlQ\" target=\"_blank\" rel=\"noopener\">Jogos Ol\u00edmpicos de 2016<\/a> na m\u00e3o. Sua visita e desfile pela comunidade, na <a href=\"http:\/\/bit.ly\/11tBmFR\" target=\"_blank\" rel=\"noopener\">Zona Oeste<\/a> do Rio, come\u00e7ou no projeto social <a href=\"http:\/\/bit.ly\/2bgEOWb\" target=\"_blank\" rel=\"noopener\">Lutadores de Cristo<\/a>, onde ela foi recebida por cerca de 200 pessoas, incluindo jovens que praticam jiu jitsu no projeto, l\u00edderes da comunidade, moradores e a imprensa.<\/span><\/p>\n<p><span style=\"font-weight: 400;\">Naquela tarde no est\u00fadio de jiu jitsu, Gabi Pessanha&#8211;uma menina de 14 anos da Cidade de Deus que ganhou duas medalhas no <a href=\"http:\/\/bit.ly\/2bP1bNU\" target=\"_blank\" rel=\"noopener\">Campeonato Mundial da Federa\u00e7\u00e3o Internacional de Jiu Jitsu Brasileiro &#8211; 2016<\/a>, que aconteceu em Los Angeles em junho&#8211;aguardava a chegada de Rafaela. Gabi juntou seu pr\u00f3prio dinheiro para viajar e competir em Los Angeles vendendo lanches pela cidade. Ela diz que se inspira em Rafaela: \u201cEla \u00e9 uma garota da favela, ningu\u00e9m deu nada por ela, e ela realizou um sonho. Ela me motiva&#8221;. Rafaela encontrou Gabi no in\u00edcio de sua visita e a encorajou a continuar se dedicando ao jiu jitsu.<\/span><\/p>\n<p><a href=\"http:\/\/rioonwatch.org.br\/wp-content\/uploads\/2016\/08\/29201137705_0bc8a30e67_o.jpg\"><img fetchpriority=\"high\" decoding=\"async\" class=\"aligncenter wp-image-21906 size-medium\" title=\"Gabi Pessanha, jovem lutadora de jiu jitsu da Cidade de Deus. Foto por Sophia Zaia\" src=\"http:\/\/rioonwatch.org.br\/wp-content\/uploads\/2016\/08\/29201137705_0bc8a30e67_o-620x413.jpg\" alt=\"29201137705_0bc8a30e67_o\" width=\"620\" height=\"413\" srcset=\"https:\/\/rioonwatch.org.br\/wp-content\/uploads\/2016\/08\/29201137705_0bc8a30e67_o-620x413.jpg 620w, https:\/\/rioonwatch.org.br\/wp-content\/uploads\/2016\/08\/29201137705_0bc8a30e67_o-396x264.jpg 396w, https:\/\/rioonwatch.org.br\/wp-content\/uploads\/2016\/08\/29201137705_0bc8a30e67_o-768x512.jpg 768w, https:\/\/rioonwatch.org.br\/wp-content\/uploads\/2016\/08\/29201137705_0bc8a30e67_o-1024x682.jpg 1024w, https:\/\/rioonwatch.org.br\/wp-content\/uploads\/2016\/08\/29201137705_0bc8a30e67_o.jpg 1280w\" sizes=\"(max-width: 620px) 100vw, 620px\" \/><\/a><\/p>\n<p><span style=\"font-weight: 400;\">Depois de ser eliminada dos Jogos Ol\u00edmpicos de Londres em 2012 por realizar um golpe irregular em sua oponente, Rafaela Silva sofreu <a href=\"http:\/\/bit.ly\/2bHpgZe\" target=\"_blank\" rel=\"noopener\">ataques racistas<\/a> nas redes sociais que quase fizeram com que ela desistisse de voltar a lutar jud\u00f4. Por\u00e9m, a volta de Rafaela, na segunda-feira, a tornou um forte exemplo a ser seguido pelos jovens moradores da favela, principalmente jovens meninas negras, como Gabi Pessanha.<\/span><\/p>\n<p><span style=\"font-weight: 400;\">Na breve entrevista coletiva que se seguiu, Rafaela atribuiu seu talento no jud\u00f4 ao fato de ter sido criada em uma favela: \u201cMeu professor, Geraldo Bernardes, sempre disse que por eu ter vindo de uma favela, onde as pessoas precisam trabalhar muito para ter suas coisas&#8211;o que n\u00e3o \u00e9 f\u00e1cil&#8211;eu tinha uma agressividade diferente e mais coordena\u00e7\u00e3o por subir em \u00e1rvores, empinar pipas e jogar futebol nas ruas. Ele queria canalizar todas essas coisas diferentes que aprendi na favela para os esportes e conseguimos canalizar tudo isso para o jud\u00f4&#8221;.<\/span><\/p>\n<p><a href=\"http:\/\/rioonwatch.org.br\/wp-content\/uploads\/2016\/08\/28913328140_fe90def252_o.jpg\"><img decoding=\"async\" class=\"aligncenter wp-image-21908 size-medium\" title=\"Rafaela Silva passeio atrav\u00e9s da comunidade. Foto por Sophia Zaia\" src=\"http:\/\/rioonwatch.org.br\/wp-content\/uploads\/2016\/08\/28913328140_fe90def252_o-620x413.jpg\" alt=\"28913328140_fe90def252_o\" width=\"620\" height=\"413\" srcset=\"https:\/\/rioonwatch.org.br\/wp-content\/uploads\/2016\/08\/28913328140_fe90def252_o-620x413.jpg 620w, https:\/\/rioonwatch.org.br\/wp-content\/uploads\/2016\/08\/28913328140_fe90def252_o-396x264.jpg 396w, https:\/\/rioonwatch.org.br\/wp-content\/uploads\/2016\/08\/28913328140_fe90def252_o-768x512.jpg 768w, https:\/\/rioonwatch.org.br\/wp-content\/uploads\/2016\/08\/28913328140_fe90def252_o-1024x682.jpg 1024w, https:\/\/rioonwatch.org.br\/wp-content\/uploads\/2016\/08\/28913328140_fe90def252_o.jpg 1280w\" sizes=\"(max-width: 620px) 100vw, 620px\" \/><\/a><\/p>\n<p><span style=\"font-weight: 400;\">Tamb\u00e9m esteve presente no est\u00fadio de jiu jitsu Lutadores de Cristo o presidente e fundador da organiza\u00e7\u00e3o, Josu\u00e9 Bronduinro. Ele est\u00e1 satisfeito por Rafaela ter mostrado ao mundo e aos moradores locais que a Cidade de Deus n\u00e3o \u00e9,\u00a0em si, um lugar violento e tomado pelas drogas, como perpetuado pela <a href=\"http:\/\/bit.ly\/1OKE065\" target=\"_blank\" rel=\"noopener\">grande m\u00eddia<\/a>\u00a0e pelo <a href=\"http:\/\/glo.bo\/2bQ8doh\" target=\"_blank\" rel=\"noopener\">filme<\/a> que leva seu nome. \u201cEla \u00e9 uma refer\u00eancia para o bairro que sempre \u00e9 rotulado como um lugar que tem viol\u00eancia, prostitui\u00e7\u00e3o e drogas. N\u00f3s temos algu\u00e9m, Rafaela Silva, uma medalhista Ol\u00edmpica, que \u00e9 fruto de um projeto social como este, e ela estar aqui, neste momento, com toda essa visibilidade, \u00e9 muito bom&#8230; A Cidade de Deus \u00e9 um lugar com pessoas trabalhadoras, pessoas determinadas, e t\u00eam muitas pessoas com diversos talentos que ainda s\u00e3o desconhecidas.\u00a0A Rafaela \u00e9 uma dessas pessoas muito talentosas, nascida e criada aqui na Cidade de Deus\u201d, disse Josu\u00e9 Bronduinro.<\/span><\/p>\n<p><span style=\"font-weight: 400;\">O projeto Lutadores de Cristo d\u00e1 a 150 jovens da Cidade de Deus a oportunidade de praticar jiu jitsu com instrutores volunt\u00e1rios de forma totalmente gratuita, com o objetivo de tirar os jovens das ruas e expandir sua vis\u00e3o de mundo. Os Lutadores de Cristo representam apenas um de muitos <a href=\"http:\/\/bit.ly\/1rbme3q\" target=\"_blank\" rel=\"noopener\">projetos comunit\u00e1rios poderosos<\/a> que fazem a diferen\u00e7a na Cidade de Deus.<\/span><\/p>\n<p><a href=\"http:\/\/rioonwatch.org.br\/wp-content\/uploads\/2016\/08\/29201165755_3e5e5f7484_z.jpg\"><img loading=\"lazy\" decoding=\"async\" class=\"aligncenter wp-image-21911 size-content\" title=\"Moradores d\u00e3o boas-vindas ao lar \u00e0 Rafaela Silva. Foto por Sophia Zaia\" src=\"http:\/\/rioonwatch.org.br\/wp-content\/uploads\/2016\/08\/29201165755_3e5e5f7484_z-620x264.jpg\" alt=\"29201165755_3e5e5f7484_z\" width=\"620\" height=\"264\" \/><\/a><\/p>\n<p><span style=\"font-weight: 400;\">Ap\u00f3s sua visita ao est\u00fadio de jiu jitsu Lutadores de Cristo, Rafaela desfilou pelas ruas de sua comunidade, acenando para os moradores de cima de um caminh\u00e3o de bombeiros do Rio de Janeiro, com um cartaz que dizia \u201cRafaela Silva, sua vit\u00f3ria vale ouro para a Cidade de Deus, seja bem-vinda!\u201d. Em toda a comunidade, as pessoas corriam para acenar e cumpriment\u00e1-la enquanto ela e a prociss\u00e3o de jovens, pais e outros membros da comunidade seguiam pelas ruas, em carros, bicicletas e a p\u00e9. A prociss\u00e3o terminou na casa de seus pais. <\/span><\/p>\n<p><span style=\"font-weight: 400;\">Durante o desfile, as pessoas cantavam a letra do\u00a0<a href=\"http:\/\/bit.ly\/2aXGIYo\" target=\"_blank\" rel=\"noopener\">Rap da Felicidade<\/a>, escrita por dois rappers da Cidade de Deus.<\/span><\/p>\n<h3><strong>Veja nossas fotos do desfile (ou <a href=\"http:\/\/bit.ly\/2bQo6Zm\" target=\"_blank\" rel=\"noopener\">clique aqui para o \u00e1lbum no Flickr<\/a>):<\/strong><\/h3>\n<p><iframe src=\"http:\/\/www.flickr.com\/slideShow\/index.gne?group_id=&amp;user_id=25093702@N00&amp;set_id=72157672900862455&amp;amp\" width=\"620\" height=\"450\" frameborder=\"0\" scrolling=\"no\" align=\"center\"><\/iframe><\/p>\n<p><em>Fotos por Sophia Zaia<\/em><\/p>\n<!-- AddThis Advanced Settings generic via filter on the_content --><!-- AddThis Share Buttons generic via filter on the_content -->","protected":false},"excerpt":{"rendered":"<div class=\"mh-excerpt\"><p>Click Here for English No dia 22 de agosto, Rafaela Silva, de 24 anos, voltou para casa na Cidade de Deus com a primeira medalha de ouro do Brasil nos Jogos Ol\u00edmpicos de 2016 na <a class=\"mh-excerpt-more\" href=\"https:\/\/rioonwatch.org.br\/?p=21898\" title=\"Rafaela Silva Recebe Boas-vindas ao Retornar para a Cidade de Deus [SLIDESHOW]\">[&#8230;]<\/a><!-- AddThis Advanced Settings generic via filter on get_the_excerpt --><!-- AddThis Share Buttons generic via filter on get_the_excerpt --><\/p>\n<\/div>","protected":false},"author":129,"featured_media":21901,"comment_status":"closed","ping_status":"closed","sticky":false,"template":"","format":"standard","meta":{"_acf_changed":false,"_monsterinsights_skip_tracking":false,"_monsterinsights_sitenote_active":false,"_monsterinsights_sitenote_note":"","_monsterinsights_sitenote_category":0,"footnotes":""},"categories":[1635,1621,1627,1626,1633,1616],"tags":[554,292,1240,1760,78,358,758,476,184],"writer":[1825],"translator":[1898],"source":[],"ilustrador":[],"fotografo":[],"class_list":{"0":"post-21898","1":"post","2":"type-post","3":"status-publish","4":"format-standard","5":"has-post-thumbnail","7":"category-1635","8":"category-destaque","9":"category-relato-de-evento","10":"category-por-observadores-internacionais","11":"category-foto-reportagens","12":"category-qualidades-da-favela","13":"tag-cidade-de-deus","14":"tag-esporte","15":"tag-megaeventos","16":"tag-narrativa-midiatica","17":"tag-olimpiadas","18":"tag-organizacao-comunitaria","19":"tag-orgulho-comunitario","20":"tag-solucao-comunitaria","21":"tag-zona-oeste","22":"writer-mariah-barber","23":"translator-lara-scheffer"},"acf":[],"yoast_head":"<!-- This site is optimized with the Yoast SEO plugin v25.6 - https:\/\/yoast.com\/wordpress\/plugins\/seo\/ -->\n<title>Rafaela Silva Recebe Boas-vindas ao Retornar para a Cidade de Deus [SLIDESHOW] - RioOnWatch<\/title>\n<meta name=\"robots\" content=\"index, follow, max-snippet:-1, max-image-preview:large, max-video-preview:-1\" \/>\n<link rel=\"canonical\" href=\"https:\/\/rioonwatch.org.br\/?p=21898\" \/>\n<meta property=\"og:locale\" content=\"pt_BR\" \/>\n<meta property=\"og:type\" content=\"article\" \/>\n<meta property=\"og:title\" content=\"Rafaela Silva Recebe Boas-vindas ao Retornar para a Cidade de Deus [SLIDESHOW] - RioOnWatch\" \/>\n<meta property=\"og:description\" content=\"Click Here for English No dia 22 de agosto, Rafaela Silva, de 24 anos, voltou para casa na Cidade de Deus com a primeira medalha de ouro do Brasil nos Jogos Ol\u00edmpicos de 2016 na [...]\" \/>\n<meta property=\"og:url\" content=\"https:\/\/rioonwatch.org.br\/?p=21898\" \/>\n<meta property=\"og:site_name\" content=\"RioOnWatch\" \/>\n<meta property=\"article:published_time\" content=\"2016-08-28T12:56:19+00:00\" \/>\n<meta property=\"article:modified_time\" content=\"2024-06-20T19:25:46+00:00\" \/>\n<meta property=\"og:image\" content=\"https:\/\/rioonwatch.org.br\/wp-content\/uploads\/2016\/08\/rsz_29094150472_4b1e19029c_z.jpg\" \/>\n\t<meta property=\"og:image:width\" content=\"627\" \/>\n\t<meta property=\"og:image:height\" content=\"324\" \/>\n\t<meta property=\"og:image:type\" content=\"image\/jpeg\" \/>\n<meta name=\"author\" content=\"Admin\" \/>\n<meta name=\"twitter:card\" content=\"summary_large_image\" \/>\n<meta name=\"twitter:label1\" content=\"Escrito por\" \/>\n\t<meta name=\"twitter:data1\" content=\"Admin\" \/>\n\t<meta name=\"twitter:label2\" content=\"Est. tempo de leitura\" \/>\n\t<meta name=\"twitter:data2\" content=\"4 minutos\" \/>\n<script type=\"application\/ld+json\" class=\"yoast-schema-graph\">{\"@context\":\"https:\/\/schema.org\",\"@graph\":[{\"@type\":\"Article\",\"@id\":\"https:\/\/rioonwatch.org.br\/?p=21898#article\",\"isPartOf\":{\"@id\":\"https:\/\/rioonwatch.org.br\/?p=21898\"},\"author\":{\"name\":\"Admin\",\"@id\":\"https:\/\/rioonwatch.org.br\/#\/schema\/person\/11d64c290506f9df50c71b850c473f68\"},\"headline\":\"Rafaela Silva Recebe Boas-vindas ao Retornar para a Cidade de Deus [SLIDESHOW]\",\"datePublished\":\"2016-08-28T12:56:19+00:00\",\"dateModified\":\"2024-06-20T19:25:46+00:00\",\"mainEntityOfPage\":{\"@id\":\"https:\/\/rioonwatch.org.br\/?p=21898\"},\"wordCount\":713,\"publisher\":{\"@id\":\"https:\/\/rioonwatch.org.br\/#organization\"},\"image\":{\"@id\":\"https:\/\/rioonwatch.org.br\/?p=21898#primaryimage\"},\"thumbnailUrl\":\"https:\/\/rioonwatch.org.br\/wp-content\/uploads\/2016\/08\/rsz_29094150472_4b1e19029c_z.jpg\",\"keywords\":[\"Cidade de Deus\",\"esporte\",\"Megaeventos\",\"narrativa midi\u00e1tica\",\"Olimp\u00edadas\",\"organiza\u00e7\u00e3o comunit\u00e1ria\",\"orgulho comunit\u00e1rio\",\"solu\u00e7\u00e3o comunit\u00e1ria\",\"Zona Oeste\"],\"articleSection\":[\"#Rio2016\",\"*Destaque\",\"Cobertura de Eventos\",\"Escrito por Aliados\",\"Fotorreportagens\",\"Qualidades da Favela\"],\"inLanguage\":\"pt-BR\"},{\"@type\":\"WebPage\",\"@id\":\"https:\/\/rioonwatch.org.br\/?p=21898\",\"url\":\"https:\/\/rioonwatch.org.br\/?p=21898\",\"name\":\"Rafaela Silva Recebe Boas-vindas ao Retornar para a Cidade de Deus [SLIDESHOW] - RioOnWatch\",\"isPartOf\":{\"@id\":\"https:\/\/rioonwatch.org.br\/#website\"},\"primaryImageOfPage\":{\"@id\":\"https:\/\/rioonwatch.org.br\/?p=21898#primaryimage\"},\"image\":{\"@id\":\"https:\/\/rioonwatch.org.br\/?p=21898#primaryimage\"},\"thumbnailUrl\":\"https:\/\/rioonwatch.org.br\/wp-content\/uploads\/2016\/08\/rsz_29094150472_4b1e19029c_z.jpg\",\"datePublished\":\"2016-08-28T12:56:19+00:00\",\"dateModified\":\"2024-06-20T19:25:46+00:00\",\"breadcrumb\":{\"@id\":\"https:\/\/rioonwatch.org.br\/?p=21898#breadcrumb\"},\"inLanguage\":\"pt-BR\",\"potentialAction\":[{\"@type\":\"ReadAction\",\"target\":[\"https:\/\/rioonwatch.org.br\/?p=21898\"]}]},{\"@type\":\"ImageObject\",\"inLanguage\":\"pt-BR\",\"@id\":\"https:\/\/rioonwatch.org.br\/?p=21898#primaryimage\",\"url\":\"https:\/\/rioonwatch.org.br\/wp-content\/uploads\/2016\/08\/rsz_29094150472_4b1e19029c_z.jpg\",\"contentUrl\":\"https:\/\/rioonwatch.org.br\/wp-content\/uploads\/2016\/08\/rsz_29094150472_4b1e19029c_z.jpg\",\"width\":627,\"height\":324},{\"@type\":\"BreadcrumbList\",\"@id\":\"https:\/\/rioonwatch.org.br\/?p=21898#breadcrumb\",\"itemListElement\":[{\"@type\":\"ListItem\",\"position\":1,\"name\":\"In\u00edcio\",\"item\":\"https:\/\/rioonwatch.org.br\/\"},{\"@type\":\"ListItem\",\"position\":2,\"name\":\"Rafaela Silva Recebe Boas-vindas ao Retornar para a Cidade de Deus [SLIDESHOW]\"}]},{\"@type\":\"WebSite\",\"@id\":\"https:\/\/rioonwatch.org.br\/#website\",\"url\":\"https:\/\/rioonwatch.org.br\/\",\"name\":\"RioOnWatch\",\"description\":\"relatos das favelas cariocas\",\"publisher\":{\"@id\":\"https:\/\/rioonwatch.org.br\/#organization\"},\"potentialAction\":[{\"@type\":\"SearchAction\",\"target\":{\"@type\":\"EntryPoint\",\"urlTemplate\":\"https:\/\/rioonwatch.org.br\/?s={search_term_string}\"},\"query-input\":{\"@type\":\"PropertyValueSpecification\",\"valueRequired\":true,\"valueName\":\"search_term_string\"}}],\"inLanguage\":\"pt-BR\"},{\"@type\":\"Organization\",\"@id\":\"https:\/\/rioonwatch.org.br\/#organization\",\"name\":\"RioOnWatch\",\"url\":\"https:\/\/rioonwatch.org.br\/\",\"logo\":{\"@type\":\"ImageObject\",\"inLanguage\":\"pt-BR\",\"@id\":\"https:\/\/rioonwatch.org.br\/#\/schema\/logo\/image\/\",\"url\":\"https:\/\/rioonwatch.org.br\/wp-content\/uploads\/2021\/06\/RioOnWatchcabecalhoPT11anos-2.png\",\"contentUrl\":\"https:\/\/rioonwatch.org.br\/wp-content\/uploads\/2021\/06\/RioOnWatchcabecalhoPT11anos-2.png\",\"width\":779,\"height\":277,\"caption\":\"RioOnWatch\"},\"image\":{\"@id\":\"https:\/\/rioonwatch.org.br\/#\/schema\/logo\/image\/\"}},{\"@type\":\"Person\",\"@id\":\"https:\/\/rioonwatch.org.br\/#\/schema\/person\/11d64c290506f9df50c71b850c473f68\",\"name\":\"Admin\",\"image\":{\"@type\":\"ImageObject\",\"inLanguage\":\"pt-BR\",\"@id\":\"https:\/\/rioonwatch.org.br\/#\/schema\/person\/image\/\",\"url\":\"https:\/\/secure.gravatar.com\/avatar\/56211ac74568383903349a1485e3c325?s=96&d=blank&r=g\",\"contentUrl\":\"https:\/\/secure.gravatar.com\/avatar\/56211ac74568383903349a1485e3c325?s=96&d=blank&r=g\",\"caption\":\"Admin\"},\"url\":\"https:\/\/rioonwatch.org.br\/?author=129\"}]}<\/script>\n<!-- \/ Yoast SEO plugin. -->","yoast_head_json":{"title":"Rafaela Silva Recebe Boas-vindas ao Retornar para a Cidade de Deus [SLIDESHOW] - RioOnWatch","robots":{"index":"index","follow":"follow","max-snippet":"max-snippet:-1","max-image-preview":"max-image-preview:large","max-video-preview":"max-video-preview:-1"},"canonical":"https:\/\/rioonwatch.org.br\/?p=21898","og_locale":"pt_BR","og_type":"article","og_title":"Rafaela Silva Recebe Boas-vindas ao Retornar para a Cidade de Deus [SLIDESHOW] - RioOnWatch","og_description":"Click Here for English No dia 22 de agosto, Rafaela Silva, de 24 anos, voltou para casa na Cidade de Deus com a primeira medalha de ouro do Brasil nos Jogos Ol\u00edmpicos de 2016 na [...]","og_url":"https:\/\/rioonwatch.org.br\/?p=21898","og_site_name":"RioOnWatch","article_published_time":"2016-08-28T12:56:19+00:00","article_modified_time":"2024-06-20T19:25:46+00:00","og_image":[{"width":627,"height":324,"url":"https:\/\/rioonwatch.org.br\/wp-content\/uploads\/2016\/08\/rsz_29094150472_4b1e19029c_z.jpg","type":"image\/jpeg"}],"author":"Admin","twitter_card":"summary_large_image","twitter_misc":{"Escrito por":"Admin","Est. tempo de leitura":"4 minutos"},"schema":{"@context":"https:\/\/schema.org","@graph":[{"@type":"Article","@id":"https:\/\/rioonwatch.org.br\/?p=21898#article","isPartOf":{"@id":"https:\/\/rioonwatch.org.br\/?p=21898"},"author":{"name":"Admin","@id":"https:\/\/rioonwatch.org.br\/#\/schema\/person\/11d64c290506f9df50c71b850c473f68"},"headline":"Rafaela Silva Recebe Boas-vindas ao Retornar para a Cidade de Deus [SLIDESHOW]","datePublished":"2016-08-28T12:56:19+00:00","dateModified":"2024-06-20T19:25:46+00:00","mainEntityOfPage":{"@id":"https:\/\/rioonwatch.org.br\/?p=21898"},"wordCount":713,"publisher":{"@id":"https:\/\/rioonwatch.org.br\/#organization"},"image":{"@id":"https:\/\/rioonwatch.org.br\/?p=21898#primaryimage"},"thumbnailUrl":"https:\/\/rioonwatch.org.br\/wp-content\/uploads\/2016\/08\/rsz_29094150472_4b1e19029c_z.jpg","keywords":["Cidade de Deus","esporte","Megaeventos","narrativa midi\u00e1tica","Olimp\u00edadas","organiza\u00e7\u00e3o comunit\u00e1ria","orgulho comunit\u00e1rio","solu\u00e7\u00e3o comunit\u00e1ria","Zona Oeste"],"articleSection":["#Rio2016","*Destaque","Cobertura de Eventos","Escrito por Aliados","Fotorreportagens","Qualidades da Favela"],"inLanguage":"pt-BR"},{"@type":"WebPage","@id":"https:\/\/rioonwatch.org.br\/?p=21898","url":"https:\/\/rioonwatch.org.br\/?p=21898","name":"Rafaela Silva Recebe Boas-vindas ao Retornar para a Cidade de Deus [SLIDESHOW] - RioOnWatch","isPartOf":{"@id":"https:\/\/rioonwatch.org.br\/#website"},"primaryImageOfPage":{"@id":"https:\/\/rioonwatch.org.br\/?p=21898#primaryimage"},"image":{"@id":"https:\/\/rioonwatch.org.br\/?p=21898#primaryimage"},"thumbnailUrl":"https:\/\/rioonwatch.org.br\/wp-content\/uploads\/2016\/08\/rsz_29094150472_4b1e19029c_z.jpg","datePublished":"2016-08-28T12:56:19+00:00","dateModified":"2024-06-20T19:25:46+00:00","breadcrumb":{"@id":"https:\/\/rioonwatch.org.br\/?p=21898#breadcrumb"},"inLanguage":"pt-BR","potentialAction":[{"@type":"ReadAction","target":["https:\/\/rioonwatch.org.br\/?p=21898"]}]},{"@type":"ImageObject","inLanguage":"pt-BR","@id":"https:\/\/rioonwatch.org.br\/?p=21898#primaryimage","url":"https:\/\/rioonwatch.org.br\/wp-content\/uploads\/2016\/08\/rsz_29094150472_4b1e19029c_z.jpg","contentUrl":"https:\/\/rioonwatch.org.br\/wp-content\/uploads\/2016\/08\/rsz_29094150472_4b1e19029c_z.jpg","width":627,"height":324},{"@type":"BreadcrumbList","@id":"https:\/\/rioonwatch.org.br\/?p=21898#breadcrumb","itemListElement":[{"@type":"ListItem","position":1,"name":"In\u00edcio","item":"https:\/\/rioonwatch.org.br\/"},{"@type":"ListItem","position":2,"name":"Rafaela Silva Recebe Boas-vindas ao Retornar para a Cidade de Deus [SLIDESHOW]"}]},{"@type":"WebSite","@id":"https:\/\/rioonwatch.org.br\/#website","url":"https:\/\/rioonwatch.org.br\/","name":"RioOnWatch","description":"relatos das favelas cariocas","publisher":{"@id":"https:\/\/rioonwatch.org.br\/#organization"},"potentialAction":[{"@type":"SearchAction","target":{"@type":"EntryPoint","urlTemplate":"https:\/\/rioonwatch.org.br\/?s={search_term_string}"},"query-input":{"@type":"PropertyValueSpecification","valueRequired":true,"valueName":"search_term_string"}}],"inLanguage":"pt-BR"},{"@type":"Organization","@id":"https:\/\/rioonwatch.org.br\/#organization","name":"RioOnWatch","url":"https:\/\/rioonwatch.org.br\/","logo":{"@type":"ImageObject","inLanguage":"pt-BR","@id":"https:\/\/rioonwatch.org.br\/#\/schema\/logo\/image\/","url":"https:\/\/rioonwatch.org.br\/wp-content\/uploads\/2021\/06\/RioOnWatchcabecalhoPT11anos-2.png","contentUrl":"https:\/\/rioonwatch.org.br\/wp-content\/uploads\/2021\/06\/RioOnWatchcabecalhoPT11anos-2.png","width":779,"height":277,"caption":"RioOnWatch"},"image":{"@id":"https:\/\/rioonwatch.org.br\/#\/schema\/logo\/image\/"}},{"@type":"Person","@id":"https:\/\/rioonwatch.org.br\/#\/schema\/person\/11d64c290506f9df50c71b850c473f68","name":"Admin","image":{"@type":"ImageObject","inLanguage":"pt-BR","@id":"https:\/\/rioonwatch.org.br\/#\/schema\/person\/image\/","url":"https:\/\/secure.gravatar.com\/avatar\/56211ac74568383903349a1485e3c325?s=96&d=blank&r=g","contentUrl":"https:\/\/secure.gravatar.com\/avatar\/56211ac74568383903349a1485e3c325?s=96&d=blank&r=g","caption":"Admin"},"url":"https:\/\/rioonwatch.org.br\/?author=129"}]}},"_links":{"self":[{"href":"https:\/\/rioonwatch.org.br\/index.php?rest_route=\/wp\/v2\/posts\/21898"}],"collection":[{"href":"https:\/\/rioonwatch.org.br\/index.php?rest_route=\/wp\/v2\/posts"}],"about":[{"href":"https:\/\/rioonwatch.org.br\/index.php?rest_route=\/wp\/v2\/types\/post"}],"author":[{"embeddable":true,"href":"https:\/\/rioonwatch.org.br\/index.php?rest_route=\/wp\/v2\/users\/129"}],"replies":[{"embeddable":true,"href":"https:\/\/rioonwatch.org.br\/index.php?rest_route=%2Fwp%2Fv2%2Fcomments&post=21898"}],"version-history":[{"count":16,"href":"https:\/\/rioonwatch.org.br\/index.php?rest_route=\/wp\/v2\/posts\/21898\/revisions"}],"predecessor-version":[{"id":74331,"href":"https:\/\/rioonwatch.org.br\/index.php?rest_route=\/wp\/v2\/posts\/21898\/revisions\/74331"}],"wp:featuredmedia":[{"embeddable":true,"href":"https:\/\/rioonwatch.org.br\/index.php?rest_route=\/wp\/v2\/media\/21901"}],"wp:attachment":[{"href":"https:\/\/rioonwatch.org.br\/index.php?rest_route=%2Fwp%2Fv2%2Fmedia&parent=21898"}],"wp:term":[{"taxonomy":"category","embeddable":true,"href":"https:\/\/rioonwatch.org.br\/index.php?rest_route=%2Fwp%2Fv2%2Fcategories&post=21898"},{"taxonomy":"post_tag","embeddable":true,"href":"https:\/\/rioonwatch.org.br\/index.php?rest_route=%2Fwp%2Fv2%2Ftags&post=21898"},{"taxonomy":"writer","embeddable":true,"href":"https:\/\/rioonwatch.org.br\/index.php?rest_route=%2Fwp%2Fv2%2Fwriter&post=21898"},{"taxonomy":"translator","embeddable":true,"href":"https:\/\/rioonwatch.org.br\/index.php?rest_route=%2Fwp%2Fv2%2Ftranslator&post=21898"},{"taxonomy":"source","embeddable":true,"href":"https:\/\/rioonwatch.org.br\/index.php?rest_route=%2Fwp%2Fv2%2Fsource&post=21898"},{"taxonomy":"ilustrador","embeddable":true,"href":"https:\/\/rioonwatch.org.br\/index.php?rest_route=%2Fwp%2Fv2%2Filustrador&post=21898"},{"taxonomy":"fotografo","embeddable":true,"href":"https:\/\/rioonwatch.org.br\/index.php?rest_route=%2Fwp%2Fv2%2Ffotografo&post=21898"}],"curies":[{"name":"wp","href":"https:\/\/api.w.org\/{rel}","templated":true}]}}