{"id":22011,"date":"2016-09-02T10:59:50","date_gmt":"2016-09-02T13:59:50","guid":{"rendered":"http:\/\/rioonwatch.org.br\/?p=22011"},"modified":"2024-06-20T16:25:45","modified_gmt":"2024-06-20T19:25:45","slug":"moradores-de-favelas-denunciam-nas-redes-sociais-o-numero-de-mortes-dos-jogos-olimpicos","status":"publish","type":"post","link":"https:\/\/rioonwatch.org.br\/?p=22011","title":{"rendered":"Moradores de Favelas Denunciam nas Redes Sociais o N\u00famero de Mortes dos Jogos Ol\u00edmpicos"},"content":{"rendered":"<p style=\"text-align: right;\"><em><strong><a href=\"http:\/\/bit.ly\/2c7O0bB\" target=\"_blank\" rel=\"noopener noreferrer\">Click Here for English<img decoding=\"async\" width=\"20\" height=\"20\" class=\"alignright wp-image-15790\" src=\"http:\/\/rioonwatch.org.br\/wp-content\/uploads\/2012\/08\/EN-standard-e1439583104716.jpg\" alt=\"\" \/><\/a><\/strong><\/em><\/p>\n<p><span style=\"font-weight: 400;\">Entre\u00a05 e 21 de agosto, ao longo dos <a href=\"http:\/\/bit.ly\/PkLXlQ\" target=\"_blank\" rel=\"noopener noreferrer\">Jogos Ol\u00edmpicos<\/a>, 92 tiroteios aconteceram no Rio, deixando pelo menos 31 mortos e 51 feridos por causa de conflitos armados, de <a href=\"http:\/\/bit.ly\/2bsS4Vv\" target=\"_blank\" rel=\"noopener noreferrer\">acordo com os dados<\/a> gerados pelo aplicativo <a href=\"http:\/\/bit.ly\/29e8L1U\">Fogo Cruzado<\/a>,\u00a0lan\u00e7ado em julho pela Anistia Internacional Brasil para rastrear tiroteios no Rio reportados por usu\u00e1rios contribuidores.<\/span><\/p>\n<p><span style=\"font-weight: 400;\">A <a href=\"http:\/\/bit.ly\/1wLR1Ef\" target=\"_blank\" rel=\"noopener noreferrer\">viol\u00eancia<\/a> vivida em muitas das favelas do Rio durante estas duas semanas n\u00e3o era sem precedentes, nem aconteceram isoladamente.\u00a0<\/span><span style=\"font-weight: 400;\">Desde 2009 quando o Rio foi escolhido para sediar os Jogos Ol\u00edmpicos e Paral\u00edmpicos, a <a href=\"http:\/\/bit.ly\/2bK2AJu\" target=\"_blank\" rel=\"noopener noreferrer\">Anistia relata<\/a> que mais de 2.600 pessoas foram assassinadas\u00a0pela pol\u00edcia na cidade. Dos quais mais de tr\u00eas quartos eram <a href=\"http:\/\/bit.ly\/29GfPqt\" target=\"_blank\" rel=\"noopener noreferrer\">jovens homens negros<\/a>.\u00a0<\/span><span style=\"font-weight: 400;\">Mesmo antes do processo de prepara\u00e7\u00e3o Ol\u00edmpica, o programa do Rio de seguran\u00e7a militarizada para os megaeventos j\u00e1 havia come\u00e7ado a tomar forma nos preparativos dos <a href=\"http:\/\/bit.ly\/2bWkEi0\" target=\"_blank\" rel=\"noopener noreferrer\">Jogos Pan-Americanos de 2007<\/a> e na <a href=\"http:\/\/bit.ly\/WfaiMR\" target=\"_blank\" rel=\"noopener noreferrer\">Copa\u00a0do Mundo de 2014<\/a>. Repetindo o padr\u00e3o observado antes dos dois megaeventos anteriores, execu\u00e7\u00f5es extrajudiciais aumentaram com a chegada dos Jogos Ol\u00edmpicos de 2016.<\/span><\/p>\n<p><span style=\"font-weight: 400;\">Ao mesmo tempo em que houveram esfor\u00e7os combinados para desviar a aten\u00e7\u00e3o da m\u00eddia e controlar atos p\u00fablicos de protesto pol\u00edtico, as <a href=\"http:\/\/bit.ly\/20uyjxr\" target=\"_blank\" rel=\"noopener noreferrer\">m\u00eddias sociais<\/a> ofereceram plataformas poderosas para moradores de favelas, atingidos pela viol\u00eancia Ol\u00edmpica, projetarem suas vozes.\u00a0<\/span><span style=\"font-weight: 400;\">Muitos aproveitaram a oportunidade para denunciar aparatos de\u00a0<\/span><a href=\"http:\/\/bit.ly\/1fRNcBs\" target=\"_blank\" rel=\"noopener noreferrer\"><span style=\"font-weight: 400;\">s<\/span><span style=\"font-weight: 400;\">eguran\u00e7a p\u00fablica<\/span><\/a> <span style=\"font-weight: 400;\">que priorizam a seguran\u00e7a dos estrangeiros \u00e0 custa da vida dos moradores de favelas.<\/span><\/p>\n<p><a href=\"http:\/\/rioonwatch.org.br\/wp-content\/uploads\/2016\/09\/13906968_946054978854415_7496081114572529283_n.jpg\"><img fetchpriority=\"high\" decoding=\"async\" class=\"aligncenter wp-image-22036 size-medium\" title=\"Colagem de fotos de uma interven\u00e7\u00e3o militar no Alem\u00e3o postado por Coletivo Papo Reto\" src=\"http:\/\/rioonwatch.org.br\/wp-content\/uploads\/2016\/09\/13906968_946054978854415_7496081114572529283_n-620x620.jpg\" alt=\"13906968_946054978854415_7496081114572529283_n\" width=\"620\" height=\"620\" srcset=\"https:\/\/rioonwatch.org.br\/wp-content\/uploads\/2016\/09\/13906968_946054978854415_7496081114572529283_n-620x620.jpg 620w, https:\/\/rioonwatch.org.br\/wp-content\/uploads\/2016\/09\/13906968_946054978854415_7496081114572529283_n-264x264.jpg 264w, https:\/\/rioonwatch.org.br\/wp-content\/uploads\/2016\/09\/13906968_946054978854415_7496081114572529283_n-768x768.jpg 768w, https:\/\/rioonwatch.org.br\/wp-content\/uploads\/2016\/09\/13906968_946054978854415_7496081114572529283_n.jpg 960w\" sizes=\"(max-width: 620px) 100vw, 620px\" \/><\/a><\/p>\n<p><span style=\"font-weight: 400;\">No in\u00edcio da manh\u00e3 de 3 de agosto, apenas dois dias antes da <a href=\"http:\/\/bit.ly\/2aVDTVE\" target=\"_blank\" rel=\"noopener noreferrer\">cerim\u00f4nia de abertura<\/a> dos Jogos Ol\u00edmpicos, uma megaopera\u00e7\u00e3o foi realizada pela Pol\u00edcia Civil e pela Pol\u00edcia Militar no\u00a0<a href=\"http:\/\/bit.ly\/U0MiGm\" target=\"_blank\" rel=\"noopener noreferrer\">Complexo\u00a0do\u00a0Alem\u00e3o<\/a>, na <a href=\"http:\/\/bit.ly\/WximDf\" target=\"_blank\" rel=\"noopener noreferrer\">Zona Norte<\/a> do Rio. O grupo de m\u00eddia independente <\/span><a href=\"http:\/\/bit.ly\/1tlZuis\"><span style=\"font-weight: 400;\">Coletivo Papo Reto<\/span><\/a><span style=\"font-weight: 400;\"> do Complexo do Alem\u00e3o relatou a situa\u00e7\u00e3o atrav\u00e9s de uma <\/span><a href=\"http:\/\/bit.ly\/2bsEBwx\"><span style=\"font-weight: 400;\">postagem no Facebook<\/span><\/a><span style=\"font-weight: 400;\">:<\/span><\/p>\n<blockquote><p>\u201cAntes das 6h da manh\u00e3, moradores eram revistados em diferentes entradas da favela. Pr\u00f3ximo das 6h30, o caveir\u00e3o entra no morro e as casas tremem, enquanto somos acordados pelo barulho gigantesco do blindado a\u00e9reo, em seus rasantes t\u00e3o perto das casas que parece que vai pousar em alguma delas.\u00a0<span class=\"text_exposed_show\">Essa \u00e9 a realidade nas favelas, viola\u00e7\u00f5es diversas e pol\u00edcia como \u00fanica pol\u00edtica p\u00fablica.\u00a0Da\u00ed quando se pensa que n\u00e3o pode piorar, mandam mais pol\u00edcia.\u00a0A participa\u00e7\u00e3o da favela nas <a href=\"http:\/\/bit.ly\/2bsP77L\" target=\"_blank\" rel=\"noopener noreferrer\">OlimPI\u00c1DAS<\/a>, \u00e9 ter nossa vida militarizada, \u00e9 viver a <a href=\"http:\/\/bit.ly\/2buISj2\" target=\"_blank\" rel=\"noopener noreferrer\">conten\u00e7\u00e3o da camada pobre<\/a>, sob o fuzil do estado.&#8221;<\/span><\/p><\/blockquote>\n<p><span style=\"font-weight: 400;\">Durante todo o dia, Papo Reto\u00a0<a href=\"http:\/\/bit.ly\/2cd10fA\" target=\"_blank\" rel=\"noopener noreferrer\">compartilhou fotos<\/a> enviadas pelos moradores, de casas invadidas durante as buscas policiais. <\/span><\/p>\n<p><span style=\"font-weight: 400;\">Al\u00e9m do Alem\u00e3o, as favelas de <a href=\"http:\/\/bit.ly\/13ZsHgY\" target=\"_blank\" rel=\"noopener noreferrer\">Acari<\/a>, <a href=\"http:\/\/bit.ly\/ZKW86Q\" target=\"_blank\" rel=\"noopener noreferrer\">Borel<\/a>, <a href=\"http:\/\/bit.ly\/2bMMkCL\" target=\"_blank\" rel=\"noopener noreferrer\">Del Castilho<\/a>, <a href=\"http:\/\/bit.ly\/ZC9b6z\" target=\"_blank\" rel=\"noopener noreferrer\">Manguinhos<\/a> e <a href=\"http:\/\/bit.ly\/10BvARw\" target=\"_blank\" rel=\"noopener noreferrer\">Mar\u00e9<\/a> na <a href=\"http:\/\/bit.ly\/WximDf\" target=\"_blank\" rel=\"noopener noreferrer\">Zona Norte<\/a>; a favela <a href=\"http:\/\/bit.ly\/10BzE4e\" target=\"_blank\" rel=\"noopener noreferrer\">Cidade de Deus<\/a> na <a href=\"http:\/\/bit.ly\/11tBmFR\" target=\"_blank\" rel=\"noopener noreferrer\">Zona Oeste<\/a>; e a favela do <a href=\"http:\/\/bit.ly\/12onlyE\" target=\"_blank\" rel=\"noopener noreferrer\">Cantagalo<\/a> na <a href=\"http:\/\/bit.ly\/1mNsDyk\" target=\"_blank\" rel=\"noopener noreferrer\">Zona Sul<\/a> viveram intensas opera\u00e7\u00f5es policiais durante o per\u00edodo em que os Jogos aconteceram.<\/span><\/p>\n<p><span style=\"font-weight: 400;\">Em tempos de tens\u00e3o na Cidade de Deus, a medalha de ouro conquistada pela judoca <\/span><a href=\"http:\/\/bit.ly\/2c68Nif\" target=\"_blank\" rel=\"noopener noreferrer\"><span style=\"font-weight: 400;\">Rafaela Silva foi amplamente celebrada<\/span><\/a><span style=\"font-weight: 400;\"> como fonte de orgulho e inspira\u00e7\u00e3o para a comunidade.<\/span>\u00a0No dia<span style=\"font-weight: 400;\">\u00a08 de agosto, moradores da Cidade de Deus e ator Ricardo Fernandes <a href=\"http:\/\/bit.ly\/2bw2tkf\" target=\"_blank\" rel=\"noopener noreferrer\">postaram<\/a>: &#8220;<a href=\"http:\/\/bit.ly\/2aWV1us\" target=\"_blank\" rel=\"noopener noreferrer\">Ontem, na Cdd, teve tiros<\/a>, correria e desespero.\u00a0Hoje, temos o primeiro ouro da equipe brasileira Ol\u00edmpica, e esse ouro veio de uma MENINA, PRETA, MORADORA DA FAVELA CIDADE DE DEUS, a mesma FAVELA que ontem teve tiros, correria e desespero&#8221;.<\/span><\/p>\n<p><a href=\"http:\/\/rioonwatch.org.br\/wp-content\/uploads\/2016\/09\/28913328140_fe90def252_o.jpg\"><img decoding=\"async\" class=\"aligncenter wp-image-22038 size-medium\" title=\"Rafaela Silva na Cidade de Deus\" src=\"http:\/\/rioonwatch.org.br\/wp-content\/uploads\/2016\/09\/28913328140_fe90def252_o-620x413.jpg\" alt=\"28913328140_fe90def252_o\" width=\"620\" height=\"413\" srcset=\"https:\/\/rioonwatch.org.br\/wp-content\/uploads\/2016\/09\/28913328140_fe90def252_o-620x413.jpg 620w, https:\/\/rioonwatch.org.br\/wp-content\/uploads\/2016\/09\/28913328140_fe90def252_o-396x264.jpg 396w, https:\/\/rioonwatch.org.br\/wp-content\/uploads\/2016\/09\/28913328140_fe90def252_o-768x512.jpg 768w, https:\/\/rioonwatch.org.br\/wp-content\/uploads\/2016\/09\/28913328140_fe90def252_o-1024x682.jpg 1024w, https:\/\/rioonwatch.org.br\/wp-content\/uploads\/2016\/09\/28913328140_fe90def252_o.jpg 1280w\" sizes=\"(max-width: 620px) 100vw, 620px\" \/><\/a><\/p>\n<p><a href=\"http:\/\/bit.ly\/2c68Nif\" target=\"_blank\" rel=\"noopener noreferrer\"><span style=\"font-weight: 400;\">A vit\u00f3ria de Rafaela foi celebrada<\/span><\/a><span style=\"font-weight: 400;\"> com um desfile atrav\u00e9s da comunidade algumas semanas mais tarde. No dia da comemora\u00e7\u00e3o, morador da Cidade de Deus e cineasta Wagner Novais\u00a0<a href=\"http:\/\/bit.ly\/2bTXGZD\" target=\"_blank\" rel=\"noopener noreferrer\">postou<\/a>:<\/span><\/p>\n<blockquote><p>&#8220;Quando terminou a luta reiniciou o tiroteio&#8230;\u00a0<span class=\"text_exposed_show\">Todos sabem que estamos num espa\u00e7o de exce\u00e7\u00e3o isto n\u00e3o \u00e9 novidade nenhuma&#8230; Foi bonito ver os olhos dos moradores brilhando com admira\u00e7\u00e3o de algu\u00e9m que \u00e9 cria da favela e, mesmo diante de tanta adversidade, se superou e venceu. Esta e outras hist\u00f3rias semelhantes inspiram, mas n\u00e3o vivemos s\u00f3 delas. \u00c9 uma exce\u00e7\u00e3o que confirma a regra.&#8221;<\/span><\/p><\/blockquote>\n<p><span style=\"font-weight: 400;\">No dia 10 de agosto, os moradores do Alem\u00e3o foram despertados ao som de tiros&#8211;um\u00a0<\/span><span style=\"font-weight: 400;\">fen\u00f4meno que se tornou rotina nos \u00faltimos meses.\u00a0<a href=\"http:\/\/bit.ly\/1n71CIt\" target=\"_blank\" rel=\"noopener noreferrer\">Thain\u00e3 de Medeiros<\/a> do Coletivo Papo Reto <\/span><a href=\"http:\/\/bit.ly\/2bsiedw\"><span style=\"font-weight: 400;\">compartilhou um \u00e1udio<\/span><\/a><span style=\"font-weight: 400;\"> de tiros sendo disparados, com a legenda: &#8220;Medalha de ouro em tiro <span class=\"_5afx\"><span class=\"_58cl _5afz\">#<\/span><span class=\"_58cm\">Rio2016<\/span><\/span> <span class=\"_5afx\"><span class=\"_58cl _5afz\">#<\/span><span class=\"_58cm\">CidadeOlimpica&#8221;.<\/span><\/span><\/span><\/p>\n<p><span style=\"font-weight: 400;\">No mesmo dia, na entrada da <\/span><a href=\"http:\/\/bit.ly\/29y251c\" target=\"_blank\" rel=\"noopener noreferrer\"><span style=\"font-weight: 400;\">Vila do Jo\u00e3o<\/span><\/a><span style=\"font-weight: 400;\"> na Mar\u00e9, um soldado da For\u00e7a Nacional foi baleado na cabe\u00e7a e morto. O incidente, que recebeu generalizada <\/span><a href=\"http:\/\/bit.ly\/2bLgObM\"><span style=\"font-weight: 400;\">aten\u00e7\u00e3o da m\u00eddia<\/span><\/a><span style=\"font-weight: 400;\">, foi citado como justificativa para uma s\u00e9rie de opera\u00e7\u00f5es policiais que se desenrolou na Mar\u00e9, ao longo da semana.\u00a0<\/span><\/p>\n<p>O Grupo\u00a0da m\u00eddia comunit\u00e1ria <a href=\"http:\/\/bit.ly\/2bvbzOu\" target=\"_blank\" rel=\"noopener noreferrer\">Mar\u00e9 Vive<\/a> postou o <a href=\"http:\/\/bit.ly\/2bvbzOu\" target=\"_blank\" rel=\"noopener noreferrer\">relato de um\u00a0morador a partir da linha de frente<\/a> no dia seguinte:<\/p>\n<blockquote><p>&#8220;Helic\u00f3ptero voando baixo, janela tremendo forte. O dia clareando. As ruas tomadas pelo sil\u00eancio e por carros blindados, tanques de guerra. Tens\u00e3o. Favela da Mar\u00e9. Exercito, BOPE, For\u00e7a Nacional. Seguran\u00e7a P\u00fablica&#8230;\u00a0De volta as ruas.\u00a0Cruzo com o BOPE. Medalha de chumbo em arrombamento de portas. De volta pra casa. Na tv, o &#8220;ao vivo&#8221; mostra o cerco da policia a comunidade. Estamos na m\u00eddia. Lugar a ser evitado. Vou na janela, primeiro plano. O helic\u00f3ptero d\u00e1 rasantes na Vila do Jo\u00e3o. Ministro da justi\u00e7a. Errou o caminho. Foi baleado.. suspeitos identificados. Caf\u00e9 quente, vento frio. Nos escondemos na sombra do medo.\u00a0Horizonte. Por tr\u00e1s do helic\u00f3ptero, cristo redentor, pedra da g\u00e1vea e o p\u00e3o de a\u00e7\u00facar. Ponto tur\u00edstico. Rep\u00f3rter sorrindo. Fechando a janela, o blindado est\u00e1 vindo&#8230;&#8221;<\/p><\/blockquote>\n<p><a href=\"http:\/\/rioonwatch.org.br\/wp-content\/uploads\/2016\/09\/0MareVive-Post.jpg\"><img loading=\"lazy\" decoding=\"async\" class=\"aligncenter wp-image-22040 size-medium\" title=\"Mar\u00e9 Vive Postagem no Facebook\" src=\"http:\/\/rioonwatch.org.br\/wp-content\/uploads\/2016\/09\/0MareVive-Post-620x310.jpg\" alt=\"0MareVive-Post\" width=\"620\" height=\"310\" srcset=\"https:\/\/rioonwatch.org.br\/wp-content\/uploads\/2016\/09\/0MareVive-Post-620x310.jpg 620w, https:\/\/rioonwatch.org.br\/wp-content\/uploads\/2016\/09\/0MareVive-Post-528x264.jpg 528w, https:\/\/rioonwatch.org.br\/wp-content\/uploads\/2016\/09\/0MareVive-Post-768x384.jpg 768w, https:\/\/rioonwatch.org.br\/wp-content\/uploads\/2016\/09\/0MareVive-Post.jpg 1024w\" sizes=\"(max-width: 620px) 100vw, 620px\" \/><\/a><\/p>\n<p><span style=\"font-weight: 400;\">Apesar das \u00a0prote\u00e7\u00f5es constitucionais contra <\/span><a href=\"http:\/\/bit.ly\/18hGFhW\" target=\"_blank\" rel=\"noopener noreferrer\"><span style=\"font-weight: 400;\">invas\u00f5es de casa sem mandado<\/span><\/a><span style=\"font-weight: 400;\"> (exceto em circunst\u00e2ncias excepcionais sancionados judicialmente, de acordo com <\/span><a href=\"http:\/\/bit.ly\/29nPe1o\"><span style=\"font-weight: 400;\">Artigo 5, sec\u00e7\u00e3o XI<\/span><\/a><span style=\"font-weight: 400;\">), os moradores da Mar\u00e9 relataram frequentes viola\u00e7\u00f5es de direitos. Mar\u00e9 Vive <\/span><a href=\"http:\/\/bit.ly\/2bsEscq\"><span style=\"font-weight: 400;\">postou uma foto<\/span><\/a><span style=\"font-weight: 400;\"> de dois oficiais do BOPE camuflados, um que aponta seu rifle e outro que aparece mexendo no port\u00e3o de uma casa, com a legenda: &#8220;Essa \u00e9 a pol\u00edcia na Cidade Ol\u00edmpica. Medalha de chumbo em arrombamentos de portas. Agindo por impulso e colocando a vida de muita gente em risco. Mandado? N\u00e3o existe. Aqui t\u00e1 liberado invadir a casa das pessoas&#8230;&#8221;.<\/span><\/p>\n<p><span style=\"font-weight: 400;\">No mesmo dia, 11 de agosto, Mar\u00e9 Vive <\/span><a href=\"http:\/\/bit.ly\/2c0DKll\"><span style=\"font-weight: 400;\">compartilhou uma postagem<\/span><\/a><span style=\"font-weight: 400;\">\u00a0pelo fot\u00f3grafo Bira Carvalho, descrevendo &#8220;os Jogos Ol\u00edmpicos de todo dia&#8221; em um espa\u00e7o militarizado:<\/span><\/p>\n<blockquote><p>\u201c100, 200 metros para salvar a pr\u00f3pria vida, um detalhe, a equipe de tiro estava com mais de um uniforme, tinham preto e tinha camuflado, mas aqui, os alvos n\u00e3o s\u00e3o uma silhueta preta, aqui s\u00e3o pretos vivos ou mortos de medo. Eu pensava que como na Gr\u00e9cia antiga, os jogos eram uma forma de trazer paz, de evitar a guerra, por\u00e9m aqui, n\u00e3o funcionou.&#8221;<\/p><\/blockquote>\n<p><span style=\"font-weight: 400;\">A jornalista comunit\u00e1ria\u00a0<\/span><a href=\"http:\/\/bit.ly\/24KePW5\" target=\"_blank\" rel=\"noopener noreferrer\"><span style=\"font-weight: 400;\">Gizele Martins<\/span><\/a><span style=\"font-weight: 400;\">\u00a0da Mar\u00e9 <\/span><a href=\"http:\/\/bit.ly\/2bYDofO\"><span style=\"font-weight: 400;\">postou<\/span><\/a><span style=\"font-weight: 400;\">: &#8220;&#8216;Clima Ol\u00edmpico&#8217; no asfalto e &#8216;Clima de guerra e medo&#8217; na favela!\u00a0Estamos pagando com a vida para voc\u00ea se divertir!\u00a0Uma guerra inventada pelo Estado!&#8221;.<\/span><\/p>\n<figure id=\"attachment_22043\" aria-describedby=\"caption-attachment-22043\" style=\"width: 620px\" class=\"wp-caption aligncenter\"><a href=\"http:\/\/rioonwatch.org.br\/wp-content\/uploads\/2016\/09\/0Chacina.jpg\"><img loading=\"lazy\" decoding=\"async\" class=\"wp-image-22043 size-content\" title=\"Imagem postada por Gizele Martins\" src=\"http:\/\/rioonwatch.org.br\/wp-content\/uploads\/2016\/09\/0Chacina-620x264.jpg\" alt=\"0Chacina\" width=\"620\" height=\"264\" srcset=\"https:\/\/rioonwatch.org.br\/wp-content\/uploads\/2016\/09\/0Chacina-620x264.jpg 620w, https:\/\/rioonwatch.org.br\/wp-content\/uploads\/2016\/09\/0Chacina-940x400.jpg 940w\" sizes=\"(max-width: 620px) 100vw, 620px\" \/><\/a><figcaption id=\"caption-attachment-22043\" class=\"wp-caption-text\">&#8220;Chacina de Negro. Pobres favelados&#8230; Voc\u00ea grita gol!&#8221;<\/figcaption><\/figure>\n<p><span style=\"font-weight: 400;\">Tamb\u00e9m em 11 de agosto, uma opera\u00e7\u00e3o do Batalh\u00e3o de Choque da Pol\u00edcia Militar na favela Bandeira 2 em Del Castilho, deixou tr\u00eas jovens mortos&#8211;idades 14, 15 e 22. O fot\u00f3grafo Carlos Coutinho do Coletivo Papo Reto capturou a cena na manh\u00e3 seguinte com sangue escorrendo pela rua. Papo Reto <\/span><a href=\"http:\/\/bit.ly\/2bPDnef\"><span style=\"font-weight: 400;\">compartilhou a foto<\/span><\/a><span style=\"font-weight: 400;\"> com o subt\u00edtulo: &#8220;S\u00f3 escorre sangue de favelado, preto e pobre&#8221;.<\/span><\/p>\n<p><a href=\"http:\/\/www.rioonwatch.org\/wp-content\/uploads\/2016\/08\/13891795_952676178192295_6598248191116158292_n.jpg\"><img loading=\"lazy\" decoding=\"async\" class=\"aligncenter wp-image-32377 size-content\" title=\"Blood running in Bandeira 2. Photo by Carlos Coutinho\" src=\"http:\/\/www.rioonwatch.org\/wp-content\/uploads\/2016\/08\/13891795_952676178192295_6598248191116158292_n-620x264.jpg\" alt=\"Blood running in Bandeira 2. Photo by Carlos Coutinho\" width=\"620\" height=\"264\" \/><\/a><\/p>\n<p><span style=\"font-weight: 400;\">Em 16 de agosto, uma segunda opera\u00e7\u00e3o intensa foi realizada na Mar\u00e9. A opera\u00e7\u00e3o deixou tr\u00eas pessoas mortas, sem mesmo mandado de pris\u00e3o em seus nomes.\u00a0<\/span><a href=\"http:\/\/bit.ly\/2ckkraE\"><span style=\"font-weight: 400;\">Mar\u00e9 Vive contou<\/span><\/a><span style=\"font-weight: 400;\"> o caos que se seguiu:<\/span><\/p>\n<p>&#8220;At\u00e9 agora o saldo \u00e9 de 5 pessoas mortas, algumas baleadas e milhares de pessoas impedidas de trabalhar, estudar, assustadas, aterrorizadas, com suas casas invadidas&#8230; O nome disso \u00e9 genoc\u00eddio, exterm\u00ednio, chacina, esculacho. E ningu\u00e9m fala nada&#8230; Dentro das favelas do Rio de Janeiro o que n\u00e3o falta \u00e9 arma. A gente precisa viver!&#8221;<\/p>\n<p><span style=\"font-weight: 400;\">Nesse mesmo dia, <\/span><a href=\"http:\/\/bit.ly\/1MhLewt\" target=\"_blank\" rel=\"noopener noreferrer\"><span style=\"font-weight: 400;\">Raull Santiago<\/span><\/a><span style=\"font-weight: 400;\"> do Coletivo Papo Reto <\/span><a href=\"http:\/\/bit.ly\/2bSA87l\"><span style=\"font-weight: 400;\">postou<\/span><\/a><span style=\"font-weight: 400;\">:<\/span><\/p>\n<blockquote><p>\u201cJAMAIS SE ESQUE\u00c7AM que &#8216;opera\u00e7\u00e3o policial de <a href=\"http:\/\/bit.ly\/1Q9sGwV\" target=\"_blank\" rel=\"noopener noreferrer\">guerra \u00e0s drogas<\/a>&#8216;\u00a0e &#8216;bala perdida&#8217; s\u00f3 acontecem e existem em lugares espec\u00edficos de nossa cidade.\u00a0\u00c9 nas favelas e periferias, que nossos lares e corpos s\u00e3o encontradas pelo fuzil que dispara racismo, preconceitos e extermina diariamente nosso povo em sua maioria preto e nordestino, nessa justificativa de repress\u00e3o as drogas. Opera\u00e7\u00e3o de guerra \u00e0s drogas \u00e9 controle violento de uma certa popula\u00e7\u00e3o e &#8216;bala perdida&#8217; \u00e9 ferramenta de exterm\u00ednio.&#8221;<\/p><\/blockquote>\n<p><span style=\"font-weight: 400;\">Camila Santos do Complexo do Alem\u00e3o <\/span><a href=\"http:\/\/bit.ly\/2bv9A7R\"><span style=\"font-weight: 400;\">postou um tributo<\/span><\/a><span style=\"font-weight: 400;\"> para Darlene da Silva Gon\u00e7alves, de 43 anos de idade, mulher baleada e assassinada por uma bala perdida em 18 de agosto: &#8220;O povo chorando em Copacabana&#8230; Pelo ouro.\u00a0E n\u00f3s chorando aqui no Complexo do Alem\u00e3o pelo sangue derramado de mais um inocente. Descanse em paz dona Darlene&#8221;.<\/span><\/p>\n<p><span style=\"font-weight: 400;\">Em 19 de agosto, em face de mais um dia de intensos tiroteios no Complexo do Alem\u00e3o, Coletivo Papo Reto <\/span><a href=\"http:\/\/bit.ly\/2c0MRSZ\"><span style=\"font-weight: 400;\">postou um v\u00eddeo de &#8220;Aqui \u00e9 Cidade em Guerra&#8221; subtitulado<\/span><\/a><span style=\"font-weight: 400;\">: &#8220;Enquanto alguns comemoram, aqui tentamos sobreviver! \u00c1udio enviado por uma moradora, um pequeno recorte da intensa guerra de hoje. Ontem, uma moradora ficou ferida e outra morreu, encontrada pelas tais &#8216;balas perdidas&#8217; que s\u00f3 existem dentro das favelas. ISSO TEM QUE PARAR!!!!&#8221;<\/span><\/p>\n<p><span style=\"font-weight: 400;\">Seguindo a reden\u00e7\u00e3o do Brasil contra a Alemanha na final do futebol masculino, moradora do Complexo do Alem\u00e3o <\/span><a href=\"http:\/\/bit.ly\/1LwVyjk\" target=\"_blank\" rel=\"noopener noreferrer\"><span style=\"font-weight: 400;\">Mariluce Mari\u00e1 de Souza<\/span><\/a> <a href=\"http:\/\/bit.ly\/2bKwRDO\"><span style=\"font-weight: 400;\">postou no Facebook<\/span><\/a><span style=\"font-weight: 400;\">:<\/span><\/p>\n<blockquote><p>\u201cQueria tanto que fossemos bons tamb\u00e9m no quesito educa\u00e7\u00e3o, sa\u00fade, seguran\u00e7a, pol\u00edtica, etc.\u00a0Amanh\u00e3\u00a0volta tudo como antes, os nossos queridos jogadores embarcar\u00e3o para os pa\u00edses onde moram e vamos ficar aqui com os nossos problemas de sempre.&#8221;<\/p><\/blockquote>\n<p><a href=\"http:\/\/rioonwatch.org.br\/wp-content\/uploads\/2016\/09\/0carlos.jpg\"><img loading=\"lazy\" decoding=\"async\" class=\"aligncenter wp-image-22046 size-content\" title=\"Foto por Andr\u00e9 Mantelli \/ Comit\u00ea Popular Rio da Copa e Olimp\u00edadas \" src=\"http:\/\/rioonwatch.org.br\/wp-content\/uploads\/2016\/09\/0carlos-620x264.jpg\" alt=\"0carlos\" width=\"620\" height=\"264\" srcset=\"https:\/\/rioonwatch.org.br\/wp-content\/uploads\/2016\/09\/0carlos-620x264.jpg 620w, https:\/\/rioonwatch.org.br\/wp-content\/uploads\/2016\/09\/0carlos-940x400.jpg 940w\" sizes=\"(max-width: 620px) 100vw, 620px\" \/><\/a><\/p>\n<p><span style=\"font-weight: 400;\">Entre os espectadores no <a href=\"http:\/\/bit.ly\/1nid1lU\" target=\"_blank\" rel=\"noopener noreferrer\">est\u00e1dio do Maracan\u00e3<\/a> em 20 de agosto estava Carlos Henrique do Carmo Souza, pai do Carlos Eduardo da Silva de Souza de 16 anos de idade, conhecido como Carlinhos, uma das <a href=\"http:\/\/bit.ly\/1XHEDyr\" target=\"_blank\" rel=\"noopener noreferrer\">cinco v\u00edtimas mortas a tiros por 111 balas<\/a> em <a href=\"http:\/\/bit.ly\/1m8dV2m\" target=\"_blank\" rel=\"noopener noreferrer\">Costa Barros<\/a> em novembro de 2015. Em um ato de protesto pac\u00edfico, Carlos Henrique segurou uma faixa sobre o parapeito no est\u00e1dio com os rostos dos cinco rapazes, mortos pela pol\u00edcia, dentro dos an\u00e9is ol\u00edmpicos. Na faixa estava escrito<\/span>: &#8220;Rio, por 450 anos campe\u00e3o ol\u00edmpico de assassinatos a \u00edndios, negros e pobres&#8221;.<\/p>\n<p><a href=\"http:\/\/bit.ly\/2bO0oh4\" target=\"_blank\" rel=\"noopener noreferrer\"><span style=\"font-weight: 400;\">Ana Paula Oliveira<\/span><\/a><span style=\"font-weight: 400;\">, cujo filho Jonatha de 19 anos foi morto pela pol\u00edcia em maio de 2014, compartilhou uma foto da demonstra\u00e7\u00e3o de Carlos Henrique no Maracan\u00e3, <\/span><a href=\"http:\/\/bit.ly\/2bSBsag\"><span style=\"font-weight: 400;\">escrevendo<\/span><\/a><span style=\"font-weight: 400;\">: &#8220;Eu queria tanto que esse Maracan\u00e3 lotado gritasse contra o exterm\u00ednio da juventude negra!! A INDIFEREN\u00c7A TAMB\u00c9M MATA!!&#8221;.<\/span><\/p>\n<p><a href=\"http:\/\/rioonwatch.org.br\/wp-content\/uploads\/2016\/09\/0FomedeViver.jpg\"><img loading=\"lazy\" decoding=\"async\" class=\"aligncenter wp-image-22047 size-content\" title=\"&quot;Com quantos corpos negros e favelados se faz uma Olimp\u00edada?&quot;\" src=\"http:\/\/rioonwatch.org.br\/wp-content\/uploads\/2016\/09\/0FomedeViver-620x264.jpg\" alt=\"0FomedeViver\" width=\"620\" height=\"264\" srcset=\"https:\/\/rioonwatch.org.br\/wp-content\/uploads\/2016\/09\/0FomedeViver-620x264.jpg 620w, https:\/\/rioonwatch.org.br\/wp-content\/uploads\/2016\/09\/0FomedeViver-940x400.jpg 940w\" sizes=\"(max-width: 620px) 100vw, 620px\" \/><\/a><\/p>\n<p><span style=\"font-weight: 400;\">Tamb\u00e9m no dia do jogo, moradores de favelas e simpatizantes foram \u00e0s ruas para realizar o primeiro ato da campanha <a href=\"http:\/\/bit.ly\/2bldaSh\" target=\"_blank\" rel=\"noopener noreferrer\">#FomeDeViver<\/a> na Pra\u00e7a Mau\u00e1, na <a href=\"http:\/\/bit.ly\/1cVBDvL\" target=\"_blank\" rel=\"noopener noreferrer\">Regi\u00e3o do Porto<\/a>, em um esfor\u00e7o para chamar a aten\u00e7\u00e3o para as atrocidades cometidas sob o pretexto de garantir a seguran\u00e7a durante os Jogos Ol\u00edmpicos. Os manifestantes levantaram uma grande faixa laranja brilhante, com os dizeres: &#8220;Com quantos corpos negros e favelados se faz uma Olimp\u00edada?&#8221;<\/span><\/p>\n<p><span style=\"font-weight: 400;\">Refletindo sobre a cerim\u00f4nia de encerramento, a moradora de Acari, Buba Aguiar <\/span><a href=\"http:\/\/bit.ly\/2bK8o46\"><span style=\"font-weight: 400;\">escreveu uma postagem no Facebook<\/span><\/a><span style=\"font-weight: 400;\"> criticando a narrativa do Rio como cidade-sede imperfeita-mas-bonita, sem vergonha de suas falhas, propagada por algumas autoridades Ol\u00edmpicas:<\/span><\/p>\n<blockquote><p>&#8220;As\u00a0mazelas do Rio de Janeiro foram expostas para o p\u00fablico Ol\u00edmpico n\u00e3o pelos organizadores da tal festa, mas pelas pessoas atingidas pelos bastidores da mesma, que em nenhum momento foram convidados pro evento, e pelo contr\u00e1rio, foram convidados a se retirarem de cena. N\u00f3s, moradores de favelas, durante os Jogos Ol\u00edmpicos, fomos atacados de in\u00fameras formas pelo estado e seu bra\u00e7o armado em nosso territ\u00f3rio. E sim, fomos N\u00d3S quem denunciamos as NOSSAS mazelas, assim como tamb\u00e9m fomos <a href=\"http:\/\/bit.ly\/2bPdAC4\" target=\"_blank\" rel=\"noopener noreferrer\">N\u00d3S quem mostramos tudo de bom que tem em NOSSAS favelas<\/a>.&#8221;<\/p><\/blockquote>\n<p><span style=\"font-weight: 400;\">Poucos dias ap\u00f3s o encerramento dos Jogos, em 23 de agosto,\u00a0<a href=\"http:\/\/bit.ly\/2c0zjqz\" target=\"_blank\" rel=\"noopener noreferrer\">Thain\u00e3 de Medeiros postou<\/a>\u00a0um\u00a0<a href=\"http:\/\/bit.ly\/2bLEGcX\" target=\"_blank\" rel=\"noopener noreferrer\">gr\u00e1fico do\u00a0<em>The Intercept Brasil<\/em><\/a>\u00a0com dados sobre a viol\u00eancia durante os Jogos Ol\u00edmpicos, comentando: &#8220;Que bom! 107 tiroteios, 34 mortos, 58 feridos ajudaram a deixar 90% dos turistas seguros.\u00a0Um detalhe importante \u00e9 que dos 34 mortos, 6 eram agentes de seguran\u00e7a e dos 58 feridos 28 eram agentes p\u00fablicos, ou seja, a &#8216;pol\u00edtica de seguran\u00e7a&#8217; n\u00e3o serve nem para os pr\u00f3prios agentes do estado. Isso \u00e9 uma escolha, a op\u00e7\u00e3o aqui \u00e9 clara: investimento em guerra nas \u00e1reas pobres pra garantir os ricos. N\u00e3o importa quem morre. Somos substitu\u00edveis&#8221;.\u00a0(Os dados do <em>The Intercept<\/em> incluem os dois dias antes da cerim\u00f4nia de abertura na sua faixa de dados, assim, ligeiramente diferentes dos n\u00fameros citados anteriormente pelo Fogo Cruzado).<\/span><\/p>\n<p><span style=\"font-weight: 400;\">Na esteira das Olimp\u00edadas da Rio 2016\u00a0<\/span><a href=\"http:\/\/bit.ly\/2bp6i9p\"><span style=\"font-weight: 400;\">meios de comunica\u00e7\u00e3o internacionais refletiram sobre os Jogos<\/span><\/a><span style=\"font-weight: 400;\">&#8211;alguns celebraram a evas\u00e3o de uma cat\u00e1strofe provocada pela Zika ou por terrorismo, outros avaliaram os custos efetuados: foram os Jogos Ol\u00edmpicos bem-sucedidos? A cidade estava segura? Valeu a pena? Os aproximadamente 85.000 agentes de seguran\u00e7a espalhados por todo o Brasil, incluindo 21.000 militares dotados de poder de pol\u00edcia no Rio devem patrulhar corredores tur\u00edsticos atrav\u00e9s das Paraolimp\u00edadas e <\/span><a href=\"http:\/\/bit.ly\/2bZGr7y\"><span style=\"font-weight: 400;\">pelo menos at\u00e9 as elei\u00e7\u00f5es municipais de outubro<\/span><\/a><span style=\"font-weight: 400;\">. Enquanto isso, a militariza\u00e7\u00e3o do espa\u00e7o urbano em muitas das favelas da cidade continuar\u00e1 a ser experimentado como um legado Ol\u00edmpico que vai muito al\u00e9m destas semanas de esporte e folia.\u00a0<\/span><\/p>\n<p><span style=\"font-weight: 400;\">&#8220;Eles conseguem tudo com perfei\u00e7\u00e3o&#8221;, a moradora do Complexo do Alem\u00e3o <\/span><span style=\"font-weight: 400;\"><a href=\"http:\/\/bit.ly\/2buh4sc\">Zilda Chaves postou<\/a>,\u00a0<\/span><span style=\"font-weight: 400;\">&#8220;S\u00f3 n\u00e3o conseguem acabar com as &#8216;balas achadas&#8217; em corpos pretos no Rio de Janeiro&#8221;.<\/span><\/p>\n<!-- AddThis Advanced Settings generic via filter on the_content --><!-- AddThis Share Buttons generic via filter on the_content -->","protected":false},"excerpt":{"rendered":"<div class=\"mh-excerpt\"><p>Click Here for English Entre\u00a05 e 21 de agosto, ao longo dos Jogos Ol\u00edmpicos, 92 tiroteios aconteceram no Rio, deixando pelo menos 31 mortos e 51 feridos por causa de conflitos armados, de acordo com <a class=\"mh-excerpt-more\" href=\"https:\/\/rioonwatch.org.br\/?p=22011\" title=\"Moradores de Favelas Denunciam nas Redes Sociais o N\u00famero de Mortes dos Jogos Ol\u00edmpicos\">[&#8230;]<\/a><!-- AddThis Advanced Settings generic via filter on get_the_excerpt --><!-- AddThis Share Buttons generic via filter on get_the_excerpt --><\/p>\n<\/div>","protected":false},"author":129,"featured_media":22033,"comment_status":"closed","ping_status":"closed","sticky":false,"template":"","format":"standard","meta":{"_acf_changed":false,"_monsterinsights_skip_tracking":false,"_monsterinsights_sitenote_active":false,"_monsterinsights_sitenote_note":"","_monsterinsights_sitenote_category":0,"footnotes":""},"categories":[1635,1621,346,1626,1620],"tags":[943,592,347,704,229,554,332,217,88,1418,636,1240,379,78,31,774,279,672,1763,1081,1364,52,218,184,383],"writer":[1599],"translator":[1922],"source":[],"ilustrador":[],"fotografo":[],"class_list":{"0":"post-22011","1":"post","2":"type-post","3":"status-publish","4":"format-standard","5":"has-post-thumbnail","7":"category-1635","8":"category-destaque","9":"category-denuncias","10":"category-por-observadores-internacionais","11":"category-olhonaupp","12":"tag-oquedizemasredes","13":"tag-acari","14":"tag-bope","15":"tag-borel","16":"tag-cantagalo","17":"tag-cidade-de-deus","18":"tag-complexo-da-mare","19":"tag-complexo-do-alemao","20":"tag-direitos-humanos","21":"tag-coletivo-papo-reto","22":"tag-manguinhos","23":"tag-megaeventos","24":"tag-midia-social","25":"tag-olimpiadas","26":"tag-policia","27":"tag-policia-militar","28":"tag-seguranca","29":"tag-seguranca-publica","30":"tag-tropa-de-choque","31":"tag-vila-do-joao","32":"tag-violacoes","33":"tag-violencia-policial","34":"tag-zona-norte","35":"tag-zona-oeste","36":"tag-zona-sul","37":"writer-ava-rose-hoffman","38":"translator-andrea-goodall"},"acf":[],"yoast_head":"<!-- This site is optimized with the Yoast SEO plugin v25.6 - https:\/\/yoast.com\/wordpress\/plugins\/seo\/ -->\n<title>Moradores de Favelas Denunciam nas Redes Sociais o N\u00famero de Mortes dos Jogos Ol\u00edmpicos - RioOnWatch<\/title>\n<meta name=\"robots\" content=\"index, follow, max-snippet:-1, max-image-preview:large, max-video-preview:-1\" \/>\n<link rel=\"canonical\" href=\"https:\/\/rioonwatch.org.br\/?p=22011\" \/>\n<meta property=\"og:locale\" content=\"pt_BR\" \/>\n<meta property=\"og:type\" content=\"article\" \/>\n<meta property=\"og:title\" content=\"Moradores de Favelas Denunciam nas Redes Sociais o N\u00famero de Mortes dos Jogos Ol\u00edmpicos - RioOnWatch\" \/>\n<meta property=\"og:description\" content=\"Click Here for English Entre\u00a05 e 21 de agosto, ao longo dos Jogos Ol\u00edmpicos, 92 tiroteios aconteceram no Rio, deixando pelo menos 31 mortos e 51 feridos por causa de conflitos armados, de acordo com [...]\" \/>\n<meta property=\"og:url\" content=\"https:\/\/rioonwatch.org.br\/?p=22011\" \/>\n<meta property=\"og:site_name\" content=\"RioOnWatch\" \/>\n<meta property=\"article:published_time\" content=\"2016-09-02T13:59:50+00:00\" \/>\n<meta property=\"article:modified_time\" content=\"2024-06-20T19:25:45+00:00\" \/>\n<meta property=\"og:image\" content=\"https:\/\/rioonwatch.org.br\/wp-content\/uploads\/2016\/09\/0Latuff.jpg\" \/>\n\t<meta property=\"og:image:width\" content=\"672\" \/>\n\t<meta property=\"og:image:height\" content=\"336\" \/>\n\t<meta property=\"og:image:type\" content=\"image\/jpeg\" \/>\n<meta name=\"author\" content=\"Admin\" \/>\n<meta name=\"twitter:card\" content=\"summary_large_image\" \/>\n<meta name=\"twitter:label1\" content=\"Escrito por\" \/>\n\t<meta name=\"twitter:data1\" content=\"Admin\" \/>\n\t<meta name=\"twitter:label2\" content=\"Est. tempo de leitura\" \/>\n\t<meta name=\"twitter:data2\" content=\"12 minutos\" \/>\n<script type=\"application\/ld+json\" class=\"yoast-schema-graph\">{\"@context\":\"https:\/\/schema.org\",\"@graph\":[{\"@type\":\"Article\",\"@id\":\"https:\/\/rioonwatch.org.br\/?p=22011#article\",\"isPartOf\":{\"@id\":\"https:\/\/rioonwatch.org.br\/?p=22011\"},\"author\":{\"name\":\"Admin\",\"@id\":\"https:\/\/rioonwatch.org.br\/#\/schema\/person\/11d64c290506f9df50c71b850c473f68\"},\"headline\":\"Moradores de Favelas Denunciam nas Redes Sociais o N\u00famero de Mortes dos Jogos Ol\u00edmpicos\",\"datePublished\":\"2016-09-02T13:59:50+00:00\",\"dateModified\":\"2024-06-20T19:25:45+00:00\",\"mainEntityOfPage\":{\"@id\":\"https:\/\/rioonwatch.org.br\/?p=22011\"},\"wordCount\":2345,\"publisher\":{\"@id\":\"https:\/\/rioonwatch.org.br\/#organization\"},\"image\":{\"@id\":\"https:\/\/rioonwatch.org.br\/?p=22011#primaryimage\"},\"thumbnailUrl\":\"https:\/\/rioonwatch.org.br\/wp-content\/uploads\/2016\/09\/0Latuff.jpg\",\"keywords\":[\"#OQueDizemAsRedes\",\"Acari\",\"BOPE\",\"Borel\",\"Cantagalo\",\"Cidade de Deus\",\"Complexo da Mar\u00e9\",\"Complexo do Alem\u00e3o\",\"Direitos Humanos\",\"Instituto Papo Reto\",\"Manguinhos\",\"Megaeventos\",\"m\u00eddia social\",\"Olimp\u00edadas\",\"pol\u00edcia\",\"Pol\u00edcia Militar\",\"seguran\u00e7a\",\"seguran\u00e7a p\u00fablica\",\"Tropa de Choque\",\"Vila do Jo\u00e3o\",\"viola\u00e7\u00f5es\",\"viol\u00eancia policial\",\"Zona Norte\",\"Zona Oeste\",\"Zona Sul\"],\"articleSection\":[\"#Rio2016\",\"*Destaque\",\"Den\u00fancias\",\"Escrito por Aliados\",\"Seguran\u00e7a P\u00fablica\"],\"inLanguage\":\"pt-BR\"},{\"@type\":\"WebPage\",\"@id\":\"https:\/\/rioonwatch.org.br\/?p=22011\",\"url\":\"https:\/\/rioonwatch.org.br\/?p=22011\",\"name\":\"Moradores de Favelas Denunciam nas Redes Sociais o N\u00famero de Mortes dos Jogos Ol\u00edmpicos - RioOnWatch\",\"isPartOf\":{\"@id\":\"https:\/\/rioonwatch.org.br\/#website\"},\"primaryImageOfPage\":{\"@id\":\"https:\/\/rioonwatch.org.br\/?p=22011#primaryimage\"},\"image\":{\"@id\":\"https:\/\/rioonwatch.org.br\/?p=22011#primaryimage\"},\"thumbnailUrl\":\"https:\/\/rioonwatch.org.br\/wp-content\/uploads\/2016\/09\/0Latuff.jpg\",\"datePublished\":\"2016-09-02T13:59:50+00:00\",\"dateModified\":\"2024-06-20T19:25:45+00:00\",\"breadcrumb\":{\"@id\":\"https:\/\/rioonwatch.org.br\/?p=22011#breadcrumb\"},\"inLanguage\":\"pt-BR\",\"potentialAction\":[{\"@type\":\"ReadAction\",\"target\":[\"https:\/\/rioonwatch.org.br\/?p=22011\"]}]},{\"@type\":\"ImageObject\",\"inLanguage\":\"pt-BR\",\"@id\":\"https:\/\/rioonwatch.org.br\/?p=22011#primaryimage\",\"url\":\"https:\/\/rioonwatch.org.br\/wp-content\/uploads\/2016\/09\/0Latuff.jpg\",\"contentUrl\":\"https:\/\/rioonwatch.org.br\/wp-content\/uploads\/2016\/09\/0Latuff.jpg\",\"width\":672,\"height\":336,\"caption\":\"\\\"Acabaram o ouro, prata e bronze, mas o chumbo continua\\\"! Cartoon por Carlos Henrique Latuff\"},{\"@type\":\"BreadcrumbList\",\"@id\":\"https:\/\/rioonwatch.org.br\/?p=22011#breadcrumb\",\"itemListElement\":[{\"@type\":\"ListItem\",\"position\":1,\"name\":\"In\u00edcio\",\"item\":\"https:\/\/rioonwatch.org.br\/\"},{\"@type\":\"ListItem\",\"position\":2,\"name\":\"Moradores de Favelas Denunciam nas Redes Sociais o N\u00famero de Mortes dos Jogos Ol\u00edmpicos\"}]},{\"@type\":\"WebSite\",\"@id\":\"https:\/\/rioonwatch.org.br\/#website\",\"url\":\"https:\/\/rioonwatch.org.br\/\",\"name\":\"RioOnWatch\",\"description\":\"relatos das favelas cariocas\",\"publisher\":{\"@id\":\"https:\/\/rioonwatch.org.br\/#organization\"},\"potentialAction\":[{\"@type\":\"SearchAction\",\"target\":{\"@type\":\"EntryPoint\",\"urlTemplate\":\"https:\/\/rioonwatch.org.br\/?s={search_term_string}\"},\"query-input\":{\"@type\":\"PropertyValueSpecification\",\"valueRequired\":true,\"valueName\":\"search_term_string\"}}],\"inLanguage\":\"pt-BR\"},{\"@type\":\"Organization\",\"@id\":\"https:\/\/rioonwatch.org.br\/#organization\",\"name\":\"RioOnWatch\",\"url\":\"https:\/\/rioonwatch.org.br\/\",\"logo\":{\"@type\":\"ImageObject\",\"inLanguage\":\"pt-BR\",\"@id\":\"https:\/\/rioonwatch.org.br\/#\/schema\/logo\/image\/\",\"url\":\"https:\/\/rioonwatch.org.br\/wp-content\/uploads\/2021\/06\/RioOnWatchcabecalhoPT11anos-2.png\",\"contentUrl\":\"https:\/\/rioonwatch.org.br\/wp-content\/uploads\/2021\/06\/RioOnWatchcabecalhoPT11anos-2.png\",\"width\":779,\"height\":277,\"caption\":\"RioOnWatch\"},\"image\":{\"@id\":\"https:\/\/rioonwatch.org.br\/#\/schema\/logo\/image\/\"}},{\"@type\":\"Person\",\"@id\":\"https:\/\/rioonwatch.org.br\/#\/schema\/person\/11d64c290506f9df50c71b850c473f68\",\"name\":\"Admin\",\"image\":{\"@type\":\"ImageObject\",\"inLanguage\":\"pt-BR\",\"@id\":\"https:\/\/rioonwatch.org.br\/#\/schema\/person\/image\/\",\"url\":\"https:\/\/secure.gravatar.com\/avatar\/56211ac74568383903349a1485e3c325?s=96&d=blank&r=g\",\"contentUrl\":\"https:\/\/secure.gravatar.com\/avatar\/56211ac74568383903349a1485e3c325?s=96&d=blank&r=g\",\"caption\":\"Admin\"},\"url\":\"https:\/\/rioonwatch.org.br\/?author=129\"}]}<\/script>\n<!-- \/ Yoast SEO plugin. -->","yoast_head_json":{"title":"Moradores de Favelas Denunciam nas Redes Sociais o N\u00famero de Mortes dos Jogos Ol\u00edmpicos - RioOnWatch","robots":{"index":"index","follow":"follow","max-snippet":"max-snippet:-1","max-image-preview":"max-image-preview:large","max-video-preview":"max-video-preview:-1"},"canonical":"https:\/\/rioonwatch.org.br\/?p=22011","og_locale":"pt_BR","og_type":"article","og_title":"Moradores de Favelas Denunciam nas Redes Sociais o N\u00famero de Mortes dos Jogos Ol\u00edmpicos - RioOnWatch","og_description":"Click Here for English Entre\u00a05 e 21 de agosto, ao longo dos Jogos Ol\u00edmpicos, 92 tiroteios aconteceram no Rio, deixando pelo menos 31 mortos e 51 feridos por causa de conflitos armados, de acordo com [...]","og_url":"https:\/\/rioonwatch.org.br\/?p=22011","og_site_name":"RioOnWatch","article_published_time":"2016-09-02T13:59:50+00:00","article_modified_time":"2024-06-20T19:25:45+00:00","og_image":[{"width":672,"height":336,"url":"https:\/\/rioonwatch.org.br\/wp-content\/uploads\/2016\/09\/0Latuff.jpg","type":"image\/jpeg"}],"author":"Admin","twitter_card":"summary_large_image","twitter_misc":{"Escrito por":"Admin","Est. tempo de leitura":"12 minutos"},"schema":{"@context":"https:\/\/schema.org","@graph":[{"@type":"Article","@id":"https:\/\/rioonwatch.org.br\/?p=22011#article","isPartOf":{"@id":"https:\/\/rioonwatch.org.br\/?p=22011"},"author":{"name":"Admin","@id":"https:\/\/rioonwatch.org.br\/#\/schema\/person\/11d64c290506f9df50c71b850c473f68"},"headline":"Moradores de Favelas Denunciam nas Redes Sociais o N\u00famero de Mortes dos Jogos Ol\u00edmpicos","datePublished":"2016-09-02T13:59:50+00:00","dateModified":"2024-06-20T19:25:45+00:00","mainEntityOfPage":{"@id":"https:\/\/rioonwatch.org.br\/?p=22011"},"wordCount":2345,"publisher":{"@id":"https:\/\/rioonwatch.org.br\/#organization"},"image":{"@id":"https:\/\/rioonwatch.org.br\/?p=22011#primaryimage"},"thumbnailUrl":"https:\/\/rioonwatch.org.br\/wp-content\/uploads\/2016\/09\/0Latuff.jpg","keywords":["#OQueDizemAsRedes","Acari","BOPE","Borel","Cantagalo","Cidade de Deus","Complexo da Mar\u00e9","Complexo do Alem\u00e3o","Direitos Humanos","Instituto Papo Reto","Manguinhos","Megaeventos","m\u00eddia social","Olimp\u00edadas","pol\u00edcia","Pol\u00edcia Militar","seguran\u00e7a","seguran\u00e7a p\u00fablica","Tropa de Choque","Vila do Jo\u00e3o","viola\u00e7\u00f5es","viol\u00eancia policial","Zona Norte","Zona Oeste","Zona Sul"],"articleSection":["#Rio2016","*Destaque","Den\u00fancias","Escrito por Aliados","Seguran\u00e7a P\u00fablica"],"inLanguage":"pt-BR"},{"@type":"WebPage","@id":"https:\/\/rioonwatch.org.br\/?p=22011","url":"https:\/\/rioonwatch.org.br\/?p=22011","name":"Moradores de Favelas Denunciam nas Redes Sociais o N\u00famero de Mortes dos Jogos Ol\u00edmpicos - RioOnWatch","isPartOf":{"@id":"https:\/\/rioonwatch.org.br\/#website"},"primaryImageOfPage":{"@id":"https:\/\/rioonwatch.org.br\/?p=22011#primaryimage"},"image":{"@id":"https:\/\/rioonwatch.org.br\/?p=22011#primaryimage"},"thumbnailUrl":"https:\/\/rioonwatch.org.br\/wp-content\/uploads\/2016\/09\/0Latuff.jpg","datePublished":"2016-09-02T13:59:50+00:00","dateModified":"2024-06-20T19:25:45+00:00","breadcrumb":{"@id":"https:\/\/rioonwatch.org.br\/?p=22011#breadcrumb"},"inLanguage":"pt-BR","potentialAction":[{"@type":"ReadAction","target":["https:\/\/rioonwatch.org.br\/?p=22011"]}]},{"@type":"ImageObject","inLanguage":"pt-BR","@id":"https:\/\/rioonwatch.org.br\/?p=22011#primaryimage","url":"https:\/\/rioonwatch.org.br\/wp-content\/uploads\/2016\/09\/0Latuff.jpg","contentUrl":"https:\/\/rioonwatch.org.br\/wp-content\/uploads\/2016\/09\/0Latuff.jpg","width":672,"height":336,"caption":"\"Acabaram o ouro, prata e bronze, mas o chumbo continua\"! Cartoon por Carlos Henrique Latuff"},{"@type":"BreadcrumbList","@id":"https:\/\/rioonwatch.org.br\/?p=22011#breadcrumb","itemListElement":[{"@type":"ListItem","position":1,"name":"In\u00edcio","item":"https:\/\/rioonwatch.org.br\/"},{"@type":"ListItem","position":2,"name":"Moradores de Favelas Denunciam nas Redes Sociais o N\u00famero de Mortes dos Jogos Ol\u00edmpicos"}]},{"@type":"WebSite","@id":"https:\/\/rioonwatch.org.br\/#website","url":"https:\/\/rioonwatch.org.br\/","name":"RioOnWatch","description":"relatos das favelas cariocas","publisher":{"@id":"https:\/\/rioonwatch.org.br\/#organization"},"potentialAction":[{"@type":"SearchAction","target":{"@type":"EntryPoint","urlTemplate":"https:\/\/rioonwatch.org.br\/?s={search_term_string}"},"query-input":{"@type":"PropertyValueSpecification","valueRequired":true,"valueName":"search_term_string"}}],"inLanguage":"pt-BR"},{"@type":"Organization","@id":"https:\/\/rioonwatch.org.br\/#organization","name":"RioOnWatch","url":"https:\/\/rioonwatch.org.br\/","logo":{"@type":"ImageObject","inLanguage":"pt-BR","@id":"https:\/\/rioonwatch.org.br\/#\/schema\/logo\/image\/","url":"https:\/\/rioonwatch.org.br\/wp-content\/uploads\/2021\/06\/RioOnWatchcabecalhoPT11anos-2.png","contentUrl":"https:\/\/rioonwatch.org.br\/wp-content\/uploads\/2021\/06\/RioOnWatchcabecalhoPT11anos-2.png","width":779,"height":277,"caption":"RioOnWatch"},"image":{"@id":"https:\/\/rioonwatch.org.br\/#\/schema\/logo\/image\/"}},{"@type":"Person","@id":"https:\/\/rioonwatch.org.br\/#\/schema\/person\/11d64c290506f9df50c71b850c473f68","name":"Admin","image":{"@type":"ImageObject","inLanguage":"pt-BR","@id":"https:\/\/rioonwatch.org.br\/#\/schema\/person\/image\/","url":"https:\/\/secure.gravatar.com\/avatar\/56211ac74568383903349a1485e3c325?s=96&d=blank&r=g","contentUrl":"https:\/\/secure.gravatar.com\/avatar\/56211ac74568383903349a1485e3c325?s=96&d=blank&r=g","caption":"Admin"},"url":"https:\/\/rioonwatch.org.br\/?author=129"}]}},"_links":{"self":[{"href":"https:\/\/rioonwatch.org.br\/index.php?rest_route=\/wp\/v2\/posts\/22011"}],"collection":[{"href":"https:\/\/rioonwatch.org.br\/index.php?rest_route=\/wp\/v2\/posts"}],"about":[{"href":"https:\/\/rioonwatch.org.br\/index.php?rest_route=\/wp\/v2\/types\/post"}],"author":[{"embeddable":true,"href":"https:\/\/rioonwatch.org.br\/index.php?rest_route=\/wp\/v2\/users\/129"}],"replies":[{"embeddable":true,"href":"https:\/\/rioonwatch.org.br\/index.php?rest_route=%2Fwp%2Fv2%2Fcomments&post=22011"}],"version-history":[{"count":15,"href":"https:\/\/rioonwatch.org.br\/index.php?rest_route=\/wp\/v2\/posts\/22011\/revisions"}],"predecessor-version":[{"id":50844,"href":"https:\/\/rioonwatch.org.br\/index.php?rest_route=\/wp\/v2\/posts\/22011\/revisions\/50844"}],"wp:featuredmedia":[{"embeddable":true,"href":"https:\/\/rioonwatch.org.br\/index.php?rest_route=\/wp\/v2\/media\/22033"}],"wp:attachment":[{"href":"https:\/\/rioonwatch.org.br\/index.php?rest_route=%2Fwp%2Fv2%2Fmedia&parent=22011"}],"wp:term":[{"taxonomy":"category","embeddable":true,"href":"https:\/\/rioonwatch.org.br\/index.php?rest_route=%2Fwp%2Fv2%2Fcategories&post=22011"},{"taxonomy":"post_tag","embeddable":true,"href":"https:\/\/rioonwatch.org.br\/index.php?rest_route=%2Fwp%2Fv2%2Ftags&post=22011"},{"taxonomy":"writer","embeddable":true,"href":"https:\/\/rioonwatch.org.br\/index.php?rest_route=%2Fwp%2Fv2%2Fwriter&post=22011"},{"taxonomy":"translator","embeddable":true,"href":"https:\/\/rioonwatch.org.br\/index.php?rest_route=%2Fwp%2Fv2%2Ftranslator&post=22011"},{"taxonomy":"source","embeddable":true,"href":"https:\/\/rioonwatch.org.br\/index.php?rest_route=%2Fwp%2Fv2%2Fsource&post=22011"},{"taxonomy":"ilustrador","embeddable":true,"href":"https:\/\/rioonwatch.org.br\/index.php?rest_route=%2Fwp%2Fv2%2Filustrador&post=22011"},{"taxonomy":"fotografo","embeddable":true,"href":"https:\/\/rioonwatch.org.br\/index.php?rest_route=%2Fwp%2Fv2%2Ffotografo&post=22011"}],"curies":[{"name":"wp","href":"https:\/\/api.w.org\/{rel}","templated":true}]}}