{"id":22094,"date":"2016-09-07T10:33:58","date_gmt":"2016-09-07T13:33:58","guid":{"rendered":"http:\/\/rioonwatch.org.br\/?p=22094"},"modified":"2017-09-02T13:57:44","modified_gmt":"2017-09-02T16:57:44","slug":"the-global-summit-cariocas-em-busca-de-acoes-colaborativas","status":"publish","type":"post","link":"https:\/\/rioonwatch.org.br\/?p=22094","title":{"rendered":"The Global Summit: Cariocas em Busca de A\u00e7\u00f5es Colaborativas"},"content":{"rendered":"<p style=\"text-align: right;\"><em><strong><a href=\"http:\/\/bit.ly\/2cgRYk2\" target=\"_blank\">Click Here for English<img decoding=\"async\" width=\"20\" height=\"20\" class=\"alignright wp-image-15790\" src=\"http:\/\/rioonwatch.org.br\/wp-content\/uploads\/2012\/08\/EN-standard-e1439583104716.jpg\" alt=\"\" \/><\/a><\/strong><\/em><\/p>\n<p>Durante os dias 23 a 30 de agosto, o Rio de Janeiro recebeu um evento internacional, <a href=\"http:\/\/bit.ly\/2bEkQjx\" target=\"_blank\">The Global Summit &#8211; V F\u00f3rum de Inova\u00e7\u00e3o Social<\/a>, realizado no Museu de Ci\u00eancias da Terra na Urca. <a href=\"http:\/\/bit.ly\/2c4tf0w\" target=\"_blank\">O encontro buscou<\/a> dar voz a uma grande diversidade de pessoas e organiza\u00e7\u00f5es&#8211;em torno de 150&#8211;que trabalham pela constru\u00e7\u00e3o de um mundo <a href=\"http:\/\/bit.ly\/1v5zfI2\" target=\"_blank\">mais sustent\u00e1vel<\/a>. Sua quinta edi\u00e7\u00e3o, realizada p\u00f3s-<a href=\"http:\/\/bit.ly\/PkLXlQ\" target=\"_blank\">Olimp\u00edadas<\/a>, chamou\u00a0aten\u00e7\u00e3o para a cria\u00e7\u00e3o de um novo paradigma para neg\u00f3cios sustent\u00e1veis, cidades pr\u00f3speras, educa\u00e7\u00e3o para todos, e sa\u00fade integral&#8211;os quatro temas do evento&#8211;com base no impacto social e a\u00e7\u00f5es sociais colaborativas.<\/p>\n<p><a href=\"http:\/\/rioonwatch.org.br\/wp-content\/uploads\/2016\/09\/trama.jpg\"><img fetchpriority=\"high\" decoding=\"async\" class=\"aligncenter wp-image-22147 size-medium\" title=\"Grupo Cidades Pr\u00f3speras durante din\u00e2mica de aproxima\u00e7\u00e3o do primeiro dia\" src=\"http:\/\/rioonwatch.org.br\/wp-content\/uploads\/2016\/09\/trama-620x348.jpg\" alt=\"Grupo Cidades Pr\u00f3speras durante din\u00e2mica de aproxima\u00e7\u00e3o do primeiro dia\" width=\"620\" height=\"348\" srcset=\"https:\/\/rioonwatch.org.br\/wp-content\/uploads\/2016\/09\/trama-620x348.jpg 620w, https:\/\/rioonwatch.org.br\/wp-content\/uploads\/2016\/09\/trama-470x264.jpg 470w, https:\/\/rioonwatch.org.br\/wp-content\/uploads\/2016\/09\/trama-768x431.jpg 768w, https:\/\/rioonwatch.org.br\/wp-content\/uploads\/2016\/09\/trama-1024x575.jpg 1024w, https:\/\/rioonwatch.org.br\/wp-content\/uploads\/2016\/09\/trama-580x326.jpg 580w, https:\/\/rioonwatch.org.br\/wp-content\/uploads\/2016\/09\/trama-174x98.jpg 174w, https:\/\/rioonwatch.org.br\/wp-content\/uploads\/2016\/09\/trama.jpg 2048w\" sizes=\"(max-width: 620px) 100vw, 620px\" \/><\/a><\/p>\n<p>O evento serviu tamb\u00e9m como uma capacita\u00e7\u00e3o, com as <a href=\"http:\/\/bit.ly\/2c4xidv\" target=\"_blank\">&#8220;sete etapas para a sustentabilidade&#8221;<\/a> apresentadas por facilitadores volunt\u00e1rios bem treinados e dedicados, com base\u00a0na proposta da <a href=\"http:\/\/bit.ly\/2bTxg9v\" target=\"_blank\">co-cria\u00e7\u00e3o<\/a>,\u00a0uma forma de conduzir a\u00e7\u00f5es pr\u00e1ticas otimizando os recursos e conhecimentos compartilhados entre os participantes. O objetivo nesse caso \u00e9 tornar os territ\u00f3rios lugares sustent\u00e1veis em diversos \u00e2mbitos, inclusive reconhecendo que cada pessoa \u00e9 um agente transformador, e quando trabalhamos juntos, muito mais\u00a0\u00e9 poss\u00edvel.<\/p>\n<p><a href=\"http:\/\/rioonwatch.org.br\/wp-content\/uploads\/2016\/09\/Mesa-habita\u00e7\u00e3o.jpg\"><img decoding=\"async\" class=\"aligncenter wp-image-22143 size-medium\" title=\"Em\u00edlia Souza da comunidade do Horto apresenta na plen\u00e1ria sobre Habita\u00e7\u00e3o no Rio P\u00f3s-Olimp\u00edadas\" src=\"http:\/\/rioonwatch.org.br\/wp-content\/uploads\/2016\/09\/Mesa-habita\u00e7\u00e3o-620x348.jpg\" alt=\"Em\u00edlia Souza da comunidade do Horto apresenta na plen\u00e1ria sobre Habita\u00e7\u00e3o no Rio P\u00f3s-Olimp\u00edadas\" width=\"620\" height=\"348\" \/><\/a><\/p>\n<p>Durante as manh\u00e3s dos dias 24-26 de agosto haviam plen\u00e1rias com mesas de debate sobre Habita\u00e7\u00e3o no Rio P\u00f3s-Ol\u00edmpico, que contou com a presen\u00e7a de Sandra Maria da <a href=\"http:\/\/bit.ly\/Nfddvg\" target=\"_blank\">Vila Aut\u00f3dromo<\/a>, Em\u00edlia Souza do <a href=\"http:\/\/bit.ly\/11b2TzL\" target=\"_blank\">Horto<\/a>, Theresa Williamson da <a href=\"http:\/\/bit.ly\/1aIQgif\" target=\"_blank\">Comunidades Catalisadoras<\/a> e Tain\u00e1 Cardoso\u00a0do <a href=\"http:\/\/bit.ly\/2cjUPta\" target=\"_blank\">TETO<\/a>; Transpar\u00eancia nos Meios de Comunica\u00e7\u00e3o com <a href=\"http:\/\/bit.ly\/2chqk8j\" target=\"_blank\">David Miranda<\/a>; e <a href=\"http:\/\/bit.ly\/2bSN9Qc\" target=\"_blank\">Comunica\u00e7\u00e3o N\u00e3o Violenta<\/a>\u00a0com <a href=\"http:\/\/bit.ly\/2csz2g3\" target=\"_blank\">Dominic Barter<\/a>.<\/p>\n<p><a href=\"http:\/\/rioonwatch.org.br\/wp-content\/uploads\/2016\/09\/David-Miranda.jpg\"><img loading=\"lazy\" decoding=\"async\" class=\"aligncenter wp-image-22149 size-medium\" title=\"David Miranda apresenta\" src=\"http:\/\/rioonwatch.org.br\/wp-content\/uploads\/2016\/09\/David-Miranda-620x348.jpg\" alt=\"David Miranda apresenta\" width=\"620\" height=\"348\" srcset=\"https:\/\/rioonwatch.org.br\/wp-content\/uploads\/2016\/09\/David-Miranda-620x348.jpg 620w, https:\/\/rioonwatch.org.br\/wp-content\/uploads\/2016\/09\/David-Miranda-470x264.jpg 470w, https:\/\/rioonwatch.org.br\/wp-content\/uploads\/2016\/09\/David-Miranda-768x431.jpg 768w, https:\/\/rioonwatch.org.br\/wp-content\/uploads\/2016\/09\/David-Miranda-1024x575.jpg 1024w, https:\/\/rioonwatch.org.br\/wp-content\/uploads\/2016\/09\/David-Miranda-580x326.jpg 580w, https:\/\/rioonwatch.org.br\/wp-content\/uploads\/2016\/09\/David-Miranda-174x98.jpg 174w, https:\/\/rioonwatch.org.br\/wp-content\/uploads\/2016\/09\/David-Miranda.jpg 2048w\" sizes=\"(max-width: 620px) 100vw, 620px\" \/><\/a><\/p>\n<p>Durante a tarde, quatro grandes grupos se organizaram em torno dos temas:\u00a0Cidades Pr\u00f3speras, Sa\u00fade Integral, Educa\u00e7\u00e3o para Todos e Economia do Clima. Cada grupo realizava a capacita\u00e7\u00e3o\u00a0de co-cria\u00e7\u00e3o e ouviam <a href=\"http:\/\/bit.ly\/2bEkQjx\" target=\"_blank\">apresenta\u00e7\u00f5es de pessoas<\/a>, &#8220;vozes&#8221; na nomenclatura do The Global Summit,\u00a0que j\u00e1 desenvolviam iniciativas em cada \u00e1rea.<\/p>\n<p>O grupo Cidades Pr\u00f3speras, por exemplo, chegou de forma org\u00e2nica \u00e0 conclus\u00e3o un\u00e2nime do objetivo de\u00a0incentivar uma <a href=\"http:\/\/bit.ly\/14P8gmB\" target=\"_blank\">participa\u00e7\u00e3o colaborativa<\/a> cidad\u00e3 na cidade, como um movimento que contemple a maioria, estimulando as pessoas a interagir com a cidade e ressignificar o espa\u00e7o urbano. O grupo foi composto de cidad\u00e3os que tamb\u00e9m representam uma grande variedade de iniciativas s\u00f3cio-ambientais no Rio e al\u00e9m, inclusive o jornal comunit\u00e1rio da Cidade de Deus\u00a0<a href=\"http:\/\/bit.ly\/2bXKO6A\" target=\"_blank\">CDD Acontece<\/a>, <a href=\"http:\/\/bit.ly\/2chvlO3\" target=\"_blank\">Gaia Jovem<\/a>, <a href=\"http:\/\/bit.ly\/2coBpBH\" target=\"_blank\">Morada da Floresta<\/a>, <a href=\"http:\/\/bit.ly\/2bSZC0c\" target=\"_blank\">Projeto Ruas<\/a>, <a href=\"http:\/\/bit.ly\/2c8c6ld\" target=\"_blank\">Conectando Territ\u00f3rios<\/a>, entre outros.<\/p>\n<p>No primeiro dia desse grupo foram ouvidas vozes de l\u00edderes locais como a de Ot\u00e1vio Barros, l\u00edder comunit\u00e1rio do <a href=\"http:\/\/bit.ly\/1qm7REb\" target=\"_blank\">Vale Encantado<\/a> que <a href=\"http:\/\/bit.ly\/1IJxsBN\" target=\"_blank\">desenvolve iniciativas sustent\u00e1veis<\/a>, como t\u00e9cnicas de <a href=\"http:\/\/bit.ly\/1Hawg6U\" target=\"_blank\">tratamento de esgoto<\/a>\u00a0atrav\u00e9s de\u00a0<a href=\"http:\/\/bit.ly\/2bPSTVX\" target=\"_blank\">biodigestores<\/a>, e pain\u00e9is solares, estando em comunica\u00e7\u00e3o com moradores de dentro e de fora da comunidade.<\/p>\n<p><a href=\"http:\/\/rioonwatch.org.br\/wp-content\/uploads\/2016\/09\/7-passos-para-a-sustentabilidade.jpg\"><img loading=\"lazy\" decoding=\"async\" class=\"aligncenter wp-image-22148 size-medium\" title=\"Capacita\u00e7\u00e3o do 2o dos 7 passos para a sustentabilidade ensinados no The Global Summit\" src=\"http:\/\/rioonwatch.org.br\/wp-content\/uploads\/2016\/09\/7-passos-para-a-sustentabilidade-620x348.jpg\" alt=\"Capacita\u00e7\u00e3o do 2o dos 7 passos para a sustentabilidade ensinados no The Global Summit\" width=\"620\" height=\"348\" srcset=\"https:\/\/rioonwatch.org.br\/wp-content\/uploads\/2016\/09\/7-passos-para-a-sustentabilidade-620x348.jpg 620w, https:\/\/rioonwatch.org.br\/wp-content\/uploads\/2016\/09\/7-passos-para-a-sustentabilidade-470x264.jpg 470w, https:\/\/rioonwatch.org.br\/wp-content\/uploads\/2016\/09\/7-passos-para-a-sustentabilidade-768x431.jpg 768w, https:\/\/rioonwatch.org.br\/wp-content\/uploads\/2016\/09\/7-passos-para-a-sustentabilidade-1024x575.jpg 1024w, https:\/\/rioonwatch.org.br\/wp-content\/uploads\/2016\/09\/7-passos-para-a-sustentabilidade-580x326.jpg 580w, https:\/\/rioonwatch.org.br\/wp-content\/uploads\/2016\/09\/7-passos-para-a-sustentabilidade-174x98.jpg 174w, https:\/\/rioonwatch.org.br\/wp-content\/uploads\/2016\/09\/7-passos-para-a-sustentabilidade.jpg 2048w\" sizes=\"(max-width: 620px) 100vw, 620px\" \/><\/a><\/p>\n<p>No segundo dia Adilson Almeida, presidente da <a href=\"http:\/\/bit.ly\/29Rg1Xk\" target=\"_blank\">Associa\u00e7\u00e3o Cultural do Quilombo Camorim<\/a>, localizado dentro do <a href=\"http:\/\/bit.ly\/17oBBb2\" target=\"_blank\">Maci\u00e7o da Pedra Branca<\/a>, a\u00a0maior floresta urbana do mundo, falou sobre desafios que a comunidade enfrenta para manter suas tradi\u00e7\u00f5es e cultura viva. Os moradores fazem recupera\u00e7\u00e3o de \u00e1reas degradadas por obras militares, possuem um <a href=\"http:\/\/bit.ly\/29HflyR\" target=\"_blank\">projeto de guias da natureza<\/a> formando monitores para trabalharem com turismo, al\u00e9m de desenvolverem artesanato a base de material reciclado e reaproveitamento do \u00f3leo de cozinha.<\/p>\n<p>Esse <a href=\"http:\/\/bit.ly\/1ykJIW4\" target=\"_blank\">quilombo<\/a> \u00e9 um dos mais antigos do Brasil, e foi reconhecido em 2014 pela <a href=\"http:\/\/bit.ly\/1lvai9x\" target=\"_blank\">Funda\u00e7\u00e3o Palmares<\/a>. O territ\u00f3rio quilombola foi invadido por uma construtora que <a href=\"http:\/\/bit.ly\/29KAfxF\" target=\"_blank\">construiu a Vila da M\u00eddia<\/a> para as Olimp\u00edadas, degradando um espa\u00e7o que corresponde a cinco campos de futebol de Mata Atl\u00e2ntica. Nesse espa\u00e7o seria constru\u00eddo um centro de refer\u00eancia cultural da comunidade.<\/p>\n<p><a href=\"http:\/\/rioonwatch.org.br\/wp-content\/uploads\/2016\/09\/Irenaldo-apresentando.jpg\"><img loading=\"lazy\" decoding=\"async\" class=\"aligncenter wp-image-22146 size-medium\" title=\"Irenaldo apresentando situa\u00e7\u00e3o da comunidade Pica-Pau ao grupo\" src=\"http:\/\/rioonwatch.org.br\/wp-content\/uploads\/2016\/09\/Irenaldo-apresentando-620x348.jpg\" alt=\"Irenaldo apresentando situa\u00e7\u00e3o da comunidade Pica-Pau ao grupo\" width=\"620\" height=\"348\" srcset=\"https:\/\/rioonwatch.org.br\/wp-content\/uploads\/2016\/09\/Irenaldo-apresentando-620x348.jpg 620w, https:\/\/rioonwatch.org.br\/wp-content\/uploads\/2016\/09\/Irenaldo-apresentando-470x264.jpg 470w, https:\/\/rioonwatch.org.br\/wp-content\/uploads\/2016\/09\/Irenaldo-apresentando-768x431.jpg 768w, https:\/\/rioonwatch.org.br\/wp-content\/uploads\/2016\/09\/Irenaldo-apresentando-1024x575.jpg 1024w, https:\/\/rioonwatch.org.br\/wp-content\/uploads\/2016\/09\/Irenaldo-apresentando-580x326.jpg 580w, https:\/\/rioonwatch.org.br\/wp-content\/uploads\/2016\/09\/Irenaldo-apresentando-174x98.jpg 174w, https:\/\/rioonwatch.org.br\/wp-content\/uploads\/2016\/09\/Irenaldo-apresentando.jpg 2048w\" sizes=\"(max-width: 620px) 100vw, 620px\" \/><\/a><\/p>\n<p>Irenaldo Hon\u00f3rio da Silva, presidente da Associa\u00e7\u00e3o de Moradores de <a href=\"http:\/\/bit.ly\/Z0e2US\" target=\"_blank\">Pica-Pau<\/a>, localizada em <a href=\"http:\/\/bit.ly\/1SBPBmR\" target=\"_blank\">Cordovil<\/a>, apresentou os grandes desafios que a comunidade enfrenta pela <a href=\"http:\/\/bit.ly\/1K8LVUg\" target=\"_blank\">pouca assist\u00eancia p\u00fablica<\/a>. A favela enfrenta\u00a0<a href=\"http:\/\/bit.ly\/1NzuogA\" target=\"_blank\">problemas urgentes de infraestrutura como sistema de saneamento<\/a>, onde muitas casas n\u00e3o est\u00e3o conectadas com sistema de \u00e1gua. Esse problema afeta a sa\u00fade da comunidade, pois a \u00e1gua n\u00e3o \u00e9 tratada. Irenaldo falou sobre a situa\u00e7\u00e3o urgente de crian\u00e7as e jovens da comunidade que ficam abandonados e n\u00e3o est\u00e3o na escola.<\/p>\n<p><a href=\"http:\/\/rioonwatch.org.br\/wp-content\/uploads\/2016\/09\/Otavio-Gaia-e-outros.jpg\"><img loading=\"lazy\" decoding=\"async\" class=\"aligncenter wp-image-22145 size-medium\" title=\"Grupo de co-cria\u00e7\u00e3o de Cidades Pr\u00f3speras\" src=\"http:\/\/rioonwatch.org.br\/wp-content\/uploads\/2016\/09\/Otavio-Gaia-e-outros-620x348.jpg\" alt=\"Grupo de co-cria\u00e7\u00e3o de Cidades Pr\u00f3speras\" width=\"620\" height=\"348\" srcset=\"https:\/\/rioonwatch.org.br\/wp-content\/uploads\/2016\/09\/Otavio-Gaia-e-outros-620x348.jpg 620w, https:\/\/rioonwatch.org.br\/wp-content\/uploads\/2016\/09\/Otavio-Gaia-e-outros-470x264.jpg 470w, https:\/\/rioonwatch.org.br\/wp-content\/uploads\/2016\/09\/Otavio-Gaia-e-outros-768x431.jpg 768w, https:\/\/rioonwatch.org.br\/wp-content\/uploads\/2016\/09\/Otavio-Gaia-e-outros-1024x575.jpg 1024w, https:\/\/rioonwatch.org.br\/wp-content\/uploads\/2016\/09\/Otavio-Gaia-e-outros-580x326.jpg 580w, https:\/\/rioonwatch.org.br\/wp-content\/uploads\/2016\/09\/Otavio-Gaia-e-outros-174x98.jpg 174w, https:\/\/rioonwatch.org.br\/wp-content\/uploads\/2016\/09\/Otavio-Gaia-e-outros.jpg 2048w\" sizes=\"(max-width: 620px) 100vw, 620px\" \/><\/a><\/p>\n<p>A partir do relato de Irenaldo foi sugerido que a\u00e7\u00f5es colaborativas fossem feitas no Pica-Pau\u00a0como forma de criar uma metodologia que poder\u00e1 servir para outras comunidades no futuro. Um processo de a\u00e7\u00f5es sociais de co-cria\u00e7\u00e3o junto a comunidade ser\u00e1 realizado junto ao grupo Cidades Pr\u00f3speras.<\/p>\n<p>Durante o final de semana dos dias 27 e 28 de agosto foi realizado um hackathon no <a href=\"http:\/\/bit.ly\/2cobWXH\" target=\"_blank\">Rio Criativo<\/a>, onde os quatro\u00a0grupos se reuniram para detalhar\u00a0os planos para suas\u00a0a\u00e7\u00f5es colaborativas e para\u00a0criarem um grupo do <a href=\"http:\/\/bit.ly\/2bXFEHA\" target=\"_blank\">The Global Summit no Brasil<\/a>.<\/p>\n<p>Finalmente, o evento terminou no dia 30 com a\u00a0apresenta\u00e7\u00e3o no Museu de Ci\u00eancias da Terra dos projetos desenvolvidos por cada grupo, inclusive o\u00a0da\u00a0Cidades Pr\u00f3speras, cuja <a href=\"http:\/\/bit.ly\/2bXFzUt\" target=\"_blank\">primeira\u00a0a\u00e7\u00e3o junto\u00a0\u00e0 comunidade do Pica-Pau ficou marcada para o dia 3 de dezembro<\/a>, com o objetivo de fazer um levantamento das demandas dos moradores, capacita\u00e7\u00e3o e engajamento comunit\u00e1rio.<\/p>\n<p><a href=\"http:\/\/rioonwatch.org.br\/wp-content\/uploads\/2016\/09\/Grupo-Cidades-Pr\u00f3speras.jpg\"><img loading=\"lazy\" decoding=\"async\" class=\"aligncenter wp-image-22144 size-medium\" title=\"Grupo Cidades Pr\u00f3speras\" src=\"http:\/\/rioonwatch.org.br\/wp-content\/uploads\/2016\/09\/Grupo-Cidades-Pr\u00f3speras-620x348.jpg\" alt=\"Grupo Cidades Pr\u00f3speras\" width=\"620\" height=\"348\" \/><\/a><\/p>\n<!-- AddThis Advanced Settings generic via filter on the_content --><!-- AddThis Share Buttons generic via filter on the_content -->","protected":false},"excerpt":{"rendered":"<div class=\"mh-excerpt\"><p>Click Here for English Durante os dias 23 a 30 de agosto, o Rio de Janeiro recebeu um evento internacional, The Global Summit &#8211; V F\u00f3rum de Inova\u00e7\u00e3o Social, realizado no Museu de Ci\u00eancias da <a class=\"mh-excerpt-more\" href=\"https:\/\/rioonwatch.org.br\/?p=22094\" title=\"The Global Summit: Cariocas em Busca de A\u00e7\u00f5es Colaborativas\">[&#8230;]<\/a><!-- AddThis Advanced Settings generic via filter on get_the_excerpt --><!-- AddThis Share Buttons generic via filter on get_the_excerpt --><\/p>\n<\/div>","protected":false},"author":129,"featured_media":22150,"comment_status":"closed","ping_status":"closed","sticky":false,"template":"","format":"standard","meta":{"_acf_changed":false,"_monsterinsights_skip_tracking":false,"_monsterinsights_sitenote_active":false,"_monsterinsights_sitenote_note":"","_monsterinsights_sitenote_category":0,"footnotes":""},"categories":[1618,1857,1627,1388,1612,342,1639],"tags":[1446,832,1096,733,1151,1304,276,1957,304,426,1740,380,1347,404,1308,305,820,55],"writer":[1650],"translator":[],"source":[],"ilustrador":[],"fotografo":[],"class_list":{"0":"post-22094","1":"post","2":"type-post","3":"status-publish","4":"format-standard","5":"has-post-thumbnail","7":"category-olhonaparticipacao","8":"category-olhonaurbanizacao","9":"category-relato-de-evento","10":"category-formas-de-apoiar","11":"category-sociedade-civil","12":"category-solucoes","13":"category-sustentabilidade","14":"tag-capacitacao","15":"tag-cidadania","16":"tag-favela-como-modelo-sustentavel","17":"tag-horto","18":"tag-organizacao","19":"tag-organizacao-criativa","20":"tag-mutirao","21":"tag-nao-violencia","22":"tag-participacao","23":"tag-pica-pau","24":"tag-quilombo-do-camorim","25":"tag-solidariedade","26":"tag-solucao","27":"tag-sustentabilidade","28":"tag-taticas-de-organizacao","29":"tag-transparencia","30":"tag-vale-encantado","31":"tag-vila-autodromo","32":"writer-thais-rosa-pinheiro"},"acf":[],"yoast_head":"<!-- This site is optimized with the Yoast SEO plugin v25.6 - https:\/\/yoast.com\/wordpress\/plugins\/seo\/ -->\n<title>The Global Summit: Cariocas em Busca de A\u00e7\u00f5es Colaborativas - RioOnWatch<\/title>\n<meta name=\"robots\" content=\"index, follow, max-snippet:-1, max-image-preview:large, max-video-preview:-1\" \/>\n<link rel=\"canonical\" href=\"https:\/\/rioonwatch.org.br\/?p=22094\" \/>\n<meta property=\"og:locale\" content=\"pt_BR\" \/>\n<meta property=\"og:type\" content=\"article\" \/>\n<meta property=\"og:title\" content=\"The Global Summit: Cariocas em Busca de A\u00e7\u00f5es Colaborativas - RioOnWatch\" \/>\n<meta property=\"og:description\" content=\"Click Here for English Durante os dias 23 a 30 de agosto, o Rio de Janeiro recebeu um evento internacional, The Global Summit &#8211; V F\u00f3rum de Inova\u00e7\u00e3o Social, realizado no Museu de Ci\u00eancias da [...]\" \/>\n<meta property=\"og:url\" content=\"https:\/\/rioonwatch.org.br\/?p=22094\" \/>\n<meta property=\"og:site_name\" content=\"RioOnWatch\" \/>\n<meta property=\"article:published_time\" content=\"2016-09-07T13:33:58+00:00\" \/>\n<meta property=\"article:modified_time\" content=\"2017-09-02T16:57:44+00:00\" \/>\n<meta property=\"og:image\" content=\"https:\/\/rioonwatch.org.br\/wp-content\/uploads\/2016\/09\/Sau\u0301de-integral.jpg\" \/>\n\t<meta property=\"og:image:width\" content=\"2048\" \/>\n\t<meta property=\"og:image:height\" content=\"1150\" \/>\n\t<meta property=\"og:image:type\" content=\"image\/jpeg\" \/>\n<meta name=\"author\" content=\"Admin\" \/>\n<meta name=\"twitter:card\" content=\"summary_large_image\" \/>\n<meta name=\"twitter:label1\" content=\"Escrito por\" \/>\n\t<meta name=\"twitter:data1\" content=\"Admin\" \/>\n\t<meta name=\"twitter:label2\" content=\"Est. tempo de leitura\" \/>\n\t<meta name=\"twitter:data2\" content=\"4 minutos\" \/>\n<script type=\"application\/ld+json\" class=\"yoast-schema-graph\">{\"@context\":\"https:\/\/schema.org\",\"@graph\":[{\"@type\":\"Article\",\"@id\":\"https:\/\/rioonwatch.org.br\/?p=22094#article\",\"isPartOf\":{\"@id\":\"https:\/\/rioonwatch.org.br\/?p=22094\"},\"author\":{\"name\":\"Admin\",\"@id\":\"https:\/\/rioonwatch.org.br\/#\/schema\/person\/11d64c290506f9df50c71b850c473f68\"},\"headline\":\"The Global Summit: Cariocas em Busca de A\u00e7\u00f5es Colaborativas\",\"datePublished\":\"2016-09-07T13:33:58+00:00\",\"dateModified\":\"2017-09-02T16:57:44+00:00\",\"mainEntityOfPage\":{\"@id\":\"https:\/\/rioonwatch.org.br\/?p=22094\"},\"wordCount\":873,\"publisher\":{\"@id\":\"https:\/\/rioonwatch.org.br\/#organization\"},\"image\":{\"@id\":\"https:\/\/rioonwatch.org.br\/?p=22094#primaryimage\"},\"thumbnailUrl\":\"https:\/\/rioonwatch.org.br\/wp-content\/uploads\/2016\/09\/Sau\u0301de-integral.jpg\",\"keywords\":[\"capacita\u00e7\u00e3o\",\"cidadania\",\"Favela Como Modelo Sustent\u00e1vel\",\"Horto\",\"mobiliza\u00e7\u00e3o\",\"mobiliza\u00e7\u00e3o criativa\",\"mutir\u00e3o\",\"n\u00e3o-viol\u00eancia\",\"participa\u00e7\u00e3o\",\"Pica-Pau\",\"Quilombo do Camorim\",\"solidariedade\",\"solu\u00e7\u00e3o\",\"sustentabilidade\",\"t\u00e1ticas de organiza\u00e7\u00e3o\",\"transpar\u00eancia\",\"Vale Encantado\",\"Vila Aut\u00f3dromo\"],\"articleSection\":[\"#OlhoNaParticipa\u00e7\u00e3o\",\"#OlhoNaUrbaniza\u00e7\u00e3o\",\"Cobertura de Eventos\",\"Formas de Apoiar\",\"Sociedade Civil\",\"Solu\u00e7\u00f5es\",\"Sustentabilidade\"],\"inLanguage\":\"pt-BR\"},{\"@type\":\"WebPage\",\"@id\":\"https:\/\/rioonwatch.org.br\/?p=22094\",\"url\":\"https:\/\/rioonwatch.org.br\/?p=22094\",\"name\":\"The Global Summit: Cariocas em Busca de A\u00e7\u00f5es Colaborativas - RioOnWatch\",\"isPartOf\":{\"@id\":\"https:\/\/rioonwatch.org.br\/#website\"},\"primaryImageOfPage\":{\"@id\":\"https:\/\/rioonwatch.org.br\/?p=22094#primaryimage\"},\"image\":{\"@id\":\"https:\/\/rioonwatch.org.br\/?p=22094#primaryimage\"},\"thumbnailUrl\":\"https:\/\/rioonwatch.org.br\/wp-content\/uploads\/2016\/09\/Sau\u0301de-integral.jpg\",\"datePublished\":\"2016-09-07T13:33:58+00:00\",\"dateModified\":\"2017-09-02T16:57:44+00:00\",\"breadcrumb\":{\"@id\":\"https:\/\/rioonwatch.org.br\/?p=22094#breadcrumb\"},\"inLanguage\":\"pt-BR\",\"potentialAction\":[{\"@type\":\"ReadAction\",\"target\":[\"https:\/\/rioonwatch.org.br\/?p=22094\"]}]},{\"@type\":\"ImageObject\",\"inLanguage\":\"pt-BR\",\"@id\":\"https:\/\/rioonwatch.org.br\/?p=22094#primaryimage\",\"url\":\"https:\/\/rioonwatch.org.br\/wp-content\/uploads\/2016\/09\/Sau\u0301de-integral.jpg\",\"contentUrl\":\"https:\/\/rioonwatch.org.br\/wp-content\/uploads\/2016\/09\/Sau\u0301de-integral.jpg\",\"width\":2048,\"height\":1150,\"caption\":\"Grupo da Sa\u00fade Integral apresenta seus resultados no \u00faltimo dia\"},{\"@type\":\"BreadcrumbList\",\"@id\":\"https:\/\/rioonwatch.org.br\/?p=22094#breadcrumb\",\"itemListElement\":[{\"@type\":\"ListItem\",\"position\":1,\"name\":\"In\u00edcio\",\"item\":\"https:\/\/rioonwatch.org.br\/\"},{\"@type\":\"ListItem\",\"position\":2,\"name\":\"The Global Summit: Cariocas em Busca de A\u00e7\u00f5es Colaborativas\"}]},{\"@type\":\"WebSite\",\"@id\":\"https:\/\/rioonwatch.org.br\/#website\",\"url\":\"https:\/\/rioonwatch.org.br\/\",\"name\":\"RioOnWatch\",\"description\":\"relatos das favelas cariocas\",\"publisher\":{\"@id\":\"https:\/\/rioonwatch.org.br\/#organization\"},\"potentialAction\":[{\"@type\":\"SearchAction\",\"target\":{\"@type\":\"EntryPoint\",\"urlTemplate\":\"https:\/\/rioonwatch.org.br\/?s={search_term_string}\"},\"query-input\":{\"@type\":\"PropertyValueSpecification\",\"valueRequired\":true,\"valueName\":\"search_term_string\"}}],\"inLanguage\":\"pt-BR\"},{\"@type\":\"Organization\",\"@id\":\"https:\/\/rioonwatch.org.br\/#organization\",\"name\":\"RioOnWatch\",\"url\":\"https:\/\/rioonwatch.org.br\/\",\"logo\":{\"@type\":\"ImageObject\",\"inLanguage\":\"pt-BR\",\"@id\":\"https:\/\/rioonwatch.org.br\/#\/schema\/logo\/image\/\",\"url\":\"https:\/\/rioonwatch.org.br\/wp-content\/uploads\/2021\/06\/RioOnWatchcabecalhoPT11anos-2.png\",\"contentUrl\":\"https:\/\/rioonwatch.org.br\/wp-content\/uploads\/2021\/06\/RioOnWatchcabecalhoPT11anos-2.png\",\"width\":779,\"height\":277,\"caption\":\"RioOnWatch\"},\"image\":{\"@id\":\"https:\/\/rioonwatch.org.br\/#\/schema\/logo\/image\/\"}},{\"@type\":\"Person\",\"@id\":\"https:\/\/rioonwatch.org.br\/#\/schema\/person\/11d64c290506f9df50c71b850c473f68\",\"name\":\"Admin\",\"image\":{\"@type\":\"ImageObject\",\"inLanguage\":\"pt-BR\",\"@id\":\"https:\/\/rioonwatch.org.br\/#\/schema\/person\/image\/\",\"url\":\"https:\/\/secure.gravatar.com\/avatar\/56211ac74568383903349a1485e3c325?s=96&d=blank&r=g\",\"contentUrl\":\"https:\/\/secure.gravatar.com\/avatar\/56211ac74568383903349a1485e3c325?s=96&d=blank&r=g\",\"caption\":\"Admin\"},\"url\":\"https:\/\/rioonwatch.org.br\/?author=129\"}]}<\/script>\n<!-- \/ Yoast SEO plugin. -->","yoast_head_json":{"title":"The Global Summit: Cariocas em Busca de A\u00e7\u00f5es Colaborativas - RioOnWatch","robots":{"index":"index","follow":"follow","max-snippet":"max-snippet:-1","max-image-preview":"max-image-preview:large","max-video-preview":"max-video-preview:-1"},"canonical":"https:\/\/rioonwatch.org.br\/?p=22094","og_locale":"pt_BR","og_type":"article","og_title":"The Global Summit: Cariocas em Busca de A\u00e7\u00f5es Colaborativas - RioOnWatch","og_description":"Click Here for English Durante os dias 23 a 30 de agosto, o Rio de Janeiro recebeu um evento internacional, The Global Summit &#8211; V F\u00f3rum de Inova\u00e7\u00e3o Social, realizado no Museu de Ci\u00eancias da [...]","og_url":"https:\/\/rioonwatch.org.br\/?p=22094","og_site_name":"RioOnWatch","article_published_time":"2016-09-07T13:33:58+00:00","article_modified_time":"2017-09-02T16:57:44+00:00","og_image":[{"width":2048,"height":1150,"url":"https:\/\/rioonwatch.org.br\/wp-content\/uploads\/2016\/09\/Sau\u0301de-integral.jpg","type":"image\/jpeg"}],"author":"Admin","twitter_card":"summary_large_image","twitter_misc":{"Escrito por":"Admin","Est. tempo de leitura":"4 minutos"},"schema":{"@context":"https:\/\/schema.org","@graph":[{"@type":"Article","@id":"https:\/\/rioonwatch.org.br\/?p=22094#article","isPartOf":{"@id":"https:\/\/rioonwatch.org.br\/?p=22094"},"author":{"name":"Admin","@id":"https:\/\/rioonwatch.org.br\/#\/schema\/person\/11d64c290506f9df50c71b850c473f68"},"headline":"The Global Summit: Cariocas em Busca de A\u00e7\u00f5es Colaborativas","datePublished":"2016-09-07T13:33:58+00:00","dateModified":"2017-09-02T16:57:44+00:00","mainEntityOfPage":{"@id":"https:\/\/rioonwatch.org.br\/?p=22094"},"wordCount":873,"publisher":{"@id":"https:\/\/rioonwatch.org.br\/#organization"},"image":{"@id":"https:\/\/rioonwatch.org.br\/?p=22094#primaryimage"},"thumbnailUrl":"https:\/\/rioonwatch.org.br\/wp-content\/uploads\/2016\/09\/Sau\u0301de-integral.jpg","keywords":["capacita\u00e7\u00e3o","cidadania","Favela Como Modelo Sustent\u00e1vel","Horto","mobiliza\u00e7\u00e3o","mobiliza\u00e7\u00e3o criativa","mutir\u00e3o","n\u00e3o-viol\u00eancia","participa\u00e7\u00e3o","Pica-Pau","Quilombo do Camorim","solidariedade","solu\u00e7\u00e3o","sustentabilidade","t\u00e1ticas de organiza\u00e7\u00e3o","transpar\u00eancia","Vale Encantado","Vila Aut\u00f3dromo"],"articleSection":["#OlhoNaParticipa\u00e7\u00e3o","#OlhoNaUrbaniza\u00e7\u00e3o","Cobertura de Eventos","Formas de Apoiar","Sociedade Civil","Solu\u00e7\u00f5es","Sustentabilidade"],"inLanguage":"pt-BR"},{"@type":"WebPage","@id":"https:\/\/rioonwatch.org.br\/?p=22094","url":"https:\/\/rioonwatch.org.br\/?p=22094","name":"The Global Summit: Cariocas em Busca de A\u00e7\u00f5es Colaborativas - RioOnWatch","isPartOf":{"@id":"https:\/\/rioonwatch.org.br\/#website"},"primaryImageOfPage":{"@id":"https:\/\/rioonwatch.org.br\/?p=22094#primaryimage"},"image":{"@id":"https:\/\/rioonwatch.org.br\/?p=22094#primaryimage"},"thumbnailUrl":"https:\/\/rioonwatch.org.br\/wp-content\/uploads\/2016\/09\/Sau\u0301de-integral.jpg","datePublished":"2016-09-07T13:33:58+00:00","dateModified":"2017-09-02T16:57:44+00:00","breadcrumb":{"@id":"https:\/\/rioonwatch.org.br\/?p=22094#breadcrumb"},"inLanguage":"pt-BR","potentialAction":[{"@type":"ReadAction","target":["https:\/\/rioonwatch.org.br\/?p=22094"]}]},{"@type":"ImageObject","inLanguage":"pt-BR","@id":"https:\/\/rioonwatch.org.br\/?p=22094#primaryimage","url":"https:\/\/rioonwatch.org.br\/wp-content\/uploads\/2016\/09\/Sau\u0301de-integral.jpg","contentUrl":"https:\/\/rioonwatch.org.br\/wp-content\/uploads\/2016\/09\/Sau\u0301de-integral.jpg","width":2048,"height":1150,"caption":"Grupo da Sa\u00fade Integral apresenta seus resultados no \u00faltimo dia"},{"@type":"BreadcrumbList","@id":"https:\/\/rioonwatch.org.br\/?p=22094#breadcrumb","itemListElement":[{"@type":"ListItem","position":1,"name":"In\u00edcio","item":"https:\/\/rioonwatch.org.br\/"},{"@type":"ListItem","position":2,"name":"The Global Summit: Cariocas em Busca de A\u00e7\u00f5es Colaborativas"}]},{"@type":"WebSite","@id":"https:\/\/rioonwatch.org.br\/#website","url":"https:\/\/rioonwatch.org.br\/","name":"RioOnWatch","description":"relatos das favelas cariocas","publisher":{"@id":"https:\/\/rioonwatch.org.br\/#organization"},"potentialAction":[{"@type":"SearchAction","target":{"@type":"EntryPoint","urlTemplate":"https:\/\/rioonwatch.org.br\/?s={search_term_string}"},"query-input":{"@type":"PropertyValueSpecification","valueRequired":true,"valueName":"search_term_string"}}],"inLanguage":"pt-BR"},{"@type":"Organization","@id":"https:\/\/rioonwatch.org.br\/#organization","name":"RioOnWatch","url":"https:\/\/rioonwatch.org.br\/","logo":{"@type":"ImageObject","inLanguage":"pt-BR","@id":"https:\/\/rioonwatch.org.br\/#\/schema\/logo\/image\/","url":"https:\/\/rioonwatch.org.br\/wp-content\/uploads\/2021\/06\/RioOnWatchcabecalhoPT11anos-2.png","contentUrl":"https:\/\/rioonwatch.org.br\/wp-content\/uploads\/2021\/06\/RioOnWatchcabecalhoPT11anos-2.png","width":779,"height":277,"caption":"RioOnWatch"},"image":{"@id":"https:\/\/rioonwatch.org.br\/#\/schema\/logo\/image\/"}},{"@type":"Person","@id":"https:\/\/rioonwatch.org.br\/#\/schema\/person\/11d64c290506f9df50c71b850c473f68","name":"Admin","image":{"@type":"ImageObject","inLanguage":"pt-BR","@id":"https:\/\/rioonwatch.org.br\/#\/schema\/person\/image\/","url":"https:\/\/secure.gravatar.com\/avatar\/56211ac74568383903349a1485e3c325?s=96&d=blank&r=g","contentUrl":"https:\/\/secure.gravatar.com\/avatar\/56211ac74568383903349a1485e3c325?s=96&d=blank&r=g","caption":"Admin"},"url":"https:\/\/rioonwatch.org.br\/?author=129"}]}},"_links":{"self":[{"href":"https:\/\/rioonwatch.org.br\/index.php?rest_route=\/wp\/v2\/posts\/22094"}],"collection":[{"href":"https:\/\/rioonwatch.org.br\/index.php?rest_route=\/wp\/v2\/posts"}],"about":[{"href":"https:\/\/rioonwatch.org.br\/index.php?rest_route=\/wp\/v2\/types\/post"}],"author":[{"embeddable":true,"href":"https:\/\/rioonwatch.org.br\/index.php?rest_route=\/wp\/v2\/users\/129"}],"replies":[{"embeddable":true,"href":"https:\/\/rioonwatch.org.br\/index.php?rest_route=%2Fwp%2Fv2%2Fcomments&post=22094"}],"version-history":[{"count":19,"href":"https:\/\/rioonwatch.org.br\/index.php?rest_route=\/wp\/v2\/posts\/22094\/revisions"}],"predecessor-version":[{"id":22222,"href":"https:\/\/rioonwatch.org.br\/index.php?rest_route=\/wp\/v2\/posts\/22094\/revisions\/22222"}],"wp:featuredmedia":[{"embeddable":true,"href":"https:\/\/rioonwatch.org.br\/index.php?rest_route=\/wp\/v2\/media\/22150"}],"wp:attachment":[{"href":"https:\/\/rioonwatch.org.br\/index.php?rest_route=%2Fwp%2Fv2%2Fmedia&parent=22094"}],"wp:term":[{"taxonomy":"category","embeddable":true,"href":"https:\/\/rioonwatch.org.br\/index.php?rest_route=%2Fwp%2Fv2%2Fcategories&post=22094"},{"taxonomy":"post_tag","embeddable":true,"href":"https:\/\/rioonwatch.org.br\/index.php?rest_route=%2Fwp%2Fv2%2Ftags&post=22094"},{"taxonomy":"writer","embeddable":true,"href":"https:\/\/rioonwatch.org.br\/index.php?rest_route=%2Fwp%2Fv2%2Fwriter&post=22094"},{"taxonomy":"translator","embeddable":true,"href":"https:\/\/rioonwatch.org.br\/index.php?rest_route=%2Fwp%2Fv2%2Ftranslator&post=22094"},{"taxonomy":"source","embeddable":true,"href":"https:\/\/rioonwatch.org.br\/index.php?rest_route=%2Fwp%2Fv2%2Fsource&post=22094"},{"taxonomy":"ilustrador","embeddable":true,"href":"https:\/\/rioonwatch.org.br\/index.php?rest_route=%2Fwp%2Fv2%2Filustrador&post=22094"},{"taxonomy":"fotografo","embeddable":true,"href":"https:\/\/rioonwatch.org.br\/index.php?rest_route=%2Fwp%2Fv2%2Ffotografo&post=22094"}],"curies":[{"name":"wp","href":"https:\/\/api.w.org\/{rel}","templated":true}]}}