{"id":22110,"date":"2016-09-08T11:28:26","date_gmt":"2016-09-08T14:28:26","guid":{"rendered":"http:\/\/rioonwatch.org.br\/?p=22110"},"modified":"2024-06-20T16:25:44","modified_gmt":"2024-06-20T19:25:44","slug":"certificamos-a-realidade-que-eles-omitem-jornalistas-de-favelas-falam-no-primeiro-congresso-de-comunicacao-comunitaria","status":"publish","type":"post","link":"https:\/\/rioonwatch.org.br\/?p=22110","title":{"rendered":"&#8220;Certificamos a Realidade que Eles Omitem\u201d: Jornalistas de Favelas Falam no Primeiro Congresso de Comunica\u00e7\u00e3o Comunit\u00e1ria"},"content":{"rendered":"<p style=\"text-align: right;\"><em><strong><a href=\"http:\/\/bit.ly\/2bBTtsx\" target=\"_blank\" rel=\"noopener\">Click Here for English<img decoding=\"async\" width=\"20\" height=\"20\" class=\"alignright wp-image-15790\" src=\"http:\/\/rioonwatch.org.br\/wp-content\/uploads\/2012\/08\/EN-standard-e1439583104716.jpg\" alt=\"\" \/><\/a><\/strong><\/em><\/p>\n<p><span style=\"font-weight: 400;\">No dia 27 de agosto, jornalistas, estudantes e membros de organiza\u00e7\u00f5es de <\/span><span style=\"font-weight: 400;\"><a href=\"http:\/\/bit.ly\/1jEgxaJ\" target=\"_blank\" rel=\"noopener\">m\u00eddia comunit\u00e1ria<\/a>\u00a0<\/span><span style=\"font-weight: 400;\">do Rio se reuniram no <\/span><a href=\"http:\/\/bit.ly\/1qhz1JJ\" target=\"_blank\" rel=\"noopener\"><span style=\"font-weight: 400;\">Museu da Mar\u00e9<\/span><\/a><span style=\"font-weight: 400;\"> para debater o <\/span><a href=\"http:\/\/bit.ly\/29maOVY\" target=\"_blank\" rel=\"noopener\"><span style=\"font-weight: 400;\">papel da m\u00eddia comunit\u00e1ria do Rio<\/span><\/a><span style=\"font-weight: 400;\"> no primeiro Congresso de Comunica\u00e7\u00e3o Comunit\u00e1ria.<\/span><\/p>\n<p><span style=\"font-weight: 400;\">O Congresso foi organizado pelos jornalistas do\u00a0<\/span><a href=\"http:\/\/bit.ly\/2c6eb1y\" target=\"_blank\" rel=\"noopener\"><i><span style=\"font-weight: 400;\">O Cidad\u00e3o<\/span><\/i><\/a><span style=\"font-weight: 400;\">, um jornal sediado no <\/span><a href=\"http:\/\/bit.ly\/10BvARw\" target=\"_blank\" rel=\"noopener\"><span style=\"font-weight: 400;\">Complexo da Mar\u00e9<\/span><\/a><span style=\"font-weight: 400;\"> na <\/span><a href=\"http:\/\/bit.ly\/WximDf\" target=\"_blank\" rel=\"noopener\"><span style=\"font-weight: 400;\">Zona Norte<\/span><\/a><span style=\"font-weight: 400;\">. Um p\u00fablico de 45 pessoas assistiu a discuss\u00e3o sobre t\u00f3picos que inclu\u00edam a defini\u00e7\u00e3o de comunica\u00e7\u00e3o comunit\u00e1ria; m\u00eddia comunit\u00e1ria versus <\/span><span style=\"font-weight: 400;\"><a href=\"http:\/\/bit.ly\/1VVj5Ae\" target=\"_blank\" rel=\"noopener\">m\u00eddia de massa<\/a>;<\/span><span style=\"font-weight: 400;\">\u00a0a import\u00e2ncia de dar apoio a idealizadores e artistas locais; pr\u00e1ticas e desafios de produ\u00e7\u00e3o e se a objetividade \u00e9 poss\u00edvel, ou mesmo desej\u00e1vel, para os jornalistas comunit\u00e1rios.<\/span><\/p>\n<p><span style=\"font-weight: 400;\">O evento teve o apoio da Secretaria Municipal de Cultura, do <\/span><a href=\"http:\/\/bit.ly\/1SdJOVx\"><span style=\"font-weight: 400;\">Centro de Estudos de A\u00e7\u00f5es Solid\u00e1rias da Mar\u00e9<\/span><\/a><span style=\"font-weight: 400;\"> (CEASM), do <\/span><a href=\"http:\/\/bit.ly\/265Z9zU\"><span style=\"font-weight: 400;\">Museu da Mar\u00e9<\/span><\/a><span style=\"font-weight: 400;\"> e do <\/span><span style=\"font-weight: 400;\"><a href=\"http:\/\/bit.ly\/2bEKDZS\">N\u00facleo Piratininga de Comunica\u00e7\u00e3o<\/a>\u00a0<\/span><span style=\"font-weight: 400;\">(NPC)&#8211;uma ONG que d\u00e1 apoio a iniciativas de comunica\u00e7\u00e3o dentro dos <\/span><span style=\"font-weight: 400;\"><a href=\"http:\/\/bit.ly\/1XjdXct\" target=\"_blank\" rel=\"noopener\">movimentos sociais<\/a>,\u00a0<\/span><span style=\"font-weight: 400;\">sindicatos e outros coletivos.<\/span><\/p>\n<p><span style=\"font-weight: 400;\">De <\/span><a href=\"http:\/\/bit.ly\/2bwvpZJ\"><span style=\"font-weight: 400;\">acordo com os organizadores<\/span><\/a><span style=\"font-weight: 400;\">, o Congresso foi inspirado nas quest\u00f5es levantadas por membros da comunidade em resposta \u00e0 d\u00e9cada passada de <\/span><a href=\"http:\/\/bit.ly\/1uZ9w6o\" target=\"_blank\" rel=\"noopener\"><span style=\"font-weight: 400;\">megaeventos<\/span><\/a><span style=\"font-weight: 400;\"> no Rio, que culminou com as <\/span><a href=\"http:\/\/bit.ly\/PkLXlQ\" target=\"_blank\" rel=\"noopener\"><span style=\"font-weight: 400;\">Olimp\u00edadas<\/span><\/a><span style=\"font-weight: 400;\">, e a repress\u00e3o correspondente aos moradores de favelas e tamb\u00e9m a\u00a0<\/span><a href=\"http:\/\/bit.ly\/1GKmOXR\" target=\"_blank\" rel=\"noopener\"><span style=\"font-weight: 400;\">censura aos ve\u00edculos de m\u00eddia comunit\u00e1ria<\/span><\/a><span style=\"font-weight: 400;\">.<\/span><\/p>\n<p><span style=\"font-weight: 400;\">A abrang\u00eancia dos temas abertos para discuss\u00e3o incluiu formas de fortalecer a identidade da favela dentro da cidade, combater a <\/span><a href=\"http:\/\/bit.ly\/2buISj2\" target=\"_blank\" rel=\"noopener\"><span style=\"font-weight: 400;\">criminaliza\u00e7\u00e3o<\/span><\/a><span style=\"font-weight: 400;\"> da favela e de seus moradores na m\u00eddia, trazer mais informa\u00e7\u00e3o \u00fatil a um p\u00fablico maior, promover e dar apoio aos artistas locais atrav\u00e9s da comunica\u00e7\u00e3o comunit\u00e1ria e alavancar as m\u00eddias comunit\u00e1rias para expressar e refletir os interesses dos moradores das favelas no contexto p\u00f3s-Ol\u00edmpico e do ano de <\/span><a href=\"http:\/\/bit.ly\/2bWzzve\" target=\"_blank\" rel=\"noopener\"><span style=\"font-weight: 400;\">elei\u00e7\u00f5es municipais<\/span><\/a><span style=\"font-weight: 400;\">.<\/span><\/p>\n<p><a href=\"http:\/\/rioonwatch.org.br\/wp-content\/uploads\/2016\/09\/IMG_3938-e1472535512439.jpg\"><img fetchpriority=\"high\" decoding=\"async\" class=\"aligncenter wp-image-22117 size-content\" title=\"Exemplares do Cidad\u00e3o. Foto por Natalie Southwick\" src=\"http:\/\/rioonwatch.org.br\/wp-content\/uploads\/2016\/09\/IMG_3938-e1472535512439-620x264.jpg\" alt=\"IMG_3938-e1472535512439\" width=\"620\" height=\"264\" srcset=\"https:\/\/rioonwatch.org.br\/wp-content\/uploads\/2016\/09\/IMG_3938-e1472535512439-620x264.jpg 620w, https:\/\/rioonwatch.org.br\/wp-content\/uploads\/2016\/09\/IMG_3938-e1472535512439-940x400.jpg 940w\" sizes=\"(max-width: 620px) 100vw, 620px\" \/><\/a><\/p>\n<h3><strong>A m\u00eddia comunit\u00e1ria e os megaeventos<\/strong><\/h3>\n<p><span style=\"font-weight: 400;\">Os participantes abordaram estas quest\u00f5es complexas numa s\u00e9rie de tr\u00eas pain\u00e9is. O primeiro, dedicado \u00e0s m\u00eddias comunit\u00e1rias e aos megaeventos, contou com a presen\u00e7a de <\/span><a href=\"http:\/\/bit.ly\/24KePW5\" target=\"_blank\" rel=\"noopener\"><span style=\"font-weight: 400;\">Gizele Martins<\/span><\/a><span style=\"font-weight: 400;\">, moradora da Mar\u00e9 e jornalista do\u00a0<\/span><i><span style=\"font-weight: 400;\">O Cidad\u00e3o<\/span><\/i><span style=\"font-weight: 400;\">.<\/span><\/p>\n<p><span style=\"font-weight: 400;\">Gizele Martins falou de alguns dos desafios enfrentados pelos meios de comunica\u00e7\u00e3o nas favelas, incluindo o poder da grande m\u00eddia e da sociedade que <\/span><a href=\"http:\/\/bit.ly\/2bPdAC4\" target=\"_blank\" rel=\"noopener\"><span style=\"font-weight: 400;\">marginalizam e estigmatizam seus\u00a0moradores<\/span><\/a><span style=\"font-weight: 400;\">, <\/span><span style=\"font-weight: 400;\"><a href=\"http:\/\/bit.ly\/P4itK0\" target=\"_blank\" rel=\"noopener\">contribuindo para estereotipar<\/a><\/span><span style=\"font-weight: 400;\">\u00a0moradores de favela como \u201ccriminosos, violentos, marginais&#8221;. \u00a0Ela criticou tamb\u00e9m o fato da <\/span><a href=\"http:\/\/bit.ly\/1VQ2Nqq\" target=\"_blank\" rel=\"noopener\"><span style=\"font-weight: 400;\">grande m\u00eddia brasileira ser dominada<\/span><\/a><span style=\"font-weight: 400;\"> por apenas algumas fam\u00edlias abastadas.<\/span><\/p>\n<p><span style=\"font-weight: 400;\">Gizele Martins apresentou a m\u00eddia comunit\u00e1ria como um modo de fazer um contraste vital \u00e0s imagens e ideias racistas e discriminat\u00f3rias espalhadas pelos meios de comunica\u00e7\u00e3o comerciais.<\/span><\/p>\n<p><span style=\"font-weight: 400;\">\u201cA gente est\u00e1 falando da nossa identidade,\u201d disse. \u201c\u00c9 muito importante que a gente seja uma fonte de informa\u00e7\u00e3o, para cada um de n\u00f3s e para os moradores das favelas. A gente precisa se auto-organizar, criar alternativas, criar nas favelas cada vez mais uma rede de comunica\u00e7\u00e3o comunit\u00e1ria. Comunica\u00e7\u00e3o comunit\u00e1ria \u00e9 uma forma de mobiliza\u00e7\u00e3o, principalmente do pensamento&#8221;.<\/span><\/p>\n<p><a href=\"http:\/\/rioonwatch.org.br\/wp-content\/uploads\/2016\/09\/IMG_3931-e1472535501905.jpg\"><img decoding=\"async\" class=\"aligncenter wp-image-22118 size-content\" title=\"Jornalistas do O Cidad\u00e3o abrem o primeiro Congresso de Comunica\u00e7\u00e3o Comunit\u00e1ria. Foto por Natalie Southwick\" src=\"http:\/\/rioonwatch.org.br\/wp-content\/uploads\/2016\/09\/IMG_3931-e1472535501905-620x264.jpg\" alt=\"IMG_3931-e1472535501905\" width=\"620\" height=\"264\" srcset=\"https:\/\/rioonwatch.org.br\/wp-content\/uploads\/2016\/09\/IMG_3931-e1472535501905-620x264.jpg 620w, https:\/\/rioonwatch.org.br\/wp-content\/uploads\/2016\/09\/IMG_3931-e1472535501905-940x400.jpg 940w\" sizes=\"(max-width: 620px) 100vw, 620px\" \/><\/a><\/p>\n<p><span style=\"font-weight: 400;\">Gizele Martins tamb\u00e9m chamou a aten\u00e7\u00e3o para o importante papel da m\u00eddia independente em chamar a aten\u00e7\u00e3o para t\u00f3picos e hist\u00f3rias que raramente aparecem na grande m\u00eddia, atrav\u00e9s de canais nas comunidades como por exemplo a p\u00e1gina <\/span><a href=\"http:\/\/on.fb.me\/1Lc8azX\" target=\"_blank\" rel=\"noopener\"><span style=\"font-weight: 400;\">Mar\u00e9 Vive<\/span><\/a><span style=\"font-weight: 400;\"> no Facebook.<\/span><\/p>\n<p>&#8220;Se a gente n\u00e3o tivesse Mar\u00e9 Vive, ningu\u00e9m saberia <span style=\"font-weight: 400;\"><a href=\"http:\/\/bit.ly\/2aegnWH\" target=\"_blank\" rel=\"noopener\">das pessoas mortas<\/a>\u00a0<\/span>na Mar\u00e9 durante os megaeventos&#8221;, ela disse.\u00a0&#8220;Quem vai falar do <a href=\"http:\/\/bit.ly\/29GfPqt\" target=\"_blank\" rel=\"noopener\"><span style=\"font-weight: 400;\">genoc\u00eddio da popula\u00e7\u00e3o negra<\/span><\/a>, a n\u00e3o ser a gente?<span style=\"font-weight: 400;\">\u201d<\/span><\/p>\n<h3><strong>Desafios para a m\u00eddia comunit\u00e1ria<\/strong><\/h3>\n<p><span style=\"font-weight: 400;\">O segundo painel, sobre desafios que a m\u00eddia comunit\u00e1ria enfrenta, inclu\u00edam Silvia da Costa, colunista do <\/span><a href=\"http:\/\/bit.ly\/2by2u2z\"><i><span style=\"font-weight: 400;\">Jornal Abaixo Assinado de Jacarepagu\u00e1<\/span><\/i><\/a><span style=\"font-weight: 400;\">; Wladimir Aguiar, jornalista da<\/span> <a href=\"http:\/\/bit.ly\/2bAwyuy\"><i><span style=\"font-weight: 400;\">R\u00e1dio Mar\u00e9<\/span><\/i><\/a><span style=\"font-weight: 400;\">; e dois representantes do coletivo de cinema de rua independente <\/span><a href=\"http:\/\/bit.ly\/295k7tW\"><i><span style=\"font-weight: 400;\">TV Tagarela<\/span><\/i><\/a><span style=\"font-weight: 400;\">, na <\/span><a href=\"http:\/\/bit.ly\/16w2zz1\" target=\"_blank\" rel=\"noopener\"><span style=\"font-weight: 400;\">Rocinha<\/span><\/a><span style=\"font-weight: 400;\">, <\/span><a href=\"http:\/\/bit.ly\/1mNsDyk\" target=\"_blank\" rel=\"noopener\"><span style=\"font-weight: 400;\">Zona Sul<\/span><\/a><span style=\"font-weight: 400;\">.<\/span><\/p>\n<p><span style=\"font-weight: 400;\">Silvia da Costa chamou a aten\u00e7\u00e3o para a import\u00e2ncia de tornar a m\u00eddia comunit\u00e1ria democr\u00e1tica e acess\u00edvel ao p\u00fablico e aos contribuidores. O <\/span><i><span style=\"font-weight: 400;\">Jornal Abaixo<\/span><\/i><span style=\"font-weight: 400;\">, baseado em <\/span><a href=\"http:\/\/bit.ly\/1HgPTzq\" target=\"_blank\" rel=\"noopener\"><span style=\"font-weight: 400;\">Jacarepagu\u00e1<\/span><\/a><span style=\"font-weight: 400;\"> na <\/span><a href=\"http:\/\/bit.ly\/11tBmFR\" target=\"_blank\" rel=\"noopener\"><span style=\"font-weight: 400;\">Zona Oeste<\/span><\/a><span style=\"font-weight: 400;\">\u00a0do Rio, aceita contribui\u00e7\u00f5es de quem quiser escrever, mesmo sem forma\u00e7\u00e3o ou experi\u00eancia jornal\u00edstica.<\/span><\/p>\n<p>&#8220;Se voc\u00ea tem opini\u00f5es e id\u00e9ias, ent\u00e3o pode escrever&#8221;, ela disse. &#8220;N\u00f3s estamos\u00a0produzindo outra forma de m\u00eddia. Uma m\u00eddia comunit\u00e1ria pode reproduzir o que a gente entende&#8221;.<\/p>\n<p><span style=\"font-weight: 400;\">O compromisso de publicar uma variedade de contribui\u00e7\u00f5es pode levar a um debate interno, disse, uma vez que a equipe nem sempre concorda com o conte\u00fado a ser publicado, e por vezes tamb\u00e9m discorda entre si.<\/span><\/p>\n<p><span style=\"font-weight: 400;\">\u201cTem um lado bom e um lado ruim&#8221;, acrescentou ela, embora apontando que manter o direito \u00e0 liberdade de express\u00e3o \u00e9 mais importante que concordar com tudo o que \u00e9 publicado.<\/span><\/p>\n<p><a href=\"http:\/\/rioonwatch.org.br\/wp-content\/uploads\/2016\/09\/IMG_3953-e1472535521637.jpg\"><img loading=\"lazy\" decoding=\"async\" class=\"aligncenter wp-image-22119 size-content\" title=\"Silvia da Costa, Carolina Vaz, Wladimir Aguiar. Foto por Natalie Southwick\" src=\"http:\/\/rioonwatch.org.br\/wp-content\/uploads\/2016\/09\/IMG_3953-e1472535521637-620x264.jpg\" alt=\"IMG_3953-e1472535521637\" width=\"620\" height=\"264\" srcset=\"https:\/\/rioonwatch.org.br\/wp-content\/uploads\/2016\/09\/IMG_3953-e1472535521637-620x264.jpg 620w, https:\/\/rioonwatch.org.br\/wp-content\/uploads\/2016\/09\/IMG_3953-e1472535521637-940x400.jpg 940w\" sizes=\"(max-width: 620px) 100vw, 620px\" \/><\/a><\/p>\n<p><span style=\"font-weight: 400;\"> Wladimir Aguiar discutiu o papel da m\u00eddia comunit\u00e1ria em servir as necessidades do seu p\u00fablico e em empoder\u00e1-la para uma maior participa\u00e7\u00e3o na vida c\u00edvica.<\/span><\/p>\n<p>&#8220;A gente pode levar a comunidade a se fortalecer&#8221;, ele disse. &#8220;Os moradores de favelas vivem o que acontece l\u00e1, e a gente pode difundir essa conversa&#8221;.<\/p>\n<p><span style=\"font-weight: 400;\">Ele tamb\u00e9m apresentou uma vis\u00e3o panor\u00e2mica da hist\u00f3ria do desenvolvimento da r\u00e1dio comunit\u00e1ria na Mar\u00e9 e em outras favelas, refletindo sobre o seu progresso, desde os dias da <\/span><a href=\"http:\/\/bit.ly\/1nQlHQA\" target=\"_blank\" rel=\"noopener\"><span style=\"font-weight: 400;\">ditadura militar<\/span><\/a><span style=\"font-weight: 400;\">, quando essas formas de comunica\u00e7\u00e3o foram proibidas.<\/span><\/p>\n<p><span style=\"font-weight: 400;\">Camila Perez, da <\/span><i><span style=\"font-weight: 400;\">TV Tagerela<\/span><\/i><span style=\"font-weight: 400;\">, contou a hist\u00f3ria do coletivo de cinema de rua e suas mais recentes realiza\u00e7\u00f5es, incluindo receber o primeiro <\/span><a href=\"http:\/\/bit.ly\/2bNvofN\"><span style=\"font-weight: 400;\">Festival de Cinema de Favela em junho de 2015<\/span><\/a><span style=\"font-weight: 400;\">. Ela tamb\u00e9m apontou os desafios que o coletivo enfrenta, desde obter permiss\u00f5es, trabalhar na presen\u00e7a conflituosa e intimidante da pol\u00edcia e a discrimina\u00e7\u00e3o em geral por que passam os moradores das favelas.<\/span><\/p>\n<p>&#8220;Eu n\u00e3o posso acreditar que isso ainda acontece hoje&#8221;, disse ela.&#8221;\u00c9 tudo mais dif\u00edcil quando voc\u00ea \u00e9 de uma favela, mas a gente luta&#8221;.<\/p>\n<p><span style=\"font-weight: 400;\">A moderadora Carolina Vaz, do\u00a0<\/span><i><span style=\"font-weight: 400;\">O Cidad\u00e3o<\/span><\/i><span style=\"font-weight: 400;\">, descreveu alguns dos desafios por que passa o jornal, incluindo a falta de um espa\u00e7o de trabalho estabelecido. Os jornalistas encontram-se regularmente na Mar\u00e9 para coordenar e discutir o seu trabalho, mas o local de encontro n\u00e3o tem acesso \u00e0 internet e cada um tem que trabalhar sozinho.<\/span><\/p>\n<p><a href=\"http:\/\/rioonwatch.org.br\/wp-content\/uploads\/2016\/09\/IMG_3982-e1472535531622.jpg\"><img loading=\"lazy\" decoding=\"async\" class=\"aligncenter wp-image-22120 size-content\" title=\"O segundo painel. F|oto por Natalie Southwick\" src=\"http:\/\/rioonwatch.org.br\/wp-content\/uploads\/2016\/09\/IMG_3982-e1472535531622-620x264.jpg\" alt=\"IMG_3982-e1472535531622\" width=\"620\" height=\"264\" srcset=\"https:\/\/rioonwatch.org.br\/wp-content\/uploads\/2016\/09\/IMG_3982-e1472535531622-620x264.jpg 620w, https:\/\/rioonwatch.org.br\/wp-content\/uploads\/2016\/09\/IMG_3982-e1472535531622-940x400.jpg 940w\" sizes=\"(max-width: 620px) 100vw, 620px\" \/><\/a><\/p>\n<p><span style=\"font-weight: 400;\">Silvia da Costa concluiu seu discurso, com paix\u00e3o, sobre o papel pol\u00edtico da m\u00eddia comunit\u00e1ria e a ilus\u00e3o da objetividade.<\/span><\/p>\n<p>&#8220;N\u00e3o existem m\u00eddias de comunica\u00e7\u00e3o imparcial&#8221;, ela disse. &#8220;Qualquer m\u00eddia de comunica\u00e7\u00e3o&#8211;\u00e1udio, visual, TV&#8211;\u00e9 parcial. Quando voc\u00ea toma uma decis\u00e3o de ser um formatador da informa\u00e7\u00e3o, voc\u00ea tem que escolher uma perspectiva. Escolher tem por consequ\u00eancia escolher um lado, uma parcialidade&#8221;.<\/p>\n<p><span style=\"font-weight: 400;\">\u201cNo <\/span><i><span style=\"font-weight: 400;\">Jornal Abaixo<\/span><\/i><span style=\"font-weight: 400;\">, n\u00f3s temos uma linha editorial&#8221;, continuou, explicando que a sua posi\u00e7\u00e3o sobre as quest\u00f5es reflete a vis\u00e3o dos moradores. \u201cPor exemplo, a gente n\u00e3o entende a <a href=\"http:\/\/bit.ly\/1NN08e8\" target=\"_blank\" rel=\"noopener\">UPP<\/a> <\/span><span style=\"font-weight: 400;\">como seguran\u00e7a, mas sim como repress\u00e3o&#8221;, e os artigos refletem essa perspectiva.<\/span><\/p>\n<p>Ela chama a aten\u00e7\u00e3o para a conex\u00e3o entre m\u00eddia comunit\u00e1ria e ativismo, assim como outros palestrantes que reconhecem a natureza intrinsecamente pol\u00edtica da m\u00eddia alternativa.<\/p>\n<p>&#8220;Cada um de n\u00f3s, dentro de nossos ve\u00edculos de comunica\u00e7\u00e3o, tem de tomar uma posi\u00e7\u00e3o e uma parcialidade, e isso \u00e9 uma posi\u00e7\u00e3o pol\u00edtica.&#8221;<\/p>\n<h3><b>M\u00eddia comunit\u00e1ria e m\u00eddia corporativa<\/b><\/h3>\n<p><span style=\"font-weight: 400;\">O terceiro painel examinou os papeis das m\u00eddias comunit\u00e1rias e da grande m\u00eddia, e destacou\u00a0<\/span><a href=\"http:\/\/bit.ly\/1n71CIt\" target=\"_blank\" rel=\"noopener\"><span style=\"font-weight: 400;\">Thain\u00e3 de Medeiros<\/span><\/a><span style=\"font-weight: 400;\">, membro do <\/span><a href=\"http:\/\/bit.ly\/1CLd514\" target=\"_blank\" rel=\"noopener\"><span style=\"font-weight: 400;\">Coletivo Papo Reto<\/span><\/a><span style=\"font-weight: 400;\"> do <\/span><a href=\"http:\/\/bit.ly\/U0MiGm\" target=\"_blank\" rel=\"noopener\"><span style=\"font-weight: 400;\">Complexo do Alem\u00e3o<\/span><\/a><span style=\"font-weight: 400;\">, e Tatiana Lima, jornalista da ONG de comunica\u00e7\u00e3o, <\/span><a href=\"http:\/\/bit.ly\/2bEKDZS\"><span style=\"font-weight: 400;\">NPC<\/span><\/a><span style=\"font-weight: 400;\">.<\/span><\/p>\n<p><span style=\"font-weight: 400;\">Thain\u00e3 de Medeiros falou da hist\u00f3ria do coletivo Papo Reto, criado em 2014 para compartilhar informa\u00e7\u00e3o, dar apoio e <\/span><span style=\"font-weight: 400;\"><a href=\"http:\/\/bit.ly\/H1kBPJ\" target=\"_blank\" rel=\"noopener\">mobilizar os moradores<\/a>\u00a0<\/span><span style=\"font-weight: 400;\">no Alem\u00e3o.<\/span><\/p>\n<div>&#8220;Papo Reto \u00e9 uma troca de experi\u00eancias&#8221;, ele disse.\u00a0&#8220;A gente faz comunica\u00e7\u00e3o para mobilizar as pessoas. N\u00e3o s\u00f3 sair a rua para fazer <a href=\"http:\/\/bit.ly\/12hqS0g\" target=\"_blank\" rel=\"noopener\">manifesta\u00e7\u00e3o<\/a>, mas para criar a\u00e7\u00f5es nas comunidades. \u00c9 muito diferente sentar para conversar, de sair e fazer uma coisa al\u00e9m da conversa&#8221;.<\/div>\n<p><a href=\"http:\/\/rioonwatch.org.br\/wp-content\/uploads\/2016\/09\/IMG_4009-e1472535556394.jpg\"><img loading=\"lazy\" decoding=\"async\" class=\"aligncenter wp-image-22121 size-content\" title=\"Thain\u00e3 de Medeiros, Carolina Vaz, Tatiana Lima. Foto por Natalie Southwick\" src=\"http:\/\/rioonwatch.org.br\/wp-content\/uploads\/2016\/09\/IMG_4009-e1472535556394-620x264.jpg\" alt=\"IMG_4009-e1472535556394\" width=\"620\" height=\"264\" srcset=\"https:\/\/rioonwatch.org.br\/wp-content\/uploads\/2016\/09\/IMG_4009-e1472535556394-620x264.jpg 620w, https:\/\/rioonwatch.org.br\/wp-content\/uploads\/2016\/09\/IMG_4009-e1472535556394-940x400.jpg 940w\" sizes=\"(max-width: 620px) 100vw, 620px\" \/><\/a><\/p>\n<p><span style=\"font-weight: 400;\">Ele descreveu os esfor\u00e7os dispendidos pelo coletivo para <\/span><a href=\"http:\/\/bit.ly\/1n71CIt\" target=\"_blank\" rel=\"noopener\"><span style=\"font-weight: 400;\">contrap\u00f4r a narrativa da grande m\u00eddia<\/span><\/a><span style=\"font-weight: 400;\">.<\/span><\/p>\n<p>&#8220;A gente faz comunica\u00e7\u00e3o para garantir os nossos direitos&#8221;, ele disse. &#8220;Pegamos uma mat\u00e9ria da m\u00eddia corporativa, e fazemos a nossa vers\u00e3o&#8221;.<\/p>\n<p><span style=\"font-weight: 400;\">Ao discutir a imagem que a\u00a0<a href=\"http:\/\/bit.ly\/1OKE065\" target=\"_blank\" rel=\"noopener\">grande m\u00eddia projeta das favelas<\/a><\/span><span style=\"font-weight: 400;\">, ele fez tamb\u00e9m uma critica \u00e0 apropria\u00e7\u00e3o mais ampla da <\/span><a href=\"http:\/\/bit.ly\/1a1M6kK\" target=\"_blank\" rel=\"noopener\"><span style=\"font-weight: 400;\">cultura da favela<\/span><\/a><span style=\"font-weight: 400;\"> por outras camadas da sociedade, desde as festas funk com pre\u00e7os alt\u00edssimos e frequentadas pela popula\u00e7\u00e3o branca, aos brasileiros ricos usando camisetas com a palavra \u201cFavela&#8221;.<\/span><\/p>\n<p><span style=\"font-weight: 400;\">Tatiana Lima afirmou a import\u00e2ncia da m\u00eddia comunit\u00e1ria lutar contra a apropria\u00e7\u00e3o do trabalho, identidade e cultura dos moradores de favelas.<\/span><\/p>\n<div>&#8220;N\u00f3s estamos produzindo conte\u00fado para a m\u00eddia corporativa&#8221;,\u00a0<span style=\"font-weight: 400;\">continuou, apontando exemplos de organiza\u00e7\u00f5es de m\u00eddia comunit\u00e1ria e moradores compartilhando informa\u00e7\u00e3o no Facebook, WhatsApp e outras <\/span><a href=\"http:\/\/bit.ly\/1oJgeOG\" target=\"_blank\" rel=\"noopener\"><span style=\"font-weight: 400;\">redes sociais<\/span><\/a><span style=\"font-weight: 400;\"> que a grande m\u00eddia depois usa para fazer suas pr\u00f3prias reportagens. <\/span>&#8220;Esta \u00e9 tecnologia da galera, a favela tem tecnologia&#8221;.<\/div>\n<p><a href=\"http:\/\/rioonwatch.org.br\/wp-content\/uploads\/2016\/09\/IMG_3996-e1472535547935.jpg\"><img loading=\"lazy\" decoding=\"async\" class=\"aligncenter wp-image-22122 size-content\" title=\"Mural na parede no Museu da Mar\u00e9, onde o congresso foi realizado. Foto por Natalie Southwick\" src=\"http:\/\/rioonwatch.org.br\/wp-content\/uploads\/2016\/09\/IMG_3996-e1472535547935-620x264.jpg\" alt=\"IMG_3996-e1472535547935\" width=\"620\" height=\"264\" srcset=\"https:\/\/rioonwatch.org.br\/wp-content\/uploads\/2016\/09\/IMG_3996-e1472535547935-620x264.jpg 620w, https:\/\/rioonwatch.org.br\/wp-content\/uploads\/2016\/09\/IMG_3996-e1472535547935-940x400.jpg 940w\" sizes=\"(max-width: 620px) 100vw, 620px\" \/><\/a><\/p>\n<p>A diferen\u00e7a, acrescentou, \u00e9 que as organiza\u00e7\u00f5es de m\u00eddia comunit\u00e1ria reportam informa\u00e7\u00f5es ao seu p\u00fablico, ajudando-as no seu cotidiano, enquanto que a grande m\u00eddia usa a informa\u00e7\u00e3o sobre opera\u00e7\u00f5es policiais ou viol\u00eancia para continuar <a href=\"http:\/\/bit.ly\/2buISj2\" target=\"_blank\" rel=\"noopener\">estigmatizando e criminalizando as favelas<\/a>\u00a0como locais de perigo.<\/p>\n<p>\u201cA gente precisa pensar sobre as nossas pr\u00e1ticas, dialogar e se capacitar como comunicadores\u201d, ela disse, pedindo a outros jornalistas comunit\u00e1rios para se orgulhar do seu trabalho e de suas publica\u00e7\u00f5es. \u201cO espa\u00e7o da visibilidade n\u00e3o \u00e9 apenas da m\u00eddia corporativa, mas ela tem uma presen\u00e7a muito forte. Mas eu n\u00e3o acho que deveria ser fechado. N\u00e3o podemos dar todo o espa\u00e7o para a m\u00eddia corporativa.\u201d<\/p>\n<p>Ela citou ainda <a href=\"http:\/\/bit.ly\/2cnu2O2\">um discurso de Marcelo Rech<\/a>, presidente da\u00a0<a href=\"http:\/\/bit.ly\/2bNzLMj\">Associa\u00e7\u00e3o Nacional de Jornais<\/a>, onde ele afirma que \u00e9 papel dos jornalistas \u201ccertificar a realidade\u201d.<\/p>\n<p>\u201cQual \u00e9 o nosso papel?\u201d Perguntou ela.\u00a0\u201cQue realidade \u00e9 esta que eles [jornalistas corporativos] certificam? N\u00f3s certificamos a nossa realidade. O papel da nossa comunica\u00e7\u00e3o comunit\u00e1ria \u00e9 certificar a realidade que eles omitem\u201d.<\/p>\n<!-- AddThis Advanced Settings generic via filter on the_content --><!-- AddThis Share Buttons generic via filter on the_content -->","protected":false},"excerpt":{"rendered":"<div class=\"mh-excerpt\"><p>Click Here for English No dia 27 de agosto, jornalistas, estudantes e membros de organiza\u00e7\u00f5es de m\u00eddia comunit\u00e1ria\u00a0do Rio se reuniram no Museu da Mar\u00e9 para debater o papel da m\u00eddia comunit\u00e1ria do Rio no <a class=\"mh-excerpt-more\" href=\"https:\/\/rioonwatch.org.br\/?p=22110\" title=\"&#8220;Certificamos a Realidade que Eles Omitem\u201d: Jornalistas de Favelas Falam no Primeiro Congresso de Comunica\u00e7\u00e3o Comunit\u00e1ria\">[&#8230;]<\/a><!-- AddThis Advanced Settings generic via filter on get_the_excerpt --><!-- AddThis Share Buttons generic via filter on get_the_excerpt --><\/p>\n<\/div>","protected":false},"author":129,"featured_media":22115,"comment_status":"closed","ping_status":"closed","sticky":false,"template":"","format":"standard","meta":{"_acf_changed":false,"_monsterinsights_skip_tracking":false,"_monsterinsights_sitenote_active":false,"_monsterinsights_sitenote_note":"","_monsterinsights_sitenote_category":0,"footnotes":""},"categories":[1635,1627,1615,1626,1613,1616,1612],"tags":[386,1676,332,217,1530,81,421,1167,1418,1166,1240,379,1760,1704,78,358,432,16,476,92,218,184],"writer":[1892],"translator":[1842],"source":[],"ilustrador":[],"fotografo":[],"class_list":{"0":"post-22110","1":"post","2":"type-post","3":"status-publish","4":"format-standard","5":"has-post-thumbnail","7":"category-1635","8":"category-relato-de-evento","9":"category-cultura-da-favela","10":"category-por-observadores-internacionais","11":"category-midia-comunitaria","12":"category-qualidades-da-favela","13":"category-sociedade-civil","14":"tag-estigma","15":"tag-analise-cobertura-de-favelas","16":"tag-complexo-da-mare","17":"tag-complexo-do-alemao","18":"tag-midia-comunitaria","19":"tag-cultura","20":"tag-cultura-da-favela","21":"tag-grande-midia","22":"tag-coletivo-papo-reto","23":"tag-jornalismo","24":"tag-megaeventos","25":"tag-midia-social","26":"tag-narrativa-midiatica","27":"tag-o-cidadao","28":"tag-olimpiadas","29":"tag-organizacao-comunitaria","30":"tag-resistencia","31":"tag-rocinha","32":"tag-solucao-comunitaria","33":"tag-upp","34":"tag-zona-norte","35":"tag-zona-oeste","36":"writer-natalie-southwick","37":"translator-manu-escrita"},"acf":[],"yoast_head":"<!-- This site is optimized with the Yoast SEO plugin v25.6 - https:\/\/yoast.com\/wordpress\/plugins\/seo\/ -->\n<title>&quot;Certificamos a Realidade que Eles Omitem\u201d: Jornalistas de Favelas Falam no Primeiro Congresso de Comunica\u00e7\u00e3o Comunit\u00e1ria - RioOnWatch<\/title>\n<meta name=\"robots\" content=\"index, follow, max-snippet:-1, max-image-preview:large, max-video-preview:-1\" \/>\n<link rel=\"canonical\" href=\"https:\/\/rioonwatch.org.br\/?p=22110\" \/>\n<meta property=\"og:locale\" content=\"pt_BR\" \/>\n<meta property=\"og:type\" content=\"article\" \/>\n<meta property=\"og:title\" content=\"&quot;Certificamos a Realidade que Eles Omitem\u201d: Jornalistas de Favelas Falam no Primeiro Congresso de Comunica\u00e7\u00e3o Comunit\u00e1ria - RioOnWatch\" \/>\n<meta property=\"og:description\" content=\"Click Here for English No dia 27 de agosto, jornalistas, estudantes e membros de organiza\u00e7\u00f5es de m\u00eddia comunit\u00e1ria\u00a0do Rio se reuniram no Museu da Mar\u00e9 para debater o papel da m\u00eddia comunit\u00e1ria do Rio no [...]\" \/>\n<meta property=\"og:url\" content=\"https:\/\/rioonwatch.org.br\/?p=22110\" \/>\n<meta property=\"og:site_name\" content=\"RioOnWatch\" \/>\n<meta property=\"article:published_time\" content=\"2016-09-08T14:28:26+00:00\" \/>\n<meta property=\"article:modified_time\" content=\"2024-06-20T19:25:44+00:00\" \/>\n<meta property=\"og:image\" content=\"https:\/\/rioonwatch.org.br\/wp-content\/uploads\/2016\/09\/IMG_3914-e1472535487348.jpg\" \/>\n\t<meta property=\"og:image:width\" content=\"1000\" \/>\n\t<meta property=\"og:image:height\" content=\"668\" \/>\n\t<meta property=\"og:image:type\" content=\"image\/jpeg\" \/>\n<meta name=\"author\" content=\"Admin\" \/>\n<meta name=\"twitter:card\" content=\"summary_large_image\" \/>\n<meta name=\"twitter:label1\" content=\"Escrito por\" \/>\n\t<meta name=\"twitter:data1\" content=\"Admin\" \/>\n\t<meta name=\"twitter:label2\" content=\"Est. tempo de leitura\" \/>\n\t<meta name=\"twitter:data2\" content=\"9 minutos\" \/>\n<script type=\"application\/ld+json\" class=\"yoast-schema-graph\">{\"@context\":\"https:\/\/schema.org\",\"@graph\":[{\"@type\":\"Article\",\"@id\":\"https:\/\/rioonwatch.org.br\/?p=22110#article\",\"isPartOf\":{\"@id\":\"https:\/\/rioonwatch.org.br\/?p=22110\"},\"author\":{\"name\":\"Admin\",\"@id\":\"https:\/\/rioonwatch.org.br\/#\/schema\/person\/11d64c290506f9df50c71b850c473f68\"},\"headline\":\"&#8220;Certificamos a Realidade que Eles Omitem\u201d: Jornalistas de Favelas Falam no Primeiro Congresso de Comunica\u00e7\u00e3o Comunit\u00e1ria\",\"datePublished\":\"2016-09-08T14:28:26+00:00\",\"dateModified\":\"2024-06-20T19:25:44+00:00\",\"mainEntityOfPage\":{\"@id\":\"https:\/\/rioonwatch.org.br\/?p=22110\"},\"wordCount\":1776,\"publisher\":{\"@id\":\"https:\/\/rioonwatch.org.br\/#organization\"},\"image\":{\"@id\":\"https:\/\/rioonwatch.org.br\/?p=22110#primaryimage\"},\"thumbnailUrl\":\"https:\/\/rioonwatch.org.br\/wp-content\/uploads\/2016\/09\/IMG_3914-e1472535487348.jpg\",\"keywords\":[\"#StopFavelaStigma\",\"an\u00e1lise cobertura de favelas\",\"Complexo da Mar\u00e9\",\"Complexo do Alem\u00e3o\",\"Comunica\u00e7\u00e3o Comunit\u00e1ria\",\"cultura\",\"cultura da favela\",\"grande m\u00eddia\",\"Instituto Papo Reto\",\"jornalismo\",\"Megaeventos\",\"m\u00eddia social\",\"narrativa midi\u00e1tica\",\"O Cidad\u00e3o\",\"Olimp\u00edadas\",\"organiza\u00e7\u00e3o comunit\u00e1ria\",\"resist\u00eancia\",\"Rocinha\",\"solu\u00e7\u00e3o comunit\u00e1ria\",\"UPP\",\"Zona Norte\",\"Zona Oeste\"],\"articleSection\":[\"#Rio2016\",\"Cobertura de Eventos\",\"Cultura da Favela\",\"Escrito por Aliados\",\"M\u00eddia Comunit\u00e1ria\",\"Qualidades da Favela\",\"Sociedade Civil\"],\"inLanguage\":\"pt-BR\"},{\"@type\":\"WebPage\",\"@id\":\"https:\/\/rioonwatch.org.br\/?p=22110\",\"url\":\"https:\/\/rioonwatch.org.br\/?p=22110\",\"name\":\"\\\"Certificamos a Realidade que Eles Omitem\u201d: Jornalistas de Favelas Falam no Primeiro Congresso de Comunica\u00e7\u00e3o Comunit\u00e1ria - RioOnWatch\",\"isPartOf\":{\"@id\":\"https:\/\/rioonwatch.org.br\/#website\"},\"primaryImageOfPage\":{\"@id\":\"https:\/\/rioonwatch.org.br\/?p=22110#primaryimage\"},\"image\":{\"@id\":\"https:\/\/rioonwatch.org.br\/?p=22110#primaryimage\"},\"thumbnailUrl\":\"https:\/\/rioonwatch.org.br\/wp-content\/uploads\/2016\/09\/IMG_3914-e1472535487348.jpg\",\"datePublished\":\"2016-09-08T14:28:26+00:00\",\"dateModified\":\"2024-06-20T19:25:44+00:00\",\"breadcrumb\":{\"@id\":\"https:\/\/rioonwatch.org.br\/?p=22110#breadcrumb\"},\"inLanguage\":\"pt-BR\",\"potentialAction\":[{\"@type\":\"ReadAction\",\"target\":[\"https:\/\/rioonwatch.org.br\/?p=22110\"]}]},{\"@type\":\"ImageObject\",\"inLanguage\":\"pt-BR\",\"@id\":\"https:\/\/rioonwatch.org.br\/?p=22110#primaryimage\",\"url\":\"https:\/\/rioonwatch.org.br\/wp-content\/uploads\/2016\/09\/IMG_3914-e1472535487348.jpg\",\"contentUrl\":\"https:\/\/rioonwatch.org.br\/wp-content\/uploads\/2016\/09\/IMG_3914-e1472535487348.jpg\",\"width\":1000,\"height\":668},{\"@type\":\"BreadcrumbList\",\"@id\":\"https:\/\/rioonwatch.org.br\/?p=22110#breadcrumb\",\"itemListElement\":[{\"@type\":\"ListItem\",\"position\":1,\"name\":\"In\u00edcio\",\"item\":\"https:\/\/rioonwatch.org.br\/\"},{\"@type\":\"ListItem\",\"position\":2,\"name\":\"&#8220;Certificamos a Realidade que Eles Omitem\u201d: Jornalistas de Favelas Falam no Primeiro Congresso de Comunica\u00e7\u00e3o Comunit\u00e1ria\"}]},{\"@type\":\"WebSite\",\"@id\":\"https:\/\/rioonwatch.org.br\/#website\",\"url\":\"https:\/\/rioonwatch.org.br\/\",\"name\":\"RioOnWatch\",\"description\":\"relatos das favelas cariocas\",\"publisher\":{\"@id\":\"https:\/\/rioonwatch.org.br\/#organization\"},\"potentialAction\":[{\"@type\":\"SearchAction\",\"target\":{\"@type\":\"EntryPoint\",\"urlTemplate\":\"https:\/\/rioonwatch.org.br\/?s={search_term_string}\"},\"query-input\":{\"@type\":\"PropertyValueSpecification\",\"valueRequired\":true,\"valueName\":\"search_term_string\"}}],\"inLanguage\":\"pt-BR\"},{\"@type\":\"Organization\",\"@id\":\"https:\/\/rioonwatch.org.br\/#organization\",\"name\":\"RioOnWatch\",\"url\":\"https:\/\/rioonwatch.org.br\/\",\"logo\":{\"@type\":\"ImageObject\",\"inLanguage\":\"pt-BR\",\"@id\":\"https:\/\/rioonwatch.org.br\/#\/schema\/logo\/image\/\",\"url\":\"https:\/\/rioonwatch.org.br\/wp-content\/uploads\/2021\/06\/RioOnWatchcabecalhoPT11anos-2.png\",\"contentUrl\":\"https:\/\/rioonwatch.org.br\/wp-content\/uploads\/2021\/06\/RioOnWatchcabecalhoPT11anos-2.png\",\"width\":779,\"height\":277,\"caption\":\"RioOnWatch\"},\"image\":{\"@id\":\"https:\/\/rioonwatch.org.br\/#\/schema\/logo\/image\/\"}},{\"@type\":\"Person\",\"@id\":\"https:\/\/rioonwatch.org.br\/#\/schema\/person\/11d64c290506f9df50c71b850c473f68\",\"name\":\"Admin\",\"image\":{\"@type\":\"ImageObject\",\"inLanguage\":\"pt-BR\",\"@id\":\"https:\/\/rioonwatch.org.br\/#\/schema\/person\/image\/\",\"url\":\"https:\/\/secure.gravatar.com\/avatar\/56211ac74568383903349a1485e3c325?s=96&d=blank&r=g\",\"contentUrl\":\"https:\/\/secure.gravatar.com\/avatar\/56211ac74568383903349a1485e3c325?s=96&d=blank&r=g\",\"caption\":\"Admin\"},\"url\":\"https:\/\/rioonwatch.org.br\/?author=129\"}]}<\/script>\n<!-- \/ Yoast SEO plugin. -->","yoast_head_json":{"title":"\"Certificamos a Realidade que Eles Omitem\u201d: Jornalistas de Favelas Falam no Primeiro Congresso de Comunica\u00e7\u00e3o Comunit\u00e1ria - RioOnWatch","robots":{"index":"index","follow":"follow","max-snippet":"max-snippet:-1","max-image-preview":"max-image-preview:large","max-video-preview":"max-video-preview:-1"},"canonical":"https:\/\/rioonwatch.org.br\/?p=22110","og_locale":"pt_BR","og_type":"article","og_title":"\"Certificamos a Realidade que Eles Omitem\u201d: Jornalistas de Favelas Falam no Primeiro Congresso de Comunica\u00e7\u00e3o Comunit\u00e1ria - RioOnWatch","og_description":"Click Here for English No dia 27 de agosto, jornalistas, estudantes e membros de organiza\u00e7\u00f5es de m\u00eddia comunit\u00e1ria\u00a0do Rio se reuniram no Museu da Mar\u00e9 para debater o papel da m\u00eddia comunit\u00e1ria do Rio no [...]","og_url":"https:\/\/rioonwatch.org.br\/?p=22110","og_site_name":"RioOnWatch","article_published_time":"2016-09-08T14:28:26+00:00","article_modified_time":"2024-06-20T19:25:44+00:00","og_image":[{"width":1000,"height":668,"url":"https:\/\/rioonwatch.org.br\/wp-content\/uploads\/2016\/09\/IMG_3914-e1472535487348.jpg","type":"image\/jpeg"}],"author":"Admin","twitter_card":"summary_large_image","twitter_misc":{"Escrito por":"Admin","Est. tempo de leitura":"9 minutos"},"schema":{"@context":"https:\/\/schema.org","@graph":[{"@type":"Article","@id":"https:\/\/rioonwatch.org.br\/?p=22110#article","isPartOf":{"@id":"https:\/\/rioonwatch.org.br\/?p=22110"},"author":{"name":"Admin","@id":"https:\/\/rioonwatch.org.br\/#\/schema\/person\/11d64c290506f9df50c71b850c473f68"},"headline":"&#8220;Certificamos a Realidade que Eles Omitem\u201d: Jornalistas de Favelas Falam no Primeiro Congresso de Comunica\u00e7\u00e3o Comunit\u00e1ria","datePublished":"2016-09-08T14:28:26+00:00","dateModified":"2024-06-20T19:25:44+00:00","mainEntityOfPage":{"@id":"https:\/\/rioonwatch.org.br\/?p=22110"},"wordCount":1776,"publisher":{"@id":"https:\/\/rioonwatch.org.br\/#organization"},"image":{"@id":"https:\/\/rioonwatch.org.br\/?p=22110#primaryimage"},"thumbnailUrl":"https:\/\/rioonwatch.org.br\/wp-content\/uploads\/2016\/09\/IMG_3914-e1472535487348.jpg","keywords":["#StopFavelaStigma","an\u00e1lise cobertura de favelas","Complexo da Mar\u00e9","Complexo do Alem\u00e3o","Comunica\u00e7\u00e3o Comunit\u00e1ria","cultura","cultura da favela","grande m\u00eddia","Instituto Papo Reto","jornalismo","Megaeventos","m\u00eddia social","narrativa midi\u00e1tica","O Cidad\u00e3o","Olimp\u00edadas","organiza\u00e7\u00e3o comunit\u00e1ria","resist\u00eancia","Rocinha","solu\u00e7\u00e3o comunit\u00e1ria","UPP","Zona Norte","Zona Oeste"],"articleSection":["#Rio2016","Cobertura de Eventos","Cultura da Favela","Escrito por Aliados","M\u00eddia Comunit\u00e1ria","Qualidades da Favela","Sociedade Civil"],"inLanguage":"pt-BR"},{"@type":"WebPage","@id":"https:\/\/rioonwatch.org.br\/?p=22110","url":"https:\/\/rioonwatch.org.br\/?p=22110","name":"\"Certificamos a Realidade que Eles Omitem\u201d: Jornalistas de Favelas Falam no Primeiro Congresso de Comunica\u00e7\u00e3o Comunit\u00e1ria - RioOnWatch","isPartOf":{"@id":"https:\/\/rioonwatch.org.br\/#website"},"primaryImageOfPage":{"@id":"https:\/\/rioonwatch.org.br\/?p=22110#primaryimage"},"image":{"@id":"https:\/\/rioonwatch.org.br\/?p=22110#primaryimage"},"thumbnailUrl":"https:\/\/rioonwatch.org.br\/wp-content\/uploads\/2016\/09\/IMG_3914-e1472535487348.jpg","datePublished":"2016-09-08T14:28:26+00:00","dateModified":"2024-06-20T19:25:44+00:00","breadcrumb":{"@id":"https:\/\/rioonwatch.org.br\/?p=22110#breadcrumb"},"inLanguage":"pt-BR","potentialAction":[{"@type":"ReadAction","target":["https:\/\/rioonwatch.org.br\/?p=22110"]}]},{"@type":"ImageObject","inLanguage":"pt-BR","@id":"https:\/\/rioonwatch.org.br\/?p=22110#primaryimage","url":"https:\/\/rioonwatch.org.br\/wp-content\/uploads\/2016\/09\/IMG_3914-e1472535487348.jpg","contentUrl":"https:\/\/rioonwatch.org.br\/wp-content\/uploads\/2016\/09\/IMG_3914-e1472535487348.jpg","width":1000,"height":668},{"@type":"BreadcrumbList","@id":"https:\/\/rioonwatch.org.br\/?p=22110#breadcrumb","itemListElement":[{"@type":"ListItem","position":1,"name":"In\u00edcio","item":"https:\/\/rioonwatch.org.br\/"},{"@type":"ListItem","position":2,"name":"&#8220;Certificamos a Realidade que Eles Omitem\u201d: Jornalistas de Favelas Falam no Primeiro Congresso de Comunica\u00e7\u00e3o Comunit\u00e1ria"}]},{"@type":"WebSite","@id":"https:\/\/rioonwatch.org.br\/#website","url":"https:\/\/rioonwatch.org.br\/","name":"RioOnWatch","description":"relatos das favelas cariocas","publisher":{"@id":"https:\/\/rioonwatch.org.br\/#organization"},"potentialAction":[{"@type":"SearchAction","target":{"@type":"EntryPoint","urlTemplate":"https:\/\/rioonwatch.org.br\/?s={search_term_string}"},"query-input":{"@type":"PropertyValueSpecification","valueRequired":true,"valueName":"search_term_string"}}],"inLanguage":"pt-BR"},{"@type":"Organization","@id":"https:\/\/rioonwatch.org.br\/#organization","name":"RioOnWatch","url":"https:\/\/rioonwatch.org.br\/","logo":{"@type":"ImageObject","inLanguage":"pt-BR","@id":"https:\/\/rioonwatch.org.br\/#\/schema\/logo\/image\/","url":"https:\/\/rioonwatch.org.br\/wp-content\/uploads\/2021\/06\/RioOnWatchcabecalhoPT11anos-2.png","contentUrl":"https:\/\/rioonwatch.org.br\/wp-content\/uploads\/2021\/06\/RioOnWatchcabecalhoPT11anos-2.png","width":779,"height":277,"caption":"RioOnWatch"},"image":{"@id":"https:\/\/rioonwatch.org.br\/#\/schema\/logo\/image\/"}},{"@type":"Person","@id":"https:\/\/rioonwatch.org.br\/#\/schema\/person\/11d64c290506f9df50c71b850c473f68","name":"Admin","image":{"@type":"ImageObject","inLanguage":"pt-BR","@id":"https:\/\/rioonwatch.org.br\/#\/schema\/person\/image\/","url":"https:\/\/secure.gravatar.com\/avatar\/56211ac74568383903349a1485e3c325?s=96&d=blank&r=g","contentUrl":"https:\/\/secure.gravatar.com\/avatar\/56211ac74568383903349a1485e3c325?s=96&d=blank&r=g","caption":"Admin"},"url":"https:\/\/rioonwatch.org.br\/?author=129"}]}},"_links":{"self":[{"href":"https:\/\/rioonwatch.org.br\/index.php?rest_route=\/wp\/v2\/posts\/22110"}],"collection":[{"href":"https:\/\/rioonwatch.org.br\/index.php?rest_route=\/wp\/v2\/posts"}],"about":[{"href":"https:\/\/rioonwatch.org.br\/index.php?rest_route=\/wp\/v2\/types\/post"}],"author":[{"embeddable":true,"href":"https:\/\/rioonwatch.org.br\/index.php?rest_route=\/wp\/v2\/users\/129"}],"replies":[{"embeddable":true,"href":"https:\/\/rioonwatch.org.br\/index.php?rest_route=%2Fwp%2Fv2%2Fcomments&post=22110"}],"version-history":[{"count":15,"href":"https:\/\/rioonwatch.org.br\/index.php?rest_route=\/wp\/v2\/posts\/22110\/revisions"}],"predecessor-version":[{"id":74138,"href":"https:\/\/rioonwatch.org.br\/index.php?rest_route=\/wp\/v2\/posts\/22110\/revisions\/74138"}],"wp:featuredmedia":[{"embeddable":true,"href":"https:\/\/rioonwatch.org.br\/index.php?rest_route=\/wp\/v2\/media\/22115"}],"wp:attachment":[{"href":"https:\/\/rioonwatch.org.br\/index.php?rest_route=%2Fwp%2Fv2%2Fmedia&parent=22110"}],"wp:term":[{"taxonomy":"category","embeddable":true,"href":"https:\/\/rioonwatch.org.br\/index.php?rest_route=%2Fwp%2Fv2%2Fcategories&post=22110"},{"taxonomy":"post_tag","embeddable":true,"href":"https:\/\/rioonwatch.org.br\/index.php?rest_route=%2Fwp%2Fv2%2Ftags&post=22110"},{"taxonomy":"writer","embeddable":true,"href":"https:\/\/rioonwatch.org.br\/index.php?rest_route=%2Fwp%2Fv2%2Fwriter&post=22110"},{"taxonomy":"translator","embeddable":true,"href":"https:\/\/rioonwatch.org.br\/index.php?rest_route=%2Fwp%2Fv2%2Ftranslator&post=22110"},{"taxonomy":"source","embeddable":true,"href":"https:\/\/rioonwatch.org.br\/index.php?rest_route=%2Fwp%2Fv2%2Fsource&post=22110"},{"taxonomy":"ilustrador","embeddable":true,"href":"https:\/\/rioonwatch.org.br\/index.php?rest_route=%2Fwp%2Fv2%2Filustrador&post=22110"},{"taxonomy":"fotografo","embeddable":true,"href":"https:\/\/rioonwatch.org.br\/index.php?rest_route=%2Fwp%2Fv2%2Ffotografo&post=22110"}],"curies":[{"name":"wp","href":"https:\/\/api.w.org\/{rel}","templated":true}]}}