{"id":22176,"date":"2016-09-09T06:00:13","date_gmt":"2016-09-09T09:00:13","guid":{"rendered":"http:\/\/rioonwatch.org.br\/?p=22176"},"modified":"2024-06-20T16:25:44","modified_gmt":"2024-06-20T19:25:44","slug":"nem-toda-a-midia-internacional-foi-arrebatada-pela-euforia-pos-olimpica","status":"publish","type":"post","link":"https:\/\/rioonwatch.org.br\/?p=22176","title":{"rendered":"Nem Toda a M\u00eddia Internacional Foi Arrebatada pela Euforia P\u00f3s-Ol\u00edmpica"},"content":{"rendered":"<p style=\"text-align: right;\"><em><strong><a href=\"http:\/\/bit.ly\/2bp6i9p\" target=\"_blank\" rel=\"noopener\">Click Here for English<img decoding=\"async\" width=\"20\" height=\"20\" class=\"alignright wp-image-15790\" src=\"http:\/\/rioonwatch.org.br\/wp-content\/uploads\/2012\/08\/EN-standard-e1439583104716.jpg\" alt=\"\" \/><\/a><\/strong><\/em><\/p>\n<p>Nos dias seguintes ao t\u00e9rmino das\u00a0<a href=\"http:\/\/bit.ly\/PkLXlQ\" target=\"_blank\" rel=\"noopener\">Olimp\u00edadas 2016<\/a>, a m\u00eddia brasileira examinou as rea\u00e7\u00f5es da imprensa internacional ao evento. A <em>TV Globo<\/em> afirmou que a m\u00eddia mundial n\u00e3o poupou elogios. Uma\u00a0<a href=\"http:\/\/bit.ly\/2bAnTNK\" target=\"_blank\" rel=\"noopener\">mat\u00e9ria<em> da Ag\u00eancia Brasil<\/em><\/a>\u00a0intitulada \u201cImprensa norte-americana destaca <a href=\"http:\/\/bit.ly\/2bi8Gvk\" target=\"_blank\" rel=\"noopener\">sucesso<\/a> dos Jogos Ol\u00edmpicos no Brasil\u201d selecionou um resumo de rea\u00e7\u00f5es com cita\u00e7\u00f5es elogiando a cerim\u00f4nia de encerramento e os Jogos de maneira geral.<\/p>\n<p>O Presid\u00eancia da Rep\u00fablica, por sua vez, publicou <a href=\"http:\/\/bit.ly\/2clDL6X\" target=\"_blank\" rel=\"noopener\">seu pr\u00f3prio resumo<\/a> sobre como a \u201cImprensa internacional elogia organiza\u00e7\u00e3o brasileira e aponta sucesso dos Jogos\u201d. A mat\u00e9ria destaca elogios para o evento em si e alguns jornalistas internacionais que louvaram as melhorias dos sistemas de <a href=\"http:\/\/bit.ly\/1yzeVVK\" target=\"_blank\" rel=\"noopener\">transporte<\/a> urbano, assim como a <a href=\"http:\/\/bit.ly\/16bu0AT\" target=\"_blank\" rel=\"noopener\">revitaliza\u00e7\u00e3o<\/a> do <a href=\"http:\/\/bit.ly\/UR7rn7\" target=\"_blank\" rel=\"noopener\">porto<\/a> da cidade.<\/p>\n<p>Sim, as Olimp\u00edadas receberam muitos elogios internacionais na semana de an\u00e1lise p\u00f3s-evento, mas os brasileiros tamb\u00e9m devem estar cientes sobre a preval\u00eancia de cr\u00edticas tamb\u00e9m, das quais poucas chegam \u00e0s p\u00e1ginas dos jornais nacionais e menos ainda na TV. Estrangeiros que duvidaram da capacidade t\u00e9cnica do Rio de conduzir o evento do princ\u00edpio ao fim foram merecidamente silenciados, mas muitos jornalistas internacionais nunca duvidaram dessa habilidade em primeiro lugar. Quest\u00f5es mais profundas sobre o legado social e a pergunta sobre se o custo (de pelo menos) 12 bilh\u00f5es de d\u00f3lares \u2018valeu a pena?\u2019 n\u00e3o foram silenciadas dentro da m\u00eddia internacional.<\/p>\n<h3><strong>Rea\u00e7\u00f5es complexas a um evento complexo<\/strong><\/h3>\n<p>Em uma entrevista para a <em>NPR <\/em>examinando \u201c<a href=\"http:\/\/n.pr\/2c3eP4G\" target=\"_blank\" rel=\"noopener\">Como Foi que o Rio Fez<\/a>?\u201d, a correspondente Lulu Garcia-Navarro enfatizou a import\u00e2ncia de olhar separadamente para os 16 dias de jogos e os sete anos de prepara\u00e7\u00e3o que \u201cforam realmente muito complexos e muito dif\u00edceis\u201d para os brasileiros. Fazendo refer\u00eancia a uma enquete brasileira publicada no \u00faltimo dia dos Jogos, ela acrescentou: &#8220;72% da popula\u00e7\u00e3o acreditava que os Jogos Ol\u00edmpicos trouxeram mais custos do que benef\u00edcios. No entanto, 57%\u00a0sentiram que a imagem do Brasil no exterior melhorou. Os brasileiros se apaixonaram por esses Jogos. O povo brasileiro estava ambivalente no in\u00edcio. Mas a popula\u00e7\u00e3o tamb\u00e9m sabe que a conta ter\u00e1 que ser paga&#8221;. Refletindo sobre os mesmos dados da enquete, o <a href=\"http:\/\/nyti.ms\/2bN8DdT\" target=\"_blank\" rel=\"noopener\"><em>The New York Times<\/em>\u00a0citou<\/a>\u00a0a conclus\u00e3o do colunista\u00a0<a href=\"http:\/\/bit.ly\/2bV6VH4\" target=\"_blank\" rel=\"noopener\">do Jornal O <em>Estado de S. Paulo<\/em>, Jos\u00e9 Roberto de Toledo<\/a> de que a enquete refletiu um &#8220;evento de desperd\u00edcio que deu certo&#8221;.<\/p>\n<p>Discuss\u00e3o sobre esses resultados da enquete por si s\u00f3 j\u00e1 oferecem muito mais nuances do que as avalia\u00e7\u00f5es simplistas do <a href=\"http:\/\/bit.ly\/2cdGInZ\" target=\"_blank\" rel=\"noopener\">Comit\u00ea Ol\u00edmpico Internacional<\/a>, do <a href=\"http:\/\/bit.ly\/2bXyaU7\" target=\"_blank\" rel=\"noopener\">Comit\u00ea Organizador Rio 2016<\/a>, do <a href=\"http:\/\/glo.bo\/2c32kGL\" target=\"_blank\" rel=\"noopener\">presidente interino Michel Temer<\/a> ou do\u00a0<a href=\"http:\/\/bit.ly\/2bmtfNb\" target=\"_blank\" rel=\"noopener\">Prefeito Eduardo Paes<\/a>.<\/p>\n<p><a href=\"http:\/\/rioonwatch.org.br\/wp-content\/uploads\/2016\/09\/49994a09-a680-4b7e-9c52-bac5c5e293a4.png\"><img fetchpriority=\"high\" decoding=\"async\" class=\"aligncenter wp-image-22188 size-medium\" title=\"An\u00e1lise do governo federal sobre a m\u00eddia internacional destaca esta imagem do New York Times. Imagem de planalto.gov.br\" src=\"http:\/\/rioonwatch.org.br\/wp-content\/uploads\/2016\/09\/49994a09-a680-4b7e-9c52-bac5c5e293a4-620x408.png\" alt=\"49994a09-a680-4b7e-9c52-bac5c5e293a4\" width=\"620\" height=\"408\" srcset=\"https:\/\/rioonwatch.org.br\/wp-content\/uploads\/2016\/09\/49994a09-a680-4b7e-9c52-bac5c5e293a4-620x408.png 620w, https:\/\/rioonwatch.org.br\/wp-content\/uploads\/2016\/09\/49994a09-a680-4b7e-9c52-bac5c5e293a4-401x264.png 401w, https:\/\/rioonwatch.org.br\/wp-content\/uploads\/2016\/09\/49994a09-a680-4b7e-9c52-bac5c5e293a4.png 768w\" sizes=\"(max-width: 620px) 100vw, 620px\" \/><\/a><\/p>\n<p>A preocupa\u00e7\u00e3o com o que vir\u00e1 em seguida tem sido um tema frequente na m\u00eddia internacional. Uma\u00a0<a href=\"http:\/\/nyti.ms\/2bN8DdT\" target=\"_blank\" rel=\"noopener\"><em>mat\u00e9ria do New York Times<\/em><\/a>\u00a0enfatizou que \u201co clima inebriante das \u00faltimas duas semanas, inevitavelmente, dar\u00e1 lugar a uma s\u00e9rie de desafios: o sistema de tratamento de esgotos inadequada, a crescente pobreza e um governo estadual quebrado incapaz de pagar milhares de servidores p\u00fablicos em tempo\u201d. No <em>The Guardian<\/em> o especialista em seguran\u00e7a p\u00fablica <a href=\"http:\/\/bit.ly\/2bVOeoE\" target=\"_blank\" rel=\"noopener\">Luiz Eduardo Soares afirmou<\/a> que os Jogos em si foram &#8220;um sucesso&#8221;, mas continuou a dizer: \u201cO que preocupa \u00e9 o que vai acontecer no dia depois que terminar. Em pouco tempo os Jogos Ol\u00edmpicos ser\u00e1 mem\u00f3ria, mas eles v\u00e3o durar para n\u00f3s que vivemos no Rio como um grande objeto de disputa pol\u00edtica e um desafio para o futuro\u201d.<\/p>\n<p>Dadas essas preocupa\u00e7\u00f5es iminentes o correspondente de esportes do <em>The Guardian<\/em> <a href=\"http:\/\/bit.ly\/2bcq70b\" target=\"_blank\" rel=\"noopener\">Owen Gibson questionou<\/a> o presidente do COI Thomas Bach, comparando algumas de suas reivindica\u00e7\u00f5es ao conceito de George Orwell, \u201cNegrobranco&#8221;, ou a &#8220;capacidade de acreditar que o preto\u00a0\u00e9 branco&#8221;. Em contraste, o artigo de Gibson destaca dois aspectos positivos e negativos dos Jogos chamando-os de \u201cpasseio\u201d que &#8220;teve voltas ca\u00f3ticas contradit\u00f3rias, edificantes, divertidas, encantadoras e enraivecidas&#8221;. Esta ideia dos Jogos como &#8220;contradit\u00f3rios&#8221; tem sido tema constante na m\u00eddia estrangeira. O <em>Boston Globe<\/em>, por exemplo, <a href=\"http:\/\/bit.ly\/2bzIwtw\" target=\"_blank\" rel=\"noopener\">chamou os Jogos Ol\u00edmpicos<\/a> de &#8220;um espet\u00e1culo de contraste, os Jogos imperfeitos\u201d.<\/p>\n<p>Os legados declarados dos Jogos tamb\u00e9m continuaram a aparecer sob escrut\u00ednio. <a href=\"http:\/\/bit.ly\/2bcq70b\" target=\"_blank\" rel=\"noopener\">Owen\u00a0Gibson questionou<\/a> se o uso de algumas infraestruturas dos Jogos Ol\u00edmpicos para construir quatro novas escolas ir\u00e1 realmente enfrentar a &#8220;profundamente enraizada crise de financiamento p\u00fablico\u201d, que est\u00e1 minando a capacidade do estado em manter os servi\u00e7os de educa\u00e7\u00e3o e de sa\u00fade p\u00fablica. Artigos da <em>BBC<\/em> e <em>CBC<\/em> abordaram o fato de que moradores de favelas foram exclu\u00eddos dos Jogos pelos <a href=\"http:\/\/bbc.in\/2chQjuM\" target=\"_blank\" rel=\"noopener\">altos pre\u00e7os dos ingressos<\/a> e por projetos de legados que <a href=\"http:\/\/bit.ly\/2bujcDE\" target=\"_blank\" rel=\"noopener\">n\u00e3o servem as suas necessidades<\/a>. <a href=\"http:\/\/bit.ly\/2buZnvd\" target=\"_blank\" rel=\"noopener\">Uma mat\u00e9ria no <em>The Mirror<\/em><\/a> abordou sobre os custos sociais de sediar os Jogos assim como a <a href=\"http:\/\/bit.ly\/2bVOeoE\" target=\"_blank\" rel=\"noopener\">reflex\u00e3o de Luiz Eduardo Soares<\/a> no <em>The Guardian<\/em>. At\u00e9 mesmo o <a href=\"http:\/\/nyti.ms\/2chPn9s\" target=\"_blank\" rel=\"noopener\">artigo do<em> New York Times<\/em><\/a> citado pela <em>Ag\u00eancia Brasil<\/em> e o governo federal ofereceu evid\u00eancias tanto de apoio como de contesta\u00e7\u00e3o \u00e0 ideia de que os Jogos deixaram um legado positivo para a cidade.<\/p>\n<p>Alguns autores de mat\u00e9rias se recusaram a deixar a emo\u00e7\u00e3o dos esportes os distrair de uma cr\u00edtica mais aprofundada. &#8220;Os Jogos do Rio foram um desastre humano injustific\u00e1vel, e assim s\u00e3o as Olimp\u00edadas&#8221;, dizia uma <a href=\"http:\/\/bit.ly\/2bONVMv\" target=\"_blank\" rel=\"noopener\">manchete no <em>Vice Sports<\/em><\/a>. A mat\u00e9ria destacou as <a href=\"http:\/\/bit.ly\/X51Qvb\" target=\"_blank\" rel=\"noopener\">remo\u00e7\u00f5es<\/a> em massa, as milhares de pessoas mortas por uma <a href=\"http:\/\/bit.ly\/R5ueio\" target=\"_blank\" rel=\"noopener\">pol\u00edtica de pacifica\u00e7\u00e3o<\/a> tentando pintar um retrato de seguran\u00e7a, bem como a <a href=\"http:\/\/bit.ly\/1SlK5t0\" target=\"_blank\" rel=\"noopener\">transfer\u00eancia de dinheiro para os abastados, para os interesses privados<\/a>, \u00e0 custa da espiral da d\u00edvida p\u00fablica &#8220;exacerbando as divis\u00f5es socioecon\u00f4micas&#8221;.<\/p>\n<h3><strong>Narrativa de sucesso sob escrut\u00ednio<\/strong><\/h3>\n<p>Prevendo a m\u00eddia sobre os muitos elogios para a cidade anfitri\u00e3 bem embalada, <a href=\"http:\/\/bit.ly\/2ceoekr\" target=\"_blank\" rel=\"noopener\">um artigo no <em>ThinkProgress<\/em><\/a>\u00a0foi intitulado \u201cN\u00e3o Chamem os Jogos Ol\u00edmpicos do Rio de Um &#8216;Sucesso'&#8221;. Um artigo escrito no\u00a0<a href=\"http:\/\/politi.co\/2aT3Kz3\" target=\"_blank\" rel=\"noopener\"><em>POLITICO<\/em><\/a> advertiu explicitamente aos jornalistas que estavam elogiando os jogos acriticamente. No <em>ThinkProgress<\/em>\u00a0o rep\u00f3rter esportivo Lindsay Gibbs escreveu: \u201catletas individuais tiveram sucessos no Rio e n\u00e3o h\u00e1 nada de errado em saud\u00e1-los. Mas n\u00e3o deixe que isso se torne uma distra\u00e7\u00e3o das falhas sist\u00eamicas em jogo nas Olimp\u00edadas como um todo\u201d.<\/p>\n<figure id=\"attachment_22195\" aria-describedby=\"caption-attachment-22195\" style=\"width: 620px\" class=\"wp-caption aligncenter\"><a href=\"http:\/\/rioonwatch.org.br\/wp-content\/uploads\/2016\/09\/NationalPostHeadline.jpg\"><img decoding=\"async\" class=\"wp-image-22195 size-content\" title=\"&quot;Matthew Fisher: As Olimp\u00edadas do Rio ser\u00e3o lembrados como um sucesso porque n\u00e3o foram um fracasso&quot;\" src=\"http:\/\/rioonwatch.org.br\/wp-content\/uploads\/2016\/09\/NationalPostHeadline-620x238.jpg\" alt=\"nationalpostheadline\" width=\"620\" height=\"238\" \/><\/a><figcaption id=\"caption-attachment-22195\" class=\"wp-caption-text\">&#8220;Matthew Fisher: As Olimp\u00edadas do Rio ser\u00e3o lembrados como um sucesso porque n\u00e3o foram um fracasso.&#8221;<\/figcaption><\/figure>\n<p>Talvez houve uma pequena mudan\u00e7a na forma como a m\u00eddia avalia os megaeventos, desde a <a href=\"http:\/\/bit.ly\/WfaiMR\" target=\"_blank\" rel=\"noopener\">Copa do Mundo de 2014<\/a>. O correspondente da <em>BBC<\/em> <a href=\"http:\/\/bbc.in\/1rtNWEh\" target=\"_blank\" rel=\"noopener\">Wyre Davies<\/a> escreveu, logos ap\u00f3s a Copa do Mundo: \u201cEu vou colocar minhas m\u00e3os para cima, e assim deveria fazer uns tantos outros, por possivelmente terem subestimado a capacidade do Brasil em realizar o que acabou sendo uma Copa do Mundo esmagadoramente bem-sucedida\u201d. A mat\u00e9ria n\u00e3o estava livre de cr\u00edtica, mas o t\u00edtulo: \u201cComo o Brasil silenciou seus cr\u00edticos\u201d era consideravelmente mais generoso do que a vers\u00e3o mais neutra para os Jogos Ol\u00edmpicos: \u201c<a href=\"http:\/\/bbc.in\/2b8x4nP\" target=\"_blank\" rel=\"noopener\">Os Jogos Ol\u00edmpicos foram um sucesso para o Brasil?<\/a>\u201d, no artigo p\u00f3s-Olimp\u00edadas Wyre Davies foi mais expl\u00edcito sobre o que ele considerava um sucesso: \u201cde uma perspectiva puramente desportiva a Rio 2016 tem sido uma Olimp\u00edada extraordinariamente bem-sucedida\u201d.<\/p>\n<p>Outros exemplos de elogio eram ainda menos convincentes. O canadense <em>The National Post<\/em> criou uma narrativa articulada com baixas expectativas sobre o sucesso dos Jogos no Rio: \u201cAs Olimp\u00edadas do Rio ser\u00e3o lembrados como um sucesso porque n\u00e3o foram um fracasso&#8221;. At\u00e9 a linha no\u00a0<em>Los Angeles Times<\/em>, destacada pela Ag\u00eancia Brasil&#8211;\u201cOs Jogos do Rio provaram a\u00a0ser um desafio, mas no final as coisas n\u00e3o foram\u00a0t\u00e3o ruins assim\u201d&#8211;n\u00e3o era fez uma cr\u00edtica deslumbrante, mas isto foi apenas o subt\u00edtulo da mat\u00e9ria na p\u00e1gina inicial do site, e n\u00e3o uma parte da <a href=\"http:\/\/lat.ms\/2bGx8w1\" target=\"_blank\" rel=\"noopener\">avalia\u00e7\u00e3o equilibrada feita na pr\u00f3pria mat\u00e9ria<\/a>.<\/p>\n<p>Variando entre aprova\u00e7\u00e3o cautelosa e <a href=\"http:\/\/nyti.ms\/2bmBx7S\" target=\"_blank\" rel=\"noopener\">entusiasmo desenfreado pobremente justificado<\/a>, os elogios\u00a0para os Jogos Ol\u00edmpicos do Rio certamente prevaleceram nas an\u00e1lises de destaque na m\u00eddia de massa brasileira\u00a0da semana p\u00f3s-Olimp\u00edadas. Mas a rea\u00e7\u00e3o da m\u00eddia internacional foi\u00a0mais complexa do que as reportagens da\u00a0<em>Ag\u00eancia Brasil <\/em>e do governo federal admitiram, assim como com os\u00a0legados dos Jogos.<\/p>\n<!-- AddThis Advanced Settings generic via filter on the_content --><!-- AddThis Share Buttons generic via filter on the_content -->","protected":false},"excerpt":{"rendered":"<div class=\"mh-excerpt\"><p>Click Here for English Nos dias seguintes ao t\u00e9rmino das\u00a0Olimp\u00edadas 2016, a m\u00eddia brasileira examinou as rea\u00e7\u00f5es da imprensa internacional ao evento. A TV Globo afirmou que a m\u00eddia mundial n\u00e3o poupou elogios. Uma\u00a0mat\u00e9ria da <a class=\"mh-excerpt-more\" href=\"https:\/\/rioonwatch.org.br\/?p=22176\" title=\"Nem Toda a M\u00eddia Internacional Foi Arrebatada pela Euforia P\u00f3s-Ol\u00edmpica\">[&#8230;]<\/a><!-- AddThis Advanced Settings generic via filter on get_the_excerpt --><!-- AddThis Share Buttons generic via filter on get_the_excerpt --><\/p>\n<\/div>","protected":false},"author":129,"featured_media":22185,"comment_status":"closed","ping_status":"closed","sticky":false,"template":"","format":"standard","meta":{"_acf_changed":false,"_monsterinsights_skip_tracking":false,"_monsterinsights_sitenote_active":false,"_monsterinsights_sitenote_note":"","_monsterinsights_sitenote_category":0,"footnotes":""},"categories":[1635,1621],"tags":[589,1162,1167,1166,722,1240,1833,1021,1760,78],"writer":[1199],"translator":[1879],"source":[],"ilustrador":[],"fotografo":[],"class_list":{"0":"post-22176","1":"post","2":"type-post","3":"status-publish","4":"format-standard","5":"has-post-thumbnail","7":"category-1635","8":"category-destaque","9":"tag-coi","10":"tag-governo-federal","11":"tag-grande-midia","12":"tag-jornalismo","13":"tag-legado","14":"tag-megaeventos","15":"tag-michel-temer","16":"tag-mito-do-legado","17":"tag-narrativa-midiatica","18":"tag-olimpiadas","19":"writer-cerianne-robertson","20":"translator-leonardo-braga-nobre"},"acf":[],"yoast_head":"<!-- This site is optimized with the Yoast SEO plugin v25.6 - https:\/\/yoast.com\/wordpress\/plugins\/seo\/ -->\n<title>Nem Toda a M\u00eddia Internacional Foi Arrebatada pela Euforia P\u00f3s-Ol\u00edmpica - RioOnWatch<\/title>\n<meta name=\"robots\" content=\"index, follow, max-snippet:-1, max-image-preview:large, max-video-preview:-1\" \/>\n<link rel=\"canonical\" href=\"https:\/\/rioonwatch.org.br\/?p=22176\" \/>\n<meta property=\"og:locale\" content=\"pt_BR\" \/>\n<meta property=\"og:type\" content=\"article\" \/>\n<meta property=\"og:title\" content=\"Nem Toda a M\u00eddia Internacional Foi Arrebatada pela Euforia P\u00f3s-Ol\u00edmpica - RioOnWatch\" \/>\n<meta property=\"og:description\" content=\"Click Here for English Nos dias seguintes ao t\u00e9rmino das\u00a0Olimp\u00edadas 2016, a m\u00eddia brasileira examinou as rea\u00e7\u00f5es da imprensa internacional ao evento. A TV Globo afirmou que a m\u00eddia mundial n\u00e3o poupou elogios. Uma\u00a0mat\u00e9ria da [...]\" \/>\n<meta property=\"og:url\" content=\"https:\/\/rioonwatch.org.br\/?p=22176\" \/>\n<meta property=\"og:site_name\" content=\"RioOnWatch\" \/>\n<meta property=\"article:published_time\" content=\"2016-09-09T09:00:13+00:00\" \/>\n<meta property=\"article:modified_time\" content=\"2024-06-20T19:25:44+00:00\" \/>\n<meta property=\"og:image\" content=\"https:\/\/rioonwatch.org.br\/wp-content\/uploads\/2016\/09\/FF_cerimonia-encerramento-olimpiadas-Rio-2016-estadio-Maracana_01408212016-scaled.jpg\" \/>\n\t<meta property=\"og:image:width\" content=\"2560\" \/>\n\t<meta property=\"og:image:height\" content=\"1706\" \/>\n\t<meta property=\"og:image:type\" content=\"image\/jpeg\" \/>\n<meta name=\"author\" content=\"Admin\" \/>\n<meta name=\"twitter:card\" content=\"summary_large_image\" \/>\n<meta name=\"twitter:label1\" content=\"Escrito por\" \/>\n\t<meta name=\"twitter:data1\" content=\"Admin\" \/>\n\t<meta name=\"twitter:label2\" content=\"Est. tempo de leitura\" \/>\n\t<meta name=\"twitter:data2\" content=\"7 minutos\" \/>\n<script type=\"application\/ld+json\" class=\"yoast-schema-graph\">{\"@context\":\"https:\/\/schema.org\",\"@graph\":[{\"@type\":\"Article\",\"@id\":\"https:\/\/rioonwatch.org.br\/?p=22176#article\",\"isPartOf\":{\"@id\":\"https:\/\/rioonwatch.org.br\/?p=22176\"},\"author\":{\"name\":\"Admin\",\"@id\":\"https:\/\/rioonwatch.org.br\/#\/schema\/person\/11d64c290506f9df50c71b850c473f68\"},\"headline\":\"Nem Toda a M\u00eddia Internacional Foi Arrebatada pela Euforia P\u00f3s-Ol\u00edmpica\",\"datePublished\":\"2016-09-09T09:00:13+00:00\",\"dateModified\":\"2024-06-20T19:25:44+00:00\",\"mainEntityOfPage\":{\"@id\":\"https:\/\/rioonwatch.org.br\/?p=22176\"},\"wordCount\":1446,\"publisher\":{\"@id\":\"https:\/\/rioonwatch.org.br\/#organization\"},\"image\":{\"@id\":\"https:\/\/rioonwatch.org.br\/?p=22176#primaryimage\"},\"thumbnailUrl\":\"https:\/\/rioonwatch.org.br\/wp-content\/uploads\/2016\/09\/FF_cerimonia-encerramento-olimpiadas-Rio-2016-estadio-Maracana_01408212016-scaled.jpg\",\"keywords\":[\"COI\",\"Governo Federal\",\"grande m\u00eddia\",\"jornalismo\",\"Legado Ol\u00edmpico\",\"Megaeventos\",\"Michel Temer\",\"mito do legado\",\"narrativa midi\u00e1tica\",\"Olimp\u00edadas\"],\"articleSection\":[\"#Rio2016\",\"*Destaque\"],\"inLanguage\":\"pt-BR\"},{\"@type\":\"WebPage\",\"@id\":\"https:\/\/rioonwatch.org.br\/?p=22176\",\"url\":\"https:\/\/rioonwatch.org.br\/?p=22176\",\"name\":\"Nem Toda a M\u00eddia Internacional Foi Arrebatada pela Euforia P\u00f3s-Ol\u00edmpica - RioOnWatch\",\"isPartOf\":{\"@id\":\"https:\/\/rioonwatch.org.br\/#website\"},\"primaryImageOfPage\":{\"@id\":\"https:\/\/rioonwatch.org.br\/?p=22176#primaryimage\"},\"image\":{\"@id\":\"https:\/\/rioonwatch.org.br\/?p=22176#primaryimage\"},\"thumbnailUrl\":\"https:\/\/rioonwatch.org.br\/wp-content\/uploads\/2016\/09\/FF_cerimonia-encerramento-olimpiadas-Rio-2016-estadio-Maracana_01408212016-scaled.jpg\",\"datePublished\":\"2016-09-09T09:00:13+00:00\",\"dateModified\":\"2024-06-20T19:25:44+00:00\",\"breadcrumb\":{\"@id\":\"https:\/\/rioonwatch.org.br\/?p=22176#breadcrumb\"},\"inLanguage\":\"pt-BR\",\"potentialAction\":[{\"@type\":\"ReadAction\",\"target\":[\"https:\/\/rioonwatch.org.br\/?p=22176\"]}]},{\"@type\":\"ImageObject\",\"inLanguage\":\"pt-BR\",\"@id\":\"https:\/\/rioonwatch.org.br\/?p=22176#primaryimage\",\"url\":\"https:\/\/rioonwatch.org.br\/wp-content\/uploads\/2016\/09\/FF_cerimonia-encerramento-olimpiadas-Rio-2016-estadio-Maracana_01408212016-scaled.jpg\",\"contentUrl\":\"https:\/\/rioonwatch.org.br\/wp-content\/uploads\/2016\/09\/FF_cerimonia-encerramento-olimpiadas-Rio-2016-estadio-Maracana_01408212016-scaled.jpg\",\"width\":2560,\"height\":1706},{\"@type\":\"BreadcrumbList\",\"@id\":\"https:\/\/rioonwatch.org.br\/?p=22176#breadcrumb\",\"itemListElement\":[{\"@type\":\"ListItem\",\"position\":1,\"name\":\"In\u00edcio\",\"item\":\"https:\/\/rioonwatch.org.br\/\"},{\"@type\":\"ListItem\",\"position\":2,\"name\":\"Nem Toda a M\u00eddia Internacional Foi Arrebatada pela Euforia P\u00f3s-Ol\u00edmpica\"}]},{\"@type\":\"WebSite\",\"@id\":\"https:\/\/rioonwatch.org.br\/#website\",\"url\":\"https:\/\/rioonwatch.org.br\/\",\"name\":\"RioOnWatch\",\"description\":\"relatos das favelas cariocas\",\"publisher\":{\"@id\":\"https:\/\/rioonwatch.org.br\/#organization\"},\"potentialAction\":[{\"@type\":\"SearchAction\",\"target\":{\"@type\":\"EntryPoint\",\"urlTemplate\":\"https:\/\/rioonwatch.org.br\/?s={search_term_string}\"},\"query-input\":{\"@type\":\"PropertyValueSpecification\",\"valueRequired\":true,\"valueName\":\"search_term_string\"}}],\"inLanguage\":\"pt-BR\"},{\"@type\":\"Organization\",\"@id\":\"https:\/\/rioonwatch.org.br\/#organization\",\"name\":\"RioOnWatch\",\"url\":\"https:\/\/rioonwatch.org.br\/\",\"logo\":{\"@type\":\"ImageObject\",\"inLanguage\":\"pt-BR\",\"@id\":\"https:\/\/rioonwatch.org.br\/#\/schema\/logo\/image\/\",\"url\":\"https:\/\/rioonwatch.org.br\/wp-content\/uploads\/2021\/06\/RioOnWatchcabecalhoPT11anos-2.png\",\"contentUrl\":\"https:\/\/rioonwatch.org.br\/wp-content\/uploads\/2021\/06\/RioOnWatchcabecalhoPT11anos-2.png\",\"width\":779,\"height\":277,\"caption\":\"RioOnWatch\"},\"image\":{\"@id\":\"https:\/\/rioonwatch.org.br\/#\/schema\/logo\/image\/\"}},{\"@type\":\"Person\",\"@id\":\"https:\/\/rioonwatch.org.br\/#\/schema\/person\/11d64c290506f9df50c71b850c473f68\",\"name\":\"Admin\",\"image\":{\"@type\":\"ImageObject\",\"inLanguage\":\"pt-BR\",\"@id\":\"https:\/\/rioonwatch.org.br\/#\/schema\/person\/image\/\",\"url\":\"https:\/\/secure.gravatar.com\/avatar\/56211ac74568383903349a1485e3c325?s=96&d=blank&r=g\",\"contentUrl\":\"https:\/\/secure.gravatar.com\/avatar\/56211ac74568383903349a1485e3c325?s=96&d=blank&r=g\",\"caption\":\"Admin\"},\"url\":\"https:\/\/rioonwatch.org.br\/?author=129\"}]}<\/script>\n<!-- \/ Yoast SEO plugin. -->","yoast_head_json":{"title":"Nem Toda a M\u00eddia Internacional Foi Arrebatada pela Euforia P\u00f3s-Ol\u00edmpica - RioOnWatch","robots":{"index":"index","follow":"follow","max-snippet":"max-snippet:-1","max-image-preview":"max-image-preview:large","max-video-preview":"max-video-preview:-1"},"canonical":"https:\/\/rioonwatch.org.br\/?p=22176","og_locale":"pt_BR","og_type":"article","og_title":"Nem Toda a M\u00eddia Internacional Foi Arrebatada pela Euforia P\u00f3s-Ol\u00edmpica - RioOnWatch","og_description":"Click Here for English Nos dias seguintes ao t\u00e9rmino das\u00a0Olimp\u00edadas 2016, a m\u00eddia brasileira examinou as rea\u00e7\u00f5es da imprensa internacional ao evento. A TV Globo afirmou que a m\u00eddia mundial n\u00e3o poupou elogios. Uma\u00a0mat\u00e9ria da [...]","og_url":"https:\/\/rioonwatch.org.br\/?p=22176","og_site_name":"RioOnWatch","article_published_time":"2016-09-09T09:00:13+00:00","article_modified_time":"2024-06-20T19:25:44+00:00","og_image":[{"width":2560,"height":1706,"url":"https:\/\/rioonwatch.org.br\/wp-content\/uploads\/2016\/09\/FF_cerimonia-encerramento-olimpiadas-Rio-2016-estadio-Maracana_01408212016-scaled.jpg","type":"image\/jpeg"}],"author":"Admin","twitter_card":"summary_large_image","twitter_misc":{"Escrito por":"Admin","Est. tempo de leitura":"7 minutos"},"schema":{"@context":"https:\/\/schema.org","@graph":[{"@type":"Article","@id":"https:\/\/rioonwatch.org.br\/?p=22176#article","isPartOf":{"@id":"https:\/\/rioonwatch.org.br\/?p=22176"},"author":{"name":"Admin","@id":"https:\/\/rioonwatch.org.br\/#\/schema\/person\/11d64c290506f9df50c71b850c473f68"},"headline":"Nem Toda a M\u00eddia Internacional Foi Arrebatada pela Euforia P\u00f3s-Ol\u00edmpica","datePublished":"2016-09-09T09:00:13+00:00","dateModified":"2024-06-20T19:25:44+00:00","mainEntityOfPage":{"@id":"https:\/\/rioonwatch.org.br\/?p=22176"},"wordCount":1446,"publisher":{"@id":"https:\/\/rioonwatch.org.br\/#organization"},"image":{"@id":"https:\/\/rioonwatch.org.br\/?p=22176#primaryimage"},"thumbnailUrl":"https:\/\/rioonwatch.org.br\/wp-content\/uploads\/2016\/09\/FF_cerimonia-encerramento-olimpiadas-Rio-2016-estadio-Maracana_01408212016-scaled.jpg","keywords":["COI","Governo Federal","grande m\u00eddia","jornalismo","Legado Ol\u00edmpico","Megaeventos","Michel Temer","mito do legado","narrativa midi\u00e1tica","Olimp\u00edadas"],"articleSection":["#Rio2016","*Destaque"],"inLanguage":"pt-BR"},{"@type":"WebPage","@id":"https:\/\/rioonwatch.org.br\/?p=22176","url":"https:\/\/rioonwatch.org.br\/?p=22176","name":"Nem Toda a M\u00eddia Internacional Foi Arrebatada pela Euforia P\u00f3s-Ol\u00edmpica - RioOnWatch","isPartOf":{"@id":"https:\/\/rioonwatch.org.br\/#website"},"primaryImageOfPage":{"@id":"https:\/\/rioonwatch.org.br\/?p=22176#primaryimage"},"image":{"@id":"https:\/\/rioonwatch.org.br\/?p=22176#primaryimage"},"thumbnailUrl":"https:\/\/rioonwatch.org.br\/wp-content\/uploads\/2016\/09\/FF_cerimonia-encerramento-olimpiadas-Rio-2016-estadio-Maracana_01408212016-scaled.jpg","datePublished":"2016-09-09T09:00:13+00:00","dateModified":"2024-06-20T19:25:44+00:00","breadcrumb":{"@id":"https:\/\/rioonwatch.org.br\/?p=22176#breadcrumb"},"inLanguage":"pt-BR","potentialAction":[{"@type":"ReadAction","target":["https:\/\/rioonwatch.org.br\/?p=22176"]}]},{"@type":"ImageObject","inLanguage":"pt-BR","@id":"https:\/\/rioonwatch.org.br\/?p=22176#primaryimage","url":"https:\/\/rioonwatch.org.br\/wp-content\/uploads\/2016\/09\/FF_cerimonia-encerramento-olimpiadas-Rio-2016-estadio-Maracana_01408212016-scaled.jpg","contentUrl":"https:\/\/rioonwatch.org.br\/wp-content\/uploads\/2016\/09\/FF_cerimonia-encerramento-olimpiadas-Rio-2016-estadio-Maracana_01408212016-scaled.jpg","width":2560,"height":1706},{"@type":"BreadcrumbList","@id":"https:\/\/rioonwatch.org.br\/?p=22176#breadcrumb","itemListElement":[{"@type":"ListItem","position":1,"name":"In\u00edcio","item":"https:\/\/rioonwatch.org.br\/"},{"@type":"ListItem","position":2,"name":"Nem Toda a M\u00eddia Internacional Foi Arrebatada pela Euforia P\u00f3s-Ol\u00edmpica"}]},{"@type":"WebSite","@id":"https:\/\/rioonwatch.org.br\/#website","url":"https:\/\/rioonwatch.org.br\/","name":"RioOnWatch","description":"relatos das favelas cariocas","publisher":{"@id":"https:\/\/rioonwatch.org.br\/#organization"},"potentialAction":[{"@type":"SearchAction","target":{"@type":"EntryPoint","urlTemplate":"https:\/\/rioonwatch.org.br\/?s={search_term_string}"},"query-input":{"@type":"PropertyValueSpecification","valueRequired":true,"valueName":"search_term_string"}}],"inLanguage":"pt-BR"},{"@type":"Organization","@id":"https:\/\/rioonwatch.org.br\/#organization","name":"RioOnWatch","url":"https:\/\/rioonwatch.org.br\/","logo":{"@type":"ImageObject","inLanguage":"pt-BR","@id":"https:\/\/rioonwatch.org.br\/#\/schema\/logo\/image\/","url":"https:\/\/rioonwatch.org.br\/wp-content\/uploads\/2021\/06\/RioOnWatchcabecalhoPT11anos-2.png","contentUrl":"https:\/\/rioonwatch.org.br\/wp-content\/uploads\/2021\/06\/RioOnWatchcabecalhoPT11anos-2.png","width":779,"height":277,"caption":"RioOnWatch"},"image":{"@id":"https:\/\/rioonwatch.org.br\/#\/schema\/logo\/image\/"}},{"@type":"Person","@id":"https:\/\/rioonwatch.org.br\/#\/schema\/person\/11d64c290506f9df50c71b850c473f68","name":"Admin","image":{"@type":"ImageObject","inLanguage":"pt-BR","@id":"https:\/\/rioonwatch.org.br\/#\/schema\/person\/image\/","url":"https:\/\/secure.gravatar.com\/avatar\/56211ac74568383903349a1485e3c325?s=96&d=blank&r=g","contentUrl":"https:\/\/secure.gravatar.com\/avatar\/56211ac74568383903349a1485e3c325?s=96&d=blank&r=g","caption":"Admin"},"url":"https:\/\/rioonwatch.org.br\/?author=129"}]}},"_links":{"self":[{"href":"https:\/\/rioonwatch.org.br\/index.php?rest_route=\/wp\/v2\/posts\/22176"}],"collection":[{"href":"https:\/\/rioonwatch.org.br\/index.php?rest_route=\/wp\/v2\/posts"}],"about":[{"href":"https:\/\/rioonwatch.org.br\/index.php?rest_route=\/wp\/v2\/types\/post"}],"author":[{"embeddable":true,"href":"https:\/\/rioonwatch.org.br\/index.php?rest_route=\/wp\/v2\/users\/129"}],"replies":[{"embeddable":true,"href":"https:\/\/rioonwatch.org.br\/index.php?rest_route=%2Fwp%2Fv2%2Fcomments&post=22176"}],"version-history":[{"count":20,"href":"https:\/\/rioonwatch.org.br\/index.php?rest_route=\/wp\/v2\/posts\/22176\/revisions"}],"predecessor-version":[{"id":74150,"href":"https:\/\/rioonwatch.org.br\/index.php?rest_route=\/wp\/v2\/posts\/22176\/revisions\/74150"}],"wp:featuredmedia":[{"embeddable":true,"href":"https:\/\/rioonwatch.org.br\/index.php?rest_route=\/wp\/v2\/media\/22185"}],"wp:attachment":[{"href":"https:\/\/rioonwatch.org.br\/index.php?rest_route=%2Fwp%2Fv2%2Fmedia&parent=22176"}],"wp:term":[{"taxonomy":"category","embeddable":true,"href":"https:\/\/rioonwatch.org.br\/index.php?rest_route=%2Fwp%2Fv2%2Fcategories&post=22176"},{"taxonomy":"post_tag","embeddable":true,"href":"https:\/\/rioonwatch.org.br\/index.php?rest_route=%2Fwp%2Fv2%2Ftags&post=22176"},{"taxonomy":"writer","embeddable":true,"href":"https:\/\/rioonwatch.org.br\/index.php?rest_route=%2Fwp%2Fv2%2Fwriter&post=22176"},{"taxonomy":"translator","embeddable":true,"href":"https:\/\/rioonwatch.org.br\/index.php?rest_route=%2Fwp%2Fv2%2Ftranslator&post=22176"},{"taxonomy":"source","embeddable":true,"href":"https:\/\/rioonwatch.org.br\/index.php?rest_route=%2Fwp%2Fv2%2Fsource&post=22176"},{"taxonomy":"ilustrador","embeddable":true,"href":"https:\/\/rioonwatch.org.br\/index.php?rest_route=%2Fwp%2Fv2%2Filustrador&post=22176"},{"taxonomy":"fotografo","embeddable":true,"href":"https:\/\/rioonwatch.org.br\/index.php?rest_route=%2Fwp%2Fv2%2Ffotografo&post=22176"}],"curies":[{"name":"wp","href":"https:\/\/api.w.org\/{rel}","templated":true}]}}