{"id":22198,"date":"2016-09-10T12:04:23","date_gmt":"2016-09-10T15:04:23","guid":{"rendered":"http:\/\/rioonwatch.org.br\/?p=22198"},"modified":"2017-08-07T15:08:38","modified_gmt":"2017-08-07T18:08:38","slug":"moradores-de-favelas-da-zona-norte-discutem-problemas-com-moradia-em-audiencia-publica-do-pac","status":"publish","type":"post","link":"https:\/\/rioonwatch.org.br\/?p=22198","title":{"rendered":"Favelas da Zona Norte Discutem Problemas Com Moradia em Audi\u00eancia P\u00fablica do PAC"},"content":{"rendered":"<p style=\"text-align: right;\"><em><strong><a href=\"http:\/\/bit.ly\/2bRIaMH\" target=\"_blank\" rel=\"noopener\">Click Here for English<img decoding=\"async\" width=\"20\" height=\"20\" class=\"alignright wp-image-15790\" src=\"http:\/\/rioonwatch.org.br\/wp-content\/uploads\/2012\/08\/EN-standard-e1439583104716.jpg\" alt=\"\" \/><\/a><\/strong><\/em><\/p>\n<p>No dia 31 de agosto, a\u00a0<a href=\"http:\/\/bit.ly\/1kcl02n\" target=\"_blank\" rel=\"noopener\">Defensoria P\u00fablica<\/a> do Estado do Rio de Janeiro realizou uma <a href=\"http:\/\/bit.ly\/2crekO1\" target=\"_blank\" rel=\"noopener\">audi\u00eancia p\u00fablica<\/a> para moradores do <a href=\"http:\/\/bit.ly\/U0MiGm\" target=\"_blank\" rel=\"noopener\">Complexo do Alem\u00e3o<\/a>, <a href=\"http:\/\/bit.ly\/19t7wK0\" target=\"_blank\" rel=\"noopener\">Jacarezinho<\/a>, <a href=\"http:\/\/bit.ly\/ZC9b6z\" target=\"_blank\" rel=\"noopener\">Manguinhos<\/a> e favelas do <a href=\"http:\/\/bit.ly\/1QSoSTW\" target=\"_blank\" rel=\"noopener\">Caju<\/a>, todas na <a href=\"http:\/\/bit.ly\/WximDf\" target=\"_blank\" rel=\"noopener\">Zona Norte<\/a>, para dar voz ao descontentamento dos moradores com projetos inacabados do <a href=\"http:\/\/bit.ly\/NnSmIP\" target=\"_blank\" rel=\"noopener\">PAC<\/a> nas suas comunidades.<\/p>\n<p><span style=\"font-weight: 400;\">A audi\u00eancia foi organizada pelo N\u00facleo de Terras e Habita\u00e7\u00e3o (NUTH) da Defensoria P\u00fablica junto com l\u00edderes comunit\u00e1rios do Alem\u00e3o, Jacarezinho, e Manguinhos. Entre os oito membros do painel estavam autoridades de institui\u00e7\u00f5es relevantes, incluindo a Caixa Econ\u00f4mica Federal que financia os projetos, v\u00e1rias comiss\u00f5es estaduais relacionadas a\u00a0<a href=\"http:\/\/bit.ly\/2ctU3Z3\" target=\"_blank\" rel=\"noopener\">obras p\u00fablicas<\/a> e <a href=\"http:\/\/bit.ly\/1rKFP6K\" target=\"_blank\" rel=\"noopener\">habita\u00e7\u00e3o<\/a>, e procuradores junto ao gabinete da Defensoria P\u00fablica. Representantes da prefeitura foram convidados mas n\u00e3o compareceram a audi\u00eancia.<\/span><\/p>\n<p><span style=\"font-weight: 400;\">Mais de uma hora antes da audi\u00eancia, que come\u00e7ou \u00e0s 13h, moradores se reuniram em frente da Defensoria P\u00fablica no Centro do Rio segurando cartazes que expressavam a frustra\u00e7\u00e3o deles com o atraso nas obras e com as <a href=\"http:\/\/bit.ly\/X51Qvb\" target=\"_blank\" rel=\"noopener\">remo\u00e7\u00f5es<\/a>. Mais de 400 pessoas compareceram \u00e0 audi\u00eancia, que tamb\u00e9m foi transmitida ao vivo em uma sala lotada.<\/span><\/p>\n<p><span style=\"font-weight: 400;\">Tendo previsto o alto n\u00famero de pessoas presentes, l\u00edderes comunit\u00e1rios organizaram, antecipadamente, quais moradores falariam. Foram tr\u00eas de cada comunidade, sendo elas Alem\u00e3o, Jacarezinho e Manguinhos, e mais um morador do Caju completando o painel. Todas as reclama\u00e7\u00f5es de moradores estavam focadas na falha em proporcionar a moradia prometida e nos insuficientes pagamentos de <a href=\"http:\/\/bit.ly\/UBbISE\" target=\"_blank\" rel=\"noopener\">aluguel social<\/a>. <\/span><\/p>\n<p><a href=\"http:\/\/rioonwatch.org.br\/wp-content\/uploads\/2016\/09\/pac_audiencia_publica_panel-2000x1125.jpg\"><img fetchpriority=\"high\" decoding=\"async\" class=\"aligncenter wp-image-22205 size-content\" title=\"Painel na audi\u00eancia p\u00fablica Moradia - PAC Favelas\" src=\"http:\/\/rioonwatch.org.br\/wp-content\/uploads\/2016\/09\/pac_audiencia_publica_panel-2000x1125-620x264.jpg\" alt=\"pac_audiencia_publica_panel-2000x1125\" width=\"620\" height=\"264\" srcset=\"https:\/\/rioonwatch.org.br\/wp-content\/uploads\/2016\/09\/pac_audiencia_publica_panel-2000x1125-620x264.jpg 620w, https:\/\/rioonwatch.org.br\/wp-content\/uploads\/2016\/09\/pac_audiencia_publica_panel-2000x1125-940x400.jpg 940w\" sizes=\"(max-width: 620px) 100vw, 620px\" \/><\/a><\/p>\n<p><span style=\"font-weight: 400;\">Camila, uma moradora da Alem\u00e3o, falou que foi removida de sua casa na <a href=\"http:\/\/bit.ly\/1Hr116e\" target=\"_blank\" rel=\"noopener\">Favela da Skol<\/a> seis anos atr\u00e1s, e que ainda n\u00e3o <a href=\"http:\/\/bit.ly\/21oluEx\" target=\"_blank\" rel=\"noopener\">recebeu a moradia<\/a> prometida pelo governo. Sua pergunta para o painel era quando ela e outros moradores receberiam a moradia: \u201cA\u00a0gente precisa de data, data para o in\u00edcio das obras das nossas moradias, de cada uma\u201d.<\/span><\/p>\n<p><span style=\"font-weight: 400;\">Camila tamb\u00e9m expressou insatisfa\u00e7\u00e3o com o <a href=\"http:\/\/bit.ly\/1EiYl09\" target=\"_blank\" rel=\"noopener\">telef\u00e9rico<\/a>, projeto de infraestrutura controverso finalizado em 2011. \u201cE eles querem o telef\u00e9rico para qu\u00ea? Para passearem pelo morro sem se cansar?&#8230; N\u00f3s subimos o morro h\u00e1 muito tempo sem nos cansar. O telef\u00e9rico n\u00e3o era nossa prioridade&#8221;.<\/span><\/p>\n<p><span style=\"font-weight: 400;\">Pagamentos de aluguel social, explicou M\u00e1rcio, um morador de Manguinhos, foram definidos em R$400 por m\u00eas nos \u00faltimos seis anos, mas o aluguel \u00e9 mais caro que isso. Ele pediu em nome dos outros moradores que o pagamento do aluguel social fosse aumentado para R$600. Moradores na plat\u00e9ia estavam visivelmente insatisfeitos quando representantes da Caixa Econ\u00f4mica Federal, que supervisionam as transfer\u00eancias financeiras, falaram. Os representantes disseram que a Caixa \u00e9 respons\u00e1vel apenas pelas transfer\u00eancias financeiras, e que a Caixa n\u00e3o pode mudar nada no que diz respeito \u00e0s pol\u00edticas de habita\u00e7\u00e3o. <\/span><\/p>\n<p><span style=\"font-weight: 400;\">Outras autoridades do painel tamb\u00e9m foram incapazes de responder \u00e0s perguntas dos moradores ou oferecer solu\u00e7\u00f5es completas. De acordo com Claudio Maximiano da Secretaria de Obras do Estado, projetos habitacionais como o <a href=\"http:\/\/bit.ly\/Y4U9oJ\" target=\"_blank\" rel=\"noopener\">Minha Casa Minha Vida<\/a> dependem de aprova\u00e7\u00e3o federal, e por esta raz\u00e3o as ag\u00eancias estatais representados na audi\u00eancia foram\u00a0incapazes de avan\u00e7ar por conta pr\u00f3pria. As moradias inacabadas prometidas para os antigos moradores da Skol, como Camila, est\u00e3o no \u00e2mbito do programa MCMV, cujas habita\u00e7\u00f5es s\u00e3o destinadas para fam\u00edlias em situa\u00e7\u00f5es de moradia prec\u00e1ria. Por\u00e9m no Rio o programa \u00e9 muitas vezes mal utilizado, sendo usado para reassentar\u00a0fam\u00edlias removidas de casas funcionais.<\/span><\/p>\n<p><span style=\"font-weight: 400;\">Apesar da falta de respostas concretas \u00e0s perguntas dos moradores, a audi\u00eancia serviu para abrir um di\u00e1logo entre moradores e autoridades p\u00fablicas. Mais duas reuni\u00f5es foram agendadas para o dia 9 de setembro, com a Secretaria de Estado de Assist\u00eancia Social e Direitos Humanos para discutir o pagamento de aluguel\u00a0social, e outra no dia 13 de setembro com a Secretaria de Estado de Obras para discutir a constru\u00e7\u00e3o das habita\u00e7\u00f5es adiadas. Al\u00e9m disso, a Defensoria P\u00fablica prometeu apresentar um pedido de aumento nos pagamentos de\u00a0aluguel social. <\/span><\/p>\n<!-- AddThis Advanced Settings generic via filter on the_content --><!-- AddThis Share Buttons generic via filter on the_content -->","protected":false},"excerpt":{"rendered":"<div class=\"mh-excerpt\"><p>Click Here for English No dia 31 de agosto, a\u00a0Defensoria P\u00fablica do Estado do Rio de Janeiro realizou uma audi\u00eancia p\u00fablica para moradores do Complexo do Alem\u00e3o, Jacarezinho, Manguinhos e favelas do Caju, todas na <a class=\"mh-excerpt-more\" href=\"https:\/\/rioonwatch.org.br\/?p=22198\" title=\"Favelas da Zona Norte Discutem Problemas Com Moradia em Audi\u00eancia P\u00fablica do PAC\">[&#8230;]<\/a><!-- AddThis Advanced Settings generic via filter on get_the_excerpt --><!-- AddThis Share Buttons generic via filter on get_the_excerpt --><\/p>\n<\/div>","protected":false},"author":129,"featured_media":22203,"comment_status":"closed","ping_status":"closed","sticky":false,"template":"","format":"standard","meta":{"_acf_changed":false,"_monsterinsights_skip_tracking":false,"_monsterinsights_sitenote_active":false,"_monsterinsights_sitenote_note":"","_monsterinsights_sitenote_category":0,"footnotes":""},"categories":[1614,1627,1626,344],"tags":[17,217,90,1527,994,599,636,246,1037,534,36,839,14,262,218],"writer":[1960],"translator":[1961],"source":[],"ilustrador":[],"fotografo":[],"class_list":{"0":"post-22198","1":"post","2":"type-post","3":"status-publish","4":"format-standard","5":"has-post-thumbnail","7":"category-olhonasremocoes","8":"category-relato-de-evento","9":"category-por-observadores-internacionais","10":"category-politicas","11":"tag-aluguel-social","12":"tag-complexo-do-alemao","13":"tag-defensoria-publica","14":"tag-favela-da-skol","15":"tag-habitacao-publica","16":"tag-jacarezinho","17":"tag-manguinhos","18":"tag-minha-casa-minha-vida","19":"tag-moradia","20":"tag-obras-publicas","21":"tag-pac","22":"tag-prioridades-publicas-equivocadas","23":"tag-remocao","24":"tag-teleferico","25":"tag-zona-norte","26":"writer-laura-bachmann","27":"translator-laura-fairman"},"acf":[],"yoast_head":"<!-- This site is optimized with the Yoast SEO plugin v25.6 - https:\/\/yoast.com\/wordpress\/plugins\/seo\/ -->\n<title>Favelas da Zona Norte Discutem Problemas Com Moradia em Audi\u00eancia P\u00fablica do PAC - RioOnWatch<\/title>\n<meta name=\"robots\" content=\"index, follow, max-snippet:-1, max-image-preview:large, max-video-preview:-1\" \/>\n<link rel=\"canonical\" href=\"https:\/\/rioonwatch.org.br\/?p=22198\" \/>\n<meta property=\"og:locale\" content=\"pt_BR\" \/>\n<meta property=\"og:type\" content=\"article\" \/>\n<meta property=\"og:title\" content=\"Favelas da Zona Norte Discutem Problemas Com Moradia em Audi\u00eancia P\u00fablica do PAC - RioOnWatch\" \/>\n<meta property=\"og:description\" content=\"Click Here for English No dia 31 de agosto, a\u00a0Defensoria P\u00fablica do Estado do Rio de Janeiro realizou uma audi\u00eancia p\u00fablica para moradores do Complexo do Alem\u00e3o, Jacarezinho, Manguinhos e favelas do Caju, todas na [...]\" \/>\n<meta property=\"og:url\" content=\"https:\/\/rioonwatch.org.br\/?p=22198\" \/>\n<meta property=\"og:site_name\" content=\"RioOnWatch\" \/>\n<meta property=\"article:published_time\" content=\"2016-09-10T15:04:23+00:00\" \/>\n<meta property=\"article:modified_time\" content=\"2017-08-07T18:08:38+00:00\" \/>\n<meta property=\"og:image\" content=\"https:\/\/rioonwatch.org.br\/wp-content\/uploads\/2016\/09\/audiencia-publica-moradia-porque-na-luta-banner.jpg\" \/>\n\t<meta property=\"og:image:width\" content=\"2000\" \/>\n\t<meta property=\"og:image:height\" content=\"1015\" \/>\n\t<meta property=\"og:image:type\" content=\"image\/jpeg\" \/>\n<meta name=\"author\" content=\"Admin\" \/>\n<meta name=\"twitter:card\" content=\"summary_large_image\" \/>\n<meta name=\"twitter:label1\" content=\"Escrito por\" \/>\n\t<meta name=\"twitter:data1\" content=\"Admin\" \/>\n\t<meta name=\"twitter:label2\" content=\"Est. tempo de leitura\" \/>\n\t<meta name=\"twitter:data2\" content=\"3 minutos\" \/>\n<script type=\"application\/ld+json\" class=\"yoast-schema-graph\">{\"@context\":\"https:\/\/schema.org\",\"@graph\":[{\"@type\":\"Article\",\"@id\":\"https:\/\/rioonwatch.org.br\/?p=22198#article\",\"isPartOf\":{\"@id\":\"https:\/\/rioonwatch.org.br\/?p=22198\"},\"author\":{\"name\":\"Admin\",\"@id\":\"https:\/\/rioonwatch.org.br\/#\/schema\/person\/11d64c290506f9df50c71b850c473f68\"},\"headline\":\"Favelas da Zona Norte Discutem Problemas Com Moradia em Audi\u00eancia P\u00fablica do PAC\",\"datePublished\":\"2016-09-10T15:04:23+00:00\",\"dateModified\":\"2017-08-07T18:08:38+00:00\",\"mainEntityOfPage\":{\"@id\":\"https:\/\/rioonwatch.org.br\/?p=22198\"},\"wordCount\":708,\"publisher\":{\"@id\":\"https:\/\/rioonwatch.org.br\/#organization\"},\"image\":{\"@id\":\"https:\/\/rioonwatch.org.br\/?p=22198#primaryimage\"},\"thumbnailUrl\":\"https:\/\/rioonwatch.org.br\/wp-content\/uploads\/2016\/09\/audiencia-publica-moradia-porque-na-luta-banner.jpg\",\"keywords\":[\"Aluguel social\",\"Complexo do Alem\u00e3o\",\"Defensoria P\u00fablica\",\"Favela da Skol\",\"habita\u00e7\u00e3o p\u00fablica\",\"Jacarezinho\",\"Manguinhos\",\"Minha Casa Minha Vida\",\"moradia\",\"obras p\u00fablicas\",\"PAC\",\"prioridades p\u00fablicas equivocadas\",\"Remo\u00e7\u00e3o\",\"telef\u00e9rico\",\"Zona Norte\"],\"articleSection\":[\"#OlhoNasRemo\u00e7\u00f5es\",\"Cobertura de Eventos\",\"Escrito por Aliados\",\"Pol\u00edticas\"],\"inLanguage\":\"pt-BR\"},{\"@type\":\"WebPage\",\"@id\":\"https:\/\/rioonwatch.org.br\/?p=22198\",\"url\":\"https:\/\/rioonwatch.org.br\/?p=22198\",\"name\":\"Favelas da Zona Norte Discutem Problemas Com Moradia em Audi\u00eancia P\u00fablica do PAC - RioOnWatch\",\"isPartOf\":{\"@id\":\"https:\/\/rioonwatch.org.br\/#website\"},\"primaryImageOfPage\":{\"@id\":\"https:\/\/rioonwatch.org.br\/?p=22198#primaryimage\"},\"image\":{\"@id\":\"https:\/\/rioonwatch.org.br\/?p=22198#primaryimage\"},\"thumbnailUrl\":\"https:\/\/rioonwatch.org.br\/wp-content\/uploads\/2016\/09\/audiencia-publica-moradia-porque-na-luta-banner.jpg\",\"datePublished\":\"2016-09-10T15:04:23+00:00\",\"dateModified\":\"2017-08-07T18:08:38+00:00\",\"breadcrumb\":{\"@id\":\"https:\/\/rioonwatch.org.br\/?p=22198#breadcrumb\"},\"inLanguage\":\"pt-BR\",\"potentialAction\":[{\"@type\":\"ReadAction\",\"target\":[\"https:\/\/rioonwatch.org.br\/?p=22198\"]}]},{\"@type\":\"ImageObject\",\"inLanguage\":\"pt-BR\",\"@id\":\"https:\/\/rioonwatch.org.br\/?p=22198#primaryimage\",\"url\":\"https:\/\/rioonwatch.org.br\/wp-content\/uploads\/2016\/09\/audiencia-publica-moradia-porque-na-luta-banner.jpg\",\"contentUrl\":\"https:\/\/rioonwatch.org.br\/wp-content\/uploads\/2016\/09\/audiencia-publica-moradia-porque-na-luta-banner.jpg\",\"width\":2000,\"height\":1015},{\"@type\":\"BreadcrumbList\",\"@id\":\"https:\/\/rioonwatch.org.br\/?p=22198#breadcrumb\",\"itemListElement\":[{\"@type\":\"ListItem\",\"position\":1,\"name\":\"In\u00edcio\",\"item\":\"https:\/\/rioonwatch.org.br\/\"},{\"@type\":\"ListItem\",\"position\":2,\"name\":\"Favelas da Zona Norte Discutem Problemas Com Moradia em Audi\u00eancia P\u00fablica do PAC\"}]},{\"@type\":\"WebSite\",\"@id\":\"https:\/\/rioonwatch.org.br\/#website\",\"url\":\"https:\/\/rioonwatch.org.br\/\",\"name\":\"RioOnWatch\",\"description\":\"relatos das favelas cariocas\",\"publisher\":{\"@id\":\"https:\/\/rioonwatch.org.br\/#organization\"},\"potentialAction\":[{\"@type\":\"SearchAction\",\"target\":{\"@type\":\"EntryPoint\",\"urlTemplate\":\"https:\/\/rioonwatch.org.br\/?s={search_term_string}\"},\"query-input\":{\"@type\":\"PropertyValueSpecification\",\"valueRequired\":true,\"valueName\":\"search_term_string\"}}],\"inLanguage\":\"pt-BR\"},{\"@type\":\"Organization\",\"@id\":\"https:\/\/rioonwatch.org.br\/#organization\",\"name\":\"RioOnWatch\",\"url\":\"https:\/\/rioonwatch.org.br\/\",\"logo\":{\"@type\":\"ImageObject\",\"inLanguage\":\"pt-BR\",\"@id\":\"https:\/\/rioonwatch.org.br\/#\/schema\/logo\/image\/\",\"url\":\"https:\/\/rioonwatch.org.br\/wp-content\/uploads\/2021\/06\/RioOnWatchcabecalhoPT11anos-2.png\",\"contentUrl\":\"https:\/\/rioonwatch.org.br\/wp-content\/uploads\/2021\/06\/RioOnWatchcabecalhoPT11anos-2.png\",\"width\":779,\"height\":277,\"caption\":\"RioOnWatch\"},\"image\":{\"@id\":\"https:\/\/rioonwatch.org.br\/#\/schema\/logo\/image\/\"}},{\"@type\":\"Person\",\"@id\":\"https:\/\/rioonwatch.org.br\/#\/schema\/person\/11d64c290506f9df50c71b850c473f68\",\"name\":\"Admin\",\"image\":{\"@type\":\"ImageObject\",\"inLanguage\":\"pt-BR\",\"@id\":\"https:\/\/rioonwatch.org.br\/#\/schema\/person\/image\/\",\"url\":\"https:\/\/secure.gravatar.com\/avatar\/56211ac74568383903349a1485e3c325?s=96&d=blank&r=g\",\"contentUrl\":\"https:\/\/secure.gravatar.com\/avatar\/56211ac74568383903349a1485e3c325?s=96&d=blank&r=g\",\"caption\":\"Admin\"},\"url\":\"https:\/\/rioonwatch.org.br\/?author=129\"}]}<\/script>\n<!-- \/ Yoast SEO plugin. -->","yoast_head_json":{"title":"Favelas da Zona Norte Discutem Problemas Com Moradia em Audi\u00eancia P\u00fablica do PAC - RioOnWatch","robots":{"index":"index","follow":"follow","max-snippet":"max-snippet:-1","max-image-preview":"max-image-preview:large","max-video-preview":"max-video-preview:-1"},"canonical":"https:\/\/rioonwatch.org.br\/?p=22198","og_locale":"pt_BR","og_type":"article","og_title":"Favelas da Zona Norte Discutem Problemas Com Moradia em Audi\u00eancia P\u00fablica do PAC - RioOnWatch","og_description":"Click Here for English No dia 31 de agosto, a\u00a0Defensoria P\u00fablica do Estado do Rio de Janeiro realizou uma audi\u00eancia p\u00fablica para moradores do Complexo do Alem\u00e3o, Jacarezinho, Manguinhos e favelas do Caju, todas na [...]","og_url":"https:\/\/rioonwatch.org.br\/?p=22198","og_site_name":"RioOnWatch","article_published_time":"2016-09-10T15:04:23+00:00","article_modified_time":"2017-08-07T18:08:38+00:00","og_image":[{"width":2000,"height":1015,"url":"https:\/\/rioonwatch.org.br\/wp-content\/uploads\/2016\/09\/audiencia-publica-moradia-porque-na-luta-banner.jpg","type":"image\/jpeg"}],"author":"Admin","twitter_card":"summary_large_image","twitter_misc":{"Escrito por":"Admin","Est. tempo de leitura":"3 minutos"},"schema":{"@context":"https:\/\/schema.org","@graph":[{"@type":"Article","@id":"https:\/\/rioonwatch.org.br\/?p=22198#article","isPartOf":{"@id":"https:\/\/rioonwatch.org.br\/?p=22198"},"author":{"name":"Admin","@id":"https:\/\/rioonwatch.org.br\/#\/schema\/person\/11d64c290506f9df50c71b850c473f68"},"headline":"Favelas da Zona Norte Discutem Problemas Com Moradia em Audi\u00eancia P\u00fablica do PAC","datePublished":"2016-09-10T15:04:23+00:00","dateModified":"2017-08-07T18:08:38+00:00","mainEntityOfPage":{"@id":"https:\/\/rioonwatch.org.br\/?p=22198"},"wordCount":708,"publisher":{"@id":"https:\/\/rioonwatch.org.br\/#organization"},"image":{"@id":"https:\/\/rioonwatch.org.br\/?p=22198#primaryimage"},"thumbnailUrl":"https:\/\/rioonwatch.org.br\/wp-content\/uploads\/2016\/09\/audiencia-publica-moradia-porque-na-luta-banner.jpg","keywords":["Aluguel social","Complexo do Alem\u00e3o","Defensoria P\u00fablica","Favela da Skol","habita\u00e7\u00e3o p\u00fablica","Jacarezinho","Manguinhos","Minha Casa Minha Vida","moradia","obras p\u00fablicas","PAC","prioridades p\u00fablicas equivocadas","Remo\u00e7\u00e3o","telef\u00e9rico","Zona Norte"],"articleSection":["#OlhoNasRemo\u00e7\u00f5es","Cobertura de Eventos","Escrito por Aliados","Pol\u00edticas"],"inLanguage":"pt-BR"},{"@type":"WebPage","@id":"https:\/\/rioonwatch.org.br\/?p=22198","url":"https:\/\/rioonwatch.org.br\/?p=22198","name":"Favelas da Zona Norte Discutem Problemas Com Moradia em Audi\u00eancia P\u00fablica do PAC - RioOnWatch","isPartOf":{"@id":"https:\/\/rioonwatch.org.br\/#website"},"primaryImageOfPage":{"@id":"https:\/\/rioonwatch.org.br\/?p=22198#primaryimage"},"image":{"@id":"https:\/\/rioonwatch.org.br\/?p=22198#primaryimage"},"thumbnailUrl":"https:\/\/rioonwatch.org.br\/wp-content\/uploads\/2016\/09\/audiencia-publica-moradia-porque-na-luta-banner.jpg","datePublished":"2016-09-10T15:04:23+00:00","dateModified":"2017-08-07T18:08:38+00:00","breadcrumb":{"@id":"https:\/\/rioonwatch.org.br\/?p=22198#breadcrumb"},"inLanguage":"pt-BR","potentialAction":[{"@type":"ReadAction","target":["https:\/\/rioonwatch.org.br\/?p=22198"]}]},{"@type":"ImageObject","inLanguage":"pt-BR","@id":"https:\/\/rioonwatch.org.br\/?p=22198#primaryimage","url":"https:\/\/rioonwatch.org.br\/wp-content\/uploads\/2016\/09\/audiencia-publica-moradia-porque-na-luta-banner.jpg","contentUrl":"https:\/\/rioonwatch.org.br\/wp-content\/uploads\/2016\/09\/audiencia-publica-moradia-porque-na-luta-banner.jpg","width":2000,"height":1015},{"@type":"BreadcrumbList","@id":"https:\/\/rioonwatch.org.br\/?p=22198#breadcrumb","itemListElement":[{"@type":"ListItem","position":1,"name":"In\u00edcio","item":"https:\/\/rioonwatch.org.br\/"},{"@type":"ListItem","position":2,"name":"Favelas da Zona Norte Discutem Problemas Com Moradia em Audi\u00eancia P\u00fablica do PAC"}]},{"@type":"WebSite","@id":"https:\/\/rioonwatch.org.br\/#website","url":"https:\/\/rioonwatch.org.br\/","name":"RioOnWatch","description":"relatos das favelas cariocas","publisher":{"@id":"https:\/\/rioonwatch.org.br\/#organization"},"potentialAction":[{"@type":"SearchAction","target":{"@type":"EntryPoint","urlTemplate":"https:\/\/rioonwatch.org.br\/?s={search_term_string}"},"query-input":{"@type":"PropertyValueSpecification","valueRequired":true,"valueName":"search_term_string"}}],"inLanguage":"pt-BR"},{"@type":"Organization","@id":"https:\/\/rioonwatch.org.br\/#organization","name":"RioOnWatch","url":"https:\/\/rioonwatch.org.br\/","logo":{"@type":"ImageObject","inLanguage":"pt-BR","@id":"https:\/\/rioonwatch.org.br\/#\/schema\/logo\/image\/","url":"https:\/\/rioonwatch.org.br\/wp-content\/uploads\/2021\/06\/RioOnWatchcabecalhoPT11anos-2.png","contentUrl":"https:\/\/rioonwatch.org.br\/wp-content\/uploads\/2021\/06\/RioOnWatchcabecalhoPT11anos-2.png","width":779,"height":277,"caption":"RioOnWatch"},"image":{"@id":"https:\/\/rioonwatch.org.br\/#\/schema\/logo\/image\/"}},{"@type":"Person","@id":"https:\/\/rioonwatch.org.br\/#\/schema\/person\/11d64c290506f9df50c71b850c473f68","name":"Admin","image":{"@type":"ImageObject","inLanguage":"pt-BR","@id":"https:\/\/rioonwatch.org.br\/#\/schema\/person\/image\/","url":"https:\/\/secure.gravatar.com\/avatar\/56211ac74568383903349a1485e3c325?s=96&d=blank&r=g","contentUrl":"https:\/\/secure.gravatar.com\/avatar\/56211ac74568383903349a1485e3c325?s=96&d=blank&r=g","caption":"Admin"},"url":"https:\/\/rioonwatch.org.br\/?author=129"}]}},"_links":{"self":[{"href":"https:\/\/rioonwatch.org.br\/index.php?rest_route=\/wp\/v2\/posts\/22198"}],"collection":[{"href":"https:\/\/rioonwatch.org.br\/index.php?rest_route=\/wp\/v2\/posts"}],"about":[{"href":"https:\/\/rioonwatch.org.br\/index.php?rest_route=\/wp\/v2\/types\/post"}],"author":[{"embeddable":true,"href":"https:\/\/rioonwatch.org.br\/index.php?rest_route=\/wp\/v2\/users\/129"}],"replies":[{"embeddable":true,"href":"https:\/\/rioonwatch.org.br\/index.php?rest_route=%2Fwp%2Fv2%2Fcomments&post=22198"}],"version-history":[{"count":15,"href":"https:\/\/rioonwatch.org.br\/index.php?rest_route=\/wp\/v2\/posts\/22198\/revisions"}],"predecessor-version":[{"id":27470,"href":"https:\/\/rioonwatch.org.br\/index.php?rest_route=\/wp\/v2\/posts\/22198\/revisions\/27470"}],"wp:featuredmedia":[{"embeddable":true,"href":"https:\/\/rioonwatch.org.br\/index.php?rest_route=\/wp\/v2\/media\/22203"}],"wp:attachment":[{"href":"https:\/\/rioonwatch.org.br\/index.php?rest_route=%2Fwp%2Fv2%2Fmedia&parent=22198"}],"wp:term":[{"taxonomy":"category","embeddable":true,"href":"https:\/\/rioonwatch.org.br\/index.php?rest_route=%2Fwp%2Fv2%2Fcategories&post=22198"},{"taxonomy":"post_tag","embeddable":true,"href":"https:\/\/rioonwatch.org.br\/index.php?rest_route=%2Fwp%2Fv2%2Ftags&post=22198"},{"taxonomy":"writer","embeddable":true,"href":"https:\/\/rioonwatch.org.br\/index.php?rest_route=%2Fwp%2Fv2%2Fwriter&post=22198"},{"taxonomy":"translator","embeddable":true,"href":"https:\/\/rioonwatch.org.br\/index.php?rest_route=%2Fwp%2Fv2%2Ftranslator&post=22198"},{"taxonomy":"source","embeddable":true,"href":"https:\/\/rioonwatch.org.br\/index.php?rest_route=%2Fwp%2Fv2%2Fsource&post=22198"},{"taxonomy":"ilustrador","embeddable":true,"href":"https:\/\/rioonwatch.org.br\/index.php?rest_route=%2Fwp%2Fv2%2Filustrador&post=22198"},{"taxonomy":"fotografo","embeddable":true,"href":"https:\/\/rioonwatch.org.br\/index.php?rest_route=%2Fwp%2Fv2%2Ffotografo&post=22198"}],"curies":[{"name":"wp","href":"https:\/\/api.w.org\/{rel}","templated":true}]}}