{"id":22210,"date":"2016-09-09T11:15:55","date_gmt":"2016-09-09T14:15:55","guid":{"rendered":"http:\/\/rioonwatch.org.br\/?p=22210"},"modified":"2016-09-09T11:47:56","modified_gmt":"2016-09-09T14:47:56","slug":"casa-fluminense-organiza-bicicletada-por-toda-regiao-metropolitana-do-rio","status":"publish","type":"post","link":"https:\/\/rioonwatch.org.br\/?p=22210","title":{"rendered":"Casa Fluminense Organiza Bicicletada por Toda Regi\u00e3o Metropolitana do Rio"},"content":{"rendered":"<p style=\"text-align: right;\"><em><strong><a href=\"http:\/\/bit.ly\/2bLtmCp\" target=\"_blank\">Click Here for English<img decoding=\"async\" width=\"20\" height=\"20\" class=\"alignright wp-image-15790\" src=\"http:\/\/rioonwatch.org.br\/wp-content\/uploads\/2012\/08\/EN-standard-e1439583104716.jpg\" alt=\"\" \/><\/a><\/strong><\/em><\/p>\n<p>Mais de 50 entusiastas do ciclismo de toda a \u00e1rea metropolitana do Rio se reuniram na semana passada para a <a href=\"http:\/\/bit.ly\/2aZG9xv\" target=\"_blank\">Bicicletada Metropolitana<\/a>\u00a0da <a href=\"http:\/\/bit.ly\/167ZTc6\" target=\"_blank\">Casa Fluminense<\/a>, um passeio de 3 dias e\u00a0118 quil\u00f4metros que iniciou na quinta-feira, 25 de agosto, partindo de <a href=\"http:\/\/bit.ly\/2ceVTuy\" target=\"_blank\">Japeri<\/a> na <a href=\"http:\/\/bit.ly\/NjmYR6\" target=\"_blank\">Baixada Fluminense<\/a>, e terminou na tarde de s\u00e1bado, 27 de agosto, na Praia das Pedrinhas em <a href=\"http:\/\/bit.ly\/1Iuqpxq\" target=\"_blank\">S\u00e3o Gon\u00e7alo<\/a>, na costa leste da Ba\u00eda de Guanabara. O passeio ajudou a lan\u00e7ar a campanha\u00a0<a href=\"http:\/\/bit.ly\/2bJJmyl\">#Rio2017<\/a>, que mobiliza\u00a0o di\u00e1logo e a participa\u00e7\u00e3o de numerosos grupos da sociedade civil para a\u00a0<a href=\"http:\/\/bit.ly\/2bXPMef\">Agenda 2017, uma lista de ideias vi\u00e1veis para melhorar a vida na cidade<\/a> no <a href=\"http:\/\/bit.ly\/2afK7AJ\" target=\"_blank\">per\u00edodo p\u00f3s-Ol\u00edmpico<\/a>.<\/p>\n<p>&#8220;Com a pauta Rio2017 estamos apresentando propostas para os pol\u00edticos, a fim de transformar o Rio em uma cidade mais justa, democr\u00e1tica e sustent\u00e1vel&#8221;, disse Henrique Silveira, um dos coordenadores da Bicicletada da Casa Fluminense. &#8220;Este passeio de bicicleta \u00e9 um esfor\u00e7o para mobilizar a sociedade e os cidad\u00e3os individualmente para refletir sobre o futuro do Rio de Janeiro depois dos Jogos Ol\u00edmpicos&#8221;.<\/p>\n<p>No dia de abertura do passeio, os ciclistas pedalaram do sudeste de Japeri, na regi\u00e3o perif\u00e9rica da Baixada, at\u00e9\u00a0 <a href=\"http:\/\/bit.ly\/1xgiXjq\" target=\"_blank\">Nova Igua\u00e7u<\/a> e, finalmente, ao ponto de descanso no Centro Cultural Lira de Ouro em <a href=\"http:\/\/bit.ly\/1xSlxft\" target=\"_blank\">Duque de Caxias<\/a>. Ao longo do percurso, o grupo reuniu-se com membros do\u00a0<a href=\"http:\/\/bit.ly\/2cxHSNO\">Instituto Enraizados<\/a>, uma organiza\u00e7\u00e3o comunit\u00e1ria focada no hip-hop baseada em Nova Igua\u00e7u.<\/p>\n<p><a href=\"http:\/\/rioonwatch.org.br\/wp-content\/uploads\/2016\/09\/14232593_1087604864656005_6446077572597072166_n.jpg\"><img fetchpriority=\"high\" decoding=\"async\" class=\"aligncenter wp-image-22215 size-content\" title=\"Foto da p\u00e1gina do Facebook da Casa Fluminense\" src=\"http:\/\/rioonwatch.org.br\/wp-content\/uploads\/2016\/09\/14232593_1087604864656005_6446077572597072166_n-620x264.jpg\" alt=\"14232593_1087604864656005_6446077572597072166_n\" width=\"620\" height=\"264\" srcset=\"https:\/\/rioonwatch.org.br\/wp-content\/uploads\/2016\/09\/14232593_1087604864656005_6446077572597072166_n-620x264.jpg 620w, https:\/\/rioonwatch.org.br\/wp-content\/uploads\/2016\/09\/14232593_1087604864656005_6446077572597072166_n-940x400.jpg 940w\" sizes=\"(max-width: 620px) 100vw, 620px\" \/><\/a><\/p>\n<p>No segundo dia os ciclistas foram do sul da Baixada ao centro do Rio, passando pelo\u00a0<a href=\"http:\/\/bit.ly\/10BvARw\" target=\"_blank\">Complexo da Mar\u00e9<\/a> onde se uniram \u00e0s crian\u00e7as da comunidade e tiveram um debate de ideias com <a href=\"http:\/\/bit.ly\/29mn8Bw\" target=\"_blank\">l\u00edderes de favelas da Mar\u00e9<\/a>. Eles terminaram o dia na Regi\u00e3o do Porto e acamparam na <a href=\"http:\/\/bit.ly\/2cxtdSZ\">Spectaculu<\/a>, uma escola de arte e tecnologia instalada em um antigo armaz\u00e9m.<\/p>\n<p>No s\u00e1bado os ciclistas cruzaram a Ba\u00eda da Guanabara de balsa antes de seguirem para o norte de <a href=\"http:\/\/bit.ly\/1xpT8yS\" target=\"_blank\">Niter\u00f3i<\/a>, para S\u00e3o Gon\u00e7alo. Guilherme Karakida&#8211; que tamb\u00e9m ajudou a organizar o passeio&#8211;sentiu um momento de profunda reflex\u00e3o quando se aproximou do ponto de chegada. &#8220;Assim como n\u00f3s est\u00e1vamos contemplando a beleza da Ba\u00eda de Guanabara, o que veio at\u00e9 mim foi a magnitude do desafio que a limpeza da ba\u00eda apresenta, que \u00e9 um dos principais objetivos da Casa Fluminense&#8221;, disse ele.<\/p>\n<p><a href=\"http:\/\/rioonwatch.org.br\/wp-content\/uploads\/2016\/09\/14237490_1087605544655937_3929861154203718823_n.jpg\"><img decoding=\"async\" class=\"aligncenter wp-image-22216 size-content\" title=\"Descansando no Complexo da Mar\u00e9 no segundo dia. Foto da p\u00e1gina do Facebook da Casa Fluminense\" src=\"http:\/\/rioonwatch.org.br\/wp-content\/uploads\/2016\/09\/14237490_1087605544655937_3929861154203718823_n-620x264.jpg\" alt=\"14237490_1087605544655937_3929861154203718823_n\" width=\"620\" height=\"264\" srcset=\"https:\/\/rioonwatch.org.br\/wp-content\/uploads\/2016\/09\/14237490_1087605544655937_3929861154203718823_n-620x264.jpg 620w, https:\/\/rioonwatch.org.br\/wp-content\/uploads\/2016\/09\/14237490_1087605544655937_3929861154203718823_n-940x400.jpg 940w\" sizes=\"(max-width: 620px) 100vw, 620px\" \/><\/a><\/p>\n<p>Ciclistas relataram que decidiram participar por uma variedade de raz\u00f5es. Alguns estavam ativamente envolvidos na campanha, enquanto outros simplesmente pensaram que ver a cidade de cabo a rabo seria uma experi\u00eancia reveladora. Mas Carlos Leandro, do grupo Queimados Pedalando para o Futuro, participou em parte como treinamento. Leandro come\u00e7ou a andar de bicicleta como uma solu\u00e7\u00e3o econ\u00f4mica de transporte depois de perder seu emprego, mas agora v\u00ea o esporte tanto como um meio de transporte acess\u00edvel como um passatempo agrad\u00e1vel. Esta primavera ele tem inten\u00e7\u00e3o de pedalar do Rio at\u00e9 Mariana, em Minas Gerais, onde ocorreu\u00a0<a href=\"http:\/\/bit.ly\/2c2MM2F\" target=\"_blank\">em novembro passado o maior desastre<\/a> ecol\u00f3gico da hist\u00f3ria do pa\u00eds, para produzir um document\u00e1rio em honra das v\u00edtimas.<\/p>\n<p><a href=\"http:\/\/rioonwatch.org.br\/wp-content\/uploads\/2016\/09\/14100418_1087607311322427_7144979439138846819_n.jpg\"><img loading=\"lazy\" decoding=\"async\" class=\"aligncenter wp-image-22218 size-content\" title=\"Em S\u00e3o Gon\u00e7alo o terceiro dia. Foto da p\u00e1gina do Facebook da Casa Fluminense\" src=\"http:\/\/rioonwatch.org.br\/wp-content\/uploads\/2016\/09\/14100418_1087607311322427_7144979439138846819_n-620x264.jpg\" alt=\"14100418_1087607311322427_7144979439138846819_n\" width=\"620\" height=\"264\" srcset=\"https:\/\/rioonwatch.org.br\/wp-content\/uploads\/2016\/09\/14100418_1087607311322427_7144979439138846819_n-620x264.jpg 620w, https:\/\/rioonwatch.org.br\/wp-content\/uploads\/2016\/09\/14100418_1087607311322427_7144979439138846819_n-940x400.jpg 940w\" sizes=\"(max-width: 620px) 100vw, 620px\" \/><\/a><\/p>\n<p>Os ciclistas notaram que a <a href=\"http:\/\/bit.ly\/1owRf9p\" target=\"_blank\">desigualdade<\/a> na qualidade das estradas em toda a cidade muitas vezes reflete a desigualdade de renda. Enquanto na Baixada e em partes do Leste Metropolitano eles foram for\u00e7ados a andar em ruas movimentadas ou ao lado da auto-estrada, na\u00a0<a href=\"http:\/\/bit.ly\/1mNsDyk\" target=\"_blank\">Zona Su<\/a><a href=\"http:\/\/bit.ly\/1pfz23A\">l<\/a>\u00a0h\u00e1 quil\u00f4metros de ciclovias relativamente bem cuidadas. Os membros do clube de ciclismo de S\u00e3o Gon\u00e7alo tamb\u00e9m lamentaram as m\u00e1s condi\u00e7\u00f5es que eles s\u00e3o for\u00e7ados a andar regularmente. De acordo com Renan Braga, ciclista morador do M\u00e9ier na <a href=\"http:\/\/bit.ly\/WximDf\" target=\"_blank\">Zona Norte<\/a>,\u00a0\u201cNa Zona Sul as ruas t\u00eam \u00e1rvores, enquanto em S\u00e3o Gon\u00e7alo\u00a0<a href=\"http:\/\/bit.ly\/1RiZS9W\" target=\"_blank\">n\u00e3o tem nenhuma<\/a>&#8220;.\u00a0Os projetos rodovi\u00e1rios na Zona Sul e Zona Norte s\u00e3o muito diferentes. Ele disse que enquanto bairros como <a href=\"http:\/\/bit.ly\/1H6bGrX\" target=\"_blank\">Copacabana<\/a> tem um sistema organizado de pequenos quarteir\u00f5es, muitas \u00e1reas da Zona Norte n\u00e3o t\u00eam quarteir\u00f5es nenhum. &#8220;Muitas partes das cal\u00e7adas na Zona Norte s\u00e3o ilegalmente ocupadas\u00a0 por propriedade, e muitos neg\u00f3cios usam as cal\u00e7adas para mostrar seus produtos o que torna a pr\u00e1tica de ciclismo dif\u00edcil&#8221;.<\/p>\n<p>As lideran\u00e7as da <a href=\"http:\/\/bit.ly\/167ZTc6\">Casa Fluminense<\/a> enxergam in\u00fameros benef\u00edcios para a melhoria da infraestrutura ciclovi\u00e1ria em \u00e1reas fora da Zona Sul. &#8220;Transporte ativo democratiza o espa\u00e7o p\u00fablico e incentiva as rela\u00e7\u00f5es entre as pessoas. A cidade deve ser feita para bicicletas e para as pessoas tamb\u00e9m, n\u00e3o apenas para os carros&#8221;, disse Guilherme Karakida. Al\u00e9m de ser um ponto de vista pol\u00edtico, Guilherme Karakida simplesmente aprecia o ciclismo como uma op\u00e7\u00e3o de vida saud\u00e1vel. &#8220;Al\u00e9m disso, usar a bicicleta com meio de transporte produz uma maior qualidade de vida e libera endorfinas&#8221;.<\/p>\n<p>Em seguida, a Casa Fluminense continua com sua agenda cheia em torno da campanha #Rio2017, com o <a href=\"http:\/\/bit.ly\/2cw72Jt\" target=\"_blank\">pr\u00f3ximo F\u00f3rum Rio 2017 em Niter\u00f3i<\/a> agendado para a pr\u00f3xima segunda-feira, dia 12, e um\u00a0<a href=\"http:\/\/bit.ly\/2cztsbD\" target=\"_blank\">enquete online para a popula\u00e7\u00e3o definir suas prioridades dentro da Agenda<\/a>\u00a0encaminhada para politicos de toda a Regi\u00e3o Metropolitana.\u00a0Tire um minuto e participe\u00a0<a href=\"http:\/\/bit.ly\/2cztsbD\" target=\"_blank\">aqui<\/a>.<\/p>\n<h3>Confira o mapa da primeira Bicicletada Metropolitana aqui:<br \/>\n<iframe src=\"https:\/\/www.google.com\/maps\/d\/embed?mid=13XinIBVjnLfK7oK93iYQm1zVz0o\" width=\"640\" height=\"480\"><\/iframe><\/h3>\n<!-- AddThis Advanced Settings generic via filter on the_content --><!-- AddThis Share Buttons generic via filter on the_content -->","protected":false},"excerpt":{"rendered":"<div class=\"mh-excerpt\"><p>Click Here for English Mais de 50 entusiastas do ciclismo de toda a \u00e1rea metropolitana do Rio se reuniram na semana passada para a Bicicletada Metropolitana\u00a0da Casa Fluminense, um passeio de 3 dias e\u00a0118 quil\u00f4metros <a class=\"mh-excerpt-more\" href=\"https:\/\/rioonwatch.org.br\/?p=22210\" title=\"Casa Fluminense Organiza Bicicletada por Toda Regi\u00e3o Metropolitana do Rio\">[&#8230;]<\/a><!-- AddThis Advanced Settings generic via filter on get_the_excerpt --><!-- AddThis Share Buttons generic via filter on get_the_excerpt --><\/p>\n<\/div>","protected":false},"author":129,"featured_media":22212,"comment_status":"closed","ping_status":"closed","sticky":false,"template":"","format":"standard","meta":{"_acf_changed":false,"_monsterinsights_skip_tracking":false,"_monsterinsights_sitenote_active":false,"_monsterinsights_sitenote_note":"","_monsterinsights_sitenote_category":0,"footnotes":""},"categories":[1627,1626,1612,342],"tags":[804,959,1597,1962,1853,332,413,1372,1584,1712,10,961,494,231,1347,764,1153,218,383],"writer":[1946,1897],"translator":[1922],"source":[],"ilustrador":[],"fotografo":[],"class_list":{"0":"post-22210","1":"post","2":"type-post","3":"status-publish","4":"format-standard","5":"has-post-thumbnail","7":"category-relato-de-evento","8":"category-por-observadores-internacionais","9":"category-sociedade-civil","10":"category-solucoes","11":"tag-baia-da-guanabara","12":"tag-baixada-fluminense","13":"tag-casa-fluminense","14":"tag-ciclismo","15":"tag-ciclovia","16":"tag-complexo-da-mare","17":"tag-desigualdade","18":"tag-grande-rio","19":"tag-japeri","20":"tag-mapa","21":"tag-niteroi","22":"tag-nova-iguacu","23":"tag-regiao-do-porto","24":"tag-sao-goncalo","25":"tag-solucao","26":"tag-transporte","27":"tag-uso-de-bicicleta","28":"tag-zona-norte","29":"tag-zona-sul","30":"writer-eli-nemzer","31":"writer-sophia-zaia","32":"translator-andrea-goodall"},"acf":[],"yoast_head":"<!-- This site is optimized with the Yoast SEO plugin v25.6 - https:\/\/yoast.com\/wordpress\/plugins\/seo\/ -->\n<title>Casa Fluminense Organiza Bicicletada por Toda Regi\u00e3o Metropolitana do Rio - RioOnWatch<\/title>\n<meta name=\"robots\" content=\"index, follow, max-snippet:-1, max-image-preview:large, max-video-preview:-1\" \/>\n<link rel=\"canonical\" href=\"https:\/\/rioonwatch.org.br\/?p=22210\" \/>\n<meta property=\"og:locale\" content=\"pt_BR\" \/>\n<meta property=\"og:type\" content=\"article\" \/>\n<meta property=\"og:title\" content=\"Casa Fluminense Organiza Bicicletada por Toda Regi\u00e3o Metropolitana do Rio - RioOnWatch\" \/>\n<meta property=\"og:description\" content=\"Click Here for English Mais de 50 entusiastas do ciclismo de toda a \u00e1rea metropolitana do Rio se reuniram na semana passada para a Bicicletada Metropolitana\u00a0da Casa Fluminense, um passeio de 3 dias e\u00a0118 quil\u00f4metros [...]\" \/>\n<meta property=\"og:url\" content=\"https:\/\/rioonwatch.org.br\/?p=22210\" \/>\n<meta property=\"og:site_name\" content=\"RioOnWatch\" \/>\n<meta property=\"article:published_time\" content=\"2016-09-09T14:15:55+00:00\" \/>\n<meta property=\"article:modified_time\" content=\"2016-09-09T14:47:56+00:00\" \/>\n<meta property=\"og:image\" content=\"https:\/\/rioonwatch.org.br\/wp-content\/uploads\/2016\/09\/14183892_1087604631322695_6246482471082309140_n.jpg\" \/>\n\t<meta property=\"og:image:width\" content=\"960\" \/>\n\t<meta property=\"og:image:height\" content=\"640\" \/>\n\t<meta property=\"og:image:type\" content=\"image\/jpeg\" \/>\n<meta name=\"author\" content=\"Admin\" \/>\n<meta name=\"twitter:card\" content=\"summary_large_image\" \/>\n<meta name=\"twitter:label1\" content=\"Escrito por\" \/>\n\t<meta name=\"twitter:data1\" content=\"Admin\" \/>\n\t<meta name=\"twitter:label2\" content=\"Est. tempo de leitura\" \/>\n\t<meta name=\"twitter:data2\" content=\"5 minutos\" \/>\n<script type=\"application\/ld+json\" class=\"yoast-schema-graph\">{\"@context\":\"https:\/\/schema.org\",\"@graph\":[{\"@type\":\"Article\",\"@id\":\"https:\/\/rioonwatch.org.br\/?p=22210#article\",\"isPartOf\":{\"@id\":\"https:\/\/rioonwatch.org.br\/?p=22210\"},\"author\":{\"name\":\"Admin\",\"@id\":\"https:\/\/rioonwatch.org.br\/#\/schema\/person\/11d64c290506f9df50c71b850c473f68\"},\"headline\":\"Casa Fluminense Organiza Bicicletada por Toda Regi\u00e3o Metropolitana do Rio\",\"datePublished\":\"2016-09-09T14:15:55+00:00\",\"dateModified\":\"2016-09-09T14:47:56+00:00\",\"mainEntityOfPage\":{\"@id\":\"https:\/\/rioonwatch.org.br\/?p=22210\"},\"wordCount\":912,\"publisher\":{\"@id\":\"https:\/\/rioonwatch.org.br\/#organization\"},\"image\":{\"@id\":\"https:\/\/rioonwatch.org.br\/?p=22210#primaryimage\"},\"thumbnailUrl\":\"https:\/\/rioonwatch.org.br\/wp-content\/uploads\/2016\/09\/14183892_1087604631322695_6246482471082309140_n.jpg\",\"keywords\":[\"Ba\u00eda da Guanabara\",\"Baixada Fluminense\",\"Casa Fluminense\",\"ciclismo\",\"ciclovia\",\"Complexo da Mar\u00e9\",\"desigualdade\",\"Grande Rio\",\"Japeri\",\"mapa\",\"Niter\u00f3i\",\"Nova Igua\u00e7u\",\"Regi\u00e3o do Porto\",\"S\u00e3o Gon\u00e7alo\",\"solu\u00e7\u00e3o\",\"transporte\",\"uso de bicicleta\",\"Zona Norte\",\"Zona Sul\"],\"articleSection\":[\"Cobertura de Eventos\",\"Escrito por Aliados\",\"Sociedade Civil\",\"Solu\u00e7\u00f5es\"],\"inLanguage\":\"pt-BR\"},{\"@type\":\"WebPage\",\"@id\":\"https:\/\/rioonwatch.org.br\/?p=22210\",\"url\":\"https:\/\/rioonwatch.org.br\/?p=22210\",\"name\":\"Casa Fluminense Organiza Bicicletada por Toda Regi\u00e3o Metropolitana do Rio - RioOnWatch\",\"isPartOf\":{\"@id\":\"https:\/\/rioonwatch.org.br\/#website\"},\"primaryImageOfPage\":{\"@id\":\"https:\/\/rioonwatch.org.br\/?p=22210#primaryimage\"},\"image\":{\"@id\":\"https:\/\/rioonwatch.org.br\/?p=22210#primaryimage\"},\"thumbnailUrl\":\"https:\/\/rioonwatch.org.br\/wp-content\/uploads\/2016\/09\/14183892_1087604631322695_6246482471082309140_n.jpg\",\"datePublished\":\"2016-09-09T14:15:55+00:00\",\"dateModified\":\"2016-09-09T14:47:56+00:00\",\"breadcrumb\":{\"@id\":\"https:\/\/rioonwatch.org.br\/?p=22210#breadcrumb\"},\"inLanguage\":\"pt-BR\",\"potentialAction\":[{\"@type\":\"ReadAction\",\"target\":[\"https:\/\/rioonwatch.org.br\/?p=22210\"]}]},{\"@type\":\"ImageObject\",\"inLanguage\":\"pt-BR\",\"@id\":\"https:\/\/rioonwatch.org.br\/?p=22210#primaryimage\",\"url\":\"https:\/\/rioonwatch.org.br\/wp-content\/uploads\/2016\/09\/14183892_1087604631322695_6246482471082309140_n.jpg\",\"contentUrl\":\"https:\/\/rioonwatch.org.br\/wp-content\/uploads\/2016\/09\/14183892_1087604631322695_6246482471082309140_n.jpg\",\"width\":960,\"height\":640},{\"@type\":\"BreadcrumbList\",\"@id\":\"https:\/\/rioonwatch.org.br\/?p=22210#breadcrumb\",\"itemListElement\":[{\"@type\":\"ListItem\",\"position\":1,\"name\":\"In\u00edcio\",\"item\":\"https:\/\/rioonwatch.org.br\/\"},{\"@type\":\"ListItem\",\"position\":2,\"name\":\"Casa Fluminense Organiza Bicicletada por Toda Regi\u00e3o Metropolitana do Rio\"}]},{\"@type\":\"WebSite\",\"@id\":\"https:\/\/rioonwatch.org.br\/#website\",\"url\":\"https:\/\/rioonwatch.org.br\/\",\"name\":\"RioOnWatch\",\"description\":\"relatos das favelas cariocas\",\"publisher\":{\"@id\":\"https:\/\/rioonwatch.org.br\/#organization\"},\"potentialAction\":[{\"@type\":\"SearchAction\",\"target\":{\"@type\":\"EntryPoint\",\"urlTemplate\":\"https:\/\/rioonwatch.org.br\/?s={search_term_string}\"},\"query-input\":{\"@type\":\"PropertyValueSpecification\",\"valueRequired\":true,\"valueName\":\"search_term_string\"}}],\"inLanguage\":\"pt-BR\"},{\"@type\":\"Organization\",\"@id\":\"https:\/\/rioonwatch.org.br\/#organization\",\"name\":\"RioOnWatch\",\"url\":\"https:\/\/rioonwatch.org.br\/\",\"logo\":{\"@type\":\"ImageObject\",\"inLanguage\":\"pt-BR\",\"@id\":\"https:\/\/rioonwatch.org.br\/#\/schema\/logo\/image\/\",\"url\":\"https:\/\/rioonwatch.org.br\/wp-content\/uploads\/2021\/06\/RioOnWatchcabecalhoPT11anos-2.png\",\"contentUrl\":\"https:\/\/rioonwatch.org.br\/wp-content\/uploads\/2021\/06\/RioOnWatchcabecalhoPT11anos-2.png\",\"width\":779,\"height\":277,\"caption\":\"RioOnWatch\"},\"image\":{\"@id\":\"https:\/\/rioonwatch.org.br\/#\/schema\/logo\/image\/\"}},{\"@type\":\"Person\",\"@id\":\"https:\/\/rioonwatch.org.br\/#\/schema\/person\/11d64c290506f9df50c71b850c473f68\",\"name\":\"Admin\",\"image\":{\"@type\":\"ImageObject\",\"inLanguage\":\"pt-BR\",\"@id\":\"https:\/\/rioonwatch.org.br\/#\/schema\/person\/image\/\",\"url\":\"https:\/\/secure.gravatar.com\/avatar\/56211ac74568383903349a1485e3c325?s=96&d=blank&r=g\",\"contentUrl\":\"https:\/\/secure.gravatar.com\/avatar\/56211ac74568383903349a1485e3c325?s=96&d=blank&r=g\",\"caption\":\"Admin\"},\"url\":\"https:\/\/rioonwatch.org.br\/?author=129\"}]}<\/script>\n<!-- \/ Yoast SEO plugin. -->","yoast_head_json":{"title":"Casa Fluminense Organiza Bicicletada por Toda Regi\u00e3o Metropolitana do Rio - RioOnWatch","robots":{"index":"index","follow":"follow","max-snippet":"max-snippet:-1","max-image-preview":"max-image-preview:large","max-video-preview":"max-video-preview:-1"},"canonical":"https:\/\/rioonwatch.org.br\/?p=22210","og_locale":"pt_BR","og_type":"article","og_title":"Casa Fluminense Organiza Bicicletada por Toda Regi\u00e3o Metropolitana do Rio - RioOnWatch","og_description":"Click Here for English Mais de 50 entusiastas do ciclismo de toda a \u00e1rea metropolitana do Rio se reuniram na semana passada para a Bicicletada Metropolitana\u00a0da Casa Fluminense, um passeio de 3 dias e\u00a0118 quil\u00f4metros [...]","og_url":"https:\/\/rioonwatch.org.br\/?p=22210","og_site_name":"RioOnWatch","article_published_time":"2016-09-09T14:15:55+00:00","article_modified_time":"2016-09-09T14:47:56+00:00","og_image":[{"width":960,"height":640,"url":"https:\/\/rioonwatch.org.br\/wp-content\/uploads\/2016\/09\/14183892_1087604631322695_6246482471082309140_n.jpg","type":"image\/jpeg"}],"author":"Admin","twitter_card":"summary_large_image","twitter_misc":{"Escrito por":"Admin","Est. tempo de leitura":"5 minutos"},"schema":{"@context":"https:\/\/schema.org","@graph":[{"@type":"Article","@id":"https:\/\/rioonwatch.org.br\/?p=22210#article","isPartOf":{"@id":"https:\/\/rioonwatch.org.br\/?p=22210"},"author":{"name":"Admin","@id":"https:\/\/rioonwatch.org.br\/#\/schema\/person\/11d64c290506f9df50c71b850c473f68"},"headline":"Casa Fluminense Organiza Bicicletada por Toda Regi\u00e3o Metropolitana do Rio","datePublished":"2016-09-09T14:15:55+00:00","dateModified":"2016-09-09T14:47:56+00:00","mainEntityOfPage":{"@id":"https:\/\/rioonwatch.org.br\/?p=22210"},"wordCount":912,"publisher":{"@id":"https:\/\/rioonwatch.org.br\/#organization"},"image":{"@id":"https:\/\/rioonwatch.org.br\/?p=22210#primaryimage"},"thumbnailUrl":"https:\/\/rioonwatch.org.br\/wp-content\/uploads\/2016\/09\/14183892_1087604631322695_6246482471082309140_n.jpg","keywords":["Ba\u00eda da Guanabara","Baixada Fluminense","Casa Fluminense","ciclismo","ciclovia","Complexo da Mar\u00e9","desigualdade","Grande Rio","Japeri","mapa","Niter\u00f3i","Nova Igua\u00e7u","Regi\u00e3o do Porto","S\u00e3o Gon\u00e7alo","solu\u00e7\u00e3o","transporte","uso de bicicleta","Zona Norte","Zona Sul"],"articleSection":["Cobertura de Eventos","Escrito por Aliados","Sociedade Civil","Solu\u00e7\u00f5es"],"inLanguage":"pt-BR"},{"@type":"WebPage","@id":"https:\/\/rioonwatch.org.br\/?p=22210","url":"https:\/\/rioonwatch.org.br\/?p=22210","name":"Casa Fluminense Organiza Bicicletada por Toda Regi\u00e3o Metropolitana do Rio - RioOnWatch","isPartOf":{"@id":"https:\/\/rioonwatch.org.br\/#website"},"primaryImageOfPage":{"@id":"https:\/\/rioonwatch.org.br\/?p=22210#primaryimage"},"image":{"@id":"https:\/\/rioonwatch.org.br\/?p=22210#primaryimage"},"thumbnailUrl":"https:\/\/rioonwatch.org.br\/wp-content\/uploads\/2016\/09\/14183892_1087604631322695_6246482471082309140_n.jpg","datePublished":"2016-09-09T14:15:55+00:00","dateModified":"2016-09-09T14:47:56+00:00","breadcrumb":{"@id":"https:\/\/rioonwatch.org.br\/?p=22210#breadcrumb"},"inLanguage":"pt-BR","potentialAction":[{"@type":"ReadAction","target":["https:\/\/rioonwatch.org.br\/?p=22210"]}]},{"@type":"ImageObject","inLanguage":"pt-BR","@id":"https:\/\/rioonwatch.org.br\/?p=22210#primaryimage","url":"https:\/\/rioonwatch.org.br\/wp-content\/uploads\/2016\/09\/14183892_1087604631322695_6246482471082309140_n.jpg","contentUrl":"https:\/\/rioonwatch.org.br\/wp-content\/uploads\/2016\/09\/14183892_1087604631322695_6246482471082309140_n.jpg","width":960,"height":640},{"@type":"BreadcrumbList","@id":"https:\/\/rioonwatch.org.br\/?p=22210#breadcrumb","itemListElement":[{"@type":"ListItem","position":1,"name":"In\u00edcio","item":"https:\/\/rioonwatch.org.br\/"},{"@type":"ListItem","position":2,"name":"Casa Fluminense Organiza Bicicletada por Toda Regi\u00e3o Metropolitana do Rio"}]},{"@type":"WebSite","@id":"https:\/\/rioonwatch.org.br\/#website","url":"https:\/\/rioonwatch.org.br\/","name":"RioOnWatch","description":"relatos das favelas cariocas","publisher":{"@id":"https:\/\/rioonwatch.org.br\/#organization"},"potentialAction":[{"@type":"SearchAction","target":{"@type":"EntryPoint","urlTemplate":"https:\/\/rioonwatch.org.br\/?s={search_term_string}"},"query-input":{"@type":"PropertyValueSpecification","valueRequired":true,"valueName":"search_term_string"}}],"inLanguage":"pt-BR"},{"@type":"Organization","@id":"https:\/\/rioonwatch.org.br\/#organization","name":"RioOnWatch","url":"https:\/\/rioonwatch.org.br\/","logo":{"@type":"ImageObject","inLanguage":"pt-BR","@id":"https:\/\/rioonwatch.org.br\/#\/schema\/logo\/image\/","url":"https:\/\/rioonwatch.org.br\/wp-content\/uploads\/2021\/06\/RioOnWatchcabecalhoPT11anos-2.png","contentUrl":"https:\/\/rioonwatch.org.br\/wp-content\/uploads\/2021\/06\/RioOnWatchcabecalhoPT11anos-2.png","width":779,"height":277,"caption":"RioOnWatch"},"image":{"@id":"https:\/\/rioonwatch.org.br\/#\/schema\/logo\/image\/"}},{"@type":"Person","@id":"https:\/\/rioonwatch.org.br\/#\/schema\/person\/11d64c290506f9df50c71b850c473f68","name":"Admin","image":{"@type":"ImageObject","inLanguage":"pt-BR","@id":"https:\/\/rioonwatch.org.br\/#\/schema\/person\/image\/","url":"https:\/\/secure.gravatar.com\/avatar\/56211ac74568383903349a1485e3c325?s=96&d=blank&r=g","contentUrl":"https:\/\/secure.gravatar.com\/avatar\/56211ac74568383903349a1485e3c325?s=96&d=blank&r=g","caption":"Admin"},"url":"https:\/\/rioonwatch.org.br\/?author=129"}]}},"_links":{"self":[{"href":"https:\/\/rioonwatch.org.br\/index.php?rest_route=\/wp\/v2\/posts\/22210"}],"collection":[{"href":"https:\/\/rioonwatch.org.br\/index.php?rest_route=\/wp\/v2\/posts"}],"about":[{"href":"https:\/\/rioonwatch.org.br\/index.php?rest_route=\/wp\/v2\/types\/post"}],"author":[{"embeddable":true,"href":"https:\/\/rioonwatch.org.br\/index.php?rest_route=\/wp\/v2\/users\/129"}],"replies":[{"embeddable":true,"href":"https:\/\/rioonwatch.org.br\/index.php?rest_route=%2Fwp%2Fv2%2Fcomments&post=22210"}],"version-history":[{"count":13,"href":"https:\/\/rioonwatch.org.br\/index.php?rest_route=\/wp\/v2\/posts\/22210\/revisions"}],"predecessor-version":[{"id":22229,"href":"https:\/\/rioonwatch.org.br\/index.php?rest_route=\/wp\/v2\/posts\/22210\/revisions\/22229"}],"wp:featuredmedia":[{"embeddable":true,"href":"https:\/\/rioonwatch.org.br\/index.php?rest_route=\/wp\/v2\/media\/22212"}],"wp:attachment":[{"href":"https:\/\/rioonwatch.org.br\/index.php?rest_route=%2Fwp%2Fv2%2Fmedia&parent=22210"}],"wp:term":[{"taxonomy":"category","embeddable":true,"href":"https:\/\/rioonwatch.org.br\/index.php?rest_route=%2Fwp%2Fv2%2Fcategories&post=22210"},{"taxonomy":"post_tag","embeddable":true,"href":"https:\/\/rioonwatch.org.br\/index.php?rest_route=%2Fwp%2Fv2%2Ftags&post=22210"},{"taxonomy":"writer","embeddable":true,"href":"https:\/\/rioonwatch.org.br\/index.php?rest_route=%2Fwp%2Fv2%2Fwriter&post=22210"},{"taxonomy":"translator","embeddable":true,"href":"https:\/\/rioonwatch.org.br\/index.php?rest_route=%2Fwp%2Fv2%2Ftranslator&post=22210"},{"taxonomy":"source","embeddable":true,"href":"https:\/\/rioonwatch.org.br\/index.php?rest_route=%2Fwp%2Fv2%2Fsource&post=22210"},{"taxonomy":"ilustrador","embeddable":true,"href":"https:\/\/rioonwatch.org.br\/index.php?rest_route=%2Fwp%2Fv2%2Filustrador&post=22210"},{"taxonomy":"fotografo","embeddable":true,"href":"https:\/\/rioonwatch.org.br\/index.php?rest_route=%2Fwp%2Fv2%2Ffotografo&post=22210"}],"curies":[{"name":"wp","href":"https:\/\/api.w.org\/{rel}","templated":true}]}}