{"id":22236,"date":"2016-09-10T15:58:57","date_gmt":"2016-09-10T18:58:57","guid":{"rendered":"http:\/\/rioonwatch.org.br\/?p=22236"},"modified":"2016-09-26T16:13:21","modified_gmt":"2016-09-26T19:13:21","slug":"favelas-nas-noticias-resumo-de-agosto-2016","status":"publish","type":"post","link":"https:\/\/rioonwatch.org.br\/?p=22236","title":{"rendered":"Favelas nas Not\u00edcias: Resumo de Agosto 2016"},"content":{"rendered":"<p style=\"text-align: right;\"><em><strong><a href=\"http:\/\/bit.ly\/2bYwavS\" target=\"_blank\">Click Here for English<img decoding=\"async\" width=\"20\" height=\"20\" class=\"alignright wp-image-15790\" src=\"http:\/\/rioonwatch.org.br\/wp-content\/uploads\/2012\/08\/EN-standard-e1439583104716.jpg\" alt=\"\" \/><\/a><\/strong><\/em><\/p>\n<h4><b>Agosto de 2016: o m\u00eas para o qual a cidade do Rio de Janeiro se preparou durante sete anos tumultuados.\u00a0<\/b><strong>Para ajudar nossos leitores a ter conhecimento das maiores not\u00edcias e temas do m\u00eas passado, fizemos um resumo das hist\u00f3rias que publicamos aqui no <em>RioOnWatch\u00a0<\/em><\/strong><strong>junto com algumas outras leituras obrigat\u00f3rias que sa\u00edram na m\u00eddia<\/strong><strong>.\u00a0<\/strong>Veja todos os nossos resumos mensais <a href=\"http:\/\/bit.ly\/1Zv77wf\" target=\"_blank\">aqui<\/a>.<\/h4>\n<p><span style=\"font-weight: 400;\">As Olimp\u00edadas de 2016 no Rio terminaram, mas os efeitos de <\/span><a href=\"http:\/\/bit.ly\/2bbpBSa\" target=\"_blank\"><span style=\"font-weight: 400;\">sete anos de r\u00e1pidas transforma\u00e7\u00f5es urbanas<\/span><\/a><span style=\"font-weight: 400;\">\u00a0permanecem. Os Jogos deixaram para tr\u00e1s legados question\u00e1veis desde projetos como as<\/span><span style=\"font-weight: 400;\">\u00a0<\/span><a href=\"http:\/\/bbc.in\/2bgmOXt\" target=\"_blank\"><span style=\"font-weight: 400;\">linhas BRT<\/span><\/a> at\u00e9 a<span style=\"font-weight: 400;\">\u00a0revitaliza\u00e7\u00e3o do Porto, inspirado na <\/span><a href=\"http:\/\/bit.ly\/2aYVDCq\" target=\"_blank\"><span style=\"font-weight: 400;\">renova\u00e7\u00e3o em Barcelona<\/span><\/a> <span style=\"font-weight: 400;\">antes das Olimp\u00edadas de 1992. O economista <\/span><a href=\"http:\/\/bit.ly\/2bBd5er\" target=\"_blank\"><span style=\"font-weight: 400;\">Andrew Zimbalist argumenta<\/span><\/a> <span style=\"font-weight: 400;\">que as Olimp\u00edadas dificilmente trar\u00e3o os benef\u00edcios econ\u00f4micos anunciados pelos organizadores e pelos <\/span><a href=\"http:\/\/bit.ly\/2bYyXSB\" target=\"_blank\"><span style=\"font-weight: 400;\">membros da elite do COI<\/span><\/a><span style=\"font-weight: 400;\">. Como Theresa Williamson da <a href=\"http:\/\/www.facebook.com\/comcat\" target=\"_blank\">Comunidades Catalisadoras<\/a> (ComCat)\u00a0<\/span><a href=\"http:\/\/bit.ly\/2cFnKIv\" target=\"_blank\"><span style=\"font-weight: 400;\">afirmou em<\/span> <i><span style=\"font-weight: 400;\">openDemocracy<\/span><\/i><\/a><span style=\"font-weight: 400;\">, os reais legados positivos dos Jogos n\u00e3o foram os esperados.<\/span><\/p>\n<p><span style=\"font-weight: 400;\">Ao mesmo tempo em que as Olimp\u00edadas aconteciam, a justi\u00e7a <\/span><a href=\"http:\/\/bit.ly\/2bAaCSA\" target=\"_blank\"><span style=\"font-weight: 400;\">ordenou a remo\u00e7\u00e3o<\/span><\/a><span style=\"font-weight: 400;\">\u00a0de toda a comunidade do Horto no prazo de 90 dias. Moradores da Vila Aut\u00f3dromo comemoraram sua vit\u00f3ria em permanecer com uma <\/span><a href=\"http:\/\/bit.ly\/2blISo8\" target=\"_blank\"><span style=\"font-weight: 400;\">ocupa\u00e7\u00e3o e protesto<\/span><\/a> <span style=\"font-weight: 400;\">em frente ao Parque Ol\u00edmpico, mas aqueles que foram exclu\u00eddos pela prefeitura <\/span><a href=\"http:\/\/bit.ly\/2aVohC0\" target=\"_blank\"><span style=\"font-weight: 400;\">continuam lutando<\/span><\/a><span style=\"font-weight: 400;\">.<\/span><\/p>\n<p><span style=\"font-weight: 400;\">Milhares de fam\u00edlias mudaram-se para habita\u00e7\u00e3o p\u00fablica na Zona Oeste e agora est\u00e3o <\/span><a href=\"http:\/\/bit.ly\/2a0F2fu\" target=\"_blank\"><span style=\"font-weight: 400;\">sob o controle de mil\u00edcias<\/span><\/a><span style=\"font-weight: 400;\">. Os membros da comunidade ind\u00edgena Aldeia Maracan\u00e3 est\u00e3o alojados inadequadamente em <a href=\"http:\/\/bit.ly\/2aNFNeX\" target=\"_blank\">habita\u00e7\u00e3o p\u00fablica restritiva<\/a><\/span><span style=\"font-weight: 400;\">, enquanto o local de onde foram removidos <\/span><a href=\"http:\/\/bit.ly\/2aWzg2g\" target=\"_blank\"><span style=\"font-weight: 400;\">continua vazio<\/span><\/a><span style=\"font-weight: 400;\">. Ativistas comunit\u00e1rios que arriscam suas vidas foram homenageados na <\/span><span style=\"font-weight: 400;\"><a href=\"http:\/\/bit.ly\/2aLA9ZC\" target=\"_blank\">coletiva de imprensa da ONG irlandesa Front Line Defenders<\/a> (Defensores da Linha de Frente<\/span><span style=\"font-weight: 400;\">).<\/span><\/p>\n<p><span style=\"font-weight: 400;\">Conforme <\/span><a href=\"http:\/\/bit.ly\/2cjoeB8\" target=\"_blank\"><span style=\"font-weight: 400;\">documentado nas m\u00eddias sociais<\/span><\/a> <span style=\"font-weight: 400;\">por grupos comunit\u00e1rios como <\/span><a href=\"http:\/\/bit.ly\/1qwYRu4\" target=\"_blank\"><span style=\"font-weight: 400;\">Mar\u00e9 Vive<\/span><\/a><span style=\"font-weight: 400;\">, homic\u00eddios cometidos pela pol\u00edcia continuaram durante os Jogos. A viol\u00eancia foi o foco principal dos ativistas nos protestos \u201c<\/span><a href=\"http:\/\/bit.ly\/2bldaSh\" target=\"_blank\"><span style=\"font-weight: 400;\">Fome de Viver<\/span><\/a><span style=\"font-weight: 400;\">\u201c e \u201c<\/span><a href=\"http:\/\/bit.ly\/2aB5cIX\" target=\"_blank\"><span style=\"font-weight: 400;\">Jogos da Exclus\u00e3o<\/span><\/a><span style=\"font-weight: 400;\">\u201c no dia da abertura dos Jogos. O revezamento da tocha Ol\u00edmpica atraiu tanto <\/span><a href=\"http:\/\/bit.ly\/2b1v69E\" target=\"_blank\"><span style=\"font-weight: 400;\">protesto quanto\u00a0orgulho<\/span><\/a> <span style=\"font-weight: 400;\">na Baixada Fluminense, enquanto os moradores de Sepetiba na Zona Oeste <\/span><a href=\"http:\/\/bit.ly\/2bxTNaG\" target=\"_blank\"><span style=\"font-weight: 400;\">exigiam aten\u00e7\u00e3o<\/span><\/a> <span style=\"font-weight: 400;\">para a sua ba\u00eda polu\u00edda. Apesar das graves quest\u00f5es em jogo, ativistas frequentemente usam o <\/span><a href=\"http:\/\/bit.ly\/2bsP77L\" target=\"_blank\"><span style=\"font-weight: 400;\">humor para criticar<\/span><\/a> <span style=\"font-weight: 400;\">as Olimp\u00edadas.<\/span><\/p>\n<p><span style=\"font-weight: 400;\">Jornalistas locais organizaram o primeiro <\/span><a href=\"http:\/\/bit.ly\/2crZojj\" target=\"_blank\"><span style=\"font-weight: 400;\">Congresso de Comunica\u00e7\u00e3o Comunit\u00e1ria<\/span><\/a> <span style=\"font-weight: 400;\">para discutir como a m\u00eddia local pode ser mais impactante. Jornalistas comunit\u00e1rios\u00a0tamb\u00e9m participaram da\u00a0<a href=\"http:\/\/bit.ly\/2bLoScc\" target=\"_blank\">Campanha #StopFavelaStigma<\/a>\u00a0<\/span><span style=\"font-weight: 400;\">da ComCat, com dois artigos publicados no <em>RioOnWatch<\/em> naquele dia escritos por\u00a0<\/span><a href=\"http:\/\/bit.ly\/2aSU5sp\" target=\"_blank\"><span style=\"font-weight: 400;\">Daiene Mendes<\/span><\/a>\u00a0do Alem\u00e3o\u00a0<span style=\"font-weight: 400;\">e <\/span><span style=\"font-weight: 400;\"><a href=\"http:\/\/bit.ly\/2aI9r39\" target=\"_blank\">Diana Anast\u00e1cia<\/a>\u00a0do Jacarezinho<\/span><span style=\"font-weight: 400;\">. Tamb\u00e9m publicamos um artigo mostrando como a favela Asa Branca <\/span><a href=\"http:\/\/bit.ly\/2bu6FAD\" target=\"_blank\"><span style=\"font-weight: 400;\">tem uma pontua\u00e7\u00e3o mais alta<\/span><\/a> <span style=\"font-weight: 400;\">do que a Vila Ol\u00edmpica dos Atletas na escala de sustentabilidade LEED-ND\u00a0<\/span><span style=\"font-weight: 400;\">(certifica\u00e7\u00e3o internacional LEED para bairros verdes)<\/span><span style=\"font-weight: 400;\">, e mat\u00e9rias que ressaltaram as qualidades da favela como este <a href=\"http:\/\/bit.ly\/2at7Hfd\" target=\"_blank\">fant\u00e1stico v\u00eddeo explicativo sobre as favelas<\/a><\/span><span style=\"font-weight: 400;\">\u00a0<\/span><span style=\"font-weight: 400;\">da <\/span><i><span style=\"font-weight: 400;\">Vox<\/span><\/i><span style=\"font-weight: 400;\">. <\/span><\/p>\n<p><span style=\"font-weight: 400;\">Em geral, as Olimp\u00edadas foram uma ocasi\u00e3o \u00fanica para contestar os estigmas das favelas, desde o <\/span><a href=\"http:\/\/bit.ly\/2bFgIkp\" target=\"_blank\"><span style=\"font-weight: 400;\">passinho<\/span><\/a> <span style=\"font-weight: 400;\">apresentado na <\/span><a href=\"http:\/\/bit.ly\/2aVDTVE\" target=\"_blank\"><span style=\"font-weight: 400;\">Cerim\u00f4nia de Abertura<\/span><\/a> <span style=\"font-weight: 400;\">at\u00e9 as oportunidades de turismo comunit\u00e1rio\u00a0para influenciar positivamente <\/span><a href=\"http:\/\/bit.ly\/2behRx0\" target=\"_blank\"><span style=\"font-weight: 400;\">as percep\u00e7\u00f5es dos turistas<\/span><\/a><span style=\"font-weight: 400;\">. Dito isso, o aumento do turismo na trilha Dois Irm\u00e3os no Vidigal tem tido algumas <\/span><span style=\"font-weight: 400;\"><a href=\"http:\/\/bit.ly\/2chGuh8\" target=\"_blank\">consequ\u00eancias negativas<\/a>\u00a0<\/span><span style=\"font-weight: 400;\">para a comunidade.<\/span><\/p>\n<p><span style=\"font-weight: 400;\">A moradora da Cidade de Deus Rafaela Silva <\/span><a href=\"http:\/\/bit.ly\/2aWV1us\" target=\"_blank\"><span style=\"font-weight: 400;\">ganhou a primeira medalha de ouro do Brasil<\/span><\/a> <span style=\"font-weight: 400;\">e o seu <\/span><a href=\"http:\/\/bit.ly\/2c68Nif\" target=\"_blank\"><span style=\"font-weight: 400;\">desfile<\/span> <span style=\"font-weight: 400;\">da vit\u00f3ria<\/span><\/a>\u00a0<span style=\"font-weight: 400;\">trouxe alegria para sua comunidade. V\u00e1rios <\/span><a href=\"http:\/\/bit.ly\/2c68Nif\" target=\"_blank\"><span style=\"font-weight: 400;\">outros atletas Ol\u00edmpicos das favelas do Rio<\/span><\/a> <span style=\"font-weight: 400;\">tamb\u00e9m foram o orgulho dos seus bairros. Um deles treinou na escola de badminton, que foi um dos cinco projetos comunit\u00e1rios inovadores apresentados no <\/span><a href=\"http:\/\/bit.ly\/2b5Vcn0\" target=\"_blank\"><span style=\"font-weight: 400;\">Festival Reimagine Rio<\/span><\/a><span style=\"font-weight: 400;\">. Outro dos cinco filmes explora a <a href=\"http:\/\/bit.ly\/2buzYPe\" target=\"_blank\">tradi\u00e7\u00e3o do jongo<\/a><\/span><span style=\"font-weight: 400;\">, em Madureira.<\/span><\/p>\n<p><span style=\"font-weight: 400;\">Nesse m\u00eas, destacamos v\u00e1rios outros projetos comunit\u00e1rios criativos, incluindo um trabalho para\u00a0<\/span><span style=\"font-weight: 400;\"><a href=\"http:\/\/bit.ly\/2bPn6nR\" target=\"_blank\">pintar os muros da Pedra do Sal<\/a>,<\/span>\u00a0<span style=\"font-weight: 400;\">preservando a hist\u00f3ria afro-brasileira perto do Boulevard Ol\u00edmpico; um <\/span><a href=\"http:\/\/bit.ly\/2arIVNw\" target=\"_blank\"><span style=\"font-weight: 400;\">evento na Provid\u00eancia<\/span><\/a> <span style=\"font-weight: 400;\">que reuniu artistas da favela e do asfalto; e a <a href=\"http:\/\/bit.ly\/2bzRPIA\" target=\"_blank\">ONG Onda Verde<\/a><\/span><span style=\"font-weight: 400;\">, em Nova Igua\u00e7u, com um trabalho exemplar ambiental na regi\u00e3o. Em Santa Teresa,\u00a0<\/span><a href=\"http:\/\/bit.ly\/2b4ZbBl\" target=\"_blank\"><span style=\"font-weight: 400;\">moradores tomaram a seu cargo<\/span><\/a> <span style=\"font-weight: 400;\">o conserto do trilho abandonado do bonde, enquanto o presidente da Associa\u00e7\u00e3o de Moradores de Pereira da Silva <a href=\"http:\/\/bit.ly\/2bWpFqe\" target=\"_blank\">discutiu a sua vis\u00e3o para a sua comunidade<\/a>.<\/span><\/p>\n<p><span style=\"font-weight: 400;\">Depois <\/span><span style=\"font-weight: 400;\">que ponderamos sobre como os jornalistas poderiam cobrir as Olimp\u00edadas de forma produtiva\u00a0<a href=\"http:\/\/politi.co\/2aT3Kz3\" target=\"_blank\">no site <i>POLITICO<\/i><\/a><\/span><span style=\"font-weight: 400;\">, parte da m\u00eddia internacional, ainda assim, focou nos Jogos em si, <\/span><a href=\"http:\/\/bit.ly\/2bi8Gvk\" target=\"_blank\"><span style=\"font-weight: 400;\">em detrimento dos problemas<\/span><\/a> <span style=\"font-weight: 400;\">enfrentados pela cidade, embora, em \u00faltima inst\u00e2ncia, tenha havido bastante <\/span><a href=\"http:\/\/bit.ly\/2cKSA2x\" target=\"_blank\"><span style=\"font-weight: 400;\">reflex\u00e3o cuidadosa e cr\u00edtica<\/span><\/a> <span style=\"font-weight: 400;\">na grande m\u00eddia. Publicamos a nossa opini\u00e3o sobre as <\/span><a href=\"http:\/\/bit.ly\/2bUJT1I\" target=\"_blank\"><span style=\"font-weight: 400;\">melhores e piores reportagens<\/span><\/a> <span style=\"font-weight: 400;\">durante as Olimp\u00edadas, e apoiamos um outro <a href=\"http:\/\/bit.ly\/2b3KK4M\" target=\"_blank\">artigo de an\u00e1lise da m\u00eddia nas Olimp\u00edadas<\/a>\u00a0<\/span><span style=\"font-weight: 400;\">na <\/span><i><span style=\"font-weight: 400;\">Columbia Journalism Review<\/span><\/i><span style=\"font-weight: 400;\">. Este artigo e <a href=\"http:\/\/nyti.ms\/2c5BKHl\" target=\"_blank\">um outro que apoiamos<\/a><\/span>\u00a0<span style=\"font-weight: 400;\">foram citados em uma an\u00e1lise da <\/span><i><span style=\"font-weight: 400;\">Columbia Journalism Review <\/span><\/i><span style=\"font-weight: 400;\">\u00a0das\u00a0<a href=\"http:\/\/bit.ly\/2c0KyAJ\" target=\"_blank\">melhores e piores reportagens<\/a>\u00a0<\/span><span style=\"font-weight: 400;\">em agosto.<\/span><\/p>\n<p><span style=\"font-weight: 400;\">Aguarde o nosso pr\u00f3ximo resumo de artigos em setembro, quando <\/span><i><span style=\"font-weight: 400;\">RioOnWatch <\/span><\/i><span style=\"font-weight: 400;\">inicia <a href=\"http:\/\/bit.ly\/1WCK8SW\" target=\"_blank\">uma excitante transi\u00e7\u00e3o<\/a><\/span>\u00a0<span style=\"font-weight: 400;\">rumo a uma plataforma mais focada em solu\u00e7\u00f5es. Para mais informa\u00e7\u00f5es e links de not\u00edcias do m\u00eas sobre favelas, veja o nosso resumo de not\u00edcias das favelas de agosto 2016 <a href=\"http:\/\/bit.ly\/2cym9BC\" target=\"_blank\">em ingl\u00eas\u00a0<\/a><\/span><span style=\"font-weight: 400;\">completo aqui. Voc\u00ea pode <a href=\"http:\/\/bit.ly\/CatCommSignUp\" target=\"_blank\">assinar e receber o Favela Digest diretamente na sua caixa de entrada todos os meses aqui<\/a>.<\/span><\/p>\n<!-- AddThis Advanced Settings generic via filter on the_content --><!-- AddThis Share Buttons generic via filter on the_content -->","protected":false},"excerpt":{"rendered":"<div class=\"mh-excerpt\"><p>Click Here for English Agosto de 2016: o m\u00eas para o qual a cidade do Rio de Janeiro se preparou durante sete anos tumultuados.\u00a0Para ajudar nossos leitores a ter conhecimento das maiores not\u00edcias e temas <a class=\"mh-excerpt-more\" href=\"https:\/\/rioonwatch.org.br\/?p=22236\" title=\"Favelas nas Not\u00edcias: Resumo de Agosto 2016\">[&#8230;]<\/a><!-- AddThis Advanced Settings generic via filter on get_the_excerpt --><!-- AddThis Share Buttons generic via filter on get_the_excerpt --><\/p>\n<\/div>","protected":false},"author":129,"featured_media":22340,"comment_status":"closed","ping_status":"closed","sticky":false,"template":"","format":"standard","meta":{"_acf_changed":false,"_monsterinsights_skip_tracking":false,"_monsterinsights_sitenote_active":false,"_monsterinsights_sitenote_note":"","_monsterinsights_sitenote_category":0,"footnotes":""},"categories":[1631],"tags":[1741],"writer":[1199],"translator":[1875],"source":[],"ilustrador":[],"fotografo":[],"class_list":{"0":"post-22236","1":"post","2":"type-post","3":"status-publish","4":"format-standard","5":"has-post-thumbnail","7":"category-entendendo-o-rio","8":"tag-resumo","9":"writer-cerianne-robertson","10":"translator-marina-hennies"},"acf":[],"yoast_head":"<!-- This site is optimized with the Yoast SEO plugin v25.6 - https:\/\/yoast.com\/wordpress\/plugins\/seo\/ -->\n<title>Favelas nas Not\u00edcias: Resumo de Agosto 2016 - RioOnWatch<\/title>\n<meta name=\"robots\" content=\"index, follow, max-snippet:-1, max-image-preview:large, max-video-preview:-1\" \/>\n<link rel=\"canonical\" href=\"https:\/\/rioonwatch.org.br\/?p=22236\" \/>\n<meta property=\"og:locale\" content=\"pt_BR\" \/>\n<meta property=\"og:type\" content=\"article\" \/>\n<meta property=\"og:title\" content=\"Favelas nas Not\u00edcias: Resumo de Agosto 2016 - RioOnWatch\" \/>\n<meta property=\"og:description\" content=\"Click Here for English Agosto de 2016: o m\u00eas para o qual a cidade do Rio de Janeiro se preparou durante sete anos tumultuados.\u00a0Para ajudar nossos leitores a ter conhecimento das maiores not\u00edcias e temas [...]\" \/>\n<meta property=\"og:url\" content=\"https:\/\/rioonwatch.org.br\/?p=22236\" \/>\n<meta property=\"og:site_name\" content=\"RioOnWatch\" \/>\n<meta property=\"article:published_time\" content=\"2016-09-10T18:58:57+00:00\" \/>\n<meta property=\"article:modified_time\" content=\"2016-09-26T19:13:21+00:00\" \/>\n<meta property=\"og:image\" content=\"https:\/\/rioonwatch.org.br\/wp-content\/uploads\/2016\/09\/August-Digest-1.jpg\" \/>\n\t<meta property=\"og:image:width\" content=\"1366\" \/>\n\t<meta property=\"og:image:height\" content=\"768\" \/>\n\t<meta property=\"og:image:type\" content=\"image\/jpeg\" \/>\n<meta name=\"author\" content=\"Admin\" \/>\n<meta name=\"twitter:card\" content=\"summary_large_image\" \/>\n<meta name=\"twitter:label1\" content=\"Escrito por\" \/>\n\t<meta name=\"twitter:data1\" content=\"Admin\" \/>\n\t<meta name=\"twitter:label2\" content=\"Est. tempo de leitura\" \/>\n\t<meta name=\"twitter:data2\" content=\"5 minutos\" \/>\n<script type=\"application\/ld+json\" class=\"yoast-schema-graph\">{\"@context\":\"https:\/\/schema.org\",\"@graph\":[{\"@type\":\"Article\",\"@id\":\"https:\/\/rioonwatch.org.br\/?p=22236#article\",\"isPartOf\":{\"@id\":\"https:\/\/rioonwatch.org.br\/?p=22236\"},\"author\":{\"name\":\"Admin\",\"@id\":\"https:\/\/rioonwatch.org.br\/#\/schema\/person\/11d64c290506f9df50c71b850c473f68\"},\"headline\":\"Favelas nas Not\u00edcias: Resumo de Agosto 2016\",\"datePublished\":\"2016-09-10T18:58:57+00:00\",\"dateModified\":\"2016-09-26T19:13:21+00:00\",\"mainEntityOfPage\":{\"@id\":\"https:\/\/rioonwatch.org.br\/?p=22236\"},\"wordCount\":946,\"publisher\":{\"@id\":\"https:\/\/rioonwatch.org.br\/#organization\"},\"image\":{\"@id\":\"https:\/\/rioonwatch.org.br\/?p=22236#primaryimage\"},\"thumbnailUrl\":\"https:\/\/rioonwatch.org.br\/wp-content\/uploads\/2016\/09\/August-Digest-1.jpg\",\"keywords\":[\"Resumo\"],\"articleSection\":[\"Entendendo o Rio\"],\"inLanguage\":\"pt-BR\"},{\"@type\":\"WebPage\",\"@id\":\"https:\/\/rioonwatch.org.br\/?p=22236\",\"url\":\"https:\/\/rioonwatch.org.br\/?p=22236\",\"name\":\"Favelas nas Not\u00edcias: Resumo de Agosto 2016 - RioOnWatch\",\"isPartOf\":{\"@id\":\"https:\/\/rioonwatch.org.br\/#website\"},\"primaryImageOfPage\":{\"@id\":\"https:\/\/rioonwatch.org.br\/?p=22236#primaryimage\"},\"image\":{\"@id\":\"https:\/\/rioonwatch.org.br\/?p=22236#primaryimage\"},\"thumbnailUrl\":\"https:\/\/rioonwatch.org.br\/wp-content\/uploads\/2016\/09\/August-Digest-1.jpg\",\"datePublished\":\"2016-09-10T18:58:57+00:00\",\"dateModified\":\"2016-09-26T19:13:21+00:00\",\"breadcrumb\":{\"@id\":\"https:\/\/rioonwatch.org.br\/?p=22236#breadcrumb\"},\"inLanguage\":\"pt-BR\",\"potentialAction\":[{\"@type\":\"ReadAction\",\"target\":[\"https:\/\/rioonwatch.org.br\/?p=22236\"]}]},{\"@type\":\"ImageObject\",\"inLanguage\":\"pt-BR\",\"@id\":\"https:\/\/rioonwatch.org.br\/?p=22236#primaryimage\",\"url\":\"https:\/\/rioonwatch.org.br\/wp-content\/uploads\/2016\/09\/August-Digest-1.jpg\",\"contentUrl\":\"https:\/\/rioonwatch.org.br\/wp-content\/uploads\/2016\/09\/August-Digest-1.jpg\",\"width\":1366,\"height\":768},{\"@type\":\"BreadcrumbList\",\"@id\":\"https:\/\/rioonwatch.org.br\/?p=22236#breadcrumb\",\"itemListElement\":[{\"@type\":\"ListItem\",\"position\":1,\"name\":\"In\u00edcio\",\"item\":\"https:\/\/rioonwatch.org.br\/\"},{\"@type\":\"ListItem\",\"position\":2,\"name\":\"Favelas nas Not\u00edcias: Resumo de Agosto 2016\"}]},{\"@type\":\"WebSite\",\"@id\":\"https:\/\/rioonwatch.org.br\/#website\",\"url\":\"https:\/\/rioonwatch.org.br\/\",\"name\":\"RioOnWatch\",\"description\":\"relatos das favelas cariocas\",\"publisher\":{\"@id\":\"https:\/\/rioonwatch.org.br\/#organization\"},\"potentialAction\":[{\"@type\":\"SearchAction\",\"target\":{\"@type\":\"EntryPoint\",\"urlTemplate\":\"https:\/\/rioonwatch.org.br\/?s={search_term_string}\"},\"query-input\":{\"@type\":\"PropertyValueSpecification\",\"valueRequired\":true,\"valueName\":\"search_term_string\"}}],\"inLanguage\":\"pt-BR\"},{\"@type\":\"Organization\",\"@id\":\"https:\/\/rioonwatch.org.br\/#organization\",\"name\":\"RioOnWatch\",\"url\":\"https:\/\/rioonwatch.org.br\/\",\"logo\":{\"@type\":\"ImageObject\",\"inLanguage\":\"pt-BR\",\"@id\":\"https:\/\/rioonwatch.org.br\/#\/schema\/logo\/image\/\",\"url\":\"https:\/\/rioonwatch.org.br\/wp-content\/uploads\/2021\/06\/RioOnWatchcabecalhoPT11anos-2.png\",\"contentUrl\":\"https:\/\/rioonwatch.org.br\/wp-content\/uploads\/2021\/06\/RioOnWatchcabecalhoPT11anos-2.png\",\"width\":779,\"height\":277,\"caption\":\"RioOnWatch\"},\"image\":{\"@id\":\"https:\/\/rioonwatch.org.br\/#\/schema\/logo\/image\/\"}},{\"@type\":\"Person\",\"@id\":\"https:\/\/rioonwatch.org.br\/#\/schema\/person\/11d64c290506f9df50c71b850c473f68\",\"name\":\"Admin\",\"image\":{\"@type\":\"ImageObject\",\"inLanguage\":\"pt-BR\",\"@id\":\"https:\/\/rioonwatch.org.br\/#\/schema\/person\/image\/\",\"url\":\"https:\/\/secure.gravatar.com\/avatar\/56211ac74568383903349a1485e3c325?s=96&d=blank&r=g\",\"contentUrl\":\"https:\/\/secure.gravatar.com\/avatar\/56211ac74568383903349a1485e3c325?s=96&d=blank&r=g\",\"caption\":\"Admin\"},\"url\":\"https:\/\/rioonwatch.org.br\/?author=129\"}]}<\/script>\n<!-- \/ Yoast SEO plugin. -->","yoast_head_json":{"title":"Favelas nas Not\u00edcias: Resumo de Agosto 2016 - RioOnWatch","robots":{"index":"index","follow":"follow","max-snippet":"max-snippet:-1","max-image-preview":"max-image-preview:large","max-video-preview":"max-video-preview:-1"},"canonical":"https:\/\/rioonwatch.org.br\/?p=22236","og_locale":"pt_BR","og_type":"article","og_title":"Favelas nas Not\u00edcias: Resumo de Agosto 2016 - RioOnWatch","og_description":"Click Here for English Agosto de 2016: o m\u00eas para o qual a cidade do Rio de Janeiro se preparou durante sete anos tumultuados.\u00a0Para ajudar nossos leitores a ter conhecimento das maiores not\u00edcias e temas [...]","og_url":"https:\/\/rioonwatch.org.br\/?p=22236","og_site_name":"RioOnWatch","article_published_time":"2016-09-10T18:58:57+00:00","article_modified_time":"2016-09-26T19:13:21+00:00","og_image":[{"width":1366,"height":768,"url":"https:\/\/rioonwatch.org.br\/wp-content\/uploads\/2016\/09\/August-Digest-1.jpg","type":"image\/jpeg"}],"author":"Admin","twitter_card":"summary_large_image","twitter_misc":{"Escrito por":"Admin","Est. tempo de leitura":"5 minutos"},"schema":{"@context":"https:\/\/schema.org","@graph":[{"@type":"Article","@id":"https:\/\/rioonwatch.org.br\/?p=22236#article","isPartOf":{"@id":"https:\/\/rioonwatch.org.br\/?p=22236"},"author":{"name":"Admin","@id":"https:\/\/rioonwatch.org.br\/#\/schema\/person\/11d64c290506f9df50c71b850c473f68"},"headline":"Favelas nas Not\u00edcias: Resumo de Agosto 2016","datePublished":"2016-09-10T18:58:57+00:00","dateModified":"2016-09-26T19:13:21+00:00","mainEntityOfPage":{"@id":"https:\/\/rioonwatch.org.br\/?p=22236"},"wordCount":946,"publisher":{"@id":"https:\/\/rioonwatch.org.br\/#organization"},"image":{"@id":"https:\/\/rioonwatch.org.br\/?p=22236#primaryimage"},"thumbnailUrl":"https:\/\/rioonwatch.org.br\/wp-content\/uploads\/2016\/09\/August-Digest-1.jpg","keywords":["Resumo"],"articleSection":["Entendendo o Rio"],"inLanguage":"pt-BR"},{"@type":"WebPage","@id":"https:\/\/rioonwatch.org.br\/?p=22236","url":"https:\/\/rioonwatch.org.br\/?p=22236","name":"Favelas nas Not\u00edcias: Resumo de Agosto 2016 - RioOnWatch","isPartOf":{"@id":"https:\/\/rioonwatch.org.br\/#website"},"primaryImageOfPage":{"@id":"https:\/\/rioonwatch.org.br\/?p=22236#primaryimage"},"image":{"@id":"https:\/\/rioonwatch.org.br\/?p=22236#primaryimage"},"thumbnailUrl":"https:\/\/rioonwatch.org.br\/wp-content\/uploads\/2016\/09\/August-Digest-1.jpg","datePublished":"2016-09-10T18:58:57+00:00","dateModified":"2016-09-26T19:13:21+00:00","breadcrumb":{"@id":"https:\/\/rioonwatch.org.br\/?p=22236#breadcrumb"},"inLanguage":"pt-BR","potentialAction":[{"@type":"ReadAction","target":["https:\/\/rioonwatch.org.br\/?p=22236"]}]},{"@type":"ImageObject","inLanguage":"pt-BR","@id":"https:\/\/rioonwatch.org.br\/?p=22236#primaryimage","url":"https:\/\/rioonwatch.org.br\/wp-content\/uploads\/2016\/09\/August-Digest-1.jpg","contentUrl":"https:\/\/rioonwatch.org.br\/wp-content\/uploads\/2016\/09\/August-Digest-1.jpg","width":1366,"height":768},{"@type":"BreadcrumbList","@id":"https:\/\/rioonwatch.org.br\/?p=22236#breadcrumb","itemListElement":[{"@type":"ListItem","position":1,"name":"In\u00edcio","item":"https:\/\/rioonwatch.org.br\/"},{"@type":"ListItem","position":2,"name":"Favelas nas Not\u00edcias: Resumo de Agosto 2016"}]},{"@type":"WebSite","@id":"https:\/\/rioonwatch.org.br\/#website","url":"https:\/\/rioonwatch.org.br\/","name":"RioOnWatch","description":"relatos das favelas cariocas","publisher":{"@id":"https:\/\/rioonwatch.org.br\/#organization"},"potentialAction":[{"@type":"SearchAction","target":{"@type":"EntryPoint","urlTemplate":"https:\/\/rioonwatch.org.br\/?s={search_term_string}"},"query-input":{"@type":"PropertyValueSpecification","valueRequired":true,"valueName":"search_term_string"}}],"inLanguage":"pt-BR"},{"@type":"Organization","@id":"https:\/\/rioonwatch.org.br\/#organization","name":"RioOnWatch","url":"https:\/\/rioonwatch.org.br\/","logo":{"@type":"ImageObject","inLanguage":"pt-BR","@id":"https:\/\/rioonwatch.org.br\/#\/schema\/logo\/image\/","url":"https:\/\/rioonwatch.org.br\/wp-content\/uploads\/2021\/06\/RioOnWatchcabecalhoPT11anos-2.png","contentUrl":"https:\/\/rioonwatch.org.br\/wp-content\/uploads\/2021\/06\/RioOnWatchcabecalhoPT11anos-2.png","width":779,"height":277,"caption":"RioOnWatch"},"image":{"@id":"https:\/\/rioonwatch.org.br\/#\/schema\/logo\/image\/"}},{"@type":"Person","@id":"https:\/\/rioonwatch.org.br\/#\/schema\/person\/11d64c290506f9df50c71b850c473f68","name":"Admin","image":{"@type":"ImageObject","inLanguage":"pt-BR","@id":"https:\/\/rioonwatch.org.br\/#\/schema\/person\/image\/","url":"https:\/\/secure.gravatar.com\/avatar\/56211ac74568383903349a1485e3c325?s=96&d=blank&r=g","contentUrl":"https:\/\/secure.gravatar.com\/avatar\/56211ac74568383903349a1485e3c325?s=96&d=blank&r=g","caption":"Admin"},"url":"https:\/\/rioonwatch.org.br\/?author=129"}]}},"_links":{"self":[{"href":"https:\/\/rioonwatch.org.br\/index.php?rest_route=\/wp\/v2\/posts\/22236"}],"collection":[{"href":"https:\/\/rioonwatch.org.br\/index.php?rest_route=\/wp\/v2\/posts"}],"about":[{"href":"https:\/\/rioonwatch.org.br\/index.php?rest_route=\/wp\/v2\/types\/post"}],"author":[{"embeddable":true,"href":"https:\/\/rioonwatch.org.br\/index.php?rest_route=\/wp\/v2\/users\/129"}],"replies":[{"embeddable":true,"href":"https:\/\/rioonwatch.org.br\/index.php?rest_route=%2Fwp%2Fv2%2Fcomments&post=22236"}],"version-history":[{"count":15,"href":"https:\/\/rioonwatch.org.br\/index.php?rest_route=\/wp\/v2\/posts\/22236\/revisions"}],"predecessor-version":[{"id":22487,"href":"https:\/\/rioonwatch.org.br\/index.php?rest_route=\/wp\/v2\/posts\/22236\/revisions\/22487"}],"wp:featuredmedia":[{"embeddable":true,"href":"https:\/\/rioonwatch.org.br\/index.php?rest_route=\/wp\/v2\/media\/22340"}],"wp:attachment":[{"href":"https:\/\/rioonwatch.org.br\/index.php?rest_route=%2Fwp%2Fv2%2Fmedia&parent=22236"}],"wp:term":[{"taxonomy":"category","embeddable":true,"href":"https:\/\/rioonwatch.org.br\/index.php?rest_route=%2Fwp%2Fv2%2Fcategories&post=22236"},{"taxonomy":"post_tag","embeddable":true,"href":"https:\/\/rioonwatch.org.br\/index.php?rest_route=%2Fwp%2Fv2%2Ftags&post=22236"},{"taxonomy":"writer","embeddable":true,"href":"https:\/\/rioonwatch.org.br\/index.php?rest_route=%2Fwp%2Fv2%2Fwriter&post=22236"},{"taxonomy":"translator","embeddable":true,"href":"https:\/\/rioonwatch.org.br\/index.php?rest_route=%2Fwp%2Fv2%2Ftranslator&post=22236"},{"taxonomy":"source","embeddable":true,"href":"https:\/\/rioonwatch.org.br\/index.php?rest_route=%2Fwp%2Fv2%2Fsource&post=22236"},{"taxonomy":"ilustrador","embeddable":true,"href":"https:\/\/rioonwatch.org.br\/index.php?rest_route=%2Fwp%2Fv2%2Filustrador&post=22236"},{"taxonomy":"fotografo","embeddable":true,"href":"https:\/\/rioonwatch.org.br\/index.php?rest_route=%2Fwp%2Fv2%2Ffotografo&post=22236"}],"curies":[{"name":"wp","href":"https:\/\/api.w.org\/{rel}","templated":true}]}}