{"id":22270,"date":"2016-09-14T12:35:06","date_gmt":"2016-09-14T15:35:06","guid":{"rendered":"http:\/\/rioonwatch.org.br\/?p=22270"},"modified":"2017-04-19T08:03:59","modified_gmt":"2017-04-19T11:03:59","slug":"impeachment-estamos-sangrando-junto-com-a-democracia-opiniao","status":"publish","type":"post","link":"https:\/\/rioonwatch.org.br\/?p=22270","title":{"rendered":"Impeachment: Estamos Sangrando Junto com a Democracia [OPINI\u00c3O]"},"content":{"rendered":"<p style=\"text-align: right;\"><em><strong><a href=\"http:\/\/bit.ly\/2cRuEHA\" target=\"_blank\">Click Here for English<img decoding=\"async\" width=\"20\" height=\"20\" class=\"alignright wp-image-15790\" src=\"http:\/\/rioonwatch.org.br\/wp-content\/uploads\/2012\/08\/EN-standard-e1439583104716.jpg\" alt=\"\" \/><\/a><\/strong><\/em><\/p>\n<h3 dir=\"ltr\"><strong>Esta mat\u00e9ria de Cleber Araujo faz parte de uma s\u00e9rie de\u00a0<a href=\"http:\/\/bit.ly\/230MkT1\" target=\"_blank\">mat\u00e9rias de opini\u00e3o sobre o impeachment por comunicadores populares<\/a>\u00a0publicadas no RioOnWatch.<\/strong><\/h3>\n<p>Em um triste momento de <a href=\"http:\/\/bit.ly\/2cpBmpx\" target=\"_blank\">grande vergonha mundial<\/a>, os pol\u00edticos brasileiros alheios \u00e0s vozes das ruas e ao clamor do povo, digladiam entre si, em busca dos mais vis interesses pessoais e numa demonstra\u00e7\u00e3o de f\u00faria egoc\u00eantrica e altamente mal\u00e9fica, mostrando cada vez mais que o objetivo mais distante deles \u00e9 servir o povo que os colocou l\u00e1 para que nos representasse.<\/p>\n<p><span style=\"font-weight: 400;\">As <a href=\"http:\/\/bit.ly\/2cVTSor\" target=\"_blank\">pautas di\u00e1rias das plen\u00e1rias<\/a> nunca s\u00e3o o povo. Daqui, mesmo de longe percebemos atrav\u00e9s dos discursos inflamados e at\u00e9 bem escritos que o grande alvo \u00e9 atingir o seu advers\u00e1rio pol\u00edtico, \u00e9 puxar brasa para braseiro de cada um. Fica claro que os interesses coletivos ali \u00e9 s\u00f3 da \u2018coliga\u00e7\u00e3o\u2019, nunca o que seria a vontade e necessidade da grande maioria, que tanto carece e esperam dos parlamentares as defini\u00e7\u00f5es e libera\u00e7\u00f5es de projetos que venham atender aos anseios de quem paga os grandes sal\u00e1rios deles.<\/span><span style=\"font-weight: 400;\"><br \/>\n<\/span><\/p>\n<p><span style=\"font-weight: 400;\">O povo est\u00e1 sangrando, fomos feridos na jugular e eles est\u00e3o nos vendo agonizar. Estamos nos debatendo, precisando ser estancados os sangramentos, e eles insistem em continuar de forma exacerbada a brigarem por seus mais inescrupulosos interesses.<\/span><span style=\"font-weight: 400;\"><br \/>\n<\/span><\/p>\n<p><span style=\"font-weight: 400;\">Durante s\u00e9culos e s\u00e9culos os pol\u00edticos brasileiros lutam contra o povo, votando e pautando sempre os desejos de uma sociedade hegem\u00f4nica e elitista. Essa onde o pobre sempre foi exclu\u00eddo e tratado em\u00a0<\/span><span style=\"font-weight: 400;\">\u00faltimo plano. Demonstra\u00e7\u00e3o clara que sempre o que predomina \u00e9 o que deve ser tirado ao m\u00e1ximo da grande maioria para servir a uma pequena parcela da sociedade.<\/span><\/p>\n<p><span style=\"font-weight: 400;\">O mais incr\u00edvel \u00e9 que por um curto momento festejamos\u00a0<a href=\"http:\/\/bit.ly\/2cjGxsd\" target=\"_blank\">pequenas conquistas<\/a>, de forma ainda que t\u00edmida, conquistas importantes e de grande relev\u00e2ncia para grupos que antes eram totalmente <a href=\"http:\/\/bit.ly\/1Swdf8U\" target=\"_blank\">exclu\u00eddos<\/a> dos \u2018padr\u00f5es\u2019 que rege essa sociedade cada dia mais preconceituosa e fundamentalista. <\/span><\/p>\n<p><span style=\"font-weight: 400;\">O gosto de poder <a href=\"http:\/\/bit.ly\/28PEyK3\" target=\"_blank\">voar pela primeira vez<\/a>, o sabor de <a href=\"http:\/\/bit.ly\/2cjGxsd\" target=\"_blank\">entrar para uma universidade p\u00fablica<\/a> e saber que levantar\u00edamos um canudo ao suor do nosso pr\u00f3prio rosto, saber que poder\u00edamos avan\u00e7ar e estudar no exterior com o <a href=\"http:\/\/bit.ly\/2cjU6dj\" target=\"_blank\">Ci\u00eancia Sem Fronteiras<\/a>, as in\u00fameras fam\u00edlias que colocaram um bife para cada um pela primeira vez no prato (estou aqui em l\u00e1grimas nesse momento, isso aconteceu com a minha fam\u00edlia).\u00a0<a href=\"http:\/\/bit.ly\/1SNivTf\" target=\"_blank\">Um novo horizonte se abriu<\/a> e mais <a href=\"http:\/\/bit.ly\/1jEgxaJ\" target=\"_blank\">canais de comunica\u00e7\u00f5es afloraram<\/a> fazendo <a href=\"http:\/\/bit.ly\/22UReDO\" target=\"_blank\">ecoar a nossa voz em v\u00e1rios meios<\/a> e em locais nunca antes sonhado que poderiam chegar. Ficou poss\u00edvel ter uma televis\u00e3o melhor, uma geladeira melhor, ficou poss\u00edvel um CARRO&#8230; O pobre passou a ser visto em <a href=\"http:\/\/bit.ly\/1txCOdX\" target=\"_blank\">shoppings<\/a>, em aeroportos, em portos, em restaurantes, no exterior, em todos os lugares, n\u00e3o como servi\u00e7ais <a href=\"http:\/\/bit.ly\/1Mr1dJH\" target=\"_blank\">mas como protagonistas<\/a>. Isso <a href=\"http:\/\/bit.ly\/U76Z5J\" target=\"_blank\">REVOLTOU<\/a> as mais altas \u2018natas\u2019 dessa doente elite escravocrata.<\/span><\/p>\n<p><span style=\"font-weight: 400;\">Mediante a essas <a href=\"http:\/\/bit.ly\/2cjGxsd\" target=\"_blank\">migalhas alcan\u00e7adas<\/a>, se revoltaram e tramaram um plano e uma forma de <a href=\"http:\/\/bit.ly\/20H3WDe\" target=\"_blank\">frear esses pequenos avan\u00e7os<\/a>, se sentiram no direito de roubar os nossos DIREITOS, e de forma covarde nos GOLPEARAM, nos fazendo SANGRAR.<\/span><\/p>\n<p><span style=\"font-weight: 400;\">Forjaram manobras escusas, <a href=\"http:\/\/bit.ly\/2cCnr0L\" target=\"_blank\">alimentaram a espionagem<\/a>\u00a0financiada por um pa\u00eds que se sente no direito de usurpar na\u00e7\u00f5es em prol de seus interesses. Os nossos fr\u00e1geis e incautos pol\u00edticos n\u00e9scios agiram como mercen\u00e1rios e derrubaram um governo leg\u00edtimo, eleito pela vontade do povo que queria a continua\u00e7\u00e3o das pequenas conquistas j\u00e1 alcan\u00e7adas. Mesmo sem conseguir uma prova sequer, destitu\u00edram a <a href=\"http:\/\/bit.ly\/1sTDJFe\" target=\"_blank\">presidenta eleita<\/a> e de forma clara e as claras, na penumbra dos rec\u00f4nditos palaciais, sacramentaram o GOLPE, sangrando assim a nossa jovem <a href=\"http:\/\/bit.ly\/1WLfndF\" target=\"_blank\">DEMOCRACIA<\/a>.<\/span><\/p>\n<p><span style=\"font-weight: 400;\">Hoje estamos vivendo o medo e pavor das incertezas, pois os saqueadores tomaram as r\u00e9deas na for\u00e7a e na marra. Direitos est\u00e3o sendo extirpados e subtra\u00eddos de forma expl\u00edcita e cruel. Um colapso \u00e9 iminente, as massas n\u00e3o aceitaram calados esse absurdo e <a href=\"http:\/\/bit.ly\/2cHf42m\" target=\"_blank\">estamos nas ruas<\/a> em multid\u00f5es gritando em alto e bom som: FORA&#8230; Fora governo golpista e salteador, nosso povo n\u00e3o vai aceitar a perda de nenhum direito que j\u00e1 foi adquirido, n\u00e3o fica nada para tr\u00e1s.<\/span><\/p>\n<p><span style=\"font-weight: 400;\">Em resumo, estamos sangrando juntos com a <a href=\"http:\/\/bit.ly\/2cBePY9\" target=\"_blank\">Democracia<\/a>.<\/span><\/p>\n<p><em>Cleber Araujo, 40 anos, baiano, \u00e9 morador do Complexo do Alem\u00e3o, onde atrav\u00e9s das redes sociais mostra a favela em suas mais diversas formas e momentos.<\/em><\/p>\n<!-- AddThis Advanced Settings generic via filter on the_content --><!-- AddThis Share Buttons generic via filter on the_content -->","protected":false},"excerpt":{"rendered":"<div class=\"mh-excerpt\"><p>Click Here for English Esta mat\u00e9ria de Cleber Araujo faz parte de uma s\u00e9rie de\u00a0mat\u00e9rias de opini\u00e3o sobre o impeachment por comunicadores populares\u00a0publicadas no RioOnWatch. Em um triste momento de grande vergonha mundial, os pol\u00edticos <a class=\"mh-excerpt-more\" href=\"https:\/\/rioonwatch.org.br\/?p=22270\" title=\"Impeachment: Estamos Sangrando Junto com a Democracia [OPINI\u00c3O]\">[&#8230;]<\/a><!-- AddThis Advanced Settings generic via filter on get_the_excerpt --><!-- AddThis Share Buttons generic via filter on get_the_excerpt --><\/p>\n<\/div>","protected":false},"author":129,"featured_media":22307,"comment_status":"closed","ping_status":"closed","sticky":false,"template":"","format":"standard","meta":{"_acf_changed":false,"_monsterinsights_skip_tracking":false,"_monsterinsights_sitenote_active":false,"_monsterinsights_sitenote_note":"","_monsterinsights_sitenote_category":0,"footnotes":""},"categories":[1618,1625,1630],"tags":[310,479,413,1163,1306,1162,128,1837,1307,1833,307,1033,763,1836],"writer":[1284],"translator":[],"source":[],"ilustrador":[],"fotografo":[],"class_list":{"0":"post-22270","1":"post","2":"type-post","3":"status-publish","4":"format-standard","5":"has-post-thumbnail","7":"category-olhonaparticipacao","8":"category-por-correspondentes-comunitarios","9":"category-opiniao","10":"tag-corrupcao","11":"tag-democracia","12":"tag-desigualdade","13":"tag-presidente-dilma-rousseff","14":"tag-exclusao","15":"tag-governo-federal","16":"tag-historia","17":"tag-impeachment","18":"tag-inclusao","19":"tag-michel-temer","20":"tag-opiniao","21":"tag-politica","22":"tag-protesto","23":"tag-serie-impeachment","24":"writer-cleber-araujo"},"acf":[],"yoast_head":"<!-- This site is optimized with the Yoast SEO plugin v25.6 - https:\/\/yoast.com\/wordpress\/plugins\/seo\/ -->\n<title>Impeachment: Estamos Sangrando Junto com a Democracia [OPINI\u00c3O] - RioOnWatch<\/title>\n<meta name=\"robots\" content=\"index, follow, max-snippet:-1, max-image-preview:large, max-video-preview:-1\" \/>\n<link rel=\"canonical\" href=\"https:\/\/rioonwatch.org.br\/?p=22270\" \/>\n<meta property=\"og:locale\" content=\"pt_BR\" \/>\n<meta property=\"og:type\" content=\"article\" \/>\n<meta property=\"og:title\" content=\"Impeachment: Estamos Sangrando Junto com a Democracia [OPINI\u00c3O] - RioOnWatch\" \/>\n<meta property=\"og:description\" content=\"Click Here for English Esta mat\u00e9ria de Cleber Araujo faz parte de uma s\u00e9rie de\u00a0mat\u00e9rias de opini\u00e3o sobre o impeachment por comunicadores populares\u00a0publicadas no RioOnWatch. Em um triste momento de grande vergonha mundial, os pol\u00edticos [...]\" \/>\n<meta property=\"og:url\" content=\"https:\/\/rioonwatch.org.br\/?p=22270\" \/>\n<meta property=\"og:site_name\" content=\"RioOnWatch\" \/>\n<meta property=\"article:published_time\" content=\"2016-09-14T15:35:06+00:00\" \/>\n<meta property=\"article:modified_time\" content=\"2017-04-19T11:03:59+00:00\" \/>\n<meta property=\"og:image\" content=\"https:\/\/rioonwatch.org.br\/wp-content\/uploads\/2016\/09\/Cleber.jpg\" \/>\n\t<meta property=\"og:image:width\" content=\"1000\" \/>\n\t<meta property=\"og:image:height\" content=\"666\" \/>\n\t<meta property=\"og:image:type\" content=\"image\/jpeg\" \/>\n<meta name=\"author\" content=\"Admin\" \/>\n<meta name=\"twitter:card\" content=\"summary_large_image\" \/>\n<meta name=\"twitter:label1\" content=\"Escrito por\" \/>\n\t<meta name=\"twitter:data1\" content=\"Admin\" \/>\n\t<meta name=\"twitter:label2\" content=\"Est. tempo de leitura\" \/>\n\t<meta name=\"twitter:data2\" content=\"4 minutos\" \/>\n<script type=\"application\/ld+json\" class=\"yoast-schema-graph\">{\"@context\":\"https:\/\/schema.org\",\"@graph\":[{\"@type\":\"Article\",\"@id\":\"https:\/\/rioonwatch.org.br\/?p=22270#article\",\"isPartOf\":{\"@id\":\"https:\/\/rioonwatch.org.br\/?p=22270\"},\"author\":{\"name\":\"Admin\",\"@id\":\"https:\/\/rioonwatch.org.br\/#\/schema\/person\/11d64c290506f9df50c71b850c473f68\"},\"headline\":\"Impeachment: Estamos Sangrando Junto com a Democracia [OPINI\u00c3O]\",\"datePublished\":\"2016-09-14T15:35:06+00:00\",\"dateModified\":\"2017-04-19T11:03:59+00:00\",\"mainEntityOfPage\":{\"@id\":\"https:\/\/rioonwatch.org.br\/?p=22270\"},\"wordCount\":768,\"publisher\":{\"@id\":\"https:\/\/rioonwatch.org.br\/#organization\"},\"image\":{\"@id\":\"https:\/\/rioonwatch.org.br\/?p=22270#primaryimage\"},\"thumbnailUrl\":\"https:\/\/rioonwatch.org.br\/wp-content\/uploads\/2016\/09\/Cleber.jpg\",\"keywords\":[\"corrup\u00e7\u00e3o\",\"Democracia\",\"desigualdade\",\"Dilma Rousseff\",\"exclus\u00e3o\",\"Governo Federal\",\"hist\u00f3ria\",\"impeachment\",\"inclus\u00e3o\",\"Michel Temer\",\"opini\u00e3o\",\"pol\u00edtica\",\"protesto\",\"S\u00e9rie: Impeachment\"],\"articleSection\":[\"#OlhoNaParticipa\u00e7\u00e3o\",\"Escrito por Comunicadores Populares\",\"Opini\u00e3o\"],\"inLanguage\":\"pt-BR\"},{\"@type\":\"WebPage\",\"@id\":\"https:\/\/rioonwatch.org.br\/?p=22270\",\"url\":\"https:\/\/rioonwatch.org.br\/?p=22270\",\"name\":\"Impeachment: Estamos Sangrando Junto com a Democracia [OPINI\u00c3O] - RioOnWatch\",\"isPartOf\":{\"@id\":\"https:\/\/rioonwatch.org.br\/#website\"},\"primaryImageOfPage\":{\"@id\":\"https:\/\/rioonwatch.org.br\/?p=22270#primaryimage\"},\"image\":{\"@id\":\"https:\/\/rioonwatch.org.br\/?p=22270#primaryimage\"},\"thumbnailUrl\":\"https:\/\/rioonwatch.org.br\/wp-content\/uploads\/2016\/09\/Cleber.jpg\",\"datePublished\":\"2016-09-14T15:35:06+00:00\",\"dateModified\":\"2017-04-19T11:03:59+00:00\",\"breadcrumb\":{\"@id\":\"https:\/\/rioonwatch.org.br\/?p=22270#breadcrumb\"},\"inLanguage\":\"pt-BR\",\"potentialAction\":[{\"@type\":\"ReadAction\",\"target\":[\"https:\/\/rioonwatch.org.br\/?p=22270\"]}]},{\"@type\":\"ImageObject\",\"inLanguage\":\"pt-BR\",\"@id\":\"https:\/\/rioonwatch.org.br\/?p=22270#primaryimage\",\"url\":\"https:\/\/rioonwatch.org.br\/wp-content\/uploads\/2016\/09\/Cleber.jpg\",\"contentUrl\":\"https:\/\/rioonwatch.org.br\/wp-content\/uploads\/2016\/09\/Cleber.jpg\",\"width\":1000,\"height\":666,\"caption\":\"Cleber Ara\u00fajo [foto do Vice]\"},{\"@type\":\"BreadcrumbList\",\"@id\":\"https:\/\/rioonwatch.org.br\/?p=22270#breadcrumb\",\"itemListElement\":[{\"@type\":\"ListItem\",\"position\":1,\"name\":\"In\u00edcio\",\"item\":\"https:\/\/rioonwatch.org.br\/\"},{\"@type\":\"ListItem\",\"position\":2,\"name\":\"Impeachment: Estamos Sangrando Junto com a Democracia [OPINI\u00c3O]\"}]},{\"@type\":\"WebSite\",\"@id\":\"https:\/\/rioonwatch.org.br\/#website\",\"url\":\"https:\/\/rioonwatch.org.br\/\",\"name\":\"RioOnWatch\",\"description\":\"relatos das favelas cariocas\",\"publisher\":{\"@id\":\"https:\/\/rioonwatch.org.br\/#organization\"},\"potentialAction\":[{\"@type\":\"SearchAction\",\"target\":{\"@type\":\"EntryPoint\",\"urlTemplate\":\"https:\/\/rioonwatch.org.br\/?s={search_term_string}\"},\"query-input\":{\"@type\":\"PropertyValueSpecification\",\"valueRequired\":true,\"valueName\":\"search_term_string\"}}],\"inLanguage\":\"pt-BR\"},{\"@type\":\"Organization\",\"@id\":\"https:\/\/rioonwatch.org.br\/#organization\",\"name\":\"RioOnWatch\",\"url\":\"https:\/\/rioonwatch.org.br\/\",\"logo\":{\"@type\":\"ImageObject\",\"inLanguage\":\"pt-BR\",\"@id\":\"https:\/\/rioonwatch.org.br\/#\/schema\/logo\/image\/\",\"url\":\"https:\/\/rioonwatch.org.br\/wp-content\/uploads\/2021\/06\/RioOnWatchcabecalhoPT11anos-2.png\",\"contentUrl\":\"https:\/\/rioonwatch.org.br\/wp-content\/uploads\/2021\/06\/RioOnWatchcabecalhoPT11anos-2.png\",\"width\":779,\"height\":277,\"caption\":\"RioOnWatch\"},\"image\":{\"@id\":\"https:\/\/rioonwatch.org.br\/#\/schema\/logo\/image\/\"}},{\"@type\":\"Person\",\"@id\":\"https:\/\/rioonwatch.org.br\/#\/schema\/person\/11d64c290506f9df50c71b850c473f68\",\"name\":\"Admin\",\"image\":{\"@type\":\"ImageObject\",\"inLanguage\":\"pt-BR\",\"@id\":\"https:\/\/rioonwatch.org.br\/#\/schema\/person\/image\/\",\"url\":\"https:\/\/secure.gravatar.com\/avatar\/56211ac74568383903349a1485e3c325?s=96&d=blank&r=g\",\"contentUrl\":\"https:\/\/secure.gravatar.com\/avatar\/56211ac74568383903349a1485e3c325?s=96&d=blank&r=g\",\"caption\":\"Admin\"},\"url\":\"https:\/\/rioonwatch.org.br\/?author=129\"}]}<\/script>\n<!-- \/ Yoast SEO plugin. -->","yoast_head_json":{"title":"Impeachment: Estamos Sangrando Junto com a Democracia [OPINI\u00c3O] - RioOnWatch","robots":{"index":"index","follow":"follow","max-snippet":"max-snippet:-1","max-image-preview":"max-image-preview:large","max-video-preview":"max-video-preview:-1"},"canonical":"https:\/\/rioonwatch.org.br\/?p=22270","og_locale":"pt_BR","og_type":"article","og_title":"Impeachment: Estamos Sangrando Junto com a Democracia [OPINI\u00c3O] - RioOnWatch","og_description":"Click Here for English Esta mat\u00e9ria de Cleber Araujo faz parte de uma s\u00e9rie de\u00a0mat\u00e9rias de opini\u00e3o sobre o impeachment por comunicadores populares\u00a0publicadas no RioOnWatch. Em um triste momento de grande vergonha mundial, os pol\u00edticos [...]","og_url":"https:\/\/rioonwatch.org.br\/?p=22270","og_site_name":"RioOnWatch","article_published_time":"2016-09-14T15:35:06+00:00","article_modified_time":"2017-04-19T11:03:59+00:00","og_image":[{"width":1000,"height":666,"url":"https:\/\/rioonwatch.org.br\/wp-content\/uploads\/2016\/09\/Cleber.jpg","type":"image\/jpeg"}],"author":"Admin","twitter_card":"summary_large_image","twitter_misc":{"Escrito por":"Admin","Est. tempo de leitura":"4 minutos"},"schema":{"@context":"https:\/\/schema.org","@graph":[{"@type":"Article","@id":"https:\/\/rioonwatch.org.br\/?p=22270#article","isPartOf":{"@id":"https:\/\/rioonwatch.org.br\/?p=22270"},"author":{"name":"Admin","@id":"https:\/\/rioonwatch.org.br\/#\/schema\/person\/11d64c290506f9df50c71b850c473f68"},"headline":"Impeachment: Estamos Sangrando Junto com a Democracia [OPINI\u00c3O]","datePublished":"2016-09-14T15:35:06+00:00","dateModified":"2017-04-19T11:03:59+00:00","mainEntityOfPage":{"@id":"https:\/\/rioonwatch.org.br\/?p=22270"},"wordCount":768,"publisher":{"@id":"https:\/\/rioonwatch.org.br\/#organization"},"image":{"@id":"https:\/\/rioonwatch.org.br\/?p=22270#primaryimage"},"thumbnailUrl":"https:\/\/rioonwatch.org.br\/wp-content\/uploads\/2016\/09\/Cleber.jpg","keywords":["corrup\u00e7\u00e3o","Democracia","desigualdade","Dilma Rousseff","exclus\u00e3o","Governo Federal","hist\u00f3ria","impeachment","inclus\u00e3o","Michel Temer","opini\u00e3o","pol\u00edtica","protesto","S\u00e9rie: Impeachment"],"articleSection":["#OlhoNaParticipa\u00e7\u00e3o","Escrito por Comunicadores Populares","Opini\u00e3o"],"inLanguage":"pt-BR"},{"@type":"WebPage","@id":"https:\/\/rioonwatch.org.br\/?p=22270","url":"https:\/\/rioonwatch.org.br\/?p=22270","name":"Impeachment: Estamos Sangrando Junto com a Democracia [OPINI\u00c3O] - RioOnWatch","isPartOf":{"@id":"https:\/\/rioonwatch.org.br\/#website"},"primaryImageOfPage":{"@id":"https:\/\/rioonwatch.org.br\/?p=22270#primaryimage"},"image":{"@id":"https:\/\/rioonwatch.org.br\/?p=22270#primaryimage"},"thumbnailUrl":"https:\/\/rioonwatch.org.br\/wp-content\/uploads\/2016\/09\/Cleber.jpg","datePublished":"2016-09-14T15:35:06+00:00","dateModified":"2017-04-19T11:03:59+00:00","breadcrumb":{"@id":"https:\/\/rioonwatch.org.br\/?p=22270#breadcrumb"},"inLanguage":"pt-BR","potentialAction":[{"@type":"ReadAction","target":["https:\/\/rioonwatch.org.br\/?p=22270"]}]},{"@type":"ImageObject","inLanguage":"pt-BR","@id":"https:\/\/rioonwatch.org.br\/?p=22270#primaryimage","url":"https:\/\/rioonwatch.org.br\/wp-content\/uploads\/2016\/09\/Cleber.jpg","contentUrl":"https:\/\/rioonwatch.org.br\/wp-content\/uploads\/2016\/09\/Cleber.jpg","width":1000,"height":666,"caption":"Cleber Ara\u00fajo [foto do Vice]"},{"@type":"BreadcrumbList","@id":"https:\/\/rioonwatch.org.br\/?p=22270#breadcrumb","itemListElement":[{"@type":"ListItem","position":1,"name":"In\u00edcio","item":"https:\/\/rioonwatch.org.br\/"},{"@type":"ListItem","position":2,"name":"Impeachment: Estamos Sangrando Junto com a Democracia [OPINI\u00c3O]"}]},{"@type":"WebSite","@id":"https:\/\/rioonwatch.org.br\/#website","url":"https:\/\/rioonwatch.org.br\/","name":"RioOnWatch","description":"relatos das favelas cariocas","publisher":{"@id":"https:\/\/rioonwatch.org.br\/#organization"},"potentialAction":[{"@type":"SearchAction","target":{"@type":"EntryPoint","urlTemplate":"https:\/\/rioonwatch.org.br\/?s={search_term_string}"},"query-input":{"@type":"PropertyValueSpecification","valueRequired":true,"valueName":"search_term_string"}}],"inLanguage":"pt-BR"},{"@type":"Organization","@id":"https:\/\/rioonwatch.org.br\/#organization","name":"RioOnWatch","url":"https:\/\/rioonwatch.org.br\/","logo":{"@type":"ImageObject","inLanguage":"pt-BR","@id":"https:\/\/rioonwatch.org.br\/#\/schema\/logo\/image\/","url":"https:\/\/rioonwatch.org.br\/wp-content\/uploads\/2021\/06\/RioOnWatchcabecalhoPT11anos-2.png","contentUrl":"https:\/\/rioonwatch.org.br\/wp-content\/uploads\/2021\/06\/RioOnWatchcabecalhoPT11anos-2.png","width":779,"height":277,"caption":"RioOnWatch"},"image":{"@id":"https:\/\/rioonwatch.org.br\/#\/schema\/logo\/image\/"}},{"@type":"Person","@id":"https:\/\/rioonwatch.org.br\/#\/schema\/person\/11d64c290506f9df50c71b850c473f68","name":"Admin","image":{"@type":"ImageObject","inLanguage":"pt-BR","@id":"https:\/\/rioonwatch.org.br\/#\/schema\/person\/image\/","url":"https:\/\/secure.gravatar.com\/avatar\/56211ac74568383903349a1485e3c325?s=96&d=blank&r=g","contentUrl":"https:\/\/secure.gravatar.com\/avatar\/56211ac74568383903349a1485e3c325?s=96&d=blank&r=g","caption":"Admin"},"url":"https:\/\/rioonwatch.org.br\/?author=129"}]}},"_links":{"self":[{"href":"https:\/\/rioonwatch.org.br\/index.php?rest_route=\/wp\/v2\/posts\/22270"}],"collection":[{"href":"https:\/\/rioonwatch.org.br\/index.php?rest_route=\/wp\/v2\/posts"}],"about":[{"href":"https:\/\/rioonwatch.org.br\/index.php?rest_route=\/wp\/v2\/types\/post"}],"author":[{"embeddable":true,"href":"https:\/\/rioonwatch.org.br\/index.php?rest_route=\/wp\/v2\/users\/129"}],"replies":[{"embeddable":true,"href":"https:\/\/rioonwatch.org.br\/index.php?rest_route=%2Fwp%2Fv2%2Fcomments&post=22270"}],"version-history":[{"count":15,"href":"https:\/\/rioonwatch.org.br\/index.php?rest_route=\/wp\/v2\/posts\/22270\/revisions"}],"predecessor-version":[{"id":25332,"href":"https:\/\/rioonwatch.org.br\/index.php?rest_route=\/wp\/v2\/posts\/22270\/revisions\/25332"}],"wp:featuredmedia":[{"embeddable":true,"href":"https:\/\/rioonwatch.org.br\/index.php?rest_route=\/wp\/v2\/media\/22307"}],"wp:attachment":[{"href":"https:\/\/rioonwatch.org.br\/index.php?rest_route=%2Fwp%2Fv2%2Fmedia&parent=22270"}],"wp:term":[{"taxonomy":"category","embeddable":true,"href":"https:\/\/rioonwatch.org.br\/index.php?rest_route=%2Fwp%2Fv2%2Fcategories&post=22270"},{"taxonomy":"post_tag","embeddable":true,"href":"https:\/\/rioonwatch.org.br\/index.php?rest_route=%2Fwp%2Fv2%2Ftags&post=22270"},{"taxonomy":"writer","embeddable":true,"href":"https:\/\/rioonwatch.org.br\/index.php?rest_route=%2Fwp%2Fv2%2Fwriter&post=22270"},{"taxonomy":"translator","embeddable":true,"href":"https:\/\/rioonwatch.org.br\/index.php?rest_route=%2Fwp%2Fv2%2Ftranslator&post=22270"},{"taxonomy":"source","embeddable":true,"href":"https:\/\/rioonwatch.org.br\/index.php?rest_route=%2Fwp%2Fv2%2Fsource&post=22270"},{"taxonomy":"ilustrador","embeddable":true,"href":"https:\/\/rioonwatch.org.br\/index.php?rest_route=%2Fwp%2Fv2%2Filustrador&post=22270"},{"taxonomy":"fotografo","embeddable":true,"href":"https:\/\/rioonwatch.org.br\/index.php?rest_route=%2Fwp%2Fv2%2Ffotografo&post=22270"}],"curies":[{"name":"wp","href":"https:\/\/api.w.org\/{rel}","templated":true}]}}