{"id":22316,"date":"2016-09-15T16:47:22","date_gmt":"2016-09-15T19:47:22","guid":{"rendered":"http:\/\/rioonwatch.org.br\/?p=22316"},"modified":"2016-09-15T16:47:22","modified_gmt":"2016-09-15T19:47:22","slug":"removidos-da-aldeia-maracana-em-2013-indigenas-do-rio-sentem-se-presos-em-conjunto-habitacional","status":"publish","type":"post","link":"https:\/\/rioonwatch.org.br\/?p=22316","title":{"rendered":"Removidos da Aldeia Maracan\u00e3 em 2013, Ind\u00edgenas do Rio Sentem-se Presos em Conjunto Habitacional"},"content":{"rendered":"<p style=\"text-align: right;\"><em><strong><a href=\"http:\/\/bit.ly\/2aNFNeX\" target=\"_blank\">Click Here for English<img decoding=\"async\" width=\"20\" height=\"20\" class=\"alignright wp-image-15790\" src=\"http:\/\/rioonwatch.org.br\/wp-content\/uploads\/2012\/08\/EN-standard-e1439583104716.jpg\" alt=\"\" \/><\/a><\/strong><\/em><\/p>\n<p><span style=\"font-weight: 400;\">No Est\u00e1cio&#8211;um bairro pr\u00f3ximo ao Centro localizado na <a href=\"http:\/\/bit.ly\/WximDf\" target=\"_blank\">Zona Norte<\/a> do Rio&#8211;o Bloco 15 do Conjunto Habitacional Z\u00e9 Keti, parte do Programa <a href=\"http:\/\/bit.ly\/Y4U9oJ\" target=\"_blank\">Minha Casa Minha Vida<\/a> (MCMV), tem sido o lar de algumas remanescentes fam\u00edlias <a href=\"http:\/\/bit.ly\/2cxUmji\" target=\"_blank\">ind\u00edgenas<\/a> desde junho de 2013. Os moradores descrevem o conjunto, constru\u00eddo sobre o terreno da antiga Pris\u00e3o Frei Caneca, como sendo muito restritivo e \u201ccheio de regras\u201d.<\/span><\/p>\n<p><span style=\"font-weight: 400;\">Ap\u00f3s serem <a href=\"http:\/\/bit.ly\/X51Qvb\" target=\"_blank\">removidos \u00e0 for\u00e7a<\/a> de sua <a href=\"http:\/\/bit.ly\/15BSkDc\" target=\"_blank\">ocupa\u00e7\u00e3o no antigo Museu do \u00cdndio<\/a>, ao lado do\u00a0<a href=\"http:\/\/bit.ly\/1nid1lU\" target=\"_blank\">Maracan\u00e3<\/a>, essas 17 fam\u00edlias ind\u00edgenas foram inicialmente reassentadas em cont\u00eaineres em Curupaiti, <a href=\"http:\/\/bit.ly\/1HgPTzq\" target=\"_blank\">Jacarepagu\u00e1<\/a>, h\u00e1 mais de uma hora de dist\u00e2ncia na <a href=\"http:\/\/bit.ly\/11tBmFR\" target=\"_blank\">Zona Oeste<\/a>. Elas ficaram l\u00e1 por aproximadamente um ano antes de serem transferidas novamente para os apartamentos do MCMV. \u201c[O prefeito] prometeu construir uma\u00a0aldeia t\u00edpica para n\u00f3s em 18 meses. Ele n\u00e3o conseguiu&#8230; Esse Programa MCMV foi a \u00fanica alternativa que ele ofereceu\u201d, diz Carlos Doethyr\u00f3 Tukano, presidente da Assembleia Ind\u00edgena Aldeia Maracan\u00e3 (AIAM).<\/span><\/p>\n<p><span style=\"font-weight: 400;\">Depois de dois anos morando no Est\u00e1cio, a lista de reclama\u00e7\u00f5es sobre o conjunto habitacional ainda est\u00e1 crescendo. Entre elas, vazamentos de \u00e1gua, rachaduras nos pisos, decomposi\u00e7\u00e3o da infraestrutura das paredes, e ac\u00famulo de contas&#8211;os moradores do Bloco 15 t\u00eam de pagar aluguel mensalmente, assim como g\u00e1s e eletricidade, que n\u00e3o est\u00e3o inclu\u00eddos no contrato. No entanto, sua maior queixa at\u00e9 o momento \u00e9 a falta de espa\u00e7o.<\/span><\/p>\n<p><a href=\"http:\/\/rioonwatch.org.br\/wp-content\/uploads\/2016\/09\/wall-1.jpg\"><img fetchpriority=\"high\" decoding=\"async\" class=\"aligncenter wp-image-22336 size-content\" title=\"Rachaduras na parede no apartamento MCMV\" src=\"http:\/\/rioonwatch.org.br\/wp-content\/uploads\/2016\/09\/wall-1-620x264.jpg\" alt=\"wall-1\" width=\"620\" height=\"264\" srcset=\"https:\/\/rioonwatch.org.br\/wp-content\/uploads\/2016\/09\/wall-1-620x264.jpg 620w, https:\/\/rioonwatch.org.br\/wp-content\/uploads\/2016\/09\/wall-1-940x400.jpg 940w\" sizes=\"(max-width: 620px) 100vw, 620px\" \/><\/a><\/p>\n<p><span style=\"font-weight: 400;\">De acordo com a <a href=\"http:\/\/bit.ly\/2ayYAvj\" target=\"_blank\">Lei 6.001 do Estatuto do \u00cdndio<\/a>, o governo deveria \u201cassegurar aos \u00edndios a possibilidade de livre escolha dos seus meios de vida e subsist\u00eancia\u201d (T\u00edtulo I, Art. 2\u00ba, IV) e \u201cexecutar, sempre que poss\u00edvel mediante a colabora\u00e7\u00e3o dos \u00edndios, os programas e projetos tendentes a beneficiar as comunidades ind\u00edgenas\u201d (T\u00edtulo I, Art. 2\u00ba, VII). A comunidade ind\u00edgena da Aldeia Maracan\u00e3 tem tentado adquirir um novo espa\u00e7o em que possa receber pessoas, incluindo outras comunidades que estejam de passagem pelo Rio. Eles lamentam por n\u00e3o terem tido condi\u00e7\u00f5es de faz\u00ea-lo durante os Jogos Ol\u00edmpicos, quando muitas comunidades ind\u00edgenas estiveram visitando a cidade. Carlos Tukano reiterou seu desejo de que a prefeitura em breve cumpra sua promessa de restaurar um pr\u00e9dio para permitir que eles pratiquem integralmente sua cultura outra vez.<\/span><\/p>\n<p><a href=\"http:\/\/rioonwatch.org.br\/wp-content\/uploads\/2016\/09\/carlos-tukano-1.jpg\"><img decoding=\"async\" class=\"aligncenter wp-image-22337 size-content\" title=\"Foto de Carlos Tukano na Aldeia Maracan\u00e3\" src=\"http:\/\/rioonwatch.org.br\/wp-content\/uploads\/2016\/09\/carlos-tukano-1-620x264.jpg\" alt=\"carlos-tukano-1\" width=\"620\" height=\"264\" srcset=\"https:\/\/rioonwatch.org.br\/wp-content\/uploads\/2016\/09\/carlos-tukano-1-620x264.jpg 620w, https:\/\/rioonwatch.org.br\/wp-content\/uploads\/2016\/09\/carlos-tukano-1-940x400.jpg 940w\" sizes=\"(max-width: 620px) 100vw, 620px\" \/><\/a><\/p>\n<p><span style=\"font-weight: 400;\">Al\u00e9m de estarem limitados em termos de espa\u00e7o e pr\u00e1ticas culturais, alguns dos moradores ind\u00edgenas do Conjunto Z\u00e9 Keti tamb\u00e9m restringiram suas pr\u00f3prias atitudes dentro do bairro. \u201cAqui ningu\u00e9m sabe quem \u00e9 quem\u201d, disse Carlos Tukano, que diz a suas filhas para terem cuidado com o que dizem e como agem na vizinhan\u00e7a. Ele continua: \u201cO \u00edndio j\u00e1 \u00e9 mal visto. Juntando com essas coisas vamos ter ainda mais problemas\u201d, referindo-se \u00e0s <a href=\"http:\/\/bit.ly\/1fQqGHL\" target=\"_blank\">mil\u00edcias<\/a> e \u00e0s <a href=\"http:\/\/bit.ly\/NRIxaP\" target=\"_blank\">gangues de droga<\/a> que tentam controlar a \u00e1rea. Dentro do conjunto, a comunidade ind\u00edgena n\u00e3o interage de fato com os outros moradores. As v\u00e1rias tribos que vivem em um pr\u00e9dio conhecem umas \u00e0s outras, mas isso n\u00e3o acontece com todos os pr\u00e9dios do conjunto, diz Carlos Tukano.<\/span><\/p>\n<p><span style=\"font-weight: 400;\">A comunidade continuar\u00e1 buscando um novo espa\u00e7o at\u00e9 que eles possam praticar sua cultura em paz novamente. Algumas fam\u00edlias v\u00e3o ficar, mas Carlos Tukano est\u00e1 determinado a se mudar. Ele n\u00e3o ir\u00e1 desistir da sua luta pela cultura ind\u00edgena que come\u00e7ou h\u00e1 27 anos, quando deixou sua casa na Amaz\u00f4nia para descobrir a vida urbana no Rio de Janeiro.<\/span><\/p>\n<!-- AddThis Advanced Settings generic via filter on the_content --><!-- AddThis Share Buttons generic via filter on the_content -->","protected":false},"excerpt":{"rendered":"<div class=\"mh-excerpt\"><p>Click Here for English No Est\u00e1cio&#8211;um bairro pr\u00f3ximo ao Centro localizado na Zona Norte do Rio&#8211;o Bloco 15 do Conjunto Habitacional Z\u00e9 Keti, parte do Programa Minha Casa Minha Vida (MCMV), tem sido o lar <a class=\"mh-excerpt-more\" href=\"https:\/\/rioonwatch.org.br\/?p=22316\" title=\"Removidos da Aldeia Maracan\u00e3 em 2013, Ind\u00edgenas do Rio Sentem-se Presos em Conjunto Habitacional\">[&#8230;]<\/a><!-- AddThis Advanced Settings generic via filter on get_the_excerpt --><!-- AddThis Share Buttons generic via filter on get_the_excerpt --><\/p>\n<\/div>","protected":false},"author":129,"featured_media":22335,"comment_status":"closed","ping_status":"closed","sticky":false,"template":"","format":"standard","meta":{"_acf_changed":false,"_monsterinsights_skip_tracking":false,"_monsterinsights_sitenote_active":false,"_monsterinsights_sitenote_note":"","_monsterinsights_sitenote_category":0,"footnotes":""},"categories":[1635,1621,346,1626],"tags":[614,81,424,88,1929,1574,447,755,246,14,729,218],"writer":[1945],"translator":[1943],"source":[],"ilustrador":[],"fotografo":[],"class_list":{"0":"post-22316","1":"post","2":"type-post","3":"status-publish","4":"format-standard","5":"has-post-thumbnail","7":"category-1635","8":"category-destaque","9":"category-denuncias","10":"category-por-observadores-internacionais","11":"tag-aldeia-maracana","12":"tag-cultura","13":"tag-direito-a-moradia","14":"tag-direitos-humanos","15":"tag-estacio","16":"tag-indigenas","17":"tag-jacarepagua","18":"tag-lei","19":"tag-minha-casa-minha-vida","20":"tag-remocao","21":"tag-vidas-que-nao-podem-ser-substituidas-em-habitacao-publica","22":"tag-zona-norte","23":"writer-alix-vadot","24":"translator-fernanda-lima"},"acf":[],"yoast_head":"<!-- This site is optimized with the Yoast SEO plugin v25.6 - https:\/\/yoast.com\/wordpress\/plugins\/seo\/ -->\n<title>Removidos da Aldeia Maracan\u00e3 em 2013, Ind\u00edgenas do Rio Sentem-se Presos em Conjunto Habitacional - RioOnWatch<\/title>\n<meta name=\"robots\" content=\"index, follow, max-snippet:-1, max-image-preview:large, max-video-preview:-1\" \/>\n<link rel=\"canonical\" href=\"https:\/\/rioonwatch.org.br\/?p=22316\" \/>\n<meta property=\"og:locale\" content=\"pt_BR\" \/>\n<meta property=\"og:type\" content=\"article\" \/>\n<meta property=\"og:title\" content=\"Removidos da Aldeia Maracan\u00e3 em 2013, Ind\u00edgenas do Rio Sentem-se Presos em Conjunto Habitacional - RioOnWatch\" \/>\n<meta property=\"og:description\" content=\"Click Here for English No Est\u00e1cio&#8211;um bairro pr\u00f3ximo ao Centro localizado na Zona Norte do Rio&#8211;o Bloco 15 do Conjunto Habitacional Z\u00e9 Keti, parte do Programa Minha Casa Minha Vida (MCMV), tem sido o lar [...]\" \/>\n<meta property=\"og:url\" content=\"https:\/\/rioonwatch.org.br\/?p=22316\" \/>\n<meta property=\"og:site_name\" content=\"RioOnWatch\" \/>\n<meta property=\"article:published_time\" content=\"2016-09-15T19:47:22+00:00\" \/>\n<meta property=\"og:image\" content=\"https:\/\/rioonwatch.org.br\/wp-content\/uploads\/2016\/09\/mcmv.jpg\" \/>\n\t<meta property=\"og:image:width\" content=\"2000\" \/>\n\t<meta property=\"og:image:height\" content=\"999\" \/>\n\t<meta property=\"og:image:type\" content=\"image\/jpeg\" \/>\n<meta name=\"author\" content=\"Admin\" \/>\n<meta name=\"twitter:card\" content=\"summary_large_image\" \/>\n<meta name=\"twitter:label1\" content=\"Escrito por\" \/>\n\t<meta name=\"twitter:data1\" content=\"Admin\" \/>\n\t<meta name=\"twitter:label2\" content=\"Est. tempo de leitura\" \/>\n\t<meta name=\"twitter:data2\" content=\"3 minutos\" \/>\n<script type=\"application\/ld+json\" class=\"yoast-schema-graph\">{\"@context\":\"https:\/\/schema.org\",\"@graph\":[{\"@type\":\"Article\",\"@id\":\"https:\/\/rioonwatch.org.br\/?p=22316#article\",\"isPartOf\":{\"@id\":\"https:\/\/rioonwatch.org.br\/?p=22316\"},\"author\":{\"name\":\"Admin\",\"@id\":\"https:\/\/rioonwatch.org.br\/#\/schema\/person\/11d64c290506f9df50c71b850c473f68\"},\"headline\":\"Removidos da Aldeia Maracan\u00e3 em 2013, Ind\u00edgenas do Rio Sentem-se Presos em Conjunto Habitacional\",\"datePublished\":\"2016-09-15T19:47:22+00:00\",\"mainEntityOfPage\":{\"@id\":\"https:\/\/rioonwatch.org.br\/?p=22316\"},\"wordCount\":604,\"publisher\":{\"@id\":\"https:\/\/rioonwatch.org.br\/#organization\"},\"image\":{\"@id\":\"https:\/\/rioonwatch.org.br\/?p=22316#primaryimage\"},\"thumbnailUrl\":\"https:\/\/rioonwatch.org.br\/wp-content\/uploads\/2016\/09\/mcmv.jpg\",\"keywords\":[\"Aldeia Maracan\u00e3\",\"cultura\",\"Direito \u00e0 Moradia\",\"Direitos Humanos\",\"Est\u00e1cio\",\"ind\u00edgenas\",\"Jacarepagu\u00e1\",\"lei\",\"Minha Casa Minha Vida\",\"Remo\u00e7\u00e3o\",\"Vidas que n\u00e3o podem ser substitu\u00eddas em habita\u00e7\u00e3o p\u00fablica\",\"Zona Norte\"],\"articleSection\":[\"#Rio2016\",\"*Destaque\",\"Den\u00fancias\",\"Escrito por Aliados\"],\"inLanguage\":\"pt-BR\"},{\"@type\":\"WebPage\",\"@id\":\"https:\/\/rioonwatch.org.br\/?p=22316\",\"url\":\"https:\/\/rioonwatch.org.br\/?p=22316\",\"name\":\"Removidos da Aldeia Maracan\u00e3 em 2013, Ind\u00edgenas do Rio Sentem-se Presos em Conjunto Habitacional - RioOnWatch\",\"isPartOf\":{\"@id\":\"https:\/\/rioonwatch.org.br\/#website\"},\"primaryImageOfPage\":{\"@id\":\"https:\/\/rioonwatch.org.br\/?p=22316#primaryimage\"},\"image\":{\"@id\":\"https:\/\/rioonwatch.org.br\/?p=22316#primaryimage\"},\"thumbnailUrl\":\"https:\/\/rioonwatch.org.br\/wp-content\/uploads\/2016\/09\/mcmv.jpg\",\"datePublished\":\"2016-09-15T19:47:22+00:00\",\"breadcrumb\":{\"@id\":\"https:\/\/rioonwatch.org.br\/?p=22316#breadcrumb\"},\"inLanguage\":\"pt-BR\",\"potentialAction\":[{\"@type\":\"ReadAction\",\"target\":[\"https:\/\/rioonwatch.org.br\/?p=22316\"]}]},{\"@type\":\"ImageObject\",\"inLanguage\":\"pt-BR\",\"@id\":\"https:\/\/rioonwatch.org.br\/?p=22316#primaryimage\",\"url\":\"https:\/\/rioonwatch.org.br\/wp-content\/uploads\/2016\/09\/mcmv.jpg\",\"contentUrl\":\"https:\/\/rioonwatch.org.br\/wp-content\/uploads\/2016\/09\/mcmv.jpg\",\"width\":2000,\"height\":999},{\"@type\":\"BreadcrumbList\",\"@id\":\"https:\/\/rioonwatch.org.br\/?p=22316#breadcrumb\",\"itemListElement\":[{\"@type\":\"ListItem\",\"position\":1,\"name\":\"In\u00edcio\",\"item\":\"https:\/\/rioonwatch.org.br\/\"},{\"@type\":\"ListItem\",\"position\":2,\"name\":\"Removidos da Aldeia Maracan\u00e3 em 2013, Ind\u00edgenas do Rio Sentem-se Presos em Conjunto Habitacional\"}]},{\"@type\":\"WebSite\",\"@id\":\"https:\/\/rioonwatch.org.br\/#website\",\"url\":\"https:\/\/rioonwatch.org.br\/\",\"name\":\"RioOnWatch\",\"description\":\"relatos das favelas cariocas\",\"publisher\":{\"@id\":\"https:\/\/rioonwatch.org.br\/#organization\"},\"potentialAction\":[{\"@type\":\"SearchAction\",\"target\":{\"@type\":\"EntryPoint\",\"urlTemplate\":\"https:\/\/rioonwatch.org.br\/?s={search_term_string}\"},\"query-input\":{\"@type\":\"PropertyValueSpecification\",\"valueRequired\":true,\"valueName\":\"search_term_string\"}}],\"inLanguage\":\"pt-BR\"},{\"@type\":\"Organization\",\"@id\":\"https:\/\/rioonwatch.org.br\/#organization\",\"name\":\"RioOnWatch\",\"url\":\"https:\/\/rioonwatch.org.br\/\",\"logo\":{\"@type\":\"ImageObject\",\"inLanguage\":\"pt-BR\",\"@id\":\"https:\/\/rioonwatch.org.br\/#\/schema\/logo\/image\/\",\"url\":\"https:\/\/rioonwatch.org.br\/wp-content\/uploads\/2021\/06\/RioOnWatchcabecalhoPT11anos-2.png\",\"contentUrl\":\"https:\/\/rioonwatch.org.br\/wp-content\/uploads\/2021\/06\/RioOnWatchcabecalhoPT11anos-2.png\",\"width\":779,\"height\":277,\"caption\":\"RioOnWatch\"},\"image\":{\"@id\":\"https:\/\/rioonwatch.org.br\/#\/schema\/logo\/image\/\"}},{\"@type\":\"Person\",\"@id\":\"https:\/\/rioonwatch.org.br\/#\/schema\/person\/11d64c290506f9df50c71b850c473f68\",\"name\":\"Admin\",\"image\":{\"@type\":\"ImageObject\",\"inLanguage\":\"pt-BR\",\"@id\":\"https:\/\/rioonwatch.org.br\/#\/schema\/person\/image\/\",\"url\":\"https:\/\/secure.gravatar.com\/avatar\/56211ac74568383903349a1485e3c325?s=96&d=blank&r=g\",\"contentUrl\":\"https:\/\/secure.gravatar.com\/avatar\/56211ac74568383903349a1485e3c325?s=96&d=blank&r=g\",\"caption\":\"Admin\"},\"url\":\"https:\/\/rioonwatch.org.br\/?author=129\"}]}<\/script>\n<!-- \/ Yoast SEO plugin. -->","yoast_head_json":{"title":"Removidos da Aldeia Maracan\u00e3 em 2013, Ind\u00edgenas do Rio Sentem-se Presos em Conjunto Habitacional - RioOnWatch","robots":{"index":"index","follow":"follow","max-snippet":"max-snippet:-1","max-image-preview":"max-image-preview:large","max-video-preview":"max-video-preview:-1"},"canonical":"https:\/\/rioonwatch.org.br\/?p=22316","og_locale":"pt_BR","og_type":"article","og_title":"Removidos da Aldeia Maracan\u00e3 em 2013, Ind\u00edgenas do Rio Sentem-se Presos em Conjunto Habitacional - RioOnWatch","og_description":"Click Here for English No Est\u00e1cio&#8211;um bairro pr\u00f3ximo ao Centro localizado na Zona Norte do Rio&#8211;o Bloco 15 do Conjunto Habitacional Z\u00e9 Keti, parte do Programa Minha Casa Minha Vida (MCMV), tem sido o lar [...]","og_url":"https:\/\/rioonwatch.org.br\/?p=22316","og_site_name":"RioOnWatch","article_published_time":"2016-09-15T19:47:22+00:00","og_image":[{"width":2000,"height":999,"url":"https:\/\/rioonwatch.org.br\/wp-content\/uploads\/2016\/09\/mcmv.jpg","type":"image\/jpeg"}],"author":"Admin","twitter_card":"summary_large_image","twitter_misc":{"Escrito por":"Admin","Est. tempo de leitura":"3 minutos"},"schema":{"@context":"https:\/\/schema.org","@graph":[{"@type":"Article","@id":"https:\/\/rioonwatch.org.br\/?p=22316#article","isPartOf":{"@id":"https:\/\/rioonwatch.org.br\/?p=22316"},"author":{"name":"Admin","@id":"https:\/\/rioonwatch.org.br\/#\/schema\/person\/11d64c290506f9df50c71b850c473f68"},"headline":"Removidos da Aldeia Maracan\u00e3 em 2013, Ind\u00edgenas do Rio Sentem-se Presos em Conjunto Habitacional","datePublished":"2016-09-15T19:47:22+00:00","mainEntityOfPage":{"@id":"https:\/\/rioonwatch.org.br\/?p=22316"},"wordCount":604,"publisher":{"@id":"https:\/\/rioonwatch.org.br\/#organization"},"image":{"@id":"https:\/\/rioonwatch.org.br\/?p=22316#primaryimage"},"thumbnailUrl":"https:\/\/rioonwatch.org.br\/wp-content\/uploads\/2016\/09\/mcmv.jpg","keywords":["Aldeia Maracan\u00e3","cultura","Direito \u00e0 Moradia","Direitos Humanos","Est\u00e1cio","ind\u00edgenas","Jacarepagu\u00e1","lei","Minha Casa Minha Vida","Remo\u00e7\u00e3o","Vidas que n\u00e3o podem ser substitu\u00eddas em habita\u00e7\u00e3o p\u00fablica","Zona Norte"],"articleSection":["#Rio2016","*Destaque","Den\u00fancias","Escrito por Aliados"],"inLanguage":"pt-BR"},{"@type":"WebPage","@id":"https:\/\/rioonwatch.org.br\/?p=22316","url":"https:\/\/rioonwatch.org.br\/?p=22316","name":"Removidos da Aldeia Maracan\u00e3 em 2013, Ind\u00edgenas do Rio Sentem-se Presos em Conjunto Habitacional - RioOnWatch","isPartOf":{"@id":"https:\/\/rioonwatch.org.br\/#website"},"primaryImageOfPage":{"@id":"https:\/\/rioonwatch.org.br\/?p=22316#primaryimage"},"image":{"@id":"https:\/\/rioonwatch.org.br\/?p=22316#primaryimage"},"thumbnailUrl":"https:\/\/rioonwatch.org.br\/wp-content\/uploads\/2016\/09\/mcmv.jpg","datePublished":"2016-09-15T19:47:22+00:00","breadcrumb":{"@id":"https:\/\/rioonwatch.org.br\/?p=22316#breadcrumb"},"inLanguage":"pt-BR","potentialAction":[{"@type":"ReadAction","target":["https:\/\/rioonwatch.org.br\/?p=22316"]}]},{"@type":"ImageObject","inLanguage":"pt-BR","@id":"https:\/\/rioonwatch.org.br\/?p=22316#primaryimage","url":"https:\/\/rioonwatch.org.br\/wp-content\/uploads\/2016\/09\/mcmv.jpg","contentUrl":"https:\/\/rioonwatch.org.br\/wp-content\/uploads\/2016\/09\/mcmv.jpg","width":2000,"height":999},{"@type":"BreadcrumbList","@id":"https:\/\/rioonwatch.org.br\/?p=22316#breadcrumb","itemListElement":[{"@type":"ListItem","position":1,"name":"In\u00edcio","item":"https:\/\/rioonwatch.org.br\/"},{"@type":"ListItem","position":2,"name":"Removidos da Aldeia Maracan\u00e3 em 2013, Ind\u00edgenas do Rio Sentem-se Presos em Conjunto Habitacional"}]},{"@type":"WebSite","@id":"https:\/\/rioonwatch.org.br\/#website","url":"https:\/\/rioonwatch.org.br\/","name":"RioOnWatch","description":"relatos das favelas cariocas","publisher":{"@id":"https:\/\/rioonwatch.org.br\/#organization"},"potentialAction":[{"@type":"SearchAction","target":{"@type":"EntryPoint","urlTemplate":"https:\/\/rioonwatch.org.br\/?s={search_term_string}"},"query-input":{"@type":"PropertyValueSpecification","valueRequired":true,"valueName":"search_term_string"}}],"inLanguage":"pt-BR"},{"@type":"Organization","@id":"https:\/\/rioonwatch.org.br\/#organization","name":"RioOnWatch","url":"https:\/\/rioonwatch.org.br\/","logo":{"@type":"ImageObject","inLanguage":"pt-BR","@id":"https:\/\/rioonwatch.org.br\/#\/schema\/logo\/image\/","url":"https:\/\/rioonwatch.org.br\/wp-content\/uploads\/2021\/06\/RioOnWatchcabecalhoPT11anos-2.png","contentUrl":"https:\/\/rioonwatch.org.br\/wp-content\/uploads\/2021\/06\/RioOnWatchcabecalhoPT11anos-2.png","width":779,"height":277,"caption":"RioOnWatch"},"image":{"@id":"https:\/\/rioonwatch.org.br\/#\/schema\/logo\/image\/"}},{"@type":"Person","@id":"https:\/\/rioonwatch.org.br\/#\/schema\/person\/11d64c290506f9df50c71b850c473f68","name":"Admin","image":{"@type":"ImageObject","inLanguage":"pt-BR","@id":"https:\/\/rioonwatch.org.br\/#\/schema\/person\/image\/","url":"https:\/\/secure.gravatar.com\/avatar\/56211ac74568383903349a1485e3c325?s=96&d=blank&r=g","contentUrl":"https:\/\/secure.gravatar.com\/avatar\/56211ac74568383903349a1485e3c325?s=96&d=blank&r=g","caption":"Admin"},"url":"https:\/\/rioonwatch.org.br\/?author=129"}]}},"_links":{"self":[{"href":"https:\/\/rioonwatch.org.br\/index.php?rest_route=\/wp\/v2\/posts\/22316"}],"collection":[{"href":"https:\/\/rioonwatch.org.br\/index.php?rest_route=\/wp\/v2\/posts"}],"about":[{"href":"https:\/\/rioonwatch.org.br\/index.php?rest_route=\/wp\/v2\/types\/post"}],"author":[{"embeddable":true,"href":"https:\/\/rioonwatch.org.br\/index.php?rest_route=\/wp\/v2\/users\/129"}],"replies":[{"embeddable":true,"href":"https:\/\/rioonwatch.org.br\/index.php?rest_route=%2Fwp%2Fv2%2Fcomments&post=22316"}],"version-history":[{"count":7,"href":"https:\/\/rioonwatch.org.br\/index.php?rest_route=\/wp\/v2\/posts\/22316\/revisions"}],"predecessor-version":[{"id":22350,"href":"https:\/\/rioonwatch.org.br\/index.php?rest_route=\/wp\/v2\/posts\/22316\/revisions\/22350"}],"wp:featuredmedia":[{"embeddable":true,"href":"https:\/\/rioonwatch.org.br\/index.php?rest_route=\/wp\/v2\/media\/22335"}],"wp:attachment":[{"href":"https:\/\/rioonwatch.org.br\/index.php?rest_route=%2Fwp%2Fv2%2Fmedia&parent=22316"}],"wp:term":[{"taxonomy":"category","embeddable":true,"href":"https:\/\/rioonwatch.org.br\/index.php?rest_route=%2Fwp%2Fv2%2Fcategories&post=22316"},{"taxonomy":"post_tag","embeddable":true,"href":"https:\/\/rioonwatch.org.br\/index.php?rest_route=%2Fwp%2Fv2%2Ftags&post=22316"},{"taxonomy":"writer","embeddable":true,"href":"https:\/\/rioonwatch.org.br\/index.php?rest_route=%2Fwp%2Fv2%2Fwriter&post=22316"},{"taxonomy":"translator","embeddable":true,"href":"https:\/\/rioonwatch.org.br\/index.php?rest_route=%2Fwp%2Fv2%2Ftranslator&post=22316"},{"taxonomy":"source","embeddable":true,"href":"https:\/\/rioonwatch.org.br\/index.php?rest_route=%2Fwp%2Fv2%2Fsource&post=22316"},{"taxonomy":"ilustrador","embeddable":true,"href":"https:\/\/rioonwatch.org.br\/index.php?rest_route=%2Fwp%2Fv2%2Filustrador&post=22316"},{"taxonomy":"fotografo","embeddable":true,"href":"https:\/\/rioonwatch.org.br\/index.php?rest_route=%2Fwp%2Fv2%2Ffotografo&post=22316"}],"curies":[{"name":"wp","href":"https:\/\/api.w.org\/{rel}","templated":true}]}}