{"id":22370,"date":"2016-09-20T14:30:35","date_gmt":"2016-09-20T17:30:35","guid":{"rendered":"http:\/\/rioonwatch.org.br\/?p=22370"},"modified":"2016-09-21T11:40:34","modified_gmt":"2016-09-21T14:40:34","slug":"edivandro-rosa-deficiente-visual-da-mare-faz-do-atletismo-sua-profissao","status":"publish","type":"post","link":"https:\/\/rioonwatch.org.br\/?p=22370","title":{"rendered":"Edivandro Rosa, Deficiente Visual da Mar\u00e9, Faz do Atletismo sua Profiss\u00e3o"},"content":{"rendered":"<p style=\"text-align: right;\"><em><strong><a href=\"http:\/\/bit.ly\/2coJjO1\" target=\"_blank\">Click Here for English<img decoding=\"async\" width=\"20\" height=\"20\" class=\"alignright wp-image-15790\" src=\"http:\/\/rioonwatch.org.br\/wp-content\/uploads\/2012\/08\/EN-standard-e1439583104716.jpg\" alt=\"\" \/><\/a><\/strong><\/em><\/p>\n<p>Quem circula pela <a href=\"http:\/\/bit.ly\/2d5sfZL\" target=\"_blank\">Vila Ol\u00edmpica da Mar\u00e9<\/a> de manh\u00e3 j\u00e1 sabe quem treina por l\u00e1: Edivandro Rosa, de 38 anos, que fez do espa\u00e7o um degrau para conviver com a cegueira. Morador da <a href=\"http:\/\/bit.ly\/2d1ZfGy\" target=\"_blank\">Vila do Pinheiro<\/a>, j\u00e1 viveu em casa de palafitas e na Rua do Canal. Quando pequeno, ajudava sua m\u00e3e a sustentar a casa catando latinhas. &#8220;Eu fazia isso para sobreviver. As vezes n\u00e3o tinha o feij\u00e3o, n\u00e3o tinha o arroz. Mas minha m\u00e3e era batalhadora e por isso a gente nunca dormiu com fome&#8221;, afirma.<\/p>\n<p>Aos 20 anos, descobriu o glaucoma, uma les\u00e3o no nervo dos olhos. Mesmo com tratamento, aos 33 anos perdeu totalmente a vis\u00e3o e passou a perceber o mundo de outra maneira. Esteve com depress\u00e3o durante dois anos.&#8221;De l\u00e1 pra c\u00e1 eu passei por muita coisa, mas eu consegui vencer&#8221;. Entender e aceitar o futuro dali para a frente era um grande desafio. Mas sua vida mudou.<\/p>\n<p>Conheceu o <a href=\"http:\/\/bit.ly\/2cAr588\" target=\"_blank\">Projeto Jaqueline Terto<\/a>\u00a0em 2013 e desde ent\u00e3o aprendeu a praticar o atletismo. Acorda \u00e0s 4h da manh\u00e3 e anda cerca de 1 km sozinho at\u00e9 chegar na Vila Ol\u00edmpica da <a href=\"http:\/\/bit.ly\/10BvARw\" target=\"_blank\">Mar\u00e9<\/a>. &#8220;Meu treinamento di\u00e1rio \u00e9 uma prepara\u00e7\u00e3o para as aulas. Meu dia a dia \u00e9 atletismo puro&#8221;.<\/p>\n<p><a href=\"http:\/\/rioonwatch.org.br\/wp-content\/uploads\/2016\/09\/2.jpg\"><img fetchpriority=\"high\" decoding=\"async\" class=\"aligncenter wp-image-22376 size-content\" title=\"Edivandro treinando na Vila Ol\u00edmpica da Mar\u00e9 com um professor assistente e uma mochila de equipamentos.\" src=\"http:\/\/rioonwatch.org.br\/wp-content\/uploads\/2016\/09\/2-620x264.jpg\" alt=\"2\" width=\"620\" height=\"264\" srcset=\"https:\/\/rioonwatch.org.br\/wp-content\/uploads\/2016\/09\/2-620x264.jpg 620w, https:\/\/rioonwatch.org.br\/wp-content\/uploads\/2016\/09\/2-940x400.jpg 940w\" sizes=\"(max-width: 620px) 100vw, 620px\" \/><\/a><\/p>\n<p>Para treinar com qualidade, recebe assessoria do projeto, que \u00e9 composto por profissionais de diferentes \u00e1reas: yoga, capoeira, hidrocapoeira e hidroterapia. Outro apoio \u00e9 o benef\u00edcio social da Prefeitura do Rio, que ajuda a manter sua casa.<\/p>\n<p>Edivandro \u00e9 um homem solteiro, por isso tem mais tempo livre para se dedicar \u00e0 profiss\u00e3o. A m\u00e3e, que mora junto e \u00e9 chamada de guerreira, acompanha, mesmo de longe, todas as competi\u00e7\u00f5es. A falta de vis\u00e3o n\u00e3o o impede de nada. &#8220;Eu s\u00f3 fico triste com algo que eu deixei de fazer&#8221;, conta ele.<\/p>\n<p>A maior felicidade da vida do atleta s\u00e3o suas conquistas. Ele j\u00e1 participou de in\u00fameras maratonas, coleciona medalhas e tem em sua estante dois trof\u00e9us. Um deles recebeu recentemente, por ficar em segundo lugar na <a href=\"http:\/\/bit.ly\/2cEMrU1\" target=\"_blank\">Ultramaratona dos Anjos Internacional 2016<\/a>. A prova de 235 quil\u00f4metros foi realizada na cidade de Passa Quatro (MG), subindo e descendo as montanhas de Minas Gerais. Os atletas passaram por cinco territ\u00f3rios, um deles foi a cidade de S\u00e3o Louren\u00e7o. Edivandro foi acompanhado por quatro atletas sem defici\u00eancia f\u00edsica e mostrou que n\u00e3o h\u00e1 limita\u00e7\u00f5es: completou 26 horas de prova.<\/p>\n<p><a href=\"http:\/\/rioonwatch.org.br\/wp-content\/uploads\/2016\/09\/Foto.-Edivandro-Costa-perfil.jpg\"><img decoding=\"async\" class=\"aligncenter wp-image-22374 size-medium\" title=\"Edivandro Rosa exibe a medalha e o trof\u00e9u recebidos pelo segundo lugar na Ultramaratona dos Anjos Internacional 2016.\" src=\"http:\/\/rioonwatch.org.br\/wp-content\/uploads\/2016\/09\/Foto.-Edivandro-Costa-perfil-465x620.jpg\" alt=\"foto-edivandro-costa-perfil\" width=\"465\" height=\"620\" srcset=\"https:\/\/rioonwatch.org.br\/wp-content\/uploads\/2016\/09\/Foto.-Edivandro-Costa-perfil-465x620.jpg 465w, https:\/\/rioonwatch.org.br\/wp-content\/uploads\/2016\/09\/Foto.-Edivandro-Costa-perfil-198x264.jpg 198w, https:\/\/rioonwatch.org.br\/wp-content\/uploads\/2016\/09\/Foto.-Edivandro-Costa-perfil-768x1024.jpg 768w, https:\/\/rioonwatch.org.br\/wp-content\/uploads\/2016\/09\/Foto.-Edivandro-Costa-perfil.jpg 1536w\" sizes=\"(max-width: 465px) 100vw, 465px\" \/><\/a><\/p>\n<p>&#8220;Por eu ter passado dessa prova, eu posso dizer que venci. Meu maior sonho \u00e9 ser reconhecido internacionalmente. Mas acho que estou perto. Essa prova vai me proporcionar muita coisa boa ainda&#8221;, conta ele, com um sorriso no rosto.<\/p>\n<!-- AddThis Advanced Settings generic via filter on the_content --><!-- AddThis Share Buttons generic via filter on the_content -->","protected":false},"excerpt":{"rendered":"<div class=\"mh-excerpt\"><p>Click Here for English Quem circula pela Vila Ol\u00edmpica da Mar\u00e9 de manh\u00e3 j\u00e1 sabe quem treina por l\u00e1: Edivandro Rosa, de 38 anos, que fez do espa\u00e7o um degrau para conviver com a cegueira. <a class=\"mh-excerpt-more\" href=\"https:\/\/rioonwatch.org.br\/?p=22370\" title=\"Edivandro Rosa, Deficiente Visual da Mar\u00e9, Faz do Atletismo sua Profiss\u00e3o\">[&#8230;]<\/a><!-- AddThis Advanced Settings generic via filter on get_the_excerpt --><!-- AddThis Share Buttons generic via filter on get_the_excerpt --><\/p>\n<\/div>","protected":false},"author":129,"featured_media":22372,"comment_status":"closed","ping_status":"closed","sticky":false,"template":"","format":"standard","meta":{"_acf_changed":false,"_monsterinsights_skip_tracking":false,"_monsterinsights_sitenote_active":false,"_monsterinsights_sitenote_note":"","_monsterinsights_sitenote_category":0,"footnotes":""},"categories":[1629,1625],"tags":[332,1967,292,1307,1968,1966,294,1311,586,218],"writer":[1965,1294],"translator":[],"source":[],"ilustrador":[],"fotografo":[],"class_list":{"0":"post-22370","1":"post","2":"type-post","3":"status-publish","4":"format-standard","5":"has-post-thumbnail","7":"category-entrevistas-e-perfis","8":"category-por-correspondentes-comunitarios","9":"tag-complexo-da-mare","10":"tag-deficiencia-fisica","11":"tag-esporte","12":"tag-inclusao","13":"tag-jogos-paraolimpicos","14":"tag-resiliencia","15":"tag-saude","16":"tag-vila-do-pinheiro","17":"tag-vila-olimpica","18":"tag-zona-norte","19":"writer-maria-da-conceicao-rodrigues","20":"writer-thais-cavalcante"},"acf":[],"yoast_head":"<!-- This site is optimized with the Yoast SEO plugin v25.6 - https:\/\/yoast.com\/wordpress\/plugins\/seo\/ -->\n<title>Edivandro Rosa, Deficiente Visual da Mar\u00e9, Faz do Atletismo sua Profiss\u00e3o - RioOnWatch<\/title>\n<meta name=\"robots\" content=\"index, follow, max-snippet:-1, max-image-preview:large, max-video-preview:-1\" \/>\n<link rel=\"canonical\" href=\"https:\/\/rioonwatch.org.br\/?p=22370\" \/>\n<meta property=\"og:locale\" content=\"pt_BR\" \/>\n<meta property=\"og:type\" content=\"article\" \/>\n<meta property=\"og:title\" content=\"Edivandro Rosa, Deficiente Visual da Mar\u00e9, Faz do Atletismo sua Profiss\u00e3o - RioOnWatch\" \/>\n<meta property=\"og:description\" content=\"Click Here for English Quem circula pela Vila Ol\u00edmpica da Mar\u00e9 de manh\u00e3 j\u00e1 sabe quem treina por l\u00e1: Edivandro Rosa, de 38 anos, que fez do espa\u00e7o um degrau para conviver com a cegueira. [...]\" \/>\n<meta property=\"og:url\" content=\"https:\/\/rioonwatch.org.br\/?p=22370\" \/>\n<meta property=\"og:site_name\" content=\"RioOnWatch\" \/>\n<meta property=\"article:published_time\" content=\"2016-09-20T17:30:35+00:00\" \/>\n<meta property=\"article:modified_time\" content=\"2016-09-21T14:40:34+00:00\" \/>\n<meta property=\"og:image\" content=\"https:\/\/rioonwatch.org.br\/wp-content\/uploads\/2016\/09\/1.jpg\" \/>\n\t<meta property=\"og:image:width\" content=\"1280\" \/>\n\t<meta property=\"og:image:height\" content=\"960\" \/>\n\t<meta property=\"og:image:type\" content=\"image\/jpeg\" \/>\n<meta name=\"author\" content=\"Admin\" \/>\n<meta name=\"twitter:card\" content=\"summary_large_image\" \/>\n<meta name=\"twitter:label1\" content=\"Escrito por\" \/>\n\t<meta name=\"twitter:data1\" content=\"Admin\" \/>\n\t<meta name=\"twitter:label2\" content=\"Est. tempo de leitura\" \/>\n\t<meta name=\"twitter:data2\" content=\"2 minutos\" \/>\n<script type=\"application\/ld+json\" class=\"yoast-schema-graph\">{\"@context\":\"https:\/\/schema.org\",\"@graph\":[{\"@type\":\"Article\",\"@id\":\"https:\/\/rioonwatch.org.br\/?p=22370#article\",\"isPartOf\":{\"@id\":\"https:\/\/rioonwatch.org.br\/?p=22370\"},\"author\":{\"name\":\"Admin\",\"@id\":\"https:\/\/rioonwatch.org.br\/#\/schema\/person\/11d64c290506f9df50c71b850c473f68\"},\"headline\":\"Edivandro Rosa, Deficiente Visual da Mar\u00e9, Faz do Atletismo sua Profiss\u00e3o\",\"datePublished\":\"2016-09-20T17:30:35+00:00\",\"dateModified\":\"2016-09-21T14:40:34+00:00\",\"mainEntityOfPage\":{\"@id\":\"https:\/\/rioonwatch.org.br\/?p=22370\"},\"wordCount\":462,\"publisher\":{\"@id\":\"https:\/\/rioonwatch.org.br\/#organization\"},\"image\":{\"@id\":\"https:\/\/rioonwatch.org.br\/?p=22370#primaryimage\"},\"thumbnailUrl\":\"https:\/\/rioonwatch.org.br\/wp-content\/uploads\/2016\/09\/1.jpg\",\"keywords\":[\"Complexo da Mar\u00e9\",\"defici\u00eancia f\u00edsica\",\"esporte\",\"inclus\u00e3o\",\"Jogos Paraol\u00edmpicos\",\"resili\u00eancia\",\"sa\u00fade\",\"Vila do Pinheiro\",\"Vila Ol\u00edmpica\",\"Zona Norte\"],\"articleSection\":[\"Entrevistas e Perfis\",\"Escrito por Comunicadores Populares\"],\"inLanguage\":\"pt-BR\"},{\"@type\":\"WebPage\",\"@id\":\"https:\/\/rioonwatch.org.br\/?p=22370\",\"url\":\"https:\/\/rioonwatch.org.br\/?p=22370\",\"name\":\"Edivandro Rosa, Deficiente Visual da Mar\u00e9, Faz do Atletismo sua Profiss\u00e3o - RioOnWatch\",\"isPartOf\":{\"@id\":\"https:\/\/rioonwatch.org.br\/#website\"},\"primaryImageOfPage\":{\"@id\":\"https:\/\/rioonwatch.org.br\/?p=22370#primaryimage\"},\"image\":{\"@id\":\"https:\/\/rioonwatch.org.br\/?p=22370#primaryimage\"},\"thumbnailUrl\":\"https:\/\/rioonwatch.org.br\/wp-content\/uploads\/2016\/09\/1.jpg\",\"datePublished\":\"2016-09-20T17:30:35+00:00\",\"dateModified\":\"2016-09-21T14:40:34+00:00\",\"breadcrumb\":{\"@id\":\"https:\/\/rioonwatch.org.br\/?p=22370#breadcrumb\"},\"inLanguage\":\"pt-BR\",\"potentialAction\":[{\"@type\":\"ReadAction\",\"target\":[\"https:\/\/rioonwatch.org.br\/?p=22370\"]}]},{\"@type\":\"ImageObject\",\"inLanguage\":\"pt-BR\",\"@id\":\"https:\/\/rioonwatch.org.br\/?p=22370#primaryimage\",\"url\":\"https:\/\/rioonwatch.org.br\/wp-content\/uploads\/2016\/09\/1.jpg\",\"contentUrl\":\"https:\/\/rioonwatch.org.br\/wp-content\/uploads\/2016\/09\/1.jpg\",\"width\":1280,\"height\":960},{\"@type\":\"BreadcrumbList\",\"@id\":\"https:\/\/rioonwatch.org.br\/?p=22370#breadcrumb\",\"itemListElement\":[{\"@type\":\"ListItem\",\"position\":1,\"name\":\"In\u00edcio\",\"item\":\"https:\/\/rioonwatch.org.br\/\"},{\"@type\":\"ListItem\",\"position\":2,\"name\":\"Edivandro Rosa, Deficiente Visual da Mar\u00e9, Faz do Atletismo sua Profiss\u00e3o\"}]},{\"@type\":\"WebSite\",\"@id\":\"https:\/\/rioonwatch.org.br\/#website\",\"url\":\"https:\/\/rioonwatch.org.br\/\",\"name\":\"RioOnWatch\",\"description\":\"relatos das favelas cariocas\",\"publisher\":{\"@id\":\"https:\/\/rioonwatch.org.br\/#organization\"},\"potentialAction\":[{\"@type\":\"SearchAction\",\"target\":{\"@type\":\"EntryPoint\",\"urlTemplate\":\"https:\/\/rioonwatch.org.br\/?s={search_term_string}\"},\"query-input\":{\"@type\":\"PropertyValueSpecification\",\"valueRequired\":true,\"valueName\":\"search_term_string\"}}],\"inLanguage\":\"pt-BR\"},{\"@type\":\"Organization\",\"@id\":\"https:\/\/rioonwatch.org.br\/#organization\",\"name\":\"RioOnWatch\",\"url\":\"https:\/\/rioonwatch.org.br\/\",\"logo\":{\"@type\":\"ImageObject\",\"inLanguage\":\"pt-BR\",\"@id\":\"https:\/\/rioonwatch.org.br\/#\/schema\/logo\/image\/\",\"url\":\"https:\/\/rioonwatch.org.br\/wp-content\/uploads\/2021\/06\/RioOnWatchcabecalhoPT11anos-2.png\",\"contentUrl\":\"https:\/\/rioonwatch.org.br\/wp-content\/uploads\/2021\/06\/RioOnWatchcabecalhoPT11anos-2.png\",\"width\":779,\"height\":277,\"caption\":\"RioOnWatch\"},\"image\":{\"@id\":\"https:\/\/rioonwatch.org.br\/#\/schema\/logo\/image\/\"}},{\"@type\":\"Person\",\"@id\":\"https:\/\/rioonwatch.org.br\/#\/schema\/person\/11d64c290506f9df50c71b850c473f68\",\"name\":\"Admin\",\"image\":{\"@type\":\"ImageObject\",\"inLanguage\":\"pt-BR\",\"@id\":\"https:\/\/rioonwatch.org.br\/#\/schema\/person\/image\/\",\"url\":\"https:\/\/secure.gravatar.com\/avatar\/56211ac74568383903349a1485e3c325?s=96&d=blank&r=g\",\"contentUrl\":\"https:\/\/secure.gravatar.com\/avatar\/56211ac74568383903349a1485e3c325?s=96&d=blank&r=g\",\"caption\":\"Admin\"},\"url\":\"https:\/\/rioonwatch.org.br\/?author=129\"}]}<\/script>\n<!-- \/ Yoast SEO plugin. -->","yoast_head_json":{"title":"Edivandro Rosa, Deficiente Visual da Mar\u00e9, Faz do Atletismo sua Profiss\u00e3o - RioOnWatch","robots":{"index":"index","follow":"follow","max-snippet":"max-snippet:-1","max-image-preview":"max-image-preview:large","max-video-preview":"max-video-preview:-1"},"canonical":"https:\/\/rioonwatch.org.br\/?p=22370","og_locale":"pt_BR","og_type":"article","og_title":"Edivandro Rosa, Deficiente Visual da Mar\u00e9, Faz do Atletismo sua Profiss\u00e3o - RioOnWatch","og_description":"Click Here for English Quem circula pela Vila Ol\u00edmpica da Mar\u00e9 de manh\u00e3 j\u00e1 sabe quem treina por l\u00e1: Edivandro Rosa, de 38 anos, que fez do espa\u00e7o um degrau para conviver com a cegueira. [...]","og_url":"https:\/\/rioonwatch.org.br\/?p=22370","og_site_name":"RioOnWatch","article_published_time":"2016-09-20T17:30:35+00:00","article_modified_time":"2016-09-21T14:40:34+00:00","og_image":[{"width":1280,"height":960,"url":"https:\/\/rioonwatch.org.br\/wp-content\/uploads\/2016\/09\/1.jpg","type":"image\/jpeg"}],"author":"Admin","twitter_card":"summary_large_image","twitter_misc":{"Escrito por":"Admin","Est. tempo de leitura":"2 minutos"},"schema":{"@context":"https:\/\/schema.org","@graph":[{"@type":"Article","@id":"https:\/\/rioonwatch.org.br\/?p=22370#article","isPartOf":{"@id":"https:\/\/rioonwatch.org.br\/?p=22370"},"author":{"name":"Admin","@id":"https:\/\/rioonwatch.org.br\/#\/schema\/person\/11d64c290506f9df50c71b850c473f68"},"headline":"Edivandro Rosa, Deficiente Visual da Mar\u00e9, Faz do Atletismo sua Profiss\u00e3o","datePublished":"2016-09-20T17:30:35+00:00","dateModified":"2016-09-21T14:40:34+00:00","mainEntityOfPage":{"@id":"https:\/\/rioonwatch.org.br\/?p=22370"},"wordCount":462,"publisher":{"@id":"https:\/\/rioonwatch.org.br\/#organization"},"image":{"@id":"https:\/\/rioonwatch.org.br\/?p=22370#primaryimage"},"thumbnailUrl":"https:\/\/rioonwatch.org.br\/wp-content\/uploads\/2016\/09\/1.jpg","keywords":["Complexo da Mar\u00e9","defici\u00eancia f\u00edsica","esporte","inclus\u00e3o","Jogos Paraol\u00edmpicos","resili\u00eancia","sa\u00fade","Vila do Pinheiro","Vila Ol\u00edmpica","Zona Norte"],"articleSection":["Entrevistas e Perfis","Escrito por Comunicadores Populares"],"inLanguage":"pt-BR"},{"@type":"WebPage","@id":"https:\/\/rioonwatch.org.br\/?p=22370","url":"https:\/\/rioonwatch.org.br\/?p=22370","name":"Edivandro Rosa, Deficiente Visual da Mar\u00e9, Faz do Atletismo sua Profiss\u00e3o - RioOnWatch","isPartOf":{"@id":"https:\/\/rioonwatch.org.br\/#website"},"primaryImageOfPage":{"@id":"https:\/\/rioonwatch.org.br\/?p=22370#primaryimage"},"image":{"@id":"https:\/\/rioonwatch.org.br\/?p=22370#primaryimage"},"thumbnailUrl":"https:\/\/rioonwatch.org.br\/wp-content\/uploads\/2016\/09\/1.jpg","datePublished":"2016-09-20T17:30:35+00:00","dateModified":"2016-09-21T14:40:34+00:00","breadcrumb":{"@id":"https:\/\/rioonwatch.org.br\/?p=22370#breadcrumb"},"inLanguage":"pt-BR","potentialAction":[{"@type":"ReadAction","target":["https:\/\/rioonwatch.org.br\/?p=22370"]}]},{"@type":"ImageObject","inLanguage":"pt-BR","@id":"https:\/\/rioonwatch.org.br\/?p=22370#primaryimage","url":"https:\/\/rioonwatch.org.br\/wp-content\/uploads\/2016\/09\/1.jpg","contentUrl":"https:\/\/rioonwatch.org.br\/wp-content\/uploads\/2016\/09\/1.jpg","width":1280,"height":960},{"@type":"BreadcrumbList","@id":"https:\/\/rioonwatch.org.br\/?p=22370#breadcrumb","itemListElement":[{"@type":"ListItem","position":1,"name":"In\u00edcio","item":"https:\/\/rioonwatch.org.br\/"},{"@type":"ListItem","position":2,"name":"Edivandro Rosa, Deficiente Visual da Mar\u00e9, Faz do Atletismo sua Profiss\u00e3o"}]},{"@type":"WebSite","@id":"https:\/\/rioonwatch.org.br\/#website","url":"https:\/\/rioonwatch.org.br\/","name":"RioOnWatch","description":"relatos das favelas cariocas","publisher":{"@id":"https:\/\/rioonwatch.org.br\/#organization"},"potentialAction":[{"@type":"SearchAction","target":{"@type":"EntryPoint","urlTemplate":"https:\/\/rioonwatch.org.br\/?s={search_term_string}"},"query-input":{"@type":"PropertyValueSpecification","valueRequired":true,"valueName":"search_term_string"}}],"inLanguage":"pt-BR"},{"@type":"Organization","@id":"https:\/\/rioonwatch.org.br\/#organization","name":"RioOnWatch","url":"https:\/\/rioonwatch.org.br\/","logo":{"@type":"ImageObject","inLanguage":"pt-BR","@id":"https:\/\/rioonwatch.org.br\/#\/schema\/logo\/image\/","url":"https:\/\/rioonwatch.org.br\/wp-content\/uploads\/2021\/06\/RioOnWatchcabecalhoPT11anos-2.png","contentUrl":"https:\/\/rioonwatch.org.br\/wp-content\/uploads\/2021\/06\/RioOnWatchcabecalhoPT11anos-2.png","width":779,"height":277,"caption":"RioOnWatch"},"image":{"@id":"https:\/\/rioonwatch.org.br\/#\/schema\/logo\/image\/"}},{"@type":"Person","@id":"https:\/\/rioonwatch.org.br\/#\/schema\/person\/11d64c290506f9df50c71b850c473f68","name":"Admin","image":{"@type":"ImageObject","inLanguage":"pt-BR","@id":"https:\/\/rioonwatch.org.br\/#\/schema\/person\/image\/","url":"https:\/\/secure.gravatar.com\/avatar\/56211ac74568383903349a1485e3c325?s=96&d=blank&r=g","contentUrl":"https:\/\/secure.gravatar.com\/avatar\/56211ac74568383903349a1485e3c325?s=96&d=blank&r=g","caption":"Admin"},"url":"https:\/\/rioonwatch.org.br\/?author=129"}]}},"_links":{"self":[{"href":"https:\/\/rioonwatch.org.br\/index.php?rest_route=\/wp\/v2\/posts\/22370"}],"collection":[{"href":"https:\/\/rioonwatch.org.br\/index.php?rest_route=\/wp\/v2\/posts"}],"about":[{"href":"https:\/\/rioonwatch.org.br\/index.php?rest_route=\/wp\/v2\/types\/post"}],"author":[{"embeddable":true,"href":"https:\/\/rioonwatch.org.br\/index.php?rest_route=\/wp\/v2\/users\/129"}],"replies":[{"embeddable":true,"href":"https:\/\/rioonwatch.org.br\/index.php?rest_route=%2Fwp%2Fv2%2Fcomments&post=22370"}],"version-history":[{"count":9,"href":"https:\/\/rioonwatch.org.br\/index.php?rest_route=\/wp\/v2\/posts\/22370\/revisions"}],"predecessor-version":[{"id":22395,"href":"https:\/\/rioonwatch.org.br\/index.php?rest_route=\/wp\/v2\/posts\/22370\/revisions\/22395"}],"wp:featuredmedia":[{"embeddable":true,"href":"https:\/\/rioonwatch.org.br\/index.php?rest_route=\/wp\/v2\/media\/22372"}],"wp:attachment":[{"href":"https:\/\/rioonwatch.org.br\/index.php?rest_route=%2Fwp%2Fv2%2Fmedia&parent=22370"}],"wp:term":[{"taxonomy":"category","embeddable":true,"href":"https:\/\/rioonwatch.org.br\/index.php?rest_route=%2Fwp%2Fv2%2Fcategories&post=22370"},{"taxonomy":"post_tag","embeddable":true,"href":"https:\/\/rioonwatch.org.br\/index.php?rest_route=%2Fwp%2Fv2%2Ftags&post=22370"},{"taxonomy":"writer","embeddable":true,"href":"https:\/\/rioonwatch.org.br\/index.php?rest_route=%2Fwp%2Fv2%2Fwriter&post=22370"},{"taxonomy":"translator","embeddable":true,"href":"https:\/\/rioonwatch.org.br\/index.php?rest_route=%2Fwp%2Fv2%2Ftranslator&post=22370"},{"taxonomy":"source","embeddable":true,"href":"https:\/\/rioonwatch.org.br\/index.php?rest_route=%2Fwp%2Fv2%2Fsource&post=22370"},{"taxonomy":"ilustrador","embeddable":true,"href":"https:\/\/rioonwatch.org.br\/index.php?rest_route=%2Fwp%2Fv2%2Filustrador&post=22370"},{"taxonomy":"fotografo","embeddable":true,"href":"https:\/\/rioonwatch.org.br\/index.php?rest_route=%2Fwp%2Fv2%2Ffotografo&post=22370"}],"curies":[{"name":"wp","href":"https:\/\/api.w.org\/{rel}","templated":true}]}}