{"id":22380,"date":"2016-09-21T12:10:04","date_gmt":"2016-09-21T15:10:04","guid":{"rendered":"http:\/\/rioonwatch.org.br\/?p=22380"},"modified":"2021-09-29T08:55:25","modified_gmt":"2021-09-29T11:55:25","slug":"rocinha-sem-fronteiras-pede-por-obras-de-saneamento-urgentes-na-rocinha-video","status":"publish","type":"post","link":"https:\/\/rioonwatch.org.br\/?p=22380","title":{"rendered":"Rocinha Sem Fronteiras Demanda Obras de Saneamento Urgentes [V\u00cdDEO]"},"content":{"rendered":"<p><a href=\"https:\/\/rioonwatch.org.br\/wp-content\/uploads\/2016\/09\/sewage-scaled.jpg\"><img fetchpriority=\"high\" decoding=\"async\" class=\"aligncenter wp-image-22387\" src=\"https:\/\/rioonwatch.org.br\/wp-content\/uploads\/2016\/09\/sewage-scaled.jpg\" alt=\"\" width=\"670\" height=\"445\" srcset=\"https:\/\/rioonwatch.org.br\/wp-content\/uploads\/2016\/09\/sewage-scaled.jpg 2560w, https:\/\/rioonwatch.org.br\/wp-content\/uploads\/2016\/09\/sewage-620x412.jpg 620w, https:\/\/rioonwatch.org.br\/wp-content\/uploads\/2016\/09\/sewage-946x629.jpg 946w, https:\/\/rioonwatch.org.br\/wp-content\/uploads\/2016\/09\/sewage-768x511.jpg 768w, https:\/\/rioonwatch.org.br\/wp-content\/uploads\/2016\/09\/sewage-1024x681.jpg 1024w\" sizes=\"(max-width: 670px) 100vw, 670px\" \/><\/a><\/p>\n<p style=\"text-align: right;\"><em><strong><a href=\"http:\/\/bit.ly\/2c9UKoI\" target=\"_blank\" rel=\"noopener\">Click Here for English<img decoding=\"async\" width=\"20\" height=\"20\" class=\"alignright wp-image-15790\" src=\"http:\/\/rioonwatch.org.br\/wp-content\/uploads\/2012\/08\/EN-standard-e1439583104716.jpg\" alt=\"\" \/><\/a><\/strong><\/em><\/p>\n<p>Tr\u00eas anos depois das autoridades terem anunciado que a <a href=\"http:\/\/bit.ly\/16w2zz1\" target=\"_blank\" rel=\"noopener\">Rocinha<\/a>, na <a href=\"http:\/\/bit.ly\/1mNsDyk\" target=\"_blank\" rel=\"noopener\">Zona Sul<\/a>, seria a terceira favela no Rio a receber um\u00a0<a href=\"http:\/\/bit.ly\/Sh0wXv\" target=\"_blank\" rel=\"noopener\">telef\u00e9rico<\/a>\u00a0como sistema de transporte, na segunda fase do <a href=\"http:\/\/bit.ly\/NnSmIP\" target=\"_blank\" rel=\"noopener\">Programa de Acelera\u00e7\u00e3o do Crescimento<\/a>\u00a0(PAC 2), ativistas comunit\u00e1rios continuam a exigir que os fundos para o projeto sejam redirecionados para prioridades mais urgentes. O grupo <a href=\"http:\/\/bit.ly\/1UxJWhC\" target=\"_blank\" rel=\"noopener\">Rocinha Sem Fronteiras<\/a>\u00a0se <a href=\"http:\/\/bit.ly\/16D453L\" target=\"_blank\" rel=\"noopener\">op\u00f4s ativamente<\/a> \u00e0 instala\u00e7\u00e3o do telef\u00e9rico desde que os planos foram anunciados em 2013, alegando que os R$152,2 milh\u00f5es destinados para o telef\u00e9rico deveriam ser usados para melhorias na infraestrutura de <a href=\"http:\/\/bit.ly\/14lMZGK\" target=\"_blank\" rel=\"noopener\">saneamento<\/a> que est\u00e3o sendo aguardadas h\u00e1 muito tempo.<\/p>\n<p>Fundada h\u00e1 dez anos, com a finalidade de engajar moradores em di\u00e1logos frequentes sobre quest\u00f5es pontuais, Rocinha Sem Fronteiras tem tido um papel central em v\u00e1rias iniciativas de base comunit\u00e1ria. De acordo com a cofundadora Simone Rodrigues, a miss\u00e3o da organiza\u00e7\u00e3o \u00e9 discutir os direitos civis e os desafios enfrentados pelos moradores da Rocinha, mas o que a difere de outras iniciativas na comunidade \u00e9 a \u00eanfase na <a href=\"http:\/\/bit.ly\/1rOePGu\" target=\"_blank\" rel=\"noopener\">participa\u00e7\u00e3o p\u00fablica<\/a>. &#8220;Este \u00e9 um coletivo&#8211;pessoas v\u00eam aqui para aprender e ensinar. Estamos tentando construir e mobilizar juntos&#8221;, explica ela.<\/p>\n<p>O cofundador Jos\u00e9 Martins de Oliveira diz: &#8220;O objetivo do grupo \u00e9 se reunir uma vez por m\u00eas para discutir quest\u00f5es urgentes que afetam a comunidade. Al\u00e9m disso, o grupo tamb\u00e9m espera propagar a conscientiza\u00e7\u00e3o dos direitos civis dos moradores da Rocinha&#8221;.<\/p>\n<p>Reuni\u00f5es mensais apresentam palestrantes convidados que v\u00e3o de <a href=\"http:\/\/bit.ly\/1kcl02n\" target=\"_blank\" rel=\"noopener\">defensores p\u00fablicos<\/a> a engenheiros de saneamento e <a href=\"http:\/\/bit.ly\/1jEgxaJ\" target=\"_blank\" rel=\"noopener\">jornalistas comunit\u00e1rios<\/a>. Os participantes&#8211;geralmente, representantes de organiza\u00e7\u00f5es comunit\u00e1rias, tais como o <a href=\"http:\/\/bit.ly\/V0UrTq\" target=\"_blank\" rel=\"noopener\">Museu Sankofa de Hist\u00f3ria e Mem\u00f3ria<\/a>, a <a href=\"http:\/\/bit.ly\/2bwiVRV\" target=\"_blank\" rel=\"noopener\">TV Tagarela<\/a>, o jornal comunit\u00e1rio <a href=\"http:\/\/on.fb.me\/1HXVh4C\" target=\"_blank\" rel=\"noopener\"><em>Jornal Fala Ro\u00e7a<\/em><\/a>, o site de not\u00edcias comunit\u00e1rias\u00a0<a href=\"http:\/\/bit.ly\/1eZcxj2\" target=\"_blank\" rel=\"noopener\"><em>Viva Rocinha<\/em><\/a>\u00a0e a Associa\u00e7\u00e3o de Moradores da <a href=\"http:\/\/bit.ly\/1bGQPcu\" target=\"_blank\" rel=\"noopener\">Vila Laboriaux<\/a>&#8211;discutem um tema diferente a cada m\u00eas, que v\u00e3o desde o papel das <a href=\"http:\/\/bit.ly\/29maOVY\" target=\"_blank\" rel=\"noopener\">m\u00eddias comunit\u00e1rias<\/a> \u00e0 pol\u00edtica de investimentos em saneamento p\u00fablico.<\/p>\n<p><a href=\"http:\/\/rioonwatch.org.br\/wp-content\/uploads\/2016\/09\/martins.jpg\"><img decoding=\"async\" class=\"aligncenter wp-image-22390 size-medium\" title=\"Jos\u00e9 Martins de Oliveira, cofundador do Rocinha Sem Fronteiras\" src=\"http:\/\/rioonwatch.org.br\/wp-content\/uploads\/2016\/09\/martins-620x412.jpg\" alt=\"martins\" width=\"620\" height=\"412\" srcset=\"https:\/\/rioonwatch.org.br\/wp-content\/uploads\/2016\/09\/martins-620x412.jpg 620w, https:\/\/rioonwatch.org.br\/wp-content\/uploads\/2016\/09\/martins-397x264.jpg 397w, https:\/\/rioonwatch.org.br\/wp-content\/uploads\/2016\/09\/martins-768x511.jpg 768w, https:\/\/rioonwatch.org.br\/wp-content\/uploads\/2016\/09\/martins-1024x681.jpg 1024w\" sizes=\"(max-width: 620px) 100vw, 620px\" \/><\/a><\/p>\n<p>A campanha principal da organiza\u00e7\u00e3o diz respeito aos <a href=\"http:\/\/bit.ly\/1XXkWYy\" target=\"_blank\" rel=\"noopener\">projetos do PAC 2<\/a>, que incluem a instala\u00e7\u00e3o de um sistema de telef\u00e9rico e uma s\u00e9rie de melhorias de saneamento. Enquanto a maior parte do or\u00e7amento do projeto, no valor de R$457 milh\u00f5es, esteja previsto para financiar o alargamento de ruas, instala\u00e7\u00e3o de sistemas de \u00e1guas pluviais e para o desenvolvimento de sistemas de esgoto, Rocinha Sem Fronteiras afirma que essas interven\u00e7\u00f5es por si s\u00f3 n\u00e3o ir\u00e3o resolver o estado desesperador do saneamento na comunidade, onde o esgoto bruto cai livremente em 23 locais da favela.<\/p>\n<p>&#8220;O projeto PAC 2 inclui saneamento e a constru\u00e7\u00e3o de um telef\u00e9rico na Rocinha. N\u00f3s [Rocinha Sem Fronteiras] somos completamente contra a implementa\u00e7\u00e3o do telef\u00e9rico e acreditamos que os R$152,2 milh\u00f5es destinados \u00e0 constru\u00e7\u00e3o do telef\u00e9rico devem ser redirecionados para a solu\u00e7\u00e3o dos problemas de saneamento na Rocinha&#8221;, disse Jos\u00e9 Martins.<\/p>\n<p>A densidade da Rocinha produz ventila\u00e7\u00e3o limitada que, combinada com a insufici\u00eancia na\u00a0<a href=\"http:\/\/bit.ly\/1tvc3sB\" target=\"_blank\" rel=\"noopener\">coleta de lixo<\/a>\u00a0e\u00a0<a href=\"http:\/\/bit.ly\/1TpORFB\" target=\"_blank\" rel=\"noopener\">infraestrutura de esgoto<\/a> formal, estabelecem um terreno f\u00e9rtil para doen\u00e7as infecciosas. Durante d\u00e9cadas, a Rocinha sofreu com as maiores taxas de <a href=\"http:\/\/bit.ly\/2d6E6a2\" target=\"_blank\" rel=\"noopener\">tuberculose<\/a> no Brasil&#8211;com uma taxa nacional de infec\u00e7\u00e3o de 37,2 casos por 100.000 pessoas, e uma taxa na Rocinha de 380 casos por 100.000 pessoas. Os casos de tuberculose diminu\u00edram substancialmente ap\u00f3s as obras financiadas pelo PAC de expans\u00e3o da\u00a0<a href=\"http:\/\/bit.ly\/13h4Rf4\" target=\"_blank\" rel=\"noopener\">Rua 4<\/a>, que era o corredor mais cr\u00edtico. No entanto, melhorias no saneamento continuam sendo desesperadamente necess\u00e1rias.<\/p>\n<p>&#8220;Levamos o estado ao tribunal e a comunidade espera que o juiz determine que eles terminem os trabalhos propostos&#8221;, disse Jos\u00e9 Martins de Oliveira. &#8220;N\u00e3o \u00e9 nada mais do que a obriga\u00e7\u00e3o do governo canalizar o esgoto&#8221;.<\/p>\n<p>No entanto, ativistas alegam que o telef\u00e9rico previsto seria apenas um elefante branco atraindo turistas, ao passo que necessidades b\u00e1sicas dos moradores n\u00e3o s\u00e3o atendidas. As experi\u00eancias do <a href=\"http:\/\/bit.ly\/1EiYl09\" target=\"_blank\" rel=\"noopener\">Complexo do Alem\u00e3o<\/a> e da <a href=\"http:\/\/bit.ly\/TNLBI7\" target=\"_blank\" rel=\"noopener\">Provid\u00eancia<\/a>, as duas primeiras favelas a receber sistemas de telef\u00e9rico, s\u00f3 refor\u00e7am essa posi\u00e7\u00e3o. Os membros da Rocinha Sem Fronteiras costumam ressaltar que o telef\u00e9rico no Complexo do Alem\u00e3o tornou-se um destino tur\u00edstico popular, enquanto s\u00f3 serviu de transporte para 7% da popula\u00e7\u00e3o. O sistema <a href=\"http:\/\/glo.bo\/2cmdksP\" target=\"_blank\" rel=\"noopener\">agora est\u00e1 parado<\/a>.<\/p>\n<p>Mais recentemente, a crise pol\u00edtica no Brasil tamb\u00e9m tem colocado o <a href=\"http:\/\/bit.ly\/1XXkWYy\" target=\"_blank\" rel=\"noopener\">destino do PAC na Rocinha em quest\u00e3o<\/a>, deixando o telef\u00e9rico e as melhorias de saneamento vulner\u00e1veis \u00e0 suspens\u00e3o permanente. Enquanto ainda n\u00e3o est\u00e1 claro se algum desses projetos ser\u00e1 conclu\u00eddo, o fracasso em concluir as melhorias de saneamento essenciais, refor\u00e7ou ainda mais a desconfian\u00e7a da capacidade do governo de prestar estes servi\u00e7os \u00e0 comunidade.<\/p>\n<p>Cleber Ara\u00fajo, que trabalha com a televis\u00e3o comunit\u00e1ria TV Tagarela, explicou em uma recente reuni\u00e3o que a rela\u00e7\u00e3o do governo com a Rocinha continua a ser o foco principal da organiza\u00e7\u00e3o. &#8220;<a href=\"http:\/\/bit.ly\/29maOVY\" target=\"_blank\" rel=\"noopener\">Tentamos n\u00e3o propagar a argumenta\u00e7\u00e3o<\/a> da grande m\u00eddia de que a favela \u00e9 um lugar de problemas, um lugar de morte. Tentamos falar sobre outras formas de viol\u00eancia aqui, especialmente a falta de saneamento b\u00e1sico&#8221;, disse ele.<\/p>\n<p>Por enquanto, o Rocinha Sem Fronteiras vai continuar sua campanha de oposi\u00e7\u00e3o \u00e0 instala\u00e7\u00e3o do telef\u00e9rico e com o andamento do processo contra o governo, a fim de exigir das autoridades o retorno das obras de saneamento prometidas. O grupo tem visitado o Minist\u00e9rio P\u00fablico mensalmente e recentemente entregou um conjunto de demandas ao governo. As demandas originadas da popula\u00e7\u00e3o foram levantadas ao longo de v\u00e1rias reuni\u00f5es comunit\u00e1rias e abrangem uma s\u00e9rie de quest\u00f5es trazidas por moradores, incluindo maior participa\u00e7\u00e3o do p\u00fablico em projetos do governo, aumento do servi\u00e7o de \u00f4nibus \u00e0 noite, faixas de pedestres mais claras, a garantia de locais para creches p\u00fablicas pr\u00f3ximas e escolas para crian\u00e7as na Rocinha, entre outros.<\/p>\n<h3>Assista nosso v\u00eddeo sobre a situa\u00e7\u00e3o do saneamento na Rocinha:<\/h3>\n<p><iframe src=\"https:\/\/www.youtube.com\/embed\/kW-FaZ29ILs\" width=\"620\" height=\"349\" frameborder=\"0\" allowfullscreen=\"allowfullscreen\"><\/iframe><\/p>\n<!-- AddThis Advanced Settings generic via filter on the_content --><!-- AddThis Share Buttons generic via filter on the_content -->","protected":false},"excerpt":{"rendered":"<div class=\"mh-excerpt\"><p>Click Here for English Tr\u00eas anos depois das autoridades terem anunciado que a Rocinha, na Zona Sul, seria a terceira favela no Rio a receber um\u00a0telef\u00e9rico\u00a0como sistema de transporte, na segunda fase do Programa de <a class=\"mh-excerpt-more\" href=\"https:\/\/rioonwatch.org.br\/?p=22380\" title=\"Rocinha Sem Fronteiras Demanda Obras de Saneamento Urgentes [V\u00cdDEO]\">[&#8230;]<\/a><!-- AddThis Advanced Settings generic via filter on get_the_excerpt --><!-- AddThis Share Buttons generic via filter on get_the_excerpt --><\/p>\n<\/div>","protected":false},"author":129,"featured_media":22387,"comment_status":"closed","ping_status":"closed","sticky":false,"template":"","format":"standard","meta":{"_acf_changed":false,"_monsterinsights_skip_tracking":false,"_monsterinsights_sitenote_active":false,"_monsterinsights_sitenote_note":"","_monsterinsights_sitenote_category":0,"footnotes":""},"categories":[1618,1621,1626,344,1612,342,1638],"tags":[1530,322,1151,534,358,36,839,16,492,294,262,866,383],"writer":[1815,1744],"translator":[1969],"source":[],"ilustrador":[],"fotografo":[],"class_list":{"0":"post-22380","1":"post","2":"type-post","3":"status-publish","4":"format-standard","5":"has-post-thumbnail","7":"category-olhonaparticipacao","8":"category-destaque","9":"category-por-observadores-internacionais","10":"category-politicas","11":"category-sociedade-civil","12":"category-solucoes","13":"category-video","14":"tag-midia-comunitaria","15":"tag-esgoto","16":"tag-organizacao","17":"tag-obras-publicas","18":"tag-organizacao-comunitaria","19":"tag-pac","20":"tag-prioridades-publicas-equivocadas","21":"tag-rocinha","22":"tag-saneamento","23":"tag-saude","24":"tag-teleferico","25":"tag-tuberculose","26":"tag-zona-sul","27":"writer-jody-van-mastrigt","28":"writer-meg-healy","29":"translator-joana-pereira"},"acf":[],"yoast_head":"<!-- This site is optimized with the Yoast SEO plugin v25.6 - https:\/\/yoast.com\/wordpress\/plugins\/seo\/ -->\n<title>Rocinha Sem Fronteiras Demanda Obras de Saneamento Urgentes [V\u00cdDEO] - RioOnWatch<\/title>\n<meta name=\"robots\" content=\"index, follow, max-snippet:-1, max-image-preview:large, max-video-preview:-1\" \/>\n<link rel=\"canonical\" href=\"https:\/\/rioonwatch.org.br\/?p=22380\" \/>\n<meta property=\"og:locale\" content=\"pt_BR\" \/>\n<meta property=\"og:type\" content=\"article\" \/>\n<meta property=\"og:title\" content=\"Rocinha Sem Fronteiras Demanda Obras de Saneamento Urgentes [V\u00cdDEO] - RioOnWatch\" \/>\n<meta property=\"og:description\" content=\"Click Here for English Tr\u00eas anos depois das autoridades terem anunciado que a Rocinha, na Zona Sul, seria a terceira favela no Rio a receber um\u00a0telef\u00e9rico\u00a0como sistema de transporte, na segunda fase do Programa de [...]\" \/>\n<meta property=\"og:url\" content=\"https:\/\/rioonwatch.org.br\/?p=22380\" \/>\n<meta property=\"og:site_name\" content=\"RioOnWatch\" \/>\n<meta property=\"article:published_time\" content=\"2016-09-21T15:10:04+00:00\" \/>\n<meta property=\"article:modified_time\" content=\"2021-09-29T11:55:25+00:00\" \/>\n<meta property=\"og:image\" content=\"https:\/\/rioonwatch.org.br\/wp-content\/uploads\/2016\/09\/sewage-scaled.jpg\" \/>\n\t<meta property=\"og:image:width\" content=\"2560\" \/>\n\t<meta property=\"og:image:height\" content=\"1702\" \/>\n\t<meta property=\"og:image:type\" content=\"image\/jpeg\" \/>\n<meta name=\"author\" content=\"Admin\" \/>\n<meta name=\"twitter:card\" content=\"summary_large_image\" \/>\n<meta name=\"twitter:label1\" content=\"Escrito por\" \/>\n\t<meta name=\"twitter:data1\" content=\"Admin\" \/>\n\t<meta name=\"twitter:label2\" content=\"Est. tempo de leitura\" \/>\n\t<meta name=\"twitter:data2\" content=\"5 minutos\" \/>\n<script type=\"application\/ld+json\" class=\"yoast-schema-graph\">{\"@context\":\"https:\/\/schema.org\",\"@graph\":[{\"@type\":\"Article\",\"@id\":\"https:\/\/rioonwatch.org.br\/?p=22380#article\",\"isPartOf\":{\"@id\":\"https:\/\/rioonwatch.org.br\/?p=22380\"},\"author\":{\"name\":\"Admin\",\"@id\":\"https:\/\/rioonwatch.org.br\/#\/schema\/person\/11d64c290506f9df50c71b850c473f68\"},\"headline\":\"Rocinha Sem Fronteiras Demanda Obras de Saneamento Urgentes [V\u00cdDEO]\",\"datePublished\":\"2016-09-21T15:10:04+00:00\",\"dateModified\":\"2021-09-29T11:55:25+00:00\",\"mainEntityOfPage\":{\"@id\":\"https:\/\/rioonwatch.org.br\/?p=22380\"},\"wordCount\":1042,\"publisher\":{\"@id\":\"https:\/\/rioonwatch.org.br\/#organization\"},\"image\":{\"@id\":\"https:\/\/rioonwatch.org.br\/?p=22380#primaryimage\"},\"thumbnailUrl\":\"https:\/\/rioonwatch.org.br\/wp-content\/uploads\/2016\/09\/sewage-scaled.jpg\",\"keywords\":[\"Comunica\u00e7\u00e3o Comunit\u00e1ria\",\"esgoto\",\"mobiliza\u00e7\u00e3o\",\"obras p\u00fablicas\",\"organiza\u00e7\u00e3o comunit\u00e1ria\",\"PAC\",\"prioridades p\u00fablicas equivocadas\",\"Rocinha\",\"saneamento\",\"sa\u00fade\",\"telef\u00e9rico\",\"tuberculose\",\"Zona Sul\"],\"articleSection\":[\"#OlhoNaParticipa\u00e7\u00e3o\",\"*Destaque\",\"Escrito por Aliados\",\"Pol\u00edticas\",\"Sociedade Civil\",\"Solu\u00e7\u00f5es\",\"V\u00eddeo\"],\"inLanguage\":\"pt-BR\"},{\"@type\":\"WebPage\",\"@id\":\"https:\/\/rioonwatch.org.br\/?p=22380\",\"url\":\"https:\/\/rioonwatch.org.br\/?p=22380\",\"name\":\"Rocinha Sem Fronteiras Demanda Obras de Saneamento Urgentes [V\u00cdDEO] - RioOnWatch\",\"isPartOf\":{\"@id\":\"https:\/\/rioonwatch.org.br\/#website\"},\"primaryImageOfPage\":{\"@id\":\"https:\/\/rioonwatch.org.br\/?p=22380#primaryimage\"},\"image\":{\"@id\":\"https:\/\/rioonwatch.org.br\/?p=22380#primaryimage\"},\"thumbnailUrl\":\"https:\/\/rioonwatch.org.br\/wp-content\/uploads\/2016\/09\/sewage-scaled.jpg\",\"datePublished\":\"2016-09-21T15:10:04+00:00\",\"dateModified\":\"2021-09-29T11:55:25+00:00\",\"breadcrumb\":{\"@id\":\"https:\/\/rioonwatch.org.br\/?p=22380#breadcrumb\"},\"inLanguage\":\"pt-BR\",\"potentialAction\":[{\"@type\":\"ReadAction\",\"target\":[\"https:\/\/rioonwatch.org.br\/?p=22380\"]}]},{\"@type\":\"ImageObject\",\"inLanguage\":\"pt-BR\",\"@id\":\"https:\/\/rioonwatch.org.br\/?p=22380#primaryimage\",\"url\":\"https:\/\/rioonwatch.org.br\/wp-content\/uploads\/2016\/09\/sewage-scaled.jpg\",\"contentUrl\":\"https:\/\/rioonwatch.org.br\/wp-content\/uploads\/2016\/09\/sewage-scaled.jpg\",\"width\":2560,\"height\":1702},{\"@type\":\"BreadcrumbList\",\"@id\":\"https:\/\/rioonwatch.org.br\/?p=22380#breadcrumb\",\"itemListElement\":[{\"@type\":\"ListItem\",\"position\":1,\"name\":\"In\u00edcio\",\"item\":\"https:\/\/rioonwatch.org.br\/\"},{\"@type\":\"ListItem\",\"position\":2,\"name\":\"Rocinha Sem Fronteiras Demanda Obras de Saneamento Urgentes [V\u00cdDEO]\"}]},{\"@type\":\"WebSite\",\"@id\":\"https:\/\/rioonwatch.org.br\/#website\",\"url\":\"https:\/\/rioonwatch.org.br\/\",\"name\":\"RioOnWatch\",\"description\":\"relatos das favelas cariocas\",\"publisher\":{\"@id\":\"https:\/\/rioonwatch.org.br\/#organization\"},\"potentialAction\":[{\"@type\":\"SearchAction\",\"target\":{\"@type\":\"EntryPoint\",\"urlTemplate\":\"https:\/\/rioonwatch.org.br\/?s={search_term_string}\"},\"query-input\":{\"@type\":\"PropertyValueSpecification\",\"valueRequired\":true,\"valueName\":\"search_term_string\"}}],\"inLanguage\":\"pt-BR\"},{\"@type\":\"Organization\",\"@id\":\"https:\/\/rioonwatch.org.br\/#organization\",\"name\":\"RioOnWatch\",\"url\":\"https:\/\/rioonwatch.org.br\/\",\"logo\":{\"@type\":\"ImageObject\",\"inLanguage\":\"pt-BR\",\"@id\":\"https:\/\/rioonwatch.org.br\/#\/schema\/logo\/image\/\",\"url\":\"https:\/\/rioonwatch.org.br\/wp-content\/uploads\/2021\/06\/RioOnWatchcabecalhoPT11anos-2.png\",\"contentUrl\":\"https:\/\/rioonwatch.org.br\/wp-content\/uploads\/2021\/06\/RioOnWatchcabecalhoPT11anos-2.png\",\"width\":779,\"height\":277,\"caption\":\"RioOnWatch\"},\"image\":{\"@id\":\"https:\/\/rioonwatch.org.br\/#\/schema\/logo\/image\/\"}},{\"@type\":\"Person\",\"@id\":\"https:\/\/rioonwatch.org.br\/#\/schema\/person\/11d64c290506f9df50c71b850c473f68\",\"name\":\"Admin\",\"image\":{\"@type\":\"ImageObject\",\"inLanguage\":\"pt-BR\",\"@id\":\"https:\/\/rioonwatch.org.br\/#\/schema\/person\/image\/\",\"url\":\"https:\/\/secure.gravatar.com\/avatar\/56211ac74568383903349a1485e3c325?s=96&d=blank&r=g\",\"contentUrl\":\"https:\/\/secure.gravatar.com\/avatar\/56211ac74568383903349a1485e3c325?s=96&d=blank&r=g\",\"caption\":\"Admin\"},\"url\":\"https:\/\/rioonwatch.org.br\/?author=129\"}]}<\/script>\n<!-- \/ Yoast SEO plugin. -->","yoast_head_json":{"title":"Rocinha Sem Fronteiras Demanda Obras de Saneamento Urgentes [V\u00cdDEO] - RioOnWatch","robots":{"index":"index","follow":"follow","max-snippet":"max-snippet:-1","max-image-preview":"max-image-preview:large","max-video-preview":"max-video-preview:-1"},"canonical":"https:\/\/rioonwatch.org.br\/?p=22380","og_locale":"pt_BR","og_type":"article","og_title":"Rocinha Sem Fronteiras Demanda Obras de Saneamento Urgentes [V\u00cdDEO] - RioOnWatch","og_description":"Click Here for English Tr\u00eas anos depois das autoridades terem anunciado que a Rocinha, na Zona Sul, seria a terceira favela no Rio a receber um\u00a0telef\u00e9rico\u00a0como sistema de transporte, na segunda fase do Programa de [...]","og_url":"https:\/\/rioonwatch.org.br\/?p=22380","og_site_name":"RioOnWatch","article_published_time":"2016-09-21T15:10:04+00:00","article_modified_time":"2021-09-29T11:55:25+00:00","og_image":[{"width":2560,"height":1702,"url":"https:\/\/rioonwatch.org.br\/wp-content\/uploads\/2016\/09\/sewage-scaled.jpg","type":"image\/jpeg"}],"author":"Admin","twitter_card":"summary_large_image","twitter_misc":{"Escrito por":"Admin","Est. tempo de leitura":"5 minutos"},"schema":{"@context":"https:\/\/schema.org","@graph":[{"@type":"Article","@id":"https:\/\/rioonwatch.org.br\/?p=22380#article","isPartOf":{"@id":"https:\/\/rioonwatch.org.br\/?p=22380"},"author":{"name":"Admin","@id":"https:\/\/rioonwatch.org.br\/#\/schema\/person\/11d64c290506f9df50c71b850c473f68"},"headline":"Rocinha Sem Fronteiras Demanda Obras de Saneamento Urgentes [V\u00cdDEO]","datePublished":"2016-09-21T15:10:04+00:00","dateModified":"2021-09-29T11:55:25+00:00","mainEntityOfPage":{"@id":"https:\/\/rioonwatch.org.br\/?p=22380"},"wordCount":1042,"publisher":{"@id":"https:\/\/rioonwatch.org.br\/#organization"},"image":{"@id":"https:\/\/rioonwatch.org.br\/?p=22380#primaryimage"},"thumbnailUrl":"https:\/\/rioonwatch.org.br\/wp-content\/uploads\/2016\/09\/sewage-scaled.jpg","keywords":["Comunica\u00e7\u00e3o Comunit\u00e1ria","esgoto","mobiliza\u00e7\u00e3o","obras p\u00fablicas","organiza\u00e7\u00e3o comunit\u00e1ria","PAC","prioridades p\u00fablicas equivocadas","Rocinha","saneamento","sa\u00fade","telef\u00e9rico","tuberculose","Zona Sul"],"articleSection":["#OlhoNaParticipa\u00e7\u00e3o","*Destaque","Escrito por Aliados","Pol\u00edticas","Sociedade Civil","Solu\u00e7\u00f5es","V\u00eddeo"],"inLanguage":"pt-BR"},{"@type":"WebPage","@id":"https:\/\/rioonwatch.org.br\/?p=22380","url":"https:\/\/rioonwatch.org.br\/?p=22380","name":"Rocinha Sem Fronteiras Demanda Obras de Saneamento Urgentes [V\u00cdDEO] - RioOnWatch","isPartOf":{"@id":"https:\/\/rioonwatch.org.br\/#website"},"primaryImageOfPage":{"@id":"https:\/\/rioonwatch.org.br\/?p=22380#primaryimage"},"image":{"@id":"https:\/\/rioonwatch.org.br\/?p=22380#primaryimage"},"thumbnailUrl":"https:\/\/rioonwatch.org.br\/wp-content\/uploads\/2016\/09\/sewage-scaled.jpg","datePublished":"2016-09-21T15:10:04+00:00","dateModified":"2021-09-29T11:55:25+00:00","breadcrumb":{"@id":"https:\/\/rioonwatch.org.br\/?p=22380#breadcrumb"},"inLanguage":"pt-BR","potentialAction":[{"@type":"ReadAction","target":["https:\/\/rioonwatch.org.br\/?p=22380"]}]},{"@type":"ImageObject","inLanguage":"pt-BR","@id":"https:\/\/rioonwatch.org.br\/?p=22380#primaryimage","url":"https:\/\/rioonwatch.org.br\/wp-content\/uploads\/2016\/09\/sewage-scaled.jpg","contentUrl":"https:\/\/rioonwatch.org.br\/wp-content\/uploads\/2016\/09\/sewage-scaled.jpg","width":2560,"height":1702},{"@type":"BreadcrumbList","@id":"https:\/\/rioonwatch.org.br\/?p=22380#breadcrumb","itemListElement":[{"@type":"ListItem","position":1,"name":"In\u00edcio","item":"https:\/\/rioonwatch.org.br\/"},{"@type":"ListItem","position":2,"name":"Rocinha Sem Fronteiras Demanda Obras de Saneamento Urgentes [V\u00cdDEO]"}]},{"@type":"WebSite","@id":"https:\/\/rioonwatch.org.br\/#website","url":"https:\/\/rioonwatch.org.br\/","name":"RioOnWatch","description":"relatos das favelas cariocas","publisher":{"@id":"https:\/\/rioonwatch.org.br\/#organization"},"potentialAction":[{"@type":"SearchAction","target":{"@type":"EntryPoint","urlTemplate":"https:\/\/rioonwatch.org.br\/?s={search_term_string}"},"query-input":{"@type":"PropertyValueSpecification","valueRequired":true,"valueName":"search_term_string"}}],"inLanguage":"pt-BR"},{"@type":"Organization","@id":"https:\/\/rioonwatch.org.br\/#organization","name":"RioOnWatch","url":"https:\/\/rioonwatch.org.br\/","logo":{"@type":"ImageObject","inLanguage":"pt-BR","@id":"https:\/\/rioonwatch.org.br\/#\/schema\/logo\/image\/","url":"https:\/\/rioonwatch.org.br\/wp-content\/uploads\/2021\/06\/RioOnWatchcabecalhoPT11anos-2.png","contentUrl":"https:\/\/rioonwatch.org.br\/wp-content\/uploads\/2021\/06\/RioOnWatchcabecalhoPT11anos-2.png","width":779,"height":277,"caption":"RioOnWatch"},"image":{"@id":"https:\/\/rioonwatch.org.br\/#\/schema\/logo\/image\/"}},{"@type":"Person","@id":"https:\/\/rioonwatch.org.br\/#\/schema\/person\/11d64c290506f9df50c71b850c473f68","name":"Admin","image":{"@type":"ImageObject","inLanguage":"pt-BR","@id":"https:\/\/rioonwatch.org.br\/#\/schema\/person\/image\/","url":"https:\/\/secure.gravatar.com\/avatar\/56211ac74568383903349a1485e3c325?s=96&d=blank&r=g","contentUrl":"https:\/\/secure.gravatar.com\/avatar\/56211ac74568383903349a1485e3c325?s=96&d=blank&r=g","caption":"Admin"},"url":"https:\/\/rioonwatch.org.br\/?author=129"}]}},"_links":{"self":[{"href":"https:\/\/rioonwatch.org.br\/index.php?rest_route=\/wp\/v2\/posts\/22380"}],"collection":[{"href":"https:\/\/rioonwatch.org.br\/index.php?rest_route=\/wp\/v2\/posts"}],"about":[{"href":"https:\/\/rioonwatch.org.br\/index.php?rest_route=\/wp\/v2\/types\/post"}],"author":[{"embeddable":true,"href":"https:\/\/rioonwatch.org.br\/index.php?rest_route=\/wp\/v2\/users\/129"}],"replies":[{"embeddable":true,"href":"https:\/\/rioonwatch.org.br\/index.php?rest_route=%2Fwp%2Fv2%2Fcomments&post=22380"}],"version-history":[{"count":13,"href":"https:\/\/rioonwatch.org.br\/index.php?rest_route=\/wp\/v2\/posts\/22380\/revisions"}],"predecessor-version":[{"id":58602,"href":"https:\/\/rioonwatch.org.br\/index.php?rest_route=\/wp\/v2\/posts\/22380\/revisions\/58602"}],"wp:featuredmedia":[{"embeddable":true,"href":"https:\/\/rioonwatch.org.br\/index.php?rest_route=\/wp\/v2\/media\/22387"}],"wp:attachment":[{"href":"https:\/\/rioonwatch.org.br\/index.php?rest_route=%2Fwp%2Fv2%2Fmedia&parent=22380"}],"wp:term":[{"taxonomy":"category","embeddable":true,"href":"https:\/\/rioonwatch.org.br\/index.php?rest_route=%2Fwp%2Fv2%2Fcategories&post=22380"},{"taxonomy":"post_tag","embeddable":true,"href":"https:\/\/rioonwatch.org.br\/index.php?rest_route=%2Fwp%2Fv2%2Ftags&post=22380"},{"taxonomy":"writer","embeddable":true,"href":"https:\/\/rioonwatch.org.br\/index.php?rest_route=%2Fwp%2Fv2%2Fwriter&post=22380"},{"taxonomy":"translator","embeddable":true,"href":"https:\/\/rioonwatch.org.br\/index.php?rest_route=%2Fwp%2Fv2%2Ftranslator&post=22380"},{"taxonomy":"source","embeddable":true,"href":"https:\/\/rioonwatch.org.br\/index.php?rest_route=%2Fwp%2Fv2%2Fsource&post=22380"},{"taxonomy":"ilustrador","embeddable":true,"href":"https:\/\/rioonwatch.org.br\/index.php?rest_route=%2Fwp%2Fv2%2Filustrador&post=22380"},{"taxonomy":"fotografo","embeddable":true,"href":"https:\/\/rioonwatch.org.br\/index.php?rest_route=%2Fwp%2Fv2%2Ffotografo&post=22380"}],"curies":[{"name":"wp","href":"https:\/\/api.w.org\/{rel}","templated":true}]}}