{"id":22396,"date":"2016-09-22T12:35:01","date_gmt":"2016-09-22T15:35:01","guid":{"rendered":"http:\/\/rioonwatch.org.br\/?p=22396"},"modified":"2024-06-20T16:25:42","modified_gmt":"2024-06-20T19:25:42","slug":"primavera-afro-aumenta-consciencia-da-identidade-e-da-beleza-negra-no-rio","status":"publish","type":"post","link":"https:\/\/rioonwatch.org.br\/?p=22396","title":{"rendered":"Primavera Afro Aumenta Consci\u00eancia Negra e Discute Olimp\u00edadas no Rio"},"content":{"rendered":"<p style=\"text-align: right;\"><em><strong><a href=\"http:\/\/bit.ly\/2d3O9x1\" target=\"_blank\" rel=\"noopener\">Click Here for English<img decoding=\"async\" width=\"20\" height=\"20\" class=\"alignright wp-image-15790\" src=\"http:\/\/rioonwatch.org.br\/wp-content\/uploads\/2012\/08\/EN-standard-e1439583104716.jpg\" alt=\"\" \/><\/a><\/strong><\/em><\/p>\n<p><span style=\"font-weight: 400;\">O dia 10 de setembro marcou o in\u00edcio da Primavera Afro e a 6\u00aa edi\u00e7\u00e3o da <a href=\"http:\/\/bit.ly\/2czBRLB\" target=\"_blank\" rel=\"noopener\">Feira Crespa<\/a>,\u00a0cujo objetivo \u00e9 reconhecer o valor da cultura e beleza negra no Rio de Janeiro. O evento ocorreu no Campo de Santana, no <a href=\"http:\/\/bit.ly\/1qX7nZG\" target=\"_blank\" rel=\"noopener\">Centro<\/a> do Rio, onde cerca de 150 pessoas se reuniram ao longo do dia. Durante o evento, foram realizados debates sobre <a href=\"http:\/\/bit.ly\/1KiFeTl\" target=\"_blank\" rel=\"noopener\">racismo<\/a> institucional e identidade negra, exibi\u00e7\u00e3o de trabalhos criados por designers negros, pr\u00e1tica de <a href=\"http:\/\/bit.ly\/1Ow5Ore\" target=\"_blank\" rel=\"noopener\">capoeira<\/a>, dan\u00e7a de hip-hop e m\u00fasica brasileira. A programa\u00e7\u00e3o teve apoio de empres\u00e1rios negros e artistas locais.<\/span><\/p>\n<p><span style=\"font-weight: 400;\">O nome do evento \u201cFeira Crespa\u201d reflete o movimento das mulheres negras em todo o Brasil e tem como objetivo aceitar o cabelo crespo natural abra\u00e7ando os estilos, como tran\u00e7as e dreads ao inv\u00e9s de alisamento. Em um ato de rejei\u00e7\u00e3o aos padr\u00f5es de beleza da cultura dominante, o objetivo \u00e9 promover a consci\u00eancia racial. Embora este\u00a0<a href=\"http:\/\/bit.ly\/2dbj0fp\" target=\"_blank\" rel=\"noopener\">movimento<\/a> n\u00e3o seja totalmente novo no Brasil&#8211;nas d\u00e9cadas de 30, 60 e 70 houveram ondas em que o uso o cabelo natural era um meio de declara\u00e7\u00e3o pol\u00edtica&#8211;nos \u00faltimos anos\u00a0t\u00eam se tornado mais forte.<\/span><\/p>\n<p><a href=\"http:\/\/rioonwatch.org.br\/wp-content\/uploads\/2016\/09\/14324193_1807945806116575_6039319401326815063_o.jpg\"><img fetchpriority=\"high\" decoding=\"async\" class=\"aligncenter wp-image-22408 size-content\" title=\"M\u00fasicos tocam na Feira Crespa. Foto por Igor Pena\" src=\"http:\/\/rioonwatch.org.br\/wp-content\/uploads\/2016\/09\/14324193_1807945806116575_6039319401326815063_o-620x264.jpg\" alt=\"14324193_1807945806116575_6039319401326815063_o\" width=\"620\" height=\"264\" srcset=\"https:\/\/rioonwatch.org.br\/wp-content\/uploads\/2016\/09\/14324193_1807945806116575_6039319401326815063_o-620x264.jpg 620w, https:\/\/rioonwatch.org.br\/wp-content\/uploads\/2016\/09\/14324193_1807945806116575_6039319401326815063_o-940x400.jpg 940w\" sizes=\"(max-width: 620px) 100vw, 620px\" \/><\/a><\/p>\n<p><span style=\"font-weight: 400;\">O s\u00e1bado come\u00e7ou com um painel de quatro mulheres negras discutindo o trauma psicol\u00f3gico do racismo que se imp\u00f5e \u00e0s meninas negras j\u00e1 a partir do ensino fundamental. Marcela Lisboa, jornalista, ativista e membro da <a style=\"line-height: 1.5;\" href=\"http:\/\/bit.ly\/2b1zTSJ\" target=\"_blank\" rel=\"noopener\">Casa da Juventude<\/a>\u00a0afirmou que \u201c[racismo] tamb\u00e9m \u00e9 uma viol\u00eancia psicol\u00f3gica.\u00a0Na verdade, agora, n\u00f3s usamos o cabelo crespo, do tipo black power muito alto e as tran\u00e7as, porque estamos nos libertando de uma das imagens da viol\u00eancia psicol\u00f3gica, que faz com que n\u00f3s nos achemos feias, e n\u00f3s n\u00e3o somos&#8221;.\u00a0<\/span><\/p>\n<p><a href=\"http:\/\/rioonwatch.org.br\/wp-content\/uploads\/2016\/09\/14258248_1807947789449710_8320278679024097243_o-1.jpg\"><img decoding=\"async\" class=\"aligncenter wp-image-22415 size-content\" title=\"Painel de debate na Feira Crespa. Foto por Ygo Pena\" src=\"http:\/\/rioonwatch.org.br\/wp-content\/uploads\/2016\/09\/14258248_1807947789449710_8320278679024097243_o-1-620x264.jpg\" alt=\"14258248_1807947789449710_8320278679024097243_o\" width=\"620\" height=\"264\" srcset=\"https:\/\/rioonwatch.org.br\/wp-content\/uploads\/2016\/09\/14258248_1807947789449710_8320278679024097243_o-1-620x264.jpg 620w, https:\/\/rioonwatch.org.br\/wp-content\/uploads\/2016\/09\/14258248_1807947789449710_8320278679024097243_o-1-940x400.jpg 940w\" sizes=\"(max-width: 620px) 100vw, 620px\" \/><\/a><\/p>\n<p><span style=\"font-weight: 400;\">Um v\u00eddeo recente do YouTube intitulado \u201c<a href=\"http:\/\/bit.ly\/2ctaAwq\" target=\"_blank\" rel=\"noopener\"><em>Preconceito na Escola, Como Lidar?<\/em><\/a>\u201d, criado pela estilista negra <a href=\"http:\/\/bit.ly\/2cpOjNX\" target=\"_blank\" rel=\"noopener\">Rayaza Nic\u00e1cio<\/a>, proporciona uma vis\u00e3o sobre esse tipo de trauma. Ela conversa\u00a0com a\u00a0sobrinha de nove anos sobre as dificuldades que ela j\u00e1 sofreu\u00a0por causa da textura do cabelo.Sua sobrinha fala que n\u00e3o gostava do cabelo, queria alis\u00e1-lo, porque os colegas da ecola disseram a ela que seu cabelo era feio. Ela explica, entre acessos de l\u00e1grimas, que quando tinha quatro anos usou qu\u00edmica para alisar o cabelo, e ele come\u00e7ou a cair anos mais tarde. Ela tomou rem\u00e9dio e come\u00e7ou a deixar\u00a0o cabelo ficar\u00a0natural. No final do v\u00eddeo, ela afirma que nunca vai alisar seu cabelo de novo, que ela se ama do jeito que \u00e9 e que, se as pessoas t\u00eam problema com isso, elas podem ir embora. V\u00eddeos, clipes, blogs, eventos e marchas encorajando o empoderamento negro e aumentando\u00a0a consci\u00eancia\u00a0sobre\u00a0o racismo, inerente ao favorecimento dos\u00a0padr\u00f5es de beleza euroc\u00eantricos, est\u00e3o emergindo atualmente em todo o\u00a0Brasil.<\/span><\/p>\n<p><iframe src=\"https:\/\/www.youtube.com\/embed\/DwJafEwGpw4\" width=\"620\" height=\"349\" frameborder=\"0\" allowfullscreen=\"allowfullscreen\"><\/iframe><a href=\"http:\/\/rioonwatch.org.br\/wp-content\/uploads\/2016\/09\/captura-de-tela-2016-07-27-acc80s-16-45-16-1.png\"><br \/>\n<\/a><\/p>\n<div id=\"watch7-headline\" class=\"clearfix\"><\/div>\n<p><span style=\"font-weight: 400;\">Embora o movimento do cabelo crespo, das roupas no estilo africano<\/span>\u00a0e de outras est\u00e9ticas negras possam\u00a0ser muito poderosas para algumas mulheres, Leticia Santanna, profissional de turismo internacional, afirmou que h\u00e1 outras maneiras de empoderar mulheres negras al\u00e9m de se vestirem e usarem o estilo de cabelo.<\/p>\n<p><span style=\"font-weight: 400;\">\u201cPrecisamos ter cuidado para compreender que uma mulher negra, se ela quer ser feminina, n\u00e3o tem que usar um determinado tipo de roupa e ser totalmente africana, a fim de ser o estere\u00f3tipo da ativista negra. Ela n\u00e3o precisa ser nada. Ela pode ser o que ela quiser, como uma garota branca. Eu acho que a no\u00e7\u00e3o de liberdade que compreendemos \u00e9 que n\u00f3s n\u00e3o precisamos nos vestir de forma estereotipada\u201d.<\/span><\/p>\n<p><span style=\"font-weight: 400;\"><a href=\"http:\/\/bit.ly\/2ctPwWC\" target=\"_blank\" rel=\"noopener\">Joice Silva<\/a>, lutadora ol\u00edmpica brasileira, que competiu tanto em Londres 2012 como Rio 2016, manifestou sentimentos similares, afirmando que o mais importante \u00e9 que as mulheres negras sintam-se bem sobre si mesmas. \u201c\u00c9 verdade que temos liberdade. N\u00f3s podemos fazer o que queremos. Fa\u00e7a o que quiser. Querer alisar ou n\u00e3o alisar o cabelo tamb\u00e9m \u00e9 lindo. Se voc\u00ea se sentir bonita est\u00e1 tudo bem\u201d.<\/span><\/p>\n<p><a href=\"http:\/\/rioonwatch.org.br\/wp-content\/uploads\/2016\/09\/14310298_1807950942782728_4592557567444927825_o.jpg\"><img loading=\"lazy\" decoding=\"async\" class=\"aligncenter wp-image-22417 size-medium\" title=\"Moda Negra na Feira Crespa. Foto por Ygor Pena\" src=\"http:\/\/rioonwatch.org.br\/wp-content\/uploads\/2016\/09\/14310298_1807950942782728_4592557567444927825_o-620x412.jpg\" alt=\"14310298_1807950942782728_4592557567444927825_o\" width=\"620\" height=\"412\" srcset=\"https:\/\/rioonwatch.org.br\/wp-content\/uploads\/2016\/09\/14310298_1807950942782728_4592557567444927825_o-620x412.jpg 620w, https:\/\/rioonwatch.org.br\/wp-content\/uploads\/2016\/09\/14310298_1807950942782728_4592557567444927825_o-397x264.jpg 397w, https:\/\/rioonwatch.org.br\/wp-content\/uploads\/2016\/09\/14310298_1807950942782728_4592557567444927825_o-768x511.jpg 768w, https:\/\/rioonwatch.org.br\/wp-content\/uploads\/2016\/09\/14310298_1807950942782728_4592557567444927825_o-1024x681.jpg 1024w, https:\/\/rioonwatch.org.br\/wp-content\/uploads\/2016\/09\/14310298_1807950942782728_4592557567444927825_o.jpg 1280w\" sizes=\"(max-width: 620px) 100vw, 620px\" \/><\/a><\/p>\n<h3><b>Os Jogos Ol\u00edmpicos e as representa\u00e7\u00f5es das mulheres negras<\/b><\/h3>\n<p><span style=\"font-weight: 400;\">Na sequ\u00eancia dos recentes <a href=\"http:\/\/bit.ly\/PkLXlQ\" target=\"_blank\" rel=\"noopener\">Jogos Ol\u00edmpicos<\/a>, o painel tamb\u00e9m discutiu a import\u00e2ncia da representa\u00e7\u00e3o das mulheres negras no esporte e a id\u00e9ia do Rio como Cidade Ol\u00edmpica: \u201cVivemos em uma dicotomia que era o Rio de Janeiro das <a href=\"http:\/\/bit.ly\/X51Qvb\" target=\"_blank\" rel=\"noopener\">remo\u00e7\u00f5es<\/a>&#8211;uma cidade que est\u00e1 tentando diminuir determinados espa\u00e7os marginalizados para que os Jogos pudessem acontecer aqui&#8211;mas, ao mesmo tempo, alguns de n\u00f3s realmente quer\u00edamos ser felizes com os Jogos. N\u00f3s realmente quer\u00edamos dar uma boa recep\u00e7\u00e3o a todos que vieram\u201d, explica Let\u00edcia Santanna. \u00a0<\/span><\/p>\n<p><span style=\"font-weight: 400;\">Joice Silva enfatizou a import\u00e2ncia do esporte em dar \u00e0s pessoas uma oportunidade para viajar e estudar. As mulheres tamb\u00e9m discutiram a import\u00e2ncia das atletas negras que competiram nos Jogos de 2016, como: Gabby Douglas, <a href=\"http:\/\/bit.ly\/2c68Nif\" target=\"_blank\" rel=\"noopener\">Rafaela Silva<\/a>, Simone Biles e Simone Manuel.<\/span><\/p>\n<p><span style=\"font-weight: 400;\">Let\u00edcia Santanna declarou: \u201c<\/span><span style=\"font-weight: 400;\">Eu vi uma reportagem muito interessante falando que 70% das crian\u00e7as dos Estados Unidos n\u00e3o sabem nadar. Crian\u00e7as negras. Por que? Porque <a href=\"http:\/\/bit.ly\/2cxUUaB\" target=\"_blank\" rel=\"noopener\">n\u00e3o s\u00e3o impulsionados para competir<\/a> neste tipo de esporte. Da\u00ed a <a href=\"http:\/\/n.pr\/2cWAuvT\" target=\"_blank\" rel=\"noopener\">vit\u00f3ria da Simone Manuel<\/a>, a menina que ganhou a medalha de ouro nos Jogos Ol\u00edmpicos n\u00e3o era s\u00f3 uma vit\u00f3ria pessoal, mas uma vit\u00f3ria de toda a popula\u00e7\u00e3o negra dos Estados Unidos, que finalmente viu uma pessoa negra na piscina&#8221;.\u00a0<\/span><\/p>\n<p><span style=\"font-weight: 400;\">Ao reconhecer as vit\u00f3rias impactantes desses atletas, os palestrantes fizeram quest\u00e3o de mencionar as press\u00f5es e racismo que estes medalhistas sofreram, apesar de terem ganhado o ouro durante os Jogos Ol\u00edmpicos.<\/span><\/p>\n<p><span style=\"font-weight: 400;\">Let\u00edcia Santanna disse: &#8220;Tem um outro menina, a ginasta Gabby\u00a0que ganhou duas medalhas de ouro nas Olimp\u00edadas. Por\u00e9m, as maiores reportagens nos Estados Unidos por incr\u00edvel que pare\u00e7a, n\u00e3o eram sobre o fato da menina ter ganhado estas medalhas, mas sim sobre o fato dela estar com cabelo estranho durante a apresenta\u00e7\u00e3o. Ela \u00e9 uma campe\u00e3 e\u00a0<a href=\"http:\/\/wapo.st\/2cq87GD\" target=\"_blank\" rel=\"noopener\">estavam discutindo sobre o cabelo da menina<\/a>?&#8221;. <\/span><\/p>\n<p><a href=\"http:\/\/rioonwatch.org.br\/wp-content\/uploads\/2016\/09\/14310311_1807947722783050_1065640001742476158_o.jpg\"><img loading=\"lazy\" decoding=\"async\" class=\"aligncenter wp-image-22418 size-medium\" title=\"Painel de debate. Foto por Ygor Pena\" src=\"http:\/\/rioonwatch.org.br\/wp-content\/uploads\/2016\/09\/14310311_1807947722783050_1065640001742476158_o-620x412.jpg\" alt=\"14310311_1807947722783050_1065640001742476158_o\" width=\"620\" height=\"412\" srcset=\"https:\/\/rioonwatch.org.br\/wp-content\/uploads\/2016\/09\/14310311_1807947722783050_1065640001742476158_o-620x412.jpg 620w, https:\/\/rioonwatch.org.br\/wp-content\/uploads\/2016\/09\/14310311_1807947722783050_1065640001742476158_o-397x264.jpg 397w, https:\/\/rioonwatch.org.br\/wp-content\/uploads\/2016\/09\/14310311_1807947722783050_1065640001742476158_o-768x511.jpg 768w, https:\/\/rioonwatch.org.br\/wp-content\/uploads\/2016\/09\/14310311_1807947722783050_1065640001742476158_o-1024x681.jpg 1024w, https:\/\/rioonwatch.org.br\/wp-content\/uploads\/2016\/09\/14310311_1807947722783050_1065640001742476158_o.jpg 1280w\" sizes=\"(max-width: 620px) 100vw, 620px\" \/><\/a><\/p>\n<h3><b>Rio P\u00f3s-Ol\u00edmpico<\/b><\/h3>\n<p><span style=\"font-weight: 400;\">A integrante do painel Ana Paula Patroc\u00ednio, estudante de produ\u00e7\u00e3o cultural da UFRJ, fez a seguinte pergunta: \u201cEm que cidade queremos viver?\u201d Ela fez refer\u00eancia ao <a href=\"http:\/\/bit.ly\/2bSTp7g\" target=\"_blank\" rel=\"noopener\">recente v\u00eddeo do Prefeito Eduardo Paes<\/a> dizendo para uma mulher negra, ao receber sua casa, que ela \u201cvai trepar muito no quartinho\u201d.<\/span><\/p>\n<p><span style=\"font-weight: 400;\">\u201cEste \u00e9 um exemplo da viol\u00eancia contra a popula\u00e7\u00e3o negra neste pa\u00eds\u201d, afirmou Ana Paula Patroc\u00ednio. \u201cEnt\u00e3o quando voc\u00ea \u00e9 um mulher, uma mulher preta, voc\u00ea n\u00e3o tem direitos sobre seu corpo. Voc\u00ea tem medo de andar na rua porque \u00e9 objetificada\u201d. Al\u00e9m disso, Ana Paula Patroc\u00ednio afirmou que a falta de <a href=\"http:\/\/bit.ly\/1MUX0u9\" target=\"_blank\" rel=\"noopener\">transporte p\u00fablico<\/a> especialmente para <a href=\"http:\/\/bit.ly\/1PHlaNC\" target=\"_blank\" rel=\"noopener\">aqueles que vivem na Zona Norte e Oeste do Rio<\/a> intensifica tais situa\u00e7\u00f5es. \u201cEu vivo numa cidade em que a mobilidade \u00e9 p\u00e9ssima\u201d, disse ela.<\/span><\/p>\n<p><span style=\"font-weight: 400;\">Ao considerar essas quest\u00f5es, as mulheres no painel ofereceram solu\u00e7\u00f5es para os problemas que continuam a afetar as mulheres negras e a comunidade negra no Rio de Janeiro. Marcela Lisboa afirmou que as escolas p\u00fablicas precisam ter um certo n\u00famero de professores negros, para que os alunos possam ter uma refer\u00eancia e formar um senso de identidade. Professores brancos precisam ser educados sobre a hist\u00f3ria africana, para que possam educar adequadamente as crian\u00e7as negras em sua hist\u00f3ria, insistiu ela. A <a href=\"http:\/\/bit.ly\/1ruUDso\" target=\"_blank\" rel=\"noopener\">cultura afro-brasileira<\/a>, como a capoeira, deve ser ensinada nas escolas, para que os alunos possam entender sua hist\u00f3ria e cultura.<\/span><\/p>\n<p><span style=\"font-weight: 400;\">No final do evento, um menino negro, com n\u00e3o mais que dez anos, perguntou \u00e0s quatro debatedoras como elas continuam fortes. Marcela Lisboa respondeu que sua for\u00e7a \u00e9 \u201cancestral\u201d e que essa <a href=\"http:\/\/bit.ly\/1piRAgk\" target=\"_blank\" rel=\"noopener\">resist\u00eancia<\/a> n\u00e3o come\u00e7ou com ela, mas com muitas gera\u00e7\u00f5es antes dela, embora seus amigos, familiares e o\u00a0<a href=\"http:\/\/bit.ly\/1O3659r\" target=\"_blank\" rel=\"noopener\">Candombl\u00e9<\/a>\u00a0 ajudaram tamb\u00e9m. Ela ainda disse que sua for\u00e7a vem de querer fazer mudan\u00e7as para seus jovens primos e parentes, para que eles n\u00e3o tenham que suportar o mesmo sofrimento que ela e outras gera\u00e7\u00f5es antes dela sofreram.<\/span><\/p>\n<p><a href=\"http:\/\/www.rioonwatch.org\/wp-content\/uploads\/2016\/09\/14289909_1807945022783320_2100482395650818184_o.jpg\"><img loading=\"lazy\" decoding=\"async\" class=\"aligncenter wp-image-32789 size-large\" title=\"Foto por Ygor Pena\" src=\"http:\/\/www.rioonwatch.org\/wp-content\/uploads\/2016\/09\/14289909_1807945022783320_2100482395650818184_o-1024x681.jpg\" alt=\"Photo by Ygor Pena\" width=\"620\" height=\"412\" \/><\/a><\/p>\n<p><span style=\"font-weight: 400;\">A Feira Crespa n\u00e3o foi o \u00fanico evento que visa refor\u00e7ar a identidade negra acontecendo na \u00faltima semana. Um festival de comida afro-brasileira e um evento de um dia, em Mesquita, na <a href=\"http:\/\/bit.ly\/NjmYR6\" target=\"_blank\" rel=\"noopener\">Baixada Fluminense<\/a>, o <a href=\"http:\/\/bit.ly\/2d01l5U\" target=\"_blank\" rel=\"noopener\">Encrespa Geral<\/a>, tamb\u00e9m promoveram a consci\u00eancia negra e a cultura afro-brasileira. Outros eventos tamb\u00e9m est\u00e3o planejados, como a 7\u00aa edi\u00e7\u00e3o da <a href=\"http:\/\/bit.ly\/2czBRLB\">Feira Crespa<\/a>, marcada para acontecer no dia 13 de novembro. \u00a0\u00a0<\/span><\/p>\n<h3>\u00a0Visualize o slideshow abaixo, ou clique <a href=\"http:\/\/bit.ly\/2cyuZzD\" target=\"_blank\" rel=\"noopener\">aqui<\/a>\u00a0para ver no\u00a0Flickr:<\/h3>\n<p><iframe src=\"http:\/\/www.flickr.com\/slideShow\/index.gne?group_id=&amp;user_id=25093702@N00&amp;set_id=72157673812725366&amp;amp\" width=\"620\" height=\"450\" frameborder=\"0\" scrolling=\"no\" align=\"center\"><\/iframe><\/p>\n<!-- AddThis Advanced Settings generic via filter on the_content --><!-- AddThis Share Buttons generic via filter on the_content -->","protected":false},"excerpt":{"rendered":"<div class=\"mh-excerpt\"><p>Click Here for English O dia 10 de setembro marcou o in\u00edcio da Primavera Afro e a 6\u00aa edi\u00e7\u00e3o da Feira Crespa,\u00a0cujo objetivo \u00e9 reconhecer o valor da cultura e beleza negra no Rio de <a class=\"mh-excerpt-more\" href=\"https:\/\/rioonwatch.org.br\/?p=22396\" title=\"Primavera Afro Aumenta Consci\u00eancia Negra e Discute Olimp\u00edadas no Rio\">[&#8230;]<\/a><!-- AddThis Advanced Settings generic via filter on get_the_excerpt --><!-- AddThis Share Buttons generic via filter on get_the_excerpt --><\/p>\n<\/div>","protected":false},"author":129,"featured_media":22404,"comment_status":"closed","ping_status":"closed","sticky":false,"template":"","format":"standard","meta":{"_acf_changed":false,"_monsterinsights_skip_tracking":false,"_monsterinsights_sitenote_active":false,"_monsterinsights_sitenote_note":"","_monsterinsights_sitenote_category":0,"footnotes":""},"categories":[1621,1627,1615,1626,1612,342],"tags":[386,3253,959,921,259,1464,81,513,333,484,1240,1970,78,126,936,432,370,218,184],"writer":[1825],"translator":[1879],"source":[],"ilustrador":[],"fotografo":[],"class_list":{"0":"post-22396","1":"post","2":"type-post","3":"status-publish","4":"format-standard","5":"has-post-thumbnail","7":"category-destaque","8":"category-relato-de-evento","9":"category-cultura-da-favela","10":"category-por-observadores-internacionais","11":"category-sociedade-civil","12":"category-solucoes","13":"tag-estigma","14":"tag-antirracismo","15":"tag-baixada-fluminense","16":"tag-capoeira","17":"tag-centro","18":"tag-comemoracao","19":"tag-cultura","20":"tag-cultura-afro-brasileira","21":"tag-diaspora","22":"tag-prefeito-eduardo-paes","23":"tag-megaeventos","24":"tag-negritude","25":"tag-olimpiadas","26":"tag-preconceito","27":"tag-raca","28":"tag-resistencia","29":"tag-transporte-publico","30":"tag-zona-norte","31":"tag-zona-oeste","32":"writer-mariah-barber","33":"translator-leonardo-braga-nobre"},"acf":[],"yoast_head":"<!-- This site is optimized with the Yoast SEO plugin v25.6 - https:\/\/yoast.com\/wordpress\/plugins\/seo\/ -->\n<title>Primavera Afro Aumenta Consci\u00eancia Negra e Discute Olimp\u00edadas no Rio - RioOnWatch<\/title>\n<meta name=\"robots\" content=\"index, follow, max-snippet:-1, max-image-preview:large, max-video-preview:-1\" \/>\n<link rel=\"canonical\" href=\"https:\/\/rioonwatch.org.br\/?p=22396\" \/>\n<meta property=\"og:locale\" content=\"pt_BR\" \/>\n<meta property=\"og:type\" content=\"article\" \/>\n<meta property=\"og:title\" content=\"Primavera Afro Aumenta Consci\u00eancia Negra e Discute Olimp\u00edadas no Rio - RioOnWatch\" \/>\n<meta property=\"og:description\" content=\"Click Here for English O dia 10 de setembro marcou o in\u00edcio da Primavera Afro e a 6\u00aa edi\u00e7\u00e3o da Feira Crespa,\u00a0cujo objetivo \u00e9 reconhecer o valor da cultura e beleza negra no Rio de [...]\" \/>\n<meta property=\"og:url\" content=\"https:\/\/rioonwatch.org.br\/?p=22396\" \/>\n<meta property=\"og:site_name\" content=\"RioOnWatch\" \/>\n<meta property=\"article:published_time\" content=\"2016-09-22T15:35:01+00:00\" \/>\n<meta property=\"article:modified_time\" content=\"2024-06-20T19:25:42+00:00\" \/>\n<meta property=\"og:image\" content=\"https:\/\/rioonwatch.org.br\/wp-content\/uploads\/2016\/09\/14258212_1807946782783144_2816580292178125874_o.jpg\" \/>\n\t<meta property=\"og:image:width\" content=\"1280\" \/>\n\t<meta property=\"og:image:height\" content=\"851\" \/>\n\t<meta property=\"og:image:type\" content=\"image\/jpeg\" \/>\n<meta name=\"author\" content=\"Admin\" \/>\n<meta name=\"twitter:card\" content=\"summary_large_image\" \/>\n<meta name=\"twitter:label1\" content=\"Escrito por\" \/>\n\t<meta name=\"twitter:data1\" content=\"Admin\" \/>\n\t<meta name=\"twitter:label2\" content=\"Est. tempo de leitura\" \/>\n\t<meta name=\"twitter:data2\" content=\"7 minutos\" \/>\n<script type=\"application\/ld+json\" class=\"yoast-schema-graph\">{\"@context\":\"https:\/\/schema.org\",\"@graph\":[{\"@type\":\"Article\",\"@id\":\"https:\/\/rioonwatch.org.br\/?p=22396#article\",\"isPartOf\":{\"@id\":\"https:\/\/rioonwatch.org.br\/?p=22396\"},\"author\":{\"name\":\"Admin\",\"@id\":\"https:\/\/rioonwatch.org.br\/#\/schema\/person\/11d64c290506f9df50c71b850c473f68\"},\"headline\":\"Primavera Afro Aumenta Consci\u00eancia Negra e Discute Olimp\u00edadas no Rio\",\"datePublished\":\"2016-09-22T15:35:01+00:00\",\"dateModified\":\"2024-06-20T19:25:42+00:00\",\"mainEntityOfPage\":{\"@id\":\"https:\/\/rioonwatch.org.br\/?p=22396\"},\"wordCount\":1466,\"publisher\":{\"@id\":\"https:\/\/rioonwatch.org.br\/#organization\"},\"image\":{\"@id\":\"https:\/\/rioonwatch.org.br\/?p=22396#primaryimage\"},\"thumbnailUrl\":\"https:\/\/rioonwatch.org.br\/wp-content\/uploads\/2016\/09\/14258212_1807946782783144_2816580292178125874_o.jpg\",\"keywords\":[\"#StopFavelaStigma\",\"Antirracismo\",\"Baixada Fluminense\",\"capoeira\",\"Centro\",\"comemora\u00e7\u00e3o\",\"cultura\",\"Cultura Afro-brasileira\",\"Di\u00e1spora Africana\",\"Eduardo Paes\",\"Megaeventos\",\"negritude\",\"Olimp\u00edadas\",\"preconceito\",\"ra\u00e7a\",\"resist\u00eancia\",\"transporte p\u00fablico\",\"Zona Norte\",\"Zona Oeste\"],\"articleSection\":[\"*Destaque\",\"Cobertura de Eventos\",\"Cultura da Favela\",\"Escrito por Aliados\",\"Sociedade Civil\",\"Solu\u00e7\u00f5es\"],\"inLanguage\":\"pt-BR\"},{\"@type\":\"WebPage\",\"@id\":\"https:\/\/rioonwatch.org.br\/?p=22396\",\"url\":\"https:\/\/rioonwatch.org.br\/?p=22396\",\"name\":\"Primavera Afro Aumenta Consci\u00eancia Negra e Discute Olimp\u00edadas no Rio - RioOnWatch\",\"isPartOf\":{\"@id\":\"https:\/\/rioonwatch.org.br\/#website\"},\"primaryImageOfPage\":{\"@id\":\"https:\/\/rioonwatch.org.br\/?p=22396#primaryimage\"},\"image\":{\"@id\":\"https:\/\/rioonwatch.org.br\/?p=22396#primaryimage\"},\"thumbnailUrl\":\"https:\/\/rioonwatch.org.br\/wp-content\/uploads\/2016\/09\/14258212_1807946782783144_2816580292178125874_o.jpg\",\"datePublished\":\"2016-09-22T15:35:01+00:00\",\"dateModified\":\"2024-06-20T19:25:42+00:00\",\"breadcrumb\":{\"@id\":\"https:\/\/rioonwatch.org.br\/?p=22396#breadcrumb\"},\"inLanguage\":\"pt-BR\",\"potentialAction\":[{\"@type\":\"ReadAction\",\"target\":[\"https:\/\/rioonwatch.org.br\/?p=22396\"]}]},{\"@type\":\"ImageObject\",\"inLanguage\":\"pt-BR\",\"@id\":\"https:\/\/rioonwatch.org.br\/?p=22396#primaryimage\",\"url\":\"https:\/\/rioonwatch.org.br\/wp-content\/uploads\/2016\/09\/14258212_1807946782783144_2816580292178125874_o.jpg\",\"contentUrl\":\"https:\/\/rioonwatch.org.br\/wp-content\/uploads\/2016\/09\/14258212_1807946782783144_2816580292178125874_o.jpg\",\"width\":1280,\"height\":851},{\"@type\":\"BreadcrumbList\",\"@id\":\"https:\/\/rioonwatch.org.br\/?p=22396#breadcrumb\",\"itemListElement\":[{\"@type\":\"ListItem\",\"position\":1,\"name\":\"In\u00edcio\",\"item\":\"https:\/\/rioonwatch.org.br\/\"},{\"@type\":\"ListItem\",\"position\":2,\"name\":\"Primavera Afro Aumenta Consci\u00eancia Negra e Discute Olimp\u00edadas no Rio\"}]},{\"@type\":\"WebSite\",\"@id\":\"https:\/\/rioonwatch.org.br\/#website\",\"url\":\"https:\/\/rioonwatch.org.br\/\",\"name\":\"RioOnWatch\",\"description\":\"relatos das favelas cariocas\",\"publisher\":{\"@id\":\"https:\/\/rioonwatch.org.br\/#organization\"},\"potentialAction\":[{\"@type\":\"SearchAction\",\"target\":{\"@type\":\"EntryPoint\",\"urlTemplate\":\"https:\/\/rioonwatch.org.br\/?s={search_term_string}\"},\"query-input\":{\"@type\":\"PropertyValueSpecification\",\"valueRequired\":true,\"valueName\":\"search_term_string\"}}],\"inLanguage\":\"pt-BR\"},{\"@type\":\"Organization\",\"@id\":\"https:\/\/rioonwatch.org.br\/#organization\",\"name\":\"RioOnWatch\",\"url\":\"https:\/\/rioonwatch.org.br\/\",\"logo\":{\"@type\":\"ImageObject\",\"inLanguage\":\"pt-BR\",\"@id\":\"https:\/\/rioonwatch.org.br\/#\/schema\/logo\/image\/\",\"url\":\"https:\/\/rioonwatch.org.br\/wp-content\/uploads\/2021\/06\/RioOnWatchcabecalhoPT11anos-2.png\",\"contentUrl\":\"https:\/\/rioonwatch.org.br\/wp-content\/uploads\/2021\/06\/RioOnWatchcabecalhoPT11anos-2.png\",\"width\":779,\"height\":277,\"caption\":\"RioOnWatch\"},\"image\":{\"@id\":\"https:\/\/rioonwatch.org.br\/#\/schema\/logo\/image\/\"}},{\"@type\":\"Person\",\"@id\":\"https:\/\/rioonwatch.org.br\/#\/schema\/person\/11d64c290506f9df50c71b850c473f68\",\"name\":\"Admin\",\"image\":{\"@type\":\"ImageObject\",\"inLanguage\":\"pt-BR\",\"@id\":\"https:\/\/rioonwatch.org.br\/#\/schema\/person\/image\/\",\"url\":\"https:\/\/secure.gravatar.com\/avatar\/56211ac74568383903349a1485e3c325?s=96&d=blank&r=g\",\"contentUrl\":\"https:\/\/secure.gravatar.com\/avatar\/56211ac74568383903349a1485e3c325?s=96&d=blank&r=g\",\"caption\":\"Admin\"},\"url\":\"https:\/\/rioonwatch.org.br\/?author=129\"}]}<\/script>\n<!-- \/ Yoast SEO plugin. -->","yoast_head_json":{"title":"Primavera Afro Aumenta Consci\u00eancia Negra e Discute Olimp\u00edadas no Rio - RioOnWatch","robots":{"index":"index","follow":"follow","max-snippet":"max-snippet:-1","max-image-preview":"max-image-preview:large","max-video-preview":"max-video-preview:-1"},"canonical":"https:\/\/rioonwatch.org.br\/?p=22396","og_locale":"pt_BR","og_type":"article","og_title":"Primavera Afro Aumenta Consci\u00eancia Negra e Discute Olimp\u00edadas no Rio - RioOnWatch","og_description":"Click Here for English O dia 10 de setembro marcou o in\u00edcio da Primavera Afro e a 6\u00aa edi\u00e7\u00e3o da Feira Crespa,\u00a0cujo objetivo \u00e9 reconhecer o valor da cultura e beleza negra no Rio de [...]","og_url":"https:\/\/rioonwatch.org.br\/?p=22396","og_site_name":"RioOnWatch","article_published_time":"2016-09-22T15:35:01+00:00","article_modified_time":"2024-06-20T19:25:42+00:00","og_image":[{"width":1280,"height":851,"url":"https:\/\/rioonwatch.org.br\/wp-content\/uploads\/2016\/09\/14258212_1807946782783144_2816580292178125874_o.jpg","type":"image\/jpeg"}],"author":"Admin","twitter_card":"summary_large_image","twitter_misc":{"Escrito por":"Admin","Est. tempo de leitura":"7 minutos"},"schema":{"@context":"https:\/\/schema.org","@graph":[{"@type":"Article","@id":"https:\/\/rioonwatch.org.br\/?p=22396#article","isPartOf":{"@id":"https:\/\/rioonwatch.org.br\/?p=22396"},"author":{"name":"Admin","@id":"https:\/\/rioonwatch.org.br\/#\/schema\/person\/11d64c290506f9df50c71b850c473f68"},"headline":"Primavera Afro Aumenta Consci\u00eancia Negra e Discute Olimp\u00edadas no Rio","datePublished":"2016-09-22T15:35:01+00:00","dateModified":"2024-06-20T19:25:42+00:00","mainEntityOfPage":{"@id":"https:\/\/rioonwatch.org.br\/?p=22396"},"wordCount":1466,"publisher":{"@id":"https:\/\/rioonwatch.org.br\/#organization"},"image":{"@id":"https:\/\/rioonwatch.org.br\/?p=22396#primaryimage"},"thumbnailUrl":"https:\/\/rioonwatch.org.br\/wp-content\/uploads\/2016\/09\/14258212_1807946782783144_2816580292178125874_o.jpg","keywords":["#StopFavelaStigma","Antirracismo","Baixada Fluminense","capoeira","Centro","comemora\u00e7\u00e3o","cultura","Cultura Afro-brasileira","Di\u00e1spora Africana","Eduardo Paes","Megaeventos","negritude","Olimp\u00edadas","preconceito","ra\u00e7a","resist\u00eancia","transporte p\u00fablico","Zona Norte","Zona Oeste"],"articleSection":["*Destaque","Cobertura de Eventos","Cultura da Favela","Escrito por Aliados","Sociedade Civil","Solu\u00e7\u00f5es"],"inLanguage":"pt-BR"},{"@type":"WebPage","@id":"https:\/\/rioonwatch.org.br\/?p=22396","url":"https:\/\/rioonwatch.org.br\/?p=22396","name":"Primavera Afro Aumenta Consci\u00eancia Negra e Discute Olimp\u00edadas no Rio - RioOnWatch","isPartOf":{"@id":"https:\/\/rioonwatch.org.br\/#website"},"primaryImageOfPage":{"@id":"https:\/\/rioonwatch.org.br\/?p=22396#primaryimage"},"image":{"@id":"https:\/\/rioonwatch.org.br\/?p=22396#primaryimage"},"thumbnailUrl":"https:\/\/rioonwatch.org.br\/wp-content\/uploads\/2016\/09\/14258212_1807946782783144_2816580292178125874_o.jpg","datePublished":"2016-09-22T15:35:01+00:00","dateModified":"2024-06-20T19:25:42+00:00","breadcrumb":{"@id":"https:\/\/rioonwatch.org.br\/?p=22396#breadcrumb"},"inLanguage":"pt-BR","potentialAction":[{"@type":"ReadAction","target":["https:\/\/rioonwatch.org.br\/?p=22396"]}]},{"@type":"ImageObject","inLanguage":"pt-BR","@id":"https:\/\/rioonwatch.org.br\/?p=22396#primaryimage","url":"https:\/\/rioonwatch.org.br\/wp-content\/uploads\/2016\/09\/14258212_1807946782783144_2816580292178125874_o.jpg","contentUrl":"https:\/\/rioonwatch.org.br\/wp-content\/uploads\/2016\/09\/14258212_1807946782783144_2816580292178125874_o.jpg","width":1280,"height":851},{"@type":"BreadcrumbList","@id":"https:\/\/rioonwatch.org.br\/?p=22396#breadcrumb","itemListElement":[{"@type":"ListItem","position":1,"name":"In\u00edcio","item":"https:\/\/rioonwatch.org.br\/"},{"@type":"ListItem","position":2,"name":"Primavera Afro Aumenta Consci\u00eancia Negra e Discute Olimp\u00edadas no Rio"}]},{"@type":"WebSite","@id":"https:\/\/rioonwatch.org.br\/#website","url":"https:\/\/rioonwatch.org.br\/","name":"RioOnWatch","description":"relatos das favelas cariocas","publisher":{"@id":"https:\/\/rioonwatch.org.br\/#organization"},"potentialAction":[{"@type":"SearchAction","target":{"@type":"EntryPoint","urlTemplate":"https:\/\/rioonwatch.org.br\/?s={search_term_string}"},"query-input":{"@type":"PropertyValueSpecification","valueRequired":true,"valueName":"search_term_string"}}],"inLanguage":"pt-BR"},{"@type":"Organization","@id":"https:\/\/rioonwatch.org.br\/#organization","name":"RioOnWatch","url":"https:\/\/rioonwatch.org.br\/","logo":{"@type":"ImageObject","inLanguage":"pt-BR","@id":"https:\/\/rioonwatch.org.br\/#\/schema\/logo\/image\/","url":"https:\/\/rioonwatch.org.br\/wp-content\/uploads\/2021\/06\/RioOnWatchcabecalhoPT11anos-2.png","contentUrl":"https:\/\/rioonwatch.org.br\/wp-content\/uploads\/2021\/06\/RioOnWatchcabecalhoPT11anos-2.png","width":779,"height":277,"caption":"RioOnWatch"},"image":{"@id":"https:\/\/rioonwatch.org.br\/#\/schema\/logo\/image\/"}},{"@type":"Person","@id":"https:\/\/rioonwatch.org.br\/#\/schema\/person\/11d64c290506f9df50c71b850c473f68","name":"Admin","image":{"@type":"ImageObject","inLanguage":"pt-BR","@id":"https:\/\/rioonwatch.org.br\/#\/schema\/person\/image\/","url":"https:\/\/secure.gravatar.com\/avatar\/56211ac74568383903349a1485e3c325?s=96&d=blank&r=g","contentUrl":"https:\/\/secure.gravatar.com\/avatar\/56211ac74568383903349a1485e3c325?s=96&d=blank&r=g","caption":"Admin"},"url":"https:\/\/rioonwatch.org.br\/?author=129"}]}},"_links":{"self":[{"href":"https:\/\/rioonwatch.org.br\/index.php?rest_route=\/wp\/v2\/posts\/22396"}],"collection":[{"href":"https:\/\/rioonwatch.org.br\/index.php?rest_route=\/wp\/v2\/posts"}],"about":[{"href":"https:\/\/rioonwatch.org.br\/index.php?rest_route=\/wp\/v2\/types\/post"}],"author":[{"embeddable":true,"href":"https:\/\/rioonwatch.org.br\/index.php?rest_route=\/wp\/v2\/users\/129"}],"replies":[{"embeddable":true,"href":"https:\/\/rioonwatch.org.br\/index.php?rest_route=%2Fwp%2Fv2%2Fcomments&post=22396"}],"version-history":[{"count":22,"href":"https:\/\/rioonwatch.org.br\/index.php?rest_route=\/wp\/v2\/posts\/22396\/revisions"}],"predecessor-version":[{"id":73553,"href":"https:\/\/rioonwatch.org.br\/index.php?rest_route=\/wp\/v2\/posts\/22396\/revisions\/73553"}],"wp:featuredmedia":[{"embeddable":true,"href":"https:\/\/rioonwatch.org.br\/index.php?rest_route=\/wp\/v2\/media\/22404"}],"wp:attachment":[{"href":"https:\/\/rioonwatch.org.br\/index.php?rest_route=%2Fwp%2Fv2%2Fmedia&parent=22396"}],"wp:term":[{"taxonomy":"category","embeddable":true,"href":"https:\/\/rioonwatch.org.br\/index.php?rest_route=%2Fwp%2Fv2%2Fcategories&post=22396"},{"taxonomy":"post_tag","embeddable":true,"href":"https:\/\/rioonwatch.org.br\/index.php?rest_route=%2Fwp%2Fv2%2Ftags&post=22396"},{"taxonomy":"writer","embeddable":true,"href":"https:\/\/rioonwatch.org.br\/index.php?rest_route=%2Fwp%2Fv2%2Fwriter&post=22396"},{"taxonomy":"translator","embeddable":true,"href":"https:\/\/rioonwatch.org.br\/index.php?rest_route=%2Fwp%2Fv2%2Ftranslator&post=22396"},{"taxonomy":"source","embeddable":true,"href":"https:\/\/rioonwatch.org.br\/index.php?rest_route=%2Fwp%2Fv2%2Fsource&post=22396"},{"taxonomy":"ilustrador","embeddable":true,"href":"https:\/\/rioonwatch.org.br\/index.php?rest_route=%2Fwp%2Fv2%2Filustrador&post=22396"},{"taxonomy":"fotografo","embeddable":true,"href":"https:\/\/rioonwatch.org.br\/index.php?rest_route=%2Fwp%2Fv2%2Ffotografo&post=22396"}],"curies":[{"name":"wp","href":"https:\/\/api.w.org\/{rel}","templated":true}]}}