{"id":22398,"date":"2016-09-26T15:25:47","date_gmt":"2016-09-26T18:25:47","guid":{"rendered":"http:\/\/rioonwatch.org.br\/?p=22398"},"modified":"2024-06-20T16:25:42","modified_gmt":"2024-06-20T19:25:42","slug":"ha-um-legado-paralimpico-para-as-favelas-do-rio","status":"publish","type":"post","link":"https:\/\/rioonwatch.org.br\/?p=22398","title":{"rendered":"H\u00e1 um Legado Paral\u00edmpico para as Favelas do Rio?"},"content":{"rendered":"<p style=\"text-align: right;\"><em><strong><a href=\"http:\/\/bit.ly\/2cupArT\" target=\"_blank\" rel=\"noopener\">Click Here for English<img decoding=\"async\" width=\"20\" height=\"20\" class=\"alignright wp-image-15790\" src=\"http:\/\/rioonwatch.org.br\/wp-content\/uploads\/2012\/08\/EN-standard-e1439583104716.jpg\" alt=\"\" \/><\/a><\/strong><\/em><\/p>\n<p><span style=\"font-weight: 400;\">Os Jogos Paral\u00edmpicos deveriam ter sido\u00a0um momento decisivo para os\u00a0<\/span><a href=\"http:\/\/bit.ly\/2dqhFNL\" target=\"_blank\" rel=\"noopener\"><span style=\"font-weight: 400;\">estimados 45 milh\u00f5es de brasileiros<\/span><\/a><span style=\"font-weight: 400;\"> com alguma defici\u00eancia f\u00edsica, pois deveriam ter deixado \u201cum legado de acessibilidade\u201d, conforme\u00a0<\/span><a href=\"http:\/\/bit.ly\/2cDoxWp%C2%A0\"><span style=\"font-weight: 400;\">anunciado pelo Comit\u00ea Ol\u00edmpico Brasileiro<\/span><\/a><span style=\"font-weight: 400;\">. Mas Valdir Mansur, um ex-jogador cadeirante de rugby\u00a0da\u00a0<\/span><a href=\"http:\/\/bit.ly\/16w2zz1\" target=\"_blank\" rel=\"noopener\"><span style=\"font-weight: 400;\">Rocinha<\/span><\/a><span style=\"font-weight: 400;\">, v\u00ea com ceticismo a entrega desse prometido&#8211;e\u00a0<\/span><span style=\"font-weight: 400;\"><a href=\"http:\/\/bit.ly\/2cW7Par\" target=\"_blank\" rel=\"noopener\">t\u00e3o necess\u00e1rio<\/a>&#8212;<\/span><span style=\"font-weight: 400;\">legado.<\/span><\/p>\n<p><span style=\"font-weight: 400;\">N\u00e3o faz muito tempo, Valdir Mansur, 37 anos, sonhava em jogar pelo Brasil no time de rugby\u00a0nas Paralimp\u00edadas. Agora, ele assiste aos jogos na TV, em seu min\u00fasculo apartamento na Rocinha, a maior favela do Rio, localizada na\u00a0<\/span><a href=\"http:\/\/bit.ly\/1mNsDyk\" target=\"_blank\" rel=\"noopener\"><span style=\"font-weight: 400;\">Zona Su<\/span><span style=\"font-weight: 400;\">l<\/span><\/a><span style=\"font-weight: 400;\"> da cidade. Ele conseguiu chegar ao est\u00e1dio para assistir a nata\u00e7\u00e3o, mas somente porque seu patr\u00e3o lhe deu as entradas e&#8211;o mais importante&#8211;levou-o para l\u00e1 em uma van. \u201cIr no <a href=\"http:\/\/bit.ly\/1MUX0u9\" target=\"_blank\" rel=\"noopener\">\u00f4nibus<\/a> ao Parque Ol\u00edmpico n\u00e3o d\u00e1 para mim\u201d, ele disse.<\/span><\/p>\n<p><span style=\"font-weight: 400;\">Valdir trabalha na recep\u00e7\u00e3o do\u00a0<\/span><a href=\"http:\/\/bit.ly\/2cegjbH%C2%A0\"><span style=\"font-weight: 400;\">Instituto Brasileiro dos Direitos da Pessoa com Defici\u00eancia (IBDD)<\/span><\/a><span style=\"font-weight: 400;\">, uma ONG que apoia pessoas com defici\u00eancia para encontrar emprego ou lutar na justi\u00e7a por uma cadeira de rodas. Para chegar l\u00e1 todos os dias, ele levanta \u00e0s 6 horas da manh\u00e3, toma um motot\u00e1xi para descer o morro e apanha um \u00f4nibus, como diz Valdir, \u201cse o motorista para pra mim\u201d, o que nem sempre \u00e9 o caso. Mesmo assim, Valdir tem tido sorte. Apesar de ser paral\u00edtico desde que nasceu, devido a uma doen\u00e7a gen\u00e9tica, ele consegue andar de muletas. Sen\u00e3o seria imposs\u00edvel sair de casa.<\/span><\/p>\n<p><a href=\"http:\/\/rioonwatch.org.br\/wp-content\/uploads\/2016\/09\/IMG_4870.jpg\"><img fetchpriority=\"high\" decoding=\"async\" class=\"aligncenter wp-image-22469 size-medium\" title=\"Valdir na sua casa na Rocinha\" src=\"http:\/\/rioonwatch.org.br\/wp-content\/uploads\/2016\/09\/IMG_4870-620x465.jpg\" alt=\"img_4870\" width=\"620\" height=\"465\" srcset=\"https:\/\/rioonwatch.org.br\/wp-content\/uploads\/2016\/09\/IMG_4870-620x465.jpg 620w, https:\/\/rioonwatch.org.br\/wp-content\/uploads\/2016\/09\/IMG_4870-352x264.jpg 352w, https:\/\/rioonwatch.org.br\/wp-content\/uploads\/2016\/09\/IMG_4870-768x576.jpg 768w, https:\/\/rioonwatch.org.br\/wp-content\/uploads\/2016\/09\/IMG_4870-1024x768.jpg 1024w, https:\/\/rioonwatch.org.br\/wp-content\/uploads\/2016\/09\/IMG_4870-174x131.jpg 174w, https:\/\/rioonwatch.org.br\/wp-content\/uploads\/2016\/09\/IMG_4870-300x225.jpg 300w, https:\/\/rioonwatch.org.br\/wp-content\/uploads\/2016\/09\/IMG_4870-70x53.jpg 70w\" sizes=\"(max-width: 620px) 100vw, 620px\" \/><\/a><\/p>\n<p><span style=\"font-weight: 400;\">Cada rua e beco da Rocinha foi constru\u00eddo pelos pr\u00f3prios moradores, e planejar para a acessibilidade n\u00e3o foi a primeira preocupa\u00e7\u00e3o deles. Em sua primeira casa, Valdir tinha que subir e descer uma rampa com uma inclina\u00e7\u00e3o de 80% usando muletas. Ele fazia isso todos os dias, at\u00e9 n\u00e3o conseguir mais. Em sua casa atual, ele ainda precisa ultrapassar algumas escadarias e um caminho estreito e escuro at\u00e9 chegar a porta da frente de sua casa. Valdir n\u00e3o se queixa: \u201cA defici\u00eancia n\u00e3o impede de fazer nada na vida. Sou deficiente, mas posso ir e vir. Agrade\u00e7o cada dia&#8221;.<\/span><\/p>\n<p><span style=\"font-weight: 400;\">Muitos moradores da favela que dependem de cadeira de rodas ficam presos em casa durante o dia. Para eles, o acesso \u00e0 <\/span><a href=\"http:\/\/bit.ly\/1acNApR\" target=\"_blank\" rel=\"noopener\"><span style=\"font-weight: 400;\">educa\u00e7\u00e3o<\/span><\/a><span style=\"font-weight: 400;\">, <\/span><a href=\"http:\/\/bit.ly\/1WkJojx\" target=\"_blank\" rel=\"noopener\"><span style=\"font-weight: 400;\">mobilidade<\/span><\/a><span style=\"font-weight: 400;\"> ou <\/span><a href=\"http:\/\/bit.ly\/1kzUmMv\" target=\"_blank\" rel=\"noopener\"><span style=\"font-weight: 400;\">sa\u00fade<\/span><\/a><span style=\"font-weight: 400;\"> pode ser muito restrito. A <a href=\"http:\/\/bit.ly\/1XXkWYy\" target=\"_blank\" rel=\"noopener\">Cl\u00ednica da Fam\u00edlia<\/a> tem uma rampa que \u00e9 \u00edngreme demais para um cadeirante, diz Valdir. Al\u00e9m disso, n\u00e3o h\u00e1 tratamento especial, e ele n\u00e3o conhece nenhum fisioterapeuta na favela.<\/span><\/p>\n<p><a href=\"http:\/\/rioonwatch.org.br\/wp-content\/uploads\/2016\/09\/IMG_4877.jpg\"><img decoding=\"async\" class=\"aligncenter wp-image-22470 size-large\" title=\"Valdir caminha de muletas nos becos estreitos da Rocinha.\" src=\"http:\/\/rioonwatch.org.br\/wp-content\/uploads\/2016\/09\/IMG_4877-768x1024.jpg\" alt=\"img_4877\" width=\"620\" height=\"827\" srcset=\"https:\/\/rioonwatch.org.br\/wp-content\/uploads\/2016\/09\/IMG_4877-768x1024.jpg 768w, https:\/\/rioonwatch.org.br\/wp-content\/uploads\/2016\/09\/IMG_4877-198x264.jpg 198w, https:\/\/rioonwatch.org.br\/wp-content\/uploads\/2016\/09\/IMG_4877-465x620.jpg 465w\" sizes=\"(max-width: 620px) 100vw, 620px\" \/><\/a><\/p>\n<p><span style=\"font-weight: 400;\">Legalmente,\u00a0<\/span><a href=\"http:\/\/bit.ly\/1FM0mN6\" target=\"_blank\" rel=\"noopener\"><span style=\"font-weight: 400;\">n\u00e3o deveria ser assim<\/span><\/a><span style=\"font-weight: 400;\">. O Brasil foi um dos primeiros a assinar a\u00a0<\/span><a href=\"http:\/\/bit.ly\/2da1l6c\" target=\"_blank\" rel=\"noopener\"><span style=\"font-weight: 400;\">Conven\u00e7\u00e3o das Na\u00e7\u00f5es Unidas sobre os Direitos das Pessoas com Defici\u00eancia<\/span><\/a><span style=\"font-weight: 400;\">, garantindo amplos direitos de participa\u00e7\u00e3o. A Constitui\u00e7\u00e3o designa a L\u00edngua brasileira de sinais (Libras)\u00a0como a segunda l\u00edngua oficial. No ano passado, a <\/span><a href=\"http:\/\/bit.ly\/2cAGHcK%C2%A0\"><span style=\"font-weight: 400;\">Lei Brasileira de Inclus\u00e3o da Pessoa com Defici\u00eancia<\/span><\/a><span style=\"font-weight: 400;\">\u00a0foi promulgada. As grandes empresas n\u00e3o podem discriminar contra pessoas com defici\u00eancia, os pr\u00e9dios p\u00fablicos e novos blocos de apartamentos devem ser acess\u00edveis, e crian\u00e7as com defici\u00eancia t\u00eam direito de frequentar uma escola regular. Mas como acontece com <a href=\"http:\/\/bit.ly\/2cWatNA\" target=\"_blank\" rel=\"noopener\">outras pol\u00edticas p\u00fablicas no Brasil<\/a>, a legisla\u00e7\u00e3o progressista existe, <\/span><a href=\"http:\/\/bit.ly\/1FM0mN6\" target=\"_blank\" rel=\"noopener\"><span style=\"font-weight: 400;\">mas falta uma implementa\u00e7\u00e3o<\/span><\/a> <span style=\"font-weight: 400;\">efetiva.<\/span><\/p>\n<p><span style=\"font-weight: 400;\">Os Jogos Paral\u00edmpicos deveriam ter mudado isso. <\/span><a href=\"http:\/\/glo.bo\/2cAFT7Y%C2%A0\"><span style=\"font-weight: 400;\">De acordo com Andrew Parsons, Presidente do Comit\u00ea Paral\u00edmpico Brasileiro (CPB)<\/span><\/a><span style=\"font-weight: 400;\">: \u201c<\/span><span style=\"font-weight: 400;\">Os Jogos Paral\u00edmpicos Rio 2016 ser\u00e3o grandes catalisadores em termos de avan\u00e7os para a inclus\u00e3o social da pessoa com defici\u00eancia.\u201d<\/span> <span style=\"font-weight: 400;\">E continuou: \u201c<\/span><span style=\"font-weight: 400;\">Novas tecnologias em pr\u00f3teses e cadeiras de rodas, por exemplo, surgem primeiro no esporte de alto rendimento, para depois chegarem \u00e0s pessoas com defici\u00eancia em seu dia a dia&#8221;.<\/span><\/p>\n<p><span style=\"font-weight: 400;\">Mas para Valdir, mesmo uma cadeira de rodas esportiva comum estava fora de alcance. Quando ele jogava rugby, precisava de uma cadeira de rodas do seu clube: \u201c<\/span><span style=\"font-weight: 400;\">Tem que chegar primeiro para conseguir uma cadeira de rodas boa. Sen\u00e3o voc\u00ea vai pegar uma cadeira muito ruim&#8221;.<\/span><span style=\"font-weight: 400;\">\u00a0Ele adorava praticar esportes, n\u00e3o apenas rugby, mas tamb\u00e9m basquete e nata\u00e7\u00e3o. Mas quando a Petrobr\u00e1s deixou de patrocinar o clube, a equipe n\u00e3o tinha mais como alugar o gin\u00e1sio. Agora s\u00f3 h\u00e1 um clube de rugby\u00a0para cadeirantes na regi\u00e3o do Rio, localizado na vizinha Niter\u00f3i, longe demais para o Valdir.<\/span><\/p>\n<p><span style=\"font-weight: 400;\">A falta de acessibilidade na pr\u00e1tica \u00e9 um desafio. Outro \u00e9 a percep\u00e7\u00e3o geral quanto \u00e0s pessoas com defici\u00eancia na sociedade. As Paralimp\u00edadas deveriam ter modificado\u00a0isso tamb\u00e9m. \u201c<\/span><span style=\"font-weight: 400;\">Acompanhar esses atletas t\u00e3o de perto \u00e9 uma experi\u00eancia que muda a percep\u00e7\u00e3o que as pessoas t\u00eam em rela\u00e7\u00e3o as pessoas com defici\u00eancia. Elas come\u00e7am a relativizar essa quest\u00e3o\u201d, disse Andrew Parsons. \u201cPrimeiro, \u00e9 uma competi\u00e7\u00e3o de alt\u00edssimo n\u00edvel, um espet\u00e1culo e divertimento. Depois, \u00e9 uma oportunidade \u00fanica para ver esses atletas de alta performance no Brasil, ser\u00e1 o momento das fam\u00edlias levarem crian\u00e7as para viver uma experi\u00eancia \u00fanica e ajudar a quebrar barreiras. O efeito educativo ser\u00e1 extraordin\u00e1rio&#8221;.<\/span><\/p>\n<p><span style=\"font-weight: 400;\">Valdir n\u00e3o tem tanta certeza sobre isso. Como brasileiro e ainda mais como carioca, ele estava muito entusiasmado que a cidade estivesse sediando esses eventos, mas n\u00e3o acredita em melhorias mais tarde. \u201c<\/span><span style=\"font-weight: 400;\">Tudo que foi feito no Rio \u00e9 <a href=\"http:\/\/bit.ly\/1T0EshR\" target=\"_blank\" rel=\"noopener\">s\u00f3 maquiagem<\/a>&#8220;,<\/span><span style=\"font-weight: 400;\">\u00a0ele diz, apesar de esperar tamb\u00e9m que \u201c<\/span><span style=\"font-weight: 400;\">um dia, em todo o Brasil, uma pessoa com defici\u00eancia seja tratada de outro jeito&#8221;.<\/span><\/p>\n<p><span style=\"font-weight: 400;\">Isso \u00e9 algo que ele realmente gosta quanto a viver na Rocinha: \u201c<\/span><span style=\"font-weight: 400;\">Na comunidade, tem menos preconceitos, o tratamento \u00e9 melhor. \u00c9 outro olhar. S\u00e3o todos amigos e irm\u00e3os. Quando voc\u00ea precisa, aparece uma pessoa para te ajudar. Sempre tem uma pessoa carregando as minhas bolsas depois do supermercado&#8221;.<\/span><span style=\"font-weight: 400;\">\u00a0Dessa maneira, talvez o esp\u00edrito comunit\u00e1rio e a solidariedade da favela sejam uma li\u00e7\u00e3o de inclus\u00e3o para o Brasil e para o Rio como um todo.<\/span><\/p>\n<!-- AddThis Advanced Settings generic via filter on the_content --><!-- AddThis Share Buttons generic via filter on the_content -->","protected":false},"excerpt":{"rendered":"<div class=\"mh-excerpt\"><p>Click Here for English Os Jogos Paral\u00edmpicos deveriam ter sido\u00a0um momento decisivo para os\u00a0estimados 45 milh\u00f5es de brasileiros com alguma defici\u00eancia f\u00edsica, pois deveriam ter deixado \u201cum legado de acessibilidade\u201d, conforme\u00a0anunciado pelo Comit\u00ea Ol\u00edmpico Brasileiro. <a class=\"mh-excerpt-more\" href=\"https:\/\/rioonwatch.org.br\/?p=22398\" title=\"H\u00e1 um Legado Paral\u00edmpico para as Favelas do Rio?\">[&#8230;]<\/a><!-- AddThis Advanced Settings generic via filter on get_the_excerpt --><!-- AddThis Share Buttons generic via filter on get_the_excerpt --><\/p>\n<\/div>","protected":false},"author":129,"featured_media":22468,"comment_status":"closed","ping_status":"closed","sticky":false,"template":"","format":"standard","meta":{"_acf_changed":false,"_monsterinsights_skip_tracking":false,"_monsterinsights_sitenote_active":false,"_monsterinsights_sitenote_note":"","_monsterinsights_sitenote_category":0,"footnotes":""},"categories":[1618,1635,1621,1629,1626,344],"tags":[934,1967,292,1307,1968,722,865,755,1240,1021,560,78,838,16,294,370,383],"writer":[1972],"translator":[1875],"source":[],"ilustrador":[],"fotografo":[],"class_list":{"0":"post-22398","1":"post","2":"type-post","3":"status-publish","4":"format-standard","5":"has-post-thumbnail","7":"category-olhonaparticipacao","8":"category-1635","9":"category-destaque","10":"category-entrevistas-e-perfis","11":"category-por-observadores-internacionais","12":"category-politicas","13":"tag-acesso","14":"tag-deficiencia-fisica","15":"tag-esporte","16":"tag-inclusao","17":"tag-jogos-paraolimpicos","18":"tag-legado","19":"tag-legado-social","20":"tag-lei","21":"tag-megaeventos","22":"tag-mito-do-legado","23":"tag-mobilidade","24":"tag-olimpiadas","25":"tag-politica-publica","26":"tag-rocinha","27":"tag-saude","28":"tag-transporte-publico","29":"tag-zona-sul","30":"writer-lisa-hollenbach","31":"translator-marina-hennies"},"acf":[],"yoast_head":"<!-- This site is optimized with the Yoast SEO plugin v25.6 - https:\/\/yoast.com\/wordpress\/plugins\/seo\/ -->\n<title>H\u00e1 um Legado Paral\u00edmpico para as Favelas do Rio? - RioOnWatch<\/title>\n<meta name=\"robots\" content=\"index, follow, max-snippet:-1, max-image-preview:large, max-video-preview:-1\" \/>\n<link rel=\"canonical\" href=\"https:\/\/rioonwatch.org.br\/?p=22398\" \/>\n<meta property=\"og:locale\" content=\"pt_BR\" \/>\n<meta property=\"og:type\" content=\"article\" \/>\n<meta property=\"og:title\" content=\"H\u00e1 um Legado Paral\u00edmpico para as Favelas do Rio? - RioOnWatch\" \/>\n<meta property=\"og:description\" content=\"Click Here for English Os Jogos Paral\u00edmpicos deveriam ter sido\u00a0um momento decisivo para os\u00a0estimados 45 milh\u00f5es de brasileiros com alguma defici\u00eancia f\u00edsica, pois deveriam ter deixado \u201cum legado de acessibilidade\u201d, conforme\u00a0anunciado pelo Comit\u00ea Ol\u00edmpico Brasileiro. [...]\" \/>\n<meta property=\"og:url\" content=\"https:\/\/rioonwatch.org.br\/?p=22398\" \/>\n<meta property=\"og:site_name\" content=\"RioOnWatch\" \/>\n<meta property=\"article:published_time\" content=\"2016-09-26T18:25:47+00:00\" \/>\n<meta property=\"article:modified_time\" content=\"2024-06-20T19:25:42+00:00\" \/>\n<meta property=\"og:image\" content=\"https:\/\/rioonwatch.org.br\/wp-content\/uploads\/2016\/09\/rsz_img_4875.jpg\" \/>\n\t<meta property=\"og:image:width\" content=\"1218\" \/>\n\t<meta property=\"og:image:height\" content=\"706\" \/>\n\t<meta property=\"og:image:type\" content=\"image\/jpeg\" \/>\n<meta name=\"author\" content=\"Admin\" \/>\n<meta name=\"twitter:card\" content=\"summary_large_image\" \/>\n<meta name=\"twitter:label1\" content=\"Escrito por\" \/>\n\t<meta name=\"twitter:data1\" content=\"Admin\" \/>\n\t<meta name=\"twitter:label2\" content=\"Est. tempo de leitura\" \/>\n\t<meta name=\"twitter:data2\" content=\"5 minutos\" \/>\n<script type=\"application\/ld+json\" class=\"yoast-schema-graph\">{\"@context\":\"https:\/\/schema.org\",\"@graph\":[{\"@type\":\"Article\",\"@id\":\"https:\/\/rioonwatch.org.br\/?p=22398#article\",\"isPartOf\":{\"@id\":\"https:\/\/rioonwatch.org.br\/?p=22398\"},\"author\":{\"name\":\"Admin\",\"@id\":\"https:\/\/rioonwatch.org.br\/#\/schema\/person\/11d64c290506f9df50c71b850c473f68\"},\"headline\":\"H\u00e1 um Legado Paral\u00edmpico para as Favelas do Rio?\",\"datePublished\":\"2016-09-26T18:25:47+00:00\",\"dateModified\":\"2024-06-20T19:25:42+00:00\",\"mainEntityOfPage\":{\"@id\":\"https:\/\/rioonwatch.org.br\/?p=22398\"},\"wordCount\":1027,\"publisher\":{\"@id\":\"https:\/\/rioonwatch.org.br\/#organization\"},\"image\":{\"@id\":\"https:\/\/rioonwatch.org.br\/?p=22398#primaryimage\"},\"thumbnailUrl\":\"https:\/\/rioonwatch.org.br\/wp-content\/uploads\/2016\/09\/rsz_img_4875.jpg\",\"keywords\":[\"acesso\",\"defici\u00eancia f\u00edsica\",\"esporte\",\"inclus\u00e3o\",\"Jogos Paraol\u00edmpicos\",\"Legado Ol\u00edmpico\",\"legado social\",\"lei\",\"Megaeventos\",\"mito do legado\",\"mobilidade\",\"Olimp\u00edadas\",\"pol\u00edtica p\u00fablica\",\"Rocinha\",\"sa\u00fade\",\"transporte p\u00fablico\",\"Zona Sul\"],\"articleSection\":[\"#OlhoNaParticipa\u00e7\u00e3o\",\"#Rio2016\",\"*Destaque\",\"Entrevistas e Perfis\",\"Escrito por Aliados\",\"Pol\u00edticas\"],\"inLanguage\":\"pt-BR\"},{\"@type\":\"WebPage\",\"@id\":\"https:\/\/rioonwatch.org.br\/?p=22398\",\"url\":\"https:\/\/rioonwatch.org.br\/?p=22398\",\"name\":\"H\u00e1 um Legado Paral\u00edmpico para as Favelas do Rio? - RioOnWatch\",\"isPartOf\":{\"@id\":\"https:\/\/rioonwatch.org.br\/#website\"},\"primaryImageOfPage\":{\"@id\":\"https:\/\/rioonwatch.org.br\/?p=22398#primaryimage\"},\"image\":{\"@id\":\"https:\/\/rioonwatch.org.br\/?p=22398#primaryimage\"},\"thumbnailUrl\":\"https:\/\/rioonwatch.org.br\/wp-content\/uploads\/2016\/09\/rsz_img_4875.jpg\",\"datePublished\":\"2016-09-26T18:25:47+00:00\",\"dateModified\":\"2024-06-20T19:25:42+00:00\",\"breadcrumb\":{\"@id\":\"https:\/\/rioonwatch.org.br\/?p=22398#breadcrumb\"},\"inLanguage\":\"pt-BR\",\"potentialAction\":[{\"@type\":\"ReadAction\",\"target\":[\"https:\/\/rioonwatch.org.br\/?p=22398\"]}]},{\"@type\":\"ImageObject\",\"inLanguage\":\"pt-BR\",\"@id\":\"https:\/\/rioonwatch.org.br\/?p=22398#primaryimage\",\"url\":\"https:\/\/rioonwatch.org.br\/wp-content\/uploads\/2016\/09\/rsz_img_4875.jpg\",\"contentUrl\":\"https:\/\/rioonwatch.org.br\/wp-content\/uploads\/2016\/09\/rsz_img_4875.jpg\",\"width\":1218,\"height\":706},{\"@type\":\"BreadcrumbList\",\"@id\":\"https:\/\/rioonwatch.org.br\/?p=22398#breadcrumb\",\"itemListElement\":[{\"@type\":\"ListItem\",\"position\":1,\"name\":\"In\u00edcio\",\"item\":\"https:\/\/rioonwatch.org.br\/\"},{\"@type\":\"ListItem\",\"position\":2,\"name\":\"H\u00e1 um Legado Paral\u00edmpico para as Favelas do Rio?\"}]},{\"@type\":\"WebSite\",\"@id\":\"https:\/\/rioonwatch.org.br\/#website\",\"url\":\"https:\/\/rioonwatch.org.br\/\",\"name\":\"RioOnWatch\",\"description\":\"relatos das favelas cariocas\",\"publisher\":{\"@id\":\"https:\/\/rioonwatch.org.br\/#organization\"},\"potentialAction\":[{\"@type\":\"SearchAction\",\"target\":{\"@type\":\"EntryPoint\",\"urlTemplate\":\"https:\/\/rioonwatch.org.br\/?s={search_term_string}\"},\"query-input\":{\"@type\":\"PropertyValueSpecification\",\"valueRequired\":true,\"valueName\":\"search_term_string\"}}],\"inLanguage\":\"pt-BR\"},{\"@type\":\"Organization\",\"@id\":\"https:\/\/rioonwatch.org.br\/#organization\",\"name\":\"RioOnWatch\",\"url\":\"https:\/\/rioonwatch.org.br\/\",\"logo\":{\"@type\":\"ImageObject\",\"inLanguage\":\"pt-BR\",\"@id\":\"https:\/\/rioonwatch.org.br\/#\/schema\/logo\/image\/\",\"url\":\"https:\/\/rioonwatch.org.br\/wp-content\/uploads\/2021\/06\/RioOnWatchcabecalhoPT11anos-2.png\",\"contentUrl\":\"https:\/\/rioonwatch.org.br\/wp-content\/uploads\/2021\/06\/RioOnWatchcabecalhoPT11anos-2.png\",\"width\":779,\"height\":277,\"caption\":\"RioOnWatch\"},\"image\":{\"@id\":\"https:\/\/rioonwatch.org.br\/#\/schema\/logo\/image\/\"}},{\"@type\":\"Person\",\"@id\":\"https:\/\/rioonwatch.org.br\/#\/schema\/person\/11d64c290506f9df50c71b850c473f68\",\"name\":\"Admin\",\"image\":{\"@type\":\"ImageObject\",\"inLanguage\":\"pt-BR\",\"@id\":\"https:\/\/rioonwatch.org.br\/#\/schema\/person\/image\/\",\"url\":\"https:\/\/secure.gravatar.com\/avatar\/56211ac74568383903349a1485e3c325?s=96&d=blank&r=g\",\"contentUrl\":\"https:\/\/secure.gravatar.com\/avatar\/56211ac74568383903349a1485e3c325?s=96&d=blank&r=g\",\"caption\":\"Admin\"},\"url\":\"https:\/\/rioonwatch.org.br\/?author=129\"}]}<\/script>\n<!-- \/ Yoast SEO plugin. -->","yoast_head_json":{"title":"H\u00e1 um Legado Paral\u00edmpico para as Favelas do Rio? - RioOnWatch","robots":{"index":"index","follow":"follow","max-snippet":"max-snippet:-1","max-image-preview":"max-image-preview:large","max-video-preview":"max-video-preview:-1"},"canonical":"https:\/\/rioonwatch.org.br\/?p=22398","og_locale":"pt_BR","og_type":"article","og_title":"H\u00e1 um Legado Paral\u00edmpico para as Favelas do Rio? - RioOnWatch","og_description":"Click Here for English Os Jogos Paral\u00edmpicos deveriam ter sido\u00a0um momento decisivo para os\u00a0estimados 45 milh\u00f5es de brasileiros com alguma defici\u00eancia f\u00edsica, pois deveriam ter deixado \u201cum legado de acessibilidade\u201d, conforme\u00a0anunciado pelo Comit\u00ea Ol\u00edmpico Brasileiro. [...]","og_url":"https:\/\/rioonwatch.org.br\/?p=22398","og_site_name":"RioOnWatch","article_published_time":"2016-09-26T18:25:47+00:00","article_modified_time":"2024-06-20T19:25:42+00:00","og_image":[{"width":1218,"height":706,"url":"https:\/\/rioonwatch.org.br\/wp-content\/uploads\/2016\/09\/rsz_img_4875.jpg","type":"image\/jpeg"}],"author":"Admin","twitter_card":"summary_large_image","twitter_misc":{"Escrito por":"Admin","Est. tempo de leitura":"5 minutos"},"schema":{"@context":"https:\/\/schema.org","@graph":[{"@type":"Article","@id":"https:\/\/rioonwatch.org.br\/?p=22398#article","isPartOf":{"@id":"https:\/\/rioonwatch.org.br\/?p=22398"},"author":{"name":"Admin","@id":"https:\/\/rioonwatch.org.br\/#\/schema\/person\/11d64c290506f9df50c71b850c473f68"},"headline":"H\u00e1 um Legado Paral\u00edmpico para as Favelas do Rio?","datePublished":"2016-09-26T18:25:47+00:00","dateModified":"2024-06-20T19:25:42+00:00","mainEntityOfPage":{"@id":"https:\/\/rioonwatch.org.br\/?p=22398"},"wordCount":1027,"publisher":{"@id":"https:\/\/rioonwatch.org.br\/#organization"},"image":{"@id":"https:\/\/rioonwatch.org.br\/?p=22398#primaryimage"},"thumbnailUrl":"https:\/\/rioonwatch.org.br\/wp-content\/uploads\/2016\/09\/rsz_img_4875.jpg","keywords":["acesso","defici\u00eancia f\u00edsica","esporte","inclus\u00e3o","Jogos Paraol\u00edmpicos","Legado Ol\u00edmpico","legado social","lei","Megaeventos","mito do legado","mobilidade","Olimp\u00edadas","pol\u00edtica p\u00fablica","Rocinha","sa\u00fade","transporte p\u00fablico","Zona Sul"],"articleSection":["#OlhoNaParticipa\u00e7\u00e3o","#Rio2016","*Destaque","Entrevistas e Perfis","Escrito por Aliados","Pol\u00edticas"],"inLanguage":"pt-BR"},{"@type":"WebPage","@id":"https:\/\/rioonwatch.org.br\/?p=22398","url":"https:\/\/rioonwatch.org.br\/?p=22398","name":"H\u00e1 um Legado Paral\u00edmpico para as Favelas do Rio? - RioOnWatch","isPartOf":{"@id":"https:\/\/rioonwatch.org.br\/#website"},"primaryImageOfPage":{"@id":"https:\/\/rioonwatch.org.br\/?p=22398#primaryimage"},"image":{"@id":"https:\/\/rioonwatch.org.br\/?p=22398#primaryimage"},"thumbnailUrl":"https:\/\/rioonwatch.org.br\/wp-content\/uploads\/2016\/09\/rsz_img_4875.jpg","datePublished":"2016-09-26T18:25:47+00:00","dateModified":"2024-06-20T19:25:42+00:00","breadcrumb":{"@id":"https:\/\/rioonwatch.org.br\/?p=22398#breadcrumb"},"inLanguage":"pt-BR","potentialAction":[{"@type":"ReadAction","target":["https:\/\/rioonwatch.org.br\/?p=22398"]}]},{"@type":"ImageObject","inLanguage":"pt-BR","@id":"https:\/\/rioonwatch.org.br\/?p=22398#primaryimage","url":"https:\/\/rioonwatch.org.br\/wp-content\/uploads\/2016\/09\/rsz_img_4875.jpg","contentUrl":"https:\/\/rioonwatch.org.br\/wp-content\/uploads\/2016\/09\/rsz_img_4875.jpg","width":1218,"height":706},{"@type":"BreadcrumbList","@id":"https:\/\/rioonwatch.org.br\/?p=22398#breadcrumb","itemListElement":[{"@type":"ListItem","position":1,"name":"In\u00edcio","item":"https:\/\/rioonwatch.org.br\/"},{"@type":"ListItem","position":2,"name":"H\u00e1 um Legado Paral\u00edmpico para as Favelas do Rio?"}]},{"@type":"WebSite","@id":"https:\/\/rioonwatch.org.br\/#website","url":"https:\/\/rioonwatch.org.br\/","name":"RioOnWatch","description":"relatos das favelas cariocas","publisher":{"@id":"https:\/\/rioonwatch.org.br\/#organization"},"potentialAction":[{"@type":"SearchAction","target":{"@type":"EntryPoint","urlTemplate":"https:\/\/rioonwatch.org.br\/?s={search_term_string}"},"query-input":{"@type":"PropertyValueSpecification","valueRequired":true,"valueName":"search_term_string"}}],"inLanguage":"pt-BR"},{"@type":"Organization","@id":"https:\/\/rioonwatch.org.br\/#organization","name":"RioOnWatch","url":"https:\/\/rioonwatch.org.br\/","logo":{"@type":"ImageObject","inLanguage":"pt-BR","@id":"https:\/\/rioonwatch.org.br\/#\/schema\/logo\/image\/","url":"https:\/\/rioonwatch.org.br\/wp-content\/uploads\/2021\/06\/RioOnWatchcabecalhoPT11anos-2.png","contentUrl":"https:\/\/rioonwatch.org.br\/wp-content\/uploads\/2021\/06\/RioOnWatchcabecalhoPT11anos-2.png","width":779,"height":277,"caption":"RioOnWatch"},"image":{"@id":"https:\/\/rioonwatch.org.br\/#\/schema\/logo\/image\/"}},{"@type":"Person","@id":"https:\/\/rioonwatch.org.br\/#\/schema\/person\/11d64c290506f9df50c71b850c473f68","name":"Admin","image":{"@type":"ImageObject","inLanguage":"pt-BR","@id":"https:\/\/rioonwatch.org.br\/#\/schema\/person\/image\/","url":"https:\/\/secure.gravatar.com\/avatar\/56211ac74568383903349a1485e3c325?s=96&d=blank&r=g","contentUrl":"https:\/\/secure.gravatar.com\/avatar\/56211ac74568383903349a1485e3c325?s=96&d=blank&r=g","caption":"Admin"},"url":"https:\/\/rioonwatch.org.br\/?author=129"}]}},"_links":{"self":[{"href":"https:\/\/rioonwatch.org.br\/index.php?rest_route=\/wp\/v2\/posts\/22398"}],"collection":[{"href":"https:\/\/rioonwatch.org.br\/index.php?rest_route=\/wp\/v2\/posts"}],"about":[{"href":"https:\/\/rioonwatch.org.br\/index.php?rest_route=\/wp\/v2\/types\/post"}],"author":[{"embeddable":true,"href":"https:\/\/rioonwatch.org.br\/index.php?rest_route=\/wp\/v2\/users\/129"}],"replies":[{"embeddable":true,"href":"https:\/\/rioonwatch.org.br\/index.php?rest_route=%2Fwp%2Fv2%2Fcomments&post=22398"}],"version-history":[{"count":10,"href":"https:\/\/rioonwatch.org.br\/index.php?rest_route=\/wp\/v2\/posts\/22398\/revisions"}],"predecessor-version":[{"id":74182,"href":"https:\/\/rioonwatch.org.br\/index.php?rest_route=\/wp\/v2\/posts\/22398\/revisions\/74182"}],"wp:featuredmedia":[{"embeddable":true,"href":"https:\/\/rioonwatch.org.br\/index.php?rest_route=\/wp\/v2\/media\/22468"}],"wp:attachment":[{"href":"https:\/\/rioonwatch.org.br\/index.php?rest_route=%2Fwp%2Fv2%2Fmedia&parent=22398"}],"wp:term":[{"taxonomy":"category","embeddable":true,"href":"https:\/\/rioonwatch.org.br\/index.php?rest_route=%2Fwp%2Fv2%2Fcategories&post=22398"},{"taxonomy":"post_tag","embeddable":true,"href":"https:\/\/rioonwatch.org.br\/index.php?rest_route=%2Fwp%2Fv2%2Ftags&post=22398"},{"taxonomy":"writer","embeddable":true,"href":"https:\/\/rioonwatch.org.br\/index.php?rest_route=%2Fwp%2Fv2%2Fwriter&post=22398"},{"taxonomy":"translator","embeddable":true,"href":"https:\/\/rioonwatch.org.br\/index.php?rest_route=%2Fwp%2Fv2%2Ftranslator&post=22398"},{"taxonomy":"source","embeddable":true,"href":"https:\/\/rioonwatch.org.br\/index.php?rest_route=%2Fwp%2Fv2%2Fsource&post=22398"},{"taxonomy":"ilustrador","embeddable":true,"href":"https:\/\/rioonwatch.org.br\/index.php?rest_route=%2Fwp%2Fv2%2Filustrador&post=22398"},{"taxonomy":"fotografo","embeddable":true,"href":"https:\/\/rioonwatch.org.br\/index.php?rest_route=%2Fwp%2Fv2%2Ffotografo&post=22398"}],"curies":[{"name":"wp","href":"https:\/\/api.w.org\/{rel}","templated":true}]}}