{"id":22427,"date":"2016-09-26T05:00:51","date_gmt":"2016-09-26T08:00:51","guid":{"rendered":"http:\/\/rioonwatch.org.br\/?p=22427"},"modified":"2016-09-26T02:13:48","modified_gmt":"2016-09-26T05:13:48","slug":"horto-protesta-notificacao-de-despejo-de-90-dias-e-ataque-da-globo","status":"publish","type":"post","link":"https:\/\/rioonwatch.org.br\/?p=22427","title":{"rendered":"Horto Protesta Notifica\u00e7\u00e3o de Despejo de Noventa Dias e Ataque da Globo"},"content":{"rendered":"<p style=\"text-align: right;\"><a href=\"http:\/\/bit.ly\/2dgGi2g\" target=\"_blank\"><em><strong>Click Here for English<img decoding=\"async\" width=\"20\" height=\"20\" class=\"alignright wp-image-15790\" src=\"http:\/\/rioonwatch.org.br\/wp-content\/uploads\/2012\/08\/EN-standard-e1439583104716.jpg\" alt=\"\" \/><\/strong><\/em><\/a><\/p>\n<p><span style=\"font-weight: 400;\">No domingo, 18 de setembro, moradores da favela do <a href=\"http:\/\/bit.ly\/X51Qvb\" target=\"_blank\">Horto<\/a> na <a href=\"http:\/\/bit.ly\/1mNsDyk\" target=\"_blank\">Zona Sul<\/a> do Rio realizaram um protesto intitulado \u201c<a href=\"http:\/\/bit.ly\/2czSc3h\" target=\"_blank\">Fica Horto, Fora Globo<\/a>\u201d protestando contra a <a href=\"http:\/\/bit.ly\/X51Qvb\" target=\"_blank\">notifica\u00e7\u00e3o de despejo<\/a> em curso contra a comunidade. M\u00eas passado, no dia 10 de agosto, o Tribunal de Contas da Uni\u00e3o (TCU) <a href=\"http:\/\/bit.ly\/2bAaCSA\" target=\"_blank\">emitiu uma decis\u00e3o<\/a> dando ao Jardim Bot\u00e2nico 90 dias para remover os moradores do Horto. At\u00e9 esse momento, nenhuma outra a\u00e7\u00e3o foi tomada pelo Jardim Bot\u00e2nico ou pelo governo federal, mas moradores esperam que o Jardim Bot\u00e2nico tome medidas em rela\u00e7\u00e3o a remo\u00e7\u00e3o da comunidade ap\u00f3s as elei\u00e7\u00f5es municipais de 2 de outubro ou, se houver segundo turno, ap\u00f3s 30 de outubro. <\/span><\/p>\n<p><a href=\"http:\/\/rioonwatch.org.br\/wp-content\/uploads\/2016\/09\/Globo-mente-sign-e1474574338418.jpg\"><img fetchpriority=\"high\" decoding=\"async\" class=\"alignright wp-image-22442 size-full\" title=\"Cartaz &quot;A Globo mente!&quot;\" src=\"http:\/\/rioonwatch.org.br\/wp-content\/uploads\/2016\/09\/Globo-mente-sign-e1474574338418.jpg\" alt=\"A Globo Mente!\" width=\"224\" height=\"300\" \/><\/a><\/p>\n<p>Os moradores do Horto <a href=\"http:\/\/bit.ly\/2bYn6qA\" target=\"_blank\">reivindicam a terra h\u00e1 200 anos<\/a>: situada \u00e0 sombra do Cristo Redentor, a comunidade foi fundada por trabalhadores do Jardim Bot\u00e2nico&#8211;estabelecido em 1808&#8211;que receberam permiss\u00e3o para habitar o local adjacente ao parque com suas fam\u00edlias. Nos anos 60, o Presidente Juscelino Kubitschek <a href=\"http:\/\/bit.ly\/2cQQbzm\" target=\"_blank\">construiu uma escola municipal<\/a> para as crian\u00e7as da vizinhan\u00e7a. Os moradores possuem <a href=\"http:\/\/bit.ly\/2cEK8Qv\" target=\"_blank\">documentos legais de gera\u00e7\u00f5es anteriores<\/a> comprovando seus la\u00e7os l\u00e1. Se h\u00e1 uma favela no Rio que possui o direito sobre sua terra, \u00e9 o Horto. \u00c9 por isso que h\u00e1 tanto em jogo para os moradores da comunidade e para al\u00e9m deles.<\/p>\n<p><span style=\"font-weight: 400;\">Moradores e simpatizantes se reuniram na entrada do Horto por volta das 10h da manh\u00e3 para se prepararem para o <a href=\"http:\/\/bit.ly\/2cOU6SG\" target=\"_blank\">protesto pac\u00edfico e familiar<\/a>, seguido de uma ampla organiza\u00e7\u00e3o com carro de som, tambores, m\u00fasicas, c\u00e2nticos e cartazes para todos os participantes. <\/span><\/p>\n<p><span style=\"font-weight: 400;\">\u00c0s 11h da manh\u00e3, os l\u00edderes da comunidade <a href=\"http:\/\/bit.ly\/2cMY0FZ\" target=\"_blank\">conduziram mais de 100 moradores<\/a> pela Rua Pacheco Le\u00e3o at\u00e9 o ponto central do protesto: em frente \u00e0 sede da Globo na mesma rua. As Organiza\u00e7\u00f5es Globo s\u00e3o o maior grupo midi\u00e1tico da Am\u00e9rica Latina com a segunda maior rede comercial de televis\u00e3o em faturamentos anuais em todo o mundo. Os moradores do Horto agora atribuem as crescentes press\u00f5es pela sua remo\u00e7\u00e3o \u00e0 Globo, j\u00e1 que as amea\u00e7as de remo\u00e7\u00e3o come\u00e7aram somente ap\u00f3s a empresa ter come\u00e7ado a realizar suas opera\u00e7\u00f5es no bairro durante o regime militar nos\u00a0<a href=\"http:\/\/bit.ly\/2cWkZSU\" target=\"_blank\">anos 60<\/a>,\u00a0e tem aumentado com a gentrifica\u00e7\u00e3o do bairro ao redor, alimentada pelo crescimento da Globo.<\/span><\/p>\n<p><span style=\"font-weight: 400;\">Reunida em frente ao pr\u00e9dio da Globo, Em\u00edlia de Souza, ex-presidente da <a href=\"http:\/\/bit.ly\/1TKfCB9\" target=\"_blank\">Associa\u00e7\u00e3o de Moradores e Amigos do Horto<\/a> (AMAHOR), falou primeiro e ent\u00e3o introduziu outros sete moradores que discursaram brevemente cada um detalhando a atual situa\u00e7\u00e3o da comunidade. Tr\u00eas temas foram reiterados ao longo dos discursos: a Globo publica mentiras sobre o Horto, o argumento ambiental para remo\u00e7\u00e3o do Horto \u00e9 equivocado e a uni\u00e3o\u00a0\u00e9 essencial para a <a href=\"http:\/\/bit.ly\/1piRAgk\" target=\"_blank\">resist\u00eancia<\/a>. <\/span><\/p>\n<p><span style=\"font-weight: 400;\">Moradores reagiram as declara\u00e7\u00f5es da Globo que os chamavam de <a href=\"http:\/\/bit.ly\/12lVeS2\" target=\"_blank\">invasores<\/a>, entre outras acusa\u00e7\u00f5es. \u201cToda propriedade come\u00e7a com uma posse, e a nossa se estende at\u00e9 dois s\u00e9culos atr\u00e1s\u201d, disse Em\u00edlia. \u201cNosso <a href=\"http:\/\/bit.ly\/1g73xCv\" target=\"_blank\">direito \u00e0 moradia<\/a> digna, ao nosso bairro e \u00e0 nossa cidade \u00e9 reconhecido pelo pr\u00f3prio governo, previsto na Constitui\u00e7\u00e3o e nas leis brasileiras e internacionais. Mas, na tentativa de nos roubar este direito, e de promover uma limpeza \u00e9tnica e social, a Globo n\u00e3o hesita em inventar fatos e divulg\u00e1-los como verdades\u201d. Como exemplo, Em\u00edlia citou uma declara\u00e7\u00e3o de 2013 do diretor da Escola Nacional de Bot\u00e2nica Tropical atribuindo uma bomba caseira aos moradores do Horto. Embora o diretor tenha rapidamente retirado a declara\u00e7\u00e3o, <a href=\"http:\/\/glo.bo\/2d28zGv\" target=\"_blank\">Globo a publicou<\/a>. Mais recentemente, a Globo publicou uma <a href=\"http:\/\/glo.bo\/2d29eHG\" target=\"_blank\">mat\u00e9ria<\/a> atribuindo aos moradores do Horto um email an\u00f4nimo amea\u00e7ando o presidente do Jardim Bot\u00e2nico. A Globo frequentemente se refere aos moradores do Horto como \u201cinvasores\u201d, mesmo que a <a href=\"http:\/\/bit.ly\/2bYn6qA\" target=\"_blank\">comunidade<\/a> tenha exist\u00eancia conjunta ao Jardim Bot\u00e2nico por mais de 200 anos. <\/span><\/p>\n<p><a href=\"http:\/\/rioonwatch.org.br\/wp-content\/uploads\/2016\/09\/Horto-protest-desfila.jpg\"><img decoding=\"async\" class=\"aligncenter wp-image-22444 size-content\" title=\"Protesto no Horto no domingo passado\" src=\"http:\/\/rioonwatch.org.br\/wp-content\/uploads\/2016\/09\/Horto-protest-desfila-620x264.jpg\" alt=\"Protesto no Horto no domingo passado\" width=\"620\" height=\"264\" srcset=\"https:\/\/rioonwatch.org.br\/wp-content\/uploads\/2016\/09\/Horto-protest-desfila-620x264.jpg 620w, https:\/\/rioonwatch.org.br\/wp-content\/uploads\/2016\/09\/Horto-protest-desfila-940x400.jpg 940w\" sizes=\"(max-width: 620px) 100vw, 620px\" \/><\/a><\/p>\n<p><span style=\"font-weight: 400;\">Em seguida, oradores contestaram o argumento ambiental para a remo\u00e7\u00e3o do Horto, definindo-o como ir\u00f4nico e injusto. Emerson de Souza, atual presidente da AMAHOR, descreveu como o Jardim Bot\u00e2nico removeu centenas de \u00e1rvores antigas e nativas para a constru\u00e7\u00e3o de um estacionamento para os funcion\u00e1rios do Jardim Bot\u00e2nico perto da entrada do Horto. Outros enfatizaram que o Horto \u00e9 uma comunidade muito verde que vive em harmonia com o meio ambiente. <\/span><\/p>\n<p><a href=\"http:\/\/rioonwatch.org.br\/wp-content\/uploads\/2016\/09\/Horto-protest-in-front-of-Globo.jpg\"><img loading=\"lazy\" decoding=\"async\" class=\"aligncenter wp-image-22445 size-content\" title=\"Protesto dos moradores da comunidade do Horto em frente ao pr\u00e9dio da Globo\" src=\"http:\/\/rioonwatch.org.br\/wp-content\/uploads\/2016\/09\/Horto-protest-in-front-of-Globo-620x264.jpg\" alt=\"Protesto dos moradores da comunidade do Horto em frente ao pr\u00e9dio da Globo\" width=\"620\" height=\"264\" srcset=\"https:\/\/rioonwatch.org.br\/wp-content\/uploads\/2016\/09\/Horto-protest-in-front-of-Globo-620x264.jpg 620w, https:\/\/rioonwatch.org.br\/wp-content\/uploads\/2016\/09\/Horto-protest-in-front-of-Globo-940x400.jpg 940w\" sizes=\"(max-width: 620px) 100vw, 620px\" \/><\/a><\/p>\n<p><span style=\"font-weight: 400;\">Finalmente, os oradores enfatizaram a uni\u00e3o: \u201cCada morador \u00e9 relevante, cada morador \u00e9 importante\u201d, disse um deles. Os moradores do Horto pretendem resistir \u00e0 remo\u00e7\u00e3o e os l\u00edderes da comunidade frequentemente destacam que a uni\u00e3o\u00a0ser\u00e1 essencial para o sucesso da resist\u00eancia.<\/span><\/p>\n<p><span style=\"font-weight: 400;\">Os moradores realizaram <a href=\"http:\/\/bit.ly\/1W4iPzp\" target=\"_blank\">protestos semelhantes<\/a> contra a remo\u00e7\u00e3o <a href=\"http:\/\/bit.ly\/1Dh1ozB\" target=\"_blank\">anteriormente<\/a>, mais recentemente em abril deste ano. Desde 2013, o <a href=\"http:\/\/bit.ly\/12lVeS2\" target=\"_blank\">Horto<\/a> tem enfrentado uma amea\u00e7a crescente de remo\u00e7\u00e3o, mas tem resistido at\u00e9 agora. Os moradores esperavam que as amea\u00e7as de remo\u00e7\u00e3o fossem se acalmar depois das <a href=\"http:\/\/bit.ly\/PkLXlQ\" target=\"_blank\">Olimp\u00edadas<\/a>, mas a notifica\u00e7\u00e3o de 90 dias emitida em 10 de agosto tem os impulsionado a continuar seus esfor\u00e7os de resist\u00eancia. <\/span><br \/>\n<a href=\"http:\/\/www.rioonwatch.org\/wp-content\/uploads\/2016\/09\/Protesters.jpg\"><br \/>\n<\/a><a href=\"http:\/\/rioonwatch.org.br\/wp-content\/uploads\/2016\/09\/Protesters-e1474596309179.jpg\"><img loading=\"lazy\" decoding=\"async\" class=\"alignleft wp-image-22447 size-full\" title=\"Protesto no Horto. Foto da p\u00e1gina M\u00eddia1508 no Facebook\" src=\"http:\/\/rioonwatch.org.br\/wp-content\/uploads\/2016\/09\/Protesters-e1474596309179.jpg\" alt=\"Protesto no Horto. Foto da p\u00e1gina M\u00eddia1508 no Facebook\" width=\"300\" height=\"402\" \/><\/a><a href=\"http:\/\/rioonwatch.org.br\/wp-content\/uploads\/2016\/09\/Protest-e1474596188627.jpg\"><img loading=\"lazy\" decoding=\"async\" class=\"alignright wp-image-22446 size-full\" title=\"Protesto no Horto. Foto da p\u00e1gina M\u00eddia1508 no Facebook\" src=\"http:\/\/rioonwatch.org.br\/wp-content\/uploads\/2016\/09\/Protest-e1474596188627.jpg\" alt=\"Protesto no Horto. Foto da p\u00e1gina M\u00eddia1508 no Facebook\" width=\"300\" height=\"402\" \/><\/a><\/p>\n<!-- AddThis Advanced Settings generic via filter on the_content --><!-- AddThis Share Buttons generic via filter on the_content -->","protected":false},"excerpt":{"rendered":"<div class=\"mh-excerpt\"><p>Click Here for English No domingo, 18 de setembro, moradores da favela do Horto na Zona Sul do Rio realizaram um protesto intitulado \u201cFica Horto, Fora Globo\u201d protestando contra a notifica\u00e7\u00e3o de despejo em curso <a class=\"mh-excerpt-more\" href=\"https:\/\/rioonwatch.org.br\/?p=22427\" title=\"Horto Protesta Notifica\u00e7\u00e3o de Despejo de Noventa Dias e Ataque da Globo\">[&#8230;]<\/a><!-- AddThis Advanced Settings generic via filter on get_the_excerpt --><!-- AddThis Share Buttons generic via filter on get_the_excerpt --><\/p>\n<\/div>","protected":false},"author":129,"featured_media":22433,"comment_status":"closed","ping_status":"closed","sticky":false,"template":"","format":"standard","meta":{"_acf_changed":false,"_monsterinsights_skip_tracking":false,"_monsterinsights_sitenote_active":false,"_monsterinsights_sitenote_note":"","_monsterinsights_sitenote_category":0,"footnotes":""},"categories":[1617,1614,1621,1627,346,1626,1612],"tags":[424,732,1162,733,734,106,1151,1037,358,763,14,432,404,383],"writer":[1960],"translator":[1862],"source":[],"ilustrador":[],"fotografo":[],"class_list":{"0":"post-22427","1":"post","2":"type-post","3":"status-publish","4":"format-standard","5":"has-post-thumbnail","7":"category-olhonagentrificacao","8":"category-olhonasremocoes","9":"category-destaque","10":"category-relato-de-evento","11":"category-denuncias","12":"category-por-observadores-internacionais","13":"category-sociedade-civil","14":"tag-direito-a-moradia","15":"tag-globo","16":"tag-governo-federal","17":"tag-horto","18":"tag-jardim-botanico","19":"tag-meio-ambiente","20":"tag-organizacao","21":"tag-moradia","22":"tag-organizacao-comunitaria","23":"tag-protesto","24":"tag-remocao","25":"tag-resistencia","26":"tag-sustentabilidade","27":"tag-zona-sul","28":"writer-laura-bachmann","29":"translator-caroline-quintanilha"},"acf":[],"yoast_head":"<!-- This site is optimized with the Yoast SEO plugin v25.6 - https:\/\/yoast.com\/wordpress\/plugins\/seo\/ -->\n<title>Horto Protesta Notifica\u00e7\u00e3o de Despejo de Noventa Dias e Ataque da Globo - RioOnWatch<\/title>\n<meta name=\"robots\" content=\"index, follow, max-snippet:-1, max-image-preview:large, max-video-preview:-1\" \/>\n<link rel=\"canonical\" href=\"https:\/\/rioonwatch.org.br\/?p=22427\" \/>\n<meta property=\"og:locale\" content=\"pt_BR\" \/>\n<meta property=\"og:type\" content=\"article\" \/>\n<meta property=\"og:title\" content=\"Horto Protesta Notifica\u00e7\u00e3o de Despejo de Noventa Dias e Ataque da Globo - RioOnWatch\" \/>\n<meta property=\"og:description\" content=\"Click Here for English No domingo, 18 de setembro, moradores da favela do Horto na Zona Sul do Rio realizaram um protesto intitulado \u201cFica Horto, Fora Globo\u201d protestando contra a notifica\u00e7\u00e3o de despejo em curso [...]\" \/>\n<meta property=\"og:url\" content=\"https:\/\/rioonwatch.org.br\/?p=22427\" \/>\n<meta property=\"og:site_name\" content=\"RioOnWatch\" \/>\n<meta property=\"article:published_time\" content=\"2016-09-26T08:00:51+00:00\" \/>\n<meta property=\"og:image\" content=\"https:\/\/rioonwatch.org.br\/wp-content\/uploads\/2016\/09\/Horto-protest-with-masks.jpg\" \/>\n\t<meta property=\"og:image:width\" content=\"1800\" \/>\n\t<meta property=\"og:image:height\" content=\"1192\" \/>\n\t<meta property=\"og:image:type\" content=\"image\/jpeg\" \/>\n<meta name=\"author\" content=\"Admin\" \/>\n<meta name=\"twitter:card\" content=\"summary_large_image\" \/>\n<meta name=\"twitter:label1\" content=\"Escrito por\" \/>\n\t<meta name=\"twitter:data1\" content=\"Admin\" \/>\n\t<meta name=\"twitter:label2\" content=\"Est. tempo de leitura\" \/>\n\t<meta name=\"twitter:data2\" content=\"4 minutos\" \/>\n<script type=\"application\/ld+json\" class=\"yoast-schema-graph\">{\"@context\":\"https:\/\/schema.org\",\"@graph\":[{\"@type\":\"Article\",\"@id\":\"https:\/\/rioonwatch.org.br\/?p=22427#article\",\"isPartOf\":{\"@id\":\"https:\/\/rioonwatch.org.br\/?p=22427\"},\"author\":{\"name\":\"Admin\",\"@id\":\"https:\/\/rioonwatch.org.br\/#\/schema\/person\/11d64c290506f9df50c71b850c473f68\"},\"headline\":\"Horto Protesta Notifica\u00e7\u00e3o de Despejo de Noventa Dias e Ataque da Globo\",\"datePublished\":\"2016-09-26T08:00:51+00:00\",\"mainEntityOfPage\":{\"@id\":\"https:\/\/rioonwatch.org.br\/?p=22427\"},\"wordCount\":859,\"publisher\":{\"@id\":\"https:\/\/rioonwatch.org.br\/#organization\"},\"image\":{\"@id\":\"https:\/\/rioonwatch.org.br\/?p=22427#primaryimage\"},\"thumbnailUrl\":\"https:\/\/rioonwatch.org.br\/wp-content\/uploads\/2016\/09\/Horto-protest-with-masks.jpg\",\"keywords\":[\"Direito \u00e0 Moradia\",\"Globo\",\"Governo Federal\",\"Horto\",\"Jardim Bot\u00e2nico\",\"meio ambiente\",\"mobiliza\u00e7\u00e3o\",\"moradia\",\"organiza\u00e7\u00e3o comunit\u00e1ria\",\"protesto\",\"Remo\u00e7\u00e3o\",\"resist\u00eancia\",\"sustentabilidade\",\"Zona Sul\"],\"articleSection\":[\"#OlhoNaGentrifica\u00e7\u00e3o\",\"#OlhoNasRemo\u00e7\u00f5es\",\"*Destaque\",\"Cobertura de Eventos\",\"Den\u00fancias\",\"Escrito por Aliados\",\"Sociedade Civil\"],\"inLanguage\":\"pt-BR\"},{\"@type\":\"WebPage\",\"@id\":\"https:\/\/rioonwatch.org.br\/?p=22427\",\"url\":\"https:\/\/rioonwatch.org.br\/?p=22427\",\"name\":\"Horto Protesta Notifica\u00e7\u00e3o de Despejo de Noventa Dias e Ataque da Globo - RioOnWatch\",\"isPartOf\":{\"@id\":\"https:\/\/rioonwatch.org.br\/#website\"},\"primaryImageOfPage\":{\"@id\":\"https:\/\/rioonwatch.org.br\/?p=22427#primaryimage\"},\"image\":{\"@id\":\"https:\/\/rioonwatch.org.br\/?p=22427#primaryimage\"},\"thumbnailUrl\":\"https:\/\/rioonwatch.org.br\/wp-content\/uploads\/2016\/09\/Horto-protest-with-masks.jpg\",\"datePublished\":\"2016-09-26T08:00:51+00:00\",\"breadcrumb\":{\"@id\":\"https:\/\/rioonwatch.org.br\/?p=22427#breadcrumb\"},\"inLanguage\":\"pt-BR\",\"potentialAction\":[{\"@type\":\"ReadAction\",\"target\":[\"https:\/\/rioonwatch.org.br\/?p=22427\"]}]},{\"@type\":\"ImageObject\",\"inLanguage\":\"pt-BR\",\"@id\":\"https:\/\/rioonwatch.org.br\/?p=22427#primaryimage\",\"url\":\"https:\/\/rioonwatch.org.br\/wp-content\/uploads\/2016\/09\/Horto-protest-with-masks.jpg\",\"contentUrl\":\"https:\/\/rioonwatch.org.br\/wp-content\/uploads\/2016\/09\/Horto-protest-with-masks.jpg\",\"width\":1800,\"height\":1192},{\"@type\":\"BreadcrumbList\",\"@id\":\"https:\/\/rioonwatch.org.br\/?p=22427#breadcrumb\",\"itemListElement\":[{\"@type\":\"ListItem\",\"position\":1,\"name\":\"In\u00edcio\",\"item\":\"https:\/\/rioonwatch.org.br\/\"},{\"@type\":\"ListItem\",\"position\":2,\"name\":\"Horto Protesta Notifica\u00e7\u00e3o de Despejo de Noventa Dias e Ataque da Globo\"}]},{\"@type\":\"WebSite\",\"@id\":\"https:\/\/rioonwatch.org.br\/#website\",\"url\":\"https:\/\/rioonwatch.org.br\/\",\"name\":\"RioOnWatch\",\"description\":\"relatos das favelas cariocas\",\"publisher\":{\"@id\":\"https:\/\/rioonwatch.org.br\/#organization\"},\"potentialAction\":[{\"@type\":\"SearchAction\",\"target\":{\"@type\":\"EntryPoint\",\"urlTemplate\":\"https:\/\/rioonwatch.org.br\/?s={search_term_string}\"},\"query-input\":{\"@type\":\"PropertyValueSpecification\",\"valueRequired\":true,\"valueName\":\"search_term_string\"}}],\"inLanguage\":\"pt-BR\"},{\"@type\":\"Organization\",\"@id\":\"https:\/\/rioonwatch.org.br\/#organization\",\"name\":\"RioOnWatch\",\"url\":\"https:\/\/rioonwatch.org.br\/\",\"logo\":{\"@type\":\"ImageObject\",\"inLanguage\":\"pt-BR\",\"@id\":\"https:\/\/rioonwatch.org.br\/#\/schema\/logo\/image\/\",\"url\":\"https:\/\/rioonwatch.org.br\/wp-content\/uploads\/2021\/06\/RioOnWatchcabecalhoPT11anos-2.png\",\"contentUrl\":\"https:\/\/rioonwatch.org.br\/wp-content\/uploads\/2021\/06\/RioOnWatchcabecalhoPT11anos-2.png\",\"width\":779,\"height\":277,\"caption\":\"RioOnWatch\"},\"image\":{\"@id\":\"https:\/\/rioonwatch.org.br\/#\/schema\/logo\/image\/\"}},{\"@type\":\"Person\",\"@id\":\"https:\/\/rioonwatch.org.br\/#\/schema\/person\/11d64c290506f9df50c71b850c473f68\",\"name\":\"Admin\",\"image\":{\"@type\":\"ImageObject\",\"inLanguage\":\"pt-BR\",\"@id\":\"https:\/\/rioonwatch.org.br\/#\/schema\/person\/image\/\",\"url\":\"https:\/\/secure.gravatar.com\/avatar\/56211ac74568383903349a1485e3c325?s=96&d=blank&r=g\",\"contentUrl\":\"https:\/\/secure.gravatar.com\/avatar\/56211ac74568383903349a1485e3c325?s=96&d=blank&r=g\",\"caption\":\"Admin\"},\"url\":\"https:\/\/rioonwatch.org.br\/?author=129\"}]}<\/script>\n<!-- \/ Yoast SEO plugin. -->","yoast_head_json":{"title":"Horto Protesta Notifica\u00e7\u00e3o de Despejo de Noventa Dias e Ataque da Globo - RioOnWatch","robots":{"index":"index","follow":"follow","max-snippet":"max-snippet:-1","max-image-preview":"max-image-preview:large","max-video-preview":"max-video-preview:-1"},"canonical":"https:\/\/rioonwatch.org.br\/?p=22427","og_locale":"pt_BR","og_type":"article","og_title":"Horto Protesta Notifica\u00e7\u00e3o de Despejo de Noventa Dias e Ataque da Globo - RioOnWatch","og_description":"Click Here for English No domingo, 18 de setembro, moradores da favela do Horto na Zona Sul do Rio realizaram um protesto intitulado \u201cFica Horto, Fora Globo\u201d protestando contra a notifica\u00e7\u00e3o de despejo em curso [...]","og_url":"https:\/\/rioonwatch.org.br\/?p=22427","og_site_name":"RioOnWatch","article_published_time":"2016-09-26T08:00:51+00:00","og_image":[{"width":1800,"height":1192,"url":"https:\/\/rioonwatch.org.br\/wp-content\/uploads\/2016\/09\/Horto-protest-with-masks.jpg","type":"image\/jpeg"}],"author":"Admin","twitter_card":"summary_large_image","twitter_misc":{"Escrito por":"Admin","Est. tempo de leitura":"4 minutos"},"schema":{"@context":"https:\/\/schema.org","@graph":[{"@type":"Article","@id":"https:\/\/rioonwatch.org.br\/?p=22427#article","isPartOf":{"@id":"https:\/\/rioonwatch.org.br\/?p=22427"},"author":{"name":"Admin","@id":"https:\/\/rioonwatch.org.br\/#\/schema\/person\/11d64c290506f9df50c71b850c473f68"},"headline":"Horto Protesta Notifica\u00e7\u00e3o de Despejo de Noventa Dias e Ataque da Globo","datePublished":"2016-09-26T08:00:51+00:00","mainEntityOfPage":{"@id":"https:\/\/rioonwatch.org.br\/?p=22427"},"wordCount":859,"publisher":{"@id":"https:\/\/rioonwatch.org.br\/#organization"},"image":{"@id":"https:\/\/rioonwatch.org.br\/?p=22427#primaryimage"},"thumbnailUrl":"https:\/\/rioonwatch.org.br\/wp-content\/uploads\/2016\/09\/Horto-protest-with-masks.jpg","keywords":["Direito \u00e0 Moradia","Globo","Governo Federal","Horto","Jardim Bot\u00e2nico","meio ambiente","mobiliza\u00e7\u00e3o","moradia","organiza\u00e7\u00e3o comunit\u00e1ria","protesto","Remo\u00e7\u00e3o","resist\u00eancia","sustentabilidade","Zona Sul"],"articleSection":["#OlhoNaGentrifica\u00e7\u00e3o","#OlhoNasRemo\u00e7\u00f5es","*Destaque","Cobertura de Eventos","Den\u00fancias","Escrito por Aliados","Sociedade Civil"],"inLanguage":"pt-BR"},{"@type":"WebPage","@id":"https:\/\/rioonwatch.org.br\/?p=22427","url":"https:\/\/rioonwatch.org.br\/?p=22427","name":"Horto Protesta Notifica\u00e7\u00e3o de Despejo de Noventa Dias e Ataque da Globo - RioOnWatch","isPartOf":{"@id":"https:\/\/rioonwatch.org.br\/#website"},"primaryImageOfPage":{"@id":"https:\/\/rioonwatch.org.br\/?p=22427#primaryimage"},"image":{"@id":"https:\/\/rioonwatch.org.br\/?p=22427#primaryimage"},"thumbnailUrl":"https:\/\/rioonwatch.org.br\/wp-content\/uploads\/2016\/09\/Horto-protest-with-masks.jpg","datePublished":"2016-09-26T08:00:51+00:00","breadcrumb":{"@id":"https:\/\/rioonwatch.org.br\/?p=22427#breadcrumb"},"inLanguage":"pt-BR","potentialAction":[{"@type":"ReadAction","target":["https:\/\/rioonwatch.org.br\/?p=22427"]}]},{"@type":"ImageObject","inLanguage":"pt-BR","@id":"https:\/\/rioonwatch.org.br\/?p=22427#primaryimage","url":"https:\/\/rioonwatch.org.br\/wp-content\/uploads\/2016\/09\/Horto-protest-with-masks.jpg","contentUrl":"https:\/\/rioonwatch.org.br\/wp-content\/uploads\/2016\/09\/Horto-protest-with-masks.jpg","width":1800,"height":1192},{"@type":"BreadcrumbList","@id":"https:\/\/rioonwatch.org.br\/?p=22427#breadcrumb","itemListElement":[{"@type":"ListItem","position":1,"name":"In\u00edcio","item":"https:\/\/rioonwatch.org.br\/"},{"@type":"ListItem","position":2,"name":"Horto Protesta Notifica\u00e7\u00e3o de Despejo de Noventa Dias e Ataque da Globo"}]},{"@type":"WebSite","@id":"https:\/\/rioonwatch.org.br\/#website","url":"https:\/\/rioonwatch.org.br\/","name":"RioOnWatch","description":"relatos das favelas cariocas","publisher":{"@id":"https:\/\/rioonwatch.org.br\/#organization"},"potentialAction":[{"@type":"SearchAction","target":{"@type":"EntryPoint","urlTemplate":"https:\/\/rioonwatch.org.br\/?s={search_term_string}"},"query-input":{"@type":"PropertyValueSpecification","valueRequired":true,"valueName":"search_term_string"}}],"inLanguage":"pt-BR"},{"@type":"Organization","@id":"https:\/\/rioonwatch.org.br\/#organization","name":"RioOnWatch","url":"https:\/\/rioonwatch.org.br\/","logo":{"@type":"ImageObject","inLanguage":"pt-BR","@id":"https:\/\/rioonwatch.org.br\/#\/schema\/logo\/image\/","url":"https:\/\/rioonwatch.org.br\/wp-content\/uploads\/2021\/06\/RioOnWatchcabecalhoPT11anos-2.png","contentUrl":"https:\/\/rioonwatch.org.br\/wp-content\/uploads\/2021\/06\/RioOnWatchcabecalhoPT11anos-2.png","width":779,"height":277,"caption":"RioOnWatch"},"image":{"@id":"https:\/\/rioonwatch.org.br\/#\/schema\/logo\/image\/"}},{"@type":"Person","@id":"https:\/\/rioonwatch.org.br\/#\/schema\/person\/11d64c290506f9df50c71b850c473f68","name":"Admin","image":{"@type":"ImageObject","inLanguage":"pt-BR","@id":"https:\/\/rioonwatch.org.br\/#\/schema\/person\/image\/","url":"https:\/\/secure.gravatar.com\/avatar\/56211ac74568383903349a1485e3c325?s=96&d=blank&r=g","contentUrl":"https:\/\/secure.gravatar.com\/avatar\/56211ac74568383903349a1485e3c325?s=96&d=blank&r=g","caption":"Admin"},"url":"https:\/\/rioonwatch.org.br\/?author=129"}]}},"_links":{"self":[{"href":"https:\/\/rioonwatch.org.br\/index.php?rest_route=\/wp\/v2\/posts\/22427"}],"collection":[{"href":"https:\/\/rioonwatch.org.br\/index.php?rest_route=\/wp\/v2\/posts"}],"about":[{"href":"https:\/\/rioonwatch.org.br\/index.php?rest_route=\/wp\/v2\/types\/post"}],"author":[{"embeddable":true,"href":"https:\/\/rioonwatch.org.br\/index.php?rest_route=\/wp\/v2\/users\/129"}],"replies":[{"embeddable":true,"href":"https:\/\/rioonwatch.org.br\/index.php?rest_route=%2Fwp%2Fv2%2Fcomments&post=22427"}],"version-history":[{"count":19,"href":"https:\/\/rioonwatch.org.br\/index.php?rest_route=\/wp\/v2\/posts\/22427\/revisions"}],"predecessor-version":[{"id":22475,"href":"https:\/\/rioonwatch.org.br\/index.php?rest_route=\/wp\/v2\/posts\/22427\/revisions\/22475"}],"wp:featuredmedia":[{"embeddable":true,"href":"https:\/\/rioonwatch.org.br\/index.php?rest_route=\/wp\/v2\/media\/22433"}],"wp:attachment":[{"href":"https:\/\/rioonwatch.org.br\/index.php?rest_route=%2Fwp%2Fv2%2Fmedia&parent=22427"}],"wp:term":[{"taxonomy":"category","embeddable":true,"href":"https:\/\/rioonwatch.org.br\/index.php?rest_route=%2Fwp%2Fv2%2Fcategories&post=22427"},{"taxonomy":"post_tag","embeddable":true,"href":"https:\/\/rioonwatch.org.br\/index.php?rest_route=%2Fwp%2Fv2%2Ftags&post=22427"},{"taxonomy":"writer","embeddable":true,"href":"https:\/\/rioonwatch.org.br\/index.php?rest_route=%2Fwp%2Fv2%2Fwriter&post=22427"},{"taxonomy":"translator","embeddable":true,"href":"https:\/\/rioonwatch.org.br\/index.php?rest_route=%2Fwp%2Fv2%2Ftranslator&post=22427"},{"taxonomy":"source","embeddable":true,"href":"https:\/\/rioonwatch.org.br\/index.php?rest_route=%2Fwp%2Fv2%2Fsource&post=22427"},{"taxonomy":"ilustrador","embeddable":true,"href":"https:\/\/rioonwatch.org.br\/index.php?rest_route=%2Fwp%2Fv2%2Filustrador&post=22427"},{"taxonomy":"fotografo","embeddable":true,"href":"https:\/\/rioonwatch.org.br\/index.php?rest_route=%2Fwp%2Fv2%2Ffotografo&post=22427"}],"curies":[{"name":"wp","href":"https:\/\/api.w.org\/{rel}","templated":true}]}}