{"id":22479,"date":"2016-09-27T11:36:51","date_gmt":"2016-09-27T14:36:51","guid":{"rendered":"http:\/\/rioonwatch.org.br\/?p=22479"},"modified":"2024-06-20T16:25:42","modified_gmt":"2024-06-20T19:25:42","slug":"conheca-os-candidatos-a-prefeito-do-rio","status":"publish","type":"post","link":"https:\/\/rioonwatch.org.br\/?p=22479","title":{"rendered":"Conhe\u00e7a os Candidatos a Prefeito do Rio"},"content":{"rendered":"<p style=\"text-align: right;\"><em><strong><a href=\"http:\/\/bit.ly\/2ctmg4i\" target=\"_blank\" rel=\"noopener\">Click Here for English<img decoding=\"async\" width=\"20\" height=\"20\" class=\"alignright wp-image-15790\" src=\"http:\/\/rioonwatch.org.br\/wp-content\/uploads\/2012\/08\/EN-standard-e1439583104716.jpg\" alt=\"\" \/><\/a><\/strong><\/em><\/p>\n<h3><strong>Conhe\u00e7a os candidatos que concorrem ao cargo de Prefeito do Rio de Janeiro nas elei\u00e7\u00f5es municipais de 2016, no dia 2 de outubro, com segundo turno agendado para o dia 30. Aqui, est\u00e3o apresentados na ordem do mais para o menos popular, de acordo com a\u00a0<\/strong><a href=\"http:\/\/glo.bo\/2dn4rBn\"><strong>pesquisa do Datafolha de 22 de setembro<\/strong><\/a>:<\/h3>\n<h4><strong>Marcelo Crivella, PRB (Partido Republicano Brasileiro)<\/strong><\/h4>\n<p><a href=\"http:\/\/rioonwatch.org.br\/wp-content\/uploads\/2016\/09\/Crivella-e1474937550656.jpg\"><img decoding=\"async\" class=\"size-full wp-image-22493 alignright\" src=\"http:\/\/rioonwatch.org.br\/wp-content\/uploads\/2016\/09\/Crivella-e1474937550656.jpg\" alt=\"crivella\" width=\"100\" height=\"125\" \/><\/a><\/p>\n<p><a href=\"http:\/\/bit.ly\/2cyVeZm\" target=\"_blank\" rel=\"noopener\">Marcelo Crivella<\/a> representou o Estado do Rio de Janeiro como senador da Rep\u00fablica entre 2003 e 2010, e \u00e9 bispo evang\u00e9lico. Ele se pronuncia a favor de uma s\u00e9rie de programas sociais e de moradia. Tem sido criticado por sua rela\u00e7\u00e3o com a Igreja Universal do Reino de Deus, que foi acusada de\u00a0propaganda ilegal com\u00a0<a href=\"http:\/\/bit.ly\/2d4Pbtf\" target=\"_blank\" rel=\"noopener\">fins eleitoreiros<\/a>\u00a0em seu apoio, ao mesmo tempo em que o pr\u00f3prio Crivella vem sendo investigado por enviar dinheiro a para\u00edsos fiscais atrav\u00e9s da Igreja Universal.\u00a0<a href=\"http:\/\/glo.bo\/2dn4rBn\">De acordo com o Datafolha<\/a>, o candidato est\u00e1 liderando a disputa, com 31% das inten\u00e7\u00f5es de voto.<\/p>\n<h4><strong>Marcelo Freixo, PSOL (Partido Socialismo e Liberdade)<\/strong><\/h4>\n<p><a href=\"http:\/\/rioonwatch.org.br\/wp-content\/uploads\/2016\/09\/Freixo-e1474937706464.jpg\"><img decoding=\"async\" class=\"size-full wp-image-22494 alignright\" src=\"http:\/\/rioonwatch.org.br\/wp-content\/uploads\/2016\/09\/Freixo-e1474937706464.jpg\" alt=\"freixo\" width=\"100\" height=\"77\" \/><\/a><\/p>\n<p><a href=\"http:\/\/bit.ly\/2d600NA\">Marcelo Freixo<\/a> iniciou sua carreira como professor de hist\u00f3ria e defensor dos direitos humanos antes de ser eleito como deputado estadual, em 2006.\u00a0Hoje, em seu terceiro mandato, \u00e9 o atual presidente da <a href=\"http:\/\/bit.ly\/2cYeoGh\" target=\"_blank\" rel=\"noopener\">Comiss\u00e3o de Direitos Humanos e Cidadania<\/a>\u00a0da Assembleia Legislativa do Rio de Janeiro (<a href=\"http:\/\/bit.ly\/2ac6D1z\" target=\"_blank\" rel=\"noopener\">Alerj<\/a>). Nas elei\u00e7\u00f5es de 2014,\u00a0<a href=\"http:\/\/bit.ly\/2cGt79l\" target=\"_blank\" rel=\"noopener\">Freixo<\/a>\u00a0foi eleito como o deputado estadual mais votado do pa\u00eds. \u00c9 mais conhecido por ter liderado a bem-sucedida Comiss\u00e3o Parlamentar de Inqu\u00e9rito das <a href=\"http:\/\/bit.ly\/1fQqGHL\" target=\"_blank\" rel=\"noopener\">Mil\u00edcias<\/a> do Rio em 2008 e, como resultado, inspirou o her\u00f3i defensor dos direitos humanos do filme Tropa de Elite 2. Com uma massiva campanha\u00a0<a href=\"http:\/\/glo.bo\/2cKDVUF\">financiada por pequenas doa\u00e7\u00f5es<\/a>, popular entre os jovens do Rio, apoiado por <a href=\"http:\/\/glo.bo\/2d57gd8\">personalidades culturais como Chico Buarque e Caetano Veloso<\/a> e altamente <a href=\"http:\/\/bit.ly\/2df5DZI\" target=\"_blank\" rel=\"noopener\">cr\u00edtico aos investimentos Ol\u00edmpicos na cidade<\/a>, ele recebeu 28% dos votos para prefeito em 2012 e ficou em\u00a0segundo lugar, atr\u00e1s de Eduardo Paes. Freixo aderiu \u00e0 plataforma da sociedade civil <a href=\"http:\/\/bit.ly\/2afK7AJ\" target=\"_blank\" rel=\"noopener\">#Rio2017<\/a>.<\/p>\n<h4><strong>Jandira Feghali, PCdoB (Partido Comunista do Brasil)<\/strong><\/h4>\n<p><a href=\"http:\/\/rioonwatch.org.br\/wp-content\/uploads\/2016\/09\/Feghali-e1474937811116.jpg\"><img loading=\"lazy\" decoding=\"async\" class=\"size-full wp-image-22495 alignright\" src=\"http:\/\/rioonwatch.org.br\/wp-content\/uploads\/2016\/09\/Feghali-e1474937811116.jpg\" alt=\"feghali\" width=\"100\" height=\"63\" \/><\/a><\/p>\n<p><a href=\"http:\/\/bit.ly\/2dgkB3z\" target=\"_blank\" rel=\"noopener\">Jandira Feghali<\/a>\u00a0\u00e9 m\u00e9dica e est\u00e1 engajada na pol\u00edtica desde que se uniu ao partido comunista em 1981. Nesta \u00e9poca o partido estava na clandestinidade, pois o Brasil estava sob a\u00a0ditadura militar. Jandira\u00a0\u00e9 not\u00e1vel por promover os direitos das mulheres nas \u00faltimas d\u00e9cadas, e foi <a href=\"http:\/\/bit.ly\/2cBYqm1\">essencial para criar mecanismos legais para a prote\u00e7\u00e3o da mulher contra a viol\u00eancia dom\u00e9stica<\/a>. Ficou em quarto lugar nas elei\u00e7\u00f5es municipais de 2008, com 9% dos votos, e foi nomeada secret\u00e1ria Municipal de Cultura.<\/p>\n<h4><strong>Pedro Paulo Carvalho Teixeira, PMDB (Partido do Movimento Democr\u00e1tico Brasileiro)<\/strong><\/h4>\n<p><a href=\"http:\/\/rioonwatch.org.br\/wp-content\/uploads\/2016\/09\/Teixeira-e1474937869241.jpg\"><img loading=\"lazy\" decoding=\"async\" class=\"size-full wp-image-22496 alignright\" src=\"http:\/\/rioonwatch.org.br\/wp-content\/uploads\/2016\/09\/Teixeira-e1474937869241.jpg\" alt=\"teixeira\" width=\"100\" height=\"68\" \/><\/a><a href=\"http:\/\/bit.ly\/1QgcahC\">Pedro Paulo<\/a>\u00a0\u00e9 conhecido como o atual sucessor, escolhido a dedo, do <a href=\"http:\/\/bit.ly\/1k4eA6c\" target=\"_blank\" rel=\"noopener\">Prefeito Eduardo Paes<\/a>. Recentemente, atuou como secret\u00e1rio executivo de Coordena\u00e7\u00e3o de Governo com o\u00a0<a href=\"http:\/\/bit.ly\/2dmq8oA\" target=\"_blank\" rel=\"noopener\">PMDB<\/a> e, anteriormente, foi eleito deputado estadual e outras duas vezes deputado federal pelo Estado do Rio de Janeiro. Ele \u00e9 estreitamente associado com a \u00e1rea da <a href=\"http:\/\/bit.ly\/19BBUhf\" target=\"_blank\" rel=\"noopener\">Barra da Tijuca<\/a> e ficou\u00a0<a href=\"http:\/\/bit.ly\/2cDKVPt\">famoso por ter agredido sua esposa<\/a>, o que confessou publicamente ap\u00f3s ela t\u00ea-lo denunciado em 2008 e 2010. Contudo, hoje em dia ele nega o fato.<\/p>\n<h4><strong>Fl\u00e1vio Bolsonaro, PSC (Partido Social Crist\u00e3o)<\/strong><\/h4>\n<p><a href=\"http:\/\/rioonwatch.org.br\/wp-content\/uploads\/2016\/09\/Bolsonaro-e1474937939894.jpg\"><img loading=\"lazy\" decoding=\"async\" class=\"size-full wp-image-22497 alignright\" src=\"http:\/\/rioonwatch.org.br\/wp-content\/uploads\/2016\/09\/Bolsonaro-e1474937939894.jpg\" alt=\"bolsonaro\" width=\"100\" height=\"49\" \/><\/a> <a href=\"http:\/\/bit.ly\/2dglfOv\">Fl\u00e1vio Bolsonaro<\/a> \u00e9 deputado estadual do Rio desde 2003 e filho do deputado federal ultra-conservador <a href=\"http:\/\/bit.ly\/2d636Q7\">Jair Bolsonaro<\/a>. Ele e seu pai s\u00e3o associados a coment\u00e1rios homof\u00f3bicos e ao apoio \u00e0 ditadura militar, incluindo<a href=\"http:\/\/bit.ly\/2dnahGR\" target=\"_blank\" rel=\"noopener\"> a homenagem<\/a> ao torturador da presidente impedida Dilma Rousseff durante a vota\u00e7\u00e3o pelo impeachment. Ademais, <a href=\"http:\/\/bit.ly\/2cBaUsh\">apareceu em fotos ao lado de um coronel acusado de pedofilia<\/a>. Seu slogan de campanha \u00e9 \u201cO Rio precisa de for\u00e7a para mudar\u201d.<\/p>\n<h4><strong>\u00cdndio da Costa, PSD (Partido Social Democr\u00e1tico)<\/strong><\/h4>\n<p><a href=\"http:\/\/rioonwatch.org.br\/wp-content\/uploads\/2016\/09\/Costa-e1474938289455.jpg\"><img loading=\"lazy\" decoding=\"async\" class=\"size-full wp-image-22498 alignright\" src=\"http:\/\/rioonwatch.org.br\/wp-content\/uploads\/2016\/09\/Costa-e1474938289455.jpg\" alt=\"costa\" width=\"100\" height=\"123\" \/><\/a><\/p>\n<p><a href=\"http:\/\/bit.ly\/2cYsHdS\" target=\"_blank\" rel=\"noopener\">\u00cdndio da Costa<\/a> \u00e9 advogado e figura pol\u00edtica no Rio desde o in\u00edcio da d\u00e9cada de 90. Serviu na c\u00e2mara municipal tr\u00eas vezes e atuou mais recentemente como secret\u00e1rio municipal de Administra\u00e7\u00e3o do Rio de Janeiro. Quando Jos\u00e9 Serra (PSDB) concorreu a presidente do Brasil em 2010, selecionou \u00cdndio da Costa como seu vice.<\/p>\n<h4><strong>Carlos Os\u00f3rio, PSDB (Partido da Social Democracia Brasileira)<\/strong><\/h4>\n<p><strong><a href=\"http:\/\/rioonwatch.org.br\/wp-content\/uploads\/2016\/09\/Osorio-e1474939590638.jpg\"><img loading=\"lazy\" decoding=\"async\" class=\"size-full wp-image-22499 alignright\" src=\"http:\/\/rioonwatch.org.br\/wp-content\/uploads\/2016\/09\/Osorio-e1474939590638.jpg\" alt=\"osorio\" width=\"100\" height=\"71\" \/><\/a><\/strong><\/p>\n<p><a href=\"http:\/\/bit.ly\/2d3Cxc7\" target=\"_blank\" rel=\"noopener\">Carlos Os\u00f3rio<\/a>, empres\u00e1rio, foi\u00a0<a href=\"http:\/\/bit.ly\/2cR2rjH\" target=\"_blank\" rel=\"noopener\">Secret\u00e1rio<\/a> de Transportes de Eduardo Paes entre 2012 e 2014, ano em que foi eleito deputado estadual do Rio de Janeiro pelo PMDB. Deixou o partido em fevereiro de 2016 para concorrer ao cargo de prefeito como candidato do PSDB. Ele aderiu \u00e0 plataforma da sociedade civil\u00a0<a href=\"http:\/\/bit.ly\/2afK7AJ\" target=\"_blank\" rel=\"noopener\">#Rio2017<\/a>.<\/p>\n<h4><strong>Alessandro Molon, REDE (Rede Sustentabilidade)<\/strong><\/h4>\n<p><a href=\"http:\/\/rioonwatch.org.br\/wp-content\/uploads\/2016\/09\/Molon-e1474939667864.jpg\"><img loading=\"lazy\" decoding=\"async\" class=\"size-full wp-image-22500 alignright\" src=\"http:\/\/rioonwatch.org.br\/wp-content\/uploads\/2016\/09\/Molon-e1474939667864.jpg\" alt=\"molon\" width=\"100\" height=\"129\" \/><\/a><\/p>\n<p><a href=\"http:\/\/bit.ly\/2d65Lch\">Alessandro Molon<\/a>, professor e radialista, iniciou sua carreira pol\u00edtica em 2002 pelo PT como deputado estadual do Rio por 2 mandatos, no segundo mandato tamb\u00e9m atuou como presidente da <a href=\"http:\/\/bit.ly\/2cYeoGh\" target=\"_blank\" rel=\"noopener\">Comiss\u00e3o de Defesa dos Direitos Humanos e Cidadania<\/a> do Rio de Janeiro. Em 2010, foi eleito deputado federal e foi o relator e principal articulador da not\u00e1vel\u00a0iniciativa do <a href=\"http:\/\/bit.ly\/1Odb7Li\" target=\"_blank\" rel=\"noopener\">Marco Civil da Internet<\/a>, que defende o <a href=\"http:\/\/bit.ly\/2cGJbHO\" target=\"_blank\" rel=\"noopener\">princ\u00edpio da neutralidade da rede e protege a liberdade e a privacidade<\/a> de seus usu\u00e1rios. Ele <a href=\"http:\/\/bit.ly\/2cDGuEi\">saiu do PT<\/a>\u00a0em setembro de 2015, porque sentiu que era \u201cmuito dif\u00edcil promover\u00a0as mudan\u00e7as necess\u00e1rias no partido\u201d. Molon aderiu \u00e0 plataforma da sociedade civil <a href=\"http:\/\/bit.ly\/2afK7AJ\" target=\"_blank\" rel=\"noopener\">#Rio2017<\/a>.<\/p>\n<h4><strong>Cyro Garcia, PSTU (Partido Socialista dos Trabalhadores Unificados)<\/strong><\/h4>\n<p><a href=\"http:\/\/bit.ly\/2cMVbYi\">Cyro Garcia<\/a>, ex-banc\u00e1rio e militante socialista, ajudou a fundar o Partido dos Trabalhadores (PT) e a Central \u00danica dos Trabalhadores (CUT) na d\u00e9cada de 80. \u00c9 membro do PSTU desde sua funda\u00e7\u00e3o em 1994, afirma que quer \u201ctransformar o Rio para os trabalhadores\u201d e diz que o PT \u201cfez um grande desservi\u00e7o \u00e0 esquerda\u201d. Esta \u00e9 a quarta vez que Cyro Garcia se candidata a prefeito, <a href=\"http:\/\/glo.bo\/2d30CRI\">tendo recebido 0,39% dos votos em 2012<\/a> (o que significa 12.596 votos no total).<\/p>\n<h4><strong>Carmen Migueles, NOVO (Partido Novo)<\/strong><\/h4>\n<p><a href=\"http:\/\/bit.ly\/2cqWV6j\">Carmem Migueles<\/a> \u00e9 professora de sociologia no curso de administra\u00e7\u00e3o p\u00fablica da Funda\u00e7\u00e3o Get\u00falio Vargas. Ela lecionou em programas de desenvolvimento de gestores p\u00fablicos\u00a0e <a href=\"http:\/\/bit.ly\/2cOjYNJ\">diz que est\u00e1 concorrendo<\/a> porque \u201ch\u00e1 muita gente competente tentando fazer um bom trabalho, mas sem suporte para avan\u00e7ar\u201d. Carmem Migueles acredita que \u201c\u00e9 importante ter cidad\u00e3os comuns assumindo um papel mais relevante na pol\u00edtica&#8221;.<\/p>\n<h4><strong>Thelma Bastos, PCO (Partido da Causa Oper\u00e1ria)<\/strong><\/h4>\n<p><a href=\"http:\/\/bit.ly\/2cBe1kf\">Thelma Bastos<\/a> \u00e9 professora. De acordo com pesquisas do Datafolha, ela \u00e9 a candidata menos popular e <a href=\"http:\/\/bit.ly\/2cZORiJ\">ainda tem que atrair o suporte de eleitores<\/a>.<\/p>\n<p><em>O primeiro turno das elei\u00e7\u00f5es para decidir quem ser\u00e1 o pr\u00f3ximo prefeito do Rio de Janeiro ser\u00e1 no dia 2 de outubro de 2016. A lista de candidatos e uma ferramenta de compara\u00e7\u00e3o entre os programas dos pol\u00edticos est\u00e1 dispon\u00edvel no site\u00a0<a href=\"http:\/\/bit.ly\/2crVGVb\" target=\"_blank\" rel=\"noopener\">prefeito2016.com<\/a>.<\/em><\/p>\n<!-- AddThis Advanced Settings generic via filter on the_content --><!-- AddThis Share Buttons generic via filter on the_content -->","protected":false},"excerpt":{"rendered":"<div class=\"mh-excerpt\"><p>Click Here for English Conhe\u00e7a os candidatos que concorrem ao cargo de Prefeito do Rio de Janeiro nas elei\u00e7\u00f5es municipais de 2016, no dia 2 de outubro, com segundo turno agendado para o dia 30. <a class=\"mh-excerpt-more\" href=\"https:\/\/rioonwatch.org.br\/?p=22479\" title=\"Conhe\u00e7a os Candidatos a Prefeito do Rio\">[&#8230;]<\/a><!-- AddThis Advanced Settings generic via filter on get_the_excerpt --><!-- AddThis Share Buttons generic via filter on get_the_excerpt --><\/p>\n<\/div>","protected":false},"author":129,"featured_media":22492,"comment_status":"closed","ping_status":"closed","sticky":false,"template":"","format":"standard","meta":{"_acf_changed":false,"_monsterinsights_skip_tracking":false,"_monsterinsights_sitenote_active":false,"_monsterinsights_sitenote_note":"","_monsterinsights_sitenote_category":0,"footnotes":""},"categories":[1618,1631,1626,344],"tags":[1926,1927,1976,1978,1977,484,1975,457,480,1979,1980,1981,1982,483,1240,1983,78,304,1984,1985,1729,1839,1986,1987,1988,1989,1990,1840,1991,494,1993],"writer":[1797],"translator":[1973],"source":[],"ilustrador":[],"fotografo":[],"class_list":{"0":"post-22479","1":"post","2":"type-post","3":"status-publish","4":"format-standard","5":"has-post-thumbnail","7":"category-olhonaparticipacao","8":"category-entendendo-o-rio","9":"category-por-observadores-internacionais","10":"category-politicas","11":"tag-alessandro-molon","12":"tag-carlos-osorio","13":"tag-carmen-migueles","14":"tag-cut","15":"tag-cyro-garcia","16":"tag-prefeito-eduardo-paes","17":"tag-eleicao-municipal-2016","18":"tag-eleicoes","19":"tag-eleitoreiro","20":"tag-flavio-bolsonaro","21":"tag-indio-da-costa","22":"tag-jandira-feghali","23":"tag-marcelo-crivella","24":"tag-marcelo-freixo","25":"tag-megaeventos","26":"tag-novo","27":"tag-olimpiadas","28":"tag-participacao","29":"tag-pcdob","30":"tag-pco","31":"tag-pedro-paulo-caravalho-teixeira","32":"tag-pmdb","33":"tag-prb","34":"tag-psd","35":"tag-psdb","36":"tag-psol","37":"tag-pstu","38":"tag-pt","39":"tag-rede","40":"tag-regiao-do-porto","41":"tag-thelma-bastos","42":"writer-ciara-long","43":"translator-luciana-lisbao"},"acf":[],"yoast_head":"<!-- This site is optimized with the Yoast SEO plugin v25.6 - https:\/\/yoast.com\/wordpress\/plugins\/seo\/ -->\n<title>Conhe\u00e7a os Candidatos a Prefeito do Rio - RioOnWatch<\/title>\n<meta name=\"robots\" content=\"index, follow, max-snippet:-1, max-image-preview:large, max-video-preview:-1\" \/>\n<link rel=\"canonical\" href=\"https:\/\/rioonwatch.org.br\/?p=22479\" \/>\n<meta property=\"og:locale\" content=\"pt_BR\" \/>\n<meta property=\"og:type\" content=\"article\" \/>\n<meta property=\"og:title\" content=\"Conhe\u00e7a os Candidatos a Prefeito do Rio - RioOnWatch\" \/>\n<meta property=\"og:description\" content=\"Click Here for English Conhe\u00e7a os candidatos que concorrem ao cargo de Prefeito do Rio de Janeiro nas elei\u00e7\u00f5es municipais de 2016, no dia 2 de outubro, com segundo turno agendado para o dia 30. [...]\" \/>\n<meta property=\"og:url\" content=\"https:\/\/rioonwatch.org.br\/?p=22479\" \/>\n<meta property=\"og:site_name\" content=\"RioOnWatch\" \/>\n<meta property=\"article:published_time\" content=\"2016-09-27T14:36:51+00:00\" \/>\n<meta property=\"article:modified_time\" content=\"2024-06-20T19:25:42+00:00\" \/>\n<meta property=\"og:image\" content=\"https:\/\/rioonwatch.org.br\/wp-content\/uploads\/2016\/09\/collage-2016-09-22-1.jpg\" \/>\n\t<meta property=\"og:image:width\" content=\"933\" \/>\n\t<meta property=\"og:image:height\" content=\"710\" \/>\n\t<meta property=\"og:image:type\" content=\"image\/jpeg\" \/>\n<meta name=\"author\" content=\"Admin\" \/>\n<meta name=\"twitter:card\" content=\"summary_large_image\" \/>\n<meta name=\"twitter:label1\" content=\"Escrito por\" \/>\n\t<meta name=\"twitter:data1\" content=\"Admin\" \/>\n\t<meta name=\"twitter:label2\" content=\"Est. tempo de leitura\" \/>\n\t<meta name=\"twitter:data2\" content=\"5 minutos\" \/>\n<script type=\"application\/ld+json\" class=\"yoast-schema-graph\">{\"@context\":\"https:\/\/schema.org\",\"@graph\":[{\"@type\":\"Article\",\"@id\":\"https:\/\/rioonwatch.org.br\/?p=22479#article\",\"isPartOf\":{\"@id\":\"https:\/\/rioonwatch.org.br\/?p=22479\"},\"author\":{\"name\":\"Admin\",\"@id\":\"https:\/\/rioonwatch.org.br\/#\/schema\/person\/11d64c290506f9df50c71b850c473f68\"},\"headline\":\"Conhe\u00e7a os Candidatos a Prefeito do Rio\",\"datePublished\":\"2016-09-27T14:36:51+00:00\",\"dateModified\":\"2024-06-20T19:25:42+00:00\",\"mainEntityOfPage\":{\"@id\":\"https:\/\/rioonwatch.org.br\/?p=22479\"},\"wordCount\":1081,\"publisher\":{\"@id\":\"https:\/\/rioonwatch.org.br\/#organization\"},\"image\":{\"@id\":\"https:\/\/rioonwatch.org.br\/?p=22479#primaryimage\"},\"thumbnailUrl\":\"https:\/\/rioonwatch.org.br\/wp-content\/uploads\/2016\/09\/collage-2016-09-22-1.jpg\",\"keywords\":[\"Alessandro Molon\",\"Carlos Os\u00f3rio\",\"Carmen Migueles\",\"CUT\",\"Cyro Garcia\",\"Eduardo Paes\",\"elei\u00e7\u00e3o municipal 2016\",\"Elei\u00e7\u00f5es\",\"eleitoralismo\",\"Fl\u00e1vio Bolsonaro\",\"\u00cdndio da Costa\",\"Jandira Feghali\",\"Marcelo Crivella\",\"Marcelo Freixo\",\"Megaeventos\",\"NOVO\",\"Olimp\u00edadas\",\"participa\u00e7\u00e3o\",\"PCdoB\",\"PCO\",\"Pedro Paulo Caravalho Teixeira\",\"PMDB\",\"PRB\",\"PSD\",\"PSDB\",\"PSOL\",\"PSTU\",\"PT\",\"REDE\",\"Regi\u00e3o do Porto\",\"Thelma Bastos\"],\"articleSection\":[\"#OlhoNaParticipa\u00e7\u00e3o\",\"Entendendo o Rio\",\"Escrito por Aliados\",\"Pol\u00edticas\"],\"inLanguage\":\"pt-BR\"},{\"@type\":\"WebPage\",\"@id\":\"https:\/\/rioonwatch.org.br\/?p=22479\",\"url\":\"https:\/\/rioonwatch.org.br\/?p=22479\",\"name\":\"Conhe\u00e7a os Candidatos a Prefeito do Rio - RioOnWatch\",\"isPartOf\":{\"@id\":\"https:\/\/rioonwatch.org.br\/#website\"},\"primaryImageOfPage\":{\"@id\":\"https:\/\/rioonwatch.org.br\/?p=22479#primaryimage\"},\"image\":{\"@id\":\"https:\/\/rioonwatch.org.br\/?p=22479#primaryimage\"},\"thumbnailUrl\":\"https:\/\/rioonwatch.org.br\/wp-content\/uploads\/2016\/09\/collage-2016-09-22-1.jpg\",\"datePublished\":\"2016-09-27T14:36:51+00:00\",\"dateModified\":\"2024-06-20T19:25:42+00:00\",\"breadcrumb\":{\"@id\":\"https:\/\/rioonwatch.org.br\/?p=22479#breadcrumb\"},\"inLanguage\":\"pt-BR\",\"potentialAction\":[{\"@type\":\"ReadAction\",\"target\":[\"https:\/\/rioonwatch.org.br\/?p=22479\"]}]},{\"@type\":\"ImageObject\",\"inLanguage\":\"pt-BR\",\"@id\":\"https:\/\/rioonwatch.org.br\/?p=22479#primaryimage\",\"url\":\"https:\/\/rioonwatch.org.br\/wp-content\/uploads\/2016\/09\/collage-2016-09-22-1.jpg\",\"contentUrl\":\"https:\/\/rioonwatch.org.br\/wp-content\/uploads\/2016\/09\/collage-2016-09-22-1.jpg\",\"width\":933,\"height\":710},{\"@type\":\"BreadcrumbList\",\"@id\":\"https:\/\/rioonwatch.org.br\/?p=22479#breadcrumb\",\"itemListElement\":[{\"@type\":\"ListItem\",\"position\":1,\"name\":\"In\u00edcio\",\"item\":\"https:\/\/rioonwatch.org.br\/\"},{\"@type\":\"ListItem\",\"position\":2,\"name\":\"Conhe\u00e7a os Candidatos a Prefeito do Rio\"}]},{\"@type\":\"WebSite\",\"@id\":\"https:\/\/rioonwatch.org.br\/#website\",\"url\":\"https:\/\/rioonwatch.org.br\/\",\"name\":\"RioOnWatch\",\"description\":\"relatos das favelas cariocas\",\"publisher\":{\"@id\":\"https:\/\/rioonwatch.org.br\/#organization\"},\"potentialAction\":[{\"@type\":\"SearchAction\",\"target\":{\"@type\":\"EntryPoint\",\"urlTemplate\":\"https:\/\/rioonwatch.org.br\/?s={search_term_string}\"},\"query-input\":{\"@type\":\"PropertyValueSpecification\",\"valueRequired\":true,\"valueName\":\"search_term_string\"}}],\"inLanguage\":\"pt-BR\"},{\"@type\":\"Organization\",\"@id\":\"https:\/\/rioonwatch.org.br\/#organization\",\"name\":\"RioOnWatch\",\"url\":\"https:\/\/rioonwatch.org.br\/\",\"logo\":{\"@type\":\"ImageObject\",\"inLanguage\":\"pt-BR\",\"@id\":\"https:\/\/rioonwatch.org.br\/#\/schema\/logo\/image\/\",\"url\":\"https:\/\/rioonwatch.org.br\/wp-content\/uploads\/2021\/06\/RioOnWatchcabecalhoPT11anos-2.png\",\"contentUrl\":\"https:\/\/rioonwatch.org.br\/wp-content\/uploads\/2021\/06\/RioOnWatchcabecalhoPT11anos-2.png\",\"width\":779,\"height\":277,\"caption\":\"RioOnWatch\"},\"image\":{\"@id\":\"https:\/\/rioonwatch.org.br\/#\/schema\/logo\/image\/\"}},{\"@type\":\"Person\",\"@id\":\"https:\/\/rioonwatch.org.br\/#\/schema\/person\/11d64c290506f9df50c71b850c473f68\",\"name\":\"Admin\",\"image\":{\"@type\":\"ImageObject\",\"inLanguage\":\"pt-BR\",\"@id\":\"https:\/\/rioonwatch.org.br\/#\/schema\/person\/image\/\",\"url\":\"https:\/\/secure.gravatar.com\/avatar\/56211ac74568383903349a1485e3c325?s=96&d=blank&r=g\",\"contentUrl\":\"https:\/\/secure.gravatar.com\/avatar\/56211ac74568383903349a1485e3c325?s=96&d=blank&r=g\",\"caption\":\"Admin\"},\"url\":\"https:\/\/rioonwatch.org.br\/?author=129\"}]}<\/script>\n<!-- \/ Yoast SEO plugin. -->","yoast_head_json":{"title":"Conhe\u00e7a os Candidatos a Prefeito do Rio - RioOnWatch","robots":{"index":"index","follow":"follow","max-snippet":"max-snippet:-1","max-image-preview":"max-image-preview:large","max-video-preview":"max-video-preview:-1"},"canonical":"https:\/\/rioonwatch.org.br\/?p=22479","og_locale":"pt_BR","og_type":"article","og_title":"Conhe\u00e7a os Candidatos a Prefeito do Rio - RioOnWatch","og_description":"Click Here for English Conhe\u00e7a os candidatos que concorrem ao cargo de Prefeito do Rio de Janeiro nas elei\u00e7\u00f5es municipais de 2016, no dia 2 de outubro, com segundo turno agendado para o dia 30. [...]","og_url":"https:\/\/rioonwatch.org.br\/?p=22479","og_site_name":"RioOnWatch","article_published_time":"2016-09-27T14:36:51+00:00","article_modified_time":"2024-06-20T19:25:42+00:00","og_image":[{"width":933,"height":710,"url":"https:\/\/rioonwatch.org.br\/wp-content\/uploads\/2016\/09\/collage-2016-09-22-1.jpg","type":"image\/jpeg"}],"author":"Admin","twitter_card":"summary_large_image","twitter_misc":{"Escrito por":"Admin","Est. tempo de leitura":"5 minutos"},"schema":{"@context":"https:\/\/schema.org","@graph":[{"@type":"Article","@id":"https:\/\/rioonwatch.org.br\/?p=22479#article","isPartOf":{"@id":"https:\/\/rioonwatch.org.br\/?p=22479"},"author":{"name":"Admin","@id":"https:\/\/rioonwatch.org.br\/#\/schema\/person\/11d64c290506f9df50c71b850c473f68"},"headline":"Conhe\u00e7a os Candidatos a Prefeito do Rio","datePublished":"2016-09-27T14:36:51+00:00","dateModified":"2024-06-20T19:25:42+00:00","mainEntityOfPage":{"@id":"https:\/\/rioonwatch.org.br\/?p=22479"},"wordCount":1081,"publisher":{"@id":"https:\/\/rioonwatch.org.br\/#organization"},"image":{"@id":"https:\/\/rioonwatch.org.br\/?p=22479#primaryimage"},"thumbnailUrl":"https:\/\/rioonwatch.org.br\/wp-content\/uploads\/2016\/09\/collage-2016-09-22-1.jpg","keywords":["Alessandro Molon","Carlos Os\u00f3rio","Carmen Migueles","CUT","Cyro Garcia","Eduardo Paes","elei\u00e7\u00e3o municipal 2016","Elei\u00e7\u00f5es","eleitoralismo","Fl\u00e1vio Bolsonaro","\u00cdndio da Costa","Jandira Feghali","Marcelo Crivella","Marcelo Freixo","Megaeventos","NOVO","Olimp\u00edadas","participa\u00e7\u00e3o","PCdoB","PCO","Pedro Paulo Caravalho Teixeira","PMDB","PRB","PSD","PSDB","PSOL","PSTU","PT","REDE","Regi\u00e3o do Porto","Thelma Bastos"],"articleSection":["#OlhoNaParticipa\u00e7\u00e3o","Entendendo o Rio","Escrito por Aliados","Pol\u00edticas"],"inLanguage":"pt-BR"},{"@type":"WebPage","@id":"https:\/\/rioonwatch.org.br\/?p=22479","url":"https:\/\/rioonwatch.org.br\/?p=22479","name":"Conhe\u00e7a os Candidatos a Prefeito do Rio - RioOnWatch","isPartOf":{"@id":"https:\/\/rioonwatch.org.br\/#website"},"primaryImageOfPage":{"@id":"https:\/\/rioonwatch.org.br\/?p=22479#primaryimage"},"image":{"@id":"https:\/\/rioonwatch.org.br\/?p=22479#primaryimage"},"thumbnailUrl":"https:\/\/rioonwatch.org.br\/wp-content\/uploads\/2016\/09\/collage-2016-09-22-1.jpg","datePublished":"2016-09-27T14:36:51+00:00","dateModified":"2024-06-20T19:25:42+00:00","breadcrumb":{"@id":"https:\/\/rioonwatch.org.br\/?p=22479#breadcrumb"},"inLanguage":"pt-BR","potentialAction":[{"@type":"ReadAction","target":["https:\/\/rioonwatch.org.br\/?p=22479"]}]},{"@type":"ImageObject","inLanguage":"pt-BR","@id":"https:\/\/rioonwatch.org.br\/?p=22479#primaryimage","url":"https:\/\/rioonwatch.org.br\/wp-content\/uploads\/2016\/09\/collage-2016-09-22-1.jpg","contentUrl":"https:\/\/rioonwatch.org.br\/wp-content\/uploads\/2016\/09\/collage-2016-09-22-1.jpg","width":933,"height":710},{"@type":"BreadcrumbList","@id":"https:\/\/rioonwatch.org.br\/?p=22479#breadcrumb","itemListElement":[{"@type":"ListItem","position":1,"name":"In\u00edcio","item":"https:\/\/rioonwatch.org.br\/"},{"@type":"ListItem","position":2,"name":"Conhe\u00e7a os Candidatos a Prefeito do Rio"}]},{"@type":"WebSite","@id":"https:\/\/rioonwatch.org.br\/#website","url":"https:\/\/rioonwatch.org.br\/","name":"RioOnWatch","description":"relatos das favelas cariocas","publisher":{"@id":"https:\/\/rioonwatch.org.br\/#organization"},"potentialAction":[{"@type":"SearchAction","target":{"@type":"EntryPoint","urlTemplate":"https:\/\/rioonwatch.org.br\/?s={search_term_string}"},"query-input":{"@type":"PropertyValueSpecification","valueRequired":true,"valueName":"search_term_string"}}],"inLanguage":"pt-BR"},{"@type":"Organization","@id":"https:\/\/rioonwatch.org.br\/#organization","name":"RioOnWatch","url":"https:\/\/rioonwatch.org.br\/","logo":{"@type":"ImageObject","inLanguage":"pt-BR","@id":"https:\/\/rioonwatch.org.br\/#\/schema\/logo\/image\/","url":"https:\/\/rioonwatch.org.br\/wp-content\/uploads\/2021\/06\/RioOnWatchcabecalhoPT11anos-2.png","contentUrl":"https:\/\/rioonwatch.org.br\/wp-content\/uploads\/2021\/06\/RioOnWatchcabecalhoPT11anos-2.png","width":779,"height":277,"caption":"RioOnWatch"},"image":{"@id":"https:\/\/rioonwatch.org.br\/#\/schema\/logo\/image\/"}},{"@type":"Person","@id":"https:\/\/rioonwatch.org.br\/#\/schema\/person\/11d64c290506f9df50c71b850c473f68","name":"Admin","image":{"@type":"ImageObject","inLanguage":"pt-BR","@id":"https:\/\/rioonwatch.org.br\/#\/schema\/person\/image\/","url":"https:\/\/secure.gravatar.com\/avatar\/56211ac74568383903349a1485e3c325?s=96&d=blank&r=g","contentUrl":"https:\/\/secure.gravatar.com\/avatar\/56211ac74568383903349a1485e3c325?s=96&d=blank&r=g","caption":"Admin"},"url":"https:\/\/rioonwatch.org.br\/?author=129"}]}},"_links":{"self":[{"href":"https:\/\/rioonwatch.org.br\/index.php?rest_route=\/wp\/v2\/posts\/22479"}],"collection":[{"href":"https:\/\/rioonwatch.org.br\/index.php?rest_route=\/wp\/v2\/posts"}],"about":[{"href":"https:\/\/rioonwatch.org.br\/index.php?rest_route=\/wp\/v2\/types\/post"}],"author":[{"embeddable":true,"href":"https:\/\/rioonwatch.org.br\/index.php?rest_route=\/wp\/v2\/users\/129"}],"replies":[{"embeddable":true,"href":"https:\/\/rioonwatch.org.br\/index.php?rest_route=%2Fwp%2Fv2%2Fcomments&post=22479"}],"version-history":[{"count":22,"href":"https:\/\/rioonwatch.org.br\/index.php?rest_route=\/wp\/v2\/posts\/22479\/revisions"}],"predecessor-version":[{"id":74181,"href":"https:\/\/rioonwatch.org.br\/index.php?rest_route=\/wp\/v2\/posts\/22479\/revisions\/74181"}],"wp:featuredmedia":[{"embeddable":true,"href":"https:\/\/rioonwatch.org.br\/index.php?rest_route=\/wp\/v2\/media\/22492"}],"wp:attachment":[{"href":"https:\/\/rioonwatch.org.br\/index.php?rest_route=%2Fwp%2Fv2%2Fmedia&parent=22479"}],"wp:term":[{"taxonomy":"category","embeddable":true,"href":"https:\/\/rioonwatch.org.br\/index.php?rest_route=%2Fwp%2Fv2%2Fcategories&post=22479"},{"taxonomy":"post_tag","embeddable":true,"href":"https:\/\/rioonwatch.org.br\/index.php?rest_route=%2Fwp%2Fv2%2Ftags&post=22479"},{"taxonomy":"writer","embeddable":true,"href":"https:\/\/rioonwatch.org.br\/index.php?rest_route=%2Fwp%2Fv2%2Fwriter&post=22479"},{"taxonomy":"translator","embeddable":true,"href":"https:\/\/rioonwatch.org.br\/index.php?rest_route=%2Fwp%2Fv2%2Ftranslator&post=22479"},{"taxonomy":"source","embeddable":true,"href":"https:\/\/rioonwatch.org.br\/index.php?rest_route=%2Fwp%2Fv2%2Fsource&post=22479"},{"taxonomy":"ilustrador","embeddable":true,"href":"https:\/\/rioonwatch.org.br\/index.php?rest_route=%2Fwp%2Fv2%2Filustrador&post=22479"},{"taxonomy":"fotografo","embeddable":true,"href":"https:\/\/rioonwatch.org.br\/index.php?rest_route=%2Fwp%2Fv2%2Ffotografo&post=22479"}],"curies":[{"name":"wp","href":"https:\/\/api.w.org\/{rel}","templated":true}]}}