{"id":22513,"date":"2016-09-27T11:51:31","date_gmt":"2016-09-27T14:51:31","guid":{"rendered":"http:\/\/rioonwatch.org.br\/?p=22513"},"modified":"2024-06-20T16:25:41","modified_gmt":"2024-06-20T19:25:41","slug":"complexo-da-mare-sedia-debate-com-candidatos-a-prefeito-do-rio","status":"publish","type":"post","link":"https:\/\/rioonwatch.org.br\/?p=22513","title":{"rendered":"Complexo da Mar\u00e9 Sedia Debate com Candidatos a Prefeito do Rio"},"content":{"rendered":"<p style=\"text-align: right;\"><em><strong><a href=\"http:\/\/bit.ly\/2dhMzHz\" target=\"_blank\" rel=\"noopener\">Click Here for English<img decoding=\"async\" width=\"20\" height=\"20\" class=\"alignright wp-image-15790\" src=\"http:\/\/rioonwatch.org.br\/wp-content\/uploads\/2012\/08\/EN-standard-e1439583104716.jpg\" alt=\"\" \/><\/a><\/strong><\/em><\/p>\n<p>No dia 15 de setembro, tr\u00eas <a href=\"http:\/\/bit.ly\/2doFvNS\" target=\"_blank\" rel=\"noopener\">candidatos a prefeito<\/a> compareceram a um <a href=\"http:\/\/bit.ly\/2cydeRW\">debate p\u00fablico<\/a>\u00a0sediado no <a href=\"http:\/\/bit.ly\/10BvARw\" target=\"_blank\" rel=\"noopener\">Complexo da Mar\u00e9<\/a>, na <a href=\"http:\/\/bit.ly\/WximDf\" target=\"_blank\" rel=\"noopener\">Zona Norte<\/a> do Rio. <a href=\"http:\/\/bit.ly\/2cH3lBR\" target=\"_blank\" rel=\"noopener\">A mesa-redonda<\/a> foi organizada pelo\u00a0<a href=\"http:\/\/bit.ly\/2cw42Ob\">A Mar\u00e9 que Queremos<\/a>, um coletivo de l\u00edderes de comunidades que representam as 16 favelas que constituem o Complexo.\u00a0<a href=\"http:\/\/bit.ly\/2crVGVb\" target=\"_blank\" rel=\"noopener\">Todos os 11 candidatos<\/a> foram convidados a participar, por\u00e9m na noite de quinta somente tr\u00eas compareceram: <a href=\"http:\/\/bit.ly\/2cR2rjH\" target=\"_blank\" rel=\"noopener\">Carlos Os\u00f3rio<\/a> do Partido da Social Democracia Brasileira (PSDB), <a href=\"http:\/\/bit.ly\/2cAiOVA\" target=\"_blank\" rel=\"noopener\">Alessandro Molon<\/a> da Rede Sustentabilidade (REDE) e Edson Santos, vice-prefeito de <a href=\"http:\/\/bit.ly\/2d6Rega\" target=\"_blank\" rel=\"noopener\">Jandira Feghali<\/a> do Partido Comunista do Brasil (PCdoB). Aproximadamente 125 moradores da comunidade se reuniram no Centro de Artes da Mar\u00e9 para o debate. Este foi o primeiro evento do tipo neste per\u00edodo de elei\u00e7\u00f5es.<\/p>\n<p>A cada candidato foram concedidos cinco minutos para a introdu\u00e7\u00e3o de suas propostas como prefeito da cidade. Posteriormente, as pessoas que participaram tiveram a oportunidade de lhes fazer perguntas diretamente sobre seus posicionamentos. Tanto as apresenta\u00e7\u00f5es dos candidatos quanto as discuss\u00f5es que as sucederam focaram especificamente em interesses da comunidade, incluindo quest\u00f5es sobre <a href=\"http:\/\/bit.ly\/1kzUmMv\" target=\"_blank\" rel=\"noopener\">sa\u00fade<\/a>, <a href=\"http:\/\/bit.ly\/1acNApR\" target=\"_blank\" rel=\"noopener\">educa\u00e7\u00e3o<\/a>, <a href=\"http:\/\/bit.ly\/1yzeVVK\" target=\"_blank\" rel=\"noopener\">transportes<\/a> e o <a href=\"http:\/\/bit.ly\/1ps41Xf\" target=\"_blank\" rel=\"noopener\">legado<\/a>\u00a0Ol\u00edmpico.<\/p>\n<p><a href=\"http:\/\/rioonwatch.org.br\/wp-content\/uploads\/2016\/09\/14292298_1172806356122902_8001039903056028363_n.jpg\"><img fetchpriority=\"high\" decoding=\"async\" class=\"aligncenter wp-image-22521 size-content\" title=\"Carlos Os\u00f3rio fala na Mar\u00e9 no evento do dia 15 de setembro. Foto da p\u00e1gina no Facebook Somos Todos Mar\u00e9\" src=\"http:\/\/rioonwatch.org.br\/wp-content\/uploads\/2016\/09\/14292298_1172806356122902_8001039903056028363_n-620x264.jpg\" alt=\"14292298_1172806356122902_8001039903056028363_n\" width=\"620\" height=\"264\" srcset=\"https:\/\/rioonwatch.org.br\/wp-content\/uploads\/2016\/09\/14292298_1172806356122902_8001039903056028363_n-620x264.jpg 620w, https:\/\/rioonwatch.org.br\/wp-content\/uploads\/2016\/09\/14292298_1172806356122902_8001039903056028363_n-940x400.jpg 940w\" sizes=\"(max-width: 620px) 100vw, 620px\" \/><\/a><\/p>\n<p>Alessandro Molon enfatizou a mudan\u00e7a na rela\u00e7\u00e3o entre a prefeitura e as comunidades como a Mar\u00e9, a fim de criar oportunidades para os moradores. Ele afirmou que a transpar\u00eancia \u00e9 um componente essencial dessa plataforma porque \u201c\u00e9 o melhor rem\u00e9dio contra a corrup\u00e7\u00e3o\u201d.<\/p>\n<p>O discurso de Carlos Os\u00f3rio se concentrou na expans\u00e3o dos servi\u00e7os de sa\u00fade como modo de integrar a Mar\u00e9. Em rela\u00e7\u00e3o ao legado dos <a href=\"http:\/\/bit.ly\/1pXMFVa\">J<\/a><a href=\"http:\/\/bit.ly\/PkLXlQ\" target=\"_blank\" rel=\"noopener\">ogos Ol\u00edmpicos de 2016<\/a>, disse que sua administra\u00e7\u00e3o ir\u00e1 se empenhar em disponibilizar as instala\u00e7\u00f5es esportivas \u00e0s escolas e \u00e0s comunidades para um maior uso p\u00fablico.<\/p>\n<p>Edson Santos reconheceu a tend\u00eancia aos <a href=\"http:\/\/bit.ly\/29Z6okk\" target=\"_blank\" rel=\"noopener\">investimentos<\/a> na\u00a0<a href=\"http:\/\/bit.ly\/1mNsDyk\" target=\"_blank\" rel=\"noopener\">Zona Sul<\/a> e na <a href=\"http:\/\/bit.ly\/19BBUhf\" target=\"_blank\" rel=\"noopener\">Barra da Tijuca<\/a>, enquanto \u00e1reas como a Mar\u00e9 permanecem subdesenvolvidas. Moradia, escolas e infraestrutura s\u00e3o as \u00e1reas nas quais afirmou que encorajar\u00e1 investimentos.<\/p>\n<p>Na conclus\u00e3o do evento, por volta das 21h, um representante do\u00a0A Mar\u00e9 que Queremos leu em voz alta uma lista de objetivos da comunidade, que os candidatos ent\u00e3o assinaram como um compromisso. Essas 12 demandas se centravam em infraestrutura, incluindo pr\u00e1ticas de planejamento participativo, a cria\u00e7\u00e3o de espa\u00e7os colaborativos e o desenvolvimento sustent\u00e1vel.<\/p>\n<!-- AddThis Advanced Settings generic via filter on the_content --><!-- AddThis Share Buttons generic via filter on the_content -->","protected":false},"excerpt":{"rendered":"<div class=\"mh-excerpt\"><p>Click Here for English No dia 15 de setembro, tr\u00eas candidatos a prefeito compareceram a um debate p\u00fablico\u00a0sediado no Complexo da Mar\u00e9, na Zona Norte do Rio. A mesa-redonda foi organizada pelo\u00a0A Mar\u00e9 que Queremos, <a class=\"mh-excerpt-more\" href=\"https:\/\/rioonwatch.org.br\/?p=22513\" title=\"Complexo da Mar\u00e9 Sedia Debate com Candidatos a Prefeito do Rio\">[&#8230;]<\/a><!-- AddThis Advanced Settings generic via filter on get_the_excerpt --><!-- AddThis Share Buttons generic via filter on get_the_excerpt --><\/p>\n<\/div>","protected":false},"author":129,"featured_media":22520,"comment_status":"closed","ping_status":"closed","sticky":false,"template":"","format":"standard","meta":{"_acf_changed":false,"_monsterinsights_skip_tracking":false,"_monsterinsights_sitenote_active":false,"_monsterinsights_sitenote_note":"","_monsterinsights_sitenote_category":0,"footnotes":""},"categories":[1618,1635,1627,1626,344],"tags":[1926,274,1927,332,709,479,316,1975,457,1981,722,1240,78,304,1984,1033,1988,1991,294,764,218,383],"writer":[1960,1974],"translator":[1973],"source":[],"ilustrador":[],"fotografo":[],"class_list":{"0":"post-22513","1":"post","2":"type-post","3":"status-publish","4":"format-standard","5":"has-post-thumbnail","7":"category-olhonaparticipacao","8":"category-1635","9":"category-relato-de-evento","10":"category-por-observadores-internacionais","11":"category-politicas","12":"tag-alessandro-molon","13":"tag-barra-da-tijuca","14":"tag-carlos-osorio","15":"tag-complexo-da-mare","16":"tag-debate","17":"tag-democracia","18":"tag-educacao","19":"tag-eleicao-municipal-2016","20":"tag-eleicoes","21":"tag-jandira-feghali","22":"tag-legado","23":"tag-megaeventos","24":"tag-olimpiadas","25":"tag-participacao","26":"tag-pcdob","27":"tag-politica","28":"tag-psdb","29":"tag-rede","30":"tag-saude","31":"tag-transporte","32":"tag-zona-norte","33":"tag-zona-sul","34":"writer-laura-bachmann","35":"writer-laura-fairman","36":"translator-luciana-lisbao"},"acf":[],"yoast_head":"<!-- This site is optimized with the Yoast SEO plugin v25.6 - https:\/\/yoast.com\/wordpress\/plugins\/seo\/ -->\n<title>Complexo da Mar\u00e9 Sedia Debate com Candidatos a Prefeito do Rio - RioOnWatch<\/title>\n<meta name=\"robots\" content=\"index, follow, max-snippet:-1, max-image-preview:large, max-video-preview:-1\" \/>\n<link rel=\"canonical\" href=\"https:\/\/rioonwatch.org.br\/?p=22513\" \/>\n<meta property=\"og:locale\" content=\"pt_BR\" \/>\n<meta property=\"og:type\" content=\"article\" \/>\n<meta property=\"og:title\" content=\"Complexo da Mar\u00e9 Sedia Debate com Candidatos a Prefeito do Rio - RioOnWatch\" \/>\n<meta property=\"og:description\" content=\"Click Here for English No dia 15 de setembro, tr\u00eas candidatos a prefeito compareceram a um debate p\u00fablico\u00a0sediado no Complexo da Mar\u00e9, na Zona Norte do Rio. A mesa-redonda foi organizada pelo\u00a0A Mar\u00e9 que Queremos, [...]\" \/>\n<meta property=\"og:url\" content=\"https:\/\/rioonwatch.org.br\/?p=22513\" \/>\n<meta property=\"og:site_name\" content=\"RioOnWatch\" \/>\n<meta property=\"article:published_time\" content=\"2016-09-27T14:51:31+00:00\" \/>\n<meta property=\"article:modified_time\" content=\"2024-06-20T19:25:41+00:00\" \/>\n<meta property=\"og:image\" content=\"https:\/\/rioonwatch.org.br\/wp-content\/uploads\/2016\/09\/14370266_1172806452789559_1735997529976710834_n-1.jpg\" \/>\n\t<meta property=\"og:image:width\" content=\"960\" \/>\n\t<meta property=\"og:image:height\" content=\"640\" \/>\n\t<meta property=\"og:image:type\" content=\"image\/jpeg\" \/>\n<meta name=\"author\" content=\"Admin\" \/>\n<meta name=\"twitter:card\" content=\"summary_large_image\" \/>\n<meta name=\"twitter:label1\" content=\"Escrito por\" \/>\n\t<meta name=\"twitter:data1\" content=\"Admin\" \/>\n\t<meta name=\"twitter:label2\" content=\"Est. tempo de leitura\" \/>\n\t<meta name=\"twitter:data2\" content=\"2 minutos\" \/>\n<script type=\"application\/ld+json\" class=\"yoast-schema-graph\">{\"@context\":\"https:\/\/schema.org\",\"@graph\":[{\"@type\":\"Article\",\"@id\":\"https:\/\/rioonwatch.org.br\/?p=22513#article\",\"isPartOf\":{\"@id\":\"https:\/\/rioonwatch.org.br\/?p=22513\"},\"author\":{\"name\":\"Admin\",\"@id\":\"https:\/\/rioonwatch.org.br\/#\/schema\/person\/11d64c290506f9df50c71b850c473f68\"},\"headline\":\"Complexo da Mar\u00e9 Sedia Debate com Candidatos a Prefeito do Rio\",\"datePublished\":\"2016-09-27T14:51:31+00:00\",\"dateModified\":\"2024-06-20T19:25:41+00:00\",\"mainEntityOfPage\":{\"@id\":\"https:\/\/rioonwatch.org.br\/?p=22513\"},\"wordCount\":406,\"publisher\":{\"@id\":\"https:\/\/rioonwatch.org.br\/#organization\"},\"image\":{\"@id\":\"https:\/\/rioonwatch.org.br\/?p=22513#primaryimage\"},\"thumbnailUrl\":\"https:\/\/rioonwatch.org.br\/wp-content\/uploads\/2016\/09\/14370266_1172806452789559_1735997529976710834_n-1.jpg\",\"keywords\":[\"Alessandro Molon\",\"Barra da Tijuca\",\"Carlos Os\u00f3rio\",\"Complexo da Mar\u00e9\",\"debate\",\"Democracia\",\"educa\u00e7\u00e3o\",\"elei\u00e7\u00e3o municipal 2016\",\"Elei\u00e7\u00f5es\",\"Jandira Feghali\",\"Legado Ol\u00edmpico\",\"Megaeventos\",\"Olimp\u00edadas\",\"participa\u00e7\u00e3o\",\"PCdoB\",\"pol\u00edtica\",\"PSDB\",\"REDE\",\"sa\u00fade\",\"transporte\",\"Zona Norte\",\"Zona Sul\"],\"articleSection\":[\"#OlhoNaParticipa\u00e7\u00e3o\",\"#Rio2016\",\"Cobertura de Eventos\",\"Escrito por Aliados\",\"Pol\u00edticas\"],\"inLanguage\":\"pt-BR\"},{\"@type\":\"WebPage\",\"@id\":\"https:\/\/rioonwatch.org.br\/?p=22513\",\"url\":\"https:\/\/rioonwatch.org.br\/?p=22513\",\"name\":\"Complexo da Mar\u00e9 Sedia Debate com Candidatos a Prefeito do Rio - RioOnWatch\",\"isPartOf\":{\"@id\":\"https:\/\/rioonwatch.org.br\/#website\"},\"primaryImageOfPage\":{\"@id\":\"https:\/\/rioonwatch.org.br\/?p=22513#primaryimage\"},\"image\":{\"@id\":\"https:\/\/rioonwatch.org.br\/?p=22513#primaryimage\"},\"thumbnailUrl\":\"https:\/\/rioonwatch.org.br\/wp-content\/uploads\/2016\/09\/14370266_1172806452789559_1735997529976710834_n-1.jpg\",\"datePublished\":\"2016-09-27T14:51:31+00:00\",\"dateModified\":\"2024-06-20T19:25:41+00:00\",\"breadcrumb\":{\"@id\":\"https:\/\/rioonwatch.org.br\/?p=22513#breadcrumb\"},\"inLanguage\":\"pt-BR\",\"potentialAction\":[{\"@type\":\"ReadAction\",\"target\":[\"https:\/\/rioonwatch.org.br\/?p=22513\"]}]},{\"@type\":\"ImageObject\",\"inLanguage\":\"pt-BR\",\"@id\":\"https:\/\/rioonwatch.org.br\/?p=22513#primaryimage\",\"url\":\"https:\/\/rioonwatch.org.br\/wp-content\/uploads\/2016\/09\/14370266_1172806452789559_1735997529976710834_n-1.jpg\",\"contentUrl\":\"https:\/\/rioonwatch.org.br\/wp-content\/uploads\/2016\/09\/14370266_1172806452789559_1735997529976710834_n-1.jpg\",\"width\":960,\"height\":640},{\"@type\":\"BreadcrumbList\",\"@id\":\"https:\/\/rioonwatch.org.br\/?p=22513#breadcrumb\",\"itemListElement\":[{\"@type\":\"ListItem\",\"position\":1,\"name\":\"In\u00edcio\",\"item\":\"https:\/\/rioonwatch.org.br\/\"},{\"@type\":\"ListItem\",\"position\":2,\"name\":\"Complexo da Mar\u00e9 Sedia Debate com Candidatos a Prefeito do Rio\"}]},{\"@type\":\"WebSite\",\"@id\":\"https:\/\/rioonwatch.org.br\/#website\",\"url\":\"https:\/\/rioonwatch.org.br\/\",\"name\":\"RioOnWatch\",\"description\":\"relatos das favelas cariocas\",\"publisher\":{\"@id\":\"https:\/\/rioonwatch.org.br\/#organization\"},\"potentialAction\":[{\"@type\":\"SearchAction\",\"target\":{\"@type\":\"EntryPoint\",\"urlTemplate\":\"https:\/\/rioonwatch.org.br\/?s={search_term_string}\"},\"query-input\":{\"@type\":\"PropertyValueSpecification\",\"valueRequired\":true,\"valueName\":\"search_term_string\"}}],\"inLanguage\":\"pt-BR\"},{\"@type\":\"Organization\",\"@id\":\"https:\/\/rioonwatch.org.br\/#organization\",\"name\":\"RioOnWatch\",\"url\":\"https:\/\/rioonwatch.org.br\/\",\"logo\":{\"@type\":\"ImageObject\",\"inLanguage\":\"pt-BR\",\"@id\":\"https:\/\/rioonwatch.org.br\/#\/schema\/logo\/image\/\",\"url\":\"https:\/\/rioonwatch.org.br\/wp-content\/uploads\/2021\/06\/RioOnWatchcabecalhoPT11anos-2.png\",\"contentUrl\":\"https:\/\/rioonwatch.org.br\/wp-content\/uploads\/2021\/06\/RioOnWatchcabecalhoPT11anos-2.png\",\"width\":779,\"height\":277,\"caption\":\"RioOnWatch\"},\"image\":{\"@id\":\"https:\/\/rioonwatch.org.br\/#\/schema\/logo\/image\/\"}},{\"@type\":\"Person\",\"@id\":\"https:\/\/rioonwatch.org.br\/#\/schema\/person\/11d64c290506f9df50c71b850c473f68\",\"name\":\"Admin\",\"image\":{\"@type\":\"ImageObject\",\"inLanguage\":\"pt-BR\",\"@id\":\"https:\/\/rioonwatch.org.br\/#\/schema\/person\/image\/\",\"url\":\"https:\/\/secure.gravatar.com\/avatar\/56211ac74568383903349a1485e3c325?s=96&d=blank&r=g\",\"contentUrl\":\"https:\/\/secure.gravatar.com\/avatar\/56211ac74568383903349a1485e3c325?s=96&d=blank&r=g\",\"caption\":\"Admin\"},\"url\":\"https:\/\/rioonwatch.org.br\/?author=129\"}]}<\/script>\n<!-- \/ Yoast SEO plugin. -->","yoast_head_json":{"title":"Complexo da Mar\u00e9 Sedia Debate com Candidatos a Prefeito do Rio - RioOnWatch","robots":{"index":"index","follow":"follow","max-snippet":"max-snippet:-1","max-image-preview":"max-image-preview:large","max-video-preview":"max-video-preview:-1"},"canonical":"https:\/\/rioonwatch.org.br\/?p=22513","og_locale":"pt_BR","og_type":"article","og_title":"Complexo da Mar\u00e9 Sedia Debate com Candidatos a Prefeito do Rio - RioOnWatch","og_description":"Click Here for English No dia 15 de setembro, tr\u00eas candidatos a prefeito compareceram a um debate p\u00fablico\u00a0sediado no Complexo da Mar\u00e9, na Zona Norte do Rio. A mesa-redonda foi organizada pelo\u00a0A Mar\u00e9 que Queremos, [...]","og_url":"https:\/\/rioonwatch.org.br\/?p=22513","og_site_name":"RioOnWatch","article_published_time":"2016-09-27T14:51:31+00:00","article_modified_time":"2024-06-20T19:25:41+00:00","og_image":[{"width":960,"height":640,"url":"https:\/\/rioonwatch.org.br\/wp-content\/uploads\/2016\/09\/14370266_1172806452789559_1735997529976710834_n-1.jpg","type":"image\/jpeg"}],"author":"Admin","twitter_card":"summary_large_image","twitter_misc":{"Escrito por":"Admin","Est. tempo de leitura":"2 minutos"},"schema":{"@context":"https:\/\/schema.org","@graph":[{"@type":"Article","@id":"https:\/\/rioonwatch.org.br\/?p=22513#article","isPartOf":{"@id":"https:\/\/rioonwatch.org.br\/?p=22513"},"author":{"name":"Admin","@id":"https:\/\/rioonwatch.org.br\/#\/schema\/person\/11d64c290506f9df50c71b850c473f68"},"headline":"Complexo da Mar\u00e9 Sedia Debate com Candidatos a Prefeito do Rio","datePublished":"2016-09-27T14:51:31+00:00","dateModified":"2024-06-20T19:25:41+00:00","mainEntityOfPage":{"@id":"https:\/\/rioonwatch.org.br\/?p=22513"},"wordCount":406,"publisher":{"@id":"https:\/\/rioonwatch.org.br\/#organization"},"image":{"@id":"https:\/\/rioonwatch.org.br\/?p=22513#primaryimage"},"thumbnailUrl":"https:\/\/rioonwatch.org.br\/wp-content\/uploads\/2016\/09\/14370266_1172806452789559_1735997529976710834_n-1.jpg","keywords":["Alessandro Molon","Barra da Tijuca","Carlos Os\u00f3rio","Complexo da Mar\u00e9","debate","Democracia","educa\u00e7\u00e3o","elei\u00e7\u00e3o municipal 2016","Elei\u00e7\u00f5es","Jandira Feghali","Legado Ol\u00edmpico","Megaeventos","Olimp\u00edadas","participa\u00e7\u00e3o","PCdoB","pol\u00edtica","PSDB","REDE","sa\u00fade","transporte","Zona Norte","Zona Sul"],"articleSection":["#OlhoNaParticipa\u00e7\u00e3o","#Rio2016","Cobertura de Eventos","Escrito por Aliados","Pol\u00edticas"],"inLanguage":"pt-BR"},{"@type":"WebPage","@id":"https:\/\/rioonwatch.org.br\/?p=22513","url":"https:\/\/rioonwatch.org.br\/?p=22513","name":"Complexo da Mar\u00e9 Sedia Debate com Candidatos a Prefeito do Rio - RioOnWatch","isPartOf":{"@id":"https:\/\/rioonwatch.org.br\/#website"},"primaryImageOfPage":{"@id":"https:\/\/rioonwatch.org.br\/?p=22513#primaryimage"},"image":{"@id":"https:\/\/rioonwatch.org.br\/?p=22513#primaryimage"},"thumbnailUrl":"https:\/\/rioonwatch.org.br\/wp-content\/uploads\/2016\/09\/14370266_1172806452789559_1735997529976710834_n-1.jpg","datePublished":"2016-09-27T14:51:31+00:00","dateModified":"2024-06-20T19:25:41+00:00","breadcrumb":{"@id":"https:\/\/rioonwatch.org.br\/?p=22513#breadcrumb"},"inLanguage":"pt-BR","potentialAction":[{"@type":"ReadAction","target":["https:\/\/rioonwatch.org.br\/?p=22513"]}]},{"@type":"ImageObject","inLanguage":"pt-BR","@id":"https:\/\/rioonwatch.org.br\/?p=22513#primaryimage","url":"https:\/\/rioonwatch.org.br\/wp-content\/uploads\/2016\/09\/14370266_1172806452789559_1735997529976710834_n-1.jpg","contentUrl":"https:\/\/rioonwatch.org.br\/wp-content\/uploads\/2016\/09\/14370266_1172806452789559_1735997529976710834_n-1.jpg","width":960,"height":640},{"@type":"BreadcrumbList","@id":"https:\/\/rioonwatch.org.br\/?p=22513#breadcrumb","itemListElement":[{"@type":"ListItem","position":1,"name":"In\u00edcio","item":"https:\/\/rioonwatch.org.br\/"},{"@type":"ListItem","position":2,"name":"Complexo da Mar\u00e9 Sedia Debate com Candidatos a Prefeito do Rio"}]},{"@type":"WebSite","@id":"https:\/\/rioonwatch.org.br\/#website","url":"https:\/\/rioonwatch.org.br\/","name":"RioOnWatch","description":"relatos das favelas cariocas","publisher":{"@id":"https:\/\/rioonwatch.org.br\/#organization"},"potentialAction":[{"@type":"SearchAction","target":{"@type":"EntryPoint","urlTemplate":"https:\/\/rioonwatch.org.br\/?s={search_term_string}"},"query-input":{"@type":"PropertyValueSpecification","valueRequired":true,"valueName":"search_term_string"}}],"inLanguage":"pt-BR"},{"@type":"Organization","@id":"https:\/\/rioonwatch.org.br\/#organization","name":"RioOnWatch","url":"https:\/\/rioonwatch.org.br\/","logo":{"@type":"ImageObject","inLanguage":"pt-BR","@id":"https:\/\/rioonwatch.org.br\/#\/schema\/logo\/image\/","url":"https:\/\/rioonwatch.org.br\/wp-content\/uploads\/2021\/06\/RioOnWatchcabecalhoPT11anos-2.png","contentUrl":"https:\/\/rioonwatch.org.br\/wp-content\/uploads\/2021\/06\/RioOnWatchcabecalhoPT11anos-2.png","width":779,"height":277,"caption":"RioOnWatch"},"image":{"@id":"https:\/\/rioonwatch.org.br\/#\/schema\/logo\/image\/"}},{"@type":"Person","@id":"https:\/\/rioonwatch.org.br\/#\/schema\/person\/11d64c290506f9df50c71b850c473f68","name":"Admin","image":{"@type":"ImageObject","inLanguage":"pt-BR","@id":"https:\/\/rioonwatch.org.br\/#\/schema\/person\/image\/","url":"https:\/\/secure.gravatar.com\/avatar\/56211ac74568383903349a1485e3c325?s=96&d=blank&r=g","contentUrl":"https:\/\/secure.gravatar.com\/avatar\/56211ac74568383903349a1485e3c325?s=96&d=blank&r=g","caption":"Admin"},"url":"https:\/\/rioonwatch.org.br\/?author=129"}]}},"_links":{"self":[{"href":"https:\/\/rioonwatch.org.br\/index.php?rest_route=\/wp\/v2\/posts\/22513"}],"collection":[{"href":"https:\/\/rioonwatch.org.br\/index.php?rest_route=\/wp\/v2\/posts"}],"about":[{"href":"https:\/\/rioonwatch.org.br\/index.php?rest_route=\/wp\/v2\/types\/post"}],"author":[{"embeddable":true,"href":"https:\/\/rioonwatch.org.br\/index.php?rest_route=\/wp\/v2\/users\/129"}],"replies":[{"embeddable":true,"href":"https:\/\/rioonwatch.org.br\/index.php?rest_route=%2Fwp%2Fv2%2Fcomments&post=22513"}],"version-history":[{"count":14,"href":"https:\/\/rioonwatch.org.br\/index.php?rest_route=\/wp\/v2\/posts\/22513\/revisions"}],"predecessor-version":[{"id":74327,"href":"https:\/\/rioonwatch.org.br\/index.php?rest_route=\/wp\/v2\/posts\/22513\/revisions\/74327"}],"wp:featuredmedia":[{"embeddable":true,"href":"https:\/\/rioonwatch.org.br\/index.php?rest_route=\/wp\/v2\/media\/22520"}],"wp:attachment":[{"href":"https:\/\/rioonwatch.org.br\/index.php?rest_route=%2Fwp%2Fv2%2Fmedia&parent=22513"}],"wp:term":[{"taxonomy":"category","embeddable":true,"href":"https:\/\/rioonwatch.org.br\/index.php?rest_route=%2Fwp%2Fv2%2Fcategories&post=22513"},{"taxonomy":"post_tag","embeddable":true,"href":"https:\/\/rioonwatch.org.br\/index.php?rest_route=%2Fwp%2Fv2%2Ftags&post=22513"},{"taxonomy":"writer","embeddable":true,"href":"https:\/\/rioonwatch.org.br\/index.php?rest_route=%2Fwp%2Fv2%2Fwriter&post=22513"},{"taxonomy":"translator","embeddable":true,"href":"https:\/\/rioonwatch.org.br\/index.php?rest_route=%2Fwp%2Fv2%2Ftranslator&post=22513"},{"taxonomy":"source","embeddable":true,"href":"https:\/\/rioonwatch.org.br\/index.php?rest_route=%2Fwp%2Fv2%2Fsource&post=22513"},{"taxonomy":"ilustrador","embeddable":true,"href":"https:\/\/rioonwatch.org.br\/index.php?rest_route=%2Fwp%2Fv2%2Filustrador&post=22513"},{"taxonomy":"fotografo","embeddable":true,"href":"https:\/\/rioonwatch.org.br\/index.php?rest_route=%2Fwp%2Fv2%2Ffotografo&post=22513"}],"curies":[{"name":"wp","href":"https:\/\/api.w.org\/{rel}","templated":true}]}}