{"id":22549,"date":"2016-09-28T06:00:57","date_gmt":"2016-09-28T09:00:57","guid":{"rendered":"http:\/\/rioonwatch.org.br\/?p=22549"},"modified":"2016-09-29T06:52:46","modified_gmt":"2016-09-29T09:52:46","slug":"o-que-os-candidatos-a-prefeito-do-rio-propoem-para-as-favelas","status":"publish","type":"post","link":"https:\/\/rioonwatch.org.br\/?p=22549","title":{"rendered":"O Que os Candidatos a Prefeito do Rio Prop\u00f5em para as Favelas?"},"content":{"rendered":"<p style=\"text-align: right;\"><em><strong><a href=\"http:\/\/bit.ly\/2cTJCye\" target=\"_blank\">Click Here for English<img decoding=\"async\" width=\"20\" height=\"20\" class=\"alignright wp-image-15790\" src=\"http:\/\/rioonwatch.org.br\/wp-content\/uploads\/2012\/08\/EN-standard-e1439583104716.jpg\" alt=\"\" \/><\/a><\/strong><\/em><\/p>\n<p><a href=\"http:\/\/rioonwatch.org.br\/wp-content\/uploads\/2016\/09\/collage-2016-09-222-1.jpg\"><img fetchpriority=\"high\" decoding=\"async\" class=\"aligncenter wp-image-22553 size-thumbnail\" title=\"Candidatos a prefeito de 2016, da esquerda para a direita: Cryo Garcia; Marcelo Freixo; Jandira Feghali; Marcelo Crivella.\" src=\"http:\/\/rioonwatch.org.br\/wp-content\/uploads\/2016\/09\/collage-2016-09-222-1-620x155.jpg\" alt=\"collage-2016-09-222\" width=\"620\" height=\"155\" srcset=\"https:\/\/rioonwatch.org.br\/wp-content\/uploads\/2016\/09\/collage-2016-09-222-1-620x155.jpg 620w, https:\/\/rioonwatch.org.br\/wp-content\/uploads\/2016\/09\/collage-2016-09-222-1-768x193.jpg 768w, https:\/\/rioonwatch.org.br\/wp-content\/uploads\/2016\/09\/collage-2016-09-222-1.jpg 933w\" sizes=\"(max-width: 620px) 100vw, 620px\" \/><\/a><\/p>\n<p>A maioria dos candidatos a prefeito do Rio limita-se a falar superficialmente das favelas da cidade no contexto de\u00a0suas propostas de pol\u00edtica\u00a0habitacional.\u00a0No entanto dos\u00a0<a href=\"http:\/\/bit.ly\/2doFvNS\" target=\"_blank\">11 candidatos a prefeito do Rio<\/a>\u00a0cinco oferecem propostas espec\u00edficas para as favelas: <a href=\"http:\/\/bit.ly\/2cGt79l\" target=\"_blank\">Marcelo Freixo<\/a> (PSOL), <a href=\"http:\/\/bit.ly\/2d6Rega\" target=\"_blank\">Jandira Feghali<\/a> (PCdoB), <a href=\"http:\/\/bit.ly\/2cAiOVA\" target=\"_blank\">Alessandro Molon<\/a> (REDE), <a href=\"http:\/\/bit.ly\/2dh5THD\" target=\"_blank\">Cyro Garcia<\/a> (PSTU) e <a href=\"http:\/\/bit.ly\/1QgcahC\" target=\"_blank\">Pedro Paulo Carvalho Teixeira<\/a> (PMDB).<\/p>\n<p>A lista de Marcelo Freixo \u00e9 a mais extensa: ele prop\u00f5e dar fim \u00e0s <a href=\"http:\/\/bit.ly\/2dh9wgM\" target=\"_blank\">remo\u00e7\u00f5es<\/a>, promover a\u00a0<a href=\"http:\/\/bit.ly\/1rHP7BG\" target=\"_blank\">posse da terra<\/a>, redirecionar os\u00a0<a href=\"http:\/\/bit.ly\/1iB5BXF\" target=\"_blank\">Postos de Orienta\u00e7\u00e3o Urban\u00edstica e Social (POUSOs)<\/a> para combater a\u00a0<a href=\"http:\/\/bit.ly\/184FqS4\" target=\"_blank\">gentrifica\u00e7\u00e3o<\/a> e orientar o adensamento, implementar a\u00a0<a href=\"http:\/\/bit.ly\/1tvc3sB\" target=\"_blank\">coleta de lixo e limpeza das ruas<\/a>, e promover hospedagem no estilo\u00a0Cama e Caf\u00e9. V\u00e1rias outras iniciativas em toda a cidade come\u00e7ariam nas favelas e nas \u00e1reas de baixa renda, tais como internet de alta velocidade gr\u00e1tis, pol\u00edticas de a\u00e7\u00f5es afirmativas de trabalho local e o desenvolvimento de\u00a0<a href=\"http:\/\/bit.ly\/1jZVyaS\" target=\"_blank\">espa\u00e7os p\u00fablicos<\/a>.<\/p>\n<p>As propostas de Jandira Feghali d\u00e3o prioridade \u00e0\u00a0<a href=\"http:\/\/bit.ly\/1aRkVxr\" target=\"_blank\">urbaniza\u00e7\u00e3o das favelas<\/a>, regulariza\u00e7\u00e3o fundi\u00e1ria e <a href=\"http:\/\/bit.ly\/1rHP7BG\" target=\"_blank\">titula\u00e7\u00e3o\u00a0da\u00a0terra<\/a>,\u00a0e integra\u00e7\u00e3o das favelas com o servi\u00e7o p\u00fablico e de\u00a0<a href=\"http:\/\/bit.ly\/1MUX0u9\" target=\"_blank\">transporte<\/a>. Ela tamb\u00e9m quer construir vias\u00a0de acesso de baixo custo para aumentar a\u00a0<a href=\"http:\/\/bit.ly\/1WkJojx\" target=\"_blank\">mobilidade<\/a>\u00a0dentro das favelas, tais como elevadores e rampas.<\/p>\n<p><a href=\"http:\/\/rioonwatch.org.br\/wp-content\/uploads\/2016\/09\/collage-2016-09-223.jpg\"><img decoding=\"async\" class=\"aligncenter wp-image-22554 size-thumbnail\" title=\"Candidatos a prefeito de 2016, da esquerda para a direita: \u00cdndio da Costa; Thelma Bastos; Fl\u00e1vio Bolsonaro.\" src=\"http:\/\/rioonwatch.org.br\/wp-content\/uploads\/2016\/09\/collage-2016-09-223-620x158.jpg\" alt=\"collage-2016-09-223\" width=\"620\" height=\"158\" srcset=\"https:\/\/rioonwatch.org.br\/wp-content\/uploads\/2016\/09\/collage-2016-09-223-620x158.jpg 620w, https:\/\/rioonwatch.org.br\/wp-content\/uploads\/2016\/09\/collage-2016-09-223-768x196.jpg 768w, https:\/\/rioonwatch.org.br\/wp-content\/uploads\/2016\/09\/collage-2016-09-223.jpg 933w\" sizes=\"(max-width: 620px) 100vw, 620px\" \/><\/a><\/p>\n<p>Alessandro Molon quer utilizar a <a href=\"http:\/\/bit.ly\/1rOePGu\" target=\"_blank\">participa\u00e7\u00e3o comunit\u00e1ria<\/a>\u00a0para desenvolver diagn\u00f3sticos locais para que ele possa compreender os principais desafios\u00a0das favelas&#8211;apesar de que a pesquisa de 18 meses feita por Marcelo Freixo atrav\u00e9s do movimento\u00a0<a href=\"http:\/\/bit.ly\/1KOXWoc\" target=\"_blank\">Se A Cidade Fosse Nossa<\/a>,\u00a0em que\u00a0ele viajou por todo o Rio participando de debates p\u00fablicos com os moradores para definir as prioridades para as diferentes \u00e1reas e demografias, tenha feito exatamente isso. Alessandro Molon tamb\u00e9m quer\u00a0<a href=\"http:\/\/bit.ly\/1muQwLu\" target=\"_blank\">retomar os projetos de urbaniza\u00e7\u00e3o\u00a0das favelas<\/a>.<\/p>\n<p>Cyro Garcia e Pedro Paulo Carvalho Teixeira t\u00eam as contribui\u00e7\u00f5es menos substanciais: a \u00fanica pol\u00edtica de Cyro Garcia \u00e9 acabar com as\u00a0remo\u00e7\u00f5es, enquanto Pedro Paulo Carvalho Teixeira, que representa uma continua\u00e7\u00e3o dos programas do atual <a href=\"http:\/\/bit.ly\/1k4eA6c\" target=\"_blank\">Prefeito Eduardo Paes<\/a>, diz que quer retomar o\u00a0<a href=\"http:\/\/bit.ly\/15beq1z\" target=\"_blank\">Morar Carioca<\/a> para integrar as favelas \u00e0 cidade. No entanto, o registro de Eduardo Paes como prefeito mostra que\u00a0<a href=\"http:\/\/bit.ly\/15beq1z\" target=\"_blank\">o programa n\u00e3o foi\u00a0uma prioridade<\/a> para o PMDB, pois o Morar Carioca foi convenientemente\u00a0<a href=\"http:\/\/bit.ly\/1muQwLu\" target=\"_blank\">abandonado pelo prefeito t\u00e3o logo as elei\u00e7\u00f5es de 2012 terminaram<\/a>.<\/p>\n<p>A \u00fanica proposta de <a href=\"http:\/\/bit.ly\/2cqWV6j\" target=\"_blank\">Carmen Migueles<\/a> (NOVO) relacionada \u00e0s favelas \u00e9 criar op\u00e7\u00f5es de habita\u00e7\u00e3o acess\u00edvel fora das favelas. Enquanto isso, os outros candidatos a prefeito do Rio, <a href=\"http:\/\/bit.ly\/2cyVeZm\" target=\"_blank\">Marcelo Crivella<\/a> (PRB, atualmente liderando as pesquisas), <a href=\"http:\/\/bit.ly\/2d3Cxc7\" target=\"_blank\">Carlos Os\u00f3rio<\/a> (PSDB), <a href=\"http:\/\/bit.ly\/2cYsHdS\" target=\"_blank\">\u00cdndio da Costa<\/a> (PSD), <a href=\"http:\/\/bit.ly\/2cBe1kf\" target=\"_blank\">Thelma Bastos<\/a> (PCO) e <a href=\"http:\/\/bit.ly\/2dglfOv\" target=\"_blank\">Fl\u00e1vio Bolsonaro<\/a> (PSC) deixam de mencionar as favelas nos seus manifestos, apesar das favelas representarem 24% da popula\u00e7\u00e3o da cidade e o seu segmento mais vulner\u00e1vel.<\/p>\n<p><a href=\"http:\/\/rioonwatch.org.br\/wp-content\/uploads\/2016\/09\/collage-2016-09-221.jpg\"><img loading=\"lazy\" decoding=\"async\" class=\"aligncenter wp-image-22555 size-thumbnail\" title=\"Candidatos a prefeito de 2016, da esquerda para a direita: Pedro Paulo; Carlos Os\u00f3rio; Alessandro Molon; Carmen Migueles.\" src=\"http:\/\/rioonwatch.org.br\/wp-content\/uploads\/2016\/09\/collage-2016-09-221-620x157.jpg\" alt=\"collage-2016-09-221\" width=\"620\" height=\"157\" srcset=\"https:\/\/rioonwatch.org.br\/wp-content\/uploads\/2016\/09\/collage-2016-09-221-620x157.jpg 620w, https:\/\/rioonwatch.org.br\/wp-content\/uploads\/2016\/09\/collage-2016-09-221-768x194.jpg 768w, https:\/\/rioonwatch.org.br\/wp-content\/uploads\/2016\/09\/collage-2016-09-221.jpg 933w\" sizes=\"(max-width: 620px) 100vw, 620px\" \/><\/a><\/p>\n<!-- AddThis Advanced Settings generic via filter on the_content --><!-- AddThis Share Buttons generic via filter on the_content -->","protected":false},"excerpt":{"rendered":"<div class=\"mh-excerpt\"><p>Click Here for English A maioria dos candidatos a prefeito do Rio limita-se a falar superficialmente das favelas da cidade no contexto de\u00a0suas propostas de pol\u00edtica\u00a0habitacional.\u00a0No entanto dos\u00a011 candidatos a prefeito do Rio\u00a0cinco oferecem propostas <a class=\"mh-excerpt-more\" href=\"https:\/\/rioonwatch.org.br\/?p=22549\" title=\"O Que os Candidatos a Prefeito do Rio Prop\u00f5em para as Favelas?\">[&#8230;]<\/a><!-- AddThis Advanced Settings generic via filter on get_the_excerpt --><!-- AddThis Share Buttons generic via filter on get_the_excerpt --><\/p>\n<\/div>","protected":false},"author":129,"featured_media":22552,"comment_status":"closed","ping_status":"closed","sticky":false,"template":"","format":"standard","meta":{"_acf_changed":false,"_monsterinsights_skip_tracking":false,"_monsterinsights_sitenote_active":false,"_monsterinsights_sitenote_note":"","_monsterinsights_sitenote_category":0,"footnotes":""},"categories":[1617,1618,1614,1621,1631,1626,344,1612,1628],"tags":[1926,1927,1976,1977,474,1975,457,1979,395,1554,909,994,1980,1981,719,1982,483,560,1037,270,304,1984,1729,1839,838,1128,1989,1990,1991,14,1777,1993,900,764,493],"writer":[1797],"translator":[1875],"source":[],"ilustrador":[],"fotografo":[],"class_list":{"0":"post-22549","1":"post","2":"type-post","3":"status-publish","4":"format-standard","5":"has-post-thumbnail","7":"category-olhonagentrificacao","8":"category-olhonaparticipacao","9":"category-olhonasremocoes","10":"category-destaque","11":"category-entendendo-o-rio","12":"category-por-observadores-internacionais","13":"category-politicas","14":"category-sociedade-civil","15":"category-turismo-na-favela","16":"tag-alessandro-molon","17":"tag-carlos-osorio","18":"tag-carmen-migueles","19":"tag-cyro-garcia","20":"tag-democracia-participativa","21":"tag-eleicao-municipal-2016","22":"tag-eleicoes","23":"tag-flavio-bolsonaro","24":"tag-gentrificacao-remocao-branca","25":"tag-gestao-de-residuos","26":"tag-habitacao-acessivel","27":"tag-habitacao-publica","28":"tag-indio-da-costa","29":"tag-jandira-feghali","30":"tag-lazer","31":"tag-marcelo-crivella","32":"tag-marcelo-freixo","33":"tag-mobilidade","34":"tag-moradia","35":"tag-morar-carioca","36":"tag-participacao","37":"tag-pcdob","38":"tag-pedro-paulo-caravalho-teixeira","39":"tag-pmdb","40":"tag-politica-publica","41":"tag-pouso","42":"tag-psol","43":"tag-pstu","44":"tag-rede","45":"tag-remocao","46":"tag-se-a-cidade-fosse-nossa","47":"tag-thelma-bastos","48":"tag-titulacao-de-terras","49":"tag-transporte","50":"tag-urbanizacao","51":"writer-ciara-long","52":"translator-marina-hennies"},"acf":[],"yoast_head":"<!-- This site is optimized with the Yoast SEO plugin v25.6 - https:\/\/yoast.com\/wordpress\/plugins\/seo\/ -->\n<title>O Que os Candidatos a Prefeito do Rio Prop\u00f5em para as Favelas? - RioOnWatch<\/title>\n<meta name=\"robots\" content=\"index, follow, max-snippet:-1, max-image-preview:large, max-video-preview:-1\" \/>\n<link rel=\"canonical\" href=\"https:\/\/rioonwatch.org.br\/?p=22549\" \/>\n<meta property=\"og:locale\" content=\"pt_BR\" \/>\n<meta property=\"og:type\" content=\"article\" \/>\n<meta property=\"og:title\" content=\"O Que os Candidatos a Prefeito do Rio Prop\u00f5em para as Favelas? - RioOnWatch\" \/>\n<meta property=\"og:description\" content=\"Click Here for English A maioria dos candidatos a prefeito do Rio limita-se a falar superficialmente das favelas da cidade no contexto de\u00a0suas propostas de pol\u00edtica\u00a0habitacional.\u00a0No entanto dos\u00a011 candidatos a prefeito do Rio\u00a0cinco oferecem propostas [...]\" \/>\n<meta property=\"og:url\" content=\"https:\/\/rioonwatch.org.br\/?p=22549\" \/>\n<meta property=\"og:site_name\" content=\"RioOnWatch\" \/>\n<meta property=\"article:published_time\" content=\"2016-09-28T09:00:57+00:00\" \/>\n<meta property=\"article:modified_time\" content=\"2016-09-29T09:52:46+00:00\" \/>\n<meta property=\"og:image\" content=\"https:\/\/rioonwatch.org.br\/wp-content\/uploads\/2016\/09\/collage-2016-09-222.jpg\" \/>\n\t<meta property=\"og:image:width\" content=\"933\" \/>\n\t<meta property=\"og:image:height\" content=\"234\" \/>\n\t<meta property=\"og:image:type\" content=\"image\/jpeg\" \/>\n<meta name=\"author\" content=\"Admin\" \/>\n<meta name=\"twitter:card\" content=\"summary_large_image\" \/>\n<meta name=\"twitter:label1\" content=\"Escrito por\" \/>\n\t<meta name=\"twitter:data1\" content=\"Admin\" \/>\n\t<meta name=\"twitter:label2\" content=\"Est. tempo de leitura\" \/>\n\t<meta name=\"twitter:data2\" content=\"2 minutos\" \/>\n<script type=\"application\/ld+json\" class=\"yoast-schema-graph\">{\"@context\":\"https:\/\/schema.org\",\"@graph\":[{\"@type\":\"Article\",\"@id\":\"https:\/\/rioonwatch.org.br\/?p=22549#article\",\"isPartOf\":{\"@id\":\"https:\/\/rioonwatch.org.br\/?p=22549\"},\"author\":{\"name\":\"Admin\",\"@id\":\"https:\/\/rioonwatch.org.br\/#\/schema\/person\/11d64c290506f9df50c71b850c473f68\"},\"headline\":\"O Que os Candidatos a Prefeito do Rio Prop\u00f5em para as Favelas?\",\"datePublished\":\"2016-09-28T09:00:57+00:00\",\"dateModified\":\"2016-09-29T09:52:46+00:00\",\"mainEntityOfPage\":{\"@id\":\"https:\/\/rioonwatch.org.br\/?p=22549\"},\"wordCount\":491,\"publisher\":{\"@id\":\"https:\/\/rioonwatch.org.br\/#organization\"},\"image\":{\"@id\":\"https:\/\/rioonwatch.org.br\/?p=22549#primaryimage\"},\"thumbnailUrl\":\"https:\/\/rioonwatch.org.br\/wp-content\/uploads\/2016\/09\/collage-2016-09-222.jpg\",\"keywords\":[\"Alessandro Molon\",\"Carlos Os\u00f3rio\",\"Carmen Migueles\",\"Cyro Garcia\",\"democracia participativa\",\"elei\u00e7\u00e3o municipal 2016\",\"Elei\u00e7\u00f5es\",\"Fl\u00e1vio Bolsonaro\",\"gentrifica\u00e7\u00e3o\",\"gest\u00e3o de res\u00edduos\",\"habita\u00e7\u00e3o acess\u00edvel\",\"habita\u00e7\u00e3o p\u00fablica\",\"\u00cdndio da Costa\",\"Jandira Feghali\",\"lazer\",\"Marcelo Crivella\",\"Marcelo Freixo\",\"mobilidade\",\"moradia\",\"Morar Carioca\",\"participa\u00e7\u00e3o\",\"PCdoB\",\"Pedro Paulo Caravalho Teixeira\",\"PMDB\",\"pol\u00edtica p\u00fablica\",\"POUSO\",\"PSOL\",\"PSTU\",\"REDE\",\"Remo\u00e7\u00e3o\",\"Se a Cidade Fosse Nossa\",\"Thelma Bastos\",\"titula\u00e7\u00e3o de terras\",\"transporte\",\"urbaniza\u00e7\u00e3o\"],\"articleSection\":[\"#OlhoNaGentrifica\u00e7\u00e3o\",\"#OlhoNaParticipa\u00e7\u00e3o\",\"#OlhoNasRemo\u00e7\u00f5es\",\"*Destaque\",\"Entendendo o Rio\",\"Escrito por Aliados\",\"Pol\u00edticas\",\"Sociedade Civil\",\"Turismo na Favela\"],\"inLanguage\":\"pt-BR\"},{\"@type\":\"WebPage\",\"@id\":\"https:\/\/rioonwatch.org.br\/?p=22549\",\"url\":\"https:\/\/rioonwatch.org.br\/?p=22549\",\"name\":\"O Que os Candidatos a Prefeito do Rio Prop\u00f5em para as Favelas? - RioOnWatch\",\"isPartOf\":{\"@id\":\"https:\/\/rioonwatch.org.br\/#website\"},\"primaryImageOfPage\":{\"@id\":\"https:\/\/rioonwatch.org.br\/?p=22549#primaryimage\"},\"image\":{\"@id\":\"https:\/\/rioonwatch.org.br\/?p=22549#primaryimage\"},\"thumbnailUrl\":\"https:\/\/rioonwatch.org.br\/wp-content\/uploads\/2016\/09\/collage-2016-09-222.jpg\",\"datePublished\":\"2016-09-28T09:00:57+00:00\",\"dateModified\":\"2016-09-29T09:52:46+00:00\",\"breadcrumb\":{\"@id\":\"https:\/\/rioonwatch.org.br\/?p=22549#breadcrumb\"},\"inLanguage\":\"pt-BR\",\"potentialAction\":[{\"@type\":\"ReadAction\",\"target\":[\"https:\/\/rioonwatch.org.br\/?p=22549\"]}]},{\"@type\":\"ImageObject\",\"inLanguage\":\"pt-BR\",\"@id\":\"https:\/\/rioonwatch.org.br\/?p=22549#primaryimage\",\"url\":\"https:\/\/rioonwatch.org.br\/wp-content\/uploads\/2016\/09\/collage-2016-09-222.jpg\",\"contentUrl\":\"https:\/\/rioonwatch.org.br\/wp-content\/uploads\/2016\/09\/collage-2016-09-222.jpg\",\"width\":933,\"height\":234},{\"@type\":\"BreadcrumbList\",\"@id\":\"https:\/\/rioonwatch.org.br\/?p=22549#breadcrumb\",\"itemListElement\":[{\"@type\":\"ListItem\",\"position\":1,\"name\":\"In\u00edcio\",\"item\":\"https:\/\/rioonwatch.org.br\/\"},{\"@type\":\"ListItem\",\"position\":2,\"name\":\"O Que os Candidatos a Prefeito do Rio Prop\u00f5em para as Favelas?\"}]},{\"@type\":\"WebSite\",\"@id\":\"https:\/\/rioonwatch.org.br\/#website\",\"url\":\"https:\/\/rioonwatch.org.br\/\",\"name\":\"RioOnWatch\",\"description\":\"relatos das favelas cariocas\",\"publisher\":{\"@id\":\"https:\/\/rioonwatch.org.br\/#organization\"},\"potentialAction\":[{\"@type\":\"SearchAction\",\"target\":{\"@type\":\"EntryPoint\",\"urlTemplate\":\"https:\/\/rioonwatch.org.br\/?s={search_term_string}\"},\"query-input\":{\"@type\":\"PropertyValueSpecification\",\"valueRequired\":true,\"valueName\":\"search_term_string\"}}],\"inLanguage\":\"pt-BR\"},{\"@type\":\"Organization\",\"@id\":\"https:\/\/rioonwatch.org.br\/#organization\",\"name\":\"RioOnWatch\",\"url\":\"https:\/\/rioonwatch.org.br\/\",\"logo\":{\"@type\":\"ImageObject\",\"inLanguage\":\"pt-BR\",\"@id\":\"https:\/\/rioonwatch.org.br\/#\/schema\/logo\/image\/\",\"url\":\"https:\/\/rioonwatch.org.br\/wp-content\/uploads\/2021\/06\/RioOnWatchcabecalhoPT11anos-2.png\",\"contentUrl\":\"https:\/\/rioonwatch.org.br\/wp-content\/uploads\/2021\/06\/RioOnWatchcabecalhoPT11anos-2.png\",\"width\":779,\"height\":277,\"caption\":\"RioOnWatch\"},\"image\":{\"@id\":\"https:\/\/rioonwatch.org.br\/#\/schema\/logo\/image\/\"}},{\"@type\":\"Person\",\"@id\":\"https:\/\/rioonwatch.org.br\/#\/schema\/person\/11d64c290506f9df50c71b850c473f68\",\"name\":\"Admin\",\"image\":{\"@type\":\"ImageObject\",\"inLanguage\":\"pt-BR\",\"@id\":\"https:\/\/rioonwatch.org.br\/#\/schema\/person\/image\/\",\"url\":\"https:\/\/secure.gravatar.com\/avatar\/56211ac74568383903349a1485e3c325?s=96&d=blank&r=g\",\"contentUrl\":\"https:\/\/secure.gravatar.com\/avatar\/56211ac74568383903349a1485e3c325?s=96&d=blank&r=g\",\"caption\":\"Admin\"},\"url\":\"https:\/\/rioonwatch.org.br\/?author=129\"}]}<\/script>\n<!-- \/ Yoast SEO plugin. -->","yoast_head_json":{"title":"O Que os Candidatos a Prefeito do Rio Prop\u00f5em para as Favelas? - RioOnWatch","robots":{"index":"index","follow":"follow","max-snippet":"max-snippet:-1","max-image-preview":"max-image-preview:large","max-video-preview":"max-video-preview:-1"},"canonical":"https:\/\/rioonwatch.org.br\/?p=22549","og_locale":"pt_BR","og_type":"article","og_title":"O Que os Candidatos a Prefeito do Rio Prop\u00f5em para as Favelas? - RioOnWatch","og_description":"Click Here for English A maioria dos candidatos a prefeito do Rio limita-se a falar superficialmente das favelas da cidade no contexto de\u00a0suas propostas de pol\u00edtica\u00a0habitacional.\u00a0No entanto dos\u00a011 candidatos a prefeito do Rio\u00a0cinco oferecem propostas [...]","og_url":"https:\/\/rioonwatch.org.br\/?p=22549","og_site_name":"RioOnWatch","article_published_time":"2016-09-28T09:00:57+00:00","article_modified_time":"2016-09-29T09:52:46+00:00","og_image":[{"width":933,"height":234,"url":"https:\/\/rioonwatch.org.br\/wp-content\/uploads\/2016\/09\/collage-2016-09-222.jpg","type":"image\/jpeg"}],"author":"Admin","twitter_card":"summary_large_image","twitter_misc":{"Escrito por":"Admin","Est. tempo de leitura":"2 minutos"},"schema":{"@context":"https:\/\/schema.org","@graph":[{"@type":"Article","@id":"https:\/\/rioonwatch.org.br\/?p=22549#article","isPartOf":{"@id":"https:\/\/rioonwatch.org.br\/?p=22549"},"author":{"name":"Admin","@id":"https:\/\/rioonwatch.org.br\/#\/schema\/person\/11d64c290506f9df50c71b850c473f68"},"headline":"O Que os Candidatos a Prefeito do Rio Prop\u00f5em para as Favelas?","datePublished":"2016-09-28T09:00:57+00:00","dateModified":"2016-09-29T09:52:46+00:00","mainEntityOfPage":{"@id":"https:\/\/rioonwatch.org.br\/?p=22549"},"wordCount":491,"publisher":{"@id":"https:\/\/rioonwatch.org.br\/#organization"},"image":{"@id":"https:\/\/rioonwatch.org.br\/?p=22549#primaryimage"},"thumbnailUrl":"https:\/\/rioonwatch.org.br\/wp-content\/uploads\/2016\/09\/collage-2016-09-222.jpg","keywords":["Alessandro Molon","Carlos Os\u00f3rio","Carmen Migueles","Cyro Garcia","democracia participativa","elei\u00e7\u00e3o municipal 2016","Elei\u00e7\u00f5es","Fl\u00e1vio Bolsonaro","gentrifica\u00e7\u00e3o","gest\u00e3o de res\u00edduos","habita\u00e7\u00e3o acess\u00edvel","habita\u00e7\u00e3o p\u00fablica","\u00cdndio da Costa","Jandira Feghali","lazer","Marcelo Crivella","Marcelo Freixo","mobilidade","moradia","Morar Carioca","participa\u00e7\u00e3o","PCdoB","Pedro Paulo Caravalho Teixeira","PMDB","pol\u00edtica p\u00fablica","POUSO","PSOL","PSTU","REDE","Remo\u00e7\u00e3o","Se a Cidade Fosse Nossa","Thelma Bastos","titula\u00e7\u00e3o de terras","transporte","urbaniza\u00e7\u00e3o"],"articleSection":["#OlhoNaGentrifica\u00e7\u00e3o","#OlhoNaParticipa\u00e7\u00e3o","#OlhoNasRemo\u00e7\u00f5es","*Destaque","Entendendo o Rio","Escrito por Aliados","Pol\u00edticas","Sociedade Civil","Turismo na Favela"],"inLanguage":"pt-BR"},{"@type":"WebPage","@id":"https:\/\/rioonwatch.org.br\/?p=22549","url":"https:\/\/rioonwatch.org.br\/?p=22549","name":"O Que os Candidatos a Prefeito do Rio Prop\u00f5em para as Favelas? - RioOnWatch","isPartOf":{"@id":"https:\/\/rioonwatch.org.br\/#website"},"primaryImageOfPage":{"@id":"https:\/\/rioonwatch.org.br\/?p=22549#primaryimage"},"image":{"@id":"https:\/\/rioonwatch.org.br\/?p=22549#primaryimage"},"thumbnailUrl":"https:\/\/rioonwatch.org.br\/wp-content\/uploads\/2016\/09\/collage-2016-09-222.jpg","datePublished":"2016-09-28T09:00:57+00:00","dateModified":"2016-09-29T09:52:46+00:00","breadcrumb":{"@id":"https:\/\/rioonwatch.org.br\/?p=22549#breadcrumb"},"inLanguage":"pt-BR","potentialAction":[{"@type":"ReadAction","target":["https:\/\/rioonwatch.org.br\/?p=22549"]}]},{"@type":"ImageObject","inLanguage":"pt-BR","@id":"https:\/\/rioonwatch.org.br\/?p=22549#primaryimage","url":"https:\/\/rioonwatch.org.br\/wp-content\/uploads\/2016\/09\/collage-2016-09-222.jpg","contentUrl":"https:\/\/rioonwatch.org.br\/wp-content\/uploads\/2016\/09\/collage-2016-09-222.jpg","width":933,"height":234},{"@type":"BreadcrumbList","@id":"https:\/\/rioonwatch.org.br\/?p=22549#breadcrumb","itemListElement":[{"@type":"ListItem","position":1,"name":"In\u00edcio","item":"https:\/\/rioonwatch.org.br\/"},{"@type":"ListItem","position":2,"name":"O Que os Candidatos a Prefeito do Rio Prop\u00f5em para as Favelas?"}]},{"@type":"WebSite","@id":"https:\/\/rioonwatch.org.br\/#website","url":"https:\/\/rioonwatch.org.br\/","name":"RioOnWatch","description":"relatos das favelas cariocas","publisher":{"@id":"https:\/\/rioonwatch.org.br\/#organization"},"potentialAction":[{"@type":"SearchAction","target":{"@type":"EntryPoint","urlTemplate":"https:\/\/rioonwatch.org.br\/?s={search_term_string}"},"query-input":{"@type":"PropertyValueSpecification","valueRequired":true,"valueName":"search_term_string"}}],"inLanguage":"pt-BR"},{"@type":"Organization","@id":"https:\/\/rioonwatch.org.br\/#organization","name":"RioOnWatch","url":"https:\/\/rioonwatch.org.br\/","logo":{"@type":"ImageObject","inLanguage":"pt-BR","@id":"https:\/\/rioonwatch.org.br\/#\/schema\/logo\/image\/","url":"https:\/\/rioonwatch.org.br\/wp-content\/uploads\/2021\/06\/RioOnWatchcabecalhoPT11anos-2.png","contentUrl":"https:\/\/rioonwatch.org.br\/wp-content\/uploads\/2021\/06\/RioOnWatchcabecalhoPT11anos-2.png","width":779,"height":277,"caption":"RioOnWatch"},"image":{"@id":"https:\/\/rioonwatch.org.br\/#\/schema\/logo\/image\/"}},{"@type":"Person","@id":"https:\/\/rioonwatch.org.br\/#\/schema\/person\/11d64c290506f9df50c71b850c473f68","name":"Admin","image":{"@type":"ImageObject","inLanguage":"pt-BR","@id":"https:\/\/rioonwatch.org.br\/#\/schema\/person\/image\/","url":"https:\/\/secure.gravatar.com\/avatar\/56211ac74568383903349a1485e3c325?s=96&d=blank&r=g","contentUrl":"https:\/\/secure.gravatar.com\/avatar\/56211ac74568383903349a1485e3c325?s=96&d=blank&r=g","caption":"Admin"},"url":"https:\/\/rioonwatch.org.br\/?author=129"}]}},"_links":{"self":[{"href":"https:\/\/rioonwatch.org.br\/index.php?rest_route=\/wp\/v2\/posts\/22549"}],"collection":[{"href":"https:\/\/rioonwatch.org.br\/index.php?rest_route=\/wp\/v2\/posts"}],"about":[{"href":"https:\/\/rioonwatch.org.br\/index.php?rest_route=\/wp\/v2\/types\/post"}],"author":[{"embeddable":true,"href":"https:\/\/rioonwatch.org.br\/index.php?rest_route=\/wp\/v2\/users\/129"}],"replies":[{"embeddable":true,"href":"https:\/\/rioonwatch.org.br\/index.php?rest_route=%2Fwp%2Fv2%2Fcomments&post=22549"}],"version-history":[{"count":11,"href":"https:\/\/rioonwatch.org.br\/index.php?rest_route=\/wp\/v2\/posts\/22549\/revisions"}],"predecessor-version":[{"id":22578,"href":"https:\/\/rioonwatch.org.br\/index.php?rest_route=\/wp\/v2\/posts\/22549\/revisions\/22578"}],"wp:featuredmedia":[{"embeddable":true,"href":"https:\/\/rioonwatch.org.br\/index.php?rest_route=\/wp\/v2\/media\/22552"}],"wp:attachment":[{"href":"https:\/\/rioonwatch.org.br\/index.php?rest_route=%2Fwp%2Fv2%2Fmedia&parent=22549"}],"wp:term":[{"taxonomy":"category","embeddable":true,"href":"https:\/\/rioonwatch.org.br\/index.php?rest_route=%2Fwp%2Fv2%2Fcategories&post=22549"},{"taxonomy":"post_tag","embeddable":true,"href":"https:\/\/rioonwatch.org.br\/index.php?rest_route=%2Fwp%2Fv2%2Ftags&post=22549"},{"taxonomy":"writer","embeddable":true,"href":"https:\/\/rioonwatch.org.br\/index.php?rest_route=%2Fwp%2Fv2%2Fwriter&post=22549"},{"taxonomy":"translator","embeddable":true,"href":"https:\/\/rioonwatch.org.br\/index.php?rest_route=%2Fwp%2Fv2%2Ftranslator&post=22549"},{"taxonomy":"source","embeddable":true,"href":"https:\/\/rioonwatch.org.br\/index.php?rest_route=%2Fwp%2Fv2%2Fsource&post=22549"},{"taxonomy":"ilustrador","embeddable":true,"href":"https:\/\/rioonwatch.org.br\/index.php?rest_route=%2Fwp%2Fv2%2Filustrador&post=22549"},{"taxonomy":"fotografo","embeddable":true,"href":"https:\/\/rioonwatch.org.br\/index.php?rest_route=%2Fwp%2Fv2%2Ffotografo&post=22549"}],"curies":[{"name":"wp","href":"https:\/\/api.w.org\/{rel}","templated":true}]}}