{"id":22590,"date":"2016-09-30T12:00:31","date_gmt":"2016-09-30T15:00:31","guid":{"rendered":"http:\/\/rioonwatch.org.br\/?p=22590"},"modified":"2024-09-23T09:22:14","modified_gmt":"2024-09-23T12:22:14","slug":"o-que-os-candidatos-a-prefeitura-do-rio-falam-sobre-habitacao-social","status":"publish","type":"post","link":"https:\/\/rioonwatch.org.br\/?p=22590","title":{"rendered":"O Que os Candidatos \u00e0 Prefeitura do Rio Falam Sobre Habita\u00e7\u00e3o Social?"},"content":{"rendered":"<p style=\"text-align: right;\"><em><strong><a href=\"http:\/\/bit.ly\/2cL8s3S\" target=\"_blank\" rel=\"noopener\">Click Here for English<img decoding=\"async\" width=\"20\" height=\"20\" class=\"alignright wp-image-15790\" src=\"http:\/\/rioonwatch.org.br\/wp-content\/uploads\/2012\/08\/EN-standard-e1439583104716.jpg\" alt=\"\" \/><\/a><\/strong><\/em><\/p>\n<p>Enquanto os\u00a0<a href=\"http:\/\/bit.ly\/2doFvNS\" target=\"_blank\" rel=\"noopener\">candidatos a prefeito do Rio<\/a> adentram sua \u00faltima semana de campanha antes das <a href=\"http:\/\/bit.ly\/2dfACU9\" target=\"_blank\" rel=\"noopener\">elei\u00e7\u00f5es de 2016<\/a> em 2 de outubro, n\u00f3s damos uma olhada nas propostas de habita\u00e7\u00e3o social. Dos 11 candidatos concorrendo a prefeito do Rio de Janeiro, apenas seis falam sobre habita\u00e7\u00e3o social em seus manifestos: <a href=\"http:\/\/bit.ly\/2dAknQP\" target=\"_blank\" rel=\"noopener\">Pedro Paulo Carvalho Teixeira<\/a> (PMDB); <a href=\"http:\/\/bit.ly\/2cGt79l\" target=\"_blank\" rel=\"noopener\">Marcelo Freixo<\/a> (PSOL); <a href=\"http:\/\/bit.ly\/2dh5THD\" target=\"_blank\" rel=\"noopener\">Cyro Garcia<\/a> (PSTU); <a href=\"http:\/\/bit.ly\/2d6Rega\" target=\"_blank\" rel=\"noopener\">Jandira Feghali<\/a> (PCdoB);\u00a0<a href=\"http:\/\/bit.ly\/2duarvZ\" target=\"_blank\" rel=\"noopener\">\u00cdndio da Costa<\/a> (PSD) e <a href=\"http:\/\/bit.ly\/2cR2rjH\" target=\"_blank\" rel=\"noopener\">Carlos Os\u00f3rio<\/a> (PSDB).<\/p>\n<p><span style=\"font-weight: 400;\">As ideias centrais de Pedro Paulo sobre habita\u00e7\u00e3o incluem o uso de propriedades vazias ou subutilizadas em \u00e1reas centrais como <a href=\"http:\/\/bit.ly\/11akTLK\" target=\"_blank\" rel=\"noopener\">unidades habitacionais p\u00fablicas<\/a>; a cria\u00e7\u00e3o de 27.600 novas unidades de habita\u00e7\u00e3o social; rejuvenescer o Bairro Maravilha\u2014programa existente h\u00e1 7 anos que visa a manuten\u00e7\u00e3o e a moderniza\u00e7\u00e3o da infraestrutura nas <a href=\"http:\/\/bit.ly\/WximDf\" target=\"_blank\" rel=\"noopener\">Zonas Norte<\/a> e <a href=\"http:\/\/bit.ly\/11tBmFR\" target=\"_blank\" rel=\"noopener\">Oeste<\/a>\u2014e retomar o <a href=\"http:\/\/bit.ly\/yUD1ZW\" target=\"_blank\" rel=\"noopener\">Morar Carioca<\/a>,\u00a0que Pedro Paulo <a href=\"http:\/\/bit.ly\/1muQwLu\" target=\"_blank\" rel=\"noopener\">afirma<\/a> j\u00e1 ter sido implementado em mais da metade das favelas da cidade. Al\u00e9m de se dizer retomando\u00a0<a href=\"http:\/\/bit.ly\/2d4Pbtf\" target=\"_blank\" rel=\"noopener\">pol\u00edticas eleitoreiras abandonadas<\/a>, Pedro Paulo prop\u00f5e uma nova iniciativa chamada Rio Carioca Local e Produ\u00e7\u00e3o Habitacional, onde novas unidades de habita\u00e7\u00e3o social ser\u00e3o compradas para \u201cpermitir o reassentamento e a aquisi\u00e7\u00e3o de habita\u00e7\u00e3o para fam\u00edlias de baixa renda\u201d&#8211;o que soa como uma iniciativa que permitiria que a pol\u00edtica de <a href=\"http:\/\/bit.ly\/X51Qvb\" target=\"_blank\" rel=\"noopener\">remo\u00e7\u00f5es<\/a> continuasse. <\/span><\/p>\n<p><a href=\"http:\/\/rioonwatch.org.br\/wp-content\/uploads\/2016\/09\/collage-2016-09-222-2.jpg\"><img fetchpriority=\"high\" decoding=\"async\" class=\"aligncenter wp-image-22596 size-thumbnail\" title=\"Candidatos a prefeito de 2016, da esquerda para a direita: Cryo Garcia; Marcelo Freixo; Jandira Feghali; Marcelo Crivella\" src=\"http:\/\/rioonwatch.org.br\/wp-content\/uploads\/2016\/09\/collage-2016-09-222-2-620x155.jpg\" alt=\"collage-2016-09-222\" width=\"620\" height=\"155\" srcset=\"https:\/\/rioonwatch.org.br\/wp-content\/uploads\/2016\/09\/collage-2016-09-222-2-620x155.jpg 620w, https:\/\/rioonwatch.org.br\/wp-content\/uploads\/2016\/09\/collage-2016-09-222-2-768x193.jpg 768w, https:\/\/rioonwatch.org.br\/wp-content\/uploads\/2016\/09\/collage-2016-09-222-2.jpg 933w\" sizes=\"(max-width: 620px) 100vw, 620px\" \/><\/a><\/p>\n<p><span style=\"font-weight: 400;\">Pedro Paulo, Marcelo Freixo e Cyro Garcia querem usar propriedades vazias ou subutilizadas para habita\u00e7\u00e3o social. Freixo espera modernizar habita\u00e7\u00f5es sociais j\u00e1 existentes e implementar novos programas de habita\u00e7\u00e3o social, mas n\u00e3o especificados, e tamb\u00e9m prop\u00f5e o redirecionamento do p\u00fablico desses programas para \u00e1reas que j\u00e1 possuam uma infraestrutura consolidada. <\/span><\/p>\n<p><span style=\"font-weight: 400;\">Jandira Feghali e \u00cdndio da Costa querem dar mais estabilidade ao programa habita\u00e7\u00e3o p\u00fablica <a href=\"http:\/\/bit.ly\/Y4U9oJ\" target=\"_blank\" rel=\"noopener\">Minha Casa Minha Vida<\/a>, embora \u00cdndio da Costa queira fazer isso atrav\u00e9s de <a href=\"http:\/\/bit.ly\/1Rq1j7H\" target=\"_blank\" rel=\"noopener\">parcerias p\u00fablico-privadas<\/a>, enquanto Jandira Feghali se concentra em expandi-lo para continuar a apoiar os jovens da cidade e as mulheres benefici\u00e1rias do programa. Um ponto que permanece no programa de habita\u00e7\u00e3o de \u00cdndio da Costa \u00e9 o reassentamento de fam\u00edlias que vivem em \u00e1reas de risco. As outras propostas de Jandira Feghali incluem o uso do financiamento do estado para ajudar aos jovens terem acesso a moradia, a manuten\u00e7\u00e3o do Programa de Habita\u00e7\u00e3o de Interesse Social (HIS)\u00a0e a utiliza\u00e7\u00e3o da participa\u00e7\u00e3o local para reavaliar o Plano Diretor da cidade, o Plano Municipal de Habita\u00e7\u00e3o de Interesse\u00a0Social\u00a0e o\u00a0Plano de Habita\u00e7\u00e3o de Interesse Social do Porto Maravilha (PHIS).<\/span><\/p>\n<p><span style=\"font-weight: 400;\">Faltam detalhes \u00e0s propostas de habita\u00e7\u00e3o social de Os\u00f3rio, apenas sugerindo o encorajamento de programas de habita\u00e7\u00e3o j\u00e1 existentes e a procura por \u00e1reas municipais com terras dispon\u00edveis para uso em projetos de moradia n\u00e3o especificados. Marcelo Crivella (PRB e atualmente \u00e0 frente nas pesquisas), Alessandro Molon (REDE), Carmen Migueles (NOVO), Thelma Bastos (PCO) e Fl\u00e1vio Bolsonaro (PSC) n\u00e3o fazem men\u00e7\u00e3o a moradia social em seus manifestos. <\/span><\/p>\n<p><a href=\"http:\/\/rioonwatch.org.br\/wp-content\/uploads\/2016\/09\/collage-2016-09-223-1.jpg\"><img decoding=\"async\" class=\"aligncenter wp-image-22598 size-thumbnail\" title=\"Candidatos a prefeito de 2016, da esquerda para a direita: Indio da Costa; Thelma Bastos; Fl\u00e1vio Bolsonaro\" src=\"http:\/\/rioonwatch.org.br\/wp-content\/uploads\/2016\/09\/collage-2016-09-223-1-620x158.jpg\" alt=\"collage-2016-09-223\" width=\"620\" height=\"158\" srcset=\"https:\/\/rioonwatch.org.br\/wp-content\/uploads\/2016\/09\/collage-2016-09-223-1-620x158.jpg 620w, https:\/\/rioonwatch.org.br\/wp-content\/uploads\/2016\/09\/collage-2016-09-223-1-768x196.jpg 768w, https:\/\/rioonwatch.org.br\/wp-content\/uploads\/2016\/09\/collage-2016-09-223-1.jpg 933w\" sizes=\"(max-width: 620px) 100vw, 620px\" \/><\/a><\/p>\n<!-- AddThis Advanced Settings generic via filter on the_content --><!-- AddThis Share Buttons generic via filter on the_content -->","protected":false},"excerpt":{"rendered":"<div class=\"mh-excerpt\"><p>Click Here for English Enquanto os\u00a0candidatos a prefeito do Rio adentram sua \u00faltima semana de campanha antes das elei\u00e7\u00f5es de 2016 em 2 de outubro, n\u00f3s damos uma olhada nas propostas de habita\u00e7\u00e3o social. Dos <a class=\"mh-excerpt-more\" href=\"https:\/\/rioonwatch.org.br\/?p=22590\" title=\"O Que os Candidatos \u00e0 Prefeitura do Rio Falam Sobre Habita\u00e7\u00e3o Social?\">[&#8230;]<\/a><!-- AddThis Advanced Settings generic via filter on get_the_excerpt --><!-- AddThis Share Buttons generic via filter on get_the_excerpt --><\/p>\n<\/div>","protected":false},"author":129,"featured_media":22592,"comment_status":"closed","ping_status":"closed","sticky":false,"template":"","format":"standard","meta":{"_acf_changed":false,"_monsterinsights_skip_tracking":false,"_monsterinsights_sitenote_active":false,"_monsterinsights_sitenote_note":"","_monsterinsights_sitenote_category":0,"footnotes":""},"categories":[1626,344],"tags":[1926,3470,1927,1976,1977,1975,457,480,1979,909,994,1980,1981,1982,483,246,1037,1729,1033,838,494,14,1993,218,184],"writer":[1797],"translator":[1862],"source":[],"ilustrador":[],"fotografo":[],"class_list":{"0":"post-22590","1":"post","2":"type-post","3":"status-publish","4":"format-standard","5":"has-post-thumbnail","7":"category-por-observadores-internacionais","8":"category-politicas","9":"tag-alessandro-molon","10":"tag-bairro-maravilha","11":"tag-carlos-osorio","12":"tag-carmen-migueles","13":"tag-cyro-garcia","14":"tag-eleicao-municipal-2016","15":"tag-eleicoes","16":"tag-eleitoreiro","17":"tag-flavio-bolsonaro","18":"tag-habitacao-acessivel","19":"tag-habitacao-publica","20":"tag-indio-da-costa","21":"tag-jandira-feghali","22":"tag-marcelo-crivella","23":"tag-marcelo-freixo","24":"tag-minha-casa-minha-vida","25":"tag-moradia","26":"tag-pedro-paulo-caravalho-teixeira","27":"tag-politica","28":"tag-politica-publica","29":"tag-regiao-do-porto","30":"tag-remocao","31":"tag-thelma-bastos","32":"tag-zona-norte","33":"tag-zona-oeste","34":"writer-ciara-long","35":"translator-caroline-quintanilha"},"acf":[],"yoast_head":"<!-- This site is optimized with the Yoast SEO plugin v25.6 - https:\/\/yoast.com\/wordpress\/plugins\/seo\/ -->\n<title>O Que os Candidatos \u00e0 Prefeitura do Rio Falam Sobre Habita\u00e7\u00e3o Social? - RioOnWatch<\/title>\n<meta name=\"robots\" content=\"index, follow, max-snippet:-1, max-image-preview:large, max-video-preview:-1\" \/>\n<link rel=\"canonical\" href=\"https:\/\/rioonwatch.org.br\/?p=22590\" \/>\n<meta property=\"og:locale\" content=\"pt_BR\" \/>\n<meta property=\"og:type\" content=\"article\" \/>\n<meta property=\"og:title\" content=\"O Que os Candidatos \u00e0 Prefeitura do Rio Falam Sobre Habita\u00e7\u00e3o Social? - RioOnWatch\" \/>\n<meta property=\"og:description\" content=\"Click Here for English Enquanto os\u00a0candidatos a prefeito do Rio adentram sua \u00faltima semana de campanha antes das elei\u00e7\u00f5es de 2016 em 2 de outubro, n\u00f3s damos uma olhada nas propostas de habita\u00e7\u00e3o social. Dos [...]\" \/>\n<meta property=\"og:url\" content=\"https:\/\/rioonwatch.org.br\/?p=22590\" \/>\n<meta property=\"og:site_name\" content=\"RioOnWatch\" \/>\n<meta property=\"article:published_time\" content=\"2016-09-30T15:00:31+00:00\" \/>\n<meta property=\"article:modified_time\" content=\"2024-09-23T12:22:14+00:00\" \/>\n<meta property=\"og:image\" content=\"https:\/\/rioonwatch.org.br\/wp-content\/uploads\/2016\/09\/collage-2016-09-221-1.jpg\" \/>\n\t<meta property=\"og:image:width\" content=\"933\" \/>\n\t<meta property=\"og:image:height\" content=\"236\" \/>\n\t<meta property=\"og:image:type\" content=\"image\/jpeg\" \/>\n<meta name=\"author\" content=\"Admin\" \/>\n<meta name=\"twitter:card\" content=\"summary_large_image\" \/>\n<meta name=\"twitter:label1\" content=\"Escrito por\" \/>\n\t<meta name=\"twitter:data1\" content=\"Admin\" \/>\n\t<meta name=\"twitter:label2\" content=\"Est. tempo de leitura\" \/>\n\t<meta name=\"twitter:data2\" content=\"4 minutos\" \/>\n<script type=\"application\/ld+json\" class=\"yoast-schema-graph\">{\"@context\":\"https:\/\/schema.org\",\"@graph\":[{\"@type\":\"Article\",\"@id\":\"https:\/\/rioonwatch.org.br\/?p=22590#article\",\"isPartOf\":{\"@id\":\"https:\/\/rioonwatch.org.br\/?p=22590\"},\"author\":{\"name\":\"Admin\",\"@id\":\"https:\/\/rioonwatch.org.br\/#\/schema\/person\/11d64c290506f9df50c71b850c473f68\"},\"headline\":\"O Que os Candidatos \u00e0 Prefeitura do Rio Falam Sobre Habita\u00e7\u00e3o Social?\",\"datePublished\":\"2016-09-30T15:00:31+00:00\",\"dateModified\":\"2024-09-23T12:22:14+00:00\",\"mainEntityOfPage\":{\"@id\":\"https:\/\/rioonwatch.org.br\/?p=22590\"},\"wordCount\":518,\"publisher\":{\"@id\":\"https:\/\/rioonwatch.org.br\/#organization\"},\"image\":{\"@id\":\"https:\/\/rioonwatch.org.br\/?p=22590#primaryimage\"},\"thumbnailUrl\":\"https:\/\/rioonwatch.org.br\/wp-content\/uploads\/2016\/09\/collage-2016-09-221-1.jpg\",\"keywords\":[\"Alessandro Molon\",\"Bairro Maravilha\",\"Carlos Os\u00f3rio\",\"Carmen Migueles\",\"Cyro Garcia\",\"elei\u00e7\u00e3o municipal 2016\",\"Elei\u00e7\u00f5es\",\"eleitoralismo\",\"Fl\u00e1vio Bolsonaro\",\"habita\u00e7\u00e3o acess\u00edvel\",\"habita\u00e7\u00e3o p\u00fablica\",\"\u00cdndio da Costa\",\"Jandira Feghali\",\"Marcelo Crivella\",\"Marcelo Freixo\",\"Minha Casa Minha Vida\",\"moradia\",\"Pedro Paulo Caravalho Teixeira\",\"pol\u00edtica\",\"pol\u00edtica p\u00fablica\",\"Regi\u00e3o do Porto\",\"Remo\u00e7\u00e3o\",\"Thelma Bastos\",\"Zona Norte\",\"Zona Oeste\"],\"articleSection\":[\"Escrito por Aliados\",\"Pol\u00edticas\"],\"inLanguage\":\"pt-BR\"},{\"@type\":\"WebPage\",\"@id\":\"https:\/\/rioonwatch.org.br\/?p=22590\",\"url\":\"https:\/\/rioonwatch.org.br\/?p=22590\",\"name\":\"O Que os Candidatos \u00e0 Prefeitura do Rio Falam Sobre Habita\u00e7\u00e3o Social? - RioOnWatch\",\"isPartOf\":{\"@id\":\"https:\/\/rioonwatch.org.br\/#website\"},\"primaryImageOfPage\":{\"@id\":\"https:\/\/rioonwatch.org.br\/?p=22590#primaryimage\"},\"image\":{\"@id\":\"https:\/\/rioonwatch.org.br\/?p=22590#primaryimage\"},\"thumbnailUrl\":\"https:\/\/rioonwatch.org.br\/wp-content\/uploads\/2016\/09\/collage-2016-09-221-1.jpg\",\"datePublished\":\"2016-09-30T15:00:31+00:00\",\"dateModified\":\"2024-09-23T12:22:14+00:00\",\"breadcrumb\":{\"@id\":\"https:\/\/rioonwatch.org.br\/?p=22590#breadcrumb\"},\"inLanguage\":\"pt-BR\",\"potentialAction\":[{\"@type\":\"ReadAction\",\"target\":[\"https:\/\/rioonwatch.org.br\/?p=22590\"]}]},{\"@type\":\"ImageObject\",\"inLanguage\":\"pt-BR\",\"@id\":\"https:\/\/rioonwatch.org.br\/?p=22590#primaryimage\",\"url\":\"https:\/\/rioonwatch.org.br\/wp-content\/uploads\/2016\/09\/collage-2016-09-221-1.jpg\",\"contentUrl\":\"https:\/\/rioonwatch.org.br\/wp-content\/uploads\/2016\/09\/collage-2016-09-221-1.jpg\",\"width\":933,\"height\":236},{\"@type\":\"BreadcrumbList\",\"@id\":\"https:\/\/rioonwatch.org.br\/?p=22590#breadcrumb\",\"itemListElement\":[{\"@type\":\"ListItem\",\"position\":1,\"name\":\"In\u00edcio\",\"item\":\"https:\/\/rioonwatch.org.br\/\"},{\"@type\":\"ListItem\",\"position\":2,\"name\":\"O Que os Candidatos \u00e0 Prefeitura do Rio Falam Sobre Habita\u00e7\u00e3o Social?\"}]},{\"@type\":\"WebSite\",\"@id\":\"https:\/\/rioonwatch.org.br\/#website\",\"url\":\"https:\/\/rioonwatch.org.br\/\",\"name\":\"RioOnWatch\",\"description\":\"relatos das favelas cariocas\",\"publisher\":{\"@id\":\"https:\/\/rioonwatch.org.br\/#organization\"},\"potentialAction\":[{\"@type\":\"SearchAction\",\"target\":{\"@type\":\"EntryPoint\",\"urlTemplate\":\"https:\/\/rioonwatch.org.br\/?s={search_term_string}\"},\"query-input\":{\"@type\":\"PropertyValueSpecification\",\"valueRequired\":true,\"valueName\":\"search_term_string\"}}],\"inLanguage\":\"pt-BR\"},{\"@type\":\"Organization\",\"@id\":\"https:\/\/rioonwatch.org.br\/#organization\",\"name\":\"RioOnWatch\",\"url\":\"https:\/\/rioonwatch.org.br\/\",\"logo\":{\"@type\":\"ImageObject\",\"inLanguage\":\"pt-BR\",\"@id\":\"https:\/\/rioonwatch.org.br\/#\/schema\/logo\/image\/\",\"url\":\"https:\/\/rioonwatch.org.br\/wp-content\/uploads\/2021\/06\/RioOnWatchcabecalhoPT11anos-2.png\",\"contentUrl\":\"https:\/\/rioonwatch.org.br\/wp-content\/uploads\/2021\/06\/RioOnWatchcabecalhoPT11anos-2.png\",\"width\":779,\"height\":277,\"caption\":\"RioOnWatch\"},\"image\":{\"@id\":\"https:\/\/rioonwatch.org.br\/#\/schema\/logo\/image\/\"}},{\"@type\":\"Person\",\"@id\":\"https:\/\/rioonwatch.org.br\/#\/schema\/person\/11d64c290506f9df50c71b850c473f68\",\"name\":\"Admin\",\"image\":{\"@type\":\"ImageObject\",\"inLanguage\":\"pt-BR\",\"@id\":\"https:\/\/rioonwatch.org.br\/#\/schema\/person\/image\/\",\"url\":\"https:\/\/secure.gravatar.com\/avatar\/56211ac74568383903349a1485e3c325?s=96&d=blank&r=g\",\"contentUrl\":\"https:\/\/secure.gravatar.com\/avatar\/56211ac74568383903349a1485e3c325?s=96&d=blank&r=g\",\"caption\":\"Admin\"},\"url\":\"https:\/\/rioonwatch.org.br\/?author=129\"}]}<\/script>\n<!-- \/ Yoast SEO plugin. -->","yoast_head_json":{"title":"O Que os Candidatos \u00e0 Prefeitura do Rio Falam Sobre Habita\u00e7\u00e3o Social? - RioOnWatch","robots":{"index":"index","follow":"follow","max-snippet":"max-snippet:-1","max-image-preview":"max-image-preview:large","max-video-preview":"max-video-preview:-1"},"canonical":"https:\/\/rioonwatch.org.br\/?p=22590","og_locale":"pt_BR","og_type":"article","og_title":"O Que os Candidatos \u00e0 Prefeitura do Rio Falam Sobre Habita\u00e7\u00e3o Social? - RioOnWatch","og_description":"Click Here for English Enquanto os\u00a0candidatos a prefeito do Rio adentram sua \u00faltima semana de campanha antes das elei\u00e7\u00f5es de 2016 em 2 de outubro, n\u00f3s damos uma olhada nas propostas de habita\u00e7\u00e3o social. Dos [...]","og_url":"https:\/\/rioonwatch.org.br\/?p=22590","og_site_name":"RioOnWatch","article_published_time":"2016-09-30T15:00:31+00:00","article_modified_time":"2024-09-23T12:22:14+00:00","og_image":[{"width":933,"height":236,"url":"https:\/\/rioonwatch.org.br\/wp-content\/uploads\/2016\/09\/collage-2016-09-221-1.jpg","type":"image\/jpeg"}],"author":"Admin","twitter_card":"summary_large_image","twitter_misc":{"Escrito por":"Admin","Est. tempo de leitura":"4 minutos"},"schema":{"@context":"https:\/\/schema.org","@graph":[{"@type":"Article","@id":"https:\/\/rioonwatch.org.br\/?p=22590#article","isPartOf":{"@id":"https:\/\/rioonwatch.org.br\/?p=22590"},"author":{"name":"Admin","@id":"https:\/\/rioonwatch.org.br\/#\/schema\/person\/11d64c290506f9df50c71b850c473f68"},"headline":"O Que os Candidatos \u00e0 Prefeitura do Rio Falam Sobre Habita\u00e7\u00e3o Social?","datePublished":"2016-09-30T15:00:31+00:00","dateModified":"2024-09-23T12:22:14+00:00","mainEntityOfPage":{"@id":"https:\/\/rioonwatch.org.br\/?p=22590"},"wordCount":518,"publisher":{"@id":"https:\/\/rioonwatch.org.br\/#organization"},"image":{"@id":"https:\/\/rioonwatch.org.br\/?p=22590#primaryimage"},"thumbnailUrl":"https:\/\/rioonwatch.org.br\/wp-content\/uploads\/2016\/09\/collage-2016-09-221-1.jpg","keywords":["Alessandro Molon","Bairro Maravilha","Carlos Os\u00f3rio","Carmen Migueles","Cyro Garcia","elei\u00e7\u00e3o municipal 2016","Elei\u00e7\u00f5es","eleitoralismo","Fl\u00e1vio Bolsonaro","habita\u00e7\u00e3o acess\u00edvel","habita\u00e7\u00e3o p\u00fablica","\u00cdndio da Costa","Jandira Feghali","Marcelo Crivella","Marcelo Freixo","Minha Casa Minha Vida","moradia","Pedro Paulo Caravalho Teixeira","pol\u00edtica","pol\u00edtica p\u00fablica","Regi\u00e3o do Porto","Remo\u00e7\u00e3o","Thelma Bastos","Zona Norte","Zona Oeste"],"articleSection":["Escrito por Aliados","Pol\u00edticas"],"inLanguage":"pt-BR"},{"@type":"WebPage","@id":"https:\/\/rioonwatch.org.br\/?p=22590","url":"https:\/\/rioonwatch.org.br\/?p=22590","name":"O Que os Candidatos \u00e0 Prefeitura do Rio Falam Sobre Habita\u00e7\u00e3o Social? - RioOnWatch","isPartOf":{"@id":"https:\/\/rioonwatch.org.br\/#website"},"primaryImageOfPage":{"@id":"https:\/\/rioonwatch.org.br\/?p=22590#primaryimage"},"image":{"@id":"https:\/\/rioonwatch.org.br\/?p=22590#primaryimage"},"thumbnailUrl":"https:\/\/rioonwatch.org.br\/wp-content\/uploads\/2016\/09\/collage-2016-09-221-1.jpg","datePublished":"2016-09-30T15:00:31+00:00","dateModified":"2024-09-23T12:22:14+00:00","breadcrumb":{"@id":"https:\/\/rioonwatch.org.br\/?p=22590#breadcrumb"},"inLanguage":"pt-BR","potentialAction":[{"@type":"ReadAction","target":["https:\/\/rioonwatch.org.br\/?p=22590"]}]},{"@type":"ImageObject","inLanguage":"pt-BR","@id":"https:\/\/rioonwatch.org.br\/?p=22590#primaryimage","url":"https:\/\/rioonwatch.org.br\/wp-content\/uploads\/2016\/09\/collage-2016-09-221-1.jpg","contentUrl":"https:\/\/rioonwatch.org.br\/wp-content\/uploads\/2016\/09\/collage-2016-09-221-1.jpg","width":933,"height":236},{"@type":"BreadcrumbList","@id":"https:\/\/rioonwatch.org.br\/?p=22590#breadcrumb","itemListElement":[{"@type":"ListItem","position":1,"name":"In\u00edcio","item":"https:\/\/rioonwatch.org.br\/"},{"@type":"ListItem","position":2,"name":"O Que os Candidatos \u00e0 Prefeitura do Rio Falam Sobre Habita\u00e7\u00e3o Social?"}]},{"@type":"WebSite","@id":"https:\/\/rioonwatch.org.br\/#website","url":"https:\/\/rioonwatch.org.br\/","name":"RioOnWatch","description":"relatos das favelas cariocas","publisher":{"@id":"https:\/\/rioonwatch.org.br\/#organization"},"potentialAction":[{"@type":"SearchAction","target":{"@type":"EntryPoint","urlTemplate":"https:\/\/rioonwatch.org.br\/?s={search_term_string}"},"query-input":{"@type":"PropertyValueSpecification","valueRequired":true,"valueName":"search_term_string"}}],"inLanguage":"pt-BR"},{"@type":"Organization","@id":"https:\/\/rioonwatch.org.br\/#organization","name":"RioOnWatch","url":"https:\/\/rioonwatch.org.br\/","logo":{"@type":"ImageObject","inLanguage":"pt-BR","@id":"https:\/\/rioonwatch.org.br\/#\/schema\/logo\/image\/","url":"https:\/\/rioonwatch.org.br\/wp-content\/uploads\/2021\/06\/RioOnWatchcabecalhoPT11anos-2.png","contentUrl":"https:\/\/rioonwatch.org.br\/wp-content\/uploads\/2021\/06\/RioOnWatchcabecalhoPT11anos-2.png","width":779,"height":277,"caption":"RioOnWatch"},"image":{"@id":"https:\/\/rioonwatch.org.br\/#\/schema\/logo\/image\/"}},{"@type":"Person","@id":"https:\/\/rioonwatch.org.br\/#\/schema\/person\/11d64c290506f9df50c71b850c473f68","name":"Admin","image":{"@type":"ImageObject","inLanguage":"pt-BR","@id":"https:\/\/rioonwatch.org.br\/#\/schema\/person\/image\/","url":"https:\/\/secure.gravatar.com\/avatar\/56211ac74568383903349a1485e3c325?s=96&d=blank&r=g","contentUrl":"https:\/\/secure.gravatar.com\/avatar\/56211ac74568383903349a1485e3c325?s=96&d=blank&r=g","caption":"Admin"},"url":"https:\/\/rioonwatch.org.br\/?author=129"}]}},"_links":{"self":[{"href":"https:\/\/rioonwatch.org.br\/index.php?rest_route=\/wp\/v2\/posts\/22590"}],"collection":[{"href":"https:\/\/rioonwatch.org.br\/index.php?rest_route=\/wp\/v2\/posts"}],"about":[{"href":"https:\/\/rioonwatch.org.br\/index.php?rest_route=\/wp\/v2\/types\/post"}],"author":[{"embeddable":true,"href":"https:\/\/rioonwatch.org.br\/index.php?rest_route=\/wp\/v2\/users\/129"}],"replies":[{"embeddable":true,"href":"https:\/\/rioonwatch.org.br\/index.php?rest_route=%2Fwp%2Fv2%2Fcomments&post=22590"}],"version-history":[{"count":11,"href":"https:\/\/rioonwatch.org.br\/index.php?rest_route=\/wp\/v2\/posts\/22590\/revisions"}],"predecessor-version":[{"id":75775,"href":"https:\/\/rioonwatch.org.br\/index.php?rest_route=\/wp\/v2\/posts\/22590\/revisions\/75775"}],"wp:featuredmedia":[{"embeddable":true,"href":"https:\/\/rioonwatch.org.br\/index.php?rest_route=\/wp\/v2\/media\/22592"}],"wp:attachment":[{"href":"https:\/\/rioonwatch.org.br\/index.php?rest_route=%2Fwp%2Fv2%2Fmedia&parent=22590"}],"wp:term":[{"taxonomy":"category","embeddable":true,"href":"https:\/\/rioonwatch.org.br\/index.php?rest_route=%2Fwp%2Fv2%2Fcategories&post=22590"},{"taxonomy":"post_tag","embeddable":true,"href":"https:\/\/rioonwatch.org.br\/index.php?rest_route=%2Fwp%2Fv2%2Ftags&post=22590"},{"taxonomy":"writer","embeddable":true,"href":"https:\/\/rioonwatch.org.br\/index.php?rest_route=%2Fwp%2Fv2%2Fwriter&post=22590"},{"taxonomy":"translator","embeddable":true,"href":"https:\/\/rioonwatch.org.br\/index.php?rest_route=%2Fwp%2Fv2%2Ftranslator&post=22590"},{"taxonomy":"source","embeddable":true,"href":"https:\/\/rioonwatch.org.br\/index.php?rest_route=%2Fwp%2Fv2%2Fsource&post=22590"},{"taxonomy":"ilustrador","embeddable":true,"href":"https:\/\/rioonwatch.org.br\/index.php?rest_route=%2Fwp%2Fv2%2Filustrador&post=22590"},{"taxonomy":"fotografo","embeddable":true,"href":"https:\/\/rioonwatch.org.br\/index.php?rest_route=%2Fwp%2Fv2%2Ffotografo&post=22590"}],"curies":[{"name":"wp","href":"https:\/\/api.w.org\/{rel}","templated":true}]}}