{"id":22622,"date":"2016-10-03T07:00:11","date_gmt":"2016-10-03T10:00:11","guid":{"rendered":"http:\/\/rioonwatch.org.br\/?p=22622"},"modified":"2024-06-20T16:25:40","modified_gmt":"2024-06-20T19:25:40","slug":"ciclista-de-queimados-clama-pela-igualdade-da-infraestrutura-de-transporte-na-baixada","status":"publish","type":"post","link":"https:\/\/rioonwatch.org.br\/?p=22622","title":{"rendered":"Ciclista de Queimados Clama pela Igualdade da Infraestrutura de Transporte na Baixada"},"content":{"rendered":"<p style=\"text-align: right;\"><em><strong><a href=\"http:\/\/bit.ly\/2dbMHIK\" target=\"_blank\" rel=\"noopener\">Click Here for English<img decoding=\"async\" width=\"20\" height=\"20\" class=\"alignright wp-image-15790\" src=\"http:\/\/rioonwatch.org.br\/wp-content\/uploads\/2012\/08\/EN-standard-e1439583104716.jpg\" alt=\"\" \/><\/a><\/strong><\/em><\/p>\n<p>O ativista ciclista Carlos Leandro de Oliveira, 35 anos, conta que seu interesse pelo ciclismo come\u00e7ou durante um momento de dificuldades financeiras. \u201c<span style=\"font-weight: 400;\">Eu estava tr\u00eas dias sem receber meu sal\u00e1rio<\/span>\u201d, ele diz. \u201cN<span style=\"font-weight: 400;\">\u00e3o tinha dinheiro para pagar a passagem do \u00f4nibus para ir para o trabalho. Ent\u00e3o, comecei a ir de <a href=\"http:\/\/bit.ly\/1dZZnRL\" target=\"_blank\" rel=\"noopener\">Queimados<\/a> para o Rio de bicicleta. E a\u00ed eu vi que eu podia usar a bicicleta como meio de transporte, e deste modo eu n\u00e3o dependia do <a href=\"http:\/\/bit.ly\/1MUX0u9\" target=\"_blank\" rel=\"noopener\">transporte p\u00fablico<\/a>&#8220;.<\/span>\u00a0Desde ent\u00e3o Leandro se dedica \u00e0 promo\u00e7\u00e3o do ciclismo como um m\u00e9todo de transporte mais barato e mais sustent\u00e1vel em Queimados e <a href=\"http:\/\/bit.ly\/2ceVTuy\" target=\"_blank\" rel=\"noopener\">Japeri<\/a>, munic\u00edpios localizados na <a href=\"http:\/\/bit.ly\/1IgJzSA\" target=\"_blank\" rel=\"noopener\">Baixada Fluminense<\/a> na\u00a0<a href=\"http:\/\/bit.ly\/1IuqD7P\" target=\"_blank\" rel=\"noopener\">Grande Rio<\/a>.<\/p>\n<p>Carlos Leandro nasceu e foi criado em Queimados e estudou gest\u00e3o ambiental na Universidade Carlos Branco. Seu atual servi\u00e7o de consultoria ambiental visa \u201ce<span style=\"font-weight: 400;\">stimular atrav\u00e9s do engajamento do poder p\u00fablico, da sociedade civil, das unidades de ensino e da iniciativa privada a ado\u00e7\u00e3o da bicicleta como meio de transporte para que possamos ter uma cidade mais humana e menos motorizada&#8221;.<\/span>\u00a0Sob o pseud\u00f4nimo de ativista, <a href=\"http:\/\/bit.ly\/2cn6Ezl\" target=\"_blank\" rel=\"noopener\">Carlos GreenBike<\/a>, Carlos Leandro planeja pedalar em novembro na regi\u00e3o\u00a0do Rio Doce em Minas Gerais, em reconhecimento do <a href=\"http:\/\/bit.ly\/2dqcImP\" target=\"_blank\" rel=\"noopener\">tr\u00e1gico e gigantesco rompimento das barragens e deslizamento de terra t\u00f3xica que ocorreu no local de minera\u00e7\u00e3o da Samarco, em Mariana<\/a> no ano passado. \u201cO objetivo \u00e9 ver o que realmente aconteceu, e ver como os moradores est\u00e3o um ano depois&#8221;, ele diz, observando que \u00e9 f\u00e1cil para o p\u00fablico esquecer sobre incidentes como esse uma vez que a primeira onda de not\u00edcias passa.<\/p>\n<p><a href=\"http:\/\/rioonwatch.org.br\/wp-content\/uploads\/2016\/09\/7.jpg\"><img fetchpriority=\"high\" decoding=\"async\" class=\"aligncenter wp-image-22627 size-medium\" title=\"Carlos Leandro, no centro, durante a bicicletada metropolitana da Casa Fluminense\" src=\"http:\/\/rioonwatch.org.br\/wp-content\/uploads\/2016\/09\/7-620x414.jpg\" alt=\"7\" width=\"620\" height=\"414\" srcset=\"https:\/\/rioonwatch.org.br\/wp-content\/uploads\/2016\/09\/7-620x414.jpg 620w, https:\/\/rioonwatch.org.br\/wp-content\/uploads\/2016\/09\/7-396x264.jpg 396w, https:\/\/rioonwatch.org.br\/wp-content\/uploads\/2016\/09\/7.jpg 640w\" sizes=\"(max-width: 620px) 100vw, 620px\" \/><\/a><\/p>\n<p>Carlos Leandro participou recentemente da <a href=\"http:\/\/bit.ly\/2bZalLi\" target=\"_blank\" rel=\"noopener\">Bicicletada Metropolitana\u00a0da Casa Fluminense<\/a>\u00a0como parte da campanha <a href=\"http:\/\/bit.ly\/2dAlb72\" target=\"_blank\" rel=\"noopener\">#Rio2017<\/a>. A campanha visa chamar a aten\u00e7\u00e3o para as metas do desenvolvimento do Rio p\u00f3s-Olimp\u00edadas e promover um conceito mais unificado do Rio, de modo a ser inclusivo com a grande \u00e1rea metropolitana, que \u00e9 o <a href=\"http:\/\/bit.ly\/2afK7AJ\" target=\"_blank\" rel=\"noopener\">lar de 74% da popula\u00e7\u00e3o do estado<\/a>. De acordo com a <a href=\"http:\/\/bit.ly\/2dIaCD9\" target=\"_blank\" rel=\"noopener\">Casa Fluminense<\/a>, mais de metade dos moradores de Japeri gastam <a href=\"http:\/\/bit.ly\/2afK7AJ\" target=\"_blank\" rel=\"noopener\">mais de uma hora<\/a> no deslocamento para o trabalho todos os dias, contribuindo para o \u00edndice de expectativa de vida dos moradores de Japeri que \u00e9 dois anos menor do que a dos moradores do Rio. Como Leandro ressalta:<\/p>\n<blockquote><p><em><span style=\"font-weight: 400;\">&#8220;<\/span><\/em><span style=\"font-weight: 400;\">A Prefeitura do Rio sempre diz que o Rio tem a maior malha ciclovi\u00e1ria da Am\u00e9rica Latina, mas eu pergunto: ciclovia para quem? <a href=\"http:\/\/bit.ly\/29Z6okk\" target=\"_blank\" rel=\"noopener\">Majoritariamente as ciclovias do Rio de Janeiro est\u00e3o na Zona Sul<\/a>. Se voc\u00ea est\u00e1 vindo da Baixada Fluminense e desce na esta\u00e7\u00e3o Central do Brasil, voc\u00ea n\u00e3o tem como chegar por meio da ciclovia at\u00e9 o Aterro. Para chegar na ciclovia voc\u00ea tem que passar pela rua, no meio do tr\u00e1fico.&#8221;<\/span><\/p><\/blockquote>\n<p>Leandro descreve uma s\u00e9rie de obst\u00e1culos enfrentados para se deslocar de bicicleta, por aqueles que vivem fora do Centro da cidade do Rio. Bicicletas s\u00e3o apenas autorizadas nos sistemas de trem e metr\u00f4 depois das 21h durante a semana e nos finais de semana. \u201c<span style=\"font-weight: 400;\">Falta estrutura dentro do trem pra deixar a bicicleta<\/span>\u201d ele diz, \u201ce as pessoas olham para voc\u00ea como se fosse um extraterrestre&#8221;.<\/p>\n<p>Leandro tamb\u00e9m destaca a falta de lugares para prender as bicicletas: \u201cEm Queimados, muitas pessoas andam de bicicleta at\u00e9 a esta\u00e7\u00e3o, mas n\u00e3o tem onde trancar as bicicletas e os furtos de bicicleta s\u00e3o muito altos. Voc\u00ea n\u00e3o pode ir de bicicleta para fazer compras e deix\u00e1-la do lado de fora e ficar tranquilo. Voc\u00ea tem que ficar de olho nela sempre&#8221;.<\/p>\n<figure id=\"attachment_22628\" aria-describedby=\"caption-attachment-22628\" style=\"width: 620px\" class=\"wp-caption aligncenter\"><a href=\"http:\/\/rioonwatch.org.br\/wp-content\/uploads\/2016\/09\/malha_rio.jpg\"><img decoding=\"async\" class=\"wp-image-22628 size-medium\" title=\"A maioria dos mapas de ciclovias no Rio nem sequer incluem a Baixada Fluminense.\" src=\"http:\/\/rioonwatch.org.br\/wp-content\/uploads\/2016\/09\/malha_rio-620x308.jpg\" alt=\"malha_rio\" width=\"620\" height=\"308\" srcset=\"https:\/\/rioonwatch.org.br\/wp-content\/uploads\/2016\/09\/malha_rio-620x308.jpg 620w, https:\/\/rioonwatch.org.br\/wp-content\/uploads\/2016\/09\/malha_rio-532x264.jpg 532w, https:\/\/rioonwatch.org.br\/wp-content\/uploads\/2016\/09\/malha_rio-768x381.jpg 768w, https:\/\/rioonwatch.org.br\/wp-content\/uploads\/2016\/09\/malha_rio-1024x508.jpg 1024w, https:\/\/rioonwatch.org.br\/wp-content\/uploads\/2016\/09\/malha_rio.jpg 2000w\" sizes=\"(max-width: 620px) 100vw, 620px\" \/><\/a><figcaption id=\"caption-attachment-22628\" class=\"wp-caption-text\">A maioria dos mapas de ciclovias no Rio nem sequer incluem a Baixada Fluminense.<\/figcaption><\/figure>\n<p>O <a href=\"http:\/\/bit.ly\/1k4eA6c\" target=\"_blank\" rel=\"noopener\">Prefeito Eduardo Paes<\/a> prometeu construir 450km de novas ciclovias antes dos <a href=\"http:\/\/bit.ly\/PkLXlQ\" target=\"_blank\" rel=\"noopener\">Jogos Rio 2016<\/a> para cumprir a promessa da prefeitura de que as <a href=\"http:\/\/bit.ly\/1rReNPT\" target=\"_blank\" rel=\"noopener\">Olimp\u00edadas trariam renova\u00e7\u00e3o urbana, desenvolvimento sustent\u00e1vel e inclus\u00e3o<\/a>. Bairros da Baixada Fluminense poderiam ter sido beneficiados especialmente. Como Carlos Leandro diz, n\u00e3o h\u00e1 ciclovias nas periferias do Rio. De acordo com o ge\u00f3grafo Hugo Costa, as ciclovias que foram <a href=\"http:\/\/bit.ly\/29InBAk\" target=\"_blank\" rel=\"noopener\">constru\u00eddas est\u00e3o quase exclusivamente<\/a> nos bairros da <a href=\"http:\/\/bit.ly\/1mNsDyk\" target=\"_blank\" rel=\"noopener\">Zona Sul<\/a> e na <a href=\"http:\/\/bit.ly\/11tBmFR\" target=\"_blank\" rel=\"noopener\">Zona Oeste<\/a>, que j\u00e1 possuem o maior espa\u00e7o de lazer e a menor densidade populacional. Moradores do Complexo da <a href=\"http:\/\/bit.ly\/10BvARw\" target=\"_blank\" rel=\"noopener\">Mar\u00e9<\/a>, na <a href=\"http:\/\/bit.ly\/WximDf\" target=\"_blank\" rel=\"noopener\">Zona Norte<\/a> do Rio,\u00a0<a href=\"http:\/\/bit.ly\/29zoaQc\" target=\"_blank\" rel=\"noopener\">se depararam<\/a> com a prometida ciclovia, de 22km, incompleta e constru\u00edda com qualidade inferior.<\/p>\n<p>Al\u00e9m disso, uma <a href=\"http:\/\/bit.ly\/2cGX5JR\" target=\"_blank\" rel=\"noopener\">pol\u00edtica especial<\/a> adotada especificamente para as Olimp\u00edadas tornou o deslocamento atrav\u00e9s de bicicletas quase imposs\u00edvel para os moradores do Rio durante os Jogos. \u201cDurante as Olimp\u00edadas e Paralimp\u00edadas&#8211;que supostamente promovem esportes, acessibilidade e inclus\u00e3o&#8211;ningu\u00e9m podia entrar no metr\u00f4 ou no trem com uma bicicleta&#8221;, Leandro descreve. \u201cFoi uma forma de <a href=\"http:\/\/bit.ly\/1Swdf8U\" target=\"_blank\" rel=\"noopener\">exclus\u00e3o<\/a>&#8220;.<\/p>\n<p>Carlos Leandro ainda permanece esperan\u00e7oso. Para ele, j\u00e1 que os Jogos Ol\u00edmpicos Rio 2016 n\u00e3o foram bem sucedidos como \u201cponto de chegada\u201d para <a href=\"http:\/\/bit.ly\/1ps41Xf\" target=\"_blank\" rel=\"noopener\">legados<\/a>, eles podem ser usados como um <a href=\"http:\/\/bit.ly\/2cFnKIv\" target=\"_blank\" rel=\"noopener\">\u201cponto de partida\u201d para novas melhorias<\/a>.<\/p>\n<p>Doa\u00e7\u00f5es para a viagem ecobiciclet\u00e1ria de Carlos GreenBike ao longo do Rio Doce podem ser feitas em sua <a href=\"http:\/\/bit.ly\/2dtGTuk\" target=\"_blank\" rel=\"noopener\">campanha de financiamento colaborativo Kickante<\/a> at\u00e9 22 de outubro ou entrando em contato com ele atrav\u00e9s do n\u00famero +55 21 97511 3860 ou na <a href=\"http:\/\/bit.ly\/2cn6Ezl\" target=\"_blank\" rel=\"noopener\">p\u00e1gina do Facebook de Carlos GreenBike<\/a>.<\/p>\n<!-- AddThis Advanced Settings generic via filter on the_content --><!-- AddThis Share Buttons generic via filter on the_content -->","protected":false},"excerpt":{"rendered":"<div class=\"mh-excerpt\"><p>Click Here for English O ativista ciclista Carlos Leandro de Oliveira, 35 anos, conta que seu interesse pelo ciclismo come\u00e7ou durante um momento de dificuldades financeiras. \u201cEu estava tr\u00eas dias sem receber meu sal\u00e1rio\u201d, ele <a class=\"mh-excerpt-more\" href=\"https:\/\/rioonwatch.org.br\/?p=22622\" title=\"Ciclista de Queimados Clama pela Igualdade da Infraestrutura de Transporte na Baixada\">[&#8230;]<\/a><!-- AddThis Advanced Settings generic via filter on get_the_excerpt --><!-- AddThis Share Buttons generic via filter on get_the_excerpt --><\/p>\n<\/div>","protected":false},"author":129,"featured_media":22626,"comment_status":"closed","ping_status":"closed","sticky":false,"template":"","format":"standard","meta":{"_acf_changed":false,"_monsterinsights_skip_tracking":false,"_monsterinsights_sitenote_active":false,"_monsterinsights_sitenote_note":"","_monsterinsights_sitenote_category":0,"footnotes":""},"categories":[1635,1626,1388,344,1639,1726],"tags":[959,1597,259,1962,1853,332,413,484,292,1372,324,1584,1240,106,1021,1151,78,358,581,839,1590,294,476,404,764,1153,184],"writer":[1897],"translator":[1862],"source":[],"ilustrador":[],"fotografo":[],"class_list":{"0":"post-22622","1":"post","2":"type-post","3":"status-publish","4":"format-standard","5":"has-post-thumbnail","7":"category-1635","8":"category-por-observadores-internacionais","9":"category-formas-de-apoiar","10":"category-politicas","11":"category-sustentabilidade","12":"category-transporte","13":"tag-baixada-fluminense","14":"tag-casa-fluminense","15":"tag-centro","16":"tag-ciclismo","17":"tag-ciclovia","18":"tag-complexo-da-mare","19":"tag-desigualdade","20":"tag-prefeito-eduardo-paes","21":"tag-esporte","22":"tag-grande-rio","23":"tag-infraestrutura","24":"tag-japeri","25":"tag-megaeventos","26":"tag-meio-ambiente","27":"tag-mito-do-legado","28":"tag-organizacao","29":"tag-olimpiadas","30":"tag-organizacao-comunitaria","31":"tag-poluicao","32":"tag-prioridades-publicas-equivocadas","33":"tag-queimados","34":"tag-saude","35":"tag-solucao-comunitaria","36":"tag-sustentabilidade","37":"tag-transporte","38":"tag-uso-de-bicicleta","39":"tag-zona-oeste","40":"writer-sophia-zaia","41":"translator-caroline-quintanilha"},"acf":[],"yoast_head":"<!-- This site is optimized with the Yoast SEO plugin v25.6 - https:\/\/yoast.com\/wordpress\/plugins\/seo\/ -->\n<title>Ciclista de Queimados Clama pela Igualdade da Infraestrutura de Transporte na Baixada - RioOnWatch<\/title>\n<meta name=\"robots\" content=\"index, follow, max-snippet:-1, max-image-preview:large, max-video-preview:-1\" \/>\n<link rel=\"canonical\" href=\"https:\/\/rioonwatch.org.br\/?p=22622\" \/>\n<meta property=\"og:locale\" content=\"pt_BR\" \/>\n<meta property=\"og:type\" content=\"article\" \/>\n<meta property=\"og:title\" content=\"Ciclista de Queimados Clama pela Igualdade da Infraestrutura de Transporte na Baixada - RioOnWatch\" \/>\n<meta property=\"og:description\" content=\"Click Here for English O ativista ciclista Carlos Leandro de Oliveira, 35 anos, conta que seu interesse pelo ciclismo come\u00e7ou durante um momento de dificuldades financeiras. \u201cEu estava tr\u00eas dias sem receber meu sal\u00e1rio\u201d, ele [...]\" \/>\n<meta property=\"og:url\" content=\"https:\/\/rioonwatch.org.br\/?p=22622\" \/>\n<meta property=\"og:site_name\" content=\"RioOnWatch\" \/>\n<meta property=\"article:published_time\" content=\"2016-10-03T10:00:11+00:00\" \/>\n<meta property=\"article:modified_time\" content=\"2024-06-20T19:25:40+00:00\" \/>\n<meta property=\"og:image\" content=\"https:\/\/rioonwatch.org.br\/wp-content\/uploads\/2016\/09\/rsz_12509039_105060356540872_4324483454182183378_n.jpg\" \/>\n\t<meta property=\"og:image:width\" content=\"718\" \/>\n\t<meta property=\"og:image:height\" content=\"482\" \/>\n\t<meta property=\"og:image:type\" content=\"image\/jpeg\" \/>\n<meta name=\"author\" content=\"Admin\" \/>\n<meta name=\"twitter:card\" content=\"summary_large_image\" \/>\n<meta name=\"twitter:label1\" content=\"Escrito por\" \/>\n\t<meta name=\"twitter:data1\" content=\"Admin\" \/>\n\t<meta name=\"twitter:label2\" content=\"Est. tempo de leitura\" \/>\n\t<meta name=\"twitter:data2\" content=\"5 minutos\" \/>\n<script type=\"application\/ld+json\" class=\"yoast-schema-graph\">{\"@context\":\"https:\/\/schema.org\",\"@graph\":[{\"@type\":\"Article\",\"@id\":\"https:\/\/rioonwatch.org.br\/?p=22622#article\",\"isPartOf\":{\"@id\":\"https:\/\/rioonwatch.org.br\/?p=22622\"},\"author\":{\"name\":\"Admin\",\"@id\":\"https:\/\/rioonwatch.org.br\/#\/schema\/person\/11d64c290506f9df50c71b850c473f68\"},\"headline\":\"Ciclista de Queimados Clama pela Igualdade da Infraestrutura de Transporte na Baixada\",\"datePublished\":\"2016-10-03T10:00:11+00:00\",\"dateModified\":\"2024-06-20T19:25:40+00:00\",\"mainEntityOfPage\":{\"@id\":\"https:\/\/rioonwatch.org.br\/?p=22622\"},\"wordCount\":918,\"publisher\":{\"@id\":\"https:\/\/rioonwatch.org.br\/#organization\"},\"image\":{\"@id\":\"https:\/\/rioonwatch.org.br\/?p=22622#primaryimage\"},\"thumbnailUrl\":\"https:\/\/rioonwatch.org.br\/wp-content\/uploads\/2016\/09\/rsz_12509039_105060356540872_4324483454182183378_n.jpg\",\"keywords\":[\"Baixada Fluminense\",\"Casa Fluminense\",\"Centro\",\"ciclismo\",\"ciclovia\",\"Complexo da Mar\u00e9\",\"desigualdade\",\"Eduardo Paes\",\"esporte\",\"Grande Rio\",\"infraestrutura\",\"Japeri\",\"Megaeventos\",\"meio ambiente\",\"mito do legado\",\"mobiliza\u00e7\u00e3o\",\"Olimp\u00edadas\",\"organiza\u00e7\u00e3o comunit\u00e1ria\",\"polui\u00e7\u00e3o\",\"prioridades p\u00fablicas equivocadas\",\"Queimados\",\"sa\u00fade\",\"solu\u00e7\u00e3o comunit\u00e1ria\",\"sustentabilidade\",\"transporte\",\"uso de bicicleta\",\"Zona Oeste\"],\"articleSection\":[\"#Rio2016\",\"Escrito por Aliados\",\"Formas de Apoiar\",\"Pol\u00edticas\",\"Sustentabilidade\",\"Transporte\"],\"inLanguage\":\"pt-BR\"},{\"@type\":\"WebPage\",\"@id\":\"https:\/\/rioonwatch.org.br\/?p=22622\",\"url\":\"https:\/\/rioonwatch.org.br\/?p=22622\",\"name\":\"Ciclista de Queimados Clama pela Igualdade da Infraestrutura de Transporte na Baixada - RioOnWatch\",\"isPartOf\":{\"@id\":\"https:\/\/rioonwatch.org.br\/#website\"},\"primaryImageOfPage\":{\"@id\":\"https:\/\/rioonwatch.org.br\/?p=22622#primaryimage\"},\"image\":{\"@id\":\"https:\/\/rioonwatch.org.br\/?p=22622#primaryimage\"},\"thumbnailUrl\":\"https:\/\/rioonwatch.org.br\/wp-content\/uploads\/2016\/09\/rsz_12509039_105060356540872_4324483454182183378_n.jpg\",\"datePublished\":\"2016-10-03T10:00:11+00:00\",\"dateModified\":\"2024-06-20T19:25:40+00:00\",\"breadcrumb\":{\"@id\":\"https:\/\/rioonwatch.org.br\/?p=22622#breadcrumb\"},\"inLanguage\":\"pt-BR\",\"potentialAction\":[{\"@type\":\"ReadAction\",\"target\":[\"https:\/\/rioonwatch.org.br\/?p=22622\"]}]},{\"@type\":\"ImageObject\",\"inLanguage\":\"pt-BR\",\"@id\":\"https:\/\/rioonwatch.org.br\/?p=22622#primaryimage\",\"url\":\"https:\/\/rioonwatch.org.br\/wp-content\/uploads\/2016\/09\/rsz_12509039_105060356540872_4324483454182183378_n.jpg\",\"contentUrl\":\"https:\/\/rioonwatch.org.br\/wp-content\/uploads\/2016\/09\/rsz_12509039_105060356540872_4324483454182183378_n.jpg\",\"width\":718,\"height\":482},{\"@type\":\"BreadcrumbList\",\"@id\":\"https:\/\/rioonwatch.org.br\/?p=22622#breadcrumb\",\"itemListElement\":[{\"@type\":\"ListItem\",\"position\":1,\"name\":\"In\u00edcio\",\"item\":\"https:\/\/rioonwatch.org.br\/\"},{\"@type\":\"ListItem\",\"position\":2,\"name\":\"Ciclista de Queimados Clama pela Igualdade da Infraestrutura de Transporte na Baixada\"}]},{\"@type\":\"WebSite\",\"@id\":\"https:\/\/rioonwatch.org.br\/#website\",\"url\":\"https:\/\/rioonwatch.org.br\/\",\"name\":\"RioOnWatch\",\"description\":\"relatos das favelas cariocas\",\"publisher\":{\"@id\":\"https:\/\/rioonwatch.org.br\/#organization\"},\"potentialAction\":[{\"@type\":\"SearchAction\",\"target\":{\"@type\":\"EntryPoint\",\"urlTemplate\":\"https:\/\/rioonwatch.org.br\/?s={search_term_string}\"},\"query-input\":{\"@type\":\"PropertyValueSpecification\",\"valueRequired\":true,\"valueName\":\"search_term_string\"}}],\"inLanguage\":\"pt-BR\"},{\"@type\":\"Organization\",\"@id\":\"https:\/\/rioonwatch.org.br\/#organization\",\"name\":\"RioOnWatch\",\"url\":\"https:\/\/rioonwatch.org.br\/\",\"logo\":{\"@type\":\"ImageObject\",\"inLanguage\":\"pt-BR\",\"@id\":\"https:\/\/rioonwatch.org.br\/#\/schema\/logo\/image\/\",\"url\":\"https:\/\/rioonwatch.org.br\/wp-content\/uploads\/2021\/06\/RioOnWatchcabecalhoPT11anos-2.png\",\"contentUrl\":\"https:\/\/rioonwatch.org.br\/wp-content\/uploads\/2021\/06\/RioOnWatchcabecalhoPT11anos-2.png\",\"width\":779,\"height\":277,\"caption\":\"RioOnWatch\"},\"image\":{\"@id\":\"https:\/\/rioonwatch.org.br\/#\/schema\/logo\/image\/\"}},{\"@type\":\"Person\",\"@id\":\"https:\/\/rioonwatch.org.br\/#\/schema\/person\/11d64c290506f9df50c71b850c473f68\",\"name\":\"Admin\",\"image\":{\"@type\":\"ImageObject\",\"inLanguage\":\"pt-BR\",\"@id\":\"https:\/\/rioonwatch.org.br\/#\/schema\/person\/image\/\",\"url\":\"https:\/\/secure.gravatar.com\/avatar\/56211ac74568383903349a1485e3c325?s=96&d=blank&r=g\",\"contentUrl\":\"https:\/\/secure.gravatar.com\/avatar\/56211ac74568383903349a1485e3c325?s=96&d=blank&r=g\",\"caption\":\"Admin\"},\"url\":\"https:\/\/rioonwatch.org.br\/?author=129\"}]}<\/script>\n<!-- \/ Yoast SEO plugin. -->","yoast_head_json":{"title":"Ciclista de Queimados Clama pela Igualdade da Infraestrutura de Transporte na Baixada - RioOnWatch","robots":{"index":"index","follow":"follow","max-snippet":"max-snippet:-1","max-image-preview":"max-image-preview:large","max-video-preview":"max-video-preview:-1"},"canonical":"https:\/\/rioonwatch.org.br\/?p=22622","og_locale":"pt_BR","og_type":"article","og_title":"Ciclista de Queimados Clama pela Igualdade da Infraestrutura de Transporte na Baixada - RioOnWatch","og_description":"Click Here for English O ativista ciclista Carlos Leandro de Oliveira, 35 anos, conta que seu interesse pelo ciclismo come\u00e7ou durante um momento de dificuldades financeiras. \u201cEu estava tr\u00eas dias sem receber meu sal\u00e1rio\u201d, ele [...]","og_url":"https:\/\/rioonwatch.org.br\/?p=22622","og_site_name":"RioOnWatch","article_published_time":"2016-10-03T10:00:11+00:00","article_modified_time":"2024-06-20T19:25:40+00:00","og_image":[{"width":718,"height":482,"url":"https:\/\/rioonwatch.org.br\/wp-content\/uploads\/2016\/09\/rsz_12509039_105060356540872_4324483454182183378_n.jpg","type":"image\/jpeg"}],"author":"Admin","twitter_card":"summary_large_image","twitter_misc":{"Escrito por":"Admin","Est. tempo de leitura":"5 minutos"},"schema":{"@context":"https:\/\/schema.org","@graph":[{"@type":"Article","@id":"https:\/\/rioonwatch.org.br\/?p=22622#article","isPartOf":{"@id":"https:\/\/rioonwatch.org.br\/?p=22622"},"author":{"name":"Admin","@id":"https:\/\/rioonwatch.org.br\/#\/schema\/person\/11d64c290506f9df50c71b850c473f68"},"headline":"Ciclista de Queimados Clama pela Igualdade da Infraestrutura de Transporte na Baixada","datePublished":"2016-10-03T10:00:11+00:00","dateModified":"2024-06-20T19:25:40+00:00","mainEntityOfPage":{"@id":"https:\/\/rioonwatch.org.br\/?p=22622"},"wordCount":918,"publisher":{"@id":"https:\/\/rioonwatch.org.br\/#organization"},"image":{"@id":"https:\/\/rioonwatch.org.br\/?p=22622#primaryimage"},"thumbnailUrl":"https:\/\/rioonwatch.org.br\/wp-content\/uploads\/2016\/09\/rsz_12509039_105060356540872_4324483454182183378_n.jpg","keywords":["Baixada Fluminense","Casa Fluminense","Centro","ciclismo","ciclovia","Complexo da Mar\u00e9","desigualdade","Eduardo Paes","esporte","Grande Rio","infraestrutura","Japeri","Megaeventos","meio ambiente","mito do legado","mobiliza\u00e7\u00e3o","Olimp\u00edadas","organiza\u00e7\u00e3o comunit\u00e1ria","polui\u00e7\u00e3o","prioridades p\u00fablicas equivocadas","Queimados","sa\u00fade","solu\u00e7\u00e3o comunit\u00e1ria","sustentabilidade","transporte","uso de bicicleta","Zona Oeste"],"articleSection":["#Rio2016","Escrito por Aliados","Formas de Apoiar","Pol\u00edticas","Sustentabilidade","Transporte"],"inLanguage":"pt-BR"},{"@type":"WebPage","@id":"https:\/\/rioonwatch.org.br\/?p=22622","url":"https:\/\/rioonwatch.org.br\/?p=22622","name":"Ciclista de Queimados Clama pela Igualdade da Infraestrutura de Transporte na Baixada - RioOnWatch","isPartOf":{"@id":"https:\/\/rioonwatch.org.br\/#website"},"primaryImageOfPage":{"@id":"https:\/\/rioonwatch.org.br\/?p=22622#primaryimage"},"image":{"@id":"https:\/\/rioonwatch.org.br\/?p=22622#primaryimage"},"thumbnailUrl":"https:\/\/rioonwatch.org.br\/wp-content\/uploads\/2016\/09\/rsz_12509039_105060356540872_4324483454182183378_n.jpg","datePublished":"2016-10-03T10:00:11+00:00","dateModified":"2024-06-20T19:25:40+00:00","breadcrumb":{"@id":"https:\/\/rioonwatch.org.br\/?p=22622#breadcrumb"},"inLanguage":"pt-BR","potentialAction":[{"@type":"ReadAction","target":["https:\/\/rioonwatch.org.br\/?p=22622"]}]},{"@type":"ImageObject","inLanguage":"pt-BR","@id":"https:\/\/rioonwatch.org.br\/?p=22622#primaryimage","url":"https:\/\/rioonwatch.org.br\/wp-content\/uploads\/2016\/09\/rsz_12509039_105060356540872_4324483454182183378_n.jpg","contentUrl":"https:\/\/rioonwatch.org.br\/wp-content\/uploads\/2016\/09\/rsz_12509039_105060356540872_4324483454182183378_n.jpg","width":718,"height":482},{"@type":"BreadcrumbList","@id":"https:\/\/rioonwatch.org.br\/?p=22622#breadcrumb","itemListElement":[{"@type":"ListItem","position":1,"name":"In\u00edcio","item":"https:\/\/rioonwatch.org.br\/"},{"@type":"ListItem","position":2,"name":"Ciclista de Queimados Clama pela Igualdade da Infraestrutura de Transporte na Baixada"}]},{"@type":"WebSite","@id":"https:\/\/rioonwatch.org.br\/#website","url":"https:\/\/rioonwatch.org.br\/","name":"RioOnWatch","description":"relatos das favelas cariocas","publisher":{"@id":"https:\/\/rioonwatch.org.br\/#organization"},"potentialAction":[{"@type":"SearchAction","target":{"@type":"EntryPoint","urlTemplate":"https:\/\/rioonwatch.org.br\/?s={search_term_string}"},"query-input":{"@type":"PropertyValueSpecification","valueRequired":true,"valueName":"search_term_string"}}],"inLanguage":"pt-BR"},{"@type":"Organization","@id":"https:\/\/rioonwatch.org.br\/#organization","name":"RioOnWatch","url":"https:\/\/rioonwatch.org.br\/","logo":{"@type":"ImageObject","inLanguage":"pt-BR","@id":"https:\/\/rioonwatch.org.br\/#\/schema\/logo\/image\/","url":"https:\/\/rioonwatch.org.br\/wp-content\/uploads\/2021\/06\/RioOnWatchcabecalhoPT11anos-2.png","contentUrl":"https:\/\/rioonwatch.org.br\/wp-content\/uploads\/2021\/06\/RioOnWatchcabecalhoPT11anos-2.png","width":779,"height":277,"caption":"RioOnWatch"},"image":{"@id":"https:\/\/rioonwatch.org.br\/#\/schema\/logo\/image\/"}},{"@type":"Person","@id":"https:\/\/rioonwatch.org.br\/#\/schema\/person\/11d64c290506f9df50c71b850c473f68","name":"Admin","image":{"@type":"ImageObject","inLanguage":"pt-BR","@id":"https:\/\/rioonwatch.org.br\/#\/schema\/person\/image\/","url":"https:\/\/secure.gravatar.com\/avatar\/56211ac74568383903349a1485e3c325?s=96&d=blank&r=g","contentUrl":"https:\/\/secure.gravatar.com\/avatar\/56211ac74568383903349a1485e3c325?s=96&d=blank&r=g","caption":"Admin"},"url":"https:\/\/rioonwatch.org.br\/?author=129"}]}},"_links":{"self":[{"href":"https:\/\/rioonwatch.org.br\/index.php?rest_route=\/wp\/v2\/posts\/22622"}],"collection":[{"href":"https:\/\/rioonwatch.org.br\/index.php?rest_route=\/wp\/v2\/posts"}],"about":[{"href":"https:\/\/rioonwatch.org.br\/index.php?rest_route=\/wp\/v2\/types\/post"}],"author":[{"embeddable":true,"href":"https:\/\/rioonwatch.org.br\/index.php?rest_route=\/wp\/v2\/users\/129"}],"replies":[{"embeddable":true,"href":"https:\/\/rioonwatch.org.br\/index.php?rest_route=%2Fwp%2Fv2%2Fcomments&post=22622"}],"version-history":[{"count":9,"href":"https:\/\/rioonwatch.org.br\/index.php?rest_route=\/wp\/v2\/posts\/22622\/revisions"}],"predecessor-version":[{"id":74178,"href":"https:\/\/rioonwatch.org.br\/index.php?rest_route=\/wp\/v2\/posts\/22622\/revisions\/74178"}],"wp:featuredmedia":[{"embeddable":true,"href":"https:\/\/rioonwatch.org.br\/index.php?rest_route=\/wp\/v2\/media\/22626"}],"wp:attachment":[{"href":"https:\/\/rioonwatch.org.br\/index.php?rest_route=%2Fwp%2Fv2%2Fmedia&parent=22622"}],"wp:term":[{"taxonomy":"category","embeddable":true,"href":"https:\/\/rioonwatch.org.br\/index.php?rest_route=%2Fwp%2Fv2%2Fcategories&post=22622"},{"taxonomy":"post_tag","embeddable":true,"href":"https:\/\/rioonwatch.org.br\/index.php?rest_route=%2Fwp%2Fv2%2Ftags&post=22622"},{"taxonomy":"writer","embeddable":true,"href":"https:\/\/rioonwatch.org.br\/index.php?rest_route=%2Fwp%2Fv2%2Fwriter&post=22622"},{"taxonomy":"translator","embeddable":true,"href":"https:\/\/rioonwatch.org.br\/index.php?rest_route=%2Fwp%2Fv2%2Ftranslator&post=22622"},{"taxonomy":"source","embeddable":true,"href":"https:\/\/rioonwatch.org.br\/index.php?rest_route=%2Fwp%2Fv2%2Fsource&post=22622"},{"taxonomy":"ilustrador","embeddable":true,"href":"https:\/\/rioonwatch.org.br\/index.php?rest_route=%2Fwp%2Fv2%2Filustrador&post=22622"},{"taxonomy":"fotografo","embeddable":true,"href":"https:\/\/rioonwatch.org.br\/index.php?rest_route=%2Fwp%2Fv2%2Ffotografo&post=22622"}],"curies":[{"name":"wp","href":"https:\/\/api.w.org\/{rel}","templated":true}]}}