{"id":22642,"date":"2016-10-03T20:16:19","date_gmt":"2016-10-03T23:16:19","guid":{"rendered":"http:\/\/rioonwatch.org.br\/?p=22642"},"modified":"2016-10-03T20:16:19","modified_gmt":"2016-10-03T23:16:19","slug":"paralisacao-do-teleferico-e-violenta-operacao-policial-deixa-moradores-do-complexo-alemao-ameacados-e-ilhados","status":"publish","type":"post","link":"https:\/\/rioonwatch.org.br\/?p=22642","title":{"rendered":"Paralisa\u00e7\u00e3o do Telef\u00e9rico e Violenta Opera\u00e7\u00e3o Policial Deixa Moradores do Complexo Alem\u00e3o Amea\u00e7ados e Ilhados"},"content":{"rendered":"<p style=\"text-align: right;\"><em><strong><a href=\"http:\/\/bit.ly\/2dwynin\" target=\"_blank\">Click Here for English<img decoding=\"async\" width=\"20\" height=\"20\" class=\"alignright wp-image-15790\" src=\"http:\/\/rioonwatch.org.br\/wp-content\/uploads\/2012\/08\/EN-standard-e1439583104716.jpg\" alt=\"\" \/><\/a><\/strong><\/em><\/p>\n<p>A <a href=\"http:\/\/bit.ly\/2cDTadQ\" target=\"_blank\">paralisa\u00e7\u00e3o por seis meses<\/a> do telef\u00e9rico\u00a0no <a href=\"http:\/\/bit.ly\/U0MiGm\" target=\"_blank\">Complexo do Alem\u00e3o<\/a>, na\u00a0<a href=\"http:\/\/bit.ly\/WximDf\" target=\"_blank\">Zona Norte<\/a>, foi anunciada no dia 14 de setembro, ao mesmo tempo em que ocorriam implac\u00e1veis opera\u00e7\u00f5es policiais na favela. Segundo a\u00a0<a href=\"http:\/\/glo.bo\/2cLr4Bz\" target=\"_blank\">Secretaria Estadual de Transportes<\/a>, o <a href=\"http:\/\/bit.ly\/Sh0wXv\" target=\"_blank\">telef\u00e9rico<\/a> n\u00e3o vai funcionar at\u00e9 2017, devido ao desgaste at\u00edpico dos cabos de tra\u00e7\u00e3o, descobertos durante uma inspe\u00e7\u00e3o de rotina. De acordo com a secretaria, a fabrica\u00e7\u00e3o, entrega e instala\u00e7\u00e3o das novas partes dos cabos de tra\u00e7\u00e3o levar\u00e3o seis meses para se concretizar.<\/p>\n<p>Os moradores do Alem\u00e3o prontamente demonstraram o desapontamento com a situa\u00e7\u00e3o nas redes sociais. A artista local <a href=\"http:\/\/bit.ly\/2dcjm36\" target=\"_blank\">Mariluce Souza disse<\/a>: \u201cAlgu\u00e9m sabe por\u00a0que recolheram todas as g\u00f4ndolas do telef\u00e9rico?\u00a0Muita falta de respeito com o morador!&#8221;.<\/p>\n<p>Usu\u00e1rios do Facebook <a href=\"http:\/\/bit.ly\/2cDW02C\" target=\"_blank\">comentaram detalhes da paralisa\u00e7\u00e3o na postagem de uma mat\u00e9ria<\/a> na p\u00e1gina do Facebook do jornal\u00a0<em>Voz da Comunidade<\/em>. Anna Carollyna Santos expressou suas preocupa\u00e7\u00f5es com defeitos nas portas das cabines, \u201cbarulhos estranhos\u201d, as cabines abriam do nada e \u201cbalan\u00e7avam mais do que o normal, como se fossem cair&#8221;.<\/p>\n<p>Outras pessoas utilizaram a ocasi\u00e3o para contestar a utilidade do telef\u00e9rico para os moradores. Jeferson Oliveira Don afirmou que o telef\u00e9rico \u00e9 \u201cinsustent\u00e1vel financeiramente\u201d, enquanto Luiz Pinheiro disse que o telef\u00e9rico beneficia \u201cmenos de 10% da comunidade&#8221;.<\/p>\n<p><a href=\"http:\/\/rioonwatch.org.br\/wp-content\/uploads\/2016\/10\/Marcelo-complexo-do-alemao-7.jpg\"><img fetchpriority=\"high\" decoding=\"async\" class=\"aligncenter wp-image-22649 size-content\" title=\"Telef\u00e9rico do Complexo do Alem\u00e3o. Foto por Marcello Santos\" src=\"http:\/\/rioonwatch.org.br\/wp-content\/uploads\/2016\/10\/Marcelo-complexo-do-alemao-7-620x264.jpg\" alt=\"marcelo-complexo-do-alemao-7\" width=\"620\" height=\"264\" srcset=\"https:\/\/rioonwatch.org.br\/wp-content\/uploads\/2016\/10\/Marcelo-complexo-do-alemao-7-620x264.jpg 620w, https:\/\/rioonwatch.org.br\/wp-content\/uploads\/2016\/10\/Marcelo-complexo-do-alemao-7-940x400.jpg 940w\" sizes=\"(max-width: 620px) 100vw, 620px\" \/><\/a><\/p>\n<p>Essa not\u00edcia veio ap\u00f3s v\u00e1rios dias de opera\u00e7\u00e3o da <a href=\"http:\/\/bit.ly\/1mtYvXK\" target=\"_blank\">Pol\u00edcia Militar<\/a>\u00a0no Alem\u00e3o, para prender traficantes escondidos na regi\u00e3o. Na manh\u00e3 do dia 9 de setembro, o\u00a0<a href=\"http:\/\/bit.ly\/2dGp0eW\" target=\"_blank\">Coletivo Papo Reto relatou<\/a> que os moradores acordaram com furos de balas de rev\u00f3lveres em carros e casas, uma vez que a opera\u00e7\u00e3o policial ocorreu durante a madrugada. Houveram\u00a0<a href=\"http:\/\/bit.ly\/2dtJskq\" target=\"_blank\">outros relatos de intenso tiroteio<\/a> no dia 11 de setembro entre meia noite e 2 da manh\u00e3 na Alvorada e em\u00a0<a href=\"http:\/\/bit.ly\/1jXfUbv\" target=\"_blank\">Nova Bras\u00edlia<\/a>.<\/p>\n<p>Logo ap\u00f3s a paralisa\u00e7\u00e3o do telef\u00e9rico, as opera\u00e7\u00f5es policiais foram retomadas e intensificadas. Na manh\u00e3 do dia 15 de setembro, a <a href=\"http:\/\/bit.ly\/2dGwvm7\" target=\"_blank\">Pol\u00edcia Militar come\u00e7ou uma opera\u00e7\u00e3o<\/a> que teve tr\u00eas dias de tiroteio, impossibilitando os moradores de sa\u00edrem de suas casas.<\/p>\n<p>Os moradores afirmaram terem ouvido longas rajadas de <a href=\"http:\/\/bit.ly\/2d9xH2J\" target=\"_blank\">tiros, explos\u00f5es<\/a> e <a href=\"http:\/\/bit.ly\/2dtKlt6\" target=\"_blank\">helic\u00f3pteros<\/a>. <a href=\"http:\/\/bit.ly\/2dn79t0\" target=\"_blank\">V\u00eddeos<\/a> e <a href=\"http:\/\/bit.ly\/2dn79t0\" target=\"_blank\">fotos<\/a> na internet mostram os agentes policiais entrando nas casas e as utilizando como lugar para atirarem. O\u00a0<em><a href=\"http:\/\/bit.ly\/1qLQIZR\" target=\"_blank\">Voz da Comunidade<\/a><\/em>\u00a0, o <a href=\"http:\/\/bit.ly\/28UXKDg\" target=\"_blank\">Coletivo Papo Reto<\/a>, assim como jornalistas comunit\u00e1rios\u00a0e ativistas, incluindo <a href=\"http:\/\/bit.ly\/2aZzWmp\" target=\"_blank\">Raull Santiago<\/a>, postaram nas m\u00eddias sociais atualiza\u00e7\u00f5es sobre a opera\u00e7\u00e3o.<\/p>\n<blockquote class=\"twitter-tweet\" data-lang=\"en\">\n<p dir=\"ltr\" lang=\"pt\">Isso porque t\u00e1 pacificado&#8230;<a href=\"https:\/\/twitter.com\/hashtag\/GuerraNoAlem%C3%A3o?src=hash\">#GuerraNoAlem\u00e3o<\/a> <a href=\"https:\/\/t.co\/DT723BvirY\">pic.twitter.com\/DT723BvirY<\/a><\/p>\n<p>\u2014 Thiago Tomazine (@Tomazine420) <a href=\"https:\/\/twitter.com\/Tomazine420\/status\/776632737230942208\">September 16, 2016<\/a><\/p><\/blockquote>\n<p><script async src=\"\/\/platform.twitter.com\/widgets.js\" charset=\"utf-8\"><\/script><\/p>\n<p><a href=\"http:\/\/bit.ly\/2d9vHaI\" target=\"_blank\">No dia 16 de setembro<\/a>, dois moradores do Alem\u00e3o e dois membros da Pol\u00edcia Militar foram feridos no intenso tiroteio &#8220;pr\u00f3ximo a base da <a href=\"http:\/\/bit.ly\/R5ueio\" target=\"_blank\">UPP<\/a> Nova Bras\u00edlia e esta\u00e7\u00e3o do telef\u00e9rico do Itarar\u00e9&#8221;. Na <a href=\"http:\/\/bit.ly\/2dcdreH\" target=\"_blank\">manh\u00e3 do dia 17 de setembro<\/a>, o <a href=\"http:\/\/bit.ly\/17Rt28e\" target=\"_blank\">BOPE<\/a> participou da opera\u00e7\u00e3o policial, e a viol\u00eancia continuou durante todo o dia.<\/p>\n<p>Quando as opera\u00e7\u00f5es terminaram na noite do dia 17 de setembro, o<em>\u00a0<a href=\"http:\/\/bit.ly\/2d9wFnt\" target=\"_blank\">Voz da Comunidade<\/a><\/em> relatou que sete pessoas foram atingidas no tiroteio, incluindo dois policiais militares, sendo que &#8220;tr\u00eas dos atingidos morreram&#8221;.<\/p>\n<p>Moradores e ativistas usaram a hashtag <a href=\"http:\/\/bit.ly\/2dGxKSi\" target=\"_blank\">#GuerranoAlem\u00e3o<\/a> para expressar o desanimo e descren\u00e7a na opera\u00e7\u00e3o policial em dominar a \u00e1rea. A moradora <a href=\"http:\/\/bit.ly\/2dobLeG\" target=\"_blank\">Lari Martins tuitou<\/a>, \u201cfavela \u00e9 um lugar de paz!\u201d, enquanto Tiago Thomazine <a href=\"http:\/\/bit.ly\/2ddaSHi\" target=\"_blank\">tuitou uma foto<\/a> com v\u00e1rios policiais enfileirados na rua dizendo: \u201cIsso porque t\u00e1 pacificado&#8221;. Outros postaram <a href=\"http:\/\/bit.ly\/2cDXSNw\" target=\"_blank\">tweets, tais como<\/a>: \u201cO que fazer quando voc\u00ea estuda longe e <a href=\"http:\/\/bit.ly\/2cVyChB\" target=\"_blank\">n\u00e3o pode ir pro col\u00e9gio por causa do tiroteio<\/a>?\u201d.<\/p>\n<p>Alguns moradores foram amea\u00e7ados pessoalmente quando tentaram descobrir o que estava acontecendo. No primeiro dia das opera\u00e7\u00f5es, a Pol\u00edcia Militar teria tentado intimidar ativistas comunit\u00e1rios\u00a0e o jornalista Raull Santiago, junto com seu amigo Luciano Garcia.<\/p>\n<p>De acordo com a <a href=\"http:\/\/bit.ly\/2doxT8G\" target=\"_blank\">publica\u00e7\u00e3o no Facebook por Raull<\/a>, ele se aproximou das tropas da Pol\u00edcia Militar quando os policiais puxaram um jovem rapaz para fora do \u00f4nibus, e come\u00e7ou a gravar. O policial ent\u00e3o disse que se Raull Santiago e Luciano Garcia quisessem ficar e assistir, eles precisariam ser advogados ou eles teriam que prestar depoimento como testemunhas validando a pris\u00e3o dos criminosos. Raull respondeu que ele s\u00f3 seria testemunha da agress\u00e3o policial e, ent\u00e3o, o policial come\u00e7ou a amea\u00e7\u00e1-lo.<\/p>\n<p><a href=\"http:\/\/rioonwatch.org.br\/wp-content\/uploads\/2016\/10\/14355646_1122912984423617_7628419551664843358_n.jpg\"><img decoding=\"async\" class=\"aligncenter wp-image-22652 size-content\" title=\"Raull Santiago de camisa rosa sendo intimidado pela pol\u00edcia no Alem\u00e3o.\" src=\"http:\/\/rioonwatch.org.br\/wp-content\/uploads\/2016\/10\/14355646_1122912984423617_7628419551664843358_n-620x264.jpg\" alt=\"14355646_1122912984423617_7628419551664843358_n\" width=\"620\" height=\"264\" srcset=\"https:\/\/rioonwatch.org.br\/wp-content\/uploads\/2016\/10\/14355646_1122912984423617_7628419551664843358_n-620x264.jpg 620w, https:\/\/rioonwatch.org.br\/wp-content\/uploads\/2016\/10\/14355646_1122912984423617_7628419551664843358_n-940x400.jpg 940w\" sizes=\"(max-width: 620px) 100vw, 620px\" \/><\/a><\/p>\n<p>Raull Santiago disse que o policial come\u00e7ou a film\u00e1-lo, dizendo que ele [Raull] ia &#8220;filmar bandido&#8221; e que ele estava &#8220;atrapalhando o trabalho policial&#8221;. Outro policial disse, \u201cvoc\u00ea mora ali na sem sa\u00edda, no beco, eu t\u00f4 ligado&#8221;. Outro policial o amea\u00e7ou diretamente dizendo, \u201cpassa uma moto a paisana, te pega e ningu\u00e9m v\u00ea&#8221;.<\/p>\n<p><a href=\"http:\/\/bit.ly\/2d824DG\" target=\"_blank\">Mais tarde, Santiago ouviu<\/a> que os policiais estavam o procurando na favela, chamando-o de traficante e fazendo amea\u00e7as violentas sobre o que eles fariam se o encontrassem. Ele tamb\u00e9m recebeu mensagens de amigos dizendo que a pol\u00edcia estava batendo de porta em porta o procurando. Durante a procura, a pol\u00edcia o chamou de defensor da criminalidade, criminalizando a atitude dele em n\u00e3o testemunhar os crimes que ele, de fato, n\u00e3o tinha visto serem cometidos.<\/p>\n<p><a href=\"http:\/\/rioonwatch.org.br\/wp-content\/uploads\/2016\/10\/14324150_1122972124417703_2584147109674426773_o-1.jpg\"><img loading=\"lazy\" decoding=\"async\" class=\"aligncenter wp-image-22654 size-medium\" title=\"Raull Santiago postou uma captura de ecr\u00e3 de um texto de um amigo, documentando o ass\u00e9dio da pol\u00edcia a moradores das favelas enquanto procuravam por ele. O texto tamb\u00e9m mostra a pol\u00edcia chamando Raull Santiago de &quot;defensor da bandidagem&quot;.\" src=\"http:\/\/rioonwatch.org.br\/wp-content\/uploads\/2016\/10\/14324150_1122972124417703_2584147109674426773_o-1-620x447.jpg\" alt=\"14324150_1122972124417703_2584147109674426773_o\" width=\"620\" height=\"447\" srcset=\"https:\/\/rioonwatch.org.br\/wp-content\/uploads\/2016\/10\/14324150_1122972124417703_2584147109674426773_o-1-620x447.jpg 620w, https:\/\/rioonwatch.org.br\/wp-content\/uploads\/2016\/10\/14324150_1122972124417703_2584147109674426773_o-1-366x264.jpg 366w, https:\/\/rioonwatch.org.br\/wp-content\/uploads\/2016\/10\/14324150_1122972124417703_2584147109674426773_o-1-768x553.jpg 768w, https:\/\/rioonwatch.org.br\/wp-content\/uploads\/2016\/10\/14324150_1122972124417703_2584147109674426773_o-1-1024x738.jpg 1024w, https:\/\/rioonwatch.org.br\/wp-content\/uploads\/2016\/10\/14324150_1122972124417703_2584147109674426773_o-1.jpg 1080w\" sizes=\"(max-width: 620px) 100vw, 620px\" \/><\/a><\/p>\n<p>No dia 16 de setembro, o grupo de Direitos Humanos, Frontline Defenders (Defensores na Linha de Frente), <a href=\"http:\/\/bit.ly\/2dn3ifE\" target=\"_blank\">publicou um post condenando<\/a> as amea\u00e7as feitas a Raull Santiago, o qual no passado <a href=\"http:\/\/bit.ly\/2aLA9ZC\" target=\"_blank\">foi reconhecido pelo grupo<\/a> por sua coragem e comprometimento com os direitos humanos. Santiago disse que ele estava \u201c<span style=\"font-weight: 400;\">bem, mas alerta m\u00e1ximo<\/span>&#8220;. Ele continuou publicando atualiza\u00e7\u00f5es sobre a situa\u00e7\u00e3o no Facebook e no Twitter ao longo dos tr\u00eas dias de opera\u00e7\u00f5es.<\/p>\n<!-- AddThis Advanced Settings generic via filter on the_content --><!-- AddThis Share Buttons generic via filter on the_content -->","protected":false},"excerpt":{"rendered":"<div class=\"mh-excerpt\"><p>Click Here for English A paralisa\u00e7\u00e3o por seis meses do telef\u00e9rico\u00a0no Complexo do Alem\u00e3o, na\u00a0Zona Norte, foi anunciada no dia 14 de setembro, ao mesmo tempo em que ocorriam implac\u00e1veis opera\u00e7\u00f5es policiais na favela. Segundo <a class=\"mh-excerpt-more\" href=\"https:\/\/rioonwatch.org.br\/?p=22642\" title=\"Paralisa\u00e7\u00e3o do Telef\u00e9rico e Violenta Opera\u00e7\u00e3o Policial Deixa Moradores do Complexo Alem\u00e3o Amea\u00e7ados e Ilhados\">[&#8230;]<\/a><!-- AddThis Advanced Settings generic via filter on get_the_excerpt --><!-- AddThis Share Buttons generic via filter on get_the_excerpt --><\/p>\n<\/div>","protected":false},"author":129,"featured_media":22644,"comment_status":"closed","ping_status":"closed","sticky":false,"template":"","format":"standard","meta":{"_acf_changed":false,"_monsterinsights_skip_tracking":false,"_monsterinsights_sitenote_active":false,"_monsterinsights_sitenote_note":"","_monsterinsights_sitenote_category":0,"footnotes":""},"categories":[1621,346,1626,1613,1612],"tags":[347,217,1530,88,1418,1024,379,417,646,774,839,262,370,30,920,2003,218],"writer":[1797],"translator":[2002],"source":[],"ilustrador":[],"fotografo":[],"class_list":{"0":"post-22642","1":"post","2":"type-post","3":"status-publish","4":"format-standard","5":"has-post-thumbnail","7":"category-destaque","8":"category-denuncias","9":"category-por-observadores-internacionais","10":"category-midia-comunitaria","11":"category-sociedade-civil","12":"tag-bope","13":"tag-complexo-do-alemao","14":"tag-midia-comunitaria","15":"tag-direitos-humanos","16":"tag-coletivo-papo-reto","17":"tag-intimidacao-policial","18":"tag-midia-social","19":"tag-negligencia-do-estado","20":"tag-nova-brasilia","21":"tag-policia-militar","22":"tag-prioridades-publicas-equivocadas","23":"tag-teleferico","24":"tag-transporte-publico","25":"tag-violencia","26":"tag-violencia-de-estado","27":"tag-voz-das-comunidades","28":"tag-zona-norte","29":"writer-ciara-long","30":"translator-jessica-brum"},"acf":[],"yoast_head":"<!-- This site is optimized with the Yoast SEO plugin v25.6 - https:\/\/yoast.com\/wordpress\/plugins\/seo\/ -->\n<title>Paralisa\u00e7\u00e3o do Telef\u00e9rico e Violenta Opera\u00e7\u00e3o Policial Deixa Moradores do Complexo Alem\u00e3o Amea\u00e7ados e Ilhados - RioOnWatch<\/title>\n<meta name=\"robots\" content=\"index, follow, max-snippet:-1, max-image-preview:large, max-video-preview:-1\" \/>\n<link rel=\"canonical\" href=\"https:\/\/rioonwatch.org.br\/?p=22642\" \/>\n<meta property=\"og:locale\" content=\"pt_BR\" \/>\n<meta property=\"og:type\" content=\"article\" \/>\n<meta property=\"og:title\" content=\"Paralisa\u00e7\u00e3o do Telef\u00e9rico e Violenta Opera\u00e7\u00e3o Policial Deixa Moradores do Complexo Alem\u00e3o Amea\u00e7ados e Ilhados - RioOnWatch\" \/>\n<meta property=\"og:description\" content=\"Click Here for English A paralisa\u00e7\u00e3o por seis meses do telef\u00e9rico\u00a0no Complexo do Alem\u00e3o, na\u00a0Zona Norte, foi anunciada no dia 14 de setembro, ao mesmo tempo em que ocorriam implac\u00e1veis opera\u00e7\u00f5es policiais na favela. Segundo [...]\" \/>\n<meta property=\"og:url\" content=\"https:\/\/rioonwatch.org.br\/?p=22642\" \/>\n<meta property=\"og:site_name\" content=\"RioOnWatch\" \/>\n<meta property=\"article:published_time\" content=\"2016-10-03T23:16:19+00:00\" \/>\n<meta property=\"og:image\" content=\"https:\/\/rioonwatch.org.br\/wp-content\/uploads\/2016\/10\/14333616_1232960663441912_8923761612387271394_n.jpg\" \/>\n\t<meta property=\"og:image:width\" content=\"960\" \/>\n\t<meta property=\"og:image:height\" content=\"540\" \/>\n\t<meta property=\"og:image:type\" content=\"image\/jpeg\" \/>\n<meta name=\"author\" content=\"Admin\" \/>\n<meta name=\"twitter:card\" content=\"summary_large_image\" \/>\n<meta name=\"twitter:label1\" content=\"Escrito por\" \/>\n\t<meta name=\"twitter:data1\" content=\"Admin\" \/>\n\t<meta name=\"twitter:label2\" content=\"Est. tempo de leitura\" \/>\n\t<meta name=\"twitter:data2\" content=\"5 minutos\" \/>\n<script type=\"application\/ld+json\" class=\"yoast-schema-graph\">{\"@context\":\"https:\/\/schema.org\",\"@graph\":[{\"@type\":\"Article\",\"@id\":\"https:\/\/rioonwatch.org.br\/?p=22642#article\",\"isPartOf\":{\"@id\":\"https:\/\/rioonwatch.org.br\/?p=22642\"},\"author\":{\"name\":\"Admin\",\"@id\":\"https:\/\/rioonwatch.org.br\/#\/schema\/person\/11d64c290506f9df50c71b850c473f68\"},\"headline\":\"Paralisa\u00e7\u00e3o do Telef\u00e9rico e Violenta Opera\u00e7\u00e3o Policial Deixa Moradores do Complexo Alem\u00e3o Amea\u00e7ados e Ilhados\",\"datePublished\":\"2016-10-03T23:16:19+00:00\",\"mainEntityOfPage\":{\"@id\":\"https:\/\/rioonwatch.org.br\/?p=22642\"},\"wordCount\":984,\"publisher\":{\"@id\":\"https:\/\/rioonwatch.org.br\/#organization\"},\"image\":{\"@id\":\"https:\/\/rioonwatch.org.br\/?p=22642#primaryimage\"},\"thumbnailUrl\":\"https:\/\/rioonwatch.org.br\/wp-content\/uploads\/2016\/10\/14333616_1232960663441912_8923761612387271394_n.jpg\",\"keywords\":[\"BOPE\",\"Complexo do Alem\u00e3o\",\"Comunica\u00e7\u00e3o Comunit\u00e1ria\",\"Direitos Humanos\",\"Instituto Papo Reto\",\"intimida\u00e7\u00e3o policial\",\"m\u00eddia social\",\"Neglig\u00eancia do Estado\",\"Nova Bras\u00edlia\",\"Pol\u00edcia Militar\",\"prioridades p\u00fablicas equivocadas\",\"telef\u00e9rico\",\"transporte p\u00fablico\",\"viol\u00eancia\",\"viol\u00eancia de Estado\",\"Voz das Comunidades\",\"Zona Norte\"],\"articleSection\":[\"*Destaque\",\"Den\u00fancias\",\"Escrito por Aliados\",\"M\u00eddia Comunit\u00e1ria\",\"Sociedade Civil\"],\"inLanguage\":\"pt-BR\"},{\"@type\":\"WebPage\",\"@id\":\"https:\/\/rioonwatch.org.br\/?p=22642\",\"url\":\"https:\/\/rioonwatch.org.br\/?p=22642\",\"name\":\"Paralisa\u00e7\u00e3o do Telef\u00e9rico e Violenta Opera\u00e7\u00e3o Policial Deixa Moradores do Complexo Alem\u00e3o Amea\u00e7ados e Ilhados - RioOnWatch\",\"isPartOf\":{\"@id\":\"https:\/\/rioonwatch.org.br\/#website\"},\"primaryImageOfPage\":{\"@id\":\"https:\/\/rioonwatch.org.br\/?p=22642#primaryimage\"},\"image\":{\"@id\":\"https:\/\/rioonwatch.org.br\/?p=22642#primaryimage\"},\"thumbnailUrl\":\"https:\/\/rioonwatch.org.br\/wp-content\/uploads\/2016\/10\/14333616_1232960663441912_8923761612387271394_n.jpg\",\"datePublished\":\"2016-10-03T23:16:19+00:00\",\"breadcrumb\":{\"@id\":\"https:\/\/rioonwatch.org.br\/?p=22642#breadcrumb\"},\"inLanguage\":\"pt-BR\",\"potentialAction\":[{\"@type\":\"ReadAction\",\"target\":[\"https:\/\/rioonwatch.org.br\/?p=22642\"]}]},{\"@type\":\"ImageObject\",\"inLanguage\":\"pt-BR\",\"@id\":\"https:\/\/rioonwatch.org.br\/?p=22642#primaryimage\",\"url\":\"https:\/\/rioonwatch.org.br\/wp-content\/uploads\/2016\/10\/14333616_1232960663441912_8923761612387271394_n.jpg\",\"contentUrl\":\"https:\/\/rioonwatch.org.br\/wp-content\/uploads\/2016\/10\/14333616_1232960663441912_8923761612387271394_n.jpg\",\"width\":960,\"height\":540},{\"@type\":\"BreadcrumbList\",\"@id\":\"https:\/\/rioonwatch.org.br\/?p=22642#breadcrumb\",\"itemListElement\":[{\"@type\":\"ListItem\",\"position\":1,\"name\":\"In\u00edcio\",\"item\":\"https:\/\/rioonwatch.org.br\/\"},{\"@type\":\"ListItem\",\"position\":2,\"name\":\"Paralisa\u00e7\u00e3o do Telef\u00e9rico e Violenta Opera\u00e7\u00e3o Policial Deixa Moradores do Complexo Alem\u00e3o Amea\u00e7ados e Ilhados\"}]},{\"@type\":\"WebSite\",\"@id\":\"https:\/\/rioonwatch.org.br\/#website\",\"url\":\"https:\/\/rioonwatch.org.br\/\",\"name\":\"RioOnWatch\",\"description\":\"relatos das favelas cariocas\",\"publisher\":{\"@id\":\"https:\/\/rioonwatch.org.br\/#organization\"},\"potentialAction\":[{\"@type\":\"SearchAction\",\"target\":{\"@type\":\"EntryPoint\",\"urlTemplate\":\"https:\/\/rioonwatch.org.br\/?s={search_term_string}\"},\"query-input\":{\"@type\":\"PropertyValueSpecification\",\"valueRequired\":true,\"valueName\":\"search_term_string\"}}],\"inLanguage\":\"pt-BR\"},{\"@type\":\"Organization\",\"@id\":\"https:\/\/rioonwatch.org.br\/#organization\",\"name\":\"RioOnWatch\",\"url\":\"https:\/\/rioonwatch.org.br\/\",\"logo\":{\"@type\":\"ImageObject\",\"inLanguage\":\"pt-BR\",\"@id\":\"https:\/\/rioonwatch.org.br\/#\/schema\/logo\/image\/\",\"url\":\"https:\/\/rioonwatch.org.br\/wp-content\/uploads\/2021\/06\/RioOnWatchcabecalhoPT11anos-2.png\",\"contentUrl\":\"https:\/\/rioonwatch.org.br\/wp-content\/uploads\/2021\/06\/RioOnWatchcabecalhoPT11anos-2.png\",\"width\":779,\"height\":277,\"caption\":\"RioOnWatch\"},\"image\":{\"@id\":\"https:\/\/rioonwatch.org.br\/#\/schema\/logo\/image\/\"}},{\"@type\":\"Person\",\"@id\":\"https:\/\/rioonwatch.org.br\/#\/schema\/person\/11d64c290506f9df50c71b850c473f68\",\"name\":\"Admin\",\"image\":{\"@type\":\"ImageObject\",\"inLanguage\":\"pt-BR\",\"@id\":\"https:\/\/rioonwatch.org.br\/#\/schema\/person\/image\/\",\"url\":\"https:\/\/secure.gravatar.com\/avatar\/56211ac74568383903349a1485e3c325?s=96&d=blank&r=g\",\"contentUrl\":\"https:\/\/secure.gravatar.com\/avatar\/56211ac74568383903349a1485e3c325?s=96&d=blank&r=g\",\"caption\":\"Admin\"},\"url\":\"https:\/\/rioonwatch.org.br\/?author=129\"}]}<\/script>\n<!-- \/ Yoast SEO plugin. -->","yoast_head_json":{"title":"Paralisa\u00e7\u00e3o do Telef\u00e9rico e Violenta Opera\u00e7\u00e3o Policial Deixa Moradores do Complexo Alem\u00e3o Amea\u00e7ados e Ilhados - RioOnWatch","robots":{"index":"index","follow":"follow","max-snippet":"max-snippet:-1","max-image-preview":"max-image-preview:large","max-video-preview":"max-video-preview:-1"},"canonical":"https:\/\/rioonwatch.org.br\/?p=22642","og_locale":"pt_BR","og_type":"article","og_title":"Paralisa\u00e7\u00e3o do Telef\u00e9rico e Violenta Opera\u00e7\u00e3o Policial Deixa Moradores do Complexo Alem\u00e3o Amea\u00e7ados e Ilhados - RioOnWatch","og_description":"Click Here for English A paralisa\u00e7\u00e3o por seis meses do telef\u00e9rico\u00a0no Complexo do Alem\u00e3o, na\u00a0Zona Norte, foi anunciada no dia 14 de setembro, ao mesmo tempo em que ocorriam implac\u00e1veis opera\u00e7\u00f5es policiais na favela. Segundo [...]","og_url":"https:\/\/rioonwatch.org.br\/?p=22642","og_site_name":"RioOnWatch","article_published_time":"2016-10-03T23:16:19+00:00","og_image":[{"width":960,"height":540,"url":"https:\/\/rioonwatch.org.br\/wp-content\/uploads\/2016\/10\/14333616_1232960663441912_8923761612387271394_n.jpg","type":"image\/jpeg"}],"author":"Admin","twitter_card":"summary_large_image","twitter_misc":{"Escrito por":"Admin","Est. tempo de leitura":"5 minutos"},"schema":{"@context":"https:\/\/schema.org","@graph":[{"@type":"Article","@id":"https:\/\/rioonwatch.org.br\/?p=22642#article","isPartOf":{"@id":"https:\/\/rioonwatch.org.br\/?p=22642"},"author":{"name":"Admin","@id":"https:\/\/rioonwatch.org.br\/#\/schema\/person\/11d64c290506f9df50c71b850c473f68"},"headline":"Paralisa\u00e7\u00e3o do Telef\u00e9rico e Violenta Opera\u00e7\u00e3o Policial Deixa Moradores do Complexo Alem\u00e3o Amea\u00e7ados e Ilhados","datePublished":"2016-10-03T23:16:19+00:00","mainEntityOfPage":{"@id":"https:\/\/rioonwatch.org.br\/?p=22642"},"wordCount":984,"publisher":{"@id":"https:\/\/rioonwatch.org.br\/#organization"},"image":{"@id":"https:\/\/rioonwatch.org.br\/?p=22642#primaryimage"},"thumbnailUrl":"https:\/\/rioonwatch.org.br\/wp-content\/uploads\/2016\/10\/14333616_1232960663441912_8923761612387271394_n.jpg","keywords":["BOPE","Complexo do Alem\u00e3o","Comunica\u00e7\u00e3o Comunit\u00e1ria","Direitos Humanos","Instituto Papo Reto","intimida\u00e7\u00e3o policial","m\u00eddia social","Neglig\u00eancia do Estado","Nova Bras\u00edlia","Pol\u00edcia Militar","prioridades p\u00fablicas equivocadas","telef\u00e9rico","transporte p\u00fablico","viol\u00eancia","viol\u00eancia de Estado","Voz das Comunidades","Zona Norte"],"articleSection":["*Destaque","Den\u00fancias","Escrito por Aliados","M\u00eddia Comunit\u00e1ria","Sociedade Civil"],"inLanguage":"pt-BR"},{"@type":"WebPage","@id":"https:\/\/rioonwatch.org.br\/?p=22642","url":"https:\/\/rioonwatch.org.br\/?p=22642","name":"Paralisa\u00e7\u00e3o do Telef\u00e9rico e Violenta Opera\u00e7\u00e3o Policial Deixa Moradores do Complexo Alem\u00e3o Amea\u00e7ados e Ilhados - RioOnWatch","isPartOf":{"@id":"https:\/\/rioonwatch.org.br\/#website"},"primaryImageOfPage":{"@id":"https:\/\/rioonwatch.org.br\/?p=22642#primaryimage"},"image":{"@id":"https:\/\/rioonwatch.org.br\/?p=22642#primaryimage"},"thumbnailUrl":"https:\/\/rioonwatch.org.br\/wp-content\/uploads\/2016\/10\/14333616_1232960663441912_8923761612387271394_n.jpg","datePublished":"2016-10-03T23:16:19+00:00","breadcrumb":{"@id":"https:\/\/rioonwatch.org.br\/?p=22642#breadcrumb"},"inLanguage":"pt-BR","potentialAction":[{"@type":"ReadAction","target":["https:\/\/rioonwatch.org.br\/?p=22642"]}]},{"@type":"ImageObject","inLanguage":"pt-BR","@id":"https:\/\/rioonwatch.org.br\/?p=22642#primaryimage","url":"https:\/\/rioonwatch.org.br\/wp-content\/uploads\/2016\/10\/14333616_1232960663441912_8923761612387271394_n.jpg","contentUrl":"https:\/\/rioonwatch.org.br\/wp-content\/uploads\/2016\/10\/14333616_1232960663441912_8923761612387271394_n.jpg","width":960,"height":540},{"@type":"BreadcrumbList","@id":"https:\/\/rioonwatch.org.br\/?p=22642#breadcrumb","itemListElement":[{"@type":"ListItem","position":1,"name":"In\u00edcio","item":"https:\/\/rioonwatch.org.br\/"},{"@type":"ListItem","position":2,"name":"Paralisa\u00e7\u00e3o do Telef\u00e9rico e Violenta Opera\u00e7\u00e3o Policial Deixa Moradores do Complexo Alem\u00e3o Amea\u00e7ados e Ilhados"}]},{"@type":"WebSite","@id":"https:\/\/rioonwatch.org.br\/#website","url":"https:\/\/rioonwatch.org.br\/","name":"RioOnWatch","description":"relatos das favelas cariocas","publisher":{"@id":"https:\/\/rioonwatch.org.br\/#organization"},"potentialAction":[{"@type":"SearchAction","target":{"@type":"EntryPoint","urlTemplate":"https:\/\/rioonwatch.org.br\/?s={search_term_string}"},"query-input":{"@type":"PropertyValueSpecification","valueRequired":true,"valueName":"search_term_string"}}],"inLanguage":"pt-BR"},{"@type":"Organization","@id":"https:\/\/rioonwatch.org.br\/#organization","name":"RioOnWatch","url":"https:\/\/rioonwatch.org.br\/","logo":{"@type":"ImageObject","inLanguage":"pt-BR","@id":"https:\/\/rioonwatch.org.br\/#\/schema\/logo\/image\/","url":"https:\/\/rioonwatch.org.br\/wp-content\/uploads\/2021\/06\/RioOnWatchcabecalhoPT11anos-2.png","contentUrl":"https:\/\/rioonwatch.org.br\/wp-content\/uploads\/2021\/06\/RioOnWatchcabecalhoPT11anos-2.png","width":779,"height":277,"caption":"RioOnWatch"},"image":{"@id":"https:\/\/rioonwatch.org.br\/#\/schema\/logo\/image\/"}},{"@type":"Person","@id":"https:\/\/rioonwatch.org.br\/#\/schema\/person\/11d64c290506f9df50c71b850c473f68","name":"Admin","image":{"@type":"ImageObject","inLanguage":"pt-BR","@id":"https:\/\/rioonwatch.org.br\/#\/schema\/person\/image\/","url":"https:\/\/secure.gravatar.com\/avatar\/56211ac74568383903349a1485e3c325?s=96&d=blank&r=g","contentUrl":"https:\/\/secure.gravatar.com\/avatar\/56211ac74568383903349a1485e3c325?s=96&d=blank&r=g","caption":"Admin"},"url":"https:\/\/rioonwatch.org.br\/?author=129"}]}},"_links":{"self":[{"href":"https:\/\/rioonwatch.org.br\/index.php?rest_route=\/wp\/v2\/posts\/22642"}],"collection":[{"href":"https:\/\/rioonwatch.org.br\/index.php?rest_route=\/wp\/v2\/posts"}],"about":[{"href":"https:\/\/rioonwatch.org.br\/index.php?rest_route=\/wp\/v2\/types\/post"}],"author":[{"embeddable":true,"href":"https:\/\/rioonwatch.org.br\/index.php?rest_route=\/wp\/v2\/users\/129"}],"replies":[{"embeddable":true,"href":"https:\/\/rioonwatch.org.br\/index.php?rest_route=%2Fwp%2Fv2%2Fcomments&post=22642"}],"version-history":[{"count":15,"href":"https:\/\/rioonwatch.org.br\/index.php?rest_route=\/wp\/v2\/posts\/22642\/revisions"}],"predecessor-version":[{"id":22669,"href":"https:\/\/rioonwatch.org.br\/index.php?rest_route=\/wp\/v2\/posts\/22642\/revisions\/22669"}],"wp:featuredmedia":[{"embeddable":true,"href":"https:\/\/rioonwatch.org.br\/index.php?rest_route=\/wp\/v2\/media\/22644"}],"wp:attachment":[{"href":"https:\/\/rioonwatch.org.br\/index.php?rest_route=%2Fwp%2Fv2%2Fmedia&parent=22642"}],"wp:term":[{"taxonomy":"category","embeddable":true,"href":"https:\/\/rioonwatch.org.br\/index.php?rest_route=%2Fwp%2Fv2%2Fcategories&post=22642"},{"taxonomy":"post_tag","embeddable":true,"href":"https:\/\/rioonwatch.org.br\/index.php?rest_route=%2Fwp%2Fv2%2Ftags&post=22642"},{"taxonomy":"writer","embeddable":true,"href":"https:\/\/rioonwatch.org.br\/index.php?rest_route=%2Fwp%2Fv2%2Fwriter&post=22642"},{"taxonomy":"translator","embeddable":true,"href":"https:\/\/rioonwatch.org.br\/index.php?rest_route=%2Fwp%2Fv2%2Ftranslator&post=22642"},{"taxonomy":"source","embeddable":true,"href":"https:\/\/rioonwatch.org.br\/index.php?rest_route=%2Fwp%2Fv2%2Fsource&post=22642"},{"taxonomy":"ilustrador","embeddable":true,"href":"https:\/\/rioonwatch.org.br\/index.php?rest_route=%2Fwp%2Fv2%2Filustrador&post=22642"},{"taxonomy":"fotografo","embeddable":true,"href":"https:\/\/rioonwatch.org.br\/index.php?rest_route=%2Fwp%2Fv2%2Ffotografo&post=22642"}],"curies":[{"name":"wp","href":"https:\/\/api.w.org\/{rel}","templated":true}]}}