{"id":22671,"date":"2016-10-04T05:56:39","date_gmt":"2016-10-04T08:56:39","guid":{"rendered":"http:\/\/rioonwatch.org.br\/?p=22671"},"modified":"2024-06-20T16:25:20","modified_gmt":"2024-06-20T19:25:20","slug":"ocupacao-cultural-na-vila-autodromo-comemora-memoria-resistencia-e-esperanca","status":"publish","type":"post","link":"https:\/\/rioonwatch.org.br\/?p=22671","title":{"rendered":"Ocupa\u00e7\u00e3o Cultural na Vila Aut\u00f3dromo Comemora Mem\u00f3ria, Resist\u00eancia e Esperan\u00e7a"},"content":{"rendered":"<p style=\"text-align: right;\"><em><strong><a href=\"http:\/\/bit.ly\/2dcCdKM\" target=\"_blank\" rel=\"noopener\">Click Here for English<img decoding=\"async\" width=\"20\" height=\"20\" class=\"alignright wp-image-15790\" src=\"http:\/\/rioonwatch.org.br\/wp-content\/uploads\/2012\/08\/EN-standard-e1439583104716.jpg\" alt=\"\" \/><\/a><\/strong><\/em><\/p>\n<p>No domingo, 25 de setembro a\u00a0<a href=\"http:\/\/bit.ly\/Nfddvg\" target=\"_blank\" rel=\"noopener\"><span class=\"il\">Vila<\/span> <span class=\"il\">Aut\u00f3dromo<\/span><\/a> organizou <a href=\"http:\/\/bit.ly\/2cO9OMH\" target=\"_blank\" rel=\"noopener\">mais um<\/a> evento\u00a0<a href=\"http:\/\/bit.ly\/2dwhUq6\" target=\"_blank\" rel=\"noopener\">Ocupa <span class=\"il\">Vila\u00a0<\/span><span class=\"il\">Aut\u00f3dromo<\/span><\/a>\u00a0celebrando a <a href=\"http:\/\/bit.ly\/1OcSEDn\" target=\"_blank\" rel=\"noopener\">mem\u00f3ria<\/a>,<span class=\"m_7377500299196784230m_-1746420662605148113Apple-converted-space\">\u00a0<\/span><a href=\"http:\/\/bit.ly\/1piRAgk\" target=\"_blank\" rel=\"noopener\">resist\u00eancia<\/a> e esperan\u00e7a da comunidade. Localizada na beira do Parque Ol\u00edmpico na <a href=\"http:\/\/bit.ly\/19BBUhf\" target=\"_blank\" rel=\"noopener\">Barra da Tijuca<\/a>, na\u00a0<a href=\"http:\/\/bit.ly\/11tBmFR\" target=\"_blank\" rel=\"noopener\">Zona Oeste<\/a> do Rio, a comunidade enfrentou a <a href=\"http:\/\/bit.ly\/X51Qvb\" target=\"_blank\" rel=\"noopener\">remo\u00e7\u00e3o<\/a> e a demoli\u00e7\u00e3o de suas casas pela prefeitura durante os anos que antecederam os <a href=\"http:\/\/bit.ly\/PkLXlQ\" target=\"_blank\" rel=\"noopener\">Jogos Ol\u00edmpicos de 2016<\/a>. A batalha de resist\u00eancia da comunidade foi <a href=\"http:\/\/bit.ly\/1rtuaxu\" target=\"_blank\" rel=\"noopener\">\u00e1rdua e longa<\/a>. O\u00a0resultado foi a remo\u00e7\u00e3o de cerca de 700 fam\u00edlias. No entanto, com protestos fortes e persistentes,\u00a0<a href=\"http:\/\/bit.ly\/1XpfSbp\" target=\"_blank\" rel=\"noopener\">20 fam\u00edlias foram capazes de permanecer<\/a> no local original e <a href=\"http:\/\/bit.ly\/2aWmvRL\" target=\"_blank\" rel=\"noopener\">agora moram em casas constru\u00eddas pela prefeitura<\/a>.<\/p>\n<p><a href=\"http:\/\/rioonwatch.org.br\/wp-content\/uploads\/2016\/10\/02.jpg\"><img fetchpriority=\"high\" decoding=\"async\" class=\"aligncenter wp-image-22675 size-content\" title=\"Vila Aut\u00f3dromo no dia do Ocupa\" src=\"http:\/\/rioonwatch.org.br\/wp-content\/uploads\/2016\/10\/02-620x264.jpg\" alt=\"Vila Aut\u00f3dromo no dia do Ocupa\" width=\"620\" height=\"264\" srcset=\"https:\/\/rioonwatch.org.br\/wp-content\/uploads\/2016\/10\/02-620x264.jpg 620w, https:\/\/rioonwatch.org.br\/wp-content\/uploads\/2016\/10\/02-940x400.jpg 940w\" sizes=\"(max-width: 620px) 100vw, 620px\" \/><\/a><\/p>\n<p>Durante todo este processo, a comunidade e os seus apoiadores organizaram regularmente eventos &#8220;<a href=\"http:\/\/bit.ly\/2blISo8\" target=\"_blank\" rel=\"noopener\">Ocupa<\/a>&#8221;\u00a0para proporcionar um espa\u00e7o de resist\u00eancia e tamb\u00e9m de cura para tantos traumas causados pela constante amea\u00e7a\u00a0de remo\u00e7\u00e3o. Agora os encontros na comunidade re\u00fanem as 20 fam\u00edlias que ainda residem na <span class=\"il\">Vila<\/span> <span class=\"il\">Aut\u00f3dromo<\/span>\u00a0e tamb\u00e9m algumas\u00a0que foram reassentadas, al\u00e9m de v\u00e1rios apoiadores que resistiram ao lado dos moradores ao longo dos anos que tamb\u00e9m participaram do evento.<\/p>\n<p>A rede de solidariedade da <span class=\"il\">Vila<\/span> <span class=\"il\">Aut\u00f3dromo<\/span> \u00e9 de grande alcance, e inclui professores e estudantes de v\u00e1rias universidades no Rio, parcerias com outras comunidades que viveram\u00a0a remo\u00e7\u00e3o, m\u00eddias alternativas no Brasil e jornalistas internacionais, comunidades ind\u00edgenas, e v\u00e1rias organiza\u00e7\u00f5es culturais que durante os mais obscuros momentos proveram m\u00fasica ao vivo, oficinas sobre fotografia e pintura ou mesmo aulas de como andar de\u00a0perna de pau.<\/p>\n<p>A for\u00e7a dessa rede de solidariedade era palp\u00e1vel no evento de domingo: &#8220;Cada visita \u00e9 como se a gente estivesse recebendo um presente de Deus&#8221;, explica <a href=\"http:\/\/bit.ly\/1pcDODu\" target=\"_blank\" rel=\"noopener\">Maria da Penha<\/a>, moradora da <span class=\"il\">Vila<\/span> <span class=\"il\">Aut\u00f3dromo<\/span>, que tem desempenhado um papel de lideran\u00e7a significativa na <a href=\"http:\/\/bit.ly\/H1kBPJ\" target=\"_blank\" rel=\"noopener\">mobiliza\u00e7\u00e3o da comunidade<\/a> e na resist\u00eancia.\u00a0&#8220;N\u00f3s temos uma parceria em confraternizar, a gente consegue compartilhar. Nos momentos mais\u00a0dif\u00edceis\u00a0eles [os apoiadores] vieram e ocuparam a Vila.\u00a0N\u00f3s conseguimos ter la\u00e7os, muito mais que apoiadores; temos amizades&#8230;\u00a0Eles gritaram juntos conosco &#8216;eu sou Vila Aut\u00f3dromo&#8217;, eles compram a camisa e vestem. Hoje t\u00eam v\u00e1rias pessoas que n\u00e3o s\u00e3o da Vila. A Vila Aut\u00f3dromo \u00e9 deles todos, \u00e9 de todos n\u00f3s&#8221;.<\/p>\n<p><a href=\"http:\/\/rioonwatch.org.br\/wp-content\/uploads\/2016\/10\/03.jpg\"><img decoding=\"async\" class=\"aligncenter wp-image-22674 size-content\" title=\"Perna de pau no evento do Ocupa\" src=\"http:\/\/rioonwatch.org.br\/wp-content\/uploads\/2016\/10\/03-620x264.jpg\" alt=\"Perna de pau no evento do Ocupa\" width=\"620\" height=\"264\" srcset=\"https:\/\/rioonwatch.org.br\/wp-content\/uploads\/2016\/10\/03-620x264.jpg 620w, https:\/\/rioonwatch.org.br\/wp-content\/uploads\/2016\/10\/03-940x400.jpg 940w\" sizes=\"(max-width: 620px) 100vw, 620px\" \/><\/a><\/p>\n<p>A primeira ocupa\u00e7\u00e3o cultural aconteceu em agosto de 2015 e uma <a href=\"http:\/\/bit.ly\/1NB3l2b\" target=\"_blank\" rel=\"noopener\">segunda em dezembro do mesmo ano<\/a>. A ideia veio do di\u00e1logo entre moradores da Vila Aut\u00f3dromo e apoiadores externos que acompanharam a resist\u00eancia durante v\u00e1rios anos. Os objetivos destes eventos s\u00e3o v\u00e1rios: come\u00e7aram, pela primeira vez, como um ato de protesto contra a remo\u00e7\u00e3o da comunidade pela prefeitura, e para dar visibilidade ao movimento, mas evoluiu para algo que se tornou um espa\u00e7o de cura, celebra\u00e7\u00e3o e constru\u00e7\u00e3o comunit\u00e1ria. &#8220;Todo mundo trazia lanches, bebidas, ou convidavam uma banda que conheciam&#8230; Para cada 20 moradores que vinha havia 100 apoiadores. N\u00f3s perdemos nossos vizinhos [que foram removidos], tivemos a <a href=\"http:\/\/bit.ly\/1QHprD5\" target=\"_blank\" rel=\"noopener\">press\u00e3o da prefeitura<\/a>, mas em conjunto com os nossos apoiadores, conseguimos realizar este evento; gostamos de dan\u00e7ar e cantar&#8221;, explicou Maria da Penha.<\/p>\n<p>Al\u00e9m dessas atividades, a rela\u00e7\u00e3o entre moradores e apoiadores tamb\u00e9m deu origem ao <a href=\"http:\/\/bit.ly\/28Jd7Ar\" target=\"_blank\" rel=\"noopener\">Museu das Remo\u00e7\u00f5es<\/a>, uma exposi\u00e7\u00e3o ao ar livre dentro da comunidade que documenta a hist\u00f3ria e a identidade da Vila Aut\u00f3dromo. Diana Bogado, arquiteta e professora da Universidade Anhanguera em <a href=\"http:\/\/bit.ly\/1xpT8yS\" target=\"_blank\" rel=\"noopener\">Niter\u00f3i<\/a> e uma das co-fundadores do museu explica que &#8220;[o Museu das Remo\u00e7\u00f5es] \u00e9 uma prova que a luta <a href=\"http:\/\/bit.ly\/1iqdzi3\" target=\"_blank\" rel=\"noopener\">pela moradia<\/a> vale a pena. O museu se prop\u00f5e a fazer essa den\u00fancia. A luta agora est\u00e1 um pouco entorno do museu, trazer mem\u00f3ria para a Vila, servir de um n\u00facleo de uni\u00e3o para mais comunidades lutarem&#8221;.<\/p>\n<p><a href=\"http:\/\/rioonwatch.org.br\/wp-content\/uploads\/2016\/10\/04.jpg\"><img loading=\"lazy\" decoding=\"async\" class=\"aligncenter wp-image-22673 size-large\" title=\"Museu das Remo\u00e7\u00f5es na Vila Aut\u00f3dromo\" src=\"http:\/\/rioonwatch.org.br\/wp-content\/uploads\/2016\/10\/04-1024x681.jpg\" alt=\"Museu das Remo\u00e7\u00f5es na Vila Aut\u00f3dromo\" width=\"620\" height=\"412\" srcset=\"https:\/\/rioonwatch.org.br\/wp-content\/uploads\/2016\/10\/04-1024x681.jpg 1024w, https:\/\/rioonwatch.org.br\/wp-content\/uploads\/2016\/10\/04-397x264.jpg 397w, https:\/\/rioonwatch.org.br\/wp-content\/uploads\/2016\/10\/04-620x412.jpg 620w, https:\/\/rioonwatch.org.br\/wp-content\/uploads\/2016\/10\/04-768x511.jpg 768w\" sizes=\"(max-width: 620px) 100vw, 620px\" \/><\/a><\/p>\n<p>Apesar da chuva constante no domingo, as festividades come\u00e7aram no in\u00edcio da manh\u00e3 com a missa na igreja da comunidade, seguido da feijoada caseira de Maria da Penha e um churrasco. Com muita m\u00fasica, as crian\u00e7as e as gera\u00e7\u00f5es mais velhas comemoraram. \u00c0 noite, houve uma exibi\u00e7\u00e3o do filme rec\u00e9m-lan\u00e7ado <a href=\"http:\/\/bit.ly\/2cBePY9\" target=\"_blank\" rel=\"noopener\"><em>Olympia<\/em><\/a>, que mostra a corrup\u00e7\u00e3o no Rio e o impacto dos Jogos Ol\u00edmpicos em comunidades marginalizadas, e inclui testemunhos e filmagens dos moradores da Vila Aut\u00f3dromo.<\/p>\n<p>Luiz Cl\u00e1udio Silva, marido de Maria da Penha, concluiu o evento recitando um poema que ele escreveu sobre a hist\u00f3ria da Vila Aut\u00f3dromo, levando muitas pessoas na sala \u00e0s l\u00e1grimas. No trecho a seguir, Cl\u00e1udio faz uma homenagem \u00e0 parceria e solidariedade entre os moradores e apoiadores:<\/p>\n<blockquote><p>&#8220;A nossa comunidade gerou uma grande resist\u00eancia,<br \/>\nQue atrav\u00e9s da persist\u00eancia conseguimos v\u00e1rias influ\u00eancias,<br \/>\nCom a ajuda de Deus al\u00e7amos v\u00f4os bem distantes,<br \/>\nGra\u00e7as aos apoiadores e a nossa luta sempre constante<br \/>\nOnde a nossa rela\u00e7\u00e3o foi sincera e de muito respeito,<br \/>\nCada um fazendo o que podia dentro de suas limita\u00e7\u00f5es<br \/>\nTodos foram muito importantes no processo das remo\u00e7\u00f5es<br \/>\nQuando menos se acreditava a Vila ressurgia<br \/>\nPerdemos v\u00e1rias batalhas mas a guerra persistia.&#8221;<\/p><\/blockquote>\n<p>A noite terminou com um abra\u00e7o caloroso, coletivo, com muitas vozes gritando em un\u00edssono: &#8220;Viva Vila Aut\u00f3dromo!&#8221;.<\/p>\n<!-- AddThis Advanced Settings generic via filter on the_content --><!-- AddThis Share Buttons generic via filter on the_content -->","protected":false},"excerpt":{"rendered":"<div class=\"mh-excerpt\"><p>Click Here for English No domingo, 25 de setembro a\u00a0Vila Aut\u00f3dromo organizou mais um evento\u00a0Ocupa Vila\u00a0Aut\u00f3dromo\u00a0celebrando a mem\u00f3ria,\u00a0resist\u00eancia e esperan\u00e7a da comunidade. Localizada na beira do Parque Ol\u00edmpico na Barra da Tijuca, na\u00a0Zona Oeste do <a class=\"mh-excerpt-more\" href=\"https:\/\/rioonwatch.org.br\/?p=22671\" title=\"Ocupa\u00e7\u00e3o Cultural na Vila Aut\u00f3dromo Comemora Mem\u00f3ria, Resist\u00eancia e Esperan\u00e7a\">[&#8230;]<\/a><!-- AddThis Advanced Settings generic via filter on get_the_excerpt --><!-- AddThis Share Buttons generic via filter on get_the_excerpt --><\/p>\n<\/div>","protected":false},"author":3,"featured_media":22676,"comment_status":"closed","ping_status":"closed","sticky":false,"template":"","format":"standard","meta":{"_acf_changed":false,"_monsterinsights_skip_tracking":false,"_monsterinsights_sitenote_active":false,"_monsterinsights_sitenote_note":"","_monsterinsights_sitenote_category":0,"footnotes":""},"categories":[1614,1635,1627,1626,1612,342],"tags":[274,81,421,1240,469,1151,1304,78,358,14,432,380,55,184],"writer":[1997],"translator":[1491],"source":[],"ilustrador":[],"fotografo":[],"class_list":{"0":"post-22671","1":"post","2":"type-post","3":"status-publish","4":"format-standard","5":"has-post-thumbnail","7":"category-olhonasremocoes","8":"category-1635","9":"category-relato-de-evento","10":"category-por-observadores-internacionais","11":"category-sociedade-civil","12":"category-solucoes","13":"tag-barra-da-tijuca","14":"tag-cultura","15":"tag-cultura-da-favela","16":"tag-megaeventos","17":"tag-memoria","18":"tag-organizacao","19":"tag-organizacao-criativa","20":"tag-olimpiadas","21":"tag-organizacao-comunitaria","22":"tag-remocao","23":"tag-resistencia","24":"tag-solidariedade","25":"tag-vila-autodromo","26":"tag-zona-oeste","27":"writer-nour-el-youssef","28":"translator-patricia-gomes"},"acf":[],"yoast_head":"<!-- This site is optimized with the Yoast SEO plugin v25.6 - https:\/\/yoast.com\/wordpress\/plugins\/seo\/ -->\n<title>Ocupa\u00e7\u00e3o Cultural na Vila Aut\u00f3dromo Comemora Mem\u00f3ria, Resist\u00eancia e Esperan\u00e7a - RioOnWatch<\/title>\n<meta name=\"robots\" content=\"index, follow, max-snippet:-1, max-image-preview:large, max-video-preview:-1\" \/>\n<link rel=\"canonical\" href=\"https:\/\/rioonwatch.org.br\/?p=22671\" \/>\n<meta property=\"og:locale\" content=\"pt_BR\" \/>\n<meta property=\"og:type\" content=\"article\" \/>\n<meta property=\"og:title\" content=\"Ocupa\u00e7\u00e3o Cultural na Vila Aut\u00f3dromo Comemora Mem\u00f3ria, Resist\u00eancia e Esperan\u00e7a - RioOnWatch\" \/>\n<meta property=\"og:description\" content=\"Click Here for English No domingo, 25 de setembro a\u00a0Vila Aut\u00f3dromo organizou mais um evento\u00a0Ocupa Vila\u00a0Aut\u00f3dromo\u00a0celebrando a mem\u00f3ria,\u00a0resist\u00eancia e esperan\u00e7a da comunidade. Localizada na beira do Parque Ol\u00edmpico na Barra da Tijuca, na\u00a0Zona Oeste do [...]\" \/>\n<meta property=\"og:url\" content=\"https:\/\/rioonwatch.org.br\/?p=22671\" \/>\n<meta property=\"og:site_name\" content=\"RioOnWatch\" \/>\n<meta property=\"article:published_time\" content=\"2016-10-04T08:56:39+00:00\" \/>\n<meta property=\"article:modified_time\" content=\"2024-06-20T19:25:20+00:00\" \/>\n<meta property=\"og:image\" content=\"https:\/\/rioonwatch.org.br\/wp-content\/uploads\/2016\/10\/01-scaled.jpg\" \/>\n\t<meta property=\"og:image:width\" content=\"2560\" \/>\n\t<meta property=\"og:image:height\" content=\"1702\" \/>\n\t<meta property=\"og:image:type\" content=\"image\/jpeg\" \/>\n<meta name=\"author\" content=\"Admin\" \/>\n<meta name=\"twitter:card\" content=\"summary_large_image\" \/>\n<meta name=\"twitter:label1\" content=\"Escrito por\" \/>\n\t<meta name=\"twitter:data1\" content=\"Admin\" \/>\n\t<meta name=\"twitter:label2\" content=\"Est. tempo de leitura\" \/>\n\t<meta name=\"twitter:data2\" content=\"5 minutos\" \/>\n<script type=\"application\/ld+json\" class=\"yoast-schema-graph\">{\"@context\":\"https:\/\/schema.org\",\"@graph\":[{\"@type\":\"Article\",\"@id\":\"https:\/\/rioonwatch.org.br\/?p=22671#article\",\"isPartOf\":{\"@id\":\"https:\/\/rioonwatch.org.br\/?p=22671\"},\"author\":{\"name\":\"Admin\",\"@id\":\"https:\/\/rioonwatch.org.br\/#\/schema\/person\/c6c09a0b56b38f0157a45b963ef3f269\"},\"headline\":\"Ocupa\u00e7\u00e3o Cultural na Vila Aut\u00f3dromo Comemora Mem\u00f3ria, Resist\u00eancia e Esperan\u00e7a\",\"datePublished\":\"2016-10-04T08:56:39+00:00\",\"dateModified\":\"2024-06-20T19:25:20+00:00\",\"mainEntityOfPage\":{\"@id\":\"https:\/\/rioonwatch.org.br\/?p=22671\"},\"wordCount\":919,\"publisher\":{\"@id\":\"https:\/\/rioonwatch.org.br\/#organization\"},\"image\":{\"@id\":\"https:\/\/rioonwatch.org.br\/?p=22671#primaryimage\"},\"thumbnailUrl\":\"https:\/\/rioonwatch.org.br\/wp-content\/uploads\/2016\/10\/01-scaled.jpg\",\"keywords\":[\"Barra da Tijuca\",\"cultura\",\"cultura da favela\",\"Megaeventos\",\"Mem\u00f3rias Faveladas\",\"mobiliza\u00e7\u00e3o\",\"mobiliza\u00e7\u00e3o criativa\",\"Olimp\u00edadas\",\"organiza\u00e7\u00e3o comunit\u00e1ria\",\"Remo\u00e7\u00e3o\",\"resist\u00eancia\",\"solidariedade\",\"Vila Aut\u00f3dromo\",\"Zona Oeste\"],\"articleSection\":[\"#OlhoNasRemo\u00e7\u00f5es\",\"#Rio2016\",\"Cobertura de Eventos\",\"Escrito por Aliados\",\"Sociedade Civil\",\"Solu\u00e7\u00f5es\"],\"inLanguage\":\"pt-BR\"},{\"@type\":\"WebPage\",\"@id\":\"https:\/\/rioonwatch.org.br\/?p=22671\",\"url\":\"https:\/\/rioonwatch.org.br\/?p=22671\",\"name\":\"Ocupa\u00e7\u00e3o Cultural na Vila Aut\u00f3dromo Comemora Mem\u00f3ria, Resist\u00eancia e Esperan\u00e7a - RioOnWatch\",\"isPartOf\":{\"@id\":\"https:\/\/rioonwatch.org.br\/#website\"},\"primaryImageOfPage\":{\"@id\":\"https:\/\/rioonwatch.org.br\/?p=22671#primaryimage\"},\"image\":{\"@id\":\"https:\/\/rioonwatch.org.br\/?p=22671#primaryimage\"},\"thumbnailUrl\":\"https:\/\/rioonwatch.org.br\/wp-content\/uploads\/2016\/10\/01-scaled.jpg\",\"datePublished\":\"2016-10-04T08:56:39+00:00\",\"dateModified\":\"2024-06-20T19:25:20+00:00\",\"breadcrumb\":{\"@id\":\"https:\/\/rioonwatch.org.br\/?p=22671#breadcrumb\"},\"inLanguage\":\"pt-BR\",\"potentialAction\":[{\"@type\":\"ReadAction\",\"target\":[\"https:\/\/rioonwatch.org.br\/?p=22671\"]}]},{\"@type\":\"ImageObject\",\"inLanguage\":\"pt-BR\",\"@id\":\"https:\/\/rioonwatch.org.br\/?p=22671#primaryimage\",\"url\":\"https:\/\/rioonwatch.org.br\/wp-content\/uploads\/2016\/10\/01-scaled.jpg\",\"contentUrl\":\"https:\/\/rioonwatch.org.br\/wp-content\/uploads\/2016\/10\/01-scaled.jpg\",\"width\":2560,\"height\":1702,\"caption\":\"Vila Aut\u00f3dromo se re\u00fane para comemorar resist\u00eancia, mem\u00f3ria e luta\"},{\"@type\":\"BreadcrumbList\",\"@id\":\"https:\/\/rioonwatch.org.br\/?p=22671#breadcrumb\",\"itemListElement\":[{\"@type\":\"ListItem\",\"position\":1,\"name\":\"In\u00edcio\",\"item\":\"https:\/\/rioonwatch.org.br\/\"},{\"@type\":\"ListItem\",\"position\":2,\"name\":\"Ocupa\u00e7\u00e3o Cultural na Vila Aut\u00f3dromo Comemora Mem\u00f3ria, Resist\u00eancia e Esperan\u00e7a\"}]},{\"@type\":\"WebSite\",\"@id\":\"https:\/\/rioonwatch.org.br\/#website\",\"url\":\"https:\/\/rioonwatch.org.br\/\",\"name\":\"RioOnWatch\",\"description\":\"relatos das favelas cariocas\",\"publisher\":{\"@id\":\"https:\/\/rioonwatch.org.br\/#organization\"},\"potentialAction\":[{\"@type\":\"SearchAction\",\"target\":{\"@type\":\"EntryPoint\",\"urlTemplate\":\"https:\/\/rioonwatch.org.br\/?s={search_term_string}\"},\"query-input\":{\"@type\":\"PropertyValueSpecification\",\"valueRequired\":true,\"valueName\":\"search_term_string\"}}],\"inLanguage\":\"pt-BR\"},{\"@type\":\"Organization\",\"@id\":\"https:\/\/rioonwatch.org.br\/#organization\",\"name\":\"RioOnWatch\",\"url\":\"https:\/\/rioonwatch.org.br\/\",\"logo\":{\"@type\":\"ImageObject\",\"inLanguage\":\"pt-BR\",\"@id\":\"https:\/\/rioonwatch.org.br\/#\/schema\/logo\/image\/\",\"url\":\"https:\/\/rioonwatch.org.br\/wp-content\/uploads\/2021\/06\/RioOnWatchcabecalhoPT11anos-2.png\",\"contentUrl\":\"https:\/\/rioonwatch.org.br\/wp-content\/uploads\/2021\/06\/RioOnWatchcabecalhoPT11anos-2.png\",\"width\":779,\"height\":277,\"caption\":\"RioOnWatch\"},\"image\":{\"@id\":\"https:\/\/rioonwatch.org.br\/#\/schema\/logo\/image\/\"}},{\"@type\":\"Person\",\"@id\":\"https:\/\/rioonwatch.org.br\/#\/schema\/person\/c6c09a0b56b38f0157a45b963ef3f269\",\"name\":\"Admin\",\"image\":{\"@type\":\"ImageObject\",\"inLanguage\":\"pt-BR\",\"@id\":\"https:\/\/rioonwatch.org.br\/#\/schema\/person\/image\/\",\"url\":\"https:\/\/secure.gravatar.com\/avatar\/da45c89efd4810dc70c16a5da3419806?s=96&d=blank&r=g\",\"contentUrl\":\"https:\/\/secure.gravatar.com\/avatar\/da45c89efd4810dc70c16a5da3419806?s=96&d=blank&r=g\",\"caption\":\"Admin\"},\"url\":\"https:\/\/rioonwatch.org.br\/?author=3\"}]}<\/script>\n<!-- \/ Yoast SEO plugin. -->","yoast_head_json":{"title":"Ocupa\u00e7\u00e3o Cultural na Vila Aut\u00f3dromo Comemora Mem\u00f3ria, Resist\u00eancia e Esperan\u00e7a - RioOnWatch","robots":{"index":"index","follow":"follow","max-snippet":"max-snippet:-1","max-image-preview":"max-image-preview:large","max-video-preview":"max-video-preview:-1"},"canonical":"https:\/\/rioonwatch.org.br\/?p=22671","og_locale":"pt_BR","og_type":"article","og_title":"Ocupa\u00e7\u00e3o Cultural na Vila Aut\u00f3dromo Comemora Mem\u00f3ria, Resist\u00eancia e Esperan\u00e7a - RioOnWatch","og_description":"Click Here for English No domingo, 25 de setembro a\u00a0Vila Aut\u00f3dromo organizou mais um evento\u00a0Ocupa Vila\u00a0Aut\u00f3dromo\u00a0celebrando a mem\u00f3ria,\u00a0resist\u00eancia e esperan\u00e7a da comunidade. Localizada na beira do Parque Ol\u00edmpico na Barra da Tijuca, na\u00a0Zona Oeste do [...]","og_url":"https:\/\/rioonwatch.org.br\/?p=22671","og_site_name":"RioOnWatch","article_published_time":"2016-10-04T08:56:39+00:00","article_modified_time":"2024-06-20T19:25:20+00:00","og_image":[{"width":2560,"height":1702,"url":"https:\/\/rioonwatch.org.br\/wp-content\/uploads\/2016\/10\/01-scaled.jpg","type":"image\/jpeg"}],"author":"Admin","twitter_card":"summary_large_image","twitter_misc":{"Escrito por":"Admin","Est. tempo de leitura":"5 minutos"},"schema":{"@context":"https:\/\/schema.org","@graph":[{"@type":"Article","@id":"https:\/\/rioonwatch.org.br\/?p=22671#article","isPartOf":{"@id":"https:\/\/rioonwatch.org.br\/?p=22671"},"author":{"name":"Admin","@id":"https:\/\/rioonwatch.org.br\/#\/schema\/person\/c6c09a0b56b38f0157a45b963ef3f269"},"headline":"Ocupa\u00e7\u00e3o Cultural na Vila Aut\u00f3dromo Comemora Mem\u00f3ria, Resist\u00eancia e Esperan\u00e7a","datePublished":"2016-10-04T08:56:39+00:00","dateModified":"2024-06-20T19:25:20+00:00","mainEntityOfPage":{"@id":"https:\/\/rioonwatch.org.br\/?p=22671"},"wordCount":919,"publisher":{"@id":"https:\/\/rioonwatch.org.br\/#organization"},"image":{"@id":"https:\/\/rioonwatch.org.br\/?p=22671#primaryimage"},"thumbnailUrl":"https:\/\/rioonwatch.org.br\/wp-content\/uploads\/2016\/10\/01-scaled.jpg","keywords":["Barra da Tijuca","cultura","cultura da favela","Megaeventos","Mem\u00f3rias Faveladas","mobiliza\u00e7\u00e3o","mobiliza\u00e7\u00e3o criativa","Olimp\u00edadas","organiza\u00e7\u00e3o comunit\u00e1ria","Remo\u00e7\u00e3o","resist\u00eancia","solidariedade","Vila Aut\u00f3dromo","Zona Oeste"],"articleSection":["#OlhoNasRemo\u00e7\u00f5es","#Rio2016","Cobertura de Eventos","Escrito por Aliados","Sociedade Civil","Solu\u00e7\u00f5es"],"inLanguage":"pt-BR"},{"@type":"WebPage","@id":"https:\/\/rioonwatch.org.br\/?p=22671","url":"https:\/\/rioonwatch.org.br\/?p=22671","name":"Ocupa\u00e7\u00e3o Cultural na Vila Aut\u00f3dromo Comemora Mem\u00f3ria, Resist\u00eancia e Esperan\u00e7a - RioOnWatch","isPartOf":{"@id":"https:\/\/rioonwatch.org.br\/#website"},"primaryImageOfPage":{"@id":"https:\/\/rioonwatch.org.br\/?p=22671#primaryimage"},"image":{"@id":"https:\/\/rioonwatch.org.br\/?p=22671#primaryimage"},"thumbnailUrl":"https:\/\/rioonwatch.org.br\/wp-content\/uploads\/2016\/10\/01-scaled.jpg","datePublished":"2016-10-04T08:56:39+00:00","dateModified":"2024-06-20T19:25:20+00:00","breadcrumb":{"@id":"https:\/\/rioonwatch.org.br\/?p=22671#breadcrumb"},"inLanguage":"pt-BR","potentialAction":[{"@type":"ReadAction","target":["https:\/\/rioonwatch.org.br\/?p=22671"]}]},{"@type":"ImageObject","inLanguage":"pt-BR","@id":"https:\/\/rioonwatch.org.br\/?p=22671#primaryimage","url":"https:\/\/rioonwatch.org.br\/wp-content\/uploads\/2016\/10\/01-scaled.jpg","contentUrl":"https:\/\/rioonwatch.org.br\/wp-content\/uploads\/2016\/10\/01-scaled.jpg","width":2560,"height":1702,"caption":"Vila Aut\u00f3dromo se re\u00fane para comemorar resist\u00eancia, mem\u00f3ria e luta"},{"@type":"BreadcrumbList","@id":"https:\/\/rioonwatch.org.br\/?p=22671#breadcrumb","itemListElement":[{"@type":"ListItem","position":1,"name":"In\u00edcio","item":"https:\/\/rioonwatch.org.br\/"},{"@type":"ListItem","position":2,"name":"Ocupa\u00e7\u00e3o Cultural na Vila Aut\u00f3dromo Comemora Mem\u00f3ria, Resist\u00eancia e Esperan\u00e7a"}]},{"@type":"WebSite","@id":"https:\/\/rioonwatch.org.br\/#website","url":"https:\/\/rioonwatch.org.br\/","name":"RioOnWatch","description":"relatos das favelas cariocas","publisher":{"@id":"https:\/\/rioonwatch.org.br\/#organization"},"potentialAction":[{"@type":"SearchAction","target":{"@type":"EntryPoint","urlTemplate":"https:\/\/rioonwatch.org.br\/?s={search_term_string}"},"query-input":{"@type":"PropertyValueSpecification","valueRequired":true,"valueName":"search_term_string"}}],"inLanguage":"pt-BR"},{"@type":"Organization","@id":"https:\/\/rioonwatch.org.br\/#organization","name":"RioOnWatch","url":"https:\/\/rioonwatch.org.br\/","logo":{"@type":"ImageObject","inLanguage":"pt-BR","@id":"https:\/\/rioonwatch.org.br\/#\/schema\/logo\/image\/","url":"https:\/\/rioonwatch.org.br\/wp-content\/uploads\/2021\/06\/RioOnWatchcabecalhoPT11anos-2.png","contentUrl":"https:\/\/rioonwatch.org.br\/wp-content\/uploads\/2021\/06\/RioOnWatchcabecalhoPT11anos-2.png","width":779,"height":277,"caption":"RioOnWatch"},"image":{"@id":"https:\/\/rioonwatch.org.br\/#\/schema\/logo\/image\/"}},{"@type":"Person","@id":"https:\/\/rioonwatch.org.br\/#\/schema\/person\/c6c09a0b56b38f0157a45b963ef3f269","name":"Admin","image":{"@type":"ImageObject","inLanguage":"pt-BR","@id":"https:\/\/rioonwatch.org.br\/#\/schema\/person\/image\/","url":"https:\/\/secure.gravatar.com\/avatar\/da45c89efd4810dc70c16a5da3419806?s=96&d=blank&r=g","contentUrl":"https:\/\/secure.gravatar.com\/avatar\/da45c89efd4810dc70c16a5da3419806?s=96&d=blank&r=g","caption":"Admin"},"url":"https:\/\/rioonwatch.org.br\/?author=3"}]}},"_links":{"self":[{"href":"https:\/\/rioonwatch.org.br\/index.php?rest_route=\/wp\/v2\/posts\/22671"}],"collection":[{"href":"https:\/\/rioonwatch.org.br\/index.php?rest_route=\/wp\/v2\/posts"}],"about":[{"href":"https:\/\/rioonwatch.org.br\/index.php?rest_route=\/wp\/v2\/types\/post"}],"author":[{"embeddable":true,"href":"https:\/\/rioonwatch.org.br\/index.php?rest_route=\/wp\/v2\/users\/3"}],"replies":[{"embeddable":true,"href":"https:\/\/rioonwatch.org.br\/index.php?rest_route=%2Fwp%2Fv2%2Fcomments&post=22671"}],"version-history":[{"count":9,"href":"https:\/\/rioonwatch.org.br\/index.php?rest_route=\/wp\/v2\/posts\/22671\/revisions"}],"predecessor-version":[{"id":74177,"href":"https:\/\/rioonwatch.org.br\/index.php?rest_route=\/wp\/v2\/posts\/22671\/revisions\/74177"}],"wp:featuredmedia":[{"embeddable":true,"href":"https:\/\/rioonwatch.org.br\/index.php?rest_route=\/wp\/v2\/media\/22676"}],"wp:attachment":[{"href":"https:\/\/rioonwatch.org.br\/index.php?rest_route=%2Fwp%2Fv2%2Fmedia&parent=22671"}],"wp:term":[{"taxonomy":"category","embeddable":true,"href":"https:\/\/rioonwatch.org.br\/index.php?rest_route=%2Fwp%2Fv2%2Fcategories&post=22671"},{"taxonomy":"post_tag","embeddable":true,"href":"https:\/\/rioonwatch.org.br\/index.php?rest_route=%2Fwp%2Fv2%2Ftags&post=22671"},{"taxonomy":"writer","embeddable":true,"href":"https:\/\/rioonwatch.org.br\/index.php?rest_route=%2Fwp%2Fv2%2Fwriter&post=22671"},{"taxonomy":"translator","embeddable":true,"href":"https:\/\/rioonwatch.org.br\/index.php?rest_route=%2Fwp%2Fv2%2Ftranslator&post=22671"},{"taxonomy":"source","embeddable":true,"href":"https:\/\/rioonwatch.org.br\/index.php?rest_route=%2Fwp%2Fv2%2Fsource&post=22671"},{"taxonomy":"ilustrador","embeddable":true,"href":"https:\/\/rioonwatch.org.br\/index.php?rest_route=%2Fwp%2Fv2%2Filustrador&post=22671"},{"taxonomy":"fotografo","embeddable":true,"href":"https:\/\/rioonwatch.org.br\/index.php?rest_route=%2Fwp%2Fv2%2Ffotografo&post=22671"}],"curies":[{"name":"wp","href":"https:\/\/api.w.org\/{rel}","templated":true}]}}