{"id":22692,"date":"2016-10-10T08:00:53","date_gmt":"2016-10-10T11:00:53","guid":{"rendered":"http:\/\/rioonwatch.org.br\/?p=22692"},"modified":"2024-06-20T16:18:41","modified_gmt":"2024-06-20T19:18:41","slug":"no-brasil-parece-que-ninguem-merece-os-seus-direitos-humanos","status":"publish","type":"post","link":"https:\/\/rioonwatch.org.br\/?p=22692","title":{"rendered":"No Brasil Parece que Ningu\u00e9m &#8216;Merece&#8217; os Seus Direitos Humanos [REFER\u00caNCIA]"},"content":{"rendered":"<p style=\"text-align: right;\"><em><strong><a href=\"http:\/\/bit.ly\/2cR1Tz6\" target=\"_blank\" rel=\"noopener\">Click Here for English<img decoding=\"async\" width=\"20\" height=\"20\" class=\"alignright wp-image-15790\" src=\"http:\/\/rioonwatch.org.br\/wp-content\/uploads\/2012\/08\/EN-standard-e1439583104716.jpg\" alt=\"\" \/><\/a><\/strong><\/em><\/p>\n<p>Os\u00a0<a href=\"http:\/\/bit.ly\/1iqdzi3\" target=\"_blank\" rel=\"noopener\">direitos humanos<\/a>\u00a0deveriam, por defini\u00e7\u00e3o, ser aplicados a todos os humanos. Na pr\u00e1tica, no entanto, est\u00e3o distribu\u00eddos de modo desigual e, \u00e0s vezes, s\u00e3o considerados at\u00e9 mesmo como algo \u201cmerecido\u201d apenas para algumas pessoas. Em uma s\u00e9rie de entrevistas com moradores de\u00a0favelas e de <a href=\"http:\/\/bit.ly\/1pgsdwY\" target=\"_blank\" rel=\"noopener\">condom\u00ednios fechados<\/a>\u00a0do Rio sobre servi\u00e7os b\u00e1sicos que deveriam ser garantidos como direitos humanos&#8211;tais como <a href=\"http:\/\/bit.ly\/1acNApR\" target=\"_blank\" rel=\"noopener\">educa\u00e7\u00e3o<\/a>, <a href=\"http:\/\/bit.ly\/1kzUmMv\" target=\"_blank\" rel=\"noopener\">sa\u00fade<\/a>, <a href=\"http:\/\/bit.ly\/14lMZGK\" target=\"_blank\" rel=\"noopener\">saneamento b\u00e1sico<\/a> e um sistema de justi\u00e7a \u00edntegro&#8211;alguns entrevistados descreveram um contrato social no qual uma contribui\u00e7\u00e3o para a sociedade \u00e9 esperada, ou, at\u00e9 mesmo, exigida, para que se possa \u201creceber\u201d direitos a servi\u00e7os b\u00e1sicos. Isso, obviamente, contraria o pr\u00f3prio conceito, garantido pela Declara\u00e7\u00e3o Universal dos Direitos Humanos da ONU, ou mais diretamente, neste caso, pela pr\u00f3pria <a href=\"http:\/\/bit.ly\/2e7F1Lg\" target=\"_blank\" rel=\"noopener\">Constitui\u00e7\u00e3o Brasileira<\/a>.<\/p>\n<p><a href=\"http:\/\/bit.ly\/1Ce678W\" target=\"_blank\" rel=\"noopener\">Cidadania<\/a>, frequentemente considerada simplesmente como inerente a qualquer indiv\u00edduo que \u00e9 cidad\u00e3o de uma na\u00e7\u00e3o \u00e9, na verdade, uma ideia amb\u00edgua. O antrop\u00f3logo\u00a0<a href=\"http:\/\/bit.ly\/2dD3oOj\" target=\"_blank\" rel=\"noopener\">James Holston refere-se<\/a> ao conceito de \u201ccidadania diferenciada\u201d: apesar da cidadania supostamente conferir os mesmos direitos a todos, na pr\u00e1tica ela reflete desigualdades hist\u00f3ricas. A distribui\u00e7\u00e3o dos direitos n\u00e3o s\u00f3 diz respeito ao que est\u00e1 escrito em uma constitui\u00e7\u00e3o, mas tamb\u00e9m \u00e0 maneira como esses direitos s\u00e3o de fato aplicados, e \u00e9 frequentemente baseada em entendimentos herdados sobre quem, em uma dada sociedade, \u00e9 visto como digno. Aqueles que n\u00e3o pagam impostos na periferia podem ser vistos como menos merecedores, assim como aqueles envolvidos em atos criminosos.<\/p>\n<h3><strong>Perspectivas dos condom\u00ednios fechados<\/strong><\/h3>\n<p>Os\u00a0<a href=\"http:\/\/bit.ly\/2apHJGB\" target=\"_blank\" rel=\"noopener\">moradores de condom\u00ednios fechados entrevistados expressaram frustra\u00e7\u00e3o<\/a>\u00a0perante o fato de ter que pagar por sua pr\u00f3pria seguran\u00e7a, sa\u00fade e educa\u00e7\u00e3o. Eles argumentaram que os muros e os seguran\u00e7as s\u00e3o necess\u00e1rios para viver uma vida \u201cnormal\u201d sem preocupa\u00e7\u00f5es, como deixar\u00a0crian\u00e7as brincando do lado de fora, sair para uma corrida \u00e0 noite, ou n\u00e3o\u00a0ser assaltado. Tamb\u00e9m apontaram a sa\u00fade e a educa\u00e7\u00e3o privadas como necessidades, j\u00e1 que a qualidade dos servi\u00e7os p\u00fablicos deixa a desejar. Expressaram sentirem-se trapaceados por pagarem \u201co dobro\u201d, ou seja, ambos os impostos e os servi\u00e7os privados que deveriam ser fornecidos em troca de tais impostos.<\/p>\n<p><a href=\"http:\/\/rioonwatch.org.br\/wp-content\/uploads\/2016\/10\/estrelas-full-condominium-vista-geral-do-empreendimento.jpg\"><img fetchpriority=\"high\" decoding=\"async\" class=\"aligncenter wp-image-22761 size-content\" title=\"Condom\u00ednio fechado na Barra\" src=\"http:\/\/rioonwatch.org.br\/wp-content\/uploads\/2016\/10\/estrelas-full-condominium-vista-geral-do-empreendimento-620x264.jpg\" alt=\"estrelas-full-condominium-vista-geral-do-empreendimento\" width=\"620\" height=\"264\" \/><\/a><\/p>\n<p>Al\u00e9m disso, houve muitas reclama\u00e7\u00f5es a respeito da infraestrutura p\u00fablica. As vias que conectam a <a href=\"http:\/\/bit.ly\/19BBUhf\" target=\"_blank\" rel=\"noopener\">Barra da Tijuca<\/a> \u00e0 <a href=\"http:\/\/bit.ly\/1mNsDyk\" target=\"_blank\" rel=\"noopener\">Zona Sul<\/a> e ao <a href=\"http:\/\/bit.ly\/1qX7nZG\" target=\"_blank\" rel=\"noopener\">Centro<\/a>&#8211;lugares em que muitas dessas pessoas trabalham ou frequentam por lazer&#8211;est\u00e3o sempre congestionadas pelo tr\u00e2nsito, enquanto o <a href=\"http:\/\/bit.ly\/1TpORFB\" target=\"_blank\" rel=\"noopener\">esgoto<\/a> \u00e9 normalmente despejado sem tratamento e polui as \u00e1guas dos arredores. Muitos criticaram o <a href=\"http:\/\/bit.ly\/2d7FtY3\" target=\"_blank\" rel=\"noopener\">mundialmente conhecido<\/a>\u00a0<a href=\"http:\/\/bit.ly\/1bVmvbP\" target=\"_blank\" rel=\"noopener\">Bolsa Fam\u00edlia<\/a>, pol\u00edtica de assist\u00eancia social atrav\u00e9s de transfer\u00eancia financeira direta, ao mesmo tempo em que sugeriram que investimentos em educa\u00e7\u00e3o e sa\u00fade de qualidade seriam mais eficazes para reduzir a pobreza de uma maneira mais positiva e, deste modo, estimular um pa\u00eds est\u00e1vel. No geral, os moradores da Barra entrevistados expressaram a sensa\u00e7\u00e3o de ter o direito a melhores servi\u00e7os e a investimentos mais eficientes por parte do governo, dada a quantidade de <a href=\"http:\/\/bit.ly\/2cC5G2w\" target=\"_blank\" rel=\"noopener\">impostos<\/a> que pagam.<\/p>\n<h3><strong>Perspectivas da favela<\/strong><\/h3>\n<p>Os moradores de favelas\u00a0<a href=\"http:\/\/bit.ly\/1K8LVUg\" target=\"_blank\" rel=\"noopener\">sofrem ainda mais<\/a> com a falta de servi\u00e7os p\u00fablicos de qualidade, pois seus meios de buscar solu\u00e7\u00f5es privadas s\u00e3o consideravelmente mais limitados, embora sua <a href=\"http:\/\/bit.ly\/1j5bUzA\" target=\"_blank\" rel=\"noopener\">desenvoltura<\/a> para compensar a m\u00e1 administra\u00e7\u00e3o p\u00fablica <a href=\"http:\/\/bit.ly\/2at7Hfd\">seja famosa mundialmente<\/a>. Eles suportam o impacto das pol\u00edticas deficientes de <a href=\"http:\/\/bit.ly\/1fRNcBs\" target=\"_blank\" rel=\"noopener\">seguran\u00e7a p\u00fablica<\/a> de v\u00e1rias maneiras, sendo que algumas favelas enfrentam uma combina\u00e7\u00e3o de amea\u00e7as por parte da <a href=\"http:\/\/bit.ly\/1m6E85H\" target=\"_blank\" rel=\"noopener\">pol\u00edcia<\/a>, das <a href=\"http:\/\/bit.ly\/1fQqGHL\" target=\"_blank\" rel=\"noopener\">mil\u00edcias<\/a> e dos <a href=\"http:\/\/bit.ly\/NRIxaP\" target=\"_blank\" rel=\"noopener\">traficantes<\/a>. Al\u00e9m disso, frequentemente carecem de fundos para pagar por educa\u00e7\u00e3o privada ou assist\u00eancia m\u00e9dica de qualidade. Da mesma forma, esses moradores <a href=\"http:\/\/bit.ly\/2cjGxsd\" target=\"_blank\" rel=\"noopener\">tamb\u00e9m se sentem injusti\u00e7ados<\/a>. Muitos argumentaram, durante as entrevistas, que os moradores de favelas n\u00e3o s\u00e3o reconhecidos na sociedade e s\u00e3o\u00a0<a href=\"http:\/\/bit.ly\/P4itK0\" target=\"_blank\" rel=\"noopener\">estigmatizados<\/a>, apesar de contribu\u00edrem com seu trabalho e <a href=\"http:\/\/bit.ly\/1a1M6kK\" target=\"_blank\" rel=\"noopener\">produ\u00e7\u00e3o cultural<\/a> para a constru\u00e7\u00e3o da cidade do Rio, sem mencionar que pagam altos impostos atrav\u00e9s do alto\u00a0<a href=\"http:\/\/bit.ly\/2dz9VtI\" target=\"_blank\" rel=\"noopener\">imposto de circula\u00e7\u00e3o de mercadorias e servi\u00e7os<\/a>\u00a0(ICMS), um pesado imposto\u00a0<a href=\"http:\/\/bit.ly\/2dzzzi6\" target=\"_blank\" rel=\"noopener\">regressivo<\/a>.<\/p>\n<p>Muitos dos projetos do governo, inicialmente divulgados\u00a0com a inten\u00e7\u00e3o de melhorar a vida nas favelas ap\u00f3s d\u00e9cadas de neglig\u00eancia, foram na \u00e9poca de sua inaugura\u00e7\u00e3o recebidos com esperan\u00e7a. Por\u00e9m, ao decorrer da implementa\u00e7\u00e3o, seus impactos nos territ\u00f3rios, testemunhados pelos moradores, deixaram claro uma segunda agenda. Exemplos citados incluem\u00a0<a href=\"http:\/\/bit.ly\/R5ueio\" target=\"_blank\" rel=\"noopener\">UPPs<\/a>\u00a0que serviram como\u00a0um instrumento para fomentar a especula\u00e7\u00e3o imobili\u00e1ria; ruas alargadas que refor\u00e7aram a presen\u00e7a\u00a0do patrulhamento policial e a <a href=\"http:\/\/bit.ly\/X51Qvb\" target=\"_blank\" rel=\"noopener\">remo\u00e7\u00e3o<\/a>; os <a href=\"http:\/\/bit.ly\/PkLXlQ\" target=\"_blank\" rel=\"noopener\">Jogos Ol\u00edmpicos<\/a>\u00a0que beneficiam principalmente\u00a0os ricos; e investimentos do <a href=\"http:\/\/bit.ly\/NnSmIP\" target=\"_blank\" rel=\"noopener\">PAC<\/a> na <a href=\"http:\/\/bit.ly\/16w2zz1\" target=\"_blank\" rel=\"noopener\">Rocinha<\/a>, em <a href=\"http:\/\/bit.ly\/ZC9b6z\" target=\"_blank\" rel=\"noopener\">Manguinhos<\/a> e no <a href=\"http:\/\/bit.ly\/U0MiGm\" target=\"_blank\" rel=\"noopener\">Alem\u00e3o<\/a>\u00a0que\u00a0foram\u00a0\u201c<a href=\"http:\/\/bit.ly\/2dQUtwi\" target=\"_blank\" rel=\"noopener\">para ingl\u00eas ver<\/a>\u201d.<\/p>\n<p><a href=\"http:\/\/rioonwatch.org.br\/wp-content\/uploads\/2016\/10\/Vila-Kennedy-Mutirao-2-e1471715667320.jpg\"><img decoding=\"async\" class=\"aligncenter wp-image-22763 size-content\" title=\"Moradores da Villa Kennedy realizaram um mutir\u00e3o para limpar as ruas ap\u00f3s fortes chuvas.\" src=\"http:\/\/rioonwatch.org.br\/wp-content\/uploads\/2016\/10\/Vila-Kennedy-Mutirao-2-e1471715667320-620x264.jpg\" alt=\"vila-kennedy-mutirao-2-e1471715667320\" width=\"620\" height=\"264\" srcset=\"https:\/\/rioonwatch.org.br\/wp-content\/uploads\/2016\/10\/Vila-Kennedy-Mutirao-2-e1471715667320-620x264.jpg 620w, https:\/\/rioonwatch.org.br\/wp-content\/uploads\/2016\/10\/Vila-Kennedy-Mutirao-2-e1471715667320-940x400.jpg 940w\" sizes=\"(max-width: 620px) 100vw, 620px\" \/><\/a><\/p>\n<p>Um tema comum ao longo das entrevistas com moradores de favelas foi o fato de servi\u00e7os essenciais ou obras serem executados por eles mesmos. Maria*, 46 anos, vive na\u00a0<a href=\"http:\/\/bit.ly\/UKOXUX\" target=\"_blank\" rel=\"noopener\">Asa Branca<\/a>, na\u00a0<a href=\"http:\/\/bit.ly\/11tBmFR\" target=\"_blank\" rel=\"noopener\">Zona Oeste<\/a>, desde crian\u00e7a. Ao refletir sobre o desenvolvimento do bairro ao longo dos anos, ela afirma:\u00a0\u201cA comunidade \u00e9 <a href=\"http:\/\/bit.ly\/2bu6FAD\" target=\"_blank\" rel=\"noopener\">mil vezes melhor do que era antes<\/a>, \u00e9 incompar\u00e1vel. Mas isso n\u00e3o ocorreu devido ao governo. As obras t\u00eam sido realizadas h\u00e1 anos pelas pessoas daqui. Nossa Associa\u00e7\u00e3o de Moradores fez todo o trabalho, tudo \u00e9 devido a eles, e n\u00e3o ao governo. Sem a Associa\u00e7\u00e3o, isso n\u00e3o aconteceria&#8221;.<\/p>\n<p>Bruno, que administra uma oficina de computadores na Asa Branca, vive no local h\u00e1 31 anos e tamb\u00e9m relembra o passado: \u201cA comunidade evoluiu. Quando eu cheguei aqui, as ruas n\u00e3o eram asfaltadas. Nem todas as pessoas na Asa Branca se d\u00e3o conta do quanto ela melhorou. N\u00f3s crescemos porque reunimos esfor\u00e7os nos bastidores, nada aconteceu naturalmente. O <a href=\"http:\/\/bit.ly\/WJoU7O\" target=\"_blank\" rel=\"noopener\">governo ajuda<\/a> a desenvolver a comunidade, mas definitivamente poderia ajudar mais. N\u00f3s n\u00e3o somos a prioridade [do governo]&#8221;.<\/p>\n<p>\u201c\u00c9 uma hist\u00f3ria de luta\u201d, salienta o l\u00edder comunit\u00e1rio <a href=\"http:\/\/bit.ly\/1NHYYky\" target=\"_blank\" rel=\"noopener\">Carlos Alberto \u201cBezerra\u201d Costa<\/a>. \u201cO b\u00e1sico, como a rede de esgoto e as casas, foram constru\u00eddos pelas nossas pr\u00f3prias m\u00e3os. N\u00f3s temos tudo, mas \u00e9 dif\u00edcil. Uma luta di\u00e1ria&#8221;.<\/p>\n<p><a href=\"http:\/\/rioonwatch.org.br\/wp-content\/uploads\/2016\/10\/Asa-Branca-street.jpg\"><img loading=\"lazy\" decoding=\"async\" class=\"aligncenter wp-image-22767 size-content\" title=\"Uma rua na Asa Branca\" src=\"http:\/\/rioonwatch.org.br\/wp-content\/uploads\/2016\/10\/Asa-Branca-street-620x264.jpg\" alt=\"asa-branca-street\" width=\"620\" height=\"264\" srcset=\"https:\/\/rioonwatch.org.br\/wp-content\/uploads\/2016\/10\/Asa-Branca-street-620x264.jpg 620w, https:\/\/rioonwatch.org.br\/wp-content\/uploads\/2016\/10\/Asa-Branca-street-940x400.jpg 940w\" sizes=\"(max-width: 620px) 100vw, 620px\" \/><\/a><\/p>\n<p><a href=\"http:\/\/bit.ly\/1WHv9He\" target=\"_blank\" rel=\"noopener\">Erik da Rocinha<\/a> ganha a vida como guia tur\u00edstico, e reitera a fala dos moradores de Asa Branca: \u201cA Rocinha foi formada por <a href=\"http:\/\/bit.ly\/1Hg4Zj3\" target=\"_blank\" rel=\"noopener\">ex-escravos<\/a> que chegaram aqui <a href=\"http:\/\/www.bit.ly\/WhatIsFavela\">ap\u00f3s a aboli\u00e7\u00e3o da escravatura<\/a>. Juntos, eles lutaram por servi\u00e7os do governo e por reconhecimento. Essas s\u00e3o as pessoas que constru\u00edram o Brasil, elas constru\u00edram as cidades. <a href=\"http:\/\/bit.ly\/2dpOIAy\" target=\"_blank\" rel=\"noopener\">Elas tamb\u00e9m constru\u00edram<\/a> seus pr\u00f3prios bairros. Todas essas diferentes pessoas s\u00e3o t\u00e9cnicos, realizando servi\u00e7os que as pessoas da comunidade precisam, como sistemas de <a href=\"http:\/\/bit.ly\/1mZ1CnQ\" target=\"_blank\" rel=\"noopener\">eletricidade<\/a> e de <a href=\"http:\/\/bit.ly\/1GyyKkX\" target=\"_blank\" rel=\"noopener\">\u00e1gua<\/a>, constru\u00e7\u00e3o de casas e ofertando casas para alugar&#8221;.<\/p>\n<p>Quanto \u00e0 seguran\u00e7a, os moradores de favelas entrevistados, em geral, n\u00e3o acreditavam que os servi\u00e7os do governo eram destinados a benefici\u00e1-los. Muitos desconfiam da pol\u00edcia e a enxergam como uma institui\u00e7\u00e3o que serve a sociedade fora da favela.\u00a0\u201cMuitos s\u00e3o amb\u00edguos em rela\u00e7\u00e3o \u00e0 chegada das for\u00e7as policiais\u201d, explica Pedro, 32 anos, da Rocinha. \u201cEu n\u00e3o acredito que isso partiu de um objetivo da comunidade, foi uma ideia de seguran\u00e7a. Eles alargaram as ruas para patrulhar melhor, e n\u00e3o para melhorar a circula\u00e7\u00e3o de ar ou o tr\u00e2nsito. Caso contr\u00e1rio, iriam se perder. Eles v\u00eam aqui com o julgamento deles, <a href=\"http:\/\/bit.ly\/29GfPqt\" target=\"_blank\" rel=\"noopener\">especialmente quando voc\u00ea \u00e9 negro<\/a>. Muitas pessoas odeiam a UPP. Os policiais s\u00e3o mal-educados, arrogantes, n\u00e3o se importam de verdade com o Rio. N\u00e3o possuem uma conex\u00e3o com a comunidade. Mas os traficantes tinham isso! Voc\u00ea conhecia a m\u00e3e deles, eles estavam mais \u00e0 disposi\u00e7\u00e3o da comunidade. Seu neg\u00f3cio era ruim, mas ajudavam aqueles que viviam aqui h\u00e1 muito tempo e funcionava&#8221;.<\/p>\n<p>Felizmente, a Asa Branca enfrenta pouca influ\u00eancia negativa do tr\u00e1fico: \u201c\u00c9 calmo\u201d, diz Sabrina, 40 anos. \u201cEm outros bairros h\u00e1 pessoas armadas e vendendo drogas, mas gra\u00e7as a Deus aqui n\u00e3o h\u00e1 isso. \u00c0s vezes voc\u00ea v\u00ea isso acontecendo, mas eles n\u00e3o nos incomodam&#8221;. Os moradores de Asa Branca, recentemente <a href=\"http:\/\/bit.ly\/28LsiKp\" target=\"_blank\" rel=\"noopener\">instalaram c\u00e2meras<\/a>\u00a0na prepara\u00e7\u00e3o para os Jogos Ol\u00edmpicos, prevenindo-se dos riscos que um maior n\u00famero de estranhos e for\u00e7as policiais tendenciosas, ingressando em seu bairro, poderiam provocar. Para essa comunidade, h\u00e1 um senso de que os moradores t\u00eam que fornecer seguran\u00e7a a si mesmos.<\/p>\n<h3>O fracasso do governo em prover direitos b\u00e1sicos<\/h3>\n<p>Ter que \u201ccombater o sistema\u201d ao inv\u00e9s de simplesmente \u201cexigir o que \u00e9 seu\u201d em mat\u00e9ria de direitos b\u00e1sicos \u00e9 uma frustra\u00e7\u00e3o evidente, e muitos moradores de favelas se sentem\u00a0<a href=\"http:\/\/bit.ly\/2aI9r39\" target=\"_blank\" rel=\"noopener\">injusti\u00e7ados pelo fracasso do governo em garantir seus direitos<\/a>. Assim como os moradores dos condom\u00ednios, eles enfatizam que contribuem muito e recebem pouco em troca. Igor, 31 anos, da Asa Branca, afirma:\u00a0\u201cPor exemplo, o IPVA. Pagamos muito, mas, infelizmente, as ruas s\u00e3o horr\u00edveis. Pagamos muitos impostos destinados, por exemplo, aos hospitais. Eles n\u00e3o possuem o b\u00e1sico: ataduras, inje\u00e7\u00e3o, cateter. Ent\u00e3o voc\u00ea ainda tem que comprar esses itens, porque os hospitais n\u00e3o os possuem&#8221;.<\/p>\n<p>Pedro, da Rocinha, enfatiza tanto as contribui\u00e7\u00f5es econ\u00f4micas dos moradores da favela&#8211;\u201cSe par\u00e1ssemos de trabalhar, o Rio pararia\u201d&#8211;quanto as n\u00e3o econ\u00f4micas: \u201cEssa \u00e9 a <a href=\"http:\/\/bit.ly\/1a1M6kK\" target=\"_blank\" rel=\"noopener\">origem da cultura brasileira<\/a>. Arte, samba, funk. \u00c9 parte do Brasil&#8221;.<\/p>\n<p>Maria, da Asa Branca, tamb\u00e9m sente que o que d\u00e1 e o que recebe \u00e9 desleal. \u201cA educa\u00e7\u00e3o \u00e9 ilus\u00f3ria&#8230; <a href=\"http:\/\/bit.ly\/2dpKcSA\" target=\"_blank\" rel=\"noopener\">O governo recebe mais do que d\u00e1<\/a>, isso est\u00e1 exposto para todos verem aqui. H\u00e1 pessoas que recebem o Bolsa Fam\u00edlia, algumas fam\u00edlias se beneficiam. \u00c9 mais em rela\u00e7\u00e3o a manter as crian\u00e7as na escola, o que \u00e9 interessante. Eu mesma recebi alguma ajuda quando estive no hospital com meu beb\u00ea, mas ap\u00f3s algum tempo o m\u00e9dico n\u00e3o estava mais dispon\u00edvel, ent\u00e3o parei de ir&#8221;.<\/p>\n<p>Igor adiciona que os donos de pequenos neg\u00f3cios dentro e fora das favelas ficam enredados em um <a href=\"http:\/\/bit.ly\/2cC5G2w\" target=\"_blank\" rel=\"noopener\">sistema de impostos desfavor\u00e1vel<\/a>: \u201cSe voc\u00ea tem um neg\u00f3cio, paga muito sobre pequenos lucros. Nos EUA, uma empresa iniciante possui tr\u00eas anos de isen\u00e7\u00e3o de impostos, mas no Brasil voc\u00ea tem que pagar por isso e aquilo desde o primeiro dia. E tamb\u00e9m, para continuar, s\u00e3o necess\u00e1rias licen\u00e7as e outras coisas do g\u00eanero, e muitos v\u00e3o \u00e0 fal\u00eancia devido a isso&#8221;.<\/p>\n<p><a href=\"http:\/\/rioonwatch.org.br\/wp-content\/uploads\/2016\/10\/receita_ult.jpg\"><img loading=\"lazy\" decoding=\"async\" class=\"aligncenter wp-image-22769 size-content\" title=\"Foto por Marcos Santos\/USP Imagens\" src=\"http:\/\/rioonwatch.org.br\/wp-content\/uploads\/2016\/10\/receita_ult-620x264.jpg\" alt=\"receita_ult\" width=\"620\" height=\"264\" srcset=\"https:\/\/rioonwatch.org.br\/wp-content\/uploads\/2016\/10\/receita_ult-620x264.jpg 620w, https:\/\/rioonwatch.org.br\/wp-content\/uploads\/2016\/10\/receita_ult-940x400.jpg 940w\" sizes=\"(max-width: 620px) 100vw, 620px\" \/><\/a><\/p>\n<p>Curiosamente, ao destacar o qu\u00e3o frequentemente os servi\u00e7os b\u00e1sicos n\u00e3o s\u00e3o garantidos ou destinados \u00e0s favelas, todos esses moradores utilizaram o racioc\u00ednio baseado na contribui\u00e7\u00e3o, descrito nos condom\u00ednios fechados, para argumentar que mereciam mais.<\/p>\n<h3><strong>O fator tribut\u00e1rio<\/strong><\/h3>\n<p>Embora os direitos humanos devessem ser incondicionais, ambos os moradores dos condom\u00ednios fechados e das favelas se posicionam no debate sugerindo que \u201crealizar uma contribui\u00e7\u00e3o\u201d \u00e9 uma pr\u00e9-condi\u00e7\u00e3o ao acesso.<\/p>\n<p>Pessoas que atuam no mercado informal em vez de em empregos mais formais \u00e0s vezes enfrentam acusa\u00e7\u00f5es de que n\u00e3o contribuem para a sociedade porque sonegam impostos. No entanto, a <a href=\"http:\/\/bit.ly\/1thvCMW\" target=\"_blank\" rel=\"noopener\">informalidade<\/a> n\u00e3o significa necessariamente que seus adeptos se beneficiam de custos menores, conforme apontou um <a href=\"http:\/\/bit.ly\/2bvq57R\">levantamento em 48 mil pequenas empresas<\/a>. O neg\u00f3cio informal possui 1,3 vezes mais custos que um formal devido \u00e0s limita\u00e7\u00f5es de produ\u00e7\u00e3o em volume e, portanto, menor efici\u00eancia, falta de investimento e menor produtividade. Sem mencionar o medo da repress\u00e3o e, por vezes, da\u00a0<a href=\"http:\/\/bit.ly\/1OCTTu5\" target=\"_blank\" rel=\"noopener\">apreens\u00e3o de mercadorias<\/a>.<\/p>\n<blockquote><p>&#8220;Pesquisas mostram que os impostos sobre o consumo no Brasil na verdade <a href=\"http:\/\/bit.ly\/2bEQFt5\">rebatem os ganhos positivos<\/a> advindos das transfer\u00eancias diretas na redu\u00e7\u00e3o da pobreza.&#8221;<\/p><\/blockquote>\n<p>Al\u00e9m disso, a participa\u00e7\u00e3o na economia informal <a href=\"http:\/\/bit.ly\/2cC5G2w\" target=\"_blank\" rel=\"noopener\">sequer significa que uma pessoa paga menos impostos<\/a>. O Brasil possui um sistema tribut\u00e1rio incoerente. Seus impostos s\u00e3o relativamente altos e similares \u00e0s dos estados do bem-estar social do oeste europeu:\u00a0os <a href=\"http:\/\/bit.ly\/2dWRNJD\" target=\"_blank\" rel=\"noopener\">impostos brasileiros<\/a> equivalem a 35% do PIB do pa\u00eds, dos quais dois ter\u00e7os s\u00e3o destinados a programas de assist\u00eancia social. Isso est\u00e1 muito acima das taxas de impostos de outros pa\u00edses latino-americanos, mas a <a href=\"http:\/\/bit.ly\/1owRf9p\" target=\"_blank\" rel=\"noopener\">desigualdade<\/a> no Brasil ainda \u00e9, frequentemente, muito maior do que naqueles pa\u00edses. Tal fato se deve, principalmente, ao <a href=\"http:\/\/bit.ly\/2cC5G2w\" target=\"_blank\" rel=\"noopener\">sistema de tributa\u00e7\u00e3o regressiva<\/a>\u00a0com um alto n\u00edvel de impostos indiretos, o que significa que as pessoas com renda menor pagam relativamente mais impostos. Impostos fixos sobre o consumo atingem os mais pobres mais rigorosamente como uma porcentagem de sua renda. De fato, pesquisas mostram que os impostos sobre o consumo no Brasil na verdade <a href=\"http:\/\/bit.ly\/2bEQFt5\">rebatem os ganhos positivos<\/a> advindos das transfer\u00eancias diretas na redu\u00e7\u00e3o da pobreza.<\/p>\n<p><a href=\"http:\/\/rioonwatch.org.br\/wp-content\/uploads\/2016\/10\/Belasting-1.png\"><img loading=\"lazy\" decoding=\"async\" class=\"aligncenter wp-image-22771 size-medium\" title=\"Distribui\u00e7\u00e3o dos benef\u00edcios\" src=\"http:\/\/rioonwatch.org.br\/wp-content\/uploads\/2016\/10\/Belasting-1-620x303.png\" alt=\"belasting-1\" width=\"620\" height=\"303\" srcset=\"https:\/\/rioonwatch.org.br\/wp-content\/uploads\/2016\/10\/Belasting-1-620x303.png 620w, https:\/\/rioonwatch.org.br\/wp-content\/uploads\/2016\/10\/Belasting-1-540x264.png 540w, https:\/\/rioonwatch.org.br\/wp-content\/uploads\/2016\/10\/Belasting-1.png 695w\" sizes=\"(max-width: 620px) 100vw, 620px\" \/><\/a><\/p>\n<p>At\u00e9 mesmo os programas de assist\u00eancia social do governo n\u00e3o beneficiam exclusivamente os grupos com menor renda. Alguns deles s\u00e3o para choques econ\u00f4micos independentemente da renda, mas a tabela acima mostra que quase metade dos benef\u00edcios financeiros do governo servem aos 10% com maior renda no pa\u00eds.\u00a0Metade do total das despesas governamentais vai para a amortiza\u00e7\u00e3o da d\u00edvida p\u00fablica e para o servi\u00e7o da d\u00edvida p\u00fablica, o que implica em seu escoamento para dentro dos cofres dos bancos e para os fundos de investimento administrados pelos mais abastados. Deste modo, nem a no\u00e7\u00e3o de que os pobres n\u00e3o pagam impostos, nem a ideia de que os programas do governo est\u00e3o simplesmente redistribuindo dinheiro aos pobres s\u00e3o precisas.<\/p>\n<h3><strong>Olhando para a Constitui\u00e7\u00e3o<\/strong><\/h3>\n<p>Esses fatos sobre como o sistema fiscal brasileiro funciona s\u00e3o importantes para combater o equ\u00edvoco de que as favelas s\u00e3o somente fardos tribut\u00e1rios, ao inv\u00e9s de contribuintes. Estigmatizar os moradores da favela como n\u00e3o contribuintes legitima a continuidade da aus\u00eancia de servi\u00e7os por parte do governo.<\/p>\n<p>No entanto, contribuir n\u00e3o deveria nem mesmo ser um argumento ao discutir sobre direitos humanos. O argumento da contribui\u00e7\u00e3o deriva de um senso de injusti\u00e7a tanto dos moradores das favelas quanto dos moradores mais abastados dos condom\u00ednios, dentre os quais todos se sentem irritados a respeito da nega\u00e7\u00e3o de servi\u00e7os p\u00fablicos de qualidade. Portanto, \u00e9 compreens\u00edvel que as pessoas enfatizem isso. Mas esse argumento pressup\u00f5e que o indiv\u00edduo deve \u201cmerecer\u201d direitos humanos, o que, por sua vez, legitima uma distribui\u00e7\u00e3o desigual de direitos.<\/p>\n<blockquote><p>&#8220;No entanto, contribuir n\u00e3o deveria nem mesmo ser um argumento ao discutir sobre direitos humanos.&#8221;<\/p><\/blockquote>\n<p>Gera\u00e7\u00f5es lutaram por igualdade perante a lei independentemente da renda, g\u00eanero ou ra\u00e7a, e por direitos que se aplicam igualmente a contribuintes e a n\u00e3o contribuintes, incorporados na Constitui\u00e7\u00e3o. Usar argumentos como \u201ccontribu\u00edmos desta maneira ent\u00e3o merecemos estes benef\u00edcios\u201d imediatamente enfraquece a fun\u00e7\u00e3o dos direitos humanos.<\/p>\n<p>Ao inv\u00e9s de retroceder \u00e0s mesmas declara\u00e7\u00f5es de s\u00e9culos atr\u00e1s de que algumas pessoas n\u00e3o merecem direitos porque n\u00e3o contribuem ou n\u00e3o pagam por eles, \u00e9 hora de focar nos direitos definidos na Constitui\u00e7\u00e3o como ponto de partida para o que todos os brasileiros \u201cmere\u00e7am\u201d.<\/p>\n<p><i>Christian Kuitert est\u00e1 pleiteando um mestrado em \u201cConflito, Territ\u00f3rios e Identidade\u201d na Universidade de Radboud, Holanda, com foco em cidadania comparativa entre as favelas do Rio e os condom\u00edni<\/i>os <em>fechados<\/em>.<\/p>\n<p><em>*Alguns nomes foram modificados.<\/em><\/p>\n<!-- AddThis Advanced Settings generic via filter on the_content --><!-- AddThis Share Buttons generic via filter on the_content -->","protected":false},"excerpt":{"rendered":"<div class=\"mh-excerpt\"><p>Click Here for English Os\u00a0direitos humanos\u00a0deveriam, por defini\u00e7\u00e3o, ser aplicados a todos os humanos. Na pr\u00e1tica, no entanto, est\u00e3o distribu\u00eddos de modo desigual e, \u00e0s vezes, s\u00e3o considerados at\u00e9 mesmo como algo \u201cmerecido\u201d apenas para <a class=\"mh-excerpt-more\" href=\"https:\/\/rioonwatch.org.br\/?p=22692\" title=\"No Brasil Parece que Ningu\u00e9m &#8216;Merece&#8217; os Seus Direitos Humanos [REFER\u00caNCIA]\">[&#8230;]<\/a><!-- AddThis Advanced Settings generic via filter on get_the_excerpt --><!-- AddThis Share Buttons generic via filter on get_the_excerpt --><\/p>\n<\/div>","protected":false},"author":129,"featured_media":22759,"comment_status":"closed","ping_status":"closed","sticky":false,"template":"","format":"standard","meta":{"_acf_changed":false,"_monsterinsights_skip_tracking":false,"_monsterinsights_sitenote_active":false,"_monsterinsights_sitenote_note":"","_monsterinsights_sitenote_category":0,"footnotes":""},"categories":[1621,1632,1626,1616,1612],"tags":[1534,386,321,655,274,893,813,1226,88,2009,1637,482,417,1722,839,16,476,184,383],"writer":[1878],"translator":[1973],"source":[],"ilustrador":[],"fotografo":[],"class_list":{"0":"post-22692","1":"post","2":"type-post","3":"status-publish","4":"format-standard","5":"has-post-thumbnail","7":"category-destaque","8":"category-pesquisa-e-analise","9":"category-por-observadores-internacionais","10":"category-qualidades-da-favela","11":"category-sociedade-civil","12":"tag-para-ingles-ver","13":"tag-estigma","14":"tag-asa-branca","15":"tag-associacao-de-moradores","16":"tag-barra-da-tijuca","17":"tag-bolsa-familia","18":"tag-condominios-fechados","19":"tag-constituicao","20":"tag-direitos-humanos","21":"tag-impostos","22":"tag-referencia","23":"tag-milicia","24":"tag-negligencia-do-estado","25":"tag-onu","26":"tag-prioridades-publicas-equivocadas","27":"tag-rocinha","28":"tag-solucao-comunitaria","29":"tag-zona-oeste","30":"tag-zona-sul","31":"writer-christian-kuitert","32":"translator-luciana-lisbao"},"acf":[],"yoast_head":"<!-- This site is optimized with the Yoast SEO plugin v25.6 - https:\/\/yoast.com\/wordpress\/plugins\/seo\/ -->\n<title>No Brasil Parece que Ningu\u00e9m &#039;Merece&#039; os Seus Direitos Humanos [REFER\u00caNCIA] - RioOnWatch<\/title>\n<meta name=\"robots\" content=\"index, follow, max-snippet:-1, max-image-preview:large, max-video-preview:-1\" \/>\n<link rel=\"canonical\" href=\"https:\/\/rioonwatch.org.br\/?p=22692\" \/>\n<meta property=\"og:locale\" content=\"pt_BR\" \/>\n<meta property=\"og:type\" content=\"article\" \/>\n<meta property=\"og:title\" content=\"No Brasil Parece que Ningu\u00e9m &#039;Merece&#039; os Seus Direitos Humanos [REFER\u00caNCIA] - RioOnWatch\" \/>\n<meta property=\"og:description\" content=\"Click Here for English Os\u00a0direitos humanos\u00a0deveriam, por defini\u00e7\u00e3o, ser aplicados a todos os humanos. Na pr\u00e1tica, no entanto, est\u00e3o distribu\u00eddos de modo desigual e, \u00e0s vezes, s\u00e3o considerados at\u00e9 mesmo como algo \u201cmerecido\u201d apenas para [...]\" \/>\n<meta property=\"og:url\" content=\"https:\/\/rioonwatch.org.br\/?p=22692\" \/>\n<meta property=\"og:site_name\" content=\"RioOnWatch\" \/>\n<meta property=\"article:published_time\" content=\"2016-10-10T11:00:53+00:00\" \/>\n<meta property=\"article:modified_time\" content=\"2024-06-20T19:18:41+00:00\" \/>\n<meta property=\"og:image\" content=\"https:\/\/rioonwatch.org.br\/wp-content\/uploads\/2016\/10\/Constitution-1988-e1471715783842.jpg\" \/>\n\t<meta property=\"og:image:width\" content=\"997\" \/>\n\t<meta property=\"og:image:height\" content=\"455\" \/>\n\t<meta property=\"og:image:type\" content=\"image\/jpeg\" \/>\n<meta name=\"author\" content=\"Admin\" \/>\n<meta name=\"twitter:card\" content=\"summary_large_image\" \/>\n<meta name=\"twitter:label1\" content=\"Escrito por\" \/>\n\t<meta name=\"twitter:data1\" content=\"Admin\" \/>\n\t<meta name=\"twitter:label2\" content=\"Est. tempo de leitura\" \/>\n\t<meta name=\"twitter:data2\" content=\"15 minutos\" \/>\n<script type=\"application\/ld+json\" class=\"yoast-schema-graph\">{\"@context\":\"https:\/\/schema.org\",\"@graph\":[{\"@type\":\"Article\",\"@id\":\"https:\/\/rioonwatch.org.br\/?p=22692#article\",\"isPartOf\":{\"@id\":\"https:\/\/rioonwatch.org.br\/?p=22692\"},\"author\":{\"name\":\"Admin\",\"@id\":\"https:\/\/rioonwatch.org.br\/#\/schema\/person\/11d64c290506f9df50c71b850c473f68\"},\"headline\":\"No Brasil Parece que Ningu\u00e9m &#8216;Merece&#8217; os Seus Direitos Humanos [REFER\u00caNCIA]\",\"datePublished\":\"2016-10-10T11:00:53+00:00\",\"dateModified\":\"2024-06-20T19:18:41+00:00\",\"mainEntityOfPage\":{\"@id\":\"https:\/\/rioonwatch.org.br\/?p=22692\"},\"wordCount\":2628,\"publisher\":{\"@id\":\"https:\/\/rioonwatch.org.br\/#organization\"},\"image\":{\"@id\":\"https:\/\/rioonwatch.org.br\/?p=22692#primaryimage\"},\"thumbnailUrl\":\"https:\/\/rioonwatch.org.br\/wp-content\/uploads\/2016\/10\/Constitution-1988-e1471715783842.jpg\",\"keywords\":[\"\\\"para ingl\u00eas ver\\\"\",\"#StopFavelaStigma\",\"Asa Branca\",\"Associa\u00e7\u00e3o de Moradores\",\"Barra da Tijuca\",\"Bolsa Fam\u00edlia\",\"condom\u00ednios fechados\",\"constitui\u00e7\u00e3o\",\"Direitos Humanos\",\"impostos\",\"Mat\u00e9rias de Refer\u00eancia\",\"Mil\u00edcia\",\"Neglig\u00eancia do Estado\",\"ONU\",\"prioridades p\u00fablicas equivocadas\",\"Rocinha\",\"solu\u00e7\u00e3o comunit\u00e1ria\",\"Zona Oeste\",\"Zona Sul\"],\"articleSection\":[\"*Destaque\",\"Dados e Pesquisa\",\"Escrito por Aliados\",\"Qualidades da Favela\",\"Sociedade Civil\"],\"inLanguage\":\"pt-BR\"},{\"@type\":\"WebPage\",\"@id\":\"https:\/\/rioonwatch.org.br\/?p=22692\",\"url\":\"https:\/\/rioonwatch.org.br\/?p=22692\",\"name\":\"No Brasil Parece que Ningu\u00e9m 'Merece' os Seus Direitos Humanos [REFER\u00caNCIA] - RioOnWatch\",\"isPartOf\":{\"@id\":\"https:\/\/rioonwatch.org.br\/#website\"},\"primaryImageOfPage\":{\"@id\":\"https:\/\/rioonwatch.org.br\/?p=22692#primaryimage\"},\"image\":{\"@id\":\"https:\/\/rioonwatch.org.br\/?p=22692#primaryimage\"},\"thumbnailUrl\":\"https:\/\/rioonwatch.org.br\/wp-content\/uploads\/2016\/10\/Constitution-1988-e1471715783842.jpg\",\"datePublished\":\"2016-10-10T11:00:53+00:00\",\"dateModified\":\"2024-06-20T19:18:41+00:00\",\"breadcrumb\":{\"@id\":\"https:\/\/rioonwatch.org.br\/?p=22692#breadcrumb\"},\"inLanguage\":\"pt-BR\",\"potentialAction\":[{\"@type\":\"ReadAction\",\"target\":[\"https:\/\/rioonwatch.org.br\/?p=22692\"]}]},{\"@type\":\"ImageObject\",\"inLanguage\":\"pt-BR\",\"@id\":\"https:\/\/rioonwatch.org.br\/?p=22692#primaryimage\",\"url\":\"https:\/\/rioonwatch.org.br\/wp-content\/uploads\/2016\/10\/Constitution-1988-e1471715783842.jpg\",\"contentUrl\":\"https:\/\/rioonwatch.org.br\/wp-content\/uploads\/2016\/10\/Constitution-1988-e1471715783842.jpg\",\"width\":997,\"height\":455},{\"@type\":\"BreadcrumbList\",\"@id\":\"https:\/\/rioonwatch.org.br\/?p=22692#breadcrumb\",\"itemListElement\":[{\"@type\":\"ListItem\",\"position\":1,\"name\":\"In\u00edcio\",\"item\":\"https:\/\/rioonwatch.org.br\/\"},{\"@type\":\"ListItem\",\"position\":2,\"name\":\"No Brasil Parece que Ningu\u00e9m &#8216;Merece&#8217; os Seus Direitos Humanos [REFER\u00caNCIA]\"}]},{\"@type\":\"WebSite\",\"@id\":\"https:\/\/rioonwatch.org.br\/#website\",\"url\":\"https:\/\/rioonwatch.org.br\/\",\"name\":\"RioOnWatch\",\"description\":\"relatos das favelas cariocas\",\"publisher\":{\"@id\":\"https:\/\/rioonwatch.org.br\/#organization\"},\"potentialAction\":[{\"@type\":\"SearchAction\",\"target\":{\"@type\":\"EntryPoint\",\"urlTemplate\":\"https:\/\/rioonwatch.org.br\/?s={search_term_string}\"},\"query-input\":{\"@type\":\"PropertyValueSpecification\",\"valueRequired\":true,\"valueName\":\"search_term_string\"}}],\"inLanguage\":\"pt-BR\"},{\"@type\":\"Organization\",\"@id\":\"https:\/\/rioonwatch.org.br\/#organization\",\"name\":\"RioOnWatch\",\"url\":\"https:\/\/rioonwatch.org.br\/\",\"logo\":{\"@type\":\"ImageObject\",\"inLanguage\":\"pt-BR\",\"@id\":\"https:\/\/rioonwatch.org.br\/#\/schema\/logo\/image\/\",\"url\":\"https:\/\/rioonwatch.org.br\/wp-content\/uploads\/2021\/06\/RioOnWatchcabecalhoPT11anos-2.png\",\"contentUrl\":\"https:\/\/rioonwatch.org.br\/wp-content\/uploads\/2021\/06\/RioOnWatchcabecalhoPT11anos-2.png\",\"width\":779,\"height\":277,\"caption\":\"RioOnWatch\"},\"image\":{\"@id\":\"https:\/\/rioonwatch.org.br\/#\/schema\/logo\/image\/\"}},{\"@type\":\"Person\",\"@id\":\"https:\/\/rioonwatch.org.br\/#\/schema\/person\/11d64c290506f9df50c71b850c473f68\",\"name\":\"Admin\",\"image\":{\"@type\":\"ImageObject\",\"inLanguage\":\"pt-BR\",\"@id\":\"https:\/\/rioonwatch.org.br\/#\/schema\/person\/image\/\",\"url\":\"https:\/\/secure.gravatar.com\/avatar\/56211ac74568383903349a1485e3c325?s=96&d=blank&r=g\",\"contentUrl\":\"https:\/\/secure.gravatar.com\/avatar\/56211ac74568383903349a1485e3c325?s=96&d=blank&r=g\",\"caption\":\"Admin\"},\"url\":\"https:\/\/rioonwatch.org.br\/?author=129\"}]}<\/script>\n<!-- \/ Yoast SEO plugin. -->","yoast_head_json":{"title":"No Brasil Parece que Ningu\u00e9m 'Merece' os Seus Direitos Humanos [REFER\u00caNCIA] - RioOnWatch","robots":{"index":"index","follow":"follow","max-snippet":"max-snippet:-1","max-image-preview":"max-image-preview:large","max-video-preview":"max-video-preview:-1"},"canonical":"https:\/\/rioonwatch.org.br\/?p=22692","og_locale":"pt_BR","og_type":"article","og_title":"No Brasil Parece que Ningu\u00e9m 'Merece' os Seus Direitos Humanos [REFER\u00caNCIA] - RioOnWatch","og_description":"Click Here for English Os\u00a0direitos humanos\u00a0deveriam, por defini\u00e7\u00e3o, ser aplicados a todos os humanos. Na pr\u00e1tica, no entanto, est\u00e3o distribu\u00eddos de modo desigual e, \u00e0s vezes, s\u00e3o considerados at\u00e9 mesmo como algo \u201cmerecido\u201d apenas para [...]","og_url":"https:\/\/rioonwatch.org.br\/?p=22692","og_site_name":"RioOnWatch","article_published_time":"2016-10-10T11:00:53+00:00","article_modified_time":"2024-06-20T19:18:41+00:00","og_image":[{"width":997,"height":455,"url":"https:\/\/rioonwatch.org.br\/wp-content\/uploads\/2016\/10\/Constitution-1988-e1471715783842.jpg","type":"image\/jpeg"}],"author":"Admin","twitter_card":"summary_large_image","twitter_misc":{"Escrito por":"Admin","Est. tempo de leitura":"15 minutos"},"schema":{"@context":"https:\/\/schema.org","@graph":[{"@type":"Article","@id":"https:\/\/rioonwatch.org.br\/?p=22692#article","isPartOf":{"@id":"https:\/\/rioonwatch.org.br\/?p=22692"},"author":{"name":"Admin","@id":"https:\/\/rioonwatch.org.br\/#\/schema\/person\/11d64c290506f9df50c71b850c473f68"},"headline":"No Brasil Parece que Ningu\u00e9m &#8216;Merece&#8217; os Seus Direitos Humanos [REFER\u00caNCIA]","datePublished":"2016-10-10T11:00:53+00:00","dateModified":"2024-06-20T19:18:41+00:00","mainEntityOfPage":{"@id":"https:\/\/rioonwatch.org.br\/?p=22692"},"wordCount":2628,"publisher":{"@id":"https:\/\/rioonwatch.org.br\/#organization"},"image":{"@id":"https:\/\/rioonwatch.org.br\/?p=22692#primaryimage"},"thumbnailUrl":"https:\/\/rioonwatch.org.br\/wp-content\/uploads\/2016\/10\/Constitution-1988-e1471715783842.jpg","keywords":["\"para ingl\u00eas ver\"","#StopFavelaStigma","Asa Branca","Associa\u00e7\u00e3o de Moradores","Barra da Tijuca","Bolsa Fam\u00edlia","condom\u00ednios fechados","constitui\u00e7\u00e3o","Direitos Humanos","impostos","Mat\u00e9rias de Refer\u00eancia","Mil\u00edcia","Neglig\u00eancia do Estado","ONU","prioridades p\u00fablicas equivocadas","Rocinha","solu\u00e7\u00e3o comunit\u00e1ria","Zona Oeste","Zona Sul"],"articleSection":["*Destaque","Dados e Pesquisa","Escrito por Aliados","Qualidades da Favela","Sociedade Civil"],"inLanguage":"pt-BR"},{"@type":"WebPage","@id":"https:\/\/rioonwatch.org.br\/?p=22692","url":"https:\/\/rioonwatch.org.br\/?p=22692","name":"No Brasil Parece que Ningu\u00e9m 'Merece' os Seus Direitos Humanos [REFER\u00caNCIA] - RioOnWatch","isPartOf":{"@id":"https:\/\/rioonwatch.org.br\/#website"},"primaryImageOfPage":{"@id":"https:\/\/rioonwatch.org.br\/?p=22692#primaryimage"},"image":{"@id":"https:\/\/rioonwatch.org.br\/?p=22692#primaryimage"},"thumbnailUrl":"https:\/\/rioonwatch.org.br\/wp-content\/uploads\/2016\/10\/Constitution-1988-e1471715783842.jpg","datePublished":"2016-10-10T11:00:53+00:00","dateModified":"2024-06-20T19:18:41+00:00","breadcrumb":{"@id":"https:\/\/rioonwatch.org.br\/?p=22692#breadcrumb"},"inLanguage":"pt-BR","potentialAction":[{"@type":"ReadAction","target":["https:\/\/rioonwatch.org.br\/?p=22692"]}]},{"@type":"ImageObject","inLanguage":"pt-BR","@id":"https:\/\/rioonwatch.org.br\/?p=22692#primaryimage","url":"https:\/\/rioonwatch.org.br\/wp-content\/uploads\/2016\/10\/Constitution-1988-e1471715783842.jpg","contentUrl":"https:\/\/rioonwatch.org.br\/wp-content\/uploads\/2016\/10\/Constitution-1988-e1471715783842.jpg","width":997,"height":455},{"@type":"BreadcrumbList","@id":"https:\/\/rioonwatch.org.br\/?p=22692#breadcrumb","itemListElement":[{"@type":"ListItem","position":1,"name":"In\u00edcio","item":"https:\/\/rioonwatch.org.br\/"},{"@type":"ListItem","position":2,"name":"No Brasil Parece que Ningu\u00e9m &#8216;Merece&#8217; os Seus Direitos Humanos [REFER\u00caNCIA]"}]},{"@type":"WebSite","@id":"https:\/\/rioonwatch.org.br\/#website","url":"https:\/\/rioonwatch.org.br\/","name":"RioOnWatch","description":"relatos das favelas cariocas","publisher":{"@id":"https:\/\/rioonwatch.org.br\/#organization"},"potentialAction":[{"@type":"SearchAction","target":{"@type":"EntryPoint","urlTemplate":"https:\/\/rioonwatch.org.br\/?s={search_term_string}"},"query-input":{"@type":"PropertyValueSpecification","valueRequired":true,"valueName":"search_term_string"}}],"inLanguage":"pt-BR"},{"@type":"Organization","@id":"https:\/\/rioonwatch.org.br\/#organization","name":"RioOnWatch","url":"https:\/\/rioonwatch.org.br\/","logo":{"@type":"ImageObject","inLanguage":"pt-BR","@id":"https:\/\/rioonwatch.org.br\/#\/schema\/logo\/image\/","url":"https:\/\/rioonwatch.org.br\/wp-content\/uploads\/2021\/06\/RioOnWatchcabecalhoPT11anos-2.png","contentUrl":"https:\/\/rioonwatch.org.br\/wp-content\/uploads\/2021\/06\/RioOnWatchcabecalhoPT11anos-2.png","width":779,"height":277,"caption":"RioOnWatch"},"image":{"@id":"https:\/\/rioonwatch.org.br\/#\/schema\/logo\/image\/"}},{"@type":"Person","@id":"https:\/\/rioonwatch.org.br\/#\/schema\/person\/11d64c290506f9df50c71b850c473f68","name":"Admin","image":{"@type":"ImageObject","inLanguage":"pt-BR","@id":"https:\/\/rioonwatch.org.br\/#\/schema\/person\/image\/","url":"https:\/\/secure.gravatar.com\/avatar\/56211ac74568383903349a1485e3c325?s=96&d=blank&r=g","contentUrl":"https:\/\/secure.gravatar.com\/avatar\/56211ac74568383903349a1485e3c325?s=96&d=blank&r=g","caption":"Admin"},"url":"https:\/\/rioonwatch.org.br\/?author=129"}]}},"_links":{"self":[{"href":"https:\/\/rioonwatch.org.br\/index.php?rest_route=\/wp\/v2\/posts\/22692"}],"collection":[{"href":"https:\/\/rioonwatch.org.br\/index.php?rest_route=\/wp\/v2\/posts"}],"about":[{"href":"https:\/\/rioonwatch.org.br\/index.php?rest_route=\/wp\/v2\/types\/post"}],"author":[{"embeddable":true,"href":"https:\/\/rioonwatch.org.br\/index.php?rest_route=\/wp\/v2\/users\/129"}],"replies":[{"embeddable":true,"href":"https:\/\/rioonwatch.org.br\/index.php?rest_route=%2Fwp%2Fv2%2Fcomments&post=22692"}],"version-history":[{"count":19,"href":"https:\/\/rioonwatch.org.br\/index.php?rest_route=\/wp\/v2\/posts\/22692\/revisions"}],"predecessor-version":[{"id":74125,"href":"https:\/\/rioonwatch.org.br\/index.php?rest_route=\/wp\/v2\/posts\/22692\/revisions\/74125"}],"wp:featuredmedia":[{"embeddable":true,"href":"https:\/\/rioonwatch.org.br\/index.php?rest_route=\/wp\/v2\/media\/22759"}],"wp:attachment":[{"href":"https:\/\/rioonwatch.org.br\/index.php?rest_route=%2Fwp%2Fv2%2Fmedia&parent=22692"}],"wp:term":[{"taxonomy":"category","embeddable":true,"href":"https:\/\/rioonwatch.org.br\/index.php?rest_route=%2Fwp%2Fv2%2Fcategories&post=22692"},{"taxonomy":"post_tag","embeddable":true,"href":"https:\/\/rioonwatch.org.br\/index.php?rest_route=%2Fwp%2Fv2%2Ftags&post=22692"},{"taxonomy":"writer","embeddable":true,"href":"https:\/\/rioonwatch.org.br\/index.php?rest_route=%2Fwp%2Fv2%2Fwriter&post=22692"},{"taxonomy":"translator","embeddable":true,"href":"https:\/\/rioonwatch.org.br\/index.php?rest_route=%2Fwp%2Fv2%2Ftranslator&post=22692"},{"taxonomy":"source","embeddable":true,"href":"https:\/\/rioonwatch.org.br\/index.php?rest_route=%2Fwp%2Fv2%2Fsource&post=22692"},{"taxonomy":"ilustrador","embeddable":true,"href":"https:\/\/rioonwatch.org.br\/index.php?rest_route=%2Fwp%2Fv2%2Filustrador&post=22692"},{"taxonomy":"fotografo","embeddable":true,"href":"https:\/\/rioonwatch.org.br\/index.php?rest_route=%2Fwp%2Fv2%2Ffotografo&post=22692"}],"curies":[{"name":"wp","href":"https:\/\/api.w.org\/{rel}","templated":true}]}}