{"id":22719,"date":"2016-11-06T09:21:17","date_gmt":"2016-11-06T12:21:17","guid":{"rendered":"http:\/\/rioonwatch.org.br\/?p=22719"},"modified":"2024-06-20T16:25:17","modified_gmt":"2024-06-20T19:25:17","slug":"entrevista-com-jorge-luiz-de-barros-dos-santos-presidente-da-pereira-da-silva-em-laranjeiras","status":"publish","type":"post","link":"https:\/\/rioonwatch.org.br\/?p=22719","title":{"rendered":"Entrevista com Jorge Luiz de Barros dos Santos, Presidente da Pereira da Silva em Laranjeiras"},"content":{"rendered":"<p style=\"text-align: right;\"><em><strong><a href=\"http:\/\/bit.ly\/2bWpFqe\" target=\"_blank\" rel=\"noopener\">Click Here for English<img decoding=\"async\" width=\"20\" height=\"20\" class=\"alignright wp-image-15790\" src=\"http:\/\/rioonwatch.org.br\/wp-content\/uploads\/2012\/08\/EN-standard-e1439583104716.jpg\" alt=\"\" \/><\/a><\/strong><\/em><\/p>\n<p>A favela <a href=\"http:\/\/bit.ly\/2dDNtlH\" target=\"_blank\" rel=\"noopener\">Pereira da Silva<\/a> situa-se entre os\u00a0bairro de <a href=\"http:\/\/bit.ly\/2dE6kIx\" target=\"_blank\" rel=\"noopener\">Laranjeiras<\/a>\u00a0e <a href=\"http:\/\/bit.ly\/1EsSJzx\" target=\"_blank\" rel=\"noopener\">Santa Teresa<\/a>\u00a0na Zona Sul do Rio. Entrando na comunidade, h\u00e1 pequenas placas de madeira com palavras de incentivo: &#8220;Pense sobre as coisas que te faz feliz&#8221; e &#8220;N\u00e3o desista!&#8221;&#8211;espalhadas pelo <a href=\"http:\/\/bit.ly\/1mNsDyk\" target=\"_blank\" rel=\"noopener\">Projeto Morrinho<\/a>, um modelo em miniatura de favelas do Rio constru\u00eddo por um grupo de jovens moradores da Pereira da Silva que ganhou fama internacional. A comunidade de 8.000 moradores ainda n\u00e3o recebeu uma <a href=\"http:\/\/bit.ly\/R5ueio\" target=\"_blank\" rel=\"noopener\">UPP<\/a>, mas sofreu a <a href=\"http:\/\/bit.ly\/2blcK47\" target=\"_blank\" rel=\"noopener\">interven\u00e7\u00e3o militar no passado<\/a>. Apesar da pequena comunidade est\u00e1 em uma proeminente localiza\u00e7\u00e3o na Zona Sul, os moradores sentem que est\u00e3o esquecidos para os projetos do governo e a maioria das melhorias s\u00e3o realizadas pela pr\u00f3pria comunidade.<\/p>\n<p><em>RioOnWatch<\/em> sentou-se para falar com Jorge Luiz de Barros dos Santos&#8211;que tem atuado como presidente da Associa\u00e7\u00e3o de Moradores e Amigos da Vila Pereira da Silva\u00a0desde novembro de 2015&#8211;para saber mais sobre a comunidade Pereira da Silva, a hist\u00f3ria de vida e o papel de lideran\u00e7a de Jorge, e sua esperan\u00e7a para a comunidade.<\/p>\n<h3>RioOnWatch: H\u00e1<b>\u00a0quanto tempo voc\u00ea mora na Pereira da Silva?<\/b><\/h3>\n<p><b>Jorge<\/b><span style=\"font-weight: 400;\">: <\/span><span style=\"font-weight: 400;\">Nasci aqui no bairro de Laranjeiras e vim direto para a Pereira da Silva. Morei em <a href=\"http:\/\/bit.ly\/2aZ0FhN\" target=\"_blank\" rel=\"noopener\">Sepetiba<\/a> um ano, mas depois voltei. O bom filho \u00e0 casa retorna.<\/span><\/p>\n<h3><strong>RioOnWatch:\u00a0<\/strong><b>Quais s\u00e3o suas primeiras mem\u00f3rias da sua comunidade?<\/b><\/h3>\n<p><b>Jorge:<\/b> <span style=\"font-weight: 400;\">A gente tinha a liberdade de brincar at\u00e9 a madrugada, subir correndo, jogar futebol at\u00e9 dez horas, soltar pipa.<\/span><\/p>\n<p><span style=\"font-weight: 400;\">Tenho algumas mem\u00f3rias daqui que s\u00e3o meio chatas tamb\u00e9m. J\u00e1 teve \u00e9poca que foi muito perigoso aqui. Tinha muito tiroteio.<\/span><\/p>\n<h3>RioOnWatch:\u00a0<strong>Quais foram as maiores mudan\u00e7as que aconteceram na comunidade de l\u00e1 para c\u00e1?<\/strong><\/h3>\n<p><b>Jorge:\u00a0<\/b><span style=\"font-weight: 400;\">H\u00e1 7 anos ou 10 anos aqui era considerado \u00e1rea de risco. Tinha tiroteio constantemente. Hoje em dia j\u00e1 diminuiu bastante, quase n\u00e3o se ouve tiro aqui.<\/span><\/p>\n<p><span style=\"font-weight: 400;\">Hoje os caminhos est\u00e3o concretado, o\u00a0<a href=\"http:\/\/bit.ly\/14lMZGK\" target=\"_blank\" rel=\"noopener\">saneamento b\u00e1sico<\/a> est\u00e1 melhor. A <a href=\"http:\/\/bit.ly\/1ihqaYB\" target=\"_blank\" rel=\"noopener\">Comlurb<\/a> atua melhor. Antigamente, era tudo barro. Chovia e caia tudo. A comunidade j\u00e1 foi <a href=\"http:\/\/bit.ly\/1aRkVxr\" target=\"_blank\" rel=\"noopener\">urbanizada<\/a>. J\u00e1 t\u00eam barreiras de prote\u00e7\u00e3o nos barrancos que t\u00eam risco de desabamento. Quase n\u00e3o t\u00eam casas em \u00e1reas de risco.<\/span><\/p>\n<p><span style=\"font-weight: 400;\">Voc\u00ea conhece o campe\u00e3o <a href=\"http:\/\/bit.ly\/2c0WNA0\" target=\"_blank\" rel=\"noopener\">Bebeto<\/a>? Ele nos ajudou aqui. Ele conseguiu que a gente constru\u00edsse a creche e deu suporte para v\u00e1rios outros projetos, na \u00e9poca.\u00a0<\/span><\/p>\n<p><a href=\"http:\/\/rioonwatch.org.br\/wp-content\/uploads\/2016\/10\/img_7610.jpg\"><img fetchpriority=\"high\" decoding=\"async\" class=\"aligncenter wp-image-22848 size-content\" title=\"Presidente da Pereira da Silva, Jorge Luiz de Barros, aprecia a vista da favela na Zona Sul do Rio.\" src=\"http:\/\/rioonwatch.org.br\/wp-content\/uploads\/2016\/10\/img_7610-620x264.jpg\" alt=\"img_7610\" width=\"620\" height=\"264\" srcset=\"https:\/\/rioonwatch.org.br\/wp-content\/uploads\/2016\/10\/img_7610-620x264.jpg 620w, https:\/\/rioonwatch.org.br\/wp-content\/uploads\/2016\/10\/img_7610-940x400.jpg 940w\" sizes=\"(max-width: 620px) 100vw, 620px\" \/><\/a><\/p>\n<h3><strong>RioOnWatch: <b>Quais mudan\u00e7as voc\u00ea realizou como presidente? Quais mudan\u00e7as voc\u00ea gostaria de realizar ainda?<\/b> <\/strong><\/h3>\n<p><b>Jorge:\u00a0<\/b><span style=\"font-weight: 400;\">Coloquei a academia da terceira idade l\u00e1 embaixo, com aparelhos para os idosos malharem.<\/span> N\u00f3s<span style=\"font-weight: 400;\">\u00a0agora estamos tamb\u00e9m com academia para as crian\u00e7as com\u00a0<a href=\"http:\/\/bit.ly\/2fdIPb5\" target=\"_blank\" rel=\"noopener\">jiu jitsu, boxe e muay thai<\/a>. Estamos reformando a primeira Casa da Cultura,\u00a0pretendemos\u00a0botar aulas de ingl\u00eas, espanhol. O intuito \u00e9 tirar as crian\u00e7as da rua e coloc\u00e1-las para terem objetivos.<\/span><\/p>\n<p><span style=\"font-weight: 400;\">\u00c0s vezes tamb\u00e9m n\u00f3s tampamos\u00a0os buracos quando os canos estouram. Fizemos uma barreira e colocamos uma canaleta que desce no entorno\u00a0da comunidade, antes do morrinho, e vai at\u00e9 l\u00e1 embaixo e despeja a \u00e1gua de toda a comunidade para fora, para n\u00e3o cair dentro das casa das pessoas.<\/span><span style=\"font-weight: 400;\">\u00a0Estamos trabalhando com a\u00a0<a href=\"http:\/\/bit.ly\/1ihqaYB\" target=\"_blank\" rel=\"noopener\">Comlurb<\/a>\u00a0na comunidade\u00a0para nos livrarmos do lixo,\u00a0e com a <a href=\"http:\/\/bit.ly\/14mlkmP\" target=\"_blank\" rel=\"noopener\">Cedae<\/a>\u00a0para consertar os canos quebrados. Vamos<\/span><span style=\"font-weight: 400;\">\u00a0fazer um cercado para a comunidade n\u00e3o se expandir para a \u00e1rea de prote\u00e7\u00e3o ambiental.<\/span><\/p>\n<p>Agora n\u00f3s vamos\u00a0fazer um processo de reciclagem aqui, por conta pr\u00f3pria. H\u00e1 catadores de material recicl\u00e1vel aqui, e n\u00f3s podemos usar este material para gerar oportunidades de est\u00e1gios na comunidade, gerar consci\u00eancia. Este material tamb\u00e9m pode ser\u00a0usado para manuten\u00e7\u00e3o.\u00a0Seriam dois garis comunit\u00e1rios recolhendo garrafas PET, e \u00f3leo de cozinha usado, pois\u00a0<a href=\"http:\/\/bit.ly\/2erJEeZ\" target=\"_blank\" rel=\"noopener\">\u00f3leo\u00a0pode ser utilizado<\/a> para fazer sab\u00e3o, essas coisas. E ali a gente pretende fazer um armazenamento para guardar esse lixo, para distribuir a uma\u00a0empresa adequada, que possa\u00a0trazer benef\u00edcio pra a comunidade. Outro benef\u00edcio seria trazer os jovens da comunidade para fazerem um curso sobre <a href=\"http:\/\/bit.ly\/1MwnQNz\" target=\"_blank\" rel=\"noopener\">reciclagem<\/a>, para\u00a0que estes jovens possam atuar nessa atividade.<\/p>\n<p><a href=\"http:\/\/rioonwatch.org.br\/wp-content\/uploads\/2016\/10\/14060037_1174073625946729_1868.jpg\"><img decoding=\"async\" class=\"aligncenter wp-image-22849 size-content\" title=\"Presidente Jorge Luiz de Barros e Vice-Presidente Paola Victor comemoraram o primeiro dia de trabalho da primeira varredura da rua da comunidade. Foto cedida por Jorge Luiz de Barros\" src=\"http:\/\/rioonwatch.org.br\/wp-content\/uploads\/2016\/10\/14060037_1174073625946729_1868-620x264.jpg\" alt=\"14060037_1174073625946729_1868\" width=\"620\" height=\"264\" srcset=\"https:\/\/rioonwatch.org.br\/wp-content\/uploads\/2016\/10\/14060037_1174073625946729_1868-620x264.jpg 620w, https:\/\/rioonwatch.org.br\/wp-content\/uploads\/2016\/10\/14060037_1174073625946729_1868-940x400.jpg 940w\" sizes=\"(max-width: 620px) 100vw, 620px\" \/><\/a><\/p>\n<h3><strong>RioOnWatch:\u00a0<\/strong><b>O que voc\u00ea faz hoje como presidente de Pereira da Silva? Qual \u00e9 o seu papel?<\/b><\/h3>\n<p><b>Jorge:\u00a0<\/b>Meu dever \u00e9 fazer com que a comunidade evolua, providenciando manuten\u00e7\u00f5es, reparos, tudo que traga\u00a0melhorias para a comunidade. Implantar cursos, representar da melhor forma a comunidade em outros lugares, fazer com que ela seja uma comunidade modelo.<\/p>\n<p>O trabalho de presidente \u00e9 de 24 horas por dia. Se acontece alguma coisa de madrugada, faltar luz, estourar um cano, voc\u00ea tem que ir. \u00c9\u00a024 horas, o tempo todo. N\u00e3o tem folga.<\/p>\n<p>N\u00f3s fazemos\u00a0reuni\u00e3o, temos mutir\u00f5es. Fazemos\u00a0tamb\u00e9m <a href=\"http:\/\/bit.ly\/1thwVvp\" target=\"_blank\" rel=\"noopener\">mutir\u00f5es<\/a>\u00a0para tirar o lixo da encosta. Temos reuni\u00f5es n\u00e3o s\u00f3 aqui, mas em outras comunidades. Fazemos\u00a0parte da Uni\u00e3o Comunit\u00e1ria que realiza\u00a0v\u00e1rias reuni\u00f5es para o benef\u00edcio das comunidades, e falamos muito sobre a <a href=\"http:\/\/bit.ly\/1lqbsRD\" target=\"_blank\" rel=\"noopener\">Light<\/a>, sobre a Comlurb, sobre a Cedae e sobre o que pode significar melhorias para a comunidade. A Light \u00e9\u00a0uma das que d\u00e1 mais dor de cabe\u00e7a. N\u00e3o vem consertar postes que est\u00e3o ca\u00eddos, inclusive\u00a0temos um\u00a0aqui, h\u00e1 bastante tempo, para o qual j\u00e1 solicitamos conserto, e ela n\u00e3o vem. Alguns moradores est\u00e3o entrando com a\u00e7\u00e3o contra a Light, porque est\u00e3o <a href=\"http:\/\/bit.ly\/1mZ1CnQ\" target=\"_blank\" rel=\"noopener\">pagando um valor exorbitante<\/a> por um servi\u00e7o que n\u00e3o usam. Em nossas reuni\u00f5es da Uni\u00e3o Comunit\u00e1ria falamos sobre isso. Apesar de que tamb\u00e9m se fala\u00a0muito de pol\u00edtica. A\u00ed eu corro logo, porque n\u00e3o gosto. Tenho um chefe que me ensinou que para fazer o seu trabalho, voc\u00ea n\u00e3o tem que ficar puxando saco de pol\u00edtico.<\/p>\n<p>N\u00f3s temos reuni\u00f5es com \u00f3rg\u00e3os p\u00fablicos de seguran\u00e7a para falar das nossas demandas, do que estamos precisando. Eles nem sempre fazem as mudan\u00e7as que solicitamos. Na verdade, \u00e9 dif\u00edcil o poder p\u00fablico atuar aqui na comunidade, porque ele s\u00f3 procura agir\u00a0em\u00a0\u00e1reas que interessam a ele, que possam dar mais\u00a0visibilidade, publicidade, como\u00a0\u00e1reas de muito risco ou \u00e1reas pacificadas. Aqui\u00a0n\u00e3o\u00a0se trata\u00a0nem de uma\u00a0nem de outra, ent\u00e3o n\u00e3o iremos gerar\u00a0m\u00eddia para eles.<\/p>\n<p><b><a href=\"http:\/\/rioonwatch.org.br\/wp-content\/uploads\/2016\/10\/14124084_1177218072298951_1665.jpg\"><img loading=\"lazy\" decoding=\"async\" class=\"aligncenter wp-image-22850 size-content\" title=\"Moradores de Pereira da Silva participaram de um mutir\u00e3o para recolher o lixo, ervas daninhas e educar a comunidade sobre Dengue. Foto cedida por Jorge Luiz de Barros\" src=\"http:\/\/rioonwatch.org.br\/wp-content\/uploads\/2016\/10\/14124084_1177218072298951_1665-620x264.jpg\" alt=\"14124084_1177218072298951_1665\" width=\"620\" height=\"264\" srcset=\"https:\/\/rioonwatch.org.br\/wp-content\/uploads\/2016\/10\/14124084_1177218072298951_1665-620x264.jpg 620w, https:\/\/rioonwatch.org.br\/wp-content\/uploads\/2016\/10\/14124084_1177218072298951_1665-940x400.jpg 940w\" sizes=\"(max-width: 620px) 100vw, 620px\" \/><\/a><\/b><\/p>\n<h3><strong>RioOnWatch<\/strong><b>: <\/b><b>Como os moradores t\u00eam recebido esse trabalho?<\/b><\/h3>\n<p><b>Jorge:\u00a0<\/b>N\u00f3s temos\u00a0a <a href=\"http:\/\/bit.ly\/2cdVhKP\" target=\"_blank\" rel=\"noopener\">p\u00e1gina da comunidade no Facebook<\/a>, e nela\u00a0publicamos o\u00a0que vamos\u00a0realizar.\u00a0Os moradores sentem-se agradecidos porque estamos\u00a0batalhando por algo\u00a0que ir\u00e1 trazer\u00a0benef\u00edcios para eles. Apesar de que alguns reclamam, ali\u00e1s,\u00a0todos\u00a0reclamam de mudan\u00e7as. Se h\u00e1 uma obra no meio do caminho, os moradores reclamam: \u201cAh, vou ter de passar no meio dessa obra!\u201d, mas \u00e9 preciso entender que a obra\u00a0vai\u00a0trazer\u00a0benef\u00edcios, melhorias para eles. Na verdade, ningu\u00e9m gosta de mudan\u00e7as, todos sempre ficam com o p\u00e9 atr\u00e1s. \u201cVai fazer obra ali para qu\u00ea?\u201d Mas depois de finalizada, dizem: \u201cnossa,\u00a0como ficou bom!\u201d. \u00c9 sempre assim.<\/p>\n<h3><strong>RioOnWatch:\u00a0<\/strong><b>O que te levou a concorrer \u00e0 presid\u00eancia? Qual foi a motiva\u00e7\u00e3o?<\/b><\/h3>\n<p><b>Jorge:\u00a0<\/b>A \u00faltima\u00a0presidenta renunciou ao cargo devido \u00e0 sa\u00fade comprometida de seu\u00a0filho, que precisou se submeter a v\u00e1rias cirurgias. Ficamos quase um ano sem presid\u00eancia. Ent\u00e3o nesse per\u00edodo, a comunidade ficou meio negligenciada.\u00a0At\u00e9 que formaram\u00a0uma chapa pra concorrer \u00e0 presid\u00eancia e me chamaram para apoiar, mas\u00a0algumas pessoas me perguntaram porque eu n\u00e3o concorria \u00e0 presid\u00eancia, j\u00e1\u00a0que o pessoal da comunidade me respeita e\u00a0gosta muito\u00a0de mim. Eu disse que s\u00f3 concorreria se a Paola Victor fosse minha vice. Paola \u00e9 uma jovem muito respeitada e gosta de fazer um bom trabalho. Ent\u00e3o formamos a\u00a0chapa e concorremos, e foi\u00a0a\u00a0maior vota\u00e7\u00e3o que j\u00e1 ocorreu\u00a0aqui na comunidade. O pessoal daqui gosta muito de n\u00f3s.<\/p>\n<p>Fizemos\u00a0um acordo com a comunidade para que, em vez de um mandato de quatro anos, fosse um mandato de dois\u00a0anos, pois se a chapa eleita n\u00e3o fizesse um bom trabalho, poderia ser destitu\u00edda ap\u00f3s dois anos, e\u00a0uma nova elei\u00e7\u00e3o seria convocada. Fizemos isso para dar\u00a0oportunidade \u00e0 presid\u00eancia de\u00a0efetivamente fazer um trabalho que\u00a0beneficie\u00a0a\u00a0comunidade, ou de ser substitu\u00edda\u00a0por quem\u00a0realmente queira faz\u00ea-lo. Foi um acordo entre as chapas para o\u00a0beneficio da comunidade. Caso\u00a0a\u00a0presid\u00eancia\u00a0esteja fazendo um bom trabalho e a comunidade estiver de acordo, o mandato poderia se estender por mais dois anos.<\/p>\n<h3><strong>RioOnWatch:\u00a0<\/strong><b><\/b><b>Qual \u00e9 o seu ideal para a comunidade? Quais s\u00e3o suas esperan\u00e7as para a comunidade daqui h\u00e1\u00a010 anos?<\/b><\/h3>\n<p><b>Jorge:\u00a0<\/b>Maiores mudan\u00e7as e um centro esportivo que vai ser administrado na quadra. Esse \u00e9 meu maior objetivo. E tamb\u00e9m ajudar as pessoas nas \u00e1reas mais prec\u00e1rias da comunidade, e que a comunidade fique mais tranquila. Esse \u00e9 um sonho meu, que acabou sendo tamb\u00e9m o sonho da minha administra\u00e7\u00e3o.<\/p>\n<h3><strong>RioOnWatch<\/strong><b>: <\/b><b>Voc\u00ea planeja concorrer \u00e0 presid\u00eancia de novo?<\/b><\/h3>\n<p><b>Jorge:\u00a0<\/b>N\u00e3o vou concorrer \u00e0 presid\u00eancia de novo. S\u00f3 me tornei presidente\u00a0para fazer as\u00a0coisas\u00a0que eu pensava que\u00a0poderia consertar e queria dar oportunidade para que outros possam vir\u00a0depois de mim\u00a0e fazer as coisas ainda melhores.<\/p>\n<p><a href=\"http:\/\/rioonwatch.org.br\/wp-content\/uploads\/2016\/10\/img_7623-1-.jpg\"><img loading=\"lazy\" decoding=\"async\" class=\"aligncenter wp-image-22851 size-medium\" title=\"Placas para o Projeto Morrinho ea Favelinha Guesthouse l\u00ea &quot;A Small Revolution, Never Give Up !!!&quot; e &quot;N\u00e3o Jogue Lixo!&quot;. Foto por Sophia Zaia\" src=\"http:\/\/rioonwatch.org.br\/wp-content\/uploads\/2016\/10\/img_7623-1--620x414.jpg\" alt=\"img_7623-1\" width=\"620\" height=\"414\" srcset=\"https:\/\/rioonwatch.org.br\/wp-content\/uploads\/2016\/10\/img_7623-1--620x414.jpg 620w, https:\/\/rioonwatch.org.br\/wp-content\/uploads\/2016\/10\/img_7623-1--396x264.jpg 396w, https:\/\/rioonwatch.org.br\/wp-content\/uploads\/2016\/10\/img_7623-1--768x512.jpg 768w, https:\/\/rioonwatch.org.br\/wp-content\/uploads\/2016\/10\/img_7623-1-.jpg 1000w\" sizes=\"(max-width: 620px) 100vw, 620px\" \/><\/a><\/p>\n<h3><strong>RioOnWatch:\u00a0<\/strong><b>Quais t\u00eam sido os maiores desafios que voc\u00ea tem enfrentado\u00a0como presidente da Pereira da Silva? E as maiores recompensas?<\/b><\/h3>\n<p><b>Jorge:\u00a0<\/b>O maior desafio s\u00e3o os moradores, porque voc\u00ea tem de convenc\u00ea-los de que vai fazer o seu melhor. A maior recompensa \u00e9 quando est\u00e1 tudo pronto. Quando voc\u00ea v\u00ea as coisas que planejou acontecendo, que as pessoas est\u00e3o gostando de ver o trabalho, est\u00e3o elogiando, quando voc\u00ea ouve\u00a0as crian\u00e7as dizendo \u201cQue\u00a0legal, presidente, ficou bonito!\u201d Essa \u00e9 a maior recompensa. N\u00e3o \u00e9\u00a0dinheiro, n\u00f3s n\u00e3o recebemos nada, \u00e9\u00a0um\u00a0trabalho volunt\u00e1rio.<\/p>\n<h3><b>RioOnWatch: Quais s\u00e3o as interven\u00e7\u00f5es do governo na comunidade?<\/b><\/h3>\n<p><b>Jorge:\u00a0<\/b>Como a comunidade\u00a0n\u00e3o \u00e9 considerada uma \u00e1rea de risco nem uma favela pacificada, as autoridades n\u00e3o querem vir aqui para resolver\u00a0as coisas ou assegurar a manuten\u00e7\u00e3o das melhorias,\u00a0por causa da falta de visibilidade, de m\u00eddia. Ent\u00e3o n\u00f3s dependemos de n\u00f3s mesmos para fazer as melhorias, com o apoio de amigos que v\u00eam para ajudar.<\/p>\n<h3><strong>RioOnWatch:\u00a0<\/strong><b>As<\/b><b>\u00a0<a href=\"http:\/\/bit.ly\/120HRFt\" target=\"_blank\" rel=\"noopener\">Olimp\u00edadas<\/a> \u00a0tiveram algum impacto na sua comunidade? Voc\u00ea acha que os Jogos deixaram um legado?<\/b><\/h3>\n<p><b>Jorge:\u00a0<\/b>Impacto aqui dentro da comunidade? Nenhum. Nenhum benef\u00edcio, nada. Legado? Pode at\u00e9 ter. Depende do poder p\u00fablico, que pode deixar um <a href=\"http:\/\/bit.ly\/1ps41Xf\" target=\"_blank\" rel=\"noopener\">legado<\/a> duradouro. Mas isso depende deles, de aproveitarem para se reunirem com as comunidades em vez de se fecharem e serem os \u00fanicos benefici\u00e1rios. Mas se eles deixarem o legado apenas para o alto poder executivo, nada vai acontecer. A comunidade vai continuar abandonada.<\/p>\n<!-- AddThis Advanced Settings generic via filter on the_content --><!-- AddThis Share Buttons generic via filter on the_content -->","protected":false},"excerpt":{"rendered":"<div class=\"mh-excerpt\"><p>Click Here for English A favela Pereira da Silva situa-se entre os\u00a0bairro de Laranjeiras\u00a0e Santa Teresa\u00a0na Zona Sul do Rio. Entrando na comunidade, h\u00e1 pequenas placas de madeira com palavras de incentivo: &#8220;Pense sobre as <a class=\"mh-excerpt-more\" href=\"https:\/\/rioonwatch.org.br\/?p=22719\" title=\"Entrevista com Jorge Luiz de Barros dos Santos, Presidente da Pereira da Silva em Laranjeiras\">[&#8230;]<\/a><!-- AddThis Advanced Settings generic via filter on get_the_excerpt --><!-- AddThis Share Buttons generic via filter on get_the_excerpt --><\/p>\n<\/div>","protected":false},"author":129,"featured_media":22847,"comment_status":"closed","ping_status":"closed","sticky":false,"template":"","format":"standard","meta":{"_acf_changed":false,"_monsterinsights_skip_tracking":false,"_monsterinsights_sitenote_active":false,"_monsterinsights_sitenote_note":"","_monsterinsights_sitenote_category":0,"footnotes":""},"categories":[1618,1629,1626,1620],"tags":[1505,655,620,623,421,316,1602,1795,1240,276,78,304,298,361,1557,35,476,404,2167,92,383],"writer":[1897],"translator":[],"source":[],"ilustrador":[],"fotografo":[],"class_list":{"0":"post-22719","1":"post","2":"type-post","3":"status-publish","4":"format-standard","5":"has-post-thumbnail","7":"category-olhonaparticipacao","8":"category-entrevistas-e-perfis","9":"category-por-observadores-internacionais","10":"category-olhonaupp","11":"tag-artes-marciais","12":"tag-associacao-de-moradores","13":"tag-cedae","14":"tag-comlurb","15":"tag-cultura-da-favela","16":"tag-educacao","17":"tag-laranjeiras","18":"tag-lideranca-comunitaria","19":"tag-megaeventos","20":"tag-mutirao","21":"tag-olimpiadas","22":"tag-participacao","23":"tag-perfil-de-lideranca","24":"tag-reciclagem","25":"tag-oleo","26":"tag-santa-teresa","27":"tag-solucao-comunitaria","28":"tag-sustentabilidade","29":"tag-uniao","30":"tag-upp","31":"tag-zona-sul","32":"writer-sophia-zaia"},"acf":[],"yoast_head":"<!-- This site is optimized with the Yoast SEO plugin v25.6 - https:\/\/yoast.com\/wordpress\/plugins\/seo\/ -->\n<title>Entrevista com Jorge Luiz de Barros dos Santos, Presidente da Pereira da Silva em Laranjeiras - RioOnWatch<\/title>\n<meta name=\"robots\" content=\"index, follow, max-snippet:-1, max-image-preview:large, max-video-preview:-1\" \/>\n<link rel=\"canonical\" href=\"https:\/\/rioonwatch.org.br\/?p=22719\" \/>\n<meta property=\"og:locale\" content=\"pt_BR\" \/>\n<meta property=\"og:type\" content=\"article\" \/>\n<meta property=\"og:title\" content=\"Entrevista com Jorge Luiz de Barros dos Santos, Presidente da Pereira da Silva em Laranjeiras - RioOnWatch\" \/>\n<meta property=\"og:description\" content=\"Click Here for English A favela Pereira da Silva situa-se entre os\u00a0bairro de Laranjeiras\u00a0e Santa Teresa\u00a0na Zona Sul do Rio. Entrando na comunidade, h\u00e1 pequenas placas de madeira com palavras de incentivo: &#8220;Pense sobre as [...]\" \/>\n<meta property=\"og:url\" content=\"https:\/\/rioonwatch.org.br\/?p=22719\" \/>\n<meta property=\"og:site_name\" content=\"RioOnWatch\" \/>\n<meta property=\"article:published_time\" content=\"2016-11-06T12:21:17+00:00\" \/>\n<meta property=\"article:modified_time\" content=\"2024-06-20T19:25:17+00:00\" \/>\n<meta property=\"og:image\" content=\"https:\/\/rioonwatch.org.br\/wp-content\/uploads\/2016\/10\/rsz_img_7614.jpg\" \/>\n\t<meta property=\"og:image:width\" content=\"983\" \/>\n\t<meta property=\"og:image:height\" content=\"470\" \/>\n\t<meta property=\"og:image:type\" content=\"image\/jpeg\" \/>\n<meta name=\"author\" content=\"Admin\" \/>\n<meta name=\"twitter:card\" content=\"summary_large_image\" \/>\n<meta name=\"twitter:label1\" content=\"Escrito por\" \/>\n\t<meta name=\"twitter:data1\" content=\"Admin\" \/>\n\t<meta name=\"twitter:label2\" content=\"Est. tempo de leitura\" \/>\n\t<meta name=\"twitter:data2\" content=\"9 minutos\" \/>\n<script type=\"application\/ld+json\" class=\"yoast-schema-graph\">{\"@context\":\"https:\/\/schema.org\",\"@graph\":[{\"@type\":\"Article\",\"@id\":\"https:\/\/rioonwatch.org.br\/?p=22719#article\",\"isPartOf\":{\"@id\":\"https:\/\/rioonwatch.org.br\/?p=22719\"},\"author\":{\"name\":\"Admin\",\"@id\":\"https:\/\/rioonwatch.org.br\/#\/schema\/person\/11d64c290506f9df50c71b850c473f68\"},\"headline\":\"Entrevista com Jorge Luiz de Barros dos Santos, Presidente da Pereira da Silva em Laranjeiras\",\"datePublished\":\"2016-11-06T12:21:17+00:00\",\"dateModified\":\"2024-06-20T19:25:17+00:00\",\"mainEntityOfPage\":{\"@id\":\"https:\/\/rioonwatch.org.br\/?p=22719\"},\"wordCount\":1837,\"publisher\":{\"@id\":\"https:\/\/rioonwatch.org.br\/#organization\"},\"image\":{\"@id\":\"https:\/\/rioonwatch.org.br\/?p=22719#primaryimage\"},\"thumbnailUrl\":\"https:\/\/rioonwatch.org.br\/wp-content\/uploads\/2016\/10\/rsz_img_7614.jpg\",\"keywords\":[\"artes marciais\",\"Associa\u00e7\u00e3o de Moradores\",\"CEDAE\",\"COMLURB\",\"cultura da favela\",\"educa\u00e7\u00e3o\",\"Laranjeiras\",\"lideran\u00e7a comunit\u00e1ria\",\"Megaeventos\",\"mutir\u00e3o\",\"Olimp\u00edadas\",\"participa\u00e7\u00e3o\",\"perfil de lideran\u00e7a\",\"reciclagem\",\"reciclagem de \u00f3leo\",\"Santa Teresa\",\"solu\u00e7\u00e3o comunit\u00e1ria\",\"sustentabilidade\",\"uni\u00e3o\",\"UPP\",\"Zona Sul\"],\"articleSection\":[\"#OlhoNaParticipa\u00e7\u00e3o\",\"Entrevistas e Perfis\",\"Escrito por Aliados\",\"Seguran\u00e7a P\u00fablica\"],\"inLanguage\":\"pt-BR\"},{\"@type\":\"WebPage\",\"@id\":\"https:\/\/rioonwatch.org.br\/?p=22719\",\"url\":\"https:\/\/rioonwatch.org.br\/?p=22719\",\"name\":\"Entrevista com Jorge Luiz de Barros dos Santos, Presidente da Pereira da Silva em Laranjeiras - RioOnWatch\",\"isPartOf\":{\"@id\":\"https:\/\/rioonwatch.org.br\/#website\"},\"primaryImageOfPage\":{\"@id\":\"https:\/\/rioonwatch.org.br\/?p=22719#primaryimage\"},\"image\":{\"@id\":\"https:\/\/rioonwatch.org.br\/?p=22719#primaryimage\"},\"thumbnailUrl\":\"https:\/\/rioonwatch.org.br\/wp-content\/uploads\/2016\/10\/rsz_img_7614.jpg\",\"datePublished\":\"2016-11-06T12:21:17+00:00\",\"dateModified\":\"2024-06-20T19:25:17+00:00\",\"breadcrumb\":{\"@id\":\"https:\/\/rioonwatch.org.br\/?p=22719#breadcrumb\"},\"inLanguage\":\"pt-BR\",\"potentialAction\":[{\"@type\":\"ReadAction\",\"target\":[\"https:\/\/rioonwatch.org.br\/?p=22719\"]}]},{\"@type\":\"ImageObject\",\"inLanguage\":\"pt-BR\",\"@id\":\"https:\/\/rioonwatch.org.br\/?p=22719#primaryimage\",\"url\":\"https:\/\/rioonwatch.org.br\/wp-content\/uploads\/2016\/10\/rsz_img_7614.jpg\",\"contentUrl\":\"https:\/\/rioonwatch.org.br\/wp-content\/uploads\/2016\/10\/rsz_img_7614.jpg\",\"width\":983,\"height\":470},{\"@type\":\"BreadcrumbList\",\"@id\":\"https:\/\/rioonwatch.org.br\/?p=22719#breadcrumb\",\"itemListElement\":[{\"@type\":\"ListItem\",\"position\":1,\"name\":\"In\u00edcio\",\"item\":\"https:\/\/rioonwatch.org.br\/\"},{\"@type\":\"ListItem\",\"position\":2,\"name\":\"Entrevista com Jorge Luiz de Barros dos Santos, Presidente da Pereira da Silva em Laranjeiras\"}]},{\"@type\":\"WebSite\",\"@id\":\"https:\/\/rioonwatch.org.br\/#website\",\"url\":\"https:\/\/rioonwatch.org.br\/\",\"name\":\"RioOnWatch\",\"description\":\"relatos das favelas cariocas\",\"publisher\":{\"@id\":\"https:\/\/rioonwatch.org.br\/#organization\"},\"potentialAction\":[{\"@type\":\"SearchAction\",\"target\":{\"@type\":\"EntryPoint\",\"urlTemplate\":\"https:\/\/rioonwatch.org.br\/?s={search_term_string}\"},\"query-input\":{\"@type\":\"PropertyValueSpecification\",\"valueRequired\":true,\"valueName\":\"search_term_string\"}}],\"inLanguage\":\"pt-BR\"},{\"@type\":\"Organization\",\"@id\":\"https:\/\/rioonwatch.org.br\/#organization\",\"name\":\"RioOnWatch\",\"url\":\"https:\/\/rioonwatch.org.br\/\",\"logo\":{\"@type\":\"ImageObject\",\"inLanguage\":\"pt-BR\",\"@id\":\"https:\/\/rioonwatch.org.br\/#\/schema\/logo\/image\/\",\"url\":\"https:\/\/rioonwatch.org.br\/wp-content\/uploads\/2021\/06\/RioOnWatchcabecalhoPT11anos-2.png\",\"contentUrl\":\"https:\/\/rioonwatch.org.br\/wp-content\/uploads\/2021\/06\/RioOnWatchcabecalhoPT11anos-2.png\",\"width\":779,\"height\":277,\"caption\":\"RioOnWatch\"},\"image\":{\"@id\":\"https:\/\/rioonwatch.org.br\/#\/schema\/logo\/image\/\"}},{\"@type\":\"Person\",\"@id\":\"https:\/\/rioonwatch.org.br\/#\/schema\/person\/11d64c290506f9df50c71b850c473f68\",\"name\":\"Admin\",\"image\":{\"@type\":\"ImageObject\",\"inLanguage\":\"pt-BR\",\"@id\":\"https:\/\/rioonwatch.org.br\/#\/schema\/person\/image\/\",\"url\":\"https:\/\/secure.gravatar.com\/avatar\/56211ac74568383903349a1485e3c325?s=96&d=blank&r=g\",\"contentUrl\":\"https:\/\/secure.gravatar.com\/avatar\/56211ac74568383903349a1485e3c325?s=96&d=blank&r=g\",\"caption\":\"Admin\"},\"url\":\"https:\/\/rioonwatch.org.br\/?author=129\"}]}<\/script>\n<!-- \/ Yoast SEO plugin. -->","yoast_head_json":{"title":"Entrevista com Jorge Luiz de Barros dos Santos, Presidente da Pereira da Silva em Laranjeiras - RioOnWatch","robots":{"index":"index","follow":"follow","max-snippet":"max-snippet:-1","max-image-preview":"max-image-preview:large","max-video-preview":"max-video-preview:-1"},"canonical":"https:\/\/rioonwatch.org.br\/?p=22719","og_locale":"pt_BR","og_type":"article","og_title":"Entrevista com Jorge Luiz de Barros dos Santos, Presidente da Pereira da Silva em Laranjeiras - RioOnWatch","og_description":"Click Here for English A favela Pereira da Silva situa-se entre os\u00a0bairro de Laranjeiras\u00a0e Santa Teresa\u00a0na Zona Sul do Rio. Entrando na comunidade, h\u00e1 pequenas placas de madeira com palavras de incentivo: &#8220;Pense sobre as [...]","og_url":"https:\/\/rioonwatch.org.br\/?p=22719","og_site_name":"RioOnWatch","article_published_time":"2016-11-06T12:21:17+00:00","article_modified_time":"2024-06-20T19:25:17+00:00","og_image":[{"width":983,"height":470,"url":"https:\/\/rioonwatch.org.br\/wp-content\/uploads\/2016\/10\/rsz_img_7614.jpg","type":"image\/jpeg"}],"author":"Admin","twitter_card":"summary_large_image","twitter_misc":{"Escrito por":"Admin","Est. tempo de leitura":"9 minutos"},"schema":{"@context":"https:\/\/schema.org","@graph":[{"@type":"Article","@id":"https:\/\/rioonwatch.org.br\/?p=22719#article","isPartOf":{"@id":"https:\/\/rioonwatch.org.br\/?p=22719"},"author":{"name":"Admin","@id":"https:\/\/rioonwatch.org.br\/#\/schema\/person\/11d64c290506f9df50c71b850c473f68"},"headline":"Entrevista com Jorge Luiz de Barros dos Santos, Presidente da Pereira da Silva em Laranjeiras","datePublished":"2016-11-06T12:21:17+00:00","dateModified":"2024-06-20T19:25:17+00:00","mainEntityOfPage":{"@id":"https:\/\/rioonwatch.org.br\/?p=22719"},"wordCount":1837,"publisher":{"@id":"https:\/\/rioonwatch.org.br\/#organization"},"image":{"@id":"https:\/\/rioonwatch.org.br\/?p=22719#primaryimage"},"thumbnailUrl":"https:\/\/rioonwatch.org.br\/wp-content\/uploads\/2016\/10\/rsz_img_7614.jpg","keywords":["artes marciais","Associa\u00e7\u00e3o de Moradores","CEDAE","COMLURB","cultura da favela","educa\u00e7\u00e3o","Laranjeiras","lideran\u00e7a comunit\u00e1ria","Megaeventos","mutir\u00e3o","Olimp\u00edadas","participa\u00e7\u00e3o","perfil de lideran\u00e7a","reciclagem","reciclagem de \u00f3leo","Santa Teresa","solu\u00e7\u00e3o comunit\u00e1ria","sustentabilidade","uni\u00e3o","UPP","Zona Sul"],"articleSection":["#OlhoNaParticipa\u00e7\u00e3o","Entrevistas e Perfis","Escrito por Aliados","Seguran\u00e7a P\u00fablica"],"inLanguage":"pt-BR"},{"@type":"WebPage","@id":"https:\/\/rioonwatch.org.br\/?p=22719","url":"https:\/\/rioonwatch.org.br\/?p=22719","name":"Entrevista com Jorge Luiz de Barros dos Santos, Presidente da Pereira da Silva em Laranjeiras - RioOnWatch","isPartOf":{"@id":"https:\/\/rioonwatch.org.br\/#website"},"primaryImageOfPage":{"@id":"https:\/\/rioonwatch.org.br\/?p=22719#primaryimage"},"image":{"@id":"https:\/\/rioonwatch.org.br\/?p=22719#primaryimage"},"thumbnailUrl":"https:\/\/rioonwatch.org.br\/wp-content\/uploads\/2016\/10\/rsz_img_7614.jpg","datePublished":"2016-11-06T12:21:17+00:00","dateModified":"2024-06-20T19:25:17+00:00","breadcrumb":{"@id":"https:\/\/rioonwatch.org.br\/?p=22719#breadcrumb"},"inLanguage":"pt-BR","potentialAction":[{"@type":"ReadAction","target":["https:\/\/rioonwatch.org.br\/?p=22719"]}]},{"@type":"ImageObject","inLanguage":"pt-BR","@id":"https:\/\/rioonwatch.org.br\/?p=22719#primaryimage","url":"https:\/\/rioonwatch.org.br\/wp-content\/uploads\/2016\/10\/rsz_img_7614.jpg","contentUrl":"https:\/\/rioonwatch.org.br\/wp-content\/uploads\/2016\/10\/rsz_img_7614.jpg","width":983,"height":470},{"@type":"BreadcrumbList","@id":"https:\/\/rioonwatch.org.br\/?p=22719#breadcrumb","itemListElement":[{"@type":"ListItem","position":1,"name":"In\u00edcio","item":"https:\/\/rioonwatch.org.br\/"},{"@type":"ListItem","position":2,"name":"Entrevista com Jorge Luiz de Barros dos Santos, Presidente da Pereira da Silva em Laranjeiras"}]},{"@type":"WebSite","@id":"https:\/\/rioonwatch.org.br\/#website","url":"https:\/\/rioonwatch.org.br\/","name":"RioOnWatch","description":"relatos das favelas cariocas","publisher":{"@id":"https:\/\/rioonwatch.org.br\/#organization"},"potentialAction":[{"@type":"SearchAction","target":{"@type":"EntryPoint","urlTemplate":"https:\/\/rioonwatch.org.br\/?s={search_term_string}"},"query-input":{"@type":"PropertyValueSpecification","valueRequired":true,"valueName":"search_term_string"}}],"inLanguage":"pt-BR"},{"@type":"Organization","@id":"https:\/\/rioonwatch.org.br\/#organization","name":"RioOnWatch","url":"https:\/\/rioonwatch.org.br\/","logo":{"@type":"ImageObject","inLanguage":"pt-BR","@id":"https:\/\/rioonwatch.org.br\/#\/schema\/logo\/image\/","url":"https:\/\/rioonwatch.org.br\/wp-content\/uploads\/2021\/06\/RioOnWatchcabecalhoPT11anos-2.png","contentUrl":"https:\/\/rioonwatch.org.br\/wp-content\/uploads\/2021\/06\/RioOnWatchcabecalhoPT11anos-2.png","width":779,"height":277,"caption":"RioOnWatch"},"image":{"@id":"https:\/\/rioonwatch.org.br\/#\/schema\/logo\/image\/"}},{"@type":"Person","@id":"https:\/\/rioonwatch.org.br\/#\/schema\/person\/11d64c290506f9df50c71b850c473f68","name":"Admin","image":{"@type":"ImageObject","inLanguage":"pt-BR","@id":"https:\/\/rioonwatch.org.br\/#\/schema\/person\/image\/","url":"https:\/\/secure.gravatar.com\/avatar\/56211ac74568383903349a1485e3c325?s=96&d=blank&r=g","contentUrl":"https:\/\/secure.gravatar.com\/avatar\/56211ac74568383903349a1485e3c325?s=96&d=blank&r=g","caption":"Admin"},"url":"https:\/\/rioonwatch.org.br\/?author=129"}]}},"_links":{"self":[{"href":"https:\/\/rioonwatch.org.br\/index.php?rest_route=\/wp\/v2\/posts\/22719"}],"collection":[{"href":"https:\/\/rioonwatch.org.br\/index.php?rest_route=\/wp\/v2\/posts"}],"about":[{"href":"https:\/\/rioonwatch.org.br\/index.php?rest_route=\/wp\/v2\/types\/post"}],"author":[{"embeddable":true,"href":"https:\/\/rioonwatch.org.br\/index.php?rest_route=\/wp\/v2\/users\/129"}],"replies":[{"embeddable":true,"href":"https:\/\/rioonwatch.org.br\/index.php?rest_route=%2Fwp%2Fv2%2Fcomments&post=22719"}],"version-history":[{"count":38,"href":"https:\/\/rioonwatch.org.br\/index.php?rest_route=\/wp\/v2\/posts\/22719\/revisions"}],"predecessor-version":[{"id":74321,"href":"https:\/\/rioonwatch.org.br\/index.php?rest_route=\/wp\/v2\/posts\/22719\/revisions\/74321"}],"wp:featuredmedia":[{"embeddable":true,"href":"https:\/\/rioonwatch.org.br\/index.php?rest_route=\/wp\/v2\/media\/22847"}],"wp:attachment":[{"href":"https:\/\/rioonwatch.org.br\/index.php?rest_route=%2Fwp%2Fv2%2Fmedia&parent=22719"}],"wp:term":[{"taxonomy":"category","embeddable":true,"href":"https:\/\/rioonwatch.org.br\/index.php?rest_route=%2Fwp%2Fv2%2Fcategories&post=22719"},{"taxonomy":"post_tag","embeddable":true,"href":"https:\/\/rioonwatch.org.br\/index.php?rest_route=%2Fwp%2Fv2%2Ftags&post=22719"},{"taxonomy":"writer","embeddable":true,"href":"https:\/\/rioonwatch.org.br\/index.php?rest_route=%2Fwp%2Fv2%2Fwriter&post=22719"},{"taxonomy":"translator","embeddable":true,"href":"https:\/\/rioonwatch.org.br\/index.php?rest_route=%2Fwp%2Fv2%2Ftranslator&post=22719"},{"taxonomy":"source","embeddable":true,"href":"https:\/\/rioonwatch.org.br\/index.php?rest_route=%2Fwp%2Fv2%2Fsource&post=22719"},{"taxonomy":"ilustrador","embeddable":true,"href":"https:\/\/rioonwatch.org.br\/index.php?rest_route=%2Fwp%2Fv2%2Filustrador&post=22719"},{"taxonomy":"fotografo","embeddable":true,"href":"https:\/\/rioonwatch.org.br\/index.php?rest_route=%2Fwp%2Fv2%2Ffotografo&post=22719"}],"curies":[{"name":"wp","href":"https:\/\/api.w.org\/{rel}","templated":true}]}}