{"id":22741,"date":"2016-10-07T08:45:25","date_gmt":"2016-10-07T11:45:25","guid":{"rendered":"http:\/\/rioonwatch.org.br\/?p=22741"},"modified":"2020-06-29T11:04:36","modified_gmt":"2020-06-29T14:04:36","slug":"desvelando-a-rede-brasileira-de-partidos-politicos-referencia","status":"publish","type":"post","link":"https:\/\/rioonwatch.org.br\/?p=22741","title":{"rendered":"Desvelando a Rede Brasileira de Partidos Pol\u00edticos [REFER\u00caNCIA]"},"content":{"rendered":"<p style=\"text-align: right;\"><em><strong><a href=\"http:\/\/bit.ly\/2dcjJrr\" target=\"_blank\" rel=\"noopener noreferrer\">Click Here for English<img decoding=\"async\" width=\"20\" height=\"20\" class=\"alignright wp-image-15790\" src=\"http:\/\/rioonwatch.org.br\/wp-content\/uploads\/2012\/08\/EN-standard-e1439583104716.jpg\" alt=\"\" \/><\/a><\/strong><\/em><\/p>\n<p>Ao acompanhar as not\u00edcias deste ano sobre o alvoro\u00e7o pol\u00edtico em Bras\u00edlia, muitos observadores internacionais tiveram dificuldades em se orientar dentro de um confuso oceano de siglas. Isso se deve ao fato do sistema pol\u00edtico brasileiro ser caracterizado por um grande n\u00famero de partidos pol\u00edticos&#8211;35 no total, mais do que o dobro de qualquer outro pa\u00eds&#8211;for\u00e7ados a formar uma rede intrincada de alian\u00e7as e coaliz\u00f5es, que mudam a todo momento, a fim de governar.<\/p>\n<p>O objetivo deste artigo \u00e9 analisar como essa vers\u00e3o extrema de um sistema multipartid\u00e1rio surgiu a partir da\u00a0<a href=\"http:\/\/bit.ly\/28RRQq0\" target=\"_blank\" rel=\"noopener noreferrer\">Constitui\u00e7\u00e3o de 1988<\/a>, como ele impactou a\u00a0<a href=\"http:\/\/bit.ly\/230MkT1\" target=\"_blank\" rel=\"noopener noreferrer\">instabilidade pol\u00edtica deste ano<\/a>\u00a0e o que significa para o avan\u00e7o da na\u00e7\u00e3o.<\/p>\n<h3><b><strong>Como os partidos pol\u00edticos surgiram no Brasil<\/strong><\/b><\/h3>\n<p>Alguns partidos de destaque, presentes no atual governo, datam de antes da promulga\u00e7\u00e3o da constitui\u00e7\u00e3o, como o Partido do Movimento Democr\u00e1tico Brasileiro (PMDB), cujo seu predecessor, o Movimento Democr\u00e1tico Brasileiro (MDB), surgiu originalmente em 1965, em oposi\u00e7\u00e3o \u00e0\u00a0<a href=\"http:\/\/bit.ly\/1nQlHQA\" target=\"_blank\" rel=\"noopener noreferrer\">ditadura militar<\/a>. Muitos outros afloraram de ideologias divergentes, ou foram formados com base em crit\u00e9rios regionais.<\/p>\n<p>Pode-se afirmar que altos n\u00edveis de dissid\u00eancias contribu\u00edram para o n\u00famero de partidos criados ap\u00f3s a ditadura, j\u00e1 que muitos pol\u00edticos sentiam que o sistema federal, baseado na coaliz\u00e3o, fazia com que as vis\u00f5es de seus partidos n\u00e3o fossem ouvidas e consideradas por aqueles com maior n\u00famero de membros e mais poder.<\/p>\n<p>Outros foram inicialmente formados por raz\u00f5es de estrat\u00e9gia pol\u00edtica. Por exemplo, o Partido Republicano da Ordem Social (PROS)\u00a0<a href=\"http:\/\/bit.ly\/2cCmjZX\">foi fundado em 2010 por Cid e Ciro Gomes, membros do Partido Socialista Brasileiro (PSB)<\/a>, para que eles pudessem proteger o lugar de Cid como governador do Cear\u00e1 e evitar que o assento fosse parar no poder de Eduardo Campos do PSB, apoiante de Dilma.<\/p>\n<p>Ainda h\u00e1 aqueles que nasceram a partir de uma quest\u00e3o ideol\u00f3gica principal. O <a href=\"http:\/\/bit.ly\/2cVloWH\" target=\"_blank\" rel=\"noopener noreferrer\">Partido Verde<\/a>\u00a0(PV) foi fundado em 1986 por ambientalistas, em uma tentativa de promover quest\u00f5es ambientais e pol\u00edticas relacionadas ao desenvolvimento sustent\u00e1vel. Em 2013, Marina Silva, ex-senadora do Acre, Ministra do Meio Ambiente no governo Lula e terceira colocada nas \u00faltimas duas elei\u00e7\u00f5es presidenciais (pelo PV e PSB), fundou a\u00a0<a href=\"http:\/\/bit.ly\/2dylnpU\" target=\"_blank\" rel=\"noopener noreferrer\">Rede Sustentabilidade<\/a>\u00a0(REDE), outro partido com foco nas quest\u00f5es ambientais, atualmente alinhado ao PSB.<\/p>\n<p>A natureza desse sistema frequentemente conduz \u00e0 estagna\u00e7\u00e3o pol\u00edtica e \u00e0 inefici\u00eancia. Devido ao fato das coaliz\u00f5es envolverem partidos opostos entre si e estarem constantemente se formando e se dissolvendo, sua tend\u00eancia \u00e9 carecer de uma agenda ideol\u00f3gica coerente, o que \u00e9 necess\u00e1rio para realizar propostas pol\u00edticas fortes. Da mesma maneira, seus membros frequentemente mudam de partido ou votam contra os interesses de seus pr\u00f3prios partidos, com poucas oportunidades de recorrer.<\/p>\n<h3><strong>Confus\u00f5es e curiosidades<\/strong><\/h3>\n<p>Se as coaliz\u00f5es em permanente evolu\u00e7\u00e3o e seus membros ideologicamente inst\u00e1veis n\u00e3o s\u00e3o o suficiente para dificultar o entendimento, nomenclaturas confusas tamb\u00e9m s\u00e3o uma barreira significante para acompanhar os acontecimentos em Bras\u00edlia.<\/p>\n<p>Por exemplo, o Partido da Social Democracia Brasileira (PSDB) possui o que, em padr\u00f5es globais, seria considerada uma vis\u00e3o de centro-esquerda, mas o Partido Social Democrata (PSD), de nome similar, \u00e9 de centro-direita. O Partido Progressista (PP) \u00e9, na verdade, tudo menos progressista. Est\u00e1 mais para um ninho de instigadores conservadores e de nacionalistas anti-esquerda, como o\u00a0<a href=\"http:\/\/bit.ly\/2cXdwyY\" target=\"_blank\" rel=\"noopener noreferrer\">controverso congressista Jair Bolsonaro<\/a>. Em uma mistura de\u00a0<a href=\"http:\/\/bit.ly\/2dyo9eF\" target=\"_blank\" rel=\"noopener noreferrer\">com\u00e9dia de humor negro boa demais para ser verdade<\/a>, o Partido da Mulher Brasileira (PMB) posiciona-se contra a legaliza\u00e7\u00e3o do aborto, e 90% de seus representantes atuais no Congresso s\u00e3o homens.<\/p>\n<p>Somente no nome, quatro partidos diferentes mencionam a rep\u00fablica ou o republicanismo; seis, a democracia, e cerca de nove, de todas as alas do espectro pol\u00edtico, aludem aos trabalhadores ou ao trabalho.<\/p>\n<p>Face a tamanha flexibilidade ideol\u00f3gica, n\u00e3o deveria nos surpreender o fato do maior partido de todos, o Partido do Movimento Democr\u00e1tico Brasileiro (PMDB), do Presidente Michel Temer, ser extensamente conhecido por\u00a0<a href=\"http:\/\/for.tn\/1XFAFYp\" target=\"_blank\" rel=\"noopener noreferrer\">n\u00e3o possuir sequer uma ideologia definida<\/a>.<\/p>\n<p><a href=\"http:\/\/rioonwatch.org.br\/wp-content\/uploads\/2016\/10\/JC_PSDB_Foto_Jose_Cruz_007.jpg\"><img fetchpriority=\"high\" decoding=\"async\" class=\"aligncenter wp-image-22749 size-content\" title=\"PSDB. Foto por Jose Cruz\" src=\"http:\/\/rioonwatch.org.br\/wp-content\/uploads\/2016\/10\/JC_PSDB_Foto_Jose_Cruz_007-620x264.jpg\" alt=\"jc_psdb_foto_jose_cruz_007\" width=\"620\" height=\"264\" srcset=\"https:\/\/rioonwatch.org.br\/wp-content\/uploads\/2016\/10\/JC_PSDB_Foto_Jose_Cruz_007-620x264.jpg 620w, https:\/\/rioonwatch.org.br\/wp-content\/uploads\/2016\/10\/JC_PSDB_Foto_Jose_Cruz_007-940x400.jpg 940w\" sizes=\"(max-width: 620px) 100vw, 620px\" \/><\/a><\/p>\n<h3><strong>Os partidos mais influentes em Bras\u00edlia<\/strong><\/h3>\n<p><a href=\"http:\/\/bit.ly\/2dyiUv2\" target=\"_blank\" rel=\"noopener noreferrer\"><strong>PT<\/strong><\/a>:\u00a0Talvez o partido mais influente nas \u00faltimas duas d\u00e9cadas, o\u00a0<a href=\"http:\/\/bit.ly\/2cTshqy\">Partido dos Trabalhadores<\/a>\u00a0(PT) nasceu da resist\u00eancia e da oposi\u00e7\u00e3o \u00e0 ditadura militar, e representou o pa\u00eds a n\u00edvel federal de 2003 a agosto de 2016, primeiro atrav\u00e9s de\u00a0<a href=\"http:\/\/bit.ly\/2c3dVQA\" target=\"_blank\" rel=\"noopener noreferrer\">Luiz In\u00e1cio Lula da Silva (Lula)<\/a>\u00a0e posteriormente atrav\u00e9s de\u00a0<a href=\"http:\/\/bit.ly\/1sTDJFe\" target=\"_blank\" rel=\"noopener noreferrer\">Dilma Rousseff<\/a>. Como um dos movimentos de esquerda de maior escala na Am\u00e9rica Latina, o PT possui uma forte base eleitoral nas regi\u00f5es Norte e Nordeste, assim como nas principais cidades do Sul, e \u00e9 associado a\u00a0<a href=\"http:\/\/bit.ly\/2di7VnG\" target=\"_blank\" rel=\"noopener noreferrer\">pol\u00edticas de assist\u00eancia social que reduziram significantemente a desigualdade<\/a>\u00a0no pa\u00eds.<\/p>\n<p><a href=\"http:\/\/rioonwatch.org.br\/wp-content\/uploads\/2016\/10\/dilmaelula.jpg\"><img decoding=\"async\" class=\"aligncenter wp-image-22750 size-content\" title=\"As administra\u00e7\u00f5es de Lula e Dilma Rousseff mantiveram o PT no poder de 2002 a 2016.\" src=\"http:\/\/rioonwatch.org.br\/wp-content\/uploads\/2016\/10\/dilmaelula-620x264.jpg\" alt=\"dilmaelula\" width=\"620\" height=\"264\" srcset=\"https:\/\/rioonwatch.org.br\/wp-content\/uploads\/2016\/10\/dilmaelula-620x264.jpg 620w, https:\/\/rioonwatch.org.br\/wp-content\/uploads\/2016\/10\/dilmaelula-940x400.jpg 940w\" sizes=\"(max-width: 620px) 100vw, 620px\" \/><\/a><\/p>\n<p><a href=\"http:\/\/bit.ly\/2dw04Z5\" target=\"_blank\" rel=\"noopener noreferrer\"><strong>PMDB<\/strong><\/a>: O\u00a0<a href=\"http:\/\/bit.ly\/2db30pr\">Partido do Movimento Democr\u00e1tico Brasileiro<\/a> (PMDB) \u00e9 o maior dos 35 partidos pol\u00edticos brasileiros e possui o maior n\u00famero de assentos na c\u00e2mara dos deputados e no senado. Surgiu em 1979 em oposi\u00e7\u00e3o \u00e0 ditadura militar, mas hoje\u00a0<a href=\"http:\/\/bit.ly\/2dVNQop\" target=\"_blank\" rel=\"noopener noreferrer\">n\u00e3o possui uma ideologia coesa<\/a>\u00a0e consiste em membros de alas completamente diferentes do espectro pol\u00edtico. Em muitas das elei\u00e7\u00f5es recentes, o partido n\u00e3o apresentou seu pr\u00f3prio candidato a presidente, focando, ao inv\u00e9s disso, em ganhar espa\u00e7o nas disputas parlamentares. H\u00e1 muito tempo aliado do PT, o PMDB se separou da coaliz\u00e3o no poder em mar\u00e7o, em um movimento de suporte ao processo de\u00a0<a href=\"http:\/\/bit.ly\/1T3xbOp\" target=\"_blank\" rel=\"noopener noreferrer\">impeachment<\/a>\u00a0contra Dilma Rousseff. Quando Michel Temer tomou posse oficialmente em 31 de agosto, tornou-se o primeiro presidente pelo PMDB desde\u00a0<a href=\"http:\/\/bit.ly\/2dylfpN\" target=\"_blank\" rel=\"noopener noreferrer\">Jos\u00e9 Sarney<\/a>, que assumiu a presid\u00eancia do Brasil de 1985 a 1990, no per\u00edodo de transi\u00e7\u00e3o do pa\u00eds para a democracia. Nenhum dos dois foram eleitos democraticamente.<\/p>\n<p><a href=\"http:\/\/rioonwatch.org.br\/wp-content\/uploads\/2016\/10\/Michel-Temer.jpg\"><img loading=\"lazy\" decoding=\"async\" class=\"aligncenter wp-image-22751 size-content\" title=\"Temer se tornou o primeiro presidente do PMDB desde Jos\u00e9 Sarney, ao assumir o cargo em agosto.\" src=\"http:\/\/rioonwatch.org.br\/wp-content\/uploads\/2016\/10\/Michel-Temer-620x264.jpg\" alt=\"michel-temer\" width=\"620\" height=\"264\" srcset=\"https:\/\/rioonwatch.org.br\/wp-content\/uploads\/2016\/10\/Michel-Temer-620x264.jpg 620w, https:\/\/rioonwatch.org.br\/wp-content\/uploads\/2016\/10\/Michel-Temer-940x400.jpg 940w\" sizes=\"(max-width: 620px) 100vw, 620px\" \/><\/a><\/p>\n<p><a href=\"http:\/\/bit.ly\/2dw1djA\" target=\"_blank\" rel=\"noopener noreferrer\"><strong>PSDB<\/strong><\/a>:\u00a0Apesar de ser visto como um rival direto do PT, o\u00a0<a href=\"http:\/\/bit.ly\/2cTsjOZ\">Partido da Social Democracia Brasileira<\/a>\u00a0(PSDB) ascendeu de um movimento de oposi\u00e7\u00e3o similar, esquerdista e anti-ditadura, na metade da d\u00e9cada de 1980. Na \u00e9poca, enquanto os socialistas democratas se juntaram ao PT, os social democratas fundaram o PSDB. Dito isso, o partido nunca se afiliou a institui\u00e7\u00f5es sociais democratas internacionais ou a sindicatos, como os demais partidos de mesma ideologia em outros pa\u00edses tendem a fazer. Hoje, \u00e9 o terceiro maior partido no congresso e representou a presid\u00eancia por oito anos imediatamente antes do PT atrav\u00e9s do soci\u00f3logo\u00a0<a href=\"http:\/\/bit.ly\/2cVu5Qs\" target=\"_blank\" rel=\"noopener noreferrer\">Fernando Henrique Cardoso<\/a>, de 1995 a 2003. Fernando Henrique foi tanto associado ao in\u00edcio da reforma agr\u00e1ria, os\u00a0direitos humanos, e\u00a0pol\u00edticas de redu\u00e7\u00e3o da desigualdade, quanto com o\u00a0aumento das privatiza\u00e7\u00f5es e \u00e0 venda de capital p\u00fablico. Desde ent\u00e3o, o partido se desviou para a direita e est\u00e1 entre aqueles <a href=\"http:\/\/bit.ly\/2dw1djA\" target=\"_blank\" rel=\"noopener noreferrer\">mais acusados de corrup\u00e7\u00e3o<\/a>.<\/p>\n<p><a href=\"http:\/\/bit.ly\/2dW2nEp\" target=\"_blank\" rel=\"noopener noreferrer\"><strong>PP<\/strong><\/a>:\u00a0Fundado em 1995, o\u00a0<a href=\"http:\/\/bit.ly\/2cCRszu\">Partido Progressista<\/a>\u00a0(PP) \u00e9, na realidade, um dos mais conservadores. Com a posse de 47 lugares na c\u00e2mara de deputados e de seis no senado, \u00e9 o quarto maior partido do pa\u00eds. O PP adota uma doutrina econ\u00f4mica neoliberal e certas fac\u00e7\u00f5es apoiam movimentos populistas. Alguns de seus membros mais proeminentes s\u00e3o figuras altamente controversas que enfrentam acusa\u00e7\u00f5es de corrup\u00e7\u00e3o, como Paulo Maluf, governador de longa data de S\u00e3o Paulo, e o congressista de direita Jair Bolsonaro. Apesar de tudo, o partido esteve alinhado por anos ao Partido dos Trabalhadores de Lula na maior parte das quest\u00f5es n\u00e3o econ\u00f4micas, por\u00e9m, recentemente, dele se separou para apoiar o processo de impeachment deste ano.<\/p>\n<p><a href=\"http:\/\/bit.ly\/2dBXAEw\" target=\"_blank\" rel=\"noopener noreferrer\"><strong>PDT<\/strong><\/a>: O <a href=\"http:\/\/bit.ly\/2cTsjyI\">Partido Democr\u00e1tico Trabalhista<\/a>\u00a0(PDT) foi fundado em junho de 1979 por\u00a0<a href=\"http:\/\/bit.ly\/2dPHafH\" target=\"_blank\" rel=\"noopener noreferrer\">Leonel Brizola<\/a>&#8211;eleito duas vezes como governador do Rio e associado a pol\u00edticas pr\u00f3-favela&#8211;e membros do partido trabalhista, descendente do Partido Trabalhista Brasileiro (PTB), fundado por Get\u00falio Vargas e banido no Golpe Militar de 1964. No entanto, uma t\u00e1tica legal da ditadura concedeu as tradicionais iniciais do grupo a um outro grupo de pol\u00edticos conservadores, alinhados \u00e0s classes dominantes. Desde ent\u00e3o, o partido deu in\u00edcio a um novo cap\u00edtulo, adotando as iniciais PDT. O PDT foi o primeiro partido de Dilma Rousseff, antes de ela se juntar ao PT.<\/p>\n<h3><strong>Eventos recentes<\/strong><\/h3>\n<p>As coaliz\u00f5es entre partidos s\u00e3o vitais para a democracia brasileira. Antes de tomar qualquer decis\u00e3o, o presidente deve, em primeiro lugar, buscar a aprova\u00e7\u00e3o do Congresso, que abriga representantes de quase todos os 35 partidos. E a maneira mais eficiente de o\/a presidente aprovar qualquer nova legisla\u00e7\u00e3o \u00e9, portanto, que os partidos formem coaliz\u00f5es.<\/p>\n<p>Lula concedeu ao PMDB o controle sobre os Minist\u00e9rios das Comunica\u00e7\u00f5es, das Minas e Energia e da Previd\u00eancia Social em 2004, como parte dos acordos de coaliz\u00e3o. No entanto, em sua reelei\u00e7\u00e3o em 2006, ele n\u00e3o reintegrou esses minist\u00e9rios, deixando o PMDB com apenas seis deles. Embora lutas menores pelo poder tenham continuado, a coaliz\u00e3o entre o PT e o PMDB permaneceu civil at\u00e9 a reelei\u00e7\u00e3o de Dilma Rousseff, em 2014. Apesar do PMDB ter anunciado seu apoio ao PT, 40,8% de seus representantes votaram contra a reelei\u00e7\u00e3o da presidente porque n\u00e3o consideravam que sua administra\u00e7\u00e3o dava aten\u00e7\u00e3o a eles.<\/p>\n<p>Lutas pelo poder e por representa\u00e7\u00e3o continuam desde ent\u00e3o, transformando a crescente avers\u00e3o entre os partidos na sua separa\u00e7\u00e3o total. Mas o PMDB ganhou representa\u00e7\u00e3o in\u00e9dita na forma de\u00a0<a href=\"http:\/\/bit.ly\/2dObgeP\" target=\"_blank\" rel=\"noopener noreferrer\">Eduardo Cunha<\/a>, Presidente da C\u00e2mara dos Deputados e incentivador do impeachment de Dilma Rousseff. Com Eduardo Cunha liderando as acusa\u00e7\u00f5es, o\u00a0<a href=\"http:\/\/glo.bo\/2cOecIO\">PMDB suspendeu seu apoio<\/a>\u00a0ao PT em mar\u00e7o de 2016. Os senadores do PSDB j\u00e1 tinham se pronunciado sobre <a href=\"http:\/\/bit.ly\/2cW28HD\">\u201ctrabalhar junto\u201d com o PMDB<\/a>, e o\u00a0<a href=\"http:\/\/bit.ly\/2cW1Z79\">PP seguiu o exemplo<\/a>, anunciando que n\u00e3o estava mais alinhado ao PT, em abril de 2016. Eduardo Cunha, no entanto, foi <a href=\"http:\/\/bit.ly\/2cjDaNW\">e<\/a><a href=\"http:\/\/bit.ly\/2dynd9A\" target=\"_blank\" rel=\"noopener noreferrer\">xpulso de seu cargo no in\u00edcio de setembro<\/a>, sob acusa\u00e7\u00f5es de corrup\u00e7\u00e3o.<\/p>\n<p><a href=\"http:\/\/rioonwatch.org.br\/wp-content\/uploads\/2016\/10\/foratemerprotest.jpg\"><img loading=\"lazy\" decoding=\"async\" class=\"aligncenter wp-image-22752 size-content\" title=\"Manifestantes protestam contra o impeachment de Dilma Rousseff do PT, em agosto de 2016.\" src=\"http:\/\/rioonwatch.org.br\/wp-content\/uploads\/2016\/10\/foratemerprotest-620x264.jpg\" alt=\"foratemerprotest\" width=\"620\" height=\"264\" srcset=\"https:\/\/rioonwatch.org.br\/wp-content\/uploads\/2016\/10\/foratemerprotest-620x264.jpg 620w, https:\/\/rioonwatch.org.br\/wp-content\/uploads\/2016\/10\/foratemerprotest-940x400.jpg 940w\" sizes=\"(max-width: 620px) 100vw, 620px\" \/><\/a><\/p>\n<h3><strong>Qu\u00e3o influentes s\u00e3o os protagonistas dos grandes partidos de Bras\u00edlia nas elei\u00e7\u00f5es municipais do Rio em 2016?<\/strong><\/h3>\n<p>Dentre os partidos dos\u00a0<a href=\"http:\/\/bit.ly\/2doFvNS\" target=\"_blank\" rel=\"noopener noreferrer\">11 candidatos que estavam concorrendo ao cobi\u00e7ado lugar de prefeito do Rio de Janeiro<\/a>\u00a0no primeiro turno das\u00a0<a href=\"http:\/\/bit.ly\/2dfACU9\" target=\"_blank\" rel=\"noopener noreferrer\">elei\u00e7\u00f5es no dia 2 de outubro<\/a>, os \u00fanicos dos partidos mais influentes representados foram o PMDB e o PSDB. A posi\u00e7\u00e3o \u00e9 atualmente ocupada por <a href=\"http:\/\/bit.ly\/1k4eA6c\" target=\"_blank\" rel=\"noopener noreferrer\">Eduardo Paes<\/a>\u00a0do PMDB, prefeito do Rio desde 2009, cuja carreira pol\u00edtica incluiu mudan\u00e7as entre o PMDB, o PSDB e o\u00a0<a href=\"http:\/\/bit.ly\/2dOcpD9\" target=\"_blank\" rel=\"noopener noreferrer\">Partido da Frente Liberal<\/a>\u00a0(PFL), de direita.O sucessor escolhido por Eduardo Paes foi\u00a0<a href=\"http:\/\/bit.ly\/2dAknQP\" target=\"_blank\" rel=\"noopener noreferrer\">Pedro Paulo Teixeira Carvalho<\/a>\u00a0do PMDB, e o prefeito <a href=\"http:\/\/glo.bo\/2cm10NS\">realizou um trabalho significativo<\/a>\u00a0para fazer com que outros partidos e candidatos em potencial tamb\u00e9m o apoiassem.\u00a0<a href=\"http:\/\/bit.ly\/2cR2rjH\" target=\"_blank\" rel=\"noopener noreferrer\">Carlos Os\u00f3rio<\/a>\u00a0que concorreu pelo PSDB, tamb\u00e9m trabalhou na administra\u00e7\u00e3o de Eduardo Paes como Secret\u00e1rio dos Transportes, e tinha prometido lealdade ao PMDB at\u00e9 fevereiro de 2016, quando <a href=\"http:\/\/glo.bo\/2cm140g\">se mudou para o PSDB<\/a>\u00a0a fim de concorrer ao cargo de prefeito. No entanto, ambos tiveram baixa popularidade nas elei\u00e7\u00f5es deste ano, e n\u00e3o foram eleitos j\u00e1 no 1o turno. Pedro Paulo teve o <a href=\"http:\/\/glo.bo\/2cWHsjI\" target=\"_blank\" rel=\"noopener noreferrer\">percentual de<\/a> 12% dos votos e Carlos Os\u00f3rio 8,62%.<\/p>\n<p>O candidato mais popular no primeiro turno da disputa para prefeito foi\u00a0<a href=\"http:\/\/bit.ly\/2cIlnDw\" target=\"_blank\" rel=\"noopener noreferrer\">Marcelo Crivella<\/a>\u00a0do\u00a0<a href=\"http:\/\/bit.ly\/2dOeuz0\" target=\"_blank\" rel=\"noopener noreferrer\">Partido Republicano Brasileiro<\/a>\u00a0(PRB), um partido que existe, essencialmente, como base para os bispos da Igreja Universal do Reino de Deus concorrerem ao cargo.\u00a0Marcelo Crivella foi para o <a href=\"http:\/\/bit.ly\/2dyq2Yp\" target=\"_blank\" rel=\"noopener noreferrer\">segundo turno da disputa eleitoral com 27,78% dos votos<\/a> e ir\u00e1 concorrer com o segundo candidato mais popular, <a href=\"http:\/\/bit.ly\/2dprNch\">Marcelo Freixo<\/a>\u00a0que <a href=\"http:\/\/bit.ly\/2dyq2Yp\" target=\"_blank\" rel=\"noopener noreferrer\">recebeu 18,26% dos votos no primeiro turno<\/a>. <a href=\"http:\/\/bit.ly\/2cGt79l\" target=\"_blank\" rel=\"noopener noreferrer\">Marcelo Freixo<\/a> \u00e9 o representante\u00a0do esquerdista\u00a0<a href=\"http:\/\/bit.ly\/2dihi6R\" target=\"_blank\" rel=\"noopener noreferrer\">Partido Socialismo e Liberdade<\/a>\u00a0(PSOL), formado por membros expulsos do PT e outros que dele sa\u00edram por escolha, j\u00e1 que o partido formou alian\u00e7as com pol\u00eamicos pol\u00edticos de direita. O PSOL \u00e9 o \u00fanico partido presente no Congresso que n\u00e3o recebe dinheiro de grandes corpora\u00e7\u00f5es, e foi o primeiro a tornar-se um partido atrav\u00e9s de uma campanha massiva de assinaturas. Tamb\u00e9m foi <a href=\"http:\/\/glo.bo\/2daxxCS\" target=\"_blank\" rel=\"noopener noreferrer\">reconhecido essa semana<\/a> como a melhor bancada\u00a0por jornalistas cobrindo Bras\u00edlia.<\/p>\n<p>Desde a d\u00e9cada de 80, a lideran\u00e7a do Rio se divide entre o PMDB, o PDT e o PFL, com exce\u00e7\u00e3o de uma breve passagem pelas m\u00e3os do\u00a0<a href=\"http:\/\/bit.ly\/2dyE50i\" target=\"_blank\" rel=\"noopener noreferrer\">Democratas<\/a>\u00a0(DEM), o principal partido de direita brasileiro, quando\u00a0<a href=\"http:\/\/bit.ly\/24hi4JA\" target=\"_blank\" rel=\"noopener noreferrer\">C\u00e9sar Maia<\/a>\u00a0nele ingressou ao sair do PFL, em 2007.<\/p>\n<h3><strong>Prospectivas<\/strong><\/h3>\n<p>N\u00e3o parece que o sistema multipartid\u00e1rio brasileiro ir\u00e1 passar por uma consolida\u00e7\u00e3o significante t\u00e3o cedo. Ao contr\u00e1rio, mais 12 partidos, de todas as alas do espectro pol\u00edtico, est\u00e3o atualmente em processo de reconhecimento pelo Tribunal Superior Eleitoral. Entre eles, \u00e9 not\u00e1vel a\u00a0<a href=\"http:\/\/bit.ly\/2d9YMPL\">Frente Favela Brasil<\/a>\u00a0(FFB), organizada para lan\u00e7ar <a href=\"http:\/\/bit.ly\/2dmYcjI\">candidatos das favelas<\/a>\u00a0a cargos pol\u00edticos.<\/p>\n<p>Com Temer e o PMDB ascendendo ao cargo de presidente apesar de nunca terem conquistado os votos do eleitorado, \u00e9 prov\u00e1vel que o povo brasileiro n\u00e3o ter\u00e1 a oportunidade de fazer valer sua voz at\u00e9 as pr\u00f3ximas elei\u00e7\u00f5es, em outubro de 2018.<\/p>\n<!-- AddThis Advanced Settings generic via filter on the_content --><!-- AddThis Share Buttons generic via filter on the_content -->","protected":false},"excerpt":{"rendered":"<div class=\"mh-excerpt\"><p>Click Here for English Ao acompanhar as not\u00edcias deste ano sobre o alvoro\u00e7o pol\u00edtico em Bras\u00edlia, muitos observadores internacionais tiveram dificuldades em se orientar dentro de um confuso oceano de siglas. Isso se deve ao <a class=\"mh-excerpt-more\" href=\"https:\/\/rioonwatch.org.br\/?p=22741\" title=\"Desvelando a Rede Brasileira de Partidos Pol\u00edticos [REFER\u00caNCIA]\">[&#8230;]<\/a><!-- AddThis Advanced Settings generic via filter on get_the_excerpt --><!-- AddThis Share Buttons generic via filter on get_the_excerpt --><\/p>\n<\/div>","protected":false},"author":129,"featured_media":22748,"comment_status":"closed","ping_status":"closed","sticky":false,"template":"","format":"standard","meta":{"_acf_changed":false,"_monsterinsights_skip_tracking":false,"_monsterinsights_sitenote_active":false,"_monsterinsights_sitenote_note":"","_monsterinsights_sitenote_category":0,"footnotes":""},"categories":[1618,1621,1632,1631,1626,344],"tags":[1927,622,1226,310,479,474,1163,1023,1730,484,1975,457,1162,1837,1601,1841,1982,483,1637,1833,1729,1839,1033,1986,1988,1989,1840,2276,305],"writer":[1797,1946,2006],"translator":[1973],"source":[],"ilustrador":[],"fotografo":[],"class_list":{"0":"post-22741","1":"post","2":"type-post","3":"status-publish","4":"format-standard","5":"has-post-thumbnail","7":"category-olhonaparticipacao","8":"category-destaque","9":"category-pesquisa-e-analise","10":"category-entendendo-o-rio","11":"category-por-observadores-internacionais","12":"category-politicas","13":"tag-carlos-osorio","14":"tag-cesar-maia","15":"tag-constituicao","16":"tag-corrupcao","17":"tag-democracia","18":"tag-democracia-participativa","19":"tag-presidente-dilma-rousseff","20":"tag-ditadura-militar","21":"tag-eduardo-cunha","22":"tag-prefeito-eduardo-paes","23":"tag-eleicao-municipal-2016","24":"tag-eleicoes","25":"tag-governo-federal","26":"tag-impeachment","27":"tag-leonel-brizola","28":"tag-lula","29":"tag-marcelo-crivella","30":"tag-marcelo-freixo","31":"tag-referencia","32":"tag-michel-temer","33":"tag-pedro-paulo-caravalho-teixeira","34":"tag-pmdb","35":"tag-politica","36":"tag-prb","37":"tag-psdb","38":"tag-psol","39":"tag-pt","40":"tag-rede-sustentabilidade","41":"tag-transparencia","42":"writer-ciara-long","43":"writer-eli-nemzer","44":"writer-rodrigo-arantes","45":"translator-luciana-lisbao"},"acf":[],"yoast_head":"<!-- This site is optimized with the Yoast SEO plugin v25.6 - https:\/\/yoast.com\/wordpress\/plugins\/seo\/ -->\n<title>Desvelando a Rede Brasileira de Partidos Pol\u00edticos [REFER\u00caNCIA] - RioOnWatch<\/title>\n<meta name=\"robots\" content=\"index, follow, max-snippet:-1, max-image-preview:large, max-video-preview:-1\" \/>\n<link rel=\"canonical\" href=\"https:\/\/rioonwatch.org.br\/?p=22741\" \/>\n<meta property=\"og:locale\" content=\"pt_BR\" \/>\n<meta property=\"og:type\" content=\"article\" \/>\n<meta property=\"og:title\" content=\"Desvelando a Rede Brasileira de Partidos Pol\u00edticos [REFER\u00caNCIA] - RioOnWatch\" \/>\n<meta property=\"og:description\" content=\"Click Here for English Ao acompanhar as not\u00edcias deste ano sobre o alvoro\u00e7o pol\u00edtico em Bras\u00edlia, muitos observadores internacionais tiveram dificuldades em se orientar dentro de um confuso oceano de siglas. Isso se deve ao [...]\" \/>\n<meta property=\"og:url\" content=\"https:\/\/rioonwatch.org.br\/?p=22741\" \/>\n<meta property=\"og:site_name\" content=\"RioOnWatch\" \/>\n<meta property=\"article:published_time\" content=\"2016-10-07T11:45:25+00:00\" \/>\n<meta property=\"article:modified_time\" content=\"2020-06-29T14:04:36+00:00\" \/>\n<meta property=\"og:image\" content=\"https:\/\/rioonwatch.org.br\/wp-content\/uploads\/2016\/10\/JR_senado-sessao-deliberativa-ordinaria_06032015016-scaled.jpg\" \/>\n\t<meta property=\"og:image:width\" content=\"2560\" \/>\n\t<meta property=\"og:image:height\" content=\"1705\" \/>\n\t<meta property=\"og:image:type\" content=\"image\/jpeg\" \/>\n<meta name=\"author\" content=\"Admin\" \/>\n<meta name=\"twitter:card\" content=\"summary_large_image\" \/>\n<meta name=\"twitter:label1\" content=\"Escrito por\" \/>\n\t<meta name=\"twitter:data1\" content=\"Admin\" \/>\n\t<meta name=\"twitter:label2\" content=\"Est. tempo de leitura\" \/>\n\t<meta name=\"twitter:data2\" content=\"11 minutos\" \/>\n<script type=\"application\/ld+json\" class=\"yoast-schema-graph\">{\"@context\":\"https:\/\/schema.org\",\"@graph\":[{\"@type\":\"Article\",\"@id\":\"https:\/\/rioonwatch.org.br\/?p=22741#article\",\"isPartOf\":{\"@id\":\"https:\/\/rioonwatch.org.br\/?p=22741\"},\"author\":{\"name\":\"Admin\",\"@id\":\"https:\/\/rioonwatch.org.br\/#\/schema\/person\/11d64c290506f9df50c71b850c473f68\"},\"headline\":\"Desvelando a Rede Brasileira de Partidos Pol\u00edticos [REFER\u00caNCIA]\",\"datePublished\":\"2016-10-07T11:45:25+00:00\",\"dateModified\":\"2020-06-29T14:04:36+00:00\",\"mainEntityOfPage\":{\"@id\":\"https:\/\/rioonwatch.org.br\/?p=22741\"},\"wordCount\":2196,\"publisher\":{\"@id\":\"https:\/\/rioonwatch.org.br\/#organization\"},\"image\":{\"@id\":\"https:\/\/rioonwatch.org.br\/?p=22741#primaryimage\"},\"thumbnailUrl\":\"https:\/\/rioonwatch.org.br\/wp-content\/uploads\/2016\/10\/JR_senado-sessao-deliberativa-ordinaria_06032015016-scaled.jpg\",\"keywords\":[\"Carlos Os\u00f3rio\",\"C\u00e9sar Maia\",\"constitui\u00e7\u00e3o\",\"corrup\u00e7\u00e3o\",\"Democracia\",\"democracia participativa\",\"Dilma Rousseff\",\"Ditadura Militar\",\"Eduardo Cunha\",\"Eduardo Paes\",\"elei\u00e7\u00e3o municipal 2016\",\"Elei\u00e7\u00f5es\",\"Governo Federal\",\"impeachment\",\"Leonel Brizola\",\"Lula\",\"Marcelo Crivella\",\"Marcelo Freixo\",\"Mat\u00e9rias de Refer\u00eancia\",\"Michel Temer\",\"Pedro Paulo Caravalho Teixeira\",\"PMDB\",\"pol\u00edtica\",\"PRB\",\"PSDB\",\"PSOL\",\"PT\",\"Rede Sustentabilidade\",\"transpar\u00eancia\"],\"articleSection\":[\"#OlhoNaParticipa\u00e7\u00e3o\",\"*Destaque\",\"Dados e Pesquisa\",\"Entendendo o Rio\",\"Escrito por Aliados\",\"Pol\u00edticas\"],\"inLanguage\":\"pt-BR\"},{\"@type\":\"WebPage\",\"@id\":\"https:\/\/rioonwatch.org.br\/?p=22741\",\"url\":\"https:\/\/rioonwatch.org.br\/?p=22741\",\"name\":\"Desvelando a Rede Brasileira de Partidos Pol\u00edticos [REFER\u00caNCIA] - RioOnWatch\",\"isPartOf\":{\"@id\":\"https:\/\/rioonwatch.org.br\/#website\"},\"primaryImageOfPage\":{\"@id\":\"https:\/\/rioonwatch.org.br\/?p=22741#primaryimage\"},\"image\":{\"@id\":\"https:\/\/rioonwatch.org.br\/?p=22741#primaryimage\"},\"thumbnailUrl\":\"https:\/\/rioonwatch.org.br\/wp-content\/uploads\/2016\/10\/JR_senado-sessao-deliberativa-ordinaria_06032015016-scaled.jpg\",\"datePublished\":\"2016-10-07T11:45:25+00:00\",\"dateModified\":\"2020-06-29T14:04:36+00:00\",\"breadcrumb\":{\"@id\":\"https:\/\/rioonwatch.org.br\/?p=22741#breadcrumb\"},\"inLanguage\":\"pt-BR\",\"potentialAction\":[{\"@type\":\"ReadAction\",\"target\":[\"https:\/\/rioonwatch.org.br\/?p=22741\"]}]},{\"@type\":\"ImageObject\",\"inLanguage\":\"pt-BR\",\"@id\":\"https:\/\/rioonwatch.org.br\/?p=22741#primaryimage\",\"url\":\"https:\/\/rioonwatch.org.br\/wp-content\/uploads\/2016\/10\/JR_senado-sessao-deliberativa-ordinaria_06032015016-scaled.jpg\",\"contentUrl\":\"https:\/\/rioonwatch.org.br\/wp-content\/uploads\/2016\/10\/JR_senado-sessao-deliberativa-ordinaria_06032015016-scaled.jpg\",\"width\":2560,\"height\":1705},{\"@type\":\"BreadcrumbList\",\"@id\":\"https:\/\/rioonwatch.org.br\/?p=22741#breadcrumb\",\"itemListElement\":[{\"@type\":\"ListItem\",\"position\":1,\"name\":\"In\u00edcio\",\"item\":\"https:\/\/rioonwatch.org.br\/\"},{\"@type\":\"ListItem\",\"position\":2,\"name\":\"Desvelando a Rede Brasileira de Partidos Pol\u00edticos [REFER\u00caNCIA]\"}]},{\"@type\":\"WebSite\",\"@id\":\"https:\/\/rioonwatch.org.br\/#website\",\"url\":\"https:\/\/rioonwatch.org.br\/\",\"name\":\"RioOnWatch\",\"description\":\"relatos das favelas cariocas\",\"publisher\":{\"@id\":\"https:\/\/rioonwatch.org.br\/#organization\"},\"potentialAction\":[{\"@type\":\"SearchAction\",\"target\":{\"@type\":\"EntryPoint\",\"urlTemplate\":\"https:\/\/rioonwatch.org.br\/?s={search_term_string}\"},\"query-input\":{\"@type\":\"PropertyValueSpecification\",\"valueRequired\":true,\"valueName\":\"search_term_string\"}}],\"inLanguage\":\"pt-BR\"},{\"@type\":\"Organization\",\"@id\":\"https:\/\/rioonwatch.org.br\/#organization\",\"name\":\"RioOnWatch\",\"url\":\"https:\/\/rioonwatch.org.br\/\",\"logo\":{\"@type\":\"ImageObject\",\"inLanguage\":\"pt-BR\",\"@id\":\"https:\/\/rioonwatch.org.br\/#\/schema\/logo\/image\/\",\"url\":\"https:\/\/rioonwatch.org.br\/wp-content\/uploads\/2021\/06\/RioOnWatchcabecalhoPT11anos-2.png\",\"contentUrl\":\"https:\/\/rioonwatch.org.br\/wp-content\/uploads\/2021\/06\/RioOnWatchcabecalhoPT11anos-2.png\",\"width\":779,\"height\":277,\"caption\":\"RioOnWatch\"},\"image\":{\"@id\":\"https:\/\/rioonwatch.org.br\/#\/schema\/logo\/image\/\"}},{\"@type\":\"Person\",\"@id\":\"https:\/\/rioonwatch.org.br\/#\/schema\/person\/11d64c290506f9df50c71b850c473f68\",\"name\":\"Admin\",\"image\":{\"@type\":\"ImageObject\",\"inLanguage\":\"pt-BR\",\"@id\":\"https:\/\/rioonwatch.org.br\/#\/schema\/person\/image\/\",\"url\":\"https:\/\/secure.gravatar.com\/avatar\/56211ac74568383903349a1485e3c325?s=96&d=blank&r=g\",\"contentUrl\":\"https:\/\/secure.gravatar.com\/avatar\/56211ac74568383903349a1485e3c325?s=96&d=blank&r=g\",\"caption\":\"Admin\"},\"url\":\"https:\/\/rioonwatch.org.br\/?author=129\"}]}<\/script>\n<!-- \/ Yoast SEO plugin. -->","yoast_head_json":{"title":"Desvelando a Rede Brasileira de Partidos Pol\u00edticos [REFER\u00caNCIA] - RioOnWatch","robots":{"index":"index","follow":"follow","max-snippet":"max-snippet:-1","max-image-preview":"max-image-preview:large","max-video-preview":"max-video-preview:-1"},"canonical":"https:\/\/rioonwatch.org.br\/?p=22741","og_locale":"pt_BR","og_type":"article","og_title":"Desvelando a Rede Brasileira de Partidos Pol\u00edticos [REFER\u00caNCIA] - RioOnWatch","og_description":"Click Here for English Ao acompanhar as not\u00edcias deste ano sobre o alvoro\u00e7o pol\u00edtico em Bras\u00edlia, muitos observadores internacionais tiveram dificuldades em se orientar dentro de um confuso oceano de siglas. Isso se deve ao [...]","og_url":"https:\/\/rioonwatch.org.br\/?p=22741","og_site_name":"RioOnWatch","article_published_time":"2016-10-07T11:45:25+00:00","article_modified_time":"2020-06-29T14:04:36+00:00","og_image":[{"width":2560,"height":1705,"url":"https:\/\/rioonwatch.org.br\/wp-content\/uploads\/2016\/10\/JR_senado-sessao-deliberativa-ordinaria_06032015016-scaled.jpg","type":"image\/jpeg"}],"author":"Admin","twitter_card":"summary_large_image","twitter_misc":{"Escrito por":"Admin","Est. tempo de leitura":"11 minutos"},"schema":{"@context":"https:\/\/schema.org","@graph":[{"@type":"Article","@id":"https:\/\/rioonwatch.org.br\/?p=22741#article","isPartOf":{"@id":"https:\/\/rioonwatch.org.br\/?p=22741"},"author":{"name":"Admin","@id":"https:\/\/rioonwatch.org.br\/#\/schema\/person\/11d64c290506f9df50c71b850c473f68"},"headline":"Desvelando a Rede Brasileira de Partidos Pol\u00edticos [REFER\u00caNCIA]","datePublished":"2016-10-07T11:45:25+00:00","dateModified":"2020-06-29T14:04:36+00:00","mainEntityOfPage":{"@id":"https:\/\/rioonwatch.org.br\/?p=22741"},"wordCount":2196,"publisher":{"@id":"https:\/\/rioonwatch.org.br\/#organization"},"image":{"@id":"https:\/\/rioonwatch.org.br\/?p=22741#primaryimage"},"thumbnailUrl":"https:\/\/rioonwatch.org.br\/wp-content\/uploads\/2016\/10\/JR_senado-sessao-deliberativa-ordinaria_06032015016-scaled.jpg","keywords":["Carlos Os\u00f3rio","C\u00e9sar Maia","constitui\u00e7\u00e3o","corrup\u00e7\u00e3o","Democracia","democracia participativa","Dilma Rousseff","Ditadura Militar","Eduardo Cunha","Eduardo Paes","elei\u00e7\u00e3o municipal 2016","Elei\u00e7\u00f5es","Governo Federal","impeachment","Leonel Brizola","Lula","Marcelo Crivella","Marcelo Freixo","Mat\u00e9rias de Refer\u00eancia","Michel Temer","Pedro Paulo Caravalho Teixeira","PMDB","pol\u00edtica","PRB","PSDB","PSOL","PT","Rede Sustentabilidade","transpar\u00eancia"],"articleSection":["#OlhoNaParticipa\u00e7\u00e3o","*Destaque","Dados e Pesquisa","Entendendo o Rio","Escrito por Aliados","Pol\u00edticas"],"inLanguage":"pt-BR"},{"@type":"WebPage","@id":"https:\/\/rioonwatch.org.br\/?p=22741","url":"https:\/\/rioonwatch.org.br\/?p=22741","name":"Desvelando a Rede Brasileira de Partidos Pol\u00edticos [REFER\u00caNCIA] - RioOnWatch","isPartOf":{"@id":"https:\/\/rioonwatch.org.br\/#website"},"primaryImageOfPage":{"@id":"https:\/\/rioonwatch.org.br\/?p=22741#primaryimage"},"image":{"@id":"https:\/\/rioonwatch.org.br\/?p=22741#primaryimage"},"thumbnailUrl":"https:\/\/rioonwatch.org.br\/wp-content\/uploads\/2016\/10\/JR_senado-sessao-deliberativa-ordinaria_06032015016-scaled.jpg","datePublished":"2016-10-07T11:45:25+00:00","dateModified":"2020-06-29T14:04:36+00:00","breadcrumb":{"@id":"https:\/\/rioonwatch.org.br\/?p=22741#breadcrumb"},"inLanguage":"pt-BR","potentialAction":[{"@type":"ReadAction","target":["https:\/\/rioonwatch.org.br\/?p=22741"]}]},{"@type":"ImageObject","inLanguage":"pt-BR","@id":"https:\/\/rioonwatch.org.br\/?p=22741#primaryimage","url":"https:\/\/rioonwatch.org.br\/wp-content\/uploads\/2016\/10\/JR_senado-sessao-deliberativa-ordinaria_06032015016-scaled.jpg","contentUrl":"https:\/\/rioonwatch.org.br\/wp-content\/uploads\/2016\/10\/JR_senado-sessao-deliberativa-ordinaria_06032015016-scaled.jpg","width":2560,"height":1705},{"@type":"BreadcrumbList","@id":"https:\/\/rioonwatch.org.br\/?p=22741#breadcrumb","itemListElement":[{"@type":"ListItem","position":1,"name":"In\u00edcio","item":"https:\/\/rioonwatch.org.br\/"},{"@type":"ListItem","position":2,"name":"Desvelando a Rede Brasileira de Partidos Pol\u00edticos [REFER\u00caNCIA]"}]},{"@type":"WebSite","@id":"https:\/\/rioonwatch.org.br\/#website","url":"https:\/\/rioonwatch.org.br\/","name":"RioOnWatch","description":"relatos das favelas cariocas","publisher":{"@id":"https:\/\/rioonwatch.org.br\/#organization"},"potentialAction":[{"@type":"SearchAction","target":{"@type":"EntryPoint","urlTemplate":"https:\/\/rioonwatch.org.br\/?s={search_term_string}"},"query-input":{"@type":"PropertyValueSpecification","valueRequired":true,"valueName":"search_term_string"}}],"inLanguage":"pt-BR"},{"@type":"Organization","@id":"https:\/\/rioonwatch.org.br\/#organization","name":"RioOnWatch","url":"https:\/\/rioonwatch.org.br\/","logo":{"@type":"ImageObject","inLanguage":"pt-BR","@id":"https:\/\/rioonwatch.org.br\/#\/schema\/logo\/image\/","url":"https:\/\/rioonwatch.org.br\/wp-content\/uploads\/2021\/06\/RioOnWatchcabecalhoPT11anos-2.png","contentUrl":"https:\/\/rioonwatch.org.br\/wp-content\/uploads\/2021\/06\/RioOnWatchcabecalhoPT11anos-2.png","width":779,"height":277,"caption":"RioOnWatch"},"image":{"@id":"https:\/\/rioonwatch.org.br\/#\/schema\/logo\/image\/"}},{"@type":"Person","@id":"https:\/\/rioonwatch.org.br\/#\/schema\/person\/11d64c290506f9df50c71b850c473f68","name":"Admin","image":{"@type":"ImageObject","inLanguage":"pt-BR","@id":"https:\/\/rioonwatch.org.br\/#\/schema\/person\/image\/","url":"https:\/\/secure.gravatar.com\/avatar\/56211ac74568383903349a1485e3c325?s=96&d=blank&r=g","contentUrl":"https:\/\/secure.gravatar.com\/avatar\/56211ac74568383903349a1485e3c325?s=96&d=blank&r=g","caption":"Admin"},"url":"https:\/\/rioonwatch.org.br\/?author=129"}]}},"_links":{"self":[{"href":"https:\/\/rioonwatch.org.br\/index.php?rest_route=\/wp\/v2\/posts\/22741"}],"collection":[{"href":"https:\/\/rioonwatch.org.br\/index.php?rest_route=\/wp\/v2\/posts"}],"about":[{"href":"https:\/\/rioonwatch.org.br\/index.php?rest_route=\/wp\/v2\/types\/post"}],"author":[{"embeddable":true,"href":"https:\/\/rioonwatch.org.br\/index.php?rest_route=\/wp\/v2\/users\/129"}],"replies":[{"embeddable":true,"href":"https:\/\/rioonwatch.org.br\/index.php?rest_route=%2Fwp%2Fv2%2Fcomments&post=22741"}],"version-history":[{"count":13,"href":"https:\/\/rioonwatch.org.br\/index.php?rest_route=\/wp\/v2\/posts\/22741\/revisions"}],"predecessor-version":[{"id":48475,"href":"https:\/\/rioonwatch.org.br\/index.php?rest_route=\/wp\/v2\/posts\/22741\/revisions\/48475"}],"wp:featuredmedia":[{"embeddable":true,"href":"https:\/\/rioonwatch.org.br\/index.php?rest_route=\/wp\/v2\/media\/22748"}],"wp:attachment":[{"href":"https:\/\/rioonwatch.org.br\/index.php?rest_route=%2Fwp%2Fv2%2Fmedia&parent=22741"}],"wp:term":[{"taxonomy":"category","embeddable":true,"href":"https:\/\/rioonwatch.org.br\/index.php?rest_route=%2Fwp%2Fv2%2Fcategories&post=22741"},{"taxonomy":"post_tag","embeddable":true,"href":"https:\/\/rioonwatch.org.br\/index.php?rest_route=%2Fwp%2Fv2%2Ftags&post=22741"},{"taxonomy":"writer","embeddable":true,"href":"https:\/\/rioonwatch.org.br\/index.php?rest_route=%2Fwp%2Fv2%2Fwriter&post=22741"},{"taxonomy":"translator","embeddable":true,"href":"https:\/\/rioonwatch.org.br\/index.php?rest_route=%2Fwp%2Fv2%2Ftranslator&post=22741"},{"taxonomy":"source","embeddable":true,"href":"https:\/\/rioonwatch.org.br\/index.php?rest_route=%2Fwp%2Fv2%2Fsource&post=22741"},{"taxonomy":"ilustrador","embeddable":true,"href":"https:\/\/rioonwatch.org.br\/index.php?rest_route=%2Fwp%2Fv2%2Filustrador&post=22741"},{"taxonomy":"fotografo","embeddable":true,"href":"https:\/\/rioonwatch.org.br\/index.php?rest_route=%2Fwp%2Fv2%2Ffotografo&post=22741"}],"curies":[{"name":"wp","href":"https:\/\/api.w.org\/{rel}","templated":true}]}}