{"id":22821,"date":"2016-10-13T07:55:58","date_gmt":"2016-10-13T10:55:58","guid":{"rendered":"http:\/\/rioonwatch.org.br\/?p=22821"},"modified":"2024-06-20T12:48:35","modified_gmt":"2024-06-20T15:48:35","slug":"desmascarando-os-mitos-vamos-falar-sobre-direitos-humanos","status":"publish","type":"post","link":"https:\/\/rioonwatch.org.br\/?p=22821","title":{"rendered":"Bandido Bom \u00c9&#8230;? T\u00e1 na Hora de Desmistificar os Direitos Humanos [REFER\u00caNCIA]"},"content":{"rendered":"<p style=\"text-align: right;\"><em><strong><a href=\"http:\/\/bit.ly\/2ezhkIz\" target=\"_blank\" rel=\"noopener\">Click Here for English<img decoding=\"async\" width=\"20\" height=\"20\" class=\"alignright wp-image-15790\" src=\"http:\/\/rioonwatch.org.br\/wp-content\/uploads\/2012\/08\/EN-standard-e1439583104716.jpg\" alt=\"\" \/><\/a><\/strong><\/em><\/p>\n<h4>Os <a href=\"http:\/\/bit.ly\/1iqdzi3\" target=\"_blank\" rel=\"noopener\">direitos humanos<\/a> s\u00e3o direitos civis, pol\u00edticos, sociais, econ\u00f4micos e culturais universais, indivis\u00edveis e inalien\u00e1veis. Isso quer dizer, de forma simplificada, que s\u00e3o v\u00e1lidos para todos, que sob nenhuma circunst\u00e2ncia podem uns ser respeitados, mas outros n\u00e3o, e que ningu\u00e9m pode perd\u00ea-los, independente do que tenha feito ou venha a fazer.<\/h4>\n<p>A <a href=\"http:\/\/bit.ly\/2e7F1Lg\" target=\"_blank\" rel=\"noopener\">Constitui\u00e7\u00e3o Brasileira<\/a> garante a igualdade \u201cperante a lei, sem distin\u00e7\u00e3o de qualquer natureza, garantindo-se aos brasileiros e aos estrangeiros residentes no Pa\u00eds a inviolabilidade do direito \u00e0 vida, \u00e0 liberdade, \u00e0 igualdade, \u00e0 seguran\u00e7a e \u00e0 propriedade\u201d (Art. 5\u00b0). Al\u00e9m disso, garante que \u201cningu\u00e9m ser\u00e1 submetido a tortura nem a tratamento desumano ou degradante\u201d (Art. 5\u00ba, III) e que \u201cningu\u00e9m ser\u00e1 processado nem sentenciado sen\u00e3o pela autoridade competente\u201d (Art. 5\u00ba, LIII) e assegura \u201caos presos o respeito \u00e0 integridade f\u00edsica e moral\u201d (Art. 5\u00ba, XLIX), dentre outros. <a href=\"http:\/\/bit.ly\/2dGO8Bm\" target=\"_blank\" rel=\"noopener\">Apesar de possuir um sistema de leis dos mais robustos para a prote\u00e7\u00e3o desses direitos, na pr\u00e1tica \u00e9 um estado que as viola sistematicamente<\/a>.<\/p>\n<p>Al\u00e9m de um estado violador, o Brasil tamb\u00e9m testemunha um movimento recente de uma parcela da popula\u00e7\u00e3o brasileira na dire\u00e7\u00e3o de recha\u00e7ar o conceito de direitos humanos como sendo uma bandeira da esquerda para proteger criminosos. Esses costumam insistir na m\u00e1xima \u201cdireitos humanos para humanos direitos\u201d, como se os direitos n\u00e3o fossem universais, mas <a href=\"http:\/\/bit.ly\/2e2SW2d\" target=\"_blank\" rel=\"noopener\">conquistados a partir de merecimento<\/a> e boa conduta. Muitos inclusive gostam de rebater aqueles que se posicionam contra viola\u00e7\u00f5es de direitos humanos com o lema \u201c&#8217;t\u00e1 com pena, leva para casa\u201d ou, em outra varia\u00e7\u00e3o, \u201cAdote um bandido\u201d. No limite, alguns ainda prop\u00f5em que \u201cbandido bom \u00e9 bandido morto\u201d.<\/p>\n<p><strong><img fetchpriority=\"high\" decoding=\"async\" class=\"aligncenter size-full wp-image-22825\" src=\"http:\/\/rioonwatch.org.br\/wp-content\/uploads\/2016\/10\/dh2.png\" alt=\"Bandido bom \u00e9 bandido morto\" width=\"998\" height=\"453\" srcset=\"https:\/\/rioonwatch.org.br\/wp-content\/uploads\/2016\/10\/dh2.png 998w, https:\/\/rioonwatch.org.br\/wp-content\/uploads\/2016\/10\/dh2-582x264.png 582w, https:\/\/rioonwatch.org.br\/wp-content\/uploads\/2016\/10\/dh2-620x281.png 620w, https:\/\/rioonwatch.org.br\/wp-content\/uploads\/2016\/10\/dh2-768x349.png 768w\" sizes=\"(max-width: 998px) 100vw, 998px\" \/><\/strong><\/p>\n<p>Fora do Brasil, em democracias consolidadas, os direitos humanos s\u00e3o frequentemente vistos como base fundamental do progresso e da pr\u00f3pria <a href=\"http:\/\/bit.ly\/1WLfndF\" target=\"_blank\" rel=\"noopener\">democracia<\/a>, de forma que tais mal-entendidos s\u00e3o menos comuns. A seguir, desconstruimos cinco\u00a0desses mitos:<\/p>\n<h3><strong>Mito 1: Direitos humanos s\u00e3o para bandidos<\/strong><\/h3>\n<p>Os direitos humanos garantem para aqueles considerados criminosos, assim como para qualquer pessoa, direitos como a presun\u00e7\u00e3o da inoc\u00eancia, direito a um julgamento, direito \u00e0 integridade f\u00edsica. Eles n\u00e3o garantem tratamento especial, liberdade incondicional ou privil\u00e9gios. Se o \u201cpessoal dos direitos humanos\u201d interv\u00e9m para garantir os direitos humanos de um criminoso, n\u00e3o \u00e9 porque ele est\u00e1 correto ou merece mais, \u00e9 porque ele est\u00e1 em uma posi\u00e7\u00e3o de vulnerabilidade, na qual buscam relativizar os seus direitos garantidos por lei.<\/p>\n<p>Ao recha\u00e7armos os direitos humanos, n\u00e3o estamos defendendo a puni\u00e7\u00e3o devida pelo crime, mas a retribui\u00e7\u00e3o em igual moeda. E se retribu\u00edmos em igual moeda, o que nos diferencia do criminoso? Como pode ser a viol\u00eancia um meio de gerar ordem? E como podemos condenar\u00a0um criminoso infringindo a pr\u00f3pria lei? Se opor aos direitos humanos \u00e9 se opor \u00e0 lei; violar os direitos humanos \u00e9 violar a lei.<\/p>\n<p><img decoding=\"async\" class=\"aligncenter size-full wp-image-22840\" src=\"http:\/\/rioonwatch.org.br\/wp-content\/uploads\/2016\/10\/DH1-1.jpg\" alt=\"Bandido bom \u00e9 bandido morto\" width=\"492\" height=\"108\" \/>Quando relativizamos um direito de um cidad\u00e3o espec\u00edfico, estamos enfraquecendo a pr\u00f3pria institui\u00e7\u00e3o e abrindo precedente para que esse direito seja desrespeitado novamente no futuro, inclusive no caso de qualquer um de n\u00f3s. \u00c9 preciso superar a suposta oposi\u00e7\u00e3o entre pol\u00edcia e direitos humanos, a vis\u00e3o de que os direitos s\u00e3o um entrave \u00e0 justi\u00e7a e ao combate \u00e0 criminalidade. A pol\u00edcia tem o dever de proteger os cidad\u00e3os&#8211;e essa prote\u00e7\u00e3o n\u00e3o pode ser seletiva, nem pode ser s\u00f3 negativa, na forma da prote\u00e7\u00e3o contra a viol\u00eancia, mas deve ser positiva, na forma de promo\u00e7\u00e3o de direitos.<\/p>\n<p>E se essa prote\u00e7\u00e3o pudesse, de fato, ser seletiva, quem definiria a quem ela se estenderia e a quem n\u00e3o? Quem poderia definir qual bandido teria seus direitos violados e qual n\u00e3o teria? Como deixar institui\u00e7\u00f5es <a href=\"http:\/\/bit.ly\/1bLEXdB\" target=\"_blank\" rel=\"noopener\">calcadas no preconceito<\/a> que <a href=\"http:\/\/bit.ly\/1fGmPzz\" target=\"_blank\" rel=\"noopener\">vitimam mais jovens negros e pobres<\/a> do que quaisquer outros, como a policial, definir quem \u00e9 o \u201ccidad\u00e3o de bem\u201d? E qual \u00e9 o limite de ilegalidade <a href=\"http:\/\/bit.ly\/2e6P7xf\" target=\"_blank\" rel=\"noopener\">que separa o \u201ccidad\u00e3o de bem\u201d e o criminoso<\/a>?<\/p>\n<p>N\u00e3o podemos partir do princ\u00edpio de que h\u00e1 um lado essencialmente mau e o outro essencialmente bom. De que uns crimes s\u00e3o mais aceit\u00e1veis que outros. De que os &#8220;cidad\u00e3os de bem&#8221; <a href=\"http:\/\/bit.ly\/2e2SW2d\" target=\"_blank\" rel=\"noopener\">merecem mais porque s\u00e3o trabalhadores, pagam impostos<\/a>, acordam cedo. Cabe somente \u00e0 justi\u00e7a julgar seus crimes, com base em uma constitui\u00e7\u00e3o que garante igualdade perante a lei e direitos humanos universais.<\/p>\n<p>Por conta desta sua grande import\u00e2ncia, a <a href=\"http:\/\/bit.ly\/2dlBjvH\" target=\"_blank\" rel=\"noopener\">Declara\u00e7\u00e3o Universal dos Direitos Humanos<\/a> da ONU, de 1948, <a href=\"http:\/\/bit.ly\/2eheFr7\" target=\"_blank\" rel=\"noopener\">influenciou a maioria<\/a>\u00a0das constitui\u00e7\u00f5es de pa\u00edses no mundo\u00a0feitas ap\u00f3s sua publica\u00e7\u00e3o, e \u00e9 o documento mais traduzido do mundo.<\/p>\n<h3><strong>Mito 2: Aqueles que defendem os direitos humanos s\u00e3o a favor de n\u00e3o prender criminosos<\/strong><\/h3>\n<p>S\u00e3o a favor, sim, de um tratamento justo para os criminosos, de pres\u00eddios que n\u00e3o sejam superlotados, da proibi\u00e7\u00e3o de pr\u00e1ticas de tortura. S\u00e3o a favor de uma mudan\u00e7a estrutural na <a href=\"http:\/\/bit.ly\/1acNApR\" target=\"_blank\" rel=\"noopener\">educa\u00e7\u00e3o<\/a> e <a href=\"http:\/\/bit.ly\/1Mr1dJH\" target=\"_blank\" rel=\"noopener\">nas oportunidades<\/a>, para que menos pessoas recorram \u00e0 criminalidade, e a favor da reabilita\u00e7\u00e3o, para que o criminoso ap\u00f3s cumprir a sua pena seja reintegrado \u00e0 sociedade e tenha oportunidades para n\u00e3o recair de novo no crime, criando um ambiente mais seguro para todos.\u00a0Justi\u00e7a n\u00e3o pode ser sin\u00f4nimo de vingan\u00e7a.<\/p>\n<h3><strong>Mito 3: Que existe o \u201cpessoal dos direitos humanos\u201d<\/strong><\/h3>\n<p>Algumas pessoas costumam chamar de \u201cpessoal de direitos humanos\u201d desde aqueles que v\u00e3o\u00a0aos pres\u00eddios\u00a0oferecer ajuda jur\u00eddica e aulas aos presos, at\u00e9 os seus amigos que impedem os outros de \u201cdar uma li\u00e7\u00e3o\u201d no ladr\u00e3o pego em flagrante. Falar que existe um \u201cpessoal dos direitos humanos\u201d \u00e9 implicar que todos os outros n\u00e3o o s\u00e3o, que n\u00e3o est\u00e3o interessados nos direitos humanos dos indiv\u00edduos.<\/p>\n<p><img loading=\"lazy\" decoding=\"async\" class=\"aligncenter size-full wp-image-22828\" src=\"http:\/\/rioonwatch.org.br\/wp-content\/uploads\/2016\/10\/dh5.png\" alt=\"Pessoal dos direitos humanos\" width=\"714\" height=\"87\" srcset=\"https:\/\/rioonwatch.org.br\/wp-content\/uploads\/2016\/10\/dh5.png 714w, https:\/\/rioonwatch.org.br\/wp-content\/uploads\/2016\/10\/dh5-620x76.png 620w\" sizes=\"(max-width: 714px) 100vw, 714px\" \/><\/p>\n<p>O pessoal dos direitos humanos, na verdade, est\u00e1 apenas tentando garantir o acesso igualit\u00e1rio aos direitos previstos na constitui\u00e7\u00e3o para voc\u00ea e todos n\u00f3s. Ele ou ela n\u00e3o est\u00e1 tentando soltar o criminoso, apenas <a href=\"http:\/\/bit.ly\/1dxcpi4\" target=\"_blank\" rel=\"noopener\">tentando garantir que ele ou ela n\u00e3o ser\u00e1\u00a0torturado ou espancado<\/a>, mas julgado e preso como qualquer outro cidad\u00e3o detentor de direitos deveria ser.<\/p>\n<h3><strong>Mito 4: &#8216;Direitos humanos&#8217; \u00e9 uma bandeira esquerdista<\/strong><\/h3>\n<p>N\u00e3o foi a esquerda, muito menos a brasileira, que inventou &#8216;os direitos humanos&#8217; ou que decidiu que eles seriam inalien\u00e1veis.<\/p>\n<p>Os direitos humanos em sua concep\u00e7\u00e3o atual foram codificados na <a href=\"http:\/\/bit.ly\/2e7SwGT\" target=\"_blank\" rel=\"noopener\">Declara\u00e7\u00e3o Universal dos Direitos Humanos da Organiza\u00e7\u00e3o das Na\u00e7\u00f5es Unidas<\/a> (ONU), de 1948. Seu contexto de cria\u00e7\u00e3o remete \u00e0s viola\u00e7\u00f5es cometidas no contexto das Grandes Guerras, incluindo o emprego de bombas at\u00f4micas e o Holocausto, e tamb\u00e9m ao contexto de emerg\u00eancia da Guerra Fria, que op\u00f4s capitalistas e comunistas. Isso refletiu na incorpora\u00e7\u00e3o, por exemplo, do direito do cidad\u00e3o \u00e0 propriedade e do direito de n\u00e3o ser arbitrariamente privado dela, entre muitos outros.<\/p>\n<p><img loading=\"lazy\" decoding=\"async\" class=\"aligncenter size-full wp-image-22827\" src=\"http:\/\/rioonwatch.org.br\/wp-content\/uploads\/2016\/10\/dh4.png\" alt=\"Direitos humanos esquerdista\" width=\"648\" height=\"103\" srcset=\"https:\/\/rioonwatch.org.br\/wp-content\/uploads\/2016\/10\/dh4.png 648w, https:\/\/rioonwatch.org.br\/wp-content\/uploads\/2016\/10\/dh4-620x99.png 620w\" sizes=\"(max-width: 648px) 100vw, 648px\" \/><\/p>\n<p>A Declara\u00e7\u00e3o n\u00e3o tem car\u00e1ter vinculante, ou seja, n\u00e3o precisa ser ratificada e n\u00e3o prev\u00ea puni\u00e7\u00f5es para aqueles que a descumprem, mas todos os 196 pa\u00edses membros da ONU sinalizam a sua aceita\u00e7\u00e3o ao se filiarem \u00e0 organiza\u00e7\u00e3o. Dos nove grandes tratados internacionais que codificam os princ\u00edpios contidos na Declara\u00e7\u00e3o, todos os pa\u00edses membros da ONU ratificaram pelo menos um.<\/p>\n<p>In\u00fameros pa\u00edses cujos governos s\u00e3o de centro-direita t\u00eam os direitos humanos como valores importantes. Um exemplo simb\u00f3lico \u00e9 a Alemanha, na qual os direitos humanos constituem um elemento chave na constru\u00e7\u00e3o de sua identidade nacional, devido \u00e0s traum\u00e1ticas viola\u00e7\u00f5es em massa durante o regime nazista, e que reflete, mais recentemente, na decis\u00e3o de acolher o grande fluxo de refugiados.<\/p>\n<h3><strong>Mito 5: N\u00e3o existem direitos humanos para policiais e para a fam\u00edlia das v\u00edtimas<\/strong><\/h3>\n<p>Os direitos humanos s\u00e3o universais, ou seja, para todos, e inalien\u00e1veis, ou seja, ningu\u00e9m pode perd\u00ea-los. <a href=\"http:\/\/bit.ly\/2e8ST3K\" target=\"_blank\" rel=\"noopener\">Policiais, suas fam\u00edlias<\/a> e as fam\u00edlias de v\u00edtimas de atos de viol\u00eancia s\u00e3o t\u00e3o merecedores de direitos quanto quaisquer outras pessoas, mas n\u00e3o mais do que outras pessoas.<\/p>\n<p>O <a href=\"http:\/\/bit.ly\/2dWGZvy\" target=\"_blank\" rel=\"noopener\">Brasil tem uma das pol\u00edcias que mais mata e que mais morre no mundo<\/a>. No Rio de Janeiro, <a href=\"http:\/\/glo.bo\/2e4eCKn\" target=\"_blank\" rel=\"noopener\">a Comiss\u00e3o de Direitos Humanos da ALERJ inclusive atende fam\u00edlias de policiais mortos<\/a>, com apoio tanto jur\u00eddico quanto psicol\u00f3gico, assim como a fam\u00edlia de qualquer outra v\u00edtima de viol\u00eancia.<\/p>\n<p><img loading=\"lazy\" decoding=\"async\" class=\"aligncenter size-full wp-image-22826\" src=\"http:\/\/rioonwatch.org.br\/wp-content\/uploads\/2016\/10\/dh3.png\" alt=\"Direitos humanos para policiais\" width=\"575\" height=\"111\" \/><\/p>\n<p>A pol\u00edcia precisa entender que <a href=\"http:\/\/bit.ly\/2dS2gqP\" target=\"_blank\" rel=\"noopener\">n\u00e3o existe uma oposi\u00e7\u00e3o entre pol\u00edcia e direitos humanos<\/a>, mas que os direitos humanos tamb\u00e9m existem para proteger o policial. Isso inclui n\u00e3o s\u00f3 seu direito \u00e0 integridade f\u00edsica, frequentemente amea\u00e7ado em sua atividade, mas tamb\u00e9m combater tratamentos degradantes e humilhantes dentro da pr\u00f3pria institui\u00e7\u00e3o policial.<\/p>\n<p>Direitos humanos n\u00e3o s\u00e3o s\u00f3 para humanos direitos; s\u00e3o para todos.<\/p>\n<!-- AddThis Advanced Settings generic via filter on the_content --><!-- AddThis Share Buttons generic via filter on the_content -->","protected":false},"excerpt":{"rendered":"<div class=\"mh-excerpt\"><p>Click Here for English Os direitos humanos s\u00e3o direitos civis, pol\u00edticos, sociais, econ\u00f4micos e culturais universais, indivis\u00edveis e inalien\u00e1veis. Isso quer dizer, de forma simplificada, que s\u00e3o v\u00e1lidos para todos, que sob nenhuma circunst\u00e2ncia podem <a class=\"mh-excerpt-more\" href=\"https:\/\/rioonwatch.org.br\/?p=22821\" title=\"Bandido Bom \u00c9&#8230;? T\u00e1 na Hora de Desmistificar os Direitos Humanos [REFER\u00caNCIA]\">[&#8230;]<\/a><!-- AddThis Advanced Settings generic via filter on get_the_excerpt --><!-- AddThis Share Buttons generic via filter on get_the_excerpt --><\/p>\n<\/div>","protected":false},"author":152,"featured_media":22822,"comment_status":"closed","ping_status":"closed","sticky":false,"template":"","format":"standard","meta":{"_acf_changed":false,"_monsterinsights_skip_tracking":false,"_monsterinsights_sitenote_active":false,"_monsterinsights_sitenote_note":"","_monsterinsights_sitenote_category":0,"footnotes":""},"categories":[1621,1632,1631,344,1612],"tags":[1226,310,1239,479,338,88,1306,1449,1307,755,1637,1722,920,52],"writer":[1994],"translator":[],"source":[],"ilustrador":[],"fotografo":[],"class_list":{"0":"post-22821","1":"post","2":"type-post","3":"status-publish","4":"format-standard","5":"has-post-thumbnail","7":"category-destaque","8":"category-pesquisa-e-analise","9":"category-entendendo-o-rio","10":"category-politicas","11":"category-sociedade-civil","12":"tag-constituicao","13":"tag-corrupcao","14":"tag-criminalizacao-da-pobreza","15":"tag-democracia","16":"tag-direito","17":"tag-direitos-humanos","18":"tag-exclusao","19":"tag-igualdade","20":"tag-inclusao","21":"tag-lei","22":"tag-referencia","23":"tag-onu","24":"tag-violencia-de-estado","25":"tag-violencia-policial","26":"writer-luisa-fenizola"},"acf":[],"yoast_head":"<!-- This site is optimized with the Yoast SEO plugin v25.6 - https:\/\/yoast.com\/wordpress\/plugins\/seo\/ -->\n<title>Bandido Bom \u00c9...? T\u00e1 na Hora de Desmistificar os Direitos Humanos [REFER\u00caNCIA] - RioOnWatch<\/title>\n<meta name=\"robots\" content=\"index, follow, max-snippet:-1, max-image-preview:large, max-video-preview:-1\" \/>\n<link rel=\"canonical\" href=\"https:\/\/rioonwatch.org.br\/?p=22821\" \/>\n<meta property=\"og:locale\" content=\"pt_BR\" \/>\n<meta property=\"og:type\" content=\"article\" \/>\n<meta property=\"og:title\" content=\"Bandido Bom \u00c9...? T\u00e1 na Hora de Desmistificar os Direitos Humanos [REFER\u00caNCIA] - RioOnWatch\" \/>\n<meta property=\"og:description\" content=\"Click Here for English Os direitos humanos s\u00e3o direitos civis, pol\u00edticos, sociais, econ\u00f4micos e culturais universais, indivis\u00edveis e inalien\u00e1veis. Isso quer dizer, de forma simplificada, que s\u00e3o v\u00e1lidos para todos, que sob nenhuma circunst\u00e2ncia podem [...]\" \/>\n<meta property=\"og:url\" content=\"https:\/\/rioonwatch.org.br\/?p=22821\" \/>\n<meta property=\"og:site_name\" content=\"RioOnWatch\" \/>\n<meta property=\"article:published_time\" content=\"2016-10-13T10:55:58+00:00\" \/>\n<meta property=\"article:modified_time\" content=\"2024-06-20T15:48:35+00:00\" \/>\n<meta property=\"og:image\" content=\"https:\/\/rioonwatch.org.br\/wp-content\/uploads\/2016\/10\/dh6.png\" \/>\n\t<meta property=\"og:image:width\" content=\"1370\" \/>\n\t<meta property=\"og:image:height\" content=\"587\" \/>\n\t<meta property=\"og:image:type\" content=\"image\/png\" \/>\n<meta name=\"author\" content=\"Luisa Fenizola\" \/>\n<meta name=\"twitter:card\" content=\"summary_large_image\" \/>\n<meta name=\"twitter:label1\" content=\"Escrito por\" \/>\n\t<meta name=\"twitter:data1\" content=\"Luisa Fenizola\" \/>\n\t<meta name=\"twitter:label2\" content=\"Est. tempo de leitura\" \/>\n\t<meta name=\"twitter:data2\" content=\"9 minutos\" \/>\n<script type=\"application\/ld+json\" class=\"yoast-schema-graph\">{\"@context\":\"https:\/\/schema.org\",\"@graph\":[{\"@type\":\"Article\",\"@id\":\"https:\/\/rioonwatch.org.br\/?p=22821#article\",\"isPartOf\":{\"@id\":\"https:\/\/rioonwatch.org.br\/?p=22821\"},\"author\":{\"name\":\"Luisa Fenizola\",\"@id\":\"https:\/\/rioonwatch.org.br\/#\/schema\/person\/f443c6b55bb6e80842280318076491c5\"},\"headline\":\"Bandido Bom \u00c9&#8230;? T\u00e1 na Hora de Desmistificar os Direitos Humanos [REFER\u00caNCIA]\",\"datePublished\":\"2016-10-13T10:55:58+00:00\",\"dateModified\":\"2024-06-20T15:48:35+00:00\",\"mainEntityOfPage\":{\"@id\":\"https:\/\/rioonwatch.org.br\/?p=22821\"},\"wordCount\":1526,\"publisher\":{\"@id\":\"https:\/\/rioonwatch.org.br\/#organization\"},\"image\":{\"@id\":\"https:\/\/rioonwatch.org.br\/?p=22821#primaryimage\"},\"thumbnailUrl\":\"https:\/\/rioonwatch.org.br\/wp-content\/uploads\/2016\/10\/dh6.png\",\"keywords\":[\"constitui\u00e7\u00e3o\",\"corrup\u00e7\u00e3o\",\"criminaliza\u00e7\u00e3o da pobreza\",\"Democracia\",\"direito\",\"Direitos Humanos\",\"exclus\u00e3o\",\"igualdade\",\"inclus\u00e3o\",\"lei\",\"Mat\u00e9rias de Refer\u00eancia\",\"ONU\",\"viol\u00eancia de Estado\",\"viol\u00eancia policial\"],\"articleSection\":[\"*Destaque\",\"Dados e Pesquisa\",\"Entendendo o Rio\",\"Pol\u00edticas\",\"Sociedade Civil\"],\"inLanguage\":\"pt-BR\"},{\"@type\":\"WebPage\",\"@id\":\"https:\/\/rioonwatch.org.br\/?p=22821\",\"url\":\"https:\/\/rioonwatch.org.br\/?p=22821\",\"name\":\"Bandido Bom \u00c9...? T\u00e1 na Hora de Desmistificar os Direitos Humanos [REFER\u00caNCIA] - RioOnWatch\",\"isPartOf\":{\"@id\":\"https:\/\/rioonwatch.org.br\/#website\"},\"primaryImageOfPage\":{\"@id\":\"https:\/\/rioonwatch.org.br\/?p=22821#primaryimage\"},\"image\":{\"@id\":\"https:\/\/rioonwatch.org.br\/?p=22821#primaryimage\"},\"thumbnailUrl\":\"https:\/\/rioonwatch.org.br\/wp-content\/uploads\/2016\/10\/dh6.png\",\"datePublished\":\"2016-10-13T10:55:58+00:00\",\"dateModified\":\"2024-06-20T15:48:35+00:00\",\"breadcrumb\":{\"@id\":\"https:\/\/rioonwatch.org.br\/?p=22821#breadcrumb\"},\"inLanguage\":\"pt-BR\",\"potentialAction\":[{\"@type\":\"ReadAction\",\"target\":[\"https:\/\/rioonwatch.org.br\/?p=22821\"]}]},{\"@type\":\"ImageObject\",\"inLanguage\":\"pt-BR\",\"@id\":\"https:\/\/rioonwatch.org.br\/?p=22821#primaryimage\",\"url\":\"https:\/\/rioonwatch.org.br\/wp-content\/uploads\/2016\/10\/dh6.png\",\"contentUrl\":\"https:\/\/rioonwatch.org.br\/wp-content\/uploads\/2016\/10\/dh6.png\",\"width\":1370,\"height\":587},{\"@type\":\"BreadcrumbList\",\"@id\":\"https:\/\/rioonwatch.org.br\/?p=22821#breadcrumb\",\"itemListElement\":[{\"@type\":\"ListItem\",\"position\":1,\"name\":\"In\u00edcio\",\"item\":\"https:\/\/rioonwatch.org.br\/\"},{\"@type\":\"ListItem\",\"position\":2,\"name\":\"Bandido Bom \u00c9&#8230;? T\u00e1 na Hora de Desmistificar os Direitos Humanos [REFER\u00caNCIA]\"}]},{\"@type\":\"WebSite\",\"@id\":\"https:\/\/rioonwatch.org.br\/#website\",\"url\":\"https:\/\/rioonwatch.org.br\/\",\"name\":\"RioOnWatch\",\"description\":\"relatos das favelas cariocas\",\"publisher\":{\"@id\":\"https:\/\/rioonwatch.org.br\/#organization\"},\"potentialAction\":[{\"@type\":\"SearchAction\",\"target\":{\"@type\":\"EntryPoint\",\"urlTemplate\":\"https:\/\/rioonwatch.org.br\/?s={search_term_string}\"},\"query-input\":{\"@type\":\"PropertyValueSpecification\",\"valueRequired\":true,\"valueName\":\"search_term_string\"}}],\"inLanguage\":\"pt-BR\"},{\"@type\":\"Organization\",\"@id\":\"https:\/\/rioonwatch.org.br\/#organization\",\"name\":\"RioOnWatch\",\"url\":\"https:\/\/rioonwatch.org.br\/\",\"logo\":{\"@type\":\"ImageObject\",\"inLanguage\":\"pt-BR\",\"@id\":\"https:\/\/rioonwatch.org.br\/#\/schema\/logo\/image\/\",\"url\":\"https:\/\/rioonwatch.org.br\/wp-content\/uploads\/2021\/06\/RioOnWatchcabecalhoPT11anos-2.png\",\"contentUrl\":\"https:\/\/rioonwatch.org.br\/wp-content\/uploads\/2021\/06\/RioOnWatchcabecalhoPT11anos-2.png\",\"width\":779,\"height\":277,\"caption\":\"RioOnWatch\"},\"image\":{\"@id\":\"https:\/\/rioonwatch.org.br\/#\/schema\/logo\/image\/\"}},{\"@type\":\"Person\",\"@id\":\"https:\/\/rioonwatch.org.br\/#\/schema\/person\/f443c6b55bb6e80842280318076491c5\",\"name\":\"Luisa Fenizola\",\"image\":{\"@type\":\"ImageObject\",\"inLanguage\":\"pt-BR\",\"@id\":\"https:\/\/rioonwatch.org.br\/#\/schema\/person\/image\/\",\"url\":\"https:\/\/secure.gravatar.com\/avatar\/a3d551110162b9f876cbbdaaecf75663?s=96&d=blank&r=g\",\"contentUrl\":\"https:\/\/secure.gravatar.com\/avatar\/a3d551110162b9f876cbbdaaecf75663?s=96&d=blank&r=g\",\"caption\":\"Luisa Fenizola\"},\"url\":\"https:\/\/rioonwatch.org.br\/?author=152\"}]}<\/script>\n<!-- \/ Yoast SEO plugin. -->","yoast_head_json":{"title":"Bandido Bom \u00c9...? T\u00e1 na Hora de Desmistificar os Direitos Humanos [REFER\u00caNCIA] - RioOnWatch","robots":{"index":"index","follow":"follow","max-snippet":"max-snippet:-1","max-image-preview":"max-image-preview:large","max-video-preview":"max-video-preview:-1"},"canonical":"https:\/\/rioonwatch.org.br\/?p=22821","og_locale":"pt_BR","og_type":"article","og_title":"Bandido Bom \u00c9...? T\u00e1 na Hora de Desmistificar os Direitos Humanos [REFER\u00caNCIA] - RioOnWatch","og_description":"Click Here for English Os direitos humanos s\u00e3o direitos civis, pol\u00edticos, sociais, econ\u00f4micos e culturais universais, indivis\u00edveis e inalien\u00e1veis. Isso quer dizer, de forma simplificada, que s\u00e3o v\u00e1lidos para todos, que sob nenhuma circunst\u00e2ncia podem [...]","og_url":"https:\/\/rioonwatch.org.br\/?p=22821","og_site_name":"RioOnWatch","article_published_time":"2016-10-13T10:55:58+00:00","article_modified_time":"2024-06-20T15:48:35+00:00","og_image":[{"width":1370,"height":587,"url":"https:\/\/rioonwatch.org.br\/wp-content\/uploads\/2016\/10\/dh6.png","type":"image\/png"}],"author":"Luisa Fenizola","twitter_card":"summary_large_image","twitter_misc":{"Escrito por":"Luisa Fenizola","Est. tempo de leitura":"9 minutos"},"schema":{"@context":"https:\/\/schema.org","@graph":[{"@type":"Article","@id":"https:\/\/rioonwatch.org.br\/?p=22821#article","isPartOf":{"@id":"https:\/\/rioonwatch.org.br\/?p=22821"},"author":{"name":"Luisa Fenizola","@id":"https:\/\/rioonwatch.org.br\/#\/schema\/person\/f443c6b55bb6e80842280318076491c5"},"headline":"Bandido Bom \u00c9&#8230;? T\u00e1 na Hora de Desmistificar os Direitos Humanos [REFER\u00caNCIA]","datePublished":"2016-10-13T10:55:58+00:00","dateModified":"2024-06-20T15:48:35+00:00","mainEntityOfPage":{"@id":"https:\/\/rioonwatch.org.br\/?p=22821"},"wordCount":1526,"publisher":{"@id":"https:\/\/rioonwatch.org.br\/#organization"},"image":{"@id":"https:\/\/rioonwatch.org.br\/?p=22821#primaryimage"},"thumbnailUrl":"https:\/\/rioonwatch.org.br\/wp-content\/uploads\/2016\/10\/dh6.png","keywords":["constitui\u00e7\u00e3o","corrup\u00e7\u00e3o","criminaliza\u00e7\u00e3o da pobreza","Democracia","direito","Direitos Humanos","exclus\u00e3o","igualdade","inclus\u00e3o","lei","Mat\u00e9rias de Refer\u00eancia","ONU","viol\u00eancia de Estado","viol\u00eancia policial"],"articleSection":["*Destaque","Dados e Pesquisa","Entendendo o Rio","Pol\u00edticas","Sociedade Civil"],"inLanguage":"pt-BR"},{"@type":"WebPage","@id":"https:\/\/rioonwatch.org.br\/?p=22821","url":"https:\/\/rioonwatch.org.br\/?p=22821","name":"Bandido Bom \u00c9...? T\u00e1 na Hora de Desmistificar os Direitos Humanos [REFER\u00caNCIA] - RioOnWatch","isPartOf":{"@id":"https:\/\/rioonwatch.org.br\/#website"},"primaryImageOfPage":{"@id":"https:\/\/rioonwatch.org.br\/?p=22821#primaryimage"},"image":{"@id":"https:\/\/rioonwatch.org.br\/?p=22821#primaryimage"},"thumbnailUrl":"https:\/\/rioonwatch.org.br\/wp-content\/uploads\/2016\/10\/dh6.png","datePublished":"2016-10-13T10:55:58+00:00","dateModified":"2024-06-20T15:48:35+00:00","breadcrumb":{"@id":"https:\/\/rioonwatch.org.br\/?p=22821#breadcrumb"},"inLanguage":"pt-BR","potentialAction":[{"@type":"ReadAction","target":["https:\/\/rioonwatch.org.br\/?p=22821"]}]},{"@type":"ImageObject","inLanguage":"pt-BR","@id":"https:\/\/rioonwatch.org.br\/?p=22821#primaryimage","url":"https:\/\/rioonwatch.org.br\/wp-content\/uploads\/2016\/10\/dh6.png","contentUrl":"https:\/\/rioonwatch.org.br\/wp-content\/uploads\/2016\/10\/dh6.png","width":1370,"height":587},{"@type":"BreadcrumbList","@id":"https:\/\/rioonwatch.org.br\/?p=22821#breadcrumb","itemListElement":[{"@type":"ListItem","position":1,"name":"In\u00edcio","item":"https:\/\/rioonwatch.org.br\/"},{"@type":"ListItem","position":2,"name":"Bandido Bom \u00c9&#8230;? T\u00e1 na Hora de Desmistificar os Direitos Humanos [REFER\u00caNCIA]"}]},{"@type":"WebSite","@id":"https:\/\/rioonwatch.org.br\/#website","url":"https:\/\/rioonwatch.org.br\/","name":"RioOnWatch","description":"relatos das favelas cariocas","publisher":{"@id":"https:\/\/rioonwatch.org.br\/#organization"},"potentialAction":[{"@type":"SearchAction","target":{"@type":"EntryPoint","urlTemplate":"https:\/\/rioonwatch.org.br\/?s={search_term_string}"},"query-input":{"@type":"PropertyValueSpecification","valueRequired":true,"valueName":"search_term_string"}}],"inLanguage":"pt-BR"},{"@type":"Organization","@id":"https:\/\/rioonwatch.org.br\/#organization","name":"RioOnWatch","url":"https:\/\/rioonwatch.org.br\/","logo":{"@type":"ImageObject","inLanguage":"pt-BR","@id":"https:\/\/rioonwatch.org.br\/#\/schema\/logo\/image\/","url":"https:\/\/rioonwatch.org.br\/wp-content\/uploads\/2021\/06\/RioOnWatchcabecalhoPT11anos-2.png","contentUrl":"https:\/\/rioonwatch.org.br\/wp-content\/uploads\/2021\/06\/RioOnWatchcabecalhoPT11anos-2.png","width":779,"height":277,"caption":"RioOnWatch"},"image":{"@id":"https:\/\/rioonwatch.org.br\/#\/schema\/logo\/image\/"}},{"@type":"Person","@id":"https:\/\/rioonwatch.org.br\/#\/schema\/person\/f443c6b55bb6e80842280318076491c5","name":"Luisa Fenizola","image":{"@type":"ImageObject","inLanguage":"pt-BR","@id":"https:\/\/rioonwatch.org.br\/#\/schema\/person\/image\/","url":"https:\/\/secure.gravatar.com\/avatar\/a3d551110162b9f876cbbdaaecf75663?s=96&d=blank&r=g","contentUrl":"https:\/\/secure.gravatar.com\/avatar\/a3d551110162b9f876cbbdaaecf75663?s=96&d=blank&r=g","caption":"Luisa Fenizola"},"url":"https:\/\/rioonwatch.org.br\/?author=152"}]}},"_links":{"self":[{"href":"https:\/\/rioonwatch.org.br\/index.php?rest_route=\/wp\/v2\/posts\/22821"}],"collection":[{"href":"https:\/\/rioonwatch.org.br\/index.php?rest_route=\/wp\/v2\/posts"}],"about":[{"href":"https:\/\/rioonwatch.org.br\/index.php?rest_route=\/wp\/v2\/types\/post"}],"author":[{"embeddable":true,"href":"https:\/\/rioonwatch.org.br\/index.php?rest_route=\/wp\/v2\/users\/152"}],"replies":[{"embeddable":true,"href":"https:\/\/rioonwatch.org.br\/index.php?rest_route=%2Fwp%2Fv2%2Fcomments&post=22821"}],"version-history":[{"count":19,"href":"https:\/\/rioonwatch.org.br\/index.php?rest_route=\/wp\/v2\/posts\/22821\/revisions"}],"predecessor-version":[{"id":74124,"href":"https:\/\/rioonwatch.org.br\/index.php?rest_route=\/wp\/v2\/posts\/22821\/revisions\/74124"}],"wp:featuredmedia":[{"embeddable":true,"href":"https:\/\/rioonwatch.org.br\/index.php?rest_route=\/wp\/v2\/media\/22822"}],"wp:attachment":[{"href":"https:\/\/rioonwatch.org.br\/index.php?rest_route=%2Fwp%2Fv2%2Fmedia&parent=22821"}],"wp:term":[{"taxonomy":"category","embeddable":true,"href":"https:\/\/rioonwatch.org.br\/index.php?rest_route=%2Fwp%2Fv2%2Fcategories&post=22821"},{"taxonomy":"post_tag","embeddable":true,"href":"https:\/\/rioonwatch.org.br\/index.php?rest_route=%2Fwp%2Fv2%2Ftags&post=22821"},{"taxonomy":"writer","embeddable":true,"href":"https:\/\/rioonwatch.org.br\/index.php?rest_route=%2Fwp%2Fv2%2Fwriter&post=22821"},{"taxonomy":"translator","embeddable":true,"href":"https:\/\/rioonwatch.org.br\/index.php?rest_route=%2Fwp%2Fv2%2Ftranslator&post=22821"},{"taxonomy":"source","embeddable":true,"href":"https:\/\/rioonwatch.org.br\/index.php?rest_route=%2Fwp%2Fv2%2Fsource&post=22821"},{"taxonomy":"ilustrador","embeddable":true,"href":"https:\/\/rioonwatch.org.br\/index.php?rest_route=%2Fwp%2Fv2%2Filustrador&post=22821"},{"taxonomy":"fotografo","embeddable":true,"href":"https:\/\/rioonwatch.org.br\/index.php?rest_route=%2Fwp%2Fv2%2Ffotografo&post=22821"}],"curies":[{"name":"wp","href":"https:\/\/api.w.org\/{rel}","templated":true}]}}