{"id":22823,"date":"2016-10-12T09:00:21","date_gmt":"2016-10-12T12:00:21","guid":{"rendered":"http:\/\/rioonwatch.org.br\/?p=22823"},"modified":"2024-06-20T13:46:32","modified_gmt":"2024-06-20T16:46:32","slug":"museu-sankofa-da-rocinha-preserva-historia-e-memoria-de-moradores","status":"publish","type":"post","link":"https:\/\/rioonwatch.org.br\/?p=22823","title":{"rendered":"Museu Sankofa da Rocinha Preserva Hist\u00f3ria e Mem\u00f3ria dos Moradores"},"content":{"rendered":"<p style=\"text-align: right;\"><em><strong><a href=\"http:\/\/bit.ly\/2bYi3Tr\" target=\"_blank\" rel=\"noopener\">Click Here for English<img decoding=\"async\" width=\"20\" height=\"20\" class=\"alignright wp-image-15790\" src=\"http:\/\/rioonwatch.org.br\/wp-content\/uploads\/2012\/08\/EN-standard-e1439583104716.jpg\" alt=\"\" \/><\/a><\/strong><\/em><\/p>\n<p><span style=\"font-weight: 400;\">Nos \u00faltimos oito anos, o <a href=\"http:\/\/bit.ly\/1neOHAp\" target=\"_blank\" rel=\"noopener\">Museu da Rocinha Sankofa &#8211; Mem\u00f3ria e Hist\u00f3ria<\/a>, na <a href=\"http:\/\/bit.ly\/1mNsDyk\" target=\"_blank\" rel=\"noopener\">Zona Sul<\/a> do Rio, vem trabalhando para recuperar a <a href=\"http:\/\/bit.ly\/1OcSEDn\" target=\"_blank\" rel=\"noopener\">mem\u00f3ria<\/a> coletiva e <a href=\"http:\/\/bit.ly\/1PXkANu\" target=\"_blank\" rel=\"noopener\">hist\u00f3ria<\/a> da favela, dando aos moradores uma chance de resgatar sua hist\u00f3ria e transformar o conceito de <a href=\"http:\/\/bit.ly\/1isHwFZ\" target=\"_blank\" rel=\"noopener\">museu<\/a> comunit\u00e1rio.<\/span><\/p>\n<p><span style=\"font-weight: 400;\">O museu surgiu em 2008, a partir de uma s\u00e9rie de discuss\u00f5es em torno do <a href=\"http:\/\/bit.ly\/2byLr0b\" target=\"_blank\" rel=\"noopener\">Plano Cultural da Rocinha<\/a>, mas o desejo de documentar e compartilhar a rica hist\u00f3ria da Rocinha n\u00e3o \u00e9 nenhuma novidade.<\/span> <span style=\"font-weight: 400;\">A hist\u00f3ria teve in\u00edcio d\u00e9cadas antes, com o trabalho de <a href=\"http:\/\/bit.ly\/2c7qGdS\" target=\"_blank\" rel=\"noopener\">Lygia Segala<\/a>, professora de antropologia da UFF, que iniciou um projeto de alfabetiza\u00e7\u00e3o na Rocinha, na d\u00e9cada de 70, que envolveu alunos coletando hist\u00f3rias e depoimentos de moradores.<\/span> <span style=\"font-weight: 400;\">Junto com Ant\u00f4nio Oliveira, presidente da <a href=\"http:\/\/bit.ly\/1TUXvYh\" target=\"_blank\" rel=\"noopener\">Uni\u00e3o-Pr\u00f3 Melhoramentos dos Moradores da Rocinha<\/a> (UPMMR), e T\u00e2nia Regina da Silva, uma l\u00edder local na \u00e9poca, eles coletaram cerca de 19.000 fotografias e documentos que se tornaram a base da cole\u00e7\u00e3o do Museu Sankofa.<\/span> <span style=\"font-weight: 400;\">Esse trabalho, que foi publicado no livro <em><a href=\"http:\/\/bit.ly\/2bO7Rvg\" target=\"_blank\" rel=\"noopener\">Varal de Lembran\u00e7as<\/a><\/em>, destaca a rica hist\u00f3ria de <a href=\"http:\/\/bit.ly\/1piRAgk\" target=\"_blank\" rel=\"noopener\">resist\u00eancia<\/a> da Rocinha e os <a href=\"http:\/\/bit.ly\/1thwVvp\" target=\"_blank\" rel=\"noopener\">mutir\u00f5es<\/a> que os moradores mant\u00eam na sua luta cont\u00ednua pelo acesso \u00e0 <a href=\"http:\/\/bit.ly\/1JXlQch\" target=\"_blank\" rel=\"noopener\">infraestrutura b\u00e1sica<\/a>.<\/span><\/p>\n<p><a href=\"http:\/\/rioonwatch.org.br\/wp-content\/uploads\/2016\/10\/2458552700_6df7d20d04_o.jpg\"><img fetchpriority=\"high\" decoding=\"async\" class=\"aligncenter wp-image-22832 size-medium\" title=\"Foto de arquivo da Rocinha por Sergio \u00c1gua Fria\" src=\"http:\/\/rioonwatch.org.br\/wp-content\/uploads\/2016\/10\/2458552700_6df7d20d04_o-620x408.jpg\" alt=\"2458552700_6df7d20d04_o\" width=\"620\" height=\"408\" srcset=\"https:\/\/rioonwatch.org.br\/wp-content\/uploads\/2016\/10\/2458552700_6df7d20d04_o-620x408.jpg 620w, https:\/\/rioonwatch.org.br\/wp-content\/uploads\/2016\/10\/2458552700_6df7d20d04_o-402x264.jpg 402w, https:\/\/rioonwatch.org.br\/wp-content\/uploads\/2016\/10\/2458552700_6df7d20d04_o-768x505.jpg 768w, https:\/\/rioonwatch.org.br\/wp-content\/uploads\/2016\/10\/2458552700_6df7d20d04_o.jpg 800w\" sizes=\"(max-width: 620px) 100vw, 620px\" \/><\/a><\/p>\n<p><span style=\"font-weight: 400;\">De acordo com Ant\u00f4nio Firmino, um dos coordenadores do Museu Sankofa, apresentar esses documentos hist\u00f3ricos mostra aos mais novos moradores da Rocinha que \u201cO que voc\u00ea tem hoje \u00e9 fruto dessa luta passada\u201d.<\/span><\/p>\n<p><span style=\"font-weight: 400;\">O museu trabalha com a deliberada inten\u00e7\u00e3o de construir uma ponte que ligue a hist\u00f3ria ao presente. O nome \u201c<a href=\"http:\/\/bit.ly\/2bAEKv9\" target=\"_blank\" rel=\"noopener\">Sankofa<\/a>\u201d vem <\/span><span style=\"font-weight: 400;\">de uma palavra ind\u00edgena do Oeste Africano, que significa um retorno ao passado para reformular o presente, e \u00e9 representada pelo s\u00edmbolo de um p\u00e1ssaro com os p\u00e9s virados para frente e a cabe\u00e7a olhando para tr\u00e1s.<\/span><\/p>\n<p>\u201cO costume \u00e9 ver um museu como coisa velha, e \u00e9 nesse sentido que a gente tenta fazer um contraponto\u201d, diz Ant\u00f4nio Firmino. \u201cN\u00f3s estamos falando sobre o passado, mas ele est\u00e1 presente tamb\u00e9m. Ent\u00e3o, \u00e9 uma mem\u00f3ria viva. N\u00e3o \u00e9 simplesmente uma coisa nost\u00e1lgica&#8221;.<\/p>\n<p><span style=\"font-weight: 400;\">Com projetos interativos, como a <a href=\"http:\/\/bit.ly\/28KSS4g\" target=\"_blank\" rel=\"noopener\">A\u00e7\u00e3o Sonora-Visual<\/a> realizada no m\u00eas de junho, em parceria com o <a href=\"http:\/\/bit.ly\/28QcPra\" target=\"_blank\" rel=\"noopener\">Instituto Moreira Salles<\/a>, o Museu Sankofa inverte a din\u00e2mica habitual entre museu e comunidade. Juntos, o Instituto e o Museu Sankofa transformaram a Pra\u00e7a da <a href=\"http:\/\/bit.ly\/13h4Rf4\" target=\"_blank\" rel=\"noopener\">Rua 4<\/a> numa exposi\u00e7\u00e3o multim\u00eddia, onde moradores e transeuntes eram convidados a ouvir grava\u00e7\u00f5es de \u00e1udio com entrevistas de moradores, assistir v\u00eddeos, ver fotos e ler mem\u00f3rias impressas.\u00a0<\/span><span style=\"font-weight: 400;\">Os participantes tamb\u00e9m foram convidados a levar para casa um mon\u00f3culo com uma foto simb\u00f3lica e lembran\u00e7a do museu.<\/span><\/p>\n<p><span style=\"font-weight: 400;\">\u201cQuando voc\u00ea leva as informa\u00e7\u00f5es aonde as pessoas est\u00e3o, ao inv\u00e9s de esperar que as pessoas venham at\u00e9 elas, voc\u00ea cria uma rela\u00e7\u00e3o diferente\u201d, diz Ant\u00f4nio Firmino.<\/span><\/p>\n<p><a href=\"http:\/\/rioonwatch.org.br\/wp-content\/uploads\/2016\/10\/monocle_sarah.jpg\"><img decoding=\"async\" class=\"aligncenter wp-image-22835 size-content\" title=\"Uma vis\u00e3o do passado atrav\u00e9s do mon\u00f3culo apresentado no evento A\u00e7\u00e3o Sonora-Visual. Foto por Sarah Cronin\" src=\"http:\/\/rioonwatch.org.br\/wp-content\/uploads\/2016\/10\/monocle_sarah-620x264.jpg\" alt=\"monocle_sarah\" width=\"620\" height=\"264\" srcset=\"https:\/\/rioonwatch.org.br\/wp-content\/uploads\/2016\/10\/monocle_sarah-620x264.jpg 620w, https:\/\/rioonwatch.org.br\/wp-content\/uploads\/2016\/10\/monocle_sarah-940x400.jpg 940w\" sizes=\"(max-width: 620px) 100vw, 620px\" \/><\/a><\/p>\n<p><span style=\"font-weight: 400;\">Um dos projetos em andamento do museu \u00e9 o Ch\u00e1 de Museu, onde os membros da comunidade s\u00e3o convidados a se reunirem com os organizadores do museu e a compartilharem suas mem\u00f3rias. De acordo com Fernando Emiro, um dos coordenadores que lideraram o projeto, essa metodologia de coletar hist\u00f3rias coloca o morador numa posi\u00e7\u00e3o de destaque, como protagonista e elemento fundamental do processo. Ant\u00f4nio Firmino explica que \u00e9 atrav\u00e9s desse processo que o museu tem certeza de que seu trabalho se origina da realidade vivida por essas pessoas.<\/span><\/p>\n<p><span style=\"font-weight: 400;\">&#8220;N\u00f3s n\u00e3o estamos preocupados se [a hist\u00f3ria] \u00e9 verdadeira ou falsa, porque se n\u00f3s nos preocuparmos com isso, j\u00e1 come\u00e7amos um pr\u00e9-julgamento, e desse jeito come\u00e7aremos a fazer um sele\u00e7\u00e3o, e se a gente seleciona, a gente exclui. Se a gente exclui, n\u00f3s vamos fazer a mesma coisa que o estado oficial fez com a gente, ele nos excluiu. Ent\u00e3o, n\u00f3s trabalhamos com uma perspetiva que visa dar voz as diversas mem\u00f3rias da hist\u00f3ria&#8221;, disse Ant\u00f4nio Firmino.<\/span><\/p>\n<p><span style=\"font-weight: 400;\">O Museu est\u00e1 preocupado em contar a hist\u00f3ria completa da Rocinha, trazendo para o primeiro plano as narrativas daqueles que foram historicamente exclu\u00eddos, incluindo mulheres e ind\u00edgenas.<\/span><\/p>\n<p><span style=\"font-weight: 400;\">&#8220;Eu n\u00e3o quero contar, simplesmente, a hist\u00f3ria da Rocinha, mas como ocorreram as ocupa\u00e7\u00f5es desse territ\u00f3rio, desse espa\u00e7o, por isso que o nome \u00e9 Sankofa&#8221;, disse Ant\u00f4nio Firmino. &#8220;A hist\u00f3ria oficial nega totalmente quem s\u00e3o os verdadeiros donos das terras&#8221;. <\/span><\/p>\n<p><span style=\"font-weight: 400;\">Apesar do museu n\u00e3o possuir um espa\u00e7o f\u00edsico, ele foi reconhecido como Ponto de Mem\u00f3ria pelo Instituto Brasileiro de Museus, em 2011, e recebe regularmente eventos e exposi\u00e7\u00f5es\u00a0para preservar e mostrar a hist\u00f3ria da Rocinha pelas maiores favelas da cidade.<\/span><\/p>\n<p><span style=\"font-weight: 400;\">Para mais informa\u00e7\u00f5es sobre o museu <\/span><span style=\"font-weight: 400;\">Museu Sankofa Hist\u00f3ria e Mem\u00f3ria da Rocinha, visite o website do museu<\/span> <a href=\"http:\/\/bit.ly\/1neOHAp\"><span style=\"font-weight: 400;\">aqui<\/span><\/a><span style=\"font-weight: 400;\">.<\/span><\/p>\n<!-- AddThis Advanced Settings generic via filter on the_content --><!-- AddThis Share Buttons generic via filter on the_content -->","protected":false},"excerpt":{"rendered":"<div class=\"mh-excerpt\"><p>Click Here for English Nos \u00faltimos oito anos, o Museu da Rocinha Sankofa &#8211; Mem\u00f3ria e Hist\u00f3ria, na Zona Sul do Rio, vem trabalhando para recuperar a mem\u00f3ria coletiva e hist\u00f3ria da favela, dando aos <a class=\"mh-excerpt-more\" href=\"https:\/\/rioonwatch.org.br\/?p=22823\" title=\"Museu Sankofa da Rocinha Preserva Hist\u00f3ria e Mem\u00f3ria dos Moradores\">[&#8230;]<\/a><!-- AddThis Advanced Settings generic via filter on get_the_excerpt --><!-- AddThis Share Buttons generic via filter on get_the_excerpt --><\/p>\n<\/div>","protected":false},"author":129,"featured_media":22829,"comment_status":"closed","ping_status":"closed","sticky":false,"template":"","format":"standard","meta":{"_acf_changed":false,"_monsterinsights_skip_tracking":false,"_monsterinsights_sitenote_active":false,"_monsterinsights_sitenote_note":"","_monsterinsights_sitenote_category":0,"footnotes":""},"categories":[1615,1626,1616,342],"tags":[1447,128,841,469,1111,2368,1206,432,16,476,383],"writer":[1919],"translator":[1883],"source":[],"ilustrador":[],"fotografo":[],"class_list":{"0":"post-22823","1":"post","2":"type-post","3":"status-publish","4":"format-standard","5":"has-post-thumbnail","7":"category-cultura-da-favela","8":"category-por-observadores-internacionais","9":"category-qualidades-da-favela","10":"category-solucoes","11":"tag-favela-tour","12":"tag-historia","13":"tag-historia-oral","14":"tag-memoria","15":"tag-museu","16":"tag-museu-comunitario","17":"tag-museu-da-rocinha-sankofa","18":"tag-resistencia","19":"tag-rocinha","20":"tag-solucao-comunitaria","21":"tag-zona-sul","22":"writer-sarah-cronin","23":"translator-tais-souto"},"acf":[],"yoast_head":"<!-- This site is optimized with the Yoast SEO plugin v25.6 - https:\/\/yoast.com\/wordpress\/plugins\/seo\/ -->\n<title>Museu Sankofa da Rocinha Preserva Hist\u00f3ria e Mem\u00f3ria dos Moradores - RioOnWatch<\/title>\n<meta name=\"robots\" content=\"index, follow, max-snippet:-1, max-image-preview:large, max-video-preview:-1\" \/>\n<link rel=\"canonical\" href=\"https:\/\/rioonwatch.org.br\/?p=22823\" \/>\n<meta property=\"og:locale\" content=\"pt_BR\" \/>\n<meta property=\"og:type\" content=\"article\" \/>\n<meta property=\"og:title\" content=\"Museu Sankofa da Rocinha Preserva Hist\u00f3ria e Mem\u00f3ria dos Moradores - RioOnWatch\" \/>\n<meta property=\"og:description\" content=\"Click Here for English Nos \u00faltimos oito anos, o Museu da Rocinha Sankofa &#8211; Mem\u00f3ria e Hist\u00f3ria, na Zona Sul do Rio, vem trabalhando para recuperar a mem\u00f3ria coletiva e hist\u00f3ria da favela, dando aos [...]\" \/>\n<meta property=\"og:url\" content=\"https:\/\/rioonwatch.org.br\/?p=22823\" \/>\n<meta property=\"og:site_name\" content=\"RioOnWatch\" \/>\n<meta property=\"article:published_time\" content=\"2016-10-12T12:00:21+00:00\" \/>\n<meta property=\"article:modified_time\" content=\"2024-06-20T16:46:32+00:00\" \/>\n<meta property=\"og:image\" content=\"https:\/\/rioonwatch.org.br\/wp-content\/uploads\/2016\/10\/Sankofamural-1.jpg\" \/>\n\t<meta property=\"og:image:width\" content=\"2000\" \/>\n\t<meta property=\"og:image:height\" content=\"1000\" \/>\n\t<meta property=\"og:image:type\" content=\"image\/jpeg\" \/>\n<meta name=\"author\" content=\"Admin\" \/>\n<meta name=\"twitter:card\" content=\"summary_large_image\" \/>\n<meta name=\"twitter:label1\" content=\"Escrito por\" \/>\n\t<meta name=\"twitter:data1\" content=\"Admin\" \/>\n\t<meta name=\"twitter:label2\" content=\"Est. tempo de leitura\" \/>\n\t<meta name=\"twitter:data2\" content=\"4 minutos\" \/>\n<script type=\"application\/ld+json\" class=\"yoast-schema-graph\">{\"@context\":\"https:\/\/schema.org\",\"@graph\":[{\"@type\":\"Article\",\"@id\":\"https:\/\/rioonwatch.org.br\/?p=22823#article\",\"isPartOf\":{\"@id\":\"https:\/\/rioonwatch.org.br\/?p=22823\"},\"author\":{\"name\":\"Admin\",\"@id\":\"https:\/\/rioonwatch.org.br\/#\/schema\/person\/11d64c290506f9df50c71b850c473f68\"},\"headline\":\"Museu Sankofa da Rocinha Preserva Hist\u00f3ria e Mem\u00f3ria dos Moradores\",\"datePublished\":\"2016-10-12T12:00:21+00:00\",\"dateModified\":\"2024-06-20T16:46:32+00:00\",\"mainEntityOfPage\":{\"@id\":\"https:\/\/rioonwatch.org.br\/?p=22823\"},\"wordCount\":838,\"publisher\":{\"@id\":\"https:\/\/rioonwatch.org.br\/#organization\"},\"image\":{\"@id\":\"https:\/\/rioonwatch.org.br\/?p=22823#primaryimage\"},\"thumbnailUrl\":\"https:\/\/rioonwatch.org.br\/wp-content\/uploads\/2016\/10\/Sankofamural-1.jpg\",\"keywords\":[\"Favela Tours Comunit\u00e1rios\",\"hist\u00f3ria\",\"hist\u00f3ria oral\",\"Mem\u00f3rias Faveladas\",\"museu\",\"Museu comunit\u00e1rio\",\"Museu da Rocinha Sankofa\",\"resist\u00eancia\",\"Rocinha\",\"solu\u00e7\u00e3o comunit\u00e1ria\",\"Zona Sul\"],\"articleSection\":[\"Cultura da Favela\",\"Escrito por Aliados\",\"Qualidades da Favela\",\"Solu\u00e7\u00f5es\"],\"inLanguage\":\"pt-BR\"},{\"@type\":\"WebPage\",\"@id\":\"https:\/\/rioonwatch.org.br\/?p=22823\",\"url\":\"https:\/\/rioonwatch.org.br\/?p=22823\",\"name\":\"Museu Sankofa da Rocinha Preserva Hist\u00f3ria e Mem\u00f3ria dos Moradores - RioOnWatch\",\"isPartOf\":{\"@id\":\"https:\/\/rioonwatch.org.br\/#website\"},\"primaryImageOfPage\":{\"@id\":\"https:\/\/rioonwatch.org.br\/?p=22823#primaryimage\"},\"image\":{\"@id\":\"https:\/\/rioonwatch.org.br\/?p=22823#primaryimage\"},\"thumbnailUrl\":\"https:\/\/rioonwatch.org.br\/wp-content\/uploads\/2016\/10\/Sankofamural-1.jpg\",\"datePublished\":\"2016-10-12T12:00:21+00:00\",\"dateModified\":\"2024-06-20T16:46:32+00:00\",\"breadcrumb\":{\"@id\":\"https:\/\/rioonwatch.org.br\/?p=22823#breadcrumb\"},\"inLanguage\":\"pt-BR\",\"potentialAction\":[{\"@type\":\"ReadAction\",\"target\":[\"https:\/\/rioonwatch.org.br\/?p=22823\"]}]},{\"@type\":\"ImageObject\",\"inLanguage\":\"pt-BR\",\"@id\":\"https:\/\/rioonwatch.org.br\/?p=22823#primaryimage\",\"url\":\"https:\/\/rioonwatch.org.br\/wp-content\/uploads\/2016\/10\/Sankofamural-1.jpg\",\"contentUrl\":\"https:\/\/rioonwatch.org.br\/wp-content\/uploads\/2016\/10\/Sankofamural-1.jpg\",\"width\":2000,\"height\":1000},{\"@type\":\"BreadcrumbList\",\"@id\":\"https:\/\/rioonwatch.org.br\/?p=22823#breadcrumb\",\"itemListElement\":[{\"@type\":\"ListItem\",\"position\":1,\"name\":\"In\u00edcio\",\"item\":\"https:\/\/rioonwatch.org.br\/\"},{\"@type\":\"ListItem\",\"position\":2,\"name\":\"Museu Sankofa da Rocinha Preserva Hist\u00f3ria e Mem\u00f3ria dos Moradores\"}]},{\"@type\":\"WebSite\",\"@id\":\"https:\/\/rioonwatch.org.br\/#website\",\"url\":\"https:\/\/rioonwatch.org.br\/\",\"name\":\"RioOnWatch\",\"description\":\"relatos das favelas cariocas\",\"publisher\":{\"@id\":\"https:\/\/rioonwatch.org.br\/#organization\"},\"potentialAction\":[{\"@type\":\"SearchAction\",\"target\":{\"@type\":\"EntryPoint\",\"urlTemplate\":\"https:\/\/rioonwatch.org.br\/?s={search_term_string}\"},\"query-input\":{\"@type\":\"PropertyValueSpecification\",\"valueRequired\":true,\"valueName\":\"search_term_string\"}}],\"inLanguage\":\"pt-BR\"},{\"@type\":\"Organization\",\"@id\":\"https:\/\/rioonwatch.org.br\/#organization\",\"name\":\"RioOnWatch\",\"url\":\"https:\/\/rioonwatch.org.br\/\",\"logo\":{\"@type\":\"ImageObject\",\"inLanguage\":\"pt-BR\",\"@id\":\"https:\/\/rioonwatch.org.br\/#\/schema\/logo\/image\/\",\"url\":\"https:\/\/rioonwatch.org.br\/wp-content\/uploads\/2021\/06\/RioOnWatchcabecalhoPT11anos-2.png\",\"contentUrl\":\"https:\/\/rioonwatch.org.br\/wp-content\/uploads\/2021\/06\/RioOnWatchcabecalhoPT11anos-2.png\",\"width\":779,\"height\":277,\"caption\":\"RioOnWatch\"},\"image\":{\"@id\":\"https:\/\/rioonwatch.org.br\/#\/schema\/logo\/image\/\"}},{\"@type\":\"Person\",\"@id\":\"https:\/\/rioonwatch.org.br\/#\/schema\/person\/11d64c290506f9df50c71b850c473f68\",\"name\":\"Admin\",\"image\":{\"@type\":\"ImageObject\",\"inLanguage\":\"pt-BR\",\"@id\":\"https:\/\/rioonwatch.org.br\/#\/schema\/person\/image\/\",\"url\":\"https:\/\/secure.gravatar.com\/avatar\/56211ac74568383903349a1485e3c325?s=96&d=blank&r=g\",\"contentUrl\":\"https:\/\/secure.gravatar.com\/avatar\/56211ac74568383903349a1485e3c325?s=96&d=blank&r=g\",\"caption\":\"Admin\"},\"url\":\"https:\/\/rioonwatch.org.br\/?author=129\"}]}<\/script>\n<!-- \/ Yoast SEO plugin. -->","yoast_head_json":{"title":"Museu Sankofa da Rocinha Preserva Hist\u00f3ria e Mem\u00f3ria dos Moradores - RioOnWatch","robots":{"index":"index","follow":"follow","max-snippet":"max-snippet:-1","max-image-preview":"max-image-preview:large","max-video-preview":"max-video-preview:-1"},"canonical":"https:\/\/rioonwatch.org.br\/?p=22823","og_locale":"pt_BR","og_type":"article","og_title":"Museu Sankofa da Rocinha Preserva Hist\u00f3ria e Mem\u00f3ria dos Moradores - RioOnWatch","og_description":"Click Here for English Nos \u00faltimos oito anos, o Museu da Rocinha Sankofa &#8211; Mem\u00f3ria e Hist\u00f3ria, na Zona Sul do Rio, vem trabalhando para recuperar a mem\u00f3ria coletiva e hist\u00f3ria da favela, dando aos [...]","og_url":"https:\/\/rioonwatch.org.br\/?p=22823","og_site_name":"RioOnWatch","article_published_time":"2016-10-12T12:00:21+00:00","article_modified_time":"2024-06-20T16:46:32+00:00","og_image":[{"width":2000,"height":1000,"url":"https:\/\/rioonwatch.org.br\/wp-content\/uploads\/2016\/10\/Sankofamural-1.jpg","type":"image\/jpeg"}],"author":"Admin","twitter_card":"summary_large_image","twitter_misc":{"Escrito por":"Admin","Est. tempo de leitura":"4 minutos"},"schema":{"@context":"https:\/\/schema.org","@graph":[{"@type":"Article","@id":"https:\/\/rioonwatch.org.br\/?p=22823#article","isPartOf":{"@id":"https:\/\/rioonwatch.org.br\/?p=22823"},"author":{"name":"Admin","@id":"https:\/\/rioonwatch.org.br\/#\/schema\/person\/11d64c290506f9df50c71b850c473f68"},"headline":"Museu Sankofa da Rocinha Preserva Hist\u00f3ria e Mem\u00f3ria dos Moradores","datePublished":"2016-10-12T12:00:21+00:00","dateModified":"2024-06-20T16:46:32+00:00","mainEntityOfPage":{"@id":"https:\/\/rioonwatch.org.br\/?p=22823"},"wordCount":838,"publisher":{"@id":"https:\/\/rioonwatch.org.br\/#organization"},"image":{"@id":"https:\/\/rioonwatch.org.br\/?p=22823#primaryimage"},"thumbnailUrl":"https:\/\/rioonwatch.org.br\/wp-content\/uploads\/2016\/10\/Sankofamural-1.jpg","keywords":["Favela Tours Comunit\u00e1rios","hist\u00f3ria","hist\u00f3ria oral","Mem\u00f3rias Faveladas","museu","Museu comunit\u00e1rio","Museu da Rocinha Sankofa","resist\u00eancia","Rocinha","solu\u00e7\u00e3o comunit\u00e1ria","Zona Sul"],"articleSection":["Cultura da Favela","Escrito por Aliados","Qualidades da Favela","Solu\u00e7\u00f5es"],"inLanguage":"pt-BR"},{"@type":"WebPage","@id":"https:\/\/rioonwatch.org.br\/?p=22823","url":"https:\/\/rioonwatch.org.br\/?p=22823","name":"Museu Sankofa da Rocinha Preserva Hist\u00f3ria e Mem\u00f3ria dos Moradores - RioOnWatch","isPartOf":{"@id":"https:\/\/rioonwatch.org.br\/#website"},"primaryImageOfPage":{"@id":"https:\/\/rioonwatch.org.br\/?p=22823#primaryimage"},"image":{"@id":"https:\/\/rioonwatch.org.br\/?p=22823#primaryimage"},"thumbnailUrl":"https:\/\/rioonwatch.org.br\/wp-content\/uploads\/2016\/10\/Sankofamural-1.jpg","datePublished":"2016-10-12T12:00:21+00:00","dateModified":"2024-06-20T16:46:32+00:00","breadcrumb":{"@id":"https:\/\/rioonwatch.org.br\/?p=22823#breadcrumb"},"inLanguage":"pt-BR","potentialAction":[{"@type":"ReadAction","target":["https:\/\/rioonwatch.org.br\/?p=22823"]}]},{"@type":"ImageObject","inLanguage":"pt-BR","@id":"https:\/\/rioonwatch.org.br\/?p=22823#primaryimage","url":"https:\/\/rioonwatch.org.br\/wp-content\/uploads\/2016\/10\/Sankofamural-1.jpg","contentUrl":"https:\/\/rioonwatch.org.br\/wp-content\/uploads\/2016\/10\/Sankofamural-1.jpg","width":2000,"height":1000},{"@type":"BreadcrumbList","@id":"https:\/\/rioonwatch.org.br\/?p=22823#breadcrumb","itemListElement":[{"@type":"ListItem","position":1,"name":"In\u00edcio","item":"https:\/\/rioonwatch.org.br\/"},{"@type":"ListItem","position":2,"name":"Museu Sankofa da Rocinha Preserva Hist\u00f3ria e Mem\u00f3ria dos Moradores"}]},{"@type":"WebSite","@id":"https:\/\/rioonwatch.org.br\/#website","url":"https:\/\/rioonwatch.org.br\/","name":"RioOnWatch","description":"relatos das favelas cariocas","publisher":{"@id":"https:\/\/rioonwatch.org.br\/#organization"},"potentialAction":[{"@type":"SearchAction","target":{"@type":"EntryPoint","urlTemplate":"https:\/\/rioonwatch.org.br\/?s={search_term_string}"},"query-input":{"@type":"PropertyValueSpecification","valueRequired":true,"valueName":"search_term_string"}}],"inLanguage":"pt-BR"},{"@type":"Organization","@id":"https:\/\/rioonwatch.org.br\/#organization","name":"RioOnWatch","url":"https:\/\/rioonwatch.org.br\/","logo":{"@type":"ImageObject","inLanguage":"pt-BR","@id":"https:\/\/rioonwatch.org.br\/#\/schema\/logo\/image\/","url":"https:\/\/rioonwatch.org.br\/wp-content\/uploads\/2021\/06\/RioOnWatchcabecalhoPT11anos-2.png","contentUrl":"https:\/\/rioonwatch.org.br\/wp-content\/uploads\/2021\/06\/RioOnWatchcabecalhoPT11anos-2.png","width":779,"height":277,"caption":"RioOnWatch"},"image":{"@id":"https:\/\/rioonwatch.org.br\/#\/schema\/logo\/image\/"}},{"@type":"Person","@id":"https:\/\/rioonwatch.org.br\/#\/schema\/person\/11d64c290506f9df50c71b850c473f68","name":"Admin","image":{"@type":"ImageObject","inLanguage":"pt-BR","@id":"https:\/\/rioonwatch.org.br\/#\/schema\/person\/image\/","url":"https:\/\/secure.gravatar.com\/avatar\/56211ac74568383903349a1485e3c325?s=96&d=blank&r=g","contentUrl":"https:\/\/secure.gravatar.com\/avatar\/56211ac74568383903349a1485e3c325?s=96&d=blank&r=g","caption":"Admin"},"url":"https:\/\/rioonwatch.org.br\/?author=129"}]}},"_links":{"self":[{"href":"https:\/\/rioonwatch.org.br\/index.php?rest_route=\/wp\/v2\/posts\/22823"}],"collection":[{"href":"https:\/\/rioonwatch.org.br\/index.php?rest_route=\/wp\/v2\/posts"}],"about":[{"href":"https:\/\/rioonwatch.org.br\/index.php?rest_route=\/wp\/v2\/types\/post"}],"author":[{"embeddable":true,"href":"https:\/\/rioonwatch.org.br\/index.php?rest_route=\/wp\/v2\/users\/129"}],"replies":[{"embeddable":true,"href":"https:\/\/rioonwatch.org.br\/index.php?rest_route=%2Fwp%2Fv2%2Fcomments&post=22823"}],"version-history":[{"count":13,"href":"https:\/\/rioonwatch.org.br\/index.php?rest_route=\/wp\/v2\/posts\/22823\/revisions"}],"predecessor-version":[{"id":33621,"href":"https:\/\/rioonwatch.org.br\/index.php?rest_route=\/wp\/v2\/posts\/22823\/revisions\/33621"}],"wp:featuredmedia":[{"embeddable":true,"href":"https:\/\/rioonwatch.org.br\/index.php?rest_route=\/wp\/v2\/media\/22829"}],"wp:attachment":[{"href":"https:\/\/rioonwatch.org.br\/index.php?rest_route=%2Fwp%2Fv2%2Fmedia&parent=22823"}],"wp:term":[{"taxonomy":"category","embeddable":true,"href":"https:\/\/rioonwatch.org.br\/index.php?rest_route=%2Fwp%2Fv2%2Fcategories&post=22823"},{"taxonomy":"post_tag","embeddable":true,"href":"https:\/\/rioonwatch.org.br\/index.php?rest_route=%2Fwp%2Fv2%2Ftags&post=22823"},{"taxonomy":"writer","embeddable":true,"href":"https:\/\/rioonwatch.org.br\/index.php?rest_route=%2Fwp%2Fv2%2Fwriter&post=22823"},{"taxonomy":"translator","embeddable":true,"href":"https:\/\/rioonwatch.org.br\/index.php?rest_route=%2Fwp%2Fv2%2Ftranslator&post=22823"},{"taxonomy":"source","embeddable":true,"href":"https:\/\/rioonwatch.org.br\/index.php?rest_route=%2Fwp%2Fv2%2Fsource&post=22823"},{"taxonomy":"ilustrador","embeddable":true,"href":"https:\/\/rioonwatch.org.br\/index.php?rest_route=%2Fwp%2Fv2%2Filustrador&post=22823"},{"taxonomy":"fotografo","embeddable":true,"href":"https:\/\/rioonwatch.org.br\/index.php?rest_route=%2Fwp%2Fv2%2Ffotografo&post=22823"}],"curies":[{"name":"wp","href":"https:\/\/api.w.org\/{rel}","templated":true}]}}