{"id":22856,"date":"2016-10-12T07:35:37","date_gmt":"2016-10-12T10:35:37","guid":{"rendered":"http:\/\/rioonwatch.org.br\/?p=22856"},"modified":"2016-10-12T07:35:37","modified_gmt":"2016-10-12T10:35:37","slug":"policiais-militares-sao-acusados-pela-morte-de-jovem-em-trindade-paraty","status":"publish","type":"post","link":"https:\/\/rioonwatch.org.br\/?p=22856","title":{"rendered":"Policiais Militares S\u00e3o Acusados Pela Morte de Jovem em Trindade, Paraty"},"content":{"rendered":"<p style=\"text-align: right;\"><em><strong><a href=\"http:\/\/bit.ly\/2dHmKSI\" target=\"_blank\">Click Here for English<img decoding=\"async\" width=\"20\" height=\"20\" class=\"alignright wp-image-15790\" src=\"http:\/\/rioonwatch.org.br\/wp-content\/uploads\/2012\/08\/EN-standard-e1439583104716.jpg\" alt=\"\" \/><\/a><\/strong><\/em><\/p>\n<p><span style=\"font-weight: 400;\">Em 4 de outubro, o Minist\u00e9rio P\u00fablico do Estado do Rio de Janeiro <a href=\"http:\/\/glo.bo\/2e5GXVx\" target=\"_blank\">entrou com uma queixa formal contra os dois policiais militares<\/a> suspeitos de assassinar Jaison Caique Sampaio dos Santos, de 23 anos, e de tentar assassinar o seu irm\u00e3o Jedson Allison Sampaio dos Santos, em junho, em Trindade, <a href=\"http:\/\/bit.ly\/2dIPhqR\" target=\"_blank\">Paraty<\/a>, no Estado do Rio de Janeiro. Os policiais Cl\u00e1udio Antonio da Fonseca, conhecido como &#8220;Godo&#8221;, e Udson de Oliveira est\u00e3o sendo acusados de homic\u00eddio e tentativa de homic\u00eddio.<\/span><\/p>\n<p><span style=\"font-weight: 400;\"><a href=\"http:\/\/glo.bo\/28V6jiD\" target=\"_blank\">De manh\u00e3 cedo no dia 2 de junho<\/a>, Jaison e seu irm\u00e3o Jedson foram baleados em sua casa, em uma \u00e1rea rural da comunidade, \u00e0 beira-mar. Jaison foi morto, mas Jedson conseguiu escapar. <a href=\"http:\/\/bit.ly\/2dp0YRL\" target=\"_blank\">Segundo o Minist\u00e9rio P\u00fablico<\/a>, os dois policiais militares estavam ilegalmente trabalhando como seguran\u00e7as privados para a empresa imobili\u00e1ria TDT, Trindade Desenvolvimento Territorial, que est\u00e1 em uma disputa de terras com moradores tradicionais de Trindade por d\u00e9cadas.<\/span><\/p>\n<p><span style=\"font-weight: 400;\">Trindade era uma comunidade cai\u00e7ara tradicional de pescadores, e muitos moradores ainda se identificam como tal, embora recentemente Trindade, com suas praias pitorescas, tenha se transformado em um p\u00f3lo tur\u00edstico. TDT tinha representantes armados na comunidade, e tens\u00f5es entre moradores e representantes da TDT se instalaram ao longo do tempo, culminando na morte de Jaison.<\/span><\/p>\n<p><span style=\"font-weight: 400;\">Em resposta, os membros da comunidade expulsaram os representantes restantes da TDT. Eles recuperaram o espa\u00e7o ocupado e o transformaram em um centro comunit\u00e1rio, uma a\u00e7\u00e3o aprovada pelo prefeito de Paraty. No final de junho, uma <a href=\"http:\/\/bit.ly\/2aA8fkP\" target=\"_blank\">audi\u00eancia p\u00fablica<\/a> foi organizada pela <a href=\"http:\/\/bit.ly\/2cYeoGh\" target=\"_blank\">Comiss\u00e3o de Direitos Humanos<\/a> da Alerj, para os moradores expressarem suas queixas e exigirem justi\u00e7a pela morte de Jaison.<\/span><\/p>\n<p><a href=\"http:\/\/rioonwatch.org.br\/wp-content\/uploads\/2016\/10\/IMG_3925.jpg\"><img fetchpriority=\"high\" decoding=\"async\" class=\"aligncenter wp-image-22859 size-content\" title=\"Audi\u00eancia p\u00fablica em Paraty. Foto por Luis Felipe Marques\" src=\"http:\/\/rioonwatch.org.br\/wp-content\/uploads\/2016\/10\/IMG_3925-620x264.jpg\" alt=\"img_3925\" width=\"620\" height=\"264\" srcset=\"https:\/\/rioonwatch.org.br\/wp-content\/uploads\/2016\/10\/IMG_3925-620x264.jpg 620w, https:\/\/rioonwatch.org.br\/wp-content\/uploads\/2016\/10\/IMG_3925-940x400.jpg 940w\" sizes=\"(max-width: 620px) 100vw, 620px\" \/><\/a><\/p>\n<p><span style=\"font-weight: 400;\">Os policiais se entregaram \u00e0 167\u00aa Delegacia de Pol\u00edcia (Paraty) e foram detidos pela Pol\u00edcia Militar do Estado do Rio de Janeiro (PMERJ) durante 72 horas, antes de serem libertados e <a href=\"http:\/\/glo.bo\/2e5HnLf\" target=\"_blank\">colocados em servi\u00e7o administrativo<\/a>.<\/span><\/p>\n<p><span style=\"font-weight: 400;\">Neste momento, a den\u00fancia apresentada pelo Minist\u00e9rio P\u00fablico deve ir para os tribunais e, em seguida, avan\u00e7ar para julgamento. Se condenados, os policiais podem pegar at\u00e9 20 anos de pris\u00e3o.<\/span><\/p>\n<!-- AddThis Advanced Settings generic via filter on the_content --><!-- AddThis Share Buttons generic via filter on the_content -->","protected":false},"excerpt":{"rendered":"<div class=\"mh-excerpt\"><p>Click Here for English Em 4 de outubro, o Minist\u00e9rio P\u00fablico do Estado do Rio de Janeiro entrou com uma queixa formal contra os dois policiais militares suspeitos de assassinar Jaison Caique Sampaio dos Santos, <a class=\"mh-excerpt-more\" href=\"https:\/\/rioonwatch.org.br\/?p=22856\" title=\"Policiais Militares S\u00e3o Acusados Pela Morte de Jovem em Trindade, Paraty\">[&#8230;]<\/a><!-- AddThis Advanced Settings generic via filter on get_the_excerpt --><!-- AddThis Share Buttons generic via filter on get_the_excerpt --><\/p>\n<\/div>","protected":false},"author":129,"featured_media":22858,"comment_status":"closed","ping_status":"closed","sticky":false,"template":"","format":"standard","meta":{"_acf_changed":false,"_monsterinsights_skip_tracking":false,"_monsterinsights_sitenote_active":false,"_monsterinsights_sitenote_note":"","_monsterinsights_sitenote_category":0,"footnotes":""},"categories":[346,1626],"tags":[1852,738,1515,1659,550,88,1660,1925,304,774,1924,30],"writer":[1708],"translator":[1971],"source":[],"ilustrador":[],"fotografo":[],"class_list":{"0":"post-22856","1":"post","2":"type-post","3":"status-publish","4":"format-standard","5":"has-post-thumbnail","7":"category-denuncias","8":"category-por-observadores-internacionais","9":"tag-alerj","10":"tag-colonia-de-pescadores","11":"tag-comissao-de-direitos-humanos-alerj","12":"tag-costa-verde","13":"tag-direito-a-terra","14":"tag-direitos-humanos","15":"tag-estado-do-rio","16":"tag-paraty","17":"tag-participacao","18":"tag-policia-militar","19":"tag-trindade","20":"tag-violencia","21":"writer-claire-lepercq","22":"translator-geovanna-giannini"},"acf":[],"yoast_head":"<!-- This site is optimized with the Yoast SEO plugin v25.6 - https:\/\/yoast.com\/wordpress\/plugins\/seo\/ -->\n<title>Policiais Militares S\u00e3o Acusados Pela Morte de Jovem em Trindade, Paraty - RioOnWatch<\/title>\n<meta name=\"robots\" content=\"index, follow, max-snippet:-1, max-image-preview:large, max-video-preview:-1\" \/>\n<link rel=\"canonical\" href=\"https:\/\/rioonwatch.org.br\/?p=22856\" \/>\n<meta property=\"og:locale\" content=\"pt_BR\" \/>\n<meta property=\"og:type\" content=\"article\" \/>\n<meta property=\"og:title\" content=\"Policiais Militares S\u00e3o Acusados Pela Morte de Jovem em Trindade, Paraty - RioOnWatch\" \/>\n<meta property=\"og:description\" content=\"Click Here for English Em 4 de outubro, o Minist\u00e9rio P\u00fablico do Estado do Rio de Janeiro entrou com uma queixa formal contra os dois policiais militares suspeitos de assassinar Jaison Caique Sampaio dos Santos, [...]\" \/>\n<meta property=\"og:url\" content=\"https:\/\/rioonwatch.org.br\/?p=22856\" \/>\n<meta property=\"og:site_name\" content=\"RioOnWatch\" \/>\n<meta property=\"article:published_time\" content=\"2016-10-12T10:35:37+00:00\" \/>\n<meta property=\"og:image\" content=\"https:\/\/rioonwatch.org.br\/wp-content\/uploads\/2016\/10\/IMG_20160723_130946181_HDR-scaled.jpg\" \/>\n\t<meta property=\"og:image:width\" content=\"2560\" \/>\n\t<meta property=\"og:image:height\" content=\"1920\" \/>\n\t<meta property=\"og:image:type\" content=\"image\/jpeg\" \/>\n<meta name=\"author\" content=\"Admin\" \/>\n<meta name=\"twitter:card\" content=\"summary_large_image\" \/>\n<meta name=\"twitter:label1\" content=\"Escrito por\" \/>\n\t<meta name=\"twitter:data1\" content=\"Admin\" \/>\n\t<meta name=\"twitter:label2\" content=\"Est. tempo de leitura\" \/>\n\t<meta name=\"twitter:data2\" content=\"2 minutos\" \/>\n<script type=\"application\/ld+json\" class=\"yoast-schema-graph\">{\"@context\":\"https:\/\/schema.org\",\"@graph\":[{\"@type\":\"Article\",\"@id\":\"https:\/\/rioonwatch.org.br\/?p=22856#article\",\"isPartOf\":{\"@id\":\"https:\/\/rioonwatch.org.br\/?p=22856\"},\"author\":{\"name\":\"Admin\",\"@id\":\"https:\/\/rioonwatch.org.br\/#\/schema\/person\/11d64c290506f9df50c71b850c473f68\"},\"headline\":\"Policiais Militares S\u00e3o Acusados Pela Morte de Jovem em Trindade, Paraty\",\"datePublished\":\"2016-10-12T10:35:37+00:00\",\"mainEntityOfPage\":{\"@id\":\"https:\/\/rioonwatch.org.br\/?p=22856\"},\"wordCount\":368,\"publisher\":{\"@id\":\"https:\/\/rioonwatch.org.br\/#organization\"},\"image\":{\"@id\":\"https:\/\/rioonwatch.org.br\/?p=22856#primaryimage\"},\"thumbnailUrl\":\"https:\/\/rioonwatch.org.br\/wp-content\/uploads\/2016\/10\/IMG_20160723_130946181_HDR-scaled.jpg\",\"keywords\":[\"Alerj\",\"col\u00f4nia de pescadores\",\"Comiss\u00e3o de Direitos Humanos - Alerj\",\"Costa Verde\",\"direito \u00e0 terra\",\"Direitos Humanos\",\"Estado do Rio\",\"Paraty\",\"participa\u00e7\u00e3o\",\"Pol\u00edcia Militar\",\"Trindade\",\"viol\u00eancia\"],\"articleSection\":[\"Den\u00fancias\",\"Escrito por Aliados\"],\"inLanguage\":\"pt-BR\"},{\"@type\":\"WebPage\",\"@id\":\"https:\/\/rioonwatch.org.br\/?p=22856\",\"url\":\"https:\/\/rioonwatch.org.br\/?p=22856\",\"name\":\"Policiais Militares S\u00e3o Acusados Pela Morte de Jovem em Trindade, Paraty - RioOnWatch\",\"isPartOf\":{\"@id\":\"https:\/\/rioonwatch.org.br\/#website\"},\"primaryImageOfPage\":{\"@id\":\"https:\/\/rioonwatch.org.br\/?p=22856#primaryimage\"},\"image\":{\"@id\":\"https:\/\/rioonwatch.org.br\/?p=22856#primaryimage\"},\"thumbnailUrl\":\"https:\/\/rioonwatch.org.br\/wp-content\/uploads\/2016\/10\/IMG_20160723_130946181_HDR-scaled.jpg\",\"datePublished\":\"2016-10-12T10:35:37+00:00\",\"breadcrumb\":{\"@id\":\"https:\/\/rioonwatch.org.br\/?p=22856#breadcrumb\"},\"inLanguage\":\"pt-BR\",\"potentialAction\":[{\"@type\":\"ReadAction\",\"target\":[\"https:\/\/rioonwatch.org.br\/?p=22856\"]}]},{\"@type\":\"ImageObject\",\"inLanguage\":\"pt-BR\",\"@id\":\"https:\/\/rioonwatch.org.br\/?p=22856#primaryimage\",\"url\":\"https:\/\/rioonwatch.org.br\/wp-content\/uploads\/2016\/10\/IMG_20160723_130946181_HDR-scaled.jpg\",\"contentUrl\":\"https:\/\/rioonwatch.org.br\/wp-content\/uploads\/2016\/10\/IMG_20160723_130946181_HDR-scaled.jpg\",\"width\":2560,\"height\":1920},{\"@type\":\"BreadcrumbList\",\"@id\":\"https:\/\/rioonwatch.org.br\/?p=22856#breadcrumb\",\"itemListElement\":[{\"@type\":\"ListItem\",\"position\":1,\"name\":\"In\u00edcio\",\"item\":\"https:\/\/rioonwatch.org.br\/\"},{\"@type\":\"ListItem\",\"position\":2,\"name\":\"Policiais Militares S\u00e3o Acusados Pela Morte de Jovem em Trindade, Paraty\"}]},{\"@type\":\"WebSite\",\"@id\":\"https:\/\/rioonwatch.org.br\/#website\",\"url\":\"https:\/\/rioonwatch.org.br\/\",\"name\":\"RioOnWatch\",\"description\":\"relatos das favelas cariocas\",\"publisher\":{\"@id\":\"https:\/\/rioonwatch.org.br\/#organization\"},\"potentialAction\":[{\"@type\":\"SearchAction\",\"target\":{\"@type\":\"EntryPoint\",\"urlTemplate\":\"https:\/\/rioonwatch.org.br\/?s={search_term_string}\"},\"query-input\":{\"@type\":\"PropertyValueSpecification\",\"valueRequired\":true,\"valueName\":\"search_term_string\"}}],\"inLanguage\":\"pt-BR\"},{\"@type\":\"Organization\",\"@id\":\"https:\/\/rioonwatch.org.br\/#organization\",\"name\":\"RioOnWatch\",\"url\":\"https:\/\/rioonwatch.org.br\/\",\"logo\":{\"@type\":\"ImageObject\",\"inLanguage\":\"pt-BR\",\"@id\":\"https:\/\/rioonwatch.org.br\/#\/schema\/logo\/image\/\",\"url\":\"https:\/\/rioonwatch.org.br\/wp-content\/uploads\/2021\/06\/RioOnWatchcabecalhoPT11anos-2.png\",\"contentUrl\":\"https:\/\/rioonwatch.org.br\/wp-content\/uploads\/2021\/06\/RioOnWatchcabecalhoPT11anos-2.png\",\"width\":779,\"height\":277,\"caption\":\"RioOnWatch\"},\"image\":{\"@id\":\"https:\/\/rioonwatch.org.br\/#\/schema\/logo\/image\/\"}},{\"@type\":\"Person\",\"@id\":\"https:\/\/rioonwatch.org.br\/#\/schema\/person\/11d64c290506f9df50c71b850c473f68\",\"name\":\"Admin\",\"image\":{\"@type\":\"ImageObject\",\"inLanguage\":\"pt-BR\",\"@id\":\"https:\/\/rioonwatch.org.br\/#\/schema\/person\/image\/\",\"url\":\"https:\/\/secure.gravatar.com\/avatar\/56211ac74568383903349a1485e3c325?s=96&d=blank&r=g\",\"contentUrl\":\"https:\/\/secure.gravatar.com\/avatar\/56211ac74568383903349a1485e3c325?s=96&d=blank&r=g\",\"caption\":\"Admin\"},\"url\":\"https:\/\/rioonwatch.org.br\/?author=129\"}]}<\/script>\n<!-- \/ Yoast SEO plugin. -->","yoast_head_json":{"title":"Policiais Militares S\u00e3o Acusados Pela Morte de Jovem em Trindade, Paraty - RioOnWatch","robots":{"index":"index","follow":"follow","max-snippet":"max-snippet:-1","max-image-preview":"max-image-preview:large","max-video-preview":"max-video-preview:-1"},"canonical":"https:\/\/rioonwatch.org.br\/?p=22856","og_locale":"pt_BR","og_type":"article","og_title":"Policiais Militares S\u00e3o Acusados Pela Morte de Jovem em Trindade, Paraty - RioOnWatch","og_description":"Click Here for English Em 4 de outubro, o Minist\u00e9rio P\u00fablico do Estado do Rio de Janeiro entrou com uma queixa formal contra os dois policiais militares suspeitos de assassinar Jaison Caique Sampaio dos Santos, [...]","og_url":"https:\/\/rioonwatch.org.br\/?p=22856","og_site_name":"RioOnWatch","article_published_time":"2016-10-12T10:35:37+00:00","og_image":[{"width":2560,"height":1920,"url":"https:\/\/rioonwatch.org.br\/wp-content\/uploads\/2016\/10\/IMG_20160723_130946181_HDR-scaled.jpg","type":"image\/jpeg"}],"author":"Admin","twitter_card":"summary_large_image","twitter_misc":{"Escrito por":"Admin","Est. tempo de leitura":"2 minutos"},"schema":{"@context":"https:\/\/schema.org","@graph":[{"@type":"Article","@id":"https:\/\/rioonwatch.org.br\/?p=22856#article","isPartOf":{"@id":"https:\/\/rioonwatch.org.br\/?p=22856"},"author":{"name":"Admin","@id":"https:\/\/rioonwatch.org.br\/#\/schema\/person\/11d64c290506f9df50c71b850c473f68"},"headline":"Policiais Militares S\u00e3o Acusados Pela Morte de Jovem em Trindade, Paraty","datePublished":"2016-10-12T10:35:37+00:00","mainEntityOfPage":{"@id":"https:\/\/rioonwatch.org.br\/?p=22856"},"wordCount":368,"publisher":{"@id":"https:\/\/rioonwatch.org.br\/#organization"},"image":{"@id":"https:\/\/rioonwatch.org.br\/?p=22856#primaryimage"},"thumbnailUrl":"https:\/\/rioonwatch.org.br\/wp-content\/uploads\/2016\/10\/IMG_20160723_130946181_HDR-scaled.jpg","keywords":["Alerj","col\u00f4nia de pescadores","Comiss\u00e3o de Direitos Humanos - Alerj","Costa Verde","direito \u00e0 terra","Direitos Humanos","Estado do Rio","Paraty","participa\u00e7\u00e3o","Pol\u00edcia Militar","Trindade","viol\u00eancia"],"articleSection":["Den\u00fancias","Escrito por Aliados"],"inLanguage":"pt-BR"},{"@type":"WebPage","@id":"https:\/\/rioonwatch.org.br\/?p=22856","url":"https:\/\/rioonwatch.org.br\/?p=22856","name":"Policiais Militares S\u00e3o Acusados Pela Morte de Jovem em Trindade, Paraty - RioOnWatch","isPartOf":{"@id":"https:\/\/rioonwatch.org.br\/#website"},"primaryImageOfPage":{"@id":"https:\/\/rioonwatch.org.br\/?p=22856#primaryimage"},"image":{"@id":"https:\/\/rioonwatch.org.br\/?p=22856#primaryimage"},"thumbnailUrl":"https:\/\/rioonwatch.org.br\/wp-content\/uploads\/2016\/10\/IMG_20160723_130946181_HDR-scaled.jpg","datePublished":"2016-10-12T10:35:37+00:00","breadcrumb":{"@id":"https:\/\/rioonwatch.org.br\/?p=22856#breadcrumb"},"inLanguage":"pt-BR","potentialAction":[{"@type":"ReadAction","target":["https:\/\/rioonwatch.org.br\/?p=22856"]}]},{"@type":"ImageObject","inLanguage":"pt-BR","@id":"https:\/\/rioonwatch.org.br\/?p=22856#primaryimage","url":"https:\/\/rioonwatch.org.br\/wp-content\/uploads\/2016\/10\/IMG_20160723_130946181_HDR-scaled.jpg","contentUrl":"https:\/\/rioonwatch.org.br\/wp-content\/uploads\/2016\/10\/IMG_20160723_130946181_HDR-scaled.jpg","width":2560,"height":1920},{"@type":"BreadcrumbList","@id":"https:\/\/rioonwatch.org.br\/?p=22856#breadcrumb","itemListElement":[{"@type":"ListItem","position":1,"name":"In\u00edcio","item":"https:\/\/rioonwatch.org.br\/"},{"@type":"ListItem","position":2,"name":"Policiais Militares S\u00e3o Acusados Pela Morte de Jovem em Trindade, Paraty"}]},{"@type":"WebSite","@id":"https:\/\/rioonwatch.org.br\/#website","url":"https:\/\/rioonwatch.org.br\/","name":"RioOnWatch","description":"relatos das favelas cariocas","publisher":{"@id":"https:\/\/rioonwatch.org.br\/#organization"},"potentialAction":[{"@type":"SearchAction","target":{"@type":"EntryPoint","urlTemplate":"https:\/\/rioonwatch.org.br\/?s={search_term_string}"},"query-input":{"@type":"PropertyValueSpecification","valueRequired":true,"valueName":"search_term_string"}}],"inLanguage":"pt-BR"},{"@type":"Organization","@id":"https:\/\/rioonwatch.org.br\/#organization","name":"RioOnWatch","url":"https:\/\/rioonwatch.org.br\/","logo":{"@type":"ImageObject","inLanguage":"pt-BR","@id":"https:\/\/rioonwatch.org.br\/#\/schema\/logo\/image\/","url":"https:\/\/rioonwatch.org.br\/wp-content\/uploads\/2021\/06\/RioOnWatchcabecalhoPT11anos-2.png","contentUrl":"https:\/\/rioonwatch.org.br\/wp-content\/uploads\/2021\/06\/RioOnWatchcabecalhoPT11anos-2.png","width":779,"height":277,"caption":"RioOnWatch"},"image":{"@id":"https:\/\/rioonwatch.org.br\/#\/schema\/logo\/image\/"}},{"@type":"Person","@id":"https:\/\/rioonwatch.org.br\/#\/schema\/person\/11d64c290506f9df50c71b850c473f68","name":"Admin","image":{"@type":"ImageObject","inLanguage":"pt-BR","@id":"https:\/\/rioonwatch.org.br\/#\/schema\/person\/image\/","url":"https:\/\/secure.gravatar.com\/avatar\/56211ac74568383903349a1485e3c325?s=96&d=blank&r=g","contentUrl":"https:\/\/secure.gravatar.com\/avatar\/56211ac74568383903349a1485e3c325?s=96&d=blank&r=g","caption":"Admin"},"url":"https:\/\/rioonwatch.org.br\/?author=129"}]}},"_links":{"self":[{"href":"https:\/\/rioonwatch.org.br\/index.php?rest_route=\/wp\/v2\/posts\/22856"}],"collection":[{"href":"https:\/\/rioonwatch.org.br\/index.php?rest_route=\/wp\/v2\/posts"}],"about":[{"href":"https:\/\/rioonwatch.org.br\/index.php?rest_route=\/wp\/v2\/types\/post"}],"author":[{"embeddable":true,"href":"https:\/\/rioonwatch.org.br\/index.php?rest_route=\/wp\/v2\/users\/129"}],"replies":[{"embeddable":true,"href":"https:\/\/rioonwatch.org.br\/index.php?rest_route=%2Fwp%2Fv2%2Fcomments&post=22856"}],"version-history":[{"count":6,"href":"https:\/\/rioonwatch.org.br\/index.php?rest_route=\/wp\/v2\/posts\/22856\/revisions"}],"predecessor-version":[{"id":22878,"href":"https:\/\/rioonwatch.org.br\/index.php?rest_route=\/wp\/v2\/posts\/22856\/revisions\/22878"}],"wp:featuredmedia":[{"embeddable":true,"href":"https:\/\/rioonwatch.org.br\/index.php?rest_route=\/wp\/v2\/media\/22858"}],"wp:attachment":[{"href":"https:\/\/rioonwatch.org.br\/index.php?rest_route=%2Fwp%2Fv2%2Fmedia&parent=22856"}],"wp:term":[{"taxonomy":"category","embeddable":true,"href":"https:\/\/rioonwatch.org.br\/index.php?rest_route=%2Fwp%2Fv2%2Fcategories&post=22856"},{"taxonomy":"post_tag","embeddable":true,"href":"https:\/\/rioonwatch.org.br\/index.php?rest_route=%2Fwp%2Fv2%2Ftags&post=22856"},{"taxonomy":"writer","embeddable":true,"href":"https:\/\/rioonwatch.org.br\/index.php?rest_route=%2Fwp%2Fv2%2Fwriter&post=22856"},{"taxonomy":"translator","embeddable":true,"href":"https:\/\/rioonwatch.org.br\/index.php?rest_route=%2Fwp%2Fv2%2Ftranslator&post=22856"},{"taxonomy":"source","embeddable":true,"href":"https:\/\/rioonwatch.org.br\/index.php?rest_route=%2Fwp%2Fv2%2Fsource&post=22856"},{"taxonomy":"ilustrador","embeddable":true,"href":"https:\/\/rioonwatch.org.br\/index.php?rest_route=%2Fwp%2Fv2%2Filustrador&post=22856"},{"taxonomy":"fotografo","embeddable":true,"href":"https:\/\/rioonwatch.org.br\/index.php?rest_route=%2Fwp%2Fv2%2Ffotografo&post=22856"}],"curies":[{"name":"wp","href":"https:\/\/api.w.org\/{rel}","templated":true}]}}