{"id":22891,"date":"2016-10-17T03:54:02","date_gmt":"2016-10-17T06:54:02","guid":{"rendered":"http:\/\/rioonwatch.org.br\/?p=22891"},"modified":"2018-09-12T10:26:26","modified_gmt":"2018-09-12T13:26:26","slug":"varios-notaveis-vereadores-que-queremos-foram-eleitos-no-rio","status":"publish","type":"post","link":"https:\/\/rioonwatch.org.br\/?p=22891","title":{"rendered":"V\u00e1rios Not\u00e1veis &#8216;Vereadores Que Queremos&#8217; Foram Eleitos no Rio"},"content":{"rendered":"<p style=\"text-align: right;\"><em><strong><a href=\"http:\/\/bit.ly\/2dJArSl\" target=\"_blank\" rel=\"noopener\">Click Here for English<img decoding=\"async\" width=\"20\" height=\"20\" class=\"alignright wp-image-15790\" src=\"http:\/\/rioonwatch.org.br\/wp-content\/uploads\/2012\/08\/EN-standard-e1439583104716.jpg\" alt=\"\" \/><\/a><\/strong><\/em><\/p>\n<p>As <a href=\"http:\/\/bit.ly\/2dfACU9\" target=\"_blank\" rel=\"noopener\">elei\u00e7\u00f5es municipais<\/a> do dia 2 de outubro produziram alguns resultados not\u00e1veis\u00a0para a <a href=\"http:\/\/bit.ly\/2dV81nj\" target=\"_blank\" rel=\"noopener\">C\u00e2mara dos Vereadores\u00a0do Rio de Janeiro<\/a>. V\u00e1rios candidatos destacados na campanha interpartid\u00e1ria\u00a0<a href=\"http:\/\/bit.ly\/2deYUii\" target=\"_blank\" rel=\"noopener\">Vereadores Que Queremos<\/a> foram eleitos, inclusive dois oriundos de favelas&#8211;<a href=\"http:\/\/glo.bo\/2dCJFQV\" target=\"_blank\" rel=\"noopener\">Marielle\u00a0Franco<\/a> e <a href=\"http:\/\/bit.ly\/2dj3iw8\" target=\"_blank\" rel=\"noopener\">David Miranda<\/a>.<\/p>\n<p>A plataforma <a href=\"http:\/\/bit.ly\/2d3BxXu\" target=\"_blank\" rel=\"noopener\">Vereadores Que Queremos<\/a>\u00a0fornece recursos midi\u00e1ticos e visibilidade para candidatos a vereador que s\u00e3o comprometidos com um processo democr\u00e1tico de base, transparentes e cujos perfis demogr\u00e1ficos refletem a diversidade da sociedade brasileira. O objetivo \u00e9 trabalhar dentro de uma institui\u00e7\u00e3o tradicionalmente corrupta e homog\u00eanea para criar espa\u00e7o para as vozes e participa\u00e7\u00f5es de membros da sociedade menos representados. Essa campanha \u00e9 particularmente importante tendo em vista a <a href=\"http:\/\/bit.ly\/UHFfng\" target=\"_blank\" rel=\"noopener\">natureza corrupta da grande parte da C\u00e2mara dos Vereadores\u00a0do Rio<\/a>. Muitos membros t\u00eam la\u00e7os com <a href=\"http:\/\/bit.ly\/2dMXNGS\" target=\"_blank\" rel=\"noopener\">mil\u00edcias<\/a> e usam m\u00e9todos de campanha suspeitos, tal como manipula\u00e7\u00e3o, suborno e tamb\u00e9m <a href=\"http:\/\/bit.ly\/2e8JFKg\" target=\"_blank\" rel=\"noopener\">eleitoralismo<\/a>: criando pol\u00edticas\u00a0p\u00fablicas\u00a0ou privadas somente para influenciar a vota\u00e7\u00e3o.<\/p>\n<p><a href=\"http:\/\/rioonwatch.org.br\/wp-content\/uploads\/2016\/10\/Marielle-Franco.jpg\"><img fetchpriority=\"high\" decoding=\"async\" class=\"aligncenter wp-image-22897 size-medium\" title=\"Marielle Franco da Mar\u00e9 foi eleita para a C\u00e2mara Municipal do Rio de Janeiro\" src=\"http:\/\/rioonwatch.org.br\/wp-content\/uploads\/2016\/10\/Marielle-Franco-620x413.jpg\" alt=\"marielle-franco\" width=\"620\" height=\"413\" srcset=\"https:\/\/rioonwatch.org.br\/wp-content\/uploads\/2016\/10\/Marielle-Franco-620x413.jpg 620w, https:\/\/rioonwatch.org.br\/wp-content\/uploads\/2016\/10\/Marielle-Franco-396x264.jpg 396w, https:\/\/rioonwatch.org.br\/wp-content\/uploads\/2016\/10\/Marielle-Franco-768x512.jpg 768w, https:\/\/rioonwatch.org.br\/wp-content\/uploads\/2016\/10\/Marielle-Franco-1024x683.jpg 1024w\" sizes=\"(max-width: 620px) 100vw, 620px\" \/><\/a><a href=\"http:\/\/www.rioonwatch.org\/wp-content\/uploads\/2016\/10\/Marielle-Franco.jpg\"><br \/>\n<\/a>Marielle\u00a0Franco se elegeu <a href=\"http:\/\/glo.bo\/2dCJFQV\" target=\"_blank\" rel=\"noopener\">vereadora como a quinta mais votada<\/a> no Rio, uma vit\u00f3ria excepcional, dado que a \u00faltima forma\u00e7\u00e3o da C\u00e2mara dos Vereadores\u00a0s\u00f3 tinha <a href=\"http:\/\/glo.bo\/2dfk7oo\" target=\"_blank\" rel=\"noopener\">seis representantes femininas em um total de 51 membros<\/a>. <a href=\"http:\/\/glo.bo\/2dK8yfd\" target=\"_blank\" rel=\"noopener\">Um artigo pelo jornal <em>Extra<\/em><\/a>, publicado na semana passada, explica que mesmo que muitos outros candidatos para\u00a0vereador advindos e baseados em favelas tenham tido mais votos do que\u00a0Marielle\u00a0Franco dentro das suas pr\u00f3prias favelas, nenhum al\u00e9m da\u00a0Marielle\u00a0realmente ganhou um mandato esse ano. Marielle\u00a0ganhou somente 1.688 votos na sua comunidade do <a href=\"http:\/\/bit.ly\/10BvARw\" target=\"_blank\" rel=\"noopener\">Complexo da Mar\u00e9<\/a>, comparado com outro morador da Mar\u00e9,\u00a0Del\u00a0do Partido Republicano (PR), que ganhou 8.058 dentro da sua comunidade.<\/p>\n<p><a href=\"http:\/\/rioonwatch.org.br\/wp-content\/uploads\/2016\/10\/Votos-Comunidades-e1476384092294.jpg\"><img decoding=\"async\" class=\"alignright wp-image-22898 size-full\" title=\"Votos dos candidatos de favelas, na sua comunidade e na cidade como um todo. Gr\u00e1fico do Extra.\" src=\"http:\/\/rioonwatch.org.br\/wp-content\/uploads\/2016\/10\/Votos-Comunidades-e1476384092294.jpg\" alt=\"votos-comunidades\" width=\"200\" height=\"415\" \/><\/a><\/p>\n<p>Entretanto,\u00a0Marielle ganhou votos da cidade inteira, mais notavelmente no <a href=\"http:\/\/bit.ly\/1qX7nZG\" target=\"_blank\" rel=\"noopener\">Centro<\/a> e na <a href=\"http:\/\/bit.ly\/1mNsDyk\" target=\"_blank\" rel=\"noopener\">Zona Sul<\/a>, ganhando um total de 46.502 votos. Ela foi a segunda mais votada no <a href=\"http:\/\/bit.ly\/1UfSVGa\" target=\"_blank\" rel=\"noopener\">Jardim\u00a0Bot\u00e2nico<\/a>, na Zona Sul. A mat\u00e9ria do <em>Extra<\/em> tamb\u00e9m destaca os resultados para candidatos baseados nas favelas da <a href=\"http:\/\/bit.ly\/16w2zz1\" target=\"_blank\" rel=\"noopener\">Rocinha<\/a> e <a href=\"http:\/\/bit.ly\/U0MiGm\" target=\"_blank\" rel=\"noopener\">Complexo do Alem\u00e3o<\/a>. Ambos ganharam mais votos dentro das suas pr\u00f3prias comunidades, mas menos de fora.<\/p>\n<p>A vit\u00f3ria da\u00a0Marielle\u00a0n\u00e3o representa a primeira vez que um morador de favela \u00e9 eleito para a C\u00e2mara dos Vereadores. De fato, uma das pessoas no gr\u00e1fico ao lado, Jorginho\u00a0Sos, estava fazendo campanha para a reelei\u00e7\u00e3o. Mesmo assim, em todos os n\u00edveis do governo brasileiro h\u00e1 uma falta cont\u00ednua de representantes negros, e especialmente moradores de favela, al\u00e9m da grande falta de representa\u00e7\u00e3o de mulheres em cargos\u00a0p\u00fablicos. No entanto, a grande popularidade da\u00a0Marielle, particularmente fora da sua comunidade imediata, \u00e9 sem precedentes.<\/p>\n<p>Marielle\u00a0explica que seu objetivo n\u00e3o era ser a candidata exclusivamente para o Complexo da Mar\u00e9, porque as quest\u00f5es que afetam sua comunidade s\u00e3o pertinentes \u00e0 cidade toda. Como resultado, a\u00a0divulga\u00e7\u00e3o da sua campanha atingiu v\u00e1rias regi\u00f5es, ultrapassando o <a href=\"http:\/\/bit.ly\/1Y4mr4h\" target=\"_blank\" rel=\"noopener\">car\u00e1ter segregado da cidade<\/a>. Marielle se tornou m\u00e3e solteira com 19 anos, e foi a primeira na sua fam\u00edlia a cursar o ensino superior. A plataforma de Marielle foca na defesa dos direitos das mulheres negras. Ela quer mais creches p\u00fablicas para que mulheres possam trabalhar, especialmente nas favelas onde n\u00e3o h\u00e1 creches suficientes. Ela \u00e9 uma critica constante das defici\u00eancias das <a href=\"http:\/\/bit.ly\/R5ueio\" target=\"_blank\" rel=\"noopener\">UPPs<\/a> e das opera\u00e7\u00f5es policiais nas favelas, j\u00e1 que perdeu um grande amigo para viol\u00eancia resultante da <a href=\"http:\/\/bit.ly\/1t9ZDz2\" target=\"_blank\" rel=\"noopener\">ocupa\u00e7\u00e3o militar<\/a> da Mar\u00e9.<\/p>\n<p><a href=\"http:\/\/rioonwatch.org.br\/wp-content\/uploads\/2016\/10\/David-Miranda.jpg\"><img loading=\"lazy\" decoding=\"async\" class=\"aligncenter wp-image-22905 size-content\" title=\"David Miranda (esquerda) de Jacarezinho tamb\u00e9m foi eleito para a C\u00e2mara Municipal\" src=\"http:\/\/rioonwatch.org.br\/wp-content\/uploads\/2016\/10\/David-Miranda-620x264.jpg\" alt=\"david-miranda\" width=\"620\" height=\"264\" \/><\/a><\/p>\n<p>Mesmo que ele n\u00e3o esteja morando mais em uma favela, <a href=\"http:\/\/bit.ly\/2duFvqR\" target=\"_blank\" rel=\"noopener\">David Miranda<\/a>\u00a0nasceu e foi criado no <a href=\"http:\/\/bit.ly\/19t7wK0\" target=\"_blank\" rel=\"noopener\">Jacarezinho<\/a> na <a href=\"http:\/\/bit.ly\/WximDf\" target=\"_blank\" rel=\"noopener\">Zona Norte<\/a> e tamb\u00e9m foi eleito. Igual Marielle, ele se candidatou pelo Partido Socialismo e Liberdade (PSOL). David Miranda vem com um compromisso especial de defesa da liberdade da <a href=\"http:\/\/bit.ly\/1Jzp1vK\" target=\"_blank\" rel=\"noopener\">Internet<\/a> e os direitos <a href=\"http:\/\/bit.ly\/1Muf8kK\" target=\"_blank\" rel=\"noopener\">LGBT<\/a>.<\/p>\n<p>David \u00e9 um militante e jornalista, e um grande apoiador do Edward Snowden. Seu companheiro, Glenn Greenwald, \u00e9 o famoso jornalista, advogado e autor conhecido por seu papel numa s\u00e9rie de reportagens publicadas pelo <em>The Guardian<\/em> revelando informa\u00e7\u00f5es liberadas por Edward Snowden sobre a vigil\u00e2ncia dos Estados Unidos e da Gr\u00e3-Bretanha. David Miranda sofreu repress\u00e3o estatal \u00e0 sua liberdade de express\u00e3o quando, em 2013, foi <a href=\"http:\/\/bit.ly\/2e15ERm\" target=\"_blank\" rel=\"noopener\">detido no aeroporto Heathrow<\/a>, em Londres, por sua associa\u00e7\u00e3o com Glenn Greenwald e Edward Snowden.<\/p>\n<p>Mais dois candidatos do Vereadores Que Queremos foram eleitos, embora n\u00e3o baseados em favelas. <a href=\"http:\/\/bit.ly\/2dnvmP3\" target=\"_blank\" rel=\"noopener\">Renato Cinco<\/a> do PSOL foi reeleito como vereador, ele \u00e9 uma voz cr\u00edtica ao fato do Rio ter sediado a <a href=\"http:\/\/bit.ly\/WfaiMR\" target=\"_blank\" rel=\"noopener\">Copa do Mundo<\/a> e os <a href=\"http:\/\/bit.ly\/PkLXlQ\" target=\"_blank\" rel=\"noopener\">Jogos Ol\u00edmpicos<\/a>, e a corrup\u00e7\u00e3o associada. Ele \u00e9 tamb\u00e9m um firme advers\u00e1rio da guerra contra as drogas, considerando-a como uma guerra contra os pobres, e tem defendido ativamente a <a href=\"http:\/\/bit.ly\/2dnvmP3\" target=\"_blank\" rel=\"noopener\">legaliza\u00e7\u00e3o da maconha<\/a>. Ele quer combater a viol\u00eancia policial que continua sendo impune.<\/p>\n<p><a href=\"http:\/\/bit.ly\/2duFeUY\">Reimont<\/a>, do Partido dos Trabalhadores (PT) tamb\u00e9m foi reeleito, e tem apoiado a funda\u00e7\u00e3o de v\u00e1rios projetos sociais inclusive o <a href=\"http:\/\/bit.ly\/2dQSMfq\" target=\"_blank\" rel=\"noopener\">Instituto de Preven\u00e7\u00e3o \u00e1 AIDS (IPRA)<\/a>, e o <a href=\"http:\/\/bit.ly\/2dk0gb3\" target=\"_blank\" rel=\"noopener\">Grupo de Forma\u00e7\u00e3o de Educadores Populares (GEFEP)<\/a>. Ele \u00e9 o vice-presidente da Comiss\u00e3o Permanente de Educa\u00e7\u00e3o e Cultura e preside tr\u00eas comiss\u00f5es especiais: Popula\u00e7\u00e3o de Rua, Com\u00e9rcio Ambulante, e Politicas P\u00fablicas para a Juventude. Ele tamb\u00e9m \u00e9 ativo em iniciativas de alfabetiza\u00e7\u00e3o.<\/p>\n<p><a href=\"http:\/\/rioonwatch.org.br\/wp-content\/uploads\/2016\/10\/Indiana-Siquiera.jpg\"><img loading=\"lazy\" decoding=\"async\" class=\"aligncenter wp-image-22908 size-medium\" title=\"Indiana Siquiera\" src=\"http:\/\/rioonwatch.org.br\/wp-content\/uploads\/2016\/10\/Indiana-Siquiera-620x413.jpg\" alt=\"indiana-siquiera\" width=\"620\" height=\"413\" srcset=\"https:\/\/rioonwatch.org.br\/wp-content\/uploads\/2016\/10\/Indiana-Siquiera-620x413.jpg 620w, https:\/\/rioonwatch.org.br\/wp-content\/uploads\/2016\/10\/Indiana-Siquiera-396x264.jpg 396w, https:\/\/rioonwatch.org.br\/wp-content\/uploads\/2016\/10\/Indiana-Siquiera-768x512.jpg 768w, https:\/\/rioonwatch.org.br\/wp-content\/uploads\/2016\/10\/Indiana-Siquiera-1024x682.jpg 1024w, https:\/\/rioonwatch.org.br\/wp-content\/uploads\/2016\/10\/Indiana-Siquiera.jpg 1280w\" sizes=\"(max-width: 620px) 100vw, 620px\" \/><\/a><\/p>\n<p>Mesmo que <a href=\"http:\/\/bit.ly\/2duHpI6\" target=\"_blank\" rel=\"noopener\">Indiana Siquiera<\/a>\u00a0do PSOL n\u00e3o tenha sido eleita, ela atingiu votos suficientes para estar na posi\u00e7\u00e3o de vereadora suplente, se tornando a primeira mulher trans a chegar t\u00e3o perto de assumir um cargo p\u00fablico no Rio. A plataforma dela \u00e9 em defesa da comunidade LGBT e <a href=\"http:\/\/bit.ly\/2e8VCzk\" target=\"_blank\" rel=\"noopener\">profissionais do sexo<\/a>.<\/p>\n<p>Outra elei\u00e7\u00e3o destacada\u00a0pela campanha\u00a0Vereadores Que Queremos\u00a0na regi\u00e3o metropolitana do Rio foi a de <a href=\"http:\/\/glo.bo\/2e4faoy\" target=\"_blank\" rel=\"noopener\">Tal\u00edria Petrone<\/a> do PSOL de <a href=\"http:\/\/bit.ly\/1xpT8yS\" target=\"_blank\" rel=\"noopener\">Niter\u00f3i<\/a>. Uma feminista negra, Tal\u00edria Petrone conseguiu o maior numero de votos no seu munic\u00edpio. Sua plataforma foca em quest\u00f5es de igualdade dos g\u00eaneros, direitos LGBT e na qualidade da\u00a0<a href=\"http:\/\/bit.ly\/1acNApR\" target=\"_blank\" rel=\"noopener\">educa\u00e7\u00e3o<\/a>.<\/p>\n<p>Ademais, v\u00e1rios estados do Norte, Nordeste, Centro-Oeste, e Sudeste do Brasil <a href=\"http:\/\/bit.ly\/2e4cqre\" target=\"_blank\" rel=\"noopener\">elegeram candidatos ind\u00edgenas<\/a>, inclusive <a href=\"http:\/\/bit.ly\/2epSjms\" target=\"_blank\" rel=\"noopener\">Weibe Tapeba<\/a> do Partido dos Trabalhadores (PT) do Cear\u00e1, que participou da campanha Vereadores Que Queremos.<\/p>\n<p>Considerando a hist\u00f3ria corrupta das c\u00e2maras municipais do Brasil, e as tens\u00f5es crescentes na pol\u00edtica brasileira depois do <a href=\"http:\/\/bit.ly\/1T3xbOp\" target=\"_blank\" rel=\"noopener\">impeachment de Dilma<\/a>, o sucesso dos candidatos envolvidos na campanha Vereadores Que Queremos traz uma luz de esperan\u00e7a para transpar\u00eancia e democracia no Brasil.<\/p>\n<!-- AddThis Advanced Settings generic via filter on the_content --><!-- AddThis Share Buttons generic via filter on the_content -->","protected":false},"excerpt":{"rendered":"<div class=\"mh-excerpt\"><p>Click Here for English As elei\u00e7\u00f5es municipais do dia 2 de outubro produziram alguns resultados not\u00e1veis\u00a0para a C\u00e2mara dos Vereadores\u00a0do Rio de Janeiro. V\u00e1rios candidatos destacados na campanha interpartid\u00e1ria\u00a0Vereadores Que Queremos foram eleitos, inclusive dois <a class=\"mh-excerpt-more\" href=\"https:\/\/rioonwatch.org.br\/?p=22891\" title=\"V\u00e1rios Not\u00e1veis &#8216;Vereadores Que Queremos&#8217; Foram Eleitos no Rio\">[&#8230;]<\/a><!-- AddThis Advanced Settings generic via filter on get_the_excerpt --><!-- AddThis Share Buttons generic via filter on get_the_excerpt --><\/p>\n<\/div>","protected":false},"author":129,"featured_media":22893,"comment_status":"closed","ping_status":"closed","sticky":false,"template":"","format":"standard","meta":{"_acf_changed":false,"_monsterinsights_skip_tracking":false,"_monsterinsights_sitenote_active":false,"_monsterinsights_sitenote_note":"","_monsterinsights_sitenote_category":0,"footnotes":""},"categories":[1618,1621,1631,1626],"tags":[1754,332,217,2334,479,474,1975,457,2482,1455,599,734,1398,1900,2033,10,2015,1033,1989,1840,1032,2481,16,406,2483,218,383],"writer":[1997],"translator":[1863],"source":[],"ilustrador":[],"fotografo":[],"class_list":{"0":"post-22891","1":"post","2":"type-post","3":"status-publish","4":"format-standard","5":"has-post-thumbnail","7":"category-olhonaparticipacao","8":"category-destaque","9":"category-entendendo-o-rio","10":"category-por-observadores-internacionais","11":"tag-camara-dos-vereadores","12":"tag-complexo-da-mare","13":"tag-complexo-do-alemao","14":"tag-david-miranda-psol","15":"tag-democracia","16":"tag-democracia-participativa","17":"tag-eleicao-municipal-2016","18":"tag-eleicoes","19":"tag-indiana-siqueira-psol","20":"tag-internet","21":"tag-jacarezinho","22":"tag-jardim-botanico","23":"tag-lgbt","24":"tag-liberdade-de-expressao","25":"tag-marielle-franco","26":"tag-niteroi","27":"tag-partido-republicano","28":"tag-politica","29":"tag-psol","30":"tag-pt","31":"tag-reforma-educacional","32":"tag-reimont-pt","33":"tag-rocinha","34":"tag-sem-teto","35":"tag-taliria-petrone-psol","36":"tag-zona-norte","37":"tag-zona-sul","38":"writer-nour-el-youssef","39":"translator-meg-young"},"acf":[],"yoast_head":"<!-- This site is optimized with the Yoast SEO plugin v25.6 - https:\/\/yoast.com\/wordpress\/plugins\/seo\/ -->\n<title>V\u00e1rios Not\u00e1veis &#039;Vereadores Que Queremos&#039; Foram Eleitos no Rio - RioOnWatch<\/title>\n<meta name=\"robots\" content=\"index, follow, max-snippet:-1, max-image-preview:large, max-video-preview:-1\" \/>\n<link rel=\"canonical\" href=\"https:\/\/rioonwatch.org.br\/?p=22891\" \/>\n<meta property=\"og:locale\" content=\"pt_BR\" \/>\n<meta property=\"og:type\" content=\"article\" \/>\n<meta property=\"og:title\" content=\"V\u00e1rios Not\u00e1veis &#039;Vereadores Que Queremos&#039; Foram Eleitos no Rio - RioOnWatch\" \/>\n<meta property=\"og:description\" content=\"Click Here for English As elei\u00e7\u00f5es municipais do dia 2 de outubro produziram alguns resultados not\u00e1veis\u00a0para a C\u00e2mara dos Vereadores\u00a0do Rio de Janeiro. V\u00e1rios candidatos destacados na campanha interpartid\u00e1ria\u00a0Vereadores Que Queremos foram eleitos, inclusive dois [...]\" \/>\n<meta property=\"og:url\" content=\"https:\/\/rioonwatch.org.br\/?p=22891\" \/>\n<meta property=\"og:site_name\" content=\"RioOnWatch\" \/>\n<meta property=\"article:published_time\" content=\"2016-10-17T06:54:02+00:00\" \/>\n<meta property=\"article:modified_time\" content=\"2018-09-12T13:26:26+00:00\" \/>\n<meta property=\"og:image\" content=\"https:\/\/rioonwatch.org.br\/wp-content\/uploads\/2016\/10\/C\u00e2mara-Municipal-Rio.jpg\" \/>\n\t<meta property=\"og:image:width\" content=\"1772\" \/>\n\t<meta property=\"og:image:height\" content=\"1181\" \/>\n\t<meta property=\"og:image:type\" content=\"image\/jpeg\" \/>\n<meta name=\"author\" content=\"Admin\" \/>\n<meta name=\"twitter:card\" content=\"summary_large_image\" \/>\n<meta name=\"twitter:label1\" content=\"Escrito por\" \/>\n\t<meta name=\"twitter:data1\" content=\"Admin\" \/>\n\t<meta name=\"twitter:label2\" content=\"Est. tempo de leitura\" \/>\n\t<meta name=\"twitter:data2\" content=\"5 minutos\" \/>\n<script type=\"application\/ld+json\" class=\"yoast-schema-graph\">{\"@context\":\"https:\/\/schema.org\",\"@graph\":[{\"@type\":\"Article\",\"@id\":\"https:\/\/rioonwatch.org.br\/?p=22891#article\",\"isPartOf\":{\"@id\":\"https:\/\/rioonwatch.org.br\/?p=22891\"},\"author\":{\"name\":\"Admin\",\"@id\":\"https:\/\/rioonwatch.org.br\/#\/schema\/person\/11d64c290506f9df50c71b850c473f68\"},\"headline\":\"V\u00e1rios Not\u00e1veis &#8216;Vereadores Que Queremos&#8217; Foram Eleitos no Rio\",\"datePublished\":\"2016-10-17T06:54:02+00:00\",\"dateModified\":\"2018-09-12T13:26:26+00:00\",\"mainEntityOfPage\":{\"@id\":\"https:\/\/rioonwatch.org.br\/?p=22891\"},\"wordCount\":1098,\"publisher\":{\"@id\":\"https:\/\/rioonwatch.org.br\/#organization\"},\"image\":{\"@id\":\"https:\/\/rioonwatch.org.br\/?p=22891#primaryimage\"},\"thumbnailUrl\":\"https:\/\/rioonwatch.org.br\/wp-content\/uploads\/2016\/10\/C\u00e2mara-Municipal-Rio.jpg\",\"keywords\":[\"C\u00e2mara dos Vereadores\",\"Complexo da Mar\u00e9\",\"Complexo do Alem\u00e3o\",\"David Miranda (PSOL)\",\"Democracia\",\"democracia participativa\",\"elei\u00e7\u00e3o municipal 2016\",\"Elei\u00e7\u00f5es\",\"Indiana Siqueira (PSOL)\",\"internet\",\"Jacarezinho\",\"Jardim Bot\u00e2nico\",\"LGBTQIAPN+\",\"liberdade de express\u00e3o\",\"Marielle Franco\",\"Niter\u00f3i\",\"Partido Republicano\",\"pol\u00edtica\",\"PSOL\",\"PT\",\"reforma educacional\",\"Reimont (PT)\",\"Rocinha\",\"sem-teto\",\"Tal\u00edria Petrone (PSOL)\",\"Zona Norte\",\"Zona Sul\"],\"articleSection\":[\"#OlhoNaParticipa\u00e7\u00e3o\",\"*Destaque\",\"Entendendo o Rio\",\"Escrito por Aliados\"],\"inLanguage\":\"pt-BR\"},{\"@type\":\"WebPage\",\"@id\":\"https:\/\/rioonwatch.org.br\/?p=22891\",\"url\":\"https:\/\/rioonwatch.org.br\/?p=22891\",\"name\":\"V\u00e1rios Not\u00e1veis 'Vereadores Que Queremos' Foram Eleitos no Rio - RioOnWatch\",\"isPartOf\":{\"@id\":\"https:\/\/rioonwatch.org.br\/#website\"},\"primaryImageOfPage\":{\"@id\":\"https:\/\/rioonwatch.org.br\/?p=22891#primaryimage\"},\"image\":{\"@id\":\"https:\/\/rioonwatch.org.br\/?p=22891#primaryimage\"},\"thumbnailUrl\":\"https:\/\/rioonwatch.org.br\/wp-content\/uploads\/2016\/10\/C\u00e2mara-Municipal-Rio.jpg\",\"datePublished\":\"2016-10-17T06:54:02+00:00\",\"dateModified\":\"2018-09-12T13:26:26+00:00\",\"breadcrumb\":{\"@id\":\"https:\/\/rioonwatch.org.br\/?p=22891#breadcrumb\"},\"inLanguage\":\"pt-BR\",\"potentialAction\":[{\"@type\":\"ReadAction\",\"target\":[\"https:\/\/rioonwatch.org.br\/?p=22891\"]}]},{\"@type\":\"ImageObject\",\"inLanguage\":\"pt-BR\",\"@id\":\"https:\/\/rioonwatch.org.br\/?p=22891#primaryimage\",\"url\":\"https:\/\/rioonwatch.org.br\/wp-content\/uploads\/2016\/10\/C\u00e2mara-Municipal-Rio.jpg\",\"contentUrl\":\"https:\/\/rioonwatch.org.br\/wp-content\/uploads\/2016\/10\/C\u00e2mara-Municipal-Rio.jpg\",\"width\":1772,\"height\":1181},{\"@type\":\"BreadcrumbList\",\"@id\":\"https:\/\/rioonwatch.org.br\/?p=22891#breadcrumb\",\"itemListElement\":[{\"@type\":\"ListItem\",\"position\":1,\"name\":\"In\u00edcio\",\"item\":\"https:\/\/rioonwatch.org.br\/\"},{\"@type\":\"ListItem\",\"position\":2,\"name\":\"V\u00e1rios Not\u00e1veis &#8216;Vereadores Que Queremos&#8217; Foram Eleitos no Rio\"}]},{\"@type\":\"WebSite\",\"@id\":\"https:\/\/rioonwatch.org.br\/#website\",\"url\":\"https:\/\/rioonwatch.org.br\/\",\"name\":\"RioOnWatch\",\"description\":\"relatos das favelas cariocas\",\"publisher\":{\"@id\":\"https:\/\/rioonwatch.org.br\/#organization\"},\"potentialAction\":[{\"@type\":\"SearchAction\",\"target\":{\"@type\":\"EntryPoint\",\"urlTemplate\":\"https:\/\/rioonwatch.org.br\/?s={search_term_string}\"},\"query-input\":{\"@type\":\"PropertyValueSpecification\",\"valueRequired\":true,\"valueName\":\"search_term_string\"}}],\"inLanguage\":\"pt-BR\"},{\"@type\":\"Organization\",\"@id\":\"https:\/\/rioonwatch.org.br\/#organization\",\"name\":\"RioOnWatch\",\"url\":\"https:\/\/rioonwatch.org.br\/\",\"logo\":{\"@type\":\"ImageObject\",\"inLanguage\":\"pt-BR\",\"@id\":\"https:\/\/rioonwatch.org.br\/#\/schema\/logo\/image\/\",\"url\":\"https:\/\/rioonwatch.org.br\/wp-content\/uploads\/2021\/06\/RioOnWatchcabecalhoPT11anos-2.png\",\"contentUrl\":\"https:\/\/rioonwatch.org.br\/wp-content\/uploads\/2021\/06\/RioOnWatchcabecalhoPT11anos-2.png\",\"width\":779,\"height\":277,\"caption\":\"RioOnWatch\"},\"image\":{\"@id\":\"https:\/\/rioonwatch.org.br\/#\/schema\/logo\/image\/\"}},{\"@type\":\"Person\",\"@id\":\"https:\/\/rioonwatch.org.br\/#\/schema\/person\/11d64c290506f9df50c71b850c473f68\",\"name\":\"Admin\",\"image\":{\"@type\":\"ImageObject\",\"inLanguage\":\"pt-BR\",\"@id\":\"https:\/\/rioonwatch.org.br\/#\/schema\/person\/image\/\",\"url\":\"https:\/\/secure.gravatar.com\/avatar\/56211ac74568383903349a1485e3c325?s=96&d=blank&r=g\",\"contentUrl\":\"https:\/\/secure.gravatar.com\/avatar\/56211ac74568383903349a1485e3c325?s=96&d=blank&r=g\",\"caption\":\"Admin\"},\"url\":\"https:\/\/rioonwatch.org.br\/?author=129\"}]}<\/script>\n<!-- \/ Yoast SEO plugin. -->","yoast_head_json":{"title":"V\u00e1rios Not\u00e1veis 'Vereadores Que Queremos' Foram Eleitos no Rio - RioOnWatch","robots":{"index":"index","follow":"follow","max-snippet":"max-snippet:-1","max-image-preview":"max-image-preview:large","max-video-preview":"max-video-preview:-1"},"canonical":"https:\/\/rioonwatch.org.br\/?p=22891","og_locale":"pt_BR","og_type":"article","og_title":"V\u00e1rios Not\u00e1veis 'Vereadores Que Queremos' Foram Eleitos no Rio - RioOnWatch","og_description":"Click Here for English As elei\u00e7\u00f5es municipais do dia 2 de outubro produziram alguns resultados not\u00e1veis\u00a0para a C\u00e2mara dos Vereadores\u00a0do Rio de Janeiro. V\u00e1rios candidatos destacados na campanha interpartid\u00e1ria\u00a0Vereadores Que Queremos foram eleitos, inclusive dois [...]","og_url":"https:\/\/rioonwatch.org.br\/?p=22891","og_site_name":"RioOnWatch","article_published_time":"2016-10-17T06:54:02+00:00","article_modified_time":"2018-09-12T13:26:26+00:00","og_image":[{"width":1772,"height":1181,"url":"https:\/\/rioonwatch.org.br\/wp-content\/uploads\/2016\/10\/C\u00e2mara-Municipal-Rio.jpg","type":"image\/jpeg"}],"author":"Admin","twitter_card":"summary_large_image","twitter_misc":{"Escrito por":"Admin","Est. tempo de leitura":"5 minutos"},"schema":{"@context":"https:\/\/schema.org","@graph":[{"@type":"Article","@id":"https:\/\/rioonwatch.org.br\/?p=22891#article","isPartOf":{"@id":"https:\/\/rioonwatch.org.br\/?p=22891"},"author":{"name":"Admin","@id":"https:\/\/rioonwatch.org.br\/#\/schema\/person\/11d64c290506f9df50c71b850c473f68"},"headline":"V\u00e1rios Not\u00e1veis &#8216;Vereadores Que Queremos&#8217; Foram Eleitos no Rio","datePublished":"2016-10-17T06:54:02+00:00","dateModified":"2018-09-12T13:26:26+00:00","mainEntityOfPage":{"@id":"https:\/\/rioonwatch.org.br\/?p=22891"},"wordCount":1098,"publisher":{"@id":"https:\/\/rioonwatch.org.br\/#organization"},"image":{"@id":"https:\/\/rioonwatch.org.br\/?p=22891#primaryimage"},"thumbnailUrl":"https:\/\/rioonwatch.org.br\/wp-content\/uploads\/2016\/10\/C\u00e2mara-Municipal-Rio.jpg","keywords":["C\u00e2mara dos Vereadores","Complexo da Mar\u00e9","Complexo do Alem\u00e3o","David Miranda (PSOL)","Democracia","democracia participativa","elei\u00e7\u00e3o municipal 2016","Elei\u00e7\u00f5es","Indiana Siqueira (PSOL)","internet","Jacarezinho","Jardim Bot\u00e2nico","LGBTQIAPN+","liberdade de express\u00e3o","Marielle Franco","Niter\u00f3i","Partido Republicano","pol\u00edtica","PSOL","PT","reforma educacional","Reimont (PT)","Rocinha","sem-teto","Tal\u00edria Petrone (PSOL)","Zona Norte","Zona Sul"],"articleSection":["#OlhoNaParticipa\u00e7\u00e3o","*Destaque","Entendendo o Rio","Escrito por Aliados"],"inLanguage":"pt-BR"},{"@type":"WebPage","@id":"https:\/\/rioonwatch.org.br\/?p=22891","url":"https:\/\/rioonwatch.org.br\/?p=22891","name":"V\u00e1rios Not\u00e1veis 'Vereadores Que Queremos' Foram Eleitos no Rio - RioOnWatch","isPartOf":{"@id":"https:\/\/rioonwatch.org.br\/#website"},"primaryImageOfPage":{"@id":"https:\/\/rioonwatch.org.br\/?p=22891#primaryimage"},"image":{"@id":"https:\/\/rioonwatch.org.br\/?p=22891#primaryimage"},"thumbnailUrl":"https:\/\/rioonwatch.org.br\/wp-content\/uploads\/2016\/10\/C\u00e2mara-Municipal-Rio.jpg","datePublished":"2016-10-17T06:54:02+00:00","dateModified":"2018-09-12T13:26:26+00:00","breadcrumb":{"@id":"https:\/\/rioonwatch.org.br\/?p=22891#breadcrumb"},"inLanguage":"pt-BR","potentialAction":[{"@type":"ReadAction","target":["https:\/\/rioonwatch.org.br\/?p=22891"]}]},{"@type":"ImageObject","inLanguage":"pt-BR","@id":"https:\/\/rioonwatch.org.br\/?p=22891#primaryimage","url":"https:\/\/rioonwatch.org.br\/wp-content\/uploads\/2016\/10\/C\u00e2mara-Municipal-Rio.jpg","contentUrl":"https:\/\/rioonwatch.org.br\/wp-content\/uploads\/2016\/10\/C\u00e2mara-Municipal-Rio.jpg","width":1772,"height":1181},{"@type":"BreadcrumbList","@id":"https:\/\/rioonwatch.org.br\/?p=22891#breadcrumb","itemListElement":[{"@type":"ListItem","position":1,"name":"In\u00edcio","item":"https:\/\/rioonwatch.org.br\/"},{"@type":"ListItem","position":2,"name":"V\u00e1rios Not\u00e1veis &#8216;Vereadores Que Queremos&#8217; Foram Eleitos no Rio"}]},{"@type":"WebSite","@id":"https:\/\/rioonwatch.org.br\/#website","url":"https:\/\/rioonwatch.org.br\/","name":"RioOnWatch","description":"relatos das favelas cariocas","publisher":{"@id":"https:\/\/rioonwatch.org.br\/#organization"},"potentialAction":[{"@type":"SearchAction","target":{"@type":"EntryPoint","urlTemplate":"https:\/\/rioonwatch.org.br\/?s={search_term_string}"},"query-input":{"@type":"PropertyValueSpecification","valueRequired":true,"valueName":"search_term_string"}}],"inLanguage":"pt-BR"},{"@type":"Organization","@id":"https:\/\/rioonwatch.org.br\/#organization","name":"RioOnWatch","url":"https:\/\/rioonwatch.org.br\/","logo":{"@type":"ImageObject","inLanguage":"pt-BR","@id":"https:\/\/rioonwatch.org.br\/#\/schema\/logo\/image\/","url":"https:\/\/rioonwatch.org.br\/wp-content\/uploads\/2021\/06\/RioOnWatchcabecalhoPT11anos-2.png","contentUrl":"https:\/\/rioonwatch.org.br\/wp-content\/uploads\/2021\/06\/RioOnWatchcabecalhoPT11anos-2.png","width":779,"height":277,"caption":"RioOnWatch"},"image":{"@id":"https:\/\/rioonwatch.org.br\/#\/schema\/logo\/image\/"}},{"@type":"Person","@id":"https:\/\/rioonwatch.org.br\/#\/schema\/person\/11d64c290506f9df50c71b850c473f68","name":"Admin","image":{"@type":"ImageObject","inLanguage":"pt-BR","@id":"https:\/\/rioonwatch.org.br\/#\/schema\/person\/image\/","url":"https:\/\/secure.gravatar.com\/avatar\/56211ac74568383903349a1485e3c325?s=96&d=blank&r=g","contentUrl":"https:\/\/secure.gravatar.com\/avatar\/56211ac74568383903349a1485e3c325?s=96&d=blank&r=g","caption":"Admin"},"url":"https:\/\/rioonwatch.org.br\/?author=129"}]}},"_links":{"self":[{"href":"https:\/\/rioonwatch.org.br\/index.php?rest_route=\/wp\/v2\/posts\/22891"}],"collection":[{"href":"https:\/\/rioonwatch.org.br\/index.php?rest_route=\/wp\/v2\/posts"}],"about":[{"href":"https:\/\/rioonwatch.org.br\/index.php?rest_route=\/wp\/v2\/types\/post"}],"author":[{"embeddable":true,"href":"https:\/\/rioonwatch.org.br\/index.php?rest_route=\/wp\/v2\/users\/129"}],"replies":[{"embeddable":true,"href":"https:\/\/rioonwatch.org.br\/index.php?rest_route=%2Fwp%2Fv2%2Fcomments&post=22891"}],"version-history":[{"count":20,"href":"https:\/\/rioonwatch.org.br\/index.php?rest_route=\/wp\/v2\/posts\/22891\/revisions"}],"predecessor-version":[{"id":36277,"href":"https:\/\/rioonwatch.org.br\/index.php?rest_route=\/wp\/v2\/posts\/22891\/revisions\/36277"}],"wp:featuredmedia":[{"embeddable":true,"href":"https:\/\/rioonwatch.org.br\/index.php?rest_route=\/wp\/v2\/media\/22893"}],"wp:attachment":[{"href":"https:\/\/rioonwatch.org.br\/index.php?rest_route=%2Fwp%2Fv2%2Fmedia&parent=22891"}],"wp:term":[{"taxonomy":"category","embeddable":true,"href":"https:\/\/rioonwatch.org.br\/index.php?rest_route=%2Fwp%2Fv2%2Fcategories&post=22891"},{"taxonomy":"post_tag","embeddable":true,"href":"https:\/\/rioonwatch.org.br\/index.php?rest_route=%2Fwp%2Fv2%2Ftags&post=22891"},{"taxonomy":"writer","embeddable":true,"href":"https:\/\/rioonwatch.org.br\/index.php?rest_route=%2Fwp%2Fv2%2Fwriter&post=22891"},{"taxonomy":"translator","embeddable":true,"href":"https:\/\/rioonwatch.org.br\/index.php?rest_route=%2Fwp%2Fv2%2Ftranslator&post=22891"},{"taxonomy":"source","embeddable":true,"href":"https:\/\/rioonwatch.org.br\/index.php?rest_route=%2Fwp%2Fv2%2Fsource&post=22891"},{"taxonomy":"ilustrador","embeddable":true,"href":"https:\/\/rioonwatch.org.br\/index.php?rest_route=%2Fwp%2Fv2%2Filustrador&post=22891"},{"taxonomy":"fotografo","embeddable":true,"href":"https:\/\/rioonwatch.org.br\/index.php?rest_route=%2Fwp%2Fv2%2Ffotografo&post=22891"}],"curies":[{"name":"wp","href":"https:\/\/api.w.org\/{rel}","templated":true}]}}