{"id":22925,"date":"2016-10-14T08:00:11","date_gmt":"2016-10-14T11:00:11","guid":{"rendered":"http:\/\/rioonwatch.org.br\/?p=22925"},"modified":"2024-06-20T16:25:19","modified_gmt":"2024-06-20T19:25:19","slug":"e-as-urnas-deram-a-resposta-o-legado-olimpico-que-ja-era","status":"publish","type":"post","link":"https:\/\/rioonwatch.org.br\/?p=22925","title":{"rendered":"E as Urnas Deram a Resposta! O Legado Ol\u00edmpico que J\u00e1 Era"},"content":{"rendered":"<p style=\"text-align: right;\"><em><strong><a href=\"http:\/\/bit.ly\/2ewYgev\" target=\"_blank\" rel=\"noopener\">Click Here for English<img decoding=\"async\" width=\"20\" height=\"20\" class=\"alignright wp-image-15790\" src=\"http:\/\/rioonwatch.org.br\/wp-content\/uploads\/2012\/08\/EN-standard-e1439583104716.jpg\" alt=\"\" \/><\/a><\/strong><\/em><\/p>\n<p>Existia um projeto para o Rio, um projeto <a href=\"http:\/\/bit.ly\/PkLXlQ\" target=\"_blank\" rel=\"noopener\">Ol\u00edmpico<\/a>, com uma consultoria internacional contratada para orientar em como aplicar o modelo do <a href=\"http:\/\/bit.ly\/2aYVDCq\" target=\"_blank\" rel=\"noopener\">Legado Ol\u00edmpico de Barcelona<\/a>, t\u00e3o referenciada mundialmente como exemplo de <a href=\"http:\/\/bit.ly\/1ps41Xf\" target=\"_blank\" rel=\"noopener\">legado Ol\u00edmpico<\/a>, em nossa cidade.\u00a0<a href=\"http:\/\/bit.ly\/1oG0g8b\" target=\"_blank\" rel=\"noopener\" data-saferedirecturl=\"https:\/\/www.google.com\/url?hl=pt-BR&amp;q=http:\/\/esportes.estadao.com.br\/noticias\/jogos-olimpicos,o-rio-insistiu-em-um-modelo-fora-de-moda--diz-gilmar-mascarenhas,10000016145&amp;source=gmail&amp;ust=1476487567583000&amp;usg=AFQjCNGrHylSd2m8G3VZWAgrkvrBqaZBQg\">Pagamos por esta consultoria em 1995 e ela previa um verdadeiro legado Ol\u00edmpico para o Rio: a recupera\u00e7\u00e3o da Zona Norte da cidade<\/a>\u00a0com a constru\u00e7\u00e3o do Parque Ol\u00edmpico na Ilha do Fund\u00e3o. Esta era a proposta da primeira vez que nos candidatamos a sediar as Olimp\u00edadas (Rio-2004). Esta proposta n\u00e3o saiu vencedora devido as fragilidades da cidade (<a href=\"http:\/\/bit.ly\/1WkJojx\" target=\"_blank\" rel=\"noopener\">mobilidade urbana<\/a>, <a href=\"http:\/\/bit.ly\/1wLR1Ef\" target=\"_blank\" rel=\"noopener\">viol\u00eancia<\/a> e condi\u00e7\u00f5es de <a href=\"http:\/\/bit.ly\/1de5jWM\" target=\"_blank\" rel=\"noopener\">lixo<\/a> e <a href=\"http:\/\/bit.ly\/1TpORFB\" target=\"_blank\" rel=\"noopener\">esgoto<\/a> da <a href=\"http:\/\/bit.ly\/WximDf\" target=\"_blank\" rel=\"noopener\">Zona Norte<\/a> do Rio). Na\u00a0candidatura posterior, para o Rio-2012, que\u00a0inclu\u00eda antes\u00a0a realiza\u00e7\u00e3o dos Jogos Pan-Americanos, o modelo mercadol\u00f3gico de constru\u00e7\u00e3o do espa\u00e7o ganhou seu primeiro espa\u00e7o na <a href=\"http:\/\/bit.ly\/19BBUhf\" target=\"_blank\" rel=\"noopener\">Barra da Tijuca<\/a>, cujo investimento significou tamb\u00e9m em uma nova auto estrada para a cidade, para desbravar esta fronteira de expans\u00e3o da cidade: a Linha Amarela.<\/p>\n<p>Nasce o sonho, mas morre o projeto: nossa vergonha para a candidatura foi na visita oficial do COI, onde noruegu\u00eas Olav Myrholt, especialista do Comit\u00ea Ol\u00edmpico Internacional (COI) em meio ambiente,\u00a0<a href=\"http:\/\/glo.bo\/2e295Yi\" target=\"_blank\" rel=\"noopener\" data-saferedirecturl=\"https:\/\/www.google.com\/url?hl=pt-BR&amp;q=http:\/\/oglobo.globo.com\/rio\/bairros\/20-anos-depois-candidatura-rio-2004-tinha-fundao-como-eixo-esportivo-18914575%23ixzz4MiKLJai8&amp;source=gmail&amp;ust=1476487567583000&amp;usg=AFQjCNFwFqdG1L_21UVASqURDLPFaWVLhQ\">ficou horrorizado ao ver esgoto\u00a0in natura\u00a0ser despejado na Ba\u00eda de Guanabara atrav\u00e9s do Canal do Cunha<\/a> em 2004. Vinte anos depois uma grande solu\u00e7\u00e3o, para este grave problema na imagem do Brasil, foi um projeto para esconder o Rio do mundo: ao inv\u00e9s de mudar a situa\u00e7\u00e3o do local, mudou-se o local! E em uma frase que denota a grande vit\u00f3ria da popula\u00e7\u00e3o carioca e brasileira sobre este grave problema, Carlos Arthur Nuzman (presidente do COB) declara sobre o abandono do plano de legado e a decis\u00e3o da instala\u00e7\u00e3o das Olimp\u00edadas na Barra da Tijuca: <a href=\"http:\/\/glo.bo\/2e295Yi\" target=\"_blank\" rel=\"noopener\" data-saferedirecturl=\"https:\/\/www.google.com\/url?hl=pt-BR&amp;q=http:\/\/oglobo.globo.com\/rio\/bairros\/20-anos-depois-candidatura-rio-2004-tinha-fundao-como-eixo-esportivo-18914575%23ixzz4MiKLJai8&amp;source=gmail&amp;ust=1476487567583000&amp;usg=AFQjCNFwFqdG1L_21UVASqURDLPFaWVLhQ\">\u201cagora, vamos receber os visitantes na sala. A competi\u00e7\u00e3o est\u00e1 fadada ao \u00eaxito\u201d<\/a>, ignorando tanto o exemplo das Olimp\u00edadas de <a href=\"http:\/\/bit.ly\/2daYlHa\" target=\"_blank\" rel=\"noopener\">Londres<\/a>, anterior a do Rio, que realizou a revitaliza\u00e7\u00e3o da cidade, em Stratford, distrito pobre da cidade; quanto o nosso projeto original que ficava no centro dos bairros com os piores IDH do Rio.<\/p>\n<p>Ele n\u00e3o se enganou e os Jogos foram um grande \u00eaxito com todos os esfor\u00e7os, inclusive com placas as margens da Linha Vermelha e Linha Amarela que escondiam o Rio com seu n\u00e3o t\u00e3o famoso, por\u00e9m ainda polu\u00eddo Canal do Cunha, e os bairros que deveriam ter sido alvo do legado Ol\u00edmpico. O metr\u00f4 (a obra mais cara das Olimp\u00edadas) funcionou exclusivo para os que tinham ingresso, e percorrendo a linda e\u00a0polu\u00edda\u00a0linha costeira da cidade, a linha\u00a0<a href=\"http:\/\/glo.bo\/2daVv5b\" target=\"_blank\" rel=\"noopener\" data-saferedirecturl=\"https:\/\/www.google.com\/url?hl=pt-BR&amp;q=http:\/\/oglobo.globo.com\/rio\/onibus-dos-jogos-atacado-na-transolimpica-na-saida-de-deodoro-19889378&amp;source=gmail&amp;ust=1476487567583000&amp;usg=AFQjCNF-dLOG01QUkHLYmSbhqqTXcC1p0Q\">BRT TransOl\u00edmpica com servi\u00e7os tamb\u00e9m exclusivos em \u00f4nibus que infelizmente n\u00e3o eram blindados<\/a>, em geral, com um \u201cRio de Janeiro exclusivo\u201d, ou como foi apelidada: uma\u00a0<a href=\"http:\/\/bit.ly\/2dXBBZN\" target=\"_blank\" rel=\"noopener\" data-saferedirecturl=\"https:\/\/www.google.com\/url?hl=pt-BR&amp;q=https:\/\/sports.vice.com\/en_us\/article\/trying-to-experience-rio-outside-the-olympic-bubble&amp;source=gmail&amp;ust=1476487567583000&amp;usg=AFQjCNHnayvi4MLx-J-mfbpDBmag2wBqKg\">Bolha Ol\u00edmpica<\/a>, ajudaram neste\u00a0\u00eaxito.<\/p>\n<p>O que estimulou esta mudan\u00e7a dr\u00e1stica de loca\u00e7\u00e3o das Olimp\u00edadas na cidade? A proposta de <a href=\"http:\/\/bit.ly\/2e5UmIW\" target=\"_blank\" rel=\"noopener\">vender um novo Rio<\/a>, uma nova cidade sendo constru\u00edda em parceria com a iniciativa privada? Cidade esta que j\u00e1 deixou claro desde o in\u00edcio para quem \u00e9, pois:\u00a0<a href=\"http:\/\/bbc.in\/1DEagFx\" target=\"_blank\" rel=\"noopener\" data-saferedirecturl=\"https:\/\/www.google.com\/url?hl=pt-BR&amp;q=http:\/\/www.bbc.com\/portuguese\/noticias\/2015\/08\/150809_construtora_olimpiada_jp&amp;source=gmail&amp;ust=1476487567391000&amp;usg=AFQjCNFN1DLPvY0AhjG9hCPlkZVc6Vqpqw\">\u2018Como \u00e9 que voc\u00ea vai botar o pobre ali?\u2019<\/a> declarou o dono da construtora da <a href=\"http:\/\/bit.ly\/1OSYF94\" target=\"_blank\" rel=\"noopener\">Vila dos Atletas<\/a>. Enquanto o <a href=\"http:\/\/bit.ly\/1k4eA6c\" target=\"_blank\" rel=\"noopener\">prefeito<\/a>, na Olimp\u00edadas que ele construiu na mente dele,\u00a0<a href=\"http:\/\/bit.ly\/29Z6okk\" target=\"_blank\" rel=\"noopener\" data-saferedirecturl=\"https:\/\/www.google.com\/url?hl=pt-BR&amp;q=http:\/\/rioonwatch.org.br\/?p%3D21068&amp;source=gmail&amp;ust=1476487567391000&amp;usg=AFQjCNG45R_F7XMJFHyq0wZUbO8lvVV3Lg\">afirmava que se investia muito na parte mais pobre da cidade<\/a>\u00a0(como previa o esquecido plano). Mas a popula\u00e7\u00e3o desta parte pobre da cidade na Zona Norte <a href=\"http:\/\/bit.ly\/29InBAk\" target=\"_blank\" rel=\"noopener\" data-saferedirecturl=\"https:\/\/www.google.com\/url?hl=pt-BR&amp;q=http:\/\/rioonwatch.org.br\/?p%3D20794&amp;source=gmail&amp;ust=1476487567391000&amp;usg=AFQjCNHOfWTRjLXM44goqlwFE29g8eVOXg\">acumulava seus \u201clegados\u201d<\/a> e os via comparados aos da nova cidade do Rio de Janeiro.<\/p>\n<p>Acabaram as\u00a0Olimp\u00edadas, e tudo isto ficou na hist\u00f3ria, e, infelizmente para o prefeito, na mem\u00f3ria de cada morador da Zona Norte que n\u00e3o via o que o <a href=\"http:\/\/bit.ly\/1T0EshR\" target=\"_blank\" rel=\"noopener\">marketing<\/a> dizia. Uma verdadeira guerra de notas oficiais da prefeitura que tentavam provar que a\u00a0<a href=\"http:\/\/bit.ly\/2bjdmCG\" target=\"_blank\" rel=\"noopener\" data-saferedirecturl=\"https:\/\/www.google.com\/url?hl=pt-BR&amp;q=https:\/\/sports.vice.com\/en_us\/article\/rios-olympic-legacy-bus-system-is-leaving-poor-and-working-class-residents-behind&amp;source=gmail&amp;ust=1476487567391000&amp;usg=AFQjCNEnQaUEU6P4dYcI6Ld9xzgKVWsgMg\">Prefeitura estava certa, e o povo por eles governado, estava equivocado<\/a>, que nada de errado ocorria na Zona Norte,\u00a0<a href=\"http:\/\/bit.ly\/2dodVhq\" target=\"_blank\" rel=\"noopener\" data-saferedirecturl=\"https:\/\/www.google.com\/url?hl=pt-BR&amp;q=http:\/\/www.francetvinfo.fr\/sports\/jo\/criminalite-galopante-betonisation-sentiment-d-abandon-les-jo-ne-font-pas-de-quartier-a-ramos_1591307.html&amp;source=gmail&amp;ust=1476487567391000&amp;usg=AFQjCNG13rGaDPqx3KuoWfC-ZfCyugsA2g\">mas que v\u00e1rios rep\u00f3rteres em sua primeira visita viam<\/a>. Neste caso, o \u201c<a href=\"http:\/\/bit.ly\/2dQUtwi\" target=\"_blank\" rel=\"noopener\">para ingl\u00eas ver<\/a>\u201d n\u00e3o conseguia esconder do americano, do franc\u00eas, do polon\u00eas ou de qualquer outra m\u00eddia internacional que podia observar em uma r\u00e1pida passagem pela Zona Norte. Ramos, roteiro destas visitas de reportagens, virou mais que um bairro: virou um \u00edcone <a href=\"http:\/\/bit.ly\/1Y4mr4h\" target=\"_blank\" rel=\"noopener\">pelos sub\u00farbios de trabalhadores exclu\u00eddos<\/a> do \u201cLegado Ol\u00edmpico\u201d de sua pr\u00f3pria cidade.<\/p>\n<p><a href=\"http:\/\/rioonwatch.org.br\/wp-content\/uploads\/2016\/10\/Mapa-Elei\u00e7\u00e3o-1.jpg\"><img fetchpriority=\"high\" decoding=\"async\" class=\"aligncenter wp-image-22931 size-medium\" title=\"Mapa do resultado do 1\u00ba turno das elei\u00e7\u00f5es para prefeito do Rio.\" src=\"http:\/\/rioonwatch.org.br\/wp-content\/uploads\/2016\/10\/Mapa-Elei\u00e7\u00e3o-1-620x425.jpg\" alt=\"mapa-eleicao\" width=\"620\" height=\"425\" srcset=\"https:\/\/rioonwatch.org.br\/wp-content\/uploads\/2016\/10\/Mapa-Elei\u00e7\u00e3o-1-620x425.jpg 620w, https:\/\/rioonwatch.org.br\/wp-content\/uploads\/2016\/10\/Mapa-Elei\u00e7\u00e3o-1-385x264.jpg 385w, https:\/\/rioonwatch.org.br\/wp-content\/uploads\/2016\/10\/Mapa-Elei\u00e7\u00e3o-1-768x527.jpg 768w, https:\/\/rioonwatch.org.br\/wp-content\/uploads\/2016\/10\/Mapa-Elei\u00e7\u00e3o-1.jpg 792w\" sizes=\"(max-width: 620px) 100vw, 620px\" \/><\/a><\/p>\n<p>Em ano de elei\u00e7\u00e3o, as notas oficiais ganhavam palanque, com o candidato do <a href=\"http:\/\/bit.ly\/2eehEg1\" target=\"_blank\" rel=\"noopener\" data-saferedirecturl=\"https:\/\/www.google.com\/url?hl=pt-BR&amp;q=http:\/\/noticias.band.uol.com.br\/eleicoes\/2016\/noticia\/100000820383\/rj-mobilidade-domina-perguntas-de-eleitores.html?mobile%3Dtrue&amp;source=gmail&amp;ust=1476487567391000&amp;usg=AFQjCNGSlKdAmXvMNTs3IBDEx02zSsQbyA\">prefeito afirmando o grande investimento feito na regi\u00e3o<\/a> com o BRT TransCarioca. No final, a resposta <a href=\"http:\/\/bit.ly\/2dfACU9\" target=\"_blank\" rel=\"noopener\">veio nas urnas<\/a>: no mapa acima \u00e9 poss\u00edvel ver onde o candidato do prefeito recebeu mais votos e onde recebeu menos, e n\u00e3o \u00e9 mera coincid\u00eancia uma expressiva vota\u00e7\u00e3o na regi\u00e3o da Barra da Tijuca e uma vota\u00e7\u00e3o p\u00edfia na regi\u00e3o de Ramos, os dois bairros que protagonizam este texto. S\u00e3o frutos das decis\u00f5es adotadas, de construir uma nova cidade onde o <a href=\"http:\/\/bit.ly\/1Swdf8U\" target=\"_blank\" rel=\"noopener\">pobre n\u00e3o tem seu espa\u00e7o<\/a>, e de esquecer de que o pobre tamb\u00e9m vota mesmo l\u00e1 da distante \u201cvelha Rio de Janeiro\u201d.<\/p>\n<!-- AddThis Advanced Settings generic via filter on the_content --><!-- AddThis Share Buttons generic via filter on the_content -->","protected":false},"excerpt":{"rendered":"<div class=\"mh-excerpt\"><p>Click Here for English Existia um projeto para o Rio, um projeto Ol\u00edmpico, com uma consultoria internacional contratada para orientar em como aplicar o modelo do Legado Ol\u00edmpico de Barcelona, t\u00e3o referenciada mundialmente como exemplo <a class=\"mh-excerpt-more\" href=\"https:\/\/rioonwatch.org.br\/?p=22925\" title=\"E as Urnas Deram a Resposta! O Legado Ol\u00edmpico que J\u00e1 Era\">[&#8230;]<\/a><!-- AddThis Advanced Settings generic via filter on get_the_excerpt --><!-- AddThis Share Buttons generic via filter on get_the_excerpt --><\/p>\n<\/div>","protected":false},"author":129,"featured_media":22929,"comment_status":"closed","ping_status":"closed","sticky":false,"template":"","format":"standard","meta":{"_acf_changed":false,"_monsterinsights_skip_tracking":false,"_monsterinsights_sitenote_active":false,"_monsterinsights_sitenote_note":"","_monsterinsights_sitenote_category":0,"footnotes":""},"categories":[1857,1635,1631,1726],"tags":[274,497,496,589,1386,413,484,1975,457,1306,2190,722,2013,2012,1240,616,78,1729,2011,122,454,218,184],"writer":[1907],"translator":[],"source":[],"ilustrador":[],"fotografo":[],"class_list":{"0":"post-22925","1":"post","2":"type-post","3":"status-publish","4":"format-standard","5":"has-post-thumbnail","7":"category-olhonaurbanizacao","8":"category-1635","9":"category-entendendo-o-rio","10":"category-transporte","11":"tag-barra-da-tijuca","12":"tag-brt","13":"tag-cidade-partida","14":"tag-coi","15":"tag-critica-a-politica","16":"tag-desigualdade","17":"tag-prefeito-eduardo-paes","18":"tag-eleicao-municipal-2016","19":"tag-eleicoes","20":"tag-exclusao","21":"tag-jogos-pan-americanos","22":"tag-legado","23":"tag-linha-amarela","24":"tag-linha-vermelha","25":"tag-megaeventos","26":"tag-metro","27":"tag-olimpiadas","28":"tag-pedro-paulo-caravalho-teixeira","29":"tag-ramos","30":"tag-transcarioca","31":"tag-transolimpica","32":"tag-zona-norte","33":"tag-zona-oeste","34":"writer-hugo-costa"},"acf":[],"yoast_head":"<!-- This site is optimized with the Yoast SEO plugin v25.6 - https:\/\/yoast.com\/wordpress\/plugins\/seo\/ -->\n<title>E as Urnas Deram a Resposta! O Legado Ol\u00edmpico que J\u00e1 Era - RioOnWatch<\/title>\n<meta name=\"robots\" content=\"index, follow, max-snippet:-1, max-image-preview:large, max-video-preview:-1\" \/>\n<link rel=\"canonical\" href=\"https:\/\/rioonwatch.org.br\/?p=22925\" \/>\n<meta property=\"og:locale\" content=\"pt_BR\" \/>\n<meta property=\"og:type\" content=\"article\" \/>\n<meta property=\"og:title\" content=\"E as Urnas Deram a Resposta! O Legado Ol\u00edmpico que J\u00e1 Era - RioOnWatch\" \/>\n<meta property=\"og:description\" content=\"Click Here for English Existia um projeto para o Rio, um projeto Ol\u00edmpico, com uma consultoria internacional contratada para orientar em como aplicar o modelo do Legado Ol\u00edmpico de Barcelona, t\u00e3o referenciada mundialmente como exemplo [...]\" \/>\n<meta property=\"og:url\" content=\"https:\/\/rioonwatch.org.br\/?p=22925\" \/>\n<meta property=\"og:site_name\" content=\"RioOnWatch\" \/>\n<meta property=\"article:published_time\" content=\"2016-10-14T11:00:11+00:00\" \/>\n<meta property=\"article:modified_time\" content=\"2024-06-20T19:25:19+00:00\" \/>\n<meta property=\"og:image\" content=\"https:\/\/rioonwatch.org.br\/wp-content\/uploads\/2016\/10\/Comp_Legado-22-e1476413747740.jpg\" \/>\n\t<meta property=\"og:image:width\" content=\"600\" \/>\n\t<meta property=\"og:image:height\" content=\"298\" \/>\n\t<meta property=\"og:image:type\" content=\"image\/jpeg\" \/>\n<meta name=\"author\" content=\"Admin\" \/>\n<meta name=\"twitter:card\" content=\"summary_large_image\" \/>\n<meta name=\"twitter:label1\" content=\"Escrito por\" \/>\n\t<meta name=\"twitter:data1\" content=\"Admin\" \/>\n\t<meta name=\"twitter:label2\" content=\"Est. tempo de leitura\" \/>\n\t<meta name=\"twitter:data2\" content=\"4 minutos\" \/>\n<script type=\"application\/ld+json\" class=\"yoast-schema-graph\">{\"@context\":\"https:\/\/schema.org\",\"@graph\":[{\"@type\":\"Article\",\"@id\":\"https:\/\/rioonwatch.org.br\/?p=22925#article\",\"isPartOf\":{\"@id\":\"https:\/\/rioonwatch.org.br\/?p=22925\"},\"author\":{\"name\":\"Admin\",\"@id\":\"https:\/\/rioonwatch.org.br\/#\/schema\/person\/11d64c290506f9df50c71b850c473f68\"},\"headline\":\"E as Urnas Deram a Resposta! O Legado Ol\u00edmpico que J\u00e1 Era\",\"datePublished\":\"2016-10-14T11:00:11+00:00\",\"dateModified\":\"2024-06-20T19:25:19+00:00\",\"mainEntityOfPage\":{\"@id\":\"https:\/\/rioonwatch.org.br\/?p=22925\"},\"wordCount\":908,\"publisher\":{\"@id\":\"https:\/\/rioonwatch.org.br\/#organization\"},\"image\":{\"@id\":\"https:\/\/rioonwatch.org.br\/?p=22925#primaryimage\"},\"thumbnailUrl\":\"https:\/\/rioonwatch.org.br\/wp-content\/uploads\/2016\/10\/Comp_Legado-22-e1476413747740.jpg\",\"keywords\":[\"Barra da Tijuca\",\"BRT\",\"cidade partida\",\"COI\",\"cr\u00edtica \u00e0 pol\u00edtica\",\"desigualdade\",\"Eduardo Paes\",\"elei\u00e7\u00e3o municipal 2016\",\"Elei\u00e7\u00f5es\",\"exclus\u00e3o\",\"Jogos Pan-Americanos\",\"Legado Ol\u00edmpico\",\"Linha Amarela\",\"Linha Vermelha\",\"Megaeventos\",\"metr\u00f4\",\"Olimp\u00edadas\",\"Pedro Paulo Caravalho Teixeira\",\"Ramos\",\"TransCarioca\",\"TransOl\u00edmpica\",\"Zona Norte\",\"Zona Oeste\"],\"articleSection\":[\"#OlhoNaUrbaniza\u00e7\u00e3o\",\"#Rio2016\",\"Entendendo o Rio\",\"Transporte\"],\"inLanguage\":\"pt-BR\"},{\"@type\":\"WebPage\",\"@id\":\"https:\/\/rioonwatch.org.br\/?p=22925\",\"url\":\"https:\/\/rioonwatch.org.br\/?p=22925\",\"name\":\"E as Urnas Deram a Resposta! O Legado Ol\u00edmpico que J\u00e1 Era - RioOnWatch\",\"isPartOf\":{\"@id\":\"https:\/\/rioonwatch.org.br\/#website\"},\"primaryImageOfPage\":{\"@id\":\"https:\/\/rioonwatch.org.br\/?p=22925#primaryimage\"},\"image\":{\"@id\":\"https:\/\/rioonwatch.org.br\/?p=22925#primaryimage\"},\"thumbnailUrl\":\"https:\/\/rioonwatch.org.br\/wp-content\/uploads\/2016\/10\/Comp_Legado-22-e1476413747740.jpg\",\"datePublished\":\"2016-10-14T11:00:11+00:00\",\"dateModified\":\"2024-06-20T19:25:19+00:00\",\"breadcrumb\":{\"@id\":\"https:\/\/rioonwatch.org.br\/?p=22925#breadcrumb\"},\"inLanguage\":\"pt-BR\",\"potentialAction\":[{\"@type\":\"ReadAction\",\"target\":[\"https:\/\/rioonwatch.org.br\/?p=22925\"]}]},{\"@type\":\"ImageObject\",\"inLanguage\":\"pt-BR\",\"@id\":\"https:\/\/rioonwatch.org.br\/?p=22925#primaryimage\",\"url\":\"https:\/\/rioonwatch.org.br\/wp-content\/uploads\/2016\/10\/Comp_Legado-22-e1476413747740.jpg\",\"contentUrl\":\"https:\/\/rioonwatch.org.br\/wp-content\/uploads\/2016\/10\/Comp_Legado-22-e1476413747740.jpg\",\"width\":600,\"height\":298},{\"@type\":\"BreadcrumbList\",\"@id\":\"https:\/\/rioonwatch.org.br\/?p=22925#breadcrumb\",\"itemListElement\":[{\"@type\":\"ListItem\",\"position\":1,\"name\":\"In\u00edcio\",\"item\":\"https:\/\/rioonwatch.org.br\/\"},{\"@type\":\"ListItem\",\"position\":2,\"name\":\"E as Urnas Deram a Resposta! O Legado Ol\u00edmpico que J\u00e1 Era\"}]},{\"@type\":\"WebSite\",\"@id\":\"https:\/\/rioonwatch.org.br\/#website\",\"url\":\"https:\/\/rioonwatch.org.br\/\",\"name\":\"RioOnWatch\",\"description\":\"relatos das favelas cariocas\",\"publisher\":{\"@id\":\"https:\/\/rioonwatch.org.br\/#organization\"},\"potentialAction\":[{\"@type\":\"SearchAction\",\"target\":{\"@type\":\"EntryPoint\",\"urlTemplate\":\"https:\/\/rioonwatch.org.br\/?s={search_term_string}\"},\"query-input\":{\"@type\":\"PropertyValueSpecification\",\"valueRequired\":true,\"valueName\":\"search_term_string\"}}],\"inLanguage\":\"pt-BR\"},{\"@type\":\"Organization\",\"@id\":\"https:\/\/rioonwatch.org.br\/#organization\",\"name\":\"RioOnWatch\",\"url\":\"https:\/\/rioonwatch.org.br\/\",\"logo\":{\"@type\":\"ImageObject\",\"inLanguage\":\"pt-BR\",\"@id\":\"https:\/\/rioonwatch.org.br\/#\/schema\/logo\/image\/\",\"url\":\"https:\/\/rioonwatch.org.br\/wp-content\/uploads\/2021\/06\/RioOnWatchcabecalhoPT11anos-2.png\",\"contentUrl\":\"https:\/\/rioonwatch.org.br\/wp-content\/uploads\/2021\/06\/RioOnWatchcabecalhoPT11anos-2.png\",\"width\":779,\"height\":277,\"caption\":\"RioOnWatch\"},\"image\":{\"@id\":\"https:\/\/rioonwatch.org.br\/#\/schema\/logo\/image\/\"}},{\"@type\":\"Person\",\"@id\":\"https:\/\/rioonwatch.org.br\/#\/schema\/person\/11d64c290506f9df50c71b850c473f68\",\"name\":\"Admin\",\"image\":{\"@type\":\"ImageObject\",\"inLanguage\":\"pt-BR\",\"@id\":\"https:\/\/rioonwatch.org.br\/#\/schema\/person\/image\/\",\"url\":\"https:\/\/secure.gravatar.com\/avatar\/56211ac74568383903349a1485e3c325?s=96&d=blank&r=g\",\"contentUrl\":\"https:\/\/secure.gravatar.com\/avatar\/56211ac74568383903349a1485e3c325?s=96&d=blank&r=g\",\"caption\":\"Admin\"},\"url\":\"https:\/\/rioonwatch.org.br\/?author=129\"}]}<\/script>\n<!-- \/ Yoast SEO plugin. -->","yoast_head_json":{"title":"E as Urnas Deram a Resposta! O Legado Ol\u00edmpico que J\u00e1 Era - RioOnWatch","robots":{"index":"index","follow":"follow","max-snippet":"max-snippet:-1","max-image-preview":"max-image-preview:large","max-video-preview":"max-video-preview:-1"},"canonical":"https:\/\/rioonwatch.org.br\/?p=22925","og_locale":"pt_BR","og_type":"article","og_title":"E as Urnas Deram a Resposta! O Legado Ol\u00edmpico que J\u00e1 Era - RioOnWatch","og_description":"Click Here for English Existia um projeto para o Rio, um projeto Ol\u00edmpico, com uma consultoria internacional contratada para orientar em como aplicar o modelo do Legado Ol\u00edmpico de Barcelona, t\u00e3o referenciada mundialmente como exemplo [...]","og_url":"https:\/\/rioonwatch.org.br\/?p=22925","og_site_name":"RioOnWatch","article_published_time":"2016-10-14T11:00:11+00:00","article_modified_time":"2024-06-20T19:25:19+00:00","og_image":[{"width":600,"height":298,"url":"https:\/\/rioonwatch.org.br\/wp-content\/uploads\/2016\/10\/Comp_Legado-22-e1476413747740.jpg","type":"image\/jpeg"}],"author":"Admin","twitter_card":"summary_large_image","twitter_misc":{"Escrito por":"Admin","Est. tempo de leitura":"4 minutos"},"schema":{"@context":"https:\/\/schema.org","@graph":[{"@type":"Article","@id":"https:\/\/rioonwatch.org.br\/?p=22925#article","isPartOf":{"@id":"https:\/\/rioonwatch.org.br\/?p=22925"},"author":{"name":"Admin","@id":"https:\/\/rioonwatch.org.br\/#\/schema\/person\/11d64c290506f9df50c71b850c473f68"},"headline":"E as Urnas Deram a Resposta! O Legado Ol\u00edmpico que J\u00e1 Era","datePublished":"2016-10-14T11:00:11+00:00","dateModified":"2024-06-20T19:25:19+00:00","mainEntityOfPage":{"@id":"https:\/\/rioonwatch.org.br\/?p=22925"},"wordCount":908,"publisher":{"@id":"https:\/\/rioonwatch.org.br\/#organization"},"image":{"@id":"https:\/\/rioonwatch.org.br\/?p=22925#primaryimage"},"thumbnailUrl":"https:\/\/rioonwatch.org.br\/wp-content\/uploads\/2016\/10\/Comp_Legado-22-e1476413747740.jpg","keywords":["Barra da Tijuca","BRT","cidade partida","COI","cr\u00edtica \u00e0 pol\u00edtica","desigualdade","Eduardo Paes","elei\u00e7\u00e3o municipal 2016","Elei\u00e7\u00f5es","exclus\u00e3o","Jogos Pan-Americanos","Legado Ol\u00edmpico","Linha Amarela","Linha Vermelha","Megaeventos","metr\u00f4","Olimp\u00edadas","Pedro Paulo Caravalho Teixeira","Ramos","TransCarioca","TransOl\u00edmpica","Zona Norte","Zona Oeste"],"articleSection":["#OlhoNaUrbaniza\u00e7\u00e3o","#Rio2016","Entendendo o Rio","Transporte"],"inLanguage":"pt-BR"},{"@type":"WebPage","@id":"https:\/\/rioonwatch.org.br\/?p=22925","url":"https:\/\/rioonwatch.org.br\/?p=22925","name":"E as Urnas Deram a Resposta! O Legado Ol\u00edmpico que J\u00e1 Era - RioOnWatch","isPartOf":{"@id":"https:\/\/rioonwatch.org.br\/#website"},"primaryImageOfPage":{"@id":"https:\/\/rioonwatch.org.br\/?p=22925#primaryimage"},"image":{"@id":"https:\/\/rioonwatch.org.br\/?p=22925#primaryimage"},"thumbnailUrl":"https:\/\/rioonwatch.org.br\/wp-content\/uploads\/2016\/10\/Comp_Legado-22-e1476413747740.jpg","datePublished":"2016-10-14T11:00:11+00:00","dateModified":"2024-06-20T19:25:19+00:00","breadcrumb":{"@id":"https:\/\/rioonwatch.org.br\/?p=22925#breadcrumb"},"inLanguage":"pt-BR","potentialAction":[{"@type":"ReadAction","target":["https:\/\/rioonwatch.org.br\/?p=22925"]}]},{"@type":"ImageObject","inLanguage":"pt-BR","@id":"https:\/\/rioonwatch.org.br\/?p=22925#primaryimage","url":"https:\/\/rioonwatch.org.br\/wp-content\/uploads\/2016\/10\/Comp_Legado-22-e1476413747740.jpg","contentUrl":"https:\/\/rioonwatch.org.br\/wp-content\/uploads\/2016\/10\/Comp_Legado-22-e1476413747740.jpg","width":600,"height":298},{"@type":"BreadcrumbList","@id":"https:\/\/rioonwatch.org.br\/?p=22925#breadcrumb","itemListElement":[{"@type":"ListItem","position":1,"name":"In\u00edcio","item":"https:\/\/rioonwatch.org.br\/"},{"@type":"ListItem","position":2,"name":"E as Urnas Deram a Resposta! O Legado Ol\u00edmpico que J\u00e1 Era"}]},{"@type":"WebSite","@id":"https:\/\/rioonwatch.org.br\/#website","url":"https:\/\/rioonwatch.org.br\/","name":"RioOnWatch","description":"relatos das favelas cariocas","publisher":{"@id":"https:\/\/rioonwatch.org.br\/#organization"},"potentialAction":[{"@type":"SearchAction","target":{"@type":"EntryPoint","urlTemplate":"https:\/\/rioonwatch.org.br\/?s={search_term_string}"},"query-input":{"@type":"PropertyValueSpecification","valueRequired":true,"valueName":"search_term_string"}}],"inLanguage":"pt-BR"},{"@type":"Organization","@id":"https:\/\/rioonwatch.org.br\/#organization","name":"RioOnWatch","url":"https:\/\/rioonwatch.org.br\/","logo":{"@type":"ImageObject","inLanguage":"pt-BR","@id":"https:\/\/rioonwatch.org.br\/#\/schema\/logo\/image\/","url":"https:\/\/rioonwatch.org.br\/wp-content\/uploads\/2021\/06\/RioOnWatchcabecalhoPT11anos-2.png","contentUrl":"https:\/\/rioonwatch.org.br\/wp-content\/uploads\/2021\/06\/RioOnWatchcabecalhoPT11anos-2.png","width":779,"height":277,"caption":"RioOnWatch"},"image":{"@id":"https:\/\/rioonwatch.org.br\/#\/schema\/logo\/image\/"}},{"@type":"Person","@id":"https:\/\/rioonwatch.org.br\/#\/schema\/person\/11d64c290506f9df50c71b850c473f68","name":"Admin","image":{"@type":"ImageObject","inLanguage":"pt-BR","@id":"https:\/\/rioonwatch.org.br\/#\/schema\/person\/image\/","url":"https:\/\/secure.gravatar.com\/avatar\/56211ac74568383903349a1485e3c325?s=96&d=blank&r=g","contentUrl":"https:\/\/secure.gravatar.com\/avatar\/56211ac74568383903349a1485e3c325?s=96&d=blank&r=g","caption":"Admin"},"url":"https:\/\/rioonwatch.org.br\/?author=129"}]}},"_links":{"self":[{"href":"https:\/\/rioonwatch.org.br\/index.php?rest_route=\/wp\/v2\/posts\/22925"}],"collection":[{"href":"https:\/\/rioonwatch.org.br\/index.php?rest_route=\/wp\/v2\/posts"}],"about":[{"href":"https:\/\/rioonwatch.org.br\/index.php?rest_route=\/wp\/v2\/types\/post"}],"author":[{"embeddable":true,"href":"https:\/\/rioonwatch.org.br\/index.php?rest_route=\/wp\/v2\/users\/129"}],"replies":[{"embeddable":true,"href":"https:\/\/rioonwatch.org.br\/index.php?rest_route=%2Fwp%2Fv2%2Fcomments&post=22925"}],"version-history":[{"count":10,"href":"https:\/\/rioonwatch.org.br\/index.php?rest_route=\/wp\/v2\/posts\/22925\/revisions"}],"predecessor-version":[{"id":27664,"href":"https:\/\/rioonwatch.org.br\/index.php?rest_route=\/wp\/v2\/posts\/22925\/revisions\/27664"}],"wp:featuredmedia":[{"embeddable":true,"href":"https:\/\/rioonwatch.org.br\/index.php?rest_route=\/wp\/v2\/media\/22929"}],"wp:attachment":[{"href":"https:\/\/rioonwatch.org.br\/index.php?rest_route=%2Fwp%2Fv2%2Fmedia&parent=22925"}],"wp:term":[{"taxonomy":"category","embeddable":true,"href":"https:\/\/rioonwatch.org.br\/index.php?rest_route=%2Fwp%2Fv2%2Fcategories&post=22925"},{"taxonomy":"post_tag","embeddable":true,"href":"https:\/\/rioonwatch.org.br\/index.php?rest_route=%2Fwp%2Fv2%2Ftags&post=22925"},{"taxonomy":"writer","embeddable":true,"href":"https:\/\/rioonwatch.org.br\/index.php?rest_route=%2Fwp%2Fv2%2Fwriter&post=22925"},{"taxonomy":"translator","embeddable":true,"href":"https:\/\/rioonwatch.org.br\/index.php?rest_route=%2Fwp%2Fv2%2Ftranslator&post=22925"},{"taxonomy":"source","embeddable":true,"href":"https:\/\/rioonwatch.org.br\/index.php?rest_route=%2Fwp%2Fv2%2Fsource&post=22925"},{"taxonomy":"ilustrador","embeddable":true,"href":"https:\/\/rioonwatch.org.br\/index.php?rest_route=%2Fwp%2Fv2%2Filustrador&post=22925"},{"taxonomy":"fotografo","embeddable":true,"href":"https:\/\/rioonwatch.org.br\/index.php?rest_route=%2Fwp%2Fv2%2Ffotografo&post=22925"}],"curies":[{"name":"wp","href":"https:\/\/api.w.org\/{rel}","templated":true}]}}