{"id":22957,"date":"2016-10-19T14:00:18","date_gmt":"2016-10-19T17:00:18","guid":{"rendered":"http:\/\/rioonwatch.org.br\/?p=22957"},"modified":"2016-10-19T14:00:18","modified_gmt":"2016-10-19T17:00:18","slug":"como-o-rio-e-as-favelas-se-encaixam-na-nova-agenda-urbana","status":"publish","type":"post","link":"https:\/\/rioonwatch.org.br\/?p=22957","title":{"rendered":"Como o Rio e as Favelas se Encaixam na Nova Agenda Urbana?"},"content":{"rendered":"<p style=\"text-align: right;\"><em><strong><a href=\"http:\/\/bit.ly\/2eaqb3C\" target=\"_blank\">Click Here for English<img decoding=\"async\" width=\"20\" height=\"20\" class=\"alignright wp-image-15790\" src=\"http:\/\/rioonwatch.org.br\/wp-content\/uploads\/2012\/08\/EN-standard-e1439583104716.jpg\" alt=\"\" \/><\/a><\/strong><\/em><\/p>\n<h3>A <a href=\"http:\/\/bit.ly\/2eGfaey\" target=\"_blank\">Nova Agenda Urbana<\/a> sendo divulgada e discutida essa semana na Confer\u00eancia Habitat III\u00a0das Na\u00e7\u00f5es Unidas no Equador \u00e9 extremamente importante para o Rio. Num tempo em que a cidade enfrenta massivas mudan\u00e7as urbanas e uma <a href=\"http:\/\/bit.ly\/2dfACU9\" target=\"_blank\">elei\u00e7\u00e3o municipal<\/a> controvertida, a <a href=\"http:\/\/bit.ly\/2dzD6gc\" target=\"_blank\">Nova Agenda Urbana<\/a> oferece uma <a href=\"http:\/\/bit.ly\/2dmB3cZ\" target=\"_blank\">excelente ferramenta<\/a> para reflex\u00e3o.<\/h3>\n<p>Primeiramente, o Rio sofre de um problema real de falta de implementa\u00e7\u00e3o. Muito embora pol\u00edticas como o <a href=\"http:\/\/bit.ly\/yUD1ZW\" target=\"_blank\">Morar Carioca<\/a> se apresentem bem escritas no papel, <a href=\"http:\/\/bit.ly\/1T0EshR\" target=\"_blank\">o suficiente para ganhar pr\u00eamios internacionais<\/a>, sua implementa\u00e7\u00e3o vem sendo considerada <a href=\"http:\/\/bit.ly\/1muQwLu\" target=\"_blank\">um fracasso<\/a> tanto por especialistas como por moradores. Em segundo lugar, a Nova Agenda Urbana pede <a href=\"http:\/\/bit.ly\/1rOePGu\" target=\"_blank\">mecanismos participativos<\/a> mais robustos, a fim de garantir a participa\u00e7\u00e3o igualit\u00e1ria aos moradores da cidade, com foco especial naqueles que se encontram em posi\u00e7\u00f5es mais vulner\u00e1veis. Novamente, muito embora a legisla\u00e7\u00e3o conte com v\u00e1rios mecanismos desse g\u00eanero, os mesmos acabam sendo desrespeitados ou mal utilizados.<\/p>\n<p><a href=\"http:\/\/rioonwatch.org.br\/wp-content\/uploads\/2016\/10\/BabiloniaUnidadeHabitacional1-e1460326121810.jpg\"><img fetchpriority=\"high\" decoding=\"async\" class=\"aligncenter wp-image-22969 size-content\" title=\"Bloco de apartamentos do Morar Carioca constru\u00eddo na Babil\u00f4nia.\" src=\"http:\/\/rioonwatch.org.br\/wp-content\/uploads\/2016\/10\/BabiloniaUnidadeHabitacional1-e1460326121810-620x264.jpg\" alt=\"babiloniaunidadehabitacional1-e1460326121810\" width=\"620\" height=\"264\" srcset=\"https:\/\/rioonwatch.org.br\/wp-content\/uploads\/2016\/10\/BabiloniaUnidadeHabitacional1-e1460326121810-620x264.jpg 620w, https:\/\/rioonwatch.org.br\/wp-content\/uploads\/2016\/10\/BabiloniaUnidadeHabitacional1-e1460326121810-940x400.jpg 940w\" sizes=\"(max-width: 620px) 100vw, 620px\" \/><\/a><\/p>\n<p>Finalmente e talvez mais importante, a Habitat III tem o potencial de solidificar a mudan\u00e7a do paradigma anterior da Habitat, de um\u00a0\u201c<a href=\"http:\/\/bit.ly\/2brgOfA\" target=\"_blank\">mundo sem favelas<\/a>\u201d, para um mundo onde, ao inv\u00e9s de estigmatiz\u00e1-los e ignorar suas qualidades, assentamentos informais se integrem ao tecido da cidade atrav\u00e9s de significativos programas de <a href=\"http:\/\/bit.ly\/1aRkVxr\" target=\"_blank\">urbaniza\u00e7\u00e3o<\/a>. Essa mudan\u00e7a traria grandes implica\u00e7\u00f5es \u00e0 cidade do Rio de Janeiro porque, n\u00e3o somente tornaria ileg\u00edtima a <a href=\"http:\/\/bit.ly\/1Knx3UB\" target=\"_blank\">pol\u00edtica de remo\u00e7\u00f5es do Prefeito Eduardo Paes<\/a>, como tamb\u00e9m colocaria em quest\u00e3o a utiliza\u00e7\u00e3o do programa <a href=\"http:\/\/bit.ly\/2dqkrAR\" target=\"_blank\">Minha Casa Minha Vida<\/a>, uma vez que ambos os programas contam, de forma injusta, com a remo\u00e7\u00e3o de moradores para \u00e1reas distantes da cidade, tais como <a href=\"http:\/\/bit.ly\/1m4QAQR\" target=\"_blank\">Campo Grande<\/a> e <a href=\"http:\/\/bit.ly\/1eH5Mym\" target=\"_blank\">Santa Cruz<\/a>. E ainda porque se mostram como solu\u00e7\u00e3o \u00fanica e simplista para o problema de d\u00e9ficit de moradia, o que vem sendo claramente criticado pela Nova Agenda Urbana.<\/p>\n<p><span style=\"font-weight: 400;\">J\u00e1 em uma outra escala, a Nova Agenda Urbana poderia encorajar a prefeitura do Rio a explorar novas ideias para <a href=\"http:\/\/bit.ly\/1rHP7BG\" target=\"_blank\">titula\u00e7\u00e3o de terras<\/a>&#8211;que n\u00e3o v\u00eam sendo consideradas at\u00e9 ent\u00e3o&#8211;como por exemplo, t\u00edtulos de posse coletiva para as favelas. Essa potencial pol\u00edtica p\u00fablica poderia reinventar a maneira com que as favelas se integram \u00e0\u00a0cidade. Tal pol\u00edtica seria capaz de trazer t\u00edtulos de propriedade mais robustos, capazes de proteger os moradores contra remo\u00e7\u00f5es, ao inv\u00e9s da forma atualmente utilizada, que se baseia em simples permiss\u00e3o para ocupa\u00e7\u00e3o do terreno, e que vem se demonstrando muito mais fr\u00e1gil do que a maioria poderia imaginar. Prova disso, \u00e9 que os moradores da <a href=\"http:\/\/bit.ly\/2aWmvRL\" target=\"_blank\">Vila Aut\u00f3dromo<\/a>, mesmo sendo detentores de tal t\u00edtulo, acabaram sendo removidos de suas terras em raz\u00e3o das obras de infraestrutura dos Jogos Ol\u00edmpicos. De fato, um estudo desenvolvido pelo Instituto Lincoln aponta os t\u00edtulos coletivos em forma de Fundos de Posse Coletiva como a <a href=\"http:\/\/bit.ly\/2dkMIw7\" target=\"_blank\">forma mais eficaz,\u00a0no Estados Unidos, para a realiza\u00e7\u00e3o de pol\u00edticas de moradia acess\u00edveis<\/a>. Esse sistema se mostra capaz de proteger os moradores, seja nos tempos de alta valoriza\u00e7\u00e3o do mercado imobili\u00e1rio (quando os mesmos estariam sujeitos a perderem seus im\u00f3veis atrav\u00e9s do processo de gentrifica\u00e7\u00e3o) como nos tempos de recess\u00e3o (quando os moradores poderiam estar sujeitos a perder seus im\u00f3veis por n\u00e3o conseguirem pagar).<\/span><\/p>\n<h3><strong>As favelas do Rio oferecem exemplos e li\u00e7\u00f5es importantes para a Nova Agenda Urbana<\/strong><\/h3>\n<p><span style=\"font-weight: 400;\">Se por um lado o Rio tem muito trabalho pela frente at\u00e9 atingir as metas estabelecidas pela Nova Agenda Urbana, por outro a cidade se mostra como um importante modelo a ser observado.\u00a0<\/span><span style=\"font-weight: 400;\">Muito embora cheia de desafios, as favelas do Rio ratificam uma s\u00e9rie de pontos chave na Agenda e mostram como os assentamentos informais podem, <a href=\"http:\/\/bit.ly\/FavelaModelo\" target=\"_blank\">na verdade, representar<\/a> uma s\u00e9rie de bons princ\u00edpios a serem seguidos pelo \u00a0planejamento urbano.<\/span><\/p>\n<p><span style=\"font-weight: 400;\">Por exemplo, a cl\u00e1usula 51 da Nova Agenda estabelece que as na\u00e7\u00f5es devem \u201cpromover o desenvolvimento de pol\u00edticas p\u00fablicas para o espa\u00e7o urbano, incluindo planejamento urbano e instrumentos que suportem o desenvolvimento sustent\u00e1vel e o uso de recursos naturais e de terra, adequada compacidade e densidade, policentrismo e uso misto do terreno, atrav\u00e9s de estrat\u00e9gias de extens\u00e3o urbana planejadas conforme o caso, para desencadear economias de escala e de aglomera\u00e7\u00e3o, fortalecer o planejamento do sistema alimentar, aumentar a efici\u00eancia dos recursos, a resili\u00eancia urbana e sustentabilidade ambiental\u201d. J\u00e1 na cl\u00e1usula 59 temos que as cidades devem \u201ccomprometer-se a reconhecer a contribui\u00e7\u00e3o dos trabalhadores pobres na economia informal, em particular as mulheres, incluindo os trabalhadores n\u00e3o remunerados, dom\u00e9sticos e migrantes nas economias urbanas, levando em conta as circunst\u00e2ncias nacionais. Seus modos de vida, condi\u00e7\u00f5es laborais e seguran\u00e7a de renda, prote\u00e7\u00e3o jur\u00eddica e social, acesso a compet\u00eancias, ativos e outros servi\u00e7os de apoio e voz e representa\u00e7\u00e3o devem ser refor\u00e7adas&#8221;. Nesses pontos, as favelas cariocas <a href=\"http:\/\/bit.ly\/1uRzOcM\" target=\"_blank\">podem ser vistas como exemplos, n\u00e3o como um problema<\/a>.<\/span><\/p>\n<p><a href=\"http:\/\/rioonwatch.org.br\/wp-content\/uploads\/2016\/10\/Informal_Business_Rocinha.jpg\"><img decoding=\"async\" class=\"aligncenter wp-image-22970 size-content\" title=\"Com\u00e9rcio informal na Rocinha\" src=\"http:\/\/rioonwatch.org.br\/wp-content\/uploads\/2016\/10\/Informal_Business_Rocinha-620x264.jpg\" alt=\"informal_business_rocinha\" width=\"620\" height=\"264\" \/><\/a><\/p>\n<p><span style=\"font-weight: 400;\">Mais adiante o documento, nas cl\u00e1usulas 98 e 99, menciona que as na\u00e7\u00f5es dever\u00e3o \u201cpromover o planejamento urbano e territorial integrado, incluindo as extens\u00f5es urbanas planejadas com base nos princ\u00edpios de utiliza\u00e7\u00e3o equitativa, eficiente e sustent\u00e1vel da terra e dos recursos naturais, compacidade, policentrismo, densidade e conectividade apropriada, uso m\u00faltiplo do espa\u00e7o, bem como congregar o uso social e econ\u00f4mico nas \u00e1reas edificadas, para impedir a expans\u00e3o urbana\u201d e \u201capoiar a implementa\u00e7\u00e3o de estrat\u00e9gias de planejamento urbano, conforme o caso, que facilitam a integra\u00e7\u00e3o social por meio do fornecimento de op\u00e7\u00f5es de moradia a pre\u00e7os acess\u00edveis com acesso a servi\u00e7os b\u00e1sicos de qualidade e espa\u00e7os p\u00fablicos para todos&#8221;. Deste modo<\/span><span style=\"font-weight: 400;\">, o texto tr\u00e1s a ideia de que as <a href=\"http:\/\/bbc.in\/2eKkkp3\" target=\"_blank\">favelas podem ser a solu\u00e7\u00e3o<\/a> para os problemas enfrentados pela cidade. Ao inv\u00e9s de <a href=\"http:\/\/bit.ly\/P4itK0\" target=\"_blank\">estigmatizar<\/a>, podemos mapear seus ativos e reconhecer as <a href=\"http:\/\/bit.ly\/1thvCMW\" target=\"_blank\">qualidades<\/a> dessas comunidades e se basear nestas institui\u00e7\u00f5es sociais j\u00e1 existentes.\u00a0<\/span>Isto n\u00e3o s\u00f3 \u00e9 economicamente e ambientalmente mais sustent\u00e1vel, mas tamb\u00e9m preserva a <a href=\"http:\/\/bit.ly\/1PXkANu\" target=\"_blank\">hist\u00f3ria<\/a> e a <a href=\"http:\/\/bit.ly\/1a1M6kK\" target=\"_blank\">cultura<\/a> local.<\/p>\n<p><span style=\"font-weight: 400;\">O Rio certamente precisa melhorar muito para se alinhar com a Nova Agenda Urbana, mas esses problemas est\u00e3o muito mais ligados com a forma com que o governo vem falhando em integrar as comunidades com o restante da cidade. A solu\u00e7\u00e3o, no entanto, pode estar em observar as favelas e aprender com a inova\u00e7\u00e3o, criatividade e senso de coletividade dessas comunidades. N\u00e3o s\u00f3 para construir um Rio melhor, mas tamb\u00e9m como um exemplo para o mundo. \u00a0<\/span><\/p>\n<!-- AddThis Advanced Settings generic via filter on the_content --><!-- AddThis Share Buttons generic via filter on the_content -->","protected":false},"excerpt":{"rendered":"<div class=\"mh-excerpt\"><p>Click Here for English A Nova Agenda Urbana sendo divulgada e discutida essa semana na Confer\u00eancia Habitat III\u00a0das Na\u00e7\u00f5es Unidas no Equador \u00e9 extremamente importante para o Rio. Num tempo em que a cidade enfrenta <a class=\"mh-excerpt-more\" href=\"https:\/\/rioonwatch.org.br\/?p=22957\" title=\"Como o Rio e as Favelas se Encaixam na Nova Agenda Urbana?\">[&#8230;]<\/a><!-- AddThis Advanced Settings generic via filter on get_the_excerpt --><!-- AddThis Share Buttons generic via filter on get_the_excerpt --><\/p>\n<\/div>","protected":false},"author":129,"featured_media":22959,"comment_status":"closed","ping_status":"closed","sticky":false,"template":"","format":"standard","meta":{"_acf_changed":false,"_monsterinsights_skip_tracking":false,"_monsterinsights_sitenote_active":false,"_monsterinsights_sitenote_note":"","_monsterinsights_sitenote_category":0,"footnotes":""},"categories":[1618,1626,344,1616,342],"tags":[1212,436,484,909,246,270,2016,1722,2017,304,14,134,711,900,55,184],"writer":[1667],"translator":[1959],"source":[],"ilustrador":[],"fotografo":[],"class_list":{"0":"post-22957","1":"post","2":"type-post","3":"status-publish","4":"format-standard","5":"has-post-thumbnail","7":"category-olhonaparticipacao","8":"category-por-observadores-internacionais","9":"category-politicas","10":"category-qualidades-da-favela","11":"category-solucoes","12":"tag-slum","13":"tag-campo-grande","14":"tag-prefeito-eduardo-paes","15":"tag-habitacao-acessivel","16":"tag-minha-casa-minha-vida","17":"tag-morar-carioca","18":"tag-nova-agenda-urbana","19":"tag-onu","20":"tag-onu-habitat","21":"tag-participacao","22":"tag-remocao","23":"tag-santa-cruz","24":"tag-clt","25":"tag-titulacao-de-terras","26":"tag-vila-autodromo","27":"tag-zona-oeste","28":"writer-david-robertson","29":"translator-paula-varajao"},"acf":[],"yoast_head":"<!-- This site is optimized with the Yoast SEO plugin v25.6 - https:\/\/yoast.com\/wordpress\/plugins\/seo\/ -->\n<title>Como o Rio e as Favelas se Encaixam na Nova Agenda Urbana? - RioOnWatch<\/title>\n<meta name=\"robots\" content=\"index, follow, max-snippet:-1, max-image-preview:large, max-video-preview:-1\" \/>\n<link rel=\"canonical\" href=\"https:\/\/rioonwatch.org.br\/?p=22957\" \/>\n<meta property=\"og:locale\" content=\"pt_BR\" \/>\n<meta property=\"og:type\" content=\"article\" \/>\n<meta property=\"og:title\" content=\"Como o Rio e as Favelas se Encaixam na Nova Agenda Urbana? - RioOnWatch\" \/>\n<meta property=\"og:description\" content=\"Click Here for English A Nova Agenda Urbana sendo divulgada e discutida essa semana na Confer\u00eancia Habitat III\u00a0das Na\u00e7\u00f5es Unidas no Equador \u00e9 extremamente importante para o Rio. Num tempo em que a cidade enfrenta [...]\" \/>\n<meta property=\"og:url\" content=\"https:\/\/rioonwatch.org.br\/?p=22957\" \/>\n<meta property=\"og:site_name\" content=\"RioOnWatch\" \/>\n<meta property=\"article:published_time\" content=\"2016-10-19T17:00:18+00:00\" \/>\n<meta property=\"og:image\" content=\"https:\/\/rioonwatch.org.br\/wp-content\/uploads\/2016\/10\/unspecified.jpeg\" \/>\n\t<meta property=\"og:image:width\" content=\"1280\" \/>\n\t<meta property=\"og:image:height\" content=\"853\" \/>\n\t<meta property=\"og:image:type\" content=\"image\/jpeg\" \/>\n<meta name=\"author\" content=\"Admin\" \/>\n<meta name=\"twitter:card\" content=\"summary_large_image\" \/>\n<meta name=\"twitter:label1\" content=\"Escrito por\" \/>\n\t<meta name=\"twitter:data1\" content=\"Admin\" \/>\n\t<meta name=\"twitter:label2\" content=\"Est. tempo de leitura\" \/>\n\t<meta name=\"twitter:data2\" content=\"6 minutos\" \/>\n<script type=\"application\/ld+json\" class=\"yoast-schema-graph\">{\"@context\":\"https:\/\/schema.org\",\"@graph\":[{\"@type\":\"Article\",\"@id\":\"https:\/\/rioonwatch.org.br\/?p=22957#article\",\"isPartOf\":{\"@id\":\"https:\/\/rioonwatch.org.br\/?p=22957\"},\"author\":{\"name\":\"Admin\",\"@id\":\"https:\/\/rioonwatch.org.br\/#\/schema\/person\/11d64c290506f9df50c71b850c473f68\"},\"headline\":\"Como o Rio e as Favelas se Encaixam na Nova Agenda Urbana?\",\"datePublished\":\"2016-10-19T17:00:18+00:00\",\"mainEntityOfPage\":{\"@id\":\"https:\/\/rioonwatch.org.br\/?p=22957\"},\"wordCount\":1143,\"publisher\":{\"@id\":\"https:\/\/rioonwatch.org.br\/#organization\"},\"image\":{\"@id\":\"https:\/\/rioonwatch.org.br\/?p=22957#primaryimage\"},\"thumbnailUrl\":\"https:\/\/rioonwatch.org.br\/wp-content\/uploads\/2016\/10\/unspecified.jpeg\",\"keywords\":[\"'slum'\",\"Campo Grande\",\"Eduardo Paes\",\"habita\u00e7\u00e3o acess\u00edvel\",\"Minha Casa Minha Vida\",\"Morar Carioca\",\"Nova Agenda Urbana \/ Habitat III\",\"ONU\",\"ONU-Habitat\",\"participa\u00e7\u00e3o\",\"Remo\u00e7\u00e3o\",\"Santa Cruz\",\"Termo Territorial Coletivo (TTC) \/ Community Land Trust (CLT)\",\"titula\u00e7\u00e3o de terras\",\"Vila Aut\u00f3dromo\",\"Zona Oeste\"],\"articleSection\":[\"#OlhoNaParticipa\u00e7\u00e3o\",\"Escrito por Aliados\",\"Pol\u00edticas\",\"Qualidades da Favela\",\"Solu\u00e7\u00f5es\"],\"inLanguage\":\"pt-BR\"},{\"@type\":\"WebPage\",\"@id\":\"https:\/\/rioonwatch.org.br\/?p=22957\",\"url\":\"https:\/\/rioonwatch.org.br\/?p=22957\",\"name\":\"Como o Rio e as Favelas se Encaixam na Nova Agenda Urbana? - RioOnWatch\",\"isPartOf\":{\"@id\":\"https:\/\/rioonwatch.org.br\/#website\"},\"primaryImageOfPage\":{\"@id\":\"https:\/\/rioonwatch.org.br\/?p=22957#primaryimage\"},\"image\":{\"@id\":\"https:\/\/rioonwatch.org.br\/?p=22957#primaryimage\"},\"thumbnailUrl\":\"https:\/\/rioonwatch.org.br\/wp-content\/uploads\/2016\/10\/unspecified.jpeg\",\"datePublished\":\"2016-10-19T17:00:18+00:00\",\"breadcrumb\":{\"@id\":\"https:\/\/rioonwatch.org.br\/?p=22957#breadcrumb\"},\"inLanguage\":\"pt-BR\",\"potentialAction\":[{\"@type\":\"ReadAction\",\"target\":[\"https:\/\/rioonwatch.org.br\/?p=22957\"]}]},{\"@type\":\"ImageObject\",\"inLanguage\":\"pt-BR\",\"@id\":\"https:\/\/rioonwatch.org.br\/?p=22957#primaryimage\",\"url\":\"https:\/\/rioonwatch.org.br\/wp-content\/uploads\/2016\/10\/unspecified.jpeg\",\"contentUrl\":\"https:\/\/rioonwatch.org.br\/wp-content\/uploads\/2016\/10\/unspecified.jpeg\",\"width\":1280,\"height\":853},{\"@type\":\"BreadcrumbList\",\"@id\":\"https:\/\/rioonwatch.org.br\/?p=22957#breadcrumb\",\"itemListElement\":[{\"@type\":\"ListItem\",\"position\":1,\"name\":\"In\u00edcio\",\"item\":\"https:\/\/rioonwatch.org.br\/\"},{\"@type\":\"ListItem\",\"position\":2,\"name\":\"Como o Rio e as Favelas se Encaixam na Nova Agenda Urbana?\"}]},{\"@type\":\"WebSite\",\"@id\":\"https:\/\/rioonwatch.org.br\/#website\",\"url\":\"https:\/\/rioonwatch.org.br\/\",\"name\":\"RioOnWatch\",\"description\":\"relatos das favelas cariocas\",\"publisher\":{\"@id\":\"https:\/\/rioonwatch.org.br\/#organization\"},\"potentialAction\":[{\"@type\":\"SearchAction\",\"target\":{\"@type\":\"EntryPoint\",\"urlTemplate\":\"https:\/\/rioonwatch.org.br\/?s={search_term_string}\"},\"query-input\":{\"@type\":\"PropertyValueSpecification\",\"valueRequired\":true,\"valueName\":\"search_term_string\"}}],\"inLanguage\":\"pt-BR\"},{\"@type\":\"Organization\",\"@id\":\"https:\/\/rioonwatch.org.br\/#organization\",\"name\":\"RioOnWatch\",\"url\":\"https:\/\/rioonwatch.org.br\/\",\"logo\":{\"@type\":\"ImageObject\",\"inLanguage\":\"pt-BR\",\"@id\":\"https:\/\/rioonwatch.org.br\/#\/schema\/logo\/image\/\",\"url\":\"https:\/\/rioonwatch.org.br\/wp-content\/uploads\/2021\/06\/RioOnWatchcabecalhoPT11anos-2.png\",\"contentUrl\":\"https:\/\/rioonwatch.org.br\/wp-content\/uploads\/2021\/06\/RioOnWatchcabecalhoPT11anos-2.png\",\"width\":779,\"height\":277,\"caption\":\"RioOnWatch\"},\"image\":{\"@id\":\"https:\/\/rioonwatch.org.br\/#\/schema\/logo\/image\/\"}},{\"@type\":\"Person\",\"@id\":\"https:\/\/rioonwatch.org.br\/#\/schema\/person\/11d64c290506f9df50c71b850c473f68\",\"name\":\"Admin\",\"image\":{\"@type\":\"ImageObject\",\"inLanguage\":\"pt-BR\",\"@id\":\"https:\/\/rioonwatch.org.br\/#\/schema\/person\/image\/\",\"url\":\"https:\/\/secure.gravatar.com\/avatar\/56211ac74568383903349a1485e3c325?s=96&d=blank&r=g\",\"contentUrl\":\"https:\/\/secure.gravatar.com\/avatar\/56211ac74568383903349a1485e3c325?s=96&d=blank&r=g\",\"caption\":\"Admin\"},\"url\":\"https:\/\/rioonwatch.org.br\/?author=129\"}]}<\/script>\n<!-- \/ Yoast SEO plugin. -->","yoast_head_json":{"title":"Como o Rio e as Favelas se Encaixam na Nova Agenda Urbana? - RioOnWatch","robots":{"index":"index","follow":"follow","max-snippet":"max-snippet:-1","max-image-preview":"max-image-preview:large","max-video-preview":"max-video-preview:-1"},"canonical":"https:\/\/rioonwatch.org.br\/?p=22957","og_locale":"pt_BR","og_type":"article","og_title":"Como o Rio e as Favelas se Encaixam na Nova Agenda Urbana? - RioOnWatch","og_description":"Click Here for English A Nova Agenda Urbana sendo divulgada e discutida essa semana na Confer\u00eancia Habitat III\u00a0das Na\u00e7\u00f5es Unidas no Equador \u00e9 extremamente importante para o Rio. Num tempo em que a cidade enfrenta [...]","og_url":"https:\/\/rioonwatch.org.br\/?p=22957","og_site_name":"RioOnWatch","article_published_time":"2016-10-19T17:00:18+00:00","og_image":[{"width":1280,"height":853,"url":"https:\/\/rioonwatch.org.br\/wp-content\/uploads\/2016\/10\/unspecified.jpeg","type":"image\/jpeg"}],"author":"Admin","twitter_card":"summary_large_image","twitter_misc":{"Escrito por":"Admin","Est. tempo de leitura":"6 minutos"},"schema":{"@context":"https:\/\/schema.org","@graph":[{"@type":"Article","@id":"https:\/\/rioonwatch.org.br\/?p=22957#article","isPartOf":{"@id":"https:\/\/rioonwatch.org.br\/?p=22957"},"author":{"name":"Admin","@id":"https:\/\/rioonwatch.org.br\/#\/schema\/person\/11d64c290506f9df50c71b850c473f68"},"headline":"Como o Rio e as Favelas se Encaixam na Nova Agenda Urbana?","datePublished":"2016-10-19T17:00:18+00:00","mainEntityOfPage":{"@id":"https:\/\/rioonwatch.org.br\/?p=22957"},"wordCount":1143,"publisher":{"@id":"https:\/\/rioonwatch.org.br\/#organization"},"image":{"@id":"https:\/\/rioonwatch.org.br\/?p=22957#primaryimage"},"thumbnailUrl":"https:\/\/rioonwatch.org.br\/wp-content\/uploads\/2016\/10\/unspecified.jpeg","keywords":["'slum'","Campo Grande","Eduardo Paes","habita\u00e7\u00e3o acess\u00edvel","Minha Casa Minha Vida","Morar Carioca","Nova Agenda Urbana \/ Habitat III","ONU","ONU-Habitat","participa\u00e7\u00e3o","Remo\u00e7\u00e3o","Santa Cruz","Termo Territorial Coletivo (TTC) \/ Community Land Trust (CLT)","titula\u00e7\u00e3o de terras","Vila Aut\u00f3dromo","Zona Oeste"],"articleSection":["#OlhoNaParticipa\u00e7\u00e3o","Escrito por Aliados","Pol\u00edticas","Qualidades da Favela","Solu\u00e7\u00f5es"],"inLanguage":"pt-BR"},{"@type":"WebPage","@id":"https:\/\/rioonwatch.org.br\/?p=22957","url":"https:\/\/rioonwatch.org.br\/?p=22957","name":"Como o Rio e as Favelas se Encaixam na Nova Agenda Urbana? - RioOnWatch","isPartOf":{"@id":"https:\/\/rioonwatch.org.br\/#website"},"primaryImageOfPage":{"@id":"https:\/\/rioonwatch.org.br\/?p=22957#primaryimage"},"image":{"@id":"https:\/\/rioonwatch.org.br\/?p=22957#primaryimage"},"thumbnailUrl":"https:\/\/rioonwatch.org.br\/wp-content\/uploads\/2016\/10\/unspecified.jpeg","datePublished":"2016-10-19T17:00:18+00:00","breadcrumb":{"@id":"https:\/\/rioonwatch.org.br\/?p=22957#breadcrumb"},"inLanguage":"pt-BR","potentialAction":[{"@type":"ReadAction","target":["https:\/\/rioonwatch.org.br\/?p=22957"]}]},{"@type":"ImageObject","inLanguage":"pt-BR","@id":"https:\/\/rioonwatch.org.br\/?p=22957#primaryimage","url":"https:\/\/rioonwatch.org.br\/wp-content\/uploads\/2016\/10\/unspecified.jpeg","contentUrl":"https:\/\/rioonwatch.org.br\/wp-content\/uploads\/2016\/10\/unspecified.jpeg","width":1280,"height":853},{"@type":"BreadcrumbList","@id":"https:\/\/rioonwatch.org.br\/?p=22957#breadcrumb","itemListElement":[{"@type":"ListItem","position":1,"name":"In\u00edcio","item":"https:\/\/rioonwatch.org.br\/"},{"@type":"ListItem","position":2,"name":"Como o Rio e as Favelas se Encaixam na Nova Agenda Urbana?"}]},{"@type":"WebSite","@id":"https:\/\/rioonwatch.org.br\/#website","url":"https:\/\/rioonwatch.org.br\/","name":"RioOnWatch","description":"relatos das favelas cariocas","publisher":{"@id":"https:\/\/rioonwatch.org.br\/#organization"},"potentialAction":[{"@type":"SearchAction","target":{"@type":"EntryPoint","urlTemplate":"https:\/\/rioonwatch.org.br\/?s={search_term_string}"},"query-input":{"@type":"PropertyValueSpecification","valueRequired":true,"valueName":"search_term_string"}}],"inLanguage":"pt-BR"},{"@type":"Organization","@id":"https:\/\/rioonwatch.org.br\/#organization","name":"RioOnWatch","url":"https:\/\/rioonwatch.org.br\/","logo":{"@type":"ImageObject","inLanguage":"pt-BR","@id":"https:\/\/rioonwatch.org.br\/#\/schema\/logo\/image\/","url":"https:\/\/rioonwatch.org.br\/wp-content\/uploads\/2021\/06\/RioOnWatchcabecalhoPT11anos-2.png","contentUrl":"https:\/\/rioonwatch.org.br\/wp-content\/uploads\/2021\/06\/RioOnWatchcabecalhoPT11anos-2.png","width":779,"height":277,"caption":"RioOnWatch"},"image":{"@id":"https:\/\/rioonwatch.org.br\/#\/schema\/logo\/image\/"}},{"@type":"Person","@id":"https:\/\/rioonwatch.org.br\/#\/schema\/person\/11d64c290506f9df50c71b850c473f68","name":"Admin","image":{"@type":"ImageObject","inLanguage":"pt-BR","@id":"https:\/\/rioonwatch.org.br\/#\/schema\/person\/image\/","url":"https:\/\/secure.gravatar.com\/avatar\/56211ac74568383903349a1485e3c325?s=96&d=blank&r=g","contentUrl":"https:\/\/secure.gravatar.com\/avatar\/56211ac74568383903349a1485e3c325?s=96&d=blank&r=g","caption":"Admin"},"url":"https:\/\/rioonwatch.org.br\/?author=129"}]}},"_links":{"self":[{"href":"https:\/\/rioonwatch.org.br\/index.php?rest_route=\/wp\/v2\/posts\/22957"}],"collection":[{"href":"https:\/\/rioonwatch.org.br\/index.php?rest_route=\/wp\/v2\/posts"}],"about":[{"href":"https:\/\/rioonwatch.org.br\/index.php?rest_route=\/wp\/v2\/types\/post"}],"author":[{"embeddable":true,"href":"https:\/\/rioonwatch.org.br\/index.php?rest_route=\/wp\/v2\/users\/129"}],"replies":[{"embeddable":true,"href":"https:\/\/rioonwatch.org.br\/index.php?rest_route=%2Fwp%2Fv2%2Fcomments&post=22957"}],"version-history":[{"count":14,"href":"https:\/\/rioonwatch.org.br\/index.php?rest_route=\/wp\/v2\/posts\/22957\/revisions"}],"predecessor-version":[{"id":23038,"href":"https:\/\/rioonwatch.org.br\/index.php?rest_route=\/wp\/v2\/posts\/22957\/revisions\/23038"}],"wp:featuredmedia":[{"embeddable":true,"href":"https:\/\/rioonwatch.org.br\/index.php?rest_route=\/wp\/v2\/media\/22959"}],"wp:attachment":[{"href":"https:\/\/rioonwatch.org.br\/index.php?rest_route=%2Fwp%2Fv2%2Fmedia&parent=22957"}],"wp:term":[{"taxonomy":"category","embeddable":true,"href":"https:\/\/rioonwatch.org.br\/index.php?rest_route=%2Fwp%2Fv2%2Fcategories&post=22957"},{"taxonomy":"post_tag","embeddable":true,"href":"https:\/\/rioonwatch.org.br\/index.php?rest_route=%2Fwp%2Fv2%2Ftags&post=22957"},{"taxonomy":"writer","embeddable":true,"href":"https:\/\/rioonwatch.org.br\/index.php?rest_route=%2Fwp%2Fv2%2Fwriter&post=22957"},{"taxonomy":"translator","embeddable":true,"href":"https:\/\/rioonwatch.org.br\/index.php?rest_route=%2Fwp%2Fv2%2Ftranslator&post=22957"},{"taxonomy":"source","embeddable":true,"href":"https:\/\/rioonwatch.org.br\/index.php?rest_route=%2Fwp%2Fv2%2Fsource&post=22957"},{"taxonomy":"ilustrador","embeddable":true,"href":"https:\/\/rioonwatch.org.br\/index.php?rest_route=%2Fwp%2Fv2%2Filustrador&post=22957"},{"taxonomy":"fotografo","embeddable":true,"href":"https:\/\/rioonwatch.org.br\/index.php?rest_route=%2Fwp%2Fv2%2Ffotografo&post=22957"}],"curies":[{"name":"wp","href":"https:\/\/api.w.org\/{rel}","templated":true}]}}