{"id":23035,"date":"2016-11-21T11:36:03","date_gmt":"2016-11-21T14:36:03","guid":{"rendered":"http:\/\/rioonwatch.org.br\/?p=23035"},"modified":"2016-11-21T21:24:19","modified_gmt":"2016-11-22T00:24:19","slug":"a-profunda-desigualdade-do-codigo-tributario-do-brasil-referencia","status":"publish","type":"post","link":"https:\/\/rioonwatch.org.br\/?p=23035","title":{"rendered":"A Profunda Desigualdade do C\u00f3digo Tribut\u00e1rio Brasileiro [REFER\u00caNCIA]"},"content":{"rendered":"<p style=\"text-align: right;\"><em><strong><a href=\"http:\/\/bit.ly\/2cC5G2w\" target=\"_blank\">Click Here for English<img decoding=\"async\" width=\"20\" height=\"20\" class=\"alignright wp-image-15790\" src=\"http:\/\/rioonwatch.org.br\/wp-content\/uploads\/2012\/08\/EN-standard-e1439583104716.jpg\" alt=\"\" \/><\/a><\/strong><\/em><\/p>\n<p>A no\u00e7\u00e3o de que os trabalhadores pobres n\u00e3o pagam sua parte justa de impostos <a href=\"http:\/\/bit.ly\/2e2SW2d\" target=\"_blank\">continua a ser um tema de conversa comum e duradouro<\/a> entre conservadores ao redor do mundo. No Brasil, este <a href=\"http:\/\/bit.ly\/P4itK0\" target=\"_blank\">estigma<\/a> \u00e9 frequentemente <a href=\"http:\/\/bit.ly\/2e2SW2d\" target=\"_blank\">usado para justificar<\/a> amplamente\u00a0a falta de servi\u00e7os, de <a href=\"http:\/\/bit.ly\/1kzUmMv\" target=\"_blank\">sa\u00fade<\/a> e de <a href=\"http:\/\/bit.ly\/1rKFP6K\" target=\"_blank\">moradia<\/a> adequados dispon\u00edveis para grandes segmentos da popula\u00e7\u00e3o, muitos dos quais vivem nas favelas. Este equ\u00edvoco \u00e9 ainda agravado pela presen\u00e7a avassaladora do setor informal, que analistas acreditam somar <a href=\"http:\/\/bit.ly\/2dqHN9L\" target=\"_blank\">48 milh\u00f5es de trabalhadores e cerca de 60% do emprego total do pa\u00eds<\/a>.<\/p>\n<p>Mas argumentar que as pessoas informalmente empregadas n\u00e3o pagam impostos \u00e9 ignorar as pol\u00edticas sist\u00eamicas de tributa\u00e7\u00e3o regressiva fundamentais da\u00a0<a href=\"http:\/\/bit.ly\/2ehnG29\" target=\"_blank\">notoriamente complexa legisla\u00e7\u00e3o tribut\u00e1ria brasileira<\/a>. Por defini\u00e7\u00e3o, impostos <a href=\"http:\/\/bit.ly\/2etqRQO\" target=\"_blank\">regressivos<\/a> s\u00e3o aqueles que imp\u00f5em uma carga relativa maior para as pessoas com uma menor capacidade de pagar. Na pr\u00e1tica, eles s\u00e3o cobrados mais frequentemente devido aos impostos n\u00e3o uniformes sobre consumo de bens e servi\u00e7os b\u00e1sicos. <a href=\"http:\/\/bit.ly\/2abZx9E\" target=\"_blank\">Pesquisas mostram<\/a> que os produtos tributados mais regressivamente no Brasil s\u00e3o alimentos b\u00e1sicos, g\u00e1s de cozinha, eletricidade, roupa e tabaco, todos produtos muito utilizados por trabalhadores de baixa renda.<\/p>\n<figure id=\"attachment_23045\" aria-describedby=\"caption-attachment-23045\" style=\"width: 620px\" class=\"wp-caption aligncenter\"><a href=\"http:\/\/rioonwatch.org.br\/wp-content\/uploads\/2016\/10\/BrazilianTaxCode.jpg\"><img fetchpriority=\"high\" decoding=\"async\" class=\"wp-image-23045 size-medium\" title=\"Quando um advogado de Belo Horizonte compilou o c\u00f3digo tribut\u00e1rio brasileiro inteiro em um \u00fanico livro, ele pesou 7 toneladas, o equivalente a dois hipop\u00f3tamos adultos.\" src=\"http:\/\/rioonwatch.org.br\/wp-content\/uploads\/2016\/10\/BrazilianTaxCode-620x348.jpg\" alt=\"braziliantaxcode\" width=\"620\" height=\"348\" srcset=\"https:\/\/rioonwatch.org.br\/wp-content\/uploads\/2016\/10\/BrazilianTaxCode-620x348.jpg 620w, https:\/\/rioonwatch.org.br\/wp-content\/uploads\/2016\/10\/BrazilianTaxCode-470x264.jpg 470w, https:\/\/rioonwatch.org.br\/wp-content\/uploads\/2016\/10\/BrazilianTaxCode-768x431.jpg 768w, https:\/\/rioonwatch.org.br\/wp-content\/uploads\/2016\/10\/BrazilianTaxCode.jpg 1024w, https:\/\/rioonwatch.org.br\/wp-content\/uploads\/2016\/10\/BrazilianTaxCode-580x326.jpg 580w, https:\/\/rioonwatch.org.br\/wp-content\/uploads\/2016\/10\/BrazilianTaxCode-174x98.jpg 174w\" sizes=\"(max-width: 620px) 100vw, 620px\" \/><\/a><figcaption id=\"caption-attachment-23045\" class=\"wp-caption-text\">Quando um advogado de Belo Horizonte compilou o c\u00f3digo tribut\u00e1rio brasileiro inteiro em um \u00fanico livro, ele pesou 7 toneladas, o equivalente a dois hipop\u00f3tamos adultos.<\/figcaption><\/figure>\n<p>Taxar excessivamente os pobres no seu consumo de bens b\u00e1sicos n\u00e3o \u00e9 o \u00fanico aspecto question\u00e1vel do c\u00f3digo tribut\u00e1rio brasileiro. Investiga\u00e7\u00f5es mais profundas na legisla\u00e7\u00e3o tribut\u00e1ria do pa\u00eds revelam um sistema falho que, desde seu in\u00edcio em 1988 com a ratifica\u00e7\u00e3o da nova <a href=\"http:\/\/bit.ly\/2e7F1Lg\" target=\"_blank\">Constitui\u00e7\u00e3o<\/a>, notavelmente conseguiu impor uma carga tribut\u00e1ria em p\u00e9 de igualdade com pa\u00edses do Norte da Europa, mas que <a href=\"http:\/\/bit.ly\/2a0fAsa\" target=\"_blank\">sustenta taxas de desigualdade semelhantes as encontradas na \u00c1frica subsaariana<\/a>. Resumindo: no Brasil taxamos como os pa\u00edses que garantem o melhor bem-estar social do mundo e por consequ\u00eancia a menor desigualdade social aos seus cidad\u00e3os, por\u00e9m que no Brasil estes impostos nada fazem para, na pr\u00e1tica, reduzir essa desigualdade social.<\/p>\n<p>Um economista empregando um pouco de humor negro pode chamar essa rela\u00e7\u00e3o paradoxal de O Milagre Brasileiro, segunda rodada. A l\u00f3gica prevalecente entre os analistas de pol\u00edtica fiscal tem sido sempre a de que existe uma forte correla\u00e7\u00e3o entre uma alta carga tribut\u00e1ria em percentagem do PIB de um pa\u00eds e baixos coeficientes de Gini&#8211;a m\u00e9trica usada para determinar a desigualdade. O Brasil parece ter sido capaz de inverter esta tend\u00eancia pela promulga\u00e7\u00e3o de um c\u00f3digo tribut\u00e1rio que \u00e9, fundamentalmente, tendencioso contra os membros mais pobres da sociedade.<\/p>\n<figure id=\"attachment_23046\" aria-describedby=\"caption-attachment-23046\" style=\"width: 620px\" class=\"wp-caption aligncenter\"><a href=\"http:\/\/rioonwatch.org.br\/wp-content\/uploads\/2016\/10\/GinivsTaxBurden.png\"><img decoding=\"async\" class=\"wp-image-23046 size-medium\" title=\"A combina\u00e7\u00e3o brasileira de elevada carga tribut\u00e1ria e altos n\u00edveis de desigualdade \u00e9 discrepante globalmente.\" src=\"http:\/\/rioonwatch.org.br\/wp-content\/uploads\/2016\/10\/GinivsTaxBurden-620x286.png\" alt=\"ginivstaxburden\" width=\"620\" height=\"286\" srcset=\"https:\/\/rioonwatch.org.br\/wp-content\/uploads\/2016\/10\/GinivsTaxBurden-620x286.png 620w, https:\/\/rioonwatch.org.br\/wp-content\/uploads\/2016\/10\/GinivsTaxBurden-573x264.png 573w, https:\/\/rioonwatch.org.br\/wp-content\/uploads\/2016\/10\/GinivsTaxBurden-768x354.png 768w, https:\/\/rioonwatch.org.br\/wp-content\/uploads\/2016\/10\/GinivsTaxBurden.png 1024w\" sizes=\"(max-width: 620px) 100vw, 620px\" \/><\/a><figcaption id=\"caption-attachment-23046\" class=\"wp-caption-text\">A combina\u00e7\u00e3o brasileira de elevada carga tribut\u00e1ria e altos n\u00edveis de desigualdade \u00e9 discrepante globalmente.<\/figcaption><\/figure>\n<p>A raiz desse fen\u00f4meno contraintuitivo encontra-se novamente nos tipos de impostos cobrados. No Brasil, em 2011, os impostos indiretos sobre o consumo de bens e servi\u00e7os&#8211;os impostos regressivos acima mencionados&#8211;foram respons\u00e1veis por <a href=\"http:\/\/bit.ly\/2dokLF0\" target=\"_blank\">mais de 49% da carga tribut\u00e1ria, em compara\u00e7\u00e3o com apenas 34% nos pa\u00edses<\/a> da <a href=\"http:\/\/bit.ly\/2gBOBbs\" target=\"_blank\">OCDE<\/a>. Em contraste, taxas de impostos que predominantemente afetam os ricos, como os impostos sobre propriedades e renda, permanecem relativamente muito baixos. Um imposto progressivo sobre riqueza que taxaria indiv\u00edduos com ativos de mais de R$2 milh\u00f5es&#8211;o\u00a0<em>Imposto sobre Grandes Fortunas&#8211;<\/em>est\u00e1 sendo discutido h\u00e1 mais de 20 anos, mas nunca foi implementado.<\/p>\n<p>A principal fonte de estigmatiza\u00e7\u00e3o vem da confus\u00e3o em torno de pessoas que n\u00e3o pagam imposto de renda, mas ainda est\u00e3o sujeitas a uma grande carga tribut\u00e1ria total. Este preconceito n\u00e3o \u00e9 exclusivo do Brasil&#8211;o infame coment\u00e1rio do candidato presidencial dos EUA Mitt Romney de que &#8220;<a href=\"http:\/\/bit.ly\/2dol9n7\" target=\"_blank\">47% [dos americanos] n\u00e3o pagam impostos<\/a>&#8220;, muitas vezes citado como o motivo para sua derrota eleitoral de 2012, \u00e9 um excelente exemplo.<\/p>\n<p>\u00c9 verdade que a maioria dos cidad\u00e3os que trabalham informalmente n\u00e3o pagam impostos sobre renda, mas o imposto de renda comp\u00f5e meros <a href=\"http:\/\/bit.ly\/2elCEkN\" target=\"_blank\">19% da receita fiscal total no Brasil<\/a>. Tamb\u00e9m n\u00e3o h\u00e1 quase nenhum incentivo para entrar na economia formal e pagar impostos se eles foram criados de uma maneira que tornam a sua fun\u00e7\u00e3o&#8211;a verdadeira redistribui\u00e7\u00e3o da riqueza&#8211;inating\u00edvel. Como o sistema \u00e9 composto por v\u00e1rias categorias de impostos, ele mant\u00e9m o disfarce de ser progressivo, mas definindo o limite da categoria mais alta para um n\u00edvel relativamente baixo de renda, os pobres e a classe m\u00e9dia s\u00e3o penalizados enquanto as fam\u00edlias mais ricas desfrutam encargos fiscais comparavelmente min\u00fasculos.<\/p>\n<p>Todos os rendimentos anuais superiores a R$49.051,00 atualmente s\u00e3o tributados igualmente a uma taxa de 27,5%. \u00a0Isto significa que uma pessoa que ganha R$50.000 por ano \u00e9 tributada \u00e0 mesma taxa que uma pessoa que ganha R$50 milh\u00f5es.\u00a0Em compara\u00e7\u00e3o, os impostos para os que possuem as rendas mais altas nos Estados Unidos, Europa e outras na\u00e7\u00f5es desenvolvidas variam de 40% a 57%.<\/p>\n<figure id=\"attachment_23047\" aria-describedby=\"caption-attachment-23047\" style=\"width: 620px\" class=\"wp-caption aligncenter\"><a href=\"http:\/\/rioonwatch.org.br\/wp-content\/uploads\/2016\/10\/TaxBudenByIncomeBracket.png\"><img loading=\"lazy\" decoding=\"async\" class=\"wp-image-23047 size-medium\" title=\"Os encargos de imposto de renda para as classes mais baixas tem apenas piorado nos \u00faltimos 20 anos.\" src=\"http:\/\/rioonwatch.org.br\/wp-content\/uploads\/2016\/10\/TaxBudenByIncomeBracket-620x305.png\" alt=\"taxbudenbyincomebracket\" width=\"620\" height=\"305\" srcset=\"https:\/\/rioonwatch.org.br\/wp-content\/uploads\/2016\/10\/TaxBudenByIncomeBracket-620x305.png 620w, https:\/\/rioonwatch.org.br\/wp-content\/uploads\/2016\/10\/TaxBudenByIncomeBracket-536x264.png 536w, https:\/\/rioonwatch.org.br\/wp-content\/uploads\/2016\/10\/TaxBudenByIncomeBracket-768x378.png 768w, https:\/\/rioonwatch.org.br\/wp-content\/uploads\/2016\/10\/TaxBudenByIncomeBracket.png 1024w\" sizes=\"(max-width: 620px) 100vw, 620px\" \/><\/a><figcaption id=\"caption-attachment-23047\" class=\"wp-caption-text\">Os encargos de imposto de renda para as classes mais baixas t\u00eam apenas piorado nos \u00faltimos 20 anos.<\/figcaption><\/figure>\n<p>A situa\u00e7\u00e3o est\u00e1 s\u00f3 piorando. De acordo com\u00a0<a href=\"http:\/\/bit.ly\/29YnyD4\" target=\"_blank\">v\u00e1rios relat\u00f3rios de pesquisa<\/a>, desde a d\u00e9cada de 90 at\u00e9 hoje, as fam\u00edlias que ganham at\u00e9 dois sal\u00e1rios m\u00ednimos t\u00eam visto um aumento em sua carga de imposto direto enquanto aqueles que ganham mais de 30 sal\u00e1rios m\u00ednimos receberam uma redu\u00e7\u00e3o.\u00a0Para as corpora\u00e7\u00f5es, a paisagem tribut\u00e1ria tamb\u00e9m \u00e9 tendenciosa quanto a ajuda \u00e0s corpora\u00e7\u00f5es multinacionais e grandes em vez das pequenas empresas. Apesar dos esfor\u00e7os abrangentes feitos pelo governo federal para formaliz\u00e1-los, \u00e9 f\u00e1cil ver por que muitas pequenas empresas no Brasil muitas vezes optam por permanecer no setor informal. O Banco Mundial classifica a na\u00e7\u00e3o como a 126\u00ba em &#8220;<a href=\"http:\/\/bit.ly\/2donZIV\" target=\"_blank\">facilidade para come\u00e7ar um neg\u00f3cio<\/a>&#8221; e um estudo de 2013 da Forbes classificou o c\u00f3digo tribut\u00e1rio brasileiro como o que <a href=\"http:\/\/bit.ly\/2a0hGZ0\" target=\"_blank\">mais consome tempo no mundo<\/a>. Da mesma forma, as pequenas empresas enfrentam um fardo de imposto relativo maior do que as grandes corpora\u00e7\u00f5es, o que inerentemente incentiva a economia informal a florescer.<\/p>\n<p><a href=\"http:\/\/rioonwatch.org.br\/wp-content\/uploads\/2016\/10\/Informal_Business_Rocinha-1.jpg\"><img loading=\"lazy\" decoding=\"async\" class=\"aligncenter wp-image-23048 size-content\" title=\"Imensos obst\u00e1culos burocr\u00e1ticos incentivam as pequenas empresas a permanecerem no setor informal.\" src=\"http:\/\/rioonwatch.org.br\/wp-content\/uploads\/2016\/10\/Informal_Business_Rocinha-1-620x264.jpg\" alt=\"informal_business_rocinha\" width=\"620\" height=\"264\" \/><\/a><\/p>\n<p>Em um sistema t\u00e3o injusto, porque a ret\u00f3rica mal informada e estigmatizada persiste? A extrema complexidade do c\u00f3digo tribut\u00e1rio \u00e9 considerada um fator importante para frustrar a acelera\u00e7\u00e3o dos movimentos sociais por justi\u00e7a fiscal. Da mesma forma, a associa\u00e7\u00e3o p\u00fablica da economia informal com a <a href=\"http:\/\/bit.ly\/2buISj2\" target=\"_blank\">criminalidade<\/a> est\u00e1 profundamente enraizada.<\/p>\n<p>Se o governo brasileiro est\u00e1 verdadeiramente interessado em integrar economicamente o setor informal como diz estar, \u00e9 claro que primeiro devem tomar medidas para reformular o tendencioso c\u00f3digo tribut\u00e1rio do pa\u00eds.<\/p>\n<!-- AddThis Advanced Settings generic via filter on the_content --><!-- AddThis Share Buttons generic via filter on the_content -->","protected":false},"excerpt":{"rendered":"<div class=\"mh-excerpt\"><p>Click Here for English A no\u00e7\u00e3o de que os trabalhadores pobres n\u00e3o pagam sua parte justa de impostos continua a ser um tema de conversa comum e duradouro entre conservadores ao redor do mundo. No <a class=\"mh-excerpt-more\" href=\"https:\/\/rioonwatch.org.br\/?p=23035\" title=\"A Profunda Desigualdade do C\u00f3digo Tribut\u00e1rio Brasileiro [REFER\u00caNCIA]\">[&#8230;]<\/a><!-- AddThis Advanced Settings generic via filter on get_the_excerpt --><!-- AddThis Share Buttons generic via filter on get_the_excerpt --><\/p>\n<\/div>","protected":false},"author":129,"featured_media":23044,"comment_status":"closed","ping_status":"closed","sticky":false,"template":"","format":"standard","meta":{"_acf_changed":false,"_monsterinsights_skip_tracking":false,"_monsterinsights_sitenote_active":false,"_monsterinsights_sitenote_note":"","_monsterinsights_sitenote_category":0,"footnotes":""},"categories":[1621,1632,1631,1626,344],"tags":[386,1386,413,687,2009,1103,1040,1637,126,578],"writer":[1946],"translator":[2004],"source":[],"ilustrador":[],"fotografo":[],"class_list":{"0":"post-23035","1":"post","2":"type-post","3":"status-publish","4":"format-standard","5":"has-post-thumbnail","7":"category-destaque","8":"category-pesquisa-e-analise","9":"category-entendendo-o-rio","10":"category-por-observadores-internacionais","11":"category-politicas","12":"tag-estigma","13":"tag-critica-a-politica","14":"tag-desigualdade","15":"tag-economia","16":"tag-impostos","17":"tag-informalidade","18":"tag-iptu","19":"tag-referencia","20":"tag-preconceito","21":"tag-trabalho-e-renda","22":"writer-eli-nemzer","23":"translator-anna-gabriela-teixeira"},"acf":[],"yoast_head":"<!-- This site is optimized with the Yoast SEO plugin v25.6 - https:\/\/yoast.com\/wordpress\/plugins\/seo\/ -->\n<title>A Profunda Desigualdade do C\u00f3digo Tribut\u00e1rio Brasileiro [REFER\u00caNCIA] - RioOnWatch<\/title>\n<meta name=\"robots\" content=\"index, follow, max-snippet:-1, max-image-preview:large, max-video-preview:-1\" \/>\n<link rel=\"canonical\" href=\"https:\/\/rioonwatch.org.br\/?p=23035\" \/>\n<meta property=\"og:locale\" content=\"pt_BR\" \/>\n<meta property=\"og:type\" content=\"article\" \/>\n<meta property=\"og:title\" content=\"A Profunda Desigualdade do C\u00f3digo Tribut\u00e1rio Brasileiro [REFER\u00caNCIA] - RioOnWatch\" \/>\n<meta property=\"og:description\" content=\"Click Here for English A no\u00e7\u00e3o de que os trabalhadores pobres n\u00e3o pagam sua parte justa de impostos continua a ser um tema de conversa comum e duradouro entre conservadores ao redor do mundo. No [...]\" \/>\n<meta property=\"og:url\" content=\"https:\/\/rioonwatch.org.br\/?p=23035\" \/>\n<meta property=\"og:site_name\" content=\"RioOnWatch\" \/>\n<meta property=\"article:published_time\" content=\"2016-11-21T14:36:03+00:00\" \/>\n<meta property=\"article:modified_time\" content=\"2016-11-22T00:24:19+00:00\" \/>\n<meta property=\"og:image\" content=\"https:\/\/rioonwatch.org.br\/wp-content\/uploads\/2016\/10\/151020114846_minhacasa3_624x351_lse_nocredit.jpg\" \/>\n\t<meta property=\"og:image:width\" content=\"624\" \/>\n\t<meta property=\"og:image:height\" content=\"351\" \/>\n\t<meta property=\"og:image:type\" content=\"image\/jpeg\" \/>\n<meta name=\"author\" content=\"Admin\" \/>\n<meta name=\"twitter:card\" content=\"summary_large_image\" \/>\n<meta name=\"twitter:label1\" content=\"Escrito por\" \/>\n\t<meta name=\"twitter:data1\" content=\"Admin\" \/>\n\t<meta name=\"twitter:label2\" content=\"Est. tempo de leitura\" \/>\n\t<meta name=\"twitter:data2\" content=\"6 minutos\" \/>\n<script type=\"application\/ld+json\" class=\"yoast-schema-graph\">{\"@context\":\"https:\/\/schema.org\",\"@graph\":[{\"@type\":\"Article\",\"@id\":\"https:\/\/rioonwatch.org.br\/?p=23035#article\",\"isPartOf\":{\"@id\":\"https:\/\/rioonwatch.org.br\/?p=23035\"},\"author\":{\"name\":\"Admin\",\"@id\":\"https:\/\/rioonwatch.org.br\/#\/schema\/person\/11d64c290506f9df50c71b850c473f68\"},\"headline\":\"A Profunda Desigualdade do C\u00f3digo Tribut\u00e1rio Brasileiro [REFER\u00caNCIA]\",\"datePublished\":\"2016-11-21T14:36:03+00:00\",\"dateModified\":\"2016-11-22T00:24:19+00:00\",\"mainEntityOfPage\":{\"@id\":\"https:\/\/rioonwatch.org.br\/?p=23035\"},\"wordCount\":1157,\"publisher\":{\"@id\":\"https:\/\/rioonwatch.org.br\/#organization\"},\"image\":{\"@id\":\"https:\/\/rioonwatch.org.br\/?p=23035#primaryimage\"},\"thumbnailUrl\":\"https:\/\/rioonwatch.org.br\/wp-content\/uploads\/2016\/10\/151020114846_minhacasa3_624x351_lse_nocredit.jpg\",\"keywords\":[\"#StopFavelaStigma\",\"cr\u00edtica \u00e0 pol\u00edtica\",\"desigualdade\",\"economia\",\"impostos\",\"informalidade\",\"IPTU\",\"Mat\u00e9rias de Refer\u00eancia\",\"preconceito\",\"Trabalho e renda\"],\"articleSection\":[\"*Destaque\",\"Dados e Pesquisa\",\"Entendendo o Rio\",\"Escrito por Aliados\",\"Pol\u00edticas\"],\"inLanguage\":\"pt-BR\"},{\"@type\":\"WebPage\",\"@id\":\"https:\/\/rioonwatch.org.br\/?p=23035\",\"url\":\"https:\/\/rioonwatch.org.br\/?p=23035\",\"name\":\"A Profunda Desigualdade do C\u00f3digo Tribut\u00e1rio Brasileiro [REFER\u00caNCIA] - RioOnWatch\",\"isPartOf\":{\"@id\":\"https:\/\/rioonwatch.org.br\/#website\"},\"primaryImageOfPage\":{\"@id\":\"https:\/\/rioonwatch.org.br\/?p=23035#primaryimage\"},\"image\":{\"@id\":\"https:\/\/rioonwatch.org.br\/?p=23035#primaryimage\"},\"thumbnailUrl\":\"https:\/\/rioonwatch.org.br\/wp-content\/uploads\/2016\/10\/151020114846_minhacasa3_624x351_lse_nocredit.jpg\",\"datePublished\":\"2016-11-21T14:36:03+00:00\",\"dateModified\":\"2016-11-22T00:24:19+00:00\",\"breadcrumb\":{\"@id\":\"https:\/\/rioonwatch.org.br\/?p=23035#breadcrumb\"},\"inLanguage\":\"pt-BR\",\"potentialAction\":[{\"@type\":\"ReadAction\",\"target\":[\"https:\/\/rioonwatch.org.br\/?p=23035\"]}]},{\"@type\":\"ImageObject\",\"inLanguage\":\"pt-BR\",\"@id\":\"https:\/\/rioonwatch.org.br\/?p=23035#primaryimage\",\"url\":\"https:\/\/rioonwatch.org.br\/wp-content\/uploads\/2016\/10\/151020114846_minhacasa3_624x351_lse_nocredit.jpg\",\"contentUrl\":\"https:\/\/rioonwatch.org.br\/wp-content\/uploads\/2016\/10\/151020114846_minhacasa3_624x351_lse_nocredit.jpg\",\"width\":624,\"height\":351},{\"@type\":\"BreadcrumbList\",\"@id\":\"https:\/\/rioonwatch.org.br\/?p=23035#breadcrumb\",\"itemListElement\":[{\"@type\":\"ListItem\",\"position\":1,\"name\":\"In\u00edcio\",\"item\":\"https:\/\/rioonwatch.org.br\/\"},{\"@type\":\"ListItem\",\"position\":2,\"name\":\"A Profunda Desigualdade do C\u00f3digo Tribut\u00e1rio Brasileiro [REFER\u00caNCIA]\"}]},{\"@type\":\"WebSite\",\"@id\":\"https:\/\/rioonwatch.org.br\/#website\",\"url\":\"https:\/\/rioonwatch.org.br\/\",\"name\":\"RioOnWatch\",\"description\":\"relatos das favelas cariocas\",\"publisher\":{\"@id\":\"https:\/\/rioonwatch.org.br\/#organization\"},\"potentialAction\":[{\"@type\":\"SearchAction\",\"target\":{\"@type\":\"EntryPoint\",\"urlTemplate\":\"https:\/\/rioonwatch.org.br\/?s={search_term_string}\"},\"query-input\":{\"@type\":\"PropertyValueSpecification\",\"valueRequired\":true,\"valueName\":\"search_term_string\"}}],\"inLanguage\":\"pt-BR\"},{\"@type\":\"Organization\",\"@id\":\"https:\/\/rioonwatch.org.br\/#organization\",\"name\":\"RioOnWatch\",\"url\":\"https:\/\/rioonwatch.org.br\/\",\"logo\":{\"@type\":\"ImageObject\",\"inLanguage\":\"pt-BR\",\"@id\":\"https:\/\/rioonwatch.org.br\/#\/schema\/logo\/image\/\",\"url\":\"https:\/\/rioonwatch.org.br\/wp-content\/uploads\/2021\/06\/RioOnWatchcabecalhoPT11anos-2.png\",\"contentUrl\":\"https:\/\/rioonwatch.org.br\/wp-content\/uploads\/2021\/06\/RioOnWatchcabecalhoPT11anos-2.png\",\"width\":779,\"height\":277,\"caption\":\"RioOnWatch\"},\"image\":{\"@id\":\"https:\/\/rioonwatch.org.br\/#\/schema\/logo\/image\/\"}},{\"@type\":\"Person\",\"@id\":\"https:\/\/rioonwatch.org.br\/#\/schema\/person\/11d64c290506f9df50c71b850c473f68\",\"name\":\"Admin\",\"image\":{\"@type\":\"ImageObject\",\"inLanguage\":\"pt-BR\",\"@id\":\"https:\/\/rioonwatch.org.br\/#\/schema\/person\/image\/\",\"url\":\"https:\/\/secure.gravatar.com\/avatar\/56211ac74568383903349a1485e3c325?s=96&d=blank&r=g\",\"contentUrl\":\"https:\/\/secure.gravatar.com\/avatar\/56211ac74568383903349a1485e3c325?s=96&d=blank&r=g\",\"caption\":\"Admin\"},\"url\":\"https:\/\/rioonwatch.org.br\/?author=129\"}]}<\/script>\n<!-- \/ Yoast SEO plugin. -->","yoast_head_json":{"title":"A Profunda Desigualdade do C\u00f3digo Tribut\u00e1rio Brasileiro [REFER\u00caNCIA] - RioOnWatch","robots":{"index":"index","follow":"follow","max-snippet":"max-snippet:-1","max-image-preview":"max-image-preview:large","max-video-preview":"max-video-preview:-1"},"canonical":"https:\/\/rioonwatch.org.br\/?p=23035","og_locale":"pt_BR","og_type":"article","og_title":"A Profunda Desigualdade do C\u00f3digo Tribut\u00e1rio Brasileiro [REFER\u00caNCIA] - RioOnWatch","og_description":"Click Here for English A no\u00e7\u00e3o de que os trabalhadores pobres n\u00e3o pagam sua parte justa de impostos continua a ser um tema de conversa comum e duradouro entre conservadores ao redor do mundo. No [...]","og_url":"https:\/\/rioonwatch.org.br\/?p=23035","og_site_name":"RioOnWatch","article_published_time":"2016-11-21T14:36:03+00:00","article_modified_time":"2016-11-22T00:24:19+00:00","og_image":[{"width":624,"height":351,"url":"https:\/\/rioonwatch.org.br\/wp-content\/uploads\/2016\/10\/151020114846_minhacasa3_624x351_lse_nocredit.jpg","type":"image\/jpeg"}],"author":"Admin","twitter_card":"summary_large_image","twitter_misc":{"Escrito por":"Admin","Est. tempo de leitura":"6 minutos"},"schema":{"@context":"https:\/\/schema.org","@graph":[{"@type":"Article","@id":"https:\/\/rioonwatch.org.br\/?p=23035#article","isPartOf":{"@id":"https:\/\/rioonwatch.org.br\/?p=23035"},"author":{"name":"Admin","@id":"https:\/\/rioonwatch.org.br\/#\/schema\/person\/11d64c290506f9df50c71b850c473f68"},"headline":"A Profunda Desigualdade do C\u00f3digo Tribut\u00e1rio Brasileiro [REFER\u00caNCIA]","datePublished":"2016-11-21T14:36:03+00:00","dateModified":"2016-11-22T00:24:19+00:00","mainEntityOfPage":{"@id":"https:\/\/rioonwatch.org.br\/?p=23035"},"wordCount":1157,"publisher":{"@id":"https:\/\/rioonwatch.org.br\/#organization"},"image":{"@id":"https:\/\/rioonwatch.org.br\/?p=23035#primaryimage"},"thumbnailUrl":"https:\/\/rioonwatch.org.br\/wp-content\/uploads\/2016\/10\/151020114846_minhacasa3_624x351_lse_nocredit.jpg","keywords":["#StopFavelaStigma","cr\u00edtica \u00e0 pol\u00edtica","desigualdade","economia","impostos","informalidade","IPTU","Mat\u00e9rias de Refer\u00eancia","preconceito","Trabalho e renda"],"articleSection":["*Destaque","Dados e Pesquisa","Entendendo o Rio","Escrito por Aliados","Pol\u00edticas"],"inLanguage":"pt-BR"},{"@type":"WebPage","@id":"https:\/\/rioonwatch.org.br\/?p=23035","url":"https:\/\/rioonwatch.org.br\/?p=23035","name":"A Profunda Desigualdade do C\u00f3digo Tribut\u00e1rio Brasileiro [REFER\u00caNCIA] - RioOnWatch","isPartOf":{"@id":"https:\/\/rioonwatch.org.br\/#website"},"primaryImageOfPage":{"@id":"https:\/\/rioonwatch.org.br\/?p=23035#primaryimage"},"image":{"@id":"https:\/\/rioonwatch.org.br\/?p=23035#primaryimage"},"thumbnailUrl":"https:\/\/rioonwatch.org.br\/wp-content\/uploads\/2016\/10\/151020114846_minhacasa3_624x351_lse_nocredit.jpg","datePublished":"2016-11-21T14:36:03+00:00","dateModified":"2016-11-22T00:24:19+00:00","breadcrumb":{"@id":"https:\/\/rioonwatch.org.br\/?p=23035#breadcrumb"},"inLanguage":"pt-BR","potentialAction":[{"@type":"ReadAction","target":["https:\/\/rioonwatch.org.br\/?p=23035"]}]},{"@type":"ImageObject","inLanguage":"pt-BR","@id":"https:\/\/rioonwatch.org.br\/?p=23035#primaryimage","url":"https:\/\/rioonwatch.org.br\/wp-content\/uploads\/2016\/10\/151020114846_minhacasa3_624x351_lse_nocredit.jpg","contentUrl":"https:\/\/rioonwatch.org.br\/wp-content\/uploads\/2016\/10\/151020114846_minhacasa3_624x351_lse_nocredit.jpg","width":624,"height":351},{"@type":"BreadcrumbList","@id":"https:\/\/rioonwatch.org.br\/?p=23035#breadcrumb","itemListElement":[{"@type":"ListItem","position":1,"name":"In\u00edcio","item":"https:\/\/rioonwatch.org.br\/"},{"@type":"ListItem","position":2,"name":"A Profunda Desigualdade do C\u00f3digo Tribut\u00e1rio Brasileiro [REFER\u00caNCIA]"}]},{"@type":"WebSite","@id":"https:\/\/rioonwatch.org.br\/#website","url":"https:\/\/rioonwatch.org.br\/","name":"RioOnWatch","description":"relatos das favelas cariocas","publisher":{"@id":"https:\/\/rioonwatch.org.br\/#organization"},"potentialAction":[{"@type":"SearchAction","target":{"@type":"EntryPoint","urlTemplate":"https:\/\/rioonwatch.org.br\/?s={search_term_string}"},"query-input":{"@type":"PropertyValueSpecification","valueRequired":true,"valueName":"search_term_string"}}],"inLanguage":"pt-BR"},{"@type":"Organization","@id":"https:\/\/rioonwatch.org.br\/#organization","name":"RioOnWatch","url":"https:\/\/rioonwatch.org.br\/","logo":{"@type":"ImageObject","inLanguage":"pt-BR","@id":"https:\/\/rioonwatch.org.br\/#\/schema\/logo\/image\/","url":"https:\/\/rioonwatch.org.br\/wp-content\/uploads\/2021\/06\/RioOnWatchcabecalhoPT11anos-2.png","contentUrl":"https:\/\/rioonwatch.org.br\/wp-content\/uploads\/2021\/06\/RioOnWatchcabecalhoPT11anos-2.png","width":779,"height":277,"caption":"RioOnWatch"},"image":{"@id":"https:\/\/rioonwatch.org.br\/#\/schema\/logo\/image\/"}},{"@type":"Person","@id":"https:\/\/rioonwatch.org.br\/#\/schema\/person\/11d64c290506f9df50c71b850c473f68","name":"Admin","image":{"@type":"ImageObject","inLanguage":"pt-BR","@id":"https:\/\/rioonwatch.org.br\/#\/schema\/person\/image\/","url":"https:\/\/secure.gravatar.com\/avatar\/56211ac74568383903349a1485e3c325?s=96&d=blank&r=g","contentUrl":"https:\/\/secure.gravatar.com\/avatar\/56211ac74568383903349a1485e3c325?s=96&d=blank&r=g","caption":"Admin"},"url":"https:\/\/rioonwatch.org.br\/?author=129"}]}},"_links":{"self":[{"href":"https:\/\/rioonwatch.org.br\/index.php?rest_route=\/wp\/v2\/posts\/23035"}],"collection":[{"href":"https:\/\/rioonwatch.org.br\/index.php?rest_route=\/wp\/v2\/posts"}],"about":[{"href":"https:\/\/rioonwatch.org.br\/index.php?rest_route=\/wp\/v2\/types\/post"}],"author":[{"embeddable":true,"href":"https:\/\/rioonwatch.org.br\/index.php?rest_route=\/wp\/v2\/users\/129"}],"replies":[{"embeddable":true,"href":"https:\/\/rioonwatch.org.br\/index.php?rest_route=%2Fwp%2Fv2%2Fcomments&post=23035"}],"version-history":[{"count":15,"href":"https:\/\/rioonwatch.org.br\/index.php?rest_route=\/wp\/v2\/posts\/23035\/revisions"}],"predecessor-version":[{"id":23653,"href":"https:\/\/rioonwatch.org.br\/index.php?rest_route=\/wp\/v2\/posts\/23035\/revisions\/23653"}],"wp:featuredmedia":[{"embeddable":true,"href":"https:\/\/rioonwatch.org.br\/index.php?rest_route=\/wp\/v2\/media\/23044"}],"wp:attachment":[{"href":"https:\/\/rioonwatch.org.br\/index.php?rest_route=%2Fwp%2Fv2%2Fmedia&parent=23035"}],"wp:term":[{"taxonomy":"category","embeddable":true,"href":"https:\/\/rioonwatch.org.br\/index.php?rest_route=%2Fwp%2Fv2%2Fcategories&post=23035"},{"taxonomy":"post_tag","embeddable":true,"href":"https:\/\/rioonwatch.org.br\/index.php?rest_route=%2Fwp%2Fv2%2Ftags&post=23035"},{"taxonomy":"writer","embeddable":true,"href":"https:\/\/rioonwatch.org.br\/index.php?rest_route=%2Fwp%2Fv2%2Fwriter&post=23035"},{"taxonomy":"translator","embeddable":true,"href":"https:\/\/rioonwatch.org.br\/index.php?rest_route=%2Fwp%2Fv2%2Ftranslator&post=23035"},{"taxonomy":"source","embeddable":true,"href":"https:\/\/rioonwatch.org.br\/index.php?rest_route=%2Fwp%2Fv2%2Fsource&post=23035"},{"taxonomy":"ilustrador","embeddable":true,"href":"https:\/\/rioonwatch.org.br\/index.php?rest_route=%2Fwp%2Fv2%2Filustrador&post=23035"},{"taxonomy":"fotografo","embeddable":true,"href":"https:\/\/rioonwatch.org.br\/index.php?rest_route=%2Fwp%2Fv2%2Ffotografo&post=23035"}],"curies":[{"name":"wp","href":"https:\/\/api.w.org\/{rel}","templated":true}]}}