{"id":23140,"date":"2016-10-27T09:51:33","date_gmt":"2016-10-27T12:51:33","guid":{"rendered":"http:\/\/rioonwatch.org.br\/?p=23140"},"modified":"2024-06-20T16:18:40","modified_gmt":"2024-06-20T19:18:40","slug":"percepcoes-de-moradores-de-favelas-acerca-de-freixo-e-crivella-e-suas-propostas","status":"publish","type":"post","link":"https:\/\/rioonwatch.org.br\/?p=23140","title":{"rendered":"\u00c0s V\u00e9speras do Segundo Turno, Moradores de Favelas Falam Sobre Freixo e Crivella e Suas Propostas"},"content":{"rendered":"<p style=\"text-align: right;\"><em><strong><a href=\"http:\/\/bit.ly\/2femMFd\" target=\"_blank\" rel=\"noopener\">Click Here for English<img decoding=\"async\" width=\"20\" height=\"20\" class=\"alignright wp-image-15790\" src=\"http:\/\/rioonwatch.org.br\/wp-content\/uploads\/2012\/08\/EN-standard-e1439583104716.jpg\" alt=\"\" \/><\/a><\/strong><\/em><\/p>\n<p>Os candidatos \u00e0 prefeitura do Rio de Janeiro disputam o 2\u00b0 turno esse domingo, dia 30. <a href=\"http:\/\/bit.ly\/1ZRy52A\" target=\"_blank\" rel=\"noopener\">Marcelo Freixo<\/a> e <a href=\"http:\/\/bit.ly\/2cIlnDw\" target=\"_blank\" rel=\"noopener\">Marcelo Crivella<\/a> dividem opini\u00f5es. Primeiro por sua orienta\u00e7\u00e3o pol\u00edtica: Freixo \u00e9 do PSOL, um partido de esquerda no espectro pol\u00edtico, enquanto Crivella \u00e9 do PRB, um partido republicano de centro-direita. Para al\u00e9m disso, diferem quanto \u00e0s suas propostas, uma diferen\u00e7a que \u00e9 acentuada no que diz respeito \u00e0s favelas da cidade. Enquanto Freixo menciona 19 vezes a palavra favela no seu <a href=\"http:\/\/bit.ly\/2ernw7O\" target=\"_blank\" rel=\"noopener\">programa<\/a>\u00a0e traz <a href=\"http:\/\/bit.ly\/2dk5pNE\" target=\"_blank\" rel=\"noopener\">propostas de governo espec\u00edficas para elas ou que l\u00e1 seriam implementadas primeiro<\/a>, Crivella n\u00e3o menciona nenhuma vez a palavra em seu <a href=\"http:\/\/bit.ly\/2eCl00X\" target=\"_blank\" rel=\"noopener\">programa<\/a> e n\u00e3o traz propostas que pensem as favelas em suas particularidades.<\/p>\n<p>Francielle e Diego, ambos moradores da <a href=\"http:\/\/bit.ly\/16xn6zX\" target=\"_blank\" rel=\"noopener\">Muzema<\/a>, na <a href=\"http:\/\/bit.ly\/11tBmFR\" target=\"_blank\" rel=\"noopener\">Zona Oeste<\/a> carioca, dizem preferir at\u00e9 o momento o candidato do PRB. \u201cEu n\u00e3o entendo muito, s\u00f3 voto porque sou obrigado\u201d, diz Diego, refletindo um desinteresse sintom\u00e1tico bastante disseminado nessas elei\u00e7\u00f5es. Mas para ele, o fato de Crivella ser religioso lhe confere mais chances de fazer \u201ccoisas boas\u201d na prefeitura. \u201cMas na verdade acho que nenhum dos dois est\u00e1 interessado. Prometem, mas sabem que n\u00e3o t\u00eam condi\u00e7\u00e3o de cumprir. Eu sei, porque sou pai. Nem tudo que eu prometo pro meu filho eu consigo cumprir\u201d, conclui ele.<\/p>\n<p><a href=\"http:\/\/rioonwatch.org.br\/wp-content\/uploads\/2016\/10\/Crivella.jpg\"><img fetchpriority=\"high\" decoding=\"async\" class=\"aligncenter wp-image-23224 size-content\" title=\"Crivella visitando comunidade em campanha de 2014, da UOL\" src=\"http:\/\/rioonwatch.org.br\/wp-content\/uploads\/2016\/10\/Crivella-620x264.jpg\" alt=\"Crivella\" width=\"620\" height=\"264\" \/><\/a><\/p>\n<p>Francielle, por sua vez, teme certos posicionamentos pol\u00edticos do PSOL, partido de Freixo, como a defesa da descriminaliza\u00e7\u00e3o das drogas, ainda que n\u00e3o seja da compet\u00eancia da prefeitura decidir sobre tais assuntos. Ela v\u00ea positivamente, no entanto, que o Freixo tenha <a href=\"http:\/\/bit.ly\/2dwJDv2\" target=\"_blank\" rel=\"noopener\">propostas espec\u00edficas para as favelas<\/a>, pois diz que a situa\u00e7\u00e3o nelas \u00e9 bem prec\u00e1ria, mas teme, assim como Diego, que seja \u201cs\u00f3 conversa\u201d. Ainda assim, completa: \u201cO Crivella n\u00e3o disse nada sobre favela, mas no decorrer do governo pode vir a fazer, n\u00e9? At\u00e9 o Eduardo Paes fez alguma coisa aqui&#8221;.<\/p>\n<p>J\u00e1 \u00c9rika, moradora da <a href=\"http:\/\/bit.ly\/KJyNyH\" target=\"_blank\" rel=\"noopener\">Mangueira<\/a>, <a href=\"http:\/\/bit.ly\/WximDf\" target=\"_blank\" rel=\"noopener\">Zona Norte<\/a> do Rio, disse que analisou os programas de governo dos dois candidatos e que a caracter\u00edstica mais evidente \u00e9 a superficialidade da proposta do Crivella frente ao aprofundamento do programa de Freixo. \u201cNesse momento, tenho maior propens\u00e3o a votar no Freixo, pois suas propostas s\u00e3o mais concretas e objetivas com rela\u00e7\u00e3o \u00e0s zonas perif\u00e9ricas\u201d, diz ela. Ela diz que os programas n\u00e3o podem ser a \u00fanica pauta para eleger um candidato, no entanto: \u201cSe o Freixo for eleito n\u00e3o podemos criar expectativas de viver num para\u00edso, pois governar uma cidade t\u00e3o diversa como a nossa est\u00e1 muito al\u00e9m de um planejamento. Nenhum dos dois programas traz uma an\u00e1lise profunda dos riscos que poderiam impedir o seu sucesso&#8221;.<\/p>\n<p>Gizele, moradora da <a href=\"http:\/\/bit.ly\/10BvARw\" target=\"_blank\" rel=\"noopener\">Mar\u00e9<\/a>, tamb\u00e9m na\u00a0<a href=\"http:\/\/bit.ly\/WximDf\" target=\"_blank\" rel=\"noopener\">Zona Norte<\/a>, ecoa essas reservas. &#8220;Eu, particularmente, acredito que nenhum governo governar\u00e1 para toda a popula\u00e7\u00e3o, ainda mais para a popula\u00e7\u00e3o pobre. N\u00e3o acredito no estado como garantia de direitos para a maioria pobre&#8221;, coloca ela. Gizele acredita, por\u00e9m, que uma gest\u00e3o de esquerda tem mais propens\u00e3o a garantir um m\u00ednimo de direitos \u00e0 popula\u00e7\u00e3o mais pobre do que uma gest\u00e3o de direita.<\/p>\n<p><a href=\"http:\/\/rioonwatch.org.br\/wp-content\/uploads\/2016\/10\/Freixo-em-Manguinhos.jpg\"><img decoding=\"async\" class=\"aligncenter wp-image-23225 size-content\" title=\"Freixo durante encontro recente em Manguinhos, da ANF http:\/\/bit.ly\/2fiU3hE\" src=\"http:\/\/rioonwatch.org.br\/wp-content\/uploads\/2016\/10\/Freixo-em-Manguinhos-620x264.jpg\" alt=\"Freixo em Manguinhos\" width=\"620\" height=\"264\" srcset=\"https:\/\/rioonwatch.org.br\/wp-content\/uploads\/2016\/10\/Freixo-em-Manguinhos-620x264.jpg 620w, https:\/\/rioonwatch.org.br\/wp-content\/uploads\/2016\/10\/Freixo-em-Manguinhos-940x400.jpg 940w\" sizes=\"(max-width: 620px) 100vw, 620px\" \/><\/a><\/p>\n<p>Para \u00c9rika, de maneira similar, o sistema pol\u00edtico \u00e9 feito pela elite para manter os privil\u00e9gios da elite. \u201cCrivella quer trazer uma nova velha pol\u00edtica. Potencializar o ensino t\u00e9cnico, formar mais cozinheiras, costureiras, pedreiros. Isso j\u00e1 \u00e9 dito h\u00e1 d\u00e9cadas. N\u00e3o queremos nos especializar em servir. Queremos op\u00e7\u00f5es, oportunidades, explorar nossos muitos potenciais, e queremos que esses potenciais sejam estimulados&#8221;. Como ela enxerga, a solu\u00e7\u00e3o passa pela gest\u00e3o mais efetiva das estruturas que j\u00e1 existem, e n\u00e3o de novos programas ambiciosos: \u201cGosto das propostas do Freixo falando em <a href=\"http:\/\/bit.ly\/1a1M6kK\" target=\"_blank\" rel=\"noopener\">potencializar o que j\u00e1 \u00e9 feito na favela<\/a>. A forma coletiva de administrar os territ\u00f3rios da favela, ainda que a sociedade negue, tem dado aula a muitos administradores p\u00fablicos. Esse reconhecimento de uma produ\u00e7\u00e3o cultural, social e intelectual dentro da favela j\u00e1 demonstra uma forma diferenciada de olhar pra n\u00f3s.\u201d<\/p>\n<p>Gizele v\u00ea Crivella utilizar a sua igreja como plataforma para obter popularidade, principalmente dentre os mais pobres, e acredita que ele n\u00e3o deveria misturar religi\u00e3o com pol\u00edtica. &#8220;Vi que durante um ano o candidato \u00e0 prefeito Marcelo Freixo <a href=\"http:\/\/bit.ly\/1KOXWoc\" target=\"_blank\" rel=\"noopener\">estudou sobre cidade, fez pesquisas, entrevistou moradores, fez debates p\u00fablicos<\/a>, organizou rodas de conversas, <a href=\"http:\/\/bit.ly\/1G8OwCn\" target=\"_blank\" rel=\"noopener\">ouviu os que mais necessitam de direitos, que somos n\u00f3s, moradores de favelas<\/a>, que estamos h\u00e1 5 anos sofrendo com uma das <a href=\"http:\/\/bit.ly\/X51Qvb\" target=\"_blank\" rel=\"noopener\">remo\u00e7\u00f5es<\/a> mais brutais na hist\u00f3ria desta cidade&#8221;, diz ela. Apesar de acreditar na import\u00e2ncia dessa estrat\u00e9gia do candidato, Gizele acredita que isso lhe rendeu menos oportunidades de buscar essa popularidade e aproxima\u00e7\u00e3o com as classes mais baixas, que Crivella buscou\u00a0por meio da televis\u00e3o e do trabalho de base de sua igreja nas favelas.<\/p>\n<p>\u00c9rika, inclusive, teme a a\u00e7\u00e3o dessa igreja se Crivella for eleito: \u201cA Igreja Universal muitas vezes promove a nega\u00e7\u00e3o de <a href=\"http:\/\/bit.ly\/1ruUDso\" target=\"_blank\" rel=\"noopener\">nossa hist\u00f3ria ancestral como negros<\/a> e coloca o sujeito no lugar de juiz da escolha particular dos outros indiv\u00edduos. Temo que trazer isso para dentro de uma gest\u00e3o municipal significaria colocar a prefeitura como tutora e cerceadora da nossa vontade como indiv\u00edduo&#8221;.<\/p>\n<p>\u00c9rika espera que o discurso do candidato Marcelo Freixo se traduza em pr\u00e1tica, caso ele seja eleito. \u201cSe n\u00f3s iremos governar junto com ele, nas palavras dele, quem sabe pode estar surgindo de fato a <a href=\"http:\/\/bit.ly\/2dcdjdO\" target=\"_blank\" rel=\"noopener\">democracia participativa<\/a>?\u201d<\/p>\n<!-- AddThis Advanced Settings generic via filter on the_content --><!-- AddThis Share Buttons generic via filter on the_content -->","protected":false},"excerpt":{"rendered":"<div class=\"mh-excerpt\"><p>Click Here for English Os candidatos \u00e0 prefeitura do Rio de Janeiro disputam o 2\u00b0 turno esse domingo, dia 30. Marcelo Freixo e Marcelo Crivella dividem opini\u00f5es. Primeiro por sua orienta\u00e7\u00e3o pol\u00edtica: Freixo \u00e9 do <a class=\"mh-excerpt-more\" href=\"https:\/\/rioonwatch.org.br\/?p=23140\" title=\"\u00c0s V\u00e9speras do Segundo Turno, Moradores de Favelas Falam Sobre Freixo e Crivella e Suas Propostas\">[&#8230;]<\/a><!-- AddThis Advanced Settings generic via filter on get_the_excerpt --><!-- AddThis Share Buttons generic via filter on get_the_excerpt --><\/p>\n<\/div>","protected":false},"author":152,"featured_media":23228,"comment_status":"closed","ping_status":"closed","sticky":false,"template":"","format":"standard","meta":{"_acf_changed":false,"_monsterinsights_skip_tracking":false,"_monsterinsights_sitenote_active":false,"_monsterinsights_sitenote_note":"","_monsterinsights_sitenote_category":0,"footnotes":""},"categories":[1618,1621,1631],"tags":[386,332,421,479,474,1975,2026,109,607,1982,483,372,304,1986,1989,218,184],"writer":[1994],"translator":[],"source":[],"ilustrador":[],"fotografo":[],"class_list":{"0":"post-23140","1":"post","2":"type-post","3":"status-publish","4":"format-standard","5":"has-post-thumbnail","7":"category-olhonaparticipacao","8":"category-destaque","9":"category-entendendo-o-rio","10":"tag-estigma","11":"tag-complexo-da-mare","12":"tag-cultura-da-favela","13":"tag-democracia","14":"tag-democracia-participativa","15":"tag-eleicao-municipal-2016","16":"tag-favela-e-solucao","17":"tag-intolerancia-religiosa","18":"tag-mangueira","19":"tag-marcelo-crivella","20":"tag-marcelo-freixo","21":"tag-muzema","22":"tag-participacao","23":"tag-prb","24":"tag-psol","25":"tag-zona-norte","26":"tag-zona-oeste","27":"writer-luisa-fenizola"},"acf":[],"yoast_head":"<!-- This site is optimized with the Yoast SEO plugin v25.6 - https:\/\/yoast.com\/wordpress\/plugins\/seo\/ -->\n<title>\u00c0s V\u00e9speras do Segundo Turno, Moradores de Favelas Falam Sobre Freixo e Crivella e Suas Propostas - RioOnWatch<\/title>\n<meta name=\"robots\" content=\"index, follow, max-snippet:-1, max-image-preview:large, max-video-preview:-1\" \/>\n<link rel=\"canonical\" href=\"https:\/\/rioonwatch.org.br\/?p=23140\" \/>\n<meta property=\"og:locale\" content=\"pt_BR\" \/>\n<meta property=\"og:type\" content=\"article\" \/>\n<meta property=\"og:title\" content=\"\u00c0s V\u00e9speras do Segundo Turno, Moradores de Favelas Falam Sobre Freixo e Crivella e Suas Propostas - RioOnWatch\" \/>\n<meta property=\"og:description\" content=\"Click Here for English Os candidatos \u00e0 prefeitura do Rio de Janeiro disputam o 2\u00b0 turno esse domingo, dia 30. Marcelo Freixo e Marcelo Crivella dividem opini\u00f5es. Primeiro por sua orienta\u00e7\u00e3o pol\u00edtica: Freixo \u00e9 do [...]\" \/>\n<meta property=\"og:url\" content=\"https:\/\/rioonwatch.org.br\/?p=23140\" \/>\n<meta property=\"og:site_name\" content=\"RioOnWatch\" \/>\n<meta property=\"article:published_time\" content=\"2016-10-27T12:51:33+00:00\" \/>\n<meta property=\"article:modified_time\" content=\"2024-06-20T19:18:40+00:00\" \/>\n<meta property=\"og:image\" content=\"https:\/\/rioonwatch.org.br\/wp-content\/uploads\/2016\/10\/freixocrivella.jpg\" \/>\n\t<meta property=\"og:image:width\" content=\"615\" \/>\n\t<meta property=\"og:image:height\" content=\"300\" \/>\n\t<meta property=\"og:image:type\" content=\"image\/jpeg\" \/>\n<meta name=\"author\" content=\"Luisa Fenizola\" \/>\n<meta name=\"twitter:card\" content=\"summary_large_image\" \/>\n<meta name=\"twitter:label1\" content=\"Escrito por\" \/>\n\t<meta name=\"twitter:data1\" content=\"Luisa Fenizola\" \/>\n\t<meta name=\"twitter:label2\" content=\"Est. tempo de leitura\" \/>\n\t<meta name=\"twitter:data2\" content=\"5 minutos\" \/>\n<script type=\"application\/ld+json\" class=\"yoast-schema-graph\">{\"@context\":\"https:\/\/schema.org\",\"@graph\":[{\"@type\":\"Article\",\"@id\":\"https:\/\/rioonwatch.org.br\/?p=23140#article\",\"isPartOf\":{\"@id\":\"https:\/\/rioonwatch.org.br\/?p=23140\"},\"author\":{\"name\":\"Luisa Fenizola\",\"@id\":\"https:\/\/rioonwatch.org.br\/#\/schema\/person\/f443c6b55bb6e80842280318076491c5\"},\"headline\":\"\u00c0s V\u00e9speras do Segundo Turno, Moradores de Favelas Falam Sobre Freixo e Crivella e Suas Propostas\",\"datePublished\":\"2016-10-27T12:51:33+00:00\",\"dateModified\":\"2024-06-20T19:18:40+00:00\",\"mainEntityOfPage\":{\"@id\":\"https:\/\/rioonwatch.org.br\/?p=23140\"},\"wordCount\":944,\"publisher\":{\"@id\":\"https:\/\/rioonwatch.org.br\/#organization\"},\"image\":{\"@id\":\"https:\/\/rioonwatch.org.br\/?p=23140#primaryimage\"},\"thumbnailUrl\":\"https:\/\/rioonwatch.org.br\/wp-content\/uploads\/2016\/10\/freixocrivella.jpg\",\"keywords\":[\"#StopFavelaStigma\",\"Complexo da Mar\u00e9\",\"cultura da favela\",\"Democracia\",\"democracia participativa\",\"elei\u00e7\u00e3o municipal 2016\",\"Favela \u00e9 solu\u00e7\u00e3o\",\"intoler\u00e2ncia religiosa\",\"Mangueira\",\"Marcelo Crivella\",\"Marcelo Freixo\",\"Muzema\",\"participa\u00e7\u00e3o\",\"PRB\",\"PSOL\",\"Zona Norte\",\"Zona Oeste\"],\"articleSection\":[\"#OlhoNaParticipa\u00e7\u00e3o\",\"*Destaque\",\"Entendendo o Rio\"],\"inLanguage\":\"pt-BR\"},{\"@type\":\"WebPage\",\"@id\":\"https:\/\/rioonwatch.org.br\/?p=23140\",\"url\":\"https:\/\/rioonwatch.org.br\/?p=23140\",\"name\":\"\u00c0s V\u00e9speras do Segundo Turno, Moradores de Favelas Falam Sobre Freixo e Crivella e Suas Propostas - RioOnWatch\",\"isPartOf\":{\"@id\":\"https:\/\/rioonwatch.org.br\/#website\"},\"primaryImageOfPage\":{\"@id\":\"https:\/\/rioonwatch.org.br\/?p=23140#primaryimage\"},\"image\":{\"@id\":\"https:\/\/rioonwatch.org.br\/?p=23140#primaryimage\"},\"thumbnailUrl\":\"https:\/\/rioonwatch.org.br\/wp-content\/uploads\/2016\/10\/freixocrivella.jpg\",\"datePublished\":\"2016-10-27T12:51:33+00:00\",\"dateModified\":\"2024-06-20T19:18:40+00:00\",\"breadcrumb\":{\"@id\":\"https:\/\/rioonwatch.org.br\/?p=23140#breadcrumb\"},\"inLanguage\":\"pt-BR\",\"potentialAction\":[{\"@type\":\"ReadAction\",\"target\":[\"https:\/\/rioonwatch.org.br\/?p=23140\"]}]},{\"@type\":\"ImageObject\",\"inLanguage\":\"pt-BR\",\"@id\":\"https:\/\/rioonwatch.org.br\/?p=23140#primaryimage\",\"url\":\"https:\/\/rioonwatch.org.br\/wp-content\/uploads\/2016\/10\/freixocrivella.jpg\",\"contentUrl\":\"https:\/\/rioonwatch.org.br\/wp-content\/uploads\/2016\/10\/freixocrivella.jpg\",\"width\":615,\"height\":300},{\"@type\":\"BreadcrumbList\",\"@id\":\"https:\/\/rioonwatch.org.br\/?p=23140#breadcrumb\",\"itemListElement\":[{\"@type\":\"ListItem\",\"position\":1,\"name\":\"In\u00edcio\",\"item\":\"https:\/\/rioonwatch.org.br\/\"},{\"@type\":\"ListItem\",\"position\":2,\"name\":\"\u00c0s V\u00e9speras do Segundo Turno, Moradores de Favelas Falam Sobre Freixo e Crivella e Suas Propostas\"}]},{\"@type\":\"WebSite\",\"@id\":\"https:\/\/rioonwatch.org.br\/#website\",\"url\":\"https:\/\/rioonwatch.org.br\/\",\"name\":\"RioOnWatch\",\"description\":\"relatos das favelas cariocas\",\"publisher\":{\"@id\":\"https:\/\/rioonwatch.org.br\/#organization\"},\"potentialAction\":[{\"@type\":\"SearchAction\",\"target\":{\"@type\":\"EntryPoint\",\"urlTemplate\":\"https:\/\/rioonwatch.org.br\/?s={search_term_string}\"},\"query-input\":{\"@type\":\"PropertyValueSpecification\",\"valueRequired\":true,\"valueName\":\"search_term_string\"}}],\"inLanguage\":\"pt-BR\"},{\"@type\":\"Organization\",\"@id\":\"https:\/\/rioonwatch.org.br\/#organization\",\"name\":\"RioOnWatch\",\"url\":\"https:\/\/rioonwatch.org.br\/\",\"logo\":{\"@type\":\"ImageObject\",\"inLanguage\":\"pt-BR\",\"@id\":\"https:\/\/rioonwatch.org.br\/#\/schema\/logo\/image\/\",\"url\":\"https:\/\/rioonwatch.org.br\/wp-content\/uploads\/2021\/06\/RioOnWatchcabecalhoPT11anos-2.png\",\"contentUrl\":\"https:\/\/rioonwatch.org.br\/wp-content\/uploads\/2021\/06\/RioOnWatchcabecalhoPT11anos-2.png\",\"width\":779,\"height\":277,\"caption\":\"RioOnWatch\"},\"image\":{\"@id\":\"https:\/\/rioonwatch.org.br\/#\/schema\/logo\/image\/\"}},{\"@type\":\"Person\",\"@id\":\"https:\/\/rioonwatch.org.br\/#\/schema\/person\/f443c6b55bb6e80842280318076491c5\",\"name\":\"Luisa Fenizola\",\"image\":{\"@type\":\"ImageObject\",\"inLanguage\":\"pt-BR\",\"@id\":\"https:\/\/rioonwatch.org.br\/#\/schema\/person\/image\/\",\"url\":\"https:\/\/secure.gravatar.com\/avatar\/a3d551110162b9f876cbbdaaecf75663?s=96&d=blank&r=g\",\"contentUrl\":\"https:\/\/secure.gravatar.com\/avatar\/a3d551110162b9f876cbbdaaecf75663?s=96&d=blank&r=g\",\"caption\":\"Luisa Fenizola\"},\"url\":\"https:\/\/rioonwatch.org.br\/?author=152\"}]}<\/script>\n<!-- \/ Yoast SEO plugin. -->","yoast_head_json":{"title":"\u00c0s V\u00e9speras do Segundo Turno, Moradores de Favelas Falam Sobre Freixo e Crivella e Suas Propostas - RioOnWatch","robots":{"index":"index","follow":"follow","max-snippet":"max-snippet:-1","max-image-preview":"max-image-preview:large","max-video-preview":"max-video-preview:-1"},"canonical":"https:\/\/rioonwatch.org.br\/?p=23140","og_locale":"pt_BR","og_type":"article","og_title":"\u00c0s V\u00e9speras do Segundo Turno, Moradores de Favelas Falam Sobre Freixo e Crivella e Suas Propostas - RioOnWatch","og_description":"Click Here for English Os candidatos \u00e0 prefeitura do Rio de Janeiro disputam o 2\u00b0 turno esse domingo, dia 30. Marcelo Freixo e Marcelo Crivella dividem opini\u00f5es. Primeiro por sua orienta\u00e7\u00e3o pol\u00edtica: Freixo \u00e9 do [...]","og_url":"https:\/\/rioonwatch.org.br\/?p=23140","og_site_name":"RioOnWatch","article_published_time":"2016-10-27T12:51:33+00:00","article_modified_time":"2024-06-20T19:18:40+00:00","og_image":[{"width":615,"height":300,"url":"https:\/\/rioonwatch.org.br\/wp-content\/uploads\/2016\/10\/freixocrivella.jpg","type":"image\/jpeg"}],"author":"Luisa Fenizola","twitter_card":"summary_large_image","twitter_misc":{"Escrito por":"Luisa Fenizola","Est. tempo de leitura":"5 minutos"},"schema":{"@context":"https:\/\/schema.org","@graph":[{"@type":"Article","@id":"https:\/\/rioonwatch.org.br\/?p=23140#article","isPartOf":{"@id":"https:\/\/rioonwatch.org.br\/?p=23140"},"author":{"name":"Luisa Fenizola","@id":"https:\/\/rioonwatch.org.br\/#\/schema\/person\/f443c6b55bb6e80842280318076491c5"},"headline":"\u00c0s V\u00e9speras do Segundo Turno, Moradores de Favelas Falam Sobre Freixo e Crivella e Suas Propostas","datePublished":"2016-10-27T12:51:33+00:00","dateModified":"2024-06-20T19:18:40+00:00","mainEntityOfPage":{"@id":"https:\/\/rioonwatch.org.br\/?p=23140"},"wordCount":944,"publisher":{"@id":"https:\/\/rioonwatch.org.br\/#organization"},"image":{"@id":"https:\/\/rioonwatch.org.br\/?p=23140#primaryimage"},"thumbnailUrl":"https:\/\/rioonwatch.org.br\/wp-content\/uploads\/2016\/10\/freixocrivella.jpg","keywords":["#StopFavelaStigma","Complexo da Mar\u00e9","cultura da favela","Democracia","democracia participativa","elei\u00e7\u00e3o municipal 2016","Favela \u00e9 solu\u00e7\u00e3o","intoler\u00e2ncia religiosa","Mangueira","Marcelo Crivella","Marcelo Freixo","Muzema","participa\u00e7\u00e3o","PRB","PSOL","Zona Norte","Zona Oeste"],"articleSection":["#OlhoNaParticipa\u00e7\u00e3o","*Destaque","Entendendo o Rio"],"inLanguage":"pt-BR"},{"@type":"WebPage","@id":"https:\/\/rioonwatch.org.br\/?p=23140","url":"https:\/\/rioonwatch.org.br\/?p=23140","name":"\u00c0s V\u00e9speras do Segundo Turno, Moradores de Favelas Falam Sobre Freixo e Crivella e Suas Propostas - RioOnWatch","isPartOf":{"@id":"https:\/\/rioonwatch.org.br\/#website"},"primaryImageOfPage":{"@id":"https:\/\/rioonwatch.org.br\/?p=23140#primaryimage"},"image":{"@id":"https:\/\/rioonwatch.org.br\/?p=23140#primaryimage"},"thumbnailUrl":"https:\/\/rioonwatch.org.br\/wp-content\/uploads\/2016\/10\/freixocrivella.jpg","datePublished":"2016-10-27T12:51:33+00:00","dateModified":"2024-06-20T19:18:40+00:00","breadcrumb":{"@id":"https:\/\/rioonwatch.org.br\/?p=23140#breadcrumb"},"inLanguage":"pt-BR","potentialAction":[{"@type":"ReadAction","target":["https:\/\/rioonwatch.org.br\/?p=23140"]}]},{"@type":"ImageObject","inLanguage":"pt-BR","@id":"https:\/\/rioonwatch.org.br\/?p=23140#primaryimage","url":"https:\/\/rioonwatch.org.br\/wp-content\/uploads\/2016\/10\/freixocrivella.jpg","contentUrl":"https:\/\/rioonwatch.org.br\/wp-content\/uploads\/2016\/10\/freixocrivella.jpg","width":615,"height":300},{"@type":"BreadcrumbList","@id":"https:\/\/rioonwatch.org.br\/?p=23140#breadcrumb","itemListElement":[{"@type":"ListItem","position":1,"name":"In\u00edcio","item":"https:\/\/rioonwatch.org.br\/"},{"@type":"ListItem","position":2,"name":"\u00c0s V\u00e9speras do Segundo Turno, Moradores de Favelas Falam Sobre Freixo e Crivella e Suas Propostas"}]},{"@type":"WebSite","@id":"https:\/\/rioonwatch.org.br\/#website","url":"https:\/\/rioonwatch.org.br\/","name":"RioOnWatch","description":"relatos das favelas cariocas","publisher":{"@id":"https:\/\/rioonwatch.org.br\/#organization"},"potentialAction":[{"@type":"SearchAction","target":{"@type":"EntryPoint","urlTemplate":"https:\/\/rioonwatch.org.br\/?s={search_term_string}"},"query-input":{"@type":"PropertyValueSpecification","valueRequired":true,"valueName":"search_term_string"}}],"inLanguage":"pt-BR"},{"@type":"Organization","@id":"https:\/\/rioonwatch.org.br\/#organization","name":"RioOnWatch","url":"https:\/\/rioonwatch.org.br\/","logo":{"@type":"ImageObject","inLanguage":"pt-BR","@id":"https:\/\/rioonwatch.org.br\/#\/schema\/logo\/image\/","url":"https:\/\/rioonwatch.org.br\/wp-content\/uploads\/2021\/06\/RioOnWatchcabecalhoPT11anos-2.png","contentUrl":"https:\/\/rioonwatch.org.br\/wp-content\/uploads\/2021\/06\/RioOnWatchcabecalhoPT11anos-2.png","width":779,"height":277,"caption":"RioOnWatch"},"image":{"@id":"https:\/\/rioonwatch.org.br\/#\/schema\/logo\/image\/"}},{"@type":"Person","@id":"https:\/\/rioonwatch.org.br\/#\/schema\/person\/f443c6b55bb6e80842280318076491c5","name":"Luisa Fenizola","image":{"@type":"ImageObject","inLanguage":"pt-BR","@id":"https:\/\/rioonwatch.org.br\/#\/schema\/person\/image\/","url":"https:\/\/secure.gravatar.com\/avatar\/a3d551110162b9f876cbbdaaecf75663?s=96&d=blank&r=g","contentUrl":"https:\/\/secure.gravatar.com\/avatar\/a3d551110162b9f876cbbdaaecf75663?s=96&d=blank&r=g","caption":"Luisa Fenizola"},"url":"https:\/\/rioonwatch.org.br\/?author=152"}]}},"_links":{"self":[{"href":"https:\/\/rioonwatch.org.br\/index.php?rest_route=\/wp\/v2\/posts\/23140"}],"collection":[{"href":"https:\/\/rioonwatch.org.br\/index.php?rest_route=\/wp\/v2\/posts"}],"about":[{"href":"https:\/\/rioonwatch.org.br\/index.php?rest_route=\/wp\/v2\/types\/post"}],"author":[{"embeddable":true,"href":"https:\/\/rioonwatch.org.br\/index.php?rest_route=\/wp\/v2\/users\/152"}],"replies":[{"embeddable":true,"href":"https:\/\/rioonwatch.org.br\/index.php?rest_route=%2Fwp%2Fv2%2Fcomments&post=23140"}],"version-history":[{"count":15,"href":"https:\/\/rioonwatch.org.br\/index.php?rest_route=\/wp\/v2\/posts\/23140\/revisions"}],"predecessor-version":[{"id":74312,"href":"https:\/\/rioonwatch.org.br\/index.php?rest_route=\/wp\/v2\/posts\/23140\/revisions\/74312"}],"wp:featuredmedia":[{"embeddable":true,"href":"https:\/\/rioonwatch.org.br\/index.php?rest_route=\/wp\/v2\/media\/23228"}],"wp:attachment":[{"href":"https:\/\/rioonwatch.org.br\/index.php?rest_route=%2Fwp%2Fv2%2Fmedia&parent=23140"}],"wp:term":[{"taxonomy":"category","embeddable":true,"href":"https:\/\/rioonwatch.org.br\/index.php?rest_route=%2Fwp%2Fv2%2Fcategories&post=23140"},{"taxonomy":"post_tag","embeddable":true,"href":"https:\/\/rioonwatch.org.br\/index.php?rest_route=%2Fwp%2Fv2%2Ftags&post=23140"},{"taxonomy":"writer","embeddable":true,"href":"https:\/\/rioonwatch.org.br\/index.php?rest_route=%2Fwp%2Fv2%2Fwriter&post=23140"},{"taxonomy":"translator","embeddable":true,"href":"https:\/\/rioonwatch.org.br\/index.php?rest_route=%2Fwp%2Fv2%2Ftranslator&post=23140"},{"taxonomy":"source","embeddable":true,"href":"https:\/\/rioonwatch.org.br\/index.php?rest_route=%2Fwp%2Fv2%2Fsource&post=23140"},{"taxonomy":"ilustrador","embeddable":true,"href":"https:\/\/rioonwatch.org.br\/index.php?rest_route=%2Fwp%2Fv2%2Filustrador&post=23140"},{"taxonomy":"fotografo","embeddable":true,"href":"https:\/\/rioonwatch.org.br\/index.php?rest_route=%2Fwp%2Fv2%2Ffotografo&post=23140"}],"curies":[{"name":"wp","href":"https:\/\/api.w.org\/{rel}","templated":true}]}}