{"id":23174,"date":"2016-10-31T09:32:15","date_gmt":"2016-10-31T12:32:15","guid":{"rendered":"http:\/\/rioonwatch.org.br\/?p=23174"},"modified":"2017-03-29T07:38:34","modified_gmt":"2017-03-29T10:38:34","slug":"moradores-do-parque-nacional-da-floresta-da-tijuca-deixados-sem-eletricidade","status":"publish","type":"post","link":"https:\/\/rioonwatch.org.br\/?p=23174","title":{"rendered":"Moradores da Floresta da Tijuca Deixados sem Eletricidade pelo Instituto Chico Mendes"},"content":{"rendered":"<p style=\"text-align: right;\"><em><strong><a href=\"http:\/\/bit.ly\/2egeaJ4\" target=\"_blank\">Click Here for English<img decoding=\"async\" width=\"20\" height=\"20\" class=\"alignright wp-image-15790\" src=\"http:\/\/rioonwatch.org.br\/wp-content\/uploads\/2012\/08\/EN-standard-e1439583104716.jpg\" alt=\"\" \/><\/a><\/strong><\/em><\/p>\n<p>Algumas semanas atr\u00e1s, quando Eunice do Nascimento Rosa, 56, chegou em casa do trabalho \u00e0 noite, ela quase pisou em uma cobra que estava no ch\u00e3o de sua casa. Ela s\u00f3 conseguiu ver a cobra porque as luzes de seu carro ainda estavam acessas. Caso contr\u00e1rio, quando o sol se p\u00f5e Eunice vive no escuro. Por mais de um ano, Eunice e outras dez fam\u00edlias que moram na comunidade <a href=\"http:\/\/bit.ly\/2numSZV\" target=\"_blank\">Vila H\u00edpica<\/a> no\u00a0<a href=\"http:\/\/bit.ly\/292AmrI\" target=\"_blank\">Parque Nacional da Floresta da Tijuca<\/a> t\u00eam vivido sem eletricidade.<\/p>\n<p>Nenhum \u00f4nibus vem aqui, o sinal de telefone \u00e9 fraco e \u00e9 uma caminhada de uma hora atrav\u00e9s da floresta para chegar ao supermercado mais pr\u00f3ximo. Mas nada disso realmente importa para as fam\u00edlias que vivem aqui. \u00c9 a eletricidade que os preocupa. No passado, eles tinham fornecimento de energia el\u00e9trica; Luci Rosa de Alcomtona, 59, tem um envelope grande onde ela mant\u00e9m todas as contas em ordem, juntamente com outra correspond\u00eancia oficial.<\/p>\n<p><a href=\"http:\/\/rioonwatch.org.br\/wp-content\/uploads\/2016\/10\/IMG_5027.jpg\"><img fetchpriority=\"high\" decoding=\"async\" class=\"aligncenter wp-image-23179 size-content\" title=\"Contas de luz\" src=\"http:\/\/rioonwatch.org.br\/wp-content\/uploads\/2016\/10\/IMG_5027-620x264.jpg\" alt=\"Contas de luz\" width=\"620\" height=\"264\" srcset=\"https:\/\/rioonwatch.org.br\/wp-content\/uploads\/2016\/10\/IMG_5027-620x264.jpg 620w, https:\/\/rioonwatch.org.br\/wp-content\/uploads\/2016\/10\/IMG_5027-940x400.jpg 940w\" sizes=\"(max-width: 620px) 100vw, 620px\" \/><\/a><\/p>\n<p>O pai dela lhe deu os documentos dizendo: \u201c<span style=\"font-weight: 400;\">Voc\u00ea est\u00e1 com todas as armas aqui, agora luta<\/span>\u201d. Ele faleceu h\u00e1 tr\u00eas anos. Luci acredita que n\u00e3o foi o c\u00e2ncer que finalmente o matou. \u201cMeu pai morreu por causa da falta da luz\u201d, diz ela. Ele foi \u00e0 administra\u00e7\u00e3o do parque tr\u00eas vezes para obter informa\u00e7\u00f5es sobre a situa\u00e7\u00e3o, mas ningu\u00e9m o recebeu. Ele n\u00e3o conseguia dormir a noite. Luci tirou um relat\u00f3rio m\u00e9dico de seu envelope. \u201c<span style=\"font-weight: 400;\">Como paciente e idoso faz necess\u00e1rio que o mesmo n\u00e3o passe por situa\u00e7\u00f5es de estresse, assim como n\u00e3o pode ficar sem refrigera\u00e7\u00e3o em casa, devido aos medicamentos que usa dependentes de geladeira. O risco de morte aumenta se essa atitude n\u00e3o for tomada<\/span>\u201d, ela l\u00ea.<\/p>\n<p>Luci n\u00e3o \u00e9 a \u00fanica moradora do parque que culpa a administra\u00e7\u00e3o do parque sobre o estado de sa\u00fade prec\u00e1rio de um parente pr\u00f3ximo. Maria Hayd\u00e9e Alves da Silva Teruz, 58, vive junto com sua m\u00e3e, cinco sobrinhas, seu sobrinho, a esposa dele e os filhos deles em um edif\u00edcio do s\u00e9culo 19 que est\u00e1 em ru\u00ednas, o qual um dia pertenceu ao Visconde do Bom Retiro.<\/p>\n<p>O teto de madeira se curva nas vigas; h\u00e1 uma lareira grande de pedra, azulejos antigos quebrados e um tapete que parece ter perdido sua cor ao longo dos s\u00e9culos. Em um quarto pequeno escuro, encontra-se a m\u00e3e de Hayd\u00e9e enrolada em um pano grosso. Tr\u00eas anos atr\u00e1s, ela caiu no ch\u00e3o no escuro e agora ela n\u00e3o pode mais se mover.<\/p>\n<p><a href=\"http:\/\/rioonwatch.org.br\/wp-content\/uploads\/2016\/10\/IMG_5011.jpg\"><img decoding=\"async\" class=\"aligncenter wp-image-23180 size-content\" title=\"A m\u00e3e da Hayd\u00e9e n\u00e3o levanta da cama\" src=\"http:\/\/rioonwatch.org.br\/wp-content\/uploads\/2016\/10\/IMG_5011-620x264.jpg\" alt=\"A m\u00e3e da Hayd\u00e9e n\u00e3o levanta da cama\" width=\"620\" height=\"264\" srcset=\"https:\/\/rioonwatch.org.br\/wp-content\/uploads\/2016\/10\/IMG_5011-620x264.jpg 620w, https:\/\/rioonwatch.org.br\/wp-content\/uploads\/2016\/10\/IMG_5011-940x400.jpg 940w\" sizes=\"(max-width: 620px) 100vw, 620px\" \/><\/a><\/p>\n<p>Ela sofre de Alzheimer e depress\u00e3o, devido \u00e0 falta de luz, diz sua filha. Hayd\u00e9e \u00e9 a \u00fanica pessoa em sua comunidade que tem um gerador, embora ela n\u00e3o possa realmente pagar a gasolina que o abastece. \u201c<span style=\"font-weight: 400;\">Como vou cuidar dela no escuro? N\u00e3o d\u00e1. Ela \u00e9 como um beb\u00ea. Como voc\u00ea vai trocar fralda no escuro? Como voc\u00ea vai dar banho com \u00e1gua gelada?<\/span>\u201d, ela indaga.<\/p>\n<p>No entanto, o fornecimento de energia el\u00e9trica almejado est\u00e1 l\u00e1. Tr\u00eas distribuidores novos de energia est\u00e3o expostos na frente da casa, cerca de 20 metros de dist\u00e2ncia.<\/p>\n<p><a href=\"http:\/\/rioonwatch.org.br\/wp-content\/uploads\/2016\/10\/IMG_5016-768x576.jpg\"><img loading=\"lazy\" decoding=\"async\" class=\"aligncenter wp-image-23181\" src=\"http:\/\/rioonwatch.org.br\/wp-content\/uploads\/2016\/10\/IMG_5016-768x576.jpg\" width=\"620\" height=\"465\" srcset=\"https:\/\/rioonwatch.org.br\/wp-content\/uploads\/2016\/10\/IMG_5016-768x576.jpg 768w, https:\/\/rioonwatch.org.br\/wp-content\/uploads\/2016\/10\/IMG_5016-768x576-352x264.jpg 352w, https:\/\/rioonwatch.org.br\/wp-content\/uploads\/2016\/10\/IMG_5016-768x576-620x465.jpg 620w, https:\/\/rioonwatch.org.br\/wp-content\/uploads\/2016\/10\/IMG_5016-768x576-174x131.jpg 174w, https:\/\/rioonwatch.org.br\/wp-content\/uploads\/2016\/10\/IMG_5016-768x576-300x225.jpg 300w, https:\/\/rioonwatch.org.br\/wp-content\/uploads\/2016\/10\/IMG_5016-768x576-70x53.jpg 70w\" sizes=\"(max-width: 620px) 100vw, 620px\" \/><\/a><\/p>\n<p>Mas eles n\u00e3o est\u00e3o ligados \u00e0s casas. Isso n\u00e3o \u00e9 uma coincid\u00eancia ou desleixo. O <a href=\"http:\/\/bit.ly\/2dX5Gdl\" target=\"_blank\">Instituto Chico Mendes de Conserva\u00e7\u00e3o da Biodiversidade<\/a>, respons\u00e1vel pela prote\u00e7\u00e3o do parque, quer Hayd\u00e9e e seus vizinhos fora do local. De acordo com a legisla\u00e7\u00e3o nacional, \u00e9 proibido viver dentro de uma \u00e1rea de conserva\u00e7\u00e3o ambiental. Mas quando o Parque Nacional da Floresta da Tijuca foi criado, oficialmente em 1961, Hayd\u00e9e, Eunice e Luci j\u00e1 moravam no local. Originalmente suas fam\u00edlias foram viver no parque, porque as autoridades p\u00fablicas lhes pediu que seus pais trabalhassem no parque para mant\u00ea-lo. Eles ajudaram a construir as estradas e caminhos, plantaram \u00e1rvores e ajudaram os visitantes.<\/p>\n<p><a href=\"http:\/\/rioonwatch.org.br\/wp-content\/uploads\/2016\/10\/rsz_img_5038-768x576-620x264.jpg\"><img loading=\"lazy\" decoding=\"async\" class=\"aligncenter wp-image-23182 size-full\" title=\"Eunice, Ot\u00e1vio e Luci\" src=\"http:\/\/rioonwatch.org.br\/wp-content\/uploads\/2016\/10\/rsz_img_5038-768x576-620x264.jpg\" alt=\"Eunice, Ot\u00e1vio e Luci\" width=\"620\" height=\"264\" \/><\/a><\/p>\n<p>Atualmente, os moradores j\u00e1 receberam v\u00e1rios pedidos por escrito para deixar o parque, mas sem qualquer oferta de alojamento alternativo ou compensa\u00e7\u00e3o. Eles pensariam em sair, mas eles n\u00e3o querem ser for\u00e7ados a morar longe, na periferia, como aconteceu com um de seus antigos vizinhos, que agora mora em uma favela em Jacarepagu\u00e1. As fam\u00edlias restantes n\u00e3o s\u00e3o sequer autorizadas a arrumar suas casas. Lentamente, elas est\u00e3o se transformando em ru\u00ednas no meio da selva.<\/p>\n<p>Os moradores acham que o corte de energia el\u00e9trica \u00e9 uma t\u00e1tica para pression\u00e1-los a desocupar o local. \u201cIsto \u00e9 segrega\u00e7\u00e3o social\u201d, diz Ot\u00e1vio Barros, presidente da <a href=\"http:\/\/bit.ly\/1qm7REb\" target=\"_blank\">Cooperativa Vale Encantado<\/a> pr\u00f3xima a regi\u00e3o e defensor das fam\u00edlias nessa luta. \u201cNo s\u00e9culo 21, ter luz \u00e9 um <a href=\"http:\/\/bit.ly\/1iqdzi3\" target=\"_blank\">direito humano<\/a>. \u00c9 uma quest\u00e3o de dignidade&#8221;.<\/p>\n<p>Durante d\u00e9cadas, os moradores pagaram suas contas de luz mensalmente no banco. Mas um dia, o banco se recusou a pegar o dinheiro. Em seguida, os cabos de energia foram desconectados da comunidade. Hayd\u00e9e e seus vizinhos tomaram medidas legais, mas n\u00e3o tiveram resposta dos tribunais em seis meses.<\/p>\n<p>\u201cSomos como um joguete. Um est\u00e1 jogando por outro, ningu\u00e9m assume a responsabilidade, ningu\u00e9m est\u00e1 com uma solu\u00e7\u00e3o. O que vamos fazer?\u201d, pergunta Luci. Eles temem que o caso seja ignorado e nada aconte\u00e7a. Na Floresta da Tijuca, que abriga o conhecido mundialmente Corcovado e o Cristo Redentor, os moradores s\u00e3o deixados no escuro.<\/p>\n<!-- AddThis Advanced Settings generic via filter on the_content --><!-- AddThis Share Buttons generic via filter on the_content -->","protected":false},"excerpt":{"rendered":"<div class=\"mh-excerpt\"><p>Click Here for English Algumas semanas atr\u00e1s, quando Eunice do Nascimento Rosa, 56, chegou em casa do trabalho \u00e0 noite, ela quase pisou em uma cobra que estava no ch\u00e3o de sua casa. Ela s\u00f3 <a class=\"mh-excerpt-more\" href=\"https:\/\/rioonwatch.org.br\/?p=23174\" title=\"Moradores da Floresta da Tijuca Deixados sem Eletricidade pelo Instituto Chico Mendes\">[&#8230;]<\/a><!-- AddThis Advanced Settings generic via filter on get_the_excerpt --><!-- AddThis Share Buttons generic via filter on get_the_excerpt --><\/p>\n<\/div>","protected":false},"author":132,"featured_media":23177,"comment_status":"closed","ping_status":"closed","sticky":false,"template":"","format":"standard","meta":{"_acf_changed":false,"_monsterinsights_skip_tracking":false,"_monsterinsights_sitenote_active":false,"_monsterinsights_sitenote_note":"","_monsterinsights_sitenote_category":0,"footnotes":""},"categories":[1614,1621,346,1626],"tags":[1057,424,88,561,1306,735,128,635,1037,14,432,294,1394,820,2107,1364],"writer":[1972],"translator":[2002],"source":[],"ilustrador":[],"fotografo":[],"class_list":{"0":"post-23174","1":"post","2":"type-post","3":"status-publish","4":"format-standard","5":"has-post-thumbnail","7":"category-olhonasremocoes","8":"category-destaque","9":"category-denuncias","10":"category-por-observadores-internacionais","11":"tag-consequencias-das-remocoes-saude","12":"tag-direito-a-moradia","13":"tag-direitos-humanos","14":"tag-eletricidade","15":"tag-exclusao","16":"tag-floresta-da-tijuca","17":"tag-historia","18":"tag-light","19":"tag-moradia","20":"tag-remocao","21":"tag-resistencia","22":"tag-saude","23":"tag-taticas-de-remocao-corte-de-servicos","24":"tag-vale-encantado","25":"tag-vila-hipica","26":"tag-violacoes","27":"writer-lisa-hollenbach","28":"translator-jessica-brum"},"acf":[],"yoast_head":"<!-- This site is optimized with the Yoast SEO plugin v25.6 - https:\/\/yoast.com\/wordpress\/plugins\/seo\/ -->\n<title>Moradores da Floresta da Tijuca Deixados sem Eletricidade pelo Instituto Chico Mendes - RioOnWatch<\/title>\n<meta name=\"robots\" content=\"index, follow, max-snippet:-1, max-image-preview:large, max-video-preview:-1\" \/>\n<link rel=\"canonical\" href=\"https:\/\/rioonwatch.org.br\/?p=23174\" \/>\n<meta property=\"og:locale\" content=\"pt_BR\" \/>\n<meta property=\"og:type\" content=\"article\" \/>\n<meta property=\"og:title\" content=\"Moradores da Floresta da Tijuca Deixados sem Eletricidade pelo Instituto Chico Mendes - RioOnWatch\" \/>\n<meta property=\"og:description\" content=\"Click Here for English Algumas semanas atr\u00e1s, quando Eunice do Nascimento Rosa, 56, chegou em casa do trabalho \u00e0 noite, ela quase pisou em uma cobra que estava no ch\u00e3o de sua casa. Ela s\u00f3 [...]\" \/>\n<meta property=\"og:url\" content=\"https:\/\/rioonwatch.org.br\/?p=23174\" \/>\n<meta property=\"og:site_name\" content=\"RioOnWatch\" \/>\n<meta property=\"article:published_time\" content=\"2016-10-31T12:32:15+00:00\" \/>\n<meta property=\"article:modified_time\" content=\"2017-03-29T10:38:34+00:00\" \/>\n<meta property=\"og:image\" content=\"https:\/\/rioonwatch.org.br\/wp-content\/uploads\/2016\/10\/IMG_5022-scaled.jpg\" \/>\n\t<meta property=\"og:image:width\" content=\"2560\" \/>\n\t<meta property=\"og:image:height\" content=\"1920\" \/>\n\t<meta property=\"og:image:type\" content=\"image\/jpeg\" \/>\n<meta name=\"author\" content=\"Felicity\" \/>\n<meta name=\"twitter:card\" content=\"summary_large_image\" \/>\n<meta name=\"twitter:label1\" content=\"Escrito por\" \/>\n\t<meta name=\"twitter:data1\" content=\"Felicity\" \/>\n\t<meta name=\"twitter:label2\" content=\"Est. tempo de leitura\" \/>\n\t<meta name=\"twitter:data2\" content=\"5 minutos\" \/>\n<script type=\"application\/ld+json\" class=\"yoast-schema-graph\">{\"@context\":\"https:\/\/schema.org\",\"@graph\":[{\"@type\":\"Article\",\"@id\":\"https:\/\/rioonwatch.org.br\/?p=23174#article\",\"isPartOf\":{\"@id\":\"https:\/\/rioonwatch.org.br\/?p=23174\"},\"author\":{\"name\":\"Felicity\",\"@id\":\"https:\/\/rioonwatch.org.br\/#\/schema\/person\/4d05cf5053c358ab740b3edd75a173f2\"},\"headline\":\"Moradores da Floresta da Tijuca Deixados sem Eletricidade pelo Instituto Chico Mendes\",\"datePublished\":\"2016-10-31T12:32:15+00:00\",\"dateModified\":\"2017-03-29T10:38:34+00:00\",\"mainEntityOfPage\":{\"@id\":\"https:\/\/rioonwatch.org.br\/?p=23174\"},\"wordCount\":928,\"publisher\":{\"@id\":\"https:\/\/rioonwatch.org.br\/#organization\"},\"image\":{\"@id\":\"https:\/\/rioonwatch.org.br\/?p=23174#primaryimage\"},\"thumbnailUrl\":\"https:\/\/rioonwatch.org.br\/wp-content\/uploads\/2016\/10\/IMG_5022-scaled.jpg\",\"keywords\":[\"Consequ\u00eancias das remo\u00e7\u00f5es: sa\u00fade\",\"Direito \u00e0 Moradia\",\"Direitos Humanos\",\"eletricidade\",\"exclus\u00e3o\",\"Floresta da Tijuca\",\"hist\u00f3ria\",\"Light\",\"moradia\",\"Remo\u00e7\u00e3o\",\"resist\u00eancia\",\"sa\u00fade\",\"T\u00e1ticas de remo\u00e7\u00e3o: corte de servi\u00e7os\",\"Vale Encantado\",\"Vila H\u00edpica\",\"viola\u00e7\u00f5es\"],\"articleSection\":[\"#OlhoNasRemo\u00e7\u00f5es\",\"*Destaque\",\"Den\u00fancias\",\"Escrito por Aliados\"],\"inLanguage\":\"pt-BR\"},{\"@type\":\"WebPage\",\"@id\":\"https:\/\/rioonwatch.org.br\/?p=23174\",\"url\":\"https:\/\/rioonwatch.org.br\/?p=23174\",\"name\":\"Moradores da Floresta da Tijuca Deixados sem Eletricidade pelo Instituto Chico Mendes - RioOnWatch\",\"isPartOf\":{\"@id\":\"https:\/\/rioonwatch.org.br\/#website\"},\"primaryImageOfPage\":{\"@id\":\"https:\/\/rioonwatch.org.br\/?p=23174#primaryimage\"},\"image\":{\"@id\":\"https:\/\/rioonwatch.org.br\/?p=23174#primaryimage\"},\"thumbnailUrl\":\"https:\/\/rioonwatch.org.br\/wp-content\/uploads\/2016\/10\/IMG_5022-scaled.jpg\",\"datePublished\":\"2016-10-31T12:32:15+00:00\",\"dateModified\":\"2017-03-29T10:38:34+00:00\",\"breadcrumb\":{\"@id\":\"https:\/\/rioonwatch.org.br\/?p=23174#breadcrumb\"},\"inLanguage\":\"pt-BR\",\"potentialAction\":[{\"@type\":\"ReadAction\",\"target\":[\"https:\/\/rioonwatch.org.br\/?p=23174\"]}]},{\"@type\":\"ImageObject\",\"inLanguage\":\"pt-BR\",\"@id\":\"https:\/\/rioonwatch.org.br\/?p=23174#primaryimage\",\"url\":\"https:\/\/rioonwatch.org.br\/wp-content\/uploads\/2016\/10\/IMG_5022-scaled.jpg\",\"contentUrl\":\"https:\/\/rioonwatch.org.br\/wp-content\/uploads\/2016\/10\/IMG_5022-scaled.jpg\",\"width\":2560,\"height\":1920},{\"@type\":\"BreadcrumbList\",\"@id\":\"https:\/\/rioonwatch.org.br\/?p=23174#breadcrumb\",\"itemListElement\":[{\"@type\":\"ListItem\",\"position\":1,\"name\":\"In\u00edcio\",\"item\":\"https:\/\/rioonwatch.org.br\/\"},{\"@type\":\"ListItem\",\"position\":2,\"name\":\"Moradores da Floresta da Tijuca Deixados sem Eletricidade pelo Instituto Chico Mendes\"}]},{\"@type\":\"WebSite\",\"@id\":\"https:\/\/rioonwatch.org.br\/#website\",\"url\":\"https:\/\/rioonwatch.org.br\/\",\"name\":\"RioOnWatch\",\"description\":\"relatos das favelas cariocas\",\"publisher\":{\"@id\":\"https:\/\/rioonwatch.org.br\/#organization\"},\"potentialAction\":[{\"@type\":\"SearchAction\",\"target\":{\"@type\":\"EntryPoint\",\"urlTemplate\":\"https:\/\/rioonwatch.org.br\/?s={search_term_string}\"},\"query-input\":{\"@type\":\"PropertyValueSpecification\",\"valueRequired\":true,\"valueName\":\"search_term_string\"}}],\"inLanguage\":\"pt-BR\"},{\"@type\":\"Organization\",\"@id\":\"https:\/\/rioonwatch.org.br\/#organization\",\"name\":\"RioOnWatch\",\"url\":\"https:\/\/rioonwatch.org.br\/\",\"logo\":{\"@type\":\"ImageObject\",\"inLanguage\":\"pt-BR\",\"@id\":\"https:\/\/rioonwatch.org.br\/#\/schema\/logo\/image\/\",\"url\":\"https:\/\/rioonwatch.org.br\/wp-content\/uploads\/2021\/06\/RioOnWatchcabecalhoPT11anos-2.png\",\"contentUrl\":\"https:\/\/rioonwatch.org.br\/wp-content\/uploads\/2021\/06\/RioOnWatchcabecalhoPT11anos-2.png\",\"width\":779,\"height\":277,\"caption\":\"RioOnWatch\"},\"image\":{\"@id\":\"https:\/\/rioonwatch.org.br\/#\/schema\/logo\/image\/\"}},{\"@type\":\"Person\",\"@id\":\"https:\/\/rioonwatch.org.br\/#\/schema\/person\/4d05cf5053c358ab740b3edd75a173f2\",\"name\":\"Felicity\",\"image\":{\"@type\":\"ImageObject\",\"inLanguage\":\"pt-BR\",\"@id\":\"https:\/\/rioonwatch.org.br\/#\/schema\/person\/image\/\",\"url\":\"https:\/\/secure.gravatar.com\/avatar\/bfc904486dc0bba6015410a00fe3fc27?s=96&d=blank&r=g\",\"contentUrl\":\"https:\/\/secure.gravatar.com\/avatar\/bfc904486dc0bba6015410a00fe3fc27?s=96&d=blank&r=g\",\"caption\":\"Felicity\"},\"url\":\"https:\/\/rioonwatch.org.br\/?author=132\"}]}<\/script>\n<!-- \/ Yoast SEO plugin. -->","yoast_head_json":{"title":"Moradores da Floresta da Tijuca Deixados sem Eletricidade pelo Instituto Chico Mendes - RioOnWatch","robots":{"index":"index","follow":"follow","max-snippet":"max-snippet:-1","max-image-preview":"max-image-preview:large","max-video-preview":"max-video-preview:-1"},"canonical":"https:\/\/rioonwatch.org.br\/?p=23174","og_locale":"pt_BR","og_type":"article","og_title":"Moradores da Floresta da Tijuca Deixados sem Eletricidade pelo Instituto Chico Mendes - RioOnWatch","og_description":"Click Here for English Algumas semanas atr\u00e1s, quando Eunice do Nascimento Rosa, 56, chegou em casa do trabalho \u00e0 noite, ela quase pisou em uma cobra que estava no ch\u00e3o de sua casa. Ela s\u00f3 [...]","og_url":"https:\/\/rioonwatch.org.br\/?p=23174","og_site_name":"RioOnWatch","article_published_time":"2016-10-31T12:32:15+00:00","article_modified_time":"2017-03-29T10:38:34+00:00","og_image":[{"width":2560,"height":1920,"url":"https:\/\/rioonwatch.org.br\/wp-content\/uploads\/2016\/10\/IMG_5022-scaled.jpg","type":"image\/jpeg"}],"author":"Felicity","twitter_card":"summary_large_image","twitter_misc":{"Escrito por":"Felicity","Est. tempo de leitura":"5 minutos"},"schema":{"@context":"https:\/\/schema.org","@graph":[{"@type":"Article","@id":"https:\/\/rioonwatch.org.br\/?p=23174#article","isPartOf":{"@id":"https:\/\/rioonwatch.org.br\/?p=23174"},"author":{"name":"Felicity","@id":"https:\/\/rioonwatch.org.br\/#\/schema\/person\/4d05cf5053c358ab740b3edd75a173f2"},"headline":"Moradores da Floresta da Tijuca Deixados sem Eletricidade pelo Instituto Chico Mendes","datePublished":"2016-10-31T12:32:15+00:00","dateModified":"2017-03-29T10:38:34+00:00","mainEntityOfPage":{"@id":"https:\/\/rioonwatch.org.br\/?p=23174"},"wordCount":928,"publisher":{"@id":"https:\/\/rioonwatch.org.br\/#organization"},"image":{"@id":"https:\/\/rioonwatch.org.br\/?p=23174#primaryimage"},"thumbnailUrl":"https:\/\/rioonwatch.org.br\/wp-content\/uploads\/2016\/10\/IMG_5022-scaled.jpg","keywords":["Consequ\u00eancias das remo\u00e7\u00f5es: sa\u00fade","Direito \u00e0 Moradia","Direitos Humanos","eletricidade","exclus\u00e3o","Floresta da Tijuca","hist\u00f3ria","Light","moradia","Remo\u00e7\u00e3o","resist\u00eancia","sa\u00fade","T\u00e1ticas de remo\u00e7\u00e3o: corte de servi\u00e7os","Vale Encantado","Vila H\u00edpica","viola\u00e7\u00f5es"],"articleSection":["#OlhoNasRemo\u00e7\u00f5es","*Destaque","Den\u00fancias","Escrito por Aliados"],"inLanguage":"pt-BR"},{"@type":"WebPage","@id":"https:\/\/rioonwatch.org.br\/?p=23174","url":"https:\/\/rioonwatch.org.br\/?p=23174","name":"Moradores da Floresta da Tijuca Deixados sem Eletricidade pelo Instituto Chico Mendes - RioOnWatch","isPartOf":{"@id":"https:\/\/rioonwatch.org.br\/#website"},"primaryImageOfPage":{"@id":"https:\/\/rioonwatch.org.br\/?p=23174#primaryimage"},"image":{"@id":"https:\/\/rioonwatch.org.br\/?p=23174#primaryimage"},"thumbnailUrl":"https:\/\/rioonwatch.org.br\/wp-content\/uploads\/2016\/10\/IMG_5022-scaled.jpg","datePublished":"2016-10-31T12:32:15+00:00","dateModified":"2017-03-29T10:38:34+00:00","breadcrumb":{"@id":"https:\/\/rioonwatch.org.br\/?p=23174#breadcrumb"},"inLanguage":"pt-BR","potentialAction":[{"@type":"ReadAction","target":["https:\/\/rioonwatch.org.br\/?p=23174"]}]},{"@type":"ImageObject","inLanguage":"pt-BR","@id":"https:\/\/rioonwatch.org.br\/?p=23174#primaryimage","url":"https:\/\/rioonwatch.org.br\/wp-content\/uploads\/2016\/10\/IMG_5022-scaled.jpg","contentUrl":"https:\/\/rioonwatch.org.br\/wp-content\/uploads\/2016\/10\/IMG_5022-scaled.jpg","width":2560,"height":1920},{"@type":"BreadcrumbList","@id":"https:\/\/rioonwatch.org.br\/?p=23174#breadcrumb","itemListElement":[{"@type":"ListItem","position":1,"name":"In\u00edcio","item":"https:\/\/rioonwatch.org.br\/"},{"@type":"ListItem","position":2,"name":"Moradores da Floresta da Tijuca Deixados sem Eletricidade pelo Instituto Chico Mendes"}]},{"@type":"WebSite","@id":"https:\/\/rioonwatch.org.br\/#website","url":"https:\/\/rioonwatch.org.br\/","name":"RioOnWatch","description":"relatos das favelas cariocas","publisher":{"@id":"https:\/\/rioonwatch.org.br\/#organization"},"potentialAction":[{"@type":"SearchAction","target":{"@type":"EntryPoint","urlTemplate":"https:\/\/rioonwatch.org.br\/?s={search_term_string}"},"query-input":{"@type":"PropertyValueSpecification","valueRequired":true,"valueName":"search_term_string"}}],"inLanguage":"pt-BR"},{"@type":"Organization","@id":"https:\/\/rioonwatch.org.br\/#organization","name":"RioOnWatch","url":"https:\/\/rioonwatch.org.br\/","logo":{"@type":"ImageObject","inLanguage":"pt-BR","@id":"https:\/\/rioonwatch.org.br\/#\/schema\/logo\/image\/","url":"https:\/\/rioonwatch.org.br\/wp-content\/uploads\/2021\/06\/RioOnWatchcabecalhoPT11anos-2.png","contentUrl":"https:\/\/rioonwatch.org.br\/wp-content\/uploads\/2021\/06\/RioOnWatchcabecalhoPT11anos-2.png","width":779,"height":277,"caption":"RioOnWatch"},"image":{"@id":"https:\/\/rioonwatch.org.br\/#\/schema\/logo\/image\/"}},{"@type":"Person","@id":"https:\/\/rioonwatch.org.br\/#\/schema\/person\/4d05cf5053c358ab740b3edd75a173f2","name":"Felicity","image":{"@type":"ImageObject","inLanguage":"pt-BR","@id":"https:\/\/rioonwatch.org.br\/#\/schema\/person\/image\/","url":"https:\/\/secure.gravatar.com\/avatar\/bfc904486dc0bba6015410a00fe3fc27?s=96&d=blank&r=g","contentUrl":"https:\/\/secure.gravatar.com\/avatar\/bfc904486dc0bba6015410a00fe3fc27?s=96&d=blank&r=g","caption":"Felicity"},"url":"https:\/\/rioonwatch.org.br\/?author=132"}]}},"_links":{"self":[{"href":"https:\/\/rioonwatch.org.br\/index.php?rest_route=\/wp\/v2\/posts\/23174"}],"collection":[{"href":"https:\/\/rioonwatch.org.br\/index.php?rest_route=\/wp\/v2\/posts"}],"about":[{"href":"https:\/\/rioonwatch.org.br\/index.php?rest_route=\/wp\/v2\/types\/post"}],"author":[{"embeddable":true,"href":"https:\/\/rioonwatch.org.br\/index.php?rest_route=\/wp\/v2\/users\/132"}],"replies":[{"embeddable":true,"href":"https:\/\/rioonwatch.org.br\/index.php?rest_route=%2Fwp%2Fv2%2Fcomments&post=23174"}],"version-history":[{"count":16,"href":"https:\/\/rioonwatch.org.br\/index.php?rest_route=\/wp\/v2\/posts\/23174\/revisions"}],"predecessor-version":[{"id":25047,"href":"https:\/\/rioonwatch.org.br\/index.php?rest_route=\/wp\/v2\/posts\/23174\/revisions\/25047"}],"wp:featuredmedia":[{"embeddable":true,"href":"https:\/\/rioonwatch.org.br\/index.php?rest_route=\/wp\/v2\/media\/23177"}],"wp:attachment":[{"href":"https:\/\/rioonwatch.org.br\/index.php?rest_route=%2Fwp%2Fv2%2Fmedia&parent=23174"}],"wp:term":[{"taxonomy":"category","embeddable":true,"href":"https:\/\/rioonwatch.org.br\/index.php?rest_route=%2Fwp%2Fv2%2Fcategories&post=23174"},{"taxonomy":"post_tag","embeddable":true,"href":"https:\/\/rioonwatch.org.br\/index.php?rest_route=%2Fwp%2Fv2%2Ftags&post=23174"},{"taxonomy":"writer","embeddable":true,"href":"https:\/\/rioonwatch.org.br\/index.php?rest_route=%2Fwp%2Fv2%2Fwriter&post=23174"},{"taxonomy":"translator","embeddable":true,"href":"https:\/\/rioonwatch.org.br\/index.php?rest_route=%2Fwp%2Fv2%2Ftranslator&post=23174"},{"taxonomy":"source","embeddable":true,"href":"https:\/\/rioonwatch.org.br\/index.php?rest_route=%2Fwp%2Fv2%2Fsource&post=23174"},{"taxonomy":"ilustrador","embeddable":true,"href":"https:\/\/rioonwatch.org.br\/index.php?rest_route=%2Fwp%2Fv2%2Filustrador&post=23174"},{"taxonomy":"fotografo","embeddable":true,"href":"https:\/\/rioonwatch.org.br\/index.php?rest_route=%2Fwp%2Fv2%2Ffotografo&post=23174"}],"curies":[{"name":"wp","href":"https:\/\/api.w.org\/{rel}","templated":true}]}}