{"id":23203,"date":"2016-11-12T08:00:15","date_gmt":"2016-11-12T11:00:15","guid":{"rendered":"http:\/\/rioonwatch.org.br\/?p=23203"},"modified":"2024-06-20T16:18:40","modified_gmt":"2024-06-20T19:18:40","slug":"perfil-de-midia-comunitaria-boca-de-favela","status":"publish","type":"post","link":"https:\/\/rioonwatch.org.br\/?p=23203","title":{"rendered":"Perfil de M\u00eddia Comunit\u00e1ria: Boca de Favela"},"content":{"rendered":"<p style=\"text-align: right;\"><em><strong><a href=\"http:\/\/bit.ly\/2dm2h3q\" target=\"_blank\" rel=\"noopener\">Click Here for English<img decoding=\"async\" width=\"20\" height=\"20\" class=\"alignright wp-image-15790\" src=\"http:\/\/rioonwatch.org.br\/wp-content\/uploads\/2012\/08\/EN-standard-e1439583104716.jpg\" alt=\"\" \/><\/a><\/strong><\/em><\/p>\n<p><em>Esta mat\u00e9ria faz parte de uma s\u00e9rie sobre <a href=\"http:\/\/bit.ly\/11VbppF\" target=\"_blank\" rel=\"noopener\">ve\u00edculos de comunica\u00e7\u00e3o comunit\u00e1ria<\/a>.<\/em><\/p>\n<p><a href=\"http:\/\/bit.ly\/2dJDojk\" target=\"_blank\" rel=\"noopener\">Boca de Favela<\/a>\u00a0\u00e9 uma p\u00e1gina no Facebook que desconstr\u00f3i estere\u00f3tipos comuns sobre favelas, com o objetivo de ir al\u00e9m dos clich\u00eas e dos <a href=\"http:\/\/bit.ly\/P4itK0\" target=\"_blank\" rel=\"noopener\">estigmas sociais<\/a>. Os criadores da p\u00e1gina, Mayara Ximenes, 24 e Jeandson Moreno, 23 anos, s\u00e3o moradores das favelas <a href=\"http:\/\/bit.ly\/2eS3YYJ\" target=\"_blank\" rel=\"noopener\">Engenho da Rainha<\/a> e <a href=\"http:\/\/bit.ly\/16xn6zX\" target=\"_blank\" rel=\"noopener\">Muzema<\/a>, respectivamente. Mayara e Jeandson planejam os conte\u00fados da p\u00e1gina e capturam momentos da vida dos moradores de favelas, contando suas narrativas na legenda das fotografias publicadas, num estilo similar ao utilizado pela p\u00e1gina <a href=\"http:\/\/bit.ly\/2fIhrTy\" target=\"_blank\" rel=\"noopener\">Humans of New York<\/a> (Humanos de Nova Iorque).\u00a0Essas hist\u00f3rias n\u00e3o s\u00f3 capturam a diversidade dos moradores de favelas como tamb\u00e9m mostram que as favelas s\u00e3o <a href=\"http:\/\/bit.ly\/1a1M6kK\" target=\"_blank\" rel=\"noopener\">vibrantes comunidades culturais<\/a>.<\/p>\n<p>Descrevendo como o projeto da p\u00e1gina come\u00e7ou, Mayara diz: \u201cA ideia da p\u00e1gina surgiu quando come\u00e7amos a nos sentir incomodados com a maneira pela qual a <a href=\"http:\/\/bit.ly\/1OKE065\" target=\"_blank\" rel=\"noopener\">m\u00eddia retrata os territ\u00f3rios das favelas<\/a>\u00a0e quem vive nelas. As narrativas sobre estes espa\u00e7os v\u00eam sempre carregadas de clich\u00eas relacionados com <a href=\"http:\/\/bit.ly\/2buISj2\" target=\"_blank\" rel=\"noopener\">criminalidade<\/a>, <a href=\"http:\/\/bit.ly\/1wLR1Ef\" target=\"_blank\" rel=\"noopener\">viol\u00eancia<\/a>, hipersexualidade, etc. E n\u00f3s, que moramos em favelas, sabemos que as favelas s\u00e3o muito mais que isso, sabemos quanta gente potente e de luta existe dentro desses espa\u00e7os&#8221;.<\/p>\n<p>A p\u00e1gina teve in\u00edcio em maio de 2016 e j\u00e1 conta com 17.000 seguidores. Boca de Favela tamb\u00e9m divulga not\u00edcias sobre as favelas da cidade do Rio, com foco nos grupos comunit\u00e1rios, iniciativas e <a href=\"http:\/\/bit.ly\/2aegPFT\" target=\"_blank\" rel=\"noopener\">solu\u00e7\u00f5es<\/a>. A combina\u00e7\u00e3o entre a\u00e7\u00e3o comunit\u00e1ria e narrativas ajuda a demonstrar n\u00e3o s\u00f3 a for\u00e7a, a criatividade, intelig\u00eancia e capacidade de resist\u00eancia dos moradores de favelas, mas tamb\u00e9m a sua capacidade de reinventar-se constantemente.\u00a0Como descrito pelos pr\u00f3prios criadores da p\u00e1gina, Boca de Favela se utiliza das narrativas pessoais para tecer uma est\u00f3ria, fazendo a hist\u00f3ria.<\/p>\n<p>Abaixo seguem algumas das postagens exibidas no perfil Boca de Favela.<\/p>\n<h3>Mirna Moreira<\/h3>\n<p><a href=\"http:\/\/rioonwatch.org.br\/wp-content\/uploads\/2016\/10\/13590356_519406771585894_4884089184413764698_n.jpg\"><img fetchpriority=\"high\" decoding=\"async\" class=\"aligncenter wp-image-23208 size-medium\" title=\"Mirna Moreira do Complexo do Lins. Foto da p\u00e1gina Boca de Favela no Facebook\" src=\"http:\/\/rioonwatch.org.br\/wp-content\/uploads\/2016\/10\/13590356_519406771585894_4884089184413764698_n-620x413.jpg\" alt=\"13590356_519406771585894_4884089184413764698_n\" width=\"620\" height=\"413\" srcset=\"https:\/\/rioonwatch.org.br\/wp-content\/uploads\/2016\/10\/13590356_519406771585894_4884089184413764698_n-620x413.jpg 620w, https:\/\/rioonwatch.org.br\/wp-content\/uploads\/2016\/10\/13590356_519406771585894_4884089184413764698_n-396x264.jpg 396w, https:\/\/rioonwatch.org.br\/wp-content\/uploads\/2016\/10\/13590356_519406771585894_4884089184413764698_n-768x512.jpg 768w, https:\/\/rioonwatch.org.br\/wp-content\/uploads\/2016\/10\/13590356_519406771585894_4884089184413764698_n.jpg 960w\" sizes=\"(max-width: 620px) 100vw, 620px\" \/><\/a><\/p>\n<blockquote><p>&#8220;Lembro que quando me perguntavam o que eu queria cursar e eu falava medicina, tinha gente que virava e falava: &#8216;ah, mas voc\u00ea quer isso mesmo? Voc\u00ea n\u00e3o tem cara de m\u00e9dica&#8217;. Uma vez numa aula no pr\u00e9 vestibular, um professor entrou em algum tema de reda\u00e7\u00e3o, que eu n\u00e3o lembro qual foi, e falou: &#8216;olha pro lado e me diz quantos negros tem nessa sala&#8217;. Foi aquele momento que todos os olhares da sala se viraram pra mim.<\/p>\n<p>O meu maior acerto foi ter assumido minha est\u00e9tica enquanto mulher negra antes de entrar nesse espa\u00e7o da universidade. Eu entendi que \u00e9 muito importante estar ali porque existe a quest\u00e3o da representatividade, que se estende para fora da academia tamb\u00e9m. Quando eu visto meu jaleco branco e subo o Morro dos Macacos representando a institui\u00e7\u00e3o UERJ, como fiz em uma a\u00e7\u00e3o sobre sexualidade na adolesc\u00eancia numa escola p\u00fablica, e as meninas negras dessa escola pedem para tirar fotos comigo, elogiam meu cabelo crespo, e de alguma forma me veem como refer\u00eancia, eu s\u00f3 tenho mais certeza disso.<\/p>\n<p>No dia dessa a\u00e7\u00e3o na escola eu voltei no mesmo \u00f4nibus que uma aluna, e quando eu desci no mesmo ponto que ela aqui no <a href=\"http:\/\/bit.ly\/1OKYDvx\" target=\"_blank\" rel=\"noopener\">Complexo<\/a>, ela perguntou: o que voc\u00ea t\u00e1 fazendo aqui?<\/p>\n<p>Ela n\u00e3o esperava que eu descesse aqui na favela. Eu chorei muito. Isso me marcou demais, at\u00e9 porque eu nunca tive uma representa\u00e7\u00e3o f\u00edsica e pr\u00f3xima que eu pudesse me espelhar nesse campo profissional, essa mulher, negra, m\u00e9dica. Sabe?<\/p>\n<p>Por isso, principalmente nos espa\u00e7os acad\u00eamicos, eu fa\u00e7o quest\u00e3o de afirmar que sou do Complexo do Lins. Esse lugar faz parte da minha identidade. Sei da onde eu vim, quem me ajudou a chegar at\u00e9 aqui, e n\u00e3o foi nenhum m\u00e9dico de forma\u00e7\u00e3o, foi minha m\u00e3e que trabalhou como diarista por muitos anos, meu pai que j\u00e1 trabalhou como pedreiro, e que sempre priorizaram meus estudos. Eu sei quem s\u00e3o os pretos que constru\u00edram a base pra que hoje eu esteja aqui hoje.&#8221;<\/p>\n<p>\u2013\u00a0<a href=\"http:\/\/bit.ly\/2dvfFo5\" target=\"_blank\" rel=\"noopener\">Mirna Moreira<\/a>\u00a0do Complexo do Lins, Zona Norte<\/p><\/blockquote>\n<h3>N\u00e9lio Fernando<\/h3>\n<p><a href=\"http:\/\/rioonwatch.org.br\/wp-content\/uploads\/2016\/10\/13567062_516222735237631_6257826701168525394_n.jpg\"><img decoding=\"async\" class=\"aligncenter wp-image-23209 size-medium\" title=\"N\u00e9lio Fernando da Cidade de Deus. Foto da p\u00e1gina Boca de Favela no Facebook\" src=\"http:\/\/rioonwatch.org.br\/wp-content\/uploads\/2016\/10\/13567062_516222735237631_6257826701168525394_n-620x465.jpg\" alt=\"13567062_516222735237631_6257826701168525394_n\" width=\"620\" height=\"465\" srcset=\"https:\/\/rioonwatch.org.br\/wp-content\/uploads\/2016\/10\/13567062_516222735237631_6257826701168525394_n-620x465.jpg 620w, https:\/\/rioonwatch.org.br\/wp-content\/uploads\/2016\/10\/13567062_516222735237631_6257826701168525394_n-352x264.jpg 352w, https:\/\/rioonwatch.org.br\/wp-content\/uploads\/2016\/10\/13567062_516222735237631_6257826701168525394_n-768x576.jpg 768w, https:\/\/rioonwatch.org.br\/wp-content\/uploads\/2016\/10\/13567062_516222735237631_6257826701168525394_n-174x131.jpg 174w, https:\/\/rioonwatch.org.br\/wp-content\/uploads\/2016\/10\/13567062_516222735237631_6257826701168525394_n-300x225.jpg 300w, https:\/\/rioonwatch.org.br\/wp-content\/uploads\/2016\/10\/13567062_516222735237631_6257826701168525394_n-70x53.jpg 70w, https:\/\/rioonwatch.org.br\/wp-content\/uploads\/2016\/10\/13567062_516222735237631_6257826701168525394_n.jpg 960w\" sizes=\"(max-width: 620px) 100vw, 620px\" \/><\/a><\/p>\n<blockquote><p>\u201cO teatro \u00e9 poderoso, por isso ele n\u00e3o est\u00e1 em todo lugar.<\/p>\n<p>Vim para o Rio para continuar meu trabalho com arte, me envolvi com um grupo de teatro aqui da <a href=\"http:\/\/bit.ly\/10BzE4e\" target=\"_blank\" rel=\"noopener\">Cidade de Deus<\/a>, e estou morando aqui h\u00e1 10 anos. Quem vem de fora tem que conquistar a confian\u00e7a de quem vive aqui. As pessoas daqui j\u00e1 foram muito exploradas, j\u00e1 est\u00e3o ariscas, e a gente precisa mostrar que os projetos que a gente traz s\u00e3o s\u00e9ri<span class=\"text_exposed_show\">os e t\u00eam continuidade. N\u00f3s chegamos com uma proposta, e a favela tamb\u00e9m tem a sua proposta. Certa vez um colega disse que ia trazer cultura pra esse lugar, e eu contestei, porque a <a href=\"http:\/\/bit.ly\/1a1M6kK\" target=\"_blank\" rel=\"noopener\">favela tem cultura<\/a>. A gente precisa \u00e9 dialogar, trocar viv\u00eancias e a partir dessa troca de viv\u00eancias a gente descobre outras possibilidades de constru\u00e7\u00e3o. <\/span><br \/>\n<span class=\"text_exposed_show\"><br \/>\nAqui existe um trabalho interessante com o teatro, do grupo\u00a0<a href=\"http:\/\/bit.ly\/2dEtJ0d\" target=\"_blank\" rel=\"noopener\">Os Arteiros<\/a>, que j\u00e1 se tornou uma refer\u00eancia. Al\u00e9m disso, a Cidade de Deus tem uma diversidade art\u00edstica incr\u00edvel; tem o <a href=\"http:\/\/bit.ly\/1kKdVRX\" target=\"_blank\" rel=\"noopener\">funk<\/a>, o <a href=\"http:\/\/bit.ly\/1wD7WsD\" target=\"_blank\" rel=\"noopener\">samba<\/a>, a black music, os Mcs, o pessoal do <a href=\"http:\/\/bit.ly\/2bFgIkp\" target=\"_blank\" rel=\"noopener\">passinho<\/a>, e o rock tamb\u00e9m acontece aqui, o CDD Rock Baile, inclusive, j\u00e1 est\u00e1 em sua d\u00e9cima s\u00e9tima edi\u00e7\u00e3o, e eu me apresento como performer desse festival h\u00e1 15 edi\u00e7\u00f5es.&#8221;<\/span><\/p>\n<p>\u2013\u00a0<a href=\"http:\/\/bit.ly\/2dKfGI5\" target=\"_blank\" rel=\"noopener\">N\u00e9lio Fernando<\/a>\u00a0da Cidade de Deus, Zona Oeste<\/p><\/blockquote>\n<h3>Cheyenne<\/h3>\n<p><a href=\"http:\/\/rioonwatch.org.br\/wp-content\/uploads\/2016\/10\/13233053_502379143288657_4279811730499960843_n.jpg\"><img loading=\"lazy\" decoding=\"async\" class=\"aligncenter wp-image-23210 size-medium\" title=\"Cheyenne de Muzema. Foto da p\u00e1gina Boca de Favela no Facebook\" src=\"http:\/\/rioonwatch.org.br\/wp-content\/uploads\/2016\/10\/13233053_502379143288657_4279811730499960843_n-620x465.jpg\" alt=\"13233053_502379143288657_4279811730499960843_n\" width=\"620\" height=\"465\" srcset=\"https:\/\/rioonwatch.org.br\/wp-content\/uploads\/2016\/10\/13233053_502379143288657_4279811730499960843_n-620x465.jpg 620w, https:\/\/rioonwatch.org.br\/wp-content\/uploads\/2016\/10\/13233053_502379143288657_4279811730499960843_n-352x264.jpg 352w, https:\/\/rioonwatch.org.br\/wp-content\/uploads\/2016\/10\/13233053_502379143288657_4279811730499960843_n-768x576.jpg 768w, https:\/\/rioonwatch.org.br\/wp-content\/uploads\/2016\/10\/13233053_502379143288657_4279811730499960843_n-174x131.jpg 174w, https:\/\/rioonwatch.org.br\/wp-content\/uploads\/2016\/10\/13233053_502379143288657_4279811730499960843_n-300x225.jpg 300w, https:\/\/rioonwatch.org.br\/wp-content\/uploads\/2016\/10\/13233053_502379143288657_4279811730499960843_n-70x53.jpg 70w, https:\/\/rioonwatch.org.br\/wp-content\/uploads\/2016\/10\/13233053_502379143288657_4279811730499960843_n.jpg 960w\" sizes=\"(max-width: 620px) 100vw, 620px\" \/><\/a><\/p>\n<blockquote><p>&#8220;As pessoas j\u00e1 chegam aqui perguntando: p\u00f4, o mec\u00e2nico est\u00e1 a\u00ed?<\/p>\n<p>Eu sofri muito preconceito por ser mulher e trabalhar com mec\u00e2nica, hoje sofro menos, mas ainda sofro. \u00c9 um ramo muito machista. Tem cliente que quando me v\u00ea pergunta: \u00e9 voc\u00ea que vai fazer o conserto? tem certeza que voc\u00ea sabe fazer isso? Mas muita gente elogia tamb\u00e9m. Eu prefiro guardar os elogios.<\/p>\n<p>Aprendi a consertar bicicleta com<span class=\"text_exposed_show\"> um tio, que tamb\u00e9m trabalhou a vida toda com isso. Meu conhecimento \u00e9 todo baseado na pr\u00e1tica, n\u00e3o fiz nenhum curso te\u00f3rico. J\u00e1 trabalhei em lojas de conserto de bicicleta no Leblon, Copacabana e Barra, e por fim resolvi montar a minha loja. Tem tr\u00eas anos que tenho ela aqui na Muzema.<\/span><\/p>\n<p>Moro aqui com a minha companheira e nossa filha adotiva. Quem nos conhece sabe o carinho que temos por ela, era nosso sonho ter um filho. Sempre digo que se eu adotei \u00e9 porque um casal dentro do padr\u00e3o tido como &#8216;normal&#8217; n\u00e3o quis mais a crian\u00e7a, n\u00e9?&#8221;<\/p>\n<p>\u2013 <a href=\"http:\/\/bit.ly\/2dRx3Xa\" target=\"_blank\" rel=\"noopener\">Cheyenne<\/a>\u00a0de Muzema, Zona Oeste<\/p><\/blockquote>\n<h3>Jo\u00e3o<\/h3>\n<p><a href=\"http:\/\/rioonwatch.org.br\/wp-content\/uploads\/2016\/10\/13319771_505103796349525_7875117389891777885_n.jpg\"><img loading=\"lazy\" decoding=\"async\" class=\"aligncenter wp-image-23211 size-medium\" title=\"Jo\u00e3o da Rocinha. Foto da p\u00e1gina Boca de Favela no Facebook\" src=\"http:\/\/rioonwatch.org.br\/wp-content\/uploads\/2016\/10\/13319771_505103796349525_7875117389891777885_n-620x413.jpg\" alt=\"13319771_505103796349525_7875117389891777885_n\" width=\"620\" height=\"413\" srcset=\"https:\/\/rioonwatch.org.br\/wp-content\/uploads\/2016\/10\/13319771_505103796349525_7875117389891777885_n-620x413.jpg 620w, https:\/\/rioonwatch.org.br\/wp-content\/uploads\/2016\/10\/13319771_505103796349525_7875117389891777885_n-396x264.jpg 396w, https:\/\/rioonwatch.org.br\/wp-content\/uploads\/2016\/10\/13319771_505103796349525_7875117389891777885_n-768x512.jpg 768w, https:\/\/rioonwatch.org.br\/wp-content\/uploads\/2016\/10\/13319771_505103796349525_7875117389891777885_n.jpg 960w\" sizes=\"(max-width: 620px) 100vw, 620px\" \/><\/a><\/p>\n<blockquote><p>&#8220;Sou conhecido como Jo\u00e3o das Pipas. Eu vivo de pipa!<\/p>\n<p>Vim pra <a href=\"http:\/\/bit.ly\/16w2zz1\" target=\"_blank\" rel=\"noopener\">Rocinha<\/a> com dois anos de idade, do Cear\u00e1. Moro aqui h\u00e1 58 anos, s\u00f3. Eu vim do Cear\u00e1 de Pau de arara, naquela \u00e9poca n\u00e3o tinha transporte, era s\u00f3 caminh\u00e3o. Quando eu tinha uns dez anos de idade j\u00e1 trabalhava na banca de verduras, no Boiadeiro, parte baixa aqui do morro. Depois trabalhei em loja de m\u00f3veis usados, e quando fiquei maior de <span class=\"text_exposed_show\">idade trabalhei em restaurante, mas n\u00e3o gostei muito de ser cozinheiro. Virei farmac\u00eautico! E trabalhei nessa profiss\u00e3o por trinta e poucos anos.<\/span><\/p>\n<p>Depois de ficar um tempo desempregado comecei a fazer pipa em casa pra vender. J\u00e1 tive lojinhas em v\u00e1rias partes da Rocinha. Sempre gostei muito de soltar pipa, mas no meu tempo a gente soltava pipa do ch\u00e3o e do telhado, n\u00e3o tinha laje ainda, era s\u00f3 barraco e dava para contar nos dedos os que tinham. Na inf\u00e2ncia j\u00e1 apanhei muito por causa de pipa. Meu pai me batia muito. Esse ano fazem dois anos que meu pai faleceu, e ele falava comigo que se arrependeu por ter me batido por causa disso. Hoje, quando eu passo na rua \u00e9 todo mundo me gritando. Sou conhecido como Jo\u00e3o das Pipas. Eu vivo de pipa<\/p>\n<p>\u2013 <a href=\"http:\/\/bit.ly\/2cTazPS\" target=\"_blank\" rel=\"noopener\">Jo\u00e3o<\/a>\u00a0da Rocinha, Zona Oeste<\/p><\/blockquote>\n<p>Para mais hist\u00f3rias de favelas do Rio, siga a <a href=\"http:\/\/bit.ly\/2e1Lck6\" target=\"_blank\" rel=\"noopener\">p\u00e1gina Boca de Favela no Facebook<\/a>.<\/p>\n<p><iframe style=\"border: none; overflow: hidden;\" src=\"https:\/\/www.facebook.com\/plugins\/post.php?href=https%3A%2F%2Fwww.facebook.com%2FBocaDFavela%2Fposts%2F519406771585894&amp;width=500\" width=\"500\" height=\"562\" frameborder=\"0\" scrolling=\"no\"><\/iframe><\/p>\n<!-- AddThis Advanced Settings generic via filter on the_content --><!-- AddThis Share Buttons generic via filter on the_content -->","protected":false},"excerpt":{"rendered":"<div class=\"mh-excerpt\"><p>Click Here for English Esta mat\u00e9ria faz parte de uma s\u00e9rie sobre ve\u00edculos de comunica\u00e7\u00e3o comunit\u00e1ria. Boca de Favela\u00a0\u00e9 uma p\u00e1gina no Facebook que desconstr\u00f3i estere\u00f3tipos comuns sobre favelas, com o objetivo de ir al\u00e9m <a class=\"mh-excerpt-more\" href=\"https:\/\/rioonwatch.org.br\/?p=23203\" title=\"Perfil de M\u00eddia Comunit\u00e1ria: Boca de Favela\">[&#8230;]<\/a><!-- AddThis Advanced Settings generic via filter on get_the_excerpt --><!-- AddThis Share Buttons generic via filter on get_the_excerpt --><\/p>\n<\/div>","protected":false},"author":129,"featured_media":23205,"comment_status":"closed","ping_status":"closed","sticky":false,"template":"","format":"standard","meta":{"_acf_changed":false,"_monsterinsights_skip_tracking":false,"_monsterinsights_sitenote_active":false,"_monsterinsights_sitenote_note":"","_monsterinsights_sitenote_category":0,"footnotes":""},"categories":[1621,1615,1629,1626,345,1613,1616,342],"tags":[386,1676,554,645,1530,81,421,1805,1535,372,700,126,657,16,1344,239],"writer":[1947],"translator":[1959],"source":[],"ilustrador":[],"fotografo":[],"class_list":{"0":"post-23203","1":"post","2":"type-post","3":"status-publish","4":"format-standard","5":"has-post-thumbnail","7":"category-destaque","8":"category-cultura-da-favela","9":"category-entrevistas-e-perfis","10":"category-por-observadores-internacionais","11":"category-favela-e","12":"category-midia-comunitaria","13":"category-qualidades-da-favela","14":"category-solucoes","15":"tag-estigma","16":"tag-analise-cobertura-de-favelas","17":"tag-cidade-de-deus","18":"tag-complexo-do-lins","19":"tag-midia-comunitaria","20":"tag-cultura","21":"tag-cultura-da-favela","22":"tag-engenho-da-rainha","23":"tag-facebook","24":"tag-muzema","25":"tag-perfil","26":"tag-preconceito","27":"tag-relato-de-morador","28":"tag-rocinha","29":"tag-serie-comunicacao-comunitaria","30":"tag-universidade","31":"writer-nashwa-al-sharki","32":"translator-paula-varajao"},"acf":[],"yoast_head":"<!-- This site is optimized with the Yoast SEO plugin v25.6 - https:\/\/yoast.com\/wordpress\/plugins\/seo\/ -->\n<title>Perfil de M\u00eddia Comunit\u00e1ria: Boca de Favela - RioOnWatch<\/title>\n<meta name=\"robots\" content=\"index, follow, max-snippet:-1, max-image-preview:large, max-video-preview:-1\" \/>\n<link rel=\"canonical\" href=\"https:\/\/rioonwatch.org.br\/?p=23203\" \/>\n<meta property=\"og:locale\" content=\"pt_BR\" \/>\n<meta property=\"og:type\" content=\"article\" \/>\n<meta property=\"og:title\" content=\"Perfil de M\u00eddia Comunit\u00e1ria: Boca de Favela - RioOnWatch\" \/>\n<meta property=\"og:description\" content=\"Click Here for English Esta mat\u00e9ria faz parte de uma s\u00e9rie sobre ve\u00edculos de comunica\u00e7\u00e3o comunit\u00e1ria. Boca de Favela\u00a0\u00e9 uma p\u00e1gina no Facebook que desconstr\u00f3i estere\u00f3tipos comuns sobre favelas, com o objetivo de ir al\u00e9m [...]\" \/>\n<meta property=\"og:url\" content=\"https:\/\/rioonwatch.org.br\/?p=23203\" \/>\n<meta property=\"og:site_name\" content=\"RioOnWatch\" \/>\n<meta property=\"article:published_time\" content=\"2016-11-12T11:00:15+00:00\" \/>\n<meta property=\"article:modified_time\" content=\"2024-06-20T19:18:40+00:00\" \/>\n<meta property=\"og:image\" content=\"https:\/\/rioonwatch.org.br\/wp-content\/uploads\/2016\/10\/13239979_499504056909499_1968267946283512785_n.png\" \/>\n\t<meta property=\"og:image:width\" content=\"851\" \/>\n\t<meta property=\"og:image:height\" content=\"300\" \/>\n\t<meta property=\"og:image:type\" content=\"image\/png\" \/>\n<meta name=\"author\" content=\"Admin\" \/>\n<meta name=\"twitter:card\" content=\"summary_large_image\" \/>\n<meta name=\"twitter:label1\" content=\"Escrito por\" \/>\n\t<meta name=\"twitter:data1\" content=\"Admin\" \/>\n\t<meta name=\"twitter:label2\" content=\"Est. tempo de leitura\" \/>\n\t<meta name=\"twitter:data2\" content=\"7 minutos\" \/>\n<script type=\"application\/ld+json\" class=\"yoast-schema-graph\">{\"@context\":\"https:\/\/schema.org\",\"@graph\":[{\"@type\":\"Article\",\"@id\":\"https:\/\/rioonwatch.org.br\/?p=23203#article\",\"isPartOf\":{\"@id\":\"https:\/\/rioonwatch.org.br\/?p=23203\"},\"author\":{\"name\":\"Admin\",\"@id\":\"https:\/\/rioonwatch.org.br\/#\/schema\/person\/11d64c290506f9df50c71b850c473f68\"},\"headline\":\"Perfil de M\u00eddia Comunit\u00e1ria: Boca de Favela\",\"datePublished\":\"2016-11-12T11:00:15+00:00\",\"dateModified\":\"2024-06-20T19:18:40+00:00\",\"mainEntityOfPage\":{\"@id\":\"https:\/\/rioonwatch.org.br\/?p=23203\"},\"wordCount\":1393,\"publisher\":{\"@id\":\"https:\/\/rioonwatch.org.br\/#organization\"},\"image\":{\"@id\":\"https:\/\/rioonwatch.org.br\/?p=23203#primaryimage\"},\"thumbnailUrl\":\"https:\/\/rioonwatch.org.br\/wp-content\/uploads\/2016\/10\/13239979_499504056909499_1968267946283512785_n.png\",\"keywords\":[\"#StopFavelaStigma\",\"an\u00e1lise cobertura de favelas\",\"Cidade de Deus\",\"Complexo do Lins\",\"Comunica\u00e7\u00e3o Comunit\u00e1ria\",\"cultura\",\"cultura da favela\",\"Engenho da Rainha\",\"Facebook\",\"Muzema\",\"perfil\",\"preconceito\",\"relato de morador\",\"Rocinha\",\"S\u00e9rie: Perfis de M\u00eddia Comunit\u00e1ria\",\"universidade\"],\"articleSection\":[\"*Destaque\",\"Cultura da Favela\",\"Entrevistas e Perfis\",\"Escrito por Aliados\",\"Favela \u00e9\",\"M\u00eddia Comunit\u00e1ria\",\"Qualidades da Favela\",\"Solu\u00e7\u00f5es\"],\"inLanguage\":\"pt-BR\"},{\"@type\":\"WebPage\",\"@id\":\"https:\/\/rioonwatch.org.br\/?p=23203\",\"url\":\"https:\/\/rioonwatch.org.br\/?p=23203\",\"name\":\"Perfil de M\u00eddia Comunit\u00e1ria: Boca de Favela - RioOnWatch\",\"isPartOf\":{\"@id\":\"https:\/\/rioonwatch.org.br\/#website\"},\"primaryImageOfPage\":{\"@id\":\"https:\/\/rioonwatch.org.br\/?p=23203#primaryimage\"},\"image\":{\"@id\":\"https:\/\/rioonwatch.org.br\/?p=23203#primaryimage\"},\"thumbnailUrl\":\"https:\/\/rioonwatch.org.br\/wp-content\/uploads\/2016\/10\/13239979_499504056909499_1968267946283512785_n.png\",\"datePublished\":\"2016-11-12T11:00:15+00:00\",\"dateModified\":\"2024-06-20T19:18:40+00:00\",\"breadcrumb\":{\"@id\":\"https:\/\/rioonwatch.org.br\/?p=23203#breadcrumb\"},\"inLanguage\":\"pt-BR\",\"potentialAction\":[{\"@type\":\"ReadAction\",\"target\":[\"https:\/\/rioonwatch.org.br\/?p=23203\"]}]},{\"@type\":\"ImageObject\",\"inLanguage\":\"pt-BR\",\"@id\":\"https:\/\/rioonwatch.org.br\/?p=23203#primaryimage\",\"url\":\"https:\/\/rioonwatch.org.br\/wp-content\/uploads\/2016\/10\/13239979_499504056909499_1968267946283512785_n.png\",\"contentUrl\":\"https:\/\/rioonwatch.org.br\/wp-content\/uploads\/2016\/10\/13239979_499504056909499_1968267946283512785_n.png\",\"width\":851,\"height\":300},{\"@type\":\"BreadcrumbList\",\"@id\":\"https:\/\/rioonwatch.org.br\/?p=23203#breadcrumb\",\"itemListElement\":[{\"@type\":\"ListItem\",\"position\":1,\"name\":\"In\u00edcio\",\"item\":\"https:\/\/rioonwatch.org.br\/\"},{\"@type\":\"ListItem\",\"position\":2,\"name\":\"Perfil de M\u00eddia Comunit\u00e1ria: Boca de Favela\"}]},{\"@type\":\"WebSite\",\"@id\":\"https:\/\/rioonwatch.org.br\/#website\",\"url\":\"https:\/\/rioonwatch.org.br\/\",\"name\":\"RioOnWatch\",\"description\":\"relatos das favelas cariocas\",\"publisher\":{\"@id\":\"https:\/\/rioonwatch.org.br\/#organization\"},\"potentialAction\":[{\"@type\":\"SearchAction\",\"target\":{\"@type\":\"EntryPoint\",\"urlTemplate\":\"https:\/\/rioonwatch.org.br\/?s={search_term_string}\"},\"query-input\":{\"@type\":\"PropertyValueSpecification\",\"valueRequired\":true,\"valueName\":\"search_term_string\"}}],\"inLanguage\":\"pt-BR\"},{\"@type\":\"Organization\",\"@id\":\"https:\/\/rioonwatch.org.br\/#organization\",\"name\":\"RioOnWatch\",\"url\":\"https:\/\/rioonwatch.org.br\/\",\"logo\":{\"@type\":\"ImageObject\",\"inLanguage\":\"pt-BR\",\"@id\":\"https:\/\/rioonwatch.org.br\/#\/schema\/logo\/image\/\",\"url\":\"https:\/\/rioonwatch.org.br\/wp-content\/uploads\/2021\/06\/RioOnWatchcabecalhoPT11anos-2.png\",\"contentUrl\":\"https:\/\/rioonwatch.org.br\/wp-content\/uploads\/2021\/06\/RioOnWatchcabecalhoPT11anos-2.png\",\"width\":779,\"height\":277,\"caption\":\"RioOnWatch\"},\"image\":{\"@id\":\"https:\/\/rioonwatch.org.br\/#\/schema\/logo\/image\/\"}},{\"@type\":\"Person\",\"@id\":\"https:\/\/rioonwatch.org.br\/#\/schema\/person\/11d64c290506f9df50c71b850c473f68\",\"name\":\"Admin\",\"image\":{\"@type\":\"ImageObject\",\"inLanguage\":\"pt-BR\",\"@id\":\"https:\/\/rioonwatch.org.br\/#\/schema\/person\/image\/\",\"url\":\"https:\/\/secure.gravatar.com\/avatar\/56211ac74568383903349a1485e3c325?s=96&d=blank&r=g\",\"contentUrl\":\"https:\/\/secure.gravatar.com\/avatar\/56211ac74568383903349a1485e3c325?s=96&d=blank&r=g\",\"caption\":\"Admin\"},\"url\":\"https:\/\/rioonwatch.org.br\/?author=129\"}]}<\/script>\n<!-- \/ Yoast SEO plugin. -->","yoast_head_json":{"title":"Perfil de M\u00eddia Comunit\u00e1ria: Boca de Favela - RioOnWatch","robots":{"index":"index","follow":"follow","max-snippet":"max-snippet:-1","max-image-preview":"max-image-preview:large","max-video-preview":"max-video-preview:-1"},"canonical":"https:\/\/rioonwatch.org.br\/?p=23203","og_locale":"pt_BR","og_type":"article","og_title":"Perfil de M\u00eddia Comunit\u00e1ria: Boca de Favela - RioOnWatch","og_description":"Click Here for English Esta mat\u00e9ria faz parte de uma s\u00e9rie sobre ve\u00edculos de comunica\u00e7\u00e3o comunit\u00e1ria. Boca de Favela\u00a0\u00e9 uma p\u00e1gina no Facebook que desconstr\u00f3i estere\u00f3tipos comuns sobre favelas, com o objetivo de ir al\u00e9m [...]","og_url":"https:\/\/rioonwatch.org.br\/?p=23203","og_site_name":"RioOnWatch","article_published_time":"2016-11-12T11:00:15+00:00","article_modified_time":"2024-06-20T19:18:40+00:00","og_image":[{"width":851,"height":300,"url":"https:\/\/rioonwatch.org.br\/wp-content\/uploads\/2016\/10\/13239979_499504056909499_1968267946283512785_n.png","type":"image\/png"}],"author":"Admin","twitter_card":"summary_large_image","twitter_misc":{"Escrito por":"Admin","Est. tempo de leitura":"7 minutos"},"schema":{"@context":"https:\/\/schema.org","@graph":[{"@type":"Article","@id":"https:\/\/rioonwatch.org.br\/?p=23203#article","isPartOf":{"@id":"https:\/\/rioonwatch.org.br\/?p=23203"},"author":{"name":"Admin","@id":"https:\/\/rioonwatch.org.br\/#\/schema\/person\/11d64c290506f9df50c71b850c473f68"},"headline":"Perfil de M\u00eddia Comunit\u00e1ria: Boca de Favela","datePublished":"2016-11-12T11:00:15+00:00","dateModified":"2024-06-20T19:18:40+00:00","mainEntityOfPage":{"@id":"https:\/\/rioonwatch.org.br\/?p=23203"},"wordCount":1393,"publisher":{"@id":"https:\/\/rioonwatch.org.br\/#organization"},"image":{"@id":"https:\/\/rioonwatch.org.br\/?p=23203#primaryimage"},"thumbnailUrl":"https:\/\/rioonwatch.org.br\/wp-content\/uploads\/2016\/10\/13239979_499504056909499_1968267946283512785_n.png","keywords":["#StopFavelaStigma","an\u00e1lise cobertura de favelas","Cidade de Deus","Complexo do Lins","Comunica\u00e7\u00e3o Comunit\u00e1ria","cultura","cultura da favela","Engenho da Rainha","Facebook","Muzema","perfil","preconceito","relato de morador","Rocinha","S\u00e9rie: Perfis de M\u00eddia Comunit\u00e1ria","universidade"],"articleSection":["*Destaque","Cultura da Favela","Entrevistas e Perfis","Escrito por Aliados","Favela \u00e9","M\u00eddia Comunit\u00e1ria","Qualidades da Favela","Solu\u00e7\u00f5es"],"inLanguage":"pt-BR"},{"@type":"WebPage","@id":"https:\/\/rioonwatch.org.br\/?p=23203","url":"https:\/\/rioonwatch.org.br\/?p=23203","name":"Perfil de M\u00eddia Comunit\u00e1ria: Boca de Favela - RioOnWatch","isPartOf":{"@id":"https:\/\/rioonwatch.org.br\/#website"},"primaryImageOfPage":{"@id":"https:\/\/rioonwatch.org.br\/?p=23203#primaryimage"},"image":{"@id":"https:\/\/rioonwatch.org.br\/?p=23203#primaryimage"},"thumbnailUrl":"https:\/\/rioonwatch.org.br\/wp-content\/uploads\/2016\/10\/13239979_499504056909499_1968267946283512785_n.png","datePublished":"2016-11-12T11:00:15+00:00","dateModified":"2024-06-20T19:18:40+00:00","breadcrumb":{"@id":"https:\/\/rioonwatch.org.br\/?p=23203#breadcrumb"},"inLanguage":"pt-BR","potentialAction":[{"@type":"ReadAction","target":["https:\/\/rioonwatch.org.br\/?p=23203"]}]},{"@type":"ImageObject","inLanguage":"pt-BR","@id":"https:\/\/rioonwatch.org.br\/?p=23203#primaryimage","url":"https:\/\/rioonwatch.org.br\/wp-content\/uploads\/2016\/10\/13239979_499504056909499_1968267946283512785_n.png","contentUrl":"https:\/\/rioonwatch.org.br\/wp-content\/uploads\/2016\/10\/13239979_499504056909499_1968267946283512785_n.png","width":851,"height":300},{"@type":"BreadcrumbList","@id":"https:\/\/rioonwatch.org.br\/?p=23203#breadcrumb","itemListElement":[{"@type":"ListItem","position":1,"name":"In\u00edcio","item":"https:\/\/rioonwatch.org.br\/"},{"@type":"ListItem","position":2,"name":"Perfil de M\u00eddia Comunit\u00e1ria: Boca de Favela"}]},{"@type":"WebSite","@id":"https:\/\/rioonwatch.org.br\/#website","url":"https:\/\/rioonwatch.org.br\/","name":"RioOnWatch","description":"relatos das favelas cariocas","publisher":{"@id":"https:\/\/rioonwatch.org.br\/#organization"},"potentialAction":[{"@type":"SearchAction","target":{"@type":"EntryPoint","urlTemplate":"https:\/\/rioonwatch.org.br\/?s={search_term_string}"},"query-input":{"@type":"PropertyValueSpecification","valueRequired":true,"valueName":"search_term_string"}}],"inLanguage":"pt-BR"},{"@type":"Organization","@id":"https:\/\/rioonwatch.org.br\/#organization","name":"RioOnWatch","url":"https:\/\/rioonwatch.org.br\/","logo":{"@type":"ImageObject","inLanguage":"pt-BR","@id":"https:\/\/rioonwatch.org.br\/#\/schema\/logo\/image\/","url":"https:\/\/rioonwatch.org.br\/wp-content\/uploads\/2021\/06\/RioOnWatchcabecalhoPT11anos-2.png","contentUrl":"https:\/\/rioonwatch.org.br\/wp-content\/uploads\/2021\/06\/RioOnWatchcabecalhoPT11anos-2.png","width":779,"height":277,"caption":"RioOnWatch"},"image":{"@id":"https:\/\/rioonwatch.org.br\/#\/schema\/logo\/image\/"}},{"@type":"Person","@id":"https:\/\/rioonwatch.org.br\/#\/schema\/person\/11d64c290506f9df50c71b850c473f68","name":"Admin","image":{"@type":"ImageObject","inLanguage":"pt-BR","@id":"https:\/\/rioonwatch.org.br\/#\/schema\/person\/image\/","url":"https:\/\/secure.gravatar.com\/avatar\/56211ac74568383903349a1485e3c325?s=96&d=blank&r=g","contentUrl":"https:\/\/secure.gravatar.com\/avatar\/56211ac74568383903349a1485e3c325?s=96&d=blank&r=g","caption":"Admin"},"url":"https:\/\/rioonwatch.org.br\/?author=129"}]}},"_links":{"self":[{"href":"https:\/\/rioonwatch.org.br\/index.php?rest_route=\/wp\/v2\/posts\/23203"}],"collection":[{"href":"https:\/\/rioonwatch.org.br\/index.php?rest_route=\/wp\/v2\/posts"}],"about":[{"href":"https:\/\/rioonwatch.org.br\/index.php?rest_route=\/wp\/v2\/types\/post"}],"author":[{"embeddable":true,"href":"https:\/\/rioonwatch.org.br\/index.php?rest_route=\/wp\/v2\/users\/129"}],"replies":[{"embeddable":true,"href":"https:\/\/rioonwatch.org.br\/index.php?rest_route=%2Fwp%2Fv2%2Fcomments&post=23203"}],"version-history":[{"count":15,"href":"https:\/\/rioonwatch.org.br\/index.php?rest_route=\/wp\/v2\/posts\/23203\/revisions"}],"predecessor-version":[{"id":74311,"href":"https:\/\/rioonwatch.org.br\/index.php?rest_route=\/wp\/v2\/posts\/23203\/revisions\/74311"}],"wp:featuredmedia":[{"embeddable":true,"href":"https:\/\/rioonwatch.org.br\/index.php?rest_route=\/wp\/v2\/media\/23205"}],"wp:attachment":[{"href":"https:\/\/rioonwatch.org.br\/index.php?rest_route=%2Fwp%2Fv2%2Fmedia&parent=23203"}],"wp:term":[{"taxonomy":"category","embeddable":true,"href":"https:\/\/rioonwatch.org.br\/index.php?rest_route=%2Fwp%2Fv2%2Fcategories&post=23203"},{"taxonomy":"post_tag","embeddable":true,"href":"https:\/\/rioonwatch.org.br\/index.php?rest_route=%2Fwp%2Fv2%2Ftags&post=23203"},{"taxonomy":"writer","embeddable":true,"href":"https:\/\/rioonwatch.org.br\/index.php?rest_route=%2Fwp%2Fv2%2Fwriter&post=23203"},{"taxonomy":"translator","embeddable":true,"href":"https:\/\/rioonwatch.org.br\/index.php?rest_route=%2Fwp%2Fv2%2Ftranslator&post=23203"},{"taxonomy":"source","embeddable":true,"href":"https:\/\/rioonwatch.org.br\/index.php?rest_route=%2Fwp%2Fv2%2Fsource&post=23203"},{"taxonomy":"ilustrador","embeddable":true,"href":"https:\/\/rioonwatch.org.br\/index.php?rest_route=%2Fwp%2Fv2%2Filustrador&post=23203"},{"taxonomy":"fotografo","embeddable":true,"href":"https:\/\/rioonwatch.org.br\/index.php?rest_route=%2Fwp%2Fv2%2Ffotografo&post=23203"}],"curies":[{"name":"wp","href":"https:\/\/api.w.org\/{rel}","templated":true}]}}