{"id":23227,"date":"2016-10-28T09:25:40","date_gmt":"2016-10-28T12:25:40","guid":{"rendered":"http:\/\/rioonwatch.org.br\/?p=23227"},"modified":"2024-06-20T16:25:17","modified_gmt":"2024-06-20T19:25:17","slug":"marcelo-freixo-candidato-socialista-a-prefeito-do-rio-de-janeiro-perfil","status":"publish","type":"post","link":"https:\/\/rioonwatch.org.br\/?p=23227","title":{"rendered":"Marcelo Freixo, Candidato Socialista a Prefeito do Rio de Janeiro [PERFIL]"},"content":{"rendered":"<p style=\"text-align: right;\"><em><strong><a href=\"http:\/\/bit.ly\/2eCB2rA\" target=\"_blank\" rel=\"noopener\">Click Here for English<img decoding=\"async\" width=\"20\" height=\"20\" class=\"alignright wp-image-15790\" src=\"http:\/\/rioonwatch.org.br\/wp-content\/uploads\/2012\/08\/EN-standard-e1439583104716.jpg\" alt=\"\" \/><\/a><\/strong><\/em><\/p>\n<p>&#8220;Eu n\u00e3o quero cuidar das pessoas, eu quero governar <em>com<\/em> as pessoas!&#8221;, disse <a href=\"http:\/\/bit.ly\/2cGt79l\" target=\"_blank\" rel=\"noopener\">Marcelo Freixo<\/a>\u00a0radiante, recentemente, para uma multid\u00e3o em um com\u00edcio de apoio a sua candidatura na <a href=\"http:\/\/bit.ly\/WximDf\" target=\"_blank\" rel=\"noopener\">Zona Norte<\/a> do Rio de Janeiro, e em oposi\u00e7\u00e3o direta <a href=\"http:\/\/bit.ly\/2eJymns\" target=\"_blank\" rel=\"noopener\">\u00e0 insist\u00eancia de seu rival evang\u00e9lico de que ele vai &#8220;cuidar&#8221; do povo<\/a>. Esta \u00e9 a segunda vez que o pol\u00edtico de 49 anos concorre a prefeito e, como em 2012, ele est\u00e1 <a href=\"http:\/\/bit.ly\/2ejTsKe\" target=\"_blank\" rel=\"noopener\">subindo rapidamente<\/a> nas pesquisas, <a href=\"http:\/\/glo.bo\/2eewwQi\" target=\"_blank\" rel=\"noopener\">atr\u00e1s do candidato mais conservador<\/a>\u00a0ap\u00f3s os dois chegarem ao segundo turno, neste caso, dentre os <a href=\"http:\/\/bit.ly\/2doFvNS\" target=\"_blank\" rel=\"noopener\">onze candidatos<\/a> na primeira rodada de vota\u00e7\u00e3o.<\/p>\n<p>Freixo foi membro do Partido dos Trabalhadores (<a href=\"http:\/\/bit.ly\/2cCqyHM\" target=\"_blank\" rel=\"noopener\">PT<\/a>), de 1986 a 2005, quando saiu para se juntar ao Partido Socialismo e Liberdade (<a href=\"http:\/\/bit.ly\/2cPkd9v\" target=\"_blank\" rel=\"noopener\">PSOL<\/a>), rec\u00e9m-<a href=\"http:\/\/bit.ly\/2cZ6UAh\" target=\"_blank\" rel=\"noopener\">formado<\/a> em 2004 por membros expulsos do PT e outros que partiram por escolha, quando\u00a0o PT passou a formar alian\u00e7as com pol\u00eamicos pol\u00edticos de direita. Freixo come\u00e7ou sua carreira como <a href=\"http:\/\/bit.ly\/2ef3UWQ\" target=\"_blank\" rel=\"noopener\">professor de hist\u00f3ria<\/a> e mais tarde se tornou um pesquisador de\u00a0<a href=\"http:\/\/bit.ly\/1iqdzi3\" target=\"_blank\" rel=\"noopener\">direitos humanos<\/a> pela ONG Justi\u00e7a Global a partir de 2003, ambos os quais ele continuou envolvido durante seus anos na pol\u00edtica.<\/p>\n<p>A carreira de Freixo cresceu em intensidade <a href=\"http:\/\/bit.ly\/2eODGdt\" target=\"_blank\" rel=\"noopener\">entre 1993 e 1996<\/a>, quando\u00a0era diretor do Sindicato dos Professores (SINPRO) e trabalhou como mediador entre a pol\u00edcia e presidi\u00e1rios, defendendo os direitos humanos, a educa\u00e7\u00e3o de presidi\u00e1rios, e a preven\u00e7\u00e3o \u00e0 dissemina\u00e7\u00e3o da AIDS nas pris\u00f5es estatais do Rio de Janeiro. Seu trabalho nas pris\u00f5es e seu posterior trabalho para parar a propaga\u00e7\u00e3o das <a href=\"http:\/\/bit.ly\/1fQqGHL\" target=\"_blank\" rel=\"noopener\">mil\u00edcias<\/a> no Rio o levou a ser a fonte de inspira\u00e7\u00e3o do her\u00f3i do filme <a href=\"http:\/\/bit.ly\/2e0CvVK\" target=\"_blank\" rel=\"noopener\">Tropa de Elite: O Inimigo Agora \u00e9 Outro<\/a>, o filme de maior bilheteria que o Brasil j\u00e1 teve. Freixo passou a trabalhar formalmente na Alerj como assistente do ent\u00e3o deputado Chico Alencar em 1999 como coordenador da <a href=\"http:\/\/bit.ly\/2cYeoGh\" target=\"_blank\" rel=\"noopener\">Comiss\u00e3o de Direitos Humanos da Alerj<\/a>. Freixo, em seguida, concorreu e foi eleito deputado estadual em 2006, com a maioria dos votos do seu partido, e foi re-eleito duas vezes nas elei\u00e7\u00f5es de 2010 e 2014. Em 2014 ele foi o deputado estadual mais votado do Brasil.<\/p>\n<p>Suas realiza\u00e7\u00f5es mais conhecidas t\u00eam sido a <a href=\"http:\/\/bit.ly\/2eciGO9\" target=\"_blank\" rel=\"noopener\">condu\u00e7\u00e3o do inqu\u00e9rito parlamentar (CPI) de 2008<\/a> sobre as rela\u00e7\u00f5es entre o governo do Rio e a mil\u00edcia, e uma investiga\u00e7\u00e3o em 2011 sobre tr\u00e1fico de armas no estado, juntamente com o seu longo per\u00edodo como presidente\u00a0da Comiss\u00e3o de Direitos Humanos da Alerj (desde 2009). Sua dedica\u00e7\u00e3o e associa\u00e7\u00e3o com estes <a href=\"http:\/\/bit.ly\/2dKGkPl\" target=\"_blank\" rel=\"noopener\">temas sens\u00edveis de direitos humanos<\/a> t\u00eam imposto situa\u00e7\u00f5es pesadas sobre sua vida pessoal em v\u00e1rias ocasi\u00f5es: <a href=\"http:\/\/bit.ly\/2dSNf8N\" target=\"_blank\" rel=\"noopener\">Freixo foi for\u00e7ado a deixar o Brasil<\/a>\u00a0duas vezes devido \u00e0s amea\u00e7as de morte.<\/p>\n<p><a href=\"http:\/\/rioonwatch.org.br\/wp-content\/uploads\/2016\/10\/IMG_20161012_175711.jpg\"><img fetchpriority=\"high\" decoding=\"async\" class=\"aligncenter wp-image-23246 size-content\" title=\"Cerca de 600 apoiadores compareceram no com\u00edcio de Freixo em Madureira, em 12 de outubro de 2016.\" src=\"http:\/\/rioonwatch.org.br\/wp-content\/uploads\/2016\/10\/IMG_20161012_175711-620x264.jpg\" alt=\"img_20161012_175711\" width=\"620\" height=\"264\" srcset=\"https:\/\/rioonwatch.org.br\/wp-content\/uploads\/2016\/10\/IMG_20161012_175711-620x264.jpg 620w, https:\/\/rioonwatch.org.br\/wp-content\/uploads\/2016\/10\/IMG_20161012_175711-940x400.jpg 940w\" sizes=\"(max-width: 620px) 100vw, 620px\" \/><\/a><\/p>\n<p>A <a href=\"http:\/\/glo.bo\/2dDO6d8\" target=\"_blank\" rel=\"noopener\">an\u00e1lise mais recente dos eleitores feita pela Datafolha<\/a> mostra Freixo mais popular entre os jovens da cidade, com os cidad\u00e3os que t\u00eam n\u00edveis geralmente mais elevados de educa\u00e7\u00e3o, e com fam\u00edlias que t\u00eam uma renda mensal mais alta. Isso pode ser explicado por <a href=\"http:\/\/bit.ly\/2ergmAu\" target=\"_blank\" rel=\"noopener\">dados que mostram<\/a>\u00a0que os crist\u00e3os evang\u00e9licos, a fortaleza de Crivella, est\u00e3o entre aqueles com n\u00edveis mais baixos de educa\u00e7\u00e3o e riqueza. A campanha de Freixo foi <a href=\"http:\/\/glo.bo\/2cKDVUF\" target=\"_blank\" rel=\"noopener\">financiada exclusivamente por pequenas doa\u00e7\u00f5es<\/a>, e atraiu o apoio de <a href=\"http:\/\/glo.bo\/2d57gd8\" target=\"_blank\" rel=\"noopener\">figuras culturais, como Chico Buarque, Caetano Veloso<\/a> e <a href=\"http:\/\/glo.bo\/2eIzWXB\" target=\"_blank\" rel=\"noopener\">Paulinho da Viola<\/a>. Ele \u00e9 altamente <a href=\"http:\/\/bit.ly\/29Lqyja\" target=\"_blank\" rel=\"noopener\">cr\u00edtico dos investimentos Ol\u00edmpicos na cidade<\/a>. Freixo assinou a plataforma <a href=\"http:\/\/bit.ly\/2afK7AJ\" target=\"_blank\" rel=\"noopener\">#Rio2017<\/a>\u00a0da sociedade civil.<\/p>\n<p>Freixo e o PSOL t\u00eam trabalhado para garantir o seu compromisso com a demografia mais ampla da cidade, <a href=\"http:\/\/bit.ly\/2eOPYP6\" target=\"_blank\" rel=\"noopener\">realizando grandes com\u00edcios regulares em toda a cidade<\/a>, com foco em uma variedade de temas como a promo\u00e7\u00e3o do <a href=\"http:\/\/bit.ly\/2dGc1FE\" target=\"_blank\" rel=\"noopener\">di\u00e1logo inter-religioso<\/a> e o fortalecimento das <a href=\"http:\/\/bit.ly\/2dTkGYH\" target=\"_blank\" rel=\"noopener\">vozes das mulheres<\/a>, e tamb\u00e9m com a realiza\u00e7\u00e3o de reuni\u00f5es\u00a0<a href=\"http:\/\/bit.ly\/2dSRiBS\" target=\"_blank\" rel=\"noopener\">di\u00e1rias<\/a> em bairros da Zona Norte como Madureira, e da Zona Oeste como <a href=\"http:\/\/bit.ly\/2dFsHC1\" target=\"_blank\" rel=\"noopener\">Sepetiba e Guaratiba<\/a>. Nos \u00faltimos dois anos, Freixo e o PSOL realizaram um grande processo de 18 meses de consulta p\u00fablica com aproximadamente 5000 participantes em 70 localidades, <a href=\"http:\/\/bit.ly\/1G8OwCn\" target=\"_blank\" rel=\"noopener\">incluindo favelas<\/a>, chamado &#8220;<a href=\"http:\/\/bit.ly\/1KOXWoc\" target=\"_blank\" rel=\"noopener\">Se a Cidade Fosse Nossa<\/a>&#8220;. A <a href=\"http:\/\/bit.ly\/2e7rUpu\" target=\"_blank\" rel=\"noopener\">plataforma de governo<\/a>\u00a0do Freixo, bem como outras pol\u00edticas do PSOL, t\u00eam sido\u00a0amplamente informadas por este processo, <a href=\"http:\/\/glo.bo\/2fcgJQC\" target=\"_blank\" rel=\"noopener\">combinado com consultas aos maiores especialistas t\u00e9cnicos<\/a>, mesmo <a href=\"http:\/\/bit.ly\/2eBrjjC\" target=\"_blank\" rel=\"noopener\">para al\u00e9m do PSOL<\/a>. Freixo expressou <a href=\"http:\/\/bit.ly\/2e7ijPL\" target=\"_blank\" rel=\"noopener\">seu compromisso<\/a> de romper com a <a href=\"http:\/\/bit.ly\/2cZ6UAh\" target=\"_blank\" rel=\"noopener\">politicagem tradicional brasileira<\/a>, nomeando os melhores t\u00e9cnicos, independentemente de partido, para administrar a cidade. Deputados federais do PSOL s\u00e3o <a href=\"http:\/\/glo.bo\/2daxxCS\" target=\"_blank\" rel=\"noopener\">rotineiramente<\/a> reconhecidos por jornalistas que cobrem Bras\u00edlia\u00a0<a href=\"http:\/\/bit.ly\/2dFTDfZ\" target=\"_blank\" rel=\"noopener\">como os mais limpos do pa\u00eds<\/a>.<\/p>\n<p>Sem entrar profundamente na <a href=\"http:\/\/bit.ly\/2ernw7O\" target=\"_blank\" rel=\"noopener\">plataforma pol\u00edtica de 70 p\u00e1ginas<\/a> que a equipe de Freixo elaborou, abaixo descrevemos algumas propostas fundamentais:<\/p>\n<p><a href=\"http:\/\/rioonwatch.org.br\/wp-content\/uploads\/2016\/10\/14615785_1333463090027277_7775405790410640742_o.jpg\"><img decoding=\"async\" class=\"aligncenter wp-image-23247 size-content\" title=\"Um militante volunt\u00e1rio da campanha de Freixo distribui adesivos no Centro do Rio.\" src=\"http:\/\/rioonwatch.org.br\/wp-content\/uploads\/2016\/10\/14615785_1333463090027277_7775405790410640742_o-620x264.jpg\" alt=\"14615785_1333463090027277_7775405790410640742_o\" width=\"620\" height=\"264\" srcset=\"https:\/\/rioonwatch.org.br\/wp-content\/uploads\/2016\/10\/14615785_1333463090027277_7775405790410640742_o-620x264.jpg 620w, https:\/\/rioonwatch.org.br\/wp-content\/uploads\/2016\/10\/14615785_1333463090027277_7775405790410640742_o-940x400.jpg 940w\" sizes=\"(max-width: 620px) 100vw, 620px\" \/><\/a><\/p>\n<h3>Propostas de pol\u00edticas<\/h3>\n<p>A <a href=\"http:\/\/bit.ly\/1kzUmMv\" target=\"_blank\" rel=\"noopener\">sa\u00fade p\u00fablica<\/a> \u00e9 um tema de preocupa\u00e7\u00e3o para os moradores do Rio, pois d\u00e9ficits or\u00e7ament\u00e1rios recentes deixaram o setor no limbo, e reportagens durante os Jogos Ol\u00edmpicos <a href=\"http:\/\/cnn.it\/2exq4y2\" target=\"_blank\" rel=\"noopener\">descobriram uma disparidade gritante<\/a> no padr\u00e3o de atendimento dispon\u00edvel em hospitais p\u00fablicos e privados. <a href=\"http:\/\/bit.ly\/2ersXE3\" target=\"_blank\" rel=\"noopener\">Freixo prop\u00f5e<\/a> a reforma do sistema de sa\u00fade municipal, com: a elimina\u00e7\u00e3o da organiza\u00e7\u00e3o privada que gere atualmente as unidades de emerg\u00eancia da cidade, o fortalecimento dos direitos e a inser\u00e7\u00e3o dos trabalhadores de sa\u00fade na pol\u00edtica de sa\u00fade, o aumento ao acesso aos medicamentos atrav\u00e9s do sistema de sa\u00fade p\u00fablica, o fortalecimento das cl\u00ednicas comunit\u00e1rias e o acesso a m\u00e9dicos e tratamento para a sa\u00fade mental, com \u00eanfase nos desfavorecidos das zonas Norte e Oeste.<\/p>\n<p>Os <a href=\"http:\/\/bit.ly\/2dFBNyx\" target=\"_blank\" rel=\"noopener\">planos de saneamento e ambientais<\/a> de Freixo concentram-se na redu\u00e7\u00e3o de gases poluentes ao promover a energia limpa e renov\u00e1vel, a implementa\u00e7\u00e3o de uma pol\u00edtica de Lixo Zero com foco na redu\u00e7\u00e3o e reciclagem de res\u00edduos, limpeza dos corpos de \u00e1gua da cidade, incluindo suas ba\u00edas e <a href=\"http:\/\/bit.ly\/1RiZS9W\" target=\"_blank\" rel=\"noopener\">planta\u00e7\u00e3o de \u00e1rvores nas desassistidas zonas Norte e Oeste da cidade<\/a>. Para administrar melhorias no saneamento ele ir\u00e1 criar uma empresa p\u00fablica e uma Secretaria Municipal de Saneamento Ambiental; e vai juntar a companhia municipal de gerenciamento de res\u00edduos <a href=\"http:\/\/bit.ly\/1ihqaYB\" target=\"_blank\" rel=\"noopener\">Comlurb<\/a> com o departamento municipal Rio \u00c1guas para trabalhar com os \u00f3rg\u00e3os ambientais e de saneamento existentes da cidade.<\/p>\n<p>As <a href=\"http:\/\/bit.ly\/2e7sQu0\" target=\"_blank\" rel=\"noopener\">propostas de transporte<\/a> incluem a revis\u00e3o de recentes altera\u00e7\u00f5es <a href=\"http:\/\/bit.ly\/1PHlaNC\" target=\"_blank\" rel=\"noopener\">controversas e excludentes nas linhas de \u00f4nibus do Rio<\/a>, auditoria das concess\u00f5es de linhas de \u00f4nibus da cidade, redu\u00e7\u00e3o das tarifas, expans\u00e3o das ciclovias da cidade com esta\u00e7\u00f5es de bicicletas em todos os metr\u00f4s e BRT e a implementa\u00e7\u00e3o de tarifa zero em linhas de \u00f4nibus nas \u00e1reas mais pobres da cidade.<\/p>\n<p><a href=\"http:\/\/rioonwatch.org.br\/wp-content\/uploads\/2016\/10\/Freixo-and-Luciana-drew-a-huge-crowd-in-Lapa-on-the-night-of-the-first-round-of-the-2016-elections.jpg\"><img loading=\"lazy\" decoding=\"async\" class=\"aligncenter wp-image-23248 size-content\" title=\"Freixo atraiu uma enorme multid\u00e3o na Lapa, na noite do dia de vota\u00e7\u00e3o do primeiro turno das elei\u00e7\u00f5es de 2016\" src=\"http:\/\/rioonwatch.org.br\/wp-content\/uploads\/2016\/10\/Freixo-and-Luciana-drew-a-huge-crowd-in-Lapa-on-the-night-of-the-first-round-of-the-2016-elections-620x264.jpg\" alt=\"freixo-and-luciana-drew-a-huge-crowd-in-lapa-on-the-night-of-the-first-round-of-the-2016-elections\" width=\"620\" height=\"264\" srcset=\"https:\/\/rioonwatch.org.br\/wp-content\/uploads\/2016\/10\/Freixo-and-Luciana-drew-a-huge-crowd-in-Lapa-on-the-night-of-the-first-round-of-the-2016-elections-620x264.jpg 620w, https:\/\/rioonwatch.org.br\/wp-content\/uploads\/2016\/10\/Freixo-and-Luciana-drew-a-huge-crowd-in-Lapa-on-the-night-of-the-first-round-of-the-2016-elections-940x400.jpg 940w\" sizes=\"(max-width: 620px) 100vw, 620px\" \/><\/a><\/p>\n<p>Sendo ele pr\u00f3prio um educador, Freixo se concentra muitas vezes nas melhorias que ele vai fazer para a educa\u00e7\u00e3o uma vez eleito, sua primeira palavra de ordem. O centro de suas <a href=\"http:\/\/bit.ly\/2eBAmkw\" target=\"_blank\" rel=\"noopener\">propostas de educa\u00e7\u00e3o<\/a> giram em torno de capacitar professores e educadores&#8211;que inclui qualquer um que trabalha em uma escola p\u00fablica e interage com os alunos&#8211;melhorando as <a href=\"http:\/\/bit.ly\/2dQJO4t\" target=\"_blank\" rel=\"noopener\">condi\u00e7\u00f5es de trabalho<\/a>, incluindo possibilidades de perspectivas mais fortes no plano de carreira e nos sal\u00e1rios, e garantindo-lhes maior controle sobre o curr\u00edculo. Esporte, arte e cultura ser\u00e3o integrados no curr\u00edculo, e os pap\u00e9is dos pais em suas escolas locais ser\u00e3o refor\u00e7ados, de acordo com Freixo. Ele tamb\u00e9m planeja aumentar o n\u00famero de creches em toda a cidade, expandir a educa\u00e7\u00e3o especial e garantir refei\u00e7\u00f5es livres de agrot\u00f3xicos.<\/p>\n<p>A seguran\u00e7a p\u00fablica \u00e9 uma preocupa\u00e7\u00e3o fundamental para os moradores do Rio, com <a href=\"http:\/\/glo.bo\/2dPLPsq\" target=\"_blank\" rel=\"noopener\">o crescente n\u00famero de incidentes violentos na cidade p\u00f3s-Ol\u00edmpica<\/a>. &#8220;Se formos eleitos, vamos continuar falando sobre seguran\u00e7a&#8221;, Freixo prometeu \u00e0 multid\u00e3o em 12 de outubro. Ele enfatizou a crescente participa\u00e7\u00e3o nos debates sobre seguran\u00e7a p\u00fablica como a chave para a sua lideran\u00e7a sobre a quest\u00e3o. &#8220;Especialmente para aqueles de voc\u00eas que vivem na periferia, porque um governo que garante os direitos \u00e9 um governo que garante a liberdade&#8221;. Embora a seguran\u00e7a seja uma responsabilidade do estado, e n\u00e3o da prefeitura, propostas para melhorar a <a href=\"http:\/\/bit.ly\/1ikC58E\" target=\"_blank\" rel=\"noopener\">seguran\u00e7a<\/a> est\u00e3o entre o foco de Freixo. Ele enfatiza a necessidade de <a href=\"http:\/\/glo.bo\/2fcgJQC\" target=\"_blank\" rel=\"noopener\">coleta de dados de alto n\u00edvel<\/a> em torno de crime em toda a cidade e respostas adaptadas com base na din\u00e2mica dos bairros. Outras <a href=\"http:\/\/bit.ly\/2f4JHCO\" target=\"_blank\" rel=\"noopener\">propostas incluem<\/a> a cria\u00e7\u00e3o de centros de media\u00e7\u00e3o para ajudar a resolver conflitos urbanos em cada uma das regi\u00f5es administrativas da cidade, e incentivo aos esportes, artes e iniciativas de lazer para ocupar formalmente <a href=\"http:\/\/bit.ly\/1jZVyaS\" target=\"_blank\" rel=\"noopener\">espa\u00e7os p\u00fablicos<\/a>\u00a0tornando as <a href=\"http:\/\/bit.ly\/2fjTtjI\" target=\"_blank\" rel=\"noopener\">ruas mais movimentadas e, portanto, mais seguras<\/a>. Mais ilumina\u00e7\u00e3o p\u00fablica e a retirada de certas cercas em torno de espa\u00e7os p\u00fablicos est\u00e1 entre as propostas, e tamb\u00e9m est\u00e1 projetado um novo plano operacional para a <a href=\"http:\/\/bit.ly\/1lsMZxQ\" target=\"_blank\" rel=\"noopener\">Guarda Municipal<\/a> do Rio de Janeiro.<\/p>\n<p><a href=\"http:\/\/bit.ly\/2dFGKaO\" target=\"_blank\" rel=\"noopener\">No que diz respeito \u00e0 habita\u00e7\u00e3o, Freixo prop\u00f5e<\/a> a cria\u00e7\u00e3o de novas habita\u00e7\u00f5es p\u00fablicas para beneficiar os mais pobres, entre os moradores da cidade, que vivem com at\u00e9 tr\u00eas sal\u00e1rios m\u00ednimos por m\u00eas; redirecionar edif\u00edcios p\u00fablicos abandonados para a habita\u00e7\u00e3o p\u00fablica; aplicar a lei federal para reduzir o n\u00famero de edif\u00edcios privados subutilizados na cidade e, assim, reduzir os alugu\u00e9is de maneira geral; investir em infraestrutura e servi\u00e7os p\u00fablicos nas regi\u00f5es desfavorecidas da cidade onde habita\u00e7\u00f5es p\u00fablicas foram constru\u00eddas nos \u00faltimos anos; e direcionar programas p\u00fablicos de habita\u00e7\u00e3o para as zonas centrais da cidade como o Porto.<\/p>\n<p><a href=\"http:\/\/rioonwatch.org.br\/wp-content\/uploads\/2016\/10\/14494635_1320860137954239_2386322425035235810_n.jpg\"><img loading=\"lazy\" decoding=\"async\" class=\"aligncenter wp-image-23250 size-content\" title=\"Freixo posa para selfies com membros do p\u00fablico em Madureira.\" src=\"http:\/\/rioonwatch.org.br\/wp-content\/uploads\/2016\/10\/14494635_1320860137954239_2386322425035235810_n-620x264.jpg\" alt=\"14494635_1320860137954239_2386322425035235810_n\" width=\"620\" height=\"264\" srcset=\"https:\/\/rioonwatch.org.br\/wp-content\/uploads\/2016\/10\/14494635_1320860137954239_2386322425035235810_n-620x264.jpg 620w, https:\/\/rioonwatch.org.br\/wp-content\/uploads\/2016\/10\/14494635_1320860137954239_2386322425035235810_n-940x400.jpg 940w\" sizes=\"(max-width: 620px) 100vw, 620px\" \/><\/a><\/p>\n<h3>Propostas para favelas<\/h3>\n<p>Especificamente <a href=\"http:\/\/bit.ly\/2eJhYU8\" target=\"_blank\" rel=\"noopener\">em rela\u00e7\u00e3o \u00e0s favelas da cidade<\/a>, Freixo promete acabar com as <a href=\"http:\/\/bit.ly\/X51Qvb\" target=\"_blank\" rel=\"noopener\">remo\u00e7\u00f5es<\/a> e promover a <a href=\"http:\/\/bit.ly\/1rHP7BG\" target=\"_blank\" rel=\"noopener\">posse da terra<\/a>, investir na qualidade dos servi\u00e7os municipais especialmente nas favelas das Zonas Norte e Oeste, e tamb\u00e9m lutar contra a <a href=\"http:\/\/bit.ly\/184FqS4\" target=\"_blank\" rel=\"noopener\">gentrifica\u00e7\u00e3o<\/a> e promover a densifica\u00e7\u00e3o moderada atrav\u00e9s do programa de <a href=\"http:\/\/bit.ly\/1iB5BXF\" target=\"_blank\" rel=\"noopener\">Postos de Orienta\u00e7\u00e3o Urban\u00edstica e Social (POUSOs)<\/a>. Ele planeja implementar a melhoria das opera\u00e7\u00f5es de recolhimento de lixo e limpeza de ruas. Favelas seriam incentivadas a criar e promover hospedagem no estilo cama e caf\u00e9, ajudando essas \u00e1reas a se beneficiar do impacto econ\u00f4mico do <a href=\"http:\/\/bit.ly\/18lJFqY\" target=\"_blank\" rel=\"noopener\">turismo<\/a>, da mesma forma como outras partes do Rio. Al\u00e9m disso, v\u00e1rias outras propostas de Freixo para desenvolver toda a cidade come\u00e7ariam com favelas e \u00e1reas de baixa renda, como a\u00e7\u00f5es afirmativas de pol\u00edticas de local de trabalho e acesso \u00e0 internet de alta velocidade livre.<\/p>\n<h4>O terceiro e \u00faltimo debate para a prefeitura do Rio ser\u00e1 realizado na TV Globo essa noite,\u00a0sexta-feira, 28 de outubro, a partir das 22:30 horas. A rede da sociedade civil <a href=\"http:\/\/bit.ly\/2dGeJLb\">Meu Rio estar\u00e1 fazendo a verifica\u00e7\u00e3o dos fatos ao vivo<\/a>. A elei\u00e7\u00e3o ser\u00e1 realizada neste domingo, 30 de outubro.<\/h4>\n<h4>Leia o nosso perfil de Marcelo Crivella <a href=\"http:\/\/bit.ly\/2eJymns\" target=\"_blank\" rel=\"noopener\">aqui<\/a>.<\/h4>\n<h4>Para assistir v\u00eddeos de debates deste ano entre Freixo e Crivella, <a href=\"http:\/\/bit.ly\/2eroqDK\" target=\"_blank\" rel=\"noopener\">clique aqui<\/a> ou assista abaixo:<\/h4>\n<p><iframe src=\"https:\/\/www.youtube.com\/embed\/EOUv-SZbG3o?list=PLA9xC_xNGPz6i_uIdwG3aS9X4CBVzAMig\" width=\"620\" height=\"349\" frameborder=\"0\" allowfullscreen=\"allowfullscreen\"><\/iframe><\/p>\n<!-- AddThis Advanced Settings generic via filter on the_content --><!-- AddThis Share Buttons generic via filter on the_content -->","protected":false},"excerpt":{"rendered":"<div class=\"mh-excerpt\"><p>Click Here for English &#8220;Eu n\u00e3o quero cuidar das pessoas, eu quero governar com as pessoas!&#8221;, disse Marcelo Freixo\u00a0radiante, recentemente, para uma multid\u00e3o em um com\u00edcio de apoio a sua candidatura na Zona Norte do <a class=\"mh-excerpt-more\" href=\"https:\/\/rioonwatch.org.br\/?p=23227\" title=\"Marcelo Freixo, Candidato Socialista a Prefeito do Rio de Janeiro [PERFIL]\">[&#8230;]<\/a><!-- AddThis Advanced Settings generic via filter on get_the_excerpt --><!-- AddThis Share Buttons generic via filter on get_the_excerpt --><\/p>\n<\/div>","protected":false},"author":129,"featured_media":23239,"comment_status":"closed","ping_status":"closed","sticky":false,"template":"","format":"standard","meta":{"_acf_changed":false,"_monsterinsights_skip_tracking":false,"_monsterinsights_sitenote_active":false,"_monsterinsights_sitenote_note":"","_monsterinsights_sitenote_category":0,"footnotes":""},"categories":[1618,1621,1629,1626,1612],"tags":[1853,479,316,1975,457,811,1554,1173,360,483,1240,482,1037,78,304,838,1989,1840,492,294,279,672,578,305,764,1153],"writer":[1797],"translator":[1971],"source":[],"ilustrador":[],"fotografo":[],"class_list":{"0":"post-23227","1":"post","2":"type-post","3":"status-publish","4":"format-standard","5":"has-post-thumbnail","7":"category-olhonaparticipacao","8":"category-destaque","9":"category-entrevistas-e-perfis","10":"category-por-observadores-internacionais","11":"category-sociedade-civil","12":"tag-ciclovia","13":"tag-democracia","14":"tag-educacao","15":"tag-eleicao-municipal-2016","16":"tag-eleicoes","17":"tag-espaco-publico","18":"tag-gestao-de-residuos","19":"tag-guarda-municipal","20":"tag-lixo","21":"tag-marcelo-freixo","22":"tag-megaeventos","23":"tag-milicia","24":"tag-moradia","25":"tag-olimpiadas","26":"tag-participacao","27":"tag-politica-publica","28":"tag-psol","29":"tag-pt","30":"tag-saneamento","31":"tag-saude","32":"tag-seguranca","33":"tag-seguranca-publica","34":"tag-trabalho-e-renda","35":"tag-transparencia","36":"tag-transporte","37":"tag-uso-de-bicicleta","38":"writer-ciara-long","39":"translator-geovanna-giannini"},"acf":[],"yoast_head":"<!-- This site is optimized with the Yoast SEO plugin v25.6 - https:\/\/yoast.com\/wordpress\/plugins\/seo\/ -->\n<title>Marcelo Freixo, Candidato Socialista a Prefeito do Rio de Janeiro [PERFIL] - RioOnWatch<\/title>\n<meta name=\"robots\" content=\"index, follow, max-snippet:-1, max-image-preview:large, max-video-preview:-1\" \/>\n<link rel=\"canonical\" href=\"https:\/\/rioonwatch.org.br\/?p=23227\" \/>\n<meta property=\"og:locale\" content=\"pt_BR\" \/>\n<meta property=\"og:type\" content=\"article\" \/>\n<meta property=\"og:title\" content=\"Marcelo Freixo, Candidato Socialista a Prefeito do Rio de Janeiro [PERFIL] - RioOnWatch\" \/>\n<meta property=\"og:description\" content=\"Click Here for English &#8220;Eu n\u00e3o quero cuidar das pessoas, eu quero governar com as pessoas!&#8221;, disse Marcelo Freixo\u00a0radiante, recentemente, para uma multid\u00e3o em um com\u00edcio de apoio a sua candidatura na Zona Norte do [...]\" \/>\n<meta property=\"og:url\" content=\"https:\/\/rioonwatch.org.br\/?p=23227\" \/>\n<meta property=\"og:site_name\" content=\"RioOnWatch\" \/>\n<meta property=\"article:published_time\" content=\"2016-10-28T12:25:40+00:00\" \/>\n<meta property=\"article:modified_time\" content=\"2024-06-20T19:25:17+00:00\" \/>\n<meta property=\"og:image\" content=\"https:\/\/rioonwatch.org.br\/wp-content\/uploads\/2016\/10\/14560093_1315937081779878_266791696617609997_o.jpg\" \/>\n\t<meta property=\"og:image:width\" content=\"2048\" \/>\n\t<meta property=\"og:image:height\" content=\"1365\" \/>\n\t<meta property=\"og:image:type\" content=\"image\/jpeg\" \/>\n<meta name=\"author\" content=\"Admin\" \/>\n<meta name=\"twitter:card\" content=\"summary_large_image\" \/>\n<meta name=\"twitter:label1\" content=\"Escrito por\" \/>\n\t<meta name=\"twitter:data1\" content=\"Admin\" \/>\n\t<meta name=\"twitter:label2\" content=\"Est. tempo de leitura\" \/>\n\t<meta name=\"twitter:data2\" content=\"9 minutos\" \/>\n<script type=\"application\/ld+json\" class=\"yoast-schema-graph\">{\"@context\":\"https:\/\/schema.org\",\"@graph\":[{\"@type\":\"Article\",\"@id\":\"https:\/\/rioonwatch.org.br\/?p=23227#article\",\"isPartOf\":{\"@id\":\"https:\/\/rioonwatch.org.br\/?p=23227\"},\"author\":{\"name\":\"Admin\",\"@id\":\"https:\/\/rioonwatch.org.br\/#\/schema\/person\/11d64c290506f9df50c71b850c473f68\"},\"headline\":\"Marcelo Freixo, Candidato Socialista a Prefeito do Rio de Janeiro [PERFIL]\",\"datePublished\":\"2016-10-28T12:25:40+00:00\",\"dateModified\":\"2024-06-20T19:25:17+00:00\",\"mainEntityOfPage\":{\"@id\":\"https:\/\/rioonwatch.org.br\/?p=23227\"},\"wordCount\":1879,\"publisher\":{\"@id\":\"https:\/\/rioonwatch.org.br\/#organization\"},\"image\":{\"@id\":\"https:\/\/rioonwatch.org.br\/?p=23227#primaryimage\"},\"thumbnailUrl\":\"https:\/\/rioonwatch.org.br\/wp-content\/uploads\/2016\/10\/14560093_1315937081779878_266791696617609997_o.jpg\",\"keywords\":[\"ciclovia\",\"Democracia\",\"educa\u00e7\u00e3o\",\"elei\u00e7\u00e3o municipal 2016\",\"Elei\u00e7\u00f5es\",\"espa\u00e7o p\u00fablico\",\"gest\u00e3o de res\u00edduos\",\"Guarda Municipal\",\"lixo\",\"Marcelo Freixo\",\"Megaeventos\",\"Mil\u00edcia\",\"moradia\",\"Olimp\u00edadas\",\"participa\u00e7\u00e3o\",\"pol\u00edtica p\u00fablica\",\"PSOL\",\"PT\",\"saneamento\",\"sa\u00fade\",\"seguran\u00e7a\",\"seguran\u00e7a p\u00fablica\",\"Trabalho e renda\",\"transpar\u00eancia\",\"transporte\",\"uso de bicicleta\"],\"articleSection\":[\"#OlhoNaParticipa\u00e7\u00e3o\",\"*Destaque\",\"Entrevistas e Perfis\",\"Escrito por Aliados\",\"Sociedade Civil\"],\"inLanguage\":\"pt-BR\"},{\"@type\":\"WebPage\",\"@id\":\"https:\/\/rioonwatch.org.br\/?p=23227\",\"url\":\"https:\/\/rioonwatch.org.br\/?p=23227\",\"name\":\"Marcelo Freixo, Candidato Socialista a Prefeito do Rio de Janeiro [PERFIL] - RioOnWatch\",\"isPartOf\":{\"@id\":\"https:\/\/rioonwatch.org.br\/#website\"},\"primaryImageOfPage\":{\"@id\":\"https:\/\/rioonwatch.org.br\/?p=23227#primaryimage\"},\"image\":{\"@id\":\"https:\/\/rioonwatch.org.br\/?p=23227#primaryimage\"},\"thumbnailUrl\":\"https:\/\/rioonwatch.org.br\/wp-content\/uploads\/2016\/10\/14560093_1315937081779878_266791696617609997_o.jpg\",\"datePublished\":\"2016-10-28T12:25:40+00:00\",\"dateModified\":\"2024-06-20T19:25:17+00:00\",\"breadcrumb\":{\"@id\":\"https:\/\/rioonwatch.org.br\/?p=23227#breadcrumb\"},\"inLanguage\":\"pt-BR\",\"potentialAction\":[{\"@type\":\"ReadAction\",\"target\":[\"https:\/\/rioonwatch.org.br\/?p=23227\"]}]},{\"@type\":\"ImageObject\",\"inLanguage\":\"pt-BR\",\"@id\":\"https:\/\/rioonwatch.org.br\/?p=23227#primaryimage\",\"url\":\"https:\/\/rioonwatch.org.br\/wp-content\/uploads\/2016\/10\/14560093_1315937081779878_266791696617609997_o.jpg\",\"contentUrl\":\"https:\/\/rioonwatch.org.br\/wp-content\/uploads\/2016\/10\/14560093_1315937081779878_266791696617609997_o.jpg\",\"width\":2048,\"height\":1365},{\"@type\":\"BreadcrumbList\",\"@id\":\"https:\/\/rioonwatch.org.br\/?p=23227#breadcrumb\",\"itemListElement\":[{\"@type\":\"ListItem\",\"position\":1,\"name\":\"In\u00edcio\",\"item\":\"https:\/\/rioonwatch.org.br\/\"},{\"@type\":\"ListItem\",\"position\":2,\"name\":\"Marcelo Freixo, Candidato Socialista a Prefeito do Rio de Janeiro [PERFIL]\"}]},{\"@type\":\"WebSite\",\"@id\":\"https:\/\/rioonwatch.org.br\/#website\",\"url\":\"https:\/\/rioonwatch.org.br\/\",\"name\":\"RioOnWatch\",\"description\":\"relatos das favelas cariocas\",\"publisher\":{\"@id\":\"https:\/\/rioonwatch.org.br\/#organization\"},\"potentialAction\":[{\"@type\":\"SearchAction\",\"target\":{\"@type\":\"EntryPoint\",\"urlTemplate\":\"https:\/\/rioonwatch.org.br\/?s={search_term_string}\"},\"query-input\":{\"@type\":\"PropertyValueSpecification\",\"valueRequired\":true,\"valueName\":\"search_term_string\"}}],\"inLanguage\":\"pt-BR\"},{\"@type\":\"Organization\",\"@id\":\"https:\/\/rioonwatch.org.br\/#organization\",\"name\":\"RioOnWatch\",\"url\":\"https:\/\/rioonwatch.org.br\/\",\"logo\":{\"@type\":\"ImageObject\",\"inLanguage\":\"pt-BR\",\"@id\":\"https:\/\/rioonwatch.org.br\/#\/schema\/logo\/image\/\",\"url\":\"https:\/\/rioonwatch.org.br\/wp-content\/uploads\/2021\/06\/RioOnWatchcabecalhoPT11anos-2.png\",\"contentUrl\":\"https:\/\/rioonwatch.org.br\/wp-content\/uploads\/2021\/06\/RioOnWatchcabecalhoPT11anos-2.png\",\"width\":779,\"height\":277,\"caption\":\"RioOnWatch\"},\"image\":{\"@id\":\"https:\/\/rioonwatch.org.br\/#\/schema\/logo\/image\/\"}},{\"@type\":\"Person\",\"@id\":\"https:\/\/rioonwatch.org.br\/#\/schema\/person\/11d64c290506f9df50c71b850c473f68\",\"name\":\"Admin\",\"image\":{\"@type\":\"ImageObject\",\"inLanguage\":\"pt-BR\",\"@id\":\"https:\/\/rioonwatch.org.br\/#\/schema\/person\/image\/\",\"url\":\"https:\/\/secure.gravatar.com\/avatar\/56211ac74568383903349a1485e3c325?s=96&d=blank&r=g\",\"contentUrl\":\"https:\/\/secure.gravatar.com\/avatar\/56211ac74568383903349a1485e3c325?s=96&d=blank&r=g\",\"caption\":\"Admin\"},\"url\":\"https:\/\/rioonwatch.org.br\/?author=129\"}]}<\/script>\n<!-- \/ Yoast SEO plugin. -->","yoast_head_json":{"title":"Marcelo Freixo, Candidato Socialista a Prefeito do Rio de Janeiro [PERFIL] - RioOnWatch","robots":{"index":"index","follow":"follow","max-snippet":"max-snippet:-1","max-image-preview":"max-image-preview:large","max-video-preview":"max-video-preview:-1"},"canonical":"https:\/\/rioonwatch.org.br\/?p=23227","og_locale":"pt_BR","og_type":"article","og_title":"Marcelo Freixo, Candidato Socialista a Prefeito do Rio de Janeiro [PERFIL] - RioOnWatch","og_description":"Click Here for English &#8220;Eu n\u00e3o quero cuidar das pessoas, eu quero governar com as pessoas!&#8221;, disse Marcelo Freixo\u00a0radiante, recentemente, para uma multid\u00e3o em um com\u00edcio de apoio a sua candidatura na Zona Norte do [...]","og_url":"https:\/\/rioonwatch.org.br\/?p=23227","og_site_name":"RioOnWatch","article_published_time":"2016-10-28T12:25:40+00:00","article_modified_time":"2024-06-20T19:25:17+00:00","og_image":[{"width":2048,"height":1365,"url":"https:\/\/rioonwatch.org.br\/wp-content\/uploads\/2016\/10\/14560093_1315937081779878_266791696617609997_o.jpg","type":"image\/jpeg"}],"author":"Admin","twitter_card":"summary_large_image","twitter_misc":{"Escrito por":"Admin","Est. tempo de leitura":"9 minutos"},"schema":{"@context":"https:\/\/schema.org","@graph":[{"@type":"Article","@id":"https:\/\/rioonwatch.org.br\/?p=23227#article","isPartOf":{"@id":"https:\/\/rioonwatch.org.br\/?p=23227"},"author":{"name":"Admin","@id":"https:\/\/rioonwatch.org.br\/#\/schema\/person\/11d64c290506f9df50c71b850c473f68"},"headline":"Marcelo Freixo, Candidato Socialista a Prefeito do Rio de Janeiro [PERFIL]","datePublished":"2016-10-28T12:25:40+00:00","dateModified":"2024-06-20T19:25:17+00:00","mainEntityOfPage":{"@id":"https:\/\/rioonwatch.org.br\/?p=23227"},"wordCount":1879,"publisher":{"@id":"https:\/\/rioonwatch.org.br\/#organization"},"image":{"@id":"https:\/\/rioonwatch.org.br\/?p=23227#primaryimage"},"thumbnailUrl":"https:\/\/rioonwatch.org.br\/wp-content\/uploads\/2016\/10\/14560093_1315937081779878_266791696617609997_o.jpg","keywords":["ciclovia","Democracia","educa\u00e7\u00e3o","elei\u00e7\u00e3o municipal 2016","Elei\u00e7\u00f5es","espa\u00e7o p\u00fablico","gest\u00e3o de res\u00edduos","Guarda Municipal","lixo","Marcelo Freixo","Megaeventos","Mil\u00edcia","moradia","Olimp\u00edadas","participa\u00e7\u00e3o","pol\u00edtica p\u00fablica","PSOL","PT","saneamento","sa\u00fade","seguran\u00e7a","seguran\u00e7a p\u00fablica","Trabalho e renda","transpar\u00eancia","transporte","uso de bicicleta"],"articleSection":["#OlhoNaParticipa\u00e7\u00e3o","*Destaque","Entrevistas e Perfis","Escrito por Aliados","Sociedade Civil"],"inLanguage":"pt-BR"},{"@type":"WebPage","@id":"https:\/\/rioonwatch.org.br\/?p=23227","url":"https:\/\/rioonwatch.org.br\/?p=23227","name":"Marcelo Freixo, Candidato Socialista a Prefeito do Rio de Janeiro [PERFIL] - RioOnWatch","isPartOf":{"@id":"https:\/\/rioonwatch.org.br\/#website"},"primaryImageOfPage":{"@id":"https:\/\/rioonwatch.org.br\/?p=23227#primaryimage"},"image":{"@id":"https:\/\/rioonwatch.org.br\/?p=23227#primaryimage"},"thumbnailUrl":"https:\/\/rioonwatch.org.br\/wp-content\/uploads\/2016\/10\/14560093_1315937081779878_266791696617609997_o.jpg","datePublished":"2016-10-28T12:25:40+00:00","dateModified":"2024-06-20T19:25:17+00:00","breadcrumb":{"@id":"https:\/\/rioonwatch.org.br\/?p=23227#breadcrumb"},"inLanguage":"pt-BR","potentialAction":[{"@type":"ReadAction","target":["https:\/\/rioonwatch.org.br\/?p=23227"]}]},{"@type":"ImageObject","inLanguage":"pt-BR","@id":"https:\/\/rioonwatch.org.br\/?p=23227#primaryimage","url":"https:\/\/rioonwatch.org.br\/wp-content\/uploads\/2016\/10\/14560093_1315937081779878_266791696617609997_o.jpg","contentUrl":"https:\/\/rioonwatch.org.br\/wp-content\/uploads\/2016\/10\/14560093_1315937081779878_266791696617609997_o.jpg","width":2048,"height":1365},{"@type":"BreadcrumbList","@id":"https:\/\/rioonwatch.org.br\/?p=23227#breadcrumb","itemListElement":[{"@type":"ListItem","position":1,"name":"In\u00edcio","item":"https:\/\/rioonwatch.org.br\/"},{"@type":"ListItem","position":2,"name":"Marcelo Freixo, Candidato Socialista a Prefeito do Rio de Janeiro [PERFIL]"}]},{"@type":"WebSite","@id":"https:\/\/rioonwatch.org.br\/#website","url":"https:\/\/rioonwatch.org.br\/","name":"RioOnWatch","description":"relatos das favelas cariocas","publisher":{"@id":"https:\/\/rioonwatch.org.br\/#organization"},"potentialAction":[{"@type":"SearchAction","target":{"@type":"EntryPoint","urlTemplate":"https:\/\/rioonwatch.org.br\/?s={search_term_string}"},"query-input":{"@type":"PropertyValueSpecification","valueRequired":true,"valueName":"search_term_string"}}],"inLanguage":"pt-BR"},{"@type":"Organization","@id":"https:\/\/rioonwatch.org.br\/#organization","name":"RioOnWatch","url":"https:\/\/rioonwatch.org.br\/","logo":{"@type":"ImageObject","inLanguage":"pt-BR","@id":"https:\/\/rioonwatch.org.br\/#\/schema\/logo\/image\/","url":"https:\/\/rioonwatch.org.br\/wp-content\/uploads\/2021\/06\/RioOnWatchcabecalhoPT11anos-2.png","contentUrl":"https:\/\/rioonwatch.org.br\/wp-content\/uploads\/2021\/06\/RioOnWatchcabecalhoPT11anos-2.png","width":779,"height":277,"caption":"RioOnWatch"},"image":{"@id":"https:\/\/rioonwatch.org.br\/#\/schema\/logo\/image\/"}},{"@type":"Person","@id":"https:\/\/rioonwatch.org.br\/#\/schema\/person\/11d64c290506f9df50c71b850c473f68","name":"Admin","image":{"@type":"ImageObject","inLanguage":"pt-BR","@id":"https:\/\/rioonwatch.org.br\/#\/schema\/person\/image\/","url":"https:\/\/secure.gravatar.com\/avatar\/56211ac74568383903349a1485e3c325?s=96&d=blank&r=g","contentUrl":"https:\/\/secure.gravatar.com\/avatar\/56211ac74568383903349a1485e3c325?s=96&d=blank&r=g","caption":"Admin"},"url":"https:\/\/rioonwatch.org.br\/?author=129"}]}},"_links":{"self":[{"href":"https:\/\/rioonwatch.org.br\/index.php?rest_route=\/wp\/v2\/posts\/23227"}],"collection":[{"href":"https:\/\/rioonwatch.org.br\/index.php?rest_route=\/wp\/v2\/posts"}],"about":[{"href":"https:\/\/rioonwatch.org.br\/index.php?rest_route=\/wp\/v2\/types\/post"}],"author":[{"embeddable":true,"href":"https:\/\/rioonwatch.org.br\/index.php?rest_route=\/wp\/v2\/users\/129"}],"replies":[{"embeddable":true,"href":"https:\/\/rioonwatch.org.br\/index.php?rest_route=%2Fwp%2Fv2%2Fcomments&post=23227"}],"version-history":[{"count":23,"href":"https:\/\/rioonwatch.org.br\/index.php?rest_route=\/wp\/v2\/posts\/23227\/revisions"}],"predecessor-version":[{"id":74173,"href":"https:\/\/rioonwatch.org.br\/index.php?rest_route=\/wp\/v2\/posts\/23227\/revisions\/74173"}],"wp:featuredmedia":[{"embeddable":true,"href":"https:\/\/rioonwatch.org.br\/index.php?rest_route=\/wp\/v2\/media\/23239"}],"wp:attachment":[{"href":"https:\/\/rioonwatch.org.br\/index.php?rest_route=%2Fwp%2Fv2%2Fmedia&parent=23227"}],"wp:term":[{"taxonomy":"category","embeddable":true,"href":"https:\/\/rioonwatch.org.br\/index.php?rest_route=%2Fwp%2Fv2%2Fcategories&post=23227"},{"taxonomy":"post_tag","embeddable":true,"href":"https:\/\/rioonwatch.org.br\/index.php?rest_route=%2Fwp%2Fv2%2Ftags&post=23227"},{"taxonomy":"writer","embeddable":true,"href":"https:\/\/rioonwatch.org.br\/index.php?rest_route=%2Fwp%2Fv2%2Fwriter&post=23227"},{"taxonomy":"translator","embeddable":true,"href":"https:\/\/rioonwatch.org.br\/index.php?rest_route=%2Fwp%2Fv2%2Ftranslator&post=23227"},{"taxonomy":"source","embeddable":true,"href":"https:\/\/rioonwatch.org.br\/index.php?rest_route=%2Fwp%2Fv2%2Fsource&post=23227"},{"taxonomy":"ilustrador","embeddable":true,"href":"https:\/\/rioonwatch.org.br\/index.php?rest_route=%2Fwp%2Fv2%2Filustrador&post=23227"},{"taxonomy":"fotografo","embeddable":true,"href":"https:\/\/rioonwatch.org.br\/index.php?rest_route=%2Fwp%2Fv2%2Ffotografo&post=23227"}],"curies":[{"name":"wp","href":"https:\/\/api.w.org\/{rel}","templated":true}]}}