{"id":23229,"date":"2016-11-11T08:00:03","date_gmt":"2016-11-11T11:00:03","guid":{"rendered":"http:\/\/rioonwatch.org.br\/?p=23229"},"modified":"2024-06-20T16:25:16","modified_gmt":"2024-06-20T19:25:16","slug":"o-papel-dos-pais-no-sistema-educacional-no-rio-de-janeiro","status":"publish","type":"post","link":"https:\/\/rioonwatch.org.br\/?p=23229","title":{"rendered":"O Papel dos Pais no Sistema Educacional do Rio de Janeiro"},"content":{"rendered":"<p style=\"text-align: right;\"><em><strong><a href=\"http:\/\/bit.ly\/2e4ZMal\" target=\"_blank\" rel=\"noopener\">Click Here for English<img decoding=\"async\" width=\"20\" height=\"20\" class=\"alignright wp-image-15790\" src=\"http:\/\/rioonwatch.org.br\/wp-content\/uploads\/2012\/08\/EN-standard-e1439583104716.jpg\" alt=\"\" \/><\/a><\/strong><\/em><\/p>\n<p>Suzanna da Silva lembra da sua experi\u00eancia escolar como inst\u00e1vel. \u201cQuando eu fui a escola, eu tinha mais ou menos 10 anos. A\u00ed comecei a frequentar a escola. Eu estudava at\u00e9 o meio do ano. No meio do ano, o meu pai tirava a gente, levava a gente para ro\u00e7a de novo. Era assim\u201d. Trinta e cinco anos mais tarde, ela est\u00e1 de volta \u00e0 escola atrav\u00e9s do programa do Estado do Rio de Janeiro <a href=\"http:\/\/bit.ly\/2boivdk\" target=\"_blank\" rel=\"noopener\">Educa\u00e7\u00e3o de\u00a0Jovens e Adultos (EJA)<\/a>. Ela frequenta as aulas quatro vezes por semana e estimula os seus seis filhos a seguir o seu exemplo. \u201cEu quero que eles estudem, e que tenham um futuro bem bacana. Eu quero que eles tenham um trabalho, uma profiss\u00e3o que gostem&#8221;.<\/p>\n<p>Os pais e seus esfor\u00e7os s\u00e3o uma parte essencial do sucesso do estudo dos filhos em qualquer lugar. Mas nos lugares onde o sistema\u00a0<a href=\"http:\/\/bit.ly\/1acNApR\" target=\"_blank\" rel=\"noopener\">educacional<\/a>\u00a0falta aos estudantes, os pais preenchem as lacunas com suas pr\u00f3prias solu\u00e7\u00f5es.<\/p>\n<p><a href=\"http:\/\/rioonwatch.org.br\/wp-content\/uploads\/2016\/10\/27939105263_d3cacbb07e_o-620x264.jpg\"><img fetchpriority=\"high\" decoding=\"async\" class=\"aligncenter wp-image-23233 size-full\" title=\"Vista do Leblon e Ipanema, onde as filhas da Suzanna estudam.\" src=\"http:\/\/rioonwatch.org.br\/wp-content\/uploads\/2016\/10\/27939105263_d3cacbb07e_o-620x264.jpg\" alt=\"Vista do Leblon e Ipanema, onde as filhas da Suzanna vai a escola\" width=\"620\" height=\"264\" \/><\/a><\/p>\n<p>Suzanna mora no <a href=\"http:\/\/bit.ly\/XuDNKV\" target=\"_blank\" rel=\"noopener\">Vidigal<\/a>, uma favela na <a href=\"http:\/\/bit.ly\/1mNsDyk\" target=\"_blank\" rel=\"noopener\">Zona Sul<\/a> do Rio, h\u00e1 18 anos, mas os seus filhos n\u00e3o frequentam mais as escolas p\u00fablicas na comunidade. Quando surgiram problemas de bullying, Suzanna resolveu procurar lugares nas escolas da vizinhan\u00e7a. Os seus dois filhos mais velhos n\u00e3o frequentam a escola; as suas tr\u00eas filhas em idade escolar v\u00e3o a escolas p\u00fablicas no <a href=\"http:\/\/bit.ly\/1OKB9XY\" target=\"_blank\" rel=\"noopener\">Leblon<\/a> e em <a href=\"http:\/\/bit.ly\/1LwIGHh\" target=\"_blank\" rel=\"noopener\">Ipanema<\/a>.<\/p>\n<p>Suzanna resolveu tirar seus filhos da escola quando esta n\u00e3o foi capaz de solucionar os problemas de bullying. \u201cFui [\u00e0 escola] e falei com a diretora. Ela disse que n\u00e3o podia fazer nada\u201d, ela conta. Nas novas escolas, ela diz que se sente confort\u00e1vel ao falar com o pessoal da escola. \u201cOs professores s\u00e3o muito legais. Se tem um problema com seu filho, voc\u00ea pode procurar para conversar\u201d, ela diz.<\/p>\n<p><a href=\"http:\/\/rioonwatch.org.br\/wp-content\/uploads\/2016\/10\/rsz_img_0530-e1472075163312-768x1024.jpg\"><img decoding=\"async\" class=\"aligncenter wp-image-23235 size-medium\" title=\"As filhas da Suzanna na entrada de casa\" src=\"http:\/\/rioonwatch.org.br\/wp-content\/uploads\/2016\/10\/rsz_img_0530-e1472075163312-768x1024-620x381.jpg\" alt=\"As filhas da Suzanna na entrada de casa\" width=\"620\" height=\"381\" srcset=\"https:\/\/rioonwatch.org.br\/wp-content\/uploads\/2016\/10\/rsz_img_0530-e1472075163312-768x1024-620x381.jpg 620w, https:\/\/rioonwatch.org.br\/wp-content\/uploads\/2016\/10\/rsz_img_0530-e1472075163312-768x1024-429x264.jpg 429w, https:\/\/rioonwatch.org.br\/wp-content\/uploads\/2016\/10\/rsz_img_0530-e1472075163312-768x1024.jpg 756w\" sizes=\"(max-width: 620px) 100vw, 620px\" \/><\/a><\/p>\n<p>Uma comunica\u00e7\u00e3o forte entre pais e professores \u00e9 importante para os pais e as m\u00e3es como Suzanna, e alguns manifestam a sua preocupa\u00e7\u00e3o quanto \u00e0 qualidade dos professores nas favelas. Em algumas escolas falta uma equipe de ensino completa, e em 2016, o <a href=\"http:\/\/bit.ly\/29heFj6\" target=\"_blank\" rel=\"noopener\">sindicato dos professores no Rio de Janeiro ficou em greve durante quatro meses<\/a>, tornando-se a greve mais longa na hist\u00f3ria do estado.<\/p>\n<p>Devido \u00e0 <a href=\"http:\/\/bit.ly\/P4itK0\" target=\"_blank\" rel=\"noopener\">estigmatiza\u00e7\u00e3o<\/a> de longa data das favelas, muitos <a href=\"http:\/\/bit.ly\/2dQJO4t\" target=\"_blank\" rel=\"noopener\">novos professores n\u00e3o querem trabalhar nas suas escolas<\/a>. No entanto, o processo de coloca\u00e7\u00e3o muitas vezes lhes d\u00e1 poucas op\u00e7\u00f5es. Professores relutantes s\u00e3o designados para trabalhar em lugares com din\u00e2micas sociais diferentes, enfrentando novas realidades.<\/p>\n<p>Enquanto muitos se mostram \u00e0 altura da ocasi\u00e3o, alguns professores que n\u00e3o querem estar l\u00e1 podem ensinar em um n\u00edvel de qualidade inferior, \u00e0 espera de mudar de escola. Em algumas das escolas nas favelas, especialmente aquelas onde a <a href=\"http:\/\/bit.ly\/1wLR1Ef\" target=\"_blank\" rel=\"noopener\">viol\u00eancia<\/a> \u00e9 um desafio frequente, os professores s\u00e3o desmoralizados e alguns descrevem os alunos como \u201cterr\u00edveis\u201d. Outros questionam os \u201cvalores morais\u201d dos pais dos alunos. Na <a href=\"http:\/\/bit.ly\/10BvARw\" target=\"_blank\" rel=\"noopener\">Mar\u00e9<\/a> na <a href=\"http:\/\/bit.ly\/WximDf\" target=\"_blank\" rel=\"noopener\">Zona Norte<\/a> do Rio, um professor disse, \u201cDizendo de uma forma geral, n\u00e3o vejo nenhum benef\u00edcio [para um aluno que mora na favela]\u201d. Um professor diferente retrucou, \u201cComo voc\u00ea pode ser feliz?\u201d ao lhe perguntarem como os professores se sentiam ao ser colocados nas favelas.<\/p>\n<p>Outro problema com a educa\u00e7\u00e3o no sistema p\u00fablico no Rio \u00e9 a falta de escolas nas favelas, sobrecarregando os professores e pequenas\u00a0salas de aula. A escola Claudio Besserman Vianna Bussunda foi uma resposta\u00a0para a falta de escolas em <a href=\"http:\/\/bit.ly\/1HgPoFM\" target=\"_blank\" rel=\"noopener\">Rio das Pedras<\/a>, uma grande\u00a0favela na <a href=\"http:\/\/bit.ly\/1Goa6TT\" target=\"_blank\" rel=\"noopener\">Zona Oeste<\/a> composta em grande parte por imigrantes do Nordeste do Brasil. H\u00e1 uma d\u00e9cada, os pais fizeram um abaixo-assinado para que a prefeitura constru\u00edsse a escola para atender \u00e0s necessidades da comunidade. Com a constru\u00e7\u00e3o da escola, no entanto, Rio das Pedras tem apenas duas escolas p\u00fablicas de ensino fundamental\u00a0para atender aos seus alunos, apesar de contar com uma popula\u00e7\u00e3o superior a 50.000 pessoas.<\/p>\n<p><a href=\"http:\/\/rioonwatch.org.br\/wp-content\/uploads\/2016\/10\/rsz_img_0242-768x1024-620x264.jpg\"><img loading=\"lazy\" decoding=\"async\" class=\"aligncenter wp-image-23236 size-full\" title=\"Escola Claudio Besserman Vianna Bussunda em Rio das Pedras\" src=\"http:\/\/rioonwatch.org.br\/wp-content\/uploads\/2016\/10\/rsz_img_0242-768x1024-620x264.jpg\" alt=\"Escola Claudio Besserman Vianna Bussunda em Rio das Pedras\" width=\"620\" height=\"264\" \/><\/a><\/p>\n<p>Quando um aluno termina o ensino fundamental, ele enfrenta novos desafios para chegar ao ensino m\u00e9dio. Em 2016, completar a educa\u00e7\u00e3o at\u00e9 o ensino m\u00e9dio tornou-se obrigat\u00f3rio. Maria Aparecida Rocha de Camargo, coordenadora na escola Claudio Besserman Vianna Bussunda, explica que h\u00e1 apenas uma escola que atende al\u00e9m da quinta s\u00e9rie em Rio das Pedras. Os alunos que n\u00e3o conseguem obter uma vaga naquela escola devem ir para os bairros vizinhos como a Freguesia.\u00a0<a href=\"http:\/\/bit.ly\/AwtmQ1\" target=\"_blank\" rel=\"noopener\">Os alunos no Rio de Janeiro podem usar os \u00f4nibus p\u00fablicos de gra\u00e7a<\/a>, mas os pais que acompanham as crian\u00e7as pequenas para a escola pagam o <a href=\"http:\/\/bit.ly\/1yzeVVK\" target=\"_blank\" rel=\"noopener\">transporte<\/a> extra. \u201cA lei fala da obrigatoriedade escolar, mas n\u00e3o necessariamente perto de casa. \u00c9 um sacrif\u00edcio para as fam\u00edlias\u201d, diz Maria Aparecida.<\/p>\n<p>Maria Aparecida diz que gosta de trabalhar em Rio das Pedras porque os pais dedicam-se \u00e0 educa\u00e7\u00e3o dos seus filhos. \u201cMuitas fam\u00edlias n\u00e3o sabem ler nem escrever. Ent\u00e3o vir\u00a0para o Rio significa uma chance\u00a0de melhorar a vida\u201d, de acordo com Maria Aparecida. Ela diz que os pais valorizam a educa\u00e7\u00e3o, os alunos respeitam a escola, e a comunidade como um todo \u00e9 muito respeitosa.<\/p>\n<p>A oportunidade de ter uma vida boa alimenta a dedica\u00e7\u00e3o dos pais em outra comunidade na Zona Oeste:\u00a0<a href=\"http:\/\/bit.ly\/Nfddvg\" target=\"_blank\" rel=\"noopener\">Vila Aut\u00f3dromo<\/a>. Maria Aparecida de Silva diz que o seu pai \u201cpesquisou um lugar bacana\u00a0para trazer a fam\u00edlia&#8221; do estado de Pernambuco h\u00e1 18 anos. Ela diz, \u201cEle queria nos trazer para um lugar que\u00a0n\u00e3o tivesse tr\u00e1fico de drogas, n\u00e3o tivesse viol\u00eancia&#8230; e ele achou\u00a0este lugar\u201d. Maria tem uma filha, Rebecca, com o seu marido, Sidinei.<\/p>\n<p>Vila Aut\u00f3dromo se tornou conhecida por enfrentar a <a href=\"http:\/\/bit.ly\/X51Qvb\" target=\"_blank\" rel=\"noopener\">remo\u00e7\u00e3o<\/a>\u00a0devido \u00e0 realiza\u00e7\u00e3o das <a href=\"http:\/\/bit.ly\/PkLXlQ\" target=\"_blank\" rel=\"noopener\">Olimp\u00edadas de 2016<\/a>. Maria pertence a <a href=\"http:\/\/bit.ly\/2aWmvRL\" target=\"_blank\" rel=\"noopener\">um grupo de moradores que lutaram para permanecer na comunidade<\/a>. A sua cunhada, Adriana Santos, tamb\u00e9m lutou para ficar. Ela diz, \u201cEste \u00e9 um lugar bom para as crian\u00e7as\u201d. Maria, o seu marido, e Adriana descrevem a seguran\u00e7a que sentem na Vila Aut\u00f3dromo, explicando que se sentem seguros ao deixar as crian\u00e7as brincarem na comunidade. Adriana diz que explicou \u00e0 sua filha, Isabel, porque era importante lutar contra as remo\u00e7\u00f5es para que ela compreendesse a necessidade de ficar.<\/p>\n<p>\u201cTinha muitas crian\u00e7as\u00a0aqui, muitas mesmo. Depois das remo\u00e7\u00f5es, foram todas embora\u201d, diz Adriana. Muitas amigas da Rebecca e da Isabel n\u00e3o frequentam mais as mesmas escolas. \u201cElas trocarem\u00a0de escola quando foram removidas\u201d, diz Adriana.<\/p>\n<p>As meninas n\u00e3o mudaram de escola, por\u00e9m Adriana diz que o seu transporte foi afetado pela constru\u00e7\u00e3o ao redor do Parque Ol\u00edmpico. Ela costumava levar Isabel na ida e na volta da escola, mas aumentou o custo das passagens e agora Adriana e a sua sogra revezam para acompanhar Isabel para a escola a p\u00e9. Ela descreve que precisa trazer um par adicional de sapatos para a sua filha trocar na escola porque o primeiro par fica sujo de lama devido \u00e0 constru\u00e7\u00e3o.<\/p>\n<p>Patricia Gomes, uma moradora do Vidigal, tamb\u00e9m cuida do transporte do seu filho para a escola. Patricia colocou o seu filho \u00fanico na escola particular Stella Maris no Vidigal, e ela e outros pais compartilham o custo de uma van particular para levar os alunos para a escola. A van \u00e9 um custo adicional na educa\u00e7\u00e3o do seu filho. \u201cNuma escola particular, voc\u00ea gasta mais\u201d, ela explica. Patr\u00edcia n\u00e3o sabe se uma escola particular \u00e9 melhor do que uma escola p\u00fablica, dizendo que s\u00f3 tem experi\u00eancia com a escola particular. Mas ela diz que \u00e9 poss\u00edvel que uma escola particular seja \u201cum pouco melhor\u201d.<\/p>\n<p>Outra preocupa\u00e7\u00e3o para os pais \u00e9 o bullying, especialmente com refer\u00eancia \u00e0 <a href=\"http:\/\/bit.ly\/1uqz3CW\" target=\"_blank\" rel=\"noopener\">ra\u00e7a<\/a> e <a href=\"http:\/\/bit.ly\/1J37ZQ2\" target=\"_blank\" rel=\"noopener\">g\u00eanero<\/a>. Suzanna da Silva conta como a sua filha mais velha inicialmente sofreu bullying por jogar futebol quando mudou de escola. \u201cEla me falou, \u2018m\u00e3e n\u00e3o quero jogar futebol porque as meninas est\u00e3o me chamando de homem-macho.\u2019\u201d, diz Suzanna. O problema foi resolvido pela escola depois que Suzanna conversou com o diretor, que fez uma reuni\u00e3o com os pais e os alunos envolvidos.<\/p>\n<p>G\u00eanero e sexualidade n\u00e3o s\u00e3o t\u00f3picos abordados no curr\u00edculo da escola. Por\u00e9m, a maioria das escolas tem algum tipo de aula de educa\u00e7\u00e3o sexual. Mas <a href=\"http:\/\/bit.ly\/1ifAyTP\" target=\"_blank\" rel=\"noopener\">Iara Oliveira<\/a>, uma educadora e m\u00e3e de\u00a0<a href=\"http:\/\/bit.ly\/10BzE4e\" target=\"_blank\" rel=\"noopener\">Cidade de Deus<\/a>, descreve-a como dada \u201cna maior parte na aula de biologia\u201d. O t\u00f3pico tornou-se urgente neste ano quando um clamor contra a cultura do estupro surgiu ap\u00f3s o\u00a0<a href=\"http:\/\/bit.ly\/1NSVeR8\" target=\"_blank\" rel=\"noopener\">estupro coletivo de uma adolescente em junho<\/a>. Suzanna mandou as suas filhas para aulas de educa\u00e7\u00e3o sexual oferecidas atrav\u00e9s de uma organiza\u00e7\u00e3o externa gr\u00e1tis, onde as meninas falam com uma psic\u00f3loga sobre \u201crespeito, o corpo feminino, e o que \u00e9 estupro&#8221;.<\/p>\n<p>Ra\u00e7a tamb\u00e9m pode ser um t\u00f3pico controverso nas escolas. Segundo a <a href=\"http:\/\/bit.ly\/2bgrEJ1\" target=\"_blank\" rel=\"noopener\">lei federal 10.639<\/a> a hist\u00f3ria e a cultura afro-brasileira devem ser ensinadas em\u00a0sala de aula. Alguns preocupam-se que isto nem sempre \u00e9 implantado. A hist\u00f3ria afro-brasileira \u00e9 especialmente relevante e necess\u00e1ria nas favelas, onde h\u00e1 muitos moradores negros. 70% da popula\u00e7\u00e3o da Cidade de Deus na Zona Oeste do Rio \u00e9 afro-brasileira. M\u00f4nica Sacramento, uma doutora em pesquisa da educa\u00e7\u00e3o, descreve o efeito traum\u00e1tico que o <a href=\"http:\/\/bit.ly\/1KiFeTl\" target=\"_blank\" rel=\"noopener\">racismo<\/a> pode ter para os alunos negros que interiorizam sentimentos de inferioridade e relacionam o negro com qualidades negativas.<\/p>\n<p><a href=\"http:\/\/rioonwatch.org.br\/wp-content\/uploads\/2016\/10\/13498109_1731702813736489_8661844463031278549_o-620x264.jpg\"><img loading=\"lazy\" decoding=\"async\" class=\"aligncenter wp-image-23237 size-full\" title=\"Debate sobre sexismo e preconceito na educa\u00e7\u00e3o\" src=\"http:\/\/rioonwatch.org.br\/wp-content\/uploads\/2016\/10\/13498109_1731702813736489_8661844463031278549_o-620x264.jpg\" alt=\"Debate sobre sexismo e preconceito na educa\u00e7\u00e3o\" width=\"620\" height=\"264\" \/><\/a><\/p>\n<p>Recentemente, o t\u00f3pico da <a href=\"http:\/\/bit.ly\/1i0t9Hc\" target=\"_blank\" rel=\"noopener\">viol\u00eancia policial<\/a> contra afro-brasileiros, especialmente os rapazes, chamou mais a aten\u00e7\u00e3o, quando <a href=\"http:\/\/bit.ly\/2ahWez3\" target=\"_blank\" rel=\"noopener\">o grupo dos EUA Black Lives Matter\u00a0visitou o Brasil<\/a> antes das Olimp\u00edadas. A Human Rights Watch descobriu que pelo menos <a href=\"http:\/\/bit.ly\/2dS2gqP\" target=\"_blank\" rel=\"noopener\">24 crian\u00e7as morreram devido \u00e0 viol\u00eancia policial desde 2009<\/a>.<\/p>\n<p>Uma solu\u00e7\u00e3o para assegurar o sucesso dos alunos \u00e9 o fortalecimento dos pais atrav\u00e9s de mais educa\u00e7\u00e3o. Suzanna participa do programa educacional adulto EJA, assim como Adriana que espera ir para a faculdade depois de formar-se neste ano.\u00a0<a href=\"http:\/\/bit.ly\/2eKR3bo\" target=\"_blank\" rel=\"noopener\">Alfazendo<\/a>, uma ONG comunit\u00e1ria na Cidade de Deus, come\u00e7ou dando aulas de alfabetiza\u00e7\u00e3o para adultos. \u201c[Quer\u00edamos] alfabetizar os adultos para que pudessem contribuir na forma\u00e7\u00e3o\u00a0dos seus filhos\u201d, diz Iara Oliveira, coordenadora da organiza\u00e7\u00e3o.<\/p>\n<p>Quaisquer que sejam as dificuldades que enfrentam com o sistema educacional do Rio, os pais acreditam na educa\u00e7\u00e3o e est\u00e3o lutando pelos seus filhos. Maria Aparecida, m\u00e3e da Rebecca na Vila Aut\u00f3dromo, diz que a educa\u00e7\u00e3o \u00e9 importante porque \u201c\u00e9 algo que ningu\u00e9m pode tirar\u201d. Ela e seu marido at\u00e9 t\u00eam uma caderneta de poupan\u00e7a para a sua filha e esperam que ela v\u00e1 \u00e0 faculdade e fa\u00e7a interc\u00e2mbio para outro pa\u00eds algum dia. Maria diz, \u201cDinheiro, coisas assim, se pode perder, se vai, mas a educa\u00e7\u00e3o nunca se vai\u201d.<\/p>\n<p><em>Raven Hayes \u00e9 estudante de mestrado no programa de Estudos Latino Americanos, Caribenhos e Ib\u00e9ricos da Universidade de Wisconsin-Madison, EUA. Sua pesquisa se concentra no desenvolvimento educacional e na intersec\u00e7\u00e3o entre a escola, a pobreza e a comunidade.<\/em><\/p>\n<!-- AddThis Advanced Settings generic via filter on the_content --><!-- AddThis Share Buttons generic via filter on the_content -->","protected":false},"excerpt":{"rendered":"<div class=\"mh-excerpt\"><p>Click Here for English Suzanna da Silva lembra da sua experi\u00eancia escolar como inst\u00e1vel. \u201cQuando eu fui a escola, eu tinha mais ou menos 10 anos. A\u00ed comecei a frequentar a escola. Eu estudava at\u00e9 <a class=\"mh-excerpt-more\" href=\"https:\/\/rioonwatch.org.br\/?p=23229\" title=\"O Papel dos Pais no Sistema Educacional do Rio de Janeiro\">[&#8230;]<\/a><!-- AddThis Advanced Settings generic via filter on get_the_excerpt --><!-- AddThis Share Buttons generic via filter on get_the_excerpt --><\/p>\n<\/div>","protected":false},"author":132,"featured_media":23232,"comment_status":"closed","ping_status":"closed","sticky":false,"template":"","format":"standard","meta":{"_acf_changed":false,"_monsterinsights_skip_tracking":false,"_monsterinsights_sitenote_active":false,"_monsterinsights_sitenote_note":"","_monsterinsights_sitenote_category":0,"footnotes":""},"categories":[1626,1616,342],"tags":[386,3253,554,332,316,42,1240,78,936,14,1393,1347,476,354,55,52,218,184,383],"writer":[1894],"translator":[1875],"source":[],"ilustrador":[],"fotografo":[],"class_list":{"0":"post-23229","1":"post","2":"type-post","3":"status-publish","4":"format-standard","5":"has-post-thumbnail","7":"category-por-observadores-internacionais","8":"category-qualidades-da-favela","9":"category-solucoes","10":"tag-estigma","11":"tag-antirracismo","12":"tag-cidade-de-deus","13":"tag-complexo-da-mare","14":"tag-educacao","15":"tag-genero","16":"tag-megaeventos","17":"tag-olimpiadas","18":"tag-raca","19":"tag-remocao","20":"tag-rio-das-pedras","21":"tag-solucao","22":"tag-solucao-comunitaria","23":"tag-vidigal","24":"tag-vila-autodromo","25":"tag-violencia-policial","26":"tag-zona-norte","27":"tag-zona-oeste","28":"tag-zona-sul","29":"writer-raven-hayes","30":"translator-marina-hennies"},"acf":[],"yoast_head":"<!-- This site is optimized with the Yoast SEO plugin v25.6 - https:\/\/yoast.com\/wordpress\/plugins\/seo\/ -->\n<title>O Papel dos Pais no Sistema Educacional do Rio de Janeiro - RioOnWatch<\/title>\n<meta name=\"robots\" content=\"index, follow, max-snippet:-1, max-image-preview:large, max-video-preview:-1\" \/>\n<link rel=\"canonical\" href=\"https:\/\/rioonwatch.org.br\/?p=23229\" \/>\n<meta property=\"og:locale\" content=\"pt_BR\" \/>\n<meta property=\"og:type\" content=\"article\" \/>\n<meta property=\"og:title\" content=\"O Papel dos Pais no Sistema Educacional do Rio de Janeiro - RioOnWatch\" \/>\n<meta property=\"og:description\" content=\"Click Here for English Suzanna da Silva lembra da sua experi\u00eancia escolar como inst\u00e1vel. \u201cQuando eu fui a escola, eu tinha mais ou menos 10 anos. A\u00ed comecei a frequentar a escola. Eu estudava at\u00e9 [...]\" \/>\n<meta property=\"og:url\" content=\"https:\/\/rioonwatch.org.br\/?p=23229\" \/>\n<meta property=\"og:site_name\" content=\"RioOnWatch\" \/>\n<meta property=\"article:published_time\" content=\"2016-11-11T11:00:03+00:00\" \/>\n<meta property=\"article:modified_time\" content=\"2024-06-20T19:25:16+00:00\" \/>\n<meta property=\"og:image\" content=\"https:\/\/rioonwatch.org.br\/wp-content\/uploads\/2016\/10\/IMG_0391-e1472075190818-620x264.jpg\" \/>\n\t<meta property=\"og:image:width\" content=\"620\" \/>\n\t<meta property=\"og:image:height\" content=\"264\" \/>\n\t<meta property=\"og:image:type\" content=\"image\/jpeg\" \/>\n<meta name=\"author\" content=\"Felicity\" \/>\n<meta name=\"twitter:card\" content=\"summary_large_image\" \/>\n<meta name=\"twitter:label1\" content=\"Escrito por\" \/>\n\t<meta name=\"twitter:data1\" content=\"Felicity\" \/>\n\t<meta name=\"twitter:label2\" content=\"Est. tempo de leitura\" \/>\n\t<meta name=\"twitter:data2\" content=\"9 minutos\" \/>\n<script type=\"application\/ld+json\" class=\"yoast-schema-graph\">{\"@context\":\"https:\/\/schema.org\",\"@graph\":[{\"@type\":\"Article\",\"@id\":\"https:\/\/rioonwatch.org.br\/?p=23229#article\",\"isPartOf\":{\"@id\":\"https:\/\/rioonwatch.org.br\/?p=23229\"},\"author\":{\"name\":\"Felicity\",\"@id\":\"https:\/\/rioonwatch.org.br\/#\/schema\/person\/4d05cf5053c358ab740b3edd75a173f2\"},\"headline\":\"O Papel dos Pais no Sistema Educacional do Rio de Janeiro\",\"datePublished\":\"2016-11-11T11:00:03+00:00\",\"dateModified\":\"2024-06-20T19:25:16+00:00\",\"mainEntityOfPage\":{\"@id\":\"https:\/\/rioonwatch.org.br\/?p=23229\"},\"wordCount\":1869,\"publisher\":{\"@id\":\"https:\/\/rioonwatch.org.br\/#organization\"},\"image\":{\"@id\":\"https:\/\/rioonwatch.org.br\/?p=23229#primaryimage\"},\"thumbnailUrl\":\"https:\/\/rioonwatch.org.br\/wp-content\/uploads\/2016\/10\/IMG_0391-e1472075190818-620x264.jpg\",\"keywords\":[\"#StopFavelaStigma\",\"Antirracismo\",\"Cidade de Deus\",\"Complexo da Mar\u00e9\",\"educa\u00e7\u00e3o\",\"g\u00eanero\",\"Megaeventos\",\"Olimp\u00edadas\",\"ra\u00e7a\",\"Remo\u00e7\u00e3o\",\"Rio das Pedras\",\"solu\u00e7\u00e3o\",\"solu\u00e7\u00e3o comunit\u00e1ria\",\"Vidigal\",\"Vila Aut\u00f3dromo\",\"viol\u00eancia policial\",\"Zona Norte\",\"Zona Oeste\",\"Zona Sul\"],\"articleSection\":[\"Escrito por Aliados\",\"Qualidades da Favela\",\"Solu\u00e7\u00f5es\"],\"inLanguage\":\"pt-BR\"},{\"@type\":\"WebPage\",\"@id\":\"https:\/\/rioonwatch.org.br\/?p=23229\",\"url\":\"https:\/\/rioonwatch.org.br\/?p=23229\",\"name\":\"O Papel dos Pais no Sistema Educacional do Rio de Janeiro - RioOnWatch\",\"isPartOf\":{\"@id\":\"https:\/\/rioonwatch.org.br\/#website\"},\"primaryImageOfPage\":{\"@id\":\"https:\/\/rioonwatch.org.br\/?p=23229#primaryimage\"},\"image\":{\"@id\":\"https:\/\/rioonwatch.org.br\/?p=23229#primaryimage\"},\"thumbnailUrl\":\"https:\/\/rioonwatch.org.br\/wp-content\/uploads\/2016\/10\/IMG_0391-e1472075190818-620x264.jpg\",\"datePublished\":\"2016-11-11T11:00:03+00:00\",\"dateModified\":\"2024-06-20T19:25:16+00:00\",\"breadcrumb\":{\"@id\":\"https:\/\/rioonwatch.org.br\/?p=23229#breadcrumb\"},\"inLanguage\":\"pt-BR\",\"potentialAction\":[{\"@type\":\"ReadAction\",\"target\":[\"https:\/\/rioonwatch.org.br\/?p=23229\"]}]},{\"@type\":\"ImageObject\",\"inLanguage\":\"pt-BR\",\"@id\":\"https:\/\/rioonwatch.org.br\/?p=23229#primaryimage\",\"url\":\"https:\/\/rioonwatch.org.br\/wp-content\/uploads\/2016\/10\/IMG_0391-e1472075190818-620x264.jpg\",\"contentUrl\":\"https:\/\/rioonwatch.org.br\/wp-content\/uploads\/2016\/10\/IMG_0391-e1472075190818-620x264.jpg\",\"width\":620,\"height\":264},{\"@type\":\"BreadcrumbList\",\"@id\":\"https:\/\/rioonwatch.org.br\/?p=23229#breadcrumb\",\"itemListElement\":[{\"@type\":\"ListItem\",\"position\":1,\"name\":\"In\u00edcio\",\"item\":\"https:\/\/rioonwatch.org.br\/\"},{\"@type\":\"ListItem\",\"position\":2,\"name\":\"O Papel dos Pais no Sistema Educacional do Rio de Janeiro\"}]},{\"@type\":\"WebSite\",\"@id\":\"https:\/\/rioonwatch.org.br\/#website\",\"url\":\"https:\/\/rioonwatch.org.br\/\",\"name\":\"RioOnWatch\",\"description\":\"relatos das favelas cariocas\",\"publisher\":{\"@id\":\"https:\/\/rioonwatch.org.br\/#organization\"},\"potentialAction\":[{\"@type\":\"SearchAction\",\"target\":{\"@type\":\"EntryPoint\",\"urlTemplate\":\"https:\/\/rioonwatch.org.br\/?s={search_term_string}\"},\"query-input\":{\"@type\":\"PropertyValueSpecification\",\"valueRequired\":true,\"valueName\":\"search_term_string\"}}],\"inLanguage\":\"pt-BR\"},{\"@type\":\"Organization\",\"@id\":\"https:\/\/rioonwatch.org.br\/#organization\",\"name\":\"RioOnWatch\",\"url\":\"https:\/\/rioonwatch.org.br\/\",\"logo\":{\"@type\":\"ImageObject\",\"inLanguage\":\"pt-BR\",\"@id\":\"https:\/\/rioonwatch.org.br\/#\/schema\/logo\/image\/\",\"url\":\"https:\/\/rioonwatch.org.br\/wp-content\/uploads\/2021\/06\/RioOnWatchcabecalhoPT11anos-2.png\",\"contentUrl\":\"https:\/\/rioonwatch.org.br\/wp-content\/uploads\/2021\/06\/RioOnWatchcabecalhoPT11anos-2.png\",\"width\":779,\"height\":277,\"caption\":\"RioOnWatch\"},\"image\":{\"@id\":\"https:\/\/rioonwatch.org.br\/#\/schema\/logo\/image\/\"}},{\"@type\":\"Person\",\"@id\":\"https:\/\/rioonwatch.org.br\/#\/schema\/person\/4d05cf5053c358ab740b3edd75a173f2\",\"name\":\"Felicity\",\"image\":{\"@type\":\"ImageObject\",\"inLanguage\":\"pt-BR\",\"@id\":\"https:\/\/rioonwatch.org.br\/#\/schema\/person\/image\/\",\"url\":\"https:\/\/secure.gravatar.com\/avatar\/bfc904486dc0bba6015410a00fe3fc27?s=96&d=blank&r=g\",\"contentUrl\":\"https:\/\/secure.gravatar.com\/avatar\/bfc904486dc0bba6015410a00fe3fc27?s=96&d=blank&r=g\",\"caption\":\"Felicity\"},\"url\":\"https:\/\/rioonwatch.org.br\/?author=132\"}]}<\/script>\n<!-- \/ Yoast SEO plugin. -->","yoast_head_json":{"title":"O Papel dos Pais no Sistema Educacional do Rio de Janeiro - RioOnWatch","robots":{"index":"index","follow":"follow","max-snippet":"max-snippet:-1","max-image-preview":"max-image-preview:large","max-video-preview":"max-video-preview:-1"},"canonical":"https:\/\/rioonwatch.org.br\/?p=23229","og_locale":"pt_BR","og_type":"article","og_title":"O Papel dos Pais no Sistema Educacional do Rio de Janeiro - RioOnWatch","og_description":"Click Here for English Suzanna da Silva lembra da sua experi\u00eancia escolar como inst\u00e1vel. \u201cQuando eu fui a escola, eu tinha mais ou menos 10 anos. A\u00ed comecei a frequentar a escola. Eu estudava at\u00e9 [...]","og_url":"https:\/\/rioonwatch.org.br\/?p=23229","og_site_name":"RioOnWatch","article_published_time":"2016-11-11T11:00:03+00:00","article_modified_time":"2024-06-20T19:25:16+00:00","og_image":[{"width":620,"height":264,"url":"https:\/\/rioonwatch.org.br\/wp-content\/uploads\/2016\/10\/IMG_0391-e1472075190818-620x264.jpg","type":"image\/jpeg"}],"author":"Felicity","twitter_card":"summary_large_image","twitter_misc":{"Escrito por":"Felicity","Est. tempo de leitura":"9 minutos"},"schema":{"@context":"https:\/\/schema.org","@graph":[{"@type":"Article","@id":"https:\/\/rioonwatch.org.br\/?p=23229#article","isPartOf":{"@id":"https:\/\/rioonwatch.org.br\/?p=23229"},"author":{"name":"Felicity","@id":"https:\/\/rioonwatch.org.br\/#\/schema\/person\/4d05cf5053c358ab740b3edd75a173f2"},"headline":"O Papel dos Pais no Sistema Educacional do Rio de Janeiro","datePublished":"2016-11-11T11:00:03+00:00","dateModified":"2024-06-20T19:25:16+00:00","mainEntityOfPage":{"@id":"https:\/\/rioonwatch.org.br\/?p=23229"},"wordCount":1869,"publisher":{"@id":"https:\/\/rioonwatch.org.br\/#organization"},"image":{"@id":"https:\/\/rioonwatch.org.br\/?p=23229#primaryimage"},"thumbnailUrl":"https:\/\/rioonwatch.org.br\/wp-content\/uploads\/2016\/10\/IMG_0391-e1472075190818-620x264.jpg","keywords":["#StopFavelaStigma","Antirracismo","Cidade de Deus","Complexo da Mar\u00e9","educa\u00e7\u00e3o","g\u00eanero","Megaeventos","Olimp\u00edadas","ra\u00e7a","Remo\u00e7\u00e3o","Rio das Pedras","solu\u00e7\u00e3o","solu\u00e7\u00e3o comunit\u00e1ria","Vidigal","Vila Aut\u00f3dromo","viol\u00eancia policial","Zona Norte","Zona Oeste","Zona Sul"],"articleSection":["Escrito por Aliados","Qualidades da Favela","Solu\u00e7\u00f5es"],"inLanguage":"pt-BR"},{"@type":"WebPage","@id":"https:\/\/rioonwatch.org.br\/?p=23229","url":"https:\/\/rioonwatch.org.br\/?p=23229","name":"O Papel dos Pais no Sistema Educacional do Rio de Janeiro - RioOnWatch","isPartOf":{"@id":"https:\/\/rioonwatch.org.br\/#website"},"primaryImageOfPage":{"@id":"https:\/\/rioonwatch.org.br\/?p=23229#primaryimage"},"image":{"@id":"https:\/\/rioonwatch.org.br\/?p=23229#primaryimage"},"thumbnailUrl":"https:\/\/rioonwatch.org.br\/wp-content\/uploads\/2016\/10\/IMG_0391-e1472075190818-620x264.jpg","datePublished":"2016-11-11T11:00:03+00:00","dateModified":"2024-06-20T19:25:16+00:00","breadcrumb":{"@id":"https:\/\/rioonwatch.org.br\/?p=23229#breadcrumb"},"inLanguage":"pt-BR","potentialAction":[{"@type":"ReadAction","target":["https:\/\/rioonwatch.org.br\/?p=23229"]}]},{"@type":"ImageObject","inLanguage":"pt-BR","@id":"https:\/\/rioonwatch.org.br\/?p=23229#primaryimage","url":"https:\/\/rioonwatch.org.br\/wp-content\/uploads\/2016\/10\/IMG_0391-e1472075190818-620x264.jpg","contentUrl":"https:\/\/rioonwatch.org.br\/wp-content\/uploads\/2016\/10\/IMG_0391-e1472075190818-620x264.jpg","width":620,"height":264},{"@type":"BreadcrumbList","@id":"https:\/\/rioonwatch.org.br\/?p=23229#breadcrumb","itemListElement":[{"@type":"ListItem","position":1,"name":"In\u00edcio","item":"https:\/\/rioonwatch.org.br\/"},{"@type":"ListItem","position":2,"name":"O Papel dos Pais no Sistema Educacional do Rio de Janeiro"}]},{"@type":"WebSite","@id":"https:\/\/rioonwatch.org.br\/#website","url":"https:\/\/rioonwatch.org.br\/","name":"RioOnWatch","description":"relatos das favelas cariocas","publisher":{"@id":"https:\/\/rioonwatch.org.br\/#organization"},"potentialAction":[{"@type":"SearchAction","target":{"@type":"EntryPoint","urlTemplate":"https:\/\/rioonwatch.org.br\/?s={search_term_string}"},"query-input":{"@type":"PropertyValueSpecification","valueRequired":true,"valueName":"search_term_string"}}],"inLanguage":"pt-BR"},{"@type":"Organization","@id":"https:\/\/rioonwatch.org.br\/#organization","name":"RioOnWatch","url":"https:\/\/rioonwatch.org.br\/","logo":{"@type":"ImageObject","inLanguage":"pt-BR","@id":"https:\/\/rioonwatch.org.br\/#\/schema\/logo\/image\/","url":"https:\/\/rioonwatch.org.br\/wp-content\/uploads\/2021\/06\/RioOnWatchcabecalhoPT11anos-2.png","contentUrl":"https:\/\/rioonwatch.org.br\/wp-content\/uploads\/2021\/06\/RioOnWatchcabecalhoPT11anos-2.png","width":779,"height":277,"caption":"RioOnWatch"},"image":{"@id":"https:\/\/rioonwatch.org.br\/#\/schema\/logo\/image\/"}},{"@type":"Person","@id":"https:\/\/rioonwatch.org.br\/#\/schema\/person\/4d05cf5053c358ab740b3edd75a173f2","name":"Felicity","image":{"@type":"ImageObject","inLanguage":"pt-BR","@id":"https:\/\/rioonwatch.org.br\/#\/schema\/person\/image\/","url":"https:\/\/secure.gravatar.com\/avatar\/bfc904486dc0bba6015410a00fe3fc27?s=96&d=blank&r=g","contentUrl":"https:\/\/secure.gravatar.com\/avatar\/bfc904486dc0bba6015410a00fe3fc27?s=96&d=blank&r=g","caption":"Felicity"},"url":"https:\/\/rioonwatch.org.br\/?author=132"}]}},"_links":{"self":[{"href":"https:\/\/rioonwatch.org.br\/index.php?rest_route=\/wp\/v2\/posts\/23229"}],"collection":[{"href":"https:\/\/rioonwatch.org.br\/index.php?rest_route=\/wp\/v2\/posts"}],"about":[{"href":"https:\/\/rioonwatch.org.br\/index.php?rest_route=\/wp\/v2\/types\/post"}],"author":[{"embeddable":true,"href":"https:\/\/rioonwatch.org.br\/index.php?rest_route=\/wp\/v2\/users\/132"}],"replies":[{"embeddable":true,"href":"https:\/\/rioonwatch.org.br\/index.php?rest_route=%2Fwp%2Fv2%2Fcomments&post=23229"}],"version-history":[{"count":11,"href":"https:\/\/rioonwatch.org.br\/index.php?rest_route=\/wp\/v2\/posts\/23229\/revisions"}],"predecessor-version":[{"id":73552,"href":"https:\/\/rioonwatch.org.br\/index.php?rest_route=\/wp\/v2\/posts\/23229\/revisions\/73552"}],"wp:featuredmedia":[{"embeddable":true,"href":"https:\/\/rioonwatch.org.br\/index.php?rest_route=\/wp\/v2\/media\/23232"}],"wp:attachment":[{"href":"https:\/\/rioonwatch.org.br\/index.php?rest_route=%2Fwp%2Fv2%2Fmedia&parent=23229"}],"wp:term":[{"taxonomy":"category","embeddable":true,"href":"https:\/\/rioonwatch.org.br\/index.php?rest_route=%2Fwp%2Fv2%2Fcategories&post=23229"},{"taxonomy":"post_tag","embeddable":true,"href":"https:\/\/rioonwatch.org.br\/index.php?rest_route=%2Fwp%2Fv2%2Ftags&post=23229"},{"taxonomy":"writer","embeddable":true,"href":"https:\/\/rioonwatch.org.br\/index.php?rest_route=%2Fwp%2Fv2%2Fwriter&post=23229"},{"taxonomy":"translator","embeddable":true,"href":"https:\/\/rioonwatch.org.br\/index.php?rest_route=%2Fwp%2Fv2%2Ftranslator&post=23229"},{"taxonomy":"source","embeddable":true,"href":"https:\/\/rioonwatch.org.br\/index.php?rest_route=%2Fwp%2Fv2%2Fsource&post=23229"},{"taxonomy":"ilustrador","embeddable":true,"href":"https:\/\/rioonwatch.org.br\/index.php?rest_route=%2Fwp%2Fv2%2Filustrador&post=23229"},{"taxonomy":"fotografo","embeddable":true,"href":"https:\/\/rioonwatch.org.br\/index.php?rest_route=%2Fwp%2Fv2%2Ffotografo&post=23229"}],"curies":[{"name":"wp","href":"https:\/\/api.w.org\/{rel}","templated":true}]}}