{"id":23241,"date":"2016-10-28T09:25:31","date_gmt":"2016-10-28T12:25:31","guid":{"rendered":"http:\/\/rioonwatch.org.br\/?p=23241"},"modified":"2016-10-28T12:03:07","modified_gmt":"2016-10-28T15:03:07","slug":"marcello-crivella-candidato-evangelico-a-prefeito-do-rio-de-janeiro-perfil","status":"publish","type":"post","link":"https:\/\/rioonwatch.org.br\/?p=23241","title":{"rendered":"Marcello Crivella, Candidato Evang\u00e9lico a Prefeito do Rio de Janeiro [PERFIL]"},"content":{"rendered":"<p style=\"text-align: right;\"><em><strong><a href=\"http:\/\/bit.ly\/2ekH3Wk\" target=\"_blank\">Click Here for English<img decoding=\"async\" width=\"20\" height=\"20\" class=\"alignright wp-image-15790\" src=\"http:\/\/rioonwatch.org.br\/wp-content\/uploads\/2012\/08\/EN-standard-e1439583104716.jpg\" alt=\"\" \/><\/a><\/strong><\/em><\/p>\n<p>Marcelo Crivella, 59, tem um hist\u00f3rico profissional diversificado. Foi motorista de t\u00e1xi, bispo evang\u00e9lico, Ministro da Pesca, <a href=\"http:\/\/bit.ly\/2eYegcK\">artista de grava\u00e7\u00e3o de m\u00fasica gospel<\/a>, senador, engenheiro, mission\u00e1rio na \u00c1frica e autor de livros.\u00a0Agora est\u00e1 concorrendo no 2\u00b0 turno a prefeito do Rio de Janeiro. Ele venceu no <a href=\"http:\/\/glo.bo\/2eewwQi\">primeiro turno das elei\u00e7\u00f5es<\/a> em 2 de outubro com 27,78%, e agora enfrentar\u00e1 no segundo turno no dia 30 de outubro <a href=\"http:\/\/bit.ly\/2dPXGGL\" target=\"_blank\">Marcelo Freixo<\/a> do Partido Socialismo e Liberdade (PSOL), que obteve 18,26% dos votos v\u00e1lidos.<\/p>\n<p>Apesar de Crivella <a href=\"http:\/\/bit.ly\/2eYfxQN\">tentar suavizar a sua ret\u00f3rica evang\u00e9lica<\/a>, tendo perdido votos do centro no passado, a sua carreira pol\u00edtica est\u00e1 inextricavelmente ligada \u00e0 sua carreira na igreja.\u00a0<a href=\"http:\/\/bit.ly\/2en5Udo\" target=\"_blank\">Os crist\u00e3os evang\u00e9licos est\u00e3o ganhando for\u00e7a no Brasil<\/a>: um em cada quatro brasileiros \u00e9 um crist\u00e3o evang\u00e9lico atualmente. As suas igrejas s\u00e3o institui\u00e7\u00f5es ricas com poderosas redes nas m\u00eddias e t\u00eam um impacto enorme sobre a agenda pol\u00edtica. Uma das figuras mais controvertidas e influentes \u00e9 o <a href=\"http:\/\/bit.ly\/2eAgq0Z\" target=\"_blank\">Bispo Edir Macedo<\/a>, fundador bilion\u00e1rio da <a href=\"http:\/\/bit.ly\/2enhINi\">Igreja Universal do Reino de Deus<\/a>, propriet\u00e1rio da segunda rede de televis\u00e3o mais popular do Brasil, a Record, e tio de Crivella.<\/p>\n<p>Edir Macedo estimulou o seu sobrinho a entrar para a pol\u00edtica quando Crivella j\u00e1 era um bispo bem-sucedido na Igreja Universal. Em 2002, Crivella foi eleito <a href=\"http:\/\/bit.ly\/2enjVbx\">senador federal<\/a> pelo Estado do Rio de Janeiro numa chapa do Partido Liberal (PL) e foi reeleito em 2010 para o mandato de 2011-2019. Candidatou-se a governador do Estado do Rio de Janeiro em 2014, perdendo para\u00a0<a href=\"http:\/\/bit.ly\/1R3CDy8\" target=\"_blank\">Pez\u00e3o<\/a>.<\/p>\n<p><a href=\"http:\/\/rioonwatch.org.br\/wp-content\/uploads\/2016\/10\/14718669_1240397149316866_3750640840910214305_n.jpg\"><img fetchpriority=\"high\" decoding=\"async\" class=\"aligncenter wp-image-23264 size-content\" title=\"Crivella com l\u00edderes sindicais na semana passada\" src=\"http:\/\/rioonwatch.org.br\/wp-content\/uploads\/2016\/10\/14718669_1240397149316866_3750640840910214305_n-620x264.jpg\" alt=\"14718669_1240397149316866_3750640840910214305_n\" width=\"620\" height=\"264\" srcset=\"https:\/\/rioonwatch.org.br\/wp-content\/uploads\/2016\/10\/14718669_1240397149316866_3750640840910214305_n-620x264.jpg 620w, https:\/\/rioonwatch.org.br\/wp-content\/uploads\/2016\/10\/14718669_1240397149316866_3750640840910214305_n-940x400.jpg 940w\" sizes=\"(max-width: 620px) 100vw, 620px\" \/><\/a><\/p>\n<p>No Senado, Crivella foi presidente da Subcomiss\u00e3o Permanente de Prote\u00e7\u00e3o dos Cidad\u00e3os Brasileiros no Exterior e lutou pelos direitos da enorme di\u00e1spora brasileira, como por exemplo, em rela\u00e7\u00e3o ao tratamento dos imigrantes brasileiros nos EUA. Tamb\u00e9m foi respons\u00e1vel por um programa habitacional p\u00fablico denominado Cimento Social lan\u00e7ado em 2007, que <a href=\"http:\/\/glo.bo\/2estIL8\">foi criticado por dar tratamento preferencial aos membros da Igreja Universal<\/a>. Em junho de 2008, Crivella enviou <a href=\"http:\/\/glo.bo\/2eCO5FA\">for\u00e7as armadas para supervisionar as obras de constru\u00e7\u00e3o do programa<\/a> no <a href=\"http:\/\/bit.ly\/UBMUVJ\" target=\"_blank\">Morro da Provid\u00eancia<\/a> o que ocasionou a captura, tortura e morte de tr\u00eas pessoas.<\/p>\n<p>Crivella foi uma figura de destaque na luta contra uma lei para a legaliza\u00e7\u00e3o do aborto em 2011.<\/p>\n<p>Em 2012, a Presidente Dilma Rousseff nomeou Crivella Ministro da Pesca e Aquicultura no seu gabinete. A nomea\u00e7\u00e3o foi uma manobra pol\u00edtica&#8211;Crivella admitiu publicamente que pouco sabia sobre a \u00e1rea&#8211;para reconhecer a influ\u00eancia da igreja e obter o apoio do novo partido de Crivella, o Partido Republicano Brasileiro (PRB). Apesar disso, Crivella votou pelo <a href=\"http:\/\/bit.ly\/1T3xbOp\" target=\"_blank\">impeachment de Dilma<\/a> neste ano.<\/p>\n<p><a href=\"http:\/\/rioonwatch.org.br\/wp-content\/uploads\/2016\/10\/14656446_1232724463417468_3708442586487068463_n.jpg\"><img decoding=\"async\" class=\"aligncenter wp-image-23266 size-content\" title=\"Crivella em campanha eleitoral\" src=\"http:\/\/rioonwatch.org.br\/wp-content\/uploads\/2016\/10\/14656446_1232724463417468_3708442586487068463_n-620x264.jpg\" alt=\"14656446_1232724463417468_3708442586487068463_n\" width=\"620\" height=\"264\" srcset=\"https:\/\/rioonwatch.org.br\/wp-content\/uploads\/2016\/10\/14656446_1232724463417468_3708442586487068463_n-620x264.jpg 620w, https:\/\/rioonwatch.org.br\/wp-content\/uploads\/2016\/10\/14656446_1232724463417468_3708442586487068463_n-940x400.jpg 940w\" sizes=\"(max-width: 620px) 100vw, 620px\" \/><\/a><\/p>\n<p>O PRB, que Crivella fundou em 2005 juntamente com outros l\u00edderes crist\u00e3os evang\u00e9licos, ganhou popularidade nos \u00faltimos anos. Durante as <a href=\"http:\/\/bit.ly\/2epbo9y\">elei\u00e7\u00f5es municipais neste ano<\/a>, o PRB obteve o maior aumento na porcentagem de votos do que qualquer um dos dez partidos principais, obtendo 3,8 milh\u00f5es de votos para prefeito no primeiro turno em todo o Brasil&#8211;um aumento de 51% na porcentagem de votos em 2012 para o partido.<\/p>\n<p>O partido \u00e9 considerado uma base para os pastores evang\u00e9licos e bispos se candidatarem a cargos pol\u00edticos. Pode-se dizer que a <a href=\"http:\/\/bit.ly\/2eL3MfZ\" target=\"_blank\">nova lei eleitoral<\/a>, que pro\u00edbe \u00e0s empresas doarem dinheiro e reduz o tempo das campanhas eleitorais, favorece a pol\u00edtica baseada na igreja: os pregadores dizem aos fi\u00e9is para doar para os pol\u00edticos fi\u00e9is espec\u00edficos.\u00a0\u201cA falta de financiamento empresarial favorece os candidatos das igrejas. Eles t\u00eam uma mobiliza\u00e7\u00e3o forte&#8221;, diz <a href=\"http:\/\/glo.bo\/2dsSOMj\">o fil\u00f3sofo Renato Janine<\/a>.<\/p>\n<p>Dito isso, o PRB continua sendo um partido pequeno e, como \u00e9 o caso com o PSOL de Freixo, <a href=\"http:\/\/glo.bo\/2dQxs94\">ambos s\u00e3o minorit\u00e1rios na C\u00e2mara Municipal<\/a> com o qual, quando eleito, <a href=\"http:\/\/bit.ly\/2dXL8AQ\" target=\"_blank\">ele ter\u00e1 de trabalhar<\/a>. Isto, \u00e0s vezes, poder\u00e1 dificultar as decis\u00f5es pol\u00edticas, embora um estudo recente mostrou que a maioria dos membros da C\u00e2mara Municipal&#8211;<a href=\"http:\/\/bit.ly\/2dJArSl\">um bando notoriamente corrupto<\/a>&#8212;<a href=\"http:\/\/glo.bo\/2dAnKFQ\">declarou apoiar<\/a> Crivella. De fato, uma <a href=\"http:\/\/glo.bo\/2dG5P5j\" target=\"_blank\">reportagem diz<\/a> que partidos pol\u00edticos do Rio, presumindo a vit\u00f3ria de Crivella, j\u00e1 est\u00e3o manobrando em torno dele e est\u00e3o solicitando favores e nomea\u00e7\u00f5es em sua administra\u00e7\u00e3o, e em <a href=\"http:\/\/bit.ly\/2eZmPzK\" target=\"_blank\">outro v\u00eddeo<\/a>, o pr\u00f3prio Crivella diz em festa com a elite da Zona Sul carioca: &#8220;Por eu ser evang\u00e9lico, por eu ter grande penetra\u00e7\u00e3o nas classes mais populares, eu poderei explicar a eles&#8230;o nosso (elite vista no v\u00eddeo, na Vieira Souto) plano que \u00e9 de cuidar da Zona Sul com especial cuidado&#8230; e vacin\u00e1-los (os pobres) pra n\u00e3o vir com aquele discurso que ganhou com os pobres e est\u00e1 fazendo com os ricos, que n\u00e3o \u00e9 n\u00e3o, que isso aqui \u00e9 a nossa vitrine (Zona Sul)&#8221;.<\/p>\n<p>O n\u00facleo da base de apoio de Crivella est\u00e1 entre as comunidades onde a igreja evang\u00e9lica tem mais for\u00e7a, e geograficamente a sua base mais forte encontra-se na vasta e pobre Zona Oeste da cidade.\u00a0Apelando para aqueles com fortes convic\u00e7\u00f5es religiosas e valores conservadores, a ideologia de Crivella&#8211;conforme demonstrado na biografia no <a href=\"http:\/\/bit.ly\/2eBaB2x\">seu website<\/a>&#8211;abra\u00e7a a narrativa evang\u00e9lica pela qual a f\u00e9 e o compromisso com a igreja s\u00e3o recompensados com prosperidade material.<\/p>\n<h3><a href=\"http:\/\/rioonwatch.org.br\/wp-content\/uploads\/2016\/10\/14440785_1221949307828317_943785678298167548_n.jpg\"><img loading=\"lazy\" decoding=\"async\" class=\"aligncenter wp-image-23268 size-content\" title=\"Crivella durante sua campanha para prefeito 2016\" src=\"http:\/\/rioonwatch.org.br\/wp-content\/uploads\/2016\/10\/14440785_1221949307828317_943785678298167548_n-620x264.jpg\" alt=\"14440785_1221949307828317_943785678298167548_n\" width=\"620\" height=\"264\" srcset=\"https:\/\/rioonwatch.org.br\/wp-content\/uploads\/2016\/10\/14440785_1221949307828317_943785678298167548_n-620x264.jpg 620w, https:\/\/rioonwatch.org.br\/wp-content\/uploads\/2016\/10\/14440785_1221949307828317_943785678298167548_n-940x400.jpg 940w\" sizes=\"(max-width: 620px) 100vw, 620px\" \/><\/a><\/h3>\n<h3><strong>Propostas de Pol\u00edticas<\/strong><\/h3>\n<p>As cren\u00e7as pol\u00edticas de Crivella s\u00e3o conservadoras: ele \u00e9 contra a legaliza\u00e7\u00e3o do aborto, do casamento gay e da maconha e \u00e9 a favor da privatiza\u00e7\u00e3o da <a href=\"http:\/\/bit.ly\/1acNApR\" target=\"_blank\">educa\u00e7\u00e3o<\/a>. Tamb\u00e9m <a href=\"http:\/\/bit.ly\/2ermbhs\">pregou que<\/a> \u201cas mulheres at\u00e9 deveriam obedecer mais aos homens, pois afinal de contas s\u00e3o peda\u00e7os dos homens!\u201d referindo-se a Ad\u00e3o e Eva. Referindo-se aos gays, ele disse\u00a0<a href=\"http:\/\/bit.ly\/2ekkvVU\">que<\/a>\u00a0\u201cfulano \u00e9 um pau que nasce torto, e n\u00e3o tem jeito. \u00c0s vezes, a m\u00e3e tentou um aborto&#8221;. Na sua campanha eleitoral no entanto, apresenta-se como um crist\u00e3o moderado e tolerante, e usa o slogan paternalista \u201cchegou a hora de cuidar das pessoas&#8221;. Encontrou-se com membros do movimento LGBT em p\u00fablico, tranquilizando-os v\u00e1rias vezes que o estado deve permanecer secular e que as leis para as minorias n\u00e3o ser\u00e3o tocadas.<\/p>\n<p>Nas suas <a href=\"http:\/\/bit.ly\/2eeAt7r\">propostas de pol\u00edticas<\/a>, <a href=\"http:\/\/bit.ly\/2eCl00X\">totalizando 8 p\u00e1ginas<\/a>, ele foca nos temas de mobilidade urbana, seguran\u00e7a, educa\u00e7\u00e3o, e sa\u00fade, sendo que sa\u00fade e mobilidade s\u00e3o o seu foco.<\/p>\n<p>Com refer\u00eancia a\u00a0<a href=\"http:\/\/bit.ly\/1kzUmMv\" target=\"_blank\">sa\u00fade<\/a>, demonstrada como sendo a <a href=\"http:\/\/bit.ly\/2e7E3Ld\">preocupa\u00e7\u00e3o No. 1<\/a>\u00a0dos cariocas,\u00a0<a href=\"http:\/\/bit.ly\/2e7BnNC\">Crivella prop\u00f5e<\/a> investir R$150 milh\u00f5es a mais por ano e criar 20 novas\u00a0Cl\u00ednicas de Especialistas em toda a cidade at\u00e9 2020, e reestruturar 14 UPAs e 8 hospitais de emerg\u00eancia na cidade. Ele compromete-se a acabar com as esperas para os que procuram cuidados m\u00e9dicos para as emerg\u00eancias com risco de vida e aumentar o n\u00famero de leitos hospitalares em 20%. Tamb\u00e9m planeja estabelecer um esquema de pagamento com base na meritocracia.<\/p>\n<p>Dentre as suas <a href=\"http:\/\/bit.ly\/2eCp9BL\">propostas de educa\u00e7\u00e3o<\/a>, Crivella promete criar 20.000 novas vagas municipais em creches e 40.000 em pr\u00e9-escolas atrav\u00e9s de uma <a href=\"http:\/\/bit.ly\/1Rq1j7H\" target=\"_blank\">parceria p\u00fablico-privada<\/a>, onde o setor privado construir\u00e1 as escolas e a prefeitura fornecer\u00e1 os educadores e as refei\u00e7\u00f5es. At\u00e9 2020 ele diz que 50% das crian\u00e7as em idade escolar prim\u00e1ria ter\u00e3o educa\u00e7\u00e3o em tempo integral.<\/p>\n<p><a href=\"http:\/\/bit.ly\/2eIrZ4T\">Com refer\u00eancia \u00e0 seguran\u00e7a<\/a>, Crivella planeja restabelecer os objetivos da <a href=\"http:\/\/bit.ly\/1QIZkem\">Guarda Municipal<\/a>, que atualmente foca em cuidar dos pr\u00e9dios municipais e aplicar multas em toda a cidade. A sua inten\u00e7\u00e3o \u00e9 que a Guarda Municipal se torne uma for\u00e7a de seguran\u00e7a, proporcionando policiamento comunit\u00e1rio nas \u00e1reas com altos incidentes de assalto e roubo. Crivella tamb\u00e9m quer aumentar o n\u00famero de c\u00e2meras de seguran\u00e7a p\u00fablicas em 20% e criar uma parceria p\u00fablico-privada para modernizar a ilumina\u00e7\u00e3o das ruas no Rio.<\/p>\n<p>Finalmente, dado seu treinamento como engenheiro, Crivella gosta de ressaltar o seu compromisso com a melhoria da mobilidade e do transporte em toda a cidade, com uma <a href=\"http:\/\/bit.ly\/2eBKIRm\">gama de propostas<\/a> que incluem: completar a linha de BRT TransBrasil na Zona Norte; fazer com que o BRT TransCarioca chegue a Ilha do Governador at\u00e9 2020; aumentar em 20% o n\u00famero de \u00f4nibus que atende os sistemas da BRT em toda a cidade; reverter as <a href=\"http:\/\/bit.ly\/1PHlaNC\" target=\"_blank\">mudan\u00e7as controvertidas e de exclus\u00e3o das linhas de \u00f4nibus no Rio<\/a>; aumentar o sistema de Bilhete \u00danico do Rio para permitir uma viagem de tr\u00eas horas; e recuperar o sistema de vans que atende a Zona Oeste da cidade.<\/p>\n<p>Dito tudo isso, Crivella \u00e9 <a href=\"http:\/\/bit.ly\/2eaSEpo\" target=\"_blank\">expl\u00edcito na sua cren\u00e7a que um governo menor seria melhor para a economia<\/a>.<\/p>\n<h3><strong>Propostas para as favelas<\/strong><\/h3>\n<p>Ao lhe perguntarem o que faria nos primeiros 100 dias no poder para <a href=\"http:\/\/bit.ly\/2e2QOvs\">melhorar a situa\u00e7\u00e3o nas favelas<\/a>, Crivella primeiro menciona a melhoria dos servi\u00e7os de sa\u00fade e depois o <a href=\"http:\/\/bit.ly\/14lMZGK\" target=\"_blank\">saneamento<\/a>:<\/p>\n<blockquote><p>&#8220;<a href=\"http:\/\/bit.ly\/2eJhYU8\" target=\"_blank\">Os moradores das comunidades<\/a> s\u00e3o os que mais sofrem com a falta de sa\u00fade. As pesquisas indicam que essa \u00e9 a principal queixa do carioca. Meu primeiro dia de governo ser\u00e1 marcado por um mutir\u00e3o da sa\u00fade. Vou convocar meu secret\u00e1rio de Sa\u00fade, m\u00e9dicos, servidores, funcion\u00e1rios de hospitais e unidades de sa\u00fade pra que a gente comece a dar fim nas filas por um exame, uma consulta, uma cirurgia. Obras foram feitas e agora vamos cuidar das pessoas. Outro problema grave nas comunidades \u00e9 a falta de saneamento. Vamos trabalhar para acabar com o esgoto \u00e0 c\u00e9u aberto em todas as comunidades.&#8221;<\/p><\/blockquote>\n<p>Ele diz que tamb\u00e9m quer fortalecer a Guarda Municipal, treinando-a para \u201clidar com o carioca sem viol\u00eancia\u201d e \u201caproximar a Guarda das pessoas&#8221;.<\/p>\n<p>Em geral, Crivella est\u00e1 fazendo uma <a href=\"http:\/\/glo.bo\/2dsSOMj\">campanha apaziguadora e temperada<\/a>, tentando <a href=\"http:\/\/bit.ly\/2dSUmuD\" target=\"_blank\">evitar a controv\u00e9rsia<\/a> e n\u00e3o arriscar a sua posi\u00e7\u00e3o de lideran\u00e7a. N\u00e3o somente evita conflitos, mas tamb\u00e9m <a href=\"http:\/\/glo.bo\/2dIOslH\">eventos p\u00fablicos e debates abertos com Freixo<\/a>, provocando o hashtag no Twitter <a href=\"http:\/\/bit.ly\/2dU8jJz\">#N\u00e3oFogeDoDebateCrivella<\/a>, mas finalmente mudou o tom e concordou no debate aberto.<\/p>\n<p>Os detalhes controvertidos do seu passado apareceram na m\u00eddia nas \u00faltimas semanas, desafiando a sua imagem como um conciliador purificado. Por exemplo, surgiu\u00a0<a href=\"http:\/\/glo.bo\/2eex0pE\">um livro que escreveu durante a sua miss\u00e3o na \u00c1frica<\/a>, onde acusava os cat\u00f3licos de exercer \u201cpr\u00e1ticas demon\u00edacas\u201d e condenava a homossexualidade. Desde ent\u00e3o tem sido\u00a0<a href=\"http:\/\/bit.ly\/2dzbvyb\" target=\"_blank\">citado por corrup\u00e7\u00e3o nas<\/a> investiga\u00e7\u00f5es federais da <a href=\"http:\/\/bit.ly\/2auCi9h\" target=\"_blank\">Opera\u00e7\u00e3o Lava Jato<\/a>.\u00a0A filha de um\u00a0miliciano conhecido\u00a0<a href=\"http:\/\/bit.ly\/2e7E7e4\">foi a p\u00fablico<\/a> apoiar a sua campanha. E verificou-se que dos 84 projetos de constru\u00e7\u00e3o nos quais trabalhou como engenheiro, <a href=\"http:\/\/glo.bo\/2ejpwlh\">75 eram igrejas<\/a>. Al\u00e9m disso, a edi\u00e7\u00e3o atual da revista de direita <em>Veja<\/em> do Rio de Janeiro (aparentemente a <em>Veja<\/em> e outros poderosos meios de comunica\u00e7\u00e3o s\u00e3o <a href=\"http:\/\/bit.ly\/2exePY1\">contra a ascens\u00e3o de Crivella porque<\/a>\u00a0sua fam\u00edlia \u00e9 propriet\u00e1ria da concorrente\u00a0<a href=\"http:\/\/bit.ly\/2eNZTDI\">Record<\/a>, a segunda maior rede de TV no Brasil) <a href=\"http:\/\/bit.ly\/2emWH4V\">exibe uma foto de Crivella tirada na delegacia ao ser preso em 1990<\/a> por tentar remover \u00e0 for\u00e7a uma fam\u00edlia de um terreno da Igreja Universal. De acordo com a <em>Veja,<\/em> a investiga\u00e7\u00e3o e as fotos na pris\u00e3o foram ocultadas do p\u00fablico durante os \u00faltimos 26 anos. Esta revela\u00e7\u00e3o levou a <a href=\"http:\/\/glo.bo\/2erAl2j\">outros<\/a> poss\u00edveis esc\u00e2ndalos sobre o candidato.<\/p>\n<h4>O terceiro e \u00faltimo debate para a prefeitura do Rio ser\u00e1 realizado na TV Globo essa noite,\u00a0sexta-feira, 28 de outubro, a partir das 22:30 horas. A rede da sociedade civil <a href=\"http:\/\/bit.ly\/2dGeJLb\">Meu Rio estar\u00e1 fazendo a verifica\u00e7\u00e3o dos fatos ao vivo<\/a>. A elei\u00e7\u00e3o ser\u00e1 realizada neste domingo, 30 de outubro.<\/h4>\n<h4>Leia o nosso perfil de Marcelo Freixo\u00a0<a href=\"http:\/\/bit.ly\/2dPXGGL\" target=\"_blank\">aqui<\/a>.<\/h4>\n<h4>Para assistir v\u00eddeos de debates deste ano entre Crivella\u00a0e Freixo, <a href=\"http:\/\/bit.ly\/2eroqDK\" target=\"_blank\">clique aqui<\/a> ou assista abaixo:<\/h4>\n<p><iframe src=\"https:\/\/www.youtube.com\/embed\/EOUv-SZbG3o?list=PLA9xC_xNGPz6i_uIdwG3aS9X4CBVzAMig\" width=\"620\" height=\"349\" frameborder=\"0\" allowfullscreen=\"allowfullscreen\"><\/iframe><\/p>\n<!-- AddThis Advanced Settings generic via filter on the_content --><!-- AddThis Share Buttons generic via filter on the_content -->","protected":false},"excerpt":{"rendered":"<div class=\"mh-excerpt\"><p>Click Here for English Marcelo Crivella, 59, tem um hist\u00f3rico profissional diversificado. Foi motorista de t\u00e1xi, bispo evang\u00e9lico, Ministro da Pesca, artista de grava\u00e7\u00e3o de m\u00fasica gospel, senador, engenheiro, mission\u00e1rio na \u00c1frica e autor de <a class=\"mh-excerpt-more\" href=\"https:\/\/rioonwatch.org.br\/?p=23241\" title=\"Marcello Crivella, Candidato Evang\u00e9lico a Prefeito do Rio de Janeiro [PERFIL]\">[&#8230;]<\/a><!-- AddThis Advanced Settings generic via filter on get_the_excerpt --><!-- AddThis Share Buttons generic via filter on get_the_excerpt --><\/p>\n<\/div>","protected":false},"author":129,"featured_media":23261,"comment_status":"closed","ping_status":"closed","sticky":false,"template":"","format":"standard","meta":{"_acf_changed":false,"_monsterinsights_skip_tracking":false,"_monsterinsights_sitenote_active":false,"_monsterinsights_sitenote_note":"","_monsterinsights_sitenote_category":0,"footnotes":""},"categories":[1618,1621,1632,1626,344],"tags":[497,310,1163,316,1975,457,42,1512,1173,1398,1982,483,257,673,505,1033,838,1986,125,492,294,279,1156,370],"writer":[1972],"translator":[1875],"source":[],"ilustrador":[],"fotografo":[],"class_list":{"0":"post-23241","1":"post","2":"type-post","3":"status-publish","4":"format-standard","5":"has-post-thumbnail","7":"category-olhonaparticipacao","8":"category-destaque","9":"category-pesquisa-e-analise","10":"category-por-observadores-internacionais","11":"category-politicas","12":"tag-brt","13":"tag-corrupcao","14":"tag-presidente-dilma-rousseff","15":"tag-educacao","16":"tag-eleicao-municipal-2016","17":"tag-eleicoes","18":"tag-genero","19":"tag-governador-pezao","20":"tag-guarda-municipal","21":"tag-lgbt","22":"tag-marcelo-crivella","23":"tag-marcelo-freixo","24":"tag-providencia","25":"tag-onibus","26":"tag-parceria-publico-privado","27":"tag-politica","28":"tag-politica-publica","29":"tag-prb","30":"tag-religiao","31":"tag-saneamento","32":"tag-saude","33":"tag-seguranca","34":"tag-transbrasil","35":"tag-transporte-publico","36":"writer-lisa-hollenbach","37":"translator-marina-hennies"},"acf":[],"yoast_head":"<!-- This site is optimized with the Yoast SEO plugin v25.6 - https:\/\/yoast.com\/wordpress\/plugins\/seo\/ -->\n<title>Marcello Crivella, Candidato Evang\u00e9lico a Prefeito do Rio de Janeiro [PERFIL] - RioOnWatch<\/title>\n<meta name=\"robots\" content=\"index, follow, max-snippet:-1, max-image-preview:large, max-video-preview:-1\" \/>\n<link rel=\"canonical\" href=\"https:\/\/rioonwatch.org.br\/?p=23241\" \/>\n<meta property=\"og:locale\" content=\"pt_BR\" \/>\n<meta property=\"og:type\" content=\"article\" \/>\n<meta property=\"og:title\" content=\"Marcello Crivella, Candidato Evang\u00e9lico a Prefeito do Rio de Janeiro [PERFIL] - RioOnWatch\" \/>\n<meta property=\"og:description\" content=\"Click Here for English Marcelo Crivella, 59, tem um hist\u00f3rico profissional diversificado. Foi motorista de t\u00e1xi, bispo evang\u00e9lico, Ministro da Pesca, artista de grava\u00e7\u00e3o de m\u00fasica gospel, senador, engenheiro, mission\u00e1rio na \u00c1frica e autor de [...]\" \/>\n<meta property=\"og:url\" content=\"https:\/\/rioonwatch.org.br\/?p=23241\" \/>\n<meta property=\"og:site_name\" content=\"RioOnWatch\" \/>\n<meta property=\"article:published_time\" content=\"2016-10-28T12:25:31+00:00\" \/>\n<meta property=\"article:modified_time\" content=\"2016-10-28T15:03:07+00:00\" \/>\n<meta property=\"og:image\" content=\"https:\/\/rioonwatch.org.br\/wp-content\/uploads\/2016\/10\/Crivella-running-for-state-governor-in-2014.jpg\" \/>\n\t<meta property=\"og:image:width\" content=\"1000\" \/>\n\t<meta property=\"og:image:height\" content=\"662\" \/>\n\t<meta property=\"og:image:type\" content=\"image\/jpeg\" \/>\n<meta name=\"author\" content=\"Admin\" \/>\n<meta name=\"twitter:card\" content=\"summary_large_image\" \/>\n<meta name=\"twitter:label1\" content=\"Escrito por\" \/>\n\t<meta name=\"twitter:data1\" content=\"Admin\" \/>\n\t<meta name=\"twitter:label2\" content=\"Est. tempo de leitura\" \/>\n\t<meta name=\"twitter:data2\" content=\"10 minutos\" \/>\n<script type=\"application\/ld+json\" class=\"yoast-schema-graph\">{\"@context\":\"https:\/\/schema.org\",\"@graph\":[{\"@type\":\"Article\",\"@id\":\"https:\/\/rioonwatch.org.br\/?p=23241#article\",\"isPartOf\":{\"@id\":\"https:\/\/rioonwatch.org.br\/?p=23241\"},\"author\":{\"name\":\"Admin\",\"@id\":\"https:\/\/rioonwatch.org.br\/#\/schema\/person\/11d64c290506f9df50c71b850c473f68\"},\"headline\":\"Marcello Crivella, Candidato Evang\u00e9lico a Prefeito do Rio de Janeiro [PERFIL]\",\"datePublished\":\"2016-10-28T12:25:31+00:00\",\"dateModified\":\"2016-10-28T15:03:07+00:00\",\"mainEntityOfPage\":{\"@id\":\"https:\/\/rioonwatch.org.br\/?p=23241\"},\"wordCount\":1962,\"publisher\":{\"@id\":\"https:\/\/rioonwatch.org.br\/#organization\"},\"image\":{\"@id\":\"https:\/\/rioonwatch.org.br\/?p=23241#primaryimage\"},\"thumbnailUrl\":\"https:\/\/rioonwatch.org.br\/wp-content\/uploads\/2016\/10\/Crivella-running-for-state-governor-in-2014.jpg\",\"keywords\":[\"BRT\",\"corrup\u00e7\u00e3o\",\"Dilma Rousseff\",\"educa\u00e7\u00e3o\",\"elei\u00e7\u00e3o municipal 2016\",\"Elei\u00e7\u00f5es\",\"g\u00eanero\",\"Governador Pez\u00e3o\",\"Guarda Municipal\",\"LGBTQIAPN+\",\"Marcelo Crivella\",\"Marcelo Freixo\",\"Morro da Provid\u00eancia\",\"\u00f4nibus\",\"Parceria P\u00fablico-Privada\",\"pol\u00edtica\",\"pol\u00edtica p\u00fablica\",\"PRB\",\"religi\u00e3o\",\"saneamento\",\"sa\u00fade\",\"seguran\u00e7a\",\"TransBrasil\",\"transporte p\u00fablico\"],\"articleSection\":[\"#OlhoNaParticipa\u00e7\u00e3o\",\"*Destaque\",\"Dados e Pesquisa\",\"Escrito por Aliados\",\"Pol\u00edticas\"],\"inLanguage\":\"pt-BR\"},{\"@type\":\"WebPage\",\"@id\":\"https:\/\/rioonwatch.org.br\/?p=23241\",\"url\":\"https:\/\/rioonwatch.org.br\/?p=23241\",\"name\":\"Marcello Crivella, Candidato Evang\u00e9lico a Prefeito do Rio de Janeiro [PERFIL] - RioOnWatch\",\"isPartOf\":{\"@id\":\"https:\/\/rioonwatch.org.br\/#website\"},\"primaryImageOfPage\":{\"@id\":\"https:\/\/rioonwatch.org.br\/?p=23241#primaryimage\"},\"image\":{\"@id\":\"https:\/\/rioonwatch.org.br\/?p=23241#primaryimage\"},\"thumbnailUrl\":\"https:\/\/rioonwatch.org.br\/wp-content\/uploads\/2016\/10\/Crivella-running-for-state-governor-in-2014.jpg\",\"datePublished\":\"2016-10-28T12:25:31+00:00\",\"dateModified\":\"2016-10-28T15:03:07+00:00\",\"breadcrumb\":{\"@id\":\"https:\/\/rioonwatch.org.br\/?p=23241#breadcrumb\"},\"inLanguage\":\"pt-BR\",\"potentialAction\":[{\"@type\":\"ReadAction\",\"target\":[\"https:\/\/rioonwatch.org.br\/?p=23241\"]}]},{\"@type\":\"ImageObject\",\"inLanguage\":\"pt-BR\",\"@id\":\"https:\/\/rioonwatch.org.br\/?p=23241#primaryimage\",\"url\":\"https:\/\/rioonwatch.org.br\/wp-content\/uploads\/2016\/10\/Crivella-running-for-state-governor-in-2014.jpg\",\"contentUrl\":\"https:\/\/rioonwatch.org.br\/wp-content\/uploads\/2016\/10\/Crivella-running-for-state-governor-in-2014.jpg\",\"width\":1000,\"height\":662},{\"@type\":\"BreadcrumbList\",\"@id\":\"https:\/\/rioonwatch.org.br\/?p=23241#breadcrumb\",\"itemListElement\":[{\"@type\":\"ListItem\",\"position\":1,\"name\":\"In\u00edcio\",\"item\":\"https:\/\/rioonwatch.org.br\/\"},{\"@type\":\"ListItem\",\"position\":2,\"name\":\"Marcello Crivella, Candidato Evang\u00e9lico a Prefeito do Rio de Janeiro [PERFIL]\"}]},{\"@type\":\"WebSite\",\"@id\":\"https:\/\/rioonwatch.org.br\/#website\",\"url\":\"https:\/\/rioonwatch.org.br\/\",\"name\":\"RioOnWatch\",\"description\":\"relatos das favelas cariocas\",\"publisher\":{\"@id\":\"https:\/\/rioonwatch.org.br\/#organization\"},\"potentialAction\":[{\"@type\":\"SearchAction\",\"target\":{\"@type\":\"EntryPoint\",\"urlTemplate\":\"https:\/\/rioonwatch.org.br\/?s={search_term_string}\"},\"query-input\":{\"@type\":\"PropertyValueSpecification\",\"valueRequired\":true,\"valueName\":\"search_term_string\"}}],\"inLanguage\":\"pt-BR\"},{\"@type\":\"Organization\",\"@id\":\"https:\/\/rioonwatch.org.br\/#organization\",\"name\":\"RioOnWatch\",\"url\":\"https:\/\/rioonwatch.org.br\/\",\"logo\":{\"@type\":\"ImageObject\",\"inLanguage\":\"pt-BR\",\"@id\":\"https:\/\/rioonwatch.org.br\/#\/schema\/logo\/image\/\",\"url\":\"https:\/\/rioonwatch.org.br\/wp-content\/uploads\/2021\/06\/RioOnWatchcabecalhoPT11anos-2.png\",\"contentUrl\":\"https:\/\/rioonwatch.org.br\/wp-content\/uploads\/2021\/06\/RioOnWatchcabecalhoPT11anos-2.png\",\"width\":779,\"height\":277,\"caption\":\"RioOnWatch\"},\"image\":{\"@id\":\"https:\/\/rioonwatch.org.br\/#\/schema\/logo\/image\/\"}},{\"@type\":\"Person\",\"@id\":\"https:\/\/rioonwatch.org.br\/#\/schema\/person\/11d64c290506f9df50c71b850c473f68\",\"name\":\"Admin\",\"image\":{\"@type\":\"ImageObject\",\"inLanguage\":\"pt-BR\",\"@id\":\"https:\/\/rioonwatch.org.br\/#\/schema\/person\/image\/\",\"url\":\"https:\/\/secure.gravatar.com\/avatar\/56211ac74568383903349a1485e3c325?s=96&d=blank&r=g\",\"contentUrl\":\"https:\/\/secure.gravatar.com\/avatar\/56211ac74568383903349a1485e3c325?s=96&d=blank&r=g\",\"caption\":\"Admin\"},\"url\":\"https:\/\/rioonwatch.org.br\/?author=129\"}]}<\/script>\n<!-- \/ Yoast SEO plugin. -->","yoast_head_json":{"title":"Marcello Crivella, Candidato Evang\u00e9lico a Prefeito do Rio de Janeiro [PERFIL] - RioOnWatch","robots":{"index":"index","follow":"follow","max-snippet":"max-snippet:-1","max-image-preview":"max-image-preview:large","max-video-preview":"max-video-preview:-1"},"canonical":"https:\/\/rioonwatch.org.br\/?p=23241","og_locale":"pt_BR","og_type":"article","og_title":"Marcello Crivella, Candidato Evang\u00e9lico a Prefeito do Rio de Janeiro [PERFIL] - RioOnWatch","og_description":"Click Here for English Marcelo Crivella, 59, tem um hist\u00f3rico profissional diversificado. Foi motorista de t\u00e1xi, bispo evang\u00e9lico, Ministro da Pesca, artista de grava\u00e7\u00e3o de m\u00fasica gospel, senador, engenheiro, mission\u00e1rio na \u00c1frica e autor de [...]","og_url":"https:\/\/rioonwatch.org.br\/?p=23241","og_site_name":"RioOnWatch","article_published_time":"2016-10-28T12:25:31+00:00","article_modified_time":"2016-10-28T15:03:07+00:00","og_image":[{"width":1000,"height":662,"url":"https:\/\/rioonwatch.org.br\/wp-content\/uploads\/2016\/10\/Crivella-running-for-state-governor-in-2014.jpg","type":"image\/jpeg"}],"author":"Admin","twitter_card":"summary_large_image","twitter_misc":{"Escrito por":"Admin","Est. tempo de leitura":"10 minutos"},"schema":{"@context":"https:\/\/schema.org","@graph":[{"@type":"Article","@id":"https:\/\/rioonwatch.org.br\/?p=23241#article","isPartOf":{"@id":"https:\/\/rioonwatch.org.br\/?p=23241"},"author":{"name":"Admin","@id":"https:\/\/rioonwatch.org.br\/#\/schema\/person\/11d64c290506f9df50c71b850c473f68"},"headline":"Marcello Crivella, Candidato Evang\u00e9lico a Prefeito do Rio de Janeiro [PERFIL]","datePublished":"2016-10-28T12:25:31+00:00","dateModified":"2016-10-28T15:03:07+00:00","mainEntityOfPage":{"@id":"https:\/\/rioonwatch.org.br\/?p=23241"},"wordCount":1962,"publisher":{"@id":"https:\/\/rioonwatch.org.br\/#organization"},"image":{"@id":"https:\/\/rioonwatch.org.br\/?p=23241#primaryimage"},"thumbnailUrl":"https:\/\/rioonwatch.org.br\/wp-content\/uploads\/2016\/10\/Crivella-running-for-state-governor-in-2014.jpg","keywords":["BRT","corrup\u00e7\u00e3o","Dilma Rousseff","educa\u00e7\u00e3o","elei\u00e7\u00e3o municipal 2016","Elei\u00e7\u00f5es","g\u00eanero","Governador Pez\u00e3o","Guarda Municipal","LGBTQIAPN+","Marcelo Crivella","Marcelo Freixo","Morro da Provid\u00eancia","\u00f4nibus","Parceria P\u00fablico-Privada","pol\u00edtica","pol\u00edtica p\u00fablica","PRB","religi\u00e3o","saneamento","sa\u00fade","seguran\u00e7a","TransBrasil","transporte p\u00fablico"],"articleSection":["#OlhoNaParticipa\u00e7\u00e3o","*Destaque","Dados e Pesquisa","Escrito por Aliados","Pol\u00edticas"],"inLanguage":"pt-BR"},{"@type":"WebPage","@id":"https:\/\/rioonwatch.org.br\/?p=23241","url":"https:\/\/rioonwatch.org.br\/?p=23241","name":"Marcello Crivella, Candidato Evang\u00e9lico a Prefeito do Rio de Janeiro [PERFIL] - RioOnWatch","isPartOf":{"@id":"https:\/\/rioonwatch.org.br\/#website"},"primaryImageOfPage":{"@id":"https:\/\/rioonwatch.org.br\/?p=23241#primaryimage"},"image":{"@id":"https:\/\/rioonwatch.org.br\/?p=23241#primaryimage"},"thumbnailUrl":"https:\/\/rioonwatch.org.br\/wp-content\/uploads\/2016\/10\/Crivella-running-for-state-governor-in-2014.jpg","datePublished":"2016-10-28T12:25:31+00:00","dateModified":"2016-10-28T15:03:07+00:00","breadcrumb":{"@id":"https:\/\/rioonwatch.org.br\/?p=23241#breadcrumb"},"inLanguage":"pt-BR","potentialAction":[{"@type":"ReadAction","target":["https:\/\/rioonwatch.org.br\/?p=23241"]}]},{"@type":"ImageObject","inLanguage":"pt-BR","@id":"https:\/\/rioonwatch.org.br\/?p=23241#primaryimage","url":"https:\/\/rioonwatch.org.br\/wp-content\/uploads\/2016\/10\/Crivella-running-for-state-governor-in-2014.jpg","contentUrl":"https:\/\/rioonwatch.org.br\/wp-content\/uploads\/2016\/10\/Crivella-running-for-state-governor-in-2014.jpg","width":1000,"height":662},{"@type":"BreadcrumbList","@id":"https:\/\/rioonwatch.org.br\/?p=23241#breadcrumb","itemListElement":[{"@type":"ListItem","position":1,"name":"In\u00edcio","item":"https:\/\/rioonwatch.org.br\/"},{"@type":"ListItem","position":2,"name":"Marcello Crivella, Candidato Evang\u00e9lico a Prefeito do Rio de Janeiro [PERFIL]"}]},{"@type":"WebSite","@id":"https:\/\/rioonwatch.org.br\/#website","url":"https:\/\/rioonwatch.org.br\/","name":"RioOnWatch","description":"relatos das favelas cariocas","publisher":{"@id":"https:\/\/rioonwatch.org.br\/#organization"},"potentialAction":[{"@type":"SearchAction","target":{"@type":"EntryPoint","urlTemplate":"https:\/\/rioonwatch.org.br\/?s={search_term_string}"},"query-input":{"@type":"PropertyValueSpecification","valueRequired":true,"valueName":"search_term_string"}}],"inLanguage":"pt-BR"},{"@type":"Organization","@id":"https:\/\/rioonwatch.org.br\/#organization","name":"RioOnWatch","url":"https:\/\/rioonwatch.org.br\/","logo":{"@type":"ImageObject","inLanguage":"pt-BR","@id":"https:\/\/rioonwatch.org.br\/#\/schema\/logo\/image\/","url":"https:\/\/rioonwatch.org.br\/wp-content\/uploads\/2021\/06\/RioOnWatchcabecalhoPT11anos-2.png","contentUrl":"https:\/\/rioonwatch.org.br\/wp-content\/uploads\/2021\/06\/RioOnWatchcabecalhoPT11anos-2.png","width":779,"height":277,"caption":"RioOnWatch"},"image":{"@id":"https:\/\/rioonwatch.org.br\/#\/schema\/logo\/image\/"}},{"@type":"Person","@id":"https:\/\/rioonwatch.org.br\/#\/schema\/person\/11d64c290506f9df50c71b850c473f68","name":"Admin","image":{"@type":"ImageObject","inLanguage":"pt-BR","@id":"https:\/\/rioonwatch.org.br\/#\/schema\/person\/image\/","url":"https:\/\/secure.gravatar.com\/avatar\/56211ac74568383903349a1485e3c325?s=96&d=blank&r=g","contentUrl":"https:\/\/secure.gravatar.com\/avatar\/56211ac74568383903349a1485e3c325?s=96&d=blank&r=g","caption":"Admin"},"url":"https:\/\/rioonwatch.org.br\/?author=129"}]}},"_links":{"self":[{"href":"https:\/\/rioonwatch.org.br\/index.php?rest_route=\/wp\/v2\/posts\/23241"}],"collection":[{"href":"https:\/\/rioonwatch.org.br\/index.php?rest_route=\/wp\/v2\/posts"}],"about":[{"href":"https:\/\/rioonwatch.org.br\/index.php?rest_route=\/wp\/v2\/types\/post"}],"author":[{"embeddable":true,"href":"https:\/\/rioonwatch.org.br\/index.php?rest_route=\/wp\/v2\/users\/129"}],"replies":[{"embeddable":true,"href":"https:\/\/rioonwatch.org.br\/index.php?rest_route=%2Fwp%2Fv2%2Fcomments&post=23241"}],"version-history":[{"count":22,"href":"https:\/\/rioonwatch.org.br\/index.php?rest_route=\/wp\/v2\/posts\/23241\/revisions"}],"predecessor-version":[{"id":23299,"href":"https:\/\/rioonwatch.org.br\/index.php?rest_route=\/wp\/v2\/posts\/23241\/revisions\/23299"}],"wp:featuredmedia":[{"embeddable":true,"href":"https:\/\/rioonwatch.org.br\/index.php?rest_route=\/wp\/v2\/media\/23261"}],"wp:attachment":[{"href":"https:\/\/rioonwatch.org.br\/index.php?rest_route=%2Fwp%2Fv2%2Fmedia&parent=23241"}],"wp:term":[{"taxonomy":"category","embeddable":true,"href":"https:\/\/rioonwatch.org.br\/index.php?rest_route=%2Fwp%2Fv2%2Fcategories&post=23241"},{"taxonomy":"post_tag","embeddable":true,"href":"https:\/\/rioonwatch.org.br\/index.php?rest_route=%2Fwp%2Fv2%2Ftags&post=23241"},{"taxonomy":"writer","embeddable":true,"href":"https:\/\/rioonwatch.org.br\/index.php?rest_route=%2Fwp%2Fv2%2Fwriter&post=23241"},{"taxonomy":"translator","embeddable":true,"href":"https:\/\/rioonwatch.org.br\/index.php?rest_route=%2Fwp%2Fv2%2Ftranslator&post=23241"},{"taxonomy":"source","embeddable":true,"href":"https:\/\/rioonwatch.org.br\/index.php?rest_route=%2Fwp%2Fv2%2Fsource&post=23241"},{"taxonomy":"ilustrador","embeddable":true,"href":"https:\/\/rioonwatch.org.br\/index.php?rest_route=%2Fwp%2Fv2%2Filustrador&post=23241"},{"taxonomy":"fotografo","embeddable":true,"href":"https:\/\/rioonwatch.org.br\/index.php?rest_route=%2Fwp%2Fv2%2Ffotografo&post=23241"}],"curies":[{"name":"wp","href":"https:\/\/api.w.org\/{rel}","templated":true}]}}