{"id":23307,"date":"2016-11-01T10:35:26","date_gmt":"2016-11-01T13:35:26","guid":{"rendered":"http:\/\/rioonwatch.org.br\/?p=23307"},"modified":"2016-11-01T10:35:26","modified_gmt":"2016-11-01T13:35:26","slug":"lideres-ambientais-comunitarios-cariocas-compartilham-boas-praticas-na-semana-lixo-zero","status":"publish","type":"post","link":"https:\/\/rioonwatch.org.br\/?p=23307","title":{"rendered":"L\u00edderes Ambientais Comunit\u00e1rios Cariocas Compartilham Boas Pr\u00e1ticas na Semana Lixo Zero"},"content":{"rendered":"<p style=\"text-align: right;\"><em><strong><a href=\"http:\/\/bit.ly\/2f9vzU2\" target=\"_blank\">Click Here for English<img decoding=\"async\" width=\"20\" height=\"20\" class=\"alignright wp-image-15790\" src=\"http:\/\/rioonwatch.org.br\/wp-content\/uploads\/2012\/08\/EN-standard-e1439583104716.jpg\" alt=\"\" \/><\/a><\/strong><\/em><\/p>\n<p>Estudantes, professores, profissionais e atores da sociedade civil se reuniram no Rio na semana passada na <a href=\"http:\/\/bit.ly\/2eOFrpK\" target=\"_blank\">Semana Lixo Zero<\/a>. Liderada pela organiza\u00e7\u00e3o sem fins lucrativos <a href=\"http:\/\/on.fb.me\/1l3P7vQ\" target=\"_blank\">Instituto Lixo Zero Brasil<\/a>, os participantes envolveram-se em debates, apresenta\u00e7\u00f5es e semin\u00e1rios ao longo da programa\u00e7\u00e3o de nove dias, entre 21 e 30 de outubro. Esse \u00e9 o <a href=\"http:\/\/bit.ly\/1MuuymB\" target=\"_blank\">segundo ano<\/a> em que a cidade do Rio organiza oficialmente uma Semana Lixo Zero.<\/p>\n<p>V\u00e1rios tipos de organiza\u00e7\u00f5es comunit\u00e1rias estavam inclu\u00eddas na Semana Lixo Zero. Nas palavras dos organizadores, o objetivo \u00e9 \u201cpromover atividades que abordem \u00e0 gest\u00e3o de res\u00edduos s\u00f3lidos e o conceito do Lixo Zero em diversos segmentos da sociedade\u201d. O evento no Rio enfatizou\u00a0<a href=\"http:\/\/bit.ly\/1j5bUzA\" target=\"_blank\">solu\u00e7\u00f5es comunit\u00e1rias<\/a> e dedicou um tempo significativo \u00e0 discuss\u00e3o de quest\u00f5es sobre a <a href=\"http:\/\/bit.ly\/2eVQoDf\" target=\"_blank\">gest\u00e3o de res\u00edduos<\/a> nas favelas.<\/p>\n<p><a href=\"http:\/\/rioonwatch.org.br\/wp-content\/uploads\/2016\/10\/14479563_1420034654733194_8289363553179261742_n.jpg\"><img fetchpriority=\"high\" decoding=\"async\" class=\"aligncenter wp-image-23311 size-content\" title=\"Apresenta\u00e7\u00e3o de solu\u00e7\u00f5es comunit\u00e1rias. Foto por Semana Lixo Zero\" src=\"http:\/\/rioonwatch.org.br\/wp-content\/uploads\/2016\/10\/14479563_1420034654733194_8289363553179261742_n-620x264.jpg\" alt=\"14479563_1420034654733194_8289363553179261742_n\" width=\"620\" height=\"264\" srcset=\"https:\/\/rioonwatch.org.br\/wp-content\/uploads\/2016\/10\/14479563_1420034654733194_8289363553179261742_n-620x264.jpg 620w, https:\/\/rioonwatch.org.br\/wp-content\/uploads\/2016\/10\/14479563_1420034654733194_8289363553179261742_n-940x400.jpg 940w\" sizes=\"(max-width: 620px) 100vw, 620px\" \/><\/a><\/p>\n<p>No dia 26 de outubro, a Semana Lixo Zero realizou o encontro\u00a0<a href=\"http:\/\/bit.ly\/2e4sAyr\" target=\"_blank\">Comunidades Lixo Zero: Compartilhando Solu\u00e7\u00f5es<\/a> no Museu da Justi\u00e7a. As dez apresenta\u00e7\u00f5es foram compartilhadas com o grupo de 60 participantes que continha membros de organiza\u00e7\u00f5es sem fins lucrativos, coletivos comunit\u00e1rios e iniciativas sociais. Todos estavam conectados atrav\u00e9s do foco na promo\u00e7\u00e3o da sustentabilidade ambiental nas favelas do Rio e nos bairros da periferia da cidade.<\/p>\n<p>O organizador do evento Egeu Laus come\u00e7ou a sess\u00e3o com um panorama sobre o <a href=\"http:\/\/bit.ly\/1de5jWM\" target=\"_blank\">problema do lixo<\/a> nas favelas. Falta uma estimativa concreta da quantidade de lixo existente nas favelas e isso \u00e9 uma barreira significativa para delinear solu\u00e7\u00f5es abrangentes. No entanto, uma estat\u00edstica, aceita pelo Instituto Lixo Zero do Brasil, mostra que 85 toneladas de lixo s\u00e3o removidas diariamente da <a href=\"http:\/\/bit.ly\/16w2zz1\" target=\"_blank\">Rocinha<\/a>, a maior favela do Rio.<\/p>\n<p>O conceito do Lixo Zero nas favelas n\u00e3o \u00e9 apenas para servir um prop\u00f3sito est\u00e9tico. O descarte impr\u00f3prio de lixo nas favelas pode causar contamina\u00e7\u00e3o do solo e da \u00e1gua e obstruir a infraestrutura, e tamb\u00e9m promove a <a href=\"http:\/\/bit.ly\/2cD3jZc\" target=\"_blank\">dissemina\u00e7\u00e3o de doen\u00e7as por atrair roedores<\/a>. Egeu Laus citou que 60% dos ratos que vivem nas favelas do Rio est\u00e3o infectados com\u00a0leptospirose.<\/p>\n<p>Os moradores das favelas devem ser os principais agentes de mudan\u00e7a em dire\u00e7\u00e3o \u00e0 sustentabilidade ambiental. Os dez projetos apresentados no Comunidades Lixo Zero: Compartilhando Solu\u00e7\u00f5es incorporam essa filosofia, pois resultam de uma necessidade identificada no local somado ao trabalho com os moradores para alcan\u00e7ar o sucesso.<\/p>\n<p><a href=\"http:\/\/rioonwatch.org.br\/wp-content\/uploads\/2016\/10\/2013-611566298-2013050936142.jpg_20130509.jpg\"><img decoding=\"async\" class=\"aligncenter wp-image-23312 size-content\" title=\"Cleusa Floren\u00e7a fundou o Projeto de Patrulhinha de Limpeza em Rio das Pedras\" src=\"http:\/\/rioonwatch.org.br\/wp-content\/uploads\/2016\/10\/2013-611566298-2013050936142.jpg_20130509-620x264.jpg\" alt=\"2013-611566298-2013050936142-jpg_20130509\" width=\"620\" height=\"264\" srcset=\"https:\/\/rioonwatch.org.br\/wp-content\/uploads\/2016\/10\/2013-611566298-2013050936142.jpg_20130509-620x264.jpg 620w, https:\/\/rioonwatch.org.br\/wp-content\/uploads\/2016\/10\/2013-611566298-2013050936142.jpg_20130509-940x400.jpg 940w\" sizes=\"(max-width: 620px) 100vw, 620px\" \/><\/a><\/p>\n<p>Em <a href=\"http:\/\/bit.ly\/1HgPoFM\" target=\"_blank\">Rio das Pedras<\/a>, na <a href=\"http:\/\/bit.ly\/11tBmFR\" target=\"_blank\">Zona Oeste<\/a> do Rio, o\u00a0<a href=\"http:\/\/bit.ly\/2eOEM7S\" target=\"_blank\">Projeto Patrulhinha da Limpeza<\/a>\u00a0\u00e9 um modelo do poder da mobiliza\u00e7\u00e3o comunit\u00e1ria. O projeto envolve tanto a juventude quanto educadores da comunidade, que\u00a0<a href=\"http:\/\/bit.ly\/2e4D5i8\" target=\"_blank\">patrulham as ruas<\/a> para prevenir o descarte de lixo e colocam avisos p\u00fablicos em locais onde o lixo se acumula. Rio das Pedras foi amplamente considerado um dos bairros mais sujos de <a href=\"http:\/\/bit.ly\/1HgPTzq\" target=\"_blank\">Jacarepagu\u00e1<\/a>, mas o Projeto Patrulhinha da Limpeza reduziu drasticamente a quantidade de lixo na comunidade.<\/p>\n<p>O <a href=\"http:\/\/bit.ly\/2eZ8hjG\" target=\"_blank\">Projeto Viva Bairro<\/a>, outro projeto comunit\u00e1rio apresentado no Comunidades Lixo Zero: Compartilhando Solu\u00e7\u00f5es, trabalha com associa\u00e7\u00f5es de moradores em comunidades como o\u00a0<a href=\"http:\/\/bit.ly\/18t2kEo\" target=\"_blank\">Tabajaras<\/a> e <a href=\"http:\/\/bit.ly\/1CkhQ4E\" target=\"_blank\">Cabritos<\/a> na <a href=\"http:\/\/bit.ly\/1mNsDyk\" target=\"_blank\">Zona Sul<\/a>; e no M\u00e9ier e na <a href=\"http:\/\/bit.ly\/1KFTsNJ\" target=\"_blank\">Tijuca<\/a>\u00a0na Zona Norte para concluir projetos de agricultura urbana, educa\u00e7\u00e3o ambiental e express\u00e3o art\u00edstica. Al\u00e9m do Rio de Janeiro, o Projeto Viva Bairro opera em S\u00e3o Paulo.<\/p>\n<div>\n<p>Outras oito organiza\u00e7\u00f5es estavam presentes para falar sobre seus trabalhos. Sendo elas: coletivos sociais como o grupo de horticultura <a href=\"http:\/\/bit.ly\/2eeButb\" target=\"_blank\">Planta na Rua RJ Jardinagem Social<\/a>, o Coletivo\u00a0<a class=\"_2wma\" href=\"http:\/\/bit.ly\/2f4urTi\" target=\"_blank\">Feira de Trocas Solid\u00e1rias &#8211; eu, n\u00f3s e a natureza<\/a>, o <a href=\"http:\/\/bit.ly\/2f0CBOm\" target=\"_blank\">Projeto Verde Vale da Pavuna<\/a>, o <a href=\"http:\/\/bit.ly\/2fmTBjm\" target=\"_blank\">Projeto ReciclA\u00e7\u00e3o<\/a>\u00a0e o <a href=\"http:\/\/bit.ly\/2f0BKNH\" target=\"_blank\">Projeto \u00d3leo Zero<\/a>; empreendimentos sociais como o <a href=\"http:\/\/bit.ly\/2eeAzsQ\" target=\"_blank\">CARPE Projetos Socioambientais<\/a>; organiza\u00e7\u00f5es da sociedade civil como a <a href=\"http:\/\/bit.ly\/2fwrUDZ\" target=\"_blank\">Comiss\u00e3o de Meio Ambiente de Jacarepagu\u00e1<\/a> e o Instituto <a href=\"http:\/\/bit.ly\/2f0CGSv\" target=\"_blank\">Guardi\u00f5es de Gaya<\/a>.<\/p>\n<p><a href=\"http:\/\/rioonwatch.org.br\/wp-content\/uploads\/2016\/10\/3-1.png\"><img loading=\"lazy\" decoding=\"async\" class=\"aligncenter wp-image-23313 size-content\" title=\"Foto por Semana do Lixo\" src=\"http:\/\/rioonwatch.org.br\/wp-content\/uploads\/2016\/10\/3-1-620x264.png\" alt=\"3\" width=\"620\" height=\"264\" srcset=\"https:\/\/rioonwatch.org.br\/wp-content\/uploads\/2016\/10\/3-1-620x264.png 620w, https:\/\/rioonwatch.org.br\/wp-content\/uploads\/2016\/10\/3-1-940x400.png 940w\" sizes=\"(max-width: 620px) 100vw, 620px\" \/><\/a><\/p>\n<p>A energia e as solu\u00e7\u00f5es comunit\u00e1rias construtivas trazidas pelos participantes e apresentadores, no evento de 26 de outubro, \u00e9 um bom press\u00e1gio para as favelas do Rio, j\u00e1 que uma maior aten\u00e7\u00e3o vem sendo dada ao desenvolvimento de estrat\u00e9gias colaborativas&#8211;ao inv\u00e9s de verticais&#8211;e prioridade ao impacto social ao trabalhar para promover a sustentabilidade ambiental urbana.<\/p>\n<\/div>\n<!-- AddThis Advanced Settings generic via filter on the_content --><!-- AddThis Share Buttons generic via filter on the_content -->","protected":false},"excerpt":{"rendered":"<div class=\"mh-excerpt\"><p>Click Here for English Estudantes, professores, profissionais e atores da sociedade civil se reuniram no Rio na semana passada na Semana Lixo Zero. Liderada pela organiza\u00e7\u00e3o sem fins lucrativos Instituto Lixo Zero Brasil, os participantes <a class=\"mh-excerpt-more\" href=\"https:\/\/rioonwatch.org.br\/?p=23307\" title=\"L\u00edderes Ambientais Comunit\u00e1rios Cariocas Compartilham Boas Pr\u00e1ticas na Semana Lixo Zero\">[&#8230;]<\/a><!-- AddThis Advanced Settings generic via filter on get_the_excerpt --><!-- AddThis Share Buttons generic via filter on get_the_excerpt --><\/p>\n<\/div>","protected":false},"author":129,"featured_media":23310,"comment_status":"closed","ping_status":"closed","sticky":false,"template":"","format":"standard","meta":{"_acf_changed":false,"_monsterinsights_skip_tracking":false,"_monsterinsights_sitenote_active":false,"_monsterinsights_sitenote_note":"","_monsterinsights_sitenote_category":0,"footnotes":""},"categories":[1621,1627,1626,1612,342,1639],"tags":[363,1554,60,360,106,1072,1393,16,1347,476,404,93,218,184,383],"writer":[1974],"translator":[1862],"source":[],"ilustrador":[],"fotografo":[],"class_list":{"0":"post-23307","1":"post","2":"type-post","3":"status-publish","4":"format-standard","5":"has-post-thumbnail","7":"category-destaque","8":"category-relato-de-evento","9":"category-por-observadores-internacionais","10":"category-sociedade-civil","11":"category-solucoes","12":"category-sustentabilidade","13":"tag-educacao-ambiental","14":"tag-gestao-de-residuos","15":"tag-tijuca","16":"tag-lixo","17":"tag-meio-ambiente","18":"tag-morro-dos-cabritos","19":"tag-rio-das-pedras","20":"tag-rocinha","21":"tag-solucao","22":"tag-solucao-comunitaria","23":"tag-sustentabilidade","24":"tag-tabajaras","25":"tag-zona-norte","26":"tag-zona-oeste","27":"tag-zona-sul","28":"writer-laura-fairman","29":"translator-caroline-quintanilha"},"acf":[],"yoast_head":"<!-- This site is optimized with the Yoast SEO plugin v25.6 - https:\/\/yoast.com\/wordpress\/plugins\/seo\/ -->\n<title>L\u00edderes Ambientais Comunit\u00e1rios Cariocas Compartilham Boas Pr\u00e1ticas na Semana Lixo Zero - RioOnWatch<\/title>\n<meta name=\"robots\" content=\"index, follow, max-snippet:-1, max-image-preview:large, max-video-preview:-1\" \/>\n<link rel=\"canonical\" href=\"https:\/\/rioonwatch.org.br\/?p=23307\" \/>\n<meta property=\"og:locale\" content=\"pt_BR\" \/>\n<meta property=\"og:type\" content=\"article\" \/>\n<meta property=\"og:title\" content=\"L\u00edderes Ambientais Comunit\u00e1rios Cariocas Compartilham Boas Pr\u00e1ticas na Semana Lixo Zero - RioOnWatch\" \/>\n<meta property=\"og:description\" content=\"Click Here for English Estudantes, professores, profissionais e atores da sociedade civil se reuniram no Rio na semana passada na Semana Lixo Zero. Liderada pela organiza\u00e7\u00e3o sem fins lucrativos Instituto Lixo Zero Brasil, os participantes [...]\" \/>\n<meta property=\"og:url\" content=\"https:\/\/rioonwatch.org.br\/?p=23307\" \/>\n<meta property=\"og:site_name\" content=\"RioOnWatch\" \/>\n<meta property=\"article:published_time\" content=\"2016-11-01T13:35:26+00:00\" \/>\n<meta property=\"og:image\" content=\"https:\/\/rioonwatch.org.br\/wp-content\/uploads\/2016\/10\/3.png\" \/>\n\t<meta property=\"og:image:width\" content=\"1500\" \/>\n\t<meta property=\"og:image:height\" content=\"1200\" \/>\n\t<meta property=\"og:image:type\" content=\"image\/png\" \/>\n<meta name=\"author\" content=\"Admin\" \/>\n<meta name=\"twitter:card\" content=\"summary_large_image\" \/>\n<meta name=\"twitter:label1\" content=\"Escrito por\" \/>\n\t<meta name=\"twitter:data1\" content=\"Admin\" \/>\n\t<meta name=\"twitter:label2\" content=\"Est. tempo de leitura\" \/>\n\t<meta name=\"twitter:data2\" content=\"3 minutos\" \/>\n<script type=\"application\/ld+json\" class=\"yoast-schema-graph\">{\"@context\":\"https:\/\/schema.org\",\"@graph\":[{\"@type\":\"Article\",\"@id\":\"https:\/\/rioonwatch.org.br\/?p=23307#article\",\"isPartOf\":{\"@id\":\"https:\/\/rioonwatch.org.br\/?p=23307\"},\"author\":{\"name\":\"Admin\",\"@id\":\"https:\/\/rioonwatch.org.br\/#\/schema\/person\/11d64c290506f9df50c71b850c473f68\"},\"headline\":\"L\u00edderes Ambientais Comunit\u00e1rios Cariocas Compartilham Boas Pr\u00e1ticas na Semana Lixo Zero\",\"datePublished\":\"2016-11-01T13:35:26+00:00\",\"mainEntityOfPage\":{\"@id\":\"https:\/\/rioonwatch.org.br\/?p=23307\"},\"wordCount\":712,\"publisher\":{\"@id\":\"https:\/\/rioonwatch.org.br\/#organization\"},\"image\":{\"@id\":\"https:\/\/rioonwatch.org.br\/?p=23307#primaryimage\"},\"thumbnailUrl\":\"https:\/\/rioonwatch.org.br\/wp-content\/uploads\/2016\/10\/3.png\",\"keywords\":[\"educa\u00e7\u00e3o ambiental\",\"gest\u00e3o de res\u00edduos\",\"Grande Tijuca\",\"lixo\",\"meio ambiente\",\"Morro dos Cabritos\",\"Rio das Pedras\",\"Rocinha\",\"solu\u00e7\u00e3o\",\"solu\u00e7\u00e3o comunit\u00e1ria\",\"sustentabilidade\",\"Tabajaras\",\"Zona Norte\",\"Zona Oeste\",\"Zona Sul\"],\"articleSection\":[\"*Destaque\",\"Cobertura de Eventos\",\"Escrito por Aliados\",\"Sociedade Civil\",\"Solu\u00e7\u00f5es\",\"Sustentabilidade\"],\"inLanguage\":\"pt-BR\"},{\"@type\":\"WebPage\",\"@id\":\"https:\/\/rioonwatch.org.br\/?p=23307\",\"url\":\"https:\/\/rioonwatch.org.br\/?p=23307\",\"name\":\"L\u00edderes Ambientais Comunit\u00e1rios Cariocas Compartilham Boas Pr\u00e1ticas na Semana Lixo Zero - RioOnWatch\",\"isPartOf\":{\"@id\":\"https:\/\/rioonwatch.org.br\/#website\"},\"primaryImageOfPage\":{\"@id\":\"https:\/\/rioonwatch.org.br\/?p=23307#primaryimage\"},\"image\":{\"@id\":\"https:\/\/rioonwatch.org.br\/?p=23307#primaryimage\"},\"thumbnailUrl\":\"https:\/\/rioonwatch.org.br\/wp-content\/uploads\/2016\/10\/3.png\",\"datePublished\":\"2016-11-01T13:35:26+00:00\",\"breadcrumb\":{\"@id\":\"https:\/\/rioonwatch.org.br\/?p=23307#breadcrumb\"},\"inLanguage\":\"pt-BR\",\"potentialAction\":[{\"@type\":\"ReadAction\",\"target\":[\"https:\/\/rioonwatch.org.br\/?p=23307\"]}]},{\"@type\":\"ImageObject\",\"inLanguage\":\"pt-BR\",\"@id\":\"https:\/\/rioonwatch.org.br\/?p=23307#primaryimage\",\"url\":\"https:\/\/rioonwatch.org.br\/wp-content\/uploads\/2016\/10\/3.png\",\"contentUrl\":\"https:\/\/rioonwatch.org.br\/wp-content\/uploads\/2016\/10\/3.png\",\"width\":1500,\"height\":1200},{\"@type\":\"BreadcrumbList\",\"@id\":\"https:\/\/rioonwatch.org.br\/?p=23307#breadcrumb\",\"itemListElement\":[{\"@type\":\"ListItem\",\"position\":1,\"name\":\"In\u00edcio\",\"item\":\"https:\/\/rioonwatch.org.br\/\"},{\"@type\":\"ListItem\",\"position\":2,\"name\":\"L\u00edderes Ambientais Comunit\u00e1rios Cariocas Compartilham Boas Pr\u00e1ticas na Semana Lixo Zero\"}]},{\"@type\":\"WebSite\",\"@id\":\"https:\/\/rioonwatch.org.br\/#website\",\"url\":\"https:\/\/rioonwatch.org.br\/\",\"name\":\"RioOnWatch\",\"description\":\"relatos das favelas cariocas\",\"publisher\":{\"@id\":\"https:\/\/rioonwatch.org.br\/#organization\"},\"potentialAction\":[{\"@type\":\"SearchAction\",\"target\":{\"@type\":\"EntryPoint\",\"urlTemplate\":\"https:\/\/rioonwatch.org.br\/?s={search_term_string}\"},\"query-input\":{\"@type\":\"PropertyValueSpecification\",\"valueRequired\":true,\"valueName\":\"search_term_string\"}}],\"inLanguage\":\"pt-BR\"},{\"@type\":\"Organization\",\"@id\":\"https:\/\/rioonwatch.org.br\/#organization\",\"name\":\"RioOnWatch\",\"url\":\"https:\/\/rioonwatch.org.br\/\",\"logo\":{\"@type\":\"ImageObject\",\"inLanguage\":\"pt-BR\",\"@id\":\"https:\/\/rioonwatch.org.br\/#\/schema\/logo\/image\/\",\"url\":\"https:\/\/rioonwatch.org.br\/wp-content\/uploads\/2021\/06\/RioOnWatchcabecalhoPT11anos-2.png\",\"contentUrl\":\"https:\/\/rioonwatch.org.br\/wp-content\/uploads\/2021\/06\/RioOnWatchcabecalhoPT11anos-2.png\",\"width\":779,\"height\":277,\"caption\":\"RioOnWatch\"},\"image\":{\"@id\":\"https:\/\/rioonwatch.org.br\/#\/schema\/logo\/image\/\"}},{\"@type\":\"Person\",\"@id\":\"https:\/\/rioonwatch.org.br\/#\/schema\/person\/11d64c290506f9df50c71b850c473f68\",\"name\":\"Admin\",\"image\":{\"@type\":\"ImageObject\",\"inLanguage\":\"pt-BR\",\"@id\":\"https:\/\/rioonwatch.org.br\/#\/schema\/person\/image\/\",\"url\":\"https:\/\/secure.gravatar.com\/avatar\/56211ac74568383903349a1485e3c325?s=96&d=blank&r=g\",\"contentUrl\":\"https:\/\/secure.gravatar.com\/avatar\/56211ac74568383903349a1485e3c325?s=96&d=blank&r=g\",\"caption\":\"Admin\"},\"url\":\"https:\/\/rioonwatch.org.br\/?author=129\"}]}<\/script>\n<!-- \/ Yoast SEO plugin. -->","yoast_head_json":{"title":"L\u00edderes Ambientais Comunit\u00e1rios Cariocas Compartilham Boas Pr\u00e1ticas na Semana Lixo Zero - RioOnWatch","robots":{"index":"index","follow":"follow","max-snippet":"max-snippet:-1","max-image-preview":"max-image-preview:large","max-video-preview":"max-video-preview:-1"},"canonical":"https:\/\/rioonwatch.org.br\/?p=23307","og_locale":"pt_BR","og_type":"article","og_title":"L\u00edderes Ambientais Comunit\u00e1rios Cariocas Compartilham Boas Pr\u00e1ticas na Semana Lixo Zero - RioOnWatch","og_description":"Click Here for English Estudantes, professores, profissionais e atores da sociedade civil se reuniram no Rio na semana passada na Semana Lixo Zero. Liderada pela organiza\u00e7\u00e3o sem fins lucrativos Instituto Lixo Zero Brasil, os participantes [...]","og_url":"https:\/\/rioonwatch.org.br\/?p=23307","og_site_name":"RioOnWatch","article_published_time":"2016-11-01T13:35:26+00:00","og_image":[{"width":1500,"height":1200,"url":"https:\/\/rioonwatch.org.br\/wp-content\/uploads\/2016\/10\/3.png","type":"image\/png"}],"author":"Admin","twitter_card":"summary_large_image","twitter_misc":{"Escrito por":"Admin","Est. tempo de leitura":"3 minutos"},"schema":{"@context":"https:\/\/schema.org","@graph":[{"@type":"Article","@id":"https:\/\/rioonwatch.org.br\/?p=23307#article","isPartOf":{"@id":"https:\/\/rioonwatch.org.br\/?p=23307"},"author":{"name":"Admin","@id":"https:\/\/rioonwatch.org.br\/#\/schema\/person\/11d64c290506f9df50c71b850c473f68"},"headline":"L\u00edderes Ambientais Comunit\u00e1rios Cariocas Compartilham Boas Pr\u00e1ticas na Semana Lixo Zero","datePublished":"2016-11-01T13:35:26+00:00","mainEntityOfPage":{"@id":"https:\/\/rioonwatch.org.br\/?p=23307"},"wordCount":712,"publisher":{"@id":"https:\/\/rioonwatch.org.br\/#organization"},"image":{"@id":"https:\/\/rioonwatch.org.br\/?p=23307#primaryimage"},"thumbnailUrl":"https:\/\/rioonwatch.org.br\/wp-content\/uploads\/2016\/10\/3.png","keywords":["educa\u00e7\u00e3o ambiental","gest\u00e3o de res\u00edduos","Grande Tijuca","lixo","meio ambiente","Morro dos Cabritos","Rio das Pedras","Rocinha","solu\u00e7\u00e3o","solu\u00e7\u00e3o comunit\u00e1ria","sustentabilidade","Tabajaras","Zona Norte","Zona Oeste","Zona Sul"],"articleSection":["*Destaque","Cobertura de Eventos","Escrito por Aliados","Sociedade Civil","Solu\u00e7\u00f5es","Sustentabilidade"],"inLanguage":"pt-BR"},{"@type":"WebPage","@id":"https:\/\/rioonwatch.org.br\/?p=23307","url":"https:\/\/rioonwatch.org.br\/?p=23307","name":"L\u00edderes Ambientais Comunit\u00e1rios Cariocas Compartilham Boas Pr\u00e1ticas na Semana Lixo Zero - RioOnWatch","isPartOf":{"@id":"https:\/\/rioonwatch.org.br\/#website"},"primaryImageOfPage":{"@id":"https:\/\/rioonwatch.org.br\/?p=23307#primaryimage"},"image":{"@id":"https:\/\/rioonwatch.org.br\/?p=23307#primaryimage"},"thumbnailUrl":"https:\/\/rioonwatch.org.br\/wp-content\/uploads\/2016\/10\/3.png","datePublished":"2016-11-01T13:35:26+00:00","breadcrumb":{"@id":"https:\/\/rioonwatch.org.br\/?p=23307#breadcrumb"},"inLanguage":"pt-BR","potentialAction":[{"@type":"ReadAction","target":["https:\/\/rioonwatch.org.br\/?p=23307"]}]},{"@type":"ImageObject","inLanguage":"pt-BR","@id":"https:\/\/rioonwatch.org.br\/?p=23307#primaryimage","url":"https:\/\/rioonwatch.org.br\/wp-content\/uploads\/2016\/10\/3.png","contentUrl":"https:\/\/rioonwatch.org.br\/wp-content\/uploads\/2016\/10\/3.png","width":1500,"height":1200},{"@type":"BreadcrumbList","@id":"https:\/\/rioonwatch.org.br\/?p=23307#breadcrumb","itemListElement":[{"@type":"ListItem","position":1,"name":"In\u00edcio","item":"https:\/\/rioonwatch.org.br\/"},{"@type":"ListItem","position":2,"name":"L\u00edderes Ambientais Comunit\u00e1rios Cariocas Compartilham Boas Pr\u00e1ticas na Semana Lixo Zero"}]},{"@type":"WebSite","@id":"https:\/\/rioonwatch.org.br\/#website","url":"https:\/\/rioonwatch.org.br\/","name":"RioOnWatch","description":"relatos das favelas cariocas","publisher":{"@id":"https:\/\/rioonwatch.org.br\/#organization"},"potentialAction":[{"@type":"SearchAction","target":{"@type":"EntryPoint","urlTemplate":"https:\/\/rioonwatch.org.br\/?s={search_term_string}"},"query-input":{"@type":"PropertyValueSpecification","valueRequired":true,"valueName":"search_term_string"}}],"inLanguage":"pt-BR"},{"@type":"Organization","@id":"https:\/\/rioonwatch.org.br\/#organization","name":"RioOnWatch","url":"https:\/\/rioonwatch.org.br\/","logo":{"@type":"ImageObject","inLanguage":"pt-BR","@id":"https:\/\/rioonwatch.org.br\/#\/schema\/logo\/image\/","url":"https:\/\/rioonwatch.org.br\/wp-content\/uploads\/2021\/06\/RioOnWatchcabecalhoPT11anos-2.png","contentUrl":"https:\/\/rioonwatch.org.br\/wp-content\/uploads\/2021\/06\/RioOnWatchcabecalhoPT11anos-2.png","width":779,"height":277,"caption":"RioOnWatch"},"image":{"@id":"https:\/\/rioonwatch.org.br\/#\/schema\/logo\/image\/"}},{"@type":"Person","@id":"https:\/\/rioonwatch.org.br\/#\/schema\/person\/11d64c290506f9df50c71b850c473f68","name":"Admin","image":{"@type":"ImageObject","inLanguage":"pt-BR","@id":"https:\/\/rioonwatch.org.br\/#\/schema\/person\/image\/","url":"https:\/\/secure.gravatar.com\/avatar\/56211ac74568383903349a1485e3c325?s=96&d=blank&r=g","contentUrl":"https:\/\/secure.gravatar.com\/avatar\/56211ac74568383903349a1485e3c325?s=96&d=blank&r=g","caption":"Admin"},"url":"https:\/\/rioonwatch.org.br\/?author=129"}]}},"_links":{"self":[{"href":"https:\/\/rioonwatch.org.br\/index.php?rest_route=\/wp\/v2\/posts\/23307"}],"collection":[{"href":"https:\/\/rioonwatch.org.br\/index.php?rest_route=\/wp\/v2\/posts"}],"about":[{"href":"https:\/\/rioonwatch.org.br\/index.php?rest_route=\/wp\/v2\/types\/post"}],"author":[{"embeddable":true,"href":"https:\/\/rioonwatch.org.br\/index.php?rest_route=\/wp\/v2\/users\/129"}],"replies":[{"embeddable":true,"href":"https:\/\/rioonwatch.org.br\/index.php?rest_route=%2Fwp%2Fv2%2Fcomments&post=23307"}],"version-history":[{"count":10,"href":"https:\/\/rioonwatch.org.br\/index.php?rest_route=\/wp\/v2\/posts\/23307\/revisions"}],"predecessor-version":[{"id":23322,"href":"https:\/\/rioonwatch.org.br\/index.php?rest_route=\/wp\/v2\/posts\/23307\/revisions\/23322"}],"wp:featuredmedia":[{"embeddable":true,"href":"https:\/\/rioonwatch.org.br\/index.php?rest_route=\/wp\/v2\/media\/23310"}],"wp:attachment":[{"href":"https:\/\/rioonwatch.org.br\/index.php?rest_route=%2Fwp%2Fv2%2Fmedia&parent=23307"}],"wp:term":[{"taxonomy":"category","embeddable":true,"href":"https:\/\/rioonwatch.org.br\/index.php?rest_route=%2Fwp%2Fv2%2Fcategories&post=23307"},{"taxonomy":"post_tag","embeddable":true,"href":"https:\/\/rioonwatch.org.br\/index.php?rest_route=%2Fwp%2Fv2%2Ftags&post=23307"},{"taxonomy":"writer","embeddable":true,"href":"https:\/\/rioonwatch.org.br\/index.php?rest_route=%2Fwp%2Fv2%2Fwriter&post=23307"},{"taxonomy":"translator","embeddable":true,"href":"https:\/\/rioonwatch.org.br\/index.php?rest_route=%2Fwp%2Fv2%2Ftranslator&post=23307"},{"taxonomy":"source","embeddable":true,"href":"https:\/\/rioonwatch.org.br\/index.php?rest_route=%2Fwp%2Fv2%2Fsource&post=23307"},{"taxonomy":"ilustrador","embeddable":true,"href":"https:\/\/rioonwatch.org.br\/index.php?rest_route=%2Fwp%2Fv2%2Filustrador&post=23307"},{"taxonomy":"fotografo","embeddable":true,"href":"https:\/\/rioonwatch.org.br\/index.php?rest_route=%2Fwp%2Fv2%2Ffotografo&post=23307"}],"curies":[{"name":"wp","href":"https:\/\/api.w.org\/{rel}","templated":true}]}}