{"id":2333,"date":"2011-10-21T09:00:13","date_gmt":"2011-10-21T12:00:13","guid":{"rendered":"http:\/\/favela.info\/?p=2333"},"modified":"2015-08-20T10:38:20","modified_gmt":"2015-08-20T13:38:20","slug":"ensino-publico-e-ensino-privado-na-visao-dos-estudantes","status":"publish","type":"post","link":"https:\/\/rioonwatch.org.br\/?p=2333","title":{"rendered":"O contraste na educa\u00e7\u00e3o em S\u00e3o Gon\u00e7alo"},"content":{"rendered":"<p>A cidade de S\u00e3o Gon\u00e7alo, uma das mais populosas do estado do Rio de Janeiro, vem pouco a pouco se desenvolvendo ao longo dos \u00faltimos anos, mas falta infraestrutura, investimento e um melhor planejamento para o crescimento da cidade. O setor de educa\u00e7\u00e3o, por exemplo, pode-se afirmar que \u00e9 um dos mais carentes de subs\u00eddios e incentivos do governo, tendo como consequ\u00eancia um sistema de ensino p\u00fablico prec\u00e1rio quando comparado com o ensino privado.<\/p>\n<p>Foram entrevistados\u00a0alunos da Escola Municipal Almirante Alfredo Carlos Soares Dutra, no Bairro de Alcantara &#8211; SG\u00a0e do Col\u00e9gio particular Santa M\u00f4nica, no bairro Mutu\u00e1\u00a0-SG. Os entrevistados apontaram uma grande diferen\u00e7a no perfil dos\u00a0estudantes das diferentes institui\u00e7\u00f5es. Enquanto os alunos da escola p\u00fablica protestam o sistema de ensino, os alunos da escola particular se orgulham da qualidade do mesmo. Al\u00e9m disso, a motiva\u00e7\u00e3o e a compreens\u00e3o da necessidade de se dedicar aos estudos tamb\u00e9m s\u00e3o diferentes entre eles. Alguns dados baseados nas entrevistas mostram que os pais que pagam pela educa\u00e7\u00e3o dos filhos os incentivam e cobram muito mais por resultados.<\/p>\n<p>&#8211; N\u00e3o aceito que meu filho tire notas baixas. Ele n\u00e3o faz nada al\u00e9m de estudar e precisa fazer valer o que eu tenho investido para a sua forma\u00e7\u00e3o. Mais tarde, seja l\u00e1 o que queira ser, m\u00e9dico, psic\u00f3logo, engenheiro, publicit\u00e1rio&#8230; espero que ele colha frutos do que eu estou o ajudando a plantar &#8211; diz Henrique Figueiredo, pai de um aluno de uma das melhores escolas particulares de S\u00e3o Gon\u00e7alo, o Col\u00e9gio Santa M\u00f4nica.<\/p>\n<p>Por outro lado, grande parte dos pais de alunos da rede p\u00fablica reconhece a car\u00eancia do sistema de educa\u00e7\u00e3o do governo. Por essa raz\u00e3o, eles n\u00e3o esperam resultados excelentes, mas n\u00e3o deixam de buscar sempre o melhor.<\/p>\n<p><a href=\"http:\/\/rioonwatch.org.br\/wp-content\/uploads\/2011\/10\/Alunos-de-escola-publica-em-Sao-Goncalo.png\"><img fetchpriority=\"high\" decoding=\"async\" class=\"alignleft wp-image-15762\" src=\"http:\/\/rioonwatch.org.br\/wp-content\/uploads\/2011\/10\/Alunos-de-escola-publica-em-Sao-Goncalo-474x264.png\" alt=\"Alunos de escola p\u00fablica em S\u00e3o Gon\u00e7alo\" width=\"329\" height=\"183\" srcset=\"https:\/\/rioonwatch.org.br\/wp-content\/uploads\/2011\/10\/Alunos-de-escola-publica-em-Sao-Goncalo-474x264.png 474w, https:\/\/rioonwatch.org.br\/wp-content\/uploads\/2011\/10\/Alunos-de-escola-publica-em-Sao-Goncalo-620x345.png 620w, https:\/\/rioonwatch.org.br\/wp-content\/uploads\/2011\/10\/Alunos-de-escola-publica-em-Sao-Goncalo-174x98.png 174w, https:\/\/rioonwatch.org.br\/wp-content\/uploads\/2011\/10\/Alunos-de-escola-publica-em-Sao-Goncalo.png 627w\" sizes=\"(max-width: 329px) 100vw, 329px\" \/><\/a>No ensino p\u00fablico se tem o recurso do <a href=\"http:\/\/portal.mec.gov.br\/index.php?Itemid=290&amp;id=12696&amp;option=com_content&amp;view=article\"> Plano de Desenvolvimento da Escola<\/a>,\u00a0 em algumas escolas do munic\u00edpio contempladas, onde se realizam planejamento participativo e estrat\u00e9gico, construindo um plano de a\u00e7\u00f5es financi\u00e1veis para elevar a qualidade do processo de ensino e aprendizagem dos alunos matriculados; por\u00e9m, segundo alguns estudantes, isso n\u00e3o acontece.<\/p>\n<p>Por fim, p\u00f4de-se observar que a profiss\u00e3o dos pais influencia tanto na escolha profissional, quanto no desenvolvimento escolar dos filhos. Por exemplo: os filhos de pais com alto n\u00edvel de escolaridade mostraram ser os que mais estudam e que v\u00e3o optar por carreiras de n\u00edvel igual ou maior que a de seus pais. Por\u00e9m, os filhos que v\u00eaem em seus pais um baixo n\u00edvel de escolaridade, tamb\u00e9m\u00a0demonstram vontade de estudar e crescer para se tornarem pessoas de sucesso profissional.<\/p>\n<p><iframe src=\"http:\/\/www.youtube.com\/embed\/Asxh3U9xc4U\" width=\"560\" height=\"315\" frameborder=\"0\"><\/iframe><\/p>\n<!-- AddThis Advanced Settings generic via filter on the_content --><!-- AddThis Share Buttons generic via filter on the_content -->","protected":false},"excerpt":{"rendered":"<div class=\"mh-excerpt\"><p>A cidade de S\u00e3o Gon\u00e7alo, uma das mais populosas do estado do Rio de Janeiro, vem pouco a pouco se desenvolvendo ao longo dos \u00faltimos anos, mas falta infraestrutura, investimento e um melhor planejamento para <a class=\"mh-excerpt-more\" href=\"https:\/\/rioonwatch.org.br\/?p=2333\" title=\"O contraste na educa\u00e7\u00e3o em S\u00e3o Gon\u00e7alo\">[&#8230;]<\/a><!-- AddThis Advanced Settings generic via filter on get_the_excerpt --><!-- AddThis Share Buttons generic via filter on get_the_excerpt --><\/p>\n<\/div>","protected":false},"author":129,"featured_media":2347,"comment_status":"open","ping_status":"closed","sticky":false,"template":"","format":"standard","meta":{"_acf_changed":false,"_monsterinsights_skip_tracking":false,"_monsterinsights_sitenote_active":false,"_monsterinsights_sitenote_note":"","_monsterinsights_sitenote_category":0,"footnotes":""},"categories":[1625,344],"tags":[413,316,1372,10,231],"writer":[195],"translator":[],"source":[],"ilustrador":[],"fotografo":[],"class_list":{"0":"post-2333","1":"post","2":"type-post","3":"status-publish","4":"format-standard","5":"has-post-thumbnail","7":"category-por-correspondentes-comunitarios","8":"category-politicas","9":"tag-desigualdade","10":"tag-educacao","11":"tag-grande-rio","12":"tag-niteroi","13":"tag-sao-goncalo","14":"writer-andreia-coutinho"},"acf":[],"yoast_head":"<!-- This site is optimized with the Yoast SEO plugin v25.6 - https:\/\/yoast.com\/wordpress\/plugins\/seo\/ -->\n<title>O contraste na educa\u00e7\u00e3o em S\u00e3o Gon\u00e7alo - RioOnWatch<\/title>\n<meta name=\"robots\" content=\"index, follow, max-snippet:-1, max-image-preview:large, max-video-preview:-1\" \/>\n<link rel=\"canonical\" href=\"https:\/\/rioonwatch.org.br\/?p=2333\" \/>\n<meta property=\"og:locale\" content=\"pt_BR\" \/>\n<meta property=\"og:type\" content=\"article\" \/>\n<meta property=\"og:title\" content=\"O contraste na educa\u00e7\u00e3o em S\u00e3o Gon\u00e7alo - RioOnWatch\" \/>\n<meta property=\"og:description\" content=\"A cidade de S\u00e3o Gon\u00e7alo, uma das mais populosas do estado do Rio de Janeiro, vem pouco a pouco se desenvolvendo ao longo dos \u00faltimos anos, mas falta infraestrutura, investimento e um melhor planejamento para [...]\" \/>\n<meta property=\"og:url\" content=\"https:\/\/rioonwatch.org.br\/?p=2333\" \/>\n<meta property=\"og:site_name\" content=\"RioOnWatch\" \/>\n<meta property=\"article:published_time\" content=\"2011-10-21T12:00:13+00:00\" \/>\n<meta property=\"article:modified_time\" content=\"2015-08-20T13:38:20+00:00\" \/>\n<meta property=\"og:image\" content=\"https:\/\/rioonwatch.org.br\/wp-content\/uploads\/2011\/10\/Chegada-na-escola.png\" \/>\n\t<meta property=\"og:image:width\" content=\"429\" \/>\n\t<meta property=\"og:image:height\" content=\"348\" \/>\n\t<meta property=\"og:image:type\" content=\"image\/png\" \/>\n<meta name=\"author\" content=\"Admin\" \/>\n<meta name=\"twitter:card\" content=\"summary_large_image\" \/>\n<meta name=\"twitter:label1\" content=\"Escrito por\" \/>\n\t<meta name=\"twitter:data1\" content=\"Admin\" \/>\n\t<meta name=\"twitter:label2\" content=\"Est. tempo de leitura\" \/>\n\t<meta name=\"twitter:data2\" content=\"2 minutos\" \/>\n<script type=\"application\/ld+json\" class=\"yoast-schema-graph\">{\"@context\":\"https:\/\/schema.org\",\"@graph\":[{\"@type\":\"Article\",\"@id\":\"https:\/\/rioonwatch.org.br\/?p=2333#article\",\"isPartOf\":{\"@id\":\"https:\/\/rioonwatch.org.br\/?p=2333\"},\"author\":{\"name\":\"Admin\",\"@id\":\"https:\/\/rioonwatch.org.br\/#\/schema\/person\/11d64c290506f9df50c71b850c473f68\"},\"headline\":\"O contraste na educa\u00e7\u00e3o em S\u00e3o Gon\u00e7alo\",\"datePublished\":\"2011-10-21T12:00:13+00:00\",\"dateModified\":\"2015-08-20T13:38:20+00:00\",\"mainEntityOfPage\":{\"@id\":\"https:\/\/rioonwatch.org.br\/?p=2333\"},\"wordCount\":482,\"commentCount\":0,\"publisher\":{\"@id\":\"https:\/\/rioonwatch.org.br\/#organization\"},\"image\":{\"@id\":\"https:\/\/rioonwatch.org.br\/?p=2333#primaryimage\"},\"thumbnailUrl\":\"https:\/\/rioonwatch.org.br\/wp-content\/uploads\/2011\/10\/Chegada-na-escola.png\",\"keywords\":[\"desigualdade\",\"educa\u00e7\u00e3o\",\"Grande Rio\",\"Niter\u00f3i\",\"S\u00e3o Gon\u00e7alo\"],\"articleSection\":[\"Escrito por Comunicadores Populares\",\"Pol\u00edticas\"],\"inLanguage\":\"pt-BR\",\"potentialAction\":[{\"@type\":\"CommentAction\",\"name\":\"Comment\",\"target\":[\"https:\/\/rioonwatch.org.br\/?p=2333#respond\"]}]},{\"@type\":\"WebPage\",\"@id\":\"https:\/\/rioonwatch.org.br\/?p=2333\",\"url\":\"https:\/\/rioonwatch.org.br\/?p=2333\",\"name\":\"O contraste na educa\u00e7\u00e3o em S\u00e3o Gon\u00e7alo - RioOnWatch\",\"isPartOf\":{\"@id\":\"https:\/\/rioonwatch.org.br\/#website\"},\"primaryImageOfPage\":{\"@id\":\"https:\/\/rioonwatch.org.br\/?p=2333#primaryimage\"},\"image\":{\"@id\":\"https:\/\/rioonwatch.org.br\/?p=2333#primaryimage\"},\"thumbnailUrl\":\"https:\/\/rioonwatch.org.br\/wp-content\/uploads\/2011\/10\/Chegada-na-escola.png\",\"datePublished\":\"2011-10-21T12:00:13+00:00\",\"dateModified\":\"2015-08-20T13:38:20+00:00\",\"breadcrumb\":{\"@id\":\"https:\/\/rioonwatch.org.br\/?p=2333#breadcrumb\"},\"inLanguage\":\"pt-BR\",\"potentialAction\":[{\"@type\":\"ReadAction\",\"target\":[\"https:\/\/rioonwatch.org.br\/?p=2333\"]}]},{\"@type\":\"ImageObject\",\"inLanguage\":\"pt-BR\",\"@id\":\"https:\/\/rioonwatch.org.br\/?p=2333#primaryimage\",\"url\":\"https:\/\/rioonwatch.org.br\/wp-content\/uploads\/2011\/10\/Chegada-na-escola.png\",\"contentUrl\":\"https:\/\/rioonwatch.org.br\/wp-content\/uploads\/2011\/10\/Chegada-na-escola.png\",\"width\":429,\"height\":348},{\"@type\":\"BreadcrumbList\",\"@id\":\"https:\/\/rioonwatch.org.br\/?p=2333#breadcrumb\",\"itemListElement\":[{\"@type\":\"ListItem\",\"position\":1,\"name\":\"In\u00edcio\",\"item\":\"https:\/\/rioonwatch.org.br\/\"},{\"@type\":\"ListItem\",\"position\":2,\"name\":\"O contraste na educa\u00e7\u00e3o em S\u00e3o Gon\u00e7alo\"}]},{\"@type\":\"WebSite\",\"@id\":\"https:\/\/rioonwatch.org.br\/#website\",\"url\":\"https:\/\/rioonwatch.org.br\/\",\"name\":\"RioOnWatch\",\"description\":\"relatos das favelas cariocas\",\"publisher\":{\"@id\":\"https:\/\/rioonwatch.org.br\/#organization\"},\"potentialAction\":[{\"@type\":\"SearchAction\",\"target\":{\"@type\":\"EntryPoint\",\"urlTemplate\":\"https:\/\/rioonwatch.org.br\/?s={search_term_string}\"},\"query-input\":{\"@type\":\"PropertyValueSpecification\",\"valueRequired\":true,\"valueName\":\"search_term_string\"}}],\"inLanguage\":\"pt-BR\"},{\"@type\":\"Organization\",\"@id\":\"https:\/\/rioonwatch.org.br\/#organization\",\"name\":\"RioOnWatch\",\"url\":\"https:\/\/rioonwatch.org.br\/\",\"logo\":{\"@type\":\"ImageObject\",\"inLanguage\":\"pt-BR\",\"@id\":\"https:\/\/rioonwatch.org.br\/#\/schema\/logo\/image\/\",\"url\":\"https:\/\/rioonwatch.org.br\/wp-content\/uploads\/2021\/06\/RioOnWatchcabecalhoPT11anos-2.png\",\"contentUrl\":\"https:\/\/rioonwatch.org.br\/wp-content\/uploads\/2021\/06\/RioOnWatchcabecalhoPT11anos-2.png\",\"width\":779,\"height\":277,\"caption\":\"RioOnWatch\"},\"image\":{\"@id\":\"https:\/\/rioonwatch.org.br\/#\/schema\/logo\/image\/\"}},{\"@type\":\"Person\",\"@id\":\"https:\/\/rioonwatch.org.br\/#\/schema\/person\/11d64c290506f9df50c71b850c473f68\",\"name\":\"Admin\",\"image\":{\"@type\":\"ImageObject\",\"inLanguage\":\"pt-BR\",\"@id\":\"https:\/\/rioonwatch.org.br\/#\/schema\/person\/image\/\",\"url\":\"https:\/\/secure.gravatar.com\/avatar\/56211ac74568383903349a1485e3c325?s=96&d=blank&r=g\",\"contentUrl\":\"https:\/\/secure.gravatar.com\/avatar\/56211ac74568383903349a1485e3c325?s=96&d=blank&r=g\",\"caption\":\"Admin\"},\"url\":\"https:\/\/rioonwatch.org.br\/?author=129\"}]}<\/script>\n<!-- \/ Yoast SEO plugin. -->","yoast_head_json":{"title":"O contraste na educa\u00e7\u00e3o em S\u00e3o Gon\u00e7alo - RioOnWatch","robots":{"index":"index","follow":"follow","max-snippet":"max-snippet:-1","max-image-preview":"max-image-preview:large","max-video-preview":"max-video-preview:-1"},"canonical":"https:\/\/rioonwatch.org.br\/?p=2333","og_locale":"pt_BR","og_type":"article","og_title":"O contraste na educa\u00e7\u00e3o em S\u00e3o Gon\u00e7alo - RioOnWatch","og_description":"A cidade de S\u00e3o Gon\u00e7alo, uma das mais populosas do estado do Rio de Janeiro, vem pouco a pouco se desenvolvendo ao longo dos \u00faltimos anos, mas falta infraestrutura, investimento e um melhor planejamento para [...]","og_url":"https:\/\/rioonwatch.org.br\/?p=2333","og_site_name":"RioOnWatch","article_published_time":"2011-10-21T12:00:13+00:00","article_modified_time":"2015-08-20T13:38:20+00:00","og_image":[{"width":429,"height":348,"url":"https:\/\/rioonwatch.org.br\/wp-content\/uploads\/2011\/10\/Chegada-na-escola.png","type":"image\/png"}],"author":"Admin","twitter_card":"summary_large_image","twitter_misc":{"Escrito por":"Admin","Est. tempo de leitura":"2 minutos"},"schema":{"@context":"https:\/\/schema.org","@graph":[{"@type":"Article","@id":"https:\/\/rioonwatch.org.br\/?p=2333#article","isPartOf":{"@id":"https:\/\/rioonwatch.org.br\/?p=2333"},"author":{"name":"Admin","@id":"https:\/\/rioonwatch.org.br\/#\/schema\/person\/11d64c290506f9df50c71b850c473f68"},"headline":"O contraste na educa\u00e7\u00e3o em S\u00e3o Gon\u00e7alo","datePublished":"2011-10-21T12:00:13+00:00","dateModified":"2015-08-20T13:38:20+00:00","mainEntityOfPage":{"@id":"https:\/\/rioonwatch.org.br\/?p=2333"},"wordCount":482,"commentCount":0,"publisher":{"@id":"https:\/\/rioonwatch.org.br\/#organization"},"image":{"@id":"https:\/\/rioonwatch.org.br\/?p=2333#primaryimage"},"thumbnailUrl":"https:\/\/rioonwatch.org.br\/wp-content\/uploads\/2011\/10\/Chegada-na-escola.png","keywords":["desigualdade","educa\u00e7\u00e3o","Grande Rio","Niter\u00f3i","S\u00e3o Gon\u00e7alo"],"articleSection":["Escrito por Comunicadores Populares","Pol\u00edticas"],"inLanguage":"pt-BR","potentialAction":[{"@type":"CommentAction","name":"Comment","target":["https:\/\/rioonwatch.org.br\/?p=2333#respond"]}]},{"@type":"WebPage","@id":"https:\/\/rioonwatch.org.br\/?p=2333","url":"https:\/\/rioonwatch.org.br\/?p=2333","name":"O contraste na educa\u00e7\u00e3o em S\u00e3o Gon\u00e7alo - RioOnWatch","isPartOf":{"@id":"https:\/\/rioonwatch.org.br\/#website"},"primaryImageOfPage":{"@id":"https:\/\/rioonwatch.org.br\/?p=2333#primaryimage"},"image":{"@id":"https:\/\/rioonwatch.org.br\/?p=2333#primaryimage"},"thumbnailUrl":"https:\/\/rioonwatch.org.br\/wp-content\/uploads\/2011\/10\/Chegada-na-escola.png","datePublished":"2011-10-21T12:00:13+00:00","dateModified":"2015-08-20T13:38:20+00:00","breadcrumb":{"@id":"https:\/\/rioonwatch.org.br\/?p=2333#breadcrumb"},"inLanguage":"pt-BR","potentialAction":[{"@type":"ReadAction","target":["https:\/\/rioonwatch.org.br\/?p=2333"]}]},{"@type":"ImageObject","inLanguage":"pt-BR","@id":"https:\/\/rioonwatch.org.br\/?p=2333#primaryimage","url":"https:\/\/rioonwatch.org.br\/wp-content\/uploads\/2011\/10\/Chegada-na-escola.png","contentUrl":"https:\/\/rioonwatch.org.br\/wp-content\/uploads\/2011\/10\/Chegada-na-escola.png","width":429,"height":348},{"@type":"BreadcrumbList","@id":"https:\/\/rioonwatch.org.br\/?p=2333#breadcrumb","itemListElement":[{"@type":"ListItem","position":1,"name":"In\u00edcio","item":"https:\/\/rioonwatch.org.br\/"},{"@type":"ListItem","position":2,"name":"O contraste na educa\u00e7\u00e3o em S\u00e3o Gon\u00e7alo"}]},{"@type":"WebSite","@id":"https:\/\/rioonwatch.org.br\/#website","url":"https:\/\/rioonwatch.org.br\/","name":"RioOnWatch","description":"relatos das favelas cariocas","publisher":{"@id":"https:\/\/rioonwatch.org.br\/#organization"},"potentialAction":[{"@type":"SearchAction","target":{"@type":"EntryPoint","urlTemplate":"https:\/\/rioonwatch.org.br\/?s={search_term_string}"},"query-input":{"@type":"PropertyValueSpecification","valueRequired":true,"valueName":"search_term_string"}}],"inLanguage":"pt-BR"},{"@type":"Organization","@id":"https:\/\/rioonwatch.org.br\/#organization","name":"RioOnWatch","url":"https:\/\/rioonwatch.org.br\/","logo":{"@type":"ImageObject","inLanguage":"pt-BR","@id":"https:\/\/rioonwatch.org.br\/#\/schema\/logo\/image\/","url":"https:\/\/rioonwatch.org.br\/wp-content\/uploads\/2021\/06\/RioOnWatchcabecalhoPT11anos-2.png","contentUrl":"https:\/\/rioonwatch.org.br\/wp-content\/uploads\/2021\/06\/RioOnWatchcabecalhoPT11anos-2.png","width":779,"height":277,"caption":"RioOnWatch"},"image":{"@id":"https:\/\/rioonwatch.org.br\/#\/schema\/logo\/image\/"}},{"@type":"Person","@id":"https:\/\/rioonwatch.org.br\/#\/schema\/person\/11d64c290506f9df50c71b850c473f68","name":"Admin","image":{"@type":"ImageObject","inLanguage":"pt-BR","@id":"https:\/\/rioonwatch.org.br\/#\/schema\/person\/image\/","url":"https:\/\/secure.gravatar.com\/avatar\/56211ac74568383903349a1485e3c325?s=96&d=blank&r=g","contentUrl":"https:\/\/secure.gravatar.com\/avatar\/56211ac74568383903349a1485e3c325?s=96&d=blank&r=g","caption":"Admin"},"url":"https:\/\/rioonwatch.org.br\/?author=129"}]}},"_links":{"self":[{"href":"https:\/\/rioonwatch.org.br\/index.php?rest_route=\/wp\/v2\/posts\/2333"}],"collection":[{"href":"https:\/\/rioonwatch.org.br\/index.php?rest_route=\/wp\/v2\/posts"}],"about":[{"href":"https:\/\/rioonwatch.org.br\/index.php?rest_route=\/wp\/v2\/types\/post"}],"author":[{"embeddable":true,"href":"https:\/\/rioonwatch.org.br\/index.php?rest_route=\/wp\/v2\/users\/129"}],"replies":[{"embeddable":true,"href":"https:\/\/rioonwatch.org.br\/index.php?rest_route=%2Fwp%2Fv2%2Fcomments&post=2333"}],"version-history":[{"count":77,"href":"https:\/\/rioonwatch.org.br\/index.php?rest_route=\/wp\/v2\/posts\/2333\/revisions"}],"predecessor-version":[{"id":15919,"href":"https:\/\/rioonwatch.org.br\/index.php?rest_route=\/wp\/v2\/posts\/2333\/revisions\/15919"}],"wp:featuredmedia":[{"embeddable":true,"href":"https:\/\/rioonwatch.org.br\/index.php?rest_route=\/wp\/v2\/media\/2347"}],"wp:attachment":[{"href":"https:\/\/rioonwatch.org.br\/index.php?rest_route=%2Fwp%2Fv2%2Fmedia&parent=2333"}],"wp:term":[{"taxonomy":"category","embeddable":true,"href":"https:\/\/rioonwatch.org.br\/index.php?rest_route=%2Fwp%2Fv2%2Fcategories&post=2333"},{"taxonomy":"post_tag","embeddable":true,"href":"https:\/\/rioonwatch.org.br\/index.php?rest_route=%2Fwp%2Fv2%2Ftags&post=2333"},{"taxonomy":"writer","embeddable":true,"href":"https:\/\/rioonwatch.org.br\/index.php?rest_route=%2Fwp%2Fv2%2Fwriter&post=2333"},{"taxonomy":"translator","embeddable":true,"href":"https:\/\/rioonwatch.org.br\/index.php?rest_route=%2Fwp%2Fv2%2Ftranslator&post=2333"},{"taxonomy":"source","embeddable":true,"href":"https:\/\/rioonwatch.org.br\/index.php?rest_route=%2Fwp%2Fv2%2Fsource&post=2333"},{"taxonomy":"ilustrador","embeddable":true,"href":"https:\/\/rioonwatch.org.br\/index.php?rest_route=%2Fwp%2Fv2%2Filustrador&post=2333"},{"taxonomy":"fotografo","embeddable":true,"href":"https:\/\/rioonwatch.org.br\/index.php?rest_route=%2Fwp%2Fv2%2Ffotografo&post=2333"}],"curies":[{"name":"wp","href":"https:\/\/api.w.org\/{rel}","templated":true}]}}