{"id":23404,"date":"2016-11-08T09:06:55","date_gmt":"2016-11-08T12:06:55","guid":{"rendered":"http:\/\/rioonwatch.org.br\/?p=23404"},"modified":"2026-04-14T10:00:51","modified_gmt":"2026-04-14T13:00:51","slug":"defensoria-publica-sedia-painel-para-discutir-resistencia-as-remocoes-de-2007-a-2011","status":"publish","type":"post","link":"https:\/\/rioonwatch.org.br\/?p=23404","title":{"rendered":"Defensoria P\u00fablica Sedia Painel com Lideran\u00e7as de Favelas para Discutir Resist\u00eancia \u00e0s Remo\u00e7\u00f5es 2007-2011"},"content":{"rendered":"<p style=\"text-align: right;\"><em><strong><a href=\"http:\/\/bit.ly\/2flmp78\" target=\"_blank\" rel=\"noopener\">Click Here for English<img decoding=\"async\" width=\"20\" height=\"20\" class=\"alignright wp-image-15790\" src=\"http:\/\/rioonwatch.org.br\/wp-content\/uploads\/2012\/08\/EN-standard-e1439583104716.jpg\" alt=\"\" \/><\/a><\/strong><\/em><\/p>\n<p><span style=\"font-weight: 400;\">Como parte do lan\u00e7amento do livro <\/span><a href=\"http:\/\/bit.ly\/2ehffzO\" target=\"_blank\" rel=\"noopener\"><i><span style=\"font-weight: 400;\">A Resist\u00eancia \u00e0 Remo\u00e7\u00e3o de Favelas no Rio de Janeiro&#8211;Institui\u00e7\u00f5es do comum e resist\u00eancias urbanas: a hist\u00f3ria do N\u00facleo de Terra e Habita\u00e7\u00e3o e a luta contra a remo\u00e7\u00e3o de favelas no Rio de Janeiro (2007-2011)<\/span><\/i><\/a><span style=\"font-weight: 400;\">, organizado por Alexandre Mendes e\u00a0<a href=\"http:\/\/bit.ly\/2eBJuST\" target=\"_blank\" rel=\"noopener\">Giuseppe Cocco<\/a>, a\u00a0<a href=\"http:\/\/bit.ly\/1kcl02n\" target=\"_blank\" rel=\"noopener\">Defensoria P\u00fablica do Rio de Janeiro<\/a>\u00a0organizou, no \u00faltimo dia <a href=\"http:\/\/bit.ly\/2eqRtof\" target=\"_blank\" rel=\"noopener\">27 de outubro, um painel<\/a> com pessoas envolvidas no\u00a0<a href=\"http:\/\/bit.ly\/2epzbUk\" target=\"_blank\" rel=\"noopener\">N\u00facleo de Terras e Habita\u00e7\u00e3o<\/a> (NUTH). O livro \u00e9 uma cole\u00e7\u00e3o de ensaios sobre o trabalho do NUTH de 2007 a 2011. Em 2011, o estado come\u00e7ou a realocar os defensores p\u00fablicos\u00a0do NUTH em outras divis\u00f5es da Defensoria P\u00fablica do Estado, e o NUTH foi temporariamente <a href=\"http:\/\/bit.ly\/2eBHHgL\" target=\"_blank\" rel=\"noopener\">fechado<\/a>. Alguns defensores p\u00fablicos, como <a href=\"http:\/\/bit.ly\/2feqlaF\" target=\"_blank\" rel=\"noopener\">Alexandre Mendes<\/a>, acabaram assumindo cargos como professores. Outros, como Maria L\u00facia de Pontes, permaneceram na\u00a0Defensoria P\u00fablica em outras divis\u00f5es, e voltaram ao NUTH quando ele foi reaberto.<\/span><\/p>\n<p><a href=\"http:\/\/rioonwatch.org.br\/wp-content\/uploads\/2016\/11\/The-Resistence-Book-487x500-1.jpg\"><img fetchpriority=\"high\" decoding=\"async\" class=\"alignright wp-image-23430\" src=\"http:\/\/rioonwatch.org.br\/wp-content\/uploads\/2016\/11\/The-Resistence-Book-487x500-1.jpg\" alt=\"A Resist\u00eancia \u00e0 Remo\u00e7\u00e3o de Favelas no Rio de Janeiro\" width=\"300\" height=\"308\" srcset=\"https:\/\/rioonwatch.org.br\/wp-content\/uploads\/2016\/11\/The-Resistence-Book-487x500-1.jpg 487w, https:\/\/rioonwatch.org.br\/wp-content\/uploads\/2016\/11\/The-Resistence-Book-487x500-1-257x264.jpg 257w\" sizes=\"(max-width: 300px) 100vw, 300px\" \/><\/a>O painel foi formado por funcion\u00e1rios atuais e antigos do NUTH e l\u00edderes comunit\u00e1rios que haviam participado dos esfor\u00e7os para ajudar as favelas a resistir \u00e0 remo\u00e7\u00e3o. Entre os debatedores estavam: Alexandre Mendes e Giuseppe\u00a0Cocco, que organizaram o livro e contribu\u00edram com ensaios; Maria L\u00facia\u00a0de Pontes e Adriana Britto, que contribu\u00edram com ensaios para o livro e que continuam como defensores p\u00fablicos; e Cleia Soeiro, Jorge Santos e F\u00e1tima Amorim, advindos de\u00a0comunidades que sofreram remo\u00e7\u00f5es: <a href=\"http:\/\/bit.ly\/2fv8jkG\" target=\"_blank\" rel=\"noopener\">Canal do Anil<\/a>, <a href=\"http:\/\/bit.ly\/14vgDEk\" target=\"_blank\" rel=\"noopener\">Vila Recreio II<\/a> e <a href=\"http:\/\/bit.ly\/14LU2Tv\" target=\"_blank\" rel=\"noopener\">Estradinha<\/a>, respectivamente.<\/p>\n<p>Os participantes do painel compartilharam os trabalhos do NUTH durante o per\u00edodo que abrangeu a atua\u00e7\u00e3o dos mesmos. L\u00edderes comunit\u00e1rios\u00a0contaram hist\u00f3rias de como eles vieram a trabalhar com a\u00a0Defensoria P\u00fablica, e o que significava ter esta ajuda.<\/p>\n<p><span style=\"font-weight: 400;\">Cleia Soeiro morava no Canal do Anil, na <a href=\"http:\/\/bit.ly\/11tBmFR\" target=\"_blank\" rel=\"noopener\">Zona Oeste<\/a>, por mais de 20 anos quando as autoridades da prefeitura chegaram \u00e0 sua comunidade em 2007 com ordens para que eles sa\u00edssem. As tentativas de remover o Canal do Anil estavam relacionadas ao crescimento da <a href=\"http:\/\/bit.ly\/19BBUhf\" target=\"_blank\" rel=\"noopener\">Barra da Tijuca<\/a> e \u00e0 proximidade da <a href=\"http:\/\/bit.ly\/WfaiMR\" target=\"_blank\" rel=\"noopener\">Copa do Mundo<\/a> e, mais tarde, \u00e0s <a href=\"http:\/\/bit.ly\/PkLXlQ\" target=\"_blank\" rel=\"noopener\">Olimp\u00edadas<\/a>: &#8220;Quando come\u00e7arem as constru\u00e7\u00f5es, come\u00e7ou a ideia de retirar os moradores. Porque vinham pessoas de fora, estrangeiros, e n\u00f3s \u00e9ramos (vistos como) polui\u00e7\u00e3o visual&#8221;, disse Cleia.<\/span><\/p>\n<p><span style=\"font-weight: 400;\">Quando as autoridades municipais n\u00e3o permitiram que os moradores do Canal do Anil entrassem em sua pr\u00f3pria comunidade, Cleia n\u00e3o deixou de buscar uma solu\u00e7\u00e3o: &#8220;<\/span><span style=\"font-weight: 400;\">Eu n\u00e3o tinha conhecimento, mas eles quiseram e eu fui buscar ajuda, fui na Pastoral (das Favelas) levar a quest\u00e3o para l\u00e1. E assim eu fiz. Naquele mesmo dia fui na Pastoral&#8221;.<\/span><\/p>\n<p><span style=\"font-weight: 400;\">Foi assim que Cleia conheceu o professor Miguel Baldez, que tamb\u00e9m participou do painel e contribuiu com ensaios para o livro. Ele a apresentou aos defensores p\u00fablicos do NUTH e a comunidade do Canal do Anil foi o caso que uniu as pessoas e iniciou a cria\u00e7\u00e3o da din\u00e2mica entre o NUTH e moradores das favelas que estavam no painel&#8211;uma abordagem colaborativa entre defensores e moradores. Uma vez que o NUTH se envolveu, a Associa\u00e7\u00e3o de Moradores do Canal do Anil realizou uma assembleia com os defensores\u00a0<\/span>que, ao contr\u00e1rio da prefeitura, realmente perguntavam aos moradores: &#8220;<span style=\"font-weight: 400;\">Voc\u00eas querem sair da comunidade ou voc\u00eas ir\u00e3o resistir?<\/span>&#8221; Os moradores optaram por <a href=\"http:\/\/bit.ly\/1piRAgk\" target=\"_blank\" rel=\"noopener\">resistir<\/a> e a comunidade de Cleia existe at\u00e9 hoje.<\/p>\n<p><a href=\"http:\/\/rioonwatch.org.br\/wp-content\/uploads\/2016\/11\/Cleia-900x619.jpg\"><img decoding=\"async\" class=\"aligncenter wp-image-23416 size-content\" title=\"Cleia do Canal do Anil\" src=\"http:\/\/rioonwatch.org.br\/wp-content\/uploads\/2016\/11\/Cleia-900x619-620x264.jpg\" alt=\"cleia-900x619\" width=\"620\" height=\"264\" \/><\/a><\/p>\n<p>Maria L\u00facia de Pontes juntou-se ao NUTH depois que o professor Baldez soube sobre a situa\u00e7\u00e3o do Canal do Anil e a convidou para se juntar a uni\u00e3o. Para Maria L\u00facia de Pontes, trabalhar com o NUTH e resistir com as comunidades mudou o seu modo de abordar o seu papel de defensora.&#8221;A gente tinha duas op\u00e7\u00f5es: ficar no gabinete ou ir para a comunidade e resistir junto com a comunidade. Qualquer advogado que voc\u00ea perguntar vai dizer: &#8216;vou ficar no gabinete, vou fazer uma peti\u00e7\u00e3o&#8217;, mas n\u00f3s, na verdade, Baldez, \u00e0s seis, sete da manh\u00e3 me ligou e disse: &#8216;Maria L\u00facia est\u00e3o querendo demolir as casas no Canal do Anil, vamos para l\u00e1'&#8221;. Atrav\u00e9s de sua experi\u00eancia com o NUTH e com o Professor Baldez, Maria L\u00facia de Pontes foi \u201creaprendendo a trabalhar com a ideia que os <a href=\"http:\/\/bit.ly\/1iqdzi3\" target=\"_blank\" rel=\"noopener\">direitos<\/a> n\u00e3o est\u00e3o postos, ele est\u00e3o sendo constru\u00eddos&#8221;.<\/p>\n<p>Autoridades da prefeitura iniciaram os esfor\u00e7os para remover Estradinha na favela <a href=\"http:\/\/bit.ly\/18t2kEo\" target=\"_blank\" rel=\"noopener\">Tabajaras<\/a>, na <a href=\"http:\/\/bit.ly\/1mNsDyk\" target=\"_blank\" rel=\"noopener\">Zona Sul<\/a>, em 2010, depois que fortes chuvas causaram danos significativos a v\u00e1rias favelas. Embora houvesse pouco ou nenhum dano na Estradinha, a prefeitura ainda assim marcou a comunidade para remo\u00e7\u00e3o por considerar que era uma <a href=\"http:\/\/bit.ly\/171nQjb\" target=\"_blank\" rel=\"noopener\">\u00e1rea de risco<\/a>.<\/p>\n<p>F\u00e1tima Amorim, uma l\u00edder comunit\u00e1ria da Estradinha, achou que ela nem tinha <a href=\"http:\/\/bit.ly\/1g73xCv\" target=\"_blank\" rel=\"noopener\">direito legal \u00e0 moradia<\/a> antes de conhecer os defensores do NUTH. &#8220;Quando eu cheguei no NUTH, eu estava muito perdida, n\u00e3o sabia o que fazer. Eu achava que tinha que sair realmente da comunidade, que eu n\u00e3o tinha direito a moradia, que o prefeito era mais forte que eu, que eles tinham direito de tirar a comunidade do local&#8221;.<\/p>\n<p><a href=\"http:\/\/rioonwatch.org.br\/wp-content\/uploads\/2016\/11\/Maria-Lucia.jpg\"><img loading=\"lazy\" decoding=\"async\" class=\"alignright wp-image-23431\" src=\"http:\/\/rioonwatch.org.br\/wp-content\/uploads\/2016\/11\/Maria-Lucia.jpg\" alt=\"Adriana Britto e Maria L\u00facia de Pontes\" width=\"300\" height=\"450\" srcset=\"https:\/\/rioonwatch.org.br\/wp-content\/uploads\/2016\/11\/Maria-Lucia.jpg 400w, https:\/\/rioonwatch.org.br\/wp-content\/uploads\/2016\/11\/Maria-Lucia-176x264.jpg 176w\" sizes=\"(max-width: 300px) 100vw, 300px\" \/><\/a><\/p>\n<p>F\u00e1tima Amorim passou a confiar nos defensores do NUTH quando eles vieram at\u00e9 a comunidade e levaram em conta a opini\u00e3o\u00a0da comunidade. Ela contou que um dia Maria L\u00facia de Pontes apareceu na igreja de F\u00e1tima, se levantou diante dos membros da comunidade, e perguntou-lhes se eles realmente queriam ficar em sua comunidade ou sair:\u00a0<span style=\"font-weight: 400;\">&#8220;[Ela] precisava saber o que \u00e9 que os moradores queriam. Se realmente queriam ficar ou se queriam sair. Essa era uma posi\u00e7\u00e3o que me chamava muito a aten\u00e7\u00e3o, porque era importante saber a posi\u00e7\u00e3o da comunidade&#8230; Ela precisava saber se a gente realmente queria ajuda. Porque \u00e9 muito f\u00e1cil um defensor, um politico, que seja, entrar na comunidade, falar as regras, e simplesmente sair. Mas gra\u00e7as a Deus os defensores daquela \u00e9poca tinham essa vis\u00e3o diferente&#8221;.<\/span><\/p>\n<p>Em 2011, quando o estado come\u00e7ou a remover os defensores do NUTH, foi devastador para F\u00e1tima: &#8220;<span style=\"font-weight: 400;\">Quando voc\u00eas sa\u00edram do NUTH, para mim foi horr\u00edvel<\/span>&#8220;. Na \u00e9poca, ela pensou: &#8220;<span style=\"font-weight: 400;\">Meu Deus, o que est\u00e1 acontecendo, estou perdendo todo mundo?&#8221;.\u00a0<\/span>Em um esfor\u00e7o para manter a moral, ela escondeu o que estava acontecendo da sua comunidade.&#8221;<span style=\"font-weight: 400;\">Foi uma coisa horr\u00edvel. Eu escondi isso da comunidade. Porque a comunidade tinha uma confian\u00e7a t\u00e3o grande nessa galera que eu consegui trazer para o nosso lado. Eles n\u00e3o eram apenas defensores defendendo a comunidade, eles passaram a ser amigos da comunidade. Essa \u00e9 a diferen\u00e7a&#8211;a diferen\u00e7a de voc\u00ea ter um advogado ou ter um amigo advogado&#8221;.<\/span><\/p>\n<p>Gra\u00e7as ao conselho de defensores do NUTH, a comunidade de F\u00e1tima Amorim resistiu \u00e0 remo\u00e7\u00e3o: &#8220;<span style=\"font-weight: 400;\">Hoje minha comunidade n\u00e3o est\u00e1 removida no total. O prefeito [Eduardo Paes] dizia que era um povinho que sujava a terra. Eles conseguiram remover 255 moradias. Mas 100 moradias ficaram na resist\u00eancia e estamos l\u00e1 at\u00e9 hoje.<\/span><\/p>\n<p>Jorge Santos, da <a href=\"http:\/\/bit.ly\/2faX2YS\" target=\"_blank\" rel=\"noopener\">Vila Recreio II<\/a>, na Zona Oeste, reiterou muitos dos mesmos temas que outros l\u00edderes comunit\u00e1rios haviam dito. Antes de conhecer os defensores do NUTH, ele n\u00e3o sabia que tinha direito \u00e0 moradia. &#8220;<span style=\"font-weight: 400;\">Eu pensava como F\u00e1tima pensava, que o meu direito se restringia em ir trabalhar, chegar em casa bem cansado, tomar um banho, jantar e dormir, no outro dia levantar muito cansado, eu e minha mulher, botar um caf\u00e9 para as crian\u00e7as, lev\u00e1-las para a escola e no outro dia ser a mesma coisa&#8221;.<\/span><\/p>\n<p>Jorge Santos n\u00e3o confiava em advogados antes de trabalhar com o NUTH. Ele sempre ouvira dizer que &#8220;[advogados] s<span style=\"font-weight: 400;\">\u00f3 estudaram para ganhar dinheiro, e ajudam a quem tem mais dinheiro para pagar&#8221;, m<\/span>as quando o NUTH chegou, Jorge parou para ouvir. Quando os defensores lhe disseram que havia um processo pendente contra a Vila Recreio II, foi novidade para ele. Ele estava grato pela confiabilidade do NUTH: &#8220;Gra\u00e7as a Deus, Maria L\u00facia de Pontes sempre voltou em momentos cruciais&#8221;.<\/p>\n<p>O trabalho do NUTH de 2007 a 2011 deu aos defensores e aos moradores uma nova perspectiva e abordagem para resistir \u00e0 remo\u00e7\u00e3o. Os defensores trabalharam diretamente com as comunidades e estabeleceram relacionamentos significativos, e os moradores aprenderam seus direitos. Como resultado, &#8220;hoje temos essa discuss\u00e3o [sobre o direito \u00e0 moradia] na forma que deve ser&#8221;, disse Maria L\u00facia de Pontes. Para ela, na luta pela habita\u00e7\u00e3o, &#8220;t<span style=\"font-weight: 400;\">odos t\u00eam que estar envolvidos. N\u00e3o s\u00f3 o advogado ou defensor, mas todos, inclusive e especialmente os moradores<\/span>&#8220;. Ela resumiu as li\u00e7\u00f5es aprendidas citando o professor Baldez:&#8221;<span style=\"font-weight: 400;\">\u00c9 muito mais f\u00e1cil estar juntos do que estar separados. A gente tem chance de mudar alguma coisa estando juntos&#8221;.<\/span><\/p>\n<!-- AddThis Advanced Settings generic via filter on the_content --><!-- AddThis Share Buttons generic via filter on the_content -->","protected":false},"excerpt":{"rendered":"<div class=\"mh-excerpt\"><p>Click Here for English Como parte do lan\u00e7amento do livro A Resist\u00eancia \u00e0 Remo\u00e7\u00e3o de Favelas no Rio de Janeiro&#8211;Institui\u00e7\u00f5es do comum e resist\u00eancias urbanas: a hist\u00f3ria do N\u00facleo de Terra e Habita\u00e7\u00e3o e a <a class=\"mh-excerpt-more\" href=\"https:\/\/rioonwatch.org.br\/?p=23404\" title=\"Defensoria P\u00fablica Sedia Painel com Lideran\u00e7as de Favelas para Discutir Resist\u00eancia \u00e0s Remo\u00e7\u00f5es 2007-2011\">[&#8230;]<\/a><!-- AddThis Advanced Settings generic via filter on get_the_excerpt --><!-- AddThis Share Buttons generic via filter on get_the_excerpt --><\/p>\n<\/div>","protected":false},"author":129,"featured_media":23407,"comment_status":"closed","ping_status":"closed","sticky":false,"template":"","format":"standard","meta":{"_acf_changed":false,"_monsterinsights_skip_tracking":false,"_monsterinsights_sitenote_active":false,"_monsterinsights_sitenote_note":"","_monsterinsights_sitenote_category":0,"footnotes":""},"categories":[1618,1614,1627,1626,342],"tags":[274,54,90,424,88,631,2548,755,1317,1151,1037,86,14,432,93,441,184,383],"writer":[1960],"translator":[1879],"source":[],"ilustrador":[],"fotografo":[],"class_list":{"0":"post-23404","1":"post","2":"type-post","3":"status-publish","4":"format-standard","5":"has-post-thumbnail","7":"category-olhonaparticipacao","8":"category-olhonasremocoes","9":"category-relato-de-evento","10":"category-por-observadores-internacionais","11":"category-solucoes","12":"tag-barra-da-tijuca","13":"tag-anil","14":"tag-defensoria-publica","15":"tag-direito-a-moradia","16":"tag-direitos-humanos","17":"tag-estradinha","18":"tag-igreja-catolica","19":"tag-lei","20":"tag-livro","21":"tag-organizacao","22":"tag-moradia","23":"tag-pastoral-de-favelas","24":"tag-remocao","25":"tag-resistencia","26":"tag-tabajaras","27":"tag-vila-recreio-ii","28":"tag-zona-oeste","29":"tag-zona-sul","30":"writer-laura-bachmann","31":"translator-leonardo-braga-nobre"},"acf":[],"yoast_head":"<!-- This site is optimized with the Yoast SEO plugin v25.6 - https:\/\/yoast.com\/wordpress\/plugins\/seo\/ -->\n<title>Defensoria P\u00fablica Sedia Painel com Lideran\u00e7as de Favelas para Discutir Resist\u00eancia \u00e0s Remo\u00e7\u00f5es 2007-2011 - RioOnWatch<\/title>\n<meta name=\"robots\" content=\"index, follow, max-snippet:-1, max-image-preview:large, max-video-preview:-1\" \/>\n<link rel=\"canonical\" href=\"https:\/\/rioonwatch.org.br\/?p=23404\" \/>\n<meta property=\"og:locale\" content=\"pt_BR\" \/>\n<meta property=\"og:type\" content=\"article\" \/>\n<meta property=\"og:title\" content=\"Defensoria P\u00fablica Sedia Painel com Lideran\u00e7as de Favelas para Discutir Resist\u00eancia \u00e0s Remo\u00e7\u00f5es 2007-2011 - RioOnWatch\" \/>\n<meta property=\"og:description\" content=\"Click Here for English Como parte do lan\u00e7amento do livro A Resist\u00eancia \u00e0 Remo\u00e7\u00e3o de Favelas no Rio de Janeiro&#8211;Institui\u00e7\u00f5es do comum e resist\u00eancias urbanas: a hist\u00f3ria do N\u00facleo de Terra e Habita\u00e7\u00e3o e a [...]\" \/>\n<meta property=\"og:url\" content=\"https:\/\/rioonwatch.org.br\/?p=23404\" \/>\n<meta property=\"og:site_name\" content=\"RioOnWatch\" \/>\n<meta property=\"article:published_time\" content=\"2016-11-08T12:06:55+00:00\" \/>\n<meta property=\"article:modified_time\" content=\"2026-04-14T13:00:51+00:00\" \/>\n<meta property=\"og:image\" content=\"https:\/\/rioonwatch.org.br\/wp-content\/uploads\/2016\/11\/Panel-1000x419.jpg\" \/>\n\t<meta property=\"og:image:width\" content=\"1000\" \/>\n\t<meta property=\"og:image:height\" content=\"419\" \/>\n\t<meta property=\"og:image:type\" content=\"image\/jpeg\" \/>\n<meta name=\"author\" content=\"Admin\" \/>\n<meta name=\"twitter:card\" content=\"summary_large_image\" \/>\n<meta name=\"twitter:label1\" content=\"Escrito por\" \/>\n\t<meta name=\"twitter:data1\" content=\"Admin\" \/>\n\t<meta name=\"twitter:label2\" content=\"Est. tempo de leitura\" \/>\n\t<meta name=\"twitter:data2\" content=\"7 minutos\" \/>\n<script type=\"application\/ld+json\" class=\"yoast-schema-graph\">{\"@context\":\"https:\/\/schema.org\",\"@graph\":[{\"@type\":\"Article\",\"@id\":\"https:\/\/rioonwatch.org.br\/?p=23404#article\",\"isPartOf\":{\"@id\":\"https:\/\/rioonwatch.org.br\/?p=23404\"},\"author\":{\"name\":\"Admin\",\"@id\":\"https:\/\/rioonwatch.org.br\/#\/schema\/person\/11d64c290506f9df50c71b850c473f68\"},\"headline\":\"Defensoria P\u00fablica Sedia Painel com Lideran\u00e7as de Favelas para Discutir Resist\u00eancia \u00e0s Remo\u00e7\u00f5es 2007-2011\",\"datePublished\":\"2016-11-08T12:06:55+00:00\",\"dateModified\":\"2026-04-14T13:00:51+00:00\",\"mainEntityOfPage\":{\"@id\":\"https:\/\/rioonwatch.org.br\/?p=23404\"},\"wordCount\":1509,\"publisher\":{\"@id\":\"https:\/\/rioonwatch.org.br\/#organization\"},\"image\":{\"@id\":\"https:\/\/rioonwatch.org.br\/?p=23404#primaryimage\"},\"thumbnailUrl\":\"https:\/\/rioonwatch.org.br\/wp-content\/uploads\/2016\/11\/Panel-1000x419.jpg\",\"keywords\":[\"Barra da Tijuca\",\"Canal do Anil\",\"Defensoria P\u00fablica\",\"Direito \u00e0 Moradia\",\"Direitos Humanos\",\"Estradinha\",\"Igreja Cat\u00f3lica\",\"lei\",\"livro\",\"mobiliza\u00e7\u00e3o\",\"moradia\",\"Pastoral das Favelas\",\"Remo\u00e7\u00e3o\",\"resist\u00eancia\",\"Tabajaras\",\"Vila Recreio II\",\"Zona Oeste\",\"Zona Sul\"],\"articleSection\":[\"#OlhoNaParticipa\u00e7\u00e3o\",\"#OlhoNasRemo\u00e7\u00f5es\",\"Cobertura de Eventos\",\"Escrito por Aliados\",\"Solu\u00e7\u00f5es\"],\"inLanguage\":\"pt-BR\"},{\"@type\":\"WebPage\",\"@id\":\"https:\/\/rioonwatch.org.br\/?p=23404\",\"url\":\"https:\/\/rioonwatch.org.br\/?p=23404\",\"name\":\"Defensoria P\u00fablica Sedia Painel com Lideran\u00e7as de Favelas para Discutir Resist\u00eancia \u00e0s Remo\u00e7\u00f5es 2007-2011 - RioOnWatch\",\"isPartOf\":{\"@id\":\"https:\/\/rioonwatch.org.br\/#website\"},\"primaryImageOfPage\":{\"@id\":\"https:\/\/rioonwatch.org.br\/?p=23404#primaryimage\"},\"image\":{\"@id\":\"https:\/\/rioonwatch.org.br\/?p=23404#primaryimage\"},\"thumbnailUrl\":\"https:\/\/rioonwatch.org.br\/wp-content\/uploads\/2016\/11\/Panel-1000x419.jpg\",\"datePublished\":\"2016-11-08T12:06:55+00:00\",\"dateModified\":\"2026-04-14T13:00:51+00:00\",\"breadcrumb\":{\"@id\":\"https:\/\/rioonwatch.org.br\/?p=23404#breadcrumb\"},\"inLanguage\":\"pt-BR\",\"potentialAction\":[{\"@type\":\"ReadAction\",\"target\":[\"https:\/\/rioonwatch.org.br\/?p=23404\"]}]},{\"@type\":\"ImageObject\",\"inLanguage\":\"pt-BR\",\"@id\":\"https:\/\/rioonwatch.org.br\/?p=23404#primaryimage\",\"url\":\"https:\/\/rioonwatch.org.br\/wp-content\/uploads\/2016\/11\/Panel-1000x419.jpg\",\"contentUrl\":\"https:\/\/rioonwatch.org.br\/wp-content\/uploads\/2016\/11\/Panel-1000x419.jpg\",\"width\":1000,\"height\":419},{\"@type\":\"BreadcrumbList\",\"@id\":\"https:\/\/rioonwatch.org.br\/?p=23404#breadcrumb\",\"itemListElement\":[{\"@type\":\"ListItem\",\"position\":1,\"name\":\"In\u00edcio\",\"item\":\"https:\/\/rioonwatch.org.br\/\"},{\"@type\":\"ListItem\",\"position\":2,\"name\":\"Defensoria P\u00fablica Sedia Painel com Lideran\u00e7as de Favelas para Discutir Resist\u00eancia \u00e0s Remo\u00e7\u00f5es 2007-2011\"}]},{\"@type\":\"WebSite\",\"@id\":\"https:\/\/rioonwatch.org.br\/#website\",\"url\":\"https:\/\/rioonwatch.org.br\/\",\"name\":\"RioOnWatch\",\"description\":\"relatos das favelas cariocas\",\"publisher\":{\"@id\":\"https:\/\/rioonwatch.org.br\/#organization\"},\"potentialAction\":[{\"@type\":\"SearchAction\",\"target\":{\"@type\":\"EntryPoint\",\"urlTemplate\":\"https:\/\/rioonwatch.org.br\/?s={search_term_string}\"},\"query-input\":{\"@type\":\"PropertyValueSpecification\",\"valueRequired\":true,\"valueName\":\"search_term_string\"}}],\"inLanguage\":\"pt-BR\"},{\"@type\":\"Organization\",\"@id\":\"https:\/\/rioonwatch.org.br\/#organization\",\"name\":\"RioOnWatch\",\"url\":\"https:\/\/rioonwatch.org.br\/\",\"logo\":{\"@type\":\"ImageObject\",\"inLanguage\":\"pt-BR\",\"@id\":\"https:\/\/rioonwatch.org.br\/#\/schema\/logo\/image\/\",\"url\":\"https:\/\/rioonwatch.org.br\/wp-content\/uploads\/2021\/06\/RioOnWatchcabecalhoPT11anos-2.png\",\"contentUrl\":\"https:\/\/rioonwatch.org.br\/wp-content\/uploads\/2021\/06\/RioOnWatchcabecalhoPT11anos-2.png\",\"width\":779,\"height\":277,\"caption\":\"RioOnWatch\"},\"image\":{\"@id\":\"https:\/\/rioonwatch.org.br\/#\/schema\/logo\/image\/\"}},{\"@type\":\"Person\",\"@id\":\"https:\/\/rioonwatch.org.br\/#\/schema\/person\/11d64c290506f9df50c71b850c473f68\",\"name\":\"Admin\",\"image\":{\"@type\":\"ImageObject\",\"inLanguage\":\"pt-BR\",\"@id\":\"https:\/\/rioonwatch.org.br\/#\/schema\/person\/image\/\",\"url\":\"https:\/\/secure.gravatar.com\/avatar\/56211ac74568383903349a1485e3c325?s=96&d=blank&r=g\",\"contentUrl\":\"https:\/\/secure.gravatar.com\/avatar\/56211ac74568383903349a1485e3c325?s=96&d=blank&r=g\",\"caption\":\"Admin\"},\"url\":\"https:\/\/rioonwatch.org.br\/?author=129\"}]}<\/script>\n<!-- \/ Yoast SEO plugin. -->","yoast_head_json":{"title":"Defensoria P\u00fablica Sedia Painel com Lideran\u00e7as de Favelas para Discutir Resist\u00eancia \u00e0s Remo\u00e7\u00f5es 2007-2011 - RioOnWatch","robots":{"index":"index","follow":"follow","max-snippet":"max-snippet:-1","max-image-preview":"max-image-preview:large","max-video-preview":"max-video-preview:-1"},"canonical":"https:\/\/rioonwatch.org.br\/?p=23404","og_locale":"pt_BR","og_type":"article","og_title":"Defensoria P\u00fablica Sedia Painel com Lideran\u00e7as de Favelas para Discutir Resist\u00eancia \u00e0s Remo\u00e7\u00f5es 2007-2011 - RioOnWatch","og_description":"Click Here for English Como parte do lan\u00e7amento do livro A Resist\u00eancia \u00e0 Remo\u00e7\u00e3o de Favelas no Rio de Janeiro&#8211;Institui\u00e7\u00f5es do comum e resist\u00eancias urbanas: a hist\u00f3ria do N\u00facleo de Terra e Habita\u00e7\u00e3o e a [...]","og_url":"https:\/\/rioonwatch.org.br\/?p=23404","og_site_name":"RioOnWatch","article_published_time":"2016-11-08T12:06:55+00:00","article_modified_time":"2026-04-14T13:00:51+00:00","og_image":[{"width":1000,"height":419,"url":"https:\/\/rioonwatch.org.br\/wp-content\/uploads\/2016\/11\/Panel-1000x419.jpg","type":"image\/jpeg"}],"author":"Admin","twitter_card":"summary_large_image","twitter_misc":{"Escrito por":"Admin","Est. tempo de leitura":"7 minutos"},"schema":{"@context":"https:\/\/schema.org","@graph":[{"@type":"Article","@id":"https:\/\/rioonwatch.org.br\/?p=23404#article","isPartOf":{"@id":"https:\/\/rioonwatch.org.br\/?p=23404"},"author":{"name":"Admin","@id":"https:\/\/rioonwatch.org.br\/#\/schema\/person\/11d64c290506f9df50c71b850c473f68"},"headline":"Defensoria P\u00fablica Sedia Painel com Lideran\u00e7as de Favelas para Discutir Resist\u00eancia \u00e0s Remo\u00e7\u00f5es 2007-2011","datePublished":"2016-11-08T12:06:55+00:00","dateModified":"2026-04-14T13:00:51+00:00","mainEntityOfPage":{"@id":"https:\/\/rioonwatch.org.br\/?p=23404"},"wordCount":1509,"publisher":{"@id":"https:\/\/rioonwatch.org.br\/#organization"},"image":{"@id":"https:\/\/rioonwatch.org.br\/?p=23404#primaryimage"},"thumbnailUrl":"https:\/\/rioonwatch.org.br\/wp-content\/uploads\/2016\/11\/Panel-1000x419.jpg","keywords":["Barra da Tijuca","Canal do Anil","Defensoria P\u00fablica","Direito \u00e0 Moradia","Direitos Humanos","Estradinha","Igreja Cat\u00f3lica","lei","livro","mobiliza\u00e7\u00e3o","moradia","Pastoral das Favelas","Remo\u00e7\u00e3o","resist\u00eancia","Tabajaras","Vila Recreio II","Zona Oeste","Zona Sul"],"articleSection":["#OlhoNaParticipa\u00e7\u00e3o","#OlhoNasRemo\u00e7\u00f5es","Cobertura de Eventos","Escrito por Aliados","Solu\u00e7\u00f5es"],"inLanguage":"pt-BR"},{"@type":"WebPage","@id":"https:\/\/rioonwatch.org.br\/?p=23404","url":"https:\/\/rioonwatch.org.br\/?p=23404","name":"Defensoria P\u00fablica Sedia Painel com Lideran\u00e7as de Favelas para Discutir Resist\u00eancia \u00e0s Remo\u00e7\u00f5es 2007-2011 - RioOnWatch","isPartOf":{"@id":"https:\/\/rioonwatch.org.br\/#website"},"primaryImageOfPage":{"@id":"https:\/\/rioonwatch.org.br\/?p=23404#primaryimage"},"image":{"@id":"https:\/\/rioonwatch.org.br\/?p=23404#primaryimage"},"thumbnailUrl":"https:\/\/rioonwatch.org.br\/wp-content\/uploads\/2016\/11\/Panel-1000x419.jpg","datePublished":"2016-11-08T12:06:55+00:00","dateModified":"2026-04-14T13:00:51+00:00","breadcrumb":{"@id":"https:\/\/rioonwatch.org.br\/?p=23404#breadcrumb"},"inLanguage":"pt-BR","potentialAction":[{"@type":"ReadAction","target":["https:\/\/rioonwatch.org.br\/?p=23404"]}]},{"@type":"ImageObject","inLanguage":"pt-BR","@id":"https:\/\/rioonwatch.org.br\/?p=23404#primaryimage","url":"https:\/\/rioonwatch.org.br\/wp-content\/uploads\/2016\/11\/Panel-1000x419.jpg","contentUrl":"https:\/\/rioonwatch.org.br\/wp-content\/uploads\/2016\/11\/Panel-1000x419.jpg","width":1000,"height":419},{"@type":"BreadcrumbList","@id":"https:\/\/rioonwatch.org.br\/?p=23404#breadcrumb","itemListElement":[{"@type":"ListItem","position":1,"name":"In\u00edcio","item":"https:\/\/rioonwatch.org.br\/"},{"@type":"ListItem","position":2,"name":"Defensoria P\u00fablica Sedia Painel com Lideran\u00e7as de Favelas para Discutir Resist\u00eancia \u00e0s Remo\u00e7\u00f5es 2007-2011"}]},{"@type":"WebSite","@id":"https:\/\/rioonwatch.org.br\/#website","url":"https:\/\/rioonwatch.org.br\/","name":"RioOnWatch","description":"relatos das favelas cariocas","publisher":{"@id":"https:\/\/rioonwatch.org.br\/#organization"},"potentialAction":[{"@type":"SearchAction","target":{"@type":"EntryPoint","urlTemplate":"https:\/\/rioonwatch.org.br\/?s={search_term_string}"},"query-input":{"@type":"PropertyValueSpecification","valueRequired":true,"valueName":"search_term_string"}}],"inLanguage":"pt-BR"},{"@type":"Organization","@id":"https:\/\/rioonwatch.org.br\/#organization","name":"RioOnWatch","url":"https:\/\/rioonwatch.org.br\/","logo":{"@type":"ImageObject","inLanguage":"pt-BR","@id":"https:\/\/rioonwatch.org.br\/#\/schema\/logo\/image\/","url":"https:\/\/rioonwatch.org.br\/wp-content\/uploads\/2021\/06\/RioOnWatchcabecalhoPT11anos-2.png","contentUrl":"https:\/\/rioonwatch.org.br\/wp-content\/uploads\/2021\/06\/RioOnWatchcabecalhoPT11anos-2.png","width":779,"height":277,"caption":"RioOnWatch"},"image":{"@id":"https:\/\/rioonwatch.org.br\/#\/schema\/logo\/image\/"}},{"@type":"Person","@id":"https:\/\/rioonwatch.org.br\/#\/schema\/person\/11d64c290506f9df50c71b850c473f68","name":"Admin","image":{"@type":"ImageObject","inLanguage":"pt-BR","@id":"https:\/\/rioonwatch.org.br\/#\/schema\/person\/image\/","url":"https:\/\/secure.gravatar.com\/avatar\/56211ac74568383903349a1485e3c325?s=96&d=blank&r=g","contentUrl":"https:\/\/secure.gravatar.com\/avatar\/56211ac74568383903349a1485e3c325?s=96&d=blank&r=g","caption":"Admin"},"url":"https:\/\/rioonwatch.org.br\/?author=129"}]}},"_links":{"self":[{"href":"https:\/\/rioonwatch.org.br\/index.php?rest_route=\/wp\/v2\/posts\/23404"}],"collection":[{"href":"https:\/\/rioonwatch.org.br\/index.php?rest_route=\/wp\/v2\/posts"}],"about":[{"href":"https:\/\/rioonwatch.org.br\/index.php?rest_route=\/wp\/v2\/types\/post"}],"author":[{"embeddable":true,"href":"https:\/\/rioonwatch.org.br\/index.php?rest_route=\/wp\/v2\/users\/129"}],"replies":[{"embeddable":true,"href":"https:\/\/rioonwatch.org.br\/index.php?rest_route=%2Fwp%2Fv2%2Fcomments&post=23404"}],"version-history":[{"count":21,"href":"https:\/\/rioonwatch.org.br\/index.php?rest_route=\/wp\/v2\/posts\/23404\/revisions"}],"predecessor-version":[{"id":27983,"href":"https:\/\/rioonwatch.org.br\/index.php?rest_route=\/wp\/v2\/posts\/23404\/revisions\/27983"}],"wp:featuredmedia":[{"embeddable":true,"href":"https:\/\/rioonwatch.org.br\/index.php?rest_route=\/wp\/v2\/media\/23407"}],"wp:attachment":[{"href":"https:\/\/rioonwatch.org.br\/index.php?rest_route=%2Fwp%2Fv2%2Fmedia&parent=23404"}],"wp:term":[{"taxonomy":"category","embeddable":true,"href":"https:\/\/rioonwatch.org.br\/index.php?rest_route=%2Fwp%2Fv2%2Fcategories&post=23404"},{"taxonomy":"post_tag","embeddable":true,"href":"https:\/\/rioonwatch.org.br\/index.php?rest_route=%2Fwp%2Fv2%2Ftags&post=23404"},{"taxonomy":"writer","embeddable":true,"href":"https:\/\/rioonwatch.org.br\/index.php?rest_route=%2Fwp%2Fv2%2Fwriter&post=23404"},{"taxonomy":"translator","embeddable":true,"href":"https:\/\/rioonwatch.org.br\/index.php?rest_route=%2Fwp%2Fv2%2Ftranslator&post=23404"},{"taxonomy":"source","embeddable":true,"href":"https:\/\/rioonwatch.org.br\/index.php?rest_route=%2Fwp%2Fv2%2Fsource&post=23404"},{"taxonomy":"ilustrador","embeddable":true,"href":"https:\/\/rioonwatch.org.br\/index.php?rest_route=%2Fwp%2Fv2%2Filustrador&post=23404"},{"taxonomy":"fotografo","embeddable":true,"href":"https:\/\/rioonwatch.org.br\/index.php?rest_route=%2Fwp%2Fv2%2Ffotografo&post=23404"}],"curies":[{"name":"wp","href":"https:\/\/api.w.org\/{rel}","templated":true}]}}