{"id":23529,"date":"2016-11-16T12:43:40","date_gmt":"2016-11-16T15:43:40","guid":{"rendered":"http:\/\/rioonwatch.org.br\/?p=23529"},"modified":"2016-11-17T13:20:29","modified_gmt":"2016-11-17T16:20:29","slug":"cia-marginal-da-mare-apresenta-peca-energica-e-cativante-abordando-o-trafico-de-drogas","status":"publish","type":"post","link":"https:\/\/rioonwatch.org.br\/?p=23529","title":{"rendered":"Cia Marginal da Mar\u00e9 Apresenta Pe\u00e7a En\u00e9rgica e Cativante Abordando o Tr\u00e1fico de Drogas"},"content":{"rendered":"<p style=\"text-align: right;\"><em><strong><a href=\"http:\/\/bit.ly\/2emaGsW\" target=\"_blank\">Click Here for English<img decoding=\"async\" width=\"20\" height=\"20\" class=\"alignright wp-image-15790\" src=\"http:\/\/rioonwatch.org.br\/wp-content\/uploads\/2012\/08\/EN-standard-e1439583104716.jpg\" alt=\"\" \/><\/a><\/strong><\/em><\/p>\n<p>No dia 29 de outubro, o grupo de teatro <a href=\"http:\/\/bit.ly\/2fsqxlD\u00a0\">Cia Marginal<\/a> lan\u00e7ou mais uma temporada da sua aclamada e premiada produ\u00e7\u00e3o <a href=\"http:\/\/bit.ly\/2epnauX\u00a0\"><em>Eles N\u00e3o Usam T\u00eanis Naique<\/em><\/a> no <a href=\"http:\/\/bit.ly\/2fskldk\u00a0\">Teatro Gl\u00e1ucio Gill<\/a> em <a href=\"http:\/\/bit.ly\/1H6bGrX\" target=\"_blank\">Copacabana<\/a>.<\/p>\n<p><a href=\"http:\/\/rioonwatch.org.br\/wp-content\/uploads\/2016\/11\/14717204_1207206785984645_5550755813916616120_n.jpg\"><img fetchpriority=\"high\" decoding=\"async\" class=\"aligncenter wp-image-23546 size-content\" title=\"Eles N\u00e3o Usam T\u00eanis Naique\" src=\"http:\/\/rioonwatch.org.br\/wp-content\/uploads\/2016\/11\/14717204_1207206785984645_5550755813916616120_n-620x264.jpg\" alt=\"14717204_1207206785984645_5550755813916616120_n\" width=\"620\" height=\"264\" \/><\/a><\/p>\n<p>A pe\u00e7a foi escrita pela dramaturga brasileira <a href=\"http:\/\/bit.ly\/2fSqaon\" target=\"_blank\">Marcia Zanelatto<\/a>, e conta a hist\u00f3ria de um pai, Santo, que se encontra com sua filha, Roseli, ap\u00f3s v\u00e1rios anos de separa\u00e7\u00e3o. Ele foi traficante de drogas nos <a href=\"http:\/\/bit.ly\/1i10YF1\" target=\"_blank\">anos oitenta<\/a> quando os grupos de traficantes de drogas nas favelas do Rio ainda tinham motiva\u00e7\u00e3o pol\u00edtica; hoje ela \u00e9 traficante de drogas. A pe\u00e7a \u00e9 um debate ideol\u00f3gico entre os dois personagens, apresentando um panorama, com nuances humanizadas do <a href=\"http:\/\/bit.ly\/NRIxaP\" target=\"_blank\">tr\u00e1fico de drogas<\/a>, que aborda o lado pol\u00edtico, social, espiritual e afetivo.<\/p>\n<p>Desde a ternura \u00e0 raiva, do arrependimento \u00e0 m\u00e1goa total, a pe\u00e7a narra a tentativa desesperada de um pai para salvar a sua filha de uma vida de <a href=\"http:\/\/bit.ly\/1wLR1Ef\" target=\"_blank\">viol\u00eancia<\/a>, crime e sofrimento. Ele esfor\u00e7a-se para convenc\u00ea-la, mas ela desconfia do pai, pois acredita que foi abandonada quando ela mais precisava dele, apesar dele afirmar que desapareceu para proteg\u00ea-la. O idealismo comunista dele est\u00e1 fora de moda, n\u00e3o havendo mais nada em comum com a realidade atual do tr\u00e1fico, e muito menos com o ponto de vista profundamente c\u00ednico da sua filha sobre o mundo.<\/p>\n<p><a href=\"http:\/\/rioonwatch.org.br\/wp-content\/uploads\/2016\/11\/Foto-Renato-Mangolin_Eles-nao-usam_047.jpg\"><img decoding=\"async\" class=\"aligncenter wp-image-23547 size-content\" title=\"Cena de Eles N\u00e3o Usam Tenis Naique. Foto por Rat\u00e3o Diniz\" src=\"http:\/\/rioonwatch.org.br\/wp-content\/uploads\/2016\/11\/Foto-Renato-Mangolin_Eles-nao-usam_047-620x264.jpg\" alt=\"foto-renato-mangolin_eles-nao-usam_047\" width=\"620\" height=\"264\" srcset=\"https:\/\/rioonwatch.org.br\/wp-content\/uploads\/2016\/11\/Foto-Renato-Mangolin_Eles-nao-usam_047-620x264.jpg 620w, https:\/\/rioonwatch.org.br\/wp-content\/uploads\/2016\/11\/Foto-Renato-Mangolin_Eles-nao-usam_047-940x400.jpg 940w\" sizes=\"(max-width: 620px) 100vw, 620px\" \/><\/a><\/p>\n<p>Quatro atores trocam harmoniosamente os papeis de pai e filha no palco, \u00e0s vezes desempenhando os personagens ao mesmo tempo, e at\u00e9 trocando os papeis independentemente do sexo. Esta troca inesperada de pap\u00e9is n\u00e3o confunde, ela prende a aten\u00e7\u00e3o dos espectadores e mant\u00e9m o p\u00fablico alerto. A energia da pe\u00e7a \u00e9 el\u00e9trica, visceral e impregnada de tens\u00e3o, pois momentos de afeto e brincadeira rapidamente se transformam em viol\u00eancia. A rapidez e efic\u00e1cia dessas transi\u00e7\u00f5es \u00e9 devida ao comando poderoso dos atores, cuja performance \u00e9 cativante, en\u00e9rgica e real. Ao final da pe\u00e7a, os atores tamb\u00e9m compartilham as suas hist\u00f3rias como moradores de favela, narrando as lutas e perdas bem como os seus sonhos para o futuro.<\/p>\n<p>A Cia Marginal estreou esta pe\u00e7a em agosto de 2015 no Teatro Glauce Rocha no Centro do Rio de Janeiro. Marcia Zanelatto convidou a companhia para estrear o seu trabalho como parte de um projeto patrocinado pela Funarte chamado <a href=\"http:\/\/bit.ly\/2fsrCd4\u00a0\">Grandes Minorias<\/a>, uma ocupa\u00e7\u00e3o cultural de dois meses do\u00a0<a href=\"http:\/\/bit.ly\/2eJZDpB\u00a0\">Teatro Glauce Rocha<\/a>\u00a0que apresentou\u00a0produ\u00e7\u00f5es art\u00edsticas que exibem hist\u00f3rias e quest\u00f5es relacionadas a grupos marginalizados da sociedade.<\/p>\n<p><a href=\"http:\/\/rioonwatch.org.br\/wp-content\/uploads\/2016\/11\/Foto-RataoDiniz_Eles-nao-usam_0109_TD_1712.jpg\"><img loading=\"lazy\" decoding=\"async\" class=\"aligncenter wp-image-23548 size-content\" title=\"Cena de Eles N\u00e3o Usam Tenis Naique. Foto por Rat\u00e3o Diniz\" src=\"http:\/\/rioonwatch.org.br\/wp-content\/uploads\/2016\/11\/Foto-RataoDiniz_Eles-nao-usam_0109_TD_1712-620x264.jpg\" alt=\"Rio de Janeiro\/RJ\" width=\"620\" height=\"264\" srcset=\"https:\/\/rioonwatch.org.br\/wp-content\/uploads\/2016\/11\/Foto-RataoDiniz_Eles-nao-usam_0109_TD_1712-620x264.jpg 620w, https:\/\/rioonwatch.org.br\/wp-content\/uploads\/2016\/11\/Foto-RataoDiniz_Eles-nao-usam_0109_TD_1712-940x400.jpg 940w\" sizes=\"(max-width: 620px) 100vw, 620px\" \/><\/a><\/p>\n<p>A Cia Marginal foi fundada 2005 no\u00a0<a href=\"http:\/\/bit.ly\/10BvARw\" target=\"_blank\">Complexo da Mar\u00e9<\/a>\u00a0na\u00a0<a href=\"http:\/\/bit.ly\/WximDf\" target=\"_blank\">Zona Norte<\/a>. Surgiu de uma s\u00e9rie de oficinas de teatro para jovens, na favela, que foram realizadas em parceria com a organiza\u00e7\u00e3o\u00a0<a href=\"http:\/\/bit.ly\/1EqXkA7\" target=\"_blank\">Redes de Desenvolvimento da Mar\u00e9<\/a>. A diretora Isabel Penoni conduziu essas oficinas durante cinco anos antes que um grupo fosse consolidado para formar uma companhia de teatro.<\/p>\n<p>Geandra Nobre, uma das atrizes do grupo que est\u00e1 na companhia desde a sua funda\u00e7\u00e3o, descreve a sua entrada no mundo do teatro: \u201cEu passei a gostar do teatro, talvez por ter me incomodado\u00a0no in\u00edcio do projeto. Quando voc\u00ea tem uma aula de hist\u00f3ria, de geografia da Mar\u00e9, voc\u00ea senta numa cadeira e olha para um quadro a sua frente. Mas nas oficinas de teatro n\u00e3o era assim, nem tinha cadeiras, isso me gerava um certo incomodo, mas me fazia pensar com o corpo, n\u00e3o s\u00f3 com a mente&#8221;.<\/p>\n<p>A experi\u00eancia da atriz Priscilla Monteiro tamb\u00e9m ecoa isso: \u201c<span lang=\"PT-BR\">Quando eu entrei era dif\u00edcil para mim falar com as pessoas, mas foi bom porque eu comecei a me sentir viva&#8230;.Ver o meu corpo se transformando, ver o que eu podia fazer com ele, ver o que meus colegas, meus amigos de aula de turma ou de grupo faziam tamb\u00e9m. Isso foi me fazendo querer estar naquele lugar&#8221;.<\/span><\/p>\n<p>Wallace Lino explica que o que o atraiu para as oficinas de teatro foi a sua natureza horizontal:\u00a0&#8220;Os professores n\u00e3o estavam ali em um movimento de vir para nos &#8216;salvar&#8217;. Isso que faz a diferen\u00e7a\u00a0neste trabalho, o\u00a0investimento cont\u00ednuo&#8221;. Seguindo esta linha de pensamento, Geandra compartilha: \u201cTeve um processo que come\u00e7ou a nos incomodar muito. As pessoas no entorno come\u00e7avam a perguntar para a gente&#8211;por ser um grupo que teve a origem na favela e porque somos moradores de favela&#8211;&#8216;o qu\u00ea que o teatro mudou na sua vida?&#8217;, partindo do pressuposto que o teatro muda a vida, ent\u00e3o precisaria mudar a vida de favelados. No entanto, essa n\u00e3o \u00e9 uma pergunta que \u00e9 feita para pessoas que fazem teatro fora da favela, mas era sistem\u00e1tico perguntar para a gente&#8221;.<\/p>\n<p><a href=\"http:\/\/rioonwatch.org.br\/wp-content\/uploads\/2016\/11\/Foto-RataoDiniz_Eles-nao-usam_0033_TD_1247.jpg\"><img loading=\"lazy\" decoding=\"async\" class=\"aligncenter wp-image-23549 size-content\" title=\"CIA Marginal. Foto por Rat\u00e3o Diniz\" src=\"http:\/\/rioonwatch.org.br\/wp-content\/uploads\/2016\/11\/Foto-RataoDiniz_Eles-nao-usam_0033_TD_1247-620x264.jpg\" alt=\"Rio de Janeiro\/RJ\" width=\"620\" height=\"264\" srcset=\"https:\/\/rioonwatch.org.br\/wp-content\/uploads\/2016\/11\/Foto-RataoDiniz_Eles-nao-usam_0033_TD_1247-620x264.jpg 620w, https:\/\/rioonwatch.org.br\/wp-content\/uploads\/2016\/11\/Foto-RataoDiniz_Eles-nao-usam_0033_TD_1247-940x400.jpg 940w\" sizes=\"(max-width: 620px) 100vw, 620px\" \/><\/a><\/p>\n<p>A Cia Marginal \u00e9 operada coletivamente, e sua miss\u00e3o \u00e9 democratizar o teatro, torn\u00e1-lo dispon\u00edvel aos membros da sociedade que foram historicamente exclu\u00eddos dessa forma de arte. Isabel Penoni explica que \u201cfoi crucial para a consolida\u00e7\u00e3o do grupo, a rela\u00e7\u00e3o do teatro com um pensamento cr\u00edtico, a rela\u00e7\u00e3o de teatro com pol\u00edtica&#8230; se descobre uma nova maneira de fazer pol\u00edtica, fazer pol\u00edtica com a arte, e uma nova maneira de fazer arte&#8221;.<\/p>\n<p>\u201cEu era morador do <a href=\"http:\/\/bit.ly\/1QSoSTW\" target=\"_blank\">Caju<\/a>, uma favela do lado da Mar\u00e9,\u201d conta o ator Phellipe Azevedo. \u201c<span lang=\"PT-BR\">A minha rela\u00e7\u00e3o com o teatro me fez questionar muito&#8230; eu entendi que n\u00f3s temos v\u00e1rios direitos. Eu sempre achei <a href=\"http:\/\/bit.ly\/2e2SW2d\" target=\"_blank\">que tinha que correr atr\u00e1s e pagar<\/a>, eu n\u00e3o sabia que eu poderia ter coisas porque eu tinha o\u00a0<a href=\"http:\/\/bit.ly\/2dKGkPl\" target=\"_blank\">direito<\/a>. Quando eu<\/span>\u00a0encontrei o teatro na comunidade e a Cia Marginal, eu comecei a descobrir meus pares dentro do teatro&#8221;.<\/p>\n<p><em>Eles N\u00e3o Usam T\u00eanis Naique<\/em> \u00e9 a quarta produ\u00e7\u00e3o da companhia, e a primeira montada a partir de uma pe\u00e7a escrita. Os outros trabalhos da Cia Marginal foram criados pelo grupo, e apresentavam hist\u00f3rias tanto dentro como fora das favelas:\u00a0<em>Qual \u00e9 a Nossa Cara\u00a0<\/em>narra a mem\u00f3ria do bairro de <a href=\"http:\/\/bit.ly\/1sscKdX\" target=\"_blank\">Nova Holanda<\/a>\u00a0no Complexo da Mar\u00e9, inspirada numa s\u00e9rie de entrevistas realizadas com os moradores locais. A sua segunda produ\u00e7\u00e3o <em>\u00d4 Lili<\/em> cont\u00e9m narrativas de\u00a0presidi\u00e1rios no Rio, tamb\u00e9m baseada numa s\u00e9rie de trabalhos de campo e entrevistas com indiv\u00edduos encarcerados e suas fam\u00edlias. Por fim, <em>In_Tr\u00e2nsito<\/em> \u00e9 uma nova vers\u00e3o da <em>Odisseia<\/em> de Homero, pois discute as viagens cotidianas dos passageiros no\u00a0<a href=\"http:\/\/bit.ly\/1MUX0u9\" target=\"_blank\">transporte p\u00fablico<\/a>\u00a0urbano. \u00c9 apresentada em esta\u00e7\u00f5es de trens e vag\u00f5es ferrovi\u00e1rios, e chama a participa\u00e7\u00e3o do p\u00fablico\/passageiros para as suas odisseias di\u00e1rias.<\/p>\n<p><em>Eles N\u00e3o Usam T\u00eanis Naique<\/em>\u00a0est\u00e1 em cartaz no Teatro Gl\u00e1ucio Gill at\u00e9 5 de dezembro. As sess\u00f5es s\u00e3o sempre aos s\u00e1bados, domingos e segunda-feira \u00e0s 20 horas. Para mais informa\u00e7\u00f5es sobre a companhia e o evento acesse a p\u00e1gina do grupo no <a href=\"http:\/\/bit.ly\/2fODY3v\">Facebook<\/a>.<\/p>\n<!-- AddThis Advanced Settings generic via filter on the_content --><!-- AddThis Share Buttons generic via filter on the_content -->","protected":false},"excerpt":{"rendered":"<div class=\"mh-excerpt\"><p>Click Here for English No dia 29 de outubro, o grupo de teatro Cia Marginal lan\u00e7ou mais uma temporada da sua aclamada e premiada produ\u00e7\u00e3o Eles N\u00e3o Usam T\u00eanis Naique no Teatro Gl\u00e1ucio Gill em <a class=\"mh-excerpt-more\" href=\"https:\/\/rioonwatch.org.br\/?p=23529\" title=\"Cia Marginal da Mar\u00e9 Apresenta Pe\u00e7a En\u00e9rgica e Cativante Abordando o Tr\u00e1fico de Drogas\">[&#8230;]<\/a><!-- AddThis Advanced Settings generic via filter on get_the_excerpt --><!-- AddThis Share Buttons generic via filter on get_the_excerpt --><\/p>\n<\/div>","protected":false},"author":129,"featured_media":23533,"comment_status":"closed","ping_status":"closed","sticky":false,"template":"","format":"standard","meta":{"_acf_changed":false,"_monsterinsights_skip_tracking":false,"_monsterinsights_sitenote_active":false,"_monsterinsights_sitenote_note":"","_monsterinsights_sitenote_category":0,"footnotes":""},"categories":[1621,1627,1615,1626],"tags":[334,881,332,1808,81,421,1107,335,562,218],"writer":[1997],"translator":[1875],"source":[],"ilustrador":[],"fotografo":[],"class_list":{"0":"post-23529","1":"post","2":"type-post","3":"status-publish","4":"format-standard","5":"has-post-thumbnail","7":"category-destaque","8":"category-relato-de-evento","9":"category-cultura-da-favela","10":"category-por-observadores-internacionais","11":"tag-arte","12":"tag-caju","13":"tag-complexo-da-mare","14":"tag-criatividade","15":"tag-cultura","16":"tag-cultura-da-favela","17":"tag-redes-da-mare","18":"tag-teatro","19":"tag-trafico-de-drogas","20":"tag-zona-norte","21":"writer-nour-el-youssef","22":"translator-marina-hennies"},"acf":[],"yoast_head":"<!-- This site is optimized with the Yoast SEO plugin v25.6 - https:\/\/yoast.com\/wordpress\/plugins\/seo\/ -->\n<title>Cia Marginal da Mar\u00e9 Apresenta Pe\u00e7a En\u00e9rgica e Cativante Abordando o Tr\u00e1fico de Drogas - RioOnWatch<\/title>\n<meta name=\"robots\" content=\"index, follow, max-snippet:-1, max-image-preview:large, max-video-preview:-1\" \/>\n<link rel=\"canonical\" href=\"https:\/\/rioonwatch.org.br\/?p=23529\" \/>\n<meta property=\"og:locale\" content=\"pt_BR\" \/>\n<meta property=\"og:type\" content=\"article\" \/>\n<meta property=\"og:title\" content=\"Cia Marginal da Mar\u00e9 Apresenta Pe\u00e7a En\u00e9rgica e Cativante Abordando o Tr\u00e1fico de Drogas - RioOnWatch\" \/>\n<meta property=\"og:description\" content=\"Click Here for English No dia 29 de outubro, o grupo de teatro Cia Marginal lan\u00e7ou mais uma temporada da sua aclamada e premiada produ\u00e7\u00e3o Eles N\u00e3o Usam T\u00eanis Naique no Teatro Gl\u00e1ucio Gill em [...]\" \/>\n<meta property=\"og:url\" content=\"https:\/\/rioonwatch.org.br\/?p=23529\" \/>\n<meta property=\"og:site_name\" content=\"RioOnWatch\" \/>\n<meta property=\"article:published_time\" content=\"2016-11-16T15:43:40+00:00\" \/>\n<meta property=\"article:modified_time\" content=\"2016-11-17T16:20:29+00:00\" \/>\n<meta property=\"og:image\" content=\"https:\/\/rioonwatch.org.br\/wp-content\/uploads\/2016\/11\/Foto-RataoDiniz_Eles-nao-usam_0110_TD_1722-scaled.jpg\" \/>\n\t<meta property=\"og:image:width\" content=\"2560\" \/>\n\t<meta property=\"og:image:height\" content=\"1707\" \/>\n\t<meta property=\"og:image:type\" content=\"image\/jpeg\" \/>\n<meta name=\"author\" content=\"Admin\" \/>\n<meta name=\"twitter:card\" content=\"summary_large_image\" \/>\n<meta name=\"twitter:label1\" content=\"Escrito por\" \/>\n\t<meta name=\"twitter:data1\" content=\"Admin\" \/>\n\t<meta name=\"twitter:label2\" content=\"Est. tempo de leitura\" \/>\n\t<meta name=\"twitter:data2\" content=\"6 minutos\" \/>\n<script type=\"application\/ld+json\" class=\"yoast-schema-graph\">{\"@context\":\"https:\/\/schema.org\",\"@graph\":[{\"@type\":\"Article\",\"@id\":\"https:\/\/rioonwatch.org.br\/?p=23529#article\",\"isPartOf\":{\"@id\":\"https:\/\/rioonwatch.org.br\/?p=23529\"},\"author\":{\"name\":\"Admin\",\"@id\":\"https:\/\/rioonwatch.org.br\/#\/schema\/person\/11d64c290506f9df50c71b850c473f68\"},\"headline\":\"Cia Marginal da Mar\u00e9 Apresenta Pe\u00e7a En\u00e9rgica e Cativante Abordando o Tr\u00e1fico de Drogas\",\"datePublished\":\"2016-11-16T15:43:40+00:00\",\"dateModified\":\"2016-11-17T16:20:29+00:00\",\"mainEntityOfPage\":{\"@id\":\"https:\/\/rioonwatch.org.br\/?p=23529\"},\"wordCount\":1188,\"publisher\":{\"@id\":\"https:\/\/rioonwatch.org.br\/#organization\"},\"image\":{\"@id\":\"https:\/\/rioonwatch.org.br\/?p=23529#primaryimage\"},\"thumbnailUrl\":\"https:\/\/rioonwatch.org.br\/wp-content\/uploads\/2016\/11\/Foto-RataoDiniz_Eles-nao-usam_0110_TD_1722-scaled.jpg\",\"keywords\":[\"arte\",\"Caju\",\"Complexo da Mar\u00e9\",\"criatividade\",\"cultura\",\"cultura da favela\",\"Redes da Mar\u00e9\",\"teatro\",\"tr\u00e1fico de drogas\",\"Zona Norte\"],\"articleSection\":[\"*Destaque\",\"Cobertura de Eventos\",\"Cultura da Favela\",\"Escrito por Aliados\"],\"inLanguage\":\"pt-BR\"},{\"@type\":\"WebPage\",\"@id\":\"https:\/\/rioonwatch.org.br\/?p=23529\",\"url\":\"https:\/\/rioonwatch.org.br\/?p=23529\",\"name\":\"Cia Marginal da Mar\u00e9 Apresenta Pe\u00e7a En\u00e9rgica e Cativante Abordando o Tr\u00e1fico de Drogas - RioOnWatch\",\"isPartOf\":{\"@id\":\"https:\/\/rioonwatch.org.br\/#website\"},\"primaryImageOfPage\":{\"@id\":\"https:\/\/rioonwatch.org.br\/?p=23529#primaryimage\"},\"image\":{\"@id\":\"https:\/\/rioonwatch.org.br\/?p=23529#primaryimage\"},\"thumbnailUrl\":\"https:\/\/rioonwatch.org.br\/wp-content\/uploads\/2016\/11\/Foto-RataoDiniz_Eles-nao-usam_0110_TD_1722-scaled.jpg\",\"datePublished\":\"2016-11-16T15:43:40+00:00\",\"dateModified\":\"2016-11-17T16:20:29+00:00\",\"breadcrumb\":{\"@id\":\"https:\/\/rioonwatch.org.br\/?p=23529#breadcrumb\"},\"inLanguage\":\"pt-BR\",\"potentialAction\":[{\"@type\":\"ReadAction\",\"target\":[\"https:\/\/rioonwatch.org.br\/?p=23529\"]}]},{\"@type\":\"ImageObject\",\"inLanguage\":\"pt-BR\",\"@id\":\"https:\/\/rioonwatch.org.br\/?p=23529#primaryimage\",\"url\":\"https:\/\/rioonwatch.org.br\/wp-content\/uploads\/2016\/11\/Foto-RataoDiniz_Eles-nao-usam_0110_TD_1722-scaled.jpg\",\"contentUrl\":\"https:\/\/rioonwatch.org.br\/wp-content\/uploads\/2016\/11\/Foto-RataoDiniz_Eles-nao-usam_0110_TD_1722-scaled.jpg\",\"width\":2560,\"height\":1707},{\"@type\":\"BreadcrumbList\",\"@id\":\"https:\/\/rioonwatch.org.br\/?p=23529#breadcrumb\",\"itemListElement\":[{\"@type\":\"ListItem\",\"position\":1,\"name\":\"In\u00edcio\",\"item\":\"https:\/\/rioonwatch.org.br\/\"},{\"@type\":\"ListItem\",\"position\":2,\"name\":\"Cia Marginal da Mar\u00e9 Apresenta Pe\u00e7a En\u00e9rgica e Cativante Abordando o Tr\u00e1fico de Drogas\"}]},{\"@type\":\"WebSite\",\"@id\":\"https:\/\/rioonwatch.org.br\/#website\",\"url\":\"https:\/\/rioonwatch.org.br\/\",\"name\":\"RioOnWatch\",\"description\":\"relatos das favelas cariocas\",\"publisher\":{\"@id\":\"https:\/\/rioonwatch.org.br\/#organization\"},\"potentialAction\":[{\"@type\":\"SearchAction\",\"target\":{\"@type\":\"EntryPoint\",\"urlTemplate\":\"https:\/\/rioonwatch.org.br\/?s={search_term_string}\"},\"query-input\":{\"@type\":\"PropertyValueSpecification\",\"valueRequired\":true,\"valueName\":\"search_term_string\"}}],\"inLanguage\":\"pt-BR\"},{\"@type\":\"Organization\",\"@id\":\"https:\/\/rioonwatch.org.br\/#organization\",\"name\":\"RioOnWatch\",\"url\":\"https:\/\/rioonwatch.org.br\/\",\"logo\":{\"@type\":\"ImageObject\",\"inLanguage\":\"pt-BR\",\"@id\":\"https:\/\/rioonwatch.org.br\/#\/schema\/logo\/image\/\",\"url\":\"https:\/\/rioonwatch.org.br\/wp-content\/uploads\/2021\/06\/RioOnWatchcabecalhoPT11anos-2.png\",\"contentUrl\":\"https:\/\/rioonwatch.org.br\/wp-content\/uploads\/2021\/06\/RioOnWatchcabecalhoPT11anos-2.png\",\"width\":779,\"height\":277,\"caption\":\"RioOnWatch\"},\"image\":{\"@id\":\"https:\/\/rioonwatch.org.br\/#\/schema\/logo\/image\/\"}},{\"@type\":\"Person\",\"@id\":\"https:\/\/rioonwatch.org.br\/#\/schema\/person\/11d64c290506f9df50c71b850c473f68\",\"name\":\"Admin\",\"image\":{\"@type\":\"ImageObject\",\"inLanguage\":\"pt-BR\",\"@id\":\"https:\/\/rioonwatch.org.br\/#\/schema\/person\/image\/\",\"url\":\"https:\/\/secure.gravatar.com\/avatar\/56211ac74568383903349a1485e3c325?s=96&d=blank&r=g\",\"contentUrl\":\"https:\/\/secure.gravatar.com\/avatar\/56211ac74568383903349a1485e3c325?s=96&d=blank&r=g\",\"caption\":\"Admin\"},\"url\":\"https:\/\/rioonwatch.org.br\/?author=129\"}]}<\/script>\n<!-- \/ Yoast SEO plugin. -->","yoast_head_json":{"title":"Cia Marginal da Mar\u00e9 Apresenta Pe\u00e7a En\u00e9rgica e Cativante Abordando o Tr\u00e1fico de Drogas - RioOnWatch","robots":{"index":"index","follow":"follow","max-snippet":"max-snippet:-1","max-image-preview":"max-image-preview:large","max-video-preview":"max-video-preview:-1"},"canonical":"https:\/\/rioonwatch.org.br\/?p=23529","og_locale":"pt_BR","og_type":"article","og_title":"Cia Marginal da Mar\u00e9 Apresenta Pe\u00e7a En\u00e9rgica e Cativante Abordando o Tr\u00e1fico de Drogas - RioOnWatch","og_description":"Click Here for English No dia 29 de outubro, o grupo de teatro Cia Marginal lan\u00e7ou mais uma temporada da sua aclamada e premiada produ\u00e7\u00e3o Eles N\u00e3o Usam T\u00eanis Naique no Teatro Gl\u00e1ucio Gill em [...]","og_url":"https:\/\/rioonwatch.org.br\/?p=23529","og_site_name":"RioOnWatch","article_published_time":"2016-11-16T15:43:40+00:00","article_modified_time":"2016-11-17T16:20:29+00:00","og_image":[{"width":2560,"height":1707,"url":"https:\/\/rioonwatch.org.br\/wp-content\/uploads\/2016\/11\/Foto-RataoDiniz_Eles-nao-usam_0110_TD_1722-scaled.jpg","type":"image\/jpeg"}],"author":"Admin","twitter_card":"summary_large_image","twitter_misc":{"Escrito por":"Admin","Est. tempo de leitura":"6 minutos"},"schema":{"@context":"https:\/\/schema.org","@graph":[{"@type":"Article","@id":"https:\/\/rioonwatch.org.br\/?p=23529#article","isPartOf":{"@id":"https:\/\/rioonwatch.org.br\/?p=23529"},"author":{"name":"Admin","@id":"https:\/\/rioonwatch.org.br\/#\/schema\/person\/11d64c290506f9df50c71b850c473f68"},"headline":"Cia Marginal da Mar\u00e9 Apresenta Pe\u00e7a En\u00e9rgica e Cativante Abordando o Tr\u00e1fico de Drogas","datePublished":"2016-11-16T15:43:40+00:00","dateModified":"2016-11-17T16:20:29+00:00","mainEntityOfPage":{"@id":"https:\/\/rioonwatch.org.br\/?p=23529"},"wordCount":1188,"publisher":{"@id":"https:\/\/rioonwatch.org.br\/#organization"},"image":{"@id":"https:\/\/rioonwatch.org.br\/?p=23529#primaryimage"},"thumbnailUrl":"https:\/\/rioonwatch.org.br\/wp-content\/uploads\/2016\/11\/Foto-RataoDiniz_Eles-nao-usam_0110_TD_1722-scaled.jpg","keywords":["arte","Caju","Complexo da Mar\u00e9","criatividade","cultura","cultura da favela","Redes da Mar\u00e9","teatro","tr\u00e1fico de drogas","Zona Norte"],"articleSection":["*Destaque","Cobertura de Eventos","Cultura da Favela","Escrito por Aliados"],"inLanguage":"pt-BR"},{"@type":"WebPage","@id":"https:\/\/rioonwatch.org.br\/?p=23529","url":"https:\/\/rioonwatch.org.br\/?p=23529","name":"Cia Marginal da Mar\u00e9 Apresenta Pe\u00e7a En\u00e9rgica e Cativante Abordando o Tr\u00e1fico de Drogas - RioOnWatch","isPartOf":{"@id":"https:\/\/rioonwatch.org.br\/#website"},"primaryImageOfPage":{"@id":"https:\/\/rioonwatch.org.br\/?p=23529#primaryimage"},"image":{"@id":"https:\/\/rioonwatch.org.br\/?p=23529#primaryimage"},"thumbnailUrl":"https:\/\/rioonwatch.org.br\/wp-content\/uploads\/2016\/11\/Foto-RataoDiniz_Eles-nao-usam_0110_TD_1722-scaled.jpg","datePublished":"2016-11-16T15:43:40+00:00","dateModified":"2016-11-17T16:20:29+00:00","breadcrumb":{"@id":"https:\/\/rioonwatch.org.br\/?p=23529#breadcrumb"},"inLanguage":"pt-BR","potentialAction":[{"@type":"ReadAction","target":["https:\/\/rioonwatch.org.br\/?p=23529"]}]},{"@type":"ImageObject","inLanguage":"pt-BR","@id":"https:\/\/rioonwatch.org.br\/?p=23529#primaryimage","url":"https:\/\/rioonwatch.org.br\/wp-content\/uploads\/2016\/11\/Foto-RataoDiniz_Eles-nao-usam_0110_TD_1722-scaled.jpg","contentUrl":"https:\/\/rioonwatch.org.br\/wp-content\/uploads\/2016\/11\/Foto-RataoDiniz_Eles-nao-usam_0110_TD_1722-scaled.jpg","width":2560,"height":1707},{"@type":"BreadcrumbList","@id":"https:\/\/rioonwatch.org.br\/?p=23529#breadcrumb","itemListElement":[{"@type":"ListItem","position":1,"name":"In\u00edcio","item":"https:\/\/rioonwatch.org.br\/"},{"@type":"ListItem","position":2,"name":"Cia Marginal da Mar\u00e9 Apresenta Pe\u00e7a En\u00e9rgica e Cativante Abordando o Tr\u00e1fico de Drogas"}]},{"@type":"WebSite","@id":"https:\/\/rioonwatch.org.br\/#website","url":"https:\/\/rioonwatch.org.br\/","name":"RioOnWatch","description":"relatos das favelas cariocas","publisher":{"@id":"https:\/\/rioonwatch.org.br\/#organization"},"potentialAction":[{"@type":"SearchAction","target":{"@type":"EntryPoint","urlTemplate":"https:\/\/rioonwatch.org.br\/?s={search_term_string}"},"query-input":{"@type":"PropertyValueSpecification","valueRequired":true,"valueName":"search_term_string"}}],"inLanguage":"pt-BR"},{"@type":"Organization","@id":"https:\/\/rioonwatch.org.br\/#organization","name":"RioOnWatch","url":"https:\/\/rioonwatch.org.br\/","logo":{"@type":"ImageObject","inLanguage":"pt-BR","@id":"https:\/\/rioonwatch.org.br\/#\/schema\/logo\/image\/","url":"https:\/\/rioonwatch.org.br\/wp-content\/uploads\/2021\/06\/RioOnWatchcabecalhoPT11anos-2.png","contentUrl":"https:\/\/rioonwatch.org.br\/wp-content\/uploads\/2021\/06\/RioOnWatchcabecalhoPT11anos-2.png","width":779,"height":277,"caption":"RioOnWatch"},"image":{"@id":"https:\/\/rioonwatch.org.br\/#\/schema\/logo\/image\/"}},{"@type":"Person","@id":"https:\/\/rioonwatch.org.br\/#\/schema\/person\/11d64c290506f9df50c71b850c473f68","name":"Admin","image":{"@type":"ImageObject","inLanguage":"pt-BR","@id":"https:\/\/rioonwatch.org.br\/#\/schema\/person\/image\/","url":"https:\/\/secure.gravatar.com\/avatar\/56211ac74568383903349a1485e3c325?s=96&d=blank&r=g","contentUrl":"https:\/\/secure.gravatar.com\/avatar\/56211ac74568383903349a1485e3c325?s=96&d=blank&r=g","caption":"Admin"},"url":"https:\/\/rioonwatch.org.br\/?author=129"}]}},"_links":{"self":[{"href":"https:\/\/rioonwatch.org.br\/index.php?rest_route=\/wp\/v2\/posts\/23529"}],"collection":[{"href":"https:\/\/rioonwatch.org.br\/index.php?rest_route=\/wp\/v2\/posts"}],"about":[{"href":"https:\/\/rioonwatch.org.br\/index.php?rest_route=\/wp\/v2\/types\/post"}],"author":[{"embeddable":true,"href":"https:\/\/rioonwatch.org.br\/index.php?rest_route=\/wp\/v2\/users\/129"}],"replies":[{"embeddable":true,"href":"https:\/\/rioonwatch.org.br\/index.php?rest_route=%2Fwp%2Fv2%2Fcomments&post=23529"}],"version-history":[{"count":12,"href":"https:\/\/rioonwatch.org.br\/index.php?rest_route=\/wp\/v2\/posts\/23529\/revisions"}],"predecessor-version":[{"id":23571,"href":"https:\/\/rioonwatch.org.br\/index.php?rest_route=\/wp\/v2\/posts\/23529\/revisions\/23571"}],"wp:featuredmedia":[{"embeddable":true,"href":"https:\/\/rioonwatch.org.br\/index.php?rest_route=\/wp\/v2\/media\/23533"}],"wp:attachment":[{"href":"https:\/\/rioonwatch.org.br\/index.php?rest_route=%2Fwp%2Fv2%2Fmedia&parent=23529"}],"wp:term":[{"taxonomy":"category","embeddable":true,"href":"https:\/\/rioonwatch.org.br\/index.php?rest_route=%2Fwp%2Fv2%2Fcategories&post=23529"},{"taxonomy":"post_tag","embeddable":true,"href":"https:\/\/rioonwatch.org.br\/index.php?rest_route=%2Fwp%2Fv2%2Ftags&post=23529"},{"taxonomy":"writer","embeddable":true,"href":"https:\/\/rioonwatch.org.br\/index.php?rest_route=%2Fwp%2Fv2%2Fwriter&post=23529"},{"taxonomy":"translator","embeddable":true,"href":"https:\/\/rioonwatch.org.br\/index.php?rest_route=%2Fwp%2Fv2%2Ftranslator&post=23529"},{"taxonomy":"source","embeddable":true,"href":"https:\/\/rioonwatch.org.br\/index.php?rest_route=%2Fwp%2Fv2%2Fsource&post=23529"},{"taxonomy":"ilustrador","embeddable":true,"href":"https:\/\/rioonwatch.org.br\/index.php?rest_route=%2Fwp%2Fv2%2Filustrador&post=23529"},{"taxonomy":"fotografo","embeddable":true,"href":"https:\/\/rioonwatch.org.br\/index.php?rest_route=%2Fwp%2Fv2%2Ffotografo&post=23529"}],"curies":[{"name":"wp","href":"https:\/\/api.w.org\/{rel}","templated":true}]}}