{"id":23636,"date":"2016-11-22T08:57:34","date_gmt":"2016-11-22T11:57:34","guid":{"rendered":"http:\/\/rioonwatch.org.br\/?p=23636"},"modified":"2016-11-22T09:02:44","modified_gmt":"2016-11-22T12:02:44","slug":"assine-a-peticao-pela-permanencia-da-historica-comunidade-do-horto-acao","status":"publish","type":"post","link":"https:\/\/rioonwatch.org.br\/?p=23636","title":{"rendered":"Assine a Peti\u00e7\u00e3o Pela Perman\u00eancia da Hist\u00f3rica Comunidade do Horto [A\u00c7\u00c3O]"},"content":{"rendered":"<p style=\"text-align: right;\"><em><strong><a href=\"http:\/\/bit.ly\/2g3MZTB\" target=\"_blank\">Click Here for English<img decoding=\"async\" width=\"20\" height=\"20\" class=\"alignright wp-image-15790\" src=\"http:\/\/rioonwatch.org.br\/wp-content\/uploads\/2012\/08\/EN-standard-e1439583104716.jpg\" alt=\"\" \/><\/a><\/strong><\/em><\/p>\n<p><em>A Comunidade do <a href=\"http:\/\/bit.ly\/11b2TzL\" target=\"_blank\">Horto<\/a> na <a href=\"http:\/\/bit.ly\/11b2TzL\" target=\"_blank\">Zona Sul<\/a> do Rio de Janeiro existe <a href=\"http:\/\/bit.ly\/2bYn6qA\" target=\"_blank\">h\u00e1 mais de 200 anos<\/a>. A comunidade foi fundada por trabalhadores do Jardim Bot\u00e2nicos que receberam autoriza\u00e7\u00e3o para construir suas casas naquelas terras, incluindo escravos nos primeiros anos do Jardim Bot\u00e2nico. A comunidade vem sendo amea\u00e7ada de remo\u00e7\u00e3o <a href=\"http:\/\/bit.ly\/12lVeS2\" target=\"_blank\">desde a d\u00e9cada de 60<\/a>. Este esfor\u00e7o mais recente do governo federal para remover o Horto come\u00e7ou ap\u00f3s o presidente Michel Temer assumir o cargo, devido ao impeachment de Dilma Rousseff. Sob a administra\u00e7\u00e3o anterior, o Horto e o governo <a href=\"http:\/\/glo.bo\/2eKhmQh\" target=\"_blank\">concordaram com um plano de regulariza\u00e7\u00e3o<\/a> de terras que permitiria aos moradores permanecer e normalizar seus direitos legais \u00e0s suas casas. Esta remo\u00e7\u00e3o, ap\u00f3s uma <a href=\"http:\/\/bit.ly\/2bAaCSA\" target=\"_blank\">decis\u00e3o judicial em agosto<\/a>, causou um choque enorme, ainda mais porque nenhuma indeniza\u00e7\u00e3o\u00a0est\u00e1 sendo oferecida. Advogados est\u00e3o\u00a0trabalhando\u00a0para defender a comunidade, mas as demoli\u00e7\u00f5es j\u00e1 come\u00e7aram. Uma fam\u00edlia foi <a href=\"http:\/\/bit.ly\/2eIVGnh\" target=\"_blank\">removida \u00e0 for\u00e7a<\/a> pela Pol\u00edcia Militar no dia 7 de novembro.<\/em><\/p>\n<p><em>A comunidade est\u00e1 se organizando e resistindo \u00e0 <a href=\"http:\/\/bit.ly\/X51Qvb\" target=\"_blank\">remo\u00e7\u00e3o<\/a> com <a href=\"http:\/\/bit.ly\/2cUtiMY\" target=\"_blank\">protestos<\/a> regulares, <a href=\"http:\/\/bit.ly\/2eSusNc\" target=\"_blank\">reuni\u00f5es<\/a> e <a href=\"http:\/\/bit.ly\/2eN9pLG\" target=\"_blank\">presen\u00e7a nas m\u00eddias sociais<\/a>. Eles est\u00e3o pedindo ajuda a todos aqueles que apoiam sua luta, no Rio e ao redor\u00a0do mundo. Como parte da\u00a0<a href=\"http:\/\/bit.ly\/1piRAgk\" target=\"_blank\">resist\u00eancia<\/a>, lan\u00e7aram uma peti\u00e7\u00e3o descrevendo sua hist\u00f3ria, o caso e como est\u00e3o sendo tratados, e afirmando o direito de permanecerem. Por favor, leia a carta aberta abaixo, e <a href=\"http:\/\/bit.ly\/2fDbBBj\" target=\"_blank\">assine a peti\u00e7\u00e3o<\/a> para demostrar o seu apoio essencial a esta comunidade hist\u00f3rica diante das crescentes press\u00f5es e viola\u00e7\u00f5es de direitos:<\/em><\/p>\n<h3>Carta aberta da comunidade do Horto no Rio de Janeiro<\/h3>\n<p>Os primeiros habitantes do Horto Florestal, no bairro do Jardim Bot\u00e2nico do Rio de Janeiro, foram escravos africanos trazidos para o cultivo de cana e caf\u00e9, a partir de 1578. A estes se juntaram trabalhadores livres, na constru\u00e7\u00e3o da F\u00e1brica de P\u00f3lvora e do Jardim Bot\u00e2nico, iniciada por D. Jo\u00e3o VI, em 1808. Os descendentes destes escravos e trabalhadores pioneiros formaram o n\u00facleo de nossa comunidade, que hoje conta cerca de 600 fam\u00edlias.<\/p>\n<p>Longe da cidade, sem transportes nem servi\u00e7os, a Administra\u00e7\u00e3o do Jardim Bot\u00e2nico lhes oferecia terrenos, pr\u00f3ximos ao trabalho, e a licen\u00e7a para neles constru\u00edrem suas casas, onde eles e seus descendentes viveram em paz com suas fam\u00edlias, por d\u00e9cadas. Presenciaram e participaram da pr\u00f3pria Hist\u00f3ria do Rio de Janeiro, e do Brasil: <a href=\"http:\/\/bit.ly\/1XNgMOM\" target=\"_blank\">Get\u00falio Vargas<\/a> visitava o Horto, no dia da Festa da \u00c1rvore, <a href=\"http:\/\/bit.ly\/2fjIaHh\" target=\"_blank\">Juscelino Kubitschek<\/a> inaugurou, com sua m\u00e3e Julia, a escola nomeada em homenagem a esta, para atender \u00e0s crian\u00e7as do bairro. Muitos trabalharam na forma\u00e7\u00e3o da <a href=\"http:\/\/bit.ly\/1CGbQBS\" target=\"_blank\">Floresta da Tijuca<\/a>, e foram a for\u00e7a motriz a preservar o Jardim Bot\u00e2nico, como a verdadeira joia para nossa cidade que \u00e9 at\u00e9 hoje.<\/p>\n<p><a href=\"http:\/\/rioonwatch.org.br\/wp-content\/uploads\/2016\/11\/fotos-moradores-004.jpg\"><img fetchpriority=\"high\" decoding=\"async\" class=\"aligncenter wp-image-23648 size-content\" title=\"Documentos comprovam a hist\u00f3ria da comunidade. Imagem: Museu faz Horto\" src=\"http:\/\/rioonwatch.org.br\/wp-content\/uploads\/2016\/11\/fotos-moradores-004-620x264.jpg\" alt=\"fotos-moradores-004\" width=\"620\" height=\"264\" \/><\/a><\/p>\n<p>Em praticamente qualquer pa\u00eds livre do mundo, a mera resid\u00eancia no local por tantos anos, sem tantas outras considera\u00e7\u00f5es hist\u00f3ricas, sociais, morais e \u00e9ticas, seria suficiente para assegurar aos moradores a plena propriedade de suas casas. Mas, com o crescimento do Rio de Janeiro, o Horto foi alcan\u00e7ado pela Zona Sul, a mais procurada da cidade, e a pr\u00f3pria vizinhan\u00e7a do Jardim Bot\u00e2nico tornou\u2010se grande fator de valoriza\u00e7\u00e3o. Na <a href=\"http:\/\/bit.ly\/1nQlHQA\" target=\"_blank\">ditadura militar<\/a>, come\u00e7aram as tentativas de expuls\u00e3o dos moradores da \u00e1rea, tornada objeto de desejo dos ricos, assim como da <a href=\"http:\/\/bit.ly\/2cUtiMY\" target=\"_blank\">rede de comunica\u00e7\u00e3o<\/a> dominante do Pa\u00eds, que l\u00e1 <a href=\"http:\/\/bit.ly\/1VtRpVb\" target=\"_blank\">se instalou em 1965<\/a>, e \u00e9 hoje a maior propriet\u00e1ria de im\u00f3veis no bairro.<\/p>\n<p>Mas, felizmente para o povo brasileiro, nos \u00faltimos anos o ambiente pol\u00edtico e jur\u00eddico\u2010institucional mudou. Com base nos princ\u00edpios democr\u00e1ticos da <a href=\"http:\/\/bit.ly\/28RRQq0\" target=\"_blank\">Constitui\u00e7\u00e3o de 1988<\/a>, foi h\u00e1 dois anos iniciado pela Secretaria do Patrim\u00f4nio da Uni\u00e3o um trabalho s\u00e9rio, assessorado pela Faculdade de Urbanismo da UFRJ, visando \u00e0 regulariza\u00e7\u00e3o fundi\u00e1ria da comunidade, com a concilia\u00e7\u00e3o de todos os fatores \u2013 ecol\u00f3gicos, sociais, e hist\u00f3rico\u2010culturais. A partir da\u00ed, os poderosos interesses econ\u00f4micos contrariados iniciaram uma feroz rea\u00e7\u00e3o, cuja trucul\u00eancia chega agora ao auge.<\/p>\n<p>Para um imp\u00e9rio da m\u00eddia, que <a href=\"http:\/\/bit.ly\/2fhlcRc\" target=\"_blank\">n\u00e3o reluta em deformar not\u00edcias e retorcer a verdade<\/a>, \u00e9 f\u00e1cil convencer nossos concidad\u00e3os de que est\u00e1 em curso uma \u201cinvas\u00e3o do Jardim Bot\u00e2nico\u201d, o qual est\u00e1 sendo \u201cfavelizado\u201d, e assim voltar massivamente contra n\u00f3s bem\u2010intencionados defensores da ecologia, e a opini\u00e3o p\u00fablica em geral. Alvo constante de ataques injuriosos, de ofensas abertas, de mentiras deslavadas, n\u00e3o temos recursos financeiros que nos possibilitem a defesa, e as poucas vozes honestas que, na m\u00eddia e no Congresso, se erguem em defesa da verdade, e dos nossos direitos, s\u00e3o imediatamente abafadas, e seus donos vilipendiados.<\/p>\n<p>Recentemente, foi alegado que o tombamento pelo IPHAN do Jardim Bot\u00e2nico, em 1938, e do conjunto arquitet\u00f4nico do Horto, em 1973, \u201cincluiria\u201d a sua vizinhan\u00e7a, j\u00e1 ent\u00e3o ocupada pela comunidade. Fato in\u00e9dito: uma \u00e1rea tombada, n\u00e3o para preserv\u00e1\u2010la no estado em que se encontrava, cujo interesse hist\u00f3rico e art\u00edstico teria que justificar tal medida, mas para modific\u00e1la num futuro distante, de acordo com projetos inexistentes \u00e0 \u00e9poca. Inacreditavelmente, com base neste argumento rid\u00edculo o Tribunal de Contas da Uni\u00e3o determinou \u00e0 SPU interromper seus procedimentos: um Ministro do TCU, em absoluto arrepio \u00e0 dignidade que deveria se associar a seu cargo, nos comparou de p\u00fablico a \u201cmendigos invadindo a Pra\u00e7a Nossa Senhora da Paz\u201d, com grande estardalha\u00e7o na m\u00eddia.<\/p>\n<p><a href=\"http:\/\/rioonwatch.org.br\/wp-content\/uploads\/2016\/11\/image-5.jpeg\"><img decoding=\"async\" class=\"aligncenter wp-image-23649 size-content\" title=\"Comunidade do Horto protesta dentro do Jardim Bot\u00e2nico.\" src=\"http:\/\/rioonwatch.org.br\/wp-content\/uploads\/2016\/11\/image-5-620x264.jpeg\" alt=\"image-5\" width=\"620\" height=\"264\" \/><\/a><\/p>\n<p>N\u00e3o h\u00e1 qualquer invas\u00e3o ao Jardim Bot\u00e2nico, o qual n\u00f3s ser\u00edamos os primeiros a defender. Sob este pretexto, e de uma fict\u00edcia necessidade de expans\u00e3o, o que se pretende \u00e9 levar a cabo uma \u201climpeza \u00e9tnica e social\u201d do bairro, para atender a interesses nada obscuros, por\u00e9m inconfess\u00e1veis: destruir toda uma comunidade, apag\u00e1\u2010la da hist\u00f3ria, para \u201cmelhorar\u201d a vizinhan\u00e7a. \u00c0s autoridades, em todos os n\u00edveis, dos tr\u00eas Poderes do Estado democr\u00e1tico brasileiro, denunciamos este atentado covarde, insidioso e vil, \u00e0 Hist\u00f3ria, \u00e0 verdade, \u00e0 justi\u00e7a, e aos <a href=\"http:\/\/bit.ly\/1iqdzi3\" target=\"_blank\">direitos sociais e humanos<\/a> de centenas de cidad\u00e3os brasileiros.<\/p>\n<p>Aos nossos concidad\u00e3os, do Rio de Janeiro, do resto do Brasil, e de todo o mundo, pedimos: n\u00e3o se deixem levar pela for\u00e7a do dinheiro! N\u00e3o sejam enganados, n\u00e3o se transformem em massa de manobra dos inimigos do povo, para servir aos interesses deles! Se puderem, venham aqui, vejam com seus pr\u00f3prios olhos a verdade: que n\u00e3o h\u00e1 invas\u00e3o alguma do Jardim Bot\u00e2nico, fora das p\u00e1ginas de um jornal, e da tela de sua televis\u00e3o. Conhe\u00e7am de perto nosso bairro, as crian\u00e7as que brincam, os idosos nascidos aqui. \u00c9 um belo passeio, e ser\u00e3o muito bem\u2010vindos.<\/p>\n<h3>A peti\u00e7\u00e3o<\/h3>\n<p>A historia de um povo \u00e9 a sua marca registrada!!! Com este pensamento gostar\u00edamos de apresentar esta peti\u00e7\u00e3o que tem o objetivo de mostrar \u00e0 popula\u00e7\u00e3o brasileira o que vem acontecendo com os moradores do Horto Florestal, que s\u00e3o cerca de 620 fam\u00edlias, a sua grande maioria pessoas descendentes de antigos funcion\u00e1rios do Jardim Bot\u00e2nico que deram a sua vida por este patrim\u00f4nio brasileiro, e tamb\u00e9m de funcion\u00e1rios ativos. Pessoas simples e humildes, que vivem na \u00e1rea ao lado do Parque Jardim Bot\u00e2nico, conhecida como Horto Florestal. Gostar\u00edamos de <a href=\"http:\/\/bit.ly\/16nL7Yz\" target=\"_blank\">contar nossa hist\u00f3ria<\/a> e de como estamos sendo tratados por uma elite preconceituosa, por uma m\u00eddia golpista e por for\u00e7as especulativas que nada querem preservar, apenas ganhar dinheiro. Pe\u00e7o que leiam e nos apoiem nesta luta que tem levado muitos de nossos idosos <a href=\"http:\/\/bit.ly\/2fbompr\" target=\"_blank\">falecerem<\/a> ou serem <a href=\"http:\/\/bit.ly\/2fCYh3i\" target=\"_blank\">hospitalizados<\/a>.<\/p>\n<h2>Assine a peti\u00e7\u00e3o <a href=\"http:\/\/bit.ly\/2fDbBBj\" target=\"_blank\">aqui<\/a>.<\/h2>\n<h3>Voc\u00ea tamb\u00e9m pode escrever para o Jardim Bot\u00e2nico sobre sua preocupa\u00e7\u00e3o com a comunidade do Horto em\u00a0<a href=\"mailto:jbrj@jbrj.gov.br\" target=\"_blank\">jbrj@jbrj.gov.br<\/a>. O Jardim depende de visitantes nacionais e internacionais. Sua voz \u00e9 importante.<\/h3>\n<h3>Leia nossa cobertura recente sobre o Horto aqui:<\/h3>\n<p>10 de novembro de 2016 <a href=\"http:\/\/bit.ly\/2fhlcRc\" target=\"_blank\">Remo\u00e7\u00e3o Violenta no Horto! Choque e Protesto na Remo\u00e7\u00e3o da Fam\u00edlia Souza<\/a><br \/>\n22 de outubro de 2016 <a href=\"http:\/\/bit.ly\/2eSusNc\" target=\"_blank\">Favela Bicenten\u00e1ria do Horto Redobra Resist\u00eancia \u00e0 Remo\u00e7\u00e3o Enquanto Uma Fam\u00edlia Recebe Ordem de Despejo<\/a><a href=\"http:\/\/bit.ly\/2fhlcRc\" target=\"_blank\"><br \/>\n<\/a>26 de setembro de 2016\u00a0<a href=\"http:\/\/bit.ly\/2cUtiMY\" target=\"_blank\">Horto Protesta Notifica\u00e7\u00e3o de Despejo de Noventa Dias e Ataque da Globo<\/a><a href=\"http:\/\/bit.ly\/2fhlcRc\" target=\"_blank\"><br \/>\n<\/a>22 de agosto de 2016\u00a0<a href=\"http:\/\/bit.ly\/2bYn6qA\" target=\"_blank\">Horto: Hist\u00f3ria que tem raiz<\/a><a href=\"http:\/\/bit.ly\/2fhlcRc\" target=\"_blank\"><br \/>\n<\/a>18 de agosto de 2016\u00a0<a href=\"http:\/\/bit.ly\/2bAaCSA\" target=\"_blank\">Horto Recebe Notifica\u00e7\u00e3o de Despejo de 90 Dias, Mantendo Rio Em Ritmo de Remo\u00e7\u00e3o<\/a><\/p>\n<!-- AddThis Advanced Settings generic via filter on the_content --><!-- AddThis Share Buttons generic via filter on the_content -->","protected":false},"excerpt":{"rendered":"<div class=\"mh-excerpt\"><p>Click Here for English A Comunidade do Horto na Zona Sul do Rio de Janeiro existe h\u00e1 mais de 200 anos. A comunidade foi fundada por trabalhadores do Jardim Bot\u00e2nicos que receberam autoriza\u00e7\u00e3o para construir <a class=\"mh-excerpt-more\" href=\"https:\/\/rioonwatch.org.br\/?p=23636\" title=\"Assine a Peti\u00e7\u00e3o Pela Perman\u00eancia da Hist\u00f3rica Comunidade do Horto [A\u00c7\u00c3O]\">[&#8230;]<\/a><!-- AddThis Advanced Settings generic via filter on get_the_excerpt --><!-- AddThis Share Buttons generic via filter on get_the_excerpt --><\/p>\n<\/div>","protected":false},"author":129,"featured_media":23647,"comment_status":"closed","ping_status":"closed","sticky":false,"template":"","format":"standard","meta":{"_acf_changed":false,"_monsterinsights_skip_tracking":false,"_monsterinsights_sitenote_active":false,"_monsterinsights_sitenote_note":"","_monsterinsights_sitenote_category":0,"footnotes":""},"categories":[1617,1614,1621,346,1626,1388,1612],"tags":[424,396,732,128,733,734,1151,1037,358,774,14,432,1308,1364,383],"writer":[1960],"translator":[1971],"source":[],"ilustrador":[],"fotografo":[],"class_list":{"0":"post-23636","1":"post","2":"type-post","3":"status-publish","4":"format-standard","5":"has-post-thumbnail","7":"category-olhonagentrificacao","8":"category-olhonasremocoes","9":"category-destaque","10":"category-denuncias","11":"category-por-observadores-internacionais","12":"category-formas-de-apoiar","13":"category-sociedade-civil","14":"tag-direito-a-moradia","15":"tag-especulacao-imobiliaria","16":"tag-globo","17":"tag-historia","18":"tag-horto","19":"tag-jardim-botanico","20":"tag-organizacao","21":"tag-moradia","22":"tag-organizacao-comunitaria","23":"tag-policia-militar","24":"tag-remocao","25":"tag-resistencia","26":"tag-taticas-de-organizacao","27":"tag-violacoes","28":"tag-zona-sul","29":"writer-laura-bachmann","30":"translator-geovanna-giannini"},"acf":[],"yoast_head":"<!-- This site is optimized with the Yoast SEO plugin v25.6 - https:\/\/yoast.com\/wordpress\/plugins\/seo\/ -->\n<title>Assine a Peti\u00e7\u00e3o Pela Perman\u00eancia da Hist\u00f3rica Comunidade do Horto [A\u00c7\u00c3O] - RioOnWatch<\/title>\n<meta name=\"robots\" content=\"index, follow, max-snippet:-1, max-image-preview:large, max-video-preview:-1\" \/>\n<link rel=\"canonical\" href=\"https:\/\/rioonwatch.org.br\/?p=23636\" \/>\n<meta property=\"og:locale\" content=\"pt_BR\" \/>\n<meta property=\"og:type\" content=\"article\" \/>\n<meta property=\"og:title\" content=\"Assine a Peti\u00e7\u00e3o Pela Perman\u00eancia da Hist\u00f3rica Comunidade do Horto [A\u00c7\u00c3O] - RioOnWatch\" \/>\n<meta property=\"og:description\" content=\"Click Here for English A Comunidade do Horto na Zona Sul do Rio de Janeiro existe h\u00e1 mais de 200 anos. A comunidade foi fundada por trabalhadores do Jardim Bot\u00e2nicos que receberam autoriza\u00e7\u00e3o para construir [...]\" \/>\n<meta property=\"og:url\" content=\"https:\/\/rioonwatch.org.br\/?p=23636\" \/>\n<meta property=\"og:site_name\" content=\"RioOnWatch\" \/>\n<meta property=\"article:published_time\" content=\"2016-11-22T11:57:34+00:00\" \/>\n<meta property=\"article:modified_time\" content=\"2016-11-22T12:02:44+00:00\" \/>\n<meta property=\"og:image\" content=\"https:\/\/rioonwatch.org.br\/wp-content\/uploads\/2016\/11\/IMG_0442.jpg\" \/>\n\t<meta property=\"og:image:width\" content=\"1600\" \/>\n\t<meta property=\"og:image:height\" content=\"1200\" \/>\n\t<meta property=\"og:image:type\" content=\"image\/jpeg\" \/>\n<meta name=\"author\" content=\"Admin\" \/>\n<meta name=\"twitter:card\" content=\"summary_large_image\" \/>\n<meta name=\"twitter:label1\" content=\"Escrito por\" \/>\n\t<meta name=\"twitter:data1\" content=\"Admin\" \/>\n\t<meta name=\"twitter:label2\" content=\"Est. tempo de leitura\" \/>\n\t<meta name=\"twitter:data2\" content=\"7 minutos\" \/>\n<script type=\"application\/ld+json\" class=\"yoast-schema-graph\">{\"@context\":\"https:\/\/schema.org\",\"@graph\":[{\"@type\":\"Article\",\"@id\":\"https:\/\/rioonwatch.org.br\/?p=23636#article\",\"isPartOf\":{\"@id\":\"https:\/\/rioonwatch.org.br\/?p=23636\"},\"author\":{\"name\":\"Admin\",\"@id\":\"https:\/\/rioonwatch.org.br\/#\/schema\/person\/11d64c290506f9df50c71b850c473f68\"},\"headline\":\"Assine a Peti\u00e7\u00e3o Pela Perman\u00eancia da Hist\u00f3rica Comunidade do Horto [A\u00c7\u00c3O]\",\"datePublished\":\"2016-11-22T11:57:34+00:00\",\"dateModified\":\"2016-11-22T12:02:44+00:00\",\"mainEntityOfPage\":{\"@id\":\"https:\/\/rioonwatch.org.br\/?p=23636\"},\"wordCount\":1475,\"publisher\":{\"@id\":\"https:\/\/rioonwatch.org.br\/#organization\"},\"image\":{\"@id\":\"https:\/\/rioonwatch.org.br\/?p=23636#primaryimage\"},\"thumbnailUrl\":\"https:\/\/rioonwatch.org.br\/wp-content\/uploads\/2016\/11\/IMG_0442.jpg\",\"keywords\":[\"Direito \u00e0 Moradia\",\"especula\u00e7\u00e3o imobili\u00e1ria\",\"Globo\",\"hist\u00f3ria\",\"Horto\",\"Jardim Bot\u00e2nico\",\"mobiliza\u00e7\u00e3o\",\"moradia\",\"organiza\u00e7\u00e3o comunit\u00e1ria\",\"Pol\u00edcia Militar\",\"Remo\u00e7\u00e3o\",\"resist\u00eancia\",\"t\u00e1ticas de organiza\u00e7\u00e3o\",\"viola\u00e7\u00f5es\",\"Zona Sul\"],\"articleSection\":[\"#OlhoNaGentrifica\u00e7\u00e3o\",\"#OlhoNasRemo\u00e7\u00f5es\",\"*Destaque\",\"Den\u00fancias\",\"Escrito por Aliados\",\"Formas de Apoiar\",\"Sociedade Civil\"],\"inLanguage\":\"pt-BR\"},{\"@type\":\"WebPage\",\"@id\":\"https:\/\/rioonwatch.org.br\/?p=23636\",\"url\":\"https:\/\/rioonwatch.org.br\/?p=23636\",\"name\":\"Assine a Peti\u00e7\u00e3o Pela Perman\u00eancia da Hist\u00f3rica Comunidade do Horto [A\u00c7\u00c3O] - RioOnWatch\",\"isPartOf\":{\"@id\":\"https:\/\/rioonwatch.org.br\/#website\"},\"primaryImageOfPage\":{\"@id\":\"https:\/\/rioonwatch.org.br\/?p=23636#primaryimage\"},\"image\":{\"@id\":\"https:\/\/rioonwatch.org.br\/?p=23636#primaryimage\"},\"thumbnailUrl\":\"https:\/\/rioonwatch.org.br\/wp-content\/uploads\/2016\/11\/IMG_0442.jpg\",\"datePublished\":\"2016-11-22T11:57:34+00:00\",\"dateModified\":\"2016-11-22T12:02:44+00:00\",\"breadcrumb\":{\"@id\":\"https:\/\/rioonwatch.org.br\/?p=23636#breadcrumb\"},\"inLanguage\":\"pt-BR\",\"potentialAction\":[{\"@type\":\"ReadAction\",\"target\":[\"https:\/\/rioonwatch.org.br\/?p=23636\"]}]},{\"@type\":\"ImageObject\",\"inLanguage\":\"pt-BR\",\"@id\":\"https:\/\/rioonwatch.org.br\/?p=23636#primaryimage\",\"url\":\"https:\/\/rioonwatch.org.br\/wp-content\/uploads\/2016\/11\/IMG_0442.jpg\",\"contentUrl\":\"https:\/\/rioonwatch.org.br\/wp-content\/uploads\/2016\/11\/IMG_0442.jpg\",\"width\":1600,\"height\":1200},{\"@type\":\"BreadcrumbList\",\"@id\":\"https:\/\/rioonwatch.org.br\/?p=23636#breadcrumb\",\"itemListElement\":[{\"@type\":\"ListItem\",\"position\":1,\"name\":\"In\u00edcio\",\"item\":\"https:\/\/rioonwatch.org.br\/\"},{\"@type\":\"ListItem\",\"position\":2,\"name\":\"Assine a Peti\u00e7\u00e3o Pela Perman\u00eancia da Hist\u00f3rica Comunidade do Horto [A\u00c7\u00c3O]\"}]},{\"@type\":\"WebSite\",\"@id\":\"https:\/\/rioonwatch.org.br\/#website\",\"url\":\"https:\/\/rioonwatch.org.br\/\",\"name\":\"RioOnWatch\",\"description\":\"relatos das favelas cariocas\",\"publisher\":{\"@id\":\"https:\/\/rioonwatch.org.br\/#organization\"},\"potentialAction\":[{\"@type\":\"SearchAction\",\"target\":{\"@type\":\"EntryPoint\",\"urlTemplate\":\"https:\/\/rioonwatch.org.br\/?s={search_term_string}\"},\"query-input\":{\"@type\":\"PropertyValueSpecification\",\"valueRequired\":true,\"valueName\":\"search_term_string\"}}],\"inLanguage\":\"pt-BR\"},{\"@type\":\"Organization\",\"@id\":\"https:\/\/rioonwatch.org.br\/#organization\",\"name\":\"RioOnWatch\",\"url\":\"https:\/\/rioonwatch.org.br\/\",\"logo\":{\"@type\":\"ImageObject\",\"inLanguage\":\"pt-BR\",\"@id\":\"https:\/\/rioonwatch.org.br\/#\/schema\/logo\/image\/\",\"url\":\"https:\/\/rioonwatch.org.br\/wp-content\/uploads\/2021\/06\/RioOnWatchcabecalhoPT11anos-2.png\",\"contentUrl\":\"https:\/\/rioonwatch.org.br\/wp-content\/uploads\/2021\/06\/RioOnWatchcabecalhoPT11anos-2.png\",\"width\":779,\"height\":277,\"caption\":\"RioOnWatch\"},\"image\":{\"@id\":\"https:\/\/rioonwatch.org.br\/#\/schema\/logo\/image\/\"}},{\"@type\":\"Person\",\"@id\":\"https:\/\/rioonwatch.org.br\/#\/schema\/person\/11d64c290506f9df50c71b850c473f68\",\"name\":\"Admin\",\"image\":{\"@type\":\"ImageObject\",\"inLanguage\":\"pt-BR\",\"@id\":\"https:\/\/rioonwatch.org.br\/#\/schema\/person\/image\/\",\"url\":\"https:\/\/secure.gravatar.com\/avatar\/56211ac74568383903349a1485e3c325?s=96&d=blank&r=g\",\"contentUrl\":\"https:\/\/secure.gravatar.com\/avatar\/56211ac74568383903349a1485e3c325?s=96&d=blank&r=g\",\"caption\":\"Admin\"},\"url\":\"https:\/\/rioonwatch.org.br\/?author=129\"}]}<\/script>\n<!-- \/ Yoast SEO plugin. -->","yoast_head_json":{"title":"Assine a Peti\u00e7\u00e3o Pela Perman\u00eancia da Hist\u00f3rica Comunidade do Horto [A\u00c7\u00c3O] - RioOnWatch","robots":{"index":"index","follow":"follow","max-snippet":"max-snippet:-1","max-image-preview":"max-image-preview:large","max-video-preview":"max-video-preview:-1"},"canonical":"https:\/\/rioonwatch.org.br\/?p=23636","og_locale":"pt_BR","og_type":"article","og_title":"Assine a Peti\u00e7\u00e3o Pela Perman\u00eancia da Hist\u00f3rica Comunidade do Horto [A\u00c7\u00c3O] - RioOnWatch","og_description":"Click Here for English A Comunidade do Horto na Zona Sul do Rio de Janeiro existe h\u00e1 mais de 200 anos. A comunidade foi fundada por trabalhadores do Jardim Bot\u00e2nicos que receberam autoriza\u00e7\u00e3o para construir [...]","og_url":"https:\/\/rioonwatch.org.br\/?p=23636","og_site_name":"RioOnWatch","article_published_time":"2016-11-22T11:57:34+00:00","article_modified_time":"2016-11-22T12:02:44+00:00","og_image":[{"width":1600,"height":1200,"url":"https:\/\/rioonwatch.org.br\/wp-content\/uploads\/2016\/11\/IMG_0442.jpg","type":"image\/jpeg"}],"author":"Admin","twitter_card":"summary_large_image","twitter_misc":{"Escrito por":"Admin","Est. tempo de leitura":"7 minutos"},"schema":{"@context":"https:\/\/schema.org","@graph":[{"@type":"Article","@id":"https:\/\/rioonwatch.org.br\/?p=23636#article","isPartOf":{"@id":"https:\/\/rioonwatch.org.br\/?p=23636"},"author":{"name":"Admin","@id":"https:\/\/rioonwatch.org.br\/#\/schema\/person\/11d64c290506f9df50c71b850c473f68"},"headline":"Assine a Peti\u00e7\u00e3o Pela Perman\u00eancia da Hist\u00f3rica Comunidade do Horto [A\u00c7\u00c3O]","datePublished":"2016-11-22T11:57:34+00:00","dateModified":"2016-11-22T12:02:44+00:00","mainEntityOfPage":{"@id":"https:\/\/rioonwatch.org.br\/?p=23636"},"wordCount":1475,"publisher":{"@id":"https:\/\/rioonwatch.org.br\/#organization"},"image":{"@id":"https:\/\/rioonwatch.org.br\/?p=23636#primaryimage"},"thumbnailUrl":"https:\/\/rioonwatch.org.br\/wp-content\/uploads\/2016\/11\/IMG_0442.jpg","keywords":["Direito \u00e0 Moradia","especula\u00e7\u00e3o imobili\u00e1ria","Globo","hist\u00f3ria","Horto","Jardim Bot\u00e2nico","mobiliza\u00e7\u00e3o","moradia","organiza\u00e7\u00e3o comunit\u00e1ria","Pol\u00edcia Militar","Remo\u00e7\u00e3o","resist\u00eancia","t\u00e1ticas de organiza\u00e7\u00e3o","viola\u00e7\u00f5es","Zona Sul"],"articleSection":["#OlhoNaGentrifica\u00e7\u00e3o","#OlhoNasRemo\u00e7\u00f5es","*Destaque","Den\u00fancias","Escrito por Aliados","Formas de Apoiar","Sociedade Civil"],"inLanguage":"pt-BR"},{"@type":"WebPage","@id":"https:\/\/rioonwatch.org.br\/?p=23636","url":"https:\/\/rioonwatch.org.br\/?p=23636","name":"Assine a Peti\u00e7\u00e3o Pela Perman\u00eancia da Hist\u00f3rica Comunidade do Horto [A\u00c7\u00c3O] - RioOnWatch","isPartOf":{"@id":"https:\/\/rioonwatch.org.br\/#website"},"primaryImageOfPage":{"@id":"https:\/\/rioonwatch.org.br\/?p=23636#primaryimage"},"image":{"@id":"https:\/\/rioonwatch.org.br\/?p=23636#primaryimage"},"thumbnailUrl":"https:\/\/rioonwatch.org.br\/wp-content\/uploads\/2016\/11\/IMG_0442.jpg","datePublished":"2016-11-22T11:57:34+00:00","dateModified":"2016-11-22T12:02:44+00:00","breadcrumb":{"@id":"https:\/\/rioonwatch.org.br\/?p=23636#breadcrumb"},"inLanguage":"pt-BR","potentialAction":[{"@type":"ReadAction","target":["https:\/\/rioonwatch.org.br\/?p=23636"]}]},{"@type":"ImageObject","inLanguage":"pt-BR","@id":"https:\/\/rioonwatch.org.br\/?p=23636#primaryimage","url":"https:\/\/rioonwatch.org.br\/wp-content\/uploads\/2016\/11\/IMG_0442.jpg","contentUrl":"https:\/\/rioonwatch.org.br\/wp-content\/uploads\/2016\/11\/IMG_0442.jpg","width":1600,"height":1200},{"@type":"BreadcrumbList","@id":"https:\/\/rioonwatch.org.br\/?p=23636#breadcrumb","itemListElement":[{"@type":"ListItem","position":1,"name":"In\u00edcio","item":"https:\/\/rioonwatch.org.br\/"},{"@type":"ListItem","position":2,"name":"Assine a Peti\u00e7\u00e3o Pela Perman\u00eancia da Hist\u00f3rica Comunidade do Horto [A\u00c7\u00c3O]"}]},{"@type":"WebSite","@id":"https:\/\/rioonwatch.org.br\/#website","url":"https:\/\/rioonwatch.org.br\/","name":"RioOnWatch","description":"relatos das favelas cariocas","publisher":{"@id":"https:\/\/rioonwatch.org.br\/#organization"},"potentialAction":[{"@type":"SearchAction","target":{"@type":"EntryPoint","urlTemplate":"https:\/\/rioonwatch.org.br\/?s={search_term_string}"},"query-input":{"@type":"PropertyValueSpecification","valueRequired":true,"valueName":"search_term_string"}}],"inLanguage":"pt-BR"},{"@type":"Organization","@id":"https:\/\/rioonwatch.org.br\/#organization","name":"RioOnWatch","url":"https:\/\/rioonwatch.org.br\/","logo":{"@type":"ImageObject","inLanguage":"pt-BR","@id":"https:\/\/rioonwatch.org.br\/#\/schema\/logo\/image\/","url":"https:\/\/rioonwatch.org.br\/wp-content\/uploads\/2021\/06\/RioOnWatchcabecalhoPT11anos-2.png","contentUrl":"https:\/\/rioonwatch.org.br\/wp-content\/uploads\/2021\/06\/RioOnWatchcabecalhoPT11anos-2.png","width":779,"height":277,"caption":"RioOnWatch"},"image":{"@id":"https:\/\/rioonwatch.org.br\/#\/schema\/logo\/image\/"}},{"@type":"Person","@id":"https:\/\/rioonwatch.org.br\/#\/schema\/person\/11d64c290506f9df50c71b850c473f68","name":"Admin","image":{"@type":"ImageObject","inLanguage":"pt-BR","@id":"https:\/\/rioonwatch.org.br\/#\/schema\/person\/image\/","url":"https:\/\/secure.gravatar.com\/avatar\/56211ac74568383903349a1485e3c325?s=96&d=blank&r=g","contentUrl":"https:\/\/secure.gravatar.com\/avatar\/56211ac74568383903349a1485e3c325?s=96&d=blank&r=g","caption":"Admin"},"url":"https:\/\/rioonwatch.org.br\/?author=129"}]}},"_links":{"self":[{"href":"https:\/\/rioonwatch.org.br\/index.php?rest_route=\/wp\/v2\/posts\/23636"}],"collection":[{"href":"https:\/\/rioonwatch.org.br\/index.php?rest_route=\/wp\/v2\/posts"}],"about":[{"href":"https:\/\/rioonwatch.org.br\/index.php?rest_route=\/wp\/v2\/types\/post"}],"author":[{"embeddable":true,"href":"https:\/\/rioonwatch.org.br\/index.php?rest_route=\/wp\/v2\/users\/129"}],"replies":[{"embeddable":true,"href":"https:\/\/rioonwatch.org.br\/index.php?rest_route=%2Fwp%2Fv2%2Fcomments&post=23636"}],"version-history":[{"count":11,"href":"https:\/\/rioonwatch.org.br\/index.php?rest_route=\/wp\/v2\/posts\/23636\/revisions"}],"predecessor-version":[{"id":23657,"href":"https:\/\/rioonwatch.org.br\/index.php?rest_route=\/wp\/v2\/posts\/23636\/revisions\/23657"}],"wp:featuredmedia":[{"embeddable":true,"href":"https:\/\/rioonwatch.org.br\/index.php?rest_route=\/wp\/v2\/media\/23647"}],"wp:attachment":[{"href":"https:\/\/rioonwatch.org.br\/index.php?rest_route=%2Fwp%2Fv2%2Fmedia&parent=23636"}],"wp:term":[{"taxonomy":"category","embeddable":true,"href":"https:\/\/rioonwatch.org.br\/index.php?rest_route=%2Fwp%2Fv2%2Fcategories&post=23636"},{"taxonomy":"post_tag","embeddable":true,"href":"https:\/\/rioonwatch.org.br\/index.php?rest_route=%2Fwp%2Fv2%2Ftags&post=23636"},{"taxonomy":"writer","embeddable":true,"href":"https:\/\/rioonwatch.org.br\/index.php?rest_route=%2Fwp%2Fv2%2Fwriter&post=23636"},{"taxonomy":"translator","embeddable":true,"href":"https:\/\/rioonwatch.org.br\/index.php?rest_route=%2Fwp%2Fv2%2Ftranslator&post=23636"},{"taxonomy":"source","embeddable":true,"href":"https:\/\/rioonwatch.org.br\/index.php?rest_route=%2Fwp%2Fv2%2Fsource&post=23636"},{"taxonomy":"ilustrador","embeddable":true,"href":"https:\/\/rioonwatch.org.br\/index.php?rest_route=%2Fwp%2Fv2%2Filustrador&post=23636"},{"taxonomy":"fotografo","embeddable":true,"href":"https:\/\/rioonwatch.org.br\/index.php?rest_route=%2Fwp%2Fv2%2Ffotografo&post=23636"}],"curies":[{"name":"wp","href":"https:\/\/api.w.org\/{rel}","templated":true}]}}