{"id":23691,"date":"2016-11-29T09:06:33","date_gmt":"2016-11-29T12:06:33","guid":{"rendered":"http:\/\/rioonwatch.org.br\/?p=23691"},"modified":"2016-12-01T11:56:45","modified_gmt":"2016-12-01T14:56:45","slug":"mostra-de-arte-jardim-suspenso-retorna-a-babilonia-com-mais-engajamento-comunitario","status":"publish","type":"post","link":"https:\/\/rioonwatch.org.br\/?p=23691","title":{"rendered":"Mostra de Arte Jardim Suspenso Retorna \u00e0 Babil\u00f4nia com Resid\u00eancia Art\u00edstica"},"content":{"rendered":"<p style=\"text-align: right;\"><em><strong><a href=\"http:\/\/bit.ly\/2gJDFam\" target=\"_blank\">Click Here for English<img decoding=\"async\" width=\"20\" height=\"20\" class=\"alignright wp-image-15790\" src=\"http:\/\/rioonwatch.org.br\/wp-content\/uploads\/2012\/08\/EN-standard-e1439583104716.jpg\" alt=\"\" \/><\/a><\/strong><\/em><\/p>\n<p>No dia 19 de novembro, a <a href=\"http:\/\/bit.ly\/2gPp7m3\" target=\"_blank\">V Mostra de Artes Jardim Suspenso<\/a> agitou o <a href=\"http:\/\/bit.ly\/110zVNZ\" target=\"_blank\">Morro da Babil\u00f4nia<\/a>. O evento, que ocorre h\u00e1 tr\u00eas edi\u00e7\u00f5es em uma \u00e1rea do morro onde a favela encontra a mata, contou com obras de arte de jovens artistas emergentes e diversas atra\u00e7\u00f5es musicais, oriundas da pr\u00f3pria comunidade e de fora.<\/p>\n<p>Ao percorrer o caminho de terra batida entre os tr\u00eas palcos que compunham a mostra, o p\u00fablico descobria as quase trinta obras de arte dispostas no local. Em meio a casas\u00a0e \u00e1rvores, em um ambiente descontra\u00eddo, o p\u00fablico se deparava com fotografias penduradas em galhos, instala\u00e7\u00f5es sonoras com sons de grilos, poemas em degraus de escadas e an\u00fancios da fict\u00edcia \u201cImobili\u00e1ria Privil\u00e9gio&#8221;.<\/p>\n<p>Somaram-se \u00e0s obras dos jovens artistas obras de artistas convidados, como Ernesto Neto, Marcos Chaves, Franz Manata e Saulo Laudares.<\/p>\n<p>A noite, que contou com apresenta\u00e7\u00f5es musicais de Silvia Duffrayer, Tyaro Maia, Amal\u00e1, Maur\u00edcio Monteiro e sua roda de samba e com sets de DJs da Babil\u00f4nia respons\u00e1veis pela festa Mirante in Concert, chegou ao fim com um samba de balan\u00e7ar o esqueleto tocado pelo Samba de Roda Filhas de Anast\u00e1cio.<\/p>\n<p><a href=\"http:\/\/rioonwatch.org.br\/wp-content\/uploads\/2016\/11\/IMG_8886-1.jpg\"><img fetchpriority=\"high\" decoding=\"async\" class=\"aligncenter wp-image-23697 size-content\" title=\"Maur\u00edcio Monteiro e sua roda de samba\" src=\"http:\/\/rioonwatch.org.br\/wp-content\/uploads\/2016\/11\/IMG_8886-1-620x264.jpg\" width=\"620\" height=\"264\" srcset=\"https:\/\/rioonwatch.org.br\/wp-content\/uploads\/2016\/11\/IMG_8886-1-620x264.jpg 620w, https:\/\/rioonwatch.org.br\/wp-content\/uploads\/2016\/11\/IMG_8886-1-940x400.jpg 940w\" sizes=\"(max-width: 620px) 100vw, 620px\" \/><\/a><\/p>\n<h3><strong>Resid\u00eancia art\u00edstica<\/strong><\/h3>\n<p>Pela primeira vez desde que surgiu, o festival contou com o apoio do programa <a href=\"http:\/\/bit.ly\/1F8qO64\" target=\"_blank\">Favela Criativa<\/a>, o que permitiu a realiza\u00e7\u00e3o de uma resid\u00eancia art\u00edstica de um m\u00eas de dura\u00e7\u00e3o. Os nove artistas selecionados propuseram trabalhos que abordavam quest\u00f5es sociopol\u00edticas do local, dialogando com o espa\u00e7o geogr\u00e1fico e com os moradores da favela.<\/p>\n<p>A resid\u00eancia permitiu aos moradores conhecer os artistas e suas obras mais de perto. Um dos destaques dessa intera\u00e7\u00e3o foi a obra de Thiago Antonio, que envolvia a planta\u00e7\u00e3o de girass\u00f3is pelo espa\u00e7o da mostra, gerando muito interesse por parte dos moradores e muitos pedidos de girass\u00f3is ao artista. Outra obra que teve como destaque a rela\u00e7\u00e3o com o local foi a performance da M\u00f4nica Ventura, que juntou um grupo de mulheres negras em uma apresenta\u00e7\u00e3o inspirada na <a href=\"http:\/\/bit.ly\/2gQpAs1\" target=\"_blank\">Irmandade da Boa Morte<\/a>. A performance envolvia a utiliza\u00e7\u00e3o de um dos \u00faltimos po\u00e7os naturais remanescentes do Morro da Babil\u00f4nia, um local de valor hist\u00f3rico e simb\u00f3lico para a comunidade.<\/p>\n<p><a href=\"http:\/\/rioonwatch.org.br\/wp-content\/uploads\/2016\/11\/20161119_223414.jpg\"><img decoding=\"async\" class=\"aligncenter size-content wp-image-23696\" src=\"http:\/\/rioonwatch.org.br\/wp-content\/uploads\/2016\/11\/20161119_223414-620x264.jpg\" alt=\"20161119_223414\" width=\"620\" height=\"264\" srcset=\"https:\/\/rioonwatch.org.br\/wp-content\/uploads\/2016\/11\/20161119_223414-620x264.jpg 620w, https:\/\/rioonwatch.org.br\/wp-content\/uploads\/2016\/11\/20161119_223414-940x400.jpg 940w\" sizes=\"(max-width: 620px) 100vw, 620px\" \/><\/a><\/p>\n<p>&#8220;Desde que a resid\u00eancia come\u00e7ou, os moradores ouviram dizer que ela estava acontecendo e a integra\u00e7\u00e3o foi mais natural. A mostra foi feita de forma consequente, n\u00e3o foi um festival deposit\u00e1rio, que coloniza e gentrifica&#8221;, declarou Dandara Catete, idealizadora e diretora criativa da mostra.<\/p>\n<p>Os organizadores buscaram diversidade entre o grupo de artistas residentes, trazendo artistas de outras favelas e de periferias, tais como o Morro do Dend\u00ea e <a href=\"http:\/\/bit.ly\/1K6OhGm\" target=\"_blank\">Mesquita<\/a>, assim como artistas de outros pa\u00edses, como Argentina e Alemanha. Al\u00e9m de contribu\u00edrem para a montagem e a cria\u00e7\u00e3o do cat\u00e1logo da mostra, os residentes participaram de um processo coletivo de tr\u00eas dias de dura\u00e7\u00e3o para escolha dos artistas n\u00e3o-residentes. Outros destaques da resid\u00eancia foram a visita ao atelier do artista Cildo Meirelles, a visita ao circuito de heran\u00e7a africana na <a href=\"http:\/\/bit.ly\/1cVBDvL\" target=\"_blank\">Zona Portu\u00e1ria<\/a>, guiada pelo <a href=\"http:\/\/bit.ly\/1DhHrsS\" target=\"_blank\">Instituto Pretos Novos<\/a>, e as visitas do curador Fernando Cocchiarale, do te\u00f3rico Jorge Vasconcellos e do artista Ricardo Basbaum.<\/p>\n<h3><strong>Tema central: Descoloniza\u00e7\u00e3o<\/strong><\/h3>\n<p>O tema central da mostra foi o conceito de descoloniza\u00e7\u00e3o, debatido no in\u00edcio do evento em um painel composto por Andiara Dee Dee, artista e ativista do movimento feminista negro, Rodrigo Mondego, advogado de direitos humanos e \u00c1lvaro Maciel, membro de uma das fam\u00edlias fundadoras do Morro da Babil\u00f4nia e pai de \u00c1lvaro J\u00fanior, produtor cultural do Jardim Suspenso desde que o evento surgiu em 2011.<\/p>\n<p><a href=\"http:\/\/rioonwatch.org.br\/wp-content\/uploads\/2016\/11\/IMG_8793-1.jpg\"><img loading=\"lazy\" decoding=\"async\" class=\"aligncenter wp-image-23701 size-medium\" title=\"A mesa de debate sobre descoloniza\u00e7\u00e3o foi composta por: Andiara Dee Dee, Rodrigo Mondegos, \u00c1lvaro J\u00fanior e \u00c1lvaro Maciel.\" src=\"http:\/\/rioonwatch.org.br\/wp-content\/uploads\/2016\/11\/IMG_8793-1-620x395.jpg\" alt=\"img_8793-1\" width=\"620\" height=\"395\" srcset=\"https:\/\/rioonwatch.org.br\/wp-content\/uploads\/2016\/11\/IMG_8793-1-620x395.jpg 620w, https:\/\/rioonwatch.org.br\/wp-content\/uploads\/2016\/11\/IMG_8793-1-414x264.jpg 414w, https:\/\/rioonwatch.org.br\/wp-content\/uploads\/2016\/11\/IMG_8793-1-768x490.jpg 768w, https:\/\/rioonwatch.org.br\/wp-content\/uploads\/2016\/11\/IMG_8793-1-1024x653.jpg 1024w\" sizes=\"(max-width: 620px) 100vw, 620px\" \/><\/a><\/p>\n<p>Ao longo de cinco anos de trajet\u00f3ria, o festival&#8211;que surgiu com a proposta de ocupar jardins com arte contempor\u00e2nea&#8211;foi ganhando uma dimens\u00e3o mais p\u00fablica e pol\u00edtica, focando no espa\u00e7o da arte contempor\u00e2nea dentro de favelas. Neste contexto atual de crise pol\u00edtica e financeira, os organizadores da mostra quiseram focar nas alternativas de co-depend\u00eancia e auto-legitima\u00e7\u00e3o que vem surgindo em contraponto a um padr\u00e3o colonizador e de domina\u00e7\u00e3o.<\/p>\n<p>&#8220;Ainda \u00e9 um pensamento colonizador, de uma certa maneira, voc\u00ea se recusar a entrar na favela e se recusar a fazer arte contempor\u00e2nea na favela\u201d, ponderou Dandara Catete. &#8220;Ent\u00e3o como criar uma sociedade mais autossustent\u00e1vel, em que o pensamento \u00e9 descolonizado, o corpo \u00e9 descolonizado, a mulher \u00e9 descolonizada? O que \u00e9 descolonizado? Instigamos os artistas a pensarem se seus trabalhos eram colonizadores ou descolonizadores&#8221;.<\/p>\n<h3><strong>Fechamento<\/strong><\/h3>\n<p>No dia 27, ocorreu o evento de encerramento da resid\u00eancia art\u00edstica e das atividades da mostra, na Casa Fran\u00e7a-Brasil, das 17h \u00e0s 22h. O evento foi aberto ao p\u00fablico.<\/p>\n<h3><strong>Equipe V Mostra de Artes Jardim Suspenso<\/strong><\/h3>\n<p>Diretora Criativa: Dandara Catete<br \/>\nProdutor Chefe: \u00c1lvaro J\u00fanior<br \/>\nCoordenadora Geral: Rachel\u00a0Azoubel<br \/>\nArquiteta e Exp\u00f3grafa: Laura Beringuer<br \/>\nEditor de Arte: Jeferson Andrade<\/p>\n<!-- AddThis Advanced Settings generic via filter on the_content --><!-- AddThis Share Buttons generic via filter on the_content -->","protected":false},"excerpt":{"rendered":"<div class=\"mh-excerpt\"><p>Click Here for English No dia 19 de novembro, a V Mostra de Artes Jardim Suspenso agitou o Morro da Babil\u00f4nia. O evento, que ocorre h\u00e1 tr\u00eas edi\u00e7\u00f5es em uma \u00e1rea do morro onde a <a class=\"mh-excerpt-more\" href=\"https:\/\/rioonwatch.org.br\/?p=23691\" title=\"Mostra de Arte Jardim Suspenso Retorna \u00e0 Babil\u00f4nia com Resid\u00eancia Art\u00edstica\">[&#8230;]<\/a><!-- AddThis Advanced Settings generic via filter on get_the_excerpt --><!-- AddThis Share Buttons generic via filter on get_the_excerpt --><\/p>\n<\/div>","protected":false},"author":129,"featured_media":23694,"comment_status":"closed","ping_status":"closed","sticky":false,"template":"","format":"standard","meta":{"_acf_changed":false,"_monsterinsights_skip_tracking":false,"_monsterinsights_sitenote_active":false,"_monsterinsights_sitenote_note":"","_monsterinsights_sitenote_category":0,"footnotes":""},"categories":[1627,1615],"tags":[334,1808,1440,2036,708,1194,383],"writer":[2035],"translator":[],"source":[],"ilustrador":[],"fotografo":[],"class_list":{"0":"post-23691","1":"post","2":"type-post","3":"status-publish","4":"format-standard","5":"has-post-thumbnail","7":"category-relato-de-evento","8":"category-cultura-da-favela","9":"tag-arte","10":"tag-criatividade","11":"tag-favela-criativa","12":"tag-jardim","13":"tag-morro-da-babilonia","14":"tag-pretos-novos","15":"tag-zona-sul","16":"writer-clara-ferraz"},"acf":[],"yoast_head":"<!-- This site is optimized with the Yoast SEO plugin v25.6 - https:\/\/yoast.com\/wordpress\/plugins\/seo\/ -->\n<title>Mostra de Arte Jardim Suspenso Retorna \u00e0 Babil\u00f4nia com Resid\u00eancia Art\u00edstica - RioOnWatch<\/title>\n<meta name=\"robots\" content=\"index, follow, max-snippet:-1, max-image-preview:large, max-video-preview:-1\" \/>\n<link rel=\"canonical\" href=\"https:\/\/rioonwatch.org.br\/?p=23691\" \/>\n<meta property=\"og:locale\" content=\"pt_BR\" \/>\n<meta property=\"og:type\" content=\"article\" \/>\n<meta property=\"og:title\" content=\"Mostra de Arte Jardim Suspenso Retorna \u00e0 Babil\u00f4nia com Resid\u00eancia Art\u00edstica - RioOnWatch\" \/>\n<meta property=\"og:description\" content=\"Click Here for English No dia 19 de novembro, a V Mostra de Artes Jardim Suspenso agitou o Morro da Babil\u00f4nia. O evento, que ocorre h\u00e1 tr\u00eas edi\u00e7\u00f5es em uma \u00e1rea do morro onde a [...]\" \/>\n<meta property=\"og:url\" content=\"https:\/\/rioonwatch.org.br\/?p=23691\" \/>\n<meta property=\"og:site_name\" content=\"RioOnWatch\" \/>\n<meta property=\"article:published_time\" content=\"2016-11-29T12:06:33+00:00\" \/>\n<meta property=\"article:modified_time\" content=\"2016-12-01T14:56:45+00:00\" \/>\n<meta property=\"og:image\" content=\"https:\/\/rioonwatch.org.br\/wp-content\/uploads\/2016\/11\/IMG_8938-scaled.jpg\" \/>\n\t<meta property=\"og:image:width\" content=\"2560\" \/>\n\t<meta property=\"og:image:height\" content=\"1683\" \/>\n\t<meta property=\"og:image:type\" content=\"image\/jpeg\" \/>\n<meta name=\"author\" content=\"Admin\" \/>\n<meta name=\"twitter:card\" content=\"summary_large_image\" \/>\n<meta name=\"twitter:label1\" content=\"Escrito por\" \/>\n\t<meta name=\"twitter:data1\" content=\"Admin\" \/>\n\t<meta name=\"twitter:label2\" content=\"Est. tempo de leitura\" \/>\n\t<meta name=\"twitter:data2\" content=\"4 minutos\" \/>\n<script type=\"application\/ld+json\" class=\"yoast-schema-graph\">{\"@context\":\"https:\/\/schema.org\",\"@graph\":[{\"@type\":\"Article\",\"@id\":\"https:\/\/rioonwatch.org.br\/?p=23691#article\",\"isPartOf\":{\"@id\":\"https:\/\/rioonwatch.org.br\/?p=23691\"},\"author\":{\"name\":\"Admin\",\"@id\":\"https:\/\/rioonwatch.org.br\/#\/schema\/person\/11d64c290506f9df50c71b850c473f68\"},\"headline\":\"Mostra de Arte Jardim Suspenso Retorna \u00e0 Babil\u00f4nia com Resid\u00eancia Art\u00edstica\",\"datePublished\":\"2016-11-29T12:06:33+00:00\",\"dateModified\":\"2016-12-01T14:56:45+00:00\",\"mainEntityOfPage\":{\"@id\":\"https:\/\/rioonwatch.org.br\/?p=23691\"},\"wordCount\":864,\"publisher\":{\"@id\":\"https:\/\/rioonwatch.org.br\/#organization\"},\"image\":{\"@id\":\"https:\/\/rioonwatch.org.br\/?p=23691#primaryimage\"},\"thumbnailUrl\":\"https:\/\/rioonwatch.org.br\/wp-content\/uploads\/2016\/11\/IMG_8938-scaled.jpg\",\"keywords\":[\"arte\",\"criatividade\",\"Favela Criativa\",\"jardim\",\"Morro da Babil\u00f4nia\",\"Pretos Novos\",\"Zona Sul\"],\"articleSection\":[\"Cobertura de Eventos\",\"Cultura da Favela\"],\"inLanguage\":\"pt-BR\"},{\"@type\":\"WebPage\",\"@id\":\"https:\/\/rioonwatch.org.br\/?p=23691\",\"url\":\"https:\/\/rioonwatch.org.br\/?p=23691\",\"name\":\"Mostra de Arte Jardim Suspenso Retorna \u00e0 Babil\u00f4nia com Resid\u00eancia Art\u00edstica - RioOnWatch\",\"isPartOf\":{\"@id\":\"https:\/\/rioonwatch.org.br\/#website\"},\"primaryImageOfPage\":{\"@id\":\"https:\/\/rioonwatch.org.br\/?p=23691#primaryimage\"},\"image\":{\"@id\":\"https:\/\/rioonwatch.org.br\/?p=23691#primaryimage\"},\"thumbnailUrl\":\"https:\/\/rioonwatch.org.br\/wp-content\/uploads\/2016\/11\/IMG_8938-scaled.jpg\",\"datePublished\":\"2016-11-29T12:06:33+00:00\",\"dateModified\":\"2016-12-01T14:56:45+00:00\",\"breadcrumb\":{\"@id\":\"https:\/\/rioonwatch.org.br\/?p=23691#breadcrumb\"},\"inLanguage\":\"pt-BR\",\"potentialAction\":[{\"@type\":\"ReadAction\",\"target\":[\"https:\/\/rioonwatch.org.br\/?p=23691\"]}]},{\"@type\":\"ImageObject\",\"inLanguage\":\"pt-BR\",\"@id\":\"https:\/\/rioonwatch.org.br\/?p=23691#primaryimage\",\"url\":\"https:\/\/rioonwatch.org.br\/wp-content\/uploads\/2016\/11\/IMG_8938-scaled.jpg\",\"contentUrl\":\"https:\/\/rioonwatch.org.br\/wp-content\/uploads\/2016\/11\/IMG_8938-scaled.jpg\",\"width\":2560,\"height\":1683},{\"@type\":\"BreadcrumbList\",\"@id\":\"https:\/\/rioonwatch.org.br\/?p=23691#breadcrumb\",\"itemListElement\":[{\"@type\":\"ListItem\",\"position\":1,\"name\":\"In\u00edcio\",\"item\":\"https:\/\/rioonwatch.org.br\/\"},{\"@type\":\"ListItem\",\"position\":2,\"name\":\"Mostra de Arte Jardim Suspenso Retorna \u00e0 Babil\u00f4nia com Resid\u00eancia Art\u00edstica\"}]},{\"@type\":\"WebSite\",\"@id\":\"https:\/\/rioonwatch.org.br\/#website\",\"url\":\"https:\/\/rioonwatch.org.br\/\",\"name\":\"RioOnWatch\",\"description\":\"relatos das favelas cariocas\",\"publisher\":{\"@id\":\"https:\/\/rioonwatch.org.br\/#organization\"},\"potentialAction\":[{\"@type\":\"SearchAction\",\"target\":{\"@type\":\"EntryPoint\",\"urlTemplate\":\"https:\/\/rioonwatch.org.br\/?s={search_term_string}\"},\"query-input\":{\"@type\":\"PropertyValueSpecification\",\"valueRequired\":true,\"valueName\":\"search_term_string\"}}],\"inLanguage\":\"pt-BR\"},{\"@type\":\"Organization\",\"@id\":\"https:\/\/rioonwatch.org.br\/#organization\",\"name\":\"RioOnWatch\",\"url\":\"https:\/\/rioonwatch.org.br\/\",\"logo\":{\"@type\":\"ImageObject\",\"inLanguage\":\"pt-BR\",\"@id\":\"https:\/\/rioonwatch.org.br\/#\/schema\/logo\/image\/\",\"url\":\"https:\/\/rioonwatch.org.br\/wp-content\/uploads\/2021\/06\/RioOnWatchcabecalhoPT11anos-2.png\",\"contentUrl\":\"https:\/\/rioonwatch.org.br\/wp-content\/uploads\/2021\/06\/RioOnWatchcabecalhoPT11anos-2.png\",\"width\":779,\"height\":277,\"caption\":\"RioOnWatch\"},\"image\":{\"@id\":\"https:\/\/rioonwatch.org.br\/#\/schema\/logo\/image\/\"}},{\"@type\":\"Person\",\"@id\":\"https:\/\/rioonwatch.org.br\/#\/schema\/person\/11d64c290506f9df50c71b850c473f68\",\"name\":\"Admin\",\"image\":{\"@type\":\"ImageObject\",\"inLanguage\":\"pt-BR\",\"@id\":\"https:\/\/rioonwatch.org.br\/#\/schema\/person\/image\/\",\"url\":\"https:\/\/secure.gravatar.com\/avatar\/56211ac74568383903349a1485e3c325?s=96&d=blank&r=g\",\"contentUrl\":\"https:\/\/secure.gravatar.com\/avatar\/56211ac74568383903349a1485e3c325?s=96&d=blank&r=g\",\"caption\":\"Admin\"},\"url\":\"https:\/\/rioonwatch.org.br\/?author=129\"}]}<\/script>\n<!-- \/ Yoast SEO plugin. -->","yoast_head_json":{"title":"Mostra de Arte Jardim Suspenso Retorna \u00e0 Babil\u00f4nia com Resid\u00eancia Art\u00edstica - RioOnWatch","robots":{"index":"index","follow":"follow","max-snippet":"max-snippet:-1","max-image-preview":"max-image-preview:large","max-video-preview":"max-video-preview:-1"},"canonical":"https:\/\/rioonwatch.org.br\/?p=23691","og_locale":"pt_BR","og_type":"article","og_title":"Mostra de Arte Jardim Suspenso Retorna \u00e0 Babil\u00f4nia com Resid\u00eancia Art\u00edstica - RioOnWatch","og_description":"Click Here for English No dia 19 de novembro, a V Mostra de Artes Jardim Suspenso agitou o Morro da Babil\u00f4nia. O evento, que ocorre h\u00e1 tr\u00eas edi\u00e7\u00f5es em uma \u00e1rea do morro onde a [...]","og_url":"https:\/\/rioonwatch.org.br\/?p=23691","og_site_name":"RioOnWatch","article_published_time":"2016-11-29T12:06:33+00:00","article_modified_time":"2016-12-01T14:56:45+00:00","og_image":[{"width":2560,"height":1683,"url":"https:\/\/rioonwatch.org.br\/wp-content\/uploads\/2016\/11\/IMG_8938-scaled.jpg","type":"image\/jpeg"}],"author":"Admin","twitter_card":"summary_large_image","twitter_misc":{"Escrito por":"Admin","Est. tempo de leitura":"4 minutos"},"schema":{"@context":"https:\/\/schema.org","@graph":[{"@type":"Article","@id":"https:\/\/rioonwatch.org.br\/?p=23691#article","isPartOf":{"@id":"https:\/\/rioonwatch.org.br\/?p=23691"},"author":{"name":"Admin","@id":"https:\/\/rioonwatch.org.br\/#\/schema\/person\/11d64c290506f9df50c71b850c473f68"},"headline":"Mostra de Arte Jardim Suspenso Retorna \u00e0 Babil\u00f4nia com Resid\u00eancia Art\u00edstica","datePublished":"2016-11-29T12:06:33+00:00","dateModified":"2016-12-01T14:56:45+00:00","mainEntityOfPage":{"@id":"https:\/\/rioonwatch.org.br\/?p=23691"},"wordCount":864,"publisher":{"@id":"https:\/\/rioonwatch.org.br\/#organization"},"image":{"@id":"https:\/\/rioonwatch.org.br\/?p=23691#primaryimage"},"thumbnailUrl":"https:\/\/rioonwatch.org.br\/wp-content\/uploads\/2016\/11\/IMG_8938-scaled.jpg","keywords":["arte","criatividade","Favela Criativa","jardim","Morro da Babil\u00f4nia","Pretos Novos","Zona Sul"],"articleSection":["Cobertura de Eventos","Cultura da Favela"],"inLanguage":"pt-BR"},{"@type":"WebPage","@id":"https:\/\/rioonwatch.org.br\/?p=23691","url":"https:\/\/rioonwatch.org.br\/?p=23691","name":"Mostra de Arte Jardim Suspenso Retorna \u00e0 Babil\u00f4nia com Resid\u00eancia Art\u00edstica - RioOnWatch","isPartOf":{"@id":"https:\/\/rioonwatch.org.br\/#website"},"primaryImageOfPage":{"@id":"https:\/\/rioonwatch.org.br\/?p=23691#primaryimage"},"image":{"@id":"https:\/\/rioonwatch.org.br\/?p=23691#primaryimage"},"thumbnailUrl":"https:\/\/rioonwatch.org.br\/wp-content\/uploads\/2016\/11\/IMG_8938-scaled.jpg","datePublished":"2016-11-29T12:06:33+00:00","dateModified":"2016-12-01T14:56:45+00:00","breadcrumb":{"@id":"https:\/\/rioonwatch.org.br\/?p=23691#breadcrumb"},"inLanguage":"pt-BR","potentialAction":[{"@type":"ReadAction","target":["https:\/\/rioonwatch.org.br\/?p=23691"]}]},{"@type":"ImageObject","inLanguage":"pt-BR","@id":"https:\/\/rioonwatch.org.br\/?p=23691#primaryimage","url":"https:\/\/rioonwatch.org.br\/wp-content\/uploads\/2016\/11\/IMG_8938-scaled.jpg","contentUrl":"https:\/\/rioonwatch.org.br\/wp-content\/uploads\/2016\/11\/IMG_8938-scaled.jpg","width":2560,"height":1683},{"@type":"BreadcrumbList","@id":"https:\/\/rioonwatch.org.br\/?p=23691#breadcrumb","itemListElement":[{"@type":"ListItem","position":1,"name":"In\u00edcio","item":"https:\/\/rioonwatch.org.br\/"},{"@type":"ListItem","position":2,"name":"Mostra de Arte Jardim Suspenso Retorna \u00e0 Babil\u00f4nia com Resid\u00eancia Art\u00edstica"}]},{"@type":"WebSite","@id":"https:\/\/rioonwatch.org.br\/#website","url":"https:\/\/rioonwatch.org.br\/","name":"RioOnWatch","description":"relatos das favelas cariocas","publisher":{"@id":"https:\/\/rioonwatch.org.br\/#organization"},"potentialAction":[{"@type":"SearchAction","target":{"@type":"EntryPoint","urlTemplate":"https:\/\/rioonwatch.org.br\/?s={search_term_string}"},"query-input":{"@type":"PropertyValueSpecification","valueRequired":true,"valueName":"search_term_string"}}],"inLanguage":"pt-BR"},{"@type":"Organization","@id":"https:\/\/rioonwatch.org.br\/#organization","name":"RioOnWatch","url":"https:\/\/rioonwatch.org.br\/","logo":{"@type":"ImageObject","inLanguage":"pt-BR","@id":"https:\/\/rioonwatch.org.br\/#\/schema\/logo\/image\/","url":"https:\/\/rioonwatch.org.br\/wp-content\/uploads\/2021\/06\/RioOnWatchcabecalhoPT11anos-2.png","contentUrl":"https:\/\/rioonwatch.org.br\/wp-content\/uploads\/2021\/06\/RioOnWatchcabecalhoPT11anos-2.png","width":779,"height":277,"caption":"RioOnWatch"},"image":{"@id":"https:\/\/rioonwatch.org.br\/#\/schema\/logo\/image\/"}},{"@type":"Person","@id":"https:\/\/rioonwatch.org.br\/#\/schema\/person\/11d64c290506f9df50c71b850c473f68","name":"Admin","image":{"@type":"ImageObject","inLanguage":"pt-BR","@id":"https:\/\/rioonwatch.org.br\/#\/schema\/person\/image\/","url":"https:\/\/secure.gravatar.com\/avatar\/56211ac74568383903349a1485e3c325?s=96&d=blank&r=g","contentUrl":"https:\/\/secure.gravatar.com\/avatar\/56211ac74568383903349a1485e3c325?s=96&d=blank&r=g","caption":"Admin"},"url":"https:\/\/rioonwatch.org.br\/?author=129"}]}},"_links":{"self":[{"href":"https:\/\/rioonwatch.org.br\/index.php?rest_route=\/wp\/v2\/posts\/23691"}],"collection":[{"href":"https:\/\/rioonwatch.org.br\/index.php?rest_route=\/wp\/v2\/posts"}],"about":[{"href":"https:\/\/rioonwatch.org.br\/index.php?rest_route=\/wp\/v2\/types\/post"}],"author":[{"embeddable":true,"href":"https:\/\/rioonwatch.org.br\/index.php?rest_route=\/wp\/v2\/users\/129"}],"replies":[{"embeddable":true,"href":"https:\/\/rioonwatch.org.br\/index.php?rest_route=%2Fwp%2Fv2%2Fcomments&post=23691"}],"version-history":[{"count":17,"href":"https:\/\/rioonwatch.org.br\/index.php?rest_route=\/wp\/v2\/posts\/23691\/revisions"}],"predecessor-version":[{"id":23757,"href":"https:\/\/rioonwatch.org.br\/index.php?rest_route=\/wp\/v2\/posts\/23691\/revisions\/23757"}],"wp:featuredmedia":[{"embeddable":true,"href":"https:\/\/rioonwatch.org.br\/index.php?rest_route=\/wp\/v2\/media\/23694"}],"wp:attachment":[{"href":"https:\/\/rioonwatch.org.br\/index.php?rest_route=%2Fwp%2Fv2%2Fmedia&parent=23691"}],"wp:term":[{"taxonomy":"category","embeddable":true,"href":"https:\/\/rioonwatch.org.br\/index.php?rest_route=%2Fwp%2Fv2%2Fcategories&post=23691"},{"taxonomy":"post_tag","embeddable":true,"href":"https:\/\/rioonwatch.org.br\/index.php?rest_route=%2Fwp%2Fv2%2Ftags&post=23691"},{"taxonomy":"writer","embeddable":true,"href":"https:\/\/rioonwatch.org.br\/index.php?rest_route=%2Fwp%2Fv2%2Fwriter&post=23691"},{"taxonomy":"translator","embeddable":true,"href":"https:\/\/rioonwatch.org.br\/index.php?rest_route=%2Fwp%2Fv2%2Ftranslator&post=23691"},{"taxonomy":"source","embeddable":true,"href":"https:\/\/rioonwatch.org.br\/index.php?rest_route=%2Fwp%2Fv2%2Fsource&post=23691"},{"taxonomy":"ilustrador","embeddable":true,"href":"https:\/\/rioonwatch.org.br\/index.php?rest_route=%2Fwp%2Fv2%2Filustrador&post=23691"},{"taxonomy":"fotografo","embeddable":true,"href":"https:\/\/rioonwatch.org.br\/index.php?rest_route=%2Fwp%2Fv2%2Ffotografo&post=23691"}],"curies":[{"name":"wp","href":"https:\/\/api.w.org\/{rel}","templated":true}]}}